{"id":26095,"date":"2020-03-30T09:06:59","date_gmt":"2020-03-30T08:06:59","guid":{"rendered":"https:\/\/speyer24news.com\/?p=26095"},"modified":"2020-03-30T09:07:00","modified_gmt":"2020-03-30T08:07:00","slug":"kirche-58","status":"publish","type":"post","link":"https:\/\/speyer24news.com\/?p=26095","title":{"rendered":"Kirche"},"content":{"rendered":"<style type=\"text\/css\">\r\n\t.ads_top_disp{}\r\n\t.ads_top_corner_disp{ float:left; margin:0px 10px 10px 0px; }\r\n\t.ads_first_p_disp{}\r\n\t.ads_bottom_disp{}\r\n\t<\/style>\n<h2 class=\"wp-block-heading\"><strong>Bischof tr\u00e4gt die Not der Menschen vor Maria<\/strong><\/h2>\n\n\n\n<h3 class=\"wp-block-heading\"><strong>\u201eErde ist zu einem Tal der Tr\u00e4nen geworden\u201c \u2013 Aufruf an alle Gl\u00e4ubigen, sich zu einer Gemeinschaft des Gebets und der Solidarit\u00e4t zu verbinden<\/strong><\/h3>\n\n\n\n<div class=\"wp-block-image\"><figure class=\"aligncenter\"><img decoding=\"async\" loading=\"lazy\" width=\"800\" height=\"596\" src=\"https:\/\/speyer24news.com\/wp-content\/uploads\/2020\/03\/SalveRegina.jpg\" alt=\"\" class=\"wp-image-26100\" srcset=\"https:\/\/speyer24news.com\/wp-content\/uploads\/2020\/03\/SalveRegina.jpg 800w, https:\/\/speyer24news.com\/wp-content\/uploads\/2020\/03\/SalveRegina-300x224.jpg 300w, https:\/\/speyer24news.com\/wp-content\/uploads\/2020\/03\/SalveRegina-768x572.jpg 768w, https:\/\/speyer24news.com\/wp-content\/uploads\/2020\/03\/SalveRegina-80x60.jpg 80w\" sizes=\"(max-width: 800px) 100vw, 800px\" \/><\/figure><\/div>\n\n\n\n<p><strong>Speyer &#8211; <\/strong>Bischof Dr. Karl-Heinz Wiesemann hat ein Gebet an Maria, die Patronin des Bistums und des Speyerer Doms, verfasst. Vor dem Gnadenbild der Gottesmutter in der Speyerer Kathedrale hat er der aktuellen Bedr\u00e4ngnis vieler Menschen im Gebet zu Maria Ausdruck verliehen. \u201eHeute bin ich in den leeren Dom gekommen, um dir, Maria, aufs Neue unser Bistum, die Menschen in unserem Land, ja, angesichts der globalen Dimension der Pandemie, die uns getroffen hat, die ganze Menschheitsfamilie in ihrer Not ans Herz zu legen. Denn wir alle sind Kinder des einen Vaters im Himmel, Br\u00fcder und Schwestern in gemeinsamer Solidarit\u00e4t und gegenseitiger Verantwortung\u201c, hei\u00dft es in dem Gebet.<\/p>\n\n\n\n<p>Die Erde sei zu einem \u201eTal der Tr\u00e4nen\u201c geworden. Der Bischof tr\u00e4gt die \u201eLeiden so vieler, die um liebe Menschen trauern, die um ihr Leben ringen, die nach Hilfe und Heilung schreien\u201c, vor Maria. \u201eSieh auf alle die, die sich \u00fcber die Ma\u00dfen einsetzen f\u00fcr das Leben anderer, f\u00fcr ihre W\u00fcrde, f\u00fcr ein wenig Menschlichkeit mitten in Verlassenheit, Angst und Not.\u201c Bischof Wiesemann ruft die Gl\u00e4ubigen auf, sich beim L\u00e4uten der Glocken an jedem Abend \u201ezu einer gro\u00dfen Gemeinschaft des Gebetes und der Solidarit\u00e4t \u00fcber alle konfessionellen Grenzen hinweg\u201c zu verbinden. \u201eDie Kerzen in unseren Fenstern entz\u00fcnden wir als ein Licht der Hoffnung.\u201c<\/p>\n\n\n\n<h4 class=\"wp-block-heading\"><strong>Video mit Gebet des Bischofs vor dem Gnadenbild im Dom:<\/strong><\/h4>\n\n\n\n<figure class=\"wp-block-embed-youtube wp-block-embed is-type-video is-provider-youtube wp-embed-aspect-16-9 wp-has-aspect-ratio\"><div class=\"wp-block-embed__wrapper\">\n<iframe loading=\"lazy\" title=\"Angelus- und Mariengebet mit Bischof Wiesemann\" width=\"500\" height=\"281\" src=\"https:\/\/www.youtube.com\/embed\/D0P09rf-_H0?feature=oembed\" frameborder=\"0\" allow=\"accelerometer; autoplay; encrypted-media; gyroscope; picture-in-picture\" allowfullscreen><\/iframe>\n<\/div><\/figure>\n\n\n\n<h4 class=\"wp-block-heading\"><strong>Gebet zur Patrona Spirensis in der Corona-Krise<\/strong><\/h4>\n\n\n\n<p>Heilige Jungfrau und Mutter Maria. Seit \u00e4ltesten Zeiten stehen dieser Dom und unser Bistum unter deiner besonderen F\u00fcrsprache, unter deinem Schutz und Schirm. Vor deinem Bild betete der heilige Bernhard von Clairvaux, o g\u00fctige, o milde, o s\u00fc\u00dfe Jungfrau Maria. Vor dir kniete der heilige Papst Johannes Paul II, als er 1987 unser Bistum besuchte und uns im Glauben ermutigte. Unz\u00e4hlige Pilger sind im Laufe dieser Jahrhunderte hier zu deinem Gnadenbild in Not und Leiden, in Hoffnung und Freuden gekommen. Hier hat der selige Paul Josef Nardini sich deinem m\u00fctterlichen Herzen anvertraut und die heilige Edith Stein in ihrer Speyrer Zeit Kraft gesch\u00f6pft und Trost erfahren. Dein Bild hier in unserem Dom ist mit der Geschichte der Menschen in unserer Region rechts und links des Rheins, ja mit der Geschichte unseres Bistums eng verbunden. Es wurde trotz aller Zerst\u00f6rungen immer wieder durch den Glauben der Menschen erneuert, und so rufen wir dich an als den Meeresstern, der uns in den St\u00fcrmen der Zeiten die Orientierung bewahrt, als die Morgenr\u00f6te, die uns nach dunkler Nacht den Aufgang aus der H\u00f6he, das Licht des Lebens zeigt: Jesus Christus, deinen Sohn und unseren Herrn und Heiland. <\/p>\n\n\n\n<p>Heute bin ich in den leeren Dom gekommen, um dir, Maria, aufs Neue unser Bistum, die Menschen in unserem Land, ja, angesichts der globalen Dimension der Pandemie, die uns getroffen hat, die ganze Menschheitsfamilie in ihrer Not ans Herz zu legen. Denn wir alle sind Kinder des einen Vaters im Himmel, Br\u00fcder und Schwestern in gemeinsamer Solidarit\u00e4t und gegenseitiger Verantwortung. Du, Maria, bist unsere Schwester im Glauben, denn dein Ja-Wort ermutigt uns, auch heute unser ganzes Vertrauen auf den lebendigen Gott zu setzen. Wir gr\u00fc\u00dfen dich mit dem \u201eSalve Regina\u201c und rufen dich an als \u201eunsere Hoffnung\u201c.<\/p>\n\n\n\n<p>Siehe, unsere wunderbare Erde, die wir aus der Hand des guten Sch\u00f6pfers empfangen haben, ist zum Tal der Tr\u00e4nen geworden. Du Tr\u00f6sterin der Betr\u00fcbten, sieh auf das Leiden so vieler, die um liebe Menschen trauern, die um ihr Leben ringen, die nach Hilfe und Heilung schreien. Sieh auf alle die, die sich \u00fcber die Ma\u00dfen einsetzen f\u00fcr das Leben anderer, f\u00fcr ihre W\u00fcrde, f\u00fcr ein wenig Menschlichkeit mitten in Verlassenheit, Angst und Not. Wie du mit den Aposteln im Gebet vereint warst, so wollen auch wir uns beim L\u00e4uten der Glocken an jedem Abend zu einer gro\u00dfen Gemeinschaft des Gebetes und der Solidarit\u00e4t \u00fcber alle konfessionellen Grenzen hinweg verbinden. Die Kerzen in unseren Fenstern entz\u00fcnden wir als ein Licht der Hoffnung. Bete mit uns, bitte f\u00fcr uns, du Mutter unseres Herrn.<\/p>\n\n\n\n<p>In diesem Augenblick, in dem uns so viel an unmittelbarem menschlichem Kontakt fehlt, ist das Wissen um deine m\u00fctterliche N\u00e4he so wichtig. Unter dem Kreuz hat Christus seinem Lieblingsj\u00fcnger Johannes dich zur Mutter gegeben \u2013 f\u00fcr uns das wichtige Zeichen vom Herrn selbst, dass deine m\u00fctterliche Liebe uns alle tr\u00f6sten und durch die Zeiten begleiten soll.<\/p>\n\n\n\n<p>Daher bitten wir dich als unsere Schwester im Glauben, in der Hoffnung und der Liebe:<\/p>\n\n\n\n<p><em>Unter deinen Schutz und Schirm fliehen wir, heilige Gottesmutter. Sei uns m\u00fctterlich nahe in dieser Not, damit wir ganz auf den vertrauen, der unser Heiland und Erl\u00f6ser ist, Jesus Christus, dein lieber Sohn, unser Herr und Gott. Sei nahe allen, die jetzt in gro\u00dfer Sorge sind und auf Gottes Hilfe bauen. Sei nahe allen, die sich mit gro\u00dfer Verantwortung aufopferungsvoll um die Menschen in unserem Land, insbesondere um die Kranken, k\u00fcmmern. Sei nahe unseren Priestern und Diakonen und allen Seelsorgerinnen und Seelsorgern zusammen mit den vielen Gl\u00e4ubigen, die uns durch Worte und Taten Gottes Gegenwart und Heil mitten in dieser Bedr\u00e4ngnis erfahren lassen. Deiner F\u00fcrsprache vertraue ich unser Bistum und alle Menschen an. Du bist den Kreuzweg deines Sohnes im Inneren mitgegangen. Nun tr\u00e4gst du die die Freude der Auferstehung in deinem Herzen. Hilf uns, dass dieses Licht der Hoffnung in uns niemals erlischt und \u00f6ffne unsere Augen und Herzen f\u00fcr den, auf den all unsere Hoffnung gr\u00fcndet, Jesus Christus, die gebenedeite Frucht deines Leibes. O g\u00fctige, o milde, o s\u00fc\u00dfe Jungfrau Maria! Amen.<\/em><\/p>\n\n\n\n<p><em>Bistum Speyer<\/em><br><em>30.03.2020<\/em><\/p>\n\n\n\n<h2 class=\"wp-block-heading\"><strong>Katholische Bildungs- und Tagungsh\u00e4user bieten Platz f\u00fcr Notunterk\u00fcnfte an<\/strong><\/h2>\n\n\n\n<h3 class=\"wp-block-heading\"><strong>Angebot der Bisch\u00f6flichen Maria-Ward-Schule an die Stadt Landau \u2013 Stiftung \u201eHeilsbach\u201c wird Schutzstation f\u00fcr Pflegebed\u00fcrftige \u2013 Maria Rosenberg mit Notbetreuung f\u00fcr Kinder und Jugendliche<\/strong><\/h3>\n\n\n\n<p><strong>Speyer &#8211; <\/strong>Die katholischen Bildungs- und Tagungsh\u00e4user bieten Platz f\u00fcr Notunterk\u00fcnfte an. \u201eWenn die Krankenh\u00e4user an ihre Kapazit\u00e4tsgrenzen sto\u00dfen, sind das Bistum und die Tr\u00e4ger der katholischen Bildungs- und Tagungsh\u00e4user gerne bereit, Platz f\u00fcr Notunterk\u00fcnfte bereitzustellen\u201c, erkl\u00e4rt Generalvikar Andreas Sturm. Das Christophorus-Haus in Bad D\u00fcrkheim, das Priesterseminar in Speyer, das Geistliche Zentrum Maria Rosenberg in Waldfischbach-Burgalben, das Heinrich-Pesch-Haus in Ludwigshafen, die Stiftung Heilsbach in Sch\u00f6nau sowie das Kloster Neustadt haben ihre Bereitschaft erkl\u00e4rt und stehen mit den zust\u00e4ndigen Beh\u00f6rden vor Ort in Kontakt. Auch die bisch\u00f6fliche Maria-Ward-Schule in Landau hat an die Stadt Landau das Angebot gerichtet, R\u00e4ume wie zum Beispiel die Schulturnhalle als Notquartier zur Verf\u00fcgung zu stellen.<\/p>\n\n\n\n<p>Das Tagungshaus \u201eDie Heilsbach\u201c in Sch\u00f6nau in der S\u00fcdwestpfalz wird bereits ab Montag vor\u00fcbergehend als Schutzstation f\u00fcr pflegebed\u00fcrftige Menschen genutzt. \u201eZiel ist es, Menschen zu versorgen, die wegen fehlender Pflegekr\u00e4fte oder Angeh\u00f6riger nicht mehr betreut werden k\u00f6nnen. Damit wollen wir auch die ambulanten Pflegedienste entlasten\u201c, erkl\u00e4rt Stiftungsvorsteher Professor Erich Schlick.<\/p>\n\n\n\n<p>In Abstimmung mit dem Landkreis S\u00fcdwestpfalz steht das Geistliche Zentrum Maria Rosenberg als Notbetreuung f\u00fcr Kinder bereit, falls deren Eltern durch eine Corona-Erkrankung ausfallen sollten. Zun\u00e4chst sollen 20 Kinder betreut werden, bis zu 60 Kinder und Jugendliche k\u00f6nnen aufgenommen werden.<\/p>\n\n\n\n<p><em>Bistum Speyer<\/em><br><em>30.03.2020<\/em><\/p>\n\n\n\n<h2 class=\"wp-block-heading\"><strong>Livestream-Gottesdienste erfahren hohen Zuspruch<\/strong><\/h2>\n\n\n\n<h3 class=\"wp-block-heading\"><strong>Gespr\u00e4che des Bistums mit Offenen Kan\u00e4len, um auch \u00e4ltere Menschen zu erreichen \u2013 T\u00e4glicher Podcast mit Tagesevangelium aus Winnweiler<\/strong><\/h3>\n\n\n\n<div class=\"wp-block-image\"><figure class=\"aligncenter\"><img decoding=\"async\" src=\"https:\/\/speyer24news.com\/wp-content\/uploads\/2020\/03\/Bistum-Speyer.png\" alt=\"\" class=\"wp-image-26099\"\/><\/figure><\/div>\n\n\n\n<p><strong>Speyer &#8211; <\/strong>Sie sind aus der Not geboren, werden jedoch von den Gl\u00e4ubigen gerne angenommen: Die Livestream-Gottesdienste, die das Bistum Speyer seit Beginn der Corona-Krise anbietet, erfahren einen starken Zuspruch. \u201eSo hat zum Beispiel der Dank-Gottesdienst zum 25-j\u00e4hrigen Jubil\u00e4um der Bischofsweihe von Weihbischof Otto Georgens am Mittwochabend rund 7.000 Personen vor die Computer-Bildschirm gelockt\u201c, berichtet Markus Herr, Leiter der \u00d6ffentlichkeitsarbeit des Bistums. \u201eDer Dom war w\u00e4hrend des Gottesdienstes au\u00dfer den an der Liturgie und Technik Mitwirkenden zwar menschenleer, doch vor den Bildschirmen hat sich eine Gemeinschaft von Gl\u00e4ubigen versammelt, f\u00fcr die die rund 800 Sitzpl\u00e4tze im Dom nicht ausgereicht h\u00e4tten.\u201c<\/p>\n\n\n\n<p>Die ersten Livestream-Gottesdienste wurden vom Geistlichen Zentrum Maria Rosenberg und aus den Pfarreien gesendet. Inzwischen halten zehn Pfarreien im Bistum Speyer auf diese Weise Kontakt mit den Gl\u00e4ubigen, mehrere davon bieten t\u00e4glich Livestream-Gottesdienste an. An Werktagen nutzen zwischen 70 und 300 Gl\u00e4ubige das Angebot zur Mitfeier der Gottesdienste. An Sonntagen liegt die Beteiligung zwei- bis viermal so hoch. \u201eInteressant ist zu beobachten, dass die Gottesdienste nach der Live\u00fcbertragung nicht einfach im Netz verschwinden, sondern nachtr\u00e4glich von einer drei- bis vierfachen Zahl von Gl\u00e4ubigen aufgerufen werden\u201c, so Markus Herr. Die digitalen Medien bieten aufgrund der automatischen Z\u00e4hlung von Aufrufen eine hohe Transparenz bez\u00fcglich Resonanz und Reichweite.&nbsp; \u201eZwar kann man nicht davon ausgehen, dass jeder Nutzer von Anfang bis Ende vor dem Bildschirm sitzt und den Gottesdienst mitfeiert. Auf der anderen Seite gibt es aber auch Paare und Familien, die gemeinsam den Gottesdienst verfolgen, die aber nur als ein Aufruf gez\u00e4hlt werden.\u201c Mit den Franziskanerinnen aus Kaiserslautern und dem Geistlichen Zentrum Maria Rosenberg in Waldfischbach-Burgalben beteiligen sich auch eine Ordensgemeinschaft und eine Einrichtung des Bistums an den Livestream-Gottesdiensten.<\/p>\n\n\n\n<p>Mittlerweile ist das Bistum Speyer in Gespr\u00e4chen mit den Offenen Kan\u00e4len in der Pfalz und im Saarpfalzkreis. \u201eWir wollen auch \u00e4lteren Menschen, die kein Internet haben, die M\u00f6glichkeit zur Teilnahme am Gottesdienst bieten. Bei den offenen Kan\u00e4len erleben wir dabei aktuell ein gro\u00dfes Entgegenkommen.\u201c Wenn die Menschen nicht zur Kirche kommen k\u00f6nnen, m\u00fcsse die Kirche eben zu den Menschen nach Hause kommen, per Livestream oder in Form der zahlreichen Gottesdienst\u00fcbertragungen im Fernsehen und im Radio, so Markus Herr.<\/p>\n\n\n\n<p>Pfarrer Carsten Leinh\u00e4user aus Winnweiler hat in der Corona-Krise indes einen Podcast mit dem Titel \u201eFrohe Botschaft: Auf die Ohren und ins Herz\u201c gestartet. Verschiedene Sprecherinnen und Sprecher lesen in dem t\u00e4glich erscheinenden Podcast das Tagesevangelium, manchmal auch in mehreren Sprachen. \u201eWir erreichen damit zwischen 500 und 600 H\u00f6rer pro Tag\u201c, freut sich Carsten Leinh\u00e4user \u00fcber die positive Resonanz.<\/p>\n\n\n\n<h4 class=\"wp-block-heading\"><strong>Livestream-Gottesdienste aus Pfarreien, Orden und Einrichtungen:<\/strong><\/h4>\n\n\n\n<p><a href=\"https:\/\/www.bistum-speyer.de\/news\/nachrichten\/?no_cache=1&amp;tx_ttnews%5Btt_news%5D=13325&amp;cHash=f4d9562f8ae6bdf0c502e63213485e5e\">https:\/\/www.bistum-speyer.de\/news\/nachrichten\/?no_cache=1&amp;tx_ttnews%5Btt_news%5D=13325&amp;cHash=f4d9562f8ae6bdf0c502e63213485e5e<\/a><\/p>\n\n\n\n<h4 class=\"wp-block-heading\"><strong>Livestream-Gottesdienste des Bistums:<\/strong><\/h4>\n\n\n\n<p><a href=\"https:\/\/www.bistum-speyer.de\/aktuelles\/gottesdienst-im-livestream\/\">https:\/\/www.bistum-speyer.de\/aktuelles\/gottesdienst-im-livestream\/<\/a><\/p>\n\n\n\n<h4 class=\"wp-block-heading\"><strong>Gottesdienste in Fernsehen und Radio:<\/strong><\/h4>\n\n\n\n<p><a href=\"https:\/\/www.bistum-speyer.de\/news\/nachrichten\/?no_cache=1&amp;tx_ttnews%5Btt_news%5D=13411&amp;cHash=b23cf2851390328f8711a79cf8c0c480\">https:\/\/www.bistum-speyer.de\/news\/nachrichten\/?no_cache=1&amp;tx_ttnews%5Btt_news%5D=13411&amp;cHash=b23cf2851390328f8711a79cf8c0c480<\/a><\/p>\n\n\n\n<h4 class=\"wp-block-heading\"><strong>Podcast \u201eFrohe Botschaft: Auf die Ohren und ins Herz\u201c:<\/strong><\/h4>\n\n\n\n<p><a href=\"https:\/\/www.podcast.de\/podcast\/781619\/\">https:\/\/www.podcast.de\/podcast\/781619\/<\/a><\/p>\n\n\n\n<p><em>Bistum Speyer<\/em><br><em>30.03.2020<\/em><\/p>\n\n\n\n<h2 class=\"wp-block-heading\">Nicht in einem Raum, aber in einem Geist<\/h2>\n\n\n\n<h3 class=\"wp-block-heading\">Angebote der Kirchengemeinden und Dienste \u2013 Von Streaminggottesdiensten bis zur Sonderausgabe des Gemeindebriefs<\/h3>\n\n\n\n<div class=\"wp-block-image\"><figure class=\"aligncenter\"><img decoding=\"async\" loading=\"lazy\" width=\"800\" height=\"600\" src=\"https:\/\/speyer24news.com\/wp-content\/uploads\/2020\/03\/IMG_20200221_153722.jpg\" alt=\"\" class=\"wp-image-25608\" srcset=\"https:\/\/speyer24news.com\/wp-content\/uploads\/2020\/03\/IMG_20200221_153722.jpg 800w, https:\/\/speyer24news.com\/wp-content\/uploads\/2020\/03\/IMG_20200221_153722-300x225.jpg 300w, https:\/\/speyer24news.com\/wp-content\/uploads\/2020\/03\/IMG_20200221_153722-768x576.jpg 768w, https:\/\/speyer24news.com\/wp-content\/uploads\/2020\/03\/IMG_20200221_153722-678x509.jpg 678w, https:\/\/speyer24news.com\/wp-content\/uploads\/2020\/03\/IMG_20200221_153722-326x245.jpg 326w, https:\/\/speyer24news.com\/wp-content\/uploads\/2020\/03\/IMG_20200221_153722-80x60.jpg 80w\" sizes=\"(max-width: 800px) 100vw, 800px\" \/><\/figure><\/div>\n\n\n\n<p><strong>Speyer (<em>lk<\/em>) &#8211; <\/strong>Gottesdienst und Andachten, Seelsorge und Diakonie, die Kirchengemeinden und Dienste der Evangelischen Kirche der Pfalz setzen ihr Engagement in Zeiten der Corona-Pandemie fort und erweitern ihre Angebote. \u201eWir haben in der Pfalz und Saarpfalz ein verl\u00e4ssliches Netz, das tr\u00e4gt\u201c, erkl\u00e4rt Kirchenpr\u00e4sident Christian Schad im Blick auf die \u00fcber 300 Gemeindepfarr\u00e4mter, die p\u00e4dagogischen Fachkr\u00e4fte, Berater in der Diakonie und die Pflegenden in den \u00d6kumenischen Sozialstationen, Altenheimen und Krankenh\u00e4usern.<\/p>\n\n\n\n<p>\u201eNicht in einem Raum \u2013 aber in einem Geist\u201c feiern Pfarrerin Mirjam Dembek und Pfarrer Arne Dembek mit der \u201eOnline-Gemeinde\u201c am Samstag, 28. M\u00e4rz, in der Kapelle des Protestantischen Butenschoen-Hauses in Landau eine Andacht zum Sonntag Judica (Gerechtigkeit). Der biblische Text des Sonntags zeige, \u201ewie eine zuk\u00fcnftige Welt aussehen k\u00f6nnte. Eine Welt des Mit-Leidens\u201c, sagen Mirjam und Arne Dembek. Die Andacht wird ab 18 Uhr auf der Internetseite (<a rel=\"noreferrer noopener\" href=\"https:\/\/deref-web-02.de\/mail\/client\/X2RgN0KH_4w\/dereferrer\/?redirectUrl=http%3A%2F%2Fwww.evkirchepfalz.de\" target=\"_blank\">www.evkirchepfalz.de<\/a>) und den Social-Media-Kan\u00e4len der Landeskirche zu sehen sein.<\/p>\n\n\n\n<p>Per Livestream sendet der Protestantische Kirchenbezirk Kaiserslautern am Sonntag, 29. M\u00e4rz, um 10.30 Uhr einen Gottesdienst aus der Friedenskirche in Kaiserslautern, den Pfarrerin Nicole Bizik gestaltet. Eine Stunde zuvor kann man \u00fcber die Website der Johanneskirchengemeinde Pirmasens den Sonntagsgottesdienst mit Pfarrerin Kerstin Strauch mitfeiern. Die Predigt als Audio-Datei stellt das Pfarrerehepaar Carola und R\u00fcdiger Hofmann auf der Homepage der Kirchengemeinde Landstuhl-Atzel bereit (<a rel=\"noreferrer noopener\" href=\"https:\/\/deref-web-02.de\/mail\/client\/FB1EhC03QPc\/dereferrer\/?redirectUrl=http%3A%2F%2Fwww.pauluskirche-atzel.de\" target=\"_blank\">www.pauluskirche-atzel.de<\/a>). Pfarrer Alexander Ebel aus Altrip bietet unter der Rufnummer 0 62 36 48 92 97 8 eine Telefonandacht an.<\/p>\n\n\n\n<p>\u201eNur Mut!\u201c. Unter diesem Titel kommt der evangelische ZDF-Gottesdienst am Sonntag aus der Ingelheimer Saalkirche, die Predigt h\u00e4lt der hessen-nassauische Kirchenpr\u00e4sident Volker Jung. Gebetsanliegen k\u00f6nnen vorweg, aber auch direkt in den Gottesdienst gemailt werden (<a href=\"Gebetsanliegen@ekhn.de\">Gebetsanliegen@ekhn.de<\/a>). Sie werden in die F\u00fcrbitten aufgenommen. Wie alle Gottesdienste muss auch der Fernsehgottesdienst ohne Gemeinde vor Ort stattfinden.<\/p>\n\n\n\n<p>Eine \u201eGebetskette\u201c hat der Missionarisch-\u00d6kumenische Dienst initiiert. Unter dem Titel \u201eGemeinsam\u201c wird dabei ein Gebet in mehreren Sprachen \u00fcber Online-Kan\u00e4le, aber gerne auch \u00fcber analoge Wege weitergegeben (<a rel=\"noreferrer noopener\" href=\"https:\/\/deref-web-02.de\/mail\/client\/u4XsFnrDVzI\/dereferrer\/?redirectUrl=http%3A%2F%2Fwww.moed-pfalz.de\" target=\"_blank\">www.moed-pfalz.de<\/a>). F\u00fcr einen ganz klassischen Weg, bei dem auch die Menschen nicht vergessen werden, die keine Online-Kan\u00e4le nutzen, haben sich in der Nordwestpfalz die Kirchengemeinden Lauterecken, Odenbach und Wolfstein entschieden. Sie haben eine gemeinsame Sonderausgabe der Gemeindebriefe gedruckt und in die Haushalte der zahlreichen zu den Kirchengemeinden geh\u00f6renden Orte verteilt. Der Gemeindebrief gibt geistliche Impulse f\u00fcr die Karwoche und das Osterfest.<\/p>\n\n\n\n<p>In den Radio-Programmen der Region gibt es auch am Sonntag zahlreiche geistliche Angebote. Wolf-Dieter Steinmann ist auf SWR 1 (7.57 Uhr) zu h\u00f6ren. Im Deutschlandfunk betrachtet um 8.35 Uhr Pfarrer Peter Oldenbruch Dietrich Bonhoeffers Gedicht \u201eVon guten M\u00e4chten\u201c. SR2 \u00fcbertr\u00e4gt aus dem Kloster Neuenwalde um 10.05 Uhr einen evangelischen Gottesdienst mit Pfarrer Joachim K\u00f6hler.<\/p>\n\n\n\n<p>Oliver B\u00f6\u00df ist zu h\u00f6ren um 6.40 Uhr auf RPR1 (Angedacht), Christian Hartung um 7.55 Uhr auf SWR 2 (Lied am Sonntag), gegen 8.53 Uhr auf SWR 4 (Sonntagsgedanken) und Annette Ba\u00dfler um 9.20 Uhr auf SWR1 (Begegnungen). Mit den Verk\u00fcndigungssendungen wollen Kirche und Sender einen Beitrag f\u00fcr Menschen leisten, die gerade in unsicheren Zeiten verst\u00e4rkt nach Hoffnung, Trost und Geborgenheit suchen.<\/p>\n\n\n\n<p>Die protestantischen Kirchengemeinden bieten in Zeiten der Corona-Pandemie zudem zahlreiche Angebote, die auf den Webseiten abrufbar sind. Selbstverst\u00e4ndlich sind die Pfarr\u00e4mter und diakonischen Einrichtungen auch \u00fcber ihre bekannten Telefonnummern erreichbar.<\/p>\n\n\n\n<p><em>Evangelische Landeskirche der Pfalz<\/em><br><em>30.03.2020<\/em><\/p>\n\n\n\n<h2 class=\"wp-block-heading\">Die \u201eAlte Welt\u201c wird Zukunftsregion<\/h2>\n\n\n\n<h3 class=\"wp-block-heading\">Landesjugendpfarramt erh\u00e4lt hohe F\u00f6rderung aus dem Bundesprogramm \u201eDemokratie leben\u201c f\u00fcr Ideenschmiede in der Nordpfalz<\/h3>\n\n\n\n<p><strong>Kaiserslautern (lk) &#8211; <\/strong>Mit insgesamt rund 930.000 Euro f\u00f6rdert das Bundesfamilienministerium das Modellprojekt \u201eL\u00e4ndlichen Raum gestalten &#8211; Die Dorfraumentwickler. Kinder- und Jugendarbeit vor Ort\u201c, das vom Protestantischen Landesjugendpfarramt der Pfalz initiiert wurde. Das hat der Referent f\u00fcr Grundsatzfragen des Jugendpfarramts, Ingo Schenk, in Kaiserslautern mitgeteilt. \u00dcber einen Projektzeitraum von f\u00fcnf Jahren sollen mit dem Geld aus dem Bundesprogramm \u201eDemokratie leben\u201c Personalkosten und Sachmittel in der Initiative \u201eAlte Welt im Aufbruch\u201c gef\u00f6rdert werden.<\/p>\n\n\n\n<p>Ziel der Initiative sei die Erarbeitung einer Regionalentwicklungsstrategie und der Aufbau eines neuen Images f\u00fcr die nordpf\u00e4lzische Region zwischen Alsenz, Glan und Lauter, erkl\u00e4rte Ingo Schenk. Zusammen mit den vier Landkreisen Bad Kreuznach, Donnersberg, Kaiserslautern und Kusel sowie dem Protestantischen Dekanat an Alsenz und Lauter wolle man gemeinsam mit den jungen Menschen die Chancen und Entwicklungspotenziale der Region entdecken und f\u00f6rdern, sowie zur Demokratief\u00f6rderung beitragen. Die Kirchengemeinden und insbesondere kirchliche Jugendarbeit spielten hierbei eine entscheidende Rolle.<\/p>\n\n\n\n<p>\u00dcber das Bundesprogramm werden nun nach Angaben des Landesjugendpfarramtes unter anderem zwei Stellen geschaffen, die zusammen mit der bereits von der Landeskirche eingerichteten Stelle einzelne Projekte innerhalb der Initiative initiieren und koordinieren. Dienstsitz der drei Mitarbeitenden wird das ehemalige Schwesternheim in Reipoltskirchen als \u201eIdeenschmiede Alte Welt &#8211; Entwicklungszentrum l\u00e4ndlicher Raum\u201c sein.<\/p>\n\n\n\n<p>F\u00fcr Oberkirchenr\u00e4tin Marianne Wagner und den Dekan des Kirchenbezirks an Alsenz und Lauter, Matthias Schwarz, ist der F\u00f6rderbescheid eine Anerkennung f\u00fcr die bisherigen Ideen und Initiativen, die Region attraktiv f\u00fcr Junge und Alte, Einheimische und Neub\u00fcrger, Gewerbetreibende und Landwirte sowie heimatverbundene Jugendliche und junge Familien zu machen. \u201eWir sind kein vergessener Landstrich, sondern eine Zukunftsregion\u201c, sagten die Kirchenvertreter.<\/p>\n\n\n\n<p>Zur erfolgreichen F\u00f6rderung durch das Bundesprogramm \u201eDemokratie Leben\u201c hat nach Auskunft von Ingo Schenk ein breites B\u00fcndnis von Unterst\u00fctzern beigetragen. Neben den Landr\u00e4ten und den kirchlichen Vertretern aus dem Kirchenbezirk und dem Landesjugendpfarramt, seien auch Bundes- und Landespolitiker aus der Region, die rheinland-pf\u00e4lzische Staatskanzlei und der F\u00f6rderlotse des Landes aktiv gewesen.<\/p>\n\n\n\n<p>Mit bereits bewilligten Mitteln in H\u00f6he von 43.000 Euro aus dem Europ\u00e4ischen Landwirtschaftsfonds f\u00fcr die Entwicklung des l\u00e4ndlichen Raums, kann das Landesjugendpfarramt einen Kleinbus, einen \u201eAlte-Welt-Spielwagen-Anh\u00e4nger\u201c und zwei Bauwagen als Begegnungsorte f\u00fcr die Arbeit in der Region anschaffen. Hier habe sich die Zusammenarbeit der Leader \u2011 Regionen Soonwald- Nahe und Donnersberger und Lauterer Land \u2011 bew\u00e4hrt, erkl\u00e4rt die gesch\u00e4ftsf\u00fchrende Referentin des Landesjugendpfarramtes, Heidrun Krau\u00df.<\/p>\n\n\n\n<h4 class=\"wp-block-heading\">Hintergrund<\/h4>\n\n\n\n<p>Die Landkreise Bad Kreuznach, Donnersberg, Kaiserslautern und Kusel sowie das Dekanat an Alsenz und Lauter (5-K-Initiative) und das Protestantische Landesjugendpfarramt der Pfalz haben sich im August 2018 zum \u201eB\u00fcndnis Alte Welt im Aufbruch\u201c zusammengeschlossen. Seit 2019 wird in verschiedenen Arbeitsgruppen an Ideen zur Revitalisierung der Region zwischen Alsenz, Lauter und Glan gearbeitet. Arbeitsbereiche mit Ver\u00e4nderungspotential sind unter anderem die Infrastruktur, der Tourismus, die Kinder- und Jugendarbeit und die soziale Entwicklung, die Themen Gesundheitsversorgung und Mobilit\u00e4t, aber auch die Bereiche Arbeit, Wirtschaft und Kultur.<\/p>\n\n\n\n<p><em>Evangelische Landeskirche der Pfalz<\/em><br><em>30.03.2020<\/em><\/p>\n\n\n\n<h2 class=\"wp-block-heading\"><strong>Bischof Wiesemann gratuliert Weihbischof Georgens zum 25. Bischofsjubil\u00e4um<\/strong><\/h2>\n\n\n\n<div class=\"wp-block-image\"><figure class=\"aligncenter\"><img decoding=\"async\" loading=\"lazy\" width=\"375\" height=\"500\" src=\"https:\/\/speyer24news.com\/wp-content\/uploads\/2020\/03\/Weihbischof-Otto-Georgens-2.jpg\" alt=\"\" class=\"wp-image-26098\" srcset=\"https:\/\/speyer24news.com\/wp-content\/uploads\/2020\/03\/Weihbischof-Otto-Georgens-2.jpg 375w, https:\/\/speyer24news.com\/wp-content\/uploads\/2020\/03\/Weihbischof-Otto-Georgens-2-225x300.jpg 225w\" sizes=\"(max-width: 375px) 100vw, 375px\" \/><\/figure><\/div>\n\n\n\n<p><strong>Speyer &#8211; <\/strong>In einem pers\u00f6nlichen Brief hat der Speyerer Bischof Dr. Karl-Heinz Wiesemann Weihbischof Otto Georgens zum 25-j\u00e4hrigen Bischofsjubil\u00e4um gratuliert und ihm \u201ef\u00fcr seinen vielf\u00e4ltigen, mit unerm\u00fcdlichem Einsatz geleisteten Dienst f\u00fcr unsere Di\u00f6zese\u201c gedankt.<\/p>\n\n\n\n<p>Bis heute sei Weihbischof Georgens, langj\u00e4hriger\nBischofsvikar f\u00fcr die Caritasarbeit und Vorsitzender des Caritasverbandes der\nDi\u00f6zese, die gelebte Caritas ein gro\u00dfes Anliegen. Das zeige sich auch bei\nseinem pers\u00f6nlichen Einsatz f\u00fcr Menschen mit Behinderungen. Als Bischofsvikar\nf\u00fcr die Weltkirche \u201ebereichert er immer wieder fruchtbar durch Impulse aus der\nWeltkirche die pastoralen Prozesse in unserer Di\u00f6zese\u201c, schreibt Bischof\nWiesemann. Als Bischofsvikar f\u00fcr die Orden k\u00fcmmere er sich zudem um die\nvielf\u00e4ltigen Ordensgemeinschaften in der Di\u00f6zese. In seinem Schreiben weist\nBischof Wiesemann au\u00dferdem darauf hin, dass Weihbischof Georgens nach dem Amtsverzicht\nvon Bischof Dr. Anton Schlembach in der Zeit der Bischofsvakanz die Aufgabe des\nDi\u00f6zesanadministrators \u00fcbernommen hatte. Georgens stehe als Dompropst dem\nDomkapitel vor und setze sich mit dem Domkapitel f\u00fcr die Belange des Domes ein.<\/p>\n\n\n\n<p>\u201eSeine lebensfrohe und bodenst\u00e4ndige Art als Sohn eines Pf\u00e4lzer Winzers macht\nihn weit \u00fcber unser Bistum hinaus beliebt\u201c, schreibt Bischof Wiesemann und\nbetont: \u201eIch bin froh und dankbar, Weihbischof Otto Georgens auch in den\nkommenden Jahren an meiner Seite als Weihbischof zu wissen und w\u00fcnsche ihm von\nHerzen Gottes Segen, Gesundheit und gerade auch in diesen herausfordernden\nZeiten die Freude am Herrn, die unsere St\u00e4rke ist (vgl. Neh 8,10).\u201c<\/p>\n\n\n\n<p><em>Bistum Speyer<\/em><br><em>30.03.2020<\/em><\/p>\n\n\n\n<h2 class=\"wp-block-heading\"><strong>Glocken rufen \u00f6kumenisch zum Gebet<\/strong><\/h2>\n\n\n\n<h3 class=\"wp-block-heading\"><strong>Kerze im Fenster zeigt Verbundenheit mit Betroffenen und Helfern in der Corona-Krise<\/strong><\/h3>\n\n\n\n<p><strong>Speyer &#8211; <\/strong>Normalerweise rufen die Glocken die Gl\u00e4ubigen zum Gottesdienst, in der Corona-Krise rufen sie ab Donnerstag und bis auf weiteres jetzt jeden Abend zum gemeinsamen Gebet. Wie an vielen Orten in Deutschland werden auch in der Pfalz und im Saarpfalzkreis ab Donnerstag jeden Abend um 19.30 Uhr die Kirchenglocken l\u00e4uten. Die Evangelische Kirche der Pfalz und das Bistum Speyer laden die Gl\u00e4ubigen dazu ein, einen Moment innezuhalten und sich im Gebet mit den Kranken und den Helfern der aktuellen Krise zu verbinden. Gl\u00e4ubige k\u00f6nnen beispielsweise ein \u201eVater unser\u201c beten oder das \u00f6kumenische Gebet sprechen, das Bischof Dr. Karl-Heinz Wiesemann und Kirchenpr\u00e4sident Dr. h.c. Christian Schad entworfen haben. M\u00f6glich ist auch, einfach einen Moment in Stille zu verharren und an die Menschen zu denken, die einem lieb sind, die krank sind oder die in dieser schwierigen Zeit in Krankenh\u00e4usern arbeiten. Alle sind eingeladen, in dieser Zeit eine Kerze ins Fenster zu stellen. \u201eMit dem Glockenl\u00e4uten und dem gemeinsamen Gebet wollen wir w\u00e4hrend des Kontaktverbots ein h\u00f6rbares Zeichen der christlichen Gemeinschaft, des gegenseitigen Trosts und der Ermutigung in der \u00d6ffentlichkeit setzen\u201c, so der Kirchenpr\u00e4sident und der Bischof. Sie kn\u00fcpfen damit an das \u00f6kumenische Gebet an, zu dem sie sich am Samstag in Landau zusammengefunden haben und das per Livestream im Internet \u00fcbertragen wurde.<\/p>\n\n\n\n<h4 class=\"wp-block-heading\" style=\"text-align:center\"><strong>\u00d6kumenisches Gebet in Zeiten der Krise<\/strong><\/h4>\n\n\n\n<p>Treuer und barmherziger Gott!<\/p>\n\n\n\n<p>Du gibst Zuversicht, wenn sich in uns Unsicherheit breitmacht.<\/p>\n\n\n\n<p>Du bist uns nahe, wenn wir auf Distanz zueinander gehen m\u00fcssen.<\/p>\n\n\n\n<p>Du h\u00e4ltst uns in deiner Hand, wenn wir den Halt zu verlieren drohen.<\/p>\n\n\n\n<p>Zu dir kommen wir mit unseren Sorgen und \u00c4ngsten, <\/p>\n\n\n\n<p>aber auch mit unserer Hoffnung auf deine Hilfe.<\/p>\n\n\n\n<p>Zu dir kommen wir im Wissen darum, dass wir nicht alleine zu dir beten,<\/p>\n\n\n\n<p>sondern getragen sind von der gro\u00dfen Gemeinschaft aller,<\/p>\n\n\n\n<p>die dir und deinem Wirken vertrauen.<\/p>\n\n\n\n<p>Wir bitten dich:<\/p>\n\n\n\n<p>f\u00fcr alle Menschen, die sich mit dem Corona-Virus angesteckt haben <\/p>\n\n\n\n<p>und erkrankt sind;<\/p>\n\n\n\n<p>f\u00fcr alle Angeh\u00f6rigen, die in tiefer Sorge sind und nach Halt suchen;<\/p>\n\n\n\n<p>f\u00fcr alle Verstorbenen und f\u00fcr die, die um sie trauern;<\/p>\n\n\n\n<p>f\u00fcr alle, die Angst um ihren Arbeitsplatz haben <\/p>\n\n\n\n<p>und um ihre Existenz f\u00fcrchten;<\/p>\n\n\n\n<p>f\u00fcr alle, die sich \u00fcberfordert f\u00fchlen.<\/p>\n\n\n\n<p>Sei ihnen allen nahe und schenke ihnen Heilung, Trost und Zuversicht,<\/p>\n\n\n\n<p>den Verstorbenen aber schenke das Leben in deiner F\u00fclle.<\/p>\n\n\n\n<p>Wir bitten dich:<\/p>\n\n\n\n<p>f\u00fcr alle \u00c4rztinnen und \u00c4rzte, f\u00fcr alle Pflegenden in den Kliniken, Seniorenheimen und Hospizen;<\/p>\n\n\n\n<p>f\u00fcr alle, die Verantwortung tragen in Staat, Gesellschaft und Wirtschaft;<\/p>\n\n\n\n<p>f\u00fcr alle, die uns Tag und Nacht mit dem versorgen, <\/p>\n\n\n\n<p>was wir zum Leben brauchen;<\/p>\n\n\n\n<p>f\u00fcr alle, die ehrenamtlich Familien sowie alten und gesundheitlich beeintr\u00e4chtigten Menschen helfen;<\/p>\n\n\n\n<p>f\u00fcr alle Seelsorgerinnen und Seelsorger, <\/p>\n\n\n\n<p>die den Menschen Gottes Frohe Botschaft zusagen.<\/p>\n\n\n\n<p>Sei auch ihnen nahe und schenke ihnen Kraft, Mut und Zuversicht.<\/p>\n\n\n\n<p>Auch bitten wir dich f\u00fcr uns selbst:<\/p>\n\n\n\n<p>Lass uns trotz aller Sorge um das eigene Wohlergehen <\/p>\n\n\n\n<p>den Blick f\u00fcr die anderen nicht verlieren <\/p>\n\n\n\n<p>und ihnen nach Kr\u00e4ften beistehen.<\/p>\n\n\n\n<p>St\u00e4rke in uns die Bereitschaft, Einschr\u00e4nkungen in Kauf zu nehmen, <\/p>\n\n\n\n<p>und lass uns so das Unsere dazu beitragen, <\/p>\n\n\n\n<p>dass andere Menschen nicht gef\u00e4hrdet werden. <\/p>\n\n\n\n<p>Erhalte in uns die Hoffnung auf dich, unseren Herrn und Gott,<\/p>\n\n\n\n<p>der uns tr\u00f6stet wie eine liebende Mutter <\/p>\n\n\n\n<p>und der sich aller Kranken und Not Leidenden annimmt.<\/p>\n\n\n\n<p>Dir vertrauen wir uns an. <\/p>\n\n\n\n<p>Dich loben und preisen wir, <\/p>\n\n\n\n<p>heute und alle Tage unseres Lebens bis in Ewigkeit.<\/p>\n\n\n\n<p>Amen. <\/p>\n\n\n\n<p><em>Bistum Speyer &amp; Evangelische Landeskirche der Pfalz<br>30.03.2020<\/em><\/p>\n\n\n\n<h2 class=\"wp-block-heading\">Hilfe f\u00fcr in Not geratene Familien: Die Landeskirche und ihre Diakonie legen Corona-Nothilfefonds auf und bitten um Spenden<\/h2>\n\n\n\n<p><strong>Speyer (dwp\/lk) &#8211; <\/strong>Die Evangelische Kirche der Pfalz und das Diakonische Werk Pfalz legen einen Nothilfefonds in H\u00f6he von 40.000 Euro f\u00fcr Familien auf, die besonders hart von der Corona-Krise betroffen sind. Die Gelder sollen in erster Linie zum Einkauf von Lebensmitteln und sonstigen lebensnotwendigen G\u00fctern verwendet werden und werden \u00fcber die H\u00e4user der Diakonie ausgezahlt. Sie erg\u00e4nzen den bereits bestehenden Kinderhilfsfonds.<\/p>\n\n\n\n<p>&#8222;Arme Haushalte sind au\u00dferordentlich hart betroffen und geraten schnell in existenzielle Not. Unsere Beratungsstellen erhalten vermehrt Anfragen nach finanzieller Unterst\u00fctzung, um Lebensmittel und weitere Sachen des t\u00e4glichen Bedarfs kaufen zu k\u00f6nnen&#8220;, sagt der Diakoniedezernent, Oberkirchenrat Manfred Sutter.<\/p>\n\n\n\n<p>&#8222;Diese Menschen haben keinerlei finanzielle Reserven. Durch Tafelschlie\u00dfungen einerseits und den Wegfall ihrer prek\u00e4ren Jobs im Niedriglohnbereich und Dienstleitungssektor andererseits werden sie gleich doppelt getroffen. Mit einem Zuschuss aus unserem Fonds k\u00f6nnen wir ihnen jetzt schnell und direkt helfen&#8220;, sagt Albrecht B\u00e4hr, Landespfarrer f\u00fcr Diakonie und Vorstandsvorsitzender des Diakonischen Werks Pfalz.<\/p>\n\n\n\n<p>Aus diesem Grund bitten das Diakonische Werk Pfalz und die Evangelische Kirche der Pfalz um Spenden. &#8222;Dabei stellen unsere Mitarbeiterinnen und Mitarbeiter sicher, dass alle Spenden wirklich dort ankommen, wo sie am dringendsten gebraucht werden&#8220;, unterstreicht Landespfarrer B\u00e4hr und dankt schon jetzt allen f\u00fcr ihre Hilfe.<\/p>\n\n\n\n<h4 class=\"wp-block-heading\">Hintergrund:<\/h4>\n\n\n\n<p>F\u00fcnf Euro sind im Hartz-IV-Regelsatz f\u00fcr einen Erwachsenen pro Tag f\u00fcr Ern\u00e4hrung vorgesehen, f\u00fcr Kinder weniger. Damit ist eine abwechslungsreiche, ausgewogene und gesunde Ern\u00e4hrung schlecht m\u00f6glich &#8211; von einer sinnvollen Bevorratung im Umfang wie vom Bundesamt f\u00fcr Bev\u00f6lkerungsschutz und Katastrophenhilfe (BBK) generell empfohlen, ganz zu schweigen. Arme Menschen leben h\u00e4ufiger in problematischen Wohnverh\u00e4ltnissen, die die empfohlenen Ma\u00dfnahmen zur h\u00e4uslichen Hygiene im Falle einer Quarant\u00e4ne erschweren bis unm\u00f6glich machen, weil sich beispielsweise mehrere Personen ein Zimmer teilen oder die sanit\u00e4ren Einrichtungen unzureichend sind. Die \u00c4rmsten der Gesellschaft haben zudem einen erschwerten Zugang zu Informationen und Bildung. Digitaler Unterricht, wie er jetzt praktiziert werden soll, stellt arme Familien vor gro\u00dfe Herausforderungen. Als oftmals prek\u00e4r Besch\u00e4ftigte sind es die armen Menschen, die zuerst ihre Jobs verlieren- und sie sind es, die in wirtschaftlichen Krisenzeiten zuerst Gefahr laufen, diffamiert und noch mehr ausgegrenzt zu werden.<\/p>\n\n\n\n<p>Spenden mit dem Verwendungszweck &#8222;Corona-Nothilfe&#8220; an Diakonie Pfalz, IBAN: DE50 5206 0410 0000 0025 00 oder online unter <a rel=\"noreferrer noopener\" href=\"https:\/\/deref-web-02.de\/mail\/client\/dkZ-8SJq53Y\/dereferrer\/?redirectUrl=http%3A%2F%2Fwww.diakonie-pfalz.de\" target=\"_blank\">www.diakonie-pfalz.de<\/a>&lt;<a rel=\"noreferrer noopener\" href=\"https:\/\/deref-web-02.de\/mail\/client\/dkZ-8SJq53Y\/dereferrer\/?redirectUrl=http%3A%2F%2Fwww.diakonie-pfalz.de\" target=\"_blank\">http:\/\/www.diakonie-pfalz.de<\/a>>.<\/p>\n\n\n\n<h4 class=\"wp-block-heading\">Hinweis:<\/h4>\n\n\n\n<p>Unter <a rel=\"noreferrer noopener\" href=\"https:\/\/deref-web-02.de\/mail\/client\/X2RgN0KH_4w\/dereferrer\/?redirectUrl=http%3A%2F%2Fwww.evkirchepfalz.de\" target=\"_blank\">www.evkirchepfalz.de<\/a>&lt;<a rel=\"noreferrer noopener\" href=\"https:\/\/deref-web-02.de\/mail\/client\/X2RgN0KH_4w\/dereferrer\/?redirectUrl=http%3A%2F%2Fwww.evkirchepfalz.de\" target=\"_blank\">http:\/\/www.evkirchepfalz.de<\/a>> und <a rel=\"noreferrer noopener\" href=\"https:\/\/deref-web-02.de\/mail\/client\/dkZ-8SJq53Y\/dereferrer\/?redirectUrl=http%3A%2F%2Fwww.diakonie-pfalz.de\" target=\"_blank\">www.diakonie-pfalz.de<\/a> gibt es aktuelle Informationen \u00fcber Hilfsangebote und Beratungen, Seelsorge und Gottesdienst.<\/p>\n\n\n\n<p><em>30.03.2020<\/em><\/p>\n\n\n\n<h2 class=\"wp-block-heading\"><strong>Hilfe f\u00fcr die\nMenschen im Libanon und in Syrien<\/strong><\/h2>\n\n\n\n<h3 class=\"wp-block-heading\"><strong>Weihbischof Otto Georgens ruft zur Unterst\u00fctzung auf \u2013 \u201eMenschen in anderen L\u00e4ndern nicht vergessen\u201c<\/strong><\/h3>\n\n\n\n<div class=\"wp-block-image\"><figure class=\"aligncenter\"><img decoding=\"async\" loading=\"lazy\" width=\"640\" height=\"500\" src=\"https:\/\/speyer24news.com\/wp-content\/uploads\/2020\/03\/Weihbischof-Otto-Georgens.jpg\" alt=\"\" class=\"wp-image-26097\" srcset=\"https:\/\/speyer24news.com\/wp-content\/uploads\/2020\/03\/Weihbischof-Otto-Georgens.jpg 640w, https:\/\/speyer24news.com\/wp-content\/uploads\/2020\/03\/Weihbischof-Otto-Georgens-300x234.jpg 300w\" sizes=\"(max-width: 640px) 100vw, 640px\" \/><\/figure><\/div>\n\n\n\n<p><strong>Speyer &#8211; <\/strong>Weihbischof Otto Georgens, Bischofsvikar f\u00fcr Weltkirche im Bistum Speyer, ruft zur Unterst\u00fctzung von notleidenden Menschen im Libanon und in Syrien im Rahmen der Arbeit von MISEREOR auf. \u201eIn der aktuellen Corona-Krise besinnen sich viele Menschen in unserem Land auf den Wert des Zusammenhaltens und der Solidarit\u00e4t. Gott sei Dank gibt es bei uns viele Beispiele t\u00e4tiger N\u00e4chstenliebe und Solidarit\u00e4t. Doch vergessen wir dar\u00fcber nicht die Solidarit\u00e4t mit den Menschen weltweit, mit den Menschen in Syrien und im Libanon, in Venezuela, im Kongo und in anderen L\u00e4ndern, Menschen, deren Leben gezeichnet ist\u00a0 von \u00fcbergro\u00dfen N\u00f6ten und Leiden wie Krieg, Vertreibung und Flucht\u201c, so Weihbischof Otto Georgens in einer Videobotschaft.<\/p>\n\n\n\n<p>Zurzeit finden in den Kirchen wegen der Corona-Krise keine\n\u00f6ffentlichen Gottesdienste mehr statt. \u201eDeshalb ist die \u00fcbliche Kollekte am 5.\nFastensonntag, also am 28. und 29. M\u00e4rz 2020, nicht m\u00f6glich. Dennoch geht die\nArbeit in den MISEREOR-Projekten weiter, sie ist unverzichtbar\u201c, so Georgens. \u201eIch\nbitte Sie herzlich um eine gro\u00dfz\u00fcgige Spende, mit der Sie die Arbeit von\nMISEREOR zu Gunsten der Menschen in Afrika, im&nbsp;\nNahen Osten, in Asien und Lateinamerika unterst\u00fctzen.\u201c<\/p>\n\n\n\n<p>In besonderer Weise wendet sich Weihbischof Georgens an die\nSeelsorgerinnen und Seelsorger in den Gemeinden: \u201eMachen Sie sich bitte das\nAnliegen von MISEREOR zu Eigen. Setzen Sie auf die Homepage Ihrer Pfarrei einen\nHinweis mit der Bitte um eine Spende an MISEREOR. Nutzen Sie die Mail-Verteiler\nIhrer Pfarrei, um auf die Fastenaktion hinzuweisen und um Direkt-Spenden an\nMISEREOR zu bitten. Nutzen Sie Ihre Kontakte zur lokalen Presse und ebenso Ihre\nPr\u00e4senz in den Sozialen Medien, um MISEREOR zu unterst\u00fctzen.\u201c<\/p>\n\n\n\n<h4 class=\"wp-block-heading\"><strong>Video-Botschaft von\nWeihbischof Otto Georgens:<\/strong><\/h4>\n\n\n\n<figure class=\"wp-block-embed-youtube wp-block-embed is-type-video is-provider-youtube wp-embed-aspect-16-9 wp-has-aspect-ratio\"><div class=\"wp-block-embed__wrapper\">\n<iframe loading=\"lazy\" title=\"Weihbischof Otto Georgens zur MISEREOR-Kollekte\" width=\"500\" height=\"281\" src=\"https:\/\/www.youtube.com\/embed\/xoHGwhBS4iU?feature=oembed\" frameborder=\"0\" allow=\"accelerometer; autoplay; encrypted-media; gyroscope; picture-in-picture\" allowfullscreen><\/iframe>\n<\/div><\/figure>\n\n\n\n<h4 class=\"wp-block-heading\"><strong>Unterst\u00fctzung der\nMISEREOR-Arbeit:<\/strong><\/h4>\n\n\n\n<p><a href=\"https:\/\/fastenaktion.misereor.de\/fastenaktion-aktionen\/kollekte?_ga=2.80238743.1071745052.1584963373-2019765157.1584963373\">https:\/\/fastenaktion.misereor.de\/fastenaktion-aktionen\/kollekte?_ga=2.80238743.1071745052.1584963373-2019765157.1584963373<\/a><\/p>\n\n\n\n<h4 class=\"wp-block-heading\"><strong>Spendenkonto von\nMISEREOR:<\/strong><\/h4>\n\n\n\n<p>\u00dcberweisen Sie bitte Ihre Spende direkt auf das Konto von MISEREOR:<br> IBAN: DE75 3706 0193 0000 1010 10; BIC: GENODED1PAX, Pax-Bank Aachen<\/p>\n\n\n\n<p><em>Bistum Speyer<\/em><br><em>30.03.2020<\/em><\/p>\n\n\n\n<h2 class=\"wp-block-heading\"><strong>Segensorte\nin Zeiten des Corona-Virus<\/strong><\/h2>\n\n\n\n<h3 class=\"wp-block-heading\"><strong>Bistum Speyer passt Visionsprozess Segensorte an die aktuelle Lage an: Ab sofort Datenbank f\u00fcr Segensorte-Corona-Hilfe online<\/strong><\/h3>\n\n\n\n<div class=\"wp-block-image\"><figure class=\"aligncenter\"><img decoding=\"async\" loading=\"lazy\" width=\"800\" height=\"575\" src=\"https:\/\/speyer24news.com\/wp-content\/uploads\/2020\/03\/Segensorte.jpg\" alt=\"\" class=\"wp-image-25559\" srcset=\"https:\/\/speyer24news.com\/wp-content\/uploads\/2020\/03\/Segensorte.jpg 800w, https:\/\/speyer24news.com\/wp-content\/uploads\/2020\/03\/Segensorte-300x216.jpg 300w, https:\/\/speyer24news.com\/wp-content\/uploads\/2020\/03\/Segensorte-768x552.jpg 768w\" sizes=\"(max-width: 800px) 100vw, 800px\" \/><\/figure><\/div>\n\n\n\n<p><strong>Speyer &#8211;<\/strong> Aufgrund des sich ausbreitenden Corona-Virus und den damit einhergehenden Schutz- und Vorbeugema\u00dfnahmen hat das Bistum Speyer den laufenden Visionsprozess Segensorte angepasst. Ab sofort k\u00f6nnen Hilfsangebote als &#8222;Segensort&#8220; auf der entsprechenden Homepage eingetragen werden. Dazu z\u00e4hlen beispielsweise Einkaufs-Sevices von Jugendgruppen f\u00fcr \u00e4ltere Menschen oder auch digitale seelsorgliche Angebote. &#8222;Eigentlich hatten wir die Homepage so angelegt, dass Ortsgruppen hier ihre Treffen und Ergebnisse ihrer \u00dcberlegungen f\u00fcr die Kirche von morgen eintragen k\u00f6nnen&#8220;, erkl\u00e4rt Felix Goldinger, Gesch\u00e4ftsf\u00fchrer des Visionsprozesses Segensorte. &#8222;Wir erleben gerade, dass der Alltag massiv eingeschr\u00e4nkt ist, was f\u00fcr viele Menschen gravierende Auswirkungen hat. &#8222;Segensorte&#8220; sollten aber immer schon Orte sein, die den Menschen das geben, was sie brauchen. Daf\u00fcr ist Kirche da. Jetzt haben sich die Vorzeichen ge\u00e4ndert, aber wir erleben, dass ganz viel Solidarit\u00e4t w\u00e4chst, tolle Ideen f\u00fcr unterst\u00fctzende Angebote entstehen und mancherorts viel kreative Energie frei wird. Trotz aller Widrigkeiten entstehen Segensorte. Wir finden: Das ist unterst\u00fctzenswert. Deshalb stellen wir die Homepage als Vernetzungsplattform f\u00fcr Pfarreien, Verb\u00e4nde und Einzelpersonen zur Verf\u00fcgung&#8220;, erkl\u00e4rt Goldinger. <\/p>\n\n\n\n<p>Ab\nsofort k\u00f6nnen Hilfsangebote eingestellt werden. Sie erscheinen auf einer\nLandkarte und vermitteln Hilfesuchende und Helfer\/-innen. Dabei sind praktische\nUnterst\u00fctzungen wie Einkaufshilfen ebenso gefragt, wie digitale Gebetsgemeinschaften,\ntelefonische Begleitung oder auch die Vermittlung von Hausaufgabenhelfer\/-innen\nf\u00fcr Kinder, die gerade nicht am Schulunterricht teilnehmen k\u00f6nnen. <\/p>\n\n\n\n<p>Die Datenbank ist unter der Adresse <a rel=\"noreferrer noopener\" href=\"https:\/\/deref-web-02.de\/mail\/client\/icgf_w6Dr7Q\/dereferrer\/?redirectUrl=https%3A%2F%2Fsegensorte.de%2Fbistum-speyer%2F\" target=\"_blank\">https:\/\/segensorte.de\/bistum-speyer\/<\/a> erreichbar. Eingestellte Hilfsangebote werden nach Pr\u00fcfung auf Richtigkeit der Angaben freigeschaltet.<\/p>\n\n\n\n<p><em>Bistum Speyer<br>30.03.2020<\/em><\/p>\n","protected":false},"excerpt":{"rendered":"<div class=\"mh-excerpt\"><p>Bischof tr\u00e4gt die Not der Menschen vor Maria \u201eErde ist zu einem Tal der Tr\u00e4nen geworden\u201c \u2013 Aufruf an alle Gl\u00e4ubigen, sich zu einer Gemeinschaft des Gebets und der Solidarit\u00e4t zu verbinden Speyer &#8211; Bischof <a class=\"mh-excerpt-more\" href=\"https:\/\/speyer24news.com\/?p=26095\" title=\"Kirche\">[&#8230;]<\/a><\/p>\n<\/div>","protected":false},"author":3,"featured_media":26096,"comment_status":"open","ping_status":"open","sticky":false,"template":"","format":"standard","meta":{"_monsterinsights_skip_tracking":false,"_monsterinsights_sitenote_active":false,"_monsterinsights_sitenote_note":"","_monsterinsights_sitenote_category":0,"footnotes":""},"categories":[120],"tags":[1409,174,6352,6353,6350,187,2360,121,6354,6348,6347,5391,6351,6060,6349,6355,1410],"aioseo_notices":[],"amp_enabled":true,"_links":{"self":[{"href":"https:\/\/speyer24news.com\/index.php?rest_route=\/wp\/v2\/posts\/26095"}],"collection":[{"href":"https:\/\/speyer24news.com\/index.php?rest_route=\/wp\/v2\/posts"}],"about":[{"href":"https:\/\/speyer24news.com\/index.php?rest_route=\/wp\/v2\/types\/post"}],"author":[{"embeddable":true,"href":"https:\/\/speyer24news.com\/index.php?rest_route=\/wp\/v2\/users\/3"}],"replies":[{"embeddable":true,"href":"https:\/\/speyer24news.com\/index.php?rest_route=%2Fwp%2Fv2%2Fcomments&post=26095"}],"version-history":[{"count":1,"href":"https:\/\/speyer24news.com\/index.php?rest_route=\/wp\/v2\/posts\/26095\/revisions"}],"predecessor-version":[{"id":26101,"href":"https:\/\/speyer24news.com\/index.php?rest_route=\/wp\/v2\/posts\/26095\/revisions\/26101"}],"wp:featuredmedia":[{"embeddable":true,"href":"https:\/\/speyer24news.com\/index.php?rest_route=\/wp\/v2\/media\/26096"}],"wp:attachment":[{"href":"https:\/\/speyer24news.com\/index.php?rest_route=%2Fwp%2Fv2%2Fmedia&parent=26095"}],"wp:term":[{"taxonomy":"category","embeddable":true,"href":"https:\/\/speyer24news.com\/index.php?rest_route=%2Fwp%2Fv2%2Fcategories&post=26095"},{"taxonomy":"post_tag","embeddable":true,"href":"https:\/\/speyer24news.com\/index.php?rest_route=%2Fwp%2Fv2%2Ftags&post=26095"}],"curies":[{"name":"wp","href":"https:\/\/api.w.org\/{rel}","templated":true}]}}