{"id":26157,"date":"2020-04-03T09:20:15","date_gmt":"2020-04-03T08:20:15","guid":{"rendered":"https:\/\/speyer24news.com\/?p=26157"},"modified":"2020-04-03T09:28:08","modified_gmt":"2020-04-03T08:28:08","slug":"polizei-222","status":"publish","type":"post","link":"https:\/\/speyer24news.com\/?p=26157","title":{"rendered":"Polizei"},"content":{"rendered":"<style type=\"text\/css\">\r\n\t.ads_top_disp{}\r\n\t.ads_top_corner_disp{ float:left; margin:0px 10px 10px 0px; }\r\n\t.ads_first_p_disp{}\r\n\t.ads_bottom_disp{}\r\n\t<\/style>\n<h2 class=\"wp-block-heading\">Polizeinachrichten von Donnerstag (02.04.2020)<\/h2>\n\n\n\n<div class=\"wp-block-image\"><figure class=\"aligncenter\"><img decoding=\"async\" src=\"https:\/\/speyer24news.com\/wp-content\/uploads\/2020\/01\/Aktuelles-Polizeilogo.jpg\" alt=\"\" class=\"wp-image-23832\"\/><\/figure><\/div>\n\n\n\n<h4 class=\"wp-block-heading\">(Speyer) &#8211; Autorennen endet mit Polizeikontrolle<\/h4>\n\n\n\n<p>Ein illegales Autorennen lieferten sich am sp\u00e4ten Mittwochabend ein 28-J\u00e4hriger Audi Fahrer sowie ein 29-J\u00e4hriger VW Fahrer. Die beiden Fahrzeuge fielen in der Landauer Stra\u00dfe einer Polizeistreife auf, welche dort gerade eine Verkehrskontrolle durchf\u00fchrte. Die Autofahrer fuhren mit deutlich \u00fcberh\u00f6hter Geschwindigkeit durch eine 30er Zone, \u00fcberholten sich bzw. fuhren nebeneinander. Die Beamten konnten die M\u00e4nner in der K\u00e4mmererstra\u00dfe kontrollieren. Gegen sie wird nun ein Strafverfahren wegen verbotenem Kraftfahrzeugrennen eingeleitet. <\/p>\n\n\n\n<h4 class=\"wp-block-heading\">(Speyer) &#8211; Dieseldieb geschnappt!<\/h4>\n\n\n\n<p>In Verdacht Dieselkraftstoff entwendet zu haben, geriet bereits seit L\u00e4ngerem ein 42-J\u00e4hriger Angestellter einer Firma aus Carlsberg. Am Mittwochabend best\u00e4tigte sich der Verdacht. Der besagte Angestellte konnte &#8222;Im Gei\u00dfhorn&#8220; in Speyer von seinem Arbeitgeber dabei beobachtet werden, wie er vom Firmeneigenen LKW Diesel abzapfte, mehrere Kanister damit bef\u00fcllte und diese in einem Anh\u00e4nger verstaute. Die Polizeibeamten kontrollierten den Mann und leiteten ein Strafverfahren gegen ihn ein. Der Wert des Diebesgutes d\u00fcrfte sich auf ca. 600 EUR belaufen. <\/p>\n\n\n\n<h4 class=\"wp-block-heading\">(R\u00f6merberg-Mechtersheim) &#8211; Brennendes Laub vor Pfarrheim \/ Polizei sucht Zeugen<\/h4>\n\n\n\n<figure class=\"wp-block-image\"><img decoding=\"async\" src=\"https:\/\/speyer24news.com\/wp-content\/uploads\/2020\/01\/Zeugen-gesucht-RP-1024x535.jpg\" alt=\"\" class=\"wp-image-24774\"\/><\/figure>\n\n\n\n<p>Am 01.04.2020, gegen 17:35 Uhr, z\u00fcndete ein unbekannter T\u00e4ter trockenes Laub an, das im Treppenabgang vor der Kellert\u00fcr des Katholischen Pfarrhauses in der Mechtersheimer Stra\u00dfe in R\u00f6merberg-Mechtersheim lag. Nachdem das entz\u00fcndete Laub anfing, stark zu qualmen, l\u00f6schten es Nachbarn sofort. Die hinzugerufene Feuerwehr k\u00fcmmerte sich um den Rest. Eine l\u00f6schende 19-j\u00e4hrige Nachbarin wurde wegen Verdachtes auf Rauchgasintoxikation vorsorglich ins Krankenhaus gebracht, ist aber zwischenzeitlich wieder entlassen. Sie blieb unverletzt. Nach dem Stand der derzeitigen Ermittlungen wird davon ausgegangen, dass das Anz\u00fcnden des Laubes nicht mit der Absicht verbunden war, das Geb\u00e4ude in Brand zu setzen. Der Gesamtsachschaden wird auf etwa 500 Euro gesch\u00e4tzt. Die kriminalpolizeilichen Ermittlungen dauern an. <\/p>\n\n\n\n<p>Sachdienliche Hinweise nimmt die Kriminalpolizei Ludwigshafen unter der Telefonnummer 0621\/963-2773 oder per E-Mail  <a href=\"mailto:kiludwigshafen.k1.kdd@polizei.rlp.de\">kiludwigshafen.k1.kdd@polizei.rlp.de<\/a> entgegen. <\/p>\n\n\n\n<h4 class=\"wp-block-heading\">(H\u00f6rdt) &#8211; Brand l\u00f6st Einsatz der Polizei und Feuerwehr aus<\/h4>\n\n\n\n<p>Wegen einem Brand im Bereich von H\u00f6rdt, in unmittelbarer N\u00e4he des Bogensportvereins, r\u00fcckten Einsatzkr\u00e4fte der Polizeiinspektion Germersheim und der Feuerwehren der Verbandsgemeinde R\u00fclzheim am Donnerstagmorgen gegen 3.30 Uhr aus. Ein Holzanh\u00e4nger und mehrere Ster Holz waren in Brand geraten. Der Brand konnte gel\u00f6scht werden. Die Brandursache ist bis dato noch unklar. Die Polizeiinspektion Germersheim hat die Ermittlungen aufgenommen. Der Sachschaden wird auf zirka 1500 EUR gesch\u00e4tzt. <\/p>\n\n\n\n<p>Zeugen, welche den Vorfall beobachtet haben, werden gebeten sich telefonisch unter 07274\/9580 oder per Mail an <a href=\"mailto:pigermersheim@poliezi.rlp.de\">pigermersheim@poliezi.rlp.de<\/a> zu wenden. <\/p>\n\n\n\n<h4 class=\"wp-block-heading\">(R\u00fclzheim) &#8211; Betrunken am Steuer<\/h4>\n\n\n\n<p>Ein Ermittlungsverfahren wegen Trunkenheit im Stra\u00dfenverkehr erwartet einen 38 &#8211; j\u00e4hrigen Mann aus dem Kreis Germersheim. Der Tatverd\u00e4chtige war am Mittwochabend gegen 22 Uhr mit einem anderen Kunden in einem Einkaufsmarkt in R\u00fclzheim in Streit geraten. Im Verlauf des Streitgespr\u00e4chs ergab sich der Verdacht, dass der 38 &#8211; J\u00e4hrige betrunken war. Im Anschluss verlie\u00df der Tatverd\u00e4chtige mit seinem Auto die \u00d6rtlichkeit und wurde in der Ortschaft von Polizeibeamten kontrolliert. Der Tatverd\u00e4chtige war tats\u00e4chlich alkoholisiert und gab an mehrere Flaschen Bier getrunken zu haben. Einen Atemalkoholtest konnte der Tatverd\u00e4chtige nicht durchf\u00fchren, ihm wurde bei der Dienststelle eine Blutprobe genommen. Der F\u00fchrerschein wurde beschlagnahmt. <\/p>\n\n\n\n<h4 class=\"wp-block-heading\">(Waldhambach) &#8211; Pkw zerkratzt \/ Erheblicher Sachschaden<\/h4>\n\n\n\n<p>Die 58-j\u00e4hrige Gesch\u00e4digte parkte ihren PKW Opel Adam mit ortsfremdem Kennzeichen, am 01.04.2020, zwischen 13:30 Uhr und 16:00 Uhr, auf dem Parkplatz am Friedhof. Bei der R\u00fcckkehr stellte die Fahrerin fest, dass die Heckklappe und die rechte Seite des Pkw mit einem spitzen Gegenstand verkratzt wurden. Der bislang unbekannte T\u00e4ter kratzte die Worte &#8222;SAU CORONA&#8220; in den Lack des Pkw und richtete einen Sachschaden von mehreren Hundert Euro an. Zeugen, die in der Zeit von 13:30 Uhr und 16:00 Uhr, am Friedhof Waldhambach Beobachtungen gemachten haben, die im Zusammenhang mit der Sachbesch\u00e4digung stehen, werden gebeten sich unter 06343-93340 oder per E-Mail unter <a href=\"mailto:pibadbergzabern@polizei.rlp.de\">pibadbergzabern@polizei.rlp.de<\/a> bei der Polizeiinspektion Bad Bergzabern zu melden. <\/p>\n\n\n\n<h4 class=\"wp-block-heading\">(Bad Bergzabern) &#8211; Vorfahrt missachtet<\/h4>\n\n\n\n<p>Die Fahrerin eines roten Pkw Seat folgte am Dienstag, 01.04.2020, gegen 14:40 Uhr, der abknickenden Vorfahrtsstra\u00dfe der Landauer Stra\u00dfe in Richtung Innenstadt. Ein schwarzer Pkw Seat befuhr die Weinstra\u00dfe in Richtung Pleisweiler-Oberhofen. Dabei \u00fcberfuhr der 76-j\u00e4hrige Fahrer die STOP-Stelle und stie\u00df mit dem Pkw der 55-J\u00e4hrigen zusammen. Die Fahrerin wurde leicht verletzt. An beiden Fahrzeugen entstand ein Sachschaden in H\u00f6he von 1200.- Euro. <\/p>\n\n\n\n<h4 class=\"wp-block-heading\">(Landau \/ A 65) &#8211; Gefahrenstelle durch Plastikteile<\/h4>\n\n\n\n<figure class=\"wp-block-image\"><img decoding=\"async\" loading=\"lazy\" width=\"800\" height=\"600\" src=\"https:\/\/speyer24news.com\/wp-content\/uploads\/2020\/04\/IMG_0467.jpg\" alt=\"\" class=\"wp-image-26158\" srcset=\"https:\/\/speyer24news.com\/wp-content\/uploads\/2020\/04\/IMG_0467.jpg 800w, https:\/\/speyer24news.com\/wp-content\/uploads\/2020\/04\/IMG_0467-300x225.jpg 300w, https:\/\/speyer24news.com\/wp-content\/uploads\/2020\/04\/IMG_0467-768x576.jpg 768w, https:\/\/speyer24news.com\/wp-content\/uploads\/2020\/04\/IMG_0467-678x509.jpg 678w, https:\/\/speyer24news.com\/wp-content\/uploads\/2020\/04\/IMG_0467-326x245.jpg 326w, https:\/\/speyer24news.com\/wp-content\/uploads\/2020\/04\/IMG_0467-80x60.jpg 80w\" sizes=\"(max-width: 800px) 100vw, 800px\" \/><\/figure>\n\n\n\n<p>Der Polizei wurde am Donnerstag gegen 21:15 Uhr eine langgestreckte Gefahrenstelle zwischen den Anschlussstellen Landau-Zentrum und Kandel-Nord mitgeteilt. Es w\u00fcrden sich Styroporplatten und Folien auf beiden Fahrspuren befinden. Vor Ort wurde jedoch so viel M\u00fcll aufgefunden, dass die Stra\u00dfenmeisterei zus\u00e4tzlich vor Ort kam, um beim Einsammeln des M\u00fclls zu helfen. Auch die Gegenfahrbahn in Fahrtrichtung Ludwigshafen war betroffen, sodass die Reinigungsarbeiten knapp 1,5 Stunden dauerten. Insgesamt waren zwei Streifenteams sowie ein Fahrzeug der Stra\u00dfenmeisterei im Einsatz. Gegen den bislang unbekannten Verursacher wurde ein Strafverfahren wegen einem gef\u00e4hrlichen Eingriff in den Stra\u00dfenverkehr er\u00f6ffnet. Zeugen werden gebeten ihre Wahrnehmungen der Polizei telefonisch oder per Email an <a href=\"mailto:piedenkoben@polizei.rlp.de\">piedenkoben@polizei.rlp.de<\/a> mitzuteilen. <\/p>\n\n\n\n<h4 class=\"wp-block-heading\">(Edenkoben) &#8211; Geparkter Audi besch\u00e4digt<\/h4>\n\n\n\n<div class=\"wp-block-image\"><figure class=\"aligncenter\"><img decoding=\"async\" loading=\"lazy\" width=\"800\" height=\"467\" src=\"https:\/\/speyer24news.com\/wp-content\/uploads\/2020\/04\/30.03.20-Edenkoben-SB-II.jpg\" alt=\"\" class=\"wp-image-26159\" srcset=\"https:\/\/speyer24news.com\/wp-content\/uploads\/2020\/04\/30.03.20-Edenkoben-SB-II.jpg 800w, https:\/\/speyer24news.com\/wp-content\/uploads\/2020\/04\/30.03.20-Edenkoben-SB-II-300x175.jpg 300w, https:\/\/speyer24news.com\/wp-content\/uploads\/2020\/04\/30.03.20-Edenkoben-SB-II-768x448.jpg 768w\" sizes=\"(max-width: 800px) 100vw, 800px\" \/><\/figure><\/div>\n\n\n\n<p>Ein auf dem Kirchbergparkplatz abgestellter Audi A4 wurde in der Nacht von Sonntag (29.03.2020) auf Montag (30.03.2020) von Unbekannten besch\u00e4digt. Dabei wurde der Fahrzeuglack hinten rechts verkratzt sowie die hintere Scheibe der Beifahrerseite mit einem bislang unbekannten Gegenstand eingeschlagen. Im Innern wurden die Ledersitze aufgeschlitzt. <\/p>\n\n\n\n<div class=\"wp-block-image\"><figure class=\"aligncenter\"><img decoding=\"async\" loading=\"lazy\" width=\"800\" height=\"454\" src=\"https:\/\/speyer24news.com\/wp-content\/uploads\/2020\/04\/30.03.20-Edenkoben-SB.jpg\" alt=\"\" class=\"wp-image-26160\" srcset=\"https:\/\/speyer24news.com\/wp-content\/uploads\/2020\/04\/30.03.20-Edenkoben-SB.jpg 800w, https:\/\/speyer24news.com\/wp-content\/uploads\/2020\/04\/30.03.20-Edenkoben-SB-300x170.jpg 300w, https:\/\/speyer24news.com\/wp-content\/uploads\/2020\/04\/30.03.20-Edenkoben-SB-768x436.jpg 768w\" sizes=\"(max-width: 800px) 100vw, 800px\" \/><\/figure><\/div>\n\n\n\n<p>Die Schadensh\u00f6he liegt bei 5.000 Euro. Von den T\u00e4tern fehlt jede Spur. Hinweise nimmt die Polizei Edenkoben unter der Telefonnummer 06323 9550 entgegen. Der Sachverhalt wurde via Onlinewache mitgeteilt. In dem Zusammenhang wird nochmals darauf hingewiesen, dass polizeilich relevante Sachverhalte bzw. Strafanzeigen jederzeit unter dem Link <a href=\"https:\/\/www.polizei.rlp.de\/de\/onlinewache\/\" target=\"_blank\" rel=\"noreferrer noopener\">https:\/\/www.polizei.rlp.de\/de\/onlinewache\/<\/a> aufgegeben werden k\u00f6nnen.<\/p>\n\n\n\n<h4 class=\"wp-block-heading\">(Frankenthal) &#8211; Verkehrsunfall mit verletzter Radfahrerin<\/h4>\n\n\n\n<p>Am 01.04.2020 gegen 17:43 Uhr kommt es  in der Frankenthaler Stra\u00dfe in Frankenthal, an der Auffahrt zur B9, zu einem Verkehrsunfall. Ein von der B9 kommender 69-j\u00e4hriger PKW Fahrer \u00fcbersieht aufgrund der tiefstehenden Sonne die ordnungsgem\u00e4\u00df von links kommende 59-j\u00e4hrige Fahrradfahrerin. Die Fahrradfahrerin tr\u00e4gt keinen Fahrradhelm und wird durch den Unfall leicht verletzt. Sie wird zwecks weiterer Abkl\u00e4rung in ein Krankenhaus verbracht. Durch den Unfall entsteht ein Schaden in H\u00f6he von ca.800 Euro. <\/p>\n\n\n\n<p>In den letzten Jahren war ein Drittel aller verletzten Unfallbeteiligten in Frankenthal, Fahrradfahrer. Eine Vielzahl der schweren Hirnverletzungen beim Radfahren k\u00f6nnten sich durch das Tragen eines Helms vermeiden lassen. Die Polizei empfiehlt daher immer mit Fahrradhelm zu fahren. Mehr Informationen zum Thema erhalten Sie unter <a href=\"http:\/\/www.ich-trag-helm.de\/\" target=\"_blank\" rel=\"noreferrer noopener\">www.ich-trag-helm.de<\/a>. <\/p>\n\n\n\n<p>Wir wollen, dass Sie sicher Leben &#8211; ihre Polizei Frankenthal. <\/p>\n\n\n\n<h4 class=\"wp-block-heading\">(Ludwigshafen) &#8211; 79-J\u00e4hrige in Gespr\u00e4ch verwickelt und Geldbeutel gestohlen<\/h4>\n\n\n\n<p>Am 01.04.2020, zwischen 15:00 und 16:00 Uhr, war eine 79-J\u00e4hrige in einem Einkaufsmarkt in der Oderstra\u00dfe einkaufen. Ihre Tasche mit ihrem Geldbeutel hatte sie am Einkaufswagen h\u00e4ngen. In der Gem\u00fcseabteilung wurde sie von einem unbekannten Mann mit dunklen Haaren in ein eigenartiges Gespr\u00e4ch \u00fcber Kartoffeln verwickelt. Als sie in der Obstabteilung wieder in ihre Tasche schaute, war der Geldbeutel nicht mehr da. <\/p>\n\n\n\n<p><strong>Die Polizei r\u00e4t: <\/strong><\/p>\n\n\n\n<ul><li>Lassen Sie Ihre Wertsachen niemals unbeaufsichtigt. Verschlie\u00dfen Sie immer Ihre Hand- oder Umh\u00e4ngetasche und tragen Sie sie immer mit der Verschlussseite zum K\u00f6rper. <\/li><\/ul>\n\n\n\n<p>Die Polizei sucht nun Zeugen! Kann jemand Angaben zum Diebstahl aus der Tasche machen? <\/p>\n\n\n\n<p>Sachdienliche Hinweise bitte an die Polizeiwache Oggersheim unter Tel. 0621 963 &#8211; 2403 oder per Mail <a href=\"mailto:pwoggersheim@polizei.rlp.de\">pwoggersheim@polizei.rlp.de<\/a>. <\/p>\n\n\n\n<h4 class=\"wp-block-heading\">(Ludwigshafen) &#8211; Aufmerksamer Bankangestellter verhindert Trickbetrug &#8222;Falsches Gewinnversprechen&#8220;<\/h4>\n\n\n\n<p>Am Vormittag des 01.04.2020 rief ein Bankangestellter einer Ludwigshafener Bank bei der Polizei an und teilte mit, dass eine 78-J\u00e4hrige kurz davor war, auf einen Trickbetrug hereinzufallen. Die Seniorin sei in die Bank gekommen und habe um eine \u00dcberweisung von 1.100 Euro auf ein t\u00fcrkisches Konto gebeten, da sie bei einem Gewinnspiel gewonnen habe. Der Bankangestellte sprach mit der Seniorin und gab ihr zu Bedenken, dass es sich hierbei mit gro\u00dfer Wahrscheinlichkeit um einen Trickbetrug handeln w\u00fcrde und f\u00fchrte die \u00dcberweisung nicht durch. Da er jedoch das Gef\u00fchl hatte, dass die Seniorin das Geld anderweitig \u00fcberweisen k\u00f6nnte, verst\u00e4ndigte er die Polizei. Daraufhin fuhren die Polizeibeamten zu der 78-J\u00e4hrigen. Dort erfuhren sie, dass die Seniorin von einem Herrn Weber von einer Firma &#8222;Rheinhardt &amp; Partner&#8220; aus Berlin angerufen wurde, der angab, dass sie im Jahr 2019 bei einem Gewinnspiel 84.000 Euro gewonnen habe, welches nun vor der Auszahlung versteuert werden m\u00fcsse. Deshalb m\u00fcsse sie 1.100 Euro auf ein Konto in der T\u00fcrkei \u00fcberweisen. Die Polizeibeamten rieten der 78-J\u00e4hrigen eindringlich von der \u00dcberweisung ab, sensibilisierten sie und gaben ihr Verhaltensempfehlungen.  <\/p>\n\n\n\n<p><strong>Die Polizei r\u00e4t folgendes:  <\/strong><\/p>\n\n\n\n<ul><li>Machen Sie sich bewusst: Wenn Sie nicht an einem Gewinnspiel teilgenommen haben, k\u00f6nnen Sie auch nichts gewonnen haben!  <\/li><li>Geben Sie niemals Geld aus, um einen vermeintlichen Gewinn einzufordern, zahlen Sie keine Geb\u00fchren oder w\u00e4hlen geb\u00fchrenpflichtige Sondernummern!  <\/li><li>Informieren Sie sofort die Polizei, wenn Ihnen ein Anruf verd\u00e4chtig vorkommt.  <\/li><li>Wenn Sie mitbekommen, dass jemand in Ihrem Umkreis solch einen Anruf mit betr\u00fcgerischem Hintergrund bekommen hat, handeln sie so vorbildlich, wie der Bankangestellte und greifen vermittelnd ein, indem sie den Betroffenen auf eine m\u00f6gliche Betrugsstraftat hinweisen und sofort die Polizei (Notruf 110) benachrichtigen.  <\/li><\/ul>\n\n\n\n<p>Nutzen Sie die Angebote Ihrer Polizei! Informationen erhalten Sie auf allen Polizeidienststellen sowie im Internet unter <a href=\"http:\/\/www.polizei-beratung.de\/\" target=\"_blank\" rel=\"noreferrer noopener\">www.polizei-beratung.de<\/a> <\/p>\n\n\n\n<h4 class=\"wp-block-heading\">(Mannheim) &#8211; Mit Zigarette eingeschlafen; Nachbar bemerkte Rauchmelder; Bewohnerin leicht verletzt<\/h4>\n\n\n\n<p>Noch einmal gut ausgegangen ist es f\u00fcr eine 62-j\u00e4hrige Frau am sp\u00e4ten Mittwochvormittag in der Rilkestra\u00dfe. Kurz nach 11 Uhr war sie offenbar ihrer Wohnung mit einer brennenden Zigarette eingeschlafen. Diese entz\u00fcndete die Matratze, worauf der Rauchmelder ausl\u00f6ste, der einen Nachbarn alarmierte. Die von ihm zu Hilfe gerufene Feuerwehr \u00f6ffnete die Wohnung, aus der bereits Qualm drang. Rettungssanit\u00e4ter k\u00fcmmerten sich um die verletzte Frau. Ein Rettungswagen brachte sie mit Verdacht auf Rauchgasvergiftung sowie mit leichten Brandwunden in eine Klinik. Der Sachschaden in der Wohnung ist gering. <\/p>\n\n\n\n<h4 class=\"wp-block-heading\">(Mannheim) &#8211; Verkehrsunfall nach Vorfahrtsverletzung<\/h4>\n\n\n\n<p>Ein 76-j\u00e4hriger Audi-Fahrer war am Mittwochvormittag gegen 10:30 Uhr in der Pfarrgasse Richtung Friedrichstra\u00dfe unterwegs, als er an der Kreuzung Pfarrgasse\/Friedrichsstra\u00dfe die Vorfahrt eines 29-j\u00e4hrigen BMW-Fahrers missachtete, der in Richtung Pfarrgasse unterwegs war. Beide Personen blieben unverletzt. Es entstand ein Gesamtschaden von sch\u00e4tzungsweise 6.000 Euro. <\/p>\n\n\n\n<h4 class=\"wp-block-heading\">(Mannheim) &#8211; Firmeneinbruch; Zeugen gesucht<\/h4>\n\n\n\n<p>In der Nacht von Dienstag auf Mittwoch brach ein bislang unbekannter T\u00e4ter in eine Firma in der Scheidhorststra\u00dfe auf der Frisenheimer Insel ein. Dort durchsucht er s\u00e4mtliche B\u00fcror\u00e4ume. \u00dcber die entwendeten Gegenst\u00e4nde und \u00fcber die H\u00f6he des Schadens ist bislang noch nichts bekannt. Hinweise nimmt der Kriminaldauerdienst, Tel.: 0621 174-4444 entgegen. <\/p>\n\n\n\n<h4 class=\"wp-block-heading\">(Mannheim-K\u00e4fertal) &#8211; Versuchter Apothekeneinbruch; Zeugen gesucht<\/h4>\n\n\n\n<p>In der Nacht von Dienstag auf Mittwoch versuchte ein bislang unbekannter T\u00e4ter in eine Apotheke in der Waldstra\u00dfe einzubrechen, indem er versuchte, mit einem Pflasterstein die verglaste Eingangst\u00fcr einzuwerfen. Dem T\u00e4ter gelang es nicht, das stabile Sicherheitsglas zu zerbrechen und fl\u00fcchtete in unbekannte Richtung. Es entstand ein Schaden von sch\u00e4tzungsweise 3.000 Euro. Zuegen, die Hinweise zur Tat und\/oder zum T\u00e4ter geben k\u00f6nnen, werden gebeten, sich mit dem Kriminaldauerdienst, Tel.: 0621 174-4444 in Verbindung zu setzen. <\/p>\n\n\n\n<h4 class=\"wp-block-heading\">(Heidelberg) &#8211; 16-j\u00e4hriger Motorradfahrer fl\u00fcchtet vor Polizeikontrolle<\/h4>\n\n\n\n<p>Ein 16-j\u00e4hriger Fahrer eines 125-ccm-Motorrads sollte am Mittwochnachmittag gegen 17.45 Uhr on den Beamten in der Rohrbacher Stra\u00dfe auf H\u00f6he der Saarstra\u00dfe einer allgemeinen Verkehrskontrolle unterzogen werden. Der Fahrer befolgte zun\u00e4chst die Aufforderung zum Anhalten durch den Streifenwagen, beschleunigte danach allerdings sein Motorrad und fl\u00fcchtete mit \u00fcberh\u00f6hter Geschwindigkeit \u00fcber die R\u00f6merstra\u00dfe, wobei er mehrere Fahrzeuge \u00fcberholte. An der Kreuzung R\u00f6merstra\u00dfe\/Heinrich-Fuchs-Stra\u00dfe fuhr er \u00fcber eine rote Fu\u00dfg\u00e4ngerampel, Fu\u00dfg\u00e4nger wurden dabei nicht gef\u00e4hrdet. Von der Karlsruher Stra\u00dfe bog der Motorradfahrer in die Freiburger Stra\u00dfe ein und weiter \u00fcber den Erlenweg in das Feldgebiet zwischen Rohrbach und dem Industriegebiet Rohrbach-S\u00fcd. In einem Feldweg konnte er von einem aufmerksamen B\u00fcrger angehalten und anschlie\u00dfend von den Beamten festgenommen werden. Sein F\u00fchrerschein wurde beschlagnahmt, ein Test auf Drogenkonsum verlief negativ. Nach Beendigung der polizeilichen Ma\u00dfnahmen wurde der Jugendliche in die Obhut seiner Eltern \u00fcberstellt. Die weiteren Ermittlungen f\u00fchrt das Polizeirevier Heidelberg-S\u00fcd. <\/p>\n\n\n\n<h4 class=\"wp-block-heading\">(Heidelberg-Handschuhsheim) &#8211; Wohnungseinbruch; Zeugen gesucht<\/h4>\n\n\n\n<p>Ein bislang unbekannter T\u00e4ter brach in der Nacht von Dienstag auf Mittwoch in die Erdgeschosswohnung eines Hochhauses in der Hans-Thomas-Stra\u00dfe ein. Nachdem er die verschlossene Balkont\u00fcr aufhebelte, durchsuchte er s\u00e4mtliche R\u00e4ume und Schr\u00e4nke nach Wertsachen. Ob etwas entwendet wurde, steht noch nicht fest. Hinweise nimmt der Kriminaldauerdienst, Tel.: 0621 174-4444 oder das Polizeirevier HD-Nord, Tel.: 06221\/4569-0 entgegen. <\/p>\n\n\n\n<h4 class=\"wp-block-heading\">(Leimen \/ Rhein-Neckar-Kreis) &#8211; 14 Katalysatoren vom Freigel\u00e4nde von zwei Gebrauchtwagenh\u00e4ndlern entwendet \/ Polizei sucht Zeugen<\/h4>\n\n\n\n<p>Im Zeitraum von vergangenem Freitag bis Mittwochabend (27.03. &#8211; 01.04.2020) wurden auf dem Freigel\u00e4nde von zwei Gebrauchtwagenfirmen in der Gottlieb-Daimler-Stra\u00dfe an insgesamt 14 Fahrzeugen verschiedenster Marken die Katalysatoren abgetrennt und entwendet. Der Diebstahlsschaden bel\u00e4uft sich auf mehrere tausend Euro. Zeugen, die im fraglichen Zeitraum verd\u00e4chtige Beobachtungen gemacht haben, werden gebeten sich unter Telefon 06222\/57090 beim Polizeirevier Wiesloch zu melden. <\/p>\n\n\n\n<h4 class=\"wp-block-heading\">(Leimen \/ Rhein-Neckar-Kreis) &#8211; 48-j\u00e4hrige Radfahrerin bei Unfall verletzt<\/h4>\n\n\n\n<p>Zahlreiche Verletzungen zog sich eine 48-j\u00e4hrige Radfahrerin bei einem Unfall am Mittwoch gegen 14.15 Uhr im Stalsunder Ring zu. Ein 62-j\u00e4hriger Autofahrer war vom Parkplatz eines Einkaufsmarktes nach rechts in Richtung Kreisel Schwetzinger Stra\u00dfe abgebogen. Dabei achtete er nicht auf die Radfahrerin, die verkehrswidrig auf dem dortigen Radweg entgegen der Fahrtrichtung unterwegs war. Durch die Kollision st\u00fcrzte die Radfahrerin zu Boden. Die Verletzungen wurden durch Rettungssanit\u00e4ter an der Unfallstelle erstbehandelt, die Frau wollte sich anschlie\u00dfend selbstst\u00e4ndig in \u00e4rztliche Behandlung begeben. An den beiden Fahrzeugen entstand ein Sachschaden von ca. 500 Euro. <\/p>\n\n\n\n<h4 class=\"wp-block-heading\">(Sinsheim \/ A 6 \/ Rhein-Neckar-Kreis) &#8211; Lkw f\u00e4hrt auf Pkw auf \/ Autofahrer leicht verletzt &#8211; Vollsperrung<\/h4>\n\n\n\n<p>Bei einem Auffahrunfall im Baustellenbereich zwischen den Anschlussstellen Sinsheim und Sinsheim-S\u00fcd am Donnerstag gegen 13.10 Uhr wurde ein Autofahrer leicht verletzt. Nach den bisherigen Erkenntnissen war ein Lkw auf dem rechten Fahrstreifen in Richtung Heilbronn aufgefahren. Der Autofahrer musste durch die Feuerwehr mit schwerem Ger\u00e4t aus dem Auto befreit werden, da die Fahrert\u00fcre klemmte. Er wurde nach der medizinischen Erstversorgung an der Unfallstelle mit einem Rettungswagen in eine Klinik gebracht. W\u00e4hrend des Rettungsdiensteinsatzes war die A 6 bis gegen 14 Uhr voll gesperrt, anschlie\u00dfend konnte der linke Fahrstreifen frei gegeben werden. Aufgrund der Sperrung hatte sich ein R\u00fcckstau von ca. vier Kilometern L\u00e4nge gebildet, der sich nach der Freigabe der Strecke gegen 14.30 Uhr schnell aufl\u00f6ste. Die weiteren Unfallermittlungen f\u00fchrt die Verkehrspolizei in Walldorf. <\/p>\n\n\n\n<h4 class=\"wp-block-heading\">(Sinsheim \/ A 6 \/ Rhein-Neckar-Kreis) &#8211; 80-j\u00e4hriger Autofahrer f\u00e4hrt auf Sattelzug auf \/ Autofahrer leicht verletzt &#8211; Sachschaden ca. 25.000 Euro<\/h4>\n\n\n\n<h4 class=\"wp-block-heading\" style=\"text-align:center\">Pressemitteilung Nr. 2<\/h4>\n\n\n\n<p>Bei einem Auffahrunfall im Baustellenbereich zwischen den Anschlussstellen Sinsheim und Sinsheim-S\u00fcd am Donnerstag gegen 13.10 Uhr wurde ein 80-j\u00e4hriger Autofahrer leicht verletzt. Der Autofahrer war an der Anschlussstelle Sinsheim auf die Autobahn aufgefahren und war mit seinem VW-Sharan beim Einfahren auf den rechten Fahrstreifen in Richtung Heilbronn auf den Sattelzug aufgefahren. Der Autofahrer musste durch die Feuerwehr aus dem Auto befreit werden, da die Fahrert\u00fcre klemmte. Er zog sich leichte Verletzungen zu, er wurde nach der medizinischen Erstversorgung an der Unfallstelle vorsorglich mit einem Rettungswagen zur Untersuchung in eine Klinik gebracht. Der Gesamtsachschaden bel\u00e4uft sich auf ca. 25.000. Die weiteren Unfallermittlungen f\u00fchrt die Verkehrspolizei in Walldorf. <\/p>\n\n\n\n<h4 class=\"wp-block-heading\">(Neckargem\u00fcnd \/ Rhein-Neckar-Kreis) &#8211; Verkehrsunfall mit verletztem Radfahrer<\/h4>\n\n\n\n<p>Ein 27-j\u00e4hriger Radfahrer war am Mittwochnachmittag gegen 16:10 Uhr auf der B 37 von Neckarsteinach kommend stadteinw\u00e4rts unterwegs, als in H\u00f6he der Neckarsteinacher Stra\u00dfe, Einm\u00fcndung &#8222;Zum Felsenberg&#8220;, eine 42-j\u00e4hrige Mercedes-Fahrerin, die aus Richtung Heidelberg kommend, nach links in die Stra\u00dfe &#8222;Zum Felsenberg&#8220; abbog und dabei den Vorrang des Radfahrers missachtete. Der Radfahrer konnte trotz einer Vollbremsung nicht mehr ausweichen und kollidierte mit dem Auto. Dabei verletzte er sich und wurde anschlie\u00dfend in ein Krankenhaus transportiert. Die Autofahrerin wurde nicht verletzt. Durch den Unfall entstand ein Gesamtschaden von sch\u00e4tzungsweise 1000 Euro. <\/p>\n\n\n\n<h4 class=\"wp-block-heading\">(Hirschberg \/ Rhein-Neckar-Kreis) &#8211; Wohnungseinbruch; Zeugen gesucht<\/h4>\n\n\n\n<p>Ein bislang unbekannterer T\u00e4ter hebelte in einem Zeitraum von Montag, 30.03. bis Mittwoch, 01.04. das Wohnzimmerfenster einer Erdgeschosswohnung in der Heddesheimer Stra\u00dfe auf und gelangte so in die unbewohnte Wohnung. Es wurden s\u00e4mtlichen Schr\u00e4nke nach Wertsachen durchsucht. Ob etwas von entwendet wurde, ist bislang noch unklar. Die Ermittlungen hierzu dauern noch an. Hinweise nimmt der Kriminaldauerdienst, Tel.: 0621 174-4444 entgegen. <\/p>\n\n\n\n<h4 class=\"wp-block-heading\">(Weinheim \/ Rhein-Neckar-Kreis) &#8211; Mit 2,1 Promille und ohne F\u00fchrerschein unterwegs<\/h4>\n\n\n\n<p>V\u00f6llig betrunken war Donnerstagfr\u00fch gegen 0:23 Uhr ein Autofahrer auf dem Parkplatz eines M\u00f6belhauses in der Bergstra\u00dfe unterwegs. Bei der Verkehrskontrolle fiel den Beamten starker Alkoholgeruch auf. Ein Atemalkoholtest best\u00e4tigte den Verdacht und ergab einen Wert von 2,1 Promille. Wies sich herausstellte, war der Fahrer dar\u00fcber hinaus nicht im Besitz eines F\u00fchrerscheins. Auf dem Revier entnahm ein Arzt eine Blutprobe, anschlie\u00dfend wurde der Beschuldigte in Gewahrsam genommen. <\/p>\n","protected":false},"excerpt":{"rendered":"<div class=\"mh-excerpt\"><p>Polizeinachrichten von Donnerstag (02.04.2020) (Speyer) &#8211; Autorennen endet mit Polizeikontrolle Ein illegales Autorennen lieferten sich am sp\u00e4ten Mittwochabend ein 28-J\u00e4hriger Audi Fahrer sowie ein 29-J\u00e4hriger VW Fahrer. Die beiden Fahrzeuge fielen in der Landauer Stra\u00dfe <a class=\"mh-excerpt-more\" href=\"https:\/\/speyer24news.com\/?p=26157\" title=\"Polizei\">[&#8230;]<\/a><\/p>\n<\/div>","protected":false},"author":3,"featured_media":26162,"comment_status":"open","ping_status":"open","sticky":false,"template":"","format":"standard","meta":{"_monsterinsights_skip_tracking":false,"_monsterinsights_sitenote_active":false,"_monsterinsights_sitenote_note":"","_monsterinsights_sitenote_category":0,"footnotes":""},"categories":[12],"tags":[3614,61,2555,6263,63,105,53,4854,4683,1548,102,213,55,5261,103,106,2803,2423,427,2625,380,62,104,979,1565],"aioseo_notices":[],"amp_enabled":true,"_links":{"self":[{"href":"https:\/\/speyer24news.com\/index.php?rest_route=\/wp\/v2\/posts\/26157"}],"collection":[{"href":"https:\/\/speyer24news.com\/index.php?rest_route=\/wp\/v2\/posts"}],"about":[{"href":"https:\/\/speyer24news.com\/index.php?rest_route=\/wp\/v2\/types\/post"}],"author":[{"embeddable":true,"href":"https:\/\/speyer24news.com\/index.php?rest_route=\/wp\/v2\/users\/3"}],"replies":[{"embeddable":true,"href":"https:\/\/speyer24news.com\/index.php?rest_route=%2Fwp%2Fv2%2Fcomments&post=26157"}],"version-history":[{"count":2,"href":"https:\/\/speyer24news.com\/index.php?rest_route=\/wp\/v2\/posts\/26157\/revisions"}],"predecessor-version":[{"id":26163,"href":"https:\/\/speyer24news.com\/index.php?rest_route=\/wp\/v2\/posts\/26157\/revisions\/26163"}],"wp:featuredmedia":[{"embeddable":true,"href":"https:\/\/speyer24news.com\/index.php?rest_route=\/wp\/v2\/media\/26162"}],"wp:attachment":[{"href":"https:\/\/speyer24news.com\/index.php?rest_route=%2Fwp%2Fv2%2Fmedia&parent=26157"}],"wp:term":[{"taxonomy":"category","embeddable":true,"href":"https:\/\/speyer24news.com\/index.php?rest_route=%2Fwp%2Fv2%2Fcategories&post=26157"},{"taxonomy":"post_tag","embeddable":true,"href":"https:\/\/speyer24news.com\/index.php?rest_route=%2Fwp%2Fv2%2Ftags&post=26157"}],"curies":[{"name":"wp","href":"https:\/\/api.w.org\/{rel}","templated":true}]}}