{"id":26184,"date":"2020-04-04T08:25:29","date_gmt":"2020-04-04T07:25:29","guid":{"rendered":"https:\/\/speyer24news.com\/?p=26184"},"modified":"2020-04-04T08:25:31","modified_gmt":"2020-04-04T07:25:31","slug":"speyer-corona-bekaempfung","status":"publish","type":"post","link":"https:\/\/speyer24news.com\/?p=26184","title":{"rendered":"Speyer \/ Corona-Bek\u00e4mpfung"},"content":{"rendered":"<style type=\"text\/css\">\r\n\t.ads_top_disp{}\r\n\t.ads_top_corner_disp{ float:left; margin:0px 10px 10px 0px; }\r\n\t.ads_first_p_disp{}\r\n\t.ads_bottom_disp{}\r\n\t<\/style>\n<h2 class=\"wp-block-heading\"><strong>Corona-Ambulanz \u00f6ffnet im ehemaligen Stiftungskrankenhaus<\/strong><\/h2>\n\n\n\n<div class=\"wp-block-image\"><figure class=\"aligncenter\"><img decoding=\"async\" loading=\"lazy\" width=\"800\" height=\"591\" src=\"https:\/\/speyer24news.com\/wp-content\/uploads\/2020\/04\/ehemaliges-stiftungskrankenhaus-speyer-spitalgasse.jpg\" alt=\"\" class=\"wp-image-26185\" srcset=\"https:\/\/speyer24news.com\/wp-content\/uploads\/2020\/04\/ehemaliges-stiftungskrankenhaus-speyer-spitalgasse.jpg 800w, https:\/\/speyer24news.com\/wp-content\/uploads\/2020\/04\/ehemaliges-stiftungskrankenhaus-speyer-spitalgasse-300x222.jpg 300w, https:\/\/speyer24news.com\/wp-content\/uploads\/2020\/04\/ehemaliges-stiftungskrankenhaus-speyer-spitalgasse-768x567.jpg 768w, https:\/\/speyer24news.com\/wp-content\/uploads\/2020\/04\/ehemaliges-stiftungskrankenhaus-speyer-spitalgasse-80x60.jpg 80w\" sizes=\"(max-width: 800px) 100vw, 800px\" \/><\/figure><\/div>\n\n\n\n<p>Am kommenden Montag, 6. April 2020, er\u00f6ffnet im Erdgeschoss des ehemaligen Stiftungskrankenhauses in der Spitalgasse eine Corona-Ambulanz.\n In dieser werden Patient*innen behandelt, die entweder bereits positiv auf das neuartige Coronavirus (SARS-CoV-2) getestet wurden oder die die Symptome Fieber und Husten aufweisen und deren Abstrichergebnis noch aussteht.&nbsp;\n<\/p>\n\n\n\n<p>In der Ambulanz werden von der Kassen\u00e4rztlichen Vereinigung zugelassene niedergelassene Vertrags\u00e4rzt*innen t\u00e4tig sein, die sich freiwillig  f\u00fcr den Dienst im Stiftungskrankenhaus gemeldet haben. \u201eIch bin sehr froh dar\u00fcber, dass die Stadt Speyer \u00fcber ein solch hervorragendes Netz an niedergelassenen \u00c4rzt*innen verf\u00fcgt, die sich \u00fcber die weiterhin anfallende Arbeit in ihren Praxen hinaus f\u00fcr die  Menschen engagieren f\u00fcr sie da sind\u201c, betont Oberb\u00fcrgermeisterin Stefanie Seiler. \u201eF\u00fcr den Dienst in der Corona-Ambulanz haben sich 24 Mediziner*innen freiwillig registrieren lassen. F\u00fcr eine solch gro\u00dfe Bereitschaft bin ich von Herzen dankbar\u201c, so die Stadtchefin weiter. Dar\u00fcber hinaus stellen die Stadtverwaltung, die Feuerwehr Speyer und der Deutsche Rote Kreuz Kreisverband Speyer Helfer*innen, die organisatorisch und operativ unterst\u00fctzen werden.<\/p>\n\n\n\n<div class=\"wp-block-image\"><figure class=\"aligncenter\"><img decoding=\"async\" loading=\"lazy\" width=\"800\" height=\"600\" src=\"https:\/\/speyer24news.com\/wp-content\/uploads\/2020\/01\/IMG_20200115_191234-1.jpg\" alt=\"\" class=\"wp-image-24419\" srcset=\"https:\/\/speyer24news.com\/wp-content\/uploads\/2020\/01\/IMG_20200115_191234-1.jpg 800w, https:\/\/speyer24news.com\/wp-content\/uploads\/2020\/01\/IMG_20200115_191234-1-300x225.jpg 300w, https:\/\/speyer24news.com\/wp-content\/uploads\/2020\/01\/IMG_20200115_191234-1-768x576.jpg 768w, https:\/\/speyer24news.com\/wp-content\/uploads\/2020\/01\/IMG_20200115_191234-1-678x509.jpg 678w, https:\/\/speyer24news.com\/wp-content\/uploads\/2020\/01\/IMG_20200115_191234-1-326x245.jpg 326w, https:\/\/speyer24news.com\/wp-content\/uploads\/2020\/01\/IMG_20200115_191234-1-80x60.jpg 80w\" sizes=\"(max-width: 800px) 100vw, 800px\" \/><\/figure><\/div>\n\n\n\n<p>Aufgesucht werden kann die Corona-Ambulanz aus Gr\u00fcnden des Infektionsschutzes ausschlie\u00dflich nach vorheriger<strong> telefonischer Anmeldung\n<\/strong>des Patienten\/der Patientin<strong> durch den Hausarzt bzw. die Haus\u00e4rztin<\/strong>. Die Sprechzeiten sind zun\u00e4chst werktags von 12:00 bis 14:00 Uhr und werden gegebenenfalls nach Bedarf angepasst. Das Einzugsgebiet umfasst die Stadt Speyer und die umliegenden Gemeinden.\n<\/p>\n\n\n\n<p>\u201eUnser Ziel ist es, durch die Einrichtung dieser zus\u00e4tzlichen Anlaufstelle die Patientenstr\u00f6me zu trennen und die niedergelassenen Kolleginnen  und Kollegen sowie die Krankenhausambulanzen zu entlasten. Positiv getesteten Personen wird somit eine bedarfsgerechte medizinische Versorgung garantiert, w\u00e4hrend die Hausarztpraxen vor einer Kontamination mit dem Virus gesch\u00fctzt werden\u201c, erkl\u00e4rt Dr. Maria  Montero-Muth, die sich gemeinsam mit der Kassen\u00e4rztlichen Vereinigung f\u00fcr die Organisation der Praxisabl\u00e4ufe verantwortlich zeichnet. Dar\u00fcber hinaus erm\u00f6glicht die Corona-Ambulanz die Identifikation von Patient*innen, die eine Krankenhauseinweisung ben\u00f6tigen.  Durch die enge Zusammenarbeit mit den beiden vor Ort ans\u00e4ssigen Kliniken ist eine schnelle Reaktionszeit gew\u00e4hrleistet. <\/p>\n\n\n\n<div class=\"wp-block-image\"><figure class=\"aligncenter\"><img decoding=\"async\" loading=\"lazy\" width=\"500\" height=\"500\" src=\"https:\/\/speyer24news.com\/wp-content\/uploads\/2020\/04\/virus-4810549_1920.png\" alt=\"\" class=\"wp-image-26186\" srcset=\"https:\/\/speyer24news.com\/wp-content\/uploads\/2020\/04\/virus-4810549_1920.png 500w, https:\/\/speyer24news.com\/wp-content\/uploads\/2020\/04\/virus-4810549_1920-150x150.png 150w, https:\/\/speyer24news.com\/wp-content\/uploads\/2020\/04\/virus-4810549_1920-300x300.png 300w\" sizes=\"(max-width: 500px) 100vw, 500px\" \/><\/figure><\/div>\n\n\n\n<p>\u201eIch bin dem Stadtvorstand und der Verwaltung wirklich dankbar f\u00fcr die gro\u00dfartige Unterst\u00fctzung und die reibungslose Zusammenarbeit.\n Gleiches gilt auch f\u00fcr die Feuerwehr Speyer und das Deutsche Rote Kreuz, ohne deren unb\u00fcrokratische Hilfe eine so schnelle Umsetzung unseres Vorhabens nicht m\u00f6glich gewesen w\u00e4re\u201c, so Dr. Montero-Muth.<\/p>\n\n\n\n<p>Die n\u00f6tige Infrastruktur im Stiftungskrankenhaus hat die Stadt Speyer mit der Stabsstelle Feuerwehr und Katastrophenschutz mit Unterst\u00fctzung  des Schaustellerverbands Speyer e.V. hergestellt. Der zun\u00e4chst geplante Standort in der Sporthalle-Ost wurde aufgrund nicht ausreichender Bel\u00fcftungsm\u00f6glichkeiten verworfen. <\/p>\n\n\n\n<p><em>Text: Stadtverwaltung Speyer Foto: Speyer 24\/7 News,dak &amp; pixabay.com<br>04.04.2020<\/em><\/p>\n\n\n\n<h3 class=\"wp-block-heading\"><strong>Fallzahlen Stadt Speyer vom 03.04.2020<\/strong><\/h3>\n\n\n\n<figure class=\"wp-block-image\"><img decoding=\"async\" loading=\"lazy\" width=\"800\" height=\"400\" src=\"https:\/\/speyer24news.com\/wp-content\/uploads\/2020\/02\/virus-1812092_1920.jpg\" alt=\"\" class=\"wp-image-25128\" srcset=\"https:\/\/speyer24news.com\/wp-content\/uploads\/2020\/02\/virus-1812092_1920.jpg 800w, https:\/\/speyer24news.com\/wp-content\/uploads\/2020\/02\/virus-1812092_1920-300x150.jpg 300w, https:\/\/speyer24news.com\/wp-content\/uploads\/2020\/02\/virus-1812092_1920-768x384.jpg 768w\" sizes=\"(max-width: 800px) 100vw, 800px\" \/><\/figure>\n\n\n\n<p><strong>Anzahl best\u00e4tigter F\u00e4lle von Coronavirus (SARS-CoV-2)-Infektionen in der Stadt Speyer: 38<\/strong>  <strong> +\/- 0 Neuinfizierte<\/strong><\/p>\n\n\n\n<p><strong>Personen in Quarant\u00e4ne: 60<\/strong> <strong>  &#8211; 6 in Quarant\u00e4ne befindliche Personen<\/strong><\/p>\n\n\n\n<p><em>Stand: 03.04.2020, 12:45 Uhr<\/em><\/p>\n\n\n\n<p><em>Text: Stadtverwaltung Speyer Foto: pixabay.com<br>04.04.2020<\/em><\/p>\n","protected":false},"excerpt":{"rendered":"<div class=\"mh-excerpt\"><p>Corona-Ambulanz \u00f6ffnet im ehemaligen Stiftungskrankenhaus Am kommenden Montag, 6. April 2020, er\u00f6ffnet im Erdgeschoss des ehemaligen Stiftungskrankenhauses in der Spitalgasse eine Corona-Ambulanz. In dieser werden Patient*innen behandelt, die entweder bereits positiv auf das neuartige Coronavirus <a class=\"mh-excerpt-more\" href=\"https:\/\/speyer24news.com\/?p=26184\" title=\"Speyer \/ Corona-Bek\u00e4mpfung\">[&#8230;]<\/a><\/p>\n<\/div>","protected":false},"author":3,"featured_media":23902,"comment_status":"open","ping_status":"open","sticky":false,"template":"","format":"standard","meta":{"_monsterinsights_skip_tracking":false,"_monsterinsights_sitenote_active":false,"_monsterinsights_sitenote_note":"","_monsterinsights_sitenote_category":0,"footnotes":""},"categories":[9],"tags":[6367,6200,6399,6359,6199,6370,5904,6358,5801,6342,6400,6],"aioseo_notices":[],"amp_enabled":true,"_links":{"self":[{"href":"https:\/\/speyer24news.com\/index.php?rest_route=\/wp\/v2\/posts\/26184"}],"collection":[{"href":"https:\/\/speyer24news.com\/index.php?rest_route=\/wp\/v2\/posts"}],"about":[{"href":"https:\/\/speyer24news.com\/index.php?rest_route=\/wp\/v2\/types\/post"}],"author":[{"embeddable":true,"href":"https:\/\/speyer24news.com\/index.php?rest_route=\/wp\/v2\/users\/3"}],"replies":[{"embeddable":true,"href":"https:\/\/speyer24news.com\/index.php?rest_route=%2Fwp%2Fv2%2Fcomments&post=26184"}],"version-history":[{"count":1,"href":"https:\/\/speyer24news.com\/index.php?rest_route=\/wp\/v2\/posts\/26184\/revisions"}],"predecessor-version":[{"id":26187,"href":"https:\/\/speyer24news.com\/index.php?rest_route=\/wp\/v2\/posts\/26184\/revisions\/26187"}],"wp:featuredmedia":[{"embeddable":true,"href":"https:\/\/speyer24news.com\/index.php?rest_route=\/wp\/v2\/media\/23902"}],"wp:attachment":[{"href":"https:\/\/speyer24news.com\/index.php?rest_route=%2Fwp%2Fv2%2Fmedia&parent=26184"}],"wp:term":[{"taxonomy":"category","embeddable":true,"href":"https:\/\/speyer24news.com\/index.php?rest_route=%2Fwp%2Fv2%2Fcategories&post=26184"},{"taxonomy":"post_tag","embeddable":true,"href":"https:\/\/speyer24news.com\/index.php?rest_route=%2Fwp%2Fv2%2Ftags&post=26184"}],"curies":[{"name":"wp","href":"https:\/\/api.w.org\/{rel}","templated":true}]}}