{"id":26191,"date":"2020-04-05T08:45:41","date_gmt":"2020-04-05T07:45:41","guid":{"rendered":"https:\/\/speyer24news.com\/?p=26191"},"modified":"2020-04-05T08:47:39","modified_gmt":"2020-04-05T07:47:39","slug":"polizei-224","status":"publish","type":"post","link":"https:\/\/speyer24news.com\/?p=26191","title":{"rendered":"Polizei"},"content":{"rendered":"<style type=\"text\/css\">\r\n\t.ads_top_disp{}\r\n\t.ads_top_corner_disp{ float:left; margin:0px 10px 10px 0px; }\r\n\t.ads_first_p_disp{}\r\n\t.ads_bottom_disp{}\r\n\t<\/style>\n<h2 class=\"wp-block-heading\">Polizeimeldungen vom Samstag (04.04.2020)<\/h2>\n\n\n\n<div class=\"wp-block-image\"><figure class=\"aligncenter\"><img decoding=\"async\" src=\"https:\/\/speyer24news.com\/wp-content\/uploads\/2020\/01\/Aktuelles-Polizeilogo.jpg\" alt=\"\" class=\"wp-image-23832\"\/><\/figure><\/div>\n\n\n\n<h4 class=\"wp-block-heading\">(Speyer) &#8211; PKW ohne Fahrerlaubnis und unter dem Einfluss von Bet\u00e4ubungsmitteln gef\u00fchrt<\/h4>\n\n\n\n<p>Mit einem Strafverfahren aufgrund des Fahrens ohne Fahrerlaubnis muss ein 25-j\u00e4hriger Mann aus Dudenhofen rechnen, der am Freitagabend als Fahrzeugf\u00fchrer in das Visier der Polizeibeamten geriet und mit seinem PKW in Speyer einer Verkehrskontrolle unterzogen wurde. Als der Fahrzeugf\u00fchrer seinen F\u00fchrerschein aush\u00e4ndigen sollte, r\u00e4umte er ein, dass er nicht im Besitz einer g\u00fcltigen Fahrerlaubnis sei. Im weiteren Verlauf der Verkehrskontrolle erh\u00e4rtete sich zudem der Verdacht, dass der 25-j\u00e4hrige unter dem Einfluss von Bet\u00e4ubungsmitteln stand. Der Fahrer gab daraufhin selbst an, dass er Kokain konsumiert hatte. Er wurde zwecks Blutentnahme auf die Dienststelle verbracht. Die Weiterfahrt mit dem PKW wurde ihm untersagt <\/p>\n\n\n\n<h4 class=\"wp-block-heading\">(Speyer) &#8211; Versuchter Einbruch in Dienstleistungsagentur<\/h4>\n\n\n\n<p>In der Nacht von Donnerstag auf Freitag kam es zu einem Einbruchsversuch in eine Dienstleistungsagentur in der Lessingstra\u00dfe in Speyer. Bislang unbekannte T\u00e4ter machten sich im Zeitraum von Donnerstag, den 02.04.2020, 16:30 Uhr bis Freitag, den 03.04.2020, 07:45 Uhr, an zwei T\u00fcren des Haupteingangs zu schaffen und versuchten diese aufzuhebeln. Der Versuch misslang und der\/die T\u00e4ter gelangten nicht in das Geb\u00e4ude. An den T\u00fcren entstand Sachschaden in noch unbekannter H\u00f6he. <\/p>\n\n\n\n<h4 class=\"wp-block-heading\">(Kandel) &#8211; Vandalismus an der IGS-Kandel<\/h4>\n\n\n\n<p>Durch bislang unbekannte T\u00e4ter wurde am Donnerstagabend eine Baustelle an der integrierten Gesamtschule Kandel betreten. Hier wurde ein Gasbrenner samt Gasflasche entwendet. Mit diesem Brenner gingen die T\u00e4ter zum Hintereingang der Bienwaldhalle Kandel. Hier wurde ein Plastikschild abgebrannt und versucht die T\u00fcr zum M\u00fcllk\u00e4fig aufzuhebeln. Der entstandene Schaden d\u00fcrfte sich auf ca. 200 Euro. <\/p>\n\n\n\n<h4 class=\"wp-block-heading\">(Landau) &#8211; Abstellplatz von Pkw vergessen<\/h4>\n\n\n\n<p>Am Morgen des 02.04.2020 wurde bei der PI Landau durch eine Landauer Mitb\u00fcrgerin mitgeteilt, dass offensichtlich ihr Pkw gestohlen worden sei. Dieser sei nicht mehr an seinem angestammten Platz in der Tiefgarage vorzufinden. Da niemand aus der Verwandtschaft den Pkw nutzte, ging die Frau davon aus, dass der Pkw gestohlen sei. Entsprechende Fahndungsma\u00dfnahmen der Polizei wurden eingeleitet. Gegen Abend meldete sich die Fahrzeughalterin erneut und teilte nun mit, dass sie den Pkw am Wei\u00dfquartierplatz abgestellt und dies wohl vergessen hatte. Der Pkw sei unbesch\u00e4digt, habe aber einige Strafzettel erhalten, da kein g\u00fctiges Parkticket vorhanden war. Die Fahndung wurde eingestellt. <\/p>\n\n\n\n<h4 class=\"wp-block-heading\">(Landau) &#8211; Wiederholte Sachbesch\u00e4digung an Pkw<\/h4>\n\n\n\n<p>In den N\u00e4chten vom 02.03.2020, 06.03.2020 und 23.03.2020 jeweils zwischen 20:00 Uhr und 08:00 Uhr hatte eine Landauer Mitb\u00fcrgerin ihren schwarzen Pkw in der Fichtenstra\u00dfe zum Parken abgestellt. Sie musste jeweils morgens beim Eintreffen an ihrem Fahrzeug feststellen, dass eine bislang unbekannte Person den Pkw an verschiedenen Stellen verkratzt hatte. <\/p>\n\n\n\n<p>Zeugen der Vorf\u00e4lle werden gebeten, sich mit der Polizei Landau in Verbindung zu setzen. <\/p>\n\n\n\n<h4 class=\"wp-block-heading\">(Landau-Rohrbach) &#8211; Beleidigung und K\u00f6rperverletzung zum Nachteil von Sicherheitsdienst<\/h4>\n\n\n\n<p>Am 03.04.2020, gg. 09:00 Uhr, machte der Sicherheitsdienst am Aldi-Markt in Rohrbach einen Kunden darauf aufmerksam, dass er den Markt aufgrund der Sicherheitsvorgaben lediglich mit einem Einkaufswagen betreten d\u00fcrfte. Der Kunde zeigte sich hier\u00fcber uneinsichtig und beleidigte den Sicherheitsmann. Als es zu einem Gerangel kam, wurde der Sicherheitsmann durch den Ellenbogen des Kunden im Gesicht getroffen. Der Kunde entfernte sich schlie\u00dflich von der \u00d6rtlichkeit. <\/p>\n\n\n\n<p>Zeugen, die Angaben zu der Tat oder dem T\u00e4ter machen k\u00f6nnen werden gebeten, sich mit der Polizei Landau in Verbindung zu setzen. <\/p>\n\n\n\n<h4 class=\"wp-block-heading\">(Maikammer) &#8211; Eigent\u00fcmer gesucht!<\/h4>\n\n\n\n<p>Am Morgen des 03.04.2020 wird hiesiger Dienststelle ein hochwertiges Mountainbike der Marke Bulls, Farbe: schwarz\/wei\u00df, vor der VR Bank in Maikammer gemeldet. Als die Streife der PI Edenkoben das Fahrrad vor Ort \u00fcberpr\u00fcfte, konnte festgestellt werden, dass dieses unverschlossen abgestellt wurde. Das Fahrrad wurde durch die Beamten sichergestellt. <\/p>\n\n\n\n<p>Der Eigent\u00fcmer bzw. Zeugen werden gebeten sich mit der PI Edenkoben unter 06323 955-0 oder per Mail an <a href=\"mailto:piedenkoben@polizei.rlp.de\">piedenkoben@polizei.rlp.de<\/a> in Verbindung zu setzen. <\/p>\n\n\n\n<h4 class=\"wp-block-heading\">(Kirrweiler) &#8211; Unfallflucht<\/h4>\n\n\n\n<p>Am 02.04.2020, zwischen 12:30 Uhr und 13:30 Uhr, kam es zu einer Verkehrsunfallflucht auf dem Parkplatz des Sportplatzes. Ein unbekannter Fahrzeugf\u00fchrer besch\u00e4digte vermutlich beim Ein-\/Ausparken den dort ordnungsgem\u00e4\u00df geparkten Pkw eines 66j\u00e4hrigen aus dem Bereich der VG Maikammer. Im Anschluss entfernte sich der Verursacher ohne sich um die Schadensregulierung zu k\u00fcmmern. Bei dem besch\u00e4digten Pkw handelt es sich um einen blauen VW Passat mit S\u00dcW-Kennzeichen. Der entstandene Sachschaden bel\u00e4uft sich auf ca. 100EUR. <\/p>\n\n\n\n<p>Zeugenhinweise nimmt die PI Edenkoben unter 06323 955-0 oder per Mail an <a href=\"mailto:piedenkoben@polizei.rlp.de\">piedenkoben@polizei.rlp.de<\/a> entgegen. <\/p>\n\n\n\n<h4 class=\"wp-block-heading\">(Neustadt) &#8211; Bei Personenkontrolle Bet\u00e4ubungsmittel aufgefunden<\/h4>\n\n\n\n<p>Am Freitag, den 03.04.20, gegen 21.40 Uhr sollte eine m\u00e4nnliche Person im Bereich der Chemnitzer Stra\u00dfe einer Personenkontrolle unterzogen werden. Bei Erblicken des Funkstreifenwagens fl\u00fcchtete er fu\u00dfl\u00e4ufig in Richtung Bahnhaltepunkt Neustadt-S\u00fcd, wo er eingeholt und kontrolliert werden konnte. Im Rahmen der Kontrolle des 18-j\u00e4hrigen aus Neustadt wird eine geringe Menge Cannabis aufgefunden. Dies sei auch der Grund gewesen warum er vor der Polizei weglaufen wollte. Gegen den 18-j\u00e4hrigen wurde eine Strafanzeige wegen des Besitzes von Bet\u00e4ubungsmitteln aufgenommen. <\/p>\n\n\n\n<h4 class=\"wp-block-heading\">(Neustadt) &#8211; Bedrohung und Beleidigung des Sicherheitspersonals in Einkaufszentrum<\/h4>\n\n\n\n<p>Am Freitag, den 03.04.20, gegen 21.30 Uhr wurde durch den Sicherheitsdienst eines Einkaufscenters in der Adolf-Kolping-Stra\u00dfe mitgeteilt, dass die m\u00e4nnliche Person, welche am 01.04.20 einen Mitarbeiter des Sicherheitsdienstes mit einem Messer verletzt hatte, aktuell wieder am Markt ist und den Sicherheitsdienst beleidigen und bedrohen w\u00fcrde. Der 55-j\u00e4hrige Beschuldigte konnte durch die eingesetzten Beamten nicht mehr angetroffen werden. Es wurde eine Strafanzeige wegen Beleidigung, Bedrohung, sowie Hausfriedensbruch aufgenommen. <\/p>\n\n\n\n<h4 class=\"wp-block-heading\">(Neustadt) &#8211; Einbruch in D\u00f6ner-Imbiss<\/h4>\n\n\n\n<p>In der Zeit zwischen dem 19.03.20 und dem 03.04.20 wurde in einen D\u00f6ner-Imbiss in der Martin-Luther-Stra\u00dfe eingebrochen. Durch den oder die T\u00e4ter wurde der Imbiss \u00fcber den r\u00fcckw\u00e4rtigen Eingang gewaltsam betreten. Aus dem Imbiss wurde das elektronische Kassensystem, ein Elektromesser und Getr\u00e4nke entwendet. In der Kasse selbst befand sich kein Geld. Der Gesamtschaden bel\u00e4uft sich auf ca. 4.000 Euro. <\/p>\n\n\n\n<p>Zeugen, die Hinweise auf den oder die T\u00e4ter geben k\u00f6nnen, werden gebeten mit der Kriminalpolizei Neustadt unter 06321-8540 oder <a href=\"mailto:kineustadt@polizei.rlp.de\">kineustadt@polizei.rlp.de<\/a> in Verbindung zu setzen. <\/p>\n\n\n\n<h4 class=\"wp-block-heading\">(Bad D\u00fcrkheim) &#8211; Versuchter Einbruch in Kinderhort Mitte<\/h4>\n\n\n\n<p>Bislang unbekannte T\u00e4ter versuchten im Zeitraum Dienstag, 24.03.2020 &#8211; Donnerstag, 02.04.2020 in den Kinderhort Mitte in der Kurbrunnenstra\u00dfe einzubrechen und scheiterten an den gut gesicherten Fenstern und T\u00fcren. Es entstand Sachschaden in H\u00f6he von ca. 2000 EUR. <\/p>\n\n\n\n<p>Hinweise bitte an die Polizeiinspektion Bad D\u00fcrkheim, Tel. 06322\/963-0 oder <a href=\"mailto:pibadduerkheim@polizei.rlp.de\">pibadduerkheim@polizei.rlp.de<\/a><\/p>\n\n\n\n<h4 class=\"wp-block-heading\">(Ellerstadt) &#8211; Versuchter Einbruch in Gesch\u00e4ftsstelle<\/h4>\n\n\n\n<p>Bislang unbekannte T\u00e4ter versuchten im Zeitraum Freitag, 27.03.2020 &#8211; Montag, 30.03.2020, in die B\u00fcror\u00e4umlichkeit einer Versicherung in der Georg-Fitz-Stra\u00dfe in Ellerstadt einzubrechen und scheiterten an der T\u00fcr. Die genaue Schadensh\u00f6he kann bislang nicht beziffert werden. Hinweise bitte an die Polizeiinspektion Bad D\u00fcrkheim, Tel. 06322\/963-0 oder <a href=\"mailto:pibadduerkheim@polizei.rlp.de\">pibadduerkheim@polizei.rlp.de<\/a><\/p>\n\n\n\n<h4 class=\"wp-block-heading\">(Gro\u00dfniedesheim) &#8211; Brand in Einfamilienhaus<\/h4>\n\n\n\n<p>Am 03.04.20, gegen 23:00 Uhr, kommt es zu einem Brand im  Dachgeschoss eines Einfamilienhauses in Gro\u00dfniedesheim. Durch die verst\u00e4ndigte Feuerwehr wurde der scheinbar in einem Bad im Dachgeschoss ausgebrochene Brand gel\u00f6scht. Die Bewohner des Hauses blieben unverletzt. Die H\u00f6he des Sachschadens ist derzeit noch nicht bekannt. Ermittlungen bez\u00fcglich der Brandursache werden von der Kriminalpolizei Ludwigshafen gef\u00fchrt. <\/p>\n\n\n\n<h4 class=\"wp-block-heading\">(Ludwigshafen) &#8211; Verst\u00f6\u00dfe gegen die Allgemeinverf\u00fcgung<\/h4>\n\n\n\n<p>In den letzten Tagen konnten immer wieder Ansammlungen von Personengruppen auf offener Stra\u00dfe oder auch in noch ge\u00f6ffneten Gastst\u00e4tten festgestellt werden. In diesem Zusammenhang wird nochmals auf die bestehende Allgemeinverf\u00fcgung hingewiesen. Um eine rasante Ausbreitung des Corona-Virus zu bek\u00e4mpfen, ist es dringend erforderlich, dass sich alle an die beschlossenen Ma\u00dfnahmen halten. Abgesehen von gesundheitlichen Risiken f\u00fcr die Betreffenden selbst sowie auch f\u00fcr die Personen ihres Haushaltes, sind die Verst\u00f6\u00dfe auch mit Ordnungs- und Strafgeldern belegt.<\/p>\n\n\n\n<h4 class=\"wp-block-heading\">(Ludwigshafen) &#8211; Anrufe von falschen Polizeibeamten<\/h4>\n\n\n\n<p>Im Laufe des Freitages kam es im Stadtgebiet Ludwigshafen zu mehreren Anrufen von falschen Polizeibeamten. Hierbei ist die vorgehensweis vielseitig. Es werden Namen von &#8222;echten Polizeibeamten&#8220; genannt, taktische Vorgehensweisen aufgezeigt oder dramatische Szenarien vorgespielt. Hierbei nutzen die T\u00e4ter auch gerade das aktuelle Kontaktverbot als Vorwand f\u00fcr den Anruf. Die Polizei bittet im Zusammenhang mit dieser sehr weit verbreiteten Betrugsmasche um besonders besonnenen Umgang mit Telefonaten. Sollten sie nicht ganz sicher sein, ihren Gespr\u00e4chspartner zu kennen, gibt es keinen Grund vertrauensvolle Informationen preiszugeben. Explizit Gespr\u00e4che im Zusammenhang mit Bargeldbetr\u00e4gen sollten am Telefon nicht mit unbekannten Personen gef\u00fchrt werden. <\/p>\n\n\n\n<h4 class=\"wp-block-heading\">(Mannheim-Innenstadt) &#8211; Brennender M\u00fclleimer sorgt f\u00fcr Aufregung<\/h4>\n\n\n\n<p>Am Samstagmorgen, gegen 08.15 Uhr, musste die Berufsfeuerwehr zu einem Brand ins Quadrat G 2 ausr\u00fccken. Eine im Hinterhof abgestellte Recycling Tonne f\u00fcr Speise\u00f6l war aus bislang unbekannter Ursache in Brand geraten. Das Feuer griff auf eine M\u00fclltonne \u00fcber, die ebenfalls in Brand geriet. Hierdurch kam es kurzzeitig zu einer starken Rauchentwicklung. Durch den Brand wurde die Hausfassade verru\u00dft. Eine Wohnung musste durch die Feuerwehr gel\u00fcftet werden. Verletzt wurde niemand. Der Sachschaden bel\u00e4uft sich nach ersten Sch\u00e4tzungen auf rund 6.000 Euro. Durch die Einsatzfahrzeuge der Feuerwehr kam es w\u00e4hrend dem Einsatz zu kurzzeitigen Verkehrsbehinderungen in der Marktstra\u00dfe. Brandermittler des PRev. MA-Innenstadt \u00fcbernehmen die Ermittlungen zur Brandursache. Zeugen werden gebeten sich unter Tel.: 0621\/1258-0 zu melden. <\/p>\n\n\n\n<h4 class=\"wp-block-heading\">(Mannheim \/ Heidelberg \/ Rhein-Neckar-Kreis) &#8211; &#8222;Corona-Streifen&#8220; fortgesetzt<\/h4>\n\n\n\n<div class=\"wp-block-image\"><figure class=\"aligncenter\"><img decoding=\"async\" loading=\"lazy\" width=\"500\" height=\"500\" src=\"https:\/\/speyer24news.com\/wp-content\/uploads\/2020\/04\/virus-4810549_1920.png\" alt=\"\" class=\"wp-image-26186\" srcset=\"https:\/\/speyer24news.com\/wp-content\/uploads\/2020\/04\/virus-4810549_1920.png 500w, https:\/\/speyer24news.com\/wp-content\/uploads\/2020\/04\/virus-4810549_1920-150x150.png 150w, https:\/\/speyer24news.com\/wp-content\/uploads\/2020\/04\/virus-4810549_1920-300x300.png 300w\" sizes=\"(max-width: 500px) 100vw, 500px\" \/><\/figure><\/div>\n\n\n\n<p>Obwohl sich die \u00fcberwiegende Mehrheit der Bev\u00f6lkerung in Corona-Zeiten an die gesellschaftlichen Einschr\u00e4nkungen h\u00e4lt, gibt es immer noch ein paar Unbelehrbare, die meinen, dass f\u00fcr sie diese Regelungen nicht gelten. Dies stellten die Beamten des Polizeipr\u00e4sidiums Mannheim im Laufe des Freitages und von Freitag auf Samstag wieder einmal in der gesamten Region fest. <\/p>\n\n\n\n<p>Insgesamt wurden 167 Fahrzeuge und 679 Personen kontrolliert. Es ergaben sich insgesamt 93 Verst\u00f6\u00dfe gegen das Infektionsschutzgesetz (MA: 48; HD: 15; RNK: 30) ausschlie\u00dflich Ordnungswidrigkeiten. Nachfolgend werden einige bemerkenswerte Ereignisse geschildert, die sich von Freitag auf Samstag zugetragen haben. <\/p>\n\n\n\n<p>In Laudenbach wurde am Freitagabend, kurz nach 21 Uhr, eine Party beendet. Die sechs G\u00e4ste zeigten sich uneinsichtig hinsichtlich des Einschreitens der Beamten. Um zuk\u00fcnftig die Einsicht zu st\u00e4rken, wurden Bu\u00dfgeldverfahren gegen die Anwesenden eingeleitet. <\/p>\n\n\n\n<p>Dass Schulh\u00f6fe Anziehungspunkte sind, um sich entgegen den erlassenen Allgemeinverf\u00fcgungen und der CoronaVO zu treffen, stellten in j\u00fcngster Vergangenheit die eingesetzten Beamten h\u00e4ufiger fest. So auch am Freitagabend gegen 20.45 Uhr auf einem Schulhof in der Herzogenriedstra\u00dfe in Mannheim. Insgesamt neun Personen im Alter zwischen 14 und 41 Jahren hatten sich dort getroffen. Speisereste und Getr\u00e4nkedosen zeugten von einem l\u00e4ngeren Verweilen. <\/p>\n\n\n\n<p>Auch einen unbelehrbaren Gastwirt stellten Beamte am Freitagabend im Mannheimer Stadtteil Wallstadt fest. Kurz nach 23 Uhr hielten sich 12 G\u00e4ste in der Gastst\u00e4tte auf und zechten. Nach au\u00dfen hin sollte durch die heruntergelassenen Rolll\u00e4den und die verschlossene Eingangst\u00fcr ein &#8222;Nichtbetrieb&#8220; vorget\u00e4uscht werden. Die Beamten konnten sich allerdings auf ihr gutes Geh\u00f6r verlassen und den Betrieb schlie\u00dflich einstellen. F\u00fcr den Wirt wird es nun wahrscheinlich teuer. Laut Bu\u00dfgeldkatalog steht f\u00fcr ihn ein Bu\u00dfgeld von 5.000.- Euro und f\u00fcr jeden seiner G\u00e4ste eines ihn H\u00f6he von 500.- Euro im Raum. <\/p>\n\n\n\n<p>Dass es auf &#8222;Corona-Streife&#8220; manchmal auch kurios zugeht, erfuhren Beamte des Polizeireviers Wiesloch am Freitagabend in Leimen. Aus einer Wohnung im Pommernweg drang lauter L\u00e4rm nach drau\u00dfen, sodass Anrufer sich bei der Polizei beschwerten. Die Wohnungsinhaberin gab sich zun\u00e4chst unwissend, allerdings machten Gl\u00e4ser auf dem Tisch die Beamten stutzig. Beim genaueren Hinsehen wurden vier &#8222;Partyg\u00e4ste&#8220; entdeckt, die sich hinter einem Bett im Schlafzimmer versteckten. <\/p>\n\n\n\n<p>In Wiesloch mussten Streifenwagen gleich zweimal wegen auff\u00e4lliger Personengruppen ausr\u00fccken. Zun\u00e4chst wurde dem Polizeirevier am Freitagabend gegen 20.40 Uhr eine Gruppe von \u00fcber zehn Jugendlichen gemeldet, die sich auf einem Parkdeck der Stadtgalerie aufhalten sollen. Beim Eintreffen der Streife wurden noch vier Personen im Alter zwischen 14 und 20 Jahren angetroffen. Der Rest ging stiften. <\/p>\n\n\n\n<p>Am fr\u00fchen Samstagmorgen, gegen 00.20 Uhr, ging abermals eine Meldung \u00fcber eine gr\u00f6\u00dfere Ansammlung von Jugendlichen bei der Wache ein. Dieses Mal wurde der B\u00f6gnerweg von zwei Streifen angesteuert. Dort hatten sich augenscheinlich mehrere Jugendliche niedergelassen und gefeiert; volle Trinkbecher zeugten davon. Als sie die Streifen erblickten, rannte die Gruppe in Richtung Schulzentrum davon. Bis auf zwei; deren Personalien wurden festgestellt. <\/p>\n\n\n\n<p>Gegen alle Kontrollierten wurde ein Bu\u00dfgeldverfahren eingeleitet. <\/p>\n\n\n\n<p>Die beschriebenen Vorg\u00e4nge sind besonders &#8222;bemerkenswerte&#8220; F\u00e4lle, die nicht den Gesamteindruck der Verst\u00f6\u00dfe widerspiegeln. Bei dem \u00fcberwiegenden Teil der Zuwiderhandlungen handelt es sich um einfach gelagerte Ordnungswidrigkeiten -Zusammenk\u00fcnfte von 3-4 Personen im au\u00dferfamili\u00e4ren Bereich und\/oder Unterschreitung des Mindestabstandes von 1,5 Meter. <\/p>\n\n\n\n<p>Auch dieses Wochenende wird das Polizeipr\u00e4sidium Mannheim, sowohl am Samstag als auch am Sonntag, \u00fcber den jeweiligen Tag verteilt, mit mehr als 60 zus\u00e4tzlichen Streifen in Mannheim, Heidelberg und dem Rhein-Neckar-Kreis unterwegs sein, um die Einhaltung von Rechtsvorschriften zur Eind\u00e4mmung der Ausbreitung des Corona-Virus intensiv zu \u00fcberwachen. <\/p>\n\n\n\n<h4 class=\"wp-block-heading\">(Heidelberg-Bergheim) &#8211; 25-j\u00e4hriger Fahrraddieb festgenommen<\/h4>\n\n\n\n<p>Aufmerksame Zeugen beobachteten in der Nacht von Freitag auf Samstag, kurz nach Mitternacht, wie sich ein junger Mann in der Karl-Metz-Stra\u00dfe an Fahrr\u00e4dern zu schaffen machte und informierten die Polizei. Im Rahmen der Fahndung wurde kurze Zeit sp\u00e4ter am Iqbalufer ein 25-j\u00e4hriger Tatverd\u00e4chtiger mit einem Fahrrad aufgrund der Personenbeschreibung erkannt und festgenommen. Auf dem Polizeirevier wurde seine Identit\u00e4t festgestellt. Ein Atemalkoholtest ergab einen Wert von knapp 0,9 Promille.  Anschlie\u00dfend wurde der Tatverd\u00e4chtige wieder auf freien Fu\u00df gesetzt, die Ermittlungen dauern an. <\/p>\n\n\n\n<h4 class=\"wp-block-heading\">(Heidelberg-Handschuhsheim) &#8211; Alkohol und Zigaretten aus Einkaufsmarkt entwendet \/ Zwei Jugendliche festgenommen &#8211; anschlie\u00dfend wegen Versto\u00df gegen Infektionsschutzgesetz angezeigt<\/h4>\n\n\n\n<p>Zwei Jugendliche haben am Freitagabend kurz vor 22 Uhr aus einem Einkaufsmarkt in der Furtw\u00e4ngler Stra\u00dfe zwei Flaschen Wodka und zwei Schachteln Zigaretten entwendet. Nachdem das Duo an der Kasse aufgefordert worden war ihr Alter nachzuweisen, nahmen sie Rei\u00dfaus und fl\u00fcchteten ohne zu bezahlen aus dem Markt. Bei der anschlie\u00dfenden Fahndung konnten die beiden Jugendlichen im Alter von 15 und 16 Jahren noch in Tatortn\u00e4he entdeckt und festgenommen werden. Das Diebesgut hatten sie bei sich. Um 22.45 Uhr wurden die Jugendlichen zusammen mit einem weiteren 16-J\u00e4hrigen auf einer Bank im Gewann Pf\u00e4dels\u00e4cker angetroffen. Da sie sich verbotenerweise zu Dritt in der \u00d6ffentlichkeit aufgehalten haben, werden sie wegen des Versto\u00dfes gegen das Infektionsschutzgesetz angezeigt. <\/p>\n\n\n\n<h4 class=\"wp-block-heading\">(Oftersheim \/ Rhein-Neckar-Kreis) &#8211; Herdplatte nicht ausgeschaltet \/ Wohnung verraucht &#8211; aufmerksamer Nachbar durch Rauchmelder aufmerksam geworden<\/h4>\n\n\n\n<p>Zu einer starken Rauchentwicklung wegen einer eingeschalteten Herdplatte kam es am Freitag kurz vor 17.30 Uhr in einer Wohnung im Dreieichenweg. Ein aufmerksamer Nachbar war durch einen akustischen Rauchmelder aufmerksam geworden und hatte die Bewohnerin aus der Wohnung gebracht. Die 71-J\u00e4hrige blieb unverletzt, wurde aber vorsorglich mit einem Rettungswagen zur Untersuchung in eine Klinik gebracht. Die Freiwilligen Feuerwehren aus Oftersheim und Schwetzingen l\u00fcfteten die Wohnung, es entstand kein Sachschaden. <\/p>\n\n\n\n<h4 class=\"wp-block-heading\">(Reilingen \/ Rhein-Neckar-Kreis) &#8211; 19-j\u00e4hriger Motorradfahrer bei Verkehrsunfall schwer verletzt<\/h4>\n\n\n\n<p>Am Samstag gegen 16.15 Uhr ereignet sich auf der Landstra\u00dfe 556 zwischen Reilingen und Kirrlach ein Verkehrsunfall. Ein 54-j\u00e4hriger Pkw-Fahrer scherte zum \u00dcberholen eines vorausfahrenden Pkws aus und \u00fcbersah hierbei einen bereits im \u00dcberholman\u00f6ver befindlichen 19-j\u00e4hrigen Motorradfahrer. Der Motorradfahrer kam infolge dessen zu Sturz und verletzte sich schwer. Nach der Erstversorgung an der Unfallstelle wurde der Motorradfahrer in ein umliegendes Krankenhaus eingeliefert. Der Verkehrsdienst Mannheim hat die Ermittlungen \u00fcbernommen. Zeugen werden gebeten sich unter der 0621\/174-4222 zu melden. <\/p>\n\n\n\n<h4 class=\"wp-block-heading\">(Dielheim \/ Rhein-Neckar-Kreis) &#8211; Unbekannte Autofahrerin f\u00e4hrt 64-j\u00e4hriger Fu\u00dfg\u00e4ngerin \u00fcber den Fu\u00df und anschlie\u00dfend einfach weiter \/ Polizei sucht weitere Zeugen<\/h4>\n\n\n\n<p>Schwer verletzt wurde ein 64-j\u00e4hrige Fu\u00dfg\u00e4ngerin bei einem Unfall am Freitag gegen 11.50 Uhr auf dem Parkplatz eines Einkaufsmarktes in der Nauptstra\u00dfe. Kurz vor der Ausfahrt soll die Autofahrerin, die nach Angaben der Gesch\u00e4digten und einer Zeugin mit einem Handy telefonierte, \u00fcber den linken Fu\u00df gefahren sein und sich anschlie\u00dfend von der Unfallstelle entfernt haben. Die 64-J\u00e4hrige wurde nach der Erstversorgung durch einen Notarzt mit einem Rettungswagen in eine umliegende Klinik eingeliefert. Zeugen, die den Vorfall beobachtet haben und sachdienliche Hinweise geben k\u00f6nnen, werden gebeten sich unter Telefon 06222\/57090 bei der Polizei in Wiesloch zu melden. <\/p>\n\n\n\n<h4 class=\"wp-block-heading\">(Sinsheim \/ Rhein-Neckar-Kreis) &#8211; Vorfahrt missachtet \/ 6.000 Euro Sachschaden<\/h4>\n\n\n\n<p>Bei einem Unfall am Freitag kurz vor 12 Uhr an der Einm\u00fcndung Neulandstra\u00dfe\/Strombergstra\u00dfe entstand Sachschaden von ca. 6.000 Euro. Ein 20-j\u00e4hriger Fahrer eines Opel hatte einem 53-j\u00e4hrigen Fahrer eines Klein-Lkw die durch Verkehrszeichen geregelte Vorfahrt nicht einger\u00e4umt. Beide Fahrer blieben unverletzt. <\/p>\n\n\n\n<h4 class=\"wp-block-heading\">(Heddesheim \/ Rhein-Neckar-Kreis) &#8211; Geparkter BMW zerkratzt \/ \u00dcber 3.000 Euro Schaden &#8211; Zeugen gesucht<\/h4>\n\n\n\n<p>In der Nacht von Donnerstag auf Freitag (02.\/03.04.2020) wurde ein in der Schriesheimer Stra\u00dfe geparkter BMW von einem unbekannten T\u00e4ter besch\u00e4digt. Mit einem unbekannten Gegenstand wurde die gesamte Fahrerseite zerkratzt und der Au\u00dfenspiegel abgerissen. Der Sachschaden bel\u00e4uft sich auf mindestens 3.000 Euro. Zeugen, die im fraglichen Zeitraum verd\u00e4chtige Beobachtungen gemacht haben, werden gebeten, sich unter Telefon 06203\/41443 oder au\u00dferhalb dessen \u00d6ffnungszeiten unter Telefon 06203\/93050 beim Polizeirevier Ladenburg zu melden. <\/p>\n\n\n\n<h4 class=\"wp-block-heading\">(Weinheim \/ Mannheim) &#8211;  Strafbarer Aufruf zu einem Protestmarsch; Ermittlungen im Internet \u00fcberf\u00fchrten 32-j\u00e4hrigen Weinheimer<\/h4>\n\n\n\n<figure class=\"wp-block-image\"><img decoding=\"async\" src=\"https:\/\/speyer24news.com\/wp-content\/uploads\/2020\/04\/Cybercrime.jpg\" alt=\"\" class=\"wp-image-26192\"\/><\/figure>\n\n\n\n<p>Dass man nicht ungehindert und zudem noch anonym im Internet zur Begehung von Straftaten aufrufen kann, musste jetzt ein 32-j\u00e4hriger Weinheimer erfahren. <\/p>\n\n\n\n<p>Ein zun\u00e4chst unbekannter &#8222;User&#8220; hatte am 21. M\u00e4rz auf einem Internetportal anonym zu einem friedlichen Protestmarsch gegen Ausgangsbeschr\u00e4nkungen in Zeiten der Corona-Krise f\u00fcr Montag, den 23. M\u00e4rz vom Mannheimer Hauptbahnhof zum Paradeplatz aufgerufen. Ferner forderte er potentielle Teilnehmer dazu auf, Kinder mitzubringen, um sich vor der Polizei zu sch\u00fctzen. Zahlreiche &#8222;User&#8220;, die diesen Aufruf auf dem Internetportal lasen, informierten die Polizei. <\/p>\n\n\n\n<p>Umfangreiche Ermittlungen der Kriminalpolizeidirektion Heidelberg f\u00fchrten \u00fcber den Provider des Portals, der seinen Sitz im Ausland hat, schlie\u00dflich auf die Spur des Verd\u00e4chtigen. <\/p>\n\n\n\n<p>Der 32-J\u00e4hrige wurde am Freitag, den 3. April vorl\u00e4ufig festgenommen. Bei der Durchsuchung seiner Wohnung, bei der auch Beamte der Dezernate &#8222;Zentrale Kriminaltechnik&#8220; und &#8222;Digitale Spuren&#8220; im Einsatz waren, wurden neun Datentr\u00e4ger -drei Laptops, vier Festplatten, ein Tablet und ein Smartphone- sichergestellt, die derzeit ausgewertet werden. <\/p>\n\n\n\n<p>Der Verd\u00e4chtige, der zum Tatvorwurf schweigt, wurde nach seiner erkennungsdienstlichen Behandlung wieder auf freien Fu\u00df gesetzt. <\/p>\n\n\n\n<p>Die Ermittlungen der Kriminalpolizeidirektion Heidelberg dauern an. <\/p>\n","protected":false},"excerpt":{"rendered":"<div class=\"mh-excerpt\"><p>Polizeimeldungen vom Samstag (04.04.2020) (Speyer) &#8211; PKW ohne Fahrerlaubnis und unter dem Einfluss von Bet\u00e4ubungsmitteln gef\u00fchrt Mit einem Strafverfahren aufgrund des Fahrens ohne Fahrerlaubnis muss ein 25-j\u00e4hriger Mann aus Dudenhofen rechnen, der am Freitagabend als <a class=\"mh-excerpt-more\" href=\"https:\/\/speyer24news.com\/?p=26191\" title=\"Polizei\">[&#8230;]<\/a><\/p>\n<\/div>","protected":false},"author":3,"featured_media":0,"comment_status":"open","ping_status":"open","sticky":false,"template":"","format":"standard","meta":{"_monsterinsights_skip_tracking":false,"_monsterinsights_sitenote_active":false,"_monsterinsights_sitenote_note":"","_monsterinsights_sitenote_category":0,"footnotes":""},"categories":[12],"tags":[3614,61,2555,6263,63,105,53,4854,4683,1548,102,213,55,5261,103,106,2803,2423,427,2625,380,62,104,979,1565],"aioseo_notices":[],"amp_enabled":true,"_links":{"self":[{"href":"https:\/\/speyer24news.com\/index.php?rest_route=\/wp\/v2\/posts\/26191"}],"collection":[{"href":"https:\/\/speyer24news.com\/index.php?rest_route=\/wp\/v2\/posts"}],"about":[{"href":"https:\/\/speyer24news.com\/index.php?rest_route=\/wp\/v2\/types\/post"}],"author":[{"embeddable":true,"href":"https:\/\/speyer24news.com\/index.php?rest_route=\/wp\/v2\/users\/3"}],"replies":[{"embeddable":true,"href":"https:\/\/speyer24news.com\/index.php?rest_route=%2Fwp%2Fv2%2Fcomments&post=26191"}],"version-history":[{"count":2,"href":"https:\/\/speyer24news.com\/index.php?rest_route=\/wp\/v2\/posts\/26191\/revisions"}],"predecessor-version":[{"id":26194,"href":"https:\/\/speyer24news.com\/index.php?rest_route=\/wp\/v2\/posts\/26191\/revisions\/26194"}],"wp:attachment":[{"href":"https:\/\/speyer24news.com\/index.php?rest_route=%2Fwp%2Fv2%2Fmedia&parent=26191"}],"wp:term":[{"taxonomy":"category","embeddable":true,"href":"https:\/\/speyer24news.com\/index.php?rest_route=%2Fwp%2Fv2%2Fcategories&post=26191"},{"taxonomy":"post_tag","embeddable":true,"href":"https:\/\/speyer24news.com\/index.php?rest_route=%2Fwp%2Fv2%2Ftags&post=26191"}],"curies":[{"name":"wp","href":"https:\/\/api.w.org\/{rel}","templated":true}]}}