{"id":26224,"date":"2020-04-09T10:03:25","date_gmt":"2020-04-09T09:03:25","guid":{"rendered":"https:\/\/speyer24news.com\/?p=26224"},"modified":"2020-04-09T10:03:26","modified_gmt":"2020-04-09T09:03:26","slug":"polizei-226","status":"publish","type":"post","link":"https:\/\/speyer24news.com\/?p=26224","title":{"rendered":"Polizei"},"content":{"rendered":"<style type=\"text\/css\">\r\n\t.ads_top_disp{}\r\n\t.ads_top_corner_disp{ float:left; margin:0px 10px 10px 0px; }\r\n\t.ads_first_p_disp{}\r\n\t.ads_bottom_disp{}\r\n\t<\/style>\n<h2 class=\"wp-block-heading\">Polizeimeldungen vom Mittwoch (08.04.2020)<\/h2>\n\n\n\n<div class=\"wp-block-image\"><figure class=\"aligncenter\"><img decoding=\"async\" src=\"https:\/\/speyer24news.com\/wp-content\/uploads\/2020\/01\/Aktuelles-Polizeilogo.jpg\" alt=\"\" class=\"wp-image-23832\"\/><\/figure><\/div>\n\n\n\n<h4 class=\"wp-block-heading\">(Speyer) &#8211; Fahrradkontrollen auf der Salierbr\u00fccke<\/h4>\n\n\n\n<p>Am Dienstagabend f\u00fchrte die Polizei Speyer mehrere Fahrradkontrollen auf der Salierbr\u00fccke durch. Ein besonderes Augenmerk lag hierbei auf der Beachtung dortiger Verkehrsbeschilderung, welche den Weg neben der Fahrbahn als Gehweg ausweist. Die Mehrzahl der auf der Salierbr\u00fccke festgestellten Personen, die mit einem Fahrrad unterwegs waren, schoben dieses der Verkehrsregelung entsprechend. Dennoch wurden auch auf dem Fu\u00dfweg fahrende Radfahrer angetroffen. Diese wurde angehalten, in einem verkehrserzieherischen Gespr\u00e4ch auf ihr Fehlverhalten hingewiesen und verwarnt. Die Beanstandeten zeigten dabei Verst\u00e4ndnis f\u00fcr die polizeilichen Kontrollen und gelobten Besserung f\u00fcr die Zukunft. Die Polizei weist in diesem Zusammenhang nochmals darauf hin, dass die Salierbr\u00fccke aufgrund dortiger Beschilderung nicht mit dem Fahrrad zu befahren ist. Eine Missachtung stellt eine Verkehrsordnungswidrigkeit dar. Es ist auch zuk\u00fcnftig mit polizeilichen Fahrradkontrollen auf der Salierbr\u00fccke zu rechnen. <\/p>\n\n\n\n<h4 class=\"wp-block-heading\">(Speyer) &#8211; Am Rheinufer mit Drogen angetroffen<\/h4>\n\n\n\n<p>Im Rahmen einer Fu\u00dfstreife am Rheinufer konnte die Polizei am Dienstagmorgen einen in der N\u00e4he der Strandbar auf einer Parkbank sitzenden 20j\u00e4hrigen Mann antreffen, der gerade dabei war, sich einen Joint zu drehen. Die Durchsuchung des Mannes aus B\u00f6hl-Iggelheim f\u00fchrte zudem zum Auffinden einer geringen Menge Marihuna. Die Bet\u00e4ubungsmittel wurden polizeilich sichergestellt. Den Heranwachsenden erwartet nun ein Strafverfahren wegen des Versto\u00dfes gegen das Bet\u00e4ubungsmittelgesetz. <\/p>\n\n\n\n<h4 class=\"wp-block-heading\">(Lingenfeld) &#8211; Schl\u00e4gerei am Bahnhof \/ Dringend Zeugen gesucht<\/h4>\n\n\n\n<figure class=\"wp-block-image\"><img decoding=\"async\" src=\"https:\/\/speyer24news.com\/wp-content\/uploads\/2020\/01\/Zeugen-gesucht-RP-1024x535.jpg\" alt=\"\" class=\"wp-image-24774\"\/><\/figure>\n\n\n\n<p>Am Bahnhof in Lingenfeld wurden am gestrigen Dienstagabend, 07.04.2020, gegen 23:00 Uhr drei junge M\u00e4nner von einer gr\u00f6\u00dferen Personengruppe angegriffen. Die M\u00e4nner sa\u00dfen am Bahnhof an den Fahrradst\u00e4ndern als eine Gruppe von 10-15 Personen auftauchte und sie angriffen. Noch vor Eintreffen der Polizei fl\u00fcchteten die T\u00e4ter. Ein 18-J\u00e4hringer wurde im Gesicht verletzt und musste in ein Krankenhaus gebracht werden. Die beiden anderen 17- und 19-J\u00e4hrigen wurden leicht verletzt. <\/p>\n\n\n\n<p>Die Polizei sucht nun zur Aufkl\u00e4rung des Sachverhalts dringend Zeugen. <\/p>\n\n\n\n<ul><li>Wer hat die Auseinandersetzung am Bahnhof beobachtet?<\/li><li>Wer hat am Dienstagabend in Lingenfeld eine gr\u00f6\u00dfere oder mehrere kleine Personengruppen gesehen? <\/li><\/ul>\n\n\n\n<p>Hinweise nimmt die Kriminalpolizei Landau unter der Telefonnummer 06341 287-0 oder per Email <a href=\"mailto:kilandau@polizei.rlp.de\">kilandau@polizei.rlp.de<\/a> entgegen. <\/p>\n\n\n\n<h4 class=\"wp-block-heading\">(Germersheim) &#8211; Unfallflucht auf dem Parkplatz<\/h4>\n\n\n\n<p>Zu einem Sachschaden in H\u00f6he von 800 EUR kam es am Dienstag zwischen 16.45 und 17 Uhr nach einer Verkehrsunfallflucht in Germersheim. Eine Kundin hatte ihr Fahrzeug auf dem Parkplatz vor dem REAL in der Mainzer Stra\u00dfe abgestellt und begab sich f\u00fcr 15 Minuten in den Markt. Als sie zu ihrem Auto, ein grauer BMW, zur\u00fcckkehrte, stellte sich einen frischen Unfallschaden an ihrem Fahrzeugheck fest. Zu dem Unfallverursacher liegen bis dato keine Hinweise vor. Die Polizeiinspektion Germersheim sucht Zeugen, welche das Unfallgeschehen beobachtet haben. Hinweise werden telefonisch unter 07274\/9580 oder per Mail an <a href=\"mailto:pigermersheim@polizei.rlp.de\">pigermersheim@polizei.rlp.de<\/a> entgegen genommen.<\/p>\n\n\n\n<h4 class=\"wp-block-heading\">(Germersheim) &#8211; Jahresstatistiken ver\u00f6ffentlicht<\/h4>\n\n\n\n<p>Die Polizeiinspektion Germersheim ver\u00f6ffentlicht am Mittwoch, dem 08.04.2020, die Verkehrs- und Kriminalstatistik f\u00fcr das Jahr 2019. Aufgrund der aktuellen Corona-Krise verzichten wir auf die Durchf\u00fchrung unseres j\u00e4hrlichen Pressegespr\u00e4ches. 2019 wurden im Dienstbezirk der Polizeiinspektion Germersheim insgesamt 4.197 Straftaten erfasst. Trotz Anstieg der Gesamtf\u00e4lle konnte eine Aufkl\u00e4rungsquote auf Rekordh\u00f6he erzielt werden. Mit 1879 Verkehrsunf\u00e4llen verzeichnen wir einen deutlicher R\u00fcckgang. Die Gesamtzahl der Verkehrsunf\u00e4lle mit Personenschaden ist jedoch gegen\u00fcber dem Vorjahr um zwei leicht angestiegen. Leider verstarben drei Personen infolge eines Verkehrsunfalls. <\/p>\n\n\n\n<p>Die kompletten Statistiken sind auf unserer Internetseite unter <a href=\"https:\/\/s.rlp.de\/GER\" target=\"_blank\" rel=\"noreferrer noopener\">https:\/\/s.rlp.de\/GER<\/a> abrufbar. Inhaltliche R\u00fcckfragen beantworten wir gerne via Telefon und Email. <\/p>\n\n\n\n<p>Die Polizei Germersheim nutzt Twitter derzeit zur erg\u00e4nzenden Presse- und \u00d6ffentlichkeitsarbeit sowie zur Kommunikation anl\u00e4sslich von Veranstaltungen, bei regionalen Eins\u00e4tzen und dem Verkehrsunfallgeschehen. Die Tweets der Polizei Germersheim k\u00f6nnen auch ohne eigenen Twitter-Account gelesen werden &#8211; hierzu einfach nach den Schlagworten &#8222;Twitter Polizei Germersheim&#8220; im Internet suchen. Zu beachten ist jedoch, dass man in diesem Fall nicht automatisch \u00fcber neue Nachrichten informiert wird. Dieses geht nur mit eigenem Twitter-Konto, indem man @Polizei_GER aufruft und auf &#8222;folgen&#8220; klickt. Folgen per TWITTER ist unter <a rel=\"noreferrer noopener\" href=\"http:\/\/twitter.com\/Polizei_GER\" target=\"_blank\">http:\/\/twitter.com\/Polizei_GER<\/a> m\u00f6glich. <\/p>\n\n\n\n<h4 class=\"wp-block-heading\">(Germersheim-Sondernheim) &#8211; Radfahrerin gest\u00fcrzt<\/h4>\n\n\n\n<p>Mit Sch\u00fcrfwunden und Schmerzen kam eine 71 &#8211; j\u00e4hrige Radfahrerin am Dienstagabend in ein Krankenhaus. Die Frau war mit ihrem Pedelec an einer Bordsteinkante gest\u00fcrzt. Weitere Personen waren an dem Unfall nicht beteiligt, welcher sich gegen 17.15 Uhr in der Pater-Bruno-Moos-Stra\u00dfe ereignete. Ein Rettungswagen war ebenfalls im Einsatz. <\/p>\n\n\n\n<h4 class=\"wp-block-heading\">(Edesheim) &#8211; Sichergestellter Sattelzug<\/h4>\n\n\n\n<div class=\"wp-block-image\"><figure class=\"aligncenter\"><img decoding=\"async\" loading=\"lazy\" width=\"800\" height=\"483\" src=\"https:\/\/speyer24news.com\/wp-content\/uploads\/2020\/04\/07.04.20-Edesheim-LKW.jpg\" alt=\"\" class=\"wp-image-26225\" srcset=\"https:\/\/speyer24news.com\/wp-content\/uploads\/2020\/04\/07.04.20-Edesheim-LKW.jpg 800w, https:\/\/speyer24news.com\/wp-content\/uploads\/2020\/04\/07.04.20-Edesheim-LKW-300x181.jpg 300w, https:\/\/speyer24news.com\/wp-content\/uploads\/2020\/04\/07.04.20-Edesheim-LKW-768x464.jpg 768w\" sizes=\"(max-width: 800px) 100vw, 800px\" \/><\/figure><\/div>\n\n\n\n<p>Wegen zu hoher Ladung wurde am Dienstagabend (07.04.2020, 21.12 Uhr Uhr) ein Sattelzug aus Rum\u00e4nien auf die Tank- und Rastanlage Pf\u00e4lzer Weinstra\u00dfe Ost gelotst. Dabei wurde festgestellt, dass infolge der Ladung die zul\u00e4ssige Breite von 2,55 Meter und die erlaubte H\u00f6he von 4 Meter \u00fcberschritten wurden und der 28-j\u00e4hriger Fahrer daf\u00fcr keine Ausnahmegenehmigung vorlegen konnte. Zudem waren die Reifen seines Aufliegers besch\u00e4digt und eine Bremsscheibe gebrochen. Die Weiterfahrt wurde untersagt. <\/p>\n\n\n\n<div class=\"wp-block-image\"><figure class=\"aligncenter\"><img decoding=\"async\" loading=\"lazy\" width=\"500\" height=\"641\" src=\"https:\/\/speyer24news.com\/wp-content\/uploads\/2020\/04\/07.04.20-Edesheim-LKW-2.jpg\" alt=\"\" class=\"wp-image-26226\" srcset=\"https:\/\/speyer24news.com\/wp-content\/uploads\/2020\/04\/07.04.20-Edesheim-LKW-2.jpg 500w, https:\/\/speyer24news.com\/wp-content\/uploads\/2020\/04\/07.04.20-Edesheim-LKW-2-234x300.jpg 234w\" sizes=\"(max-width: 500px) 100vw, 500px\" \/><\/figure><\/div>\n\n\n\n<p>Der Auflieger wurde mittels Spezialvorrichtung vor Ort sichergestellt, weil er f\u00fcr den \u00f6ffentlichen Stra\u00dfenverkehr nicht mehr geeignet war. Gegen den Fahrer wurde ein Ordnungswidrigkeitenverfahren eingeleitet. Gleichzeitig werden auch gegen den Verlader und den Fahrzeughalter ein Bu\u00dfgeldverfahren sowie ein Verfahren der Verm\u00f6gensabsch\u00f6pfung eingeleitet.<\/p>\n\n\n\n<h4 class=\"wp-block-heading\">(Lindenberg) &#8211; Im Fu\u00dfraum nach Sachen gesucht und Verkehrsunfall verursacht<\/h4>\n\n\n\n<div class=\"wp-block-image\"><figure class=\"aligncenter\"><img decoding=\"async\" loading=\"lazy\" width=\"800\" height=\"594\" src=\"https:\/\/speyer24news.com\/wp-content\/uploads\/2020\/04\/08.04.20-Lindenberg-VU.jpg\" alt=\"\" class=\"wp-image-26227\" srcset=\"https:\/\/speyer24news.com\/wp-content\/uploads\/2020\/04\/08.04.20-Lindenberg-VU.jpg 800w, https:\/\/speyer24news.com\/wp-content\/uploads\/2020\/04\/08.04.20-Lindenberg-VU-300x223.jpg 300w, https:\/\/speyer24news.com\/wp-content\/uploads\/2020\/04\/08.04.20-Lindenberg-VU-768x570.jpg 768w, https:\/\/speyer24news.com\/wp-content\/uploads\/2020\/04\/08.04.20-Lindenberg-VU-80x60.jpg 80w\" sizes=\"(max-width: 800px) 100vw, 800px\" \/><\/figure><\/div>\n\n\n\n<p>Am 08.04.2020, gegen 08:30 Uhr, befuhr eine 56-j\u00e4hrige Frau aus Lindenberg die dortige Hauptstra\u00dfe. Nach eigenen Angaben habe sie etwas im Fu\u00dfraum auf der Beifahrerseite ihres PKWs gesucht, weshalb sie kurzzeitig nicht auf den Stra\u00dfenverkehr achtete und gegen einen am Fahrbahnrand geparkten PKW fuhr. Durch den Aufprall wurde die Fahrerin leicht verletzt und kam zur weiteren Abkl\u00e4rung in ein umliegendes Krankenhaus. Beide Fahrzeuge waren nach dem Verkehrsunfall nicht mehr fahrbereit. Der Sachschaden wird auf insgesamt 11.000 Euro gesch\u00e4tzt. <\/p>\n\n\n\n<h4 class=\"wp-block-heading\">(Ha\u00dfloch) &#8211; Container von Feld entwendet<\/h4>\n\n\n\n<div class=\"wp-block-image\"><figure class=\"aligncenter\"><img decoding=\"async\" loading=\"lazy\" width=\"1024\" height=\"768\" src=\"https:\/\/speyer24news.com\/wp-content\/uploads\/2020\/04\/06.04.20-Ha\u00dfloch-Container-1024x768.jpg\" alt=\"\" class=\"wp-image-26228\" srcset=\"https:\/\/speyer24news.com\/wp-content\/uploads\/2020\/04\/06.04.20-Ha\u00dfloch-Container.jpg 1024w, https:\/\/speyer24news.com\/wp-content\/uploads\/2020\/04\/06.04.20-Ha\u00dfloch-Container-300x225.jpg 300w, https:\/\/speyer24news.com\/wp-content\/uploads\/2020\/04\/06.04.20-Ha\u00dfloch-Container-768x576.jpg 768w, https:\/\/speyer24news.com\/wp-content\/uploads\/2020\/04\/06.04.20-Ha\u00dfloch-Container-678x509.jpg 678w, https:\/\/speyer24news.com\/wp-content\/uploads\/2020\/04\/06.04.20-Ha\u00dfloch-Container-326x245.jpg 326w, https:\/\/speyer24news.com\/wp-content\/uploads\/2020\/04\/06.04.20-Ha\u00dfloch-Container-80x60.jpg 80w\" sizes=\"(max-width: 1024px) 100vw, 1024px\" \/><figcaption>Entwendeter Container (Beispielbild)<\/figcaption><\/figure><\/div>\n\n\n\n<p>Am Montag, den 06.04.2020, wurde vermutlich im Zeitraum von 23:00-23:30 Uhr ein gegen\u00fcber vom Lehmgrubenhof, in einem Feld an der Westrandstra\u00dfe stehender Container entwendet. <\/p>\n\n\n\n<div class=\"wp-block-image\"><figure class=\"aligncenter\"><img decoding=\"async\" loading=\"lazy\" width=\"1024\" height=\"768\" src=\"https:\/\/speyer24news.com\/wp-content\/uploads\/2020\/04\/06.04.20-Ha\u00dfloch-M\u00fcll-1024x768.jpg\" alt=\"\" class=\"wp-image-26229\" srcset=\"https:\/\/speyer24news.com\/wp-content\/uploads\/2020\/04\/06.04.20-Ha\u00dfloch-M\u00fcll-1024x768.jpg 1024w, https:\/\/speyer24news.com\/wp-content\/uploads\/2020\/04\/06.04.20-Ha\u00dfloch-M\u00fcll-300x225.jpg 300w, https:\/\/speyer24news.com\/wp-content\/uploads\/2020\/04\/06.04.20-Ha\u00dfloch-M\u00fcll-768x576.jpg 768w, https:\/\/speyer24news.com\/wp-content\/uploads\/2020\/04\/06.04.20-Ha\u00dfloch-M\u00fcll-678x509.jpg 678w, https:\/\/speyer24news.com\/wp-content\/uploads\/2020\/04\/06.04.20-Ha\u00dfloch-M\u00fcll-326x245.jpg 326w, https:\/\/speyer24news.com\/wp-content\/uploads\/2020\/04\/06.04.20-Ha\u00dfloch-M\u00fcll-80x60.jpg 80w, https:\/\/speyer24news.com\/wp-content\/uploads\/2020\/04\/06.04.20-Ha\u00dfloch-M\u00fcll.jpg 1440w\" sizes=\"(max-width: 1024px) 100vw, 1024px\" \/><figcaption>Urspr\u00fcnglicher Standort des Containers<\/figcaption><\/figure><\/div>\n\n\n\n<p>Im Container befindliche Folie zur Abdeckung von Spargelfeldern wurde zur\u00fcckgelassen. F\u00fcr den Abtransport des etwa 2 t schweren Containers muss ein entsprechend gro\u00dfes Fahrzeug mit Hakenlift bzw. Kranvorrichtung Verwendung gefunden haben. Die Polizei Ha\u00dfloch bittet um entsprechende Zeugenhinweise. <\/p>\n\n\n\n<h4 class=\"wp-block-heading\">(Bad D\u00fcrkheim) &#8211; Randalierer festgenommen<\/h4>\n\n\n\n<p>Besorgte Anwohner in den Kappesg\u00e4rten verst\u00e4ndigten am Mittwoch kurz nach Mitternacht die Polizei, weil eine m\u00e4nnliche Person in einem Mehrfamilienhaus eine Wohnungst\u00fcr eingetreten hatte. Im Rahmen der Fahndung konnte der stark alkoholisierte 35-J\u00e4hrige Verursacher aus Gr\u00fcnstadt festgenommen werden. Weil die Person hoch aggressiv war, musste diese in Gewahrsam genommen werden. <\/p>\n\n\n\n<h4 class=\"wp-block-heading\">(Bad D\u00fcrkheim) &#8211; Zum wiederholten Male ohne Fahrerlaubnis unterwegs<\/h4>\n\n\n\n<p>Am Mittwoch, gegen 21.30 Uhr, wurde durch eine aufmerksame Zeugin mitgeteilt, dass ein ihr bekannter 30-J\u00e4hriger aus Bad D\u00fcrkheim mit seinem Dacia an ihrem Wohnanwesen vorbeigefahren sei. Der Fahrer ist derzeit nicht im Besitz einer Fahrerlaubnis. Der gleiche Fahrer begegnete mit seinem Fahrzeug am Donnerstag kurz nach 05.00 Uhr nochmals der Zeugin in der Kaiserslauterer Stra\u00dfe, weshalb zwei Ermittlungsverfahren wegen Fahrens ohne Fahrerlaubnis eingeleitet wurden. Zudem droht dem Fahrer die Sicherstellung seines Fahrzeugs.<\/p>\n\n\n\n<h4 class=\"wp-block-heading\">(Gr\u00fcnstadt) &#8211; Einbruch in Wertstoffhof \/ 2 T\u00e4ter festgenommen<\/h4>\n\n\n\n<p>Ein Sicherheitsdienst meldete zwei verd\u00e4chtige Personen auf dem Gel\u00e4nde des Wertstoffhofs Gr\u00fcnstadt. Einer der T\u00e4ter konnte bei den Altmetall-Containern festgenommen werden. Die zweite Person bleib zun\u00e4chst verborgen. Anschlie\u00dfend wurde das Gel\u00e4nde mit Diensthundef\u00fchrern abgesucht. Dabei wurde auch der zweite T\u00e4ter in einem Geb\u00fcsch entdeckt. Die Einbrecher hatten es auf Altmetall (Kupfer, Kabeltrommel, weitere Metallgegenst\u00e4nde) abgesehen, das zum Abtransport bereit gestellt war. Bereits am 30.03.2020, 22:15 Uhr, wurde ein Einbruchsalarm im Wertstoffhof gemeldet, bei dem Personen auf einem \u00dcberwachungsvideo festgestellt wurden. Die Ermittlungen m\u00fcssen ergeben, ob es sich um die gleichen T\u00e4ter handelt. Bei den am 07.04.2020 Festgenommenen handelt es sich um einen 30- und einen 52-J\u00e4hrigen aus Eisenberg. Die Personen kamen nach Abschluss der polizeilichen Ma\u00dfnahmen auf freien Fu\u00df. <\/p>\n\n\n\n<h4 class=\"wp-block-heading\">(Gr\u00fcnstadt) &#8211; Verkehrsunfall mit Personenschaden<br>Radfahrerin verletzt<\/h4>\n\n\n\n<p>Ein 81-J\u00e4hriger aus Gr\u00fcnstadt verlie\u00df Dienstagnachmittag den &#8222;Polizeikreisel&#8220; H\u00f6he Bistro und wollte \u00fcber die Obers\u00fclzer Stra\u00dfe in Richtung Innenstadt weiter fahren. Hier schob eine 63-J\u00e4hrige ihr Fahrrad und stieg gerade auf das Rad auf, als der PKW-Fahrer an ihr vorbei fuhr. Es kam zum Zusammensto\u00df, wobei die 63-J\u00e4hrige st\u00fcrzte und sich Prellungen und Sch\u00fcrfwunden zuzog. Auf \u00e4rztliche Hilfe wurde verzichtet. Am PKW und am Fahrrad entstand Sachschaden in H\u00f6he von ca. 2500 EUR. <\/p>\n\n\n\n<h4 class=\"wp-block-heading\">(Gro\u00dfniedesheim) &#8211; Schwerer Verkehrsunfall auf K29<\/h4>\n\n\n\n<p>Ein 87-J\u00e4hriger befuhr am gestrigen Tag gegen 09:00 Uhr mit seinem Chevrolet &#8222;Kalos&#8220; die K29 aus Richtung K7 in Gro\u00dfniedesheim. Aus bisher unklaren Gr\u00fcnden kam er mit dem Pkw nach links von der Fahrbahn ab und kollidierte frontal mit einem Baum. Durch den Aufprall l\u00f6sten die Airbags aus und der Fahrzeugf\u00fchrer erlitt Verletzungen im Brust- und Kopfbereich und wurde station\u00e4r im Krankenhaus aufgenommen. Am Fahrzeug entstand ein Totalschaden in H\u00f6he von ca. 5000 EUR. Die Ermittlungen hinsichtlich der Unfallursache dauern an. <\/p>\n\n\n\n<h4 class=\"wp-block-heading\">(Frankenthal) &#8211; Vollbrand eines Pkw, Zeugen gesucht!<\/h4>\n\n\n\n<p>In der Nacht vom 07.04.20 auf den 08.04.20 wurde gegen 03:45 Uhr ein brennender Pkw im Bereich Ormsheimer Hof gemeldet. Durch die sofort entsandte Streifenwagenbesetzung konnte vor Ort einen v\u00f6llig in Brand stehenden Jaguar &#8222;Range Rover Evoque&#8220; festgestellt werden. Der Brand konnte durch die Feuerwehr unter Kontrolle gebracht werden, jedoch brannte der Pkw vollst\u00e4ndig aus. Durch die starke Hitzeentwicklung wurde ein daneben abgestellter Anh\u00e4nger ebenfalls besch\u00e4digt. Der Gesamtschaden bel\u00e4uft sich in etwa auf 40.000 EUR. Die Brandursache ist derzeit noch unklar, die Ermittlungen diesbez\u00fcglich dauern an. Die Polizei sucht dringend Zeugen des Vorfalles. <\/p>\n\n\n\n<h4 class=\"wp-block-heading\">(Ludwigshafen) &#8211; Einbruch in Wohnung<\/h4>\n\n\n\n<p>Am 07.04.2020, zwischen 14:00 Uhr und 21:00 Uhr, brachen unbekannte T\u00e4ter in eine Wohnung eines Mehrfamilienhauses in der Bauhausstra\u00dfe ein. Sie stahlen Schmuck in einem Wert von unbekannter H\u00f6he. <\/p>\n\n\n\n<p>Wer etwas beobachtet hat und Hinweise auf die T\u00e4ter geben kann, wird gebeten, sich an die Kriminalpolizei Ludwigshafen unter der Telefonnummer 0621\/963-2773 oder per E-Mail  <a href=\"mailto:kiludwigshafen.k1.kdd@polizei.rlp.de\">kiludwigshafen.k1.kdd@polizei.rlp.de<\/a> zu wenden. <\/p>\n\n\n\n<h4 class=\"wp-block-heading\">(Ludwigshafen) &#8211; Anrufe von falschen Polizeibeamten<\/h4>\n\n\n\n<p>Am 07.04.2020 wurden der Polizei von Ludwigshafener B\u00fcrgerinnen und B\u00fcrgern sechs Anrufe von falschen Polizeibeamten gemeldet in der Zeit zwischen 18:00 Uhr und 20:30 Uhr. Die Angerufenen waren zwischen 65 und 83 Jahre alt. Alle Angerufenen witterten direkt den Betrugsversuch und sie beendeten alle vorbildlich die Telefonate, indem sie auflegten. <\/p>\n\n\n\n<p>Sollten auch Sie solche Anrufe von angeblichen Polizei- oder Kriminalbeamten erhalten, beenden auch Sie das Gespr\u00e4ch und informieren Sie anschlie\u00dfend die richtige Polizei unter der 110 und erstatten Sie Anzeige! <\/p>\n\n\n\n<p>Sachdienliche Hinweise nimmt die Kriminalpolizei Ludwigshafen unter der Telefonnummer 0621\/963-2773 oder per E-Mail <a href=\"mailto:kiludwigshafen.k1.kdd@polizei.rlp.de\">kiludwigshafen.k1.kdd@polizei.rlp.de<\/a> entgegen. <\/p>\n\n\n\n<h4 class=\"wp-block-heading\">(Ludwigshafen) &#8211; 53-J\u00e4hrige missachtet Vorfahrt von Streifenwagen<\/h4>\n\n\n\n<p>Am 07.04.2020, gegen 18:45 Uhr, fuhr eine 53-J\u00e4hrige mit ihrem Seat auf der Karl-Legien-Stra\u00dfe in Richtung &#8222;Alter Frankenthaler Weg&#8220;. Zur gleichen Zeit fuhr eine Polizeistreife auf der Stra\u00dfe &#8220; Alter Frankenthaler Weg aus Fahrtrichtung Altstadtgasse kommend. An der Einm\u00fcndung Karl-Legien-Stra\u00dfe\/ Alter Frankenthaler Weg missachtete die 53-J\u00e4hrige die Vorfahrt des von rechts kommenden Streifenwagens. An den beiden Autos entstand ein Gesamtsachschaden in H\u00f6he von etwa 3.500 Euro. <\/p>\n\n\n\n<h4 class=\"wp-block-heading\">(Ludwigshafen) &#8211; Anrufe von falschen Verwandten und Freunden<\/h4>\n\n\n\n<p>Am 07.04.2020, zwischen 10:00 Uhr und 14:30 Uhr, wurden der Polizei von vier Ludwigshafener B\u00fcrgerinnen und B\u00fcrger im Alter von 68 bis 86 Jahren gemeldet, dass sie von unbekannten Anrufern angerufen worden seien, die sich als ihre Verwandte und Bekannte ausgegeben hatten. <\/p>\n\n\n\n<p>Einige Anrufer erkl\u00e4rten, sie h\u00e4tten sich eine Wohnung in Mannheim gekauft und br\u00e4uchten jetzt Bargeld f\u00fcr die Anzahlung. Sie meldeten sich zum Beispiel mit &#8222;Rate mal, wer dran ist&#8220; oder &#8222;Hallo Tante, hier ist dein Neffe&#8220;. <\/p>\n\n\n\n<p>Die Seniorinnen und Senioren, die fast alle die Betrugsmasche aus der Zeitung kannten, beendeten sofort vorbildlich die Telefonate und informierten die Polizei. <\/p>\n\n\n\n<p>Sachdienliche Hinweise nimmt die Kriminalpolizei Ludwigshafen unter der Telefonnummer 0621\/963-2773 oder per E-Mail  <a href=\"mailto:kiludwigshafen.k1.kdd@polizei.rlp.de\">kiludwigshafen.k1.kdd@polizei.rlp.de<\/a> entgegen. <\/p>\n\n\n\n<h4 class=\"wp-block-heading\">(Ludwigshafen) &#8211; Anruf von falschem Enkel mit Corona Trick<\/h4>\n\n\n\n<p>Am 07.04.2020, gegen 12:15 Uhr, rief ein unbekannter Mann bei einem 78-j\u00e4hrigen Ludwigshafener an und erkl\u00e4rte, er sei sein Enkel. Er ben\u00f6tige dringend 20.000 Euro f\u00fcr ein lebenswichtiges Serum, da er an Corona erkrankt sei. Das Geld w\u00fcrde dann abgeholt werden. Der 78-J\u00e4hrige fragte den Anrufer geistesgegenw\u00e4rtig nach dessen Eltern und seinem Geburtstag. Als der vermeintliche Enkel darauf keine Antworten hatte, legte der 78-J\u00e4hrige auf und erkl\u00e4rte, er wolle das erst mit den Eltern des Enkels besprechen. <\/p>\n\n\n\n<p>Der 78-J\u00e4hrige verhielt sich absolut vorbildlich, indem er misstrauisch war und dem Anrufer erkl\u00e4rte, dass er erst mit dessen Eltern sprechen wollte. <\/p>\n\n\n\n<p>Seien auch Sie misstrauisch und vergewissern Sie sich, wenn Sie sich unsicher sind, ob der Anrufer wirklich ein Verwandter ist, indem Sie ihn oder Verwandte unter der Ihnen bekannten Telefonnummer anrufen, um die Aussagen am Telefon zu verifizieren. <\/p>\n\n\n\n<p>Wenn Sie sich sicher sind, dass der Anrufer kein Verwandter oder Bekannter von Ihnen ist, beenden Sie das Telefonat und informieren Sie die Polizei. <\/p>\n\n\n\n<p>Wichtige Informationen und Empfehlungen Ihrer Polizei zu Straftaten im Zusammenhang mit Corona finden Sie auch auf folgender Internet Seite: <a href=\"https:\/\/www.polizei-beratung.de\/startseite-und-aktionen\/\">https:\/\/www.polizei-beratung.de\/startseite-und-aktionen\/<\/a><\/p>\n\n\n\n<p>Sachdienliche Hinweise nimmt die Kriminalpolizei Ludwigshafen unter der Telefonnummer 0621\/963-2773 oder per E-Mail  <a href=\"mailto:kiludwigshafen.k1.kdd@polizei.rlp.de\">kiludwigshafen.k1.kdd@polizei.rlp.de<\/a> entgegen. <\/p>\n\n\n\n<h4 class=\"wp-block-heading\">(Ludwigshafen) &#8211; Kabel von Baustelle gestohlen<\/h4>\n\n\n\n<p>In der Zeit zwischen dem 06.04.2020, gegen 16:20 Uhr und dem 07.04.2020, gegen 06:25 Uhr, brachen unbekannte T\u00e4ter das Vorh\u00e4ngeschloss eines Sicherungskastens auf einer Baustelle in der Comeniusstra\u00dfe auf und stahlen ein circa 60 Meter langes Kabel, das mit dem Sicherungskasten verbunden gewesen ist. Das Kabel ist schwarz und hat einen Wert von etwa 1.000 Euro. <\/p>\n\n\n\n<p>Wer etwas beobachtet hat und Hinweise auf die T\u00e4ter geben kann, wird gebeten, sich an die Polizeiinspektion Ludwigshafen 2 unter der Telefonnummer 0621 963-2222 oder per E-Mail <a href=\"mailto:piludwigshafen2@polizei.rlp.de\">piludwigshafen2@polizei.rlp.de<\/a> zu wenden. <\/p>\n\n\n\n<h4 class=\"wp-block-heading\">(Ludwigshafen) &#8211; Diebstahl aus Tiefgarage<\/h4>\n\n\n\n<p>In der Zeit zwischen dem 03.04.2020, gegen 13:00 Uhr und dem 06.04.2020, gegen 15:00 Uhr, \u00f6ffneten unbekannte T\u00e4ter das Garagentor einer Tiefgarage in der Sternstra\u00dfe mit Gewalt. Sie stahlen zwei Drohnen, einen Tisch sowie einen Motorradhelm. Der Schaden bel\u00e4uft sich auf etwa 2.000 Euro. <\/p>\n\n\n\n<p>Wer etwas beobachtet hat und Hinweise auf die T\u00e4ter geben kann, wird gebeten, sich an die Polizeiinspektion Ludwigshafen 2 unter der Telefonnummer 0621 963-2222 oder per E-Mail <a href=\"mailto:piludwigshafen2@polizei.rlp.de\">piludwigshafen2@polizei.rlp.de<\/a> zu wenden. <\/p>\n\n\n\n<h4 class=\"wp-block-heading\">(Mannheim) &#8211; 52-j\u00e4hriger Mann tr\u00e4gt nach Streitigkeiten oberfl\u00e4chliche Stichverletzungen davon \/ Tathergang weiter unklar &#8211; Tatverd\u00e4chtige auf freien Fu\u00df gesetzt<\/h4>\n\n\n\n<p>Am Montagabend gegen 21.30 Uhr gerieten in einer Wohnung in der Ortsstra\u00dfe ein alkoholisierter 52-j\u00e4hriger Mann (Blutalkoholwert 2,1 Promille) und eine ebenfalls alkoholisierte 42-j\u00e4hrige Frau (Atemalkoholwert 0,92 Promille) in Streit. Dabei zog sich ein 52-j\u00e4hriger Mann mehrere oberfl\u00e4chliche Stichverletzungen im Bauchbereich zu. Der Verletzte war zur weiteren Behandlung in eine Klinik eingeliefert worden, nach Auskunft der \u00c4rzte bestand zu keinem Zeitpunkt Lebensgefahr. Zun\u00e4chst war noch in der Nacht die tatverd\u00e4chtige 42-j\u00e4hrige Frau in der Wohnung festgenommen worden, sie wurde nach ihrer Vernehmung am Mittwochmorgen wieder auf freien Fu\u00df gesetzt. <\/p>\n\n\n\n<p>Die Kriminaltechniker sicherten in der Wohnung zahlreiche Spuren. Zur Begutachtung der Verletzungen des Gesch\u00e4digten wurde das Institut f\u00fcr Rechts- und Verkehrsmedizin der Universit\u00e4t Heidelberg eingeschaltet. <\/p>\n\n\n\n<p>Der genaue Tathergang ist derzeit noch nicht gekl\u00e4rt, die Frau gab in ihrer Vernehmung an, dass sich der 52-J\u00e4hrige die Verletzungen selbst zugef\u00fcgt habe. <\/p>\n\n\n\n<p>Die weiteren Ermittlungen durch das Kriminalkommissariat Mannheim dauern derzeit noch an. <\/p>\n\n\n\n<h4 class=\"wp-block-heading\">(Mannheim-Vogelstang) &#8211; Exhibitionist auf Bank am Vogelstangsee \/ 54-j\u00e4hriger Tatverd\u00e4chtiger festgenommen<\/h4>\n\n\n\n<p>Ein Exhibitionist trat am Dienstag gegen 8.20 Uhr im Bereich des Unteren Vogelstangsees in Erscheinung. Der Tatverd\u00e4chtige soll auf einer Bank gesessen und dabei onaniert haben. Dies wurde von einer jungen Frau beobachtet, die sofort die Polizei verst\u00e4ndigte. Der 54-j\u00e4hrige Tatverd\u00e4chtige konnte am Tatort vorl\u00e4ufig festgenommen werden. In seiner Vernehmung r\u00e4umte er den Tatvorwurf ein. Nach seiner erkennungsdienstlichen Behandlung wurde er auf freien Fu\u00df gesetzt. Die weiteren Ermittlungen f\u00fchrt das Kriminalkommissariat Mannheim. <\/p>\n\n\n\n<h4 class=\"wp-block-heading\">(Mannheim-K\u00e4fertal) &#8211; Schie\u00dftraining &#8211; mit Luftdruckgewehr des Vaters auf Tauben geschossen \/ Ein Tier verendet<\/h4>\n\n\n\n<p>Am Dienstag gegen 19.45 Uhr meldete eine Zeugin, dass aus einem Haus in der Oberen Riedstra\u00dfe jemand eine Taube erschossen habe. Die eintreffende Polizeistreife fand eine tote Taube vor. Die weiteren \u00dcberpr\u00fcfungen f\u00fchrten zu einem 61-j\u00e4hrigen Mann und seiner Tochter im Jugendalter. Dieser gab an, dass er seiner Tochter das Schie\u00dfen beigebracht und man keinen Aufstand nur f\u00fcr eine Taube machen solle. Der Tatverd\u00e4chtige zeigte ein Luftdruckgewehr, dieses wurde sichergestellt. Ob der 61-J\u00e4hrige wie behauptet im Besitz eines Waffenscheins ist, bedarf noch der Abkl\u00e4rung. Die beiden Beschuldigten zeigten sich im weiteren Verlauf weiter v\u00f6llig uneinsichtig. Gegen die Beiden wird ein Strafverfahren wegen Versto\u00dfes gegen das Tierschutz- und Waffengesetz eingeleitet. Die weiteren Ermittlungen f\u00fchrt das Kriminalkommissariat Mannheim. <\/p>\n\n\n\n<h4 class=\"wp-block-heading\">(Mannheim \/ Heidelberg \/ Rhein-Neckar-Kreis) &#8211; Trickbetrug in &#8222;Corona-Zeiten; &#8222;Falsche Polizeibeamte&#8220; und &#8222;Enkeltrick&#8220; \u00fcberschwemmen die Region; T\u00e4ter in drei F\u00e4llen erfolgreich; Hinweise f\u00fcr Angeh\u00f6rige<\/h4>\n\n\n\n<figure class=\"wp-block-image\"><img decoding=\"async\" src=\"https:\/\/speyer24news.com\/wp-content\/uploads\/2020\/03\/Achtung.png\" alt=\"\" class=\"wp-image-26030\"\/><\/figure>\n\n\n\n<p>In den letzten Wochen wird die hiesige Region mit Anrufen &#8222;Falscher Polizeibeamter&#8220; und &#8222;Enkeltrick&#8220;-Anrufen regelrecht \u00fcberschwemmt. Alleine zwischen Dienstag und Mittwoch (07.\/08.04.) wurden nahezu 100 solcher Anrufe bei der Polizei zur Anzeige gebracht. \u00dcber 50 davon alleine im Bereich des Polizeireviers Heidelberg-Nord, in dessen Zust\u00e4ndigkeitsbereich die Stadtteile Neuenheim und Handschuhsheim sowie die Gemeinde Dossenheim f\u00e4llt. Die Dunkelziffer d\u00fcrfte jedoch noch weitaus h\u00f6her sein. <\/p>\n\n\n\n<p>Hinweise zu den T\u00e4tern liegen derzeit noch nicht vor. Jedoch agieren sie meist aus Callcentern vom Ausland aus, nehmen fast ausschlie\u00dflich mit \u00e4lteren Opfern, h\u00e4ufig auch mit gef\u00e4lschten Telefonanschlussnummern (&#8222;Spoofing&#8220;) Kontakt auf und geben sich als Polizeibeamte der \u00f6rtlichen Polizeidienststelle aus. <\/p>\n\n\n\n<p>Des Weiteren wird den Angerufenen h\u00e4ufig vorget\u00e4uscht, dass es aufgrund eines geplanten Einbruchs erforderlich sei, Bargeld und Schmuck bis zur Festnahme der T\u00e4ter vor\u00fcbergehend durch die Polizei sicherstellen zu lassen. Dar\u00fcber hinaus suggerieren sie den Opfern, dass Mitarbeiter ihrer Bank in die Taten verwickelt seien und das Ersparte auf den Konten nicht sicher sei. <\/p>\n\n\n\n<p>Im Vertrauen darauf, mit der &#8222;richtigen&#8220; Polizei zu sprechen, werden im Anschluss Bargeld, Schmuck, Goldbarren und EC-Karten an Abholer \u00fcbergeben oder vor der Wohnung deponiert. <\/p>\n\n\n\n<p>Beim &#8222;Enkeltrick&#8220; geben sich die Betr\u00fcger am Telefon als Enkel, Neffen oder gar Kinder der SeniorInnen aus und t\u00e4uschen eine finanzielle Notlage vor. In der Annahme, einem Angeh\u00f6rigen zu helfen, gehen die SeniorInnen zum ihrem Geldinstitut, um das geforderte Geld abzuheben. <\/p>\n\n\n\n<p>Da eine pers\u00f6nliche \u00dcbergabe des Geldes an einen Boten derzeit aufgrund der Corona-Bestimmungen nicht m\u00f6glich sei, bitten die T\u00e4ter ihre Opfer, das Geld au\u00dferhalb ihrer Wohnung zu deponieren. <\/p>\n\n\n\n<p>So erging es auch in den letzten beiden Wochen drei Menschen in Heidelberg und Mannheim. Sie wurden um insgesamt \u00fcber 90.000.- Euro betrogen. <\/p>\n\n\n\n<p>Die Ermittler erwarten, dass es auch in den n\u00e4chsten Tagen, insbesondere \u00fcber die anstehenden Osterfeiertage, zu einer Vielzahl weiterer Taten in Form des &#8222;Enkeltricks&#8220; und der &#8222;Falschen Polizeibeamten&#8220; kommen wird. <\/p>\n\n\n\n<p>Die T\u00e4ter n\u00fctzen derzeit die Kontaktbeschr\u00e4nkungen der Corona-Krise, insbesondere f\u00fcr \u00e4ltere Menschen skrupellos aus. <\/p>\n\n\n\n<p><strong>Deshalb bittet das Polizeipr\u00e4sidium Mannheim, Folgendes zu ber\u00fccksichtigen: <\/strong><\/p>\n\n\n\n<ul><li>Immer misstrauisch sein, wenn sich Personen am Telefon als Verwandte, oder Bekannte oder gar als Polizeibeamte ausgeben und nach finanziellen Verh\u00e4ltnissen fragen <\/li><li>Die Polizei wird Sie niemals um Geldbetr\u00e4ge bitten. <\/li><li>Lassen Sie sich am Telefon nicht unter Druck setzen. Geben Sie Betr\u00fcgern keine Chance, legen Sie einfach den H\u00f6rer auf. Das ist keinesfalls unh\u00f6flich! <\/li><\/ul>\n\n\n\n<p><strong>Auflegen sollten Sie, wenn: <\/strong><\/p>\n\n\n\n<ul><li>Sie nicht sicher sind, wer anruft. <\/li><li>Sie der Anrufer nach pers\u00f6nlichen Daten und Ihren finanziellen  Verh\u00e4ltnissen fragt, z.B. ob Sie Bargeld, Schmuck oder andere  Wertgegenst\u00e4nde im Haus haben. <\/li><li>Sie der Anrufer auffordert, Bargeld, Schmuck oder andere Wertgegenst\u00e4nde herauszugeben, bzw. Geld zu \u00fcberweisen, insbesondere ins Ausland. <\/li><li>Sie der Anrufer unter Druck setzt. <\/li><li>Der Anrufer Sie dazu auffordert, zu Fremden Kontakt aufzunehmen, z.B. zu einem Boten, der Ihr Geld und Ihre Wertsachen mitnehmen soll. <\/li><li>Hinweise an alle Angeh\u00f6rige: Auch wenn es aufgrund der Corona-Krise Kontaktbeschr\u00e4nkungen gibt, bitten wir Sie, nahe Angeh\u00f6rige, Eltern oder Gro\u00dfeltern, die aufgrund ihrer R\u00fcstigkeit noch alleine leben k\u00f6nnen, nicht &#8222;alleine zu lassen&#8220;. Genau diese Personen sind die Hauptzielgruppe von &#8222;Falschen Polizeibeamten&#8220; oder T\u00e4tern, die sich als vermeintliche Enkel oder Angeh\u00f6rige ausgeben. Bleiben Sie bitte t\u00e4glich mit ihren \u00e4lteren Angeh\u00f6rigen in Kontakt und k\u00fcmmern Sie sich um sie. <\/li><\/ul>\n\n\n\n<p>Wer glaubt Opfer eines Betrugs geworden zu sein, meldet sich sofort bei der \u00f6rtlichen Polizeidienststelle oder beim Polizeinotruf 110. <\/p>\n\n\n\n<p>Im allen F\u00e4llen \u00fcbernimmt die Kriminalpolizeidirektion Heidelberg die Ermittlungen. <\/p>\n\n\n\n<p>Personen, die Hinweise zu den Taten geben k\u00f6nnen, werden gebeten, sich beim F\u00fchrungs- und Lagezentrum des Polizeipr\u00e4sidiums Mannheim, Tel.: 0621\/174-0, dem jeweiligen \u00f6rtlich zust\u00e4ndigen Polizeirevier (falls Tel.-Nr. bekannt) oder \u00fcber den Polizeinotruf 110 zu melden. <\/p>\n\n\n\n<h4 class=\"wp-block-heading\">(Mannheim \/ Heidelberg \/ Rhein-Neckar-Kreis) &#8211; &#8222;Halten Sie durch und bleiben Sie zuhause!&#8220; \/ Oberb\u00fcrgermeister, Landr\u00e4te sowie Polizeipr\u00e4sidenten appellieren an die Bev\u00f6lkerung<\/h4>\n\n\n\n<div class=\"wp-block-image\"><figure class=\"aligncenter\"><img decoding=\"async\" loading=\"lazy\" width=\"800\" height=\"400\" src=\"https:\/\/speyer24news.com\/wp-content\/uploads\/2020\/02\/virus-1812092_1920.jpg\" alt=\"\" class=\"wp-image-25128\" srcset=\"https:\/\/speyer24news.com\/wp-content\/uploads\/2020\/02\/virus-1812092_1920.jpg 800w, https:\/\/speyer24news.com\/wp-content\/uploads\/2020\/02\/virus-1812092_1920-300x150.jpg 300w, https:\/\/speyer24news.com\/wp-content\/uploads\/2020\/02\/virus-1812092_1920-768x384.jpg 768w\" sizes=\"(max-width: 800px) 100vw, 800px\" \/><\/figure><\/div>\n\n\n\n<p>Oberb\u00fcrgermeister der St\u00e4dte Heidelberg und Mannheim und Landr\u00e4te des Neckar-Odenwald-Kreises und Rhein-Neckar-Kreises sowie die Mannheimer und Heilbronner Polizeipr\u00e4sidenten appellieren an die Bev\u00f6lkerung <\/p>\n\n\n\n<p>Nachdem die Ma\u00dfnahmen zur Eind\u00e4mmung der Coronavirus-Pandemie nach derzeitiger Einsch\u00e4tzung des Robert-Koch-Instituts (RKI) messbar sind und greifen, wenden sich die beiden Oberb\u00fcrgermeister der St\u00e4dte Heidelberg und Mannheim, Professor Dr. Eckart W\u00fcrzner und Dr. Peter Kurz, sowie die beiden Landr\u00e4te des Neckar-Odenwald-Kreises und Rhein-Neckar-Kreises, Dr. Achim Br\u00f6tel und Stefan Dallinger, und die Pr\u00e4sidenten der Polizeipr\u00e4sidien Mannheim und Heilbronn, Andreas Stenger und Hans Becker, an die Bev\u00f6lkerung: &#8222;Das Osterfest 2020 wird anders sein, ohne Gottesdienste, ohne gro\u00dfe famili\u00e4re Zusammenk\u00fcnfte, ohne Urlaubsreisen.&#8220; F\u00fcr eine Diskussion \u00fcber die Lockerung der momentan g\u00fcltigen Ma\u00dfnahmen sei es jetzt noch &#8222;zu fr\u00fch.&#8220; Die Oberb\u00fcrgermeister und Landr\u00e4te sowie die Polizeipr\u00e4sidenten stellen klar, dass die Einschr\u00e4nkungen noch bis mindestens einschlie\u00dflich des 19. April 2020 andauern werden. Das Coronavirus sei eine Bedrohung f\u00fcr die Gesundheit und unser aller Ziel m\u00fcsse es vor allem sein, die Ausbreitung des Virus auch weiterhin zu verlangsamen. &#8222;Nur dann k\u00f6nnen alle gut behandelt werden, die schwer erkranken&#8220;, so die sechs Beh\u00f6rdenleiter und sie sagen weiter: &#8222;Wir alle bitten Sie, halten Sie weiter durch und bleiben Sie zuhause, soweit es m\u00f6glich ist. Verzichten Sie auf Osterbesuche. Bringen Sie Ihre Familie und Ihre Freunde und auch sich nicht in Gefahr. Bitte halten Sie sich weiter alle an die Regeln!&#8220; <\/p>\n\n\n\n<p>Weiterhin bitten die Oberb\u00fcrgermeister und Landr\u00e4te sowie die Polizeipr\u00e4sidenten die Menschen in der Region, den Mindestabstand zu anderen Personen einzuhalten, die H\u00e4nde regelm\u00e4\u00dfig und gr\u00fcndlich mit Seife zu waschen und die Regeln der Husten- und Niesetikette zu beachten. &#8222;Somit sch\u00fctzen Sie sich und andere vor einer Erkrankung&#8220;, so Professor Dr. W\u00fcrzner, Dr. Kurz, Dr. Br\u00f6tel, Stefan Dallinger, Andreas Stenger und Hans Becker. <\/p>\n\n\n\n<p>Zudem kann das Tragen auch selbstgen\u00e4hter Masken zus\u00e4tzlich unterst\u00fctzen, sind sich die Verantwortlichen aus der Region einig. Jedoch sind die Masken kein medizinisches Produkt und k\u00f6nnen somit nicht die grundlegenden Hygienema\u00dfnahmen ersetzen. &#8222;Dennoch kann das Tragen eines Mund-Nasen-Schutzes aktuell sinnvoll sein und das Risiko einer \u00dcbertragung von Viren auf andere mindern&#8220;, so das Fazit der Oberb\u00fcrgermeister und Landr\u00e4te sowie der Polizeipr\u00e4sidenten, die auf Folgendes hinweisen: &#8222;Auch mit einem selbst gen\u00e4hten Mund-Nasen-Schutz kann man einen Beitrag zur Minderung der Ausbreitung leisten. Die professionellen medizinischen Masken sollten aktuell vor allem dem Gesundheitssektor vorbehalten sein &#8211; \u00c4rztinnen und \u00c4rzte, Alten- und Krankenpflege brauchen diese dringend.&#8220; <\/p>\n\n\n\n<p><strong>Hintergrundinformationen: <\/strong><\/p>\n\n\n\n<p>Das RKI hat seine Einsch\u00e4tzung, Mund-Nasen-Schutz zu tragen, k\u00fcrzlich angepasst. Auf der Internetseite der Bundesbeh\u00f6rde hei\u00dft es nun, wenn Menschen, auch ohne Symptome, vorsorglich eine Maske tragen, k\u00f6nnte dadurch das Risiko einer \u00dcbertragung von Viren auf andere gemindert werden. Wissenschaftlich belegt ist diese Aussage aber nicht. Zuvor hatte das RKI den Mundschutz nur Menschen mit akuten Atemwegserkrankungen empfohlen. Nicht jeder der Sars-CoV-2 infiziert ist, bemerkt die Krankheit auch. Manche Infizierte sind nicht symptomatisch, k\u00f6nnen den Erreger aber trotzdem weitergeben. Regeln zum Husten und Niesen, zur H\u00e4ndehygiene und zum Mindestabstand sollen auch mit Masken weiterhin dringend eingehalten werden. Denn in jedem Fall kann der Mund-Nasen-Schutz nur eine unterst\u00fctzende Ma\u00dfnahme zum Schutz vor der Ansteckung sein. <\/p>\n\n\n\n<p>Auch das Bundesinstitut f\u00fcr Arzneimittel und Medizinprodukte schreibt hierzu, dass &#8222;trotz dieser Einschr\u00e4nkungen geeignete Masken als Kleidungsst\u00fccke dazu beitragen (k\u00f6nnen), die Geschwindigkeit des Atemstroms oder Tr\u00f6pfchenauswurfs z.B. beim Husten zu reduzieren und das Bewusstsein f\u00fcr &#8222;social distancing&#8220; sowie gesundheitsbezogen achtsamen Umgang mit sich und anderen sichtbar zu unterst\u00fctzen. Auf diese Weise k\u00f6nnen sie bzw. ihre Tr\u00e4ger einen Beitrag zur Reduzierung der weiteren Ausbreitung von SARS-CoV-2 leisten.&#8220; <\/p>\n\n\n\n<p>Weitere Informationen hierzu gibt es unter <a rel=\"noreferrer noopener\" href=\"http:\/\/www.rki.de\/\" target=\"_blank\">www.rki.de<\/a> und unter <a rel=\"noreferrer noopener\" href=\"http:\/\/www.bfarm.de\/\" target=\"_blank\">www.bfarm.de<\/a>. <\/p>\n\n\n\n<h4 class=\"wp-block-heading\">(Mannheim \/ Heidelberg \/ Rhein-Neckar-Kreis) &#8211; Polizei intensiviert fl\u00e4chendeckend Kontrollaktivit\u00e4ten; deutlich h\u00f6here Polizeipr\u00e4senz \u00fcber die Feiertage; Hubschrauber, Reiter und Boote im Einsatz<\/h4>\n\n\n\n<div class=\"wp-block-image\"><figure class=\"aligncenter\"><img decoding=\"async\" src=\"https:\/\/speyer24news.com\/wp-content\/uploads\/2020\/04\/Hubschraubersuche-der-Polizei.jpg\" alt=\"\" class=\"wp-image-26230\"\/><\/figure><\/div>\n\n\n\n<p>Mit Beginn der Feiertage stellt sich das Polizeipr\u00e4sidium Mannheim neu auf und erh\u00f6ht ab Karfreitag bis Ostermontag deutlich die Pr\u00e4senz in der gesamten Region. So sind an allen vier Einsatztagen in der Spitze \u00fcber 80 zus\u00e4tzliche Streifen im Einsatz, um die Einhaltung der CoronaVO und der Allgemeinverf\u00fcgungen der St\u00e4dte Mannheim und Heidelberg sowie der Kommunen im Rhein-Neckar-Kreis gezielt zu \u00fcberwachen. <\/p>\n\n\n\n<p>Unterst\u00fctzt wird das Polizeipr\u00e4sidium dabei auch durch Kr\u00e4fte des Polizeipr\u00e4sidiums Einsatz aus G\u00f6ppingen. Ein Hubschrauber der Polizeihubschrauberstaffel Stuttgart, Pferde der Reiterstaffel und Boote der Wasserschutzpolizei Mannheim sind an allen vier Tagen in das Einsatzgeschehen eingebunden. <\/p>\n\n\n\n<p>&#8222;Ich wei\u00df, dass wir den Menschen gerade \u00fcber die Feiertage mit der Notwendigkeit zur sozialen Distanz viel abverlangen. Eine Lockerung der Ma\u00dfnahmen und Kontrollen w\u00e4ren jetzt kontraproduktiv und ein falsches Signal. Wir brauchen Ausdauer und m\u00fcssen die Regeln einhalten, auch wenn es \u00fcber Ostern besonders schwerf\u00e4llt. Meine Kolleginnen und Kollegen werden mit Augenma\u00df bei Verst\u00f6\u00dfen gegen Allgemeinverf\u00fcgungen vorgehen. Dort, wo es allerdings notwendig ist, werden wir auch wieder sanktionieren&#8220;, gibt sich Polizeipr\u00e4sident Andreas Stenger deutlich. <\/p>\n\n\n\n<p>Derzeit kursiert ein \u00f6ffentlicher Aufruf, sich den Corona-Anordnungen zu widersetzen. In diesem Zusammenhang wird seitens der Strafverfolgungsbeh\u00f6rden ausdr\u00fccklich darauf hingewiesen, dass die Teilnahme an \u00f6ffentlichen Versammlungen zu Zeiten der COVID-19-Pandemie einen Straftatbestand erf\u00fcllen kann, zumindest indes eine Ordnungswidrigkeit darstellt. Die Teilnahme an solchen Veranstaltungen hat daher zu unterbleiben. <\/p>\n\n\n\n<h4 class=\"wp-block-heading\">(Heidelberg) &#8211; \u00d6ffentliche Aufforderung zu Straftaten; Staatsanwaltschaft Heidelberg und Kriminalpolizeidirektion Heidelberg ermitteln gegen Heidelberger Rechtsanw\u00e4ltin<\/h4>\n\n\n\n<p><strong>Gemeinsame Pressemitteilung der Staatsanwaltschaft Heidelberg und des Polizeipr\u00e4sidiums Mannheim <\/strong><\/p>\n\n\n\n<p>Wegen des Verdachts, \u00f6ffentlich zu einer rechtswidrigen Tat aufgerufen zu haben, ermitteln die Staatsanwaltschaft Heidelberg und das Dezernat Staatsschutz der Kriminalpolizeidirektion Heidelberg gegen eine Heidelberger Rechtsanw\u00e4ltin. Sie soll \u00fcber ihre Homepage \u00f6ffentlich zum Widerstand gegen die staatlich erlassenen Corona-Verordnungen aufgerufen haben. Dar-\u00fcber hinaus soll sie dazu aufgerufen haben, sich am Ostersamstag bundesweit zu einer Demonstration zu versammeln. <\/p>\n\n\n\n<p>Die Ermittlungen der Staatsanwaltschaft Heidelberg und der Kriminalpolizeidirektion Heidelberg hierzu dauern an. <\/p>\n\n\n\n<p>In diesem Zusammenhang wird seitens der Strafverfolgungsbeh\u00f6rden ein-dr\u00fccklich darauf hingewiesen, dass die Teilnahme an \u00f6ffentlichen Versammlungen zu Zeiten der COVID-19-Pandemie einen Straftatbestand erf\u00fcllen kann, zumindest indes eine Ordnungswidrigkeit darstellt. Die Teilnahme an solchen Veranstaltungen hat daher zu unterbleiben. <\/p>\n\n\n\n<h4 class=\"wp-block-heading\">(Leimen \/ Rhein-Neckar-Kreis) &#8211; Unfallflucht \/ Zeugen gesucht<\/h4>\n\n\n\n<p>Ein bislang unbekannter Autofahrer eines schwarzen VW Golf Typ 4, vermutlich mit einem polnischen Kennzeichen, befuhr am Dienstag, den 07.04.2020 gegen 17:45 Uhr die Rohrbacher Stra\u00dfe von Heidelberg in Fahrtrichtung Leimen, als er auf den Pkw einer vorausfahrenden Autofahrerin, die vor dem Orteingang Leimen aufgrund einer roten Ampel verkehrsbedingt anhalten musste, auffuhr. Nach dem Zusammensto\u00df fuhr der Unbekannte r\u00fcckw\u00e4rts, \u00fcberholte die Autofahrerin und entfernte sich vom Unfallort. Es entstand ein Sachschaden in H\u00f6he von sch\u00e4tzungsweise 1500 Euro. Hinweise nimmt der Verkehrsdienst Heidelberg, Tel.: 0621 174-4111 entgegen. <\/p>\n\n\n\n<h4 class=\"wp-block-heading\">(Walldorf \/ Rhein-Neckar-Kreis) &#8211; Autofahrer fl\u00fcchtet mit hoher Geschwindigkeit vor Polizeikontrolle und gef\u00e4hrdet dabei mehrere Autofahrer \/ Zu Fu\u00df in Wald gefl\u00fcchtet &#8211; weitere Gesch\u00e4digte gesucht<\/h4>\n\n\n\n<p>Am Mittwoch fl\u00fcchtete ein 28-j\u00e4hriger Autofahrer vor einer Polizeikontrolle und gef\u00e4hrdete bei seiner waghalsigen Fahrt mehrere andere Verkehrsteilnehmer. Der Fahrer sollte gegen 12.45 Uhr in Reilingen angehalten und kontrolliert werden, da er nicht angegurtet war. Beim Erkennen des Streifenwagens gab der Fahrer Gas und fl\u00fcchtete in Richtung St. Leon-Rot. Weiter ging die Flucht \u00fcber Neulu\u00dfheim zur\u00fcck nach Reilingen, hierbei beschleunigte der Fahrer das Auto bis auf etwa 180 km\/h. Auf der L 723 in Richtung Walldorf wurden mehrere Autofahrer durch waghalsige \u00dcberholman\u00f6ver gef\u00e4hrdet. In H\u00f6he der Alten Speyerer Stra\u00dfe bremste der Fahrer das Auto abrupt ab um nach links in einen asphaltierten Waldweg abzubiegen. Hierbei verlor er die Kontrolle \u00fcber den Wagen und kollidierte mit der dortigen Leitplanke. Unter Zur\u00fccklassung seines Fahrzeugs fl\u00fcchtete er zu Fu\u00df in das Waldgebiet. Eine sofort eingeleitete Gro\u00dffahndung, auch unter Einsatz eines Polizeihubschraubers und der Polizeihundef\u00fchrerstaffel, verlief erfolglos. Bei den weiteren Ermittlungen konnte die Identit\u00e4t des Fahrers gekl\u00e4rt werden. Das Auto wurde sichergestellt und wird kriminaltechnisch untersucht. <\/p>\n\n\n\n<p>Zeugen sowie Autofahrer, die durch die riskante Fahrweise gef\u00e4hrdet wurden, werden gebeten, sich unter Telefon 0621\/174-4111 bei der Verkehrspolizei in Heidelberg zu melden. <\/p>\n\n\n\n<h4 class=\"wp-block-heading\">(Walldorf \/ Rhein-Neckar-Kreis) &#8211; Rotlicht missachtet \/ Unfall mit zwei Audi &#8211; Sachschaden ca. 15.000 Euro &#8211; Zeugen gesucht<\/h4>\n\n\n\n<p>Bei einem Unfall am Dienstag kurz nach 15 Uhr an der Einm\u00fcndung L 723\/Josef-Reiert-Stra\u00dfe\/B 291 entstand Sachschaden von ca. 15.000 Euro, beide Beteiligte blieben unverletzt. Eine 27-j\u00e4hrige Audi-Fahrerin war von der L 723 aus Richtung Reilingen kommend nach links in die B 291\/Josef-Reiert-Stra\u00dfe abgebogen. Dabei zum Unfall mit dem Audi eines entgegenkommenden 83-j\u00e4hrigen Fahrers, der nach den bisherigen Unfallermittlungen dabei das Rotlicht der dortigen Ampel missachtet haben soll. Beide Fahrzeuge waren so stark besch\u00e4digt, dass sie abgeschleppt werden mussten. Zur Unfallzeit waren weitere Fahrzeuge unterwegs. Zeugen, die sachdienliche Hinweise zum Unfallhergang geben k\u00f6nnen, werden gebeten sich unter Telefon 06222\/57090 beim Polizeirevier Wiesloch zu melden. <\/p>\n\n\n\n<h4 class=\"wp-block-heading\">(Wiesloch \/ Rhein-Neckar-Kreis) &#8211; Training im Fitness-Center trotz Betriebsverbots; Ausrede des Angestellten zog nicht<\/h4>\n\n\n\n<p>Trotz eines Betriebsverbots wurde am Dienstag in einem Fitness-Center im Adelsf\u00f6rsterpfad trainiert. <\/p>\n\n\n\n<p>Eine &#8222;Corona-Streife&#8220; des Polizeireviers Wiesloch hatte beim Vorbeifahren kurz vor 19 Uhr bemerkt, dass im Studio offenbar Trainingsbetrieb herrschte. Beim genaueren Hinsehen und Hinh\u00f6ren wurde eine Person beim Training auf einen &#8222;Stepper&#8220; beobachtet sowie trainingstypische Ger\u00e4usche festgestellt. Das Studio war allerdings verschlossen. Ein Angestellter \u00f6ffnete schlie\u00dflich und meinte, dass lediglich Renovierungsarbeiten stattf\u00e4nden. <\/p>\n\n\n\n<p>Tats\u00e4chlich wurden im Inneren zehn Personen angetroffen. Zwei von ihnen standen bereits unter der Dusche, andere reinigten Ger\u00e4te oder hantierten an ihnen. Alle trugen Sportkleidung und hatten Sporttaschen dabei. <\/p>\n\n\n\n<p>Dass die Ger\u00e4te nach der Reinigung auch zwecks ihrer Funktionsf\u00e4higkeit \u00fcberpr\u00fcft werden m\u00fcssten, wurde als Ausrede des Angestellten bewertet und n\u00fctzte ihm allerdings nichts. Eine Anzeige wird an die Wieslocher Verwaltungsbeh\u00f6rde vorgelegt. <\/p>\n\n\n\n<h4 class=\"wp-block-heading\">(Wiesloch \/ Rhein-Neckar-Kreis) &#8211; Exhibitionist zeigt sich Spazierg\u00e4ngerinnen \/ 26-j\u00e4hriger Mann festgenommen<\/h4>\n\n\n\n<p>Nachdem zwei Frauen am Dienstag kurz nach 14 Uhr im Bereich Waldstra\u00dfe\/Slevogtstra\u00dfe einen jungen Mann bemerkten, der in einem Waldst\u00fcck onanierte, verst\u00e4ndigten sie die Polizei. Der Tatverd\u00e4chtige konnte noch am Tatort vorl\u00e4ufig festgenommen und zum Polizeirevier gebracht werden. Im Anschluss der erforderlichen polizeilichen Ma\u00dfnahmen wurde der junge Mann in eine psychiatrische Einrichtung eingeliefert. Die weiteren Ermittlungen f\u00fchrt die Kriminalpolizeidirektion Heidelberg. <\/p>\n\n\n\n<h4 class=\"wp-block-heading\">(Sinsheim \/ Rhein-Neckar-Kreis) &#8211; &#8222;Poser&#8220;-Auto aus dem Verkehr gezogen \/ Auspuff Marke Eigenbau<\/h4>\n\n\n\n<p>Weil ein 22-j\u00e4hriger Autofahrer seinem BMW am Dienstag um 15.20 Uhr in der Neulandstra\u00dfe &#8222;aufr\u00f6hren&#8220; lie\u00df, weckte er das Interesse einer entgegenkommenden Polizeistreife. Im Schwimmbadweg konnte der Fahrer eingeholt und kontrolliert werden. Da an den beiden Auspuffrohren sichtbar geschwei\u00dft worden war, wurde der T\u00dcV aufgesucht. Dort stellte sich heraus, dass der Auspuff Marke Eigenbau war, der Mitteltop fehlte v\u00f6llig. Damit war die Betriebserlaubnis des Fahrzeugs erloschen und der weitere betrieb durch die Zulassungsbeh\u00f6rde untersagt. Gegen den Fahrer wird ein Bu\u00dfgeldverfahren eingeleitet. <\/p>\n\n\n\n<h4 class=\"wp-block-heading\">(Dossenheim \/ Rhein-Neckar-Kreis) &#8211; Terassenmobiliar in Brand geraten<\/h4>\n\n\n\n<p>Aus bislang ungekl\u00e4rter Ursache geriet am Mittwochmorgen, gegen 01.45 Uhr, in der Stra\u00dfe Oberes Bieth das, auf einer Terrasse eines Mehrfamilienhauses befindliche, Mobiliar in Brand. Nach der Brandentdeckung konnten sich die insgesamt 5 Bewohner selbst\u00e4ndig in Sicherheit bringen. Die Freiwillige Feuerwehr Dossenheim, die mit einem 37 Mann im Einsatz war, konnte den Brand rasch unter Kontrolle bringen und l\u00f6schen. Verletzt wurde Niemand. Nachdem das Anwesen gel\u00fcftet wurde konnten die Anwohner wieder in ihre Wohnungen zur\u00fcckkehren. Der Sachschaden wird auf ca. 10 000 &#8211; 20 000,- Euro gesch\u00e4tzt. Das Polizeirevier Heidelberg-Nord hat die Sachbearbeitung \u00fcbernommen.<\/p>\n\n\n\n<h4 class=\"wp-block-heading\">(Weinheim \/ Rhein-Neckar-Kreis) &#8211; Zerstochene Autoreifen; Zeugen gesucht<\/h4>\n\n\n\n<p>Ein bislang unbekannter T\u00e4ter zerstach in der Zeit von Montag, den 06.04.2020, 16:00 Uhr bis Dienstag, den 07.04.2020, 17:30 Uhr in einem  Parkhaus in der Waidallee die Autoreifen von zwei dort abgestellten Pkw. Insgesamt wurden dabei sechs Autoreifen zerst\u00f6rt. Der Sachschaden liegt sch\u00e4tzungsweise bei 2000 Euro. Hinweise nimmt das Polizeirevier Weinheim, Tel.: 06201 1003-0 entgegen.  <\/p>\n","protected":false},"excerpt":{"rendered":"<div class=\"mh-excerpt\"><p>Polizeimeldungen vom Mittwoch (08.04.2020) (Speyer) &#8211; Fahrradkontrollen auf der Salierbr\u00fccke Am Dienstagabend f\u00fchrte die Polizei Speyer mehrere Fahrradkontrollen auf der Salierbr\u00fccke durch. Ein besonderes Augenmerk lag hierbei auf der Beachtung dortiger Verkehrsbeschilderung, welche den Weg <a class=\"mh-excerpt-more\" href=\"https:\/\/speyer24news.com\/?p=26224\" title=\"Polizei\">[&#8230;]<\/a><\/p>\n<\/div>","protected":false},"author":3,"featured_media":0,"comment_status":"open","ping_status":"open","sticky":false,"template":"","format":"standard","meta":{"_monsterinsights_skip_tracking":false,"_monsterinsights_sitenote_active":false,"_monsterinsights_sitenote_note":"","_monsterinsights_sitenote_category":0,"footnotes":""},"categories":[12],"tags":[3614,61,2555,6263,63,105,53,4854,4683,1548,102,213,55,5261,103,106,2803,2423,427,2625,380,62,104,979,1565],"aioseo_notices":[],"amp_enabled":true,"_links":{"self":[{"href":"https:\/\/speyer24news.com\/index.php?rest_route=\/wp\/v2\/posts\/26224"}],"collection":[{"href":"https:\/\/speyer24news.com\/index.php?rest_route=\/wp\/v2\/posts"}],"about":[{"href":"https:\/\/speyer24news.com\/index.php?rest_route=\/wp\/v2\/types\/post"}],"author":[{"embeddable":true,"href":"https:\/\/speyer24news.com\/index.php?rest_route=\/wp\/v2\/users\/3"}],"replies":[{"embeddable":true,"href":"https:\/\/speyer24news.com\/index.php?rest_route=%2Fwp%2Fv2%2Fcomments&post=26224"}],"version-history":[{"count":1,"href":"https:\/\/speyer24news.com\/index.php?rest_route=\/wp\/v2\/posts\/26224\/revisions"}],"predecessor-version":[{"id":26231,"href":"https:\/\/speyer24news.com\/index.php?rest_route=\/wp\/v2\/posts\/26224\/revisions\/26231"}],"wp:attachment":[{"href":"https:\/\/speyer24news.com\/index.php?rest_route=%2Fwp%2Fv2%2Fmedia&parent=26224"}],"wp:term":[{"taxonomy":"category","embeddable":true,"href":"https:\/\/speyer24news.com\/index.php?rest_route=%2Fwp%2Fv2%2Fcategories&post=26224"},{"taxonomy":"post_tag","embeddable":true,"href":"https:\/\/speyer24news.com\/index.php?rest_route=%2Fwp%2Fv2%2Ftags&post=26224"}],"curies":[{"name":"wp","href":"https:\/\/api.w.org\/{rel}","templated":true}]}}