{"id":26232,"date":"2020-04-10T08:18:05","date_gmt":"2020-04-10T07:18:05","guid":{"rendered":"https:\/\/speyer24news.com\/?p=26232"},"modified":"2020-04-10T08:34:52","modified_gmt":"2020-04-10T07:34:52","slug":"polizei-227","status":"publish","type":"post","link":"https:\/\/speyer24news.com\/?p=26232","title":{"rendered":"Polizei"},"content":{"rendered":"<style type=\"text\/css\">\r\n\t.ads_top_disp{}\r\n\t.ads_top_corner_disp{ float:left; margin:0px 10px 10px 0px; }\r\n\t.ads_first_p_disp{}\r\n\t.ads_bottom_disp{}\r\n\t<\/style>\n<h2 class=\"wp-block-heading\">Polizeimeldungen vom Donnerstag (09.04.2020)<\/h2>\n\n\n\n<div class=\"wp-block-image\"><figure class=\"aligncenter\"><img decoding=\"async\" src=\"https:\/\/speyer24news.com\/wp-content\/uploads\/2020\/01\/Aktuelles-Polizeilogo.jpg\" alt=\"\" class=\"wp-image-23832\"\/><\/figure><\/div>\n\n\n\n<h4 class=\"wp-block-heading\">(Speyer) &#8211; Mehrere Strafverfahren wegen des Versto\u00dfes gegen das Bet\u00e4ubungsmittelgesetz eingeleitet<\/h4>\n\n\n\n<div class=\"wp-block-image\"><figure class=\"aligncenter\"><img decoding=\"async\" loading=\"lazy\" width=\"800\" height=\"563\" src=\"https:\/\/speyer24news.com\/wp-content\/uploads\/2020\/04\/marijuana-2248066_1920.jpg\" alt=\"\" class=\"wp-image-26233\" srcset=\"https:\/\/speyer24news.com\/wp-content\/uploads\/2020\/04\/marijuana-2248066_1920.jpg 800w, https:\/\/speyer24news.com\/wp-content\/uploads\/2020\/04\/marijuana-2248066_1920-300x211.jpg 300w, https:\/\/speyer24news.com\/wp-content\/uploads\/2020\/04\/marijuana-2248066_1920-768x540.jpg 768w\" sizes=\"(max-width: 800px) 100vw, 800px\" \/><figcaption>Beispielbild von 2 Marihuanajoints sowie einer Kleinmenge Marihuna<\/figcaption><\/figure><\/div>\n\n\n\n<p>Am Mittwoch und Donnerstag f\u00fchrte die Polizei Speyer mehrere Personenkontrollen im Hinblick auf Verst\u00f6\u00dfe gegen das Bet\u00e4ubungsmittelgesetz durch. <\/p>\n\n\n\n<p>Um 22:15 Uhr konnte bei der Kontrolle eines 44-j\u00e4hrigen Speyerers hinter der Stadthalle bei diesem eine geringe Menge Cannabis sowie Amphetamin aufgefunden und beschlagnahmt werden. Eine weitere Polizeikontrolle erfolgte gegen 23:45 Uhr im Fliederweg. Hier konnten die Beamten einen Joint in unmittelbarer N\u00e4he zu einem 16- und einer 17-J\u00e4hrigen auffinden und sicherstellen, der diesen zuzuordnen sein d\u00fcrfte. Bei einer Personenkontrolle zweier Heranwachsender auf dem Postplatz gegen 00:20 Uhr f\u00fchrte die Durchsuchung eines 21-J\u00e4hrigen aus Speyer zum Auffinden eines Einhandmessers und einer geringen Menge Cannabis. Beides wurde vor Ort beschlagnahmt. <\/p>\n\n\n\n<p>Gegen die jeweiligen Beschuldigten leitete die Polizei Strafverfahren wegen des Versto\u00dfes gegen das Bet\u00e4ubungsmittel- bzw. Waffengesetz ein. <\/p>\n\n\n\n<h4 class=\"wp-block-heading\">(Speyer) &#8211; Unfall unter Radfahrern<\/h4>\n\n\n\n<p>Am Mittwoch gegen 17 Uhr kam es auf dem Radweg entlang der K2 in H\u00f6he der Unterf\u00fchrung der BAB 61 zu einem Unfall zwischen zwei Radfahrerinnen. Eine 55-J\u00e4hrige aus Waldsee bog von Speyer kommend nach links in Richtung Binsfeld ab, ohne hierbei ihren Abbiegevorgang vorher angek\u00fcndigt zu haben. Sie untersch\u00e4tzte beim Abbiegen offensichtlich die Geschwindigkeit einer ihr auf dem Radweg entgegenkommenden 54j\u00e4hrigen Frau aus Mannheim, so dass es zum Zusammensto\u00df kam. Beide Radfahrerinnen wurden leicht verletzt und kamen zur medizinischen Behandlung in ein Speyerer Krankenhaus. <\/p>\n\n\n\n<h4 class=\"wp-block-heading\">(Speyer) &#8211; Alkoholisierter Lkw-Fahrer verursacht Unfall auf Tankstellengel\u00e4nde<\/h4>\n\n\n\n<p>Ein 45-J\u00e4hriger aus Edingen-Neckarhausen touchierte am Mittwochmorgen auf einem Tankstellengel\u00e4nde in der Industriestra\u00dfe mit seinem Lkw beim Anfahren einen Fiat, den er offensichtlich \u00fcbersehen hatte. Hierdurch entstand an den Fahrzeugen ein Gesamtschaden von ca. 5500EUR. Im Rahmen der Unfallaufnahme konnten die Polizeibeamten beim Unfallverursacher Atemalkoholgeruch feststellen. Ein Test ergab einen Wert von 0,86 Promille. Sein F\u00fchrerschein wurde daraufhin sichergestellt und eine Blutprobe bei dem 45-J\u00e4hrigen entnommen. Die Fahrzeugschl\u00fcssel wurden von der Polizei einbehalten und an einen Berechtigten ausgeh\u00e4ndigte. <\/p>\n\n\n\n<h4 class=\"wp-block-heading\">(Germersheim) &#8211; Cabriolet-Verdeck aufgeschlitzt und Geldb\u00f6rse entwendet<\/h4>\n\n\n\n<p>Noch unbekannte T\u00e4ter entwendeten in der Nacht vom Mittwoch zum Donnerstag eine Geldb\u00f6rse aus einem blauen Renault-Cabrio. Um an die Beute zu gelangen schlitzten der oder die T\u00e4ter das Stoffverdeck des in der Donnersgasse in Germersheim geparkten Fahrzeuges auf. Die Gesamtschadensh\u00f6he bel\u00e4uft sich auf circa 650 Euro. Die Polizeiinspektion Germersheim sucht Zeugen, welche die Tat beobachtet haben. Hinweise werden telefonisch unter 07274\/9580 oder per Mail an <a href=\"mailto:pigermersheim@polizei.rlp.de\">pigermersheim@polizei.rlp.de<\/a> entgegen genommen. <\/p>\n\n\n\n<h4 class=\"wp-block-heading\">(Edenkoben) &#8211; Einbruch in Gastst\u00e4tte im Bahnhof<\/h4>\n\n\n\n<p>In der Nacht von Di., 07.04., auf Mi., 08.04., warfen unbekannte T\u00e4ter einen Findling-Stein durch die Scheibe der Bahnhofsgastst\u00e4tte in Edenkoben und brachen einen dort befindlichen Zigarettenautomaten auf und entwendeten das M\u00fcnzgeld. Ein Geldspielautomat wurde vergeblich angegangen. Hinweise \u00fcber verd\u00e4chtige Wahrnehmungen erbittet die Polizei in Edenkoben unter Tel. 06323 9550 <\/p>\n\n\n\n<h4 class=\"wp-block-heading\">(Bad D\u00fcrkheim) &#8211; Zeugenaufruf nach Verkehrsunfallflucht<\/h4>\n\n\n\n<p>Im Zeitraum vom 08.04.2020, 22:00 Uhr, bis 09.04.2020, 07:30 Uhr, fuhr ein bis dato unbekannter Unfallverursacher vermutlich mit einem Lkw beim Rangieren gegen einen Blumenk\u00fcbel, welcher sich vor einem auf dem R\u00f6merplatz in Bad D\u00fcrkheim befindlichen Caf\u00e9 befand. Der Unfallverursacher entfernte sich im Anschluss von der Unfallstelle ohne einen Personalienaustausch zu gew\u00e4hrleisten. Der entstandene Sachschaden wird vom Caf\u00e9besitzer auf ca. 1000,- EUR beziffert. Zeugen, die den Verkehrsunfall beobachtet haben, werden gebeten sich mit der Polizeiinspektion Bad D\u00fcrkheim unter der 06322-963-0 oder per E-Mail <a href=\"mailto:pibadduerkheim@polizei.rlp.de\">pibadduerkheim@polizei.rlp.de<\/a> in Verbindung zu setzen. <\/p>\n\n\n\n<h4 class=\"wp-block-heading\">(Freinsheim) &#8211; Motorradfahrer leicht verletzt<\/h4>\n\n\n\n<p>Leichte Verletzungen zog sich ein 26-J\u00e4hriger Motorradfahrer aus K\u00f6ln zu, als er am Mittwochnachmittag einen Blumenk\u00fcbel in der Erpolzheimer Stra\u00dfe \u00fcbersah und st\u00fcrzte. Zur ambulanten Versorgung wurde der Leichtverletzte ins Krankenhaus verbracht. Die Feuerwehr beseitigte die ausgelaufenen Betriebsstoffe. <\/p>\n\n\n\n<h4 class=\"wp-block-heading\">(Kirchheim) &#8211; Verkehrsunfall mit Personenschaden + hoher Sachschaden<\/h4>\n\n\n\n<p>Eine 59-J\u00e4hrige aus Kirchheim befuhr am Mittwoch mit ihrem PKW den Ostring und musste wegen einer Baustelle in der R\u00fcckgasse wenden. Beim R\u00fcckw\u00e4rtsfahren stie\u00df sie gegen einen Poller. Dann geriet die Situation au\u00dfer Kontrolle&#8230; Beim Vorw\u00e4rtsfahren (Automatikfahrzeug) kollidierte die Fahrerin zun\u00e4chst mit einer auf dem Gehweg stehenden M\u00fclltonne, stie\u00df anschlie\u00dfend gegen eine Grundst\u00fccksmauer, fuhr dann gegen einen geparkten PKW und schob diesen auf einen abgestellten LKW mit Anh\u00e4nger. Die 59-J\u00e4hrige verletzte sich dabei leicht. Wegen auslaufender Betriebsstoffe wurde die Feuerwehr Kirchheim-Kleinkarlbach alarmiert. An den beiden PKW entstand erheblicher Sachschaden. Insgesamt wird ein Sachschaden von ca. 50.000EUR angenommen. <\/p>\n\n\n\n<h4 class=\"wp-block-heading\">(Gr\u00fcnstadt \/ K 32) &#8211; Zu zweit auf Fahrrad \/ 5-J\u00e4hriger schwer verletzt<\/h4>\n\n\n\n<p>Eine 15-J\u00e4hrige aus Wattenheim fuhr am Mittwoch mit dem Fahrrad auf der K 32 (Amselthal). Auf dem Gep\u00e4cktr\u00e4ger hatte sie einen 5-j\u00e4hrigen Jungen. W\u00e4hrend der Fahrt geriet dessen Fu\u00df in die Speichen des Hinterrades und bleib stecken. Beide kamen zu Fall. Der 5-J\u00e4hrige musste in ein Krankenhaus eingeliefert werden. Die 15-J\u00e4hrige blieb unverletzt. <\/p>\n\n\n\n<h4 class=\"wp-block-heading\">(Frankenthal) &#8211; Diebstahl eines Fahrrades<\/h4>\n\n\n\n<p>Ein unbekannter T\u00e4ter entwendet im Zeitraum vom 08.04.2020, 09:00 Uhr bis 08.04.2020, 13:20 Uhr das in einem Fahrradst\u00e4nder verschlossen abgestellte Pedelec der Marke Fischer des Gesch\u00e4digten. Das Fahrrad war im Nordring, vor dem Anwesen Nr. 60a in Frankenthal, abgestellt. Die H\u00f6he des Schadens ist nicht bekannt. <\/p>\n\n\n\n<p>Zeugen werden gebeten sich an die Polizeiinspektion Frankenthal unter der Tel.-Nr.: 06233\/313-0 oder an die Polizeiwache Maxdorf unter der Tel.-Nr.: 06237\/934-100 zu wenden. Gerne nehmen wir Ihre Hinweise auch per E-Mail unter  <a href=\"mailto:pifrankenthal@polizei.rlp.de\">pifrankenthal@polizei.rlp.de<\/a> entgegen. <\/p>\n\n\n\n<h4 class=\"wp-block-heading\">(Ludwigshafen) &#8211; T\u00e4terfestnahme nach Raub \/ Haftbefehl erlassen<\/h4>\n\n\n\n<h4 class=\"wp-block-heading\">Gemeinsame Pressemitteilung von Staatsanwaltschaft Frankenthal und Polizeipr\u00e4sidium Rheinpfalz<\/h4>\n\n\n\n<div class=\"wp-block-image\"><figure class=\"aligncenter\"><img decoding=\"async\" src=\"https:\/\/speyer24news.com\/wp-content\/uploads\/2019\/12\/Zelle.jpg\" alt=\"\" class=\"wp-image-23580\"\/><\/figure><\/div>\n\n\n\n<p>Am 08.04.2020 gegen 15 Uhr hinterlie\u00df eine 20-j\u00e4hrige Frau eine T\u00fcte mit einem niedrigen vierstelligen Geldbetrag in ihrem Auto, das sie in der Ludwigstra\u00dfe abstellte, und entfernte sich f\u00fcr wenige Minuten. Als sie zur\u00fcckkam, bemerkte sie einen fremden Mann in ihrem Auto. Sie \u00f6ffnete die Fahrert\u00fcr und sprach den Mann an, worauf dieser die T\u00fcte mit dem Geld nahm, die Frau zu Boden stie\u00df und davonlief. Die Frau alarmierte sofort ihren Vater, der mit Hilfe von zwei Bekannten den T\u00e4ter verfolgte. Auf dem Ludwigplatz konnten sie ihn einholen, worauf es zu einem Handgemenge kam. Hier konnte der T\u00e4ter noch einmal weglaufen, wurde aber von der nun hinzugekommenen Polizeistreife schlie\u00dflich gestellt. <\/p>\n\n\n\n<p>Der 32-j\u00e4hrige Algerier wurde vorl\u00e4ufig festgenommen und am 09.04.2020 dem Haftrichter am Amtsgericht Frankenthal vorgef\u00fchrt. Auf Antrag der Staatsanwaltschaft Frankenthal ordnete der Richter die Untersuchungshaft an. Der dringend Tatverd\u00e4chtige wurde daraufhin in eine Justizvollzugsanstalt verbracht. <\/p>\n\n\n\n<h4 class=\"wp-block-heading\">(Ludwigshafen) &#8211; Einbruch in Keller<\/h4>\n\n\n\n<p>In der Zeit zwischen dem 07.04.2020, gegen 11:00 Uhr und dem 08.04.2020, gegen 14:00 Uhr, brachen unbekannte T\u00e4ter das Schloss eines Kellers einer Wohnung in der Kranichstra\u00dfe auf. Sie stahlen Fahrradzubeh\u00f6r sowie Werkzeug im Gesamtwert von mehreren hundert Euro. <\/p>\n\n\n\n<p>Wer etwas beobachtet hat und Hinweise auf die T\u00e4ter geben kann, wird gebeten, sich an die Polizeiinspektion Ludwigshafen 2 unter der Telefonnummer 0621 963-2222 oder per E-Mail <a href=\"mailto:piludwigshafen2@polizei.rlp.de\">piludwigshafen2@polizei.rlp.de<\/a> zu wenden. <\/p>\n\n\n\n<h4 class=\"wp-block-heading\">(Ludwigshafen) &#8211; Sachbesch\u00e4digungen an Karolina-Burger-Realschule<\/h4>\n\n\n\n<p>In der Zeit zwischen dem 07.04.2020, gegen 17:00 Uhr und dem 08.04.2020, gegen 08:00 Uhr, beschmierten unbekannte T\u00e4ter W\u00e4nde und Eingangst\u00fcren der Karolina-Burger-Realschule in der Erich-Reimann-Stra\u00dfe mit Farbe. Zudem schlugen sie die Glasscheibe einer Eingangst\u00fcr ein und zerst\u00f6rten einen M\u00fclleimer. <\/p>\n\n\n\n<p>Wer etwas beobachtet hat und Hinweise auf die T\u00e4ter geben kann, wird gebeten, sich  an die Polizeiinspektion Ludwigshafen 1, 0621 963-2122 oder per E-Mail <a href=\"mailto:piludwigshafen1@polizei.rlp.de\">piludwigshafen1@polizei.rlp.de<\/a> zu wenden. <\/p>\n\n\n\n<h4 class=\"wp-block-heading\">(Ludwigshafen) &#8211; Baumaschinen aus Auto gestohlen<\/h4>\n\n\n\n<p>In der Zeit zwischen dem 07.04.2020, gegen 18:00 Uhr und dem 08.04.2020, gegen 06:00 Uhr, stahlen unbekannte T\u00e4ter aus einem Auto, das in der Goethestra\u00dfe geparkt war, mehrere Baumaschinen. <\/p>\n\n\n\n<p>Wer etwas beobachtet hat und Hinweise auf die T\u00e4ter geben kann, wird gebeten, sich an die Polizeiinspektion Ludwigshafen 2 unter der Telefonnummer 0621 963-2222 oder per E-Mail <a href=\"mailto:piludwigshafen2@polizei.rlp.de\">piludwigshafen2@polizei.rlp.de<\/a> zu wenden. <\/p>\n\n\n\n<h4 class=\"wp-block-heading\">(Mannheim-Rheinau) &#8211; 36-j\u00e4hriger Mann besch\u00e4digt hochwertigen Pkw und geht anschlie\u00dfend auf Polizeibeamte los<\/h4>\n\n\n\n<p>Zeugen verst\u00e4ndigten am Mittwochabend die Polizei, da ein 36-j\u00e4hriger Mann im Stadtteil Rheinau ein hochwertiges Auto besch\u00e4digt hatte. Die Zeugen hatten beobachtet, wie der Mann an einem Mercedes AMG, der auf dem Parkplatz eines Mehrfamilienhauses in der Stolzeneckstra\u00dfe abgestellt war, den Au\u00dfenspiegel abgetreten und die Windschutzscheibe besch\u00e4digt hatte. Beim Eintreffen der Beamten waren mehrere Zeugen vor Ort, der T\u00e4ter hatte sich zun\u00e4chst entfernt, kehrte aber wenig sp\u00e4ter wieder zur\u00fcck. Dabei zeigte er sich \u00e4u\u00dferst aggressiv gegen\u00fcber den Polizisten. Er schrie herum, stie\u00df Drohungen gegen den Halter des besch\u00e4digten Autos aus und p\u00f6belte die Zeugen an. Er trat den Beamten sehr nahe entgegen und ignorierte s\u00e4mtliche Weisungen, Abstand zu halten. Unvermittelt stie\u00df er mit seinem Kopf heftig in Richtung eines Polizeibeamten, der diesen Kopfsto\u00df jedoch abwehren konnte. Er wurde daraufhin zu Boden gebracht. Gegen das Anlegen der Handschlie\u00dfen leistete er heftigsten Widerstand und versuchte massiv,  sich loszurei\u00dfen. Mit vereinten Kr\u00e4ften gelang es den Ordnungsh\u00fctern schlie\u00dflich, den Mann zu fixieren. Unter Zwang musste er schlie\u00dflich in ein Polizeifahrzeug gebracht werden. Dabei spuckte und trat er mehrfach in Richtung der Beamten. W\u00e4hrend der Fahrt zum Revier trat der 36-J\u00e4hrige mehrmals gegen die Abtrennwand im Polizeifahrzeug und sprach zahlreiche Drohungen und Beleidigungen gegen die Polizisten aus. Bei den Tritten st\u00fcrzte er im Fahrzeug und zog sich eine Verletzung am Kopf zu. <\/p>\n\n\n\n<p>Er wurde daraufhin in die Notaufnahme eines nahegelegenen Krankenhauses gebracht, wo er eingehend untersucht und seine Verletzung versorgt wurde. Er hatte sich zwischenzeitlich wieder beruhigt. Alkohol- und Drogentests verliefen bei dem 36-j\u00e4hrigen Mann ohne Befund. Da nicht auszuschlie\u00dfen war, dass sich der Mann in einer psychischen Ausnahmesituation befand, wurde er zur weiteren Untersuchung in eine Fachklinik gebracht. <\/p>\n\n\n\n<p>Gegen den Mann wird nun wegen Sachbesch\u00e4digung, t\u00e4tlichen Angriffs auf Polizeibeamte, Widerstand gegen Polizeibeamte, versuchter K\u00f6rperverletzung, Beleidigung und Bedrohung ermittelt.<\/p>\n\n\n\n<h4 class=\"wp-block-heading\">(Mannheim-Kirchgartshausen) &#8211; Unfall zwischen zwei Radfahrern\/ ein Radfahrer schwer verletzt \/ Zeugen gesucht!<\/h4>\n\n\n\n<p>Zu einem Verkehrsunfall mit zwei beteiligten Fahrradfahrern kam es am Dienstag gegen 13:40 Uhr im Stadtteil Kirschgartshausen. Den ersten polizeilichen Ermittlungen zufolge fuhr ein 56-j\u00e4hriger Radfahrer auf der Stra\u00dfe &#8222;Der Hohe Weg zum Rhein&#8220;, als er nach eigenen Angaben von einem \u00fcberholenden Radfahrer gestreift wurde und infolgedessen zu Fall kam. Der 56-j\u00e4hrige Mann zog sich hierbei teils schwerste Verletzungen an der Schulter und dem Kopf zu und befindet sich noch in station\u00e4rer Behandlung im Krankenhaus. Derzeit liegen keinerlei Hinweise zu dem zweiten Fahrradfahrer vor. <\/p>\n\n\n\n<p>Zeugen, die sachdienliche Hinweise zum Unfallhergang oder dem fl\u00fcchtigen Radfahrer machen k\u00f6nnen, werden gebeten sich mit dem Verkehrsdienst Mannheim unter der Nummer 0621\/174-4222 oder dem Polizeirevier Sandhofen unter 0621\/77769-0 in Verbindung zu setzen. <\/p>\n\n\n\n<h4 class=\"wp-block-heading\">(Heidelberg-Emmertsgrund) &#8211; Verkehrsunfall mit 3 Fahrzeugen und hohem Sachschaden<\/h4>\n\n\n\n<p>Zu einem Verkehrsunfall mit hohem Sachschaden kam es am Mittwochabend gegen 19 Uhr in der Stra\u00dfe &#8222;Im Emmertsgrund&#8220;. Dort wurde ein haltender Linienbus von zwei hintereinanderfahrenden Fahrzeugen \u00fcberholt. Das vordere der beiden Fahrzeuge kollidierte hierbei aus ungekl\u00e4rter Ursache zun\u00e4chst mit einem auf der gegen\u00fcberliegenden Fahrbahnseite geparkten Pkw und im weiteren Verlauf mit dem ebenfalls \u00fcberholenden Fahrzeug. An dem unfallverursachenden und dem geparkten Pkw entstand ein Sachschaden von etwa 8.000 Euro. Beide Fahrzeuge waren nicht mehr fahrbereit und mussten abgeschleppt werden. An dem ebenfalls \u00fcberholenden Fahrzeug entstand ein Sachschaden von etwa 1.000 Euro. <\/p>\n\n\n\n<h4 class=\"wp-block-heading\">(Altlu\u00dfheim \/ Rhein-Neckar-Kreis) &#8211; 70-j\u00e4hriger Autofahrer f\u00e4hrt auf Sattelzug auf<\/h4>\n\n\n\n<p>Am Mittwoch, 08.04.2020 gegen 14:30 Uhr, fuhr auf der L560 bei Altlu\u00dfheim ein 70-j\u00e4hriger Golffahrer aufgrund von Unachtsamkeit auf einen vorausfahrenden Sattelzug mit Sattelauflieger auf und verursachte dabei einen Schaden an dem Auflieger von rund 800 EURO. Das Fahrzeug des Unfallverursachers musste abgeschleppt werden. Die H\u00f6he seines Schadens wird auf rund 4.000 EURO gesch\u00e4tzt. <\/p>\n\n\n\n<h4 class=\"wp-block-heading\">(Hockenheim \/ Rhein-Neckar-Kreis) &#8211; 33-j\u00e4hriger Mann von Unbekannten \u00fcberfallen \/ Polizei sucht Zeugen<\/h4>\n\n\n\n<figure class=\"wp-block-image\"><img decoding=\"async\" src=\"https:\/\/speyer24news.com\/wp-content\/uploads\/2020\/02\/Zeugen-Gesucht-Neutral.jpg\" alt=\"\" class=\"wp-image-25059\"\/><\/figure>\n\n\n\n<p>Ein 33-j\u00e4hriger Mann wurde am Dienstagabend in Hockenheim von mehreren M\u00e4nnern \u00fcberfallen. Der 33-J\u00e4hrige sa\u00df gegen 19.30 Uhr auf einer Bank vor der Kirche in der Rathausstra\u00dfe, als pl\u00f6tzlich zwei oder drei Unbekannte von hinten an ihn herantraten, ihn anrempelten und nach Zigaretten fragten. Als er zu verstehen gab, keine Zigaretten zu haben, zog einer der T\u00e4ter ein Messer, drohte dem Opfer und forderte die Herausgabe von Bargeld und Mobiltelefon. Der 33-J\u00e4hrige schlug daraufhin um sich, ohne jedoch die T\u00e4ter zu treffen. Diese fl\u00fcchteten anschlie\u00dfend in Richtung Motodrom. Der Gesch\u00e4digte stand bei dem \u00dcberfall deutlich unter Alkoholeinfluss. Ein Alkoholtest ergab einen Wert von \u00fcber 1,8 Promille. Er wurde bei dem \u00dcberfall nicht verletzt. Eine medizinische Versorgung des 33-J\u00e4hrigen war nicht erforderlich. <\/p>\n\n\n\n<p>Die Unbekannten wurden vom Gesch\u00e4digten wie folgt beschrieben: <\/p>\n\n\n\n<ul><li>Ca. 16 bis 18 Jahre alt<\/li><li>Ca. 170 cm gro\u00df<\/li><li>Vermutlich Deutsche<\/li><li>Trugen schwarze Bekleidung <\/li><\/ul>\n\n\n\n<p>Zeugen, die auf den Vorfall aufmerksam geworden sind und sachdienliche Hinweise zu den T\u00e4tern geben k\u00f6nnen, werden gebeten, sich beim Kriminaldauerdienst der Kriminalpolizeidirektion Heidelberg, Tel.: 0621\/174-4444 zu melden. <\/p>\n\n\n\n<h4 class=\"wp-block-heading\">(Hockenheim \/ Rhein-Neckar-Kreis) &#8211; \u00c4ltere Dame st\u00fcrzt in Linienbus \/ Zeugen gesucht!<\/h4>\n\n\n\n<p>Bereits am Montag, gegen 13 Uhr kam eine 85-j\u00e4hrige Dame in Schwetzingen in einem Bus der Linie 717 in Fahrtrichtung Speyer zu Fall und verletzte sich hierbei im Oberk\u00f6rperbereich. Die Dame stieg an der Haltestelle &#8222;Krankenhaus B36&#8220; in den Bus und st\u00fcrzte in dem Moment, als der Bus von der Haltestelle losfuhr. Nachdem zwei bislang unbekannte M\u00e4nner der Dame aufgeholfen hatten, stieg sie in der N\u00e4he des &#8222;Med-Center&#8220; Hockenheim aus und begab sich anschlie\u00dfend in \u00e4rztliche Behandlung. Nach dem Arztbesuch begab sich die Dame auf das Polizeirevier Hockenheim und zeigte den Verkehrsunfall an. Inwiefern dem Busfahrer ein Fehler im Fahrverhalten vorgeworfen werden kann, ist derzeit Gegenstand der Ermittlungen. <\/p>\n\n\n\n<p>Neben weiteren m\u00f6glichen Zeugen werden insbesondere die beiden Helfer gebeten sich mit dem Polizeirevier Hockenheim unter Tel. 06205\/2860-0 in Verbindung zu setzen. <\/p>\n\n\n\n<h4 class=\"wp-block-heading\">(Sinsheim \/ Rhein-Neckar-Kreis) &#8211; Motorradfahrer kommt zu Fall<\/h4>\n\n\n\n<p>Am Mittwoch, 08.04.2020 gegen 21:30 Uhr, st\u00fcrzte ein 20-j\u00e4hriger Motorradfahrer mit seiner Suzuki von der Auffahrt B 292 von der B45\/Hoffenheim kommend. Wie es genau zu dem Sturz kam, konnte er allerdings nicht sagen. Dass er von einem Fahrzeug abgedr\u00e4ngt wurde, schloss er aus. Aufgrund seiner Erinnerungsl\u00fccken und Schmerzen in beiden H\u00e4nden, wurde er ins Krankenhaus verbracht. Sein Motorrad war nicht mehr fahrbereit und wurde abtransportiert. Der Schaden wird auf ca. 2000 Euro gesch\u00e4tzt. <\/p>\n\n\n\n<h4 class=\"wp-block-heading\">(Sinsheim \/ Rhein-Neckar-Kreis) &#8211; Alkoholisierter Fahrer verursacht 1.000 EURO Fremdschaden<\/h4>\n\n\n\n<p>Am Mittwoch, 08.04.2020 gegen 18:45 Uhr, besch\u00e4digte ein 63-j\u00e4hriger Autofahrer in der Michelfelder Stra\u00dfe beim Rangieren einen geparkten Suzuki. Die von ihm gerufenen Beamten stellten Alkoholgeruch in der Atemluft des Unfallverursachers fest. Ein an Ort und Stelle durchgef\u00fchrter Atemalkoholtest ergab einen Wert von fast 1 Promille. Nach zwei Blutentnahmen auf der Dienststelle wurde mit Einverst\u00e4ndnis des Beschuldigten der F\u00fchrerschein sichergestellt. Der Sachschaden an dem fremden Pkw bel\u00e4uft sich auf rund 1.000 EURO. <\/p>\n\n\n\n<h4 class=\"wp-block-heading\">(Dossenheim \/ Rhein-Neckar-Kreis) &#8211; Motorrad gestohlen \/ Polizei sucht Zeugen<\/h4>\n\n\n\n<p>Im Zeitraum von Montagmittag bis Mittwochmittag entwendeten unbekannte Diebe in Dossenheim ein schwarz\/graues Motorrad des Typ Suzuki XF650 mit Frankfurter Zulassung. Das Kraftrad war vor einem Wohnanwesen in der Konrad-Adenauer-Stra\u00dfe abgestellt und durch das Lenkradschloss gesichert. Hinweise auf den oder die T\u00e4ter liegen derzeit nicht vor. <\/p>\n\n\n\n<p>Die Kriminalpolizei hat die Ermittlungen \u00fcbernommen. <\/p>\n\n\n\n<p>Zeugen, die sachdienliche Hinweise geben k\u00f6nnen, werden gebeten, sich mit dem Kriminaldauerdienst der Kriminalpolizeidirektion Heidelberg, Tel.: 0621\/174-4444, in Verbindung zu setzen. <\/p>\n\n\n\n<h4 class=\"wp-block-heading\">(Hirschberg \/ A 5 \/ Rhein-Neckar-Kreis) &#8211; Spurwechsel auf A 5 f\u00fchrt zu zwei Totalsch\u00e4den<\/h4>\n\n\n\n<p>Am Mittwoch, 08.04.2020, gegen 16:15 Uhr wechselte der 26-j\u00e4hrige Fahrer eines AUDI A3 auf der A 5 in H\u00f6he der Anschlussstelle Hirschberg von der linken auf die rechte Spur und \u00fcbersah dabei den 25-j\u00e4hrigen Fahrer eines NISSAN Micra. Beide Unfallbeteiligten wurden mit leichten Verletzungen in ein nahegelegenes Krankenhaus verbracht. Beide Fahrzeugen waren so stark besch\u00e4digt, dass sie abgeschleppt werden mussten. Der Sachschaden wird auf rund 10.000 Euro gesch\u00e4tzt. <\/p>\n\n\n\n<h4 class=\"wp-block-heading\">(Weinheim \/ A 659 \/ Rhein-Neckar-Kreis) &#8211; Autokran besch\u00e4digt Eisenbahnbr\u00fccke<\/h4>\n\n\n\n<h4 class=\"wp-block-heading\" style=\"text-align:center\">Pressemeldung Nr. 1<\/h4>\n\n\n\n<div class=\"wp-block-image\"><figure class=\"aligncenter\"><img decoding=\"async\" loading=\"lazy\" width=\"800\" height=\"615\" src=\"https:\/\/speyer24news.com\/wp-content\/uploads\/2020\/04\/09.04.20-Hemsbach-VU2.png\" alt=\"\" class=\"wp-image-26234\" srcset=\"https:\/\/speyer24news.com\/wp-content\/uploads\/2020\/04\/09.04.20-Hemsbach-VU2.png 800w, https:\/\/speyer24news.com\/wp-content\/uploads\/2020\/04\/09.04.20-Hemsbach-VU2-300x231.png 300w, https:\/\/speyer24news.com\/wp-content\/uploads\/2020\/04\/09.04.20-Hemsbach-VU2-768x590.png 768w\" sizes=\"(max-width: 800px) 100vw, 800px\" \/><\/figure><\/div>\n\n\n\n<p>Am fr\u00fchen Donnerstagnachmittag ereignete sich auf der A 659 bei Weinheim ein Verkehrsunfall mit einem Autokran. Ein 41-j\u00e4hriger Mann war kurz vor 14 Uhr mit seinem LKW mit Kranaufbau auf der A 659 von Mannheim in Richtung Weinheim unterwegs. Zwischen der Anschlussstelle Viernheim-Ost und dem Autobahnkreuz Weinheim stie\u00df der Kranarm des Fahrzeugs gegen die Br\u00fccke einer Bahnlinie. Der Kranwagen st\u00fcrzte auf die Seite und blieb unterhalb der B\u00fccke liegen. <\/p>\n\n\n\n<div class=\"wp-block-image\"><figure class=\"aligncenter\"><img decoding=\"async\" loading=\"lazy\" width=\"800\" height=\"600\" src=\"https:\/\/speyer24news.com\/wp-content\/uploads\/2020\/04\/09.04.20-Hemsbach-VU.png\" alt=\"\" class=\"wp-image-26235\" srcset=\"https:\/\/speyer24news.com\/wp-content\/uploads\/2020\/04\/09.04.20-Hemsbach-VU.png 800w, https:\/\/speyer24news.com\/wp-content\/uploads\/2020\/04\/09.04.20-Hemsbach-VU-300x225.png 300w, https:\/\/speyer24news.com\/wp-content\/uploads\/2020\/04\/09.04.20-Hemsbach-VU-768x576.png 768w, https:\/\/speyer24news.com\/wp-content\/uploads\/2020\/04\/09.04.20-Hemsbach-VU-678x509.png 678w, https:\/\/speyer24news.com\/wp-content\/uploads\/2020\/04\/09.04.20-Hemsbach-VU-326x245.png 326w, https:\/\/speyer24news.com\/wp-content\/uploads\/2020\/04\/09.04.20-Hemsbach-VU-80x60.png 80w\" sizes=\"(max-width: 800px) 100vw, 800px\" \/><\/figure><\/div>\n\n\n\n<p>Der Fahrer des Lastwagens erlitt Verletzungen und wurde zur Behandlung in ein Krankenhaus eingeliefert. \u00dcber Art und Schwere seiner Verletzungen liegen noch keine weiteren Informationen vor. Die Br\u00fccke wurde durch den Aufprall stark besch\u00e4digt. Nach Auskunft der Bundespolizei handelt es sich jedoch um eine stillgelegte Bahnstrecke. Die Bergung des Lastwagens dauert derzeit noch an. Die Autobahn ist hierzu in Fahrtrichtung Weinheim voll gesperrt. Bislang bildete sich ein R\u00fcckstau von bis zu 3 Kilometern L\u00e4nge. <\/p>\n\n\n\n<h4 class=\"wp-block-heading\">(Weinheim \/ A 659 \/ Rhein-Neckar-Kreis) &#8211; Autokran besch\u00e4digt Eisenbahnbr\u00fccke<\/h4>\n\n\n\n<h4 class=\"wp-block-heading\" style=\"text-align:center\">Pressemeldung Nr. 2<\/h4>\n\n\n\n<div class=\"wp-block-image\"><figure class=\"aligncenter\"><img decoding=\"async\" loading=\"lazy\" width=\"800\" height=\"568\" src=\"https:\/\/speyer24news.com\/wp-content\/uploads\/2020\/04\/09.04.20-Hemsbach-VU3.png\" alt=\"\" class=\"wp-image-26236\" srcset=\"https:\/\/speyer24news.com\/wp-content\/uploads\/2020\/04\/09.04.20-Hemsbach-VU3.png 800w, https:\/\/speyer24news.com\/wp-content\/uploads\/2020\/04\/09.04.20-Hemsbach-VU3-300x213.png 300w, https:\/\/speyer24news.com\/wp-content\/uploads\/2020\/04\/09.04.20-Hemsbach-VU3-768x545.png 768w\" sizes=\"(max-width: 800px) 100vw, 800px\" \/><\/figure><\/div>\n\n\n\n<p>Aufgrund der Bergung des LKW\u00b4s musste die Autobahn 659 in Fahrtrichtung Weinheim in der Zeit von 16:32 Uhr bis 18:41 Uhr voll gesperrt werden. Danach wurde erst eine Spur frei gegeben, kurz vor 21 Uhr konnte die Fahrbahn in Richtung Weinheim komplett freigegeben werden. Die besch\u00e4digte Eisenbahnbr\u00fccke, die schon vorher au\u00dfer Betrieb gesetzt war, wird am kommenden Dienstag begutachtet. Der 41-j\u00e4hrige LKW Fahrer wurde nur leicht verletzt und verblieb zur \u00dcberwachung in einem Krankenhaus. <\/p>\n\n\n\n<h4 class=\"wp-block-heading\">(Weinheim \/ A 5 \/ Rhein-Neckar-Kreis) &#8211; Verkehrsunfall mit zwei verletzten Personen<\/h4>\n\n\n\n<p>Bei einem Verkehrsunfall am Donnerstagmorgen auf der A 5 bei Weinheim wurden zwei Personen leicht verletzt und es entstand betr\u00e4chtlicher Sachschaden. <\/p>\n\n\n\n<p>Ein 54-j\u00e4hriger Mann war kurz nach sechs Uhr mit seinem Opel Corsa an der Anschlussstelle Hemsbach auf die A 5 in Richtung Karlsruhe aufgefahren. Kurz vor dem Autobahnkreuz Weinheim wechselte er zum \u00dcberholen auf die linke Fahrspur. Dabei \u00fcbersah er einen 22-j\u00e4hrigen Ford-Fahrer auf dem linken Fahrstreifen und stie\u00df mit ihm zusammen. Beide Fahrzeuge schleuderten anschlie\u00dfend nach rechts gegen die Leitplanken. Der Ford wurde dabei unter der Leitplanke hindurchgedr\u00fcckt, die sich dadurch anhob. Die angehobenen Leitplankenelemente rutschten in der Folge wieder nach unten. Der Ford kam jenseits der Leitplanke und mit dieser verkeilt zum Stehen. <\/p>\n\n\n\n<p>Der 22-j\u00e4hrige Fahrer des Ford erlitt leichte Verletzungen und wurde zur Behandlung in ein Krankenhaus eingeliefert. Auch der Opel-Fahrer erlitt leichte Verletzungen. Er wurde durch Rettungskr\u00e4fte vor Ort medizinisch versorgt. <\/p>\n\n\n\n<p>Beide Fahrzeuge mussten abgeschleppt werden. Es entstand Sachschaden von rund 30.000 Euro. <\/p>\n\n\n\n<p>Die Freiwillige Feuerwehr Hemsbach unterst\u00fctzte die Ma\u00dfnahmen der Polizei mit drei Fahrzeugen und 12 Wehrleuten. W\u00e4hrend der Unfallaufnahme war der rechts Fahrstreifen gesperrt. Nach Abschluss der Unfallaufnahme musste die Fahrbahn wegen ausgelaufener Betriebsstoffe gereinigt werden. <\/p>\n","protected":false},"excerpt":{"rendered":"<div class=\"mh-excerpt\"><p>Polizeimeldungen vom Donnerstag (09.04.2020) (Speyer) &#8211; Mehrere Strafverfahren wegen des Versto\u00dfes gegen das Bet\u00e4ubungsmittelgesetz eingeleitet Am Mittwoch und Donnerstag f\u00fchrte die Polizei Speyer mehrere Personenkontrollen im Hinblick auf Verst\u00f6\u00dfe gegen das Bet\u00e4ubungsmittelgesetz durch. Um 22:15 <a class=\"mh-excerpt-more\" href=\"https:\/\/speyer24news.com\/?p=26232\" title=\"Polizei\">[&#8230;]<\/a><\/p>\n<\/div>","protected":false},"author":3,"featured_media":0,"comment_status":"open","ping_status":"open","sticky":false,"template":"","format":"standard","meta":{"_monsterinsights_skip_tracking":false,"_monsterinsights_sitenote_active":false,"_monsterinsights_sitenote_note":"","_monsterinsights_sitenote_category":0,"footnotes":""},"categories":[12],"tags":[3614,61,2555,6263,63,105,53,4854,4683,1548,102,213,55,5261,103,106,2803,2423,427,2625,380,62,104,979,1565],"aioseo_notices":[],"amp_enabled":true,"_links":{"self":[{"href":"https:\/\/speyer24news.com\/index.php?rest_route=\/wp\/v2\/posts\/26232"}],"collection":[{"href":"https:\/\/speyer24news.com\/index.php?rest_route=\/wp\/v2\/posts"}],"about":[{"href":"https:\/\/speyer24news.com\/index.php?rest_route=\/wp\/v2\/types\/post"}],"author":[{"embeddable":true,"href":"https:\/\/speyer24news.com\/index.php?rest_route=\/wp\/v2\/users\/3"}],"replies":[{"embeddable":true,"href":"https:\/\/speyer24news.com\/index.php?rest_route=%2Fwp%2Fv2%2Fcomments&post=26232"}],"version-history":[{"count":2,"href":"https:\/\/speyer24news.com\/index.php?rest_route=\/wp\/v2\/posts\/26232\/revisions"}],"predecessor-version":[{"id":26239,"href":"https:\/\/speyer24news.com\/index.php?rest_route=\/wp\/v2\/posts\/26232\/revisions\/26239"}],"wp:attachment":[{"href":"https:\/\/speyer24news.com\/index.php?rest_route=%2Fwp%2Fv2%2Fmedia&parent=26232"}],"wp:term":[{"taxonomy":"category","embeddable":true,"href":"https:\/\/speyer24news.com\/index.php?rest_route=%2Fwp%2Fv2%2Fcategories&post=26232"},{"taxonomy":"post_tag","embeddable":true,"href":"https:\/\/speyer24news.com\/index.php?rest_route=%2Fwp%2Fv2%2Ftags&post=26232"}],"curies":[{"name":"wp","href":"https:\/\/api.w.org\/{rel}","templated":true}]}}