{"id":26249,"date":"2020-04-11T06:58:10","date_gmt":"2020-04-11T05:58:10","guid":{"rendered":"https:\/\/speyer24news.com\/?p=26249"},"modified":"2020-04-11T06:58:12","modified_gmt":"2020-04-11T05:58:12","slug":"stadt-und-verkehrsnotizen-aus-speyer-4","status":"publish","type":"post","link":"https:\/\/speyer24news.com\/?p=26249","title":{"rendered":"Stadt- und Verkehrsnotizen aus Speyer"},"content":{"rendered":"<style type=\"text\/css\">\r\n\t.ads_top_disp{}\r\n\t.ads_top_corner_disp{ float:left; margin:0px 10px 10px 0px; }\r\n\t.ads_first_p_disp{}\r\n\t.ads_bottom_disp{}\r\n\t<\/style>\n<h1 class=\"wp-block-heading\" style=\"text-align:center\">Stadtnotizen<\/h1>\n\n\n\n<div class=\"wp-block-image\"><figure class=\"aligncenter\"><img decoding=\"async\" loading=\"lazy\" width=\"800\" height=\"600\" src=\"https:\/\/speyer24news.com\/wp-content\/uploads\/2020\/01\/Speyer-Stadtnachrichten-2.jpg\" alt=\"\" class=\"wp-image-23901\" srcset=\"https:\/\/speyer24news.com\/wp-content\/uploads\/2020\/01\/Speyer-Stadtnachrichten-2.jpg 800w, https:\/\/speyer24news.com\/wp-content\/uploads\/2020\/01\/Speyer-Stadtnachrichten-2-300x225.jpg 300w, https:\/\/speyer24news.com\/wp-content\/uploads\/2020\/01\/Speyer-Stadtnachrichten-2-768x576.jpg 768w, https:\/\/speyer24news.com\/wp-content\/uploads\/2020\/01\/Speyer-Stadtnachrichten-2-678x509.jpg 678w, https:\/\/speyer24news.com\/wp-content\/uploads\/2020\/01\/Speyer-Stadtnachrichten-2-326x245.jpg 326w, https:\/\/speyer24news.com\/wp-content\/uploads\/2020\/01\/Speyer-Stadtnachrichten-2-80x60.jpg 80w\" sizes=\"(max-width: 800px) 100vw, 800px\" \/><\/figure><\/div>\n\n\n\n<h2 class=\"wp-block-heading\"><strong>Fallzahlen Stadt Speyer vom 09.04.2020<\/strong><\/h2>\n\n\n\n<figure class=\"wp-block-image\"><img decoding=\"async\" loading=\"lazy\" width=\"800\" height=\"400\" src=\"https:\/\/speyer24news.com\/wp-content\/uploads\/2020\/02\/virus-1812092_1920.jpg\" alt=\"\" class=\"wp-image-25128\" srcset=\"https:\/\/speyer24news.com\/wp-content\/uploads\/2020\/02\/virus-1812092_1920.jpg 800w, https:\/\/speyer24news.com\/wp-content\/uploads\/2020\/02\/virus-1812092_1920-300x150.jpg 300w, https:\/\/speyer24news.com\/wp-content\/uploads\/2020\/02\/virus-1812092_1920-768x384.jpg 768w\" sizes=\"(max-width: 800px) 100vw, 800px\" \/><\/figure>\n\n\n\n<p><strong>Anzahl best\u00e4tigter F\u00e4lle von Coronavirus (SARS-CoV-2)-Infektionen in der Stadt Speyer: 48<\/strong><\/p>\n\n\n\n<p><strong>Personen in Quarant\u00e4ne: 94<\/strong><\/p>\n\n\n\n<p><em>Stand: 09.04.2020, 15:00 Uhr<\/em><\/p>\n\n\n\n<p><em>Text: Stadtverwaltung Speyer Foto: pixabay.com<\/em><br><em>11.04.2020<\/em><\/p>\n\n\n\n<h2 class=\"wp-block-heading\"><strong>Jugendf\u00f6rderung startet mit Online-Angebot in die Osterferien<\/strong><\/h2>\n\n\n\n<div class=\"wp-block-image\"><figure class=\"aligncenter\"><img decoding=\"async\" loading=\"lazy\" width=\"800\" height=\"328\" src=\"https:\/\/speyer24news.com\/wp-content\/uploads\/2020\/04\/JuF\u00f6_osterferien.jpg\" alt=\"\" class=\"wp-image-26256\" srcset=\"https:\/\/speyer24news.com\/wp-content\/uploads\/2020\/04\/JuF\u00f6_osterferien.jpg 800w, https:\/\/speyer24news.com\/wp-content\/uploads\/2020\/04\/JuF\u00f6_osterferien-300x123.jpg 300w, https:\/\/speyer24news.com\/wp-content\/uploads\/2020\/04\/JuF\u00f6_osterferien-768x315.jpg 768w\" sizes=\"(max-width: 800px) 100vw, 800px\" \/><\/figure><\/div>\n\n\n\n<p>Aufgrund der Ma\u00dfnahmen zur Eind\u00e4mmung des Coronavirus k\u00f6nnen die beliebten Osterferien in der Walderholung in diesem Jahr  leider nicht wie gewohnt stattfinden. Damit bei den Grundschulkindern trotzdem keine Langeweile aufkommt, hat sich die Jugendf\u00f6rderung etwas einfallen lassen, getreu dem Motto: Wenn die Kinder nicht zur Walderholung kommen k\u00f6nnen, kommt die Jugendf\u00f6rderung  eben zu den Kindern. Und zwar mit selbst erstellten Videos direkt ins heimische Wohnzimmer. Keine Angst, dabei klingelt niemand an der Haust\u00fcr. Stattdessen wird \u201ekontaktsperrenkonform\u201c an jedem Tag der Osterferien auf dem YouTube Channel der Stadt Speyer (URL: <a rel=\"noreferrer noopener\" href=\"https:\/\/deref-web-02.de\/mail\/client\/rK9GERIe4hs\/dereferrer\/?redirectUrl=https%3A%2F%2Fwww.youtube.com%2Fuser%2Fstadtspeyer\" target=\"_blank\">https:\/\/www.youtube.com\/user\/stadtspeyer<\/a>) ein Video mit einfachen Bastel- und Spielideen zum  Nachmachen ver\u00f6ffentlicht.<\/p>\n\n\n\n<p>Ihr habt auch eine tolle Spiel- oder Bastelidee? Nehmt sie auf und schickt euer Video per E-Mail an <a rel=\"noreferrer noopener\" href=\"mailto:info@jugendfoerderung-speyer.de\" target=\"_blank\">info@jugendfoerderung-speyer.de<\/a>. Die JuF\u00f6 ver\u00f6ffentlicht euer Video dann als Inspiration f\u00fcr andere Kinder auf ihrer Internetseite.<\/p>\n\n\n\n<p>Weitere Infos gibt es unter <a rel=\"noreferrer noopener\" href=\"https:\/\/deref-web-02.de\/mail\/client\/TDaI6i91rbM\/dereferrer\/?redirectUrl=http%3A%2F%2Fwww.juf%C3%B6.de\" target=\"_blank\">www.juf\u00f6.de<\/a>.<\/p>\n\n\n\n<p><em>Stadtverwaltung Speyer<\/em><br><em>11.04.2020<\/em><\/p>\n\n\n\n<h2 class=\"wp-block-heading\"><strong>Christine &amp; Stephan Rahn live &#8211; Konzert ohne Publikum am 19. April<\/strong><\/h2>\n\n\n\n<div class=\"wp-block-image\"><figure class=\"aligncenter\"><img decoding=\"async\" loading=\"lazy\" width=\"800\" height=\"533\" src=\"https:\/\/speyer24news.com\/wp-content\/uploads\/2020\/04\/Christine-und-Stephan-Rahn_Foto_Schindelbeck.jpg\" alt=\"\" class=\"wp-image-26255\" srcset=\"https:\/\/speyer24news.com\/wp-content\/uploads\/2020\/04\/Christine-und-Stephan-Rahn_Foto_Schindelbeck.jpg 800w, https:\/\/speyer24news.com\/wp-content\/uploads\/2020\/04\/Christine-und-Stephan-Rahn_Foto_Schindelbeck-300x200.jpg 300w, https:\/\/speyer24news.com\/wp-content\/uploads\/2020\/04\/Christine-und-Stephan-Rahn_Foto_Schindelbeck-768x512.jpg 768w\" sizes=\"(max-width: 800px) 100vw, 800px\" \/><figcaption>Klavierduo Christine &amp; Stephan Rahn <em>Foto: \u00a9 Schindelbeck<\/em><\/figcaption><\/figure><\/div>\n\n\n\n<p>Im Rahmen der Kampagne &#8222;Speyer.Kultur.Support&#8220; wird das Klavierduo Christine &amp; Stephan Rahn am Sonntag, 19. April 2020, 18 Uhr, ein Konzert ohne Publikum spielen, das aus  der Stadthalle der Stadt Speyer im Livestream \u00fcbertragen wird.<\/p>\n\n\n\n<p>Auf dem Programm stehen zwei Komponisten, die in enger Beziehung zueinander standen: Robert Schumann und Johannes Brahms. Farbenreich startet das Konzert mit Robert Schumanns \u201eBilder aus Osten\u201c, in denen Schumanns Faszination f\u00fcr den Orient zum Ausdruck kommt.  Weiterhin zu h\u00f6ren sind die Variationen f\u00fcr Klavier zu vier H\u00e4nden op. 23 von Johannes Brahms, in denen Brahms ein Thema Robert Schumanns aufgreift und geistreich und ausdrucksstark weiter entwickelt. Zum Abschluss spielt das Klavierduo von Johann Sebastian  Bach \u201eGottes Zeit ist die allerbeste Zeit\u201c in einer Bearbeitung f\u00fcr Klavier zu vier H\u00e4nden.<\/p>\n\n\n\n<p>Das in Speyerer beheimatete Klavierduo Christine und Stephan Rahn hat von Beginn an schnell Aufmerksamkeit erregt und feiert seit mittlerweile f\u00fcnf Jahren gro\u00dfe Erfolge. Die Presse spricht von vierh\u00e4ndigem Klavierspiel, \u201edas an Einf\u00fchlung und Virtuosit\u00e4t nicht  zu \u00fcberbieten ist.\u201c (<em>Badisches Tagblatt<\/em>)<\/p>\n\n\n\n<figure class=\"wp-block-image\"><img decoding=\"async\" loading=\"lazy\" width=\"800\" height=\"566\" src=\"https:\/\/speyer24news.com\/wp-content\/uploads\/2020\/03\/A3-CHART_orange.jpg\" alt=\"\" class=\"wp-image-26109\" srcset=\"https:\/\/speyer24news.com\/wp-content\/uploads\/2020\/03\/A3-CHART_orange.jpg 800w, https:\/\/speyer24news.com\/wp-content\/uploads\/2020\/03\/A3-CHART_orange-300x212.jpg 300w, https:\/\/speyer24news.com\/wp-content\/uploads\/2020\/03\/A3-CHART_orange-768x543.jpg 768w\" sizes=\"(max-width: 800px) 100vw, 800px\" \/><\/figure>\n\n\n\n<p>Die Ausf\u00fchrenden erhalten Gagen. Online werden spezielle Unterst\u00fctzer-Tickets angeboten, deren Erl\u00f6s in den \u201eSpeyer.Kultur.Support.Fonds\u201c flie\u00dft, der wiederum Speyerer K\u00fcnstlerinnen und K\u00fcnstlern zugutekommt. Alle Infos zur Kampagne Speyer.Kultur.Support unter <a rel=\"noreferrer noopener\" href=\"https:\/\/deref-web-02.de\/mail\/client\/nFV_G_Tqdo0\/dereferrer\/?redirectUrl=http%3A%2F%2Fwww.speyer.de%2Fkultursupport%3Ffbclid%3DIwAR1kULOuPZoXj_CtL9X6rr28gVM2g0fUZqyWahb3_H12p_SKk4muRXE2Sv0\" target=\"_blank\">www.speyer.de\/kultursupport<\/a>.<\/p>\n\n\n\n<p>\u00dcbertragen wird der Livestream \u00fcber die Facebook-Seite\u00a0<a rel=\"noreferrer noopener\" href=\"https:\/\/deref-web-02.de\/mail\/client\/cPRR1xItUlE\/dereferrer\/?redirectUrl=https%3A%2F%2Fwww.facebook.com%2FSpeyer.Kultur%2F\" target=\"_blank\">https:\/\/www.facebook.com\/Speyer.Kultur\/<\/a>. Nat\u00fcrlich teilt auch Speyer 24\/7 News den Stream in seinem <a href=\"https:\/\/www.facebook.com\/Speyer24News\/\">Facebookauftritt<\/a>. <\/p>\n\n\n\n<p><em>Text: Stadtverwaltung Speyer Foto: \u00a9 Schindelbeck<\/em><br><em>11.04.2020<\/em><\/p>\n\n\n\n<h2 class=\"wp-block-heading\"><strong>Abstrichzentrum und Corona-Ambulanz: \u00d6ffnungszeiten \u00fcber Ostern<\/strong><\/h2>\n\n\n\n<div class=\"wp-block-image\"><figure class=\"aligncenter\"><img decoding=\"async\" loading=\"lazy\" width=\"500\" height=\"757\" src=\"https:\/\/speyer24news.com\/wp-content\/uploads\/2020\/03\/20200326_155113.jpg\" alt=\"\" class=\"wp-image-26116\" srcset=\"https:\/\/speyer24news.com\/wp-content\/uploads\/2020\/03\/20200326_155113.jpg 500w, https:\/\/speyer24news.com\/wp-content\/uploads\/2020\/03\/20200326_155113-198x300.jpg 198w\" sizes=\"(max-width: 500px) 100vw, 500px\" \/><\/figure><\/div>\n\n\n\n<p>Das Abstrichzentrum in der Halle 101 wird von Karfreitag, 10. April 2020, bis einschlie\u00dflich Ostermontag, 13. April 2020, jeweils von\n 16:00 bis 18:00 Uhr ge\u00f6ffnet sein. Aufgesucht werden kann es von Patient*innen, deren Hausarztpraxis in Speyer, Dudenhofen, R\u00f6merberg (mit Berghausen, Heiligenstein und Mechtersheim), Harthausen, Hanhofen oder B\u00f6hl-Iggelheim ans\u00e4ssig ist. \u00dcber die Osterfeiertage\n k\u00f6nnen Patient*innen mit Krankheitssymptomen auch ohne Termin ins Abstrichzentrum kommen. Ob ein Test erforderlich ist entscheidet der zust\u00e4ndige Arzt\/die zust\u00e4ndige \u00c4rztin vor Ort.<\/p>\n\n\n\n<p>Die Corona-Ambulanz im Erdgeschoss des ehemaligen Stiftungskrankenhauses bleibt \u00fcber Ostern geschlossen und \u00f6ffnet wieder am Dienstag,  14. April 2020, zwischen 12:00 und 14:00 Uhr. Zu beachten ist, dass die Corona-Ambulanz aus Gr\u00fcnden des Infektionsschutzes ausschlie\u00dflich nach vorheriger<strong> telefonischer Anmeldung <\/strong>des Patienten\/der Patientin<strong> durch den Hausarzt bzw. die Haus\u00e4rztin<\/strong> aufgesucht werden kann. <\/p>\n\n\n\n<p><em>Stadtverwaltung Speyer<br>11.04.2020<\/em><\/p>\n\n\n\n<h2 class=\"wp-block-heading\"><strong>Asylbewerber positiv auf Sars-COV-2 getestet \u2013 Gemeinschaftsunterkunft unter Quarant\u00e4ne <\/strong><\/h2>\n\n\n\n<div class=\"wp-block-image\"><figure class=\"aligncenter\"><img decoding=\"async\" loading=\"lazy\" width=\"800\" height=\"346\" src=\"https:\/\/speyer24news.com\/wp-content\/uploads\/2020\/02\/coronavirus-4817450_1920.jpg\" alt=\"\" class=\"wp-image-25126\" srcset=\"https:\/\/speyer24news.com\/wp-content\/uploads\/2020\/02\/coronavirus-4817450_1920.jpg 800w, https:\/\/speyer24news.com\/wp-content\/uploads\/2020\/02\/coronavirus-4817450_1920-300x130.jpg 300w, https:\/\/speyer24news.com\/wp-content\/uploads\/2020\/02\/coronavirus-4817450_1920-768x332.jpg 768w\" sizes=\"(max-width: 800px) 100vw, 800px\" \/><\/figure><\/div>\n\n\n\n<p>In einer st\u00e4dtischen Gemeinschaftsunterkunft f\u00fcr Asylbewerber*innen wurden zwei Bewohner*innen positiv auf das neuartige Coronavirus\n getestet. Da die Bewohner*innen K\u00fcche, Speisesaal und Sanit\u00e4ranlagen gemeinsam nutzen, ist eine Identifikation und Nachverfolgung aller Kontaktpersonen nicht m\u00f6glich. \u201eAus diesem Grund haben wir uns entschieden, die ganze Unterkunft f\u00fcr zun\u00e4chst 14 Tage unter\n Quarant\u00e4ne zu stellen und alle Bewohnerinnen und Bewohner, bei denen Symptome auftreten, testen zu lassen\u201c, erkl\u00e4rt Oberb\u00fcrgermeisterin Stefanie Seiler das Vorgehen. Dar\u00fcber hinaus werde die Wohnsituation entzerrt, Personen in andere Einrichtungen verlegt\n und dort unter Quarant\u00e4ne gestellt \u2013 selbstverst\u00e4ndlich in einem abgegrenzten Bereich. Weiterhin versichert die Stadtchefin: \u201eWir tun alles Notwendige, um die Ausbreitung des Virus zu verhindern.\nF\u00fcr die Speyerer Bev\u00f6lkerung besteht keine erh\u00f6hte Ansteckungsgefahr.\u201c<\/p>\n\n\n\n<p>Bereits am Vormittag wurden die Bewohner*innen \u00fcber die getroffenen Ma\u00dfnahmen informiert. \u201eNat\u00fcrlich haben wir uns auf ein Szenario\n wie dieses vorbereitet\u201c, betont Sozialdezernentin und B\u00fcrgermeisterin Monika Kabs. \u201eDa Gemeinschaftsk\u00fcchen aus Gr\u00fcnden des Infektionsschutzes geschlossen werden m\u00fcssen, \u00fcbernimmt das DRK die Versorgung der unter Quarant\u00e4ne gestellten Menschen.\u201c\n<\/p>\n\n\n\n<p>Sollten w\u00e4hrend der Quarant\u00e4ne neue F\u00e4lle auftreten, verl\u00e4ngert sich diese um weitere 14 Tage.<\/p>\n\n\n\n<p><em>Text: Stadtverwaltung Speyer Foto: pixabay.com<\/em><br><em>11.04.2020<\/em><\/p>\n\n\n\n<h2 class=\"wp-block-heading\">Frist f\u00fcr Antr\u00e4ge auf Lernmittelfreiheit verl\u00e4ngert<\/h2>\n\n\n\n<p>Die Abteilung Schule und Sport dar\u00fcber, dass die Abgabefrist f\u00fcr Antr\u00e4ge auf Lernmittelfreiheit f\u00fcr das Schuljahr 2020\/2021 nun einmalig bis zum 30. April 2020 verl\u00e4ngert wurde. Die Antragsformulare liegen den Sch\u00fcler*innen bereits vor und k\u00f6nnen schriftlich in Papierform oder per E-Mail als eingescannte Datei an die Abteilung Schule und Sport geschickt werden. Sollten Antragsformulare ben\u00f6tigt werden, k\u00f6nnen diese unter https:\/\/lmf-online.rlp.de\/ heruntergeladen oder per E-Mail bei der Abteilung Schule und Sport angefordert werden. Die Antr\u00e4ge sollen bis auf Weiteres ausschlie\u00dflich kontaktlos \u00fcber die beschriebenen Wege gestellt werden. <\/p>\n\n\n\n<p><strong>Kontaktdaten:<\/strong><br> Stadtverwaltung Speyer<br> Abtl. Schule und Sport<br> Maximilianstra\u00dfe 12<br> 67346 Speyer<br> E-Mail: <a href=\"schuleundsport@stadt-speyer.de\">schuleundsport@stadt-speyer.de<\/a> <br> Tel.: 14-2246 und 14-2461<\/p>\n\n\n\n<p><em>Stadtverwaltung Speyer<br>11.04.2020<\/em><\/p>\n\n\n\n<h2 class=\"wp-block-heading\"><strong>Hilfe f\u00fcr wohnungs- und obdachlose Menschen<\/strong><\/h2>\n\n\n\n<div class=\"wp-block-image\"><figure class=\"aligncenter\"><img decoding=\"async\" loading=\"lazy\" width=\"800\" height=\"604\" src=\"https:\/\/speyer24news.com\/wp-content\/uploads\/2020\/04\/Foto_1.jpg\" alt=\"\" class=\"wp-image-26253\" srcset=\"https:\/\/speyer24news.com\/wp-content\/uploads\/2020\/04\/Foto_1.jpg 800w, https:\/\/speyer24news.com\/wp-content\/uploads\/2020\/04\/Foto_1-300x227.jpg 300w, https:\/\/speyer24news.com\/wp-content\/uploads\/2020\/04\/Foto_1-768x580.jpg 768w, https:\/\/speyer24news.com\/wp-content\/uploads\/2020\/04\/Foto_1-326x245.jpg 326w, https:\/\/speyer24news.com\/wp-content\/uploads\/2020\/04\/Foto_1-80x60.jpg 80w\" sizes=\"(max-width: 800px) 100vw, 800px\" \/><figcaption>Angeh\u00f6rige der Feuerwehr Speyer beim Ausladen von Lebensmitteln an der SAS am Festplatz<\/figcaption><\/figure><\/div>\n\n\n\n<p>Speyer h\u00e4lt zusammen und hilft Menschen, die von der Corona-Pandemie am st\u00e4rksten betroffen sind, das zeigte sich in den vergangenen\n Woche bereits mehrfach. In Zusammenarbeit zwischen der Wohnraumsicherung der Stadt Speyer und der Sozialen Anlaufstelle Speyer (SAS) wurden nun Notfallbeutel f\u00fcr wohnungs- und obdachlose Menschen zusammengestellt und an die Betroffenen \u00fcbergeben.\n<\/p>\n\n\n\n<p>Die Notfallbeutel enthielten Lebensmittel wie Tee, Kaffee, Konserven und Kekse, aber auch Hygieneartikel wie Duschgel und H\u00e4ndedesinfektionsmittel\n und einen \u00dcbersichtsflyer mit Hilfsangeboten. Gepackt wurden die \u00fcber 100 Beutel vom ehrenamtlichen Team der SAS, um anschlie\u00dfend von der Wohnraumsicherung der Stadt kontaktlos an den zuvor abgesprochen Orten und in den Notunterk\u00fcnften \u00fcbergeben zu werden.\n \u201eWohnungs- und obdachlose Menschen sind eine Risikogruppe und ihr Hilfsnetz, das sie sonst \u00fcber den Tag rettet, bricht infolge der Corona-Pandemie v\u00f6llig weg\u201c, erkl\u00e4rt Oberb\u00fcrgermeisterin Stefanie Seiler. \u201eIch bin deshalb sehr dankbar, dass sich die Wohnraumhilfe\n der Stadt und die Soziale Anlaufstelle zusammengeschlossen haben und unb\u00fcrokratisch Hilfe leisten\u201c, so die Stadtchefin weiter.<\/p>\n\n\n\n<p>Auch die zust\u00e4ndige B\u00fcrgermeisterin und Sozialdezernentin Monika Kabs betont: \u201eWir sind in Speyer trotz allem noch relativ gut aufgestellt\n und stellen wohnungs- und obdachlosen Menschen entsprechende Unterbringungsm\u00f6glichkeiten. Auch die Speyerer Tafel und die MahlZeit der Protestantischen Gesamtkirchengemeinde sind nach wie vor offen und versorgen Bed\u00fcrftige. Wir erreichen mit diesen Angeboten\n aber leider nicht alle Menschen und so sind die Notfallbeutel eine wichtige Erg\u00e4nzung.\u201c<\/p>\n\n\n\n<div class=\"wp-block-image\"><figure class=\"aligncenter\"><img decoding=\"async\" loading=\"lazy\" width=\"800\" height=\"603\" src=\"https:\/\/speyer24news.com\/wp-content\/uploads\/2020\/04\/Foto_2.jpg\" alt=\"\" class=\"wp-image-26254\" srcset=\"https:\/\/speyer24news.com\/wp-content\/uploads\/2020\/04\/Foto_2.jpg 800w, https:\/\/speyer24news.com\/wp-content\/uploads\/2020\/04\/Foto_2-300x226.jpg 300w, https:\/\/speyer24news.com\/wp-content\/uploads\/2020\/04\/Foto_2-768x579.jpg 768w, https:\/\/speyer24news.com\/wp-content\/uploads\/2020\/04\/Foto_2-326x245.jpg 326w, https:\/\/speyer24news.com\/wp-content\/uploads\/2020\/04\/Foto_2-80x60.jpg 80w\" sizes=\"(max-width: 800px) 100vw, 800px\" \/><figcaption>Eine ehrenamtliche Helferin  der SAS beim Packen der Notfallbeutel<\/figcaption><\/figure><\/div>\n\n\n\n<p>Die Lebens- und Hygienemitteln wurden aus Spendengeldern bezahlt, die extra f\u00fcr die SAS und bereits vor der Corona-Pandemie auf einem\n st\u00e4dtischen Verwahrkonto eingegangen waren. Dank der tatkr\u00e4ftigen Unterst\u00fctzung der Feuerwehr Speyer wird unter der Koordination des SAS-Projektverantwortlichen Stefan Wagner und der Wohnraumhilfe Speyer die Ausgabe der Notfallbeutel keine einmalige Aktion\n sein, sondern bis auf Weiteres regelm\u00e4\u00dfig stattfinden. <\/p>\n\n\n\n<p>Zudem fand am Gr\u00fcndonnerstag auf Einladung der Industriehof Speyer GmbH und Schmidts im Industriehof eine Osteressenausgabe f\u00fcr die  Menschen in den st\u00e4dtischen Notunterk\u00fcnften und die G\u00e4ste der SAS statt, \u00fcber das ebenfalls in den Notfallbeuteln informiert wurde.<\/p>\n\n\n\n<p><em>Stadtverwaltung Speyer<\/em><br><em>11.04.2020<\/em><\/p>\n\n\n\n<h2 class=\"wp-block-heading\"><strong>Stadtbibliothek baut digitales Medienangebot aus<\/strong><\/h2>\n\n\n\n<div class=\"wp-block-image\"><figure class=\"aligncenter\"><img decoding=\"async\" src=\"https:\/\/speyer24news.com\/wp-content\/uploads\/2020\/04\/Villa-Ecarius-768x576.jpg\" alt=\"\" class=\"wp-image-26252\"\/><\/figure><\/div>\n\n\n\n<p>Auch wenn die Stadtbibliothek aufgrund der Corona-Pandemie bis auf weiteres&nbsp;f\u00fcr Besucher geschlossen ist, sind die Mitarbeiterinnen\n und Mitarbeiter hinter verschlossenen T\u00fcren in der Villa Ecarius aktiv. Dort werden derzeit verschlissene und veraltete Medien aussortiert und im \u00f6rtlichen Buchhandel neue B\u00fccher bestellt. \u00dcber die Social-Media-Kan\u00e4le (Facebook und Instagram) wird \u00fcber verschiedene\n Medien-, Informations- und Besch\u00e4ftigungsangebote informiert. Ein telefonischer Dienst ist eingerichtet, \u00fcber den auch unb\u00fcrokratisch Neunanmeldungen m\u00f6glich sind. W\u00e4hrend der Schlie\u00dfzeit stehen eine ganze Reihe von digitalen Diensten zur Verf\u00fcgung. Dazu z\u00e4hlen\n die \u201eOnleihe\u201c &#8211; die E-Book-Ausleihe \u00fcber metropolbib.de, der Pressreader &#8211; digitale Zeitungen und Zeitschriften, Brockhaus Enzyklop\u00e4die und Brockhaus Sch\u00fclertraining sowie das Munzinger-Archiv (Personen und L\u00e4nder).<\/p>\n\n\n\n<p>Um der steigenden Nachfrage nach aktueller, digitaler&nbsp;Literatur f\u00fcr bisherige und neue Nutzer*innen noch attraktiver zu gestalten, hat  B\u00fcrgermeisterin Monika Kabs veranlasst, zus\u00e4tzliche Mittel in H\u00f6he von 3.000,- \u20ac bereitzustellen, um neue Lizenzen an E-Medien zu erwerben, die in den n\u00e4chsten Tagen auf der Plattform metropolbib.de zur Ausleihe bereit stehen werden.<\/p>\n\n\n\n<p><em>Text: Stadtverwaltung Speyer Foto: Speyer 24\/7 News, dak<\/em><br><em>11.04.2020<\/em><\/p>\n\n\n\n<h2 class=\"wp-block-heading\"><strong>Stadt reaktiviert das 2. Obergeschoss des Stifts f\u00fcr die Einrichtung einer tempor\u00e4ren Kurzzeitpflegestation<\/strong><\/h2>\n\n\n\n<div class=\"wp-block-image\"><figure class=\"aligncenter\"><img decoding=\"async\" loading=\"lazy\" width=\"800\" height=\"600\" src=\"https:\/\/speyer24news.com\/wp-content\/uploads\/2020\/04\/Stift.jpg\" alt=\"\" class=\"wp-image-26251\" srcset=\"https:\/\/speyer24news.com\/wp-content\/uploads\/2020\/04\/Stift.jpg 800w, https:\/\/speyer24news.com\/wp-content\/uploads\/2020\/04\/Stift-300x225.jpg 300w, https:\/\/speyer24news.com\/wp-content\/uploads\/2020\/04\/Stift-768x576.jpg 768w, https:\/\/speyer24news.com\/wp-content\/uploads\/2020\/04\/Stift-678x509.jpg 678w, https:\/\/speyer24news.com\/wp-content\/uploads\/2020\/04\/Stift-326x245.jpg 326w, https:\/\/speyer24news.com\/wp-content\/uploads\/2020\/04\/Stift-80x60.jpg 80w\" sizes=\"(max-width: 800px) 100vw, 800px\" \/><\/figure><\/div>\n\n\n\n<p>Die Stadt Speyer richtet im 2. Obergeschoss des ehemaligen Stifts in der Spitalgasse 1 eine tempor\u00e4re Kurzzeitpflegestation f\u00fcr nicht\n mehr infekti\u00f6se Patient*innen nach \u00fcberstandener COVID-19 Erkrankung oder Patient*innen mit anderen Krankheiten, die keine vollumf\u00e4ngliche Krankenhausversorgung mehr ben\u00f6tigen, ein. Ziel ist es, das genannte Patientenklientel aus der station\u00e4ren Aufnahme entlassen\n zu k\u00f6nnen, um in den Krankenh\u00e4usern wichtige Behandlungskapazit\u00e4ten f\u00fcr neue Erkrankte zu schaffen und gleichzeitig f\u00fcr Menschen, die noch nicht in ihr \u00fcbliches h\u00e4usliches oder pflegerisches Umfeld entlassen werden k\u00f6nnen, eine bedarfsgerechte Versorgung sicherzustellen.\n<\/p>\n\n\n\n<p>\u201eIn engem Austausch mit unserem medizinischen Fachberater, den beiden ortsans\u00e4ssigen Krankenh\u00e4usern und den Hilfsorganisationen haben\n wir die Ans\u00e4tze der benachbarten Gebietsk\u00f6rperschaften beobachtet, Eindr\u00fccke gesammelt und im Hinblick auf die Situation in Speyer gepr\u00fcft und bewertet. Wir sind zu dem Ergebnis gekommen, dass wir als Stadt Speyer keine zus\u00e4tzliche medizinische und pflegerische\n Versorgung von an COVID-19 erkrankten Menschen unter Einhaltung der Klinikstandards neben den beiden Krankenh\u00e4usern leisten k\u00f6nnen. Vielmehr wollen wir unsere Krankenh\u00e4user durch das Angebot der tempor\u00e4ren Kurzzeitpflege bei Bedarf entlasten und so daf\u00fcr sorgen,\n dass genug Kapazit\u00e4ten f\u00fcr die station\u00e4re Aufnahme von Patientinnen und Patienten, die eine intensive medizinische Betreuung ben\u00f6tigen, zur Verf\u00fcgung stehen\u201c, erkl\u00e4rt Oberb\u00fcrgermeisterin Stefanie Seiler.\n<\/p>\n\n\n\n<p>Aufgenommen werden k\u00f6nnen daher ausschlie\u00dflich Patient*innen, die direkt aus der station\u00e4ren Behandlung in einem der beiden Speyerer\n Krankenh\u00e4user kommen und die \u2013 sofern sie an COVID-19 erkrankt waren &#8211; symptomfrei und negativ getestet sind. Menschen, die COVID-19 positiv sind oder sich in ihrem \u00fcblichen pflegerischen oder h\u00e4uslichen Umfeld befinden k\u00f6nnen ausdr\u00fccklich nicht aufgenommen\n werden. Die Station im Stift ist analog zu einem Seniorenwohn- oder Pflegeheim an eine haus\u00e4rztliche Praxis angeschlossen, um den Bedarf an Visiten, Medikationen, Rezepten und \u00e4hnlichem zu decken.\n<\/p>\n\n\n\n<p>Aktuell wird die Einrichtung der tempor\u00e4ren Kurzzeitpflegestation vorbereitet. Das bislang leerstehende zweite Obergeschoss im Stift  wurde technisch und raumpflegerisch vorbereitet, die Beschaffung der notwendigen Materialien ist angelaufen. Die tats\u00e4chliche Inbetriebnahme ist in erster Linie vom Bedarf der Speyerer Krankenh\u00e4user abh\u00e4ngig und erfolgt erst nach R\u00fccksprache mit diesen. Zum  jetzigen Zeitpunkt gibt es keine Kapazit\u00e4tsengp\u00e4sse. \u201eNat\u00fcrlich hoffen wir alle sehr, dass wir die st\u00e4dtische tempor\u00e4re Kurzzeitpflegestation gar nicht erst in Betrieb nehmen m\u00fcssen und es weiterhin dabei bleibt, dass alle Patientinnen und Patienten im Krankenhaus  behandelt werden, bis sie als gesund entlassen werden k\u00f6nnen\u201c, so die Stadtchefin abschlie\u00dfend.<\/p>\n\n\n\n<p><em>Stadtverwaltung Speyer<br>11.04.2020<\/em><\/p>\n\n\n\n<h2 class=\"wp-block-heading\"><strong>Oberb\u00fcrgermeisterin Seiler kritisiert Laden\u00f6ffnung an Osterfeiertagen<\/strong><\/h2>\n\n\n\n<div class=\"wp-block-image\"><figure class=\"aligncenter\"><img decoding=\"async\" loading=\"lazy\" width=\"800\" height=\"600\" src=\"https:\/\/speyer24news.com\/wp-content\/uploads\/2020\/03\/IMG_20200110_193106-1.jpg\" alt=\"\" class=\"wp-image-26035\" srcset=\"https:\/\/speyer24news.com\/wp-content\/uploads\/2020\/03\/IMG_20200110_193106-1.jpg 800w, https:\/\/speyer24news.com\/wp-content\/uploads\/2020\/03\/IMG_20200110_193106-1-300x225.jpg 300w, https:\/\/speyer24news.com\/wp-content\/uploads\/2020\/03\/IMG_20200110_193106-1-768x576.jpg 768w, https:\/\/speyer24news.com\/wp-content\/uploads\/2020\/03\/IMG_20200110_193106-1-678x509.jpg 678w, https:\/\/speyer24news.com\/wp-content\/uploads\/2020\/03\/IMG_20200110_193106-1-326x245.jpg 326w, https:\/\/speyer24news.com\/wp-content\/uploads\/2020\/03\/IMG_20200110_193106-1-80x60.jpg 80w\" sizes=\"(max-width: 800px) 100vw, 800px\" \/><\/figure><\/div>\n\n\n\n<p>Oberb\u00fcrgermeisterin Stefanie Seiler unterst\u00fctzt die von Kirchen und Gewerkschaften formulierte Kritik an Laden\u00f6ffnungen an den Osterfeiertagen.\n<\/p>\n\n\n\n<p>\u201eEs ist nicht nachvollziehbar, warum an den Osterfeiertagen, insbesondere an Karfreitag und Ostersonntag, Gesch\u00e4fte \u00f6ffnen d\u00fcrfen. Wir\n sollten nicht vergessen, dass die Mitarbeiterinnen und Mitarbeiter des Einzelhandels in den letzten Wochen Gro\u00dfartiges geleistet und viele \u00dcberstunden erbracht haben, um die Versorgung der Bev\u00f6lkerung sicherzustellen. Sie haben sich eine Verschnaufpause verdient\u201c,\n betont Oberb\u00fcrgermeisterin Seiler. Es sei gegen\u00fcber den B\u00fcrgerinnen und B\u00fcrgern nicht erkl\u00e4rbar, warum sie ihre Familien an Ostern nicht besuchen sollen, gleichzeitig aber einkaufen gehen d\u00fcrften.<\/p>\n\n\n\n<p>Um eine Entzerrung der Feiertagseink\u00e4ufe zu gew\u00e4hrleisten appelliert die Oberb\u00fcrgermeisterin an die B\u00fcrger*innen: \u201eBitte planen und\n erledigen Sie Ihre Ostereink\u00e4ufe fr\u00fchzeitig, um l\u00e4ngere Wartezeiten und Menschenansammlungen vor und in den Superm\u00e4rkten zu vermeiden. Ich versichere Ihnen, dass es nach wie vor keinen Versorgungsnotstand gibt und Hamsterk\u00e4ufe auch vor dem anstehenden Osterwochenende\n nicht notwendig sind.\u201c <\/p>\n\n\n\n<p>Gem\u00e4\u00df der am 17. M\u00e4rz 2020 erlassenen Allgemeinverf\u00fcgung der Aufsichts- und Dienstleistungsdirektion d\u00fcrfen Verkaufsstellen von Lebensmitteln,  Getr\u00e4nken, Sanit\u00e4tsbedarf, Drogerieartikeln, Bau- und Gartenbaubedarf, Zeitungen und Tierbedarf bis einschlie\u00dflich 19. April 2020 an allen Sonn- und Feiertagen von 12:00 bis 18:00 Uhr ge\u00f6ffnet sein.<\/p>\n\n\n\n<p><em>Text: Stadtverwaltung Speyer Foto: Speyer 24\/7 News, dak<\/em><br><em>11.04.2020<\/em><\/p>\n\n\n\n<h2 class=\"wp-block-heading\"><strong>Stadt Speyer ahndet Zuwiderhandlung gegen die Corona-Bek\u00e4mpfungsverordnung des Landes<\/strong><\/h2>\n\n\n\n<div class=\"wp-block-image\"><figure class=\"aligncenter\"><img decoding=\"async\" loading=\"lazy\" width=\"800\" height=\"533\" src=\"https:\/\/speyer24news.com\/wp-content\/uploads\/2020\/04\/ice-cream-926426_1920.jpg\" alt=\"\" class=\"wp-image-26250\" srcset=\"https:\/\/speyer24news.com\/wp-content\/uploads\/2020\/04\/ice-cream-926426_1920.jpg 800w, https:\/\/speyer24news.com\/wp-content\/uploads\/2020\/04\/ice-cream-926426_1920-300x200.jpg 300w, https:\/\/speyer24news.com\/wp-content\/uploads\/2020\/04\/ice-cream-926426_1920-768x512.jpg 768w\" sizes=\"(max-width: 800px) 100vw, 800px\" \/><\/figure><\/div>\n\n\n\n<p>Die Stadt Speyer ahndet zwei Ordnungswidrigkeiten im Sinne der Corona-Bek\u00e4mpfungsverordnung des Landes Rheinland-Pfalz. Gegen zwei Caf\u00e9besitzer  in der Innenstadt soll ein Bu\u00dfgeld in H\u00f6he von 4.000 \u20ac verh\u00e4ngt werden, nachdem der Kommunale Vollzugsdienst am Sonntag, 5. April 2020, im Rahmen seiner regelm\u00e4\u00dfigen Kontrolle festgestellt hat, dass Eis im Stra\u00dfenverkauf angeboten wurde. Zum Zeitpunkt  des Eintreffens der Vollzugsbeamt*innen hatten sich schon lange Warteschlangen gebildet. Es ist beabsichtigt, den im Bu\u00dfgeldkatalog einger\u00e4umten Festsetzungsspielraum bei Verst\u00f6\u00dfen gegen die Dritte Corona-Bek\u00e4mpfungsverordnung voll auszusch\u00f6pfen.<\/p>\n\n\n\n<p>\u201eIch appelliere noch einmal eindringlich an die Gastronomen und Eiscaf\u00e9s, aber auch an die B\u00fcrgerinnen und B\u00fcrger, sich an die Corona-Bek\u00e4mpfungsverordnung\n des Landes zu halten. In Zeiten von Versammlungs- und Kontaktsperre kann und darf es nicht sein, dass sich an Eisverkaufsst\u00e4nden unkontrolliert lange Warteschlangen bilden\u201c, betont Oberb\u00fcrgermeisterin Seiler. Insgesamt werde die Ordnungsbeh\u00f6rde nicht nachlassen,\n weiterhin intensiv zu kontrollieren und bei Verst\u00f6\u00dfen Bu\u00dfgelder zu verh\u00e4ngen. \u201eDas sind wir auch der \u00fcberwiegenden Mehrheit der Bev\u00f6lkerung schuldig, die sich an die Ma\u00dfnahmen h\u00e4lt und ein vorbildliches Verhalten an den Tag legt\u201c, so die Stadtchefin weiter.<\/p>\n\n\n\n<p>Das Land Rheinland-Pfalz hat bereits am 27. M\u00e4rz 2020 einen einheitlichen Bu\u00dfgeldkatalog bei Verst\u00f6\u00dfen gegen die Landesverordnung erlassen,  den die Stadt Speyer nun entsprechend anwendet. <\/p>\n\n\n\n<p><em>Text: Stadtverwaltung Speyer Foto: pixabay.com<\/em><br><em>11.04.2020<\/em><\/p>\n\n\n\n<h1 class=\"wp-block-heading\" style=\"text-align:center\">Verkehrsnotizen<\/h1>\n\n\n\n<div class=\"wp-block-image\"><figure class=\"aligncenter\"><img decoding=\"async\" loading=\"lazy\" width=\"800\" height=\"565\" src=\"https:\/\/speyer24news.com\/wp-content\/uploads\/2020\/01\/Baustelle-2.jpg\" alt=\"\" class=\"wp-image-23900\" srcset=\"https:\/\/speyer24news.com\/wp-content\/uploads\/2020\/01\/Baustelle-2.jpg 800w, https:\/\/speyer24news.com\/wp-content\/uploads\/2020\/01\/Baustelle-2-300x212.jpg 300w, https:\/\/speyer24news.com\/wp-content\/uploads\/2020\/01\/Baustelle-2-768x542.jpg 768w\" sizes=\"(max-width: 800px) 100vw, 800px\" \/><\/figure><\/div>\n\n\n\n<h2 class=\"wp-block-heading\"><strong>Halbseitige Sperrung der Geibstra\u00dfe<\/strong><\/h2>\n\n\n\n<p>Wegen Stra\u00dfenbauarbeiten wird die Geibstra\u00dfe zwischen der Stra\u00dfe Am Technik Museum und der Stra\u00dfe Am Neuen Rheinhafen <strong>ab dem 20.04.2020  bis voraussichtlich 24.04.2020<\/strong>, halbseitig gesperrt. Ab der Kreuzung Am Neuen Rheinhafen\/Heinkelstra\u00dfe, wird eine Einbahnstra\u00dfenregelung in Richtung der Stra\u00dfe Am Technik Museum, ausgewiesen. Eine Umleitung wird eingerichtet<\/p>\n\n\n\n<p>F\u00fcr R\u00fcckfragen steht die Stra\u00dfenverkehrsbeh\u00f6rde unter den Rufnummern 14-2739, 14-2682\u00a0 oder 14-2492 zur Verf\u00fcgung.<\/p>\n\n\n\n<p><em>Stadtverwaltung Speyer<\/em><br><em>11.04.2020<\/em><\/p>\n","protected":false},"excerpt":{"rendered":"<div class=\"mh-excerpt\"><p>Stadtnotizen Fallzahlen Stadt Speyer vom 09.04.2020 Anzahl best\u00e4tigter F\u00e4lle von Coronavirus (SARS-CoV-2)-Infektionen in der Stadt Speyer: 48 Personen in Quarant\u00e4ne: 94 Stand: 09.04.2020, 15:00 Uhr Text: Stadtverwaltung Speyer Foto: pixabay.com11.04.2020 Jugendf\u00f6rderung startet mit Online-Angebot in <a class=\"mh-excerpt-more\" href=\"https:\/\/speyer24news.com\/?p=26249\" title=\"Stadt- und Verkehrsnotizen aus Speyer\">[&#8230;]<\/a><\/p>\n<\/div>","protected":false},"author":3,"featured_media":23902,"comment_status":"open","ping_status":"open","sticky":false,"template":"","format":"standard","meta":{"_monsterinsights_skip_tracking":false,"_monsterinsights_sitenote_active":false,"_monsterinsights_sitenote_note":"","_monsterinsights_sitenote_category":0,"footnotes":""},"categories":[9],"tags":[6366,6367,6423,6359,6429,5904,6358,5801,6342,6400,6430,42,6422,6425,2320,6424,6428,6427,6364,1434,657,1296,658,1114,6426],"aioseo_notices":[],"amp_enabled":true,"_links":{"self":[{"href":"https:\/\/speyer24news.com\/index.php?rest_route=\/wp\/v2\/posts\/26249"}],"collection":[{"href":"https:\/\/speyer24news.com\/index.php?rest_route=\/wp\/v2\/posts"}],"about":[{"href":"https:\/\/speyer24news.com\/index.php?rest_route=\/wp\/v2\/types\/post"}],"author":[{"embeddable":true,"href":"https:\/\/speyer24news.com\/index.php?rest_route=\/wp\/v2\/users\/3"}],"replies":[{"embeddable":true,"href":"https:\/\/speyer24news.com\/index.php?rest_route=%2Fwp%2Fv2%2Fcomments&post=26249"}],"version-history":[{"count":1,"href":"https:\/\/speyer24news.com\/index.php?rest_route=\/wp\/v2\/posts\/26249\/revisions"}],"predecessor-version":[{"id":26257,"href":"https:\/\/speyer24news.com\/index.php?rest_route=\/wp\/v2\/posts\/26249\/revisions\/26257"}],"wp:featuredmedia":[{"embeddable":true,"href":"https:\/\/speyer24news.com\/index.php?rest_route=\/wp\/v2\/media\/23902"}],"wp:attachment":[{"href":"https:\/\/speyer24news.com\/index.php?rest_route=%2Fwp%2Fv2%2Fmedia&parent=26249"}],"wp:term":[{"taxonomy":"category","embeddable":true,"href":"https:\/\/speyer24news.com\/index.php?rest_route=%2Fwp%2Fv2%2Fcategories&post=26249"},{"taxonomy":"post_tag","embeddable":true,"href":"https:\/\/speyer24news.com\/index.php?rest_route=%2Fwp%2Fv2%2Ftags&post=26249"}],"curies":[{"name":"wp","href":"https:\/\/api.w.org\/{rel}","templated":true}]}}