{"id":26336,"date":"2020-04-15T08:09:12","date_gmt":"2020-04-15T07:09:12","guid":{"rendered":"https:\/\/speyer24news.com\/?p=26336"},"modified":"2020-04-15T08:11:38","modified_gmt":"2020-04-15T07:11:38","slug":"polizei-232","status":"publish","type":"post","link":"https:\/\/speyer24news.com\/?p=26336","title":{"rendered":"Polizei"},"content":{"rendered":"<style type=\"text\/css\">\r\n\t.ads_top_disp{}\r\n\t.ads_top_corner_disp{ float:left; margin:0px 10px 10px 0px; }\r\n\t.ads_first_p_disp{}\r\n\t.ads_bottom_disp{}\r\n\t<\/style>\n<h2 class=\"wp-block-heading\">Polizeimeldungen vom Dienstag (14.04.2020)<\/h2>\n\n\n\n<div class=\"wp-block-image\"><figure class=\"aligncenter\"><img decoding=\"async\" src=\"https:\/\/speyer24news.com\/wp-content\/uploads\/2020\/01\/Aktuelles-Polizeilogo.jpg\" alt=\"\" class=\"wp-image-23832\"\/><\/figure><\/div>\n\n\n\n<h4 class=\"wp-block-heading\">(Speyer) &#8211; Fahrraddieb geschnappt<\/h4>\n\n\n\n<p>Nachdem ein 66-J\u00e4hriger drei Tage zuvor sein Pedelec als gestohlen meldete, konnte er am 13.04.2020 zwei M\u00e4nner im Eichenweg beobachten, die augenscheinlich mit seinem Rad unterwegs waren. Durch eine Polizeistreife wurde eine Kontrolle durchgef\u00fchrt und der Verdacht anhand der Fahrradrahmennummer best\u00e4tigt. Die beiden 19 und 24 Jahre alten M\u00e4nner wollten von einem Diebstahl jedoch nichts gewusst haben. Die Polizei nimmt weitere Ermittlungen auf. <\/p>\n\n\n\n<h4 class=\"wp-block-heading\">(Speyer) &#8211; Aus Wut Scheibe eingetreten<\/h4>\n\n\n\n<p>Die Scheibe eines Gesch\u00e4ftes in der Heinrich-Heine-Stra\u00dfe eingetreten, hat am Montagnachmittag ein 16-J\u00e4hriger nachdem er mit einem Freund in Streit geraten war. Seinen Frust hier\u00fcber entlud der Jugendliche schlie\u00dflich indem er eine Scheibe eintrat. Gegen den jungen Mann wird nun ein Strafverfahren wegen Sachbesch\u00e4digung eingeleitet. <\/p>\n\n\n\n<h4 class=\"wp-block-heading\">(Speyer) &#8211; Illegale M\u00fcllablagerung \/ Zeugen gesucht<\/h4>\n\n\n\n<p>Mehrere Farbeimer, leere Kanister sowie diversen Bauschutt fand ein aufmerksamer Spazierg\u00e4nger am &#8222;Ostermontag&#8220; an der Bachb\u00f6schung in der Holzstra\u00dfe. Durch die Feuerwehr Speyer musste der illegal abgelagerte M\u00fcll aufwendig geborgen werden. Die Polizei sucht nun Zeugen, die den Verursacher oder ein verd\u00e4chtiges Fahrzeug am 13.04.2020 im Zeitraum von 07:30 &#8211; 14:30 Uhr im Bereich der Holzstra\u00dfe beobachtet haben. <\/p>\n\n\n\n<h4 class=\"wp-block-heading\">(Lingenfeld) &#8211; Polizeibeamter bei Einsatz verletzt<\/h4>\n\n\n\n<p>Auf Grund eines Verkehrsunfalls in der Ortschaft Lingenfeld r\u00fcckten mehrere Beamte der Polizeiinspektion Germersheim am Dienstagmorgen gegen 0.30 Uhr aus. Ein 23 &#8211; j\u00e4hriger Germersheimer verlor im Bereich der Germersheimer Stra\u00dfe in Folge nicht angepasster Geschwindigkeit die Kontrolle \u00fcber sein Auto und landete an einer Hauswand. Hierbei entstand Sachschaden in H\u00f6he von 2000 EUR. Der Tatverd\u00e4chtige fl\u00fcchtete im Anschluss von der \u00d6rtlichkeit und konnte im Nachbarort Westheim kontrolliert werden. Der Fahrer ist nicht im Besitz eines F\u00fchrerscheins und stand zum Kontrollzeitpunkt unter Alkohol &#8211; sowie Bet\u00e4ubungsmitteleinfluss. Ihm wurde bei der Dienststelle eine Blutprobe genommen. Die Folge ist ein Ermittlungsverfahren wegen Gef\u00e4hrdung des Stra\u00dfenverkehrs, Versto\u00df gegen das Bet\u00e4ubungsmittelgesetz, Unerlaubtes Entfernen vom Unfallort sowie Fahren ohne Fahrerlaubnis. Weiterhin befand sich im Fahrzeug noch ein 29 &#8211; j\u00e4hriger Beifahrer, welche im Verlauf der polizeilichen Ma\u00dfnahmen einem Beamten ans Bein trat und die eingesetzten Polizisten fortlaufend beleidigte. Gegen ihn wird ermittelt wegen T\u00e4tlicher Angriff auf Vollstreckungsbeamte. <\/p>\n\n\n\n<h4 class=\"wp-block-heading\">(H\u00f6rdt) &#8211; 18-J\u00e4hriger Autofahrer legt Pause ein und kifft<\/h4>\n\n\n\n<p>Am Montagabend gegen 18 Uhr meldete eine Zeugin einen jungen Mann, welcher auf einem Feldweg im Bereich H\u00f6rdt mit seinem Auto angehalten hatte um einen Joint zu rauchen. Kurze Zeit sp\u00e4ter konnte der 18 &#8211; J\u00e4hrige durch Beamte der Polizeiinspektion Germersheim in der N\u00e4he der Melde\u00f6rtlichkeit kontrolliert werden. Er hatte nicht nur einen Joint mit Cannabis geraucht sondern zudem Alkohol getrunken. Ein Alkoholtest erbrachte ein Ergebnis von 0,41 Promille. Dem Mann wurde bei der Dienststelle eine Blutprobe genommen. Ein Ermittlungsverfahren u.a. wegen Versto\u00df gegen das Bet\u00e4ubungsmittel wurde eingeleitet. <\/p>\n\n\n\n<h4 class=\"wp-block-heading\">(H\u00f6rdt) &#8211; Wer hat die Heckscheibe eingeschlagen ?<\/h4>\n\n\n\n<p>Wegen Sachbesch\u00e4digung an einem Fahrzeug ermitteln Beamte der Polizeiinspektion Germersheim. Die Tat ereignete sich in der Nacht von Sonntag auf Montag in H\u00f6rdt. An dem Auto der Marke Peugeot wurde die Heckscheibe von einem unbekannten T\u00e4ter eingeschlagen. Der Sachschaden wurde auf 1000 EUR beziffert. Der Besitzer des Fahrzeuges hatte den Schaden am Montag gegen 11.30 Uhr festgestellt. Das Fahrzeug wurde gegen Mitternacht in der Propsteistra\u00dfe abgestellt. <\/p>\n\n\n\n<p>Zeugenhinweise nimmt die Polizeiinspektion Germersheim telefonisch unter 07274\/9580 entgegen.<\/p>\n\n\n\n<h4 class=\"wp-block-heading\">(Bad Bergzabern) &#8211; Wohnungsbrand<\/h4>\n\n\n\n<h4 class=\"wp-block-heading\">Gemeinsame Presseerkl\u00e4rung der Staatsanwaltschaft und Kriminalinspektion Landau<\/h4>\n\n\n\n<p>Am Dienstag, 14.04.20, entstand gegen 03:00 Uhr ein Wohnungsbrand in der Madenburgstra\u00dfe in Bad Bergzabern. Die Feuerwehr l\u00f6schte den Brand, bei welchem Sachschaden in H\u00f6he von etwa 20.000 Euro entstand. Der Bewohner, der selbst noch vergeblich L\u00f6schversuche unternommen hatte, blieb unverletzt. Die Kriminalpolizei hat die Ermittlungen zur Brandursache aufgenommen. <\/p>\n\n\n\n<h4 class=\"wp-block-heading\">(Landau) &#8211; Fahren unter Drogeneinfluss<\/h4>\n\n\n\n<p>Am 13.4.2020, gegen 16.25 Uhr, wurde bei einem 21-j\u00e4hriger Pkw-Fahrer im Nordring in Landau, im Rahmen einer durchgef\u00fchrten Verkehrskontrolle drogenbeeinflussung festgestellt. Ein Drogenschnelltest best\u00e4tigte dies. Die Folge f\u00fcr den 21-j\u00e4hrigen waren eine Blutentnahme, Untersagung der Weiterfahrt und ein Ermittlungsverfahren. <\/p>\n\n\n\n<h4 class=\"wp-block-heading\">(Landau) &#8211;  Sachbesch\u00e4digung; brennender Baum<\/h4>\n\n\n\n<p>Am fr\u00fchen Samstagabend (11.4.20)  gegen 17.10 Uhr wurde die Polizei \u00fcber einen brennenden Baum bei einem Feldweg beim Birnbach am  \u00f6stlichen Stadtrand in Landau informiert. Es konnte festgestellt werden, dass der Baum angez\u00fcndet worden war. Durch Zeugen konnten unmittelbar vor entstehen der Rauchs\u00e4ule zwei M\u00e4nner festgestellt werden, die sich z\u00fcgig von der Brandstelle entfernten. Der Sachschaden am Baum wird auf ca. 500EUR gesch\u00e4tzt. Der Feldweg war zum Brandzeitpunkt durch Spazierg\u00e4nger und Radfahrer gut benutzt. <\/p>\n\n\n\n<p>Hinweise von Zeugen erbittet die Polizei Landau unter Tel. Nr. 06341\/2870 oder per Email <a href=\"mailto:pilandau@polizei.rlp.de\">pilandau@polizei.rlp.de<\/a><\/p>\n\n\n\n<h4 class=\"wp-block-heading\">(Neustadt) &#8211; Verkehrsunfall mit Personenschaden \/ Weiterer Unfallbeteiligter gesucht<\/h4>\n\n\n\n<div class=\"wp-block-image\"><figure class=\"aligncenter\"><img decoding=\"async\" loading=\"lazy\" width=\"1024\" height=\"768\" src=\"https:\/\/speyer24news.com\/wp-content\/uploads\/2020\/04\/14.04.20-NW-VU-1024x768.jpg\" alt=\"\" class=\"wp-image-26337\" srcset=\"https:\/\/speyer24news.com\/wp-content\/uploads\/2020\/04\/14.04.20-NW-VU-1024x768.jpg 1024w, https:\/\/speyer24news.com\/wp-content\/uploads\/2020\/04\/14.04.20-NW-VU-300x225.jpg 300w, https:\/\/speyer24news.com\/wp-content\/uploads\/2020\/04\/14.04.20-NW-VU-768x576.jpg 768w, https:\/\/speyer24news.com\/wp-content\/uploads\/2020\/04\/14.04.20-NW-VU-678x509.jpg 678w, https:\/\/speyer24news.com\/wp-content\/uploads\/2020\/04\/14.04.20-NW-VU-326x245.jpg 326w, https:\/\/speyer24news.com\/wp-content\/uploads\/2020\/04\/14.04.20-NW-VU-80x60.jpg 80w, https:\/\/speyer24news.com\/wp-content\/uploads\/2020\/04\/14.04.20-NW-VU.jpg 1600w\" sizes=\"(max-width: 1024px) 100vw, 1024px\" \/><\/figure><\/div>\n\n\n\n<p>Am 14.04.2020, gegen 08:10 Uhr, kam es an der Kreuzung Dr.-Siebenpfeiffer-Stra\u00dfe\/Haltweg zu einem Verkehrsunfall mit Personenschaden. Ein 24-j\u00e4hriger Kleintransporterfahrer befuhr die Dr.-Siebenpfeiffer-Stra\u00dfe in Fahrtrichtung Weinstra\u00dfe. Nach seinen Angaben habe ein vor ihm fahrender PKW an der Kreuzung stark gebremst, weshalb er nach links in den Gegenverkehr ausweichen musste. Hier befand sich jedoch eine 55-j\u00e4hrige PKW Fahrerin und es kam zum Zusammensto\u00df zwischen beiden Fahrzeugen. N\u00e4heres zu dem vor dem Kleintransporter fahrenden PKW ist bis dato nicht bekannt, da dieser seine Fahrt fortsetzte. Durch den Verkehrsunfall wurden beide Personen leicht verletzt. Beide Fahrzeuge waren nicht mehr fahrbereit und mussten abgeschleppt werden. Die Ermittlungen zum genauen Unfallhergang dauern an, weshalb die Polizei Neustadt Zeugen, und den bis dato unbekannten F\u00fchrer des PKWs, bittet sich mit hiesiger Dienststelle in Verbindung zu setzen. <\/p>\n\n\n\n<h4 class=\"wp-block-heading\">(Maxdorf) &#8211; K\u00f6rperverletzung zwischen Br\u00fcdern<\/h4>\n\n\n\n<p>Weil ein 28-J\u00e4hriger am 13.04.20 gegen 18:45 Uhr seinen 19-j\u00e4hrigen Bruder dazu \u00fcberreden wollte, gemeinsam mit ihm und dem Hund spazieren zu gehen, kam es zu einer k\u00f6rperlichen Auseinandersetzung zwischen den Beiden. Im Verlauf der Auseinandersetzung schlug der \u00c4ltere seinen j\u00fcngeren Bruder mit der Hand ins Gesicht und w\u00fcrgte ihn. Bis zum Eintreffen der Einsatzkr\u00e4fte waren die beiden Parteien jedoch bereits getrennt. Der 19-J\u00e4hrige erlitt eine blutende Nase, Kratzer am Hals und eine Sch\u00fcrfwunde am Knie. Der 28-J\u00e4hrige muss sich nun wegen K\u00f6rperverletzung strafrechtlich verantworten. <\/p>\n\n\n\n<h4 class=\"wp-block-heading\">(Ludwigshafen) &#8211; Brennende Altkleiders\u00e4cke<\/h4>\n\n\n\n<p>Am 14.04.2020, gegen 03:05 Uhr, wurde der Polizei von einer Zeugin ein Brand im Bereich des DRK Zentrums in der Edigheimer Stra\u00dfe gemeldet. Als die Polizeibeamten eintrafen, stellten sie fest, dass unmittelbar vor dem DRK-Zentrum, neben den dort befindlichen Altkleidercontainern, mehrere gef\u00fcllte Altkleiders\u00e4cke lagen, die in Flammen standen. Das Feuer wurde durch die Feuerwehr gel\u00f6scht. Die Altkleider waren verbrannt. Zudem wurde ein Baumstamm angekokelt, an den die S\u00e4cke gelehnt waren. <\/p>\n\n\n\n<p>Wer etwas beobachtet hat und Hinweise auf die T\u00e4ter geben kann, wird gebeten, sich an die Polizeiinspektion Ludwigshafen 2 unter der Telefonnummer 0621 963-2222 oder per E-Mail <a href=\"mailto:piludwigshafen2@polizei.rlp.de\">piludwigshafen2@polizei.rlp.de<\/a> zu wenden. <\/p>\n\n\n\n<h4 class=\"wp-block-heading\">(Ludwigshafen) &#8211; Mehrere M\u00fclltonnen Br\u00e4nde in der Kropsburgstra\u00dfe und Flurstra\u00dfe<\/h4>\n\n\n\n<p>Am 14.04.2020, gegen 01:55 Uhr, wurden der Polizei von einer Zeugin mehrere brennende M\u00fclltonnen in der Kropsburgstra\u00dfe gemeldet. Als die Polizeibeamten eintrafen, stellten sie zwei brennende M\u00fclltonnen fest. Das Feuer wurde von der Berufsfeuerwehr Ludwigshafen gel\u00f6scht. <\/p>\n\n\n\n<p>Gegen 04:20 Uhr wurde der Polizei erneut gemeldet, dass eine M\u00fclltonne brennen w\u00fcrde, diesmal in der Flurstra\u00dfe. Als die Polizeibeamten eintrafen, stellten sie fest, dass es sich dieses Mal um einen Container aus Metall handelte. Am Container entstand kein Sachschaden. Auch dieser Brand wurde durch die Berufsfeuerwehr Ludwigshafen gel\u00f6scht. <\/p>\n\n\n\n<p>Wer etwas beobachtet hat und Hinweise auf die T\u00e4ter geben kann, wird gebeten, sich  an die Polizeiinspektion Ludwigshafen 1, 0621 963-2122 oder per E-Mail <a href=\"mailto:piludwigshafen1@polizei.rlp.de\">piludwigshafen1@polizei.rlp.de<\/a> zu wenden. <\/p>\n\n\n\n<h4 class=\"wp-block-heading\">(Ludwigshafen) &#8211; Mit 2,19 Promille auf dem E-Scooter unterwegs<\/h4>\n\n\n\n<p>Am Ostersonntag, den 12.04.2020, gegen 23:10 Uhr, wurden Polizeibeamte auf den Fahrer eines E-Scooters in der Rheing\u00f6nheimer Stra\u00dfe aufmerksam. Aufgrund der unsicheren Fahrweise wurde der 35-j\u00e4hrige einer Verkehrskontrolle unterzogen. Da die Polizeibeamten starken Alkoholgeruch bei ihm wahrnahmen, er nicht mehr deutlich sprechen konnte und erheblich schwankte, wurde ein freiwilliger Atemalkoholtest durchgef\u00fchrt. Dieser ergab einen Atemalkoholwert von 2,19 Promille. Daraufhin wurde der 35-J\u00e4hrige mit auf die Dienststelle genommen. Nachdem er wieder n\u00fcchtern war, wurde er nach Beendigung der polizeilichen Ma\u00dfnahmen entlassen. Ihn erwartet nun eine Strafanzeige wegen Trunkenheit im Verkehr. <\/p>\n\n\n\n<p>Bei E-Scooter Fahrern gelten die gleichen Promillegrenzen wie bei Autofahrern. F\u00fcr Jugendliche unter 21 Jahren und Fahranf\u00e4nger in der Probezeit gilt sogar die 0,0 Promille-Grenze. <\/p>\n\n\n\n<h4 class=\"wp-block-heading\">(Ludwigshafen) &#8211; Zeugen gesucht nach Verkehrsunfallflucht<\/h4>\n\n\n\n<p>Am Ostersonntag, den 12.04.2020, in der Zeit zwischen 19:00 Uhr und 20:40 Uhr, fuhr ein unbekannter Autofahrer gegen einen ordnungsgem\u00e4\u00df am Fahrbahnrand am Danziger Platz geparkten Peugeot und besch\u00e4digte dessen linken vorderen Kotfl\u00fcgel. Danach entfernte sich der unbekannte Autofahrer unerlaubt vom Unfallort. <\/p>\n\n\n\n<p>Wer etwas gesehen hat und Angaben zum Unfallverursacher oder dessen Auto machen kann, wird gebeten, sich an die Polizeiinspektion Ludwigshafen 1 unter der Tel. 0621 963-2122 oder per E-Mail <a href=\"mailto:piludwigshafen1@polizei.rlp.de\">piludwigshafen1@polizei.rlp.de<\/a> zu wenden. <\/p>\n\n\n\n<h4 class=\"wp-block-heading\">(Mannheim) &#8211; Elektroroller-Fahrer f\u00e4hrt in Auto und fl\u00fcchtet anschlie\u00dfend von der Unfallstelle \/ Polizei sucht Zeugen<\/h4>\n\n\n\n<p>Zeugen eines Verkehrsunfalls zwischen einem Elektroroller und einem Peugeot, der sich am Samstag (11.04.) in der Pirnaer Stra\u00dfe ereignete, sucht die Verkehrspolizei. Ein unbekannter Fahrer eines Elektrorollers \u00fcberquerte die Pirnaer Stra\u00dfe in H\u00f6he des Riesaer Wegs und kollidierte mit dem Auto eines 57-j\u00e4hrigen Autofahrers. Der Zweiradfahrer st\u00fcrzte auf den Boden, rappelte sich wieder auf und fl\u00fcchtete mit dem Roller in Richtung Radeberger Stra\u00dfe. <\/p>\n\n\n\n<p>Der Fahrer wurde wie folgt beschrieben: <\/p>\n\n\n\n<ul><li>ca. 50 Jahre<\/li><li>ca. 170 bis 175 cm gro\u00df<\/li><li>Vollbart<\/li><li>l\u00e4ngere dunkelbraune Haare<\/li><li>Er trug baue Jeans und eine kurz\u00e4rmelige Lederjacke mit zahlreichen aufgen\u00e4hten Stickern sowie eine Sonnenbrille. <\/li><\/ul>\n\n\n\n<p>Zeugen, die sachdienliche Hinweise geben k\u00f6nnen, werden gebeten, sich unter Telefon 0621\/174-4222 beim Verkehrsdienst Mannheim zu melden. <\/p>\n\n\n\n<h4 class=\"wp-block-heading\">(Heidelberg) &#8211; Frau nach Personenkontrolle mit anschlie\u00dfendem t\u00e4tlichen Angriff und Widerstands gegen Vollstreckungsbeamte in Klinik gebracht; Ermittlungen dauern an<\/h4>\n\n\n\n<p>Bei der Frau, die am Ostersonntagabend in die Universit\u00e4tsklinik Heidelberg gebracht und dort station\u00e4r aufgenommen wurde, handelt es sich um die Heidelberger Rechtsanw\u00e4ltin, gegen die die Staatsanwaltschaft Heidelberg und des Dezernat Staatsschutz der Kriminalpolizeidirektion Heidelberg wegen des Verdachts, \u00f6ffentlich zu einer rechtswidrigen Tat aufgerufen zu haben, ermitteln (siehe Pressemitteilung vom 08.04.2020). <\/p>\n\n\n\n<p>In diesem Zusammenhang stellt das Polizeipr\u00e4sidium Mannheim klar, dass die polizeilichen Ma\u00dfnahmen am Sonntagabend nicht im Zusammenhang mit den vorgenannten Ermittlungen stehen. <\/p>\n\n\n\n<p>Am Sonntagabend, kurz vor 20 Uhr, informierte ein Zeuge das F\u00fchrungs- und Lagezentrum des Polizeipr\u00e4sidiums Mannheim per Notruf dar\u00fcber, dass in der Thibautstra\u00dfe\/Bergheimer Stra\u00dfe eine Frau stehe, die angegeben habe, sie werde verfolgt. <\/p>\n\n\n\n<p>Eine Streife traf die Frau an und stellte die Personalien fest. Im Rahmen des weiteren Gespr\u00e4chsverlaufs und aufgrund ihrer Verhaltensweise hielten es die Beamten f\u00fcr erforderlich, medizinische Hilfe einzuholen. Hierzu wurde die Frau festgehalten und sollte in eine Klinik gebracht werden. Daraufhin setzte sie sich zur Wehr und trat mehrfach gegen einen Beamten. Diesbez\u00fcglich wurden die Ermittlungen gegen die Verd\u00e4chtige wegen des Verdachts des t\u00e4tlichen Angriffs und des Widerstands gegen Vollstreckungsbeamte aufgenommen. <\/p>\n\n\n\n<p>Anschlie\u00dfend wurde die Frau zur Universit\u00e4tsklinik Heidelberg gebracht und dort station\u00e4r aufgenommen. <\/p>\n\n\n\n<h4 class=\"wp-block-heading\">(Heidelberg) &#8211; \u00d6ffentliche Aufforderung zu Straftaten; Staatsanwaltschaft Heidelberg und Kriminalpolizeidirektion Heidelberg ermitteln gegen Heidelberger Rechtsanw\u00e4ltin<\/h4>\n\n\n\n<h4 class=\"wp-block-heading\" style=\"text-align:center\">Pressemitteilung Nr. 2<\/h4>\n\n\n\n<h4 class=\"wp-block-heading\">Gemeinsame Pressemitteilung der Staatsanwaltschaft Heidelberg und des Polizeipr\u00e4sidiums Mannheim <\/h4>\n\n\n\n<p>Wegen des Verdachts, \u00f6ffentlich zu einer rechtswidrigen Tat aufgerufen zu haben, ermitteln die Staatsanwaltschaft Heidelberg und das Dezernat Staatsschutz der Kriminalpolizeidirektion Heidelberg gegen eine Heidelberger Rechtsanw\u00e4ltin. Sie soll \u00fcber ihre Homepage \u00f6ffentlich zum Widerstand gegen die staatlich erlassenen Corona-Verordnungen aufgerufen haben. Dar\u00fcber hinaus soll sie dazu aufgerufen haben, sich am Ostersamstag bundesweit zu einer Demonstration zu versammeln (Pressemitteilung Nr. 1 vom 08.04.2020). <\/p>\n\n\n\n<p>In der \u00d6ffentlichkeit, namentlich im Internet, kursieren derzeit Berichte \u00fcber eine zwangsweise Unterbringung der Beschuldigten in einer psychiatrischen Klinik. Hierzu stellen die Staatsanwaltschaft Heidelberg und das Polizeipr\u00e4sidium Mannheim fest, dass im Rahmen des gegen die Beschuldigte gef\u00fchrten strafrechtlichen Ermittlungsverfahrens weder die Unterbringung der Beschuldigten in einer psychiatrischen Klinik noch eine sonstige strafprozessuale Zwangsma\u00dfnahme veranlasst wurden. <\/p>\n\n\n\n<h4 class=\"wp-block-heading\">(Heidelberg-Neuenheim) &#8211; Ein Bienenschwarm auf Abwegen<\/h4>\n\n\n\n<div class=\"wp-block-image\"><figure class=\"aligncenter\"><img decoding=\"async\" loading=\"lazy\" width=\"500\" height=\"733\" src=\"https:\/\/speyer24news.com\/wp-content\/uploads\/2020\/04\/11.04.20-HD-Bienen.jpg\" alt=\"\" class=\"wp-image-26338\" srcset=\"https:\/\/speyer24news.com\/wp-content\/uploads\/2020\/04\/11.04.20-HD-Bienen.jpg 500w, https:\/\/speyer24news.com\/wp-content\/uploads\/2020\/04\/11.04.20-HD-Bienen-205x300.jpg 205w\" sizes=\"(max-width: 500px) 100vw, 500px\" \/><\/figure><\/div>\n\n\n\n<p>Ein ungew\u00f6hnlicher Vorfall ereignete sich am vergangenem Samstag Mittag bei einem Friseursalon in der Br\u00fcckenstra\u00dfe im Heidelberger Stadtteil Neuenheim. Offenbar in Unkenntnis \u00fcber die aktuelle Corona-Verordnung zur Schlie\u00dfung von Fris\u00f6rgesch\u00e4ften, lie\u00dfen sich an der Schaufensterscheibe des Salons etwa 5000 Bienen nieder. Nachdem der dort befindliche Rad-\/ und Fu\u00dfweg durch eine Polizeistreife abgesperrt worden war, konnte der Schwarm durch einen Imker fachm\u00e4nnisch eingefangen und umgesiedelt werden. Mit rechtlichen Konsequenzen haben die Bienen dennoch nicht zu rechnen. <\/p>\n\n\n\n<h4 class=\"wp-block-heading\">(Plankstadt \/ Schwetzingen \/ Rhein-Neckar-Kreis) &#8211; Gel\u00e4nderbr\u00fcstungen auf Br\u00fccke blau\/schwarz beschmiert \/ Zeugen und eventuelle Gesch\u00e4digte gesucht<\/h4>\n\n\n\n<div class=\"wp-block-image\"><figure class=\"aligncenter\"><img decoding=\"async\" loading=\"lazy\" width=\"1024\" height=\"678\" src=\"https:\/\/speyer24news.com\/wp-content\/uploads\/2020\/04\/12.04.20-Plankstadt-Br\u00fccke-mit-Graffiti-1024x678.jpg\" alt=\"\" class=\"wp-image-26339\" srcset=\"https:\/\/speyer24news.com\/wp-content\/uploads\/2020\/04\/12.04.20-Plankstadt-Br\u00fccke-mit-Graffiti.jpg 1024w, https:\/\/speyer24news.com\/wp-content\/uploads\/2020\/04\/12.04.20-Plankstadt-Br\u00fccke-mit-Graffiti-300x199.jpg 300w, https:\/\/speyer24news.com\/wp-content\/uploads\/2020\/04\/12.04.20-Plankstadt-Br\u00fccke-mit-Graffiti-768x509.jpg 768w\" sizes=\"(max-width: 1024px) 100vw, 1024px\" \/><\/figure><\/div>\n\n\n\n<p>In der Nacht von Ostersamstag auf Ostersonntag (11.\/12.04.2020) beschmierten unbekannte T\u00e4ter die Br\u00fcckengel\u00e4nder einer Wirtschaftsbr\u00fccke \u00fcber die B 535, die die Landschaftsfl\u00e4chen zwischen Oftersheim und Plankstadt verbindet. Mit blauer und schwarzer Farbe wurden die beiden Br\u00fcstungen unter den Gel\u00e4ndern auf einer L\u00e4nge von 55 Metern und einer Breite von 65 cm bemalt (siehe Bild). Anschlie\u00dfend wurde auf die Br\u00fcckenfahrbahn mit blauer Farbe beschmiert. Mit einem schwarzen Farbroller wurde zudem unterhalb der Br\u00fccke an einer gepflasterten Schr\u00e4ge die Buchstaben &#8222;UM&#8220; aufgebracht. Wie sich bei der \u00dcberpr\u00fcfung herausstellte, war auch Farbe auf die darunterliegende B 535 getropft. <\/p>\n\n\n\n<p>Vermutlich die gleichen T\u00e4ter hatten bereits in der Nacht zuvor (10.\/11.04.2020) an der Fu\u00dfg\u00e4ngerbr\u00fccke an der B 36 zwischen Schwetzingen-Hirschacker und Feldgebiet Richtung &#8222;Allmendsand&#8220; auf beiden Seiten sowie die Betonfahrbahn mit blauer Farbe versehen. Im Umfeld der Br\u00fccke wurden ein Verkehrszeichen, ein Stromverteilerkasten sowie die L\u00e4rmschutzwand beschmiert. <\/p>\n\n\n\n<p>Gesch\u00e4digte, deren Fahrzeuge durch die heruntertropfende Farbe besch\u00e4digt bzw. die \u00fcber die Farbe auf der Stra\u00dfe gefahren sind sowie Zeugen, die verd\u00e4chtige Beobachtungen gemacht haben, werden gebeten, sich unter Telefon 06202\/2880 beim Polizeirevier Schwetzingen zu melden.<\/p>\n\n\n\n<h4 class=\"wp-block-heading\">(Altlu\u00dfheim \/ Rhein-Neckar-Kreis) &#8211; Seitenscheibe eingeschlagen und Handtasche entwendet \/ Zeugen gesucht<\/h4>\n\n\n\n<p>Einen kurzen Spaziergang am Ostermontag zwischen 19 und 19.30 Uhr nutzte ein unbekannter T\u00e4ter aus, um aus einem geparkten Auto die dort abgelegte Handtasche zu entwenden. Das Auto war an der sogenannten Nato-Rampe an der B 39 am Rhein abgestellt. Der T\u00e4ter hatte die Beifahrerscheibe eingeschlagen um ins Fahrzeuginnere greifen zu k\u00f6nnen. In der Handtasche befanden sich neben einer geringen Bargeldsumme Bankkarten und Ausweispapiere. Die EC-Karte war von der Gesch\u00e4digten sofort gesperrt worden. Zeugen, die im fraglichen Zeitraum verd\u00e4chtige Beobachtungen gemacht haben, werden gebeten sich unter Telefon 06205\/28600 beim Polizeirevier Hockenheim zu melden. <\/p>\n\n\n\n<h4 class=\"wp-block-heading\">(Neulu\u00dfheim \/ Rhein-Neckar-Kreis) &#8211; Verkehrsunfall mit Unfallflucht \/ Zeugen gesucht!<\/h4>\n\n\n\n<p>Ein bislang unbekannter Fahrzeugf\u00fchrer besch\u00e4digte im Zeitraum von Sonntag 18 Uhr bis Montag 09:30 Uhr einen in der Schulstra\u00dfe geparkten blauen Pkw im Bereich des vorderen linken Kotfl\u00fcgels und entfernte sich anschlie\u00dfend von der Unfallstelle. Der Sachschaden an dem blauen Pkw bel\u00e4uft sich auf etwa 1.000 &#8211; 1.500 Euro. Zeugen, die sachdienliche Hinweise zu dem Verkehrsunfall geben k\u00f6nnen, werden gebeten sich mit dem Polizeirevier Hockenheim unter der Rufnummer 06205\/2860-0 in Verbindung zu setzen. <\/p>\n\n\n\n<h4 class=\"wp-block-heading\">(Leimen \/ Rhein-Neckar-Kreis) &#8211; Rathaus und weitere Geb\u00e4ude mit Graffitis beschmiert \/ Kriminalpolizei ermittelt &#8211; Zeugen gesucht<\/h4>\n\n\n\n<p>Am Ostermontag (13.04.2020) gegen 7.45 Uhr meldeten mehrere Zeugen, dass das Rathaus in der Rathausstra\u00dfe mit verschiedenen Graffitis mit politischem Inhalt versehen sei. Die \u00dcberpr\u00fcfungen ergaben, dass unbekannte T\u00e4ter mit schwarzer Farbe verschiedene Inhalte \u00fcber das komplette Geb\u00e4ude an W\u00e4nde und Fenster gesprayt hatten. Dar\u00fcber hinaus wurden die gleichen Schriftz\u00fcge in der Unterf\u00fchrung der Rohrbacher Stra\u00dfe s\u00fcdlich des Kurpfalzzentrums, an der alten Post in der B\u00fcrgermeister-Weidemaier-Stra\u00dfe, der Otto-Graf-Realschule und einer mobilen Geschwindigkeitsmessanlage in der Tinqueuxallee sowie beim Bauhof der Stadtwerke in der Wilhelm-Haug-Stra\u00dfe angebracht. Die weiteren Ermittlungen hat das Dezernat Staatsschutz bei der Kriminalpolizeidirektion Heidelberg \u00fcbernommen. Zeugen, die zuvor verd\u00e4chtige Beobachtungen gemacht haben, werden gebeten sich unter Telefon 0621\/174-4444 bei der Kriminalpolizei zu melden. <\/p>\n\n\n\n<h4 class=\"wp-block-heading\">(Eberbach \/ Rhein-Neckar-Kreis) &#8211; Einbruch in Kiosk am Bahnhof \/ Tabakwaren entwendet &#8211; Polizei sucht weitere Zeugen<\/h4>\n\n\n\n<p>Bislang unbekannte T\u00e4ter brachen am Dienstagmorgen in einen Kiosk in der Bahnhofshalle ein und l\u00f6sten gegen 1.50 Uhr Alarm aus. Wie sich herausstelle, war die Scheibe eingeschlagen worden und aus dem Verkaufsraum Zigaretten in bislang nicht bekannter Menge entwendet worden. Eine sofort eingeleitete Fahndung verlief ergebnislos. Ein Mitarbeiter des Sicherheitsdienstes hatte zuvor noch drei Personen in der N\u00e4he der Bahnhofshalle gesehen, die bei seinem Erscheinen zu Fu\u00df fl\u00fcchteten. Zeugen, die sachdienliche Hinweise geben k\u00f6nnen, werden gebeten sich unter Telefon 06271\/92100 beim Polizeirevier in Eberbach zu melden. <\/p>\n\n\n\n<h4 class=\"wp-block-heading\">(Eberbach \/ Rhein-Neckar-Kreis) &#8211; Verkehrsunfall \/ Zeugen gesucht!<\/h4>\n\n\n\n<p>Ein Verkehrsunfall mit Sachschaden ereignete sich am Montag gegen 12:25 Uhr in der Steigestra\u00dfe in Eberbach. Den Angaben einer 49-j\u00e4hrigen Fahrzeugf\u00fchrerin zufolge, musste sie aufgrund eines ihr mit \u00fcberh\u00f6hter Geschwindigkeit entgegenkommenden braunen SUV der Marke Opel hastig nach rechts in eine Parkl\u00fccke ausweichen, wobei sie hierbei einen am Fahrbahnrand geparkten Pkw streifte. Der entgegenkommende Opel setzte seine Fahrt ungebremst fort. Inwieweit der m\u00e4nnliche Fahrer, der auf etwa 40-45 Jahre gesch\u00e4tzt wird, an dem Verkehrsunfall beteiligt ist, ist derzeit Gegenstand der polizeilichen Ermittlungen des Verkehrsdienst Heidelberg. Zeugen werden gebeten sich unter der Rufnummer 0621\/174-4111 zu melden. <\/p>\n\n\n\n<h4 class=\"wp-block-heading\">(Hirschberg \/ Rhein-Neckar-Kreis) &#8211; Verkehrsunfall mit Unfallflucht \/ Zeugen gesucht!<\/h4>\n\n\n\n<p>In der Zeit von Samstag 14 Uhr bis Sonntag 12 Uhr wurde ein in der Friedrichstra\u00dfe abgestellter Mietwagen im Bereich des vorderen linken Kotfl\u00fcgels und Sto\u00dff\u00e4ngers besch\u00e4digt. Den ersten polizeilichen Ermittlungen zufolge wurden die Sch\u00e4den durch ein anderes Fahrzeug verursacht. Hinweise auf den Verursacher liegen derzeit nicht vor. Der Sachschaden betr\u00e4gt etwa 2.000 Euro. Zeugen, die sachdienliche Hinweise zu dem Vorfall geben k\u00f6nnen, werden gebeten sich mit dem Polizeirevier Weinheim unter der Rufnummer 06201\/1003-0 in Verbindung zu setzen. <\/p>\n\n\n\n<p> <\/p>\n","protected":false},"excerpt":{"rendered":"<div class=\"mh-excerpt\"><p>Polizeimeldungen vom Dienstag (14.04.2020) (Speyer) &#8211; Fahrraddieb geschnappt Nachdem ein 66-J\u00e4hriger drei Tage zuvor sein Pedelec als gestohlen meldete, konnte er am 13.04.2020 zwei M\u00e4nner im Eichenweg beobachten, die augenscheinlich mit seinem Rad unterwegs waren. <a class=\"mh-excerpt-more\" href=\"https:\/\/speyer24news.com\/?p=26336\" title=\"Polizei\">[&#8230;]<\/a><\/p>\n<\/div>","protected":false},"author":3,"featured_media":0,"comment_status":"open","ping_status":"open","sticky":false,"template":"","format":"standard","meta":{"_monsterinsights_skip_tracking":false,"_monsterinsights_sitenote_active":false,"_monsterinsights_sitenote_note":"","_monsterinsights_sitenote_category":0,"footnotes":""},"categories":[12],"tags":[3614,61,2555,6263,63,105,53,4854,4683,1548,102,213,55,5261,103,106,2803,2423,427,2625,380,62,104,979,1565],"aioseo_notices":[],"amp_enabled":true,"_links":{"self":[{"href":"https:\/\/speyer24news.com\/index.php?rest_route=\/wp\/v2\/posts\/26336"}],"collection":[{"href":"https:\/\/speyer24news.com\/index.php?rest_route=\/wp\/v2\/posts"}],"about":[{"href":"https:\/\/speyer24news.com\/index.php?rest_route=\/wp\/v2\/types\/post"}],"author":[{"embeddable":true,"href":"https:\/\/speyer24news.com\/index.php?rest_route=\/wp\/v2\/users\/3"}],"replies":[{"embeddable":true,"href":"https:\/\/speyer24news.com\/index.php?rest_route=%2Fwp%2Fv2%2Fcomments&post=26336"}],"version-history":[{"count":2,"href":"https:\/\/speyer24news.com\/index.php?rest_route=\/wp\/v2\/posts\/26336\/revisions"}],"predecessor-version":[{"id":26341,"href":"https:\/\/speyer24news.com\/index.php?rest_route=\/wp\/v2\/posts\/26336\/revisions\/26341"}],"wp:attachment":[{"href":"https:\/\/speyer24news.com\/index.php?rest_route=%2Fwp%2Fv2%2Fmedia&parent=26336"}],"wp:term":[{"taxonomy":"category","embeddable":true,"href":"https:\/\/speyer24news.com\/index.php?rest_route=%2Fwp%2Fv2%2Fcategories&post=26336"},{"taxonomy":"post_tag","embeddable":true,"href":"https:\/\/speyer24news.com\/index.php?rest_route=%2Fwp%2Fv2%2Ftags&post=26336"}],"curies":[{"name":"wp","href":"https:\/\/api.w.org\/{rel}","templated":true}]}}