{"id":26390,"date":"2020-04-18T09:19:27","date_gmt":"2020-04-18T08:19:27","guid":{"rendered":"https:\/\/speyer24news.com\/?p=26390"},"modified":"2020-04-18T09:26:20","modified_gmt":"2020-04-18T08:26:20","slug":"kirche-59","status":"publish","type":"post","link":"https:\/\/speyer24news.com\/?p=26390","title":{"rendered":"Kirche"},"content":{"rendered":"<style type=\"text\/css\">\r\n\t.ads_top_disp{}\r\n\t.ads_top_corner_disp{ float:left; margin:0px 10px 10px 0px; }\r\n\t.ads_first_p_disp{}\r\n\t.ads_bottom_disp{}\r\n\t<\/style>\n<h2 class=\"wp-block-heading\"><strong>\u201eWir werden Feier der Erstkommunion nachholen\u201c<\/strong><\/h2>\n\n\n\n<h3 class=\"wp-block-heading\"><strong>Bischof Wiesemann spricht Erstkommunion-Kindern Mut und Zuversicht zu<\/strong><\/h3>\n\n\n\n<div class=\"wp-block-image\"><figure class=\"aligncenter\"><img decoding=\"async\" loading=\"lazy\" width=\"800\" height=\"472\" src=\"https:\/\/speyer24news.com\/wp-content\/uploads\/2020\/04\/Videobotschaft-Bischof.jpg\" alt=\"\" class=\"wp-image-26393\" srcset=\"https:\/\/speyer24news.com\/wp-content\/uploads\/2020\/04\/Videobotschaft-Bischof.jpg 800w, https:\/\/speyer24news.com\/wp-content\/uploads\/2020\/04\/Videobotschaft-Bischof-300x177.jpg 300w, https:\/\/speyer24news.com\/wp-content\/uploads\/2020\/04\/Videobotschaft-Bischof-768x453.jpg 768w\" sizes=\"(max-width: 800px) 100vw, 800px\" \/><\/figure><\/div>\n\n\n\n<p><strong>Speyer &#8211; <\/strong>In einer Video-Botschaft wendet sich Bischof Dr. Karl-Heinz Wiesemann an die Kinder, die nach Ostern das Fest der Erstkommunion h\u00e4tten feiern sollen. \u201eAufgeschoben ist nicht aufgehoben. Wir werden die Feier der Erstkommunion nachholen\u201c, spricht der Bischof den Kindern Mut zu. \u201eJetzt in der Corona-Krise m\u00fcssen wir sehr verantwortlich handeln und k\u00f6nnen ein solches Fest nicht feiern\u201c, bittet er sie zugleich Verst\u00e4ndnis. Er dankt ihnen wie auch den Eltern und allen, die die Kinder auf ihrem Weg zur Erstkommunion begleiten, f\u00fcr ihr Verst\u00e4ndnis: \u201eBleiben wir als Gemeinschaft des Glaubens frohen Mutes und voller Zuversicht, dass auch diese Krise \u00fcberstanden wird.\u201c<\/p>\n\n\n\n<h4 class=\"wp-block-heading\"><strong>Video-Botschaft des Bischofs:<\/strong><\/h4>\n\n\n\n<figure class=\"wp-block-embed-youtube wp-block-embed is-type-video is-provider-youtube wp-embed-aspect-16-9 wp-has-aspect-ratio\"><div class=\"wp-block-embed__wrapper\">\n<iframe loading=\"lazy\" title=\"F\u00fcr die Erstkommunionkinder: Videobotschaft vom Bischof\" width=\"500\" height=\"281\" src=\"https:\/\/www.youtube.com\/embed\/nYG02TIkDCc?feature=oembed\" frameborder=\"0\" allow=\"accelerometer; autoplay; encrypted-media; gyroscope; picture-in-picture\" allowfullscreen><\/iframe>\n<\/div><\/figure>\n\n\n\n<p><em>Bistum Speyer<br>18.04.2020<\/em><\/p>\n\n\n\n<h2 class=\"wp-block-heading\">Gott im Ohr, auf dem Handy oder im Briefkasten<\/h2>\n\n\n\n<h3 class=\"wp-block-heading\">Ob zum Lesen, Sehen oder H\u00f6ren: Verschiedene Formate der &#8222;Kirche zuhause&#8220; haben sich in den Zeiten von Corona etabliert, andere sind noch weniger bekannt. Ein \u00dcberblick zum kommenden Sonntag Quasimodogeniti, dem ersten Sonntag nach Ostern.<\/h3>\n\n\n\n<p><strong>Speyer (lk) &#8211;<\/strong> Auch nach Ostern bleiben die pf\u00e4lzische Landeskirche und die protestantischen Kirchengemeinden mit Gottesdiensten und Andachten am Telefon, im Internet, im Fernsehen, auf Social-Media-Kan\u00e4len und in den Briefk\u00e4sten mit den Menschen verbunden.<\/p>\n\n\n\n<p>Am kommenden Samstag, dem 18. April, steht das Pfarrer-Ehepaar Ute und Paul Metzger aus Ludwigshafen bei der &#8222;MUTmachandacht&#8220; der Evangelischen Kirche der Pfalz vor der Kamera. Um 18 Uhr wird das Online-Video-Format zum sechsten Mal aus der Kapelle des Protestantischen Butenschoen-Hauses in Landau auf der Webseite <a href=\"https:\/\/deref-web-02.de\/mail\/client\/X2RgN0KH_4w\/dereferrer\/?redirectUrl=http%3A%2F%2Fwww.evkirchepfalz.de\" target=\"_blank\" rel=\"noreferrer noopener\">www.evkirchepfalz.de<\/a> sowie auf dem Facebook-Kanal der Landeskirche \u00fcbertragen. In der Predigt besch\u00e4ftigen sie sich mit dem Text aus Jesaja 40,26-31. Musikalisch untermalt Timo Ben\u00df aus Bockenheim an der Weinstra\u00dfe die Andacht mit dem Titel &#8222;Die Gef\u00e4hrten&#8220;.<\/p>\n\n\n\n<p>Unter dem Motto &#8222;Halt im Ged\u00e4chtnis Jesum Christ (BWV 67)&#8220; \u00fcbertr\u00e4gt der christliche Online-Radiosender ERF am Samstag die Kantate von Johann Sebastian Bach unter <a href=\"https:\/\/deref-web-02.de\/mail\/client\/_jGN5f4vv5U\/dereferrer\/?redirectUrl=https%3A%2F%2Fwww.erf.de%2Findex.php%3Fmodule%3D644%26snr%3D223203%26reset%3D1\" target=\"_blank\" rel=\"noreferrer noopener\">https:\/\/www.erf.de\/index.php?module=644&amp;snr=223203&amp;reset=1<\/a>. Das H\u00f6rst\u00fcck wird musikalisch gestaltet vom Chor und Orchester der J.S. Bachstiftung St. Gallen unter der Leitung von Rudolf Lutz. Am Samstag um 17 Uhr und am Sonntag um 11 Uhr strahlt ERF Digitalradio unter <a href=\"https:\/\/deref-web-02.de\/mail\/client\/YAJHV7DYmmY\/dereferrer\/?redirectUrl=https%3A%2F%2Fwww.erf.de%2Ferf-plus%2Faudiothek%2Fdas-gespraech%2Fwenn-gott-der-grosse-freund-ist%2F38142-111\" target=\"_blank\" rel=\"noreferrer noopener\">https:\/\/www.erf.de\/erf-plus\/audiothek\/das-gespraech\/wenn-gott-der-grosse-freund-ist\/38142-111<\/a>? den H\u00f6rbeitrag &#8222;Wenn Gott der gro\u00dfe Freund ist&#8220; aus. Darin spricht die Wissenschaftlerin Caterina Rohde-Abuba und der Journalist Oliver Jeske vom christlichen Hilfswerk World Vision mit Kindern, die mit ihren Familien eine traumatische Flucht nach Europa erlebt haben.<\/p>\n\n\n\n<p>Im Radioprogramm SWR 1 gestaltet am Sonntagmorgen Pfarrer Wolf-Dieter Steinmann um 9.20 Uhr die &#8222;Begegnungen&#8220;. Auf SWR 2 sendet Christian Hartung bereits um 7.55 Uhr das Lied zum Sonntag.<\/p>\n\n\n\n<p>Im Fernsehen \u00fcbertr\u00e4gt der SWR am Sonntag um 10.15 Uhr den evangelischen Gottesdienst aus Lemgo. Unter dem Motto &#8222;Neue Kraft f\u00fcr die M\u00fcden&#8220; predigt der Superintendent Dr. Andreas Lange.<\/p>\n\n\n\n<p>Am Sonntag um 9.30 Uhr sendet die Johanneskirchengemeinde Pirmasens \u00fcber die Videokonferenz-Software Zoom auf der Webseite <a href=\"https:\/\/deref-web-02.de\/mail\/client\/tVfqVXtvIkc\/dereferrer\/?redirectUrl=https%3A%2F%2Fwww.johanneskirche-pirmasens.de%2F\" target=\"_blank\" rel=\"noreferrer noopener\">https:\/\/www.johanneskirche-pirmasens.de\/<\/a> einen Live-Online-Gottesdienst mit Pr\u00e4dikant Wolfgang Brendel. Aus der Stadtkirche Kusel wird um 10 Uhr Pfarrer Christoph Br\u00f6cker einen Online-Gottesdienst halten, der auf der Webseite <a href=\"https:\/\/deref-web-02.de\/mail\/client\/GJPCFBzpFOM\/dereferrer\/?redirectUrl=http%3A%2F%2Fwww.dekanat-kusel.de\" target=\"_blank\" rel=\"noreferrer noopener\">www.dekanat-kusel.de<\/a>&lt;<a href=\"https:\/\/deref-web-02.de\/mail\/client\/GJPCFBzpFOM\/dereferrer\/?redirectUrl=http%3A%2F%2Fwww.dekanat-kusel.de\" target=\"_blank\" rel=\"noreferrer noopener\">http:\/\/www.dekanat-kusel.de<\/a>&gt; sowie auf der Facebook-Seite von Kusel.TV abrufbar ist. Die musikalischen Beitr\u00e4ge \u00fcbernehmen Karin und Karl M\u00fcller.<\/p>\n\n\n\n<p>In der Protestantischen Pfarrei am Potzberg bekommen Gemeindemitglieder am Sonntag die Lesepredigt zum Thema &#8222;Tankstelle Gebet&#8220; als &#8222;Briefkastengottesdienst&#8220; nach Hause geliefert. Pfarrerin Janina Tamm ver\u00f6ffentlicht die Predigt zum Lesen und als Podcast zum H\u00f6ren zudem im Internet. Auf der Webseite <a href=\"https:\/\/deref-web-02.de\/mail\/client\/wAoNGcDpzO0\/dereferrer\/?redirectUrl=http%3A%2F%2Fwww.pfarrei-am-potzberg.de\" target=\"_blank\" rel=\"noreferrer noopener\">www.pfarrei-am-potzberg.de<\/a>&lt;<a href=\"https:\/\/deref-web-02.de\/mail\/client\/wAoNGcDpzO0\/dereferrer\/?redirectUrl=http%3A%2F%2Fwww.pfarrei-am-potzberg.de\" target=\"_blank\" rel=\"noreferrer noopener\">http:\/\/www.pfarrei-am-potzberg.de<\/a>&gt;, den Homepages der Barockkirche Gimsbach und Matzenbach, sowie auf der Facebook-Seite ist der Gottesdienst ab Sonntag jederzeit abrufbar.<\/p>\n\n\n\n<p>W\u00f6chentliche kurze Online-Andachten im Internet und auf Facebook verbreiten zudem auch die folgenden Kirchengemeinden und Pfarrer vor Ort:<\/p>\n\n\n\n<ul><li>Kirchengemeinde Herschweiler-Pettersheim unter <a href=\"https:\/\/deref-web-02.de\/mail\/client\/Lk4c0gQ_-J8\/dereferrer\/?redirectUrl=http%3A%2F%2Fwww.facebook.com%2FKircheHP%2F\" target=\"_blank\" rel=\"noreferrer noopener\">www.facebook.com\/KircheHP\/<\/a>&lt;<a href=\"https:\/\/deref-web-02.de\/mail\/client\/Lk4c0gQ_-J8\/dereferrer\/?redirectUrl=http%3A%2F%2Fwww.facebook.com%2FKircheHP%2F\" target=\"_blank\" rel=\"noreferrer noopener\">http:\/\/www.facebook.com\/KircheHP\/<\/a>&gt; (Nachgedacht von Pfarrer Robin Braun)<\/li><li>Kirchengemeinde Minfeld-Winden unter <a href=\"https:\/\/deref-web-02.de\/mail\/client\/3DjoCIZBbSM\/dereferrer\/?redirectUrl=http%3A%2F%2Fwww.kirche-minfeld-winden.de\" target=\"_blank\" rel=\"noreferrer noopener\">www.kirche-minfeld-winden.de<\/a>&lt;<a href=\"https:\/\/deref-web-02.de\/mail\/client\/3DjoCIZBbSM\/dereferrer\/?redirectUrl=http%3A%2F%2Fwww.kirche-minfeld-winden.de\" target=\"_blank\" rel=\"noreferrer noopener\">http:\/\/www.kirche-minfeld-winden.de<\/a>&gt; (Mut-Mach-Minute von Pfarrer Henning Lang)<\/li><li>Dekanat Kusel unter <a href=\"https:\/\/deref-web-02.de\/mail\/client\/NZTiR8zTq5o\/dereferrer\/?redirectUrl=http%3A%2F%2Fwww.facebook.com%2Flars.stetzenbach.1\" target=\"_blank\" rel=\"noreferrer noopener\">www.facebook.com\/lars.stetzenbach.1<\/a>&lt;<a href=\"https:\/\/deref-web-02.de\/mail\/client\/NZTiR8zTq5o\/dereferrer\/?redirectUrl=http%3A%2F%2Fwww.facebook.com%2Flars.stetzenbach.1\" target=\"_blank\" rel=\"noreferrer noopener\">http:\/\/www.facebook.com\/lars.stetzenbach.1<\/a>&gt; (Gedanken f\u00fcr heute von Dekan Lars Stetzenbach)<\/li><li>Kirchenbezirk Landau unter <a href=\"https:\/\/deref-web-02.de\/mail\/client\/fsM3PN3Oc7g\/dereferrer\/?redirectUrl=http%3A%2F%2Fwww.koop-nordwest.de%2Findex.php%2Fstartseite%2Fgute-nachricht-gut-tu-nachricht\" target=\"_blank\" rel=\"noreferrer noopener\">www.koop-nordwest.de\/index.php\/startseite\/gute-nachricht-gut-tu-nachricht<\/a>&lt;<a href=\"https:\/\/deref-web-02.de\/mail\/client\/fsM3PN3Oc7g\/dereferrer\/?redirectUrl=http%3A%2F%2Fwww.koop-nordwest.de%2Findex.php%2Fstartseite%2Fgute-nachricht-gut-tu-nachricht\" target=\"_blank\" rel=\"noreferrer noopener\">http:\/\/www.koop-nordwest.de\/index.php\/startseite\/gute-nachricht-gut-tu-nachricht<\/a>&gt; (Tu-Gut-Nachrichten der Pfarrer der Nordwest-D\u00f6rfer von Landau) und unter <a href=\"https:\/\/deref-web-02.de\/mail\/client\/8YWfc4OVeEk\/dereferrer\/?redirectUrl=http%3A%2F%2Fwww.youtube.com%2Fchannel%2FUCuVL95P_AAi8JPqAptsyyQg%2Fvideos\" target=\"_blank\" rel=\"noreferrer noopener\">www.youtube.com\/channel\/UCuVL95P_AAi8JPqAptsyyQg\/videos<\/a>&lt;<a href=\"https:\/\/deref-web-02.de\/mail\/client\/8YWfc4OVeEk\/dereferrer\/?redirectUrl=http%3A%2F%2Fwww.youtube.com%2Fchannel%2FUCuVL95P_AAi8JPqAptsyyQg%2Fvideos\" target=\"_blank\" rel=\"noreferrer noopener\">http:\/\/www.youtube.com\/channel\/UCuVL95P_AAi8JPqAptsyyQg\/videos<\/a>&gt; (Pray@Home-Beitr\u00e4ge verschiedener Pfarrer des Landauer Kirchenbezirks auf YouTube)<\/li><li>Kooperationsregion Gr\u00fcnstadt, Sausenheim, Neuleiningen unter Telefon 06322 988 35 01 oder <a href=\"https:\/\/deref-web-02.de\/mail\/client\/evWUzTR8rEE\/dereferrer\/?redirectUrl=http%3A%2F%2Fwww.kirche-sausenheim-neuleiningen.de\" target=\"_blank\" rel=\"noreferrer noopener\">www.kirche-sausenheim-neuleiningen.de<\/a>&lt;<a href=\"https:\/\/deref-web-02.de\/mail\/client\/evWUzTR8rEE\/dereferrer\/?redirectUrl=http%3A%2F%2Fwww.kirche-sausenheim-neuleiningen.de\" target=\"_blank\" rel=\"noreferrer noopener\">http:\/\/www.kirche-sausenheim-neuleiningen.de<\/a>&gt; oder <a href=\"https:\/\/deref-web-02.de\/mail\/client\/7eHPWe1BaXA\/dereferrer\/?redirectUrl=https%3A%2F%2Fev-kirchengemeinde-gruenstadt.de%2Faktuelles%2Fnachrichten\" target=\"_blank\" rel=\"noreferrer noopener\">https:\/\/ev-kirchengemeinde-gruenstadt.de\/aktuelles\/nachrichten<\/a> (Podcast, Andacht, Gottesdienst von Pfarrern, Vikaren und Diakonen aus Gr\u00fcnstadt, Sausenheim, Neuleiningen)<\/li><\/ul>\n\n\n\n<p>Auf Instagram gibt es regelm\u00e4\u00dfige Impulse von Pfarrer Stefan Bauer von der Matth\u00e4uskirche Landau unter dem Hashtag #drbauersdailydose sowie Lieder von Vikarin Alessa Holighaus unter @zum_heiligen_haus.<\/p>\n\n\n\n<p>Die Jugendzentralen und Stadtjugendpfarr\u00e4mter der Landeskirche ver\u00f6ffentlichen zudem Beitr\u00e4ge, Impulse oder Ideen f\u00fcr Kinder und Jugendliche unter:<\/p>\n\n\n\n<p>@ev._jugendzentrale_bza&lt;<a href=\"https:\/\/deref-web-02.de\/mail\/client\/nF6G3hg9iWg\/dereferrer\/?redirectUrl=https%3A%2F%2Fwww.instagram.com%2Fev._jugendzentrale_bza%2F\" target=\"_blank\" rel=\"noreferrer noopener\">https:\/\/www.instagram.com\/ev._jugendzentrale_bza\/<\/a>&gt; (Bad Bergzabern)<\/p>\n\n\n\n<p>@juz_bad_duerkheim&lt;<a href=\"https:\/\/deref-web-02.de\/mail\/client\/u4UFW45jsxY\/dereferrer\/?redirectUrl=https%3A%2F%2Fwww.instagram.com%2Fjuz_bad_duerkheim%2F\" target=\"_blank\" rel=\"noreferrer noopener\">https:\/\/www.instagram.com\/juz_bad_duerkheim\/<\/a>&gt; (Bad D\u00fcrkheim)<\/p>\n\n\n\n<p>@evang.jugend_kirchheimbolanden&lt;<a href=\"https:\/\/deref-web-02.de\/mail\/client\/Jhwe9RjfhY4\/dereferrer\/?redirectUrl=https%3A%2F%2Fwww.instagram.com%2Fevang.jugend_kirchheimbolanden%2F\" target=\"_blank\" rel=\"noreferrer noopener\">https:\/\/www.instagram.com\/evang.jugend_kirchheimbolanden\/<\/a>&gt; (Kirchheimbolanden)<\/p>\n\n\n\n<p>@ev_jugend_ger&lt;<a href=\"https:\/\/deref-web-02.de\/mail\/client\/FwaJeQ4CxWw\/dereferrer\/?redirectUrl=https%3A%2F%2Fwww.instagram.com%2Fev_jugend_ger%2F\" target=\"_blank\" rel=\"noreferrer noopener\">https:\/\/www.instagram.com\/ev_jugend_ger\/<\/a>&gt; (Germersheim)<\/p>\n\n\n\n<p>@stjpa_kl&lt;<a href=\"https:\/\/deref-web-02.de\/mail\/client\/HUtXths05fc\/dereferrer\/?redirectUrl=https%3A%2F%2Fwww.instagram.com%2Fstjpa_kl%2F\" target=\"_blank\" rel=\"noreferrer noopener\">https:\/\/www.instagram.com\/stjpa_kl\/<\/a>&gt; und @ej_kl (Kaiserslautern)<\/p>\n\n\n\n<p>@ev_jugend_ludwigshafen&lt;<a href=\"https:\/\/deref-web-02.de\/mail\/client\/EwWoLXChtrk\/dereferrer\/?redirectUrl=https%3A%2F%2Fwww.instragram.com%2Fev_jugend_ludwigshafen\" target=\"_blank\" rel=\"noreferrer noopener\">https:\/\/www.instragram.com\/ev_jugend_ludwigshafen<\/a>&gt; (Ludwigshafen)<\/p>\n\n\n\n<p>@juzzneustadt&lt;<a href=\"https:\/\/deref-web-02.de\/mail\/client\/BuiubvPSo64\/dereferrer\/?redirectUrl=https%3A%2F%2Fwww.instagram.com%2Fjuzzneustadt%2F\" target=\"_blank\" rel=\"noreferrer noopener\">https:\/\/www.instagram.com\/juzzneustadt\/<\/a>&gt; (Neustadt\/Weinstra\u00dfe<\/p>\n\n\n\n<p>@juzotterbach&lt;<a href=\"https:\/\/deref-web-02.de\/mail\/client\/KbIp6O9NjVk\/dereferrer\/?redirectUrl=https%3A%2F%2Fwww.instagram.com%2Fjuzotterbach%2F\" target=\"_blank\" rel=\"noreferrer noopener\">https:\/\/www.instagram.com\/juzotterbach\/<\/a>&gt; (Otterbach\/Lauterecken)<\/p>\n\n\n\n<p>@ev_jugend_pfalz (Landesjugendpfarramt)<\/p>\n\n\n\n<p>Auf Facebook sind die Jugendzentralen Pirmasens <a href=\"https:\/\/deref-web-02.de\/mail\/client\/89k1qN3KoXA\/dereferrer\/?redirectUrl=https%3A%2F%2Fwww.facebook.com%2FJUZPirmasens\" target=\"_blank\" rel=\"noreferrer noopener\">https:\/\/www.facebook.com\/JUZPirmasens<\/a>&lt;<a href=\"https:\/\/deref-web-02.de\/mail\/client\/iCE4qVBJTBw\/dereferrer\/?redirectUrl=https%3A%2F%2Fwww.facebook.com%2FJUZPirmasens%2F\" target=\"_blank\" rel=\"noreferrer noopener\">https:\/\/www.facebook.com\/JUZPirmasens\/<\/a>&gt; und Zweibr\u00fccken <a href=\"https:\/\/deref-web-02.de\/mail\/client\/_hcJ8bNGTjU\/dereferrer\/?redirectUrl=https%3A%2F%2Fwww.facebook.com%2Fjugendzentrale.zweibrucken\" target=\"_blank\" rel=\"noreferrer noopener\">https:\/\/www.facebook.com\/jugendzentrale.zweibrucken<\/a> zu erreichen.<\/p>\n\n\n\n<p><em>18.04.2020<\/em><\/p>\n\n\n\n<h2 class=\"wp-block-heading\">Der Abiball wird nachgeholt<\/h2>\n\n\n\n<h3 class=\"wp-block-heading\">Wie viele rheinland-pf\u00e4lzische Schulen h\u00e4tte das Evangelische Trifels-Gymnasium in Annweiler seine Abiturienten eigentlich Ende M\u00e4rz mit einem Abiball von der Schulzeit verabschiedet. Doch Corona \u00e4nderte die Pl\u00e4ne. Eine Lehrerin und eine Sch\u00fclerin erz\u00e4hlen, wie sie es erlebten.<\/h3>\n\n\n\n<div class=\"wp-block-image\"><figure class=\"aligncenter\"><img decoding=\"async\" loading=\"lazy\" width=\"800\" height=\"533\" src=\"https:\/\/speyer24news.com\/wp-content\/uploads\/2020\/04\/ball-1558663_1920.jpg\" alt=\"\" class=\"wp-image-26392\" srcset=\"https:\/\/speyer24news.com\/wp-content\/uploads\/2020\/04\/ball-1558663_1920.jpg 800w, https:\/\/speyer24news.com\/wp-content\/uploads\/2020\/04\/ball-1558663_1920-300x200.jpg 300w, https:\/\/speyer24news.com\/wp-content\/uploads\/2020\/04\/ball-1558663_1920-768x512.jpg 768w\" sizes=\"(max-width: 800px) 100vw, 800px\" \/><\/figure><\/div>\n\n\n\n<p><strong>Annweiler \/ Speyer (lk) &#8211;<\/strong> R\u00fcckblick auf Freitag, den 13. M\u00e4rz 2020: Das Datum werden die 69 Abiturienten und ihre Lehrer am Evangelischen Trifelsgymnasium in Annweiler nicht so schnell vergessen. An dem Tag beschlossen die Beh\u00f6rden fl\u00e4chendeckende Schulschlie\u00dfungen aufgrund der Corona-Pandemie. Auch das Evangelische Trifelsgymnasium, die einzige Schule in Tr\u00e4gerschaft der Evangelischen Kirche der Pfalz, war davon betroffen.<\/p>\n\n\n\n<p>Die gute Nachricht: Trotz aller Umst\u00e4nde haben 36 Gymnasiastinnen und 33 Gymnasiasten das Abitur 2020 bestanden. Der Schulleiter Steffen Jung gratulierte ihnen in einem Brief. Die Zeugnisse wurden per Post nach Hause geschickt.<\/p>\n\n\n\n<p>Nach dem urspr\u00fcnglichen Plan sollten am 19. und 20. M\u00e4rz die m\u00fcndlichen Abiturpr\u00fcfungen sowie am 27. M\u00e4rz die Abiturfeier und der Gottesdienst zur Verabschiedung stattfinden. Doch direkt mit der Schulschlie\u00dfung und in Abstimmung mit den Sch\u00fclern, die den Abiball organisiert hatten, teilte Schulleiter Steffen Jung den Sch\u00fclern mit, dass dieser abgesagt werde.<\/p>\n\n\n\n<p>&#8222;Das war ein harter Schlag f\u00fcr uns alle, der emotionalste Moment&#8220;, sagt Abiturientin Noelle \u00d6hl, eine der Organisatoren. &#8222;Erst mit einem Abschlussball sp\u00fcrt man, dass man das Abi gepackt hat. Wir wollten das mit unseren Lehrern und Familien feiern und nette Gespr\u00e4che f\u00fchren&#8220;. Ein dreiviertel Jahr lang hatte das Vorbereitungsteam die Abiturfeier bis ins Detail geplant: Musiker, Technik, Fotografen, Security und Catering waren bestellt. &#8222;Zum Gl\u00fcck konnten wir alles noch ohne Probleme absagen&#8220;, sagt die 19-J\u00e4hrige. Orga-Team und Schulleiter wollten sich nach den m\u00fcndlichen Pr\u00fcfungen erneut besprechen.<\/p>\n\n\n\n<p>Doch auch diese fanden anders statt als geplant. &#8222;Normalerweise sind in der m\u00fcndlichen Pr\u00fcfung viele Lehrer dabei. Bei uns dagegen sa\u00dfen nur vier Personen im Raum. Ich gehe davon aus, dass es f\u00fcr viele Sch\u00fcler entspannter war&#8220;, erz\u00e4hlt die Abiturientin \u00d6hl. Danach sollten die Pr\u00fcflinge das Schulgeb\u00e4ude direkt verlassen, Sitzplatz und Tafel wurden desinfiziert. Oberstufenleiterin Christine Wutschik lobt den Abitur-Jahrgang 2020: &#8222;Der selbstverst\u00e4ndliche Umgang mit der neuen Situation hat mich beeindruckt. Niemand ist in Panik verfallen. Alle haben die Kommunikation \u00fcber die Plattform Moodle abgewartet und alle die m\u00fcndliche Pr\u00fcfungssituation souver\u00e4n gemeistert&#8220;, sagt Wutschik.<\/p>\n\n\n\n<p>W\u00e4hrend der gesamten Oberstufenzeit arbeiten die Lehrer darauf hin, den Absolventen m\u00f6glichst viel mit auf den Weg zu geben. &#8222;Sind die m\u00fcndlichen Pr\u00fcfungen endlich geschafft, freuen wir uns mit ihnen, feiern, blicken zusammen zur\u00fcck und nehmen Abschied, bevor wir sie in die Welt hinausschicken&#8220;, wei\u00df die Lehrerin. Das sei in diesem Jahr anders: Zum einen wurden die Zeugnisse per Post versandt statt sie pers\u00f6nlich zu \u00fcbergeben. Zum anderen sitzen nun alle zu Hause fest. Das hinterlasse auch bei den Lehrern ein seltsames Gef\u00fchl. &#8222;Wir w\u00fcnschen allen unseren Abiturientinnen und Abiturienten die n\u00f6tige Geduld in der aktuellen Situation, um danach mit viel Energie ins Leben zu starten&#8220;, so Wutschik.<\/p>\n\n\n\n<p>Zun\u00e4chst konnten die Absolventen ihren Abschluss nur zu Hause mit der Familie feiern. Vorerst haben sie ihr Abikleid nur Zuhause angezogen, dabei mit Sekt angesto\u00dfen und Fotos davon gemacht. Doch der Abiball ist f\u00fcr die Sch\u00fcler noch nicht aufgehoben. Das Orga-Team hat sich nach den m\u00fcndlichen Pr\u00fcfungen mit dem Schulleiter besprochen: &#8222;Herr Jung versicherte uns, dass die Abiturfeier nachgeholt w\u00fcrde. Selbst wenn sich die Terminfindung bis in den Herbst oder ins n\u00e4chste Jahr ziehen sollte&#8220;, sagt Sch\u00fclerin \u00d6hl. &#8222;Wir wollen unseren Abiball feiern!&#8220;<\/p>\n\n\n\n<p><strong>Hintergrund: <\/strong>Das Evangelische Trifels-Gymnasium in Annweiler ist die einzige Schule in Tr\u00e4gerschaft der Evangelischen Kirche der Pfalz. Rund 670 Sch\u00fcler, 70 Lehrer und 25 Mitarbeiter praktizieren ein evangelisch-christliches Bildungsverst\u00e4ndnis.<\/p>\n\n\n\n<p>69 Gymnasiasten bestanden im M\u00e4rz 2020 das Abitur w\u00e4hrend der Corona-Pandemie. Zudem wurden Sch\u00fcler f\u00fcr besondere Leistungen gew\u00fcrdigt, unter anderem mit dem Preis der Landeskirche f\u00fcr das beste Abitur, mit dem Scheffelpreis f\u00fcr die beste Leistung in den F\u00e4chern Deutsch, Geschichte, Mathematik, Chemie, Physik sowie Franz\u00f6sisch, mit dem Beran-Preis f\u00fcr besondere Leistungen im Fach Kunst. Das Rotary International Stipendium wurde f\u00fcr besondere, schulische Leistungen in Verbindung mit vorbildlichem sozialen Verhalten vergeben. Das Kultusministerium und das Evangelische Trifels-Gymnasium zeichneten zudem Sch\u00fcler f\u00fcr besonderes schulisches Engagement aus.<\/p>\n\n\n\n<p><em>Text: EVANGELISCHE KIRCHE DER PFALZ (Protestantische Landeskirche) Foto: Pixabay.com<br>18.04.2020<\/em><\/p>\n\n\n\n<h2 class=\"wp-block-heading\"><strong>Dommusik@home<\/strong><\/h2>\n\n\n\n<div class=\"wp-block-image\"><figure class=\"aligncenter\"><img decoding=\"async\" loading=\"lazy\" width=\"450\" height=\"450\" src=\"https:\/\/speyer24news.com\/wp-content\/uploads\/2020\/04\/Foto-Ausstellung-Voba-2018-Kaiserdom_Presse_03.jpg\" alt=\"\" class=\"wp-image-26391\" srcset=\"https:\/\/speyer24news.com\/wp-content\/uploads\/2020\/04\/Foto-Ausstellung-Voba-2018-Kaiserdom_Presse_03.jpg 450w, https:\/\/speyer24news.com\/wp-content\/uploads\/2020\/04\/Foto-Ausstellung-Voba-2018-Kaiserdom_Presse_03-150x150.jpg 150w, https:\/\/speyer24news.com\/wp-content\/uploads\/2020\/04\/Foto-Ausstellung-Voba-2018-Kaiserdom_Presse_03-300x300.jpg 300w\" sizes=\"(max-width: 450px) 100vw, 450px\" \/><\/figure><\/div>\n\n\n\n<p><strong>Speyer &#8211; <\/strong>Die Dommusik nutzt die probenfreie Zwangspause unter anderem zum Erstellen von Musikvideos, die unter Mitwirkung der hauptamtlichen Dommusiker und weiterer Interpreten derzeit sp\u00e4tabends im Dom entstehen.&nbsp;<\/p>\n\n\n\n<p>Orgelmusik und Vokalmusik in kleinen Besetzungen sind dann auf dem <a href=\"https:\/\/www.youtube.com\/channel\/UCyqha1FigTtcpkmHeIPfY0w\">YouTube Kanal der Dommusik Speyer<\/a> anzuklicken.&nbsp;So werden zum Beispiel die Choralvorspiele zu Passion und Ostern aus Johann Sebastian Bachs &#8222;Orgelb\u00fcchlein&#8220; samt dazugeh\u00f6rigen S\u00e4tzen mit Markus Eichenlaub sowie S\u00e4ngerinnen und S\u00e4ngern der Capella Spirensis unter der Leitung von Markus Melchiori zu h\u00f6ren und zu sehen sein. Weitere Orgelmusik von Abraham van den Kerckhoven, Johann Sebastian Bach, Ludwig van Beethoven, Charles Marie Widor und anderen wird von Markus Eichenlaub und Christoph Keggenhoff interpretiert.&nbsp;<\/p>\n\n\n\n<p>Joachim Weller (Orgel) und Michael Marz (Bariton) werden &#8222;Vater-Unser&#8220;-Vertonungen von Peter Cornelius, Andr\u00e9 Caplet und Albert Hay Malotte musizieren.&nbsp;Auf diese Art und Weise wird es m\u00f6glich sein, dass man sich ein kleines St\u00fcck Dommusik \u00fcber das Internet nach Hause holen kann als <strong>Dommusik@home<\/strong>. Abzurufen sind die Videos wie oben bereits erw\u00e4hnt auf &nbsp;<a href=\"https:\/\/www.youtube.com\/channel\/UCyqha1FigTtcpkmHeIPfY0w\">YouTube<\/a>, <a href=\"https:\/\/www.facebook.com\/dommusikspeyer\/\">facebook<\/a> und instagram jeweils unter&nbsp;Dommusik Speyer.<\/p>\n\n\n\n<p><em>Bistum Speyer<br>18.04.2020<\/em><\/p>\n","protected":false},"excerpt":{"rendered":"<div class=\"mh-excerpt\"><p>\u201eWir werden Feier der Erstkommunion nachholen\u201c Bischof Wiesemann spricht Erstkommunion-Kindern Mut und Zuversicht zu Speyer &#8211; In einer Video-Botschaft wendet sich Bischof Dr. Karl-Heinz Wiesemann an die Kinder, die nach Ostern das Fest der Erstkommunion <a class=\"mh-excerpt-more\" href=\"https:\/\/speyer24news.com\/?p=26390\" title=\"Kirche\">[&#8230;]<\/a><\/p>\n<\/div>","protected":false},"author":3,"featured_media":26096,"comment_status":"open","ping_status":"open","sticky":false,"template":"","format":"standard","meta":{"_monsterinsights_skip_tracking":false,"_monsterinsights_sitenote_active":false,"_monsterinsights_sitenote_note":"","_monsterinsights_sitenote_category":0,"footnotes":""},"categories":[120],"tags":[1544,953,174,3000,408,6503,2360,121,6505,6504,6506],"aioseo_notices":[],"amp_enabled":true,"_links":{"self":[{"href":"https:\/\/speyer24news.com\/index.php?rest_route=\/wp\/v2\/posts\/26390"}],"collection":[{"href":"https:\/\/speyer24news.com\/index.php?rest_route=\/wp\/v2\/posts"}],"about":[{"href":"https:\/\/speyer24news.com\/index.php?rest_route=\/wp\/v2\/types\/post"}],"author":[{"embeddable":true,"href":"https:\/\/speyer24news.com\/index.php?rest_route=\/wp\/v2\/users\/3"}],"replies":[{"embeddable":true,"href":"https:\/\/speyer24news.com\/index.php?rest_route=%2Fwp%2Fv2%2Fcomments&post=26390"}],"version-history":[{"count":3,"href":"https:\/\/speyer24news.com\/index.php?rest_route=\/wp\/v2\/posts\/26390\/revisions"}],"predecessor-version":[{"id":26397,"href":"https:\/\/speyer24news.com\/index.php?rest_route=\/wp\/v2\/posts\/26390\/revisions\/26397"}],"wp:featuredmedia":[{"embeddable":true,"href":"https:\/\/speyer24news.com\/index.php?rest_route=\/wp\/v2\/media\/26096"}],"wp:attachment":[{"href":"https:\/\/speyer24news.com\/index.php?rest_route=%2Fwp%2Fv2%2Fmedia&parent=26390"}],"wp:term":[{"taxonomy":"category","embeddable":true,"href":"https:\/\/speyer24news.com\/index.php?rest_route=%2Fwp%2Fv2%2Fcategories&post=26390"},{"taxonomy":"post_tag","embeddable":true,"href":"https:\/\/speyer24news.com\/index.php?rest_route=%2Fwp%2Fv2%2Ftags&post=26390"}],"curies":[{"name":"wp","href":"https:\/\/api.w.org\/{rel}","templated":true}]}}