{"id":26419,"date":"2020-04-19T08:54:27","date_gmt":"2020-04-19T07:54:27","guid":{"rendered":"https:\/\/speyer24news.com\/?p=26419"},"modified":"2020-04-19T08:54:28","modified_gmt":"2020-04-19T07:54:28","slug":"hassloch-53","status":"publish","type":"post","link":"https:\/\/speyer24news.com\/?p=26419","title":{"rendered":"Ha\u00dfloch"},"content":{"rendered":"<style type=\"text\/css\">\r\n\t.ads_top_disp{}\r\n\t.ads_top_corner_disp{ float:left; margin:0px 10px 10px 0px; }\r\n\t.ads_first_p_disp{}\r\n\t.ads_bottom_disp{}\r\n\t<\/style>\n<h2 class=\"wp-block-heading\">Leisb\u00f6hler Weintage und Maikerwe fallen in diesem Jahr aus<\/h2>\n\n\n\n<div class=\"wp-block-image\"><figure class=\"aligncenter\"><img decoding=\"async\" src=\"https:\/\/speyer24news.com\/wp-content\/uploads\/2020\/03\/Absage-Veranstaltung-1.jpg\" alt=\"\" class=\"wp-image-25971\"\/><\/figure><\/div>\n\n\n\n<p>Die Gemeindeverwaltung Ha\u00dfloch sagt vor dem Hintergrund der Corona-Pandemie die Leisb\u00f6hler Weintage und die Maikerwe ab. Die von Bund und L\u00e4ndern am 15. April 2020 beschlossenen Ma\u00dfnahmen sehen zwar schrittweise Lockerungen zum Wiederhochfahren des \u00f6ffentlichen Lebens vor, die Durchf\u00fchrung von Gro\u00dfveranstaltungen ist hingegen bis zum 31. August 2020 untersagt. Da die Leisb\u00f6hler Weintage sowie die Maikerwe an nur einem Veranstaltungstag mehrere hundert Besucher locken, ist die Einhaltung geltender Abstandsregeln kaum einzuhalten und eine Absage unausweichlich. Beide Veranstaltungen h\u00e4tten am dritten Maiwochenende stattfinden sollen.  <\/p>\n\n\n\n<p>\u201eEs hat sich bereits in den vergangenen Tagen und Wochen abgezeichnet, dass eine Durchf\u00fchrung der Leisb\u00f6hler Weintage und der Maikerwe in gewohnter Weise nicht realisierbar sein wird\u201c, so der Erste Beigeordnete Tobias Meyer. \u201eDiese Entscheidung tut gerade in Hinblick auf die mit der Absage verbundenen Einnahmeausf\u00e4lle f\u00fcr Beschicker und Schausteller weh, doch die Bek\u00e4mpfung des Virus hat Vorrang. Es gilt weiterhin die Ausbreitung zu verlangsamen, um eine \u00dcberlastung des Gesundheitssystems zu verhindern\u201c, so Meyer weiter. <\/p>\n\n\n\n<p>Mit der Absage der Leisb\u00f6hler Weintage und der Maikerwe bricht auch der Nachholtermin f\u00fcr den Sommertagsumzug weg. Urspr\u00fcnglich war angedacht, den am 15. M\u00e4rz abgesagten Sommertagsumzug am 17. Mai im Rahmen der Leisb\u00f6hler Weintage nachzuholen. Doch auch dieses Vorhaben ist nun nicht mehr umsetzbar. \u201eDenkbar ist, als Alternative den kleinen Festumzug am Er\u00f6ffnungstag des Andechser Bierfestes im September gr\u00f6\u00dfer und umfangreicher zu gestalten\u201c, so Meyer. Dies wird bei der Planung des Andechser Bierfestes ber\u00fccksichtigt und entsprechend gepr\u00fcft werden. \u201eOb das Andechser wiederum wie geplant stattfinden wird, ist aus heutiger Sicht schwer zu beurteilen. Das Verbot f\u00fcr Gro\u00dfveranstaltungen endet am 31.08.2020. Wie es danach weitergeht, wei\u00df keiner. Grunds\u00e4tzlich absagen m\u00f6chten wir das Andechser aber noch nicht\u201c, so Meyer weiter. <\/p>\n\n\n\n<p>Abgesagt wird hingegen der \u201eTag der Rettungs- und Hilfskr\u00e4fte\u201c am 09. Mai 2020. Eventuell wird der Aktionstag mit dem \u201eTag des Sports\u201c in der zweiten Jahresh\u00e4lfte zusammengelegt. Auch diese Entscheidung ist allerdings abh\u00e4ngig von der weiteren Entwicklung.<\/p>\n\n\n\n<p><em>Gemeindeverwaltung Ha\u00dfloch<\/em><br><em>19.04.2020<\/em><\/p>\n\n\n\n<h2 class=\"wp-block-heading\">Online-Anmeldung f\u00fcr verschiedene Angebote der Ferienspielwochen<\/h2>\n\n\n\n<div class=\"wp-block-image\"><figure class=\"aligncenter\"><img decoding=\"async\" loading=\"lazy\" width=\"800\" height=\"252\" src=\"https:\/\/speyer24news.com\/wp-content\/uploads\/2020\/04\/Blaub\u00e4r-Hassloch-Header.png\" alt=\"\" class=\"wp-image-26420\" srcset=\"https:\/\/speyer24news.com\/wp-content\/uploads\/2020\/04\/Blaub\u00e4r-Hassloch-Header.png 800w, https:\/\/speyer24news.com\/wp-content\/uploads\/2020\/04\/Blaub\u00e4r-Hassloch-Header-300x95.png 300w, https:\/\/speyer24news.com\/wp-content\/uploads\/2020\/04\/Blaub\u00e4r-Hassloch-Header-768x242.png 768w\" sizes=\"(max-width: 800px) 100vw, 800px\" \/><\/figure><\/div>\n\n\n\n<p>Die Ferienspielwochen w\u00e4hrend der Sommerferien haben in Ha\u00dfloch bereits Tradition und sto\u00dfen von Jahr zu Jahr auf gro\u00dfes Interesse bei Kindern und Eltern. Die diesj\u00e4hrigen Ferienspielwochen werden vom 06. bis zum 24. Juli 2020 stattfinden und ein abwechslungsreiches Programm f\u00fcr Kinder und Jugendliche bieten. Die Durchf\u00fchrung der Ferienspielwochen h\u00e4ngt nat\u00fcrlich von den aktuellen Entwicklungen der Corona-Pandemie ab und wird, wenn erforderlich, entsprechend angepasst. Zum jetzigen Zeitpunkt geht das Organisationsteam des Jugend- und Kulturhauses Blaub\u00e4r aber davon aus, dass ein Sommerferienprogramm angeboten werden kann.  <\/p>\n\n\n\n<p>F\u00fcr die einzelnen Programmpunkte der Ferienspielwochen wird man sich erneut online anmelden k\u00f6nnen. Zun\u00e4chst startet am Montag, 20. April 2020, die Anmeldem\u00f6glichkeit f\u00fcr Wochenfreizeiten, Tagesangebote oder Aktivit\u00e4ten mit \u00dcbernachtung (z.B. Zirkusworkshop, Sommercamp, Waldl\u00e4ufercamp oder Urlaub ohne Koffer). Eine Anmeldung f\u00fcr alle anderen Angebote und Veranstaltungen ist dann ab dem 25. Mai 2020 m\u00f6glich. <\/p>\n\n\n\n<p>Die Online-Anmeldung wird \u00fcber die Homepage <a href=\"http:\/\/www.unser-ferienprogramm.de\/hassloch\">www.unser-ferienprogramm.de\/hassloch<\/a> abgewickelt. Dort k\u00f6nnen sich Eltern registrieren und ihre Kinder f\u00fcr die gew\u00fcnschte Veranstaltung anmelden. In 2017 hatte man den Weg erstmals beschritten und ist seither auf eine positive Resonanz gesto\u00dfen. Daher beschr\u00e4nkt sich die Online-Anmeldung in diesem Jahr nicht ausschlie\u00dflich auf die Tages- und Wochenfreizeiten, sondern wird erstmals auf alle Angebote im Rahmen der Ferienspielwochen ausgedehnt. <\/p>\n\n\n\n<p>Wer sich aber auch weiterhin lieber auf dem konventionellen Weg anmelden m\u00f6chte, kann das gerne tun. F\u00fcr s\u00e4mtliche im Internet angebotenen Programmpunkte kann man sich parallel auch telefonisch registrieren. In der Abwicklung ist es so, dass man rund 2\/3 der freien Pl\u00e4tze online und 1\/3 der Pl\u00e4tze auf dem konventionellen Weg vergibt. \u201eSo wird man sowohl den Onlinern als auch den Offlinern gerecht\u201c, sagt Blaub\u00e4r-Leiterin Barbara Renner. <\/p>\n\n\n\n<p>Bei Fragen rund um die Ferienspielwochen steht das Blaub\u00e4r-Team interessierten Eltern gerne zur Verf\u00fcgung, Telefonnummer 06324-935 460.<\/p>\n\n\n\n<p><em>Gemeindeverwaltung Ha\u00dfloch<\/em><br><em>19.04.2020<\/em><\/p>\n\n\n\n<h2 class=\"wp-block-heading\">Keine Sportlerehrung am 24. April 2020<\/h2>\n\n\n\n<p>Im Rahmen der Sportlerehrung zeichnet die Gemeinde Ha\u00dfloch jedes Jahr herausragende Leistungen der Ha\u00dflocher Sportlerinnen und Sportler aus. Allein im vergangenen Jahr standen 170 Sportlerinnen und Sportler auf der B\u00fchne und erhielten f\u00fcr ihre sportlichen Erfolge eine entsprechende W\u00fcrdigung.    Vor dem Hintergrund der Corona-Pandemie war aber schnell klar, dass die diesj\u00e4hrige Sportlerehrung am 24.04.2020 nicht in gewohnter Weise stattfinden wird. \u201eDie Auszeichnung der Sportler mit B\u00fchnenprogramm und hunderten Zuschauern ist zum jetzigen Zeitpunkt einfach nicht durchf\u00fchrbar\u201c, so der zust\u00e4ndige Dezernent und Beigeordnete Claus Wolfer.  <\/p>\n\n\n\n<p>\u201eSelbstverst\u00e4ndlich sollen auch die Sportlerinnen und Sportler, die in 2019 gro\u00dfe sportliche Erfolge feierten, entsprechend geehrt und f\u00fcr ihre Leistungen gew\u00fcrdigt werden\u201c, so Wolfer weiter. Im Moment ist allerdings noch nicht absehbar, ab wann entsprechende Veranstaltungen wieder durchgef\u00fchrt werden k\u00f6nnen. \u201eDaher konzentrieren sich unsere \u00dcberlegungen derzeit nicht nur auf einen eventuellen Nachholtermin. Wir setzen uns dar\u00fcber hinaus mit alternativen M\u00f6glichkeiten auseinander, falls entsprechende Gro\u00dfveranstaltungen auch im weiteren Jahresverlauf nicht realisierbar sein sollten\u201c, so Wolfer weiter. <\/p>\n\n\n\n<p>Die Gemeindeverwaltung wird daher die aktuellen Entwicklungen im Blick behalten und zu gegebener Zeit entscheiden, in welcher Form die Ehrung durchgef\u00fchrt werden kann und bittet alle Sportlerinnen und Sportler vor dem Hintergrund der derzeitigen Situation um Verst\u00e4ndnis.<\/p>\n\n\n\n<p><em>Gemeindeverwaltung Ha\u00dfloch<br>19.04.2020<\/em><\/p>\n","protected":false},"excerpt":{"rendered":"<div class=\"mh-excerpt\"><p>Leisb\u00f6hler Weintage und Maikerwe fallen in diesem Jahr aus Die Gemeindeverwaltung Ha\u00dfloch sagt vor dem Hintergrund der Corona-Pandemie die Leisb\u00f6hler Weintage und die Maikerwe ab. Die von Bund und L\u00e4ndern am 15. April 2020 beschlossenen <a class=\"mh-excerpt-more\" href=\"https:\/\/speyer24news.com\/?p=26419\" title=\"Ha\u00dfloch\">[&#8230;]<\/a><\/p>\n<\/div>","protected":false},"author":3,"featured_media":25888,"comment_status":"open","ping_status":"open","sticky":false,"template":"","format":"standard","meta":{"_monsterinsights_skip_tracking":false,"_monsterinsights_sitenote_active":false,"_monsterinsights_sitenote_note":"","_monsterinsights_sitenote_category":0,"footnotes":""},"categories":[235],"tags":[4091,6518,180,4476,6515,6516,6517,6519],"aioseo_notices":[],"amp_enabled":true,"_links":{"self":[{"href":"https:\/\/speyer24news.com\/index.php?rest_route=\/wp\/v2\/posts\/26419"}],"collection":[{"href":"https:\/\/speyer24news.com\/index.php?rest_route=\/wp\/v2\/posts"}],"about":[{"href":"https:\/\/speyer24news.com\/index.php?rest_route=\/wp\/v2\/types\/post"}],"author":[{"embeddable":true,"href":"https:\/\/speyer24news.com\/index.php?rest_route=\/wp\/v2\/users\/3"}],"replies":[{"embeddable":true,"href":"https:\/\/speyer24news.com\/index.php?rest_route=%2Fwp%2Fv2%2Fcomments&post=26419"}],"version-history":[{"count":1,"href":"https:\/\/speyer24news.com\/index.php?rest_route=\/wp\/v2\/posts\/26419\/revisions"}],"predecessor-version":[{"id":26421,"href":"https:\/\/speyer24news.com\/index.php?rest_route=\/wp\/v2\/posts\/26419\/revisions\/26421"}],"wp:featuredmedia":[{"embeddable":true,"href":"https:\/\/speyer24news.com\/index.php?rest_route=\/wp\/v2\/media\/25888"}],"wp:attachment":[{"href":"https:\/\/speyer24news.com\/index.php?rest_route=%2Fwp%2Fv2%2Fmedia&parent=26419"}],"wp:term":[{"taxonomy":"category","embeddable":true,"href":"https:\/\/speyer24news.com\/index.php?rest_route=%2Fwp%2Fv2%2Fcategories&post=26419"},{"taxonomy":"post_tag","embeddable":true,"href":"https:\/\/speyer24news.com\/index.php?rest_route=%2Fwp%2Fv2%2Ftags&post=26419"}],"curies":[{"name":"wp","href":"https:\/\/api.w.org\/{rel}","templated":true}]}}