{"id":26432,"date":"2020-04-20T07:18:43","date_gmt":"2020-04-20T06:18:43","guid":{"rendered":"https:\/\/speyer24news.com\/?p=26432"},"modified":"2020-04-20T07:18:44","modified_gmt":"2020-04-20T06:18:44","slug":"technik-museum-speyer-sinsheim-4","status":"publish","type":"post","link":"https:\/\/speyer24news.com\/?p=26432","title":{"rendered":"Technik Museum Speyer \/ Sinsheim"},"content":{"rendered":"<style type=\"text\/css\">\r\n\t.ads_top_disp{}\r\n\t.ads_top_corner_disp{ float:left; margin:0px 10px 10px 0px; }\r\n\t.ads_first_p_disp{}\r\n\t.ads_bottom_disp{}\r\n\t<\/style>\n<h2 class=\"wp-block-heading\">Technik Museumsshop Speyer ab Montag, 20. April wieder ge\u00f6ffnet<\/h2>\n\n\n\n<div class=\"wp-block-image\"><figure class=\"aligncenter\"><img decoding=\"async\" loading=\"lazy\" width=\"800\" height=\"600\" src=\"https:\/\/speyer24news.com\/wp-content\/uploads\/2020\/04\/Kleiner-Einblick-ins-Sortiment-Museumsshop-Speyer.jpg\" alt=\"\" class=\"wp-image-26436\" srcset=\"https:\/\/speyer24news.com\/wp-content\/uploads\/2020\/04\/Kleiner-Einblick-ins-Sortiment-Museumsshop-Speyer.jpg 800w, https:\/\/speyer24news.com\/wp-content\/uploads\/2020\/04\/Kleiner-Einblick-ins-Sortiment-Museumsshop-Speyer-300x225.jpg 300w, https:\/\/speyer24news.com\/wp-content\/uploads\/2020\/04\/Kleiner-Einblick-ins-Sortiment-Museumsshop-Speyer-768x576.jpg 768w, https:\/\/speyer24news.com\/wp-content\/uploads\/2020\/04\/Kleiner-Einblick-ins-Sortiment-Museumsshop-Speyer-678x509.jpg 678w, https:\/\/speyer24news.com\/wp-content\/uploads\/2020\/04\/Kleiner-Einblick-ins-Sortiment-Museumsshop-Speyer-326x245.jpg 326w, https:\/\/speyer24news.com\/wp-content\/uploads\/2020\/04\/Kleiner-Einblick-ins-Sortiment-Museumsshop-Speyer-80x60.jpg 80w\" sizes=\"(max-width: 800px) 100vw, 800px\" \/><\/figure><\/div>\n\n\n\n<p><strong>Speyer &#8211; <\/strong>Laut den neuen Lockerungen der Corona-Ma\u00dfnahmen durch die Regierung darf der Souvenirshop des Technik Museum Speyer ab Montag, 20. April 2020 wieder \u00f6ffnen. Vorsichtig und nur schrittweise und nur bei Erf\u00fcllung von bestimmten Vorkehrungsma\u00dfnahmen darf der Einzelhandel die Gesch\u00e4fte wieder aufnehmen. Das trifft auch auf den Shop des Technik Museum Speyer zu. Nach nun mehr als vier Wochen \u201eShutdown\u201c soll etwas Normalit\u00e4t in den Museumsbetrieb einkehren. <\/p>\n\n\n\n<p>Der Shop, eingebettet in das Eingangsfoyer des Museums, liegt in der Begrenzung der vorgeschriebenen 800 m\u00b2. Dabei erf\u00fcllt das Museum alle Hygienerichtlinien, die per Leitlinie der Stadt Speyer zum \u00d6ffnen von Verkaufsstellen im Einzelhandel gefordert sind, u.a. Bereitstellung von Desinfektionsmittel f\u00fcr Besucher und Mitarbeiter, Hinweise zu Hygieneverhalten, Abstandsmarkierungen auf dem Boden sowie angebrachten Plexiglasscheiben zum Schutz von Kunden und Mitarbeitern an der Kasse. Eine Wegf\u00fchrung durch den Shop soll den Besucherstrom t\u00e4glich von 12 bis 18 Uhr organisieren. <\/p>\n\n\n\n<div class=\"wp-block-image\"><figure class=\"aligncenter\"><img decoding=\"async\" loading=\"lazy\" width=\"800\" height=\"600\" src=\"https:\/\/speyer24news.com\/wp-content\/uploads\/2020\/04\/Kinderabteilung-Museumsshop-Speyer.jpg\" alt=\"\" class=\"wp-image-26437\" srcset=\"https:\/\/speyer24news.com\/wp-content\/uploads\/2020\/04\/Kinderabteilung-Museumsshop-Speyer.jpg 800w, https:\/\/speyer24news.com\/wp-content\/uploads\/2020\/04\/Kinderabteilung-Museumsshop-Speyer-300x225.jpg 300w, https:\/\/speyer24news.com\/wp-content\/uploads\/2020\/04\/Kinderabteilung-Museumsshop-Speyer-768x576.jpg 768w, https:\/\/speyer24news.com\/wp-content\/uploads\/2020\/04\/Kinderabteilung-Museumsshop-Speyer-678x509.jpg 678w, https:\/\/speyer24news.com\/wp-content\/uploads\/2020\/04\/Kinderabteilung-Museumsshop-Speyer-326x245.jpg 326w, https:\/\/speyer24news.com\/wp-content\/uploads\/2020\/04\/Kinderabteilung-Museumsshop-Speyer-80x60.jpg 80w\" sizes=\"(max-width: 800px) 100vw, 800px\" \/><\/figure><\/div>\n\n\n\n<p>\u201eWir wollen unseren Museumfans, aber auch den Menschen aus der n\u00e4heren Umgebung nach der langen Ausgangsbeschr\u00e4nkung ein besonderes Einkaufserlebnis erm\u00f6glichen mit Produkten, die es so nicht \u00fcberall gibt\u201c kommentiert Museumsleiter Andreas Hemmer die Wiederer\u00f6ffnung. \u201eDabei nutzen wir die M\u00f6glichkeit der Lockerung, um unserem Museum wenigstens wieder etwas \u201eLeben\u201c einzuhauchen \u2013 schlie\u00dflich gab es sowas in fast 40 Jahren Museumsgeschichte noch nie und ist f\u00fcr uns alle fast nicht zu ertragen.\u201c Wann und vor allem wie es mit dem regul\u00e4ren Museumsbetrieb weitergehen soll, bleibt abzuwarten.<\/p>\n\n\n\n<p><em>Technik Museum Speyer<br>20.04.2020<\/em><\/p>\n\n\n\n<h2 class=\"wp-block-heading\">Eine \u00c4ra ging zu Ende: Letze Folge der TV-Kultserie \u201eLindenstra\u00dfe\u201c am 29. M\u00e4rz 2020<\/h2>\n\n\n\n<h3 class=\"wp-block-heading\">Neuer Ausstellungsraum zur \u201eLindenstra\u00dfe\u201c im Technik Museum Speyer<\/h3>\n\n\n\n<div class=\"wp-block-image\"><figure class=\"aligncenter\"><img decoding=\"async\" loading=\"lazy\" width=\"800\" height=\"533\" src=\"https:\/\/speyer24news.com\/wp-content\/uploads\/2020\/04\/Er\u00f6ffnung-erste-Lindenstra\u00dfe-Ausstellung-2009.jpg\" alt=\"\" class=\"wp-image-26433\" srcset=\"https:\/\/speyer24news.com\/wp-content\/uploads\/2020\/04\/Er\u00f6ffnung-erste-Lindenstra\u00dfe-Ausstellung-2009.jpg 800w, https:\/\/speyer24news.com\/wp-content\/uploads\/2020\/04\/Er\u00f6ffnung-erste-Lindenstra\u00dfe-Ausstellung-2009-300x200.jpg 300w, https:\/\/speyer24news.com\/wp-content\/uploads\/2020\/04\/Er\u00f6ffnung-erste-Lindenstra\u00dfe-Ausstellung-2009-768x512.jpg 768w\" sizes=\"(max-width: 800px) 100vw, 800px\" \/><figcaption>Er\u00f6ffnung der ersten Lindenstra\u00dfenausstellung im Jahre 2009 im Technik Museum Speyer<\/figcaption><\/figure><\/div>\n\n\n\n<p><strong>Speyer &#8211; <\/strong>Vor \u00fcber zehn Jahren er\u00f6ffnete im Museum Wilhelmsbau des Technik Museum Speyer die erste Sonderausstellung zur TV-Kultserie \u201eLindenstra\u00dfe\u201c. Seitdem fanden verschiedene Veranstaltungen rund um die beliebte Soap im Museum statt. Ein Teil der \u201eLindensta\u00dfe\u201c wird auch nach dem Serienaus in Speyer weiterleben, denn das Museum \u00fcbernahm die Filmkulissen des Caf\u00e9 Bayer und des Restaurant Akropolis. Der neue Ausstellungsraum wird Ende des Jahres f\u00fcr die Besucher zug\u00e4nglich sein.<\/p>\n\n\n\n<p>Es begann alles mit der Saumagenorden-Verleihung in Schifferstadt. Bei dieser Veranstaltung traf Marie-Luise Marjan (Helga Beimer) auf Hermann Layher, Pr\u00e4sident der Technik Museen Sinsheim Speyer. Kurz danach besuchte die Schauspielerin das Technik Museum Speyer samt dem Museum Wilhelmsbau. Hierbei entstand die Idee, einige Drehb\u00fccher und Requisiten zur Serie im Museum zu zeigen. <\/p>\n\n\n\n<p>Aus dieser Idee wurde eine ganze Ausstellung, die am 3. Oktober 2009 mit Schauspielern und dem Produzent Hans W. Gei\u00dfend\u00f6rfer gemeinsam er\u00f6ffnet wurde. Zu sehen gab es Original-Ausstattung, -Kost\u00fcme und -Drehb\u00fccher aus den Fernsehstudios, so dass die Besucher einen kleinen Blick hinter die Kulissen der ARD-Sendung werfen konnten.\u00a0 <\/p>\n\n\n\n<div class=\"wp-block-image\"><figure class=\"aligncenter\"><img decoding=\"async\" loading=\"lazy\" width=\"800\" height=\"533\" src=\"https:\/\/speyer24news.com\/wp-content\/uploads\/2020\/04\/Else-Kling-K\u00fcche.jpg\" alt=\"\" class=\"wp-image-26434\" srcset=\"https:\/\/speyer24news.com\/wp-content\/uploads\/2020\/04\/Else-Kling-K\u00fcche.jpg 800w, https:\/\/speyer24news.com\/wp-content\/uploads\/2020\/04\/Else-Kling-K\u00fcche-300x200.jpg 300w, https:\/\/speyer24news.com\/wp-content\/uploads\/2020\/04\/Else-Kling-K\u00fcche-768x512.jpg 768w\" sizes=\"(max-width: 800px) 100vw, 800px\" \/><figcaption>Die K\u00fcche von Else Kling steht k\u00fcnftig im Technik Museum Speyer<\/figcaption><\/figure><\/div>\n\n\n\n<p>Weiter ging es 2012 mit der Er\u00f6ffnung eines weiteren Ausstellungsraums. \u201eZu Gast in der K\u00fcche von Else Kling\u201c zeigt bis heute die komplette K\u00fcche der schrulligen Kultfigur. Dazu wurden die M\u00f6bel, alle H\u00e4ngeschr\u00e4nke und sogar ganze W\u00e4nde nach Speyer transportiert. Allein die Kleinutensilien f\u00fcllten mehrere Umzugskartons. Zur Er\u00f6ffnung reisten neben Marie-Luise Marjan (Helga Beimer) auch Daniela Bette (Angelina Buchstab), Clara Dolny (Josi Stadler) und H\u00fcseyin Ekici (Orkan Kortuglu) an und erf\u00fcllten bei einer gro\u00dfen Autogrammstunde die W\u00fcnsche der Fans. <\/p>\n\n\n\n<p>2014 zog die Ausstellung \u201eDie Kunst der Lindenstr\u00e4\u00dfler\u201c ein. In der Serie entstanden \u00fcber die Zeit viele Kunstwerke, wovon 20 Exemplare nach Speyer gingen. Darunter z.B. Benno Zimmermanns Spielzeugeisenbahn (Folge: 87), einige Gem\u00e4lde von Franz Schildknecht (z.B. Folge: 185), Zorros Kartenmischmaschine (Folge: 255) oder Milas Kinderbild (Folge: 1422).\u00a0Die \u201eLindenstra\u00dfe\u201c und das Technik Museum Speyer verbindet schon l\u00e4ngst eine Freundschaft. Schnell stand fest, der Serie auch weiterhin eine Plattform zu geben und die Ausstellung zu erweitern. \u201eF\u00fcr Fans soll die Serie im Museum Wilhelmsbau weiterleben und ein Ort sein, um in Erinnerungen zu schwelgen\u201c so Museumsleiter Andreas Hemmer. <\/p>\n\n\n\n<div class=\"wp-block-image\"><figure class=\"aligncenter\"><img decoding=\"async\" loading=\"lazy\" width=\"800\" height=\"600\" src=\"https:\/\/speyer24news.com\/wp-content\/uploads\/2020\/04\/IMG_20200203_221412.jpg\" alt=\"\" class=\"wp-image-26435\" srcset=\"https:\/\/speyer24news.com\/wp-content\/uploads\/2020\/04\/IMG_20200203_221412.jpg 800w, https:\/\/speyer24news.com\/wp-content\/uploads\/2020\/04\/IMG_20200203_221412-300x225.jpg 300w, https:\/\/speyer24news.com\/wp-content\/uploads\/2020\/04\/IMG_20200203_221412-768x576.jpg 768w, https:\/\/speyer24news.com\/wp-content\/uploads\/2020\/04\/IMG_20200203_221412-678x509.jpg 678w, https:\/\/speyer24news.com\/wp-content\/uploads\/2020\/04\/IMG_20200203_221412-326x245.jpg 326w, https:\/\/speyer24news.com\/wp-content\/uploads\/2020\/04\/IMG_20200203_221412-80x60.jpg 80w\" sizes=\"(max-width: 800px) 100vw, 800px\" \/><figcaption>Museumsdirektor Herman Layher (rechts) bei der Saumagen Ordenverleihung 2020<\/figcaption><\/figure><\/div>\n\n\n\n<p>Vom WDR gab es dann die Zusage zu den Filmkulissen Caf\u00e9 Bayer und Akropolis, welche im Januar von einem Team des Museums in K\u00f6ln demontiert und nun in Speyer eingelagert wurden. \u201eAls n\u00e4chstes wird der zuk\u00fcnftige Ausstellungsraum ausger\u00e4umt. Die dort stehenden Exponate und Vitrinen m\u00fcssen sinnvoll in andere R\u00e4ume des Geb\u00e4udes integriert werden\u201c berichtet Michael Stiller, Exponatsverwalter des Technik Museum Speyer. Auch die hausinterne Schreinerei sowie die Dekorationsabteilung sind miteingebunden, damit bis Ende des Jahres der neue Ausstellungsraum er\u00f6ffnet werden kann. \u201eIn diesem Zug \u00fcberarbeiten wir auch gleich die bestehenden Ausstellungsr\u00e4ume mit der Else Kling K\u00fcche und der Kunst der Lindenstr\u00e4\u00dfler. Wir m\u00f6chten die Ausstellungsst\u00fccke f\u00fcr die Fans sch\u00f6n in Szene setzen\u201c gibt Museumsleiter Andreas Hemmer bekannt. Aktuell sind im Museum Wilhelmsbau im Erdgeschoss die Ausstellung \u201eDie Kunst der Lindenstr\u00e4\u00dfler\u201c sowie im 1. Stock die Else Kling K\u00fcche zu sehen. <\/p>\n\n\n\n<p>Weitere Informationen zur Er\u00f6ffnung gibt es voraussichtlich ab Oktober 2020 unter <a rel=\"noreferrer noopener\" href=\"https:\/\/deref-web-02.de\/mail\/client\/mQ4H0reX7nw\/dereferrer\/?redirectUrl=https%3A%2F%2Fu14164442.ct.sendgrid.net%2Fls%2Fclick%3Fupn%3DpsfSyrcYyJjyv2M1NAPIUHSS5hyResOop97owBYND8N6XP3N17nmlBATkwByvdDIS-4-_Hl-2BwoPNiiE5y-2BW9ZLRGh-2BuGHMyD7GGNSR50vkH5Gix4TU3oVT6NBjfvTL0OTKGKZSlNpTeUirMXV9-2FUuKDPEUaowL2fza3i2LQv1fuVBpfxZOpM5o3Z3Moz0dO-2BoQxLsr9EZBA0hPerru8kpooK4FCgyVuW0f9BIoJkA7JVWERRN1ihfjqoOwMuxoNDTKg-2FjwpQEDHo71AEyFPB2xKT0jv-2B1Vlcp2rSKb13du4Jb5JE-2FD07R4ZfcldbhEzzw4hfe\" target=\"_blank\">www.technik-museum.de<\/a>. Das Museum Wilhelmsbau geh\u00f6rt zum Technik Museum Speyer und befindet sich direkt auf dem Museumsgel\u00e4nde. <\/p>\n\n\n\n<p><em>Technik Museum Speyer<br>20.04.2020<\/em><\/p>\n","protected":false},"excerpt":{"rendered":"<div class=\"mh-excerpt\"><p>Technik Museumsshop Speyer ab Montag, 20. April wieder ge\u00f6ffnet Speyer &#8211; Laut den neuen Lockerungen der Corona-Ma\u00dfnahmen durch die Regierung darf der Souvenirshop des Technik Museum Speyer ab Montag, 20. April 2020 wieder \u00f6ffnen. Vorsichtig <a class=\"mh-excerpt-more\" href=\"https:\/\/speyer24news.com\/?p=26432\" title=\"Technik Museum Speyer \/ Sinsheim\">[&#8230;]<\/a><\/p>\n<\/div>","protected":false},"author":3,"featured_media":25961,"comment_status":"open","ping_status":"open","sticky":false,"template":"","format":"standard","meta":{"_monsterinsights_skip_tracking":false,"_monsterinsights_sitenote_active":false,"_monsterinsights_sitenote_note":"","_monsterinsights_sitenote_category":0,"footnotes":""},"categories":[14],"tags":[6523,6524,164,133,6522],"aioseo_notices":[],"amp_enabled":true,"_links":{"self":[{"href":"https:\/\/speyer24news.com\/index.php?rest_route=\/wp\/v2\/posts\/26432"}],"collection":[{"href":"https:\/\/speyer24news.com\/index.php?rest_route=\/wp\/v2\/posts"}],"about":[{"href":"https:\/\/speyer24news.com\/index.php?rest_route=\/wp\/v2\/types\/post"}],"author":[{"embeddable":true,"href":"https:\/\/speyer24news.com\/index.php?rest_route=\/wp\/v2\/users\/3"}],"replies":[{"embeddable":true,"href":"https:\/\/speyer24news.com\/index.php?rest_route=%2Fwp%2Fv2%2Fcomments&post=26432"}],"version-history":[{"count":1,"href":"https:\/\/speyer24news.com\/index.php?rest_route=\/wp\/v2\/posts\/26432\/revisions"}],"predecessor-version":[{"id":26438,"href":"https:\/\/speyer24news.com\/index.php?rest_route=\/wp\/v2\/posts\/26432\/revisions\/26438"}],"wp:featuredmedia":[{"embeddable":true,"href":"https:\/\/speyer24news.com\/index.php?rest_route=\/wp\/v2\/media\/25961"}],"wp:attachment":[{"href":"https:\/\/speyer24news.com\/index.php?rest_route=%2Fwp%2Fv2%2Fmedia&parent=26432"}],"wp:term":[{"taxonomy":"category","embeddable":true,"href":"https:\/\/speyer24news.com\/index.php?rest_route=%2Fwp%2Fv2%2Fcategories&post=26432"},{"taxonomy":"post_tag","embeddable":true,"href":"https:\/\/speyer24news.com\/index.php?rest_route=%2Fwp%2Fv2%2Ftags&post=26432"}],"curies":[{"name":"wp","href":"https:\/\/api.w.org\/{rel}","templated":true}]}}