{"id":26504,"date":"2020-04-26T15:24:59","date_gmt":"2020-04-26T14:24:59","guid":{"rendered":"https:\/\/speyer24news.com\/?p=26504"},"modified":"2020-04-26T15:27:34","modified_gmt":"2020-04-26T14:27:34","slug":"wirtschaft-finanzen-42","status":"publish","type":"post","link":"https:\/\/speyer24news.com\/?p=26504","title":{"rendered":"Wirtschaft &#038; Finanzen"},"content":{"rendered":"<style type=\"text\/css\">\r\n\t.ads_top_disp{}\r\n\t.ads_top_corner_disp{ float:left; margin:0px 10px 10px 0px; }\r\n\t.ads_first_p_disp{}\r\n\t.ads_bottom_disp{}\r\n\t<\/style>\n<h1 class=\"wp-block-heading\" style=\"text-align:center\">Stadtwerke Speyer (SWS) GmbH<\/h1>\n\n\n\n<div class=\"wp-block-image\"><figure class=\"aligncenter\"><img decoding=\"async\" src=\"https:\/\/speyer24news.com\/wp-content\/uploads\/2020\/01\/SWS-Logo-1-1024x356.jpg\" alt=\"\" class=\"wp-image-24475\"\/><\/figure><\/div>\n\n\n\n<h2 class=\"wp-block-heading\"><strong>Abfallwirtschaftshof ab Dienstag regul\u00e4r ge\u00f6ffnet <\/strong><\/h2>\n\n\n\n<div class=\"wp-block-image\"><figure class=\"aligncenter\"><img decoding=\"async\" loading=\"lazy\" width=\"800\" height=\"600\" src=\"https:\/\/speyer24news.com\/wp-content\/uploads\/2020\/04\/IMG_20200416_132914.jpg\" alt=\"\" class=\"wp-image-26363\" srcset=\"https:\/\/speyer24news.com\/wp-content\/uploads\/2020\/04\/IMG_20200416_132914.jpg 800w, https:\/\/speyer24news.com\/wp-content\/uploads\/2020\/04\/IMG_20200416_132914-300x225.jpg 300w, https:\/\/speyer24news.com\/wp-content\/uploads\/2020\/04\/IMG_20200416_132914-768x576.jpg 768w, https:\/\/speyer24news.com\/wp-content\/uploads\/2020\/04\/IMG_20200416_132914-678x509.jpg 678w, https:\/\/speyer24news.com\/wp-content\/uploads\/2020\/04\/IMG_20200416_132914-326x245.jpg 326w, https:\/\/speyer24news.com\/wp-content\/uploads\/2020\/04\/IMG_20200416_132914-80x60.jpg 80w\" sizes=\"(max-width: 800px) 100vw, 800px\" \/><\/figure><\/div>\n\n\n\n<p><strong>Speyer &#8211; <\/strong>Unter hohen Sicherheitsvorkehrungen \u00f6ffnet der Abfallwirtschaftshof in der Franz-Kirrmeier-Stra\u00dfe ab Dienstag, 28. April 2020, wieder regul\u00e4r. Die Entsorgungsbetriebe haben personelle und organisatorische Ma\u00dfnahmen  ergriffen, um die Voraussetzungen daf\u00fcr zu schaffen.<\/p>\n\n\n\n<p>Trotz allem werden alle Speyerinnen und Speyerer darum gebeten, wirklich nur notwendige Anfahrten zum AWH in Angriff zu nehmen und daf\u00fcr dann entsprechende Geduld mitzubringen. Es wird streng auf das Einhalten\n von Abst\u00e4nden geachtet. Alle sind angehalten, wie das ab Montag f\u00fcr Gesch\u00e4fte und den \u00d6PNV gilt, Mund und Nase bedeckende Alltagsmasken zu tragen.<\/p>\n\n\n\n<p>Zur Entlastung des AWH tr\u00e4gt die rege Nutzung der Gr\u00fcnabfallcontainer bei. Sie stehen samstags \u2013 wie im M\u00fcllkalender ver\u00f6ffentlicht \u2013 zur Verf\u00fcgung. In dieser Woche werden von 8 bis 13 Uhr die Pl\u00e4tze Im Lammsbauch  und in der Wimphelingstra\u00dfe bedient. Die Mittwochstermine entfallen.<\/p>\n\n\n\n<p><em>Text: Stadtwerke Speyer GmbH Foto: Speyer 24\/7 News, dak<\/em><br><em>26.04.2020<\/em><\/p>\n\n\n\n<h2 class=\"wp-block-heading\">Projekte verwirklichen mit Hilfe vieler<\/h2>\n\n\n\n<h3 class=\"wp-block-heading\">SWS starten Crowdfunding-Projekt<\/h3>\n\n\n\n<div class=\"wp-block-image\"><figure class=\"aligncenter\"><img decoding=\"async\" loading=\"lazy\" width=\"800\" height=\"420\" src=\"https:\/\/speyer24news.com\/wp-content\/uploads\/2020\/04\/sws_1877_012_Crowdfunding_Pressebild.jpg\" alt=\"\" class=\"wp-image-26511\" srcset=\"https:\/\/speyer24news.com\/wp-content\/uploads\/2020\/04\/sws_1877_012_Crowdfunding_Pressebild.jpg 800w, https:\/\/speyer24news.com\/wp-content\/uploads\/2020\/04\/sws_1877_012_Crowdfunding_Pressebild-300x158.jpg 300w, https:\/\/speyer24news.com\/wp-content\/uploads\/2020\/04\/sws_1877_012_Crowdfunding_Pressebild-768x403.jpg 768w\" sizes=\"(max-width: 800px) 100vw, 800px\" \/><\/figure><\/div>\n\n\n\n<p><strong>Speyer &#8211; <\/strong>Gerade jetzt \u2013 in der Corona-Zeit \u2013 sind f\u00fcr viele B\u00fcrger wirtschaftliche und gesellschaftliche Auswirkungen sp\u00fcrbar. Die Stadtwerke Speyer (SWS) wollen dabei helfen, besondere Projekte in der Domstadt zur Umsetzung zu bringen. Es geht um Crowdfunding, um die Finanzierung eines Vorhabens mit Hilfe vieler.<\/p>\n\n\n\n<p>Auf offene Ohren sto\u00dfen die SWS mit ihrem Engagement bei Oberb\u00fcrgermeisterin Stefanie Seiler. Sie hat die Schirmherrschaft \u00fcber die Aktion \u00fcbernommen und untermauert: \u201eIn dieser schwierigen Zeit ist es wichtig, dass wir alle zusammenhalten und uns solidarisch zeigen. Es freut mich daher sehr, dass die Stadtwerke Speyer im Verbund mit dem Verband kommunaler Unternehmen (VKU) vorangehen und die Crowdfunding-Plattform bis Ende Juli zur Verf\u00fcgung steht.\u201c<\/p>\n\n\n\n<p>Das beste Beispiel f\u00fcr ein gelungenes Projekt liegt in Speyer vor der Haust\u00fcr: der Unverpackt-Laden in der Wormser Stra\u00dfe. Die Gr\u00fcnderinnen Luise Sobetzko und Sophie Etzkorn haben den Traum von einem Kaufladen mit unverpackten Waren verwirklicht und das nicht zuletzt dank der Hilfe zahlreicher Spender. Das so genannte Crowdfunding, deutsch Gruppenfinanzierung, hat hier also funktioniert.<\/p>\n\n\n\n<p>So geschieht es in 80 Prozent der F\u00e4lle, teilt SWS-Sprecherin Sonja Daum mit. Gerade in der aktuellen Zeit der Corona-Pandemie wollen die SWS denjenigen zur Seite stehen, die auf der Suche nach F\u00f6rder- und Finanzierungsm\u00f6glichkeiten f\u00fcr Projekte sind, deren Verwirklichung inzwischen durch ausbleibende Mittel auf der Kippe stehen. <br>\n \u201eWir \u00fcbernehmen bereits seit vielen Jahren Verantwortung vor Ort und f\u00f6rdern gerne eine Vielzahl regionaler Ma\u00dfnahmen, von Sport \u00fcber Kultur bis in den sozialen Bereich hinein\u201c, so Sonja Daum. In Gemeinschaft mit den Projektinitiatoren soll es trotz Corona damit mutig weitergehen. <\/p>\n\n\n\n<p>Doch ohne die Eigeninitiative der Vorhabentr\u00e4ger geht es nicht. Mit ihrem Projekt samt Kostenrahmen und Inhalt m\u00fcssen sich diese auf der Plattform des VKU registrieren. Dorthin gelangen Interessenten durch einen Link auf der Homepage der SWS. 30 Tage Zeit bleiben, um f\u00fcr finanzielle Unterst\u00fctzung zu werben. Anders als bislang sind aufgrund der Corona-Krise aktuell nicht nur Vereine zugelassen, sondern auch Gastronomien, Gewerbe, Institutionen sowie Privatpersonen, die sich f\u00fcr die Allgemeinheit engagieren wollen. Die F\u00f6rderung durch die SWS erfolgt ganz simpel. Pro Spende ab zehn Euro, die auf dem Projektkonto eingeht, legt das Unternehmen zehn Euro drauf. Ein F\u00f6rdertopf in H\u00f6he von 5.000 Euro wird im ersten Anlauf daf\u00fcr zur Verf\u00fcgung gestellt. Sollte das Projekt wider Erwarten doch nicht zustande kommen, werden die Gelder r\u00fcckabgewickelt, informiert Sonja Daum.<\/p>\n\n\n\n<p>Zeitlich begrenzt ist die Aktion <strong><em>vorerst bis zum 31. Juli 2020<\/em><\/strong>. Weitere Informationen gibt es auf der Homepage der SWS (<a href=\"http:\/\/www.stadtwerke-speyer.de\/crowdfunding\">www.stadtwerke-speyer.de\/crowdfunding<\/a>), unter Telefon: 06232\/625-2180 oder E-Mail: <a href=\"engagement@stadtwerke-speyer.de\">engagement@stadtwerke-speyer.de<\/a>.<\/p>\n\n\n\n<p><em>Text: Stadtwerke Speyer GmbH Foto: iStock.com\/Vimvertigo<br>26.04.2020<\/em><\/p>\n\n\n\n<h2 class=\"wp-block-heading\"><strong>SWS warnen vor Anrufen von \u201eEnergiefirma\u201c<\/strong><\/h2>\n\n\n\n<div class=\"wp-block-image\"><figure class=\"aligncenter\"><img decoding=\"async\" src=\"https:\/\/speyer24news.com\/wp-content\/uploads\/2020\/03\/Achtung.png\" alt=\"\" class=\"wp-image-26030\"\/><\/figure><\/div>\n\n\n\n<p><strong>Speyer &#8211; <\/strong>In den letzten Tagen riefen zahlreiche Kunden bei den Stadtwerken Speyer (SWS) an. Diese informierten dar\u00fcber, dass sie von unerw\u00fcnschten Anrufen eines Energieh\u00e4ndlers mit dem Namen \u201eEnergiefirma\u201c bel\u00e4stigt wurden, der angeblich im Auftrag  der SWS anriefe. Ziel der Anrufe sei ein g\u00fcnstigerer Vertragsabschluss gewesen, wof\u00fcr die letzte Jahresabrechnung besprochen werden sollte. Im Verlauf der Gespr\u00e4che wurden pers\u00f6nliche Daten, Z\u00e4hlernummer etc. abgefragt. Die Telefonnummer lautet 0822\/1274007  (kann in den letzten Ziffern variieren) und kann nicht zur\u00fcckverfolgt werden, wird aber im Internet von viele Betroffenen als unseri\u00f6s eingestuft.<\/p>\n\n\n\n<p>Die Stadtwerke stellen klar, dass sie weder eine Kooperation mit anderen Energieh\u00e4ndlern haben noch Vertr\u00e4ge\/Tarifwechsel am Telefon anbieten. Die SWS raten, bei Werbeanrufen sowie bei Haust\u00fcrgesch\u00e4ften keine pers\u00f6nlichen Daten, Z\u00e4hlerst\u00e4nde,\n Energieverbr\u00e4uche, Bankverbindungen usw. weiterzugeben. Werbeanrufe sind tats\u00e4chlich nur dann erlaubt, wenn sich die Angerufenen im Vorfeld ausdr\u00fccklich damit einverstanden erkl\u00e4rt haben. Wird man unerw\u00fcnscht kontaktiert, sollten Name, Firma und Telefonnummer\n des Anrufers notiert werden. Sofern genaue Angaben zu den Anrufern gemacht werden k\u00f6nnen, ist es m\u00f6glich, gemeinsam juristische Schritte einzuleiten. Gegen einige Wettbewerber konnten die SWS mit Unterst\u00fctzung engagierter Kunden bereits erfolgreich gerichtlich\n vorgehen, worauf die unseri\u00f6sen Aktivit\u00e4ten per Gerichtsbeschluss untersagt wurden. Dennoch kommt es immer wieder zu entsprechenden Vorf\u00e4llen.<\/p>\n\n\n\n<p>Unterst\u00fctzung erhalten Kunden bei den SWS unter Telefon 06232\/625-1110 oder E-Mail: <a href=\"vertrieb@stadtwerke-speyer.de\">vertrieb@stadtwerke-speyer.de<\/a><\/p>\n\n\n\n<p><em>Stadtwerke Speyer GmbH<\/em><br><em>26.04.2020<\/em><\/p>\n\n\n\n<h2 class=\"wp-block-heading\">Umwelt-Stiftung: drei Projekte profitieren<\/h2>\n\n\n\n<h3 class=\"wp-block-heading\">Stadtwerke Speyer stocken F\u00f6rderung auf 23.500 Euro auf<\/h3>\n\n\n\n<div class=\"wp-block-image\"><figure class=\"aligncenter\"><img decoding=\"async\" loading=\"lazy\" width=\"800\" height=\"446\" src=\"https:\/\/speyer24news.com\/wp-content\/uploads\/2020\/04\/AdobeStock_296063404.jpeg\" alt=\"\" class=\"wp-image-26505\" srcset=\"https:\/\/speyer24news.com\/wp-content\/uploads\/2020\/04\/AdobeStock_296063404.jpeg 800w, https:\/\/speyer24news.com\/wp-content\/uploads\/2020\/04\/AdobeStock_296063404-300x167.jpeg 300w, https:\/\/speyer24news.com\/wp-content\/uploads\/2020\/04\/AdobeStock_296063404-768x428.jpeg 768w\" sizes=\"(max-width: 800px) 100vw, 800px\" \/><figcaption>Die Umwelt-Stiftung der SWS f\u00f6rdert Projekte und Bildungsma\u00dfnahmen rund um den Klimaschutz.<\/figcaption><\/figure><\/div>\n\n\n\n<p><strong>Speyer &#8211; <\/strong>In diesem Jahr wurde der festgelegte Betrag von 15.000 Euro, den die Stiftung der Stadtwerke Speyer (SWS) f\u00fcr Erneuerbare Energien Umwelt auslobte, deutlich erh\u00f6ht. Abgesehen von der bisher geltenden Summe, die vollst\u00e4ndig an den Verein \u201einSPEYERed\u201c geht, erhalten der Verein Forschungswerkstatt Natur-Kunst-Technik 5.000 Euro und der Verein Miteinander 3.500 Euro.<\/p>\n\n\n\n<p>Oberb\u00fcrgermeisterin und Vorsitzende des Stiftungsrates Stefanie Seiler \u00e4u\u00dfert sich begeistert von der Vielseitigkeit und Kreativit\u00e4t der eingereichten Projektideen. \u201eSie sind ein Zeichen daf\u00fcr, dass Klima- und Umweltschutz sowie das Thema Erneuerbare Energien die B\u00fcrger*innen der Stadt generationen\u00fcbergreifend besch\u00e4ftigen und sie daf\u00fcr auch gerne eigeninitiativ Aktivit\u00e4ten an den Tag legen\u201c, stellt Stefanie Seiler heraus. Begr\u00fc\u00dfenswert sei das Aufstocken des Stiftungsbetrages, sei dieses doch gleichzeitig Motivation f\u00fcr weitere Vorhaben.<\/p>\n\n\n\n<p>Besonders beeindruckt waren die Entscheider des Stiftungsrates von dem Vorhaben, das \u201einSPEYERed\u201c avisierte: Zwei Elektro-Lastenfahrr\u00e4der will der Verein anschaffen, um diese Speyerer B\u00fcrger*innen zur freien Nutzung zur Verf\u00fcgung zu stellen. Einzige Voraussetzung daf\u00fcr sei \u2013 so die Verantwortlichen des Vereins \u2013 eine \u201eunkomplizierte Registrierung\u201c.<\/p>\n\n\n\n<p>Mit den E-Lastenr\u00e4dern k\u00f6nnen Eink\u00e4ufe erledigt oder andere Transporte ausgef\u00fchrt werden. \u201eTeilen statt Besitzen\u201c lautet das Motto des Vereins, der dadurch den Wandel im wirtschaftlichen Handeln herbeif\u00fchren will. Verschiedene Stationen \u2013 beispielsweise an L\u00e4den, Stadtteilb\u00fcros oder Caf\u00e9s \u2013 sollen die E-Lastenr\u00e4der jeweils ausgeben und wieder entgegennehmen. Als einen m\u00f6glichen Standort nennen die Vereinsvertreter den Unverpackt-Laden.<\/p>\n\n\n\n<p>Dank der Stiftungsunterst\u00fctzung von 15.000 Euro k\u00f6nnen nicht nur die zwei E-Lastenr\u00e4der angeschafft, sondern auch f\u00fcnf Jahre betrieben werden. Danach sollen die laufenden Kosten \u00fcber Spenden finanziert werden. F\u00fcr SWS-Gesch\u00e4ftsf\u00fchrer Wolfgang B\u00fchring passt die Idee von \u201einSPEYERed\u201c ideal zu den Stadtwerken und ihren Bestrebungen, die Elektromobilit\u00e4t zu forcieren. \u201eWir freuen uns au\u00dferordentlich, dass wir mit diesem Projekt einen weiteren Schritt in Richtung Smart City gehen k\u00f6nnen\u201c, betont Wolfgang B\u00fchring und weist gleichzeitig auf den Ausbau des E-CarSharing und alternativer Mobilit\u00e4tskonzepte hin.<\/p>\n\n\n\n<p>Gleichzeitig sieht der Gesch\u00e4ftsf\u00fchrer in dem Projekt eine Chance, durch das Buchungssystem Erfahrungen f\u00fcr die Erg\u00e4nzung und den Umbau des \u00d6ffentlichen Personennahverkehrs zu sammeln. \u201eDas Projekt\u201c, meint Wolfgang B\u00fchring, \u201ek\u00f6nnte mit weiteren F\u00f6rderern ausgebaut werden. Mehrere Initiativen in diese Richtung gebe es bereits in Speyer.\u201c<\/p>\n\n\n\n<p>Solarenergie und Kunst in Einklang bringen m\u00f6chte die Forschungswerkstatt Natur- Kunst-Technik. Konkret bedeutet das: Verschiedene Zielgruppen entwickeln in einem mehrstufigen Projekt zwischen 2020 und 2024 solarbetrieben Wasser-Spiel-Kunstwerke nach dem Vorbild der Natur f\u00fcr den \u00f6ffentlichen oder halb\u00f6ffentlichen Raum in Speyer. Konkret soll die Entwicklung in einer Forschungswerkstatt vorangetrieben werden, wof\u00fcr der Stiftungsbeitrag von 5.000 Euro konkret verwendet werden soll. <\/p>\n\n\n\n<p>Unterst\u00fctzen m\u00f6chte die Stiftung mit 3.500 Euro die Umsetzung mehrere Workshops durch den Verein Miteinander im Mehrgenerationenhaus f\u00fcr die Zielgruppe von Kindern ab zehn Jahren. Diese sollen dort lernen, was sich hinter dem Begriff Energie verbirgt und welche Chancen Erneuerbare Energien bieten. Entsprechend der Thematik soll eine fachlich qualifizierte Begleitung erfolgen. Dazu geh\u00f6rt ebenso ein zielorientiertes Arbeitsmaterial. F\u00fcr beides soll das Geld der Stiftung Anwendung finden. Die GEWO Leben und das Netzwerk Jugend Speyer-Nord sind Kooperationspartner des Projekts.<\/p>\n\n\n\n<p><em>Text: Stadtwerke Speyer GmbH Foto: Lovelyday12 &#8211; Adobe Stock<br>26.04.2020<\/em><\/p>\n\n\n\n<h1 class=\"wp-block-heading\" style=\"text-align:center\">Industriegewerkschaft Bauen-Agrar-Umwelt<\/h1>\n\n\n\n<div class=\"wp-block-image\"><figure class=\"aligncenter\"><img decoding=\"async\" loading=\"lazy\" width=\"600\" height=\"242\" src=\"https:\/\/speyer24news.com\/wp-content\/uploads\/2020\/04\/IG-Bauen-Agragr-Umwelt-Logo.png\" alt=\"\" class=\"wp-image-26509\" srcset=\"https:\/\/speyer24news.com\/wp-content\/uploads\/2020\/04\/IG-Bauen-Agragr-Umwelt-Logo.png 600w, https:\/\/speyer24news.com\/wp-content\/uploads\/2020\/04\/IG-Bauen-Agragr-Umwelt-Logo-300x121.png 300w\" sizes=\"(max-width: 600px) 100vw, 600px\" \/><\/figure><\/div>\n\n\n\n<h2 class=\"wp-block-heading\"><strong>Workers\u2019 Memorial Day am\n28. April | 4.200 Bau-Unf\u00e4lle in Rheinland-Pfalz<\/strong><\/h2>\n\n\n\n<h3 class=\"wp-block-heading\"><strong>Gedenkminute f\u00fcr verungl\u00fcckte Arbeitnehmer in Speyer<\/strong><\/h3>\n\n\n\n<div class=\"wp-block-image\"><figure class=\"aligncenter\"><img decoding=\"async\" loading=\"lazy\" width=\"800\" height=\"533\" src=\"https:\/\/speyer24news.com\/wp-content\/uploads\/2020\/04\/Helmpflicht_high.jpg\" alt=\"\" class=\"wp-image-26510\" srcset=\"https:\/\/speyer24news.com\/wp-content\/uploads\/2020\/04\/Helmpflicht_high.jpg 800w, https:\/\/speyer24news.com\/wp-content\/uploads\/2020\/04\/Helmpflicht_high-300x200.jpg 300w, https:\/\/speyer24news.com\/wp-content\/uploads\/2020\/04\/Helmpflicht_high-768x512.jpg 768w\" sizes=\"(max-width: 800px) 100vw, 800px\" \/><figcaption>Ein Helm kann auf der Baustelle Leben retten. Doch oft kommt die Sicherheit im Job zu kurz, kritisiert die IG BAU. <\/figcaption><\/figure><\/div>\n\n\n\n<p><strong>Speyer \/ Weltweit &#8211; <\/strong>Sturz von der Leiter, Ausrutscher mit der Motors\u00e4ge, Hantieren mit Asbest: Wer in Speyer auf dem Bau oder in der Landwirtschaft arbeitet, hat ein besonders hohes Risiko, im Job einen Unfall zu haben oder krank zu werden. Darauf weist die Industriegewerkschaft Bauen-Agrar-Umwelt (IG BAU) zum Internationalen Workers\u2019 Memorial Day am 28. April hin \u2013 und ruft Besch\u00e4ftigte in der Stadt zu einer Gedenkminute auf. \u201eOb im Home-Office oder auf der Baustelle: Um 12 Uhr sollte am Dienstag jeder kurz die Arbeit beiseitelegen und an die Menschen denken, die im Job t\u00f6dlich verungl\u00fcckt oder berufsunf\u00e4hig geworden sind\u201c, so IG BAU-Bezirksvorsitzender R\u00fcdiger Wunderlich.<\/p>\n\n\n\n<p>Die\nIG BAU Rheinhessen-Vorderpfalz fordert\nzugleich st\u00e4rkere Anstrengungen beim Arbeitsschutz. \u201eJeder Unfall ist einer zu\nviel. Die Arbeitssicherheit ist keine l\u00e4stige Pflicht, sondern ein Muss. Daran\ndarf der Chef keinen Cent sparen\u201c, sagt Wunderlich.\nIn Zeiten von Corona sei dies wichtiger denn je. In der Geb\u00e4udereinigung\nm\u00fcssten Besch\u00e4ftigte besonders vor Ansteckungen gesch\u00fctzt werden. Hier seien\nausreichend Desinfektionsmittel und Zeit f\u00fcr das gr\u00fcndliche Reinigen n\u00f6tig. <\/p>\n\n\n\n<p>\u201eAuf\ndem Bau haben Arbeitgeber daf\u00fcr zu sorgen, dass die Abstands- und Hygieneregeln\neingehalten werden. Der Mindestabstand von 1,5 Metern \u2013 besser gleich eine\nganze Zollstockl\u00e4nge von zwei Metern \u2013 ist entscheidend\u201c, betont Wunderlich. Au\u00dferdem m\u00fcsse es genug Masken und\nSchutzhandschuhe geben, ebenso wie Toiletten mit Wasseranschluss zum\nH\u00e4ndewaschen.<\/p>\n\n\n\n<p>Allerdings\ngehe auf vielen Baustellen Schnelligkeit allzu oft vor Sicherheit. Nach Angaben\nder Berufsgenossenschaft der Bauwirtschaft (BG Bau) kam es in der Branche im\nvergangenen Jahr zu rund 4.200\nArbeitsunf\u00e4llen in Rheinland-Pfalz \u2013 f\u00fcnf davon mit t\u00f6dlichem Ende.<\/p>\n\n\n\n<p>Schwerpunkt\ndes Workers\u2019 Memorial Day ist in diesem Jahr Asbest. \u201eOb in der alten Fassade,\nim Nachtspeicherofen oder im Schuppendach \u2013 Asbest ist oft versteckt. Gerade\nbei Sanierungen alter Geb\u00e4ude kommt der giftige Stoff dann zum Vorschein. Das\nist eine unsichtbare Gefahr f\u00fcr Handwerker\u201c, so Wunderlich.<\/p>\n\n\n\n<p>Wie\nbei Corona sei auch beim Thema Asbest das Tragen einer Atemschutzmaske\nunabdingbar. Wer den Stoff heute einatme, k\u00f6nne viele Jahre sp\u00e4ter Lungenkrebs\nbekommen, warnt der Gewerkschafter. 161\nNeuerkrankungen im Zusammenhang mit Asbest gab es in Rheinland-Pfalz allein im\nJahr 2018. Das geht aus Zahlen der Deutschen Gesetzlichen Unfallversicherung\nhervor. Innerhalb von zehn Jahren erkrankten im Bundesland rund 1.800 Menschen durch den Gefahrstoff. <\/p>\n\n\n\n<p>Der\nWorkers\u2019 Memorial Day fand erstmals 1984 in Kanada statt: Die Gewerkschaft f\u00fcr\nAngestellte im \u00f6ffentlichen Dienst rief damals dazu auf, der im Arbeitsleben\nverstorbenen Mitarbeiter zu gedenken. Seit 1989 wird der Gedenktag weltweit\nbegangen. <\/p>\n\n\n\n<p>Einen Video-Appell zum Workers\u2019 Memorial Day hat die IG BAU online gestellt unter: <a href=\"https:\/\/youtu.be\/5wDbHWkjTgY\">https:\/\/youtu.be\/5wDbHWkjTgY<\/a>. Auch die Politik ruft zu mehr Anstrengungen beim Arbeitsschutz auf \u2013 Link zum Video: <a href=\"https:\/\/youtu.be\/8Wzi3iJYGZU\">https:\/\/youtu.be\/8Wzi3iJYGZU<\/a><\/p>\n\n\n\n<p><em>Industriegewerkschaft Bauen-Agrar-Umwelt<br>Bezirksverband Rheinhessen-Vorderpfalz<br>26.04.2020<\/em><\/p>\n\n\n\n<h1 class=\"wp-block-heading\" style=\"text-align:center\">Q 6 Q7, das Quartier<\/h1>\n\n\n\n<div class=\"wp-block-image\"><figure class=\"aligncenter\"><img decoding=\"async\" loading=\"lazy\" width=\"350\" height=\"350\" src=\"https:\/\/speyer24news.com\/wp-content\/uploads\/2020\/01\/q6q7-logo.png\" alt=\"\" class=\"wp-image-24906\" srcset=\"https:\/\/speyer24news.com\/wp-content\/uploads\/2020\/01\/q6q7-logo.png 350w, https:\/\/speyer24news.com\/wp-content\/uploads\/2020\/01\/q6q7-logo-150x150.png 150w, https:\/\/speyer24news.com\/wp-content\/uploads\/2020\/01\/q6q7-logo-300x300.png 300w\" sizes=\"(max-width: 350px) 100vw, 350px\" \/><\/figure><\/div>\n\n\n\n<h2 class=\"wp-block-heading\">Phantasievolle Communitymasken designed by Palazzo seit Mittwoch, 22.04.2020 in Q 6 Q 7 in Mannheim<\/h2>\n\n\n\n<div class=\"wp-block-image\"><figure class=\"aligncenter\"><img decoding=\"async\" loading=\"lazy\" width=\"500\" height=\"500\" src=\"https:\/\/speyer24news.com\/wp-content\/uploads\/2020\/04\/Palazzo-Maske-c-Robin-Heller.jpg\" alt=\"\" class=\"wp-image-26506\" srcset=\"https:\/\/speyer24news.com\/wp-content\/uploads\/2020\/04\/Palazzo-Maske-c-Robin-Heller.jpg 500w, https:\/\/speyer24news.com\/wp-content\/uploads\/2020\/04\/Palazzo-Maske-c-Robin-Heller-150x150.jpg 150w, https:\/\/speyer24news.com\/wp-content\/uploads\/2020\/04\/Palazzo-Maske-c-Robin-Heller-300x300.jpg 300w\" sizes=\"(max-width: 500px) 100vw, 500px\" \/><\/figure><\/div>\n\n\n\n<p><strong>Mannheim \/ Q6Q7 &#8211; <\/strong>Seit die Bundesregierung das Tragen von Masken zum Schutz vor Ansteckung des Covid 19 Virus  empfohlen hat, n\u00e4ht die Choreographin und Kost\u00fcmdesignerin des Radio Regenbogen Harald Wohlfahrt Palazzo Riannah Kitching Mund-Nasenmaske in immer neuen Looks und versehen mit glitzernden Accessoires. <\/p>\n\n\n\n<div class=\"wp-block-image\"><figure class=\"aligncenter\"><img decoding=\"async\" loading=\"lazy\" width=\"500\" height=\"500\" src=\"https:\/\/speyer24news.com\/wp-content\/uploads\/2020\/04\/Palazzo-Maske-2-c-Robin-Heller.jpg\" alt=\"\" class=\"wp-image-26507\" srcset=\"https:\/\/speyer24news.com\/wp-content\/uploads\/2020\/04\/Palazzo-Maske-2-c-Robin-Heller.jpg 500w, https:\/\/speyer24news.com\/wp-content\/uploads\/2020\/04\/Palazzo-Maske-2-c-Robin-Heller-150x150.jpg 150w, https:\/\/speyer24news.com\/wp-content\/uploads\/2020\/04\/Palazzo-Maske-2-c-Robin-Heller-300x300.jpg 300w\" sizes=\"(max-width: 500px) 100vw, 500px\" \/><\/figure><\/div>\n\n\n\n<p>Die ausgebildete T\u00e4nzerin aus Australien, die die glamour\u00f6sen Palazzo Kost\u00fcme f\u00fcr jede Saison neu kreiert und mit viel Liebe zum Detail eigenh\u00e4ndig herstellt, bietet seit Mittwoch (22.04.2020) im neu er\u00f6ffneten Palazzo-Pop-Up-Store im Erdgeschoss in Q 6 Q 7 die phantasievoll gestalteten Masken aus 100% Baumwolle gestaltet und ma\u00dfgeschneidert in den Gr\u00f6\u00dfen S bis XL ab 13 Euro an.<\/p>\n\n\n\n<div class=\"wp-block-image\"><figure class=\"aligncenter\"><img decoding=\"async\" loading=\"lazy\" width=\"500\" height=\"539\" src=\"https:\/\/speyer24news.com\/wp-content\/uploads\/2020\/04\/Palazzo-Maske.png\" alt=\"\" class=\"wp-image-26508\" srcset=\"https:\/\/speyer24news.com\/wp-content\/uploads\/2020\/04\/Palazzo-Maske.png 500w, https:\/\/speyer24news.com\/wp-content\/uploads\/2020\/04\/Palazzo-Maske-278x300.png 278w\" sizes=\"(max-width: 500px) 100vw, 500px\" \/><\/figure><\/div>\n\n\n\n<p>Auch Kindermasken werden dort erh\u00e4ltlich sein. Gerne werden individuelle W\u00fcnsche erf\u00fcllt und jeder kann seine Vorstellungen selbst einbringen.<\/p>\n\n\n\n<p>Neben den Communitymasken k\u00f6nnen von 10 &#8211; 18 Uhr auch Gutscheine f\u00fcr die kommende Palazzo-Saison erworben werden, die auf alle F\u00e4lle ihre G\u00fcltigkeit auch im Falle einer Verschiebung des Showstarts behalten werden.<\/p>\n\n\n\n<p>Mit dem neuen Palazzo-Pop-up-Store er\u00f6ffneten am Mittwoch, 22.04.2020 nach der \u201eCorona-Pause\u201c auch wieder nahezu alle Gesch\u00e4fte in Q 6 Q 7. Lediglich die Gastronomie bleibt weiterhin auf To-Go beschr\u00e4nkt, der Fitness First Platinum Swim Club, die Nail Art Bar und der benachbarte Primark bleiben bis auf weiteres geschlossen. <\/p>\n\n\n\n<p><em>Text: CommCo Communication &amp; PR Consulting Foto: Robin Heller<br>26.04.2020<\/em><\/p>\n\n\n\n<h1 class=\"wp-block-heading\" style=\"text-align:center\">Maimarkt Mannheim<\/h1>\n\n\n\n<figure class=\"wp-block-image\"><img decoding=\"async\" loading=\"lazy\" width=\"800\" height=\"600\" src=\"https:\/\/speyer24news.com\/wp-content\/uploads\/2020\/03\/DSC02264.jpg\" alt=\"\" class=\"wp-image-25683\" srcset=\"https:\/\/speyer24news.com\/wp-content\/uploads\/2020\/03\/DSC02264.jpg 800w, https:\/\/speyer24news.com\/wp-content\/uploads\/2020\/03\/DSC02264-300x225.jpg 300w, https:\/\/speyer24news.com\/wp-content\/uploads\/2020\/03\/DSC02264-768x576.jpg 768w, https:\/\/speyer24news.com\/wp-content\/uploads\/2020\/03\/DSC02264-678x509.jpg 678w, https:\/\/speyer24news.com\/wp-content\/uploads\/2020\/03\/DSC02264-326x245.jpg 326w, https:\/\/speyer24news.com\/wp-content\/uploads\/2020\/03\/DSC02264-80x60.jpg 80w\" sizes=\"(max-width: 800px) 100vw, 800px\" \/><\/figure>\n\n\n\n<h2 class=\"wp-block-heading\">Gr\u00fc\u00dfe vom Maimarktgel\u00e4nde<\/h2>\n\n\n\n<div class=\"wp-block-image\"><figure class=\"aligncenter\"><img decoding=\"async\" loading=\"lazy\" width=\"800\" height=\"600\" src=\"https:\/\/speyer24news.com\/wp-content\/uploads\/2020\/03\/DSC02224.jpg\" alt=\"\" class=\"wp-image-25678\" srcset=\"https:\/\/speyer24news.com\/wp-content\/uploads\/2020\/03\/DSC02224.jpg 800w, https:\/\/speyer24news.com\/wp-content\/uploads\/2020\/03\/DSC02224-300x225.jpg 300w, https:\/\/speyer24news.com\/wp-content\/uploads\/2020\/03\/DSC02224-768x576.jpg 768w, https:\/\/speyer24news.com\/wp-content\/uploads\/2020\/03\/DSC02224-678x509.jpg 678w, https:\/\/speyer24news.com\/wp-content\/uploads\/2020\/03\/DSC02224-326x245.jpg 326w, https:\/\/speyer24news.com\/wp-content\/uploads\/2020\/03\/DSC02224-80x60.jpg 80w\" sizes=\"(max-width: 800px) 100vw, 800px\" \/><\/figure><\/div>\n\n\n\n<p><strong>Mannheim \/ Maimarkt &#8211; <\/strong>Normalerweise w\u00e4re jetzt die hei\u00dfeste Phase des Maimarkt-Aufbaus. Und mitten in diesem Riesenbetrieb mit all den Ausstellern und Helfern in 47 Hallen und auf dem gro\u00dfen Freigel\u00e4nde w\u00fcrde der Maimarkt-Presserundgang heute um diese Zeit live und exklusiv einen ersten Eindruck von der innovativen Produktvielfalt und spannenden Sonderschauen vermitteln, Menschen und Macher vorstellen, einen Vorgeschmack auf das lebendige Marktgeschehen auf dem gr\u00f6\u00dften Treffpunkt der Region geben. <\/p>\n\n\n\n<p>Leider ist dieses Jahr kein Normaljahr. Dennoch m\u00f6chten wir gerne diesen Traditionstermin im Kalender nutzen, Sie alle sehr herzlich vom Maimarktgel\u00e4nde zu gr\u00fc\u00dfen, das so ungewohnt leer ist. In den letzten Wochen haben wir alle gesp\u00fcrt, dass der pers\u00f6nliche, direkte Kontakt von Mensch zu Mensch uns eine besondere Erlebnisqualit\u00e4t gibt und wie sehr dieser Kontakt fehlen kann.<\/p>\n\n\n\n<p>Wir sind bereits wieder auf dem Weg und arbeiten gemeinsam am n\u00e4chsten Maimarkt Mannheim, der <strong>vom 24. April bis 4. Mai 2021<\/strong> stattfindet.<\/p>\n\n\n\n<p>Und wir freuen uns darauf, Sie sehr bald wiederzusehen.<\/p>\n\n\n\n<p>Ihre Maimarkt-Pressestelle<\/p>\n\n\n\n<p><em>MAG Mannheimer Ausstellungs-GmbH<br>26.04.2020<\/em><\/p>\n\n\n\n<h1 class=\"wp-block-heading\" style=\"text-align:center\">Bundesagentur f\u00fcr Arbeit<\/h1>\n\n\n\n<div class=\"wp-block-image\"><figure class=\"aligncenter\"><img decoding=\"async\" src=\"https:\/\/speyer24news.com\/wp-content\/uploads\/2020\/02\/Agentur-f\u00fcr-Arbeit-1.png\" alt=\"\" class=\"wp-image-25918\"\/><\/figure><\/div>\n\n\n\n<h2 class=\"wp-block-heading\">Zahl der Anzeigen f\u00fcr Kurzarbeit auf 725.000 angestiegen<\/h2>\n\n\n\n<ul><li><strong>Zahl der Anzeigen steigt binnen einer Woche um weitere 12 Prozent<\/strong><\/li><li><strong>BA stockt Personal weiter auf<\/strong><\/li><\/ul>\n\n\n\n<p><strong>N\u00fcrnberg \/ Deutschland &#8211; <\/strong>Bis zum 13.04.2020 haben rund 725.000 Betriebe bei den Agenturen f\u00fcr Arbeit Kurzarbeit angemeldet. Damit ist die Zahl der Betriebe, die Kurzarbeit planen, gegen\u00fcber der Vorwoche um knapp 12 Prozent gestiegen. Die Daten basieren auf Sonderauswertungen der Bundesagentur f\u00fcr Arbeit und bilden nicht die amtliche Statistik ab. <\/p>\n\n\n\n<p>Die Anzeigen kommen aus nahezu allen Branchen. Schwerpunkte sind weiterhin der Einzelhandel und das Gastgewerbe. F\u00fcr wie viele Personen insgesamt die Betriebe Kurzarbeit angemeldet haben, l\u00e4sst sich anhand der Daten derzeit nicht ermitteln. <\/p>\n\n\n\n<h4 class=\"wp-block-heading\">BA setzt intern weiteres Personal um<\/h4>\n\n\n\n<p>Inzwischen bearbeiten \u00fcber 8.000 BA-Besch\u00e4ftigte Kurzarbeitsanzeigen und rechnen Kurzarbeit ab. Das sind zehn Mal so viele wie in normalen Zeiten.<\/p>\n\n\n\n<h4 class=\"wp-block-heading\">Kurzarbeitergeld wird vom Arbeitgeber ausgezahlt und danach abgerechnet<\/h4>\n\n\n\n<p>Wenn ein Betrieb nach vorheriger Anzeige in einem Monat tats\u00e4chlich Kurzarbeit durchf\u00fchrt, zahlt er neben dem Lohn f\u00fcr geleistete Arbeit auch das Kurzarbeitergeld an die Besch\u00e4ftigten aus. Er sendet anschlie\u00dfend eine Abrechnungsliste jeden Besch\u00e4ftigten an die Arbeitsagentur. Daf\u00fcr hat er gesetzlich bis zu drei Monate Zeit. Nachdem die Unterlagen eingegangen sind, werden diese gepr\u00fcft und das Kurzarbeitergeld an das Unternehmen ausgezahlt. Wegen dieser nachtr\u00e4glichen Abrechnung liegen der BA die statistischen Daten zu tats\u00e4chlich realisierter Kurzarbeit erst nach einigen Wochen vor. <\/p>\n\n\n\n<p><em>Bundesagentur f\u00fcr Arbeit<br>26.04.2020<\/em><\/p>\n\n\n\n<h2 class=\"wp-block-heading\">Zahl der Sanktionen im letzten Jahr gesunken<\/h2>\n\n\n\n<h3 class=\"wp-block-heading\">Drei von Vier Minderungen entfallen auf Meldevers\u00e4umnisse<\/h3>\n\n\n\n<ul><li><strong>Zahl der Sanktionen im letzten Jahr deutlich gesunken<\/strong><\/li><li><strong>\u00dcber 90 Prozent der Leistungsberechtigten bleiben von Sanktionen unber\u00fchrt<\/strong><\/li><li><strong>Dreiviertel aller Sanktionen entstehen durch Meldevers\u00e4umnisse<\/strong><\/li><\/ul>\n\n\n\n<p><strong>N\u00fcrnberg \/ Deutschland &#8211; <\/strong>Die Jobcenter mussten im letzten Jahr 807.000 Sanktionen gegen erwerbsf\u00e4hige Leistungsberechtigte aussprechen. Die Zahl der Leistungsminderungen ist damit im Vergleich zum Vorjahr um 97.000 gesunken. <\/p>\n\n\n\n<p>Mit 77 Prozent entf\u00e4llt wie im Vorjahr ein Gro\u00dfteil der Sanktionen erneut auf Meldevers\u00e4umnisse. 625.000 solcher Sanktionen mussten die Jobcenter im letzten Jahr aussprechen, weil vereinbarte Termine ohne wichtigen Grund nicht wahrgenommen wurden. In diesen F\u00e4llen m\u00fcssen die Jobcenter die Regelbedarfe f\u00fcr drei Monate um zehn Prozent k\u00fcrzen. Die Jobcenter in gemeinsamer Einrichtung von Bundesagentur f\u00fcr Arbeit und Kommune bieten einen SMS-Erinnerungsservice an, um die Zahl der Terminvers\u00e4umnisse zu reduzieren. Wenn Kunden das w\u00fcnschen, wird 24 Stunden vor dem vereinbarten Termin eine Erinnerung auf das Handy verschickt.<\/p>\n\n\n\n<p>F\u00fcr die Weigerung, eine Arbeit oder Ma\u00dfnahme aufzunehmen, oder bei Abbruch wurden 83.000 Sanktionen ausgesprochen. Pflichtverletzungen gegen die Eingliederungsvereinbarung f\u00fchrten in 65.000 F\u00e4llen zu einer Leistungsminderung. Bei dieser Art Pflichtverst\u00f6\u00dfen m\u00fcssen Jobcenter den Regelbedarf f\u00fcr drei Monate um 30 Prozent k\u00fcrzen. Nach dem Urteil des Bundesverfassungsgerichts gilt diese Regel f\u00fcr alle Leistungsberechtigten, unabh\u00e4ngig vom Alter. Vorher musste die Regelleistung f\u00fcr Jugendliche teilweise vollst\u00e4ndig gek\u00fcrzt werden. Die Zahlung wurde dann im ersten Schritt auf die Miete begrenzt. Bei einem erneuten Pflichtversto\u00df musste auch die Miete gek\u00fcrzt werden. Seit Ende letzten Jahres sind die Sanktionen unabh\u00e4ngig vom Alter und der Anzahl der Verst\u00f6\u00dfe auf maximal 30 Prozent des ma\u00dfgebenden Regelbedarfs begrenzt.<\/p>\n\n\n\n<h4 class=\"wp-block-heading\">Monatliche Sanktionsquote und Jahresverlaufsquote r\u00fcckl\u00e4ufig \/ \u00dcber 90 Prozent von Sanktionen weiterhin nicht ber\u00fchrt<\/h4>\n\n\n\n<p>Im Jahresdurchschnitt 2019 waren pro Monat durchschnittlich 3,1 Prozent der erwerbsf\u00e4higen Leistungsberechtigten sanktioniert. Im Jahr zuvor waren es 3,2 Prozent.<\/p>\n\n\n\n<p>Im gesamten Jahr 2019 hatten 8,3 Prozent der erwerbsf\u00e4higen Leistungsberechtigten, insgesamt 401.000 F\u00e4lle, mindestens einmal eine Sanktion. Bei dieser j\u00e4hrlichen Sanktionsverlaufsquote werden die Personen addiert, denen gegen\u00fcber im Verlauf eines gesamten Jahres mindestens eine Sanktion ausgesprochen werden musste. Im Jahr 2018 waren dies 8,5 Prozent. <\/p>\n\n\n\n<p>Die Zahlen zeigen, dass 90 Prozent der Leistungsempf\u00e4nger von Sanktionen unber\u00fchrt bleiben.<\/p>\n\n\n\n<h4 class=\"wp-block-heading\">Auswirkungen des Urteils des Bundesverfassungsgerichtes vom 05.11.2019<\/h4>\n\n\n\n<p>Am 05.11.2019 urteilte das Bundesverfassungsgericht zu Sanktionen. In der Folge wurden die Leistungsminderungen unabh\u00e4ngig von der Anzahl der Verst\u00f6\u00dfe und vom Alter auf maximal 30 Prozent des ma\u00dfgebenden Regelbedarfs begrenzt. Zudem kann auf eine Sanktion verzichtet werden, wenn diese zu au\u00dfergew\u00f6hnlichen H\u00e4rten f\u00fchren w\u00fcrden oder den Zielen des Sozialgesetzbuches II (SGB II) widersprechen w\u00fcrde. Dar\u00fcber hinaus darf eine Sanktion h\u00f6chstens noch einen Monat andauern, wenn der Leistungsberechtigt ernsthaft und nachhaltig erkl\u00e4rt, zuk\u00fcnftig mitwirken zu wollen. <br>Im Dezember 2019 waren 2,7 Prozent der erwerbsf\u00e4higen Leistungsberechtigten von einer Sanktion betroffen. Eine verl\u00e4ssliche Prognose \u00fcber die langfristige Auswirkung des Urteils des Bundesverfassungsgerichtes kann allerdings noch nicht abgegeben werden.<\/p>\n\n\n\n<p><em>Bundesagentur f\u00fcr Arbeit<br>26.04.2020<\/em><\/p>\n\n\n\n<h1 class=\"wp-block-heading\" style=\"text-align:center\">Volk Fahrzeugtechnik GmbH<\/h1>\n\n\n\n<div class=\"wp-block-image\"><figure class=\"aligncenter\"><img decoding=\"async\" loading=\"lazy\" width=\"600\" height=\"218\" src=\"https:\/\/speyer24news.com\/wp-content\/uploads\/2020\/04\/Fahrzeugtechnik-Volk.png\" alt=\"\" class=\"wp-image-26512\" srcset=\"https:\/\/speyer24news.com\/wp-content\/uploads\/2020\/04\/Fahrzeugtechnik-Volk.png 600w, https:\/\/speyer24news.com\/wp-content\/uploads\/2020\/04\/Fahrzeugtechnik-Volk-300x109.png 300w\" sizes=\"(max-width: 600px) 100vw, 600px\" \/><\/figure><\/div>\n\n\n\n<h2 class=\"wp-block-heading\">Kundenpflege zu Coronazeiten: Volk Fahrzeugtechnik GmbH gibt Mund-Nasen-Masken zum Auftrag dazu<\/h2>\n\n\n\n<p><strong>Speyer &#8211; <\/strong>Ab Montag, 27. April 2020 bekommen die ersten hundert Kunden bei der Firma Volk Fahrzeugtechnik pro Auftrag eine Mund-und-Nasen Maske geschenkt. \u201eAlle unsere Kunden sind uns sehr wichtig und wir w\u00fcnschen uns, da\u00df alle gesund und munter bleiben. Dazu m\u00f6chten wir einen Beitrag leisten.\u201c so Familie Volk, deren Betrieb mit Dienstleistungen rund um das Auto seit 1966 in Speyer und Umland begeistert. <\/p>\n\n\n\n<p>F\u00fcr weitere Fragen und zur Kontaktaufnahme:<\/p>\n\n\n\n<p>Volk Fahrzeugtechnik GmbH<br>Reiner Volk<br>Ziegelofenweg 54<br>67346 Speyer<br>Telefon: 06232\/ 67230<br>E-Mail: <a href=\"info@volk-speyer.de\">info@volk-speyer.de<\/a><br><a href=\"http:\/\/www.volk-speyer.de\">www.volk-speyer.de<\/a><\/p>\n\n\n\n<p><em>Volk Fahrzeugtechnik GmbH<br>26.04.2020<\/em><\/p>\n","protected":false},"excerpt":{"rendered":"<div class=\"mh-excerpt\"><p>Stadtwerke Speyer (SWS) GmbH Abfallwirtschaftshof ab Dienstag regul\u00e4r ge\u00f6ffnet Speyer &#8211; Unter hohen Sicherheitsvorkehrungen \u00f6ffnet der Abfallwirtschaftshof in der Franz-Kirrmeier-Stra\u00dfe ab Dienstag, 28. April 2020, wieder regul\u00e4r. Die Entsorgungsbetriebe haben personelle und organisatorische Ma\u00dfnahmen ergriffen, <a class=\"mh-excerpt-more\" href=\"https:\/\/speyer24news.com\/?p=26504\" title=\"Wirtschaft &#038; Finanzen\">[&#8230;]<\/a><\/p>\n<\/div>","protected":false},"author":3,"featured_media":0,"comment_status":"open","ping_status":"open","sticky":false,"template":"","format":"standard","meta":{"_monsterinsights_skip_tracking":false,"_monsterinsights_sitenote_active":false,"_monsterinsights_sitenote_note":"","_monsterinsights_sitenote_category":0,"footnotes":""},"categories":[29],"tags":[6470,551,6545,6541,6540,1088,6543,6381,590,1346,5708,4363,1442,6542,6546,1087,4698,6539,6544],"aioseo_notices":[],"amp_enabled":true,"_links":{"self":[{"href":"https:\/\/speyer24news.com\/index.php?rest_route=\/wp\/v2\/posts\/26504"}],"collection":[{"href":"https:\/\/speyer24news.com\/index.php?rest_route=\/wp\/v2\/posts"}],"about":[{"href":"https:\/\/speyer24news.com\/index.php?rest_route=\/wp\/v2\/types\/post"}],"author":[{"embeddable":true,"href":"https:\/\/speyer24news.com\/index.php?rest_route=\/wp\/v2\/users\/3"}],"replies":[{"embeddable":true,"href":"https:\/\/speyer24news.com\/index.php?rest_route=%2Fwp%2Fv2%2Fcomments&post=26504"}],"version-history":[{"count":4,"href":"https:\/\/speyer24news.com\/index.php?rest_route=\/wp\/v2\/posts\/26504\/revisions"}],"predecessor-version":[{"id":26516,"href":"https:\/\/speyer24news.com\/index.php?rest_route=\/wp\/v2\/posts\/26504\/revisions\/26516"}],"wp:attachment":[{"href":"https:\/\/speyer24news.com\/index.php?rest_route=%2Fwp%2Fv2%2Fmedia&parent=26504"}],"wp:term":[{"taxonomy":"category","embeddable":true,"href":"https:\/\/speyer24news.com\/index.php?rest_route=%2Fwp%2Fv2%2Fcategories&post=26504"},{"taxonomy":"post_tag","embeddable":true,"href":"https:\/\/speyer24news.com\/index.php?rest_route=%2Fwp%2Fv2%2Ftags&post=26504"}],"curies":[{"name":"wp","href":"https:\/\/api.w.org\/{rel}","templated":true}]}}