{"id":26543,"date":"2020-04-27T07:29:45","date_gmt":"2020-04-27T06:29:45","guid":{"rendered":"https:\/\/speyer24news.com\/?p=26543"},"modified":"2020-04-27T07:29:46","modified_gmt":"2020-04-27T06:29:46","slug":"stadtnotizen-verkehrsnotizen-aus-speyer-14","status":"publish","type":"post","link":"https:\/\/speyer24news.com\/?p=26543","title":{"rendered":"Stadtnotizen &#038; Verkehrsnotizen aus Speyer"},"content":{"rendered":"<style type=\"text\/css\">\r\n\t.ads_top_disp{}\r\n\t.ads_top_corner_disp{ float:left; margin:0px 10px 10px 0px; }\r\n\t.ads_first_p_disp{}\r\n\t.ads_bottom_disp{}\r\n\t<\/style>\n<h1 class=\"wp-block-heading\" style=\"text-align:center\">Stadtnotizen<\/h1>\n\n\n\n<div class=\"wp-block-image\"><figure class=\"aligncenter\"><img decoding=\"async\" loading=\"lazy\" width=\"800\" height=\"600\" src=\"https:\/\/speyer24news.com\/wp-content\/uploads\/2020\/01\/Speyer-Stadtnachrichten-2.jpg\" alt=\"\" class=\"wp-image-23901\" srcset=\"https:\/\/speyer24news.com\/wp-content\/uploads\/2020\/01\/Speyer-Stadtnachrichten-2.jpg 800w, https:\/\/speyer24news.com\/wp-content\/uploads\/2020\/01\/Speyer-Stadtnachrichten-2-300x225.jpg 300w, https:\/\/speyer24news.com\/wp-content\/uploads\/2020\/01\/Speyer-Stadtnachrichten-2-768x576.jpg 768w, https:\/\/speyer24news.com\/wp-content\/uploads\/2020\/01\/Speyer-Stadtnachrichten-2-678x509.jpg 678w, https:\/\/speyer24news.com\/wp-content\/uploads\/2020\/01\/Speyer-Stadtnachrichten-2-326x245.jpg 326w, https:\/\/speyer24news.com\/wp-content\/uploads\/2020\/01\/Speyer-Stadtnachrichten-2-80x60.jpg 80w\" sizes=\"(max-width: 800px) 100vw, 800px\" \/><\/figure><\/div>\n\n\n\n<h2 class=\"wp-block-heading\">Coronafallzahlen aus Speyer<\/h2>\n\n\n\n<div class=\"wp-block-image\"><figure class=\"aligncenter\"><img decoding=\"async\" loading=\"lazy\" width=\"800\" height=\"400\" src=\"https:\/\/speyer24news.com\/wp-content\/uploads\/2020\/02\/virus-1812092_1920.jpg\" alt=\"\" class=\"wp-image-25128\" srcset=\"https:\/\/speyer24news.com\/wp-content\/uploads\/2020\/02\/virus-1812092_1920.jpg 800w, https:\/\/speyer24news.com\/wp-content\/uploads\/2020\/02\/virus-1812092_1920-300x150.jpg 300w, https:\/\/speyer24news.com\/wp-content\/uploads\/2020\/02\/virus-1812092_1920-768x384.jpg 768w\" sizes=\"(max-width: 800px) 100vw, 800px\" \/><\/figure><\/div>\n\n\n\n<ul><li><strong>Anzahl best\u00e4tigter F\u00e4lle von Coronavirus (SARS-CoV-2)-Infektionen in der Stadt Speyer: 65<\/strong><\/li><li><strong>Davon bereits genesen: 39<\/strong><\/li><li><strong>Personen in Quarant\u00e4ne: 56<\/strong><\/li><\/ul>\n\n\n\n<p><em>Stand: 24.04.2020, 13:00 Uhr<\/em><\/p>\n\n\n\n<p><em>Stadtverwaltung Speyer<br>27.04.2020<\/em><\/p>\n\n\n\n<h2 class=\"wp-block-heading\"><strong>Konkretisierung zur Verordnung zur Maskenpflicht des Landes Rheinland-Pfalz<\/strong><\/h2>\n\n\n\n<div class=\"wp-block-image\"><figure class=\"aligncenter\"><img decoding=\"async\" loading=\"lazy\" width=\"800\" height=\"533\" src=\"https:\/\/speyer24news.com\/wp-content\/uploads\/2020\/02\/mouth-guard-4791772_1920.jpg\" alt=\"\" class=\"wp-image-25124\" srcset=\"https:\/\/speyer24news.com\/wp-content\/uploads\/2020\/02\/mouth-guard-4791772_1920.jpg 800w, https:\/\/speyer24news.com\/wp-content\/uploads\/2020\/02\/mouth-guard-4791772_1920-300x200.jpg 300w, https:\/\/speyer24news.com\/wp-content\/uploads\/2020\/02\/mouth-guard-4791772_1920-768x512.jpg 768w\" sizes=\"(max-width: 800px) 100vw, 800px\" \/><figcaption>Ab Montag, 27.04.2020 gilt eine Maskenpflicht im \u00f6ffentlichen Personennahverkehr sowie im Einzelhandel und auf Wochenm\u00e4rkten<\/figcaption><\/figure><\/div>\n\n\n\n<p>Ab Montag, 27. April 2020 gilt in Rheinland-Pfalz die Verpflichtung beim Einkaufen in allen Superm\u00e4rkten und Verkaufsstellen des Einzelhandels, beim Einkaufen auf dem Wochenmarkt und bei der Nutzung des \u00d6ffentlichen  Personennahverkehrs eine Mund-Nasen-Bedeckung zu tragen. Die Verpflichtung gilt f\u00fcr Mitarbeiter*innen, Kund*innen und Besucher*innen. Ausgenommen von der Maskenpflicht sind Kinder bis zur Vollendung des 6. Lebensjahres und Personen, denen die Verwendung einer  Mund-Nasen-Bedeckung wegen einer Behinderung oder aus gesundheitlichen Gr\u00fcnden nicht m\u00f6glich oder unzumutbar ist. Dies ist durch eine \u00e4rztliche Bescheinigung nachzuweisen. Ausnahmen bestehen ebenso f\u00fcr Mitarbeiterinnen und Mitarbeiter in Gesch\u00e4ften, wenn anderweitige  geeignete Schutzma\u00dfnahmen, beispielsweise ein sogenannter Spuckschutz, vorhanden sind.<\/p>\n\n\n\n<div class=\"wp-block-image\"><figure class=\"aligncenter\"><img decoding=\"async\" loading=\"lazy\" width=\"800\" height=\"556\" src=\"https:\/\/speyer24news.com\/wp-content\/uploads\/2020\/04\/Mundschutz-Speyer.jpg\" alt=\"\" class=\"wp-image-26176\" srcset=\"https:\/\/speyer24news.com\/wp-content\/uploads\/2020\/04\/Mundschutz-Speyer.jpg 800w, https:\/\/speyer24news.com\/wp-content\/uploads\/2020\/04\/Mundschutz-Speyer-300x209.jpg 300w, https:\/\/speyer24news.com\/wp-content\/uploads\/2020\/04\/Mundschutz-Speyer-768x534.jpg 768w\" sizes=\"(max-width: 800px) 100vw, 800px\" \/><\/figure><\/div>\n\n\n\n<p>Die Stadtverwaltung Speyer weist darauf hin, dass Kontrollen unangek\u00fcndigt durch den Kommunalen Vollzugsdienst erfolgen.<\/p>\n\n\n\n<p><em>Stadtverwaltung Speyer<\/em><br><em>27.04.2020<\/em><\/p>\n\n\n\n<h2 class=\"wp-block-heading\"><strong>Wilder M\u00fcll im Stadtgebiet nimmt zu \u2013 Appell an R\u00fccksichtnahme und Eigenverantwortung<\/strong><\/h2>\n\n\n\n<p>Seit am vergangenen Montag die ersten Lockerungen der Einschr\u00e4nkungen im Kampf gegen das Coronavirus in Kraft getreten sind, dominieren\n immer mehr wild entsorgte Einwegverpackungen das Stadtbild. Plastikeisbecher, Polystyrolboxen, Einmalgeschirr und Pizzakartons finden viel zu oft nicht mehr ihren Weg in den heimischen oder \u00f6ffentlichen M\u00fclleimer. Das sieht nicht nur unsch\u00f6n aus, sondern beschert\n denjenigen Mitarbeiter*innen der Stadtverwaltung, die den fremden M\u00fcll aufsammeln m\u00fcssen, einen nicht unerheblichen Mehraufwand. Die Stadtverwaltung Speyer appelliert daher an alle Konsument*innen, ihr Verhalten zu \u00fcberdenken sowie an die Verkaufsstellen des\n Einzelhandels, die diese Verpackungen in den Umlauf bringen, sich ihrer Verantwortung f\u00fcr die Umwelt bewusst zu werden und in Sachen M\u00fcllentsorgung aktiv auf ihre Kundschaft einzuwirken.&nbsp;\n<\/p>\n\n\n\n<p>\u201eWir wissen, dass durch die Schlie\u00dfung der Gastronomiebetriebe f\u00fcr den Vor-Ort-Verzehr mehr Einmalverpackungen verbraucht und ausgegeben  werden als zuvor. Trotz allem kann und darf es nicht sein, dass der st\u00e4dtische Baubetriebshof fast drei Stunden damit besch\u00e4ftigt ist, die Rheinpromenade auf H\u00f6he der Franz-Kirrmeier- und Hafenstra\u00dfe, von achtlos weggeworfenem Verpackungsm\u00fcll zu s\u00e4ubern\u201c,  betont Oberb\u00fcrgermeisterin Stefanie Seiler. \u201eDenken Sie \u00fcber m\u00f6gliche Alternativen nach und nehmen Sie, sollte ein M\u00fclleimer schon \u00fcberf\u00fcllt sein, ihren Verpackungsm\u00fcll einfach noch ein St\u00fcck weiter mit. Ein sauberes und gepflegtes Stadtbild haben wir nur,  wenn jede und jeder Einzelne das eigene Verhalten reflektiert\u201c, appelliert die Stadtchefin weiter an die B\u00fcrger*innen.<\/p>\n\n\n\n<p><em>Stadtverwaltung Speyer<\/em><br><em>27.04.2020<\/em><\/p>\n\n\n\n<h2 class=\"wp-block-heading\"><strong>Regelungen der Corona-Bek\u00e4mpfungsverordnung des Landes im Bereich des Sports<\/strong><\/h2>\n\n\n\n<div class=\"wp-block-image\"><figure class=\"aligncenter\"><img decoding=\"async\" loading=\"lazy\" width=\"500\" height=\"500\" src=\"https:\/\/speyer24news.com\/wp-content\/uploads\/2020\/02\/virus-4810549_1920.png\" alt=\"\" class=\"wp-image-25116\" srcset=\"https:\/\/speyer24news.com\/wp-content\/uploads\/2020\/02\/virus-4810549_1920.png 500w, https:\/\/speyer24news.com\/wp-content\/uploads\/2020\/02\/virus-4810549_1920-150x150.png 150w, https:\/\/speyer24news.com\/wp-content\/uploads\/2020\/02\/virus-4810549_1920-300x300.png 300w\" sizes=\"(max-width: 500px) 100vw, 500px\" \/><\/figure><\/div>\n\n\n\n<p>Am 17. April 2020 hat das Land Rheinland-Pfalz die Vierte Corona-Bek\u00e4mpfungsverordnung (4. CoBeLVO) erlassen, die f\u00fcr Individualsport\n im Freien, beispielsweise f\u00fcr Rudern, Segeln, Tennis, Golf, Reiten, Luftsport etc., Lockerungen vorsieht, die die Ausf\u00fchrung der Sportarten erm\u00f6glichen sollen. Das Land stellt die Nutzung der Freiluft-Sportst\u00e4tten allerdings unter den Genehmigungsvorbehalt\n der jeweiligen Tr\u00e4ger der Sportst\u00e4tten. Die Stadtverwaltung Speyer als Tr\u00e4ger bereitet die \u00d6ffnung der Anlagen aktuell intensiv vor und erarbeitet ein Hygienekonzept.<\/p>\n\n\n\n<p>\u201eIch kann den Wunsch der Sportlerinnen und Sportler, die schnellstm\u00f6glich wieder in ihr gewohntes Training einsteigen wollen, sehr gut\n nachvollziehen\u201c, betont Sportdezernentin Monika Kabs. \u201eDer Gesundheitsschutz muss jedoch nach wie vor oberste Priorit\u00e4t haben. Um ein Hygienekonzept zu erarbeiten und dieses auch umsetzen zu k\u00f6nnen, haben wir uns dazu entschlossen, die Sportst\u00e4tten erst Anfang\n Mai zu \u00f6ffnen. Das gibt uns auch die Chance die n\u00e4chste Besprechung zwischen Bund und L\u00e4ndern, die am 30. April 2020 stattfinden soll, abzuwarten\u201c, so die B\u00fcrgermeisterin weiter.\n<\/p>\n\n\n\n<p>Es gilt zu beachten, dass die 4. CoBeLVO ausschlie\u00dflich Lockrungen f\u00fcr Freiluftsportarten vorsieht, nicht jedoch f\u00fcr Hallensport. Auch\n muss zwischen Individualsport und Mannschaftsport differenziert werden. F\u00fcr den Mannschaftssport sieht die Landesverordnung zumindest im Breiten- und Amateursport keine Lockerungen vor. F\u00fcr den Profi- und Spitzensport wurden in der Landesverordnung separate\n Ausnahmen geschaffen. Diese gelten prim\u00e4r f\u00fcr olympische und paraolympische Bundeskaderathlet*innen sowie f\u00fcr Profimannschaften der ersten und zweiten Bundesliga aller Sportarten. Das Vorhandensein eines ersten und zweiten Ligabetriebs alleine bedeute dabei\n nicht, dass die Sportler*innen von den erlassenen Lockerungen Gebrauch machen k\u00f6nnen. Es m\u00fcsse sich auch um eine Mannschaft handeln, welche aus professionellen Sportler*innen \u2013 also solchen, die ihre Sportart tats\u00e4chlich als Beruf aus\u00fcben \u2013 besteht.<\/p>\n\n\n\n<p>Die Stadtverwaltung bittet bei allen Sportler*innen um Verst\u00e4ndnis, dass die Vorbereitung eines Hygienekonzepts Zeit in Anspruch nimmt.\n Nur so kann dem Gesundheitsschutz ausreichend Rechnung getragen und eine geordnete und durchdachte \u00d6ffnung der Sportst\u00e4tten gew\u00e4hrleistet werden.\n<\/p>\n\n\n\n<p><em>Stadtverwaltung Speyer<\/em><br><em>27.04.2020<\/em><\/p>\n\n\n\n<h2 class=\"wp-block-heading\"><strong>Stadtverwaltung \u00f6ffnet schrittweise f\u00fcr den Publikumsverkehr<\/strong><\/h2>\n\n\n\n<p>Die Stadtverwaltung Speyer \u00f6ffnet ihre Dienststellen schrittweise ab Montag, 4. Mai 2020 f\u00fcr den Publikumsverkehr. F\u00fcr die Sicherheit\n der Besucher*innen und Mitarbeiter*innen wird derzeit ein Hygienekonzept erarbeitet.\n<\/p>\n\n\n\n<p>\u201eWir m\u00f6chten nach und nach den gewohnten Service f\u00fcr unsere B\u00fcrgerinnen und B\u00fcrger wiederherstellen, gleichzeitig aber daf\u00fcr sorgen,\n dass sich sowohl unsere Mitarbeiterinnen und Mitarbeiter als auch die Besucherinnen und Besucher in unseren Dienstgeb\u00e4uden gut gesch\u00fctzt f\u00fchlen\u201c, betont Oberb\u00fcrgermeisterin Stefanie Seiler.\n<\/p>\n\n\n\n<p>Mit der Einf\u00fchrung der Maskenpflicht ab Montag, 27. April 2020 im \u00d6ffentlichen Personennahverkehr und beim Einkaufen, wird das Tragen\n einer einfachen Mund-Nasen-Maske auch zur Voraussetzung beim Betreten st\u00e4dtischer Dienstgeb\u00e4ude.\n<\/p>\n\n\n\n<p>Die Stadtverwaltung wird im Laufe der n\u00e4chsten Woche dar\u00fcber informieren, wie der Zugang zu den Dienstgeb\u00e4uden und notwendige Terminvergaben  k\u00fcnftig organisiert werden.<\/p>\n\n\n\n<p><em>Stadtverwaltung Speyer<\/em><br><em>27.04.2020<\/em><\/p>\n\n\n\n<h2 class=\"wp-block-heading\"><strong>Wochenmarkt seit Samstag auf dem Festplatz \u2013 kostenloses Parken f\u00fcr Kund*innen und Beschicker*innen<\/strong><\/h2>\n\n\n\n<div class=\"wp-block-image\"><figure class=\"aligncenter\"><img decoding=\"async\" loading=\"lazy\" width=\"375\" height=\"500\" src=\"https:\/\/speyer24news.com\/wp-content\/uploads\/2020\/04\/DSC08334.jpg\" alt=\"\" class=\"wp-image-26174\" srcset=\"https:\/\/speyer24news.com\/wp-content\/uploads\/2020\/04\/DSC08334.jpg 375w, https:\/\/speyer24news.com\/wp-content\/uploads\/2020\/04\/DSC08334-225x300.jpg 225w\" sizes=\"(max-width: 375px) 100vw, 375px\" \/><\/figure><\/div>\n\n\n\n<p>Aufgrund des beschr\u00e4nkten Platzangebots auf dem K\u00f6nigsplatz findet der Samstagsmarkt seit Samstag, 25. April 2020 auf dem Festplatz  statt. Die Verlegung bis zun\u00e4chst 30. Mai 2020 ist n\u00f6tig, weil nur so gew\u00e4hrleistet werden kann, dass sich die Kund*innen jeweils in 1,5 Meter Abstand zueinander bewegen und diesen Mindestabstand auch in den Warteschlangen einhalten k\u00f6nnen. <\/p>\n\n\n\n<p>Die Stadtverwaltung weist darauf hin, dass Besucher*innen und Beschicker*innen w\u00e4hrend der \u00fcblichen Markzeiten kostenlos auf dem Festplatz\n parken k\u00f6nnen. Diese Regelung gilt, solange der Markt auf dem Festplatz stattfindet.<\/p>\n\n\n\n<p><em>Stadtverwaltung Speyer<\/em><br><em>27.04.2020<\/em><\/p>\n\n\n\n<h2 class=\"wp-block-heading\"><strong>Stadtvorstand fordert Konzept zur \u00d6ffnung von Spielpl\u00e4tzen<\/strong><\/h2>\n\n\n\n<div class=\"wp-block-image\"><figure class=\"aligncenter\"><img decoding=\"async\" loading=\"lazy\" width=\"800\" height=\"600\" src=\"https:\/\/speyer24news.com\/wp-content\/uploads\/2020\/04\/spielende-Kinder.jpg\" alt=\"\" class=\"wp-image-26545\" srcset=\"https:\/\/speyer24news.com\/wp-content\/uploads\/2020\/04\/spielende-Kinder.jpg 800w, https:\/\/speyer24news.com\/wp-content\/uploads\/2020\/04\/spielende-Kinder-300x225.jpg 300w, https:\/\/speyer24news.com\/wp-content\/uploads\/2020\/04\/spielende-Kinder-768x576.jpg 768w, https:\/\/speyer24news.com\/wp-content\/uploads\/2020\/04\/spielende-Kinder-678x509.jpg 678w, https:\/\/speyer24news.com\/wp-content\/uploads\/2020\/04\/spielende-Kinder-326x245.jpg 326w, https:\/\/speyer24news.com\/wp-content\/uploads\/2020\/04\/spielende-Kinder-80x60.jpg 80w\" sizes=\"(max-width: 800px) 100vw, 800px\" \/><\/figure><\/div>\n\n\n\n<p>Oberb\u00fcrgermeisterin Stefanie Seiler und B\u00fcrgermeisterin Monika Kabs fordern seitens der Landesregierung ein Konzept zur alltagstauglichen\n und schrittweisen \u00d6ffnung von Spielpl\u00e4tzen. \u201eEs ist an der Zeit, dass wir die Familien und die Kleinsten in unserer Gesellschaft st\u00e4rker in den Blick nehmen und ihnen allm\u00e4hlich wieder mehr Freir\u00e4ume zum Spielen und f\u00fcr ausreichend Bewegung schaffen. Besonders\n f\u00fcr Familien in kleinen Wohnungen und ohne Garten wird die Situation mehr und mehr zur Belastung. Wir m\u00fcssen hier Perspektiven bieten\u201c, betont Oberb\u00fcrgermeisterin Seiler.\n<\/p>\n\n\n\n<p>Auch B\u00fcrgermeisterin Kabs ist davon \u00fcberzeugt, dass ein solcher Schritt notwendig ist: \u201e\u00dcber die Kleinsten in unserer Gesellschaft wird\n zurzeit einfach verf\u00fcgt. Es ist wichtig zu bedenken, welche physischen und psychischen Folgen die weitgehende Isolation der 14 Millionen Kinder \u2013 darunter fast 4 Millionen Kleinkinder \u2013 in Deutschland hat und welchen Preis wir gesellschaftlich auf Dauer unter\n Umst\u00e4nden daf\u00fcr zahlen m\u00fcssen\u201c. <\/p>\n\n\n\n<p>Der Speyerer Stadtvorstand appelliert daher eindringlich an die Landesregierung, diese Problematik in den Fokus zu r\u00fccken und Familien\n eine Perspektive zu bieten. \u201eDie Kinder sind die kleinen Helden des Alltags. Sie stecken derzeit oft zur\u00fcck und arrangieren sich mit vielen Einschr\u00e4nkungen, obwohl sie teilweise noch gar nicht verstehen, warum diese Ma\u00dfnahmen getroffen werden mussten. Ihnen\n sind wir als Erwachsene und als politische Entscheidungstr\u00e4ger verpflichtet. Es gilt jetzt, unter weiterer Ber\u00fccksichtigung des nach wie vor eminent wichtigen Gesundheitsschutzes, wieder ein St\u00fcck Normalit\u00e4t herzustellen\u201c, sind sich Oberb\u00fcrgermeisterin und\n B\u00fcrgermeisterin einig. Dar\u00fcber hinaus sei Eltern durchaus eine realistische Einsch\u00e4tzung der Situation auf Spielpl\u00e4tzen zuzutrauen: \u201eWir setzen darauf, dass Eltern sich nicht in Gruppen auf Spielpl\u00e4tzen verabreden, gut besuchte Anlagen meiden und darauf achten,\n dass ihre Kinder die geltenden Regeln einhalten\u201c. <\/p>\n\n\n\n<p><em>Stadtverwaltung Speyer<\/em><br><em>27.04.2020<\/em><\/p>\n\n\n\n<h2 class=\"wp-block-heading\"><strong>Stadt informiert \u00fcber sukzessive \u00d6ffnung der Schulen<\/strong><\/h2>\n\n\n\n<p>Das Land Rheinland-Pfalz hat \u00fcber die schrittweise Wiederer\u00f6ffnung der Schulen entschieden. Demnach k\u00f6nnen zun\u00e4chst die Sch\u00fcler*innen\n Abschlussklassen und qualifikationsrelevanten Jahrg\u00e4nge der allgemeinbildenden sowie berufsbildenden Schulen, die im n\u00e4chsten Schuljahr ihre Pr\u00fcfungen ablegen, und die vierte Klasse der Grundschule zur\u00fcck in die Schule. Der Unterricht wird unter besonderen\n Hygiene- und Schutzma\u00dfnahmen stattfinden, insbesondere unter Ber\u00fccksichtigung des Abstandsgebotes durch reduzierte Lerngruppengr\u00f6\u00dfen. Alle Sch\u00fcler*innen werden vom Land mit einer wiederverwendbaren Alltagsmaske und die Stadt als Schultr\u00e4ger\n mit Desinfektionsmittel ausgestattet.&nbsp;F\u00fcr alle anderen \nschulpflichtigen Kinder&nbsp;werden weiterhin Notbetreuungen angeboten und wie bisher\n<strong>alternative Unterrichtsangebote<\/strong> zur Verf\u00fcgung gestellt.\n<\/p>\n\n\n\n<p>\u201eDie sukzessive Wiederer\u00f6ffnung der Schulen stellt uns vor gro\u00dfe Herausforderungen. Auf allen Ebenen wird momentan auf Hochtouren gearbeitet,\n um einen sicheren und geordneten Schulstart zu erm\u00f6glichen\u201c, betont Oberb\u00fcrgermeisterin Stefanie Seiler. \u201eDabei ist ganz klar, dass wir zur weiteren Eind\u00e4mmung der Corona-Pandemie im Zuge der sukzessiven \u00d6ffnung der Schulen auf die Mithilfe und das Verst\u00e4ndnis\n der Sch\u00fclerinnen und Sch\u00fcler angewiesen sind. In diesem Sinne m\u00f6chte ich an alle Kinder und jungen Erwachsenen appellieren: Haltet euch an die Hygiene- und Abstandsregeln, tragt wenn m\u00f6glich eine Mund-Nasen-Maske und sch\u00fctzt damit euch, eure Mitsch\u00fclerinnen\n und Mitsch\u00fcler und eure Familienangeh\u00f6rigen\u201c, so die Stadtchefin weiter.\n<\/p>\n\n\n\n<p>&nbsp;\u201eDie gr\u00f6\u00dfte Planungsherausforderung stellt f\u00fcr uns aktuell der Bereich der Sch\u00fclerbef\u00f6rderung dar, weil es hier besonders schwierig\n sein wird, die Einhaltung des Mindestabstands zu gew\u00e4hrleisten und gleichzeitig die ben\u00f6tigten Kapazit\u00e4ten vorzuhalten\u201c, erg\u00e4nzt B\u00fcrgermeisterin und Schuldezernentin Monika Kabs. Auch sie setzt auf Eigenverantwortung: \u201eIch\n hoffe, dass sich viele Sch\u00fclerinnen und Sch\u00fcler das gute Wetter zu Nutze machen und den Schulweg alleine mit dem Fahrrad zur\u00fccklegen werden.\u201c\n<\/p>\n\n\n\n<p>Konkret bedeutet die schrittweise \u00d6ffnung der Schulen, dass ab dem\n<strong>27. April 2020<\/strong> die Pr\u00fcfungsvorbereitungen bzw. der Unterricht f\u00fcr folgende Klassenstufen beginnt:<\/p>\n\n\n\n<p>\n&#8211;&nbsp;&nbsp;&nbsp;&nbsp;&nbsp;&nbsp;&nbsp;&nbsp;&nbsp;\n12. Jahrgangsstufe der G8-Gymnasien<\/p>\n\n\n\n<p>\n&#8211;&nbsp;&nbsp;&nbsp;&nbsp;&nbsp;&nbsp;&nbsp;&nbsp;&nbsp;\nKollegs und Abendgymnasien<\/p>\n\n\n\n<p>\n&#8211;&nbsp;&nbsp;&nbsp;&nbsp;&nbsp;&nbsp;&nbsp;&nbsp;&nbsp;\n12. Jahrgangsstufe der Realschulen Plus und Fachoberschulen<\/p>\n\n\n\n<p>\n&#8211;&nbsp;&nbsp;&nbsp;&nbsp;&nbsp;&nbsp;&nbsp;&nbsp;&nbsp;\n13. Jahrgangsstufe der Beruflichen Gymnasien<\/p>\n\n\n\n<p>\n&#8211;&nbsp;&nbsp;&nbsp;&nbsp;&nbsp;&nbsp;&nbsp;&nbsp;&nbsp;\nH\u00f6here Berufsfachschulen<\/p>\n\n\n\n<p>\n&#8211;&nbsp;&nbsp;&nbsp;&nbsp;&nbsp;&nbsp;&nbsp;&nbsp;&nbsp;\nBerufsfachschulen II<\/p>\n\n\n\n<p>\n&#8211;&nbsp;&nbsp;&nbsp;&nbsp;&nbsp;&nbsp;&nbsp;&nbsp;&nbsp;\nFachschulen Oberstufe (f\u00fcr die Altenpflege und Altenpflegehilfe gibt es eine gesonderte Regelung)<\/p>\n\n\n\n<p>\n&#8211;&nbsp;&nbsp;&nbsp;&nbsp;&nbsp;&nbsp;&nbsp;&nbsp;&nbsp;\n3. Ausbildungsjahr der Berufsschulen<\/p>\n\n\n\n<p>\n&#8211;&nbsp;&nbsp;&nbsp;&nbsp;&nbsp;&nbsp;&nbsp;&nbsp;&nbsp;\nDreij\u00e4hrige Berufsfachschulen<\/p>\n\n\n\n<p>Am\n<strong>4. Mai 2020<\/strong> beginnt dann der Unterricht f\u00fcr folgende Klassen und Jahrgangsstufen:<\/p>\n\n\n\n<p>\n&#8211;&nbsp;&nbsp;&nbsp;&nbsp;&nbsp;&nbsp;&nbsp;&nbsp;&nbsp;\n4. Klassen der Grundschulen<\/p>\n\n\n\n<p>\n&#8211;&nbsp;&nbsp;&nbsp;&nbsp;&nbsp;&nbsp;&nbsp;&nbsp;&nbsp;\nJahrgangsstufe 11 der Realschulen Plus (Fachoberschulen), Klassenstufen 11 und 10 der Realschulen Plus<\/p>\n\n\n\n<p>\n&#8211;&nbsp;&nbsp;&nbsp;&nbsp;&nbsp;&nbsp;&nbsp;&nbsp;&nbsp;\nJahrgangsstufen 12 und 11 sowie Klassenstufe 10 der G9-Gymnasien<\/p>\n\n\n\n<p>\n&#8211;&nbsp;&nbsp;&nbsp;&nbsp;&nbsp;&nbsp;&nbsp;&nbsp;&nbsp;\nJahrgangsstufen 11 und 10 der G8-Gymnasien<\/p>\n\n\n\n<p>\n&#8211;&nbsp;&nbsp;&nbsp;&nbsp;&nbsp;&nbsp;&nbsp;&nbsp;&nbsp;\nJahrgangsstufen 11 und 10 sowie Klassenstufen 10 und 9 der Integrierten Gesamtschulen<\/p>\n\n\n\n<p>\n&#8211;&nbsp;&nbsp;&nbsp;&nbsp;&nbsp;&nbsp;&nbsp;&nbsp;&nbsp;\nKlassenstufen 10 und 9 der Schulen mit dem F\u00f6rderschwerpunkt Lernen<\/p>\n\n\n\n<p>\n&#8211;&nbsp;&nbsp;&nbsp;&nbsp;&nbsp;&nbsp;&nbsp;&nbsp;&nbsp;\nJahrgangsstufe 12 der Beruflichen Gymnasien<\/p>\n\n\n\n<p>\n&#8211;&nbsp;&nbsp;&nbsp;&nbsp;&nbsp;&nbsp;&nbsp;&nbsp;&nbsp;\nAlle Berufsvorbereitungsjahre und Berufsfachschulen I<\/p>\n\n\n\n<p>Der Pr\u00e4senzunterricht der genannten Klassen- und Jahrgangsstufen soll m\u00f6glichst nach dem bekannten Stundenplan erfolgen \u2013 Anpassungen\n des Stundenplans k\u00f6nnen allerdings n\u00f6tig werden. Um den vorgeschriebenen Abstand von 1,5 Metern einhalten zu k\u00f6nnen, werden die Klassen und Lerngruppen in der Regel aufgeteilt werden m\u00fcssen. Nach derzeitigem Stand sollen die Lerngruppen nicht gr\u00f6\u00dfer als 15\n Sch\u00fcler*innen sein. Der Unterricht findet dann im w\u00f6chentlichen Wechsel zwischen Pr\u00e4senzunterricht in der Schule und p\u00e4dagogischen Angeboten zum Lernen zuhause statt.\n<\/p>\n\n\n\n<p>Dar\u00fcber hinaus sei darauf hingewiesen, dass Lehrkr\u00e4ften und Sch\u00fcler*innen, die selbst oder deren Angeh\u00f6rige des eigenen Haushalts an\n schweren Krankheiten leiden und die damit eine erh\u00f6htes Risiko f\u00fcr einen schweren COVID-19-Krankheitsverlauf haben, empfohlen wird, zuhause zu bleiben. Lehrkr\u00e4fte \u00fcber 60 Jahren k\u00f6nnen auf freiwilliger Basis Unterricht halten.\n<\/p>\n\n\n\n<p>Das Land Rheinland-Pfalz hat einen umfangreichen Hygieneplan f\u00fcr die Schulen in Rheinland-Pfalz erarbeitet, welcher Informationen zur\n pers\u00f6nlichen Hygiene, Raumhygiene, Hygiene im Sanit\u00e4rbereich, zum Infektionsschutz in den Pausen, zur Wegef\u00fchrung, zu Konferenzen und Versammlungen sowie zur Meldepflicht enth\u00e4lt. Diese kann unter\n<a href=\"https:\/\/deref-web-02.de\/mail\/client\/FilwSUow6Wo\/dereferrer\/?redirectUrl=http%3A%2F%2Fwww.speyer.de%2Fhygieneplan_schulen\" target=\"_blank\" rel=\"noreferrer noopener\">www.speyer.de\/hygieneplan_schulen<\/a> abgerufen werden.\n<\/p>\n\n\n\n<p><em>Stadtverwaltung Speyer<br>27.04.2020<\/em><\/p>\n\n\n\n<h2 class=\"wp-block-heading\"><strong>\u201eSpeyer h\u00e4lt zusammen\u201c \u2013 Stadt legt umfangreiches Soforthilfeprogramm auf<\/strong><\/h2>\n\n\n\n<p>Bedingt \ndurch die Corona-Pandemie stehen Wirtschaft und Gesellschaft in unserem Land und weltweit vor einer harten Bew\u00e4hrungsprobe. Das Herunterfahren des \u00f6ffentlichen Lebens in Deutschland bedroht vielfach die wirtschaftliche Existenz von Unternehmen und wirkt sich\n gravierend auf den Arbeitsmarkt sowie das gesellschaftliche und kulturelle Leben aus.<\/p>\n\n\n\n<p>Schon zu Beginn der Krise hat sich die Stadt Speyer ihrer Verantwortung f\u00fcr die B\u00fcrgerinnen und B\u00fcrger sowie die ans\u00e4ssigen Unternehmen aktiv gestellt und fr\u00fchzeitig wichtige Ma\u00dfnahmen\n ergriffen. Nachdem die Stadt k\u00fcrzlich eine Sonderzahlung des Landes Rheinland-Pfalz in H\u00f6he von 1.264.775 Euro zur Unterst\u00fctzung bei der Bew\u00e4ltigung der Corona-Pandemie erhalten hat, hat der Stadtvorstand beschlossen, davon einen Teilbetrag in H\u00f6he von bis\n zu 250.000 Euro in ein neues Soforthilfeprogramm unter dem Titel \u201eSpeyer h\u00e4lt zusammen\u201c zu investieren. Unter Koordination von Oberb\u00fcrgermeisterin Stefanie Seiler sollen die Gelder in Form von st\u00e4dtischen Zusch\u00fcsse an besonders von der Krise betroffene Bereiche\n des \u00f6rtlichen kulturellen, sportlichen und gesellschaftlichen Lebens zielgenau weitergegeben werden.\n<\/p>\n\n\n\n<p>\u201eObwohl EU, Bund und L\u00e4nder in einem beispiellosen Verfahren und mit enormer Geschwindigkeit breit angelegte Hilfspakete auf den Weg gebracht haben, bestehen nach wie vor F\u00f6rderl\u00fccken\u201c, erkl\u00e4rt Oberb\u00fcrgermeisterin\n Stefanie Seiler. \u201eEs ist mir wichtig diese zu schlie\u00dfen und mit dem st\u00e4dtischen Soforthilfepaket insbesondere diejenigen Projekte, Vereine und Initiativen zu unterst\u00fctzen, die in dieser Krisensituation gesellschaftlich enorm wichtige und unterst\u00fctzenswerte\n Arbeit leisten, aber \u00fcber die bisher aufgelegten Programme keine finanzielle Unterst\u00fctzung erhalten k\u00f6nnen\u201c, f\u00fchrt die Stadtchefin weiter aus.\n<\/p>\n\n\n\n<p>Der Stadtrat wird in seiner Sitzung am Donnerstag, 23. April 2020 \u00fcber das Hilfsprogramm entscheiden. Dessen Zustimmung vorausgesetzt werden anschlie\u00dfend zeitnah wichtige Details festgelegt und Formulare erarbeitet,\n um eine unkomplizierte Online-Antragsstellung zu erm\u00f6glichen. <\/p>\n\n\n\n<p>Folgende Bereiche sollen insbesondere \u00fcber das st\u00e4dtische Hilfsprogramm gef\u00f6rdert werden:<\/p>\n\n\n\n<p>\u2022 gemeinn\u00fctzige ehrenamtliche Initiativen, die sich stadtweit f\u00fcr Hol-, Bring- oder Lieferdienste f\u00fcr besonders von der Pandemie betroffene\n Menschen engagieren<\/p>\n\n\n\n<p>(pauschal je 1.250 Euro) sowie<\/p>\n\n\n\n<p>\u2022 ehrenamtliche Vereine aus dem Bereich des Sports, der Kultur oder dem Sozialen, die insbesondere durch neue, nicht-kommerzielle Angebote\n ihr bisheriges Angebot im Gebiet der Stadt Speyer ver\u00e4ndert anbieten und einen Beitrag zur Bew\u00e4ltigung der Krise leisten. F\u00fcr beide Ma\u00dfnahmen stehen insgesamt 35.000 Euro zur Verf\u00fcgung.<\/p>\n\n\n\n<p>\u2022 Organisationen wie DRK, DLRG und andere, die im Rahmen des Zivil- und Bev\u00f6lkerungsschutzes auf dem Gebiet der Stadt Speyer umfangreiches\n Material und ehrenamtliche Helfer*innen vorhalten, zur Verbesserung der Ausr\u00fcstung pauschal je 5.000 Euro. Den gleichen Betrag erh\u00e4lt die Freiwillige Feuerwehr Speyer. Maximal werden 25.000 Euro bereitgestellt.<\/p>\n\n\n\n<p>\u2022 F\u00fcr die SEG (Schnelleinsatztruppe) der Stadt Speyer, das Praxisnetz Vorderpfalz (PRAVO) sowie weiteren Hilfsorganisationen, die zentral\n an der Pandemiebek\u00e4mpfung mitwirken stehen 10.000 Euro zur Verf\u00fcgung.<\/p>\n\n\n\n<p>\u2022 Ausweitung des Sommer-Ferienbetreuungsangebotes der Stadt, um mehr Kindern eine p\u00e4dagogische Betreuung zu erm\u00f6glichen, sofern der\n Zeitpunkt dies aus Sicht des Infektionsschutzes zul\u00e4sst, in H\u00f6he von 10.000 Euro. Alternativ f\u00fcr sonstige p\u00e4dagogische Zusatzangebote der Jugendf\u00f6rderung.<\/p>\n\n\n\n<p>\u2022 F\u00fcr Organisationen und freie Tr\u00e4ger im Handlungsfeld h\u00e4usliche Gewalt, die durch die professionelle Beratungst\u00e4tigkeit in Zeiten der\n Krise besonders gefordert sind oder sonstige Hilfsangebote f\u00fcr Familien in H\u00f6he von insgesamt 50.000 Euro.<\/p>\n\n\n\n<p>\u2022 F\u00fcr Vereine und Initiativen in der freien Kulturszene, die ihren Wirkungskreis in Speyer haben und nicht bereits \u00fcber sonstige Soforthilfeprogramme\n bezuschusst werden und durch die Corona-Krise betroffen sind, in H\u00f6he von 50.000 Euro. Dar\u00fcber hinaus hat die Stadt die Kampagne \u201eSpeyer.Kultur.Support\u201c erarbeitet, ein Soforthilfeprogramm f\u00fcr Solo-Selbstst\u00e4ndige im Kulturbereich.<\/p>\n\n\n\n<p>\u2022 Digitale und sonstige geeignete ehrenamtliche Ersatzprojekte in den Bereichen Kultur, Sport und Medientechnik k\u00f6nnen auf Antrag gef\u00f6rdert\n werden. Hierf\u00fcr werden 20.000 Euro bereitgestellt.<\/p>\n\n\n\n<p>\u2022 Stadtmarketing Speyer zur Belebung und F\u00f6rderung des Handels (beispielsweise Fortentwicklung des Stadtmarkenprozesses, Weihnachtsaktionen,\n Werbeaktionen oder \u00e4hnliches) in H\u00f6he von 25.000 Euro.<\/p>\n\n\n\n<p>\u2022 Zur F\u00f6rderung und Belebung des Handels sowie des \u00f6ffentlichen Lebens werden f\u00fcr Inhabergef\u00fchrte Gesch\u00e4fte, Start-ups sowie ortsans\u00e4ssige\n Schausteller*innen 50.000 Euro bereitgestellt.<\/p>\n\n\n\n<p>\u2022 Sonstige nicht vorhergesehene H\u00e4rtef\u00e4lle in H\u00f6he von 20.000 Euro nach Einzelfallpr\u00fcfung.<\/p>\n\n\n\n<p>Dar\u00fcber hinaus wird die Verwaltung erg\u00e4nzend zu Spenden aufrufen, um das Hilfsprogramm auf Grundlage der Gemeinn\u00fctzigkeit m\u00f6glichst\n in seiner Wirkung noch zu verst\u00e4rken. <\/p>\n\n\n\n<p>Sobald Details und Antragsm\u00f6glichkeiten zur Verf\u00fcgung stehen, wird die Stadtverwaltung die \u00d6ffentlichkeit dar\u00fcber in Kenntnis setzen\n und die Informationen auf <a href=\"https:\/\/deref-web-02.de\/mail\/client\/VX_rnXDx1lU\/dereferrer\/?redirectUrl=http%3A%2F%2Fwww.speyer.de\" target=\"_blank\" rel=\"noreferrer noopener\">www.speyer.de<\/a> zur Verf\u00fcgung stellen.<\/p>\n\n\n\n<p><em>Stadtverwaltung Speyer<br>27.04.2020<\/em><\/p>\n\n\n\n<h2 class=\"wp-block-heading\"><strong>Stadt ruft zum Tragen von Mund-Nase-Masken auf \u2013 Dank an Spender*innen aus Speyer und Fernost<\/strong><\/h2>\n\n\n\n<div class=\"wp-block-image\"><figure class=\"aligncenter\"><img decoding=\"async\" loading=\"lazy\" width=\"500\" height=\"500\" src=\"https:\/\/speyer24news.com\/wp-content\/uploads\/2020\/04\/Image.jpg\" alt=\"\" class=\"wp-image-26544\" srcset=\"https:\/\/speyer24news.com\/wp-content\/uploads\/2020\/04\/Image.jpg 500w, https:\/\/speyer24news.com\/wp-content\/uploads\/2020\/04\/Image-150x150.jpg 150w, https:\/\/speyer24news.com\/wp-content\/uploads\/2020\/04\/Image-300x300.jpg 300w\" sizes=\"(max-width: 500px) 100vw, 500px\" \/><figcaption>v.l.: Oberb\u00fcrgermeisterin Stefanie Seiler und Stadtfeuerwehrinspekteur Peter Eymann pr\u00e4sentieren die Masken<\/figcaption><\/figure><\/div>\n\n\n\n<p>Die Stadt Speyer ruft alle B\u00fcrger*innen dazu auf, \u00fcberall dort, wo der Mindestabstand von 1,5 Meter nicht eingehalten werden kann, Mund-Nase-\n oder Behelfsmasken zu tragen. Dies ist besonders beim Einkauf im Lebensmittelmarkt, im Einzelhandel und auf dem Wochenmarkt, sowie im \u00d6PNV der Fall. \u201eSelbstgen\u00e4hte Mund-Nase-Masken sind eine gute Erg\u00e4nzung zu den nach wie vor unabdingbaren Hygienema\u00dfnahmen\n und Abstandsregelungen, besonders dann, wenn etwa im Supermarkt eine gro\u00dfe Anzahl an Personen zusammenkommt. Durch das Tragen sch\u00fctze ich meine Umgebung vor einer m\u00f6glichen unentdeckten Ansteckung mit dem neuartigen Coronavirus und zeige damit, dass ich f\u00fcr\n meine Umgebung Sorge trage\u201c, so die Stadtchefin. Zertifizierte Schutzmasken sollten hingegen nach wie vor den Menschen vorbehalten werden, die im medizinischen Bereich t\u00e4tig sind und diese dringend ben\u00f6tigen.<\/p>\n\n\n\n<p>Dem Aufruf der Stadtverwaltung zum Spenden von Mundschutz und zum N\u00e4hen von Mund-Nasen-Masken Anfang April folgten viele Speyer*innen,\n aber auch ehemalige G\u00e4ste der Stadt aus der Provinz Guandong,&nbsp;und spendeten bis heute 250 selbstgen\u00e4hte Masken, 1.400 Schutzmasken aus Asien und 50 Meter Stoff zur Herstellung von Masken. \u201eDie Resonanz und die Solidarit\u00e4t innerhalb der Bev\u00f6lkerung ist gro\u00df\n und dar\u00fcber freue ich mich sehr\u201c, erkl\u00e4rt auch Oberb\u00fcrgermeisterin Stefanie Seiler, die zusammen mit dem designierten Stadtfeuerwehrinspekteur Peter Eymann die 400 Masken aus der Provinz Guandong und 1.000 Masken des vietnamesischen Restaurants Loixua aus\n Speyer freudig entgegen nahm. Die Schutzmasken aus China sind ein Geschenk von hohen Beamt*innen aus Guandong, die im Jahr 2018 im Rahmen einer vierw\u00f6chigen Weiterbildung an der Deutsche Universit\u00e4t f\u00fcr Verwaltungswissenschaften in Speyer waren und mit der\n Spende ihre Dankbarkeit f\u00fcr die damalige Gastfreundschaft zum Ausdruck bringen. \n<\/p>\n\n\n\n<p>Die Verteilung der insgesamt 1.650 Masken erfolgt \u00fcber die Stadt an ausgew\u00e4hlte Institutionen sowie an die Feuerwehr Speyer, das Abstrichzentrum\n und die Corona-Ambulanz. Weiterhin hat die Stadt 1.500 selbstgen\u00e4hte Mund-Nasen-Masken in Auftrag gegeben, um damit die Erstversorgung der Mitarbeiter*innen der Verwaltung und weiterer st\u00e4dtischer Unternehmen sicher zu stellen. Die ortsans\u00e4ssigen Schneidereien\n freuen sich auch \u00fcber weitere Auftr\u00e4ge aus der Privatwirtschaft und von Speyerer B\u00fcrger*innen. Eine \u00dcbersichtsliste mit allen Speyerer Schneidereien, die selbstgen\u00e4hte Masken anbieten und verkaufen, gibt es auf\n<a href=\"https:\/\/deref-web-02.de\/mail\/client\/wIHZ8JLTm_0\/dereferrer\/?redirectUrl=http%3A%2F%2Fwww.speyer.de%2Fverkaufsstellen_masken\" target=\"_blank\" rel=\"noreferrer noopener\">www.speyer.de\/verkaufsstellen_masken<\/a>.\n<\/p>\n\n\n\n<p>Auch alle (Hobby-)N\u00e4her*innen sind nach wie vor aufgefordert, Mund-Nasen-Masken aus Baumwolle anzufertigen, f\u00fcr sich selbst, f\u00fcr Familienangeh\u00f6rige\n oder Freunde. Das Sankt Vincentius Krankenhaus Speyer hat eine N\u00e4hanleitung und Hygieneregeln f\u00fcr den korrekten und sicheren Gebrauch von Mund-Nasen-Schutzmasken erarbeitet. Das Dokument kann unter\n<a href=\"https:\/\/deref-web-02.de\/mail\/client\/zY1tIHM_FnU\/dereferrer\/?redirectUrl=http%3A%2F%2Fwww.speyer.de%2Fschutzmaske\" target=\"_blank\" rel=\"noreferrer noopener\">www.speyer.de\/schutzmaske<\/a> heruntergeladen und ausgedruckt werden. &nbsp;<\/p>\n\n\n\n<p>\u201eWenn wir alle einfache Masken tragen und gleichzeitig drauf achten, Abstand zu halten und regelm\u00e4\u00dfig unsere H\u00e4nde waschen, k\u00f6nnen wir\n uns gegenseitig sch\u00fctzen und einen aktiven Beitrag zur Eind\u00e4mmung des Coronavirus leisten\u201c, so Oberb\u00fcrgermeisterin Stefanie Seiler, die gerade auch mit Blick auf die Lockerungen im Einzelhandel dringend zum Tragen von Masken aufruft.\n<\/p>\n\n\n\n<p><em>Stadtverwaltung Speyer<br>27.04.2020<\/em><\/p>\n\n\n\n<h1 class=\"wp-block-heading\" style=\"text-align:center\">Verkehrsnotizen<\/h1>\n\n\n\n<div class=\"wp-block-image\"><figure class=\"aligncenter\"><img decoding=\"async\" loading=\"lazy\" width=\"800\" height=\"565\" src=\"https:\/\/speyer24news.com\/wp-content\/uploads\/2020\/01\/Baustelle-2.jpg\" alt=\"\" class=\"wp-image-23900\" srcset=\"https:\/\/speyer24news.com\/wp-content\/uploads\/2020\/01\/Baustelle-2.jpg 800w, https:\/\/speyer24news.com\/wp-content\/uploads\/2020\/01\/Baustelle-2-300x212.jpg 300w, https:\/\/speyer24news.com\/wp-content\/uploads\/2020\/01\/Baustelle-2-768x542.jpg 768w\" sizes=\"(max-width: 800px) 100vw, 800px\" \/><\/figure><\/div>\n\n\n\n<h2 class=\"wp-block-heading\"><strong>Kapuzinergasse gesperrt<\/strong><\/h2>\n\n\n\n<p>Aufgrund einer Kranstellung wird die Kapuzinergasse auf H\u00f6he der Nummer 19 <strong>vom 04.05.2020 bis voraussichtlich 31.05.2020<\/strong> f\u00fcr den Individualverkehr  voll gesperrt. <\/p>\n\n\n\n<p>F\u00fcr R\u00fcckfragen steht die Stra\u00dfenverkehrsbeh\u00f6rde unter den Telefonnummern 14-2492, 14-2739 und 14-2682 zur Verf\u00fcgung.<\/p>\n\n\n\n<p><em>Stadtverwaltung Speyer<\/em><br><em>27.04.2020<\/em><\/p>\n\n\n\n<h2 class=\"wp-block-heading\"><strong>Albert-Einstein-Stra\u00dfe gesperrt<\/strong><\/h2>\n\n\n\n<div class=\"wp-block-image\"><figure class=\"aligncenter\"><img decoding=\"async\" src=\"https:\/\/speyer24news.com\/wp-content\/uploads\/2020\/01\/Vollsperrung.jpg\" alt=\"\" class=\"wp-image-23970\"\/><\/figure><\/div>\n\n\n\n<p>Wegen Verbauarbeiten wird die Albert-Einstein-Stra\u00dfe auf H\u00f6he der Hausnummer 1 A bis 2 <strong>ab 04.05.2020 bis voraussichtlich 09.05.2020<\/strong>  f\u00fcr den Durchgangsverkehr gesperrt. Die Stra\u00dfe wird beidseitig als Sackgasse ausgewiesen. Eine Umleitung wird eingerichtet.<\/p>\n\n\n\n<p>F\u00fcr R\u00fcckfragen steht die Stra\u00dfenverkehrsbeh\u00f6rde unter den Rufnummern 14-2739, 14-2682\u00a0 oder 14-2492 zur Verf\u00fcgung.<\/p>\n\n\n\n<p><em>Stadtverwaltung Speyer<\/em><br><em>27.04.2020<\/em><\/p>\n","protected":false},"excerpt":{"rendered":"<div class=\"mh-excerpt\"><p>Stadtnotizen Coronafallzahlen aus Speyer Anzahl best\u00e4tigter F\u00e4lle von Coronavirus (SARS-CoV-2)-Infektionen in der Stadt Speyer: 65 Davon bereits genesen: 39 Personen in Quarant\u00e4ne: 56 Stand: 24.04.2020, 13:00 Uhr Stadtverwaltung Speyer27.04.2020 Konkretisierung zur Verordnung zur Maskenpflicht des <a class=\"mh-excerpt-more\" href=\"https:\/\/speyer24news.com\/?p=26543\" title=\"Stadtnotizen &#038; Verkehrsnotizen aus Speyer\">[&#8230;]<\/a><\/p>\n<\/div>","protected":false},"author":3,"featured_media":23902,"comment_status":"open","ping_status":"open","sticky":false,"template":"","format":"standard","meta":{"_monsterinsights_skip_tracking":false,"_monsterinsights_sitenote_active":false,"_monsterinsights_sitenote_note":"","_monsterinsights_sitenote_category":0,"footnotes":""},"categories":[47],"tags":[5500,6359,6429,6358,6342,6567,6551,6549,6565,6566,6,6564,4901,6563,46],"aioseo_notices":[],"amp_enabled":true,"_links":{"self":[{"href":"https:\/\/speyer24news.com\/index.php?rest_route=\/wp\/v2\/posts\/26543"}],"collection":[{"href":"https:\/\/speyer24news.com\/index.php?rest_route=\/wp\/v2\/posts"}],"about":[{"href":"https:\/\/speyer24news.com\/index.php?rest_route=\/wp\/v2\/types\/post"}],"author":[{"embeddable":true,"href":"https:\/\/speyer24news.com\/index.php?rest_route=\/wp\/v2\/users\/3"}],"replies":[{"embeddable":true,"href":"https:\/\/speyer24news.com\/index.php?rest_route=%2Fwp%2Fv2%2Fcomments&post=26543"}],"version-history":[{"count":1,"href":"https:\/\/speyer24news.com\/index.php?rest_route=\/wp\/v2\/posts\/26543\/revisions"}],"predecessor-version":[{"id":26546,"href":"https:\/\/speyer24news.com\/index.php?rest_route=\/wp\/v2\/posts\/26543\/revisions\/26546"}],"wp:featuredmedia":[{"embeddable":true,"href":"https:\/\/speyer24news.com\/index.php?rest_route=\/wp\/v2\/media\/23902"}],"wp:attachment":[{"href":"https:\/\/speyer24news.com\/index.php?rest_route=%2Fwp%2Fv2%2Fmedia&parent=26543"}],"wp:term":[{"taxonomy":"category","embeddable":true,"href":"https:\/\/speyer24news.com\/index.php?rest_route=%2Fwp%2Fv2%2Fcategories&post=26543"},{"taxonomy":"post_tag","embeddable":true,"href":"https:\/\/speyer24news.com\/index.php?rest_route=%2Fwp%2Fv2%2Ftags&post=26543"}],"curies":[{"name":"wp","href":"https:\/\/api.w.org\/{rel}","templated":true}]}}