{"id":26548,"date":"2020-04-28T07:51:51","date_gmt":"2020-04-28T06:51:51","guid":{"rendered":"https:\/\/speyer24news.com\/?p=26548"},"modified":"2020-04-28T07:51:53","modified_gmt":"2020-04-28T06:51:53","slug":"polizei-239","status":"publish","type":"post","link":"https:\/\/speyer24news.com\/?p=26548","title":{"rendered":"Polizei"},"content":{"rendered":"<style type=\"text\/css\">\r\n\t.ads_top_disp{}\r\n\t.ads_top_corner_disp{ float:left; margin:0px 10px 10px 0px; }\r\n\t.ads_first_p_disp{}\r\n\t.ads_bottom_disp{}\r\n\t<\/style>\n<h2 class=\"wp-block-heading\">Polizeimeldungen vom Montag (27.04.2020)<\/h2>\n\n\n\n<div class=\"wp-block-image\"><figure class=\"aligncenter\"><img decoding=\"async\" src=\"https:\/\/speyer24news.com\/wp-content\/uploads\/2020\/01\/Aktuelles-Polizeilogo.jpg\" alt=\"\" class=\"wp-image-23832\"\/><\/figure><\/div>\n\n\n\n<h4 class=\"wp-block-heading\">(Speyer) &#8211; Mit 1,92 Promille Unfall verursacht<\/h4>\n\n\n\n<p>Zu einem Verkehrsunfall mit insgesamt ca. 7500 EUR Sachschaden, kam es am Sonntagnachmittag, als ein 30-j\u00e4hriger Renault-Fahrer von der Gilgenstra\u00dfe nach links in die M\u00fchlturmstra\u00dfe einbog. Die Ampel zeigte zwar gr\u00fcnes Licht f\u00fcr den Mann, er \u00fcbersah jedoch den entgegenkommenden und vorfahrtsberechtigten VW einer 60-J\u00e4hrigen. Bei der Unfallaufnahme stellten die Beamten bei dem 30-J\u00e4hrigen Alkoholgeruch fest. Ein Alkoholtest best\u00e4tigte den Verdacht. Der Unfallverursacher hatte 1,92 Promille. Sein F\u00fchrerschein wurde beschlagnahmt und ein Strafverfahren eingeleitet <\/p>\n\n\n\n<h4 class=\"wp-block-heading\">(Speyer) &#8211; Radfahrer leicht verletzt<\/h4>\n\n\n\n<p>Am Sonntagvormittag befuhren zwei Radfahrer den Radweg der Franz-Kirrmeier-Stra\u00dfe in entgegengesetzte Richtungen. Als der 44-J\u00e4hrige dem 43-j\u00e4hrigen Radfahrer ausweichen wollte, fuhr er gegen die ca. 2 cm hohe bauliche Trennung zwischen Rad &#8211; und Fu\u00dfg\u00e4ngerweg. Der Mann kam zu Sturz und besch\u00e4digte hierdurch einen parkendenden PKW. Da sich der Radfahrer zudem leichte Verletzungen zuzog, wurde er von einem Rettungswagen in ein Krankenhaus verbracht. <\/p>\n\n\n\n<h4 class=\"wp-block-heading\">(B\u00f6hl-Iggelheim) &#8211; Brand in Carport verursacht hohen Sachschaden<\/h4>\n\n\n\n<p>Am Samstagnachmittag kam es in der Feldwiesenstra\u00dfe zu einem Brand in einem Carport, bei dem zwei Pkw und ein Motorrad vollst\u00e4ndig ausbrannten. Au\u00dferdem sind ein drittes Fahrzeug sowie Fahrr\u00e4der und mehrere Ger\u00e4tschaften stark besch\u00e4digt worden. Teilweise entstanden auch Sch\u00e4den an der angrenzenden Garage und den angrenzenden Wohnh\u00e4usern. Die Gesamtschadenssumme bel\u00e4uft sich ersten Sch\u00e4tzungen zufolge auf mehrere 10.000 Euro. Ausl\u00f6ser des Brands war ein mit nach dem Grillen \u00fcbrig gebliebener Asche gef\u00fcllter Eimer, den der Anwohner (53 Jahre) im Carport abgestellt hatte. Er und seine Frau (50 Jahre) sind durch einen Knall auf das Feuer aufmerksam geworden. Die Frau hatte noch versucht das Feuer einzud\u00e4mmen. Sie musste anschlie\u00dfend mit Verdacht auf eine Rauchgasintoxikation ins Krankenhaus gebracht werden. Zu weiteren Personensch\u00e4den kam es nicht. Der Feuerwehr gelang es, den Brand zu l\u00f6schen und ein \u00dcbergreifen auf die Wohnh\u00e4user zu verhindern. Wegen der weithin sichtbaren Rauchs\u00e4ule wurden viele Menschen auf den Brand aufmerksam. Die Polizei ermittelt nun wegen fahrl\u00e4ssiger Brandstiftung. <\/p>\n\n\n\n<h4 class=\"wp-block-heading\">(Otterstadt) &#8211; Nahrungsmittel aus Wohnmobil gestohlen<\/h4>\n\n\n\n<p>In der Nacht von Sonntag auf Montag bemerkte ein 36-J\u00e4hriger Camper auf einem Otterstadter Campingplatz eine fremde Person im aktuell leerstehenden &#8222;Nachbar-Wohnmobil&#8220;. Der Eindringling, welcher sich gewaltsam Zutritt zum Wohnmobil verschaffte, entwendete Nahrungsmittel und fl\u00fcchtete im Anschluss zu Fu\u00df in unbekannte Richtung. Der Wert des Diebesgutes steht bislang noch nicht fest. <\/p>\n\n\n\n<h4 class=\"wp-block-heading\">(Dudenhofen) &#8211; T\u00e4ter nach Einbruch geschnappt<\/h4>\n\n\n\n<p>Ein aufmerksamer Spazierg\u00e4nger beobachtete am sp\u00e4ten Sonntagabend mehrere Personen, die sich mit Taschenlampen auf dem Gel\u00e4nde einer \u00f6ffentlichen Gemeindeeinrichtung in der Jahnstra\u00dfe in Dudenhofen aufhielten. Die eintreffenden Polizisten stellten vor Ort zwei Personen fest, welche \u00fcber einen Zaun fl\u00fcchteten. In Zusammenarbeit mit dem eingesetzten Polizeihubschrauber konnten die Beamten die beiden 31 und 33 Jahre alten Einbrecher letztlich festnehmen. Zu einem Diebstahl ist es nicht gekommen. <\/p>\n\n\n\n<h4 class=\"wp-block-heading\">(Germersheim) &#8211; Brand eines Gartens<\/h4>\n\n\n\n<p>Am 26.04.2020 gegen 22:30h wurde ein Brand in der Donnersgasse in Germersheim gemeldet. Es wurde festgestellt, dass ein dicht bewachsener Garten lichterloh brannte. Die freiwillige Feuerwehr konnte ein \u00dcbergreifen auf die Wohnh\u00e4user verhindern und das Feuer schnell l\u00f6schen. Zur Brandursache k\u00f6nnen derzeit noch keine Angaben gemacht werden. Der Sachschaden ist noch nicht bezifferbar. Die Kriminalpolizei hat die Ermittlungen aufgenommen. <\/p>\n\n\n\n<h4 class=\"wp-block-heading\">(Bad Bergzabern) &#8211; T\u00f6tungsdelikt<\/h4>\n\n\n\n<figure class=\"wp-block-image\"><img decoding=\"async\" loading=\"lazy\" width=\"800\" height=\"533\" src=\"https:\/\/speyer24news.com\/wp-content\/uploads\/2020\/03\/candle-2905395_1920.jpg\" alt=\"\" class=\"wp-image-25905\" srcset=\"https:\/\/speyer24news.com\/wp-content\/uploads\/2020\/03\/candle-2905395_1920.jpg 800w, https:\/\/speyer24news.com\/wp-content\/uploads\/2020\/03\/candle-2905395_1920-300x200.jpg 300w, https:\/\/speyer24news.com\/wp-content\/uploads\/2020\/03\/candle-2905395_1920-768x512.jpg 768w\" sizes=\"(max-width: 800px) 100vw, 800px\" \/><\/figure>\n\n\n\n<p>Am Samstag, den 25.04.2020, gegen 16 Uhr, befand sich ein 39-J\u00e4hriger aus Gambia auf dem Balkon einer Mehrfamilienunterkunft in Bad Bergzabern. Er unterhielt sich dort mit Bewohnern, als ein 19-j\u00e4hriger weiterer Bewohner aus Somalia hinzukam und auf den 39-J\u00e4hrigen einstach. Der 39-J\u00e4hrige versuchte sich gegen den Angriff zu wehren. Dabei st\u00fcrzten beide M\u00e4nner vom Balkon im 1.OG auf die darunter befindliche Terrasse. Beim Eintreffen der Polizei stand der 19-J\u00e4hrige mit einer abgebrochenen Flasche vor den Beamten. Er reagierte auf Ansprache nicht, weshalb das Distanzelektroimpulsger\u00e4t eingesetzt werden musste. Im Anschluss konnte der Tatverd\u00e4chtige widerstandslos festgenommen werden. <\/p>\n\n\n\n<p>Bei dem 39-J\u00e4hrigen konnte durch den hinzugerufenen Notarzt nur noch der Tod festgestellt werden. <\/p>\n\n\n\n<p>Gestern hat der Haftrichter des Amtsgerichts Landau auf Antrag der Staatsanwaltschaft gegen den Tatverd\u00e4chtigen Untersuchungshaftbefehl wegen des dringenden Verdachts des Mordes erlassen. Weiterhin wurde gestern die Obduktion des Leichnams des 39-J\u00e4hrigen durchgef\u00fchrt. Nach deren vorl\u00e4ufigen Ergebnis f\u00fchrten mehrere Stichverletzungen zum Tod des Mannes. Die Ermittlungen zum konkreten Ablauf, den Hintergr\u00fcnden der Tat sowie zum Motiv dauern an. <\/p>\n\n\n\n<h4 class=\"wp-block-heading\">(Edenkoben) &#8211; Trunkenheitsfahrt, Fahren ohne Fahrerlaubnis<\/h4>\n\n\n\n<p>Am 26.04.2020 gegen 20:55 Uhr wurde der Fahrer eines BMW auf der L514 zwischen Edenkoben und St. Martin einer Verkehrskontrolle unterzogen. Im Rahmen der Kontrolle stellte sich heraus, dass der 29-j\u00e4hrige nicht im Besitz einer Fahrerlaubnis ist. Da Alkoholgeruch wahrzunehmen war, wurde ein Atemalkoholtest durchgef\u00fchrt, welcher einen Wert von 1,17 Promille ergab. Dem jungen Mann wurde eine Blutprobe entnommen und ein Strafverfahren wegen Trunkenheit im Verkehr und Fahrens ohne Fahrerlaubnis eingeleitet. Da der Fahrzeughalter ebenfalls alkoholisiert war, blieb der Fahrzeugschl\u00fcssel \u00fcber Nacht in amtlicher Verwahrung. Weil der Fahrer des BMW \u00fcber keinen festen Wohnsitz in der Bundesrepublik Deutschland verf\u00fcgt, wurde eine Sicherheitsleistung in H\u00f6he von 400 Euro einbehalten. Eine Sicherheitsleistung hat hierbei den Zweck, den staatlichen Strafverfolgungs- und Strafvollstreckungsanspruch bei ausl\u00e4ndischen B\u00fcrgern zu sichern. <\/p>\n\n\n\n<h4 class=\"wp-block-heading\">(Elmstein \/ L 504) &#8211; Motorradfahrer bei Unfall leicht verletzt<\/h4>\n\n\n\n<p>Bei einem Verkehrsunfall am 26.04.2020 gegen 16:00 Uhr auf der L504 zwischen Waldleiningen und Elmstein erlitt ein Motorradfahrer Schnittwunden an linkem Arm und Bein. Ein 56-j\u00e4hriger Pkw-Fahrer befuhr die L504 in Richtung Elmstein und musste aufgrund der Stra\u00dfenenge und eines entgegenkommenden Fahrzeugs die Geschwindigkeit drosseln. Ein 49-j\u00e4hriger Motorradfahrer der hinter dem 56-J\u00e4hrigen fuhr, hielt scheinbar zu geringen Abstand und konnte nicht mehr rechtzeitig bremsen. Er versuchte zwischen dem vor ihm fahrenden Pkw und dem entgegenkommenden Pkw hindurchzufahren. Hierbei prallte der Motorradfahrer seitlich gegen den entgegenkommenden Pkw und zog sich die Verletzungen zu. Er wurde vor Ort \u00e4rztlich versorgt, verzichtete jedoch auf den Transport in ein Krankenhaus. Das Motorrad  war nicht mehr fahrbereit. An den beiden beteiligten Pkw entstand leichter Sachschaden. Der Gesamtsachschaden wird mit ca. 3000 Euro angegeben. <\/p>\n\n\n\n<h4 class=\"wp-block-heading\">(Wachenheim) &#8211; Sachbesch\u00e4digung an Pkw<\/h4>\n\n\n\n<p>Im Zeitraum vom 25.04.2020, 13:00 Uhr, bis 26.04.2020, 10:30 Uhr, besch\u00e4digte ein bis dato unbekannter T\u00e4ter den linken Au\u00dfenspiegel eines Ford Grand C-MAX, welcher ordnungsgem\u00e4\u00df am rechten Fahrbahnrand im Bornweg in Wachenheim a.d.Weinstr. abgestellt war. Aufgrund des Schadensbildes und der Spurenlage, d\u00fcrfte der Au\u00dfenspiegel mit der Faust oder dem Arm des T\u00e4ters abgeschlagen worden sein. Da ein Anwohner am 26.04.2020 zwischen 00:00 Uhr &#8211; 00:30 Uhr einen Knall vernehmen konnte, besteht der Verdacht, dass sich hier die Tat ereignet haben k\u00f6nnte. <\/p>\n\n\n\n<p>Hinweise bitte an die Polizeiinspektion Bad D\u00fcrkheim, Tel. 06322\/963-0, oder <a href=\"mailto:pibadduerkheim@polizei.rlp.de\">pibadduerkheim@polizei.rlp.de<\/a><\/p>\n\n\n\n<h4 class=\"wp-block-heading\">(Zw. H\u00f6ningen und Parkplatz Lindemannsruh) &#8211; Waldbrand<\/h4>\n\n\n\n<p>Am 27.04.2020 gegen 16:00 Uhr wurde die Polizeiinspektion Bad D\u00fcrkheim von der Integrierten Leitstelle Ludwigshafen \u00fcber eine Rauchentwicklung im Waldgebiet zwischen H\u00f6ningen und dem Parkplatz Lindemannsruhe in Kenntnis gesetzt. Wie sich im Anschluss herausstellte, handelte es sich um einen Fl\u00e4chenbrand, der sich auf einer Fl\u00e4che von ca. einem Hektar Waldgebiet erstreckte. Der Brand konnte durch die Feuerwehr gel\u00f6scht werden. Vor Ort konnten keine Hinweise f\u00fcr eine fahrl\u00e4ssige oder vors\u00e4tzliche Verursachung des Brandes gewonnen werden. M\u00f6glicherweise k\u00f6nnte aufgrund der aktuell herrschenden Trockenheit die Sonnenreflektion bei einer alten Bierflasche urs\u00e4chlich f\u00fcr die Brandentstehung gewesen sein. Die Schadensh\u00f6he wird auf ca. 10000 &#8211; 20000 EUR gesch\u00e4tzt. Personen kamen nicht zu Schaden. Die K 31, bei welcher es sich um die Verbindungsstrecke zwischen H\u00f6ningen und dem Parkplatz Lindemannsruhe handelt, musste f\u00fcr die Dauer der L\u00f6scharbeiten f\u00fcr ca. drei Stunden voll gesperrt werden. Es waren insgesamt 120 Feuerwehrm\u00e4nner mehrerer umliegender Wehren im Einsatz. <\/p>\n\n\n\n<h4 class=\"wp-block-heading\">(Frankenthal) &#8211; Sachbesch\u00e4digung an Stra\u00dfenschild und Laterne<\/h4>\n\n\n\n<p>Vermutlich im Zeitraum vom 25.04.2020, 16:00 Uhr bis zum 26.04.2020, 09:00 Uhr, wurde bei den M\u00fcllcontainern vor dem Wohnanwesen Albrecht-D\u00fcrer-Ring 33 a, ein Stra\u00dfenschild abgelegt. Zudem wurde auf dem Fu\u00dfweg hinter dem Wohnanwesen, welcher in Richtung Albert-Haueisen-Str. f\u00fchrt, eine Stra\u00dfenlaterne besch\u00e4digt. T\u00e4terhinweise liegen keine vor. <\/p>\n\n\n\n<p>Zeugen werden gebeten sich an die Polizeiinspektion Frankenthal unter der Tel.-Nr.: 06233\/313-0 oder an die Polizeiwache Maxdorf unter der Tel.-Nr.: 06237\/934-100 zu wenden. Gerne nehmen wir Ihre Hinweise auch per E-Mail unter  <a href=\"mailto:pifrankenthal@polizei.rlp.de\">pifrankenthal@polizei.rlp.de<\/a> entgegen. <\/p>\n\n\n\n<h4 class=\"wp-block-heading\">(Frankenthal) &#8211; Zulassen des Fahrens ohne Fahrerlaubnis<\/h4>\n\n\n\n<p>In den Abendstunden des 25.04.2020 befuhr ein 21-j\u00e4hriger mit dem Pkw seiner Mutter den Mina-Karcher-Platz, ohne im Besitz einer Fahrerlaubnis zu sein. Hierbei verursachte er zudem einen Verkehrsunfall. Neben der Erstattung des entstandenen Schadens erwarten Mutter und Sohn Strafanzeigen wegen Fahrens-\/ und Zulassen des Fahrens ohne Fahrerlaubnis. <\/p>\n\n\n\n<p>Zeugen werden gebeten sich an die Polizeiinspektion Frankenthal unter der Tel.-Nr.: 06233\/313-0 oder an die Polizeiwache Maxdorf unter der Tel.-Nr.: 06237\/934-100 zu wenden. Gerne nehmen wir Ihre Hinweise auch per E-Mail unter  <a href=\"mailto:pifrankenthal@polizei.rlp.de\">pifrankenthal@polizei.rlp.de<\/a> entgegen. <\/p>\n\n\n\n<h4 class=\"wp-block-heading\">(Bobenheim-Roxheim) &#8211; Diebstahl aus Pkw<\/h4>\n\n\n\n<p>Im Zeitraum vom 25.04.2020, 11:30 Uhr bis 26.04.2020, 10:30 Uhr wurde auf dem Parkplatz eines Supermarkts im S\u00fcdring die Fahrerscheibe eines Pkws eingeworfen. Aus dem Pkw wurden das Autoradio, sowie diverse Dinge aus dem Handschuhfach entwendet. Die Polizei weist in diesem Zusammenhang erneut darauf hin, keine brauchbaren oder Wertgegenst\u00e4nde im Pkw zur\u00fcck zu lassen. T\u00e4terhinweise liegen keine vor. <\/p>\n\n\n\n<p>Zeugen werden gebeten sich an die Polizeiinspektion Frankenthal unter der Tel.-Nr.: 06233\/313-0 oder an die Polizeiwache Maxdorf unter der Tel.-Nr.: 06237\/934-100 zu wenden. Gerne nehmen wir Ihre Hinweise auch per E-Mail unter  <a href=\"mailto:pifrankenthal@polizei.rlp.de\">pifrankenthal@polizei.rlp.de<\/a> entgegen. <\/p>\n\n\n\n<h4 class=\"wp-block-heading\">(Ludwigshafen) &#8211; Brand eines Transporters<\/h4>\n\n\n\n<p>Am 26.04.2020, gegen 22:10 Uhr, wurde der Polizei ein brennender Transporter (Citro\u00ebn, Jumper) in der Abteistra\u00dfe gemeldet. Der Transporter wurde durch die Berufsfeuerwehr gel\u00f6scht. Nach derzeitigem Ermittlungsstand ist die Brandursache noch nicht gekl\u00e4rt. Die Ermittlungen dauern an. <\/p>\n\n\n\n<p>Wer etwas gesehen hat und sachdienliche Hinweise geben kann, wird gebeten, sich an die Polizeiinspektion Ludwigshafen 1 unter der Tel. 0621 963-2122 oder per E-Mail <a href=\"mailto:piludwigshafen1@polizei.rlp.de\">piludwigshafen1@polizei.rlp.de<\/a> zu wenden. <\/p>\n\n\n\n<h4 class=\"wp-block-heading\">(Ludwigshafen) &#8211; Glasscheibe von Kirche besch\u00e4digt<\/h4>\n\n\n\n<p>Am 26.04.2020, zwischen 00:00 Uhr 17:30 Uhr, besch\u00e4digten unbekannte T\u00e4ter eine Glasscheibe an der Eingangst\u00fcr der Christ K\u00f6nig Kirche in der Raiffeisenstra\u00dfe. Der Schaden bel\u00e4uft sich auf etwa 500 Euro. <\/p>\n\n\n\n<p>Wer etwas beobachtet hat und Angaben zu den T\u00e4tern machen kann, wird gebeten, sich an die Polizeiinspektion Ludwigshafen 2 unter der Telefonnummer 0621 963-2222 oder per E-Mail <a href=\"mailto:piludwigshafen2@polizei.rlp.de\">piludwigshafen2@polizei.rlp.de<\/a> zu wenden. <\/p>\n\n\n\n<h4 class=\"wp-block-heading\">(Ludwigshafen) &#8211; Versuchter Einbruch in Gastst\u00e4tte<\/h4>\n\n\n\n<p>Am 26.04.2020, gegen 17:00 Uhr, h\u00f6rte eine Zeugin Ger\u00e4usche in einer benachbarten Vereinsgastst\u00e4tte in der Oskar-Vongerichten-Stra\u00dfe. Als sie aus ihrer Wohnung ging und nachschaute, sah sie, dass gerade ein unbekannter Mann versuchte, die verschlossenen Rolll\u00e4den der Gastst\u00e4tte hochzuschieben. Daraufhin fragte sie ihn, was er da mache. Der Unbekannte erkl\u00e4rte, sein Geld sei in der Gastst\u00e4tte, dann fl\u00fcchtete er und die Zeugin rief die Polizei. Vor Ort konnten die Polizeibeamten drei Rolll\u00e4den feststellen, die hochgeschoben worden waren. Zwei davon wurden dabei besch\u00e4digt. An den Rolll\u00e4den entstand ein Schaden von etwa 1000 Euro. <\/p>\n\n\n\n<p>Der unbekannte T\u00e4ter war:<\/p>\n\n\n\n<ul><li>etwa 40 bis 50 Jahre alt<\/li><li>circa 1,75 bis 1,80 m gro\u00df<\/li><li>schlank<\/li><li>Er hatte kurze dunkelblonde bzw. hellbraune Haare. <\/li><\/ul>\n\n\n\n<p>Wer Hinweise auf den unbekannten T\u00e4ter machen kann, wird gebeten, sich an die Kriminalpolizei Ludwigshafen unter der Telefonnummer 0621\/963-2773 oder per E-Mail  <a href=\"mailto:kiludwigshafen.k1.kdd@polizei.rlp.de\">kiludwigshafen.k1.kdd@polizei.rlp.de<\/a> zu wenden. <\/p>\n\n\n\n<h4 class=\"wp-block-heading\">(Mannheim) &#8211; Diesel aus Baumaschinen abgezapft \/ Ein Tatverd\u00e4chtiger festgenommen<\/h4>\n\n\n\n<p>Am sp\u00e4ten Sonntagabend fielen einem Lkw-Fahrer in der Rudolf-Diesel-Stra\u00dfe gegen 23 Uhr drei verd\u00e4chtige Personen auf, die auf einem Firmengel\u00e4nde mit Benzinkanistern umherliefen. Nachdem der Lkw-Fahrer den Notruf gew\u00e4hlt hatte, konnte ein 23-j\u00e4hriger Albaner beim Fluchtversuch durch eine Polizeistreife festgenommen werden. Die beiden anderen Personen konnten mit einem silbernen Pkw fl\u00fcchten, der kurze Zeit sp\u00e4ter unweit des Firmengel\u00e4ndes verlassen aufgefunden wurde. Zu der Suche nach den beiden Personen wurde ein Gro\u00dfaufgebot der Polizei eingesetzt. Auch ein Polizeihubschrauber war an der Suche beteiligt. Dennoch konnten die beiden unerkannt entkommen. Der silberne Pkw wurde sichergestellt. Die weiteren Ermittlungen f\u00fchrt das Polizeirevier Mannheim-Neckarstadt. <\/p>\n\n\n\n<h4 class=\"wp-block-heading\">(Mannheim) &#8211; Frau \u00fcberquert mit Rad bei Rot die Fahrbahn, verursacht Unfall und ergreift die Flucht \/ Zeugen gesucht!<\/h4>\n\n\n\n<p>Am Sonntagabend gegen 18:30 Uhr \u00fcberquerte eine junge Frau mit ihrem Fahrrad bei Rot die Fu\u00dfg\u00e4ngerampel im Bereich der Friedrich-Ebert-Stra\u00dfe\/K\u00e4fertaler Stra\u00dfe in H\u00f6he der Haltestelle &#8222;Universit\u00e4tsklinikum&#8220; und verursachte dabei einen Verkehrsunfall. Eine 77-j\u00e4hrige Pkw-Fahrerin kollidierte trotz eines Bremsversuchs mit dem Fahrrad der jungen Frau, woraufhin ein dahinter fahrender 31-j\u00e4hriger Mann mit seinem Roller auf den Pkw auffuhr und st\u00fcrzte. Er zog sich hierbei mehrere Sch\u00fcrfwunden zu. Nachdem sich die Fahrradfahrerin kurz nach den beteiligten Fahrzeugf\u00fchrern erkundigt hatte, entfernte sie sich fluchtartig von der \u00d6rtlichkeit. Die junge Frau wird auf etwa 20-30 Jahre gesch\u00e4tzt, hatte blonde Haare zu einem Zopf gebunden, trug eine schwarze Radlerhose sowie ein schwarzes Oberteil und hatte einen schwarzen Rucksack auf. Bei dem Fahrrad handelte es sich um ein schwarz-wei\u00dfes Mountainbike. Zeugen, die sachdienliche Hinweise geben k\u00f6nnen, werden gebeten, sich mit dem Polizeirevier Mannheim-Neckarstadt unter der Rufnummer 0621\/3301-0 in Verbindung zu setzen. <\/p>\n\n\n\n<h4 class=\"wp-block-heading\">(Mannheim) &#8211; 57-j\u00e4hriger Mann nach Bedrohung festgenommen \/ Schreckschusswaffen aufgefunden<\/h4>\n\n\n\n<p>Nachdem ein polizeibekannter 57-j\u00e4hriger Mann im Stadtteil Herzogenried am fr\u00fchen Sonntagmorgen durch lautstarkes Schreien auf der Stra\u00dfe seine Nachbarn gest\u00f6rt hatte, verst\u00e4ndigten diese die Polizei. Bei der Kontaktaufnahme mit dem Mann, bedrohte dieser die Polizisten damit, dass er schie\u00dfen w\u00fcrde. Noch w\u00e4hrend erste Verst\u00e4ndigungen zum Einsatz eines Spezialeinsatzkommandos durchgef\u00fchrt wurden, zeigte sich der Mann vor seiner Haust\u00fcr und konnte widerstandslos festgenommen werden. Er f\u00fchrte ein Springmesser bei sich. In der Wohnung des Mannes wurden anschlie\u00dfend zwei Schreckschusswaffen aufgefunden. Der Mann wurde in eine psychiatrische Klinik eingeliefert. <\/p>\n\n\n\n<h4 class=\"wp-block-heading\">(Mannheim) &#8211; Mann verursacht Unfall mit Fahrrad und fl\u00fcchtet \/ Zeugen gesucht!<\/h4>\n\n\n\n<p>Zu einem Verkehrsunfall kam es am Samstag gegen 15:35 Uhr in der Mannheimer Innenstadt, bei dem ein etwa 30-40 Jahre alter Mann mit seinem Fahrrad einem Pkw die Vorfahrt nahm, st\u00fcrzte und anschlie\u00dfend auf seinem Fahrrad die Flucht ergriff. Der Vorfall ereignete sich an der Kreuzung M3\/M4 und N3\/N4. Der Radfahrer befand sich zwischen M3 und M4 auf dem Weg in Richtung Planken, wobei der Pkw aus Richtung Wasserturm kam. Am Pkw entstand ein Sachschaden in H\u00f6he von ca. 200 Euro. Der Radfahrer wird wie folgt beschrieben: <\/p>\n\n\n\n<ul><li>180-190 cm gro\u00df <\/li><li>Glatze <\/li><li>rotes Tanktop <\/li><li>gr\u00fcne kurze Hose <\/li><li>Rucksack <\/li><\/ul>\n\n\n\n<p>Zeugen, die sachdienliche Hinweise geben k\u00f6nnen, werden gebeten sich mit dem Polizeirevier Mannheim-Oststadt unter der Rufnummer 0621\/174-3310 in Verbindung zu setzen. <\/p>\n\n\n\n<h4 class=\"wp-block-heading\">(Heidelberg) &#8211; Streifenwagen erfasst jungen Fahrradfahrer; 11-J\u00e4hriger leicht verletzt<\/h4>\n\n\n\n<p>Am Montagnachmittag kam es an der Kreuzung Adenauerplatz\/Friedrich-Ebert-Anlage\/Sofienstra\u00dfe zu einem Verkehrsunfall zwischen einem 11-j\u00e4hrigen Jungen, der mit seinem Fahrrad unterwegs war und einem Streifenwagen des Polizeirevier HD-Mitte. <\/p>\n\n\n\n<p>Der Junge war gegen 15.30 Uhr aus Richtung Gaisbergstra\u00dfe kommend in Richtung Sofienstra\u00dfe unterwegs, als er an der Fu\u00dfg\u00e4ngerfurt die Friedrich-Ebert-Anlage \u00fcberqueren wollte, um in der Sofienstra\u00dfe weiterzufahren. <\/p>\n\n\n\n<p>Dabei missachtete er laut eines Zeugen das Rotlicht der Ampel und kollidierte mit einem Streifenwagen, dessen Fahrer gerade dabei war, bei Gr\u00fcn von der Friedrich-Ebert-Stra\u00dfe Richtung Kurf\u00fcrsten-Anlage anzufahren. <\/p>\n\n\n\n<p>Der Junge st\u00fcrzte zu Boden und verletzte sich leicht. Er wurde zur Untersuchung in eine Klinik gebracht. <\/p>\n\n\n\n<p>Links neben dem Streifenwagen, der auf dem zweiten Fahrstreifen von links stand, hatte ein Mercedes Vito angehalten. Bei diesem Fahrzeug handelt es sich m\u00f6glicherweise um ein Firmenfahrzeug mit Kastenaufbau. Dessen Fahrer sowie weitere Zeugen des Unfalls werden gebeten, sich mit der Verkehrspolizei Heidelberg, Tel.: 0621\/174-4111 in Verbindung zu setzen. <\/p>\n\n\n\n<h4 class=\"wp-block-heading\">(Heidelberg-Ziegelhausen) &#8211;  82-j\u00e4hriger Autofahrer f\u00e4hrt aus Parkplatz und prallt gegen Motorrad \/ 20-j\u00e4hriger Motorradfahrer schwer verletzt<\/h4>\n\n\n\n<p>Bei einem Unfall am Sonntag um 14.20 Uhr auf der L 596 zwischen Heidelberg und Wilhelmsfeld wurde ein 20-j\u00e4hriger Fahrer einer Honda schwer verletzt. Ein 82-j\u00e4hriger Autofahrer war vom Parkplatz &#8222;Langer Kirschbaum&#8220; in die L 596 eingefahren und dabei mit dem aus Richtung Wilhelmsfeld kommenden Motorradfahrer kollidiert. Durch den Aufprall fiel der Fahrer hinter dem Auto vom Motorrad auf die Stra\u00dfe. Das Motorrad rollte unbemannt noch einige Meter weiter, \u00fcberschlug sich und kam schlie\u00dflich in einer B\u00f6schung zum Liegen. Der Zweiradfahrer wurde nach der Erstversorgung durch Ersthelfer und anschlie\u00dfend einem Notarzt mit einem Rettungswagen in ein Krankenhaus eingeliefert. Der Gesamtsachschaden bel\u00e4uft sich auf ca. 3.000 Euro. <\/p>\n\n\n\n<h4 class=\"wp-block-heading\">(Edingen-Neckarhausen \/ K 4144 \/ Rhein-Neckar-Kreis) &#8211; Nach riskantem \u00dcberholman\u00f6ver Zeugen gesucht<\/h4>\n\n\n\n<p>Nach einer Stra\u00dfenverkehrsgef\u00e4hrdung am Dienstag, den 21.04.2020, suchen die Ermittler des Polizeipostens Edingen-Neckarhausen nach Zeugen. <\/p>\n\n\n\n<p>Um 12:40 Uhr \u00fcberholte der unbekannte Fahrer eines silberfarbenen Mercedes auf der K 4144 in Fahrtrichtung Edingen-Neckarhausen einen weinroten Pkw trotz Gegenverkehr. Trotz mehrfacher Warnung per Lichthupe eines entgegenkommenden 60-J\u00e4hrigen brach der Mercedes-Fahrer sein r\u00fccksichtsloses \u00dcberholman\u00f6ver nicht ab, sodass der 60-J\u00e4hrige in den angrenzenden Acker ausweichen musste, um einen Zusammensto\u00df zu vermeiden. Der Unbekannte setzte seine Fahrt unbeirrt fort. <\/p>\n\n\n\n<p>Der zust\u00e4ndige Polizeiposten hat die Ermittlungen aufgenommen und sucht nach Zeugen, insbesondere den Fahrer des weinroten Pkw welcher \u00fcberholt wurde, sowie Hinweisgeber die Angaben zum fl\u00fcchtigen Mercedes-Fahrer machen k\u00f6nnen. Diese werden gebeten, sich unter 06203 892029 zu melden. <\/p>\n\n\n\n<h4 class=\"wp-block-heading\">(Schriesheim \/ Rhein-Neckar-Kreis) &#8211; 500 Liter Diesel aus geparktem Lkw abgezapft \/ Polizei sucht Zeugen<\/h4>\n\n\n\n<p>Im Zeitraum von Samstag, 16 Uhr und Montagmorgen, 7 Uhr, wurde von einem Lkw, der im Ortsteil Altenbach in der Zufahrt zum Sportplatz an der L 596\/Auf der Kipp abgestellt war, ca. 500 Liter Diesel aus dem Tank abgezapft. Der oder die T\u00e4ter hatten den verschlossenen Tankdeckel aufgebrochen und mit einem Kunststoffschlauch den Kraftstoff abgef\u00fcllt und entwendet. Der Schaden bel\u00e4uft sich auf ca. 600 Euro. Zeugen, die im genannten Zeitraum verd\u00e4chtige Beobachtungen gemacht haben, werden gebeten, sich unter Telefon 06203\/61301 beim Polizeiposten Schriesheim oder au\u00dferhalb dessen Arbeitszeiten unter Telefon 06201\/10030 beim Polizeirevier Weinheim zu melden. <\/p>\n\n\n\n<h4 class=\"wp-block-heading\">(Wilhelmsfeld \/ Rhein-Neckar-Kreis) &#8211; Motorradfahrer Vorfahrt genommen &#8211; Sozia leicht verletzt \/ Verursacherin fl\u00fcchtet von der Unfallstelle &#8211; aufmerksamer Zeuge notiert Kennzeichen<\/h4>\n\n\n\n<p>Eine bislang unbekannte Fahrerin eines Nissan mit Schweizer Kennzeichen war am Sonntag gegen 11.50 Uhr von der Alten R\u00f6merstra\u00dfe in die Altenbacher Stra\u00dfe eingebogen und hatte dabei einem 55-j\u00e4hrige Motorradfahrer, der in Richtung Altenbach fuhr, die Vorfahrt genommen. Trotz Vollbremsung und Ausweichman\u00f6ver kam es zu einem leichten Zusammensto\u00df, wodurch der Motorradfahrer st\u00fcrzte. Der Fahrer blieb dabei unverletzt, die 60-j\u00e4hrige Sozia wurde leicht verletzt. Die Unfallverursacherin entfernte sich nach einem Rangierman\u00f6ver unerlaubt von der Unfallstelle. Ein aufmerksamer Zeuge konnte mit seinem Auto der Verursacherin im Schriesheimer Tal einholen und das amtliche Kennzeichen notieren. Die weiteren Unfallermittlungen f\u00fchrt das Polizeirevier Neckargem\u00fcnd. <\/p>\n\n\n\n<h4 class=\"wp-block-heading\">(Heiligkreuzsteinach \/ Rhein-Neckar-Kreis) &#8211; 18-j\u00e4hriger Motorradfahrer ger\u00e4t in Gegenverkehr \/ Mitfahrerin schwer verletzt &#8211; Vollsperrung<\/h4>\n\n\n\n<p>Schwer verletzt wurde eine 18-j\u00e4hrige Soziusfahrerin auf dem Motorrad eines gleichaltrigen Fahrers bei einem Unfall am Sonntag u 17.10 Uhr auf der L 535. Der 18-J\u00e4hrige war mit seiner Kawasaki auf dem kurvenreichen Abschnitt der Landesstra\u00dfe im Waldgebiet von Heiligkreuzsteinach bergw\u00e4rts in Richtung Unterabtsteinach unterwegs. In einer Rechtskurve kam er nach links auf die Gegenfahrbahn und streifte einen entgegenkommenden BMW. Durch die Kollision st\u00fcrzte der Motorradfahrer auf die Stra\u00dfe, dabei zog er sich leichte Verletzungen zu. Beide Verletzte wurde an der Unfallstelle durch den Notarzt eines Rettungshubschraubers versorgt, die 18-J\u00e4hrige wurde anschlie\u00dfend in eine Klinik nach Mannheim geflogen. Der Motorradfahrer wurde mit einem Rettungswagen ins Krankenhaus nach Weinheim gebracht. Beide Fahrzeuge mussten abgeschleppt werden, der Gesamtsachschaden bel\u00e4uft sich auf ca. 10.000 Euro. W\u00e4hrend der Unfallaufnahme und Bergung der Fahrzeuge war die L 535 bis gegen 19.10 Uhr voll gesperrt, der Verkehr wurde \u00f6rtlich umgeleitet. Die Freiwillige Feuerwehr aus Abtsteinach war mit drei Fahrzeugen und 14 Wehrleuten vor Ort im Einsatz. <\/p>\n\n\n\n<h4 class=\"wp-block-heading\">(A 5 \/ Weinheim \/ Rhein-Neckar-Kreis) &#8211; 30-j\u00e4hriger Fahrer eines Sattelzuges mit fast zwei Promille in der Fahrerkabine auf Parkplatz angetroffen \/ Weiterfahrt verhindert<\/h4>\n\n\n\n<p>Weil sich ein Lkw-Fahrer am Montagmorgen gegen 3.30 Uhr auf dem Parkplatz &#8222;Fliegwiese&#8220; auf der A 5 zwischen dem Autobahnkreuz Weinheim und der Anschlussstelle Hirschberg durch \u00fcberm\u00e4\u00dfig laute Musik in seiner Nachtruhe gest\u00f6rt f\u00fchlte, verst\u00e4ndigte er die Polizei. Bei der \u00dcberpr\u00fcfung konnte als L\u00e4rmquelle die Fahrerkabine eines russischen Sattelzuges lokalisiert werden. Da der Fahrer auf Klopfen und Rufen keine Reaktion zeigte und eine hilflose Lage nicht ausgeschlossen werden konnte, wurde das F\u00fchrerhaus \u00fcber die offenstehende Seitescheibe ge\u00f6ffnet. Dabei kam der Fahrer zu Bewusstsein und verringerte den Ger\u00e4uschpegel. Ein darauffolgender Atemalkoholtest ergab einen Wert von 1,92 Promille. Um die Weiterfahrt zun\u00e4chst zu unterbinden, wurden die Frachtpapiere und die Fahrzeugschl\u00fcssel bis zur Erlangung der N\u00fcchternheit beschlagnahmt. <\/p>\n","protected":false},"excerpt":{"rendered":"<div class=\"mh-excerpt\"><p>Polizeimeldungen vom Montag (27.04.2020) (Speyer) &#8211; Mit 1,92 Promille Unfall verursacht Zu einem Verkehrsunfall mit insgesamt ca. 7500 EUR Sachschaden, kam es am Sonntagnachmittag, als ein 30-j\u00e4hriger Renault-Fahrer von der Gilgenstra\u00dfe nach links in die <a class=\"mh-excerpt-more\" href=\"https:\/\/speyer24news.com\/?p=26548\" title=\"Polizei\">[&#8230;]<\/a><\/p>\n<\/div>","protected":false},"author":3,"featured_media":0,"comment_status":"open","ping_status":"open","sticky":false,"template":"","format":"standard","meta":{"_monsterinsights_skip_tracking":false,"_monsterinsights_sitenote_active":false,"_monsterinsights_sitenote_note":"","_monsterinsights_sitenote_category":0,"footnotes":""},"categories":[12],"tags":[3614,61,2555,6263,63,105,53,4854,4683,1548,102,213,55,5261,103,106,2803,2423,427,2625,380,62,104,979,1565],"aioseo_notices":[],"amp_enabled":true,"_links":{"self":[{"href":"https:\/\/speyer24news.com\/index.php?rest_route=\/wp\/v2\/posts\/26548"}],"collection":[{"href":"https:\/\/speyer24news.com\/index.php?rest_route=\/wp\/v2\/posts"}],"about":[{"href":"https:\/\/speyer24news.com\/index.php?rest_route=\/wp\/v2\/types\/post"}],"author":[{"embeddable":true,"href":"https:\/\/speyer24news.com\/index.php?rest_route=\/wp\/v2\/users\/3"}],"replies":[{"embeddable":true,"href":"https:\/\/speyer24news.com\/index.php?rest_route=%2Fwp%2Fv2%2Fcomments&post=26548"}],"version-history":[{"count":1,"href":"https:\/\/speyer24news.com\/index.php?rest_route=\/wp\/v2\/posts\/26548\/revisions"}],"predecessor-version":[{"id":26549,"href":"https:\/\/speyer24news.com\/index.php?rest_route=\/wp\/v2\/posts\/26548\/revisions\/26549"}],"wp:attachment":[{"href":"https:\/\/speyer24news.com\/index.php?rest_route=%2Fwp%2Fv2%2Fmedia&parent=26548"}],"wp:term":[{"taxonomy":"category","embeddable":true,"href":"https:\/\/speyer24news.com\/index.php?rest_route=%2Fwp%2Fv2%2Fcategories&post=26548"},{"taxonomy":"post_tag","embeddable":true,"href":"https:\/\/speyer24news.com\/index.php?rest_route=%2Fwp%2Fv2%2Ftags&post=26548"}],"curies":[{"name":"wp","href":"https:\/\/api.w.org\/{rel}","templated":true}]}}