{"id":26552,"date":"2020-04-28T10:33:16","date_gmt":"2020-04-28T09:33:16","guid":{"rendered":"https:\/\/speyer24news.com\/?p=26552"},"modified":"2020-04-28T10:33:17","modified_gmt":"2020-04-28T09:33:17","slug":"stadtnotizen-speyer-9","status":"publish","type":"post","link":"https:\/\/speyer24news.com\/?p=26552","title":{"rendered":"Stadtnotizen Speyer"},"content":{"rendered":"<style type=\"text\/css\">\r\n\t.ads_top_disp{}\r\n\t.ads_top_corner_disp{ float:left; margin:0px 10px 10px 0px; }\r\n\t.ads_first_p_disp{}\r\n\t.ads_bottom_disp{}\r\n\t<\/style>\n<h1 class=\"wp-block-heading\" style=\"text-align:center\">Stadtnotizen<\/h1>\n\n\n\n<figure class=\"wp-block-image\"><img decoding=\"async\" loading=\"lazy\" width=\"800\" height=\"600\" src=\"https:\/\/speyer24news.com\/wp-content\/uploads\/2020\/01\/Speyer-Stadtnachrichten-2.jpg\" alt=\"\" class=\"wp-image-23901\" srcset=\"https:\/\/speyer24news.com\/wp-content\/uploads\/2020\/01\/Speyer-Stadtnachrichten-2.jpg 800w, https:\/\/speyer24news.com\/wp-content\/uploads\/2020\/01\/Speyer-Stadtnachrichten-2-300x225.jpg 300w, https:\/\/speyer24news.com\/wp-content\/uploads\/2020\/01\/Speyer-Stadtnachrichten-2-768x576.jpg 768w, https:\/\/speyer24news.com\/wp-content\/uploads\/2020\/01\/Speyer-Stadtnachrichten-2-678x509.jpg 678w, https:\/\/speyer24news.com\/wp-content\/uploads\/2020\/01\/Speyer-Stadtnachrichten-2-326x245.jpg 326w, https:\/\/speyer24news.com\/wp-content\/uploads\/2020\/01\/Speyer-Stadtnachrichten-2-80x60.jpg 80w\" sizes=\"(max-width: 800px) 100vw, 800px\" \/><\/figure>\n\n\n\n<h2 class=\"wp-block-heading\">Coronafallzahlen aus Speyer<\/h2>\n\n\n\n<figure class=\"wp-block-image\"><img decoding=\"async\" loading=\"lazy\" width=\"800\" height=\"400\" src=\"https:\/\/speyer24news.com\/wp-content\/uploads\/2020\/02\/virus-1812092_1920.jpg\" alt=\"\" class=\"wp-image-25128\" srcset=\"https:\/\/speyer24news.com\/wp-content\/uploads\/2020\/02\/virus-1812092_1920.jpg 800w, https:\/\/speyer24news.com\/wp-content\/uploads\/2020\/02\/virus-1812092_1920-300x150.jpg 300w, https:\/\/speyer24news.com\/wp-content\/uploads\/2020\/02\/virus-1812092_1920-768x384.jpg 768w\" sizes=\"(max-width: 800px) 100vw, 800px\" \/><\/figure>\n\n\n\n<ul><li><strong>Anzahl best\u00e4tigter F\u00e4lle von Coronavirus (SARS-CoV-2)-Infektionen in der Stadt Speyer: 75   + 10 gegen\u00fcber Freitag<\/strong><\/li><li><strong>Davon bereits genesen: 46<\/strong>  <strong> + 7 gegen\u00fcber Freitag<\/strong><\/li><li><strong>Personen in Quarant\u00e4ne: 5<\/strong>1   &#8211; 5 gegen\u00fcber Freitag<\/li><\/ul>\n\n\n\n<p><em>Stand: 27.04.2020, 15:00 Uhr<\/em><\/p>\n\n\n\n<p><em>Stadtverwaltung Speyer<br>28.04.2020<\/em><\/p>\n\n\n\n<h2 class=\"wp-block-heading\"><strong>Oberb\u00fcrgermeisterin appelliert an B\u00fcrger*innen die Abstands- und Hygienerichtlinien einzuhalten<\/strong><\/h2>\n\n\n\n<div class=\"wp-block-image\"><figure class=\"aligncenter\"><img decoding=\"async\" loading=\"lazy\" width=\"800\" height=\"600\" src=\"https:\/\/speyer24news.com\/wp-content\/uploads\/2020\/03\/IMG_20200110_193106-1.jpg\" alt=\"\" class=\"wp-image-26035\" srcset=\"https:\/\/speyer24news.com\/wp-content\/uploads\/2020\/03\/IMG_20200110_193106-1.jpg 800w, https:\/\/speyer24news.com\/wp-content\/uploads\/2020\/03\/IMG_20200110_193106-1-300x225.jpg 300w, https:\/\/speyer24news.com\/wp-content\/uploads\/2020\/03\/IMG_20200110_193106-1-768x576.jpg 768w, https:\/\/speyer24news.com\/wp-content\/uploads\/2020\/03\/IMG_20200110_193106-1-678x509.jpg 678w, https:\/\/speyer24news.com\/wp-content\/uploads\/2020\/03\/IMG_20200110_193106-1-326x245.jpg 326w, https:\/\/speyer24news.com\/wp-content\/uploads\/2020\/03\/IMG_20200110_193106-1-80x60.jpg 80w\" sizes=\"(max-width: 800px) 100vw, 800px\" \/><\/figure><\/div>\n\n\n\n<p>Leider hat das vergangene Wochenende gezeigt, dass die B\u00fcrger*innen die zur Eind\u00e4mmung des Coronavirus weiterhin geltende Kontaktsperre\n sowie die Abstands- und Hygienerichtlinien im \u00f6ffentlichen Raum nur noch bedingt einhalten. W\u00e4hrend es in den Gesch\u00e4ften in der Innenstadt sehr ruhig und geordnet zuging, nutzten die Menschen auf der Maximilianstra\u00dfe und an der Rheinpromenade vielfach Gelegenheiten\n zum Verweilen und verzehrten gemeinsam Speisen und Getr\u00e4nke. <\/p>\n\n\n\n<p>\u201eIch verstehe nat\u00fcrlich, dass sich die Menschen drau\u00dfen aufhalten und die sommerlichen Temperaturen genie\u00dfen wollen. Viele scheinen  aber zu vergessen, dass wir es in den letzten Wochen nur mit viel Disziplin geschafft haben, die Infektionskurve auf niedrigem Niveau zu stabilisieren. Damit das auch so bleibt, m\u00fcssen wir unbedingt weiterhin die Abstands- und Hygienerichtlinien sowie die  Kontaktsperre einhalten. Ich appelliere daher eindringlich an alle B\u00fcrgerinnen und B\u00fcrger, sich dies bewusst zu machen, weiterhin solidarisch zu sein und \u00e4ltere und vorerkrankte Mitb\u00fcrgerinnen und Mitb\u00fcrger vor einer Ansteckung zu sch\u00fctzen\u201c, so Oberb\u00fcrgermeisterin  Stefanie Seiler. Sie betont noch einmal, dass die Speisen und Getr\u00e4nke zur Mitnahme und zum Verzehr zuhause gedacht seien. <\/p>\n\n\n\n<div class=\"wp-block-image\"><figure class=\"aligncenter\"><img decoding=\"async\" loading=\"lazy\" width=\"500\" height=\"500\" src=\"https:\/\/speyer24news.com\/wp-content\/uploads\/2020\/02\/virus-4810549_1920.png\" alt=\"\" class=\"wp-image-25116\" srcset=\"https:\/\/speyer24news.com\/wp-content\/uploads\/2020\/02\/virus-4810549_1920.png 500w, https:\/\/speyer24news.com\/wp-content\/uploads\/2020\/02\/virus-4810549_1920-150x150.png 150w, https:\/\/speyer24news.com\/wp-content\/uploads\/2020\/02\/virus-4810549_1920-300x300.png 300w\" sizes=\"(max-width: 500px) 100vw, 500px\" \/><\/figure><\/div>\n\n\n\n<p>Gem\u00e4\u00df der geltenden Vierten Corona-Bek\u00e4mpfungsverordnung des Landes Rheinland-Pfalz ist ein Aufenthalt im \u00f6ffentlichen Raum nur alleine,  zu zweit oder mit Personen aus dem eigenen Haushalt erlaubt. Dar\u00fcber hinaus ist untereinander jederzeit ein Mindestabstand von 1,5 Metern einzuhalten. Die Ordnungsbeh\u00f6rde wird weiterhin streng kontrollieren und Fehlverhalten entsprechend ahnden. <\/p>\n\n\n\n<p><em>Text: Stadtverwaltung Speyer Foto: Speyer 24\/7 News, dak<br>28.04.2020<\/em><\/p>\n\n\n\n<h2 class=\"wp-block-heading\"><strong>Verlegung des Wochenmarkts<\/strong><\/h2>\n\n\n\n<div class=\"wp-block-image\"><figure class=\"aligncenter\"><img decoding=\"async\" loading=\"lazy\" width=\"375\" height=\"500\" src=\"https:\/\/speyer24news.com\/wp-content\/uploads\/2020\/04\/DSC08334.jpg\" alt=\"\" class=\"wp-image-26174\" srcset=\"https:\/\/speyer24news.com\/wp-content\/uploads\/2020\/04\/DSC08334.jpg 375w, https:\/\/speyer24news.com\/wp-content\/uploads\/2020\/04\/DSC08334-225x300.jpg 225w\" sizes=\"(max-width: 375px) 100vw, 375px\" \/><\/figure><\/div>\n\n\n\n<p>Aufgrund des bevorstehenden Feiertags am Freitag, 1. Mai 2020, wird der Wochenmarkt auf dem Berliner Platz in dieser Woche in Absprache  mit den Beschicker*innen ausnahmsweise bereits am <strong>Donnerstag, 30. April 2020<\/strong>, stattfinden. <\/p>\n\n\n\n<p><em>Text: Stadtverwaltung Speyer Foto: Speyer 24\/7 News, dak<br>28.04.2020<\/em><\/p>\n","protected":false},"excerpt":{"rendered":"<div class=\"mh-excerpt\"><p>Stadtnotizen Coronafallzahlen aus Speyer Anzahl best\u00e4tigter F\u00e4lle von Coronavirus (SARS-CoV-2)-Infektionen in der Stadt Speyer: 75 + 10 gegen\u00fcber Freitag Davon bereits genesen: 46 + 7 gegen\u00fcber Freitag Personen in Quarant\u00e4ne: 51 &#8211; 5 gegen\u00fcber Freitag <a class=\"mh-excerpt-more\" href=\"https:\/\/speyer24news.com\/?p=26552\" title=\"Stadtnotizen Speyer\">[&#8230;]<\/a><\/p>\n<\/div>","protected":false},"author":3,"featured_media":23902,"comment_status":"open","ping_status":"open","sticky":false,"template":"","format":"standard","meta":{"_monsterinsights_skip_tracking":false,"_monsterinsights_sitenote_active":false,"_monsterinsights_sitenote_note":"","_monsterinsights_sitenote_category":0,"footnotes":""},"categories":[47],"tags":[6359,6358,6342,699,6,1296,206,46],"aioseo_notices":[],"amp_enabled":true,"_links":{"self":[{"href":"https:\/\/speyer24news.com\/index.php?rest_route=\/wp\/v2\/posts\/26552"}],"collection":[{"href":"https:\/\/speyer24news.com\/index.php?rest_route=\/wp\/v2\/posts"}],"about":[{"href":"https:\/\/speyer24news.com\/index.php?rest_route=\/wp\/v2\/types\/post"}],"author":[{"embeddable":true,"href":"https:\/\/speyer24news.com\/index.php?rest_route=\/wp\/v2\/users\/3"}],"replies":[{"embeddable":true,"href":"https:\/\/speyer24news.com\/index.php?rest_route=%2Fwp%2Fv2%2Fcomments&post=26552"}],"version-history":[{"count":1,"href":"https:\/\/speyer24news.com\/index.php?rest_route=\/wp\/v2\/posts\/26552\/revisions"}],"predecessor-version":[{"id":26553,"href":"https:\/\/speyer24news.com\/index.php?rest_route=\/wp\/v2\/posts\/26552\/revisions\/26553"}],"wp:featuredmedia":[{"embeddable":true,"href":"https:\/\/speyer24news.com\/index.php?rest_route=\/wp\/v2\/media\/23902"}],"wp:attachment":[{"href":"https:\/\/speyer24news.com\/index.php?rest_route=%2Fwp%2Fv2%2Fmedia&parent=26552"}],"wp:term":[{"taxonomy":"category","embeddable":true,"href":"https:\/\/speyer24news.com\/index.php?rest_route=%2Fwp%2Fv2%2Fcategories&post=26552"},{"taxonomy":"post_tag","embeddable":true,"href":"https:\/\/speyer24news.com\/index.php?rest_route=%2Fwp%2Fv2%2Ftags&post=26552"}],"curies":[{"name":"wp","href":"https:\/\/api.w.org\/{rel}","templated":true}]}}