{"id":26613,"date":"2020-05-02T09:22:57","date_gmt":"2020-05-02T08:22:57","guid":{"rendered":"https:\/\/speyer24news.com\/?p=26613"},"modified":"2020-05-02T09:22:58","modified_gmt":"2020-05-02T08:22:58","slug":"kirche-61","status":"publish","type":"post","link":"https:\/\/speyer24news.com\/?p=26613","title":{"rendered":"Kirche"},"content":{"rendered":"<style type=\"text\/css\">\r\n\t.ads_top_disp{}\r\n\t.ads_top_corner_disp{ float:left; margin:0px 10px 10px 0px; }\r\n\t.ads_first_p_disp{}\r\n\t.ads_bottom_disp{}\r\n\t<\/style>\n<figure class=\"wp-block-image\"><img decoding=\"async\" loading=\"lazy\" width=\"1024\" height=\"1024\" src=\"https:\/\/speyer24news.com\/wp-content\/uploads\/2020\/05\/94306429_2621204268161090_8544781317349310464_o-1024x1024.jpg\" alt=\"\" class=\"wp-image-26615\" srcset=\"https:\/\/speyer24news.com\/wp-content\/uploads\/2020\/05\/94306429_2621204268161090_8544781317349310464_o-1024x1024.jpg 1024w, https:\/\/speyer24news.com\/wp-content\/uploads\/2020\/05\/94306429_2621204268161090_8544781317349310464_o-150x150.jpg 150w, https:\/\/speyer24news.com\/wp-content\/uploads\/2020\/05\/94306429_2621204268161090_8544781317349310464_o-300x300.jpg 300w, https:\/\/speyer24news.com\/wp-content\/uploads\/2020\/05\/94306429_2621204268161090_8544781317349310464_o-768x768.jpg 768w, https:\/\/speyer24news.com\/wp-content\/uploads\/2020\/05\/94306429_2621204268161090_8544781317349310464_o.jpg 1080w\" sizes=\"(max-width: 1024px) 100vw, 1024px\" \/><\/figure>\n\n\n\n<h2 class=\"wp-block-heading\">Grundrecht auf freie Religionsaus\u00fcbung<\/h2>\n\n\n\n<h3 class=\"wp-block-heading\">Ab 3. Mai sind wieder Gemeindegottesdienste in Kirchen m\u00f6glich \u2013 Schad: Schutzma\u00dfnahmen sind ein Gebot der N\u00e4chstenliebe<\/h3>\n\n\n\n<div class=\"wp-block-image\"><figure class=\"aligncenter\"><img decoding=\"async\" loading=\"lazy\" width=\"800\" height=\"600\" src=\"https:\/\/speyer24news.com\/wp-content\/uploads\/2020\/03\/IMG_20200221_153722-1.jpg\" alt=\"\" class=\"wp-image-25880\" srcset=\"https:\/\/speyer24news.com\/wp-content\/uploads\/2020\/03\/IMG_20200221_153722-1.jpg 800w, https:\/\/speyer24news.com\/wp-content\/uploads\/2020\/03\/IMG_20200221_153722-1-300x225.jpg 300w, https:\/\/speyer24news.com\/wp-content\/uploads\/2020\/03\/IMG_20200221_153722-1-768x576.jpg 768w, https:\/\/speyer24news.com\/wp-content\/uploads\/2020\/03\/IMG_20200221_153722-1-678x509.jpg 678w, https:\/\/speyer24news.com\/wp-content\/uploads\/2020\/03\/IMG_20200221_153722-1-326x245.jpg 326w, https:\/\/speyer24news.com\/wp-content\/uploads\/2020\/03\/IMG_20200221_153722-1-80x60.jpg 80w\" sizes=\"(max-width: 800px) 100vw, 800px\" \/><\/figure><\/div>\n\n\n\n<p><strong>Speyer<em> (lk)<\/em> &#8211; <\/strong>In den Kirchen der Pfalz und der Saarpfalz k\u00f6nnen ab dem 3. Mai wieder \u00f6ffentliche Gottesdienste und Andachten gefeiert werden. Die Landesregierung von Rheinland-Pfalz hat dazu in einer neuen Verordnung die seit 16. M\u00e4rz geltenden Bestimmungen aufgehoben, die Zusammenk\u00fcnfte in Kirchen untersagt hatten. F\u00fcr das Saarland gilt am 3. Mai eine \u201eDuldung\u201c, eine Verordnung folgt nach Angaben der Staatskanzlei am Montag (4. Mai). Mit der Neuregelung verbunden sind Ma\u00dfnahmen zum Schutz der Gottesdienstbesucher und der f\u00fcr den Gottesdienst verantwortlichen Personen, die in einer landeskirchlichen Richtlinie festgelegt wurden. Zur Mitwirkung im Gottesdienst kann niemand verpflichtet werden.<\/p>\n\n\n\n<p>\u201eIch freue mich, dass Gottesdienste in leiblicher Anwesenheit nun prinzipiell wieder m\u00f6glich sind\u201c, so Kirchenpr\u00e4sident Christian Schad in einer ersten Stellungnahme. Die dabei zu beachtenden Hygiene- und Abstandsregeln einzuhalten, sei f\u00fcr ihn ein Gebot der N\u00e4chstenliebe. Nach Auffassung von Kirchenpr\u00e4sident Schad geht es bei den Schutzma\u00dfnahmen darum, alles zu tun, um Infektionen zu vermeiden. \u201eWir d\u00fcrfen uns nicht gegenseitig gef\u00e4hrden und m\u00fcssen die sch\u00fctzen, die aufgrund ihres Alters oder einer Vorerkrankung ein besonderes Risiko haben\u201c, erkl\u00e4rte Schad. \u201eUnter diesen Voraussetzungen unsere Kirchen wieder f\u00fcr Gottesdienste zu \u00f6ffnen, tr\u00e4gt sowohl den notwendigen Schutzanforderungen Rechnung als auch dem Grundrecht auf freie Religionsaus\u00fcbung\u201c, sagte Kirchenpr\u00e4sident Christian Schad.<\/p>\n\n\n\n<p>Zu den landeskirchlichen Ma\u00dfnahmen zur Durchf\u00fchrung geh\u00f6ren das Tragen von Mund-Nasenschutz (Alltagsmasken) sowie die Einhaltung des Abstandsgebotes von zwei Metern. F\u00fcr Gottesdienst- oder Andachtsteilnehmer, die keinen Mund-Nasenschutz haben, m\u00fcssen die Gemeinden eine kleine Anzahl der Masken vorhalten. F\u00fcr Liturgen und Prediger gilt w\u00e4hrend des Gottesdienstes keine Maskenpflicht, sie m\u00fcssen jedoch den doppelten Abstand wahren. Um eventuelle Infektionsketten nachvollziehen zu k\u00f6nnen, werden von den Gottesdienstbesuchern Name und Adresse oder Telefonnummer erfasst. Die Daten m\u00fcssen in den Pfarr\u00e4mtern 21 Tage lang aufbewahrt und danach vernichtet werden.<\/p>\n\n\n\n<p>Ob am 3. Mai oder an einem der kommenden Sonntage Gottesdienste gefeiert werden, entscheiden nach der von der Landeskirche erlassenen Richtlinie die Presbyterien. Zu den Vorgaben z\u00e4hlen, dass Mitarbeiter der Gemeinde f\u00fcr einen geordneten Einlass und die Einhaltung einer maximalen Besucherzahl Verantwortung tragen. Die Gottesdienste werden zun\u00e4chst Predigtgottesdienste ohne Abendmahlsfeier sein. Bei gro\u00dfer Nachfrage k\u00f6nnen die Gemeinden in zeitlichem Abstand einen zweiten Gottesdienst anbieten. <\/p>\n\n\n\n<p>Alle Vorgaben gelten auch f\u00fcr Tauf-, Trau- und Trauergottesdienste sowie f\u00fcr Gottesdienste im Freien. Kindergottesdienste sollen bis auf Weiteres nicht stattfinden. Auf Konfirmationen und Konfirmationsjubil\u00e4en sowie andere \u201ebegegnungsintensive Festgottesdienste\u201c soll derzeit noch verzichtet werden.<\/p>\n\n\n\n<p><strong>Hinweis: <\/strong>Ob Gottesdienste in ihrer jeweiligen Gemeinde stattfinden, erfahren Besucher auf der Homepage ihrer Kirchengemeinde oder beim zust\u00e4ndigen Pfarramt. <\/p>\n\n\n\n<p><em>02.05.2020<\/em><\/p>\n\n\n\n<h2 class=\"wp-block-heading\"><strong>Gedenken zum Kriegsende im Dom<\/strong><\/h2>\n\n\n\n<h3 class=\"wp-block-heading\"><strong>\u00d6kumenische Gottesdienstfeier mit Bischof und Kirchenpr\u00e4sident erinnert an Jahrestag zum Ende des Zweiten Weltkrieges<\/strong><\/h3>\n\n\n\n<figure class=\"wp-block-image\"><img decoding=\"async\" loading=\"lazy\" width=\"640\" height=\"480\" src=\"https:\/\/speyer24news.com\/wp-content\/uploads\/2020\/05\/Dom-bei-Nacht.jpg\" alt=\"\" class=\"wp-image-26621\" srcset=\"https:\/\/speyer24news.com\/wp-content\/uploads\/2020\/05\/Dom-bei-Nacht.jpg 640w, https:\/\/speyer24news.com\/wp-content\/uploads\/2020\/05\/Dom-bei-Nacht-300x225.jpg 300w, https:\/\/speyer24news.com\/wp-content\/uploads\/2020\/05\/Dom-bei-Nacht-326x245.jpg 326w, https:\/\/speyer24news.com\/wp-content\/uploads\/2020\/05\/Dom-bei-Nacht-80x60.jpg 80w\" sizes=\"(max-width: 640px) 100vw, 640px\" \/><\/figure>\n\n\n\n<p><strong>Speyer &#8211; <\/strong>Das Bistum Speyer und die Evangelische Kirche der Pfalz gedenken am <strong>8. Mai um 19 Uhr<\/strong> im Speyerer Dom in einem gemeinsamen Gottesdienst des Endes des Zweiten Weltkrieges vor 75 Jahren. Bischof Karl-Heinz Wiesemann und Kirchenpr\u00e4sident Christian Schad stehen der gemeinsamen gottesdienstlichen Feier vor. Als weitere Liturginnen wirken mit Frau Christiane Brodersen von der Dreifaltigkeitskirchengemeinde Speyer und Frau Katrin Vollmer-Kaas von der Pfarrei Pax Christi Speyer am Gottesdienst mit. Die musikalische Gestaltung des Gottesdienstes zum Gedenken an das Kriegsende \u00fcbernimmt die Dommusik, von deren Leiter, Domkapellmeister Markus Melchiori, die Idee f\u00fcr eine zentrale Feier zum Jahrestag des Kriegsendes kam. F\u00fcnf S\u00e4ngerinnen und S\u00e4nger der Capella Spirensis werden St\u00fccke von Heinrich Sch\u00fctz und Johann Sebastian Bach singen. Ein besonderes Element wird ein Zeitzeugenbericht von Prof. Dr. Winfried Sommer aus R\u00f6merberg sein, der als kleiner Junge das Kriegsende in Speyer hautnah miterlebt hat. <\/p>\n\n\n\n<p>Urspr\u00fcnglich war ein Stationengang von St. Bernhard durch\ndie Stadt zum Speyerer Dom geplant, der jedoch auf Grund der Corona-Beschr\u00e4nkungen\nnicht stattfinden kann. Die \u00d6kumenische Gottesdienstfeier zum Kriegsende wird\nper Internet live \u00fcbertragen, zu empfangen \u00fcber die Homepage und die\nFacebookseite von Dom und Bistum. <\/p>\n\n\n\n<h2 class=\"wp-block-heading\"><strong>Sonntag erstmals wieder \u00f6ffentlicher\nGottesdienst im Dom<\/strong><\/h2>\n\n\n\n<h3 class=\"wp-block-heading\"><strong>Nach Zustimmung der Landesregierung zum Schutzkonzept des Bistums k\u00f6nnen im Dom wieder Gottesdienste mit Gemeinde gefeiert werden \u2013 Sicherheitsma\u00dfnahmen gegen Gefahr der Ansteckung bringen Beschr\u00e4nkungen mit sich<\/strong><\/h3>\n\n\n\n<div class=\"wp-block-image\"><figure class=\"aligncenter\"><img decoding=\"async\" loading=\"lazy\" width=\"375\" height=\"500\" src=\"https:\/\/speyer24news.com\/wp-content\/uploads\/2020\/03\/Dom.jpg\" alt=\"\" class=\"wp-image-25911\" srcset=\"https:\/\/speyer24news.com\/wp-content\/uploads\/2020\/03\/Dom.jpg 375w, https:\/\/speyer24news.com\/wp-content\/uploads\/2020\/03\/Dom-225x300.jpg 225w\" sizes=\"(max-width: 375px) 100vw, 375px\" \/><\/figure><\/div>\n\n\n\n<p><strong>Speyer &#8211;<\/strong> Seit dem 13. M\u00e4rz, als bistumsweit alle \u00f6ffentlichen Gottesdienste eingestellt wurden, gab es keine \u00f6ffentliche Messe mit Gemeinde mehr im Dom. Am 3. Mai um 10 Uhr wird nun wieder eine solche gefeiert \u2013 allerdings unter strengen Sicherheitsauflagen. Diese stehen im Schutzkonzept des Bistums Speyer. Im Dom sind maximal 50 Personen nach vorheriger Anmeldung zur Mitfeier zugelassen. Eine Teilnahme ist ausschlie\u00dflich nach vorheriger telefonischer Anmeldung m\u00f6glich. Diese kann am Samstag, 2. Mai, zwischen 10 und 12 Uhr unter der Nummer 06232 \u2013 102 140 im Pfarramt der Dompfarrei Pax Christi erfolgen. Dabei m\u00fcssen Name, Adresse und Telefonnummer hinterlassen werden, um sp\u00e4ter m\u00f6glicherweise Infektionsketten nachverfolgen zu k\u00f6nnen. Da die Anzahl der TeilnehmerInnen begrenzt ist, wird der Gottesdienst, wie an den Sonntagen zuvor, weiterhin live \u00fcber die Homepages und Social-Media-Pr\u00e4senzen von Bistum und Dom \u00fcbertragen. <\/p>\n\n\n\n<p>Die Sicherheitsma\u00dfnahmen bringen noch weitere Beschr\u00e4nkungen\nmit sich. Um die Gef\u00e4hrdung soweit m\u00f6glich zu reduzieren, wird es keinen\ngemeinsamen Gemeindegesang geben. Die musikalische Gestaltung \u00fcbernimmt die\nDommusik, kurze Liedrufe und Kehrverse sind m\u00f6glich. Der Friedensgru\u00df kann per\nBlickkontakt geschehen, ohne H\u00e4ndedruck. Domdekan Dr. Christoph Kohl, der der\nMesse diesen Sonntag vorstehen wird, sagt mit Blick auf die Gottesdiensfeier: \u201eIch\nhoffe, dass auch unter diesen sehr ungew\u00f6hnlichen Umst\u00e4nden eine\nGottesdienstgemeinschaft erfahrbar ist.\u201c<\/p>\n\n\n\n<p>Die beh\u00f6rdlich verordneten Hygieneschutzregeln gelten auch\nim Rahmen der Messfeier: ein mitgebrachter Mundschutz, Handdesinfektion und 2\nMetern Abstand zueinander sind verpflichtend. Im Dom werden derzeit\nVorkehrungen getroffen, welche die bislang bestehenden Sicherheitsma\u00dfnahmen\nnoch erg\u00e4nzen. Dazu z\u00e4hlen beispielsweise Einbahnstra\u00dfenregelungen beim Kommen\nund Gehen, Bodenmarkierungen am Eingang und am Ausgang und eine Markierung der\nSitzpl\u00e4tze in den B\u00e4nken. Wie im Sicherheitskonzept beschlossen werden zudem\nAnsprechpartner vor Ort sein, welche bei der Einhaltung der\nSicherheitsregelungen unterst\u00fctzen. Der Eingang zu allen Gottesdiensten geschieht\nausschlie\u00dflich \u00fcber das Hauptportal.<\/p>\n\n\n\n<p>Die sonnt\u00e4gliche Fr\u00fchmesse im Dom wird in n\u00e4chster Zeit nicht gefeiert. Ob die Sonntagabendmesse der Dompfarrei um 18 Uhr in Zukunft stattfindet, wird im Lauf der n\u00e4chsten Woche entschieden. Zu den Werktagsfr\u00fchmessen l\u00e4dt das Domkapitel ab Montag, 4. Mai, ein. Sie beginnen, wie \u00fcblich, Montag bis Freitag um 7 Uhr und Samstag um 7.30 Uhr. Sie finden im Hauptschiff statt, nicht in\u00a0 der Afrakapelle. Die Werktagsabendmessen am Dienstag und am Freitag um 18 Uhr entfallen bis auf Weiteres. Die Werktagsmessen der Dompfarrei Pax Christi finden in den anderen Kirchen statt.<\/p>\n\n\n\n<p><em>Text: Bistum Speyer Foto:Speyer 24\/7 News, dak<br>02.05.2020<\/em><\/p>\n\n\n\n<h2 class=\"wp-block-heading\">Nach\u00f6sterliche Freudenbotschaften in der siebten Corona-Woche<\/h2>\n\n\n\n<div class=\"wp-block-image\"><figure class=\"aligncenter\"><img decoding=\"async\" loading=\"lazy\" width=\"330\" height=\"231\" src=\"https:\/\/speyer24news.com\/wp-content\/uploads\/2020\/04\/Evangelische-Kirche-der-Pfalz-Logo.png\" alt=\"\" class=\"wp-image-26396\" srcset=\"https:\/\/speyer24news.com\/wp-content\/uploads\/2020\/04\/Evangelische-Kirche-der-Pfalz-Logo.png 330w, https:\/\/speyer24news.com\/wp-content\/uploads\/2020\/04\/Evangelische-Kirche-der-Pfalz-Logo-300x210.png 300w\" sizes=\"(max-width: 330px) 100vw, 330px\" \/><\/figure><\/div>\n\n\n\n<p><strong>Speyer<em> (lk)<\/em> &#8211; <\/strong>Auch am ersten Mai-Wochenende bleiben die protestantischen Kirchengemeinden mit Gottesdiensten im Internet, im Fernsehen, im Radio und auf Social-Media-Kan\u00e4len mit den Menschen verbunden.<\/p>\n\n\n\n<p>Im w\u00f6chentlichen Video-Gottesdienst bietet die Prot. Kirchengemeinde Freinsheim, Dackenheim und Weisenheim am Sand auf dem YouTube-Kanal &#8222;Prot. Pfarramt Freinsheim&#8220; am dritten Sonntag nach Ostern einen Video-Gottesdienst. Er wird von Pfarrer Martin Palm und seinem Team gehalten und ist abrufbar unter <a href=\"http:\/\/www.evkirche-freinsheim.de#_blank\">http:\/\/www.evkirche-freinsheim.de#_blank<\/a> oder auf <a href=\"https:\/\/www.facebook.com\/evkirchefreinsheim\/\">Facebook<\/a>.<\/p>\n\n\n\n<p>Zudem gibt es in den Kirchengemeinden und Kirchenbezirken, die sonntags regelm\u00e4\u00dfig einen Video-Gottesdienst senden, folgende Online-Formate am Sonntag Jubilate:<\/p>\n\n\n\n<p>In der siebten Woche senden die evangelischen Kirchen aus der Kaiserslauterer Friedenskirche einen Live-Online-Gottesdienst am 3. Mai. Dieser wird vom Siegelbacher Pfarrer Andreas Brosch zusammen mit einem Team aus Musikern und Technikern gestaltet. Interessierte k\u00f6nnen den Gottesdienst unter <a href=\"http:\/\/www.kirchen-kl.de\">www.kirchen-kl.de<\/a> verfolgen oder die \u00dcbertragung in der Woche danach auch beim Offenen Kanal Kaiserslautern und bei YouTube im Kanal &#8222;Onlineredaktion Kirchen-in-KL&#8220; sehen.<br>Am Sonntag um 9.30 Uhr sendet die Johanneskirchengemeinde Pirmasens \u00fcber die Videokonferenz-Software Zoom auf der Webseite <a href=\"https:\/\/www.johanneskirche-pirmasens.de\/\"><\/a><a href=\"https:\/\/www.johanneskirche-pirmasens.de\">https:\/\/www.johanneskirche-pirmasens.de\/<\/a> einen Live-Online-Gottesdienst. Aus der Stadtkirche Kusel wird um 10 Uhr Pfarrerin Janina Tamm aus der Pfarrei am Potzberg einen Online-Gottesdienst halten, der auf der Webseite <a href=\"http:\/\/www.dekanat-kusel.de\/\">http:\/\/www.dekanat-kusel.de\/<\/a> sowie auf der<a href=\"https:\/\/www.facebook.com\/kusel.tv\/\"> Facebook-Seit<\/a>e abrufbar ist.<br> Das Dekanat Germersheim \u00fcbermittelt am Sonntag unter der Rubrik &#8222;An(ge)dacht&#8220; den w\u00f6chentlichen Sonntags-Gottesdienst auf der Webseite <a href=\"https:\/\/dekanat-germersheim.de\/angedacht\">https:\/\/dekanat-germersheim.de\/angedacht<\/a> sowie unter dem <a href=\"https:\/\/www.youtube.com\/user\/kreuzundquerTV\">YouTube-Kanal &#8222;KreuzundQuerTV&#8220;<\/a> aus Kandel. Der Kirchenbezirk Landau h\u00e4lt unter dem YouTube-Kanal &#8222;Protestantischer Kirchenbezirk Landau&#8220; am Sonntag ebenfalls einen Pray-at-Home-Gottesdienst bereit, den verschiedene Pfarrer halten. Die Kooperationsregion Gr\u00fcnstadt, Sausenheim, Neuleiningen \u00fcbertr\u00e4gt am 3. Mai unter <a href=\"http:\/\/www.kirche-sausenheim-neuleiningen.de\/\">http:\/\/www.kirche-sausenheim-neuleiningen.de\/<\/a> oder <a href=\"https:\/\/ev-kirchengemeinde-gruenstadt.de\/aktuelles\/nachrichten\">https:\/\/ev-kirchengemeinde-gruenstadt.de\/aktuelles\/nachrichten<\/a> ebenfalls einen Jubilate-Gottesdienst.<br>Im ZDF-Fernsehgottesdienst am Sonntag um 9.30 Uhr trifft die \u00f6sterliche Freudenbotschaft zum vierten Mal aus der Saalkirche Ingelheim auf die gegenw\u00e4rtige angespannte Situation, die niemand so leicht aufl\u00f6sen kann. Die Predigt h\u00e4lt der Ratsvorsitzende der Evangelischen Kirche in Deutschland, Landesbischof Heinrich Bedford-Strohm. Er beantwortet die Frage, woraus den Menschen die Kr\u00e4fte erwachsen, um weiter in der andauernden Corona-Pandemie zu bestehen. Zugleich ringt die Gesellschaft um einen verantwortlichen Umgang mit der Pandemie und ihren wirtschaftlichen und sozialen Folgen. F\u00fcr die Musik sorgen Gesangssolisten aus der Gemeinde sowie Iris und Carsten Lenz an der Orgel und dem Fl\u00fcgel.<br>Im Radioprogramm SWR 1 gestaltet am Sonntagmorgen Pfarrerin Annette Bassler aus Mainz um 9.20 Uhr die &#8222;Begegnungen&#8220;. Auf SWR 2 sendet Karoline Rittberger-Klas aus T\u00fcbingen bereits um 7.55 Uhr das Lied zum Sonntag.<\/p>\n\n\n\n<p>Auf Instagram gibt es regelm\u00e4\u00dfige Impulse von Pfarrerin Petra Scheidhauer aus Homburg\/Saar unter <a href=\"https:\/\/www.instagram.com\/kirche_unverstaubt\">https:\/\/www.instagram.com\/kirche_unverstaubt<\/a> sowie von Pfarrer Stefan Bauer von der Matth\u00e4uskirche Landau unter dem Hashtag #drbauersdailydose.<\/p>\n\n\n\n<p><em>02.05.2020<\/em><\/p>\n\n\n\n<h2 class=\"wp-block-heading\">Genuss und Gesundheit<\/h2>\n\n\n\n<h3 class=\"wp-block-heading\">Die \u00f6kumenische Mitmachaktion der pf\u00e4lzischen Kirchen \u201eTrendsetter Weltretter\u201c findet vom 7. September bis 4. Oktober statt. Schwerpunkt im dritten Jahr ist Ern\u00e4hrung. Rezepte werden ab sofort gesammelt.<\/h3>\n\n\n\n<div class=\"wp-block-image\"><figure class=\"aligncenter\"><img decoding=\"async\" loading=\"lazy\" width=\"800\" height=\"638\" src=\"https:\/\/speyer24news.com\/wp-content\/uploads\/2020\/05\/Trendsetter-Weltretter.jpg\" alt=\"\" class=\"wp-image-26620\" srcset=\"https:\/\/speyer24news.com\/wp-content\/uploads\/2020\/05\/Trendsetter-Weltretter.jpg 800w, https:\/\/speyer24news.com\/wp-content\/uploads\/2020\/05\/Trendsetter-Weltretter-300x239.jpg 300w, https:\/\/speyer24news.com\/wp-content\/uploads\/2020\/05\/Trendsetter-Weltretter-768x612.jpg 768w\" sizes=\"(max-width: 800px) 100vw, 800px\" \/><\/figure><\/div>\n\n\n\n<p><strong>Speyer<em> (lk\/is) <\/em>&#8211; <\/strong>Die \u00f6kumenische Mitmachaktion f\u00fcr einen nachhaltigen Lebensstil \u201eTrendsetter Weltretter\u201c findet im September dieses Jahres zum dritten Mal statt. Nach Konsum (2018) und Mobilit\u00e4t (2019) ist der Schwerpunkt der vierw\u00f6chigen Aktion 2020 das Thema Ern\u00e4hrung. Unter dem Motto \u201eEinfach anders essen\u201c entwickeln die Initiatoren der Evangelischen Kirche der Pfalz, des Bistums Speyer, der ACK S\u00fcdwest und der Landeszentrale f\u00fcr Umweltaufkl\u00e4rung Rheinland-Pfalz Ideen f\u00fcr mehr Nachhaltigkeit.<\/p>\n\n\n\n<p>Sibylle Wiesemann und Steffen Glombitza, Umweltbeauftragte der Landeskirche und des Bistums Speyer, sind \u00fcberzeugt: \u201eErn\u00e4hrung betrifft uns alle: Sie ist Lebensgrundlage und Genuss, besonders in Gemeinschaft. Sie steht im Zusammenhang mit Tierwohl, Klimaschutz und Kulturlandschaft. Jeden Tag haben wir einen kleinen Einfluss auf die Welt und einen gro\u00dfen Einfluss auf unser eigenes Wohlbefinden.\u201c<\/p>\n\n\n\n<p>Mit der Aktion werben die Kirchen daf\u00fcr, etwas Neues auszuprobieren und lustvoll, lecker, anders zu essen \u2013 aus Achtung vor Tieren, Pflanzen und Menschen. Alle Interessierten erhalten dazu t\u00e4gliche Impulse per E-Mail, \u00fcber Facebook oder die Webseite zur Aktion.<\/p>\n\n\n\n<p>Ab sofort sind Menschen in der Pfalz und Saarpfalz aufgerufen, pers\u00f6nliche Rezepte f\u00fcr leckere, nachhaltige und faire Gerichte per E-Mail an info@trendsetter-weltretter.de<a href=\"mailto:info@trendsetter-weltretter.de\">info@trendsetter-weltretter.de<\/a> einzusenden. Passend zur Ernte- und Sch\u00f6pfungszeit wird der Rezept-Fundus zum Start der Aktion am 5. September ver\u00f6ffentlicht. Dann sind m\u00f6glichst viele Menschen dazu eingeladen, nachhaltige Gerichte aus der (Saar-)Pfalz zu kochen, gemeinsam oder in der eigenen K\u00fcche.<\/p>\n\n\n\n<p>Der katholische Landauer Dekan Axel Brecht, der schon in TV-Kochsendungen aufgetreten ist, und Oberkirchenr\u00e4tin Dorothee W\u00fcst von der Evangelischen Kirche der Pfalz werden zum Auftakt der Aktion in einer Kochshow gemeinsam aktiv werden. Weiterhin sind Veranstaltungen f\u00fcr verschiedene Zielgruppen geplant, beispielsweise Workshops zum G\u00e4rtnern in der Stadt, Schulaktionen, ein faires Fr\u00fchst\u00fcck f\u00fcr die Kitas, Veranstaltungen gegen Lebensmittelverschwendung, Besuche bei Landwirtschaftsbetrieben oder Workshops, in denen Interessenten nachhaltige Speisen zubereiten.<\/p>\n\n\n\n<p>Die Organisatoren sind zuversichtlich, dass im Herbst wieder \u00f6ffentliche Veranstaltungen im kleineren Rahmen m\u00f6glich sind, um Essen auch in Gemeinschaft erleben zu k\u00f6nnen.<\/p>\n\n\n\n<p>Das Thema Ern\u00e4hrung ist nach Ansicht der beiden kirchlichen Umweltbeauftragten Wiesemann und Glombitza aktueller denn je: Eine gesunde und \u00f6kologisch nachhaltige Ern\u00e4hrung sei sowohl f\u00fcr die eigene Gesundheit als auch f\u00fcr die Biosph\u00e4re eine unabdingbare Grundlage. Die Gesundheit des Planeten h\u00e4nge mit der Gesundheit der Menschen zusammen. Ern\u00e4hrung stehe im Zusammenhang mit unserem Lebensmodell.<\/p>\n\n\n\n<p>\u201eDie Aktion im September bietet einen guten Anlass, mit den Umbr\u00fcchen kreativ umzugehen und gesund, regional und saisonal zu kochen\u201c, so die Initiatoren von \u201eTrendsetter Weltretter\u201c. Die Organisatoren rufen dazu auf, die sogenannte \u201eGlokalisierung\u201c auf unseren Tellern umzusetzen. Die Wortsch\u00f6pfung setzt sich zusammen aus \u201eglobal\u201c und \u201elokal\u201c. Sie beschreibt das Ph\u00e4nomen regionaler Lebensmittelproduktion in einer global vernetzten Welt.<\/p>\n\n\n\n<p>Einsendung der Rezepte an: <a href=\"mailto:info@trendsetter-weltretter.de\">info@trendsetter-weltretter.de<\/a><\/p>\n\n\n\n<p>Mehr Informationen unter <a href=\"http:\/\/www.trendsetter-weltretter.de\">http:\/\/www.trendsetter-weltretter.de<\/a> und unter <a href=\"http:\/\/www.facebook.com\/trendsetterweltretter\">http:\/\/www.facebook.com\/trendsetterweltretter<\/a><\/p>\n\n\n\n<p><em>02.05.2020<\/em><\/p>\n\n\n\n<h2 class=\"wp-block-heading\"><strong>\u201eWir m\u00fcssen das Leben in und mit der Krise lernen\u201c<\/strong><\/h2>\n\n\n\n<h3 class=\"wp-block-heading\"><strong>Bischof Wiesemann begr\u00fc\u00dft die M\u00f6glichkeit zur Wiederaufnahme \u00f6ffentlicher Gottesdienste \u2013 Videobotschaft an die Gl\u00e4ubigen im Bistum Speyer<\/strong><\/h3>\n\n\n\n<figure class=\"wp-block-image\"><img decoding=\"async\" loading=\"lazy\" width=\"800\" height=\"533\" src=\"https:\/\/speyer24news.com\/wp-content\/uploads\/2020\/03\/Bischof-WiesemannIMG_7761.jpg\" alt=\"\" class=\"wp-image-25558\" srcset=\"https:\/\/speyer24news.com\/wp-content\/uploads\/2020\/03\/Bischof-WiesemannIMG_7761.jpg 800w, https:\/\/speyer24news.com\/wp-content\/uploads\/2020\/03\/Bischof-WiesemannIMG_7761-300x200.jpg 300w, https:\/\/speyer24news.com\/wp-content\/uploads\/2020\/03\/Bischof-WiesemannIMG_7761-768x512.jpg 768w\" sizes=\"(max-width: 800px) 100vw, 800px\" \/><\/figure>\n\n\n\n<p><strong>Speyer &#8211; <\/strong>Der Speyerer Bischof Dr. Karl-Heinz Wiesemann begr\u00fc\u00dft, dass wieder \u00f6ffentliche Gottesdienste gefeiert werden k\u00f6nnen. Die Bist\u00fcmer haben f\u00fcr ihre Gottesdienste spezielle Schutzkonzepte entwickelt. Sie haben das Ziel, die Gesundheit der Mitfeiernden zu sch\u00fctzen und die Gefahr einer Ansteckung so klein wie m\u00f6glich zu halten. Dazu dienen zum Beispiel eine Begrenzung der Teilnehmerzahl, eine vorherige Anmeldung, der Einsatz eines Ordnungsdienstes, die Einhaltung von Abstandsregeln und der Gebrauch eines Mund-Nasen-Schutzes. \u201eDas wird sich anders anf\u00fchlen als die Gottesdienste vor der Corona-Krise. Aber nur in dieser angepassten Weise k\u00f6nnen wir zum jetzigen Zeitpunkt in verantwortungsvoller Weise miteinander Gottesdienst feiern\u201c, macht Bischof Wiesemann in einer Videobotschaft an die Gl\u00e4ubigen im Bistum Speyer deutlich.<\/p>\n\n\n\n<p>In seinen Augen w\u00e4re es falsch, verfr\u00fcht zur Normalit\u00e4t vor der Corona-Krise zur\u00fcckkehren zu wollen. \u201eJetzt kommt es darauf an, das Erreichte nicht leichtfertig aufs Spiel zu setzen.\u201c Die Infektionsgefahr durch das Virus sei immer noch gro\u00df. Der Bischof ruft die Gl\u00e4ubigen dazu auf, \u201edas Leben in und mit der Krise zu lernen\u201c. Im Blick auf die vergangenen Wochen betont der Bischof, dass es richtig gewesen sei, die \u00f6ffentlichen Gottesdienste vorerst auszusetzen. \u201eDiese Ma\u00dfnahme war nicht nur vern\u00fcnftig, sondern entspricht auch unserem Glauben, der von der Verantwortung und der Solidarit\u00e4t lebt.\u201c Es sei ihm in dieser Zeit neu bewusst geworden, wie sehr der Glaube die unmittelbare Gemeinschaft brauche, teilt Bischof Wiesemann den Gl\u00e4ubigen seine pers\u00f6nliche Erfahrung mit. Nicht ohne Grund nenne das Zweite Vatikanum die Eucharistiefeier \u201edie Quelle und den H\u00f6hepunkt\u201c des ganzen christlichen Lebens. \u201eAus ihr sch\u00f6pfen wir die Kraft f\u00fcr unseren Alltag und f\u00fcr unsere Sendung als Christen in der Welt\u201c, so Bischof Wiesemann. Er dankt allen, die \u201ein den vergangenen Wochen verantwortungsbewusst gehandelt haben.\u201c Dadurch seien viele Menschenleben gerettet worden und \u00c4rzte und Pflegende vor schrecklichen Entscheidungen \u00fcber Leben und Tod bewahrt worden.<\/p>\n\n\n\n<p>Das Bistum werde in den n\u00e4chsten Wochen erg\u00e4nzend zu den Eucharistiefeiern andere Gottesdienstformen wie zum Beispiel Wortgottesfeiern, Rosenkranzgebete, Maiandachten oder Gottesdienste im Freien anbieten. Bischof Wiesemann bittet alle Gl\u00e4ubigen, beim Auftreten von Krankheitssymptomen den \u00f6ffentlichen Gottesdiensten fernzubleiben und stattdessen lieben einen Gottesdienst im Fernsehen, Radio oder im Internet mitzufeiern.<\/p>\n\n\n\n<h4 class=\"wp-block-heading\"><strong>Anordnungen der Landesregierungen f\u00fcr Schutzkonzepte liegen aktuell noch nicht vor<\/strong><\/h4>\n\n\n\n<p>Aktuell liegen den Bist\u00fcmern die Anordnungen der Landesregierungen von Rheinland-Pfalz und des Saarlandes f\u00fcr die Schutzkonzepte der Gottesdienste noch nicht vor. \u201eWir informieren die Pfarreien umgehend, sobald die Landesregierungen dazu eine Entscheidung getroffen haben\u201c, k\u00fcndigt Generalvikar Andreas Sturm an. Er weist darauf hin, dass die Umsetzung einiges an Kraft, Geduld und Organisation sowie eine hohe Disziplin von allen Mitfeiernden erfordert. Er bittet die Priester, pastoralen Mitarbeiter, Ehrenamtlichen und Gl\u00e4ubigen in den Pfarreien, sich nicht zu \u00fcberfordern: \u201eEs sollen und k\u00f6nnen sicher nicht sofort wieder so viele Gottesdienste an so vielen Orten gefeiert werden wie bisher.\u201c Zum Beispiel muss zun\u00e4chst gekl\u00e4rt und organisiert werden, wie sich die Gl\u00e4ubigen zur Teilnahme am Gottesdienst anmelden k\u00f6nnen. Die Pfarreien stehen zudem vor der Aufgabe, einen Empfangsdienst f\u00fcr die Gottesdienste zu organisieren, der f\u00fcr den Einlass in die Kirche und die Einhaltung der Regeln sorgt. \u201eDas geht alles nicht von jetzt auf gleich. Auch wenn \u00f6ffentliche Gottesdienst staatlicherseits schon ab Sonntag wieder zugelassen sind, kann die notwendige organisatorische Vorbereitung dazu f\u00fchren, dass wir an manchen Orten vielleicht erst im Lauf der Woche oder zum kommenden Sonntag die ersten Gottesdienste werden feiern k\u00f6nnen\u201c, wirbt Generalvikar Sturm um Verst\u00e4ndnis und einen behutsamen Einstieg in die Wiederaufnahme gemeinschaftlicher Gottesdienste. Er ruft die Pfarreien zugleich auf, sich mit den evangelischen Gemeinden vor Ort soweit wie m\u00f6glich \u00f6kumenisch abzustimmen. Die Gl\u00e4ubigen finden die Informationen zu Gottesdiensten in ihrer N\u00e4he auf den Internetseiten der Pfarreien.<\/p>\n\n\n\n<p>Da die Platzzahl in vielen Kirchen durch die Einhaltung der Abstandsregeln sehr begrenzt sein wird, spricht sich der Generalvikar daf\u00fcr aus, auch weiterhin die Gottesdienste im Fernsehen, H\u00f6rfunk und Internet zu nutzen. \u201eGerade f\u00fcr kranke und \u00e4ltere Menschen kann das eine gute Alternative sein.\u201c<\/p>\n\n\n\n<p>Im Speyerer Dom wird am Sonntag, den 3. Mai, um 10 Uhr ein Kapitelsamt gefeiert, das wie an den vergangenen Sonntagen per Livestream ins Internet \u00fcbertragen wird. Im Dom steht nur eine begrenzte Zahl von Sitzpl\u00e4tzen zur Verf\u00fcgung. Gl\u00e4ubige m\u00fcssen sich zur Teilnahme am Gottesdienst vorher anmelden. <em>Hinweis f\u00fcr die Redaktion: N\u00e4here Informationen zum Gottesdienst am Sonntag im Dom ver\u00f6ffentlichen wir in K\u00fcrze in einer eigenen Presseinformation.<\/em><\/p>\n\n\n\n<h4 class=\"wp-block-heading\"><strong>Videobotschaft des Bischofs an die Gl\u00e4ubigen im Bistum Speyer:<\/strong><\/h4>\n\n\n\n<figure class=\"wp-block-embed-youtube wp-block-embed is-type-video is-provider-youtube wp-embed-aspect-16-9 wp-has-aspect-ratio\"><div class=\"wp-block-embed__wrapper\">\n<iframe loading=\"lazy\" title=\"Bischof Wiesemann zur Wiederaufnahme \u00f6ffentlicher Gottesdienste\" width=\"500\" height=\"281\" src=\"https:\/\/www.youtube.com\/embed\/WvcB0WjEPY8?feature=oembed\" frameborder=\"0\" allow=\"accelerometer; autoplay; encrypted-media; gyroscope; picture-in-picture\" allowfullscreen><\/iframe>\n<\/div><\/figure>\n\n\n\n<h4 class=\"wp-block-heading\"><strong>Gottesdienstangebote in Fernsehen und H\u00f6rfunk:<\/strong><\/h4>\n\n\n\n<p><a href=\"https:\/\/www.bistum-speyer.de\/news\/nachrichten\/?no_cache=1&amp;tx_ttnews%5Btt_news%5D=13411&amp;cHash=b23cf2851390328f8711a79cf8c0c480\">https:\/\/www.bistum-speyer.de\/news\/nachrichten\/?no_cache=1&amp;tx_ttnews%5Btt_news%5D=13411&amp;cHash=b23cf2851390328f8711a79cf8c0c480<\/a><\/p>\n\n\n\n<h4 class=\"wp-block-heading\"><strong>Gottesdienste aus dem Bistum Speyer im Internet:<\/strong><\/h4>\n\n\n\n<p><a href=\"https:\/\/www.bistum-speyer.de\/news\/nachrichten\/?no_cache=1&amp;tx_ttnews%5Btt_news%5D=13325&amp;cHash=f4d9562f8ae6bdf0c502e63213485e5e\">https:\/\/www.bistum-speyer.de\/news\/nachrichten\/?no_cache=1&amp;tx_ttnews%5Btt_news%5D=13325&amp;cHash=f4d9562f8ae6bdf0c502e63213485e5e<\/a><\/p>\n\n\n\n<h4 class=\"wp-block-heading\"><strong>Zugang zu den Internetseiten der Pfarreien im Bistum Speyer mit Informationen zu den Gottesdiensten vor Ort:<\/strong><\/h4>\n\n\n\n<p><a href=\"https:\/\/www.bistum-speyer.de\/bistum\/bistumskarte\/\">https:\/\/www.bistum-speyer.de\/bistum\/bistumskarte\/<\/a><\/p>\n\n\n\n<p><em>Bistum Speyer<br>02.05.2020<\/em><\/p>\n\n\n\n<h2 class=\"wp-block-heading\">Vorhalle saniert und ge\u00f6ffnet<\/h2>\n\n\n\n<h3 class=\"wp-block-heading\">Domkapitel informiert zum Abschluss der Arbeiten \u2013 Vorhalle steht Besuchern offen<\/h3>\n\n\n\n<div class=\"wp-block-image\"><figure class=\"aligncenter\"><img decoding=\"async\" loading=\"lazy\" width=\"800\" height=\"533\" src=\"https:\/\/speyer24news.com\/wp-content\/uploads\/2020\/05\/Dom-Vorhalle1_m.jpg\" alt=\"\" class=\"wp-image-26616\" srcset=\"https:\/\/speyer24news.com\/wp-content\/uploads\/2020\/05\/Dom-Vorhalle1_m.jpg 800w, https:\/\/speyer24news.com\/wp-content\/uploads\/2020\/05\/Dom-Vorhalle1_m-300x200.jpg 300w, https:\/\/speyer24news.com\/wp-content\/uploads\/2020\/05\/Dom-Vorhalle1_m-768x512.jpg 768w\" sizes=\"(max-width: 800px) 100vw, 800px\" \/><\/figure><\/div>\n\n\n\n<p><strong>Speyer &#8211; <\/strong>Die Vorhalle des Speyerer Domes ist nach rund einem Jahr vollst\u00e4ndig restauriert \u2013 und ab dem 1. Mai auch wieder f\u00fcr Besucher zug\u00e4nglich. Die \u00d6ffnung erfolgt im Zusammenhang mit den generellen Lockerungen im \u00f6ffentlichen Leben und der Wiederzulassung von \u00f6ffentlichen Gottesdienstfeiern durch die Rheinland-Pf\u00e4lzische Landesregierung. Am 3. Mai ist im Dom der erste \u00f6ffentliche Gottesdienst geplant. Weiterhin gelten im Dom und der Vorhalle die Sicherheits- und Hygieneregeln zur Eind\u00e4mmung der Corona-Pandemie.<\/p>\n\n\n\n<p>Wie vorgesehen konnte die Restaurierung der Vorhalle des Speyerer Doms bereits am 31. M\u00e4rz 2020 erfolgreich abgeschlossen werden. Was nicht vorgesehen war, waren die Umst\u00e4nde, unter denen dieses gro\u00dfe Restaurierungsprojekt zu Ende gebracht wurde. Die Corona-Krise hat zwar die Restaurierungsarbeiten in ihrem Fortgang nicht behindert, hat aber das \u00f6ffentliche Leben und damit auch den Besucherverkehr am Dom stark eingeschr\u00e4nkt. Daher war dieser Bereich nicht, wie zun\u00e4chst geplant, am 1. April wieder f\u00fcr die \u00d6ffentlichkeit ge\u00f6ffnet worden. Und auch die feierliche Einweihung mit dem Speyerer Bischof und den F\u00f6rderern dieser Ma\u00dfnahme muss ersatzlos entfallen. <\/p>\n\n\n\n<p>Die Gesamtkosten in H\u00f6he von 891.000 Euro wurden aus Mitteln des Denkmalschutz Sonderprogramms VII der Bundesregierung, der F\u00f6rderung durch das Land Rheinland-Pfalz und aus Haushaltsmitteln des Domkapitels bestritten. Land und Bund steuerten jeweils je 356.000 Euro bei. Letztere wurden durch F\u00f6rdermittel von der Europ\u00e4ischen Stiftung Kaiserdom erg\u00e4nzt, welche zu diesem Zweck Projektmittel von der Edith-Haberland-Wagner Stiftung zur Verf\u00fcgung gestellt bekam. Einen weiteren Beitrag leistete der Dombauverein Speyer, der die Instandsetzung mit j\u00e4hrlichen Zuwendungen f\u00f6rdert. <\/p>\n\n\n\n<div class=\"wp-block-image\"><figure class=\"aligncenter\"><img decoding=\"async\" loading=\"lazy\" width=\"800\" height=\"558\" src=\"https:\/\/speyer24news.com\/wp-content\/uploads\/2020\/05\/Dom-Vorhalle4_m.jpg\" alt=\"\" class=\"wp-image-26617\" srcset=\"https:\/\/speyer24news.com\/wp-content\/uploads\/2020\/05\/Dom-Vorhalle4_m.jpg 800w, https:\/\/speyer24news.com\/wp-content\/uploads\/2020\/05\/Dom-Vorhalle4_m-300x209.jpg 300w, https:\/\/speyer24news.com\/wp-content\/uploads\/2020\/05\/Dom-Vorhalle4_m-768x536.jpg 768w\" sizes=\"(max-width: 800px) 100vw, 800px\" \/><\/figure><\/div>\n\n\n\n<p>Das nun in seiner Gesamtheit wahrnehmbare Restaurierungsergebnis war alle M\u00fchen wert, sagt Domdekan und Domkustos Dr. Christoph Kohl: \u201eEndlich wird sichtbar, welch ein Kleinod die Vorhalle ist und dass der Raum als historistisches Gesamtkunstwerk vom Architekten durchkomponiert wurde.\u201c Auch Dombaumeisterin Hedwig Drabik freut sich \u00fcber den gelungenen Abschluss der Arbeiten. \u201eDie Vorhalle stellt sich dank der Restaurierung als ganz neuer Raum dar. Wir sind sehr gl\u00fccklich mit dem Ergebnis und haben von unserem Wissenschaftlichen Beirat daf\u00fcr bereits hohes Lob erhalten\u201c, so Drabik. \u201eZuletzt haben wir noch die Bodenplatten \u00fcberarbeitet, die Beleuchtung fertig gestellt und die Taubenabwehr installiert. Gl\u00fccklicherweise konnten die Fachbetriebe diese Arbeiten auch w\u00e4hrend der Corona-Krise fristgerecht fertig stellen\u201c, sagt die Dombaumeisterin.<\/p>\n\n\n\n<p>Der neoromanische Westbau, der 1858 durch Heinrich H\u00fcbsch fertiggestellt wurde, geh\u00f6rte vormals zu den eher \u201eungeliebten\u201c Teilen des Doms,  da er im Verh\u00e4ltnis zum romanischen Bauk\u00f6rper viel j\u00fcngeren Datums und neueren Stils ist. Dabei wurde lange \u00fcbersehen, dass es sich um ein historistisches Gesamtkunstwerk handelt, das jetzt erst vollends zu Geltung kommt. Verschmutzungen hatten vor allem den Skulpturen und den Vergoldungen stark zugesetzt so dass sich die Eingangshalle des Doms zuletzt in keinem sehr einladenden Zustand pr\u00e4sentierte.<\/p>\n\n\n\n<p>Da die Vorhalle seit der Fertigstellung 1858 nicht umfassend gereinigt worden ist, bestand der erste Schritt der Sanierungsma\u00dfnahme in der Ausf\u00fchrung einer Hei\u00dfdampfreinigung, die oberfl\u00e4chlichen Schmutz und Staub entfernte. Die Nischenfiguren in der Vorhalle, welche die im Dom beigesetzten Kaiser und K\u00f6nige in acht Wandnischen zeigen, wurden ber\u00fchrungsfrei durch ein Laserverfahren gereinigt. Das Wirkprinzip besteht aus der Absorption und Reflektion. Die Energie des Laserstrahls wird durch die dunkle Verschmutzungskruste absorbiert und schlagartig in W\u00e4rme umgewandelt. Durch den thermischen Prozess verdampft die absorbierende Schicht in einer Plasmawolke. Helle Fl\u00e4chen reflektieren den Laserstrahl, so dass nur die tats\u00e4chlichen Verschmutzungen abgetragen werden. Man entschied sich f\u00fcr dieses Verfahren, da es die bestm\u00f6glichen Ergebnisse erzielte, schadensfrei funktioniert und im Gegensatz zu anderen Reinigungsverfahren, wie etwa die Reinigung durch Sandstrahlen, keinen Substanzverlust zur Folge hat. Die Reinigung einer Nischenfigur umfasste je nach Detailheitsgrad eine Arbeitszeit von ca. 1 bis 1,5 Wochen. Neben den Nischenfiguren wurden sowohl die L\u00fcnettenreliefs an der s\u00fcdlichen und der n\u00f6rdlichen Wandfl\u00e4che sowie der Kenotaph Rudolf v. Habsburg mit dem Laser gereinigt. S\u00e4mtliche ehemals vergoldeten R\u00fccklagen der L\u00fcnettenreliefs und Nischenfiguren wurden mit neuem Blattgold versehen. <\/p>\n\n\n\n<div class=\"wp-block-image\"><figure class=\"aligncenter\"><img decoding=\"async\" loading=\"lazy\" width=\"800\" height=\"600\" src=\"https:\/\/speyer24news.com\/wp-content\/uploads\/2020\/05\/IMG_20190814_141452.jpg\" alt=\"\" class=\"wp-image-26618\" srcset=\"https:\/\/speyer24news.com\/wp-content\/uploads\/2020\/05\/IMG_20190814_141452.jpg 800w, https:\/\/speyer24news.com\/wp-content\/uploads\/2020\/05\/IMG_20190814_141452-300x225.jpg 300w, https:\/\/speyer24news.com\/wp-content\/uploads\/2020\/05\/IMG_20190814_141452-768x576.jpg 768w, https:\/\/speyer24news.com\/wp-content\/uploads\/2020\/05\/IMG_20190814_141452-678x509.jpg 678w, https:\/\/speyer24news.com\/wp-content\/uploads\/2020\/05\/IMG_20190814_141452-326x245.jpg 326w, https:\/\/speyer24news.com\/wp-content\/uploads\/2020\/05\/IMG_20190814_141452-80x60.jpg 80w\" sizes=\"(max-width: 800px) 100vw, 800px\" \/><\/figure><\/div>\n\n\n\n<p>Auch das imposante dreijochige Backsteingew\u00f6lbe der Vorhalle wurde mittels Dampfstrahlung gereinigt. Die rote Bemalung der Randbereiche neben den Gew\u00f6lberippen wurde mit einer dampfdiffusionsoffenen Silikatfarbe erg\u00e4nzt. An den W\u00e4nden wurden Ausbruchstellen im Sandstein geschlossen, schadhafte Fugen entfernt und offene Fugen geschlossen. Neben einer Taubenabwehr aus optischen Barrieren, Schalldruckger\u00e4ten und einer elektrischen Abwehr wurde auf den Gesimsen eine Beleuchtung aufgebracht, die die neu vergoldeten Bereiche deutlich zeigt und die Gew\u00f6lbe ins rechte Licht r\u00fcckt. Nach der Reinigung der beiden Kenotaphe Rudolf von Habsburg und Adolf von Nassau mit dem Hei\u00dfdampfger\u00e4t wurden Ausbruchstellen oder Fehlteile durch Neuteile in Vierungstechnik und im selben Material erg\u00e4nzt. Kleinere Ausbruchstellen wurden mit einer Steinerg\u00e4nzungsmasse ausgef\u00fchrt. <\/p>\n\n\n\n<p>Mit Abbau des Ger\u00fcstes Ende des Jahres 2019 erfolgte eine In-Augenscheinnahme des Bodenbelages und Planung zum sinnvollen Austausch. Gl\u00fccklicherweise konnten die aus der Sanierung des Kaisersaals stammenden Bodenplatten f\u00fcr die Vorhalle wiederverwendet werden. Diese lagerten in Speyer, wurden \u00fcberarbeitet und f\u00fcgen sich nun harmonisch in das Gesamtbild ein. <\/p>\n\n\n\n<div class=\"wp-block-image\"><figure class=\"aligncenter\"><img decoding=\"async\" loading=\"lazy\" width=\"800\" height=\"600\" src=\"https:\/\/speyer24news.com\/wp-content\/uploads\/2020\/05\/IMG_20190814_142540.jpg\" alt=\"\" class=\"wp-image-26619\" srcset=\"https:\/\/speyer24news.com\/wp-content\/uploads\/2020\/05\/IMG_20190814_142540.jpg 800w, https:\/\/speyer24news.com\/wp-content\/uploads\/2020\/05\/IMG_20190814_142540-300x225.jpg 300w, https:\/\/speyer24news.com\/wp-content\/uploads\/2020\/05\/IMG_20190814_142540-768x576.jpg 768w, https:\/\/speyer24news.com\/wp-content\/uploads\/2020\/05\/IMG_20190814_142540-678x509.jpg 678w, https:\/\/speyer24news.com\/wp-content\/uploads\/2020\/05\/IMG_20190814_142540-326x245.jpg 326w, https:\/\/speyer24news.com\/wp-content\/uploads\/2020\/05\/IMG_20190814_142540-80x60.jpg 80w\" sizes=\"(max-width: 800px) 100vw, 800px\" \/><\/figure><\/div>\n\n\n\n<p>Zwei \u201eBaustellen\u201c bleiben in der Vorhalle noch erhalten: F\u00fcr das gro\u00dfe Fresko \u00fcber dem Hauptportal wird derzeit ein Restaurierungskonzept erstellt. Hier hatten sich bei n\u00e4herem Hinsehen gr\u00f6\u00dfere Sch\u00e4den gezeigt als zun\u00e4chst vermutet. Die Kosten f\u00fcr diese Ma\u00dfnahme werden derzeit auf 190.000 Euro gesch\u00e4tzt. Dar\u00fcber hinaus bietet eine Projektf\u00f6rderung der Deutschen Stiftung Denkmalschutz die M\u00f6glichkeit, nachtr\u00e4glich auch die Gitter zu \u00fcberarbeiten, welche die Vorhalle zur Stadtseite hin begrenzen.<\/p>\n\n\n\n<p><em>Text: Bistum Speyer Foto: (1) &amp; (2) \u00a9 Domkapitel Speyer \/ Klaus Landry; (3) &amp; (4) Speyer 24\/7 News, dak<br>02.05.2020<\/em><\/p>\n\n\n\n<h2 class=\"wp-block-heading\"><strong>\u201eWer den Dienst der Diakonin vollzieht, sollte auch zur Diakonin geweiht werden\u201c<\/strong><\/h2>\n\n\n\n<h3 class=\"wp-block-heading\"><strong>Generalvikar Andreas Sturm pl\u00e4diert am \u201eTag der Diakonin\u201c f\u00fcr die sakramentale Weihe von Frauen mit diakonischen Aufgaben<\/strong><\/h3>\n\n\n\n<div class=\"wp-block-image\"><figure class=\"aligncenter\"><img decoding=\"async\" src=\"https:\/\/speyer24news.com\/wp-content\/uploads\/2020\/05\/Generalvikar-Andreas-Sturm.jpg\" alt=\"\" class=\"wp-image-26614\"\/><\/figure><\/div>\n\n\n\n<p><strong>Speyer &#8211;<\/strong> \u201eWer den Dienst der Diakonin vollzieht, sollte auch zur Diakonin geweiht werden\u201c, erkl\u00e4rt der Speyerer Generalvikar Andreas Sturm zum heutigen \u201eTag der Diakonin\u201c. Seit Jahrhunderten br\u00e4chten Frauen ihr diakonales Engagement f\u00fcr die Menschen in das Leben der Kirche ein. \u201eMit gro\u00dfer Selbstverst\u00e4ndlichkeit stellen sie ihre Energie f\u00fcr kranke, gefl\u00fcchtete, sterbende, notleidende Menschen zur Verf\u00fcgung\u201c, hebt Generalvikar Sturm hervor. Wie Katharina von Siena vor 650 Jahren h\u00e4tten Frauen durch die Kirchengeschichte hinweg nicht aufgeh\u00f6rt, sich in den Dienst der christlichen Gemeinschaft zu stellen. \u201eDieses zutiefst diakonale Handeln muss daher seinen Ausdruck in der sakramentalen Weihe finden\u201c, ist Sturm \u00fcberzeugt.<\/p>\n\n\n\n<p>Der Generalvikar begr\u00fcndet seine Haltung mit dem Hinweis: \u201eOhne Frauen w\u00e4re unsere Kirche niemals so nah bei den Menschen, niemals so diakonisch, wie sie es tats\u00e4chlich ist.\u201c Und er verweist auf die Erfahrungen in den vergangenen Wochen: \u201eEs waren und sind unz\u00e4hlige Frauen, die diakonische Dienste zum Beispiel in der Alten- und Krankenpflege, dem Bereich der Care-Arbeit, im Betreuen des Homeschoolings oder auch in der seelsorglichen Begleitung von Menschen aller Altersgruppen \u00fcbernehmen.\u201c<\/p>\n\n\n\n<p>Zum Tag der Diakonin am 29. April fordern die beiden Frauenverb\u00e4nde im Bistum Speyer, die Katholische Frauengemeinschaft Deutschlands (kfd) und der Katholische Deutsche Frauenbund (KDFB) die \u00d6ffnung des sakramentalen Diakonats f\u00fcr Frauen. Da die zentrale Veranstaltung zum Tag der Diakonin in M\u00fcnchen aufgrund der Corona-Krise abgesagt werden musste, rufen sie dazu auf, sich an der Social Media Aktion der Verb\u00e4nde unter dem Hashtag #frauendiakonatjetzt zu beteiligen. Frauen und M\u00e4nner sind eingeladen, sich auf Facebook, Twitter und Instagram mit ihrer Forderung zur Einf\u00fchrung des sakramentalen Diakonats zu \u00e4u\u00dfern. Dazu stehen auf den Webseiten der Veranstalterinnen Informationen, Downloads und Anregungen zur Verf\u00fcgung.<\/p>\n\n\n\n<p><em>Bistum Speyer<br>02.05.2020<\/em><\/p>\n\n\n\n<h2 class=\"wp-block-heading\">Die Geschicke der Landeskirche ma\u00dfgeblich mitbestimmt<\/h2>\n\n\n\n<h3 class=\"wp-block-heading\">Der ehemalige Pr\u00e4sident der Pf\u00e4lzischen Landesynode Gustav-Adolf B\u00e4hr ist tot<\/h3>\n\n\n\n<div class=\"wp-block-image\"><figure class=\"aligncenter\"><img decoding=\"async\" loading=\"lazy\" width=\"800\" height=\"533\" src=\"https:\/\/speyer24news.com\/wp-content\/uploads\/2020\/03\/candle-2905395_1920.jpg\" alt=\"\" class=\"wp-image-25905\" srcset=\"https:\/\/speyer24news.com\/wp-content\/uploads\/2020\/03\/candle-2905395_1920.jpg 800w, https:\/\/speyer24news.com\/wp-content\/uploads\/2020\/03\/candle-2905395_1920-300x200.jpg 300w, https:\/\/speyer24news.com\/wp-content\/uploads\/2020\/03\/candle-2905395_1920-768x512.jpg 768w\" sizes=\"(max-width: 800px) 100vw, 800px\" \/><\/figure><\/div>\n\n\n\n<p><strong>Speyer \/ Neustadt-Mu\u00dfbach &#8211; <\/strong>Als einen engagierten und streitbaren Pf\u00e4lzer Protestanten hat Kirchenpr\u00e4sident Christian Schad den am Montag verstorbenen ehemaligen Synodalpr\u00e4sidenten Gustav-Adolf B\u00e4hr bezeichnet. In dieser Funktion habe er die Landessynode \u201enicht nur souver\u00e4n moderiert, sondern auch deutliche inhaltliche, zuweilen programmatische Akzente gesetzt\u201c, so der Kirchenpr\u00e4sident in seinem Kondolenzschreiben. Dabei \u201eging es ihm durchweg um die St\u00e4rkung des sog. Laienelements sowie der Kirchengemeinden vor Ort\u201c, sagte Schad. B\u00e4hr verstarb im Alter von 81 Jahren in Neustadt an der Weinstra\u00dfe.<\/p>\n\n\n\n<p>Der aus einer Pfarrfamilie stammende Protestant hat nach Auffassung von Kirchenpr\u00e4siden Schad die Geschicke der Landeskirche ma\u00dfgeblich mitbestimmt und sich auf allen kirchlichen Ebenen kenntnisreich und mit gro\u00dfem Engagement eingebracht. Von 1972 ab bis zum seinem Tode geh\u00f6rte Gustav-Adolf B\u00e4hr dem Presbyterium seiner Mu\u00dfbacher Kirchengemeinde an. 24 Jahre lang hatte er dar\u00fcber hinaus den Vorsitz der Bezirkssynode Neustadt inne. Auch als Synodalpr\u00e4sident der Evangelischen Kirche der Pfalz von 1979 bis 1996 wollte er lieber \u201eVorsitzender\u201c genannt werden, \u201eweil mir der Titel Pr\u00e4sident einfach zu hochgestochen wirkt\u201c, erkl\u00e4rte B\u00e4hr laut eines Synodenprotokolls.<\/p>\n\n\n\n<p>Auch wenn er selbst 1998 f\u00fcr das Amt des Kirchenpr\u00e4sidenten kandidierte, so gestand er ein, \u201edass der Laie in unserer Kirche f\u00fcr die Institution der bessere Anzug ist.\u201c Laien k\u00f6nnten sich viel freier im Evangelium bewegen, \u201ebei den beamteten Theologen steckt mehr Muss dahinter\u201c. Kandidiert habe er, um vor sich selbst bestehen zu k\u00f6nnen, erkl\u00e4rte B\u00e4hr, der zu diesem Zeitpunkt Hauptabteilungsleiter Kultur, Wissenschaft, Kirche und Zeitgeschehen beim S\u00fcdwestrundfunk in Baden-Baden gewesen war. Dass ihm als Laie der Verk\u00fcndigungsdienst ein zentrales Anliegen war, dokumentiert sein Einsatz als ordinierter Pr\u00e4dikant. Seit 1975 brachte er seine Glaubens- und Lebenserfahrung in diesen ehrenamtlichen Dienst ein.<\/p>\n\n\n\n<p><em>EVANGELISCHE KIRCHE DER PFALZ (Protestantische Landeskirche)<br>02.05.2020<\/em><\/p>\n\n\n\n<h2 class=\"wp-block-heading\">Corona kann nur grenz\u00fcberschreitend \u00fcberwunden werden<\/h2>\n\n\n\n<h3 class=\"wp-block-heading\">Protestanten im Elsass, in Baden und der Pfalz<\/h3>\n\n\n\n<div class=\"wp-block-image\"><figure class=\"aligncenter\"><img decoding=\"async\" loading=\"lazy\" width=\"501\" height=\"658\" src=\"https:\/\/speyer24news.com\/wp-content\/uploads\/2020\/04\/Deutschfranz\u00f6sisch.jpg\" alt=\"\" class=\"wp-image-26533\" srcset=\"https:\/\/speyer24news.com\/wp-content\/uploads\/2020\/04\/Deutschfranz\u00f6sisch.jpg 501w, https:\/\/speyer24news.com\/wp-content\/uploads\/2020\/04\/Deutschfranz\u00f6sisch-228x300.jpg 228w\" sizes=\"(max-width: 501px) 100vw, 501px\" \/><\/figure><\/div>\n\n\n\n<p><strong>Stra\u00dfburg \/ Karlsruhe \/ Speyer &#8211; <\/strong>Die evangelischen Kirchen in Elsass-Lothringen, in Baden und in der Pfalz haben im Zeichen der Corona-Krise dazu aufgerufen, bei der Infektionsbek\u00e4mpfung st\u00e4rker grenz\u00fcberschreitende Strukturen zu nutzen. Zugleich blicken sie mit Sorge auf eine &#8222;wachsende Angst vor den Anderen, die ansteckend sein k\u00f6nnte&#8220;. Derzeit sei die Grenze zwischen Baden, der Pfalz und dem Elsass zu einem problematischen Brennpunkt geworden.<\/p>\n\n\n\n<p>In ihrer gemeinsamen Erkl\u00e4rung bekr\u00e4ftigen die leitenden Geistlichen Christian Albecker (Stra\u00dfburg), Jochen Cornelius-Bundschuh (Karlsruhe) und Christian Schad (Speyer), Grenzen seien &#8222;Orte der Begegnung und der Zusammenarbeit die Geschwisterlichkeit und Solidarit\u00e4t erm\u00f6glichen&#8220; und keine &#8222;Orte, an denen Unterschiede zu Gleichg\u00fcltigkeit, Beleidigung, Verachtung oder Hass f\u00fchren.&#8220; Derzeit sei leider erlebbar, wie Menschen in der Region anschlie\u00dfen an &#8222;alte nationalistische Haltungen und Klischees, die wir auf dem langen Weg der deutsch-franz\u00f6sischen Vers\u00f6hnung gehofft hatten, \u00fcberwunden zu haben.&#8220;<\/p>\n\n\n\n<p><em>EVANGELISCHE KIRCHE DER PFALZ (Protestantische Landeskirche)<br>02.05.2020<\/em><\/p>\n","protected":false},"excerpt":{"rendered":"<div class=\"mh-excerpt\"><p>Grundrecht auf freie Religionsaus\u00fcbung Ab 3. Mai sind wieder Gemeindegottesdienste in Kirchen m\u00f6glich \u2013 Schad: Schutzma\u00dfnahmen sind ein Gebot der N\u00e4chstenliebe Speyer (lk) &#8211; In den Kirchen der Pfalz und der Saarpfalz k\u00f6nnen ab dem <a class=\"mh-excerpt-more\" href=\"https:\/\/speyer24news.com\/?p=26613\" title=\"Kirche\">[&#8230;]<\/a><\/p>\n<\/div>","protected":false},"author":3,"featured_media":26096,"comment_status":"open","ping_status":"open","sticky":false,"template":"","format":"standard","meta":{"_monsterinsights_skip_tracking":false,"_monsterinsights_sitenote_active":false,"_monsterinsights_sitenote_note":"","_monsterinsights_sitenote_category":0,"footnotes":""},"categories":[120],"tags":[174,6370,5904,6596,275,6595,2360,5132,6598,121,4865,6592,6594,6591,6,6597,1603,6593],"aioseo_notices":[],"amp_enabled":true,"_links":{"self":[{"href":"https:\/\/speyer24news.com\/index.php?rest_route=\/wp\/v2\/posts\/26613"}],"collection":[{"href":"https:\/\/speyer24news.com\/index.php?rest_route=\/wp\/v2\/posts"}],"about":[{"href":"https:\/\/speyer24news.com\/index.php?rest_route=\/wp\/v2\/types\/post"}],"author":[{"embeddable":true,"href":"https:\/\/speyer24news.com\/index.php?rest_route=\/wp\/v2\/users\/3"}],"replies":[{"embeddable":true,"href":"https:\/\/speyer24news.com\/index.php?rest_route=%2Fwp%2Fv2%2Fcomments&post=26613"}],"version-history":[{"count":1,"href":"https:\/\/speyer24news.com\/index.php?rest_route=\/wp\/v2\/posts\/26613\/revisions"}],"predecessor-version":[{"id":26622,"href":"https:\/\/speyer24news.com\/index.php?rest_route=\/wp\/v2\/posts\/26613\/revisions\/26622"}],"wp:featuredmedia":[{"embeddable":true,"href":"https:\/\/speyer24news.com\/index.php?rest_route=\/wp\/v2\/media\/26096"}],"wp:attachment":[{"href":"https:\/\/speyer24news.com\/index.php?rest_route=%2Fwp%2Fv2%2Fmedia&parent=26613"}],"wp:term":[{"taxonomy":"category","embeddable":true,"href":"https:\/\/speyer24news.com\/index.php?rest_route=%2Fwp%2Fv2%2Fcategories&post=26613"},{"taxonomy":"post_tag","embeddable":true,"href":"https:\/\/speyer24news.com\/index.php?rest_route=%2Fwp%2Fv2%2Ftags&post=26613"}],"curies":[{"name":"wp","href":"https:\/\/api.w.org\/{rel}","templated":true}]}}