{"id":26669,"date":"2020-05-02T17:16:04","date_gmt":"2020-05-02T16:16:04","guid":{"rendered":"https:\/\/speyer24news.com\/?p=26669"},"modified":"2020-05-02T17:17:00","modified_gmt":"2020-05-02T16:17:00","slug":"landau-28","status":"publish","type":"post","link":"https:\/\/speyer24news.com\/?p=26669","title":{"rendered":"Landau"},"content":{"rendered":"<style type=\"text\/css\">\r\n\t.ads_top_disp{}\r\n\t.ads_top_corner_disp{ float:left; margin:0px 10px 10px 0px; }\r\n\t.ads_first_p_disp{}\r\n\t.ads_bottom_disp{}\r\n\t<\/style>\n<h2 class=\"wp-block-heading\">Was \u00e4ndert sich konkret vor Ort? Stadt Landau setzt neue Landesverordnung zur Lockerung der Corona-Beschr\u00e4nkungen um \u2013 St\u00e4dtische Einrichtungen bereiten sich auf Wiederer\u00f6ffnung vor \u2013 Hirsch: \u201eAuch Gastronomie braucht zeitnahe Lockerungen f\u00fcr Au\u00dfenfl\u00e4chen!\u201c<\/h2>\n\n\n\n<figure class=\"wp-block-image\"><img decoding=\"async\" loading=\"lazy\" width=\"800\" height=\"533\" src=\"https:\/\/speyer24news.com\/wp-content\/uploads\/2020\/05\/Info-191a-Lockerungen.jpg\" alt=\"\" class=\"wp-image-26701\" srcset=\"https:\/\/speyer24news.com\/wp-content\/uploads\/2020\/05\/Info-191a-Lockerungen.jpg 800w, https:\/\/speyer24news.com\/wp-content\/uploads\/2020\/05\/Info-191a-Lockerungen-300x200.jpg 300w, https:\/\/speyer24news.com\/wp-content\/uploads\/2020\/05\/Info-191a-Lockerungen-768x512.jpg 768w\" sizes=\"(max-width: 800px) 100vw, 800px\" \/><figcaption>Ein Bild aus Vor-Corona-Zeiten! Ab Montag, 20. April, d\u00fcrfen Eisdielen wieder mit ihrem Stra\u00dfenverkauf beginnen. Die Innen- und Au\u00dfengastronomie bleibt aber geschlossen. <em> (Quelle: Stadt Landau)<\/em><\/figcaption><\/figure>\n\n\n\n<p>Auf Basis der am Freitagabend ver\u00f6ffentlichten\nLandesverordnung hat die Stadt Landau mit den Vorbereitungen f\u00fcr die Umsetzung\nder von Bund und L\u00e4ndern verabredeten Lockerungen f\u00fcr Wirtschaft und\nGesellschaft in der Corona-Krise begonnen. Oberb\u00fcrgermeister Thomas Hirsch\nbetont: \u201eDie neuen Festlegungen sind nicht durchg\u00e4ngig konsequent, das ist aber\ndas Ergebnis der schwierigen Abw\u00e4gung und Abstimmung zwischen der\nBundesregierung und den L\u00e4ndern \u2013 und wir befinden uns in einer belastenden\nLage, f\u00fcr die es keine Musterl\u00f6sung gibt.\u201c <\/p>\n\n\n\n<p>Landaus OB pl\u00e4diert daher besonders in der aktuellen Situation f\u00fcr Vorsicht und gegenseitige R\u00fccksichtnahme. \u201eDie Infektionsgefahr wird uns noch einige Zeit besch\u00e4ftigen. Die in Aussicht gestellten Lockerungen sind kein Freibrief, um zu einem \u00abnormalen Leben\u00bb wie vor der Krise zur\u00fcckzukehren. Wir m\u00fcssen weiter die Gemeinschaft im Kampf gegen das Virus bewahren, uns gegenseitig helfen und uns an die Empfehlungen der Fachleute halten: Bleiben Sie m\u00f6glichst zuhause, wahren Sie Abstand und nutzen Sie Mundmasken als zus\u00e4tzlichen Schutz\u201c, so der Appell des Stadtchefs, der \u00fcber die wichtigsten Auswirkungen die Stadt Landau betreffend informiert: <\/p>\n\n\n\n<div class=\"wp-block-image\"><figure class=\"aligncenter\"><img decoding=\"async\" loading=\"lazy\" width=\"500\" height=\"695\" src=\"https:\/\/speyer24news.com\/wp-content\/uploads\/2020\/05\/Info-191b-Lockerungen.jpg\" alt=\"\" class=\"wp-image-26702\" srcset=\"https:\/\/speyer24news.com\/wp-content\/uploads\/2020\/05\/Info-191b-Lockerungen.jpg 500w, https:\/\/speyer24news.com\/wp-content\/uploads\/2020\/05\/Info-191b-Lockerungen-216x300.jpg 216w\" sizes=\"(max-width: 500px) 100vw, 500px\" \/><figcaption>Der Landauer Wochenmarkt findet weiter statt \u2013 allerdings mit einem entzerrten Aufbau.<em> (Quelle: Stadt Landau)<\/em><\/figcaption><\/figure><\/div>\n\n\n\n<p>Seit Montag, 20. April, d\u00fcrfen Gesch\u00e4fte mit einer Verkaufsfl\u00e4che von weniger als 800 Quadratmetern wieder \u00f6ffnen. Laut Landesregierung ist es auch zul\u00e4ssig, dass gr\u00f6\u00dfere Gesch\u00e4fte einen Teil ihrer Fl\u00e4che abtrennen. Es gelten die bekannten Abstands- und Hygieneregeln. U.a. ist nur eine Kundin bzw. ein Kunde pro 10 Quadratmeter Fl\u00e4che erlaubt. Die Gesch\u00e4fte haben beispielsweise durch entsprechende Einlasskontrollen hierf\u00fcr Sorge zu tragen. <\/p>\n\n\n\n<p>Vorerst weiter geschlossen bleiben etwa Bars, Clubs,\nKneipen und Diskotheken, Theater und Museen, Kinos und andere\nFreizeiteinrichtungen, Fitnessstudios, Schwimmb\u00e4der und Kosmetiksalons. Auch\ndie Spielpl\u00e4tze werden noch nicht ge\u00f6ffnet. Lebensmittelm\u00e4rkte, Drogerien,\nApotheken, Tankstellen, Banken und Sparkassen, Reinigungen und Waschsalons,\nBaum\u00e4rkte, der Gro\u00dfhandel sowie Zeitungsgesch\u00e4fte bleiben wie bisher ge\u00f6ffnet.\nEbenfalls \u00f6ffnen d\u00fcrfen der Fahrrad- und der Autohandel, Autowaschanlagen sowie\nBuchhandlungen. <\/p>\n\n\n\n<p>Friseure sollen nach der Bund-\/L\u00e4nder-Festlegung ab 4. Mai wieder \u00f6ffnen k\u00f6nnen. Dazu ist derzeit allerdings noch keine konkrete Landesregelung getroffen. Landaus OB hat aufgrund verschiedener Anfragen das Land um eine klarstellende Bekanntmachung gebeten.<\/p>\n\n\n\n<div class=\"wp-block-image\"><figure class=\"aligncenter\"><img decoding=\"async\" loading=\"lazy\" width=\"800\" height=\"533\" src=\"https:\/\/speyer24news.com\/wp-content\/uploads\/2020\/05\/Info-191c-Lockerungen.jpg\" alt=\"\" class=\"wp-image-26703\" srcset=\"https:\/\/speyer24news.com\/wp-content\/uploads\/2020\/05\/Info-191c-Lockerungen.jpg 800w, https:\/\/speyer24news.com\/wp-content\/uploads\/2020\/05\/Info-191c-Lockerungen-300x200.jpg 300w, https:\/\/speyer24news.com\/wp-content\/uploads\/2020\/05\/Info-191c-Lockerungen-768x512.jpg 768w\" sizes=\"(max-width: 800px) 100vw, 800px\" \/><figcaption>Noch herrscht Ruhe im Zoo Landau; hinter den Kulissen laufen die Vorbereitungen auf die Wiederer\u00f6ffnung aber auf Hochtouren.<em> (Quelle: Stadt Landau)<\/em><\/figcaption><\/figure><\/div>\n\n\n\n<p>Bei Hotels und anderen Beherbergungsbetrieben bleiben die\nRegelungen unver\u00e4ndert: Diese d\u00fcrfen nicht zu touristischen Zwecken betrieben\nwerden, die Beherbergung von Gesch\u00e4ftsreisenden ist jedoch erlaubt. <\/p>\n\n\n\n<p>Der Zoo Landau wird zeitnah wieder \u00f6ffnen, aus\norganisatorischen Gr\u00fcnden allerdings noch nicht direkt am Montag, 20. April.\nAuch hier schreibt die Landesverordnung strenge Zutrittskontrollen und die\nEinhaltung der Hygieneanforderungen vor. Zoo und Ordnungsamt pr\u00fcfen aktuell\nnoch, wie dies am besten umzusetzen ist.<\/p>\n\n\n\n<p>Die Stadt Landau wird das Stadion sowie den Sport- und\nFreizeitcampus voraussichtlich im Laufe des Montags, 20. April, wieder \u00f6ffnen.\nZul\u00e4ssig ist aber nur die sportliche Bet\u00e4tigung alleine, zu zweit oder mit\nPersonen des eigenen Haushalts. <\/p>\n\n\n\n<p>Landesweit d\u00fcrfen Bibliotheken und Archive wieder \u00f6ffnen. In der Stadtbibliothek Landau dauern die umfangreichen Sanierungsarbeiten jedoch noch bis voraussichtlich Mitte Mai an. Wann das Stadtarchiv unter Beachtung der geltenden Hygiene- und Abstandsregelungen wieder \u00f6ffnen kann, entscheidet sich zeitnah. <\/p>\n\n\n\n<div class=\"wp-block-image\"><figure class=\"aligncenter\"><img decoding=\"async\" loading=\"lazy\" width=\"800\" height=\"533\" src=\"https:\/\/speyer24news.com\/wp-content\/uploads\/2020\/05\/Info-191d-Lockerungen.jpg\" alt=\"\" class=\"wp-image-26704\" srcset=\"https:\/\/speyer24news.com\/wp-content\/uploads\/2020\/05\/Info-191d-Lockerungen.jpg 800w, https:\/\/speyer24news.com\/wp-content\/uploads\/2020\/05\/Info-191d-Lockerungen-300x200.jpg 300w, https:\/\/speyer24news.com\/wp-content\/uploads\/2020\/05\/Info-191d-Lockerungen-768x512.jpg 768w\" sizes=\"(max-width: 800px) 100vw, 800px\" \/><figcaption>Landaus OB Hirsch fordert: \u201eAuch die Gastronomie braucht zeitnahe Lockerungen f\u00fcr Au\u00dfenfl\u00e4chen!\u201c<em> (Quelle: Stadt Landau)<\/em><\/figcaption><\/figure><\/div>\n\n\n\n<p>Die Dienstgeb\u00e4ude der Stadtverwaltung wie beispielsweise das Rathaus bleiben f\u00fcr den regul\u00e4ren Publikumsverkehr geschlossen. Jedoch sind bei einigen Dienststellen ab Montag, 20. April, pers\u00f6nliche Termine vor Ort nach vorheriger telefonischer Vereinbarung m\u00f6glich. N\u00e4here Informationen finden sich auf <a href=\"http:\/\/www.landau.de\">www.landau.de<\/a> direkt auf der Startseite.&nbsp; <\/p>\n\n\n\n<p>Der Landauer Wochenmarkt zur Versorgung der Bev\u00f6lkerung\nmit frischen und regionalen Lebensmitteln findet unver\u00e4ndert dienstags und\nsamstags statt. Samstags wird vorerst der erstmals am Ostersamstag erprobte,\n\u201eentzerrte\u201c Aufbau der Verkaufsst\u00e4nde angewendet. <\/p>\n\n\n\n<p>Gro\u00dfveranstaltungen wie der Landauer Sommer und wohl auch\ndie Weinfeste in den Stadtd\u00f6rfern werden in diesem Jahr nicht stattfinden\nk\u00f6nnen. Ob und wann ersatzweise gr\u00f6\u00dfere Veranstaltungen im Herbst durchgef\u00fchrt\nwerden k\u00f6nnen, entscheidet sich je nach Infektionslage. <\/p>\n\n\n\n<p>Ab Montag, 20. April, ist auch in Landau der\nStra\u00dfenverkauf von Eis wieder zul\u00e4ssig. Die Innen- und Au\u00dfengastronomie von\nEisdielen und Eiscaf\u00e9s bleibt jedoch geschlossen. <\/p>\n\n\n\n<p>Der st\u00e4dtische Entsorgungs- und Wirtschaftsbetrieb (EWL)\nbereitet aktuell die vollst\u00e4ndige \u00d6ffnung des Wertstoffhofs f\u00fcr den 4. Mai vor.\nIn der Woche ab dem 20. April sammelt der EWL mit der regul\u00e4ren Bioabfallsammlung\nzus\u00e4tzlich kostenlos geb\u00fcndelte Zweige und \u00c4ste. Weitere Informationen hierzu\nfinden sich auf der Internetseite <a href=\"http:\/\/www.ew-landau.de\">www.ew-landau.de<\/a>. <\/p>\n\n\n\n<p>Stadtspitze und Stadtverwaltung werden die weitere Entwicklung\nkontinuierlich beobachten und die beschlossenen Ma\u00dfnahmen zur Eind\u00e4mmung des\nCorona-Virus bei Bedarf anpassen. Jeweils aktuelle Informationen finden sich\nunter www.landau.de\/corona. Die neue Corona-Bek\u00e4mpfungsverordnung des Landes\nRheinland-Pfalz sowie die dazugeh\u00f6rige Auslegungshilfe k\u00f6nnen unter <a href=\"http:\/\/www.corona.rlp.de\/de\/service\/rechtsgrundlagen\">www.corona.rlp.de\/de\/service\/rechtsgrundlagen<\/a>\neingesehen werden. \n\nF\u00fcr k\u00fcnftige Lockerungen\nhat Landaus OB vor allem eine weitere Branche im Blick: \u201eF\u00fcr die Gastronomie\nbedarf es baldm\u00f6glichst weiterer Lockerungen. Dies ist zum einen aufgrund der\nwirtschaftlichen Situation der Betriebe notwendig; zum anderen sollte es bei\nwarmen Temperaturen m\u00f6glich sein, Au\u00dfenfl\u00e4chen zu nutzen, um Abstandsgebote\neinzuhalten\u201c, so der OB, der sich auf unterschiedlichen Ebenen f\u00fcr\ngastronomische Betriebe einsetzt.\n\n\n\n<\/p>\n\n\n\n<p><em>Stadtverwaltung Landau in der Pfalz<\/em><br><em>02.05.2020<\/em><\/p>\n\n\n\n<h2 class=\"wp-block-heading\">Kreativ in der Krise: Video \u201eLandau lebt\u201c zeigt gute Ideen der Landauer Gesch\u00e4ftswelt<\/h2>\n\n\n\n<div class=\"wp-block-image\"><figure class=\"aligncenter\"><img decoding=\"async\" loading=\"lazy\" width=\"800\" height=\"533\" src=\"https:\/\/speyer24news.com\/wp-content\/uploads\/2020\/05\/Info-17-04-2020-18-Uhr_Medienpalast.jpg\" alt=\"\" class=\"wp-image-26700\" srcset=\"https:\/\/speyer24news.com\/wp-content\/uploads\/2020\/05\/Info-17-04-2020-18-Uhr_Medienpalast.jpg 800w, https:\/\/speyer24news.com\/wp-content\/uploads\/2020\/05\/Info-17-04-2020-18-Uhr_Medienpalast-300x200.jpg 300w, https:\/\/speyer24news.com\/wp-content\/uploads\/2020\/05\/Info-17-04-2020-18-Uhr_Medienpalast-768x512.jpg 768w\" sizes=\"(max-width: 800px) 100vw, 800px\" \/><figcaption>Kreativ in der Krise: Die Landauer Filmproduktionsfirma Medienpalast hat den Clip \u201eLandau lebt\u201c zusammengestellt. <em>(Quelle: Stadt Landau)<\/em><\/figcaption><\/figure><\/div>\n\n\n\n<p>Landau lebt \u2013 auch in der Krise! Das ist die Botschaft des\nneuesten Projekts der Landauer Filmproduktionsfirma Medienpalast. In einem\nkurzen Video zeigt das Team, wie das Leben in Landau w\u00e4hrend der Corona-Krise\nweitergeht. Mitmachen konnten Unternehmerinnen und Unternehmer, Gastronominnen\nund Gastronomen, Kulturschaffende sowie Einzelh\u00e4ndlerinnen und Einzelh\u00e4ndler. Aber\nauch Oberb\u00fcrgermeister Thomas Hirsch ist in dem Clip zu sehen, der den\nLandauerinnen und Landauern Mut machen soll und ab sofort u.a. auf <a href=\"http:\/\/www.medienpalast.de\">www.medienpalast.de<\/a> zu\nfinden ist. <\/p>\n\n\n\n<p>\u201eDie Corona-Krise stellt uns alle vor gro\u00dfe\nHerausforderungen. Ich bin froh und dankbar, dass sich viele Landauer\nUnternehmen davon nicht unterkriegen lassen und stattdessen kreative Ideen entwickeln,\ndamit das gesellschaftliche Leben in unserer Stadt weitergehen kann \u2013 sei es\ndigital, per Liefer- bzw. Abholservice oder durch andere gute Einf\u00e4lle\u201c, sagt\nOB Hirsch. Das Video des Medienpalasts zeige eine kleine Auswahl des Kreativpotentials\nder Landauer Gesch\u00e4ftswelt. <\/p>\n\n\n\n<p><em>Stadtverwaltung Landau in der Pfalz<\/em><br><em>02.05.2020<\/em><\/p>\n\n\n\n<h2 class=\"wp-block-heading\">Gemeinsam gegen die Ausbreitung des Corona-Virus: Stadt Landau plant Maskenb\u00f6rse<\/h2>\n\n\n\n<div class=\"wp-block-image\"><figure class=\"aligncenter\"><img decoding=\"async\" loading=\"lazy\" width=\"800\" height=\"533\" src=\"https:\/\/speyer24news.com\/wp-content\/uploads\/2020\/05\/Info-17-04-2020-18-Uhr_Maske.jpg\" alt=\"\" class=\"wp-image-26699\" srcset=\"https:\/\/speyer24news.com\/wp-content\/uploads\/2020\/05\/Info-17-04-2020-18-Uhr_Maske.jpg 800w, https:\/\/speyer24news.com\/wp-content\/uploads\/2020\/05\/Info-17-04-2020-18-Uhr_Maske-300x200.jpg 300w, https:\/\/speyer24news.com\/wp-content\/uploads\/2020\/05\/Info-17-04-2020-18-Uhr_Maske-768x512.jpg 768w\" sizes=\"(max-width: 800px) 100vw, 800px\" \/><figcaption>Bund, L\u00e4nder und Kommunen empfehlen dringend, etwa beim Einkaufen Mundmasken zu tragen. <em>(Quelle: Stadt Landau)<\/em><\/figcaption><\/figure><\/div>\n\n\n\n<p>Vor wenigen Tagen haben Bund und L\u00e4nder einen ersten Fahrplan vorgestellt, wie das \u00f6ffentliche Leben in Deutschland in den kommenden Wochen und Monaten schrittweise wiederhochgefahren werden kann. Neben verschiedenen Lockerungen wurde sich auch auf eine dringende Empfehlung zum Tragen von Masken in Bussen und Bahnen sowie in Gesch\u00e4ften geeinigt. Da Masken auf dem Markt derzeit rar und schwer erh\u00e4ltlich sind, begr\u00fc\u00dft Landaus OB Thomas Hirsch die zahlreichen privaten und ehrenamtlichen Initiativen, die selbst Mundmasken aus Baumwolle herstellen. Alle wichtigen Informationen zur Herstellung und Beschaffung von Masken stellt die Stadt Landau ab sofort auf ihrer Internetseite unter <a href=\"http:\/\/www.landau.de\/maskenb\u00f6rse\">www.landau.de\/maskenb\u00f6rse<\/a> zur Verf\u00fcgung. Dar\u00fcber hinaus laufen derzeit die Planungen f\u00fcr eine zentrale Maskenb\u00f6rse. <\/p>\n\n\n\n<p>\u201eZahlreiche Landauerinnen und Landauer haben sich\nzusammengeschlossen und stellen flei\u00dfig Mundmasken her\u201c, erkl\u00e4rt OB Thomas\nHirsch. \u201eUm sie auch mit den B\u00fcrgerinnen und B\u00fcrgern zusammenzubringen, die\nnoch einen empfohlenen Mund-Nasen-Schutz ben\u00f6tigen, pr\u00fcfen wir derzeit die\nEinrichtung einer zentralen Sammel- und Verteilstelle.\u201c Neben der Verteilung\nvon gespendeten Mundmasken sei dort auch die Annahme von Stoff- und\nMaterialspenden vorgesehen. \u201eMit unserem Unterst\u00fctzungsangebot hoffen wir,\nallen B\u00fcrgerinnen und B\u00fcrgern unserer Stadt den Zugang zu dieser wichtigen\nSchutzma\u00dfnahme gegen das Corona-Virus zu erm\u00f6glichen\u201c, so der Stadtchef.<\/p>\n\n\n\n<p>Einfache Mundmasken aus Baumwolle sch\u00fctzen nicht die\nTr\u00e4gerin bzw. den Tr\u00e4ger, daf\u00fcr aber die Mitmenschen, da der Aussto\u00df von\nTr\u00f6pfchen beim Sprechen, Niesen oder Husten reduziert wird. Wichtig bleibt\njedoch: Abstand wahren und die Hygienerichtlinien einhalten.<\/p>\n\n\n\n<p><em>Stadtverwaltung Landau in der Pfalz<\/em><br><em>02.05.2020<\/em><\/p>\n\n\n\n<h2 class=\"wp-block-heading\"><strong>Gemeinsames Diagnosezentrum von Stadt und\nKreis: k\u00fcnftig montags und donnerstags ge\u00f6ffnet&nbsp;\n<\/strong><\/h2>\n\n\n\n<p>Die Nachfrage nach Abstrichen am gemeinsamen Diagnosezentrum der Stadt Landau und des Landkreises S\u00fcdliche Weinstra\u00dfe auf dem Alfred-Nobel-Platz in Landau ist in den vergangenen Tagen stark zur\u00fcck gegangen. Aus diesem Grund ist das Diagnosezentrum bis auf Weiteres nur noch montags und donnerstags von 16:00 bis 19:00 Uhr ge\u00f6ffnet. Die Regelung gilt seit Montag, 20. April, so dass das Testzentrum am heutigen Freitag noch von 16:00 bis 20:00 Uhr ge\u00f6ffnet ist. <\/p>\n\n\n\n<p>\u201eWir gehen ressourcenschonend mit dem Material und dem freiwilligen\nPersonal im Testzentrum um und passen die \u00d6ffnungszeiten deshalb der Nachfrage\nan, die in den letzten Tagen stetig zur\u00fcckgegangen ist und auch im\nWochen-Vergleich einen R\u00fcckgang zeigt\u201c, so Landrat Dietmar Seefeldt und Oberb\u00fcrgermeister\nThomas Hirsch, die betonen, dass diese \u00d6ffnungszeiten-Regelung sowie die Lage\ndynamisch seien und die \u00d6ffnungszeiten deshalb im Bedarfsfall entsprechend\nangepasst werden k\u00f6nnten. \u201eWir sind in der Lage flexibel und der Situation\nentsprechend zu reagieren\u201c, so der Kreis- und der Stadtchef.&nbsp; <\/p>\n\n\n\n<p>An der Teststation in Form eines \u201eDrive-ins\u201c k\u00f6nnen sich nach wie\nvor Personen mit dem begr\u00fcndeten Verdacht auf eine Infektion mit dem\nCorona-Virus testen lassen. Wer sich testen lassen will, ben\u00f6tigt weiter eine\nsogenannte \u201eLabor\u00fcberweisung\u201c von einer \u00c4rztin bzw. einem Arzt, etwa der\nHaus\u00e4rztin bzw. dem Hausarzt. B\u00fcrgerinnen und B\u00fcrger, die Infekt-Anzeichen und\nden Verdacht haben, mit dem Corona-Virus infiziert zu sein, k\u00f6nnen auch die\nzentrale Telefon-Hotline 0800 99 00 400 f\u00fcr Patientinnen und Patienten der\nKassen\u00e4rztlichen Vereinigung anrufen, um eine notwendige Vorabkl\u00e4rung zu erm\u00f6glichen.\n<\/p>\n\n\n\n<p>Die neu errichtete Corona-Ambulanz der Kassen\u00e4rztlichen Vereinigung bleibt von der Regelung unber\u00fchrt. <\/p>\n\n\n\n<p><em>Gemeinsame Pressemitteilung der Stadtverwaltung Landau und der Kreisverwaltung S\u00fcdliche Weinstra\u00dfe<br>02.05.2020<\/em><\/p>\n\n\n\n<h2 class=\"wp-block-heading\"><strong>Freibad am Prie\u00dfnitzweg: R\u00fcckabwicklung Dauerkartenvorverkauf<\/strong><\/h2>\n\n\n\n<div class=\"wp-block-image\"><figure class=\"aligncenter\"><img decoding=\"async\" loading=\"lazy\" width=\"800\" height=\"600\" src=\"https:\/\/speyer24news.com\/wp-content\/uploads\/2020\/05\/IMG_2229.jpg\" alt=\"\" class=\"wp-image-26698\" srcset=\"https:\/\/speyer24news.com\/wp-content\/uploads\/2020\/05\/IMG_2229.jpg 800w, https:\/\/speyer24news.com\/wp-content\/uploads\/2020\/05\/IMG_2229-300x225.jpg 300w, https:\/\/speyer24news.com\/wp-content\/uploads\/2020\/05\/IMG_2229-768x576.jpg 768w, https:\/\/speyer24news.com\/wp-content\/uploads\/2020\/05\/IMG_2229-678x509.jpg 678w, https:\/\/speyer24news.com\/wp-content\/uploads\/2020\/05\/IMG_2229-326x245.jpg 326w, https:\/\/speyer24news.com\/wp-content\/uploads\/2020\/05\/IMG_2229-80x60.jpg 80w\" sizes=\"(max-width: 800px) 100vw, 800px\" \/><\/figure><\/div>\n\n\n\n<p>Aufgrund der Corona-Pandemie ist es derzeit\nleider immer noch nicht absehbar, wann das Freibad am Prie\u00dfnitzweg in diesem\nJahr seine Pforten \u00f6ffnen wird.<\/p>\n\n\n\n<p>\u201eBereits Mitte M\u00e4rz haben wir den f\u00fcr\ndieses Jahr gestarteten Dauerkartenvorverkauf f\u00fcr die Freibadsaison 2020 eingestellt,\nda wir zu diesem Zeitpunkt noch keine Aussage dazu treffen konnten, wann wir\ndas Freibad am Prie\u00dfnitzweg \u00f6ffnen werden. Nachdem wir uns diesbez\u00fcglich immer\nnoch nicht festlegen und die Dauerkarteninhaber nun auch die beliebte und\nvielfach in Anspruch genommene LA OLA-Garantie nicht nutzen k\u00f6nnen, werden wir\nden Dauerkartenvorverkauf f\u00fcr das Freibad am Prie\u00dfnitzweg in diesem Jahr nicht\nfortsetzen und den Besitzern von bereits erworbenen Dauerkarten f\u00fcr die\nFreibadsaison 2020 das Geld zur\u00fcckerstatten\u201c, so Oberb\u00fcrgermeister und\nStadtholding-Gesch\u00e4ftsf\u00fchrer Thomas Hirsch.<\/p>\n\n\n\n<p>Saisonkarteninhaber k\u00f6nnen das\nOriginalformular mit Angabe ihrer Bankverbindung an die <strong>Stadtholding Landau in der Pfalz GmbH, Marktstra\u00dfe 50, 76829 Landau in\nder Pfalz <\/strong>oder alternativ als Scan an <a href=\"mailto:stadtholding@landau.de\"><strong>stadtholding@landau.de<\/strong><\/a>\nsenden. Der Betrag wird dann auf das angegebene Bankkonto erstattet. Eine\nR\u00fcckgabe im B\u00fcrgerb\u00fcro ist aus organisatorischen Gr\u00fcnden leider nicht m\u00f6glich.<\/p>\n\n\n\n<p>\u201eWir haben es uns zum Ziel gesetzt, das Freibad sp\u00e4testens zu den Sommerferien f\u00fcr unsere G\u00e4ste zu \u00f6ffnen. Ich w\u00fcnsche mir, dass sich die aktuelle Situation so entwickelt, dass uns dies m\u00f6glich sein wird\u201c, so Hirsch.<\/p>\n\n\n\n<p><a href=\"http:\/\/www.freibad-ld.de\">www.freibad-ld.de<\/a><\/p>\n\n\n\n<p><em>Stadtholding Landau in der Pfalz GmbH<br>02.05.2020<\/em><\/p>\n\n\n\n<h2 class=\"wp-block-heading\"><strong>Die S\u00fcdpfalz hilft ihren els\u00e4ssischen Nachbarn<\/strong><\/h2>\n\n\n\n<div class=\"wp-block-image\"><figure class=\"aligncenter\"><img decoding=\"async\" loading=\"lazy\" width=\"501\" height=\"658\" src=\"https:\/\/speyer24news.com\/wp-content\/uploads\/2020\/04\/Deutschfranz\u00f6sisch.jpg\" alt=\"\" class=\"wp-image-26533\" srcset=\"https:\/\/speyer24news.com\/wp-content\/uploads\/2020\/04\/Deutschfranz\u00f6sisch.jpg 501w, https:\/\/speyer24news.com\/wp-content\/uploads\/2020\/04\/Deutschfranz\u00f6sisch-228x300.jpg 228w\" sizes=\"(max-width: 501px) 100vw, 501px\" \/><\/figure><\/div>\n\n\n\n<p>Als\nwichtiges Zeichen der grenz\u00fcberschreitenden Freundschaft und Solidarit\u00e4t mit\ndem benachbarten Elsass hat Kreisfeuerwehrinspekteur Jens Thiele im Auftrag von\nLandrat Dietmar Seefeldt am Gr\u00fcndonnerstag 500 Atemschutzmasken FFP 2 und 100\nTestr\u00f6hrchen f\u00fcr Corona-Abstriche an die Verantwortlichen des Krankenhauses in\nWissembourg \u00fcbergeben. Wegen Lieferschwierigkeiten war es im Krankenhaus in\nWissembourg kurzfristig zu Engp\u00e4ssen gekommen. Die \u00dcbergabe fand am fr\u00fcheren\nGrenz\u00fcbergang in Schweigen-Rechtenbach statt. <\/p>\n\n\n\n<p>&#8222;Gerade jetzt, in diesen schwierigen Zeiten, ist es f\u00fcr uns selbstverst\u00e4ndlich, unseren unmittelbaren Nachbarn im Elsass zu helfen. Wenn man helfen kann, gibt es keine Grenzen. Ganz egal, ob es sich um Dinge handelt, die im Moment im Elsass Mangelware sind oder es darum geht, franz\u00f6sische Patienten in unseren Krankenh\u00e4usern aufzunehmen. Zum Gl\u00fcck sind wir durch die auferlegten Einschr\u00e4nkungen und das vern\u00fcnftige Verhalten unserer B\u00fcrger in der Lage auszuhelfen.&#8220;, unterstreichen die Landr\u00e4te Dietmar Seefeldt und Dr. Fritz Brechtel und Oberb\u00fcrgermeister Thomas Hirsch unisono die wichtige gemeinsame und unb\u00fcrokratische Ma\u00dfnahme. Die Lieferung war bereits die dritte Hilfslieferung an das Krankenhaus Wissembourg, bereits im M\u00e4rz wurden insgesamt \u00fcber 100 FFP-Schutzmasken, Medikamente und 5000 Behelfs-Schutzkittel \u00fcber den gemeinsamen Katastrophenschutzstab mit der Stadt Landau an das Krankenhaus in Wissembourg geliefert.<\/p>\n\n\n\n<p><em>Gemeinsame Pressemitteilung der Stadt Landau sowie der Landkreise S\u00fcdliche Weinstra\u00dfe und Germersheim<br>02.05.2020<\/em><\/p>\n\n\n\n<h2 class=\"wp-block-heading\">Rosarotes Blumenmeer: Gartenstadt Landau steht in voller Bl\u00fcte \u2013 B\u00e4ume im Stadtgebiet brauchen bereits jetzt zus\u00e4tzlich Wasser<\/h2>\n\n\n\n<div class=\"wp-block-image\"><figure class=\"aligncenter\"><img decoding=\"async\" loading=\"lazy\" width=\"800\" height=\"533\" src=\"https:\/\/speyer24news.com\/wp-content\/uploads\/2020\/05\/Info-16-04-2020_Bl\u00fcte.jpg\" alt=\"\" class=\"wp-image-26697\" srcset=\"https:\/\/speyer24news.com\/wp-content\/uploads\/2020\/05\/Info-16-04-2020_Bl\u00fcte.jpg 800w, https:\/\/speyer24news.com\/wp-content\/uploads\/2020\/05\/Info-16-04-2020_Bl\u00fcte-300x200.jpg 300w, https:\/\/speyer24news.com\/wp-content\/uploads\/2020\/05\/Info-16-04-2020_Bl\u00fcte-768x512.jpg 768w\" sizes=\"(max-width: 800px) 100vw, 800px\" \/><figcaption>Die Bl\u00fcte im Landauer Schillerpark.<em> (Quelle: Stadt Landau)<\/em> <\/figcaption><\/figure><\/div>\n\n\n\n<p>Der Schillerpark \u2013 ein Bl\u00fctenmeer. Und nicht nur hier,\nsondern auch am Deutschen Tor, im Ostpark, am Kreisel Nord und \u00f6stlich der\nQueichheimer Br\u00fccke steht die Stadt Landau aktuell in voller Bl\u00fcte. Was viele\nnicht wissen: M\u00f6glich macht das der Einsatz der st\u00e4dtischen G\u00e4rtnerinnen und\nG\u00e4rtner im Herbst. Bereits Mitte Oktober hatten sie die st\u00e4dtischen\nWechselflorbeete mit dem Winterflor bepflanzt, der jetzt erbl\u00fcht. Rund 12.000\nBlumenzwiebeln wurden hierf\u00fcr gesteckt und etwa 18.000 Blumen auf den \u00fcber 800\nQuadratmetern Wechselflorfl\u00e4chen gepflanzt.<\/p>\n\n\n\n<p>\u201eStiefm\u00fctterchen, Vergissmeinnicht und Goldlack zeigen aktuell\nihr rosarotes Farbenspiel und bringen \u00abAttila\u00bb, \u00abGabriella\u00bb und \u00abRems Favourite\u00bb,\nso die Namen der von uns ausgew\u00e4hlten Tulpen, so richtig zur Geltung\u201c, sagt Sabine\nKlein, die Leiterin der st\u00e4dtischen Gr\u00fcnfl\u00e4chenabteilung. Mitte Mai, nach den\nEisheiligen, stehe dann der Wechsel zum Sommerflor an, so Klein weiter. Dann\nsorgen unter anderem L\u00f6wenm\u00e4ulchen, Schmuckk\u00f6rbchen, Dahlien,\nSchneeflockenblumen, Sonnenhut und Flei\u00dfige Lieschen f\u00fcr farbenfrohe Beete, die\nin diesem Jahr ebenfalls haupts\u00e4chlich in verschiedenen Violett- und Rosat\u00f6nen\nerbl\u00fchen. Aktuell stecke sie au\u00dferdem schon in den Planungen f\u00fcr den n\u00e4chsten\nWinterflor, verr\u00e4t Klein. <\/p>\n\n\n\n<p>Etwas fr\u00fcher als gewohnt starten die G\u00e4rtnerinnen und\nG\u00e4rtner des st\u00e4dtischen Bauhofs in diesem Jahr mit den regelm\u00e4\u00dfigen Gie\u00dfg\u00e4ngen.\n\u201eAufgrund der schon fr\u00fchen warmen Temperaturen und den geringen Niederschl\u00e4gen\nbrauchen insbesondere unsere Jungb\u00e4ume und die B\u00e4ume, die an Stra\u00dfen oder in\nengen Pflanzbeeten stehen, schon jetzt zus\u00e4tzlich Wasser\u201c, erkl\u00e4rt Klein.\nHierbei setzt die Gr\u00fcnfl\u00e4chenabteilung auch wieder auf die sogenannten\nTreegator \u2013 gro\u00dfe, gr\u00fcne Wassers\u00e4cke, die mit etwa 70 Litern Wasser bef\u00fcllt\n\u00fcber ihr durchl\u00e4ssiges Gewebe das Wasser nach und nach an den Boden und die\nWurzeln abgeben. \u201eWir haben damit gro\u00dfartige Erfahrungen gemacht und\nmittlerweile mehrere Hundert im Einsatz\u201c, so Klein. Die Treegator werden zu\nBeginn der Gie\u00dfsaison jetzt wieder im Stadtgebiet verteilt.<\/p>\n\n\n\n<p><em>Stadtverwaltung Landau in der Pfalz<\/em><br><em>02.05.2020<\/em><\/p>\n\n\n\n<h2 class=\"wp-block-heading\">Schrittweises Wiederhochfahren des \u00f6ffentlichen Lebens: Landaus OB Hirsch begr\u00fc\u00dft \u201eausgewogene Regelungen von Bund und L\u00e4ndern\u201c<\/h2>\n\n\n\n<figure class=\"wp-block-image\"><img decoding=\"async\" loading=\"lazy\" width=\"800\" height=\"533\" src=\"https:\/\/speyer24news.com\/wp-content\/uploads\/2020\/05\/Info-189a-Neustart.jpg\" alt=\"\" class=\"wp-image-26695\" srcset=\"https:\/\/speyer24news.com\/wp-content\/uploads\/2020\/05\/Info-189a-Neustart.jpg 800w, https:\/\/speyer24news.com\/wp-content\/uploads\/2020\/05\/Info-189a-Neustart-300x200.jpg 300w, https:\/\/speyer24news.com\/wp-content\/uploads\/2020\/05\/Info-189a-Neustart-768x512.jpg 768w\" sizes=\"(max-width: 800px) 100vw, 800px\" \/><figcaption>Lockerungen sind in Sicht: Auch die attraktive Landauer Innenstadt wird sich bald wieder belebter pr\u00e4sentieren. <em>(Quelle: Stadt Landau)<\/em><\/figcaption><\/figure>\n\n\n\n<p>Das \u00f6ffentliche Leben in Deutschland kann in den kommenden Tagen, Wochen und Monaten schrittweise wiederhochgefahren werden. Einen ersten Fahrplan dazu haben Bund und L\u00e4nder vorgestellt. Demnach d\u00fcrfen Gesch\u00e4fte mit bis zu 800 Quadratmetern seit Montag, 20. April, wieder \u00f6ffnen; der Schulbetrieb soll ab Ende des Monats langsam wiederaufgenommen werden. Hingegen bleiben Gro\u00dfveranstaltungen bis Ende August verboten und auch die geltenden Kontaktbeschr\u00e4nkungen wurden bis zum 3. Mai verl\u00e4ngert. In einer ersten Reaktion sagte Landaus Oberb\u00fcrgermeister Thomas Hirsch mit Blick auf seine Stadt: \u201eIch begr\u00fc\u00dfe die sehr ausgewogenen Regelungen, die eine verantwortungsvolle Abw\u00e4gung zwischen Infektionsschutz und sozialen bzw. wirtschaftlichen Bed\u00fcrfnissen ber\u00fccksichtigen.\u201c <\/p>\n\n\n\n<p>In Bezug auf Schulen gebe es nach den heutigen Entscheidungen einiges an Hausaufgaben f\u00fcr die Stadt Landau als Tr\u00e4ger zu erledigen, so Hirsch weiter \u2013 etwa bei der Sch\u00fclerbef\u00f6rderung im \u00d6PNV. Landaus Stadtchef teilt mit, dass man aktuell davon ausgehe, dass der Zoo zeitnah wieder \u00f6ffnen k\u00f6nne, die B\u00e4der hingegen blieben zun\u00e4chst geschlossen. \u201eDie Freibadsaison wird in diesem Jahr, wenn \u00fcberhaupt, auf jeden Fall erst sp\u00e4ter beginnen\u201c, erwartet Hirsch. Die Absage von Gro\u00dfveranstaltungen betreffe in Landau viele traditionelle Feste, allen voran den Landauer Sommer, aber auch die Weinfeste in den Stadtd\u00f6rfern, so der OB. Dies sei f\u00fcr Pf\u00e4lzerinnen und Pf\u00e4lzer besonders schmerzhaft, aber leider notwendig, wirbt Landaus Stadtchef um Verst\u00e4ndnis.&nbsp; <\/p>\n\n\n\n<div class=\"wp-block-image\"><figure class=\"aligncenter\"><img decoding=\"async\" loading=\"lazy\" width=\"800\" height=\"600\" src=\"https:\/\/speyer24news.com\/wp-content\/uploads\/2020\/05\/Info-189b-Neustart.jpg\" alt=\"\" class=\"wp-image-26696\" srcset=\"https:\/\/speyer24news.com\/wp-content\/uploads\/2020\/05\/Info-189b-Neustart.jpg 800w, https:\/\/speyer24news.com\/wp-content\/uploads\/2020\/05\/Info-189b-Neustart-300x225.jpg 300w, https:\/\/speyer24news.com\/wp-content\/uploads\/2020\/05\/Info-189b-Neustart-768x576.jpg 768w, https:\/\/speyer24news.com\/wp-content\/uploads\/2020\/05\/Info-189b-Neustart-678x509.jpg 678w, https:\/\/speyer24news.com\/wp-content\/uploads\/2020\/05\/Info-189b-Neustart-326x245.jpg 326w, https:\/\/speyer24news.com\/wp-content\/uploads\/2020\/05\/Info-189b-Neustart-80x60.jpg 80w\" sizes=\"(max-width: 800px) 100vw, 800px\" \/><figcaption>Landaus OB Hirsch begr\u00fc\u00dft die \u201eausgewogenen Regelungen von Bund und L\u00e4ndern\u201c zur Lockerung der Corona-Beschr\u00e4nkungen. <em>(Quelle: Stadt Landau)<\/em><\/figcaption><\/figure><\/div>\n\n\n\n<p>Der OB begr\u00fc\u00dft die dringende Empfehlung von Bund und\nL\u00e4ndern zum Tragen von Masken in Bussen und Bahnen sowie in Gesch\u00e4ften. Auch\ndie s\u00fcdpf\u00e4lzischen Verwaltungschefs hatten sich vor wenigen Tagen f\u00fcr das\nTragen von Mund-Nasen-Masken im \u00f6ffentlichen Raum ausgesprochen. <\/p>\n\n\n\n<p>Unabh\u00e4ngig von bevorstehenden Lockerungen brauche es weiter Hilfe und Unterst\u00fctzung f\u00fcr alle, die von der Corona-Krise betroffen seien, betont OB Hirsch, der in diesem Zusammenhang noch einmal auf das st\u00e4dtische Hilfspaket \u201eMiteinander in Landau\u201c verweist.&nbsp; Dieses unterst\u00fctzt erg\u00e4nzend zu den Soforthilfema\u00dfnahmen von Bund und Land soziale und kulturelle Einrichtungen, freie Tr\u00e4ger, gemeinn\u00fctzige Initiativen, Hilfsorganisationen und H\u00e4rtef\u00e4lle mit st\u00e4dtischen Zusch\u00fcssen. Alle Informationen und die Antr\u00e4ge finden sich auf <a href=\"http:\/\/www.landau.de\/zuschussprogramm\">www.landau.de\/zuschussprogramm<\/a>.  Stadtspitze und Stadtverwaltung werden den heute vorgestellten Fahrplan nun f\u00fcr Landau auswerten und entsprechende Ma\u00dfnahmen einleiten, auch in bew\u00e4hrter Abstimmung mit den Nachbarlandkreisen in der S\u00fcdpfalz. Der OB dankt schon jetzt allen Landauerinnen und Landauern, die sich in der aktuellen Krise engagieren \u2013 und ganz besonders der Bev\u00f6lkerung f\u00fcr das entgegengebrachte Verst\u00e4ndnis. \u201eDurch die Krise schaffen wir es nur gemeinsam: Das ist keine Floskel, sondern hier und heute gilt es tats\u00e4chlich, als Gesellschaft zusammenzustehen und diese schwierige Herausforderung mit gro\u00dfer N\u00e4he trotz sozialer Distanz gemeinsam zu meistern.\u201c <\/p>\n\n\n\n<p><em>Stadtverwaltung Landau in der Pfalz<\/em><br><em>02.05.2020<\/em><\/p>\n\n\n\n<h2 class=\"wp-block-heading\">Unterricht am heimischen K\u00fcchentisch: Uni Landau f\u00fchrt im Zuge der Corona-Pandemie Elternbefragung zu Homeschooling durch<\/h2>\n\n\n\n<div class=\"wp-block-image\"><figure class=\"aligncenter\"><img decoding=\"async\" loading=\"lazy\" width=\"800\" height=\"475\" src=\"https:\/\/speyer24news.com\/wp-content\/uploads\/2020\/05\/Info-15-04-2020_Homeschooling.jpg\" alt=\"\" class=\"wp-image-26694\" srcset=\"https:\/\/speyer24news.com\/wp-content\/uploads\/2020\/05\/Info-15-04-2020_Homeschooling.jpg 800w, https:\/\/speyer24news.com\/wp-content\/uploads\/2020\/05\/Info-15-04-2020_Homeschooling-300x178.jpg 300w, https:\/\/speyer24news.com\/wp-content\/uploads\/2020\/05\/Info-15-04-2020_Homeschooling-768x456.jpg 768w\" sizes=\"(max-width: 800px) 100vw, 800px\" \/><figcaption>Kann auch Spa\u00df machen: Homeschooling. <em>(Quelle: Ulrike Leone\/pixabay) <\/em> <\/figcaption><\/figure><\/div>\n\n\n\n<p>Als Ma\u00dfnahme zur Eind\u00e4mmung der Corona-Pandemie sind die\nSchulen in Rheinland-Pfalz seit dem 16. M\u00e4rz geschlossen. Damit die Sch\u00fclerinnen\nund Sch\u00fcler nicht zu viel Unterrichtsstoff verpassen, sollen sie mit\nMaterialien, die ihnen von ihren Lehrerinnen und Lehrern zur Verf\u00fcgung gestellt\nwerden, von zu Hause aus weiterarbeiten und dabei m\u00f6glichst von ihren Eltern\nunterst\u00fctzt und begleitet werden. Wie funktioniert dieser Heimunterricht aus\nSicht der Eltern? Und welche Herausforderungen bringt die ungewohnte\nLernsituation mit sich? Um das herauszufinden, f\u00fchrt das Zentrum f\u00fcr Empirische\nP\u00e4dagogische Forschung (zepf) der Universit\u00e4t Koblenz-Landau am Campus Landau\naktuell eine Online-Umfrage durch.<\/p>\n\n\n\n<p>OB Thomas Hirsch ruft M\u00fctter und V\u00e4ter dazu auf, sich bei\nInteresse an der Umfrage zu beteiligen und die Arbeit des Forschungszentrums zu\nunterst\u00fctzen: \u201eDie Corona-Pandemie wirkt sich auf viele Bereiche unseres Lebens\naus \u2013 so auch auf das Lernen unserer Kinder \u2013 und fordert uns, umzudenken und\nneue Wege zu gehen. Von diesen Erfahrungen k\u00f6nnen die Wissenschaftlerinnen und\nWissenschaftler unserer Uni nur profitieren und erhalten so wichtige Hinweise\nf\u00fcr die k\u00fcnftige Gestaltung des Beschulens zu Hause.\u201c<\/p>\n\n\n\n<p>An der anonymen Befragung, die unter\nhttps:\/\/homeschooling-e.zepf.eu abrufbar ist, k\u00f6nnen alle in Deutschland\nwohnhaften Eltern mit schulpflichtigen Kindern teilnehmen. Geleitet wird die\nStudie von der Erziehungswissenschaftlerin Prof. Dr. Anja Wildemann und dem\nPsychologen Prof. Dr. Ingmar Hosenfeld. Bei Fragen zur Studie sind die beiden\nper Mail an homeschooling@zepf.uni-landau.de erreichbar.<\/p>\n\n\n\n<p><em>Stadtverwaltung Landau in der Pfalz<\/em><br><em>02.05.2020<\/em><\/p>\n\n\n\n<h2 class=\"wp-block-heading\">Kommune der Zukunft: Stadt Landau ist Vorbild f\u00fcr landesweite F\u00f6rderung von Stadtd\u00f6rfern<\/h2>\n\n\n\n<figure class=\"wp-block-image\"><img decoding=\"async\" loading=\"lazy\" width=\"800\" height=\"533\" src=\"https:\/\/speyer24news.com\/wp-content\/uploads\/2020\/05\/Info-07-04-2020_Dorfl\u00e4den.jpg\" alt=\"\" class=\"wp-image-26685\" srcset=\"https:\/\/speyer24news.com\/wp-content\/uploads\/2020\/05\/Info-07-04-2020_Dorfl\u00e4den.jpg 800w, https:\/\/speyer24news.com\/wp-content\/uploads\/2020\/05\/Info-07-04-2020_Dorfl\u00e4den-300x200.jpg 300w, https:\/\/speyer24news.com\/wp-content\/uploads\/2020\/05\/Info-07-04-2020_Dorfl\u00e4den-768x512.jpg 768w\" sizes=\"(max-width: 800px) 100vw, 800px\" \/><figcaption>Die Nahversorgung war eines der wichtigen Themen im Modellprozess \u201eKommune der Zukunft\u201c in Landau. <em>(Quelle: Stadt Landau)<\/em><\/figcaption><\/figure>\n\n\n\n<p>Die Landauer Stadtd\u00f6rfer fit f\u00fcr die Zukunft machen: Das\nwar das Ziel des vom Land Rheinland-Pfalz gef\u00f6rderten Modellprojekts \u201eKommune\nder Zukunft\u201c, das im vergangenen Herbst nach drei Jahren intensiver Projektarbeit\nzu Ende ging. Als Modellkommune hat die Stadt Landau damit eine landesweite\nVorreiterrolle bei der zukunftsf\u00e4higen Entwicklung von Stadtd\u00f6rfern\neingenommen, von der jetzt auch andere St\u00e4dte profitieren sollen. Nach dem\nVorbild Landaus werden die Stadtd\u00f6rfer in Koblenz, Ludwigshafen und Trier\nentwickelt. Insgesamt f\u00f6rdert das Land die Umsetzung der in Landau erarbeiteten\nProjekte sowie die Entwicklung der anderen Stadtd\u00f6rfer mit insgesamt 3,5\nMillionen Euro. <\/p>\n\n\n\n<p>\u201eStadtd\u00f6rfer sind sowohl von der St\u00e4dtebauf\u00f6rderung als\nauch von den klassischen T\u00f6pfen der Dorfentwicklung ausgenommen\u201c, erinnert\nOberb\u00fcrgermeister Thomas Hirsch. \u201eAus diesem Grund sind wir sehr dankbar, dass\ndie Stadt Landau als Modellkommune f\u00fcr diesen besonderen Entwicklungsprozess ausgew\u00e4hlt\nwurde und freuen uns, dass die in Landau gewonnenen Erkenntnisse nun auch in\nanderen rheinland-pf\u00e4lzischen Kommunen erfolgreich Anwendung finden k\u00f6nnen\u201c, so\nder Stadtchef. \n\nAuch nach dem Ende des\noffiziellen Projektzeitraums f\u00fchrt die Stadt Landau den Dorfentwicklungsprozess\nweiter. Aktuell stehen ganz besonders die Umsetzung der im Rahmen des\nModellprojekts erarbeiteten Leuchtturmprojekte und die Erstellung von\nLeitbildern im Vordergrund. Dar\u00fcber hinaus gilt es, die Vernetzung der\nStadtd\u00f6rfer untereinander und vor allem auch mit der Kernstadt weiter zu\nf\u00f6rdern.\n\n\n\n<\/p>\n\n\n\n<p><em>Stadtverwaltung Landau in der Pfalz<\/em><br><em>02.05.2020<\/em><\/p>\n\n\n\n<h2 class=\"wp-block-heading\">QMatrix GmbH spendet Masken an den DRK Kreisverband Landau e.V.<\/h2>\n\n\n\n<div class=\"wp-block-image\"><figure class=\"aligncenter\"><img decoding=\"async\" loading=\"lazy\" width=\"800\" height=\"533\" src=\"https:\/\/speyer24news.com\/wp-content\/uploads\/2020\/05\/Maskenspende.jpg\" alt=\"\" class=\"wp-image-26693\" srcset=\"https:\/\/speyer24news.com\/wp-content\/uploads\/2020\/05\/Maskenspende.jpg 800w, https:\/\/speyer24news.com\/wp-content\/uploads\/2020\/05\/Maskenspende-300x200.jpg 300w, https:\/\/speyer24news.com\/wp-content\/uploads\/2020\/05\/Maskenspende-768x512.jpg 768w\" sizes=\"(max-width: 800px) 100vw, 800px\" \/><figcaption>v.l.: Kreisgesch\u00e4ftsf\u00fchrerin Tanja Melzer, 1. Vize-Pr\u00e4sident Peter Wollny und Gesch\u00e4ftsf\u00fchrer Tobias Hoffmann und Stefano Lisci der QMatrix GmbH bei der \u00dcbergabe der Maskenspende.<\/figcaption><\/figure><\/div>\n\n\n\n<p>Die QMatrix GmbH wurde 2013 von Stefano Lisci und Tobias Hoffmann mit Sitz in Bellheim gegr\u00fcndet und unterst\u00fctzt weltweit Ihre Kunden in den Bereichen Qualit\u00e4tsmanagement, Projektmanagement, Interimsmanagement, Lieferantenmanagement, Auditierung sowie Logistik- und Prozessoptimierungen. <\/p>\n\n\n\n<p>Gesch\u00e4ftsf\u00fchrer Tobias Hoffmann \u00fcbergibt dem DRK Kreisverband Landau e.V. 300 Mund-Nasen-Schutzmasken sowie 120 Masken mit dem Schutzstandard FFP2. Mit dieser Spende m\u00f6chte Gesch\u00e4ftsf\u00fchrer Stefano Lisci auch andere Firmen und Unternehmen animieren, das DRK in dieser schwierigen Situation zu unterst\u00fctzen. \u201eAm Ende kommt jedem einzelnen diese Hilfe zu Gute. Die Gesellschaft muss in dieser schwierigen Lage nun zusammenhalten. Denn nur gemeinsam sind wir stark\u201c, erkl\u00e4rt Tobias Hoffmann.<\/p>\n\n\n\n<p>Peter Wollny, 1. Vize-Pr\u00e4sident des DRK Landau, freut sich sehr \u00fcber diese Spende, da die Helfer auf die Schutzausr\u00fcstung angewiesen sind. \u201eDenn nur so lange die Helfer mit den entsprechenden Schutzvorkehrungen ausgestattet sind, k\u00f6nnen sie auch helfen\u201c, erkl\u00e4rt Peter Wollny.<\/p>\n\n\n\n<p>\u201eDie Masken leisten im Kampf gegen das Corona-Virus wertvolle Dienste, um unsere Mitarbeiter, ehrenamtlichen Helfer und die Bewohner in Landau und S\u00fcdliche Weinstra\u00dfe zu sch\u00fctzen\u201c, so Kreisgesch\u00e4ftsf\u00fchrerin Tanja Melzer. \u201eF\u00fcr die Kosten der Schutzausr\u00fcstung muss das DRK Landau selbst aufkommen und die Preise explodieren um ein Vielfaches. Daher ruft das DRK Landau zur Unterst\u00fctzung auf. Wir haben ein Spendenkonto eingerichtet, welches ausschlie\u00dflich zur Verwendung und Bew\u00e4ltigung der COVID-19 Lage dient\u201c, so der 1. Vize-Pr\u00e4sident des DRK. <\/p>\n\n\n\n<h4 class=\"wp-block-heading\"><strong>Spendenkonto:<\/strong><\/h4>\n\n\n\n<ul><li> Kontoinhaber: DRK Kreisverband Landau e.V.<\/li><li> IBAN: DE62 5485 0010 0000 0011 80<\/li><li> BIC: SOLADES 1SUW<\/li><li> Bank: Sparkasse S\u00fcdliche Weinstra\u00dfe<\/li><li> Stichwort: Spende<\/li><\/ul>\n\n\n\n<p><em>Deutsches Rotes Kreuz, Kreisverband Landau e.V.<br>02.05.2020<\/em><\/p>\n\n\n\n<h2 class=\"wp-block-heading\">Von Tierpatenschaften \u00fcber Spenden bis zu Eintrittsgutscheinen: Zoo Landau dankt f\u00fcr viel Zuspruch in schwierigen Zeiten<\/h2>\n\n\n\n<div class=\"wp-block-image\"><figure class=\"aligncenter\"><img decoding=\"async\" loading=\"lazy\" width=\"800\" height=\"533\" src=\"https:\/\/speyer24news.com\/wp-content\/uploads\/2020\/05\/Info-15-04-2020_Zoo.jpg\" alt=\"\" class=\"wp-image-26692\" srcset=\"https:\/\/speyer24news.com\/wp-content\/uploads\/2020\/05\/Info-15-04-2020_Zoo.jpg 800w, https:\/\/speyer24news.com\/wp-content\/uploads\/2020\/05\/Info-15-04-2020_Zoo-300x200.jpg 300w, https:\/\/speyer24news.com\/wp-content\/uploads\/2020\/05\/Info-15-04-2020_Zoo-768x512.jpg 768w\" sizes=\"(max-width: 800px) 100vw, 800px\" \/><figcaption>Endlich: Auch die S\u00fcdlichen Streifengnus im Zoo Landau haben jetzt zwei Tierpaten gefunden. <em>(Quelle: Zoo Landau)<\/em> <\/figcaption><\/figure><\/div>\n\n\n\n<p>Der Zoo Landau kann sich in den\naktuellen, schwierigen Zeiten \u00fcber viel Zuspruch freuen: Das Team um Zoodirektor\nDr. Jens-Ove Heckel dankt allen, die die Einrichtung in der Corona-Krise etwa \u00fcber\nSpenden, den Kauf von Jahreskarten oder Eintrittsgutscheinen bzw. die \u00dcbernahme\nvon Tierpatenschaften unterst\u00fctzen. <\/p>\n\n\n\n<p>Vor allem die Zahl der neu\neingegangen Patenschaftsantr\u00e4ge sei \u00fcberw\u00e4ltigend, teilt der Zoo jetzt mit.\nUnd: Erstmals d\u00fcrfen sich auch die S\u00fcdlichen Streifengnus \u00fcber gleich zwei\nPaten freuen. Die imposanten Tiere waren lange Jahre die einzige gr\u00f6\u00dfere Art im\nZoo, die keine Patin bzw. keinen Paten hatte. <\/p>\n\n\n\n<p>Die Zooverwaltung bem\u00fcht sich\naktuell, jeden Antrag sehr zeitnah zu bearbeiten. \u201eAuch, wenn die dadurch\nentstehende finanzielle Entlastung die durch die Zooschlie\u00dfung bedingten\nEinnahmeausf\u00e4lle nicht wettmachen kann: Der viele Zuspruch bedeutet auch eine\nenorme moralische Unterst\u00fctzung f\u00fcr das gesamte Team\u201c, freut sich Dr. Heckel. <\/p>\n\n\n\n<p>Wer eine Patenschaft f\u00fcr einen der rund 800 tierischen Zoobewohner \u00fcbernehmen m\u00f6chte, findet Informationen auf der Internetseite des Zoo-Freundeskreises unter <a href=\"http:\/\/www.zoofreunde-landau.de\/Tierpatenschaften.html\">www.zoofreunde-landau.de\/Tierpatenschaften.html<\/a>. Vormittags gibt die Zooverwaltung auch gerne telefonisch Auskunft unter 0 63 41\/13 70 02 bzw. 0 63 41\/13 70 11.<\/p>\n\n\n\n<p><em>Stadtverwaltung Landau in der Pfalz<\/em><br><em>02.05.2020<\/em><\/p>\n\n\n\n<h2 class=\"wp-block-heading\">Zur Entlastung der Haus\u00e4rztinnen und Haus\u00e4rzte: Corona-Ambulanz auf dem Neuen Messplatz in Landau namm am Mittwoch, 15. April, den Betrieb auf<\/h2>\n\n\n\n<p>Um die Haus\u00e4rztinnen und Haus\u00e4rzte in der aktuellen Corona-Krise zu entlasten, erg\u00e4nzt k\u00fcnftig eine neue Corona-Ambulanz die gemeinsame Drive-In-Diagnosestation der Stadt Landau und des Landkreises S\u00fcdliche Weinstra\u00dfe auf dem Neuen Messplatz in Landau. In der Ambulanz in Tr\u00e4gerschaft der Kassen\u00e4rztlichen Vereinigung sollen infekti\u00f6se Atemwegserkrankungen mit (auch vagem) Corona-Verdacht sowie bereits positiv getestete oder an Covid-19 erkrankte Patientinnen und Patienten behandelt werden. Die neue Einrichtung namm am Mittwoch, 15. April, den Betrieb auf; Termine werden ab sofort vergeben.<\/p>\n\n\n\n<p>Und so funktioniert\u2019s: Wer sich krank\nf\u00fchlt, wendet sich immer zuerst \u2013 per Telefon \u2013 an seine Hausarztpraxis. Diese\nentscheidet nach Abfrage der Symptome, ob die regul\u00e4re Sprechstunde besucht\nwerden kann oder ob sich die Patientin bzw. der Patient in der neu\neingerichteten Corona-Ambulanz vorstellen soll. Die Terminvereinbarung f\u00fcr die Corona-Ambulanz\n\u00fcbernimmt die Hausarztpraxis. Nach einer entsprechenden Meldung setzt sich der\nTerminbuchungsservice der Corona-Ambulanz mit der Patientin bzw. dem Patienten\ntelefonisch in Verbindung, best\u00e4tigt den Termin und teilt eine entsprechende\nBuchungsnummer mit, die bei der Einfahrt zur Corona-Ambulanz vorzuzeigen ist. <\/p>\n\n\n\n<p>Die Zufahrt erfolgt \u00fcber die Lise-Meitner-Stra\u00dfe. <\/p>\n\n\n\n<p><em>Gemeinsame Pressemitteilung der Stadtverwaltung Landau und der Kreisverwaltung S\u00fcdliche Weinstra\u00dfe<br>02.05.2020<\/em><\/p>\n\n\n\n<h2 class=\"wp-block-heading\">\u00d6kologie, \u00d6konomie &amp; Soziales: 10 Jahre Nachhaltigkeitsberichterstattung bei der Stadtholding Landau in der Pfalz GmbH<\/h2>\n\n\n\n<p>Die Stadtholding Landau in der Pfalz GmbH hat als st\u00e4dtische Betriebs- und Beteiligungsgesellschaft jetzt erneut einen Nachhaltigkeitsbericht ver\u00f6ffentlicht und kann damit ein kleines Jubil\u00e4um feiern: Der in seiner zehnten Fassung vorliegende \u201eCorporate Responsibility Report\u201c ist in die drei Nachhaltigkeitss\u00e4ulen \u00d6kologie, \u00d6konomie und Soziales gegliedert und informiert \u00fcber das Erreichte im zur\u00fcckliegenden Gesch\u00e4ftsjahr.<\/p>\n\n\n\n<p>\u201eJeder Bericht, der seit 2011 ver\u00f6ffentlicht wurde, enth\u00e4lt wichtige Bausteine, die St\u00fcck f\u00fcr St\u00fcck das Haus der nachhaltigen Unternehmensf\u00fchrung zum Wachsen gebracht haben\u201c, fasst Oberb\u00fcrgermeister Thomas Hirsch in seiner Funktion als Gesch\u00e4ftsf\u00fchrer des st\u00e4dtischen Unternehmens zusammen. \u201eAuch f\u00fcr die Zukunft gilt, dass der Nachhaltigkeitsgedanke fester Bestandteil unserer Unternehmenspolitik bleiben wird\u201c, erg\u00e4nzt Hirsch.<\/p>\n\n\n\n<p>Das Engagement der Stadtholding k\u00f6nnte dabei nicht vielf\u00e4ltiger sein: Vom Tropenwaldschutzprojekt auf den Philippinen, \u00fcber ein konsequentes und auditiertes Energiemanagement bis hin zum Ausbau des Betrieblichen Gesundheitsmanagements im direkten Dialog mit allen Besch\u00e4ftigten.<\/p>\n\n\n\n<p>Alle Interessierten finden den aktuellen Bericht sowie die Nach\u00achaltigkeitsberichte der vergangenen zehn Jahre auf der Internetseite der Stadtholding unter <a href=\"http:\/\/www.stadtholding.de\">www.stadtholding.de<\/a> und dort im Bereich Nachhaltigkeit. <\/p>\n\n\n\n<p><em>Stadtholding Landau in der Pfalz GmbH<br>02.05.2020<\/em><\/p>\n\n\n\n<h2 class=\"wp-block-heading\"><strong>Corona-Pandemie<\/strong>: <strong>Verwaltungschefs planen\nCorona-Hilfsstation in W\u00f6rth gemeinsam zu betreiben<\/strong><\/h2>\n\n\n\n<h3 class=\"wp-block-heading\"><strong>Hilfsstrukturen s\u00fcdpfalzweit f\u00fcr\nbestm\u00f6gliche Versorgung optimieren<\/strong><\/h3>\n\n\n\n<p>\u201eWir haben s\u00fcdpfalzweit f\u00fcr die\nB\u00fcrgerinnen und B\u00fcrger effektive Ma\u00dfnahmen ergriffen, um den Folgen des\nCoronavirus m\u00f6glichst immer einige Schritte voraus zu sein\u201c, sagen die Landr\u00e4te\nDr. Fritz Brechtel (GER) und Dietmar Seefeldt (S\u00dcW) sowie Oberb\u00fcrgermeister\nThomas Hirsch (LD). \u201eUnser Gesundheitswesen ist gut aufgestellt, die Krankenh\u00e4user\nhalten ausreichend freie Betten vor, die Corona-Ambulanz in Jockgrim bzw. die\nTeststation Landau werden gut angenommen.\u201c F\u00fcr die drei Beh\u00f6rdenchefs ist das\nmit Blick auf die st\u00e4ndigen Entwicklungen in der Corona-Pandemie dennoch kein\nGrund, nicht weiter in die Zukunft zu planen und die bestehenden Strukturen\nimmer wieder in neuem Licht zu betrachten: \u201eGemeinsam mit den\nHilfsorganisationen und den Katastrophenschutzst\u00e4ben haben wir medizinische\nVersorgungsstrukturen geschaffen, auf die wir alle bauen und stolz sein\nk\u00f6nnen.\u201c <\/p>\n\n\n\n<p>Die Krankenh\u00e4user in der Region wie\nim gesamten Land haben ihre Intensivkapazit\u00e4ten erweitert, am Standort Bad\nBergzabern ist eine zus\u00e4tzliche Station mit Bundeswehr-Equipment aufger\u00fcstet\nworden und die Luftrettungskapazit\u00e4ten wurden ausgeweitet. F\u00fcr Pflegenotf\u00e4lle\nstehen auch die Reha-Kliniken zur Verf\u00fcgung. In Jockgrim gibt es eine\nCorona-Ambulanz, die gut angenommen wird, in Landau soll in der kommenden Woche\neine er\u00f6ffnen. \u201eAus einer gemeinsamen Teststation in Landau haben wir im Sinne\nder Patientinnen und Patienten zun\u00e4chst eine und k\u00fcnftig dann zwei\nCorona-Ambulanzen werden lassen. Das war eine gute Entscheidung in der\nVersorgungsstruktur\u201c, sagen Hirsch, Brechtel und Seefeldt. In diesem Sinne\nberaten die drei Verwaltungschef aktuell dar\u00fcber, die Corona-Hilfsstation\n(Hilfskrankenhaus) in W\u00f6rth k\u00fcnftig als gemeinsame Einrichtung zu betreiben, um\nSynergien zu nutzen, Kr\u00e4fte zu b\u00fcndeln sowie materielle, personelle und\nfinanzielle Ressourcen zu teilen. In diesem Zusammenhang wird auch gepr\u00fcft, ob\ndie Hilfskrankenhaus-Struktur in der IGS in Landau wieder zur\u00fcckgebaut werden\nkann.<\/p>\n\n\n\n<p>Die Corona-Hilfsstation in W\u00f6rth\nwurde in einer modernen, neuen Halle im Hafengebiet aufgebaut \u2013 zun\u00e4chst mit\n104 Betten, aufgeteilt in 26 Kabinen. Die Einrichtung verf\u00fcgt \u00fcber eine\nzentrale Sauerstoffversorgung f\u00fcr derzeit mehr als die H\u00e4lfte aller Betten. Der\nZugang zur Corona-Hilfsstation, die insgesamt in deutlich erkennbare\nSchwarz-Wei\u00df-Bereiche gekennzeichnet ist, erfolgt \u00fcber eine Schleuse. Neben\nausreichend Nasszellen verf\u00fcgt die Einrichtung \u00fcber R\u00e4umlichkeiten f\u00fcr das\nPersonal, B\u00fcros sowie einen zentralen Meeting- und Schulungsraum. Eine modulare\nErweiterung w\u00e4re in k\u00fcrzester Zeit m\u00f6glich.<\/p>\n\n\n\n<p>Versorgt\nw\u00fcrden hier ausschlie\u00dflich mittelschwer erkrankte Patienten, die positiv auf\nCovid-19 getestet wurden und nicht mehr ambulant versorgt werden k\u00f6nnen. \u201eErst\nwenn die klinischen Ressourcen ersch\u00f6pft sind und das lokale und \u00fcberregionale\nVerlegungsmanagement in den regul\u00e4ren Kliniken keine Pl\u00e4tze mehr zur Verf\u00fcgung\nstellen kann, geht die Corona Hilfsstation als Ausweich- und\n\u00dcberlauf-Krankenhaus in Betrieb\u201c, erkl\u00e4rte Landrat Brechtel bereits bei der Vorstellung\nder Hilfsstation Ende M\u00e4rz. Wie die Station k\u00fcnftig gemeinsam betrieben und die\nHilfsstrukturen zusammengef\u00fchrt werden k\u00f6nnen, diskutieren Seefeldt, Hirsch und\nBrechtel momentan gemeinsam auch mit den Fachleuten in den\nKatastrophenschutzst\u00e4ben und Hilfsorganisationen, \u201edie alle bereits\ns\u00fcdpfalzweit gro\u00dfartige Arbeit geleistet haben. Ihre Expertise und\nUnterst\u00fctzung ist in der Bew\u00e4ltigung der Corona-Pandemie in unserer Region eine\n\u00fcberaus wertvolle und unabdingbare Hilfe. Daf\u00fcr bedanken wir uns von Herzen.\nGleichzeitig hoffen wir, dass die Not-Einrichtungen, in die wir so viel M\u00fche,\nZeit und Kraft legen, zum guten Schluss nie in Betrieb gehen m\u00fcssen\u201c, so\nOberb\u00fcrgermeister Thomas Hirsch und die Landr\u00e4te Dr. Fritz Brechtel und Dietmar\nSeefeldt <\/p>\n\n\n\n<p><em>Gemeinsame Pressemitteilung der Stadt Landau sowie der Landkreise S\u00fcdliche Weinstra\u00dfe und Germersheim<br>02.05.2020<\/em><\/p>\n\n\n\n<h2 class=\"wp-block-heading\"><strong>Coronavirus: RKI definiert neue Risikogebiete <\/strong>\u2013<strong> Reiser\u00fcckkehrer sollen sich in h\u00e4usliche Quarant\u00e4ne begeben und beim\nGesundheitsamt melden<\/strong><\/h2>\n\n\n\n<p>Das Robert Koch-Institut (RKI) hat weitere Gebiete\nals Risikogebiete definiert. Dazu geh\u00f6ren als gesamte L\u00e4nder \u00c4gypten, Frankreich, Iran, Italien,\nNiederlande, \u00d6sterreich, Schweiz, Spanien, USA, Vereinigtes K\u00f6nigreich Gro\u00dfbritannien\nund Nordirland. In S\u00fcdkorea wurde Daegue und die Provinz\nGyeongsangbuk-do (Nord-Gyeongsang) als Risikogebiet definiert. Das RKI\nempfiehlt Einreisenden aus allen L\u00e4ndern, sich nach Einreise in eine 14-t\u00e4gige\nh\u00e4usliche Quarant\u00e4ne zu begeben. <\/p>\n\n\n\n<p>Um das notwendige Verwaltungsverfahren durchzuf\u00fchren ruft das Gesundheitsamt Landau \u2013 S\u00fcdliche Weinstra\u00dfe auch\nweiterhin alle Reiser\u00fcckkehrer aus dem Landkreis S\u00fcdliche Weinstra\u00dfe und der\nStadt Landau auf \u2013 aus welchem Land sie auch kommen m\u00f6gen \u2013 sich unverz\u00fcglich\nmit dem Gesundheitsamt Landau \u2013 S\u00fcdliche Weinstra\u00dfe in Verbindung zu setzen.<\/p>\n\n\n\n<p>Nach dem RKI ist aufgrund der pandemischen Ausbreitung von COVID-19 weltweit von einem Infektionsrisiko auszugehen. \u201eWegen unterschiedlicher Surveillancesysteme und Teststrategien sowie zeitlichem Verzug zwischen Infektionszeitpunkt und Meldung l\u00e4sst sich das tats\u00e4chliche Infektionsrisiko oft nicht aus den vorliegenden Meldedaten ablesen. Daher sollte generell erh\u00f6hte Vorsicht gelten. Einreisenden aus allen L\u00e4ndern ist empfohlen, sich nach Einreise in eine 14-t\u00e4gige Quarant\u00e4ne zu begeben\u201c, so der Wortlaut der RKI-Empfehlung.<\/p>\n\n\n\n<p>Das Gesundheitsamt ist per E-Mail unter <a href=\"mailto:gesundheitsamt@suedliche-weinstrasse.de\">gesundheitsamt@suedliche-weinstrasse.de<\/a> erreichbar. Bei Kontaktaufnahme sollten in der Mail am Tag der Einreise f\u00fcr jeden Mitreisenden folgende Daten angegeben oder beigef\u00fcgt sein: <br>Vor- und Zuname, Meldeadresse, Geburtsdatum, Telefonnummer, Reisedaten (Reisezeitraum und Aufenthaltsort), Nachweis \u00fcber den Hin- und R\u00fcckflug (z.B. Boarding Pass als Foto oder PDF im Anhang).<\/p>\n\n\n\n<p>Weitere Informationen finden sich unter <a href=\"http:\/\/www.rki.de\">www.rki.de<\/a>.<\/p>\n\n\n\n<p><em>Gemeinsame Pressemitteilung der Stadtverwaltung Landau und der Kreisverwaltung S\u00fcdliche Weinstra\u00dfe<br>02.05.2020 <\/em><\/p>\n\n\n\n<h2 class=\"wp-block-heading\">Gabenzaun am Landauer Hauptbahnhof: Bitte keine verderblichen Waren spenden!<\/h2>\n\n\n\n<div class=\"wp-block-image\"><figure class=\"aligncenter\"><img decoding=\"async\" loading=\"lazy\" width=\"800\" height=\"534\" src=\"https:\/\/speyer24news.com\/wp-content\/uploads\/2020\/05\/Info-09-04-2020_Gabenzaun.jpg\" alt=\"\" class=\"wp-image-26691\" srcset=\"https:\/\/speyer24news.com\/wp-content\/uploads\/2020\/05\/Info-09-04-2020_Gabenzaun.jpg 800w, https:\/\/speyer24news.com\/wp-content\/uploads\/2020\/05\/Info-09-04-2020_Gabenzaun-300x200.jpg 300w, https:\/\/speyer24news.com\/wp-content\/uploads\/2020\/05\/Info-09-04-2020_Gabenzaun-768x513.jpg 768w\" sizes=\"(max-width: 800px) 100vw, 800px\" \/><figcaption>Der Gabenzaun am Landauer Hauptbahnhof. <em>(Quelle: Stadt Landau)<\/em> <\/figcaption><\/figure><\/div>\n\n\n\n<p>Zuhause bleiben: Das ist aktuell das Gebot der\nStunde. Was aber ist mit denen, die kein Zuhause haben? Um wohnungslose\nMenschen in der Corona-Krise zu unterst\u00fctzen, hat eine private Initiative nach\ndem Vorbild anderer St\u00e4dte einen Gabenzaun am Landauer Hauptbahnhof ins Leben\ngerufen. Die Stadt Landau begr\u00fc\u00dft dieses Engagement, bittet aber darum, keine\nverderblichen Waren an den Zaun zu h\u00e4ngen. Diese werden vom st\u00e4dtischen\nOrdnungsamt entfernt. <\/p>\n\n\n\n<p>Der Gabenzaun befindet sich am Mitfahrerparkplatz\nin der N\u00e4he der Queichheimer Br\u00fccke. Hier k\u00f6nnen Lebensmittel und\nHygieneartikel, in T\u00fcten verpackt, gespendet und dann von Bed\u00fcrftigen\nmitgenommen werden. <\/p>\n\n\n\n<p><em>Stadtverwaltung Landau in der Pfalz<\/em><br><em>02.05.2020<\/em><\/p>\n\n\n\n<h2 class=\"wp-block-heading\">Mit Nadel und Zwirn gegen die Ausbreitung des Corona-Virus: Viele Ehrenamtliche in Landau n\u00e4hen Mundmasken \u2013 Unterst\u00fctzung willkommen!<\/h2>\n\n\n\n<div class=\"wp-block-image\"><figure class=\"aligncenter\"><img decoding=\"async\" loading=\"lazy\" width=\"800\" height=\"533\" src=\"https:\/\/speyer24news.com\/wp-content\/uploads\/2020\/05\/Info-09-04-2020_Masken.jpg\" alt=\"\" class=\"wp-image-26690\" srcset=\"https:\/\/speyer24news.com\/wp-content\/uploads\/2020\/05\/Info-09-04-2020_Masken.jpg 800w, https:\/\/speyer24news.com\/wp-content\/uploads\/2020\/05\/Info-09-04-2020_Masken-300x200.jpg 300w, https:\/\/speyer24news.com\/wp-content\/uploads\/2020\/05\/Info-09-04-2020_Masken-768x512.jpg 768w\" sizes=\"(max-width: 800px) 100vw, 800px\" \/><figcaption>v.l.: Sabine Gerstner von der Facebook-Gruppe \u201eMundmasken\u201c mit Oberb\u00fcrgermeister Thomas Hirsch. <em>(Quelle: Stadt Landau)<\/em><\/figcaption><\/figure><\/div>\n\n\n\n<p>Die Produktion l\u00e4uft auf\nHochtouren: Circa 2.500 Mundmasken hat die N\u00e4hgruppe rund um die Landauerin\nSabine Gerstner in Kooperation mit Neustadter N\u00e4hbegeisterten bereits\nproduziert und an Bedarfsstellen in der Region, u.a. an das Bethesda und das\nVinzentius-Krankenhaus in Landau, verteilt. Um die Organisation und\nKoordination zu erleichtern, hat Gerstner mit ihren Mitstreiterinnen Angelika\nKlein und Laura Wittinger die Facebook-Gruppe \u201eMundmasken\u201c gegr\u00fcndet, die\nmittlerweile fast 400 Mitglieder z\u00e4hlt, und steht f\u00fcr logistische Unterst\u00fctzung\nin engem Kontakt mit den Administratoren der Facebook-Gruppe \u201eCoronahilfe\nS\u00fcdpfalz\u201c. <\/p>\n\n\n\n<p>Auch in vielen anderen Haushalten surren zurzeit flei\u00dfig die N\u00e4hmaschinen: \u201eDie Aktion von Sabine Gerstner und ihrer N\u00e4htruppe ist nur ein Beispiel von vielen. Zahlreiche Menschen haben sich, um etwas f\u00fcr die Gemeinschaft zu tun, zusammengeschlossen, stellen emsig Mundmasken her und verteilen diese an Einrichtungen in der Region\u201c, erkl\u00e4rt OB Thomas Hirsch. \u201eSo haben sich etwa auch die Kolleginnen und Kollegen aus dem LA OLA w\u00e4hrend der Schlie\u00dfung des Freizeitbads eine kleine N\u00e4hecke eingerichtet und selbst mit der Masken-Produktion begonnen. Und auch \u00fcber viele andere Kan\u00e4le h\u00f6re ich von flei\u00dfigen N\u00e4herinnen und N\u00e4hern.\u201c Der Stadtchef freut sich \u00fcber so viel Einsatzbereitschaft und Kreativit\u00e4t: \u201eAllen, die sich w\u00e4hrend dieser herausfordernden Zeit auf diese oder andere Weise engagieren, danke ich von Herzen. Es ist sch\u00f6n zu sehen, wie Sie alle L\u00f6sungen finden, dass wir es gemeinsam gut durch die Krise schaffen.\u201c Wer die N\u00e4haktion von Sabine Gerster unterst\u00fctzen m\u00f6chte, sei es durch Materialspenden, organisatorische Hilfe oder weil sie oder er selbst gerne mit n\u00e4hen m\u00f6chte, kann gerne der Gruppe \u201eMundmasken\u201c bei Facebook beitreten oder sich per Mail an <a href=\"http:\/\/held68@t-online.de wenden\">held68@t-online.de wenden<\/a>. Aktuell werde zum Beispiel dringend Gummiband in 5 bis 7 Millimetern Breite ben\u00f6tigt. <\/p>\n\n\n\n<p><em>Stadtverwaltung Landau in der Pfalz<\/em><br><em>02.05.2020<\/em><\/p>\n\n\n\n<h2 class=\"wp-block-heading\">Mehr Gr\u00fcn f\u00fcr Landau: Stadt pflanzt im Winterhalbjahr rund 300 neue B\u00e4ume<\/h2>\n\n\n\n<div class=\"wp-block-image\"><figure class=\"aligncenter\"><img decoding=\"async\" loading=\"lazy\" width=\"800\" height=\"533\" src=\"https:\/\/speyer24news.com\/wp-content\/uploads\/2020\/05\/Info-09-04-2020_B\u00e4ume.jpg\" alt=\"\" class=\"wp-image-26689\" srcset=\"https:\/\/speyer24news.com\/wp-content\/uploads\/2020\/05\/Info-09-04-2020_B\u00e4ume.jpg 800w, https:\/\/speyer24news.com\/wp-content\/uploads\/2020\/05\/Info-09-04-2020_B\u00e4ume-300x200.jpg 300w, https:\/\/speyer24news.com\/wp-content\/uploads\/2020\/05\/Info-09-04-2020_B\u00e4ume-768x512.jpg 768w\" sizes=\"(max-width: 800px) 100vw, 800px\" \/><figcaption>Schattenspender und Sauerstofflieferant: Hier ein Baum im Landauer Schillerpark. <em>(Quelle: Stadt Landau)<\/em><\/figcaption><\/figure><\/div>\n\n\n\n<p>Die Gr\u00fcnfl\u00e4chenabteilung der Stadt Landau hat im\nzur\u00fcckliegenden Winterhalbjahr rund 300 B\u00e4ume pflanzen lassen, davon rund 200\nim Siedlungsbereich und rund 100 in der freien Landschaft. Wie Umweltdezernent\nLukas Hartmann mitteilt, handelt es sich vor allem um Ersatzpflanzungen f\u00fcr\nabgestorbene oder gef\u00e4llte B\u00e4ume; zudem wurden Pflanzl\u00fccken aufgef\u00fcllt \u2013 ein\nwichtiger Beitrag zur weiteren Verbesserung des Stadtklimas im Rahmen der\nst\u00e4dtischen Klimaanpassungsma\u00dfnahmen. &nbsp;<\/p>\n\n\n\n<p>\u201eSofern die Art der B\u00e4ume nicht schon vorgegeben war, wie\nz.B. in vorhandenen Baumreihen, haben wir uns m\u00f6glichst f\u00fcr heimische und vor\nallem klimaangepasste Baumarten entschieden\u201c, erl\u00e4utert Sabine Klein, Leiterin\nder st\u00e4dtischen Gr\u00fcnfl\u00e4chenabteilung. So gelte zum Beispiel der heimische\nFeld-Ahorn als robuste Baumart hinsichtlich des Klimawandels und sei gut\ngeeignet f\u00fcr Extremstandorte entlang von Stra\u00dfen. Die aus dem Mittelmeerraum\nstammende Blumen-Esche habe ebenfalls gute Eigenschaften, um mit einem\nzunehmend trockeneren und hei\u00dferen Klima zurecht zu kommen \u2013 und sei im\nGegensatz zur heimischen Esche deutlich weniger anf\u00e4llig f\u00fcr das sich in Europa\nrasant ausbreitende Eschentriebsterben, so Klein.<\/p>\n\n\n\n<p>In der freien Landschaft, wo die Standortbedingungen f\u00fcr\ndie B\u00e4ume durch die umgebenden Gr\u00fcnfl\u00e4chen deutlich besser sind als in der\nStadt, wurden 80 Obstb\u00e4ume in 30 verschiedenen Sorten gepflanzt. Dabei wurden\n\u00fcberwiegend alte, bew\u00e4hrte Obstsorten ausgew\u00e4hlt, aber auch neue Sorten verwendet\nwie beispielsweise die November-Birne \u201eNovembra\u201c.<\/p>\n\n\n\n<p>Auf Grundlage der Ausschreibungsergebnisse wurden drei\nFirmen aus der Region mit den Pflanzarbeiten beauftragt. Die Firmen sind auch\nmit der dreij\u00e4hrigen Anwuchspflege betraut, bei der das st\u00e4ndige W\u00e4ssern der\nB\u00e4ume besonders wichtig ist. Die Gesamtkosten f\u00fcr Pflanzung und Pflege belaufen\nsich zusammen auf rund 300.000 Euro. Gut investiertes Geld, denn: B\u00e4ume spenden\nSchatten an sonnigen Tagen, k\u00fchlen aufgrund der Verdunstungswirkung die\nUmgebung, halten rund ein Drittel der Regenmenge zur\u00fcck bzw. verdunsten diese\nund entlasten somit die Kanalisation, bieten Nahrung und Habitat f\u00fcr Insekten,\nV\u00f6gel und Flederm\u00e4use \u2013 und versch\u00f6nern nicht zuletzt das Wohnumfeld und die\nStra\u00dfen.<\/p>\n\n\n\n<p>Wer wissen m\u00f6chte, welche st\u00e4dtischen B\u00e4ume wo stehen,\nkann auf der Internetseite <a href=\"http:\/\/www.landau.de\/b\u00e4ume\">www.landau.de\/b\u00e4ume<\/a> nachschauen.\nEin Link leitet von dort auf das Geoportal, in welchem die Baumarten abgerufen\nwerden k\u00f6nnen.<\/p>\n\n\n\n<p><em>Stadtverwaltung Landau in der Pfalz<\/em><br><em>02.05.2020<\/em><\/p>\n\n\n\n<h2 class=\"wp-block-heading\">Positive Quartalsbilanz der Stadtbibliothek Landau: Steigende Ausleihzahlen sowohl vor Ort als auch online \u2013 Sanierungsarbeiten w\u00e4hrend Schlie\u00dfzeit laufen nach Plan \u2013 Kostenloses Onleihe-Angebot f\u00fcr neue Nutzerinnen und Nutzer noch bis 20. Mai<\/h2>\n\n\n\n<div class=\"wp-block-image\"><figure class=\"aligncenter\"><img decoding=\"async\" loading=\"lazy\" width=\"800\" height=\"534\" src=\"https:\/\/speyer24news.com\/wp-content\/uploads\/2020\/05\/08-04-2020-Info-18-Uhr_Stadtbibliothek.jpg\" alt=\"\" class=\"wp-image-26688\" srcset=\"https:\/\/speyer24news.com\/wp-content\/uploads\/2020\/05\/08-04-2020-Info-18-Uhr_Stadtbibliothek.jpg 800w, https:\/\/speyer24news.com\/wp-content\/uploads\/2020\/05\/08-04-2020-Info-18-Uhr_Stadtbibliothek-300x200.jpg 300w, https:\/\/speyer24news.com\/wp-content\/uploads\/2020\/05\/08-04-2020-Info-18-Uhr_Stadtbibliothek-768x513.jpg 768w\" sizes=\"(max-width: 800px) 100vw, 800px\" \/><figcaption>B\u00fcrgermeister Dr. Maximilian Ingenthron und Bibliotheksleiterin Amelie L\u00f6hlein in den R\u00e4umlichkeiten der Stadtbibliothek Landau. <em>(Quelle: Stadt Landau)<\/em><\/figcaption><\/figure><\/div>\n\n\n\n<p>Da schl\u00e4gt das Herz eines jeden B\u00fccherwurms h\u00f6her: Die\nStadtbibliothek Landau kann auf ein sehr erfolgreiches erstes Quartal 2020\nzur\u00fcckblicken \u2013 und das, obwohl die Einrichtung aufgrund der Ma\u00dfnahmen zur\nEind\u00e4mmung des Corona-Virus zwei Wochen fr\u00fcher als geplant in die\nRenovierungspause gehen musste. In den ersten drei Monaten des Jahres haben die\nLandauerinnen und Landauer insgesamt 59.006 Medien vor Ort ausgeliehen, das\nsind \u00fcber 5.000 mehr als im gleichen Zeitraum des Vorjahrs. Auch im Bereich der\nOnleihe ist ein Plus zu vermelden: 14.666 virtuelle Medien wurden im ersten\nQuartal abgerufen, ein Zuwachs von 2.012 Entleihungen.<\/p>\n\n\n\n<p>\u201eEs ist ein starkes Signal, dass das Jahr 2020 so positiv\nf\u00fcr die Stadtbibliothek begonnen hat und das Angebot auf eine so tolle Resonanz\nst\u00f6\u00dft. Die Stadtbibliothek ist so breit wie vielf\u00e4ltig aufgestellt und auf der\nH\u00f6he der Zeit \u2013 das honorieren unsere Nutzerinnen und Nutzer. Herzlichen Dank\ndaf\u00fcr sage ich allen Leserinnen und Lesern wie auch dem Team der\nStadtbibliothek\u201c, sagt B\u00fcrgermeister Dr. Maximilian Ingenthron. \u201eViele\nB\u00fcrgerinnen und B\u00fcrger sind auch unserem Aufruf gefolgt und haben sich vor der\nSchlie\u00dfzeit ausreichend mit Material eingedeckt. Gerade jetzt, wo wir\naufgefordert sind, unsere sozialen Kontakte auf das N\u00f6tigste zu reduzieren und\nzu Hause zu bleiben, ist das Eintauchen in unterschiedliche Lesewelten eine\ngute M\u00f6glichkeit, um die eigenen vier W\u00e4nde zumindest gedanklich f\u00fcr eine\ngewisse Zeit zu verlassen.\u201c Allen, deren Lese- und H\u00f6rstoff sich bereits dem\nEnde zu neigt, legt der Kulturdezernent das Angebot der Onleihe ans Herz: Noch\nbis Mittwoch, 20. Mai, k\u00f6nnen sich Interessierte f\u00fcr einen kostenfreien Zugriff\nanmelden. <\/p>\n\n\n\n<p>Auf die Wieder\u00f6ffnung der Stadtbibliothek freuen sich Dr.\nIngenthron und auch die Leiterin der Einrichtung, Amelie L\u00f6hlein, schon sehr.\nDenn die Schlie\u00dfzeit wird vom st\u00e4dtischen Geb\u00e4udemanagement (GML) aktuell f\u00fcr\nRenovierungsarbeiten in den R\u00e4umlichkeiten am Heinrich-Heine-Platz genutzt:\nUnter anderem werden der Parkettboden, die Holztreppen und die Schreib- und\nStehtische aufbereitet sowie ein Teil der W\u00e4nde neu verputzt. Die\nBibliotheksmitarbeiterinnen seien aktuell vor allem damit besch\u00e4ftigt, neue\nMedien f\u00fcr die Ausleihe zu bearbeiten, erl\u00e4utert Bibliotheksleiterin L\u00f6hlein und\nf\u00fcgt hinzu: \u201eSo k\u00f6nnen sich unsere Nutzerinnen und Nutzer bei Wiederer\u00f6ffnung\nnicht nur \u00fcber den frisch renovierten Innenbereich freuen, sondern auch \u00fcber\nzahlreiche neue Titel!\u201c<\/p>\n\n\n\n<p>B\u00fcrgerinnen und B\u00fcrger, die an der Onleihe-Aktion interessiert sind, k\u00f6nnen sich telefonisch unter 0 63 41\/13 43 20 oder mit Namen, Adresse, Geburtsdatum und Kontaktdaten per E-Mail an <a href=\"stadtbibliothek@landau.de\">stadtbibliothek@landau.de<\/a> anmelden. Wer das Angebot der Stadtbibliothek nach dem 20. Mai weiter nutzen m\u00f6chte, muss anschlie\u00dfend ein kostenpflichtiges Benutzerkonto beantragen. Dieses kostet f\u00fcr Kinder bis 14 Jahren 4 Euro und f\u00fcr Erwachsene 28 Euro pro Jahr.<\/p>\n\n\n\n<p><em>Stadtverwaltung Landau in der Pfalz<\/em><br><em>02.05.2020<\/em><\/p>\n\n\n\n<h2 class=\"wp-block-heading\">Gemeinsam durch die Corona-Krise: Hauptausschuss verabschiedet Resolution zum Zusammenhalt in Landau<\/h2>\n\n\n\n<div class=\"wp-block-image\"><figure class=\"aligncenter\"><img decoding=\"async\" loading=\"lazy\" width=\"800\" height=\"533\" src=\"https:\/\/speyer24news.com\/wp-content\/uploads\/2020\/05\/08-04-2020-Info-18-Uhr_Resolution.jpg\" alt=\"\" class=\"wp-image-26687\" srcset=\"https:\/\/speyer24news.com\/wp-content\/uploads\/2020\/05\/08-04-2020-Info-18-Uhr_Resolution.jpg 800w, https:\/\/speyer24news.com\/wp-content\/uploads\/2020\/05\/08-04-2020-Info-18-Uhr_Resolution-300x200.jpg 300w, https:\/\/speyer24news.com\/wp-content\/uploads\/2020\/05\/08-04-2020-Info-18-Uhr_Resolution-768x512.jpg 768w\" sizes=\"(max-width: 800px) 100vw, 800px\" \/><figcaption>Der st\u00e4dtische Hauptausschuss verabschiedete in seiner j\u00fcngsten Sitzung auch eine Resolution zum Zusammenhalt in Landau.<em> (Quelle: Stadt Landau) <\/em><\/figcaption><\/figure><\/div>\n\n\n\n<p>Durch die Krise schaffen wir es nur gemeinsam: Um ein\nstarkes Zeichen des Zusammenhalts und der Solidarit\u00e4t in Landau zu setzen, hat\nder vor\u00fcbergehend mit Stadtratskompetenzen ausgestatte Hauptausschuss in seiner\nj\u00fcngsten Sitzung eine gemeinsame Resolution verabschiedet. Darin appellieren\ndie Mitglieder aller Fraktionen an die Landauerinnen und Landauer, den lokalen\nEinzelhandel und die \u00f6rtliche Gastronomie zu st\u00e4rken, ehrenamtliche und soziale\nInitiativen zu unterst\u00fctzen, aufeinander zu achten und besonders gef\u00e4hrdete\nBev\u00f6lkerungsgruppen zu sch\u00fctzen. <\/p>\n\n\n\n<p>Au\u00dferdem bringen die Ratsmitglieder ihre Wertsch\u00e4tzung f\u00fcr\ndie Menschen zum Ausdruck, die im medizinischen Bereich, im Katastrophenschutz\nund vielen weiteren systemrelevanten Berufen f\u00fcr die Gesellschaft im Einsatz\nsind und zeigen sich solidarisch mit den europ\u00e4ischen Freundinnen und Freunden\nin Frankreich, Italien und Spanien, die ganz besonders von der Corona-Pandemie\nbetroffen sind.<\/p>\n\n\n\n<p>Die gesamte Resolution, in der sich die Ratsmitglieder direkt an die Landauerinnen und Landauer wenden, findet sich auf der Internetseite der Stadt Landau unter <a href=\"http:\/\/www.landau.de\/resolutionzusammenhalt\">www.landau.de\/resolutionzusammenhalt<\/a>.<\/p>\n\n\n\n<p><em>Stadtverwaltung Landau in der Pfalz<\/em><br><em>02.05.2020<\/em><\/p>\n\n\n\n<h2 class=\"wp-block-heading\">Trotz Ausgangsbeschr\u00e4nkungen und Kontaktverbot: Blutspenden ausdr\u00fccklich erlaubt und dringend erw\u00fcnscht \u2013 N\u00e4chster Spende-Termin des DRK in Landau am Donnerstag, 7. Mai<\/h2>\n\n\n\n<div class=\"wp-block-image\"><figure class=\"aligncenter\"><img decoding=\"async\" loading=\"lazy\" width=\"800\" height=\"533\" src=\"https:\/\/speyer24news.com\/wp-content\/uploads\/2020\/05\/Info-07-04-2020_Blutspende.jpg\" alt=\"\" class=\"wp-image-26686\" srcset=\"https:\/\/speyer24news.com\/wp-content\/uploads\/2020\/05\/Info-07-04-2020_Blutspende.jpg 800w, https:\/\/speyer24news.com\/wp-content\/uploads\/2020\/05\/Info-07-04-2020_Blutspende-300x200.jpg 300w, https:\/\/speyer24news.com\/wp-content\/uploads\/2020\/05\/Info-07-04-2020_Blutspende-768x512.jpg 768w\" sizes=\"(max-width: 800px) 100vw, 800px\" \/><figcaption>Blutspenden geht auch in Zeiten der Corona-Pandemie \u2013 und  ist sogar besonders wichtig. <em>(Quelle: DRK-Blutspendedienst West)<\/em><\/figcaption><\/figure><\/div>\n\n\n\n<p>Der Kreisverband Landau des Deutschen Roten Kreuzes schl\u00e4gt\nAlarm: Die Zahl der Blutspenden ist zur\u00fcckgegangen, der Bedarf jedoch nicht. Um\nKranke und Verletzte weiterhin mit den f\u00fcr ihre Behandlung notwendigen\nBlutpr\u00e4paraten versorgen zu k\u00f6nnen, werden dringend spendewillige Menschen\ngebraucht. Und auch Oberb\u00fcrgermeister und DRK-Pr\u00e4sident Thomas Hirsch weist\ndarauf hin, dass Blutspenden trotz der aktuellen Ausgangsbeschr\u00e4nkungen\nausdr\u00fccklich erlaubt sei.<\/p>\n\n\n\n<p>\u201eLiebe Landauerinnen und Landauer, sofern Sie sich gesund\nf\u00fchlen und nicht k\u00fcrzlich erst aus einem vom Corona-Virus betroffenen\nRisikogebiet zur\u00fcckgekommen sind: Bitte nutzen Sie die angebotenen Blutspende-M\u00f6glichkeiten\nund helfen Sie dabei, dass Menschen, die im Rahmen ihrer Therapie oder\nBehandlung auf Blutpr\u00e4parate angewiesen sind, diese auch weiterhin bekommen k\u00f6nnen,\u201c\nso der Appell des Stadtchefs. \u201eWir brauchen diese Spenden wirklich dringend\u201c,\nunterstreicht auch Tanja Melzer, Kreisgesch\u00e4ftsf\u00fchrerin des DRK in Landau. So\nkomme es zwar j\u00e4hrlich in der Erk\u00e4ltungs- und Grippesaison zu einem R\u00fcckgang\nder Blutspenden, aber die Krisensituation durch die Corona-Pandemie stelle eine\nzus\u00e4tzliche Herausforderung dar. \u201eAllen, die aus Furcht vor einer Ansteckung\nmit dem Corona-Virus aktuell von einer Blutspende absehen, kann ich versichern:\nDie Sicherheit unserer Spenderinnen und Spender hat h\u00f6chste Priorit\u00e4t und bei\nden Spende-Terminen werden wir nat\u00fcrlich auf alle n\u00f6tigen Schutz- und Hygienevorkehrungen\nachten. Also bitte kommen Sie vorbei\u201c, so die DRK-Chefin weiter. \n\nDer n\u00e4chste\nBlutspende-Termin des DRK Landau findet am Donnerstag, 7. Mai, von 16:30 Uhr\nbis 20:30 Uhr in der Sporthalle des Max-Slevogt-Gymnasiums in der\nHindenburgstr. 2 statt und nicht, wie vorher angek\u00fcndigt, im DRK-Sozialzentrum\nin Landau. Weitere Informationen sind unter <a href=\"http:\/\/www.blutspendedienst-west.de\">www.blutspendedienst-west.de<\/a> zu finden.\n\n\n\n<\/p>\n\n\n\n<p><em>Stadtverwaltung Landau in der Pfalz<\/em><br><em>02.05.2020<\/em><\/p>\n\n\n\n<h2 class=\"wp-block-heading\">Wichtiger Beitrag zur Nahversorgung in der Corona-Krise: Dorfl\u00e4den in den Landauer Stadtd\u00f6rfern Arzheim und M\u00f6rzheim erhalten Soforthilfe des Landes<\/h2>\n\n\n\n<div class=\"wp-block-image\"><figure class=\"aligncenter\"><img decoding=\"async\" loading=\"lazy\" width=\"800\" height=\"533\" src=\"https:\/\/speyer24news.com\/wp-content\/uploads\/2020\/05\/Info-07-04-2020_Dorfl\u00e4den.jpg\" alt=\"\" class=\"wp-image-26685\" srcset=\"https:\/\/speyer24news.com\/wp-content\/uploads\/2020\/05\/Info-07-04-2020_Dorfl\u00e4den.jpg 800w, https:\/\/speyer24news.com\/wp-content\/uploads\/2020\/05\/Info-07-04-2020_Dorfl\u00e4den-300x200.jpg 300w, https:\/\/speyer24news.com\/wp-content\/uploads\/2020\/05\/Info-07-04-2020_Dorfl\u00e4den-768x512.jpg 768w\" sizes=\"(max-width: 800px) 100vw, 800px\" \/><figcaption>Dorfl\u00e4den wie hier in Arzheim sind wichtig f\u00fcr die Nahversorgung der Bev\u00f6lkerung vor Ort. <em>(Quelle: Stadt Landau)<\/em><\/figcaption><\/figure><\/div>\n\n\n\n<p>Kurze Wege, m\u00f6glichst wenig Kontakte: So lautet derzeit\ndas Gebot der Stunde, das \u2013 ganz besonders \u2013 auch beim Einkaufen gilt. Die\nEinkaufsm\u00f6glichkeit \u201eum die Ecke\u201c, die schon vor der Corona-Krise f\u00fcr die\nBewohnerinnen und Bewohner zahlreicher D\u00f6rfer von gro\u00dfer Bedeutung war, zeigt\nsich in der aktuellen Situation als ganz besonders wichtiger Baustein der\nNahversorgung. Um die rheinland-pf\u00e4lzischen Dorfl\u00e4den zu f\u00f6rdern und sie beim\nAufbau von Lieferdiensten zu unterst\u00fctzen, hat das Land jetzt pro Dorfladen\neine Soforthilfe in H\u00f6he von 1.500 Euro zugesagt. In Landau d\u00fcrfen sich der Dorfladen\nTante Emma in Arzheim und der M\u00f6rzheimer Dorftreff Linde \u00fcber Unterst\u00fctzung\nfreuen. <\/p>\n\n\n\n<p>Der Dorfladen Tante Emma in Arzheim nimmt unter der Telefonnummer 0 63 41\/ 6 74 08 62 Bestellungen entgegen. Aufgrund der gro\u00dfen Nachfrage ist das Team auf der Suche nach Helferinnen und Helfern, die beim Ausfahren der Waren unterst\u00fctzen. Freiwillige werden gebeten, sich telefonisch oder per E-Mail an <a href=\"info@tante-emma-arzheim.de\">info@tante-emma-arzheim.de<\/a> zu wenden. N\u00e4here Informationen finden sich unter <a href=\"http:\/\/www.tante-emma-arzheim.de\">www.tante-emma-arzheim.de<\/a>.<\/p>\n\n\n\n<p>Auch das Team des Dorftreffs Linde M\u00f6rzheim liefert seinen Kundinnen und Kunden die Eink\u00e4ufe bis vor die Haust\u00fcr. Bestellungen werden telefonisch von 8 bis 18 Uhr unter der Telefonnummer 01 78\/5 23 09 14 entgegengenommen, k\u00f6nnen per E-Mail an <a href=\"dorftreff.linde@gmail.com\">dorftreff.linde@gmail.com<\/a> gesendet oder \u00fcber das Kontaktformular auf <a href=\"http:\/\/www.dorftreff-linde.com\/corona\">www.dorftreff-linde.com\/corona<\/a> aufgegeben werden. Auch in M\u00f6rzheim freut man sich \u00fcber freiwillige Helferinnen und Helfer, die beim Einkaufsservice unterst\u00fctzen m\u00f6chten.<\/p>\n\n\n\n<p>Hintergrund: Eine F\u00f6rderung erhalten die Dorfl\u00e4den, die\nbereits durch das Landesprojekt M.Punkt RLP begleitet oder durch andere\nF\u00f6rderprogramme des Landes unterst\u00fctzt wurden.<\/p>\n\n\n\n<p><em>Stadtverwaltung Landau in der Pfalz<\/em><br><em>02.05.2020<\/em><\/p>\n\n\n\n<h2 class=\"wp-block-heading\">Zur Unterst\u00fctzung des Landauer Einzelhandels: Aktion \u201eLandau hilft Landau\u201c bringt Rabattblock heraus \u2013 Erl\u00f6s kommt teilnehmenden Unternehmen zugute<\/h2>\n\n\n\n<div class=\"wp-block-image\"><figure class=\"aligncenter\"><img decoding=\"async\" loading=\"lazy\" width=\"800\" height=\"647\" src=\"https:\/\/speyer24news.com\/wp-content\/uploads\/2020\/05\/Info-07-04-2020_Rabattblock.png\" alt=\"\" class=\"wp-image-26684\" srcset=\"https:\/\/speyer24news.com\/wp-content\/uploads\/2020\/05\/Info-07-04-2020_Rabattblock.png 800w, https:\/\/speyer24news.com\/wp-content\/uploads\/2020\/05\/Info-07-04-2020_Rabattblock-300x243.png 300w, https:\/\/speyer24news.com\/wp-content\/uploads\/2020\/05\/Info-07-04-2020_Rabattblock-768x621.png 768w\" sizes=\"(max-width: 800px) 100vw, 800px\" \/><figcaption>Die Initiative \u201eLandau hilft Landau\u201c verkauft ab sofort besondere Rabattbl\u00f6cke, um den lokalen Einzelhandel zu unterst\u00fctzen.<em> (Quelle: Landau hilft Landau) <\/em> <\/figcaption><\/figure><\/div>\n\n\n\n<p>Die Corona-Krise bringt nicht nur global, sondern auch\nlokal viele Herausforderungen mit sich \u2013 und mindestens ebenso viele kreative\nIdeen, mit denen sich die Menschen vor Ort gegenseitig unterst\u00fctzen. Die Initiative\n\u201eLandau hilft Landau\u201c, die vom Verein SV Landau West ins Leben gerufen wurde\nund u.a. einen Einkaufsservice f\u00fcr besonders von der Corona-Pandemie betroffene\nMenschen anbietet, startet nun den Verkauf eines Rabattblocks, um den Landauer\nEinzelhandel zu st\u00e4rken. Unterst\u00fctzt wird die Initiative durch die Stadt\nLandau, deren B\u00fcro f\u00fcr Tourismus und die Verbandsgemeinde Landau-Land. <\/p>\n\n\n\n<p>Der \u201eLandau hilft Landau\u201c-Block bietet teilnehmenden Unternehmerinnen und Unternehmern die M\u00f6glichkeit, ihren Kundinnen und Kunden attraktive, einmalig einl\u00f6sbare Rabatte zu gew\u00e4hren. Der eingenommene Verkaufspreis geht zu gleichen Teilen an die beteiligten Unternehmen. Wer den Rabattblock vorbestellen m\u00f6chte, kann dies mit einer E-Mail an das st\u00e4dtische Tourismusb\u00fcro unter <a href=\"mailto:touristinfo@landau.de\">touristinfo@landau.de<\/a> tun. Der Block kostet 30 Euro. <\/p>\n\n\n\n<p>Oberb\u00fcrgermeister Thomas Hirsch dankt den Initiatoren von\n\u201eLandau hilft Landau\u201c um Peter Schilinski f\u00fcr deren Engagement. \u201eDie neueste\nAktion erm\u00f6glicht es den Kundinnen und Kunden, einen solidarischen Beitrag in\nZeiten der Krise zu leisten, um damit die Vielfalt sowie Vielzahl an\nUnternehmen in unserer Stadt zu sichern. Als Dankesch\u00f6n erhalten die K\u00e4uferinnen\nund K\u00e4ufer nach Wiederer\u00f6ffnung der Gesch\u00e4fte den Rabattblock, k\u00f6nnen damit nach\nnach Herzenslust shoppen \u2013 und ihre \u00ablocals\u00bb auf diese Weise erneut\nunterst\u00fctzen.\u201c&nbsp; <\/p>\n\n\n\n<p><em>Stadtverwaltung Landau in der Pfalz<\/em><br><em>02.05.2020<\/em><\/p>\n\n\n\n<h2 class=\"wp-block-heading\">Zuspruch aus der Westsahara: Landauer Bundeswehrsoldat sendet Gr\u00fc\u00df aus dem Einsatz in die Heimat<\/h2>\n\n\n\n<div class=\"wp-block-image\"><figure class=\"aligncenter\"><img decoding=\"async\" loading=\"lazy\" width=\"800\" height=\"432\" src=\"https:\/\/speyer24news.com\/wp-content\/uploads\/2020\/05\/Info-07-04-2020_Bundeswehr.jpg\" alt=\"\" class=\"wp-image-26683\" srcset=\"https:\/\/speyer24news.com\/wp-content\/uploads\/2020\/05\/Info-07-04-2020_Bundeswehr.jpg 800w, https:\/\/speyer24news.com\/wp-content\/uploads\/2020\/05\/Info-07-04-2020_Bundeswehr-300x162.jpg 300w, https:\/\/speyer24news.com\/wp-content\/uploads\/2020\/05\/Info-07-04-2020_Bundeswehr-768x415.jpg 768w\" sizes=\"(max-width: 800px) 100vw, 800px\" \/><figcaption>Der Landauer Bundeswehr-Soldat Axel S. berichtet von seinem Einsatz als Milit\u00e4rbeobachter in der Westsahara.<em> (Quelle: Stadt Landau) <\/em> <\/figcaption><\/figure><\/div>\n\n\n\n<p>\u201eGr\u00fc\u00dfe aus der sonnigen W\u00fcste\u201c erhielt Landaus\nOberb\u00fcrgermeister Thomas Hirsch vor wenigen Tagen \u00fcber Facebook: Der aus der\nS\u00fcdpfalzmetropole stammende Bundeswehrsoldat Axel S., der im Auftrag der\nVereinten Nationen seit Januar als Milit\u00e4rbeobachter in der Westsahara\neingesetzt ist, lie\u00df den Stadtchef \u00fcber das soziale Netzwerk wissen, dass er\ndie aktuelle Situation in seiner Heimatstadt aufmerksam verfolgen \u2013 und\nschickte einen Bericht seines Einsatzes gleich mit.<\/p>\n\n\n\n<p>Der Oberb\u00fcrgermeister freut sich sehr \u00fcber diese Geste,\nm\u00f6chte in diesem Zuge aber auch seine Wertsch\u00e4tzung f\u00fcr die Dienste der Bundeswehr\naussprechen: \u201eSoldatinnen und Soldaten der Bundeswehr aus verschiedenen Teilen\nDeutschlands unterst\u00fctzen uns in der S\u00fcdpfalz derzeit tatkr\u00e4ftig w\u00e4hrend der\nCorona-Lage, sei es beim Betrieb unserer zentralen Teststation in Landau oder\nbeim Aufbau einer zus\u00e4tzlichen Beatmungsabteilung an unserem Klinikum-Standort\nin Bad Bergzabern. Aber, wie am Beispiel des Pf\u00e4lzer Milit\u00e4rbeobachters in der\nWestsahara zu sehen ist, gibt es auch Soldatinnen und Soldaten aus unserer\nRegion, die in anderen Teilen der Welt in wichtigen Missionen eingesetzt sind.\nIhnen allen gilt mein ausdr\u00fccklicher Dank f\u00fcr ihre Dienste und mein gro\u00dfer\nRespekt f\u00fcr das, was sie f\u00fcr uns leisten\u201c, so der Stadtchef.\n\nDer Einsatzbericht aus der\nWestsahara ist zu finden unter:&nbsp; <a href=\"https:\/\/www.bundeswehr.de\/de\/einsaetze-bundeswehr\/die-bundeswehr-in-marokko\/militaerberater-westsahara-afrika-un-229766?fbclid=IwAR3u-jBmazC9f3ZbYIrtJtLvYiqKFxyywALUa88z898J8QPIj5Qj4NSP7oM\" target=\"_blank\" rel=\"noreferrer noopener\">https:\/\/www.bundeswehr.de\/de\/einsaetze-bundeswehr\/die-bundeswehr-in-marokko\/militaerberater-westsahara-afrika-un-229766<\/a>.\n\n\n\n<\/p>\n\n\n\n<p><em>Stadtverwaltung Landau in der Pfalz<\/em><br><em>02.05.2020<\/em><\/p>\n\n\n\n<h2 class=\"wp-block-heading\">Stadt Landau informiert: Haushaltsgenehmigung f\u00fcr 2020 liegt vor \u2013 Corona-Krise verschiebt Priorit\u00e4ten \u2013 Einf\u00fchrung des Altstadtshuttles verz\u00f6gert sich<\/h2>\n\n\n\n<div class=\"wp-block-image\"><figure class=\"aligncenter\"><img decoding=\"async\" loading=\"lazy\" width=\"800\" height=\"533\" src=\"https:\/\/speyer24news.com\/wp-content\/uploads\/2020\/05\/Info-07-04-2020_Haushalt1.jpg\" alt=\"\" class=\"wp-image-26681\" srcset=\"https:\/\/speyer24news.com\/wp-content\/uploads\/2020\/05\/Info-07-04-2020_Haushalt1.jpg 800w, https:\/\/speyer24news.com\/wp-content\/uploads\/2020\/05\/Info-07-04-2020_Haushalt1-300x200.jpg 300w, https:\/\/speyer24news.com\/wp-content\/uploads\/2020\/05\/Info-07-04-2020_Haushalt1-768x512.jpg 768w\" sizes=\"(max-width: 800px) 100vw, 800px\" \/><figcaption>Der Stadt Landau liegt die Haushaltsgenehmigung f\u00fcr 2020 vor \u2013 auch wenn das Zahlenwerk aufgrund der Corona-Krise nun weitestgehend \u00fcberholt ist. <em>(Quelle: Stadt Landau) <\/em> <\/figcaption><\/figure><\/div>\n\n\n\n<p>Die Aufsichts- und Dienstleistungsdirektion (ADD) in Trier\nhat den Haushalt der Stadt Landau sowie den Wirtschaftsplan des st\u00e4dtischen\nGeb\u00e4udemanagements (GML) f\u00fcr das Jahr 2020 genehmigt. Die Haushaltsgenehmigung\nund die damit verbundenen Auflagen gingen der Stadtverwaltung bereits zu Beginn\nder Corona-Krise zu. Der Haushaltsentwurf f\u00fcr das laufende Jahr sah im\nErgebnishaushalt ein Defizit von rund 11,9 Millionen Euro vor \u2013 bei Ertr\u00e4gen in\nH\u00f6he von rund 147,4 Millionen Euro und Aufwendungen in H\u00f6he von rund 159,3\nMillionen Euro. <\/p>\n\n\n\n<p>Ein Zahlenwerk, das angesichts der Corona-Krise und der damit wegbrechenden Ertr\u00e4ge sowie der zu erwartenden steigenden Ausgaben nun weitestgehend \u00fcberholt sei, wie Oberb\u00fcrgermeister Thomas Hirsch betont. Aber: \u201eWir sind jedoch froh, dass uns die grunds\u00e4tzliche Haushaltsgenehmigung vorliegt, sodass wir damit handlungsf\u00e4hig sind und unseren Verpflichtungen in der kommunalen Daseinsvorsorge nachkommen k\u00f6nnen.\u201c <\/p>\n\n\n\n<div class=\"wp-block-image\"><figure class=\"aligncenter\"><img decoding=\"async\" loading=\"lazy\" width=\"800\" height=\"533\" src=\"https:\/\/speyer24news.com\/wp-content\/uploads\/2020\/05\/Info-07-04-2020_Haushalt2.jpg\" alt=\"\" class=\"wp-image-26682\" srcset=\"https:\/\/speyer24news.com\/wp-content\/uploads\/2020\/05\/Info-07-04-2020_Haushalt2.jpg 800w, https:\/\/speyer24news.com\/wp-content\/uploads\/2020\/05\/Info-07-04-2020_Haushalt2-300x200.jpg 300w, https:\/\/speyer24news.com\/wp-content\/uploads\/2020\/05\/Info-07-04-2020_Haushalt2-768x512.jpg 768w\" sizes=\"(max-width: 800px) 100vw, 800px\" \/><figcaption>Aufgeschoben, aber nicht aufgehoben: Aufgrund der Corona-Krise verz\u00f6gert sich die Einf\u00fchrung des Landauer Altstadtshuttles. <em>(Quelle: Stadt Landau)<\/em> <\/figcaption><\/figure><\/div>\n\n\n\n<p>In der Haushaltsgenehmigung nimmt die ADD die Erh\u00f6hung der\nGrundsteuern A und B positiv auf \u2013 und legt der Stadt eine weitere Anpassung in\nder Zukunft nahe. Auch bei den sogenannten freiwilligen Leistungen bleibt die\nAufsichtsbeh\u00f6rde streng: Diese d\u00fcrfen die Stadt Landau insgesamt nicht mehr als\n10,5 Millionen Euro kosten. <\/p>\n\n\n\n<p>Die Stadt muss nun pr\u00fcfen, welche der f\u00fcr 2020 geplanten\n(Rekord-)Investitionen in H\u00f6he von rund 45,6 Millionen Euro noch get\u00e4tigt\nwerden k\u00f6nnen und welche Ma\u00dfnahmen verschoben werden m\u00fcssen.\nMobilit\u00e4tsdezernent Lukas Hartmann teilt in diesem Zusammenhang mit, dass der\ngeplante Altstadtshuttle nicht wie geplant im Fr\u00fchjahr 2020 an den Start gehen\nk\u00f6nne. \u201eAufgrund der aktuellen, unsicheren Situation, in der wir alle nicht\nwissen, wie das \u00f6ffentliche Leben und die Nutzung des \u00d6PNV in den kommenden\nWochen und Monaten aussehen werden, habe ich vorgeschlagen, die Einf\u00fchrung auf\ndie Zeit nach der Krise zu verschieben.\u201c Der ticketfreie Shuttlebus soll im\nRahmen der Neuordnung der Innenstadtmobilit\u00e4t als Kompensation f\u00fcr wegfallende\nParkpl\u00e4tze etwa in der K\u00f6nigstra\u00dfe und besonders f\u00fcr mobilit\u00e4tseingeschr\u00e4nkte\nMenschen sowie Seniorinnen und Senioren k\u00fcnftig im 20-Minuten-Takt auf dem\ninneren Ring verkehren.<\/p>\n\n\n\n<p><em>Stadtverwaltung Landau in der Pfalz<\/em><br><em>02.05.2020<\/em><\/p>\n\n\n\n<h2 class=\"wp-block-heading\">\u201eMiteinander in Landau\u201c: Stadt will \u00f6rtliches Hilfspaket in H\u00f6he von bis zu 250.000 Euro zur Bew\u00e4ltigung der Corona-Krise schn\u00fcren \u2013 Ehrenamt, Organisationen und Initiativen sowie freie Kulturszene im Mittelpunkt<\/h2>\n\n\n\n<div class=\"wp-block-image\"><figure class=\"aligncenter\"><img decoding=\"async\" loading=\"lazy\" width=\"800\" height=\"533\" src=\"https:\/\/speyer24news.com\/wp-content\/uploads\/2020\/05\/Info-177a-Hilfspaket.jpg\" alt=\"\" class=\"wp-image-26679\" srcset=\"https:\/\/speyer24news.com\/wp-content\/uploads\/2020\/05\/Info-177a-Hilfspaket.jpg 800w, https:\/\/speyer24news.com\/wp-content\/uploads\/2020\/05\/Info-177a-Hilfspaket-300x200.jpg 300w, https:\/\/speyer24news.com\/wp-content\/uploads\/2020\/05\/Info-177a-Hilfspaket-768x512.jpg 768w\" sizes=\"(max-width: 800px) 100vw, 800px\" \/><figcaption>Miteinander in Landau\u201c: Unter diesem Namen will die Stadt Landau ein passgenaues Hilfspaket besonders f\u00fcr das Ehrenamt, f\u00fcr Organisationen und Initiativen sowie f\u00fcr die freie Kulturszene vor Ort schn\u00fcren. <em>(Quelle: Stadt Landau)<\/em><\/figcaption><\/figure><\/div>\n\n\n\n<p>Die Corona-Krise ver\u00e4ndert alle Bereiche unseres Alltags \u2013 global wie lokal. Auch in der Stadt Landau wird diese besondere Ausnahmesituation deutlich: Das Herunterfahren des \u00f6ffentlichen Lebens bedroht die wirtschaftliche Existenz vieler Unternehmen; zugleich hat die Krise aber auch gravierende Auswirkungen auf Gesellschaft und Kultur, etwa auf soziale Angebote und freie Initiativen. Die Stadtspitze um OB Thomas Hirsch will daher die Anregung der Landauer Klima-Koalition aus GR\u00dcNEN, CDU und FDP aufgreifen und ein Hilfspaket auf den Weg bringen, das erg\u00e4nzend zu den bereits bestehenden Soforthilfema\u00dfnahmen von Bund und Land speziell das Ehrenamt, Organisationen, Initiativen, die freie Kulturszene sowie vergleichbare Strukturen vor Ort unterst\u00fctzen soll. Das teilte OB Hirsch nach der heutigen Sitzung des Stadtvorstands mit. Das Hilfspaket wird am Dienstag, 7. April, dem Hauptausschuss zum Beschluss vorgelegt. <\/p>\n\n\n\n<p>\u201eDie Corona-Krise dauert an und es gibt weiter viel zu\ntun, um eine stabile medizinische Versorgung in unserer Region sicherzustellen\n\u2013 aber auch um Menschen in verschiedenen Lebenslagen zu helfen\u201c, fasst der Stadtchef\nzusammen. \u201eDazu ist es wichtig, \u00fcber\u00f6rtliche Hilfen und F\u00f6rderungen zu sichten,\nauch, um L\u00fccken herauszuarbeiten und vor Ort passgenaue Entscheidungen zur\nerg\u00e4nzenden Unterst\u00fctzung treffen zu k\u00f6nnen.\u201c Der Stadtvorstand sei daher\n\u00fcbereingekommen, einen Teilbetrag von bis zu 250.000 Euro aus der Sonderzahlung\ndes Landes zur Unterst\u00fctzung bei der Bek\u00e4mpfung der Corona-Pandemie an\nbesonders von der Krise betroffene Bereiche des kulturellen, sportlichen und\ngesellschaftlichen Lebens in Landau weiterzugeben \u2013 und das zielgenau in Form\nvon st\u00e4dtischen Zusch\u00fcssen, informiert der OB. <\/p>\n\n\n\n<p>Konkret richtet sich das Hilfspaket etwa an: <\/p>\n\n\n\n<ul><li>ehrenamtliche Initiativen, die sich mit Hol-,\nBring- und Lieferdiensten f\u00fcr besonders durch die Pandemie gef\u00e4hrdete Menschen\nengagieren,<\/li><\/ul>\n\n\n\n<ul><li>an Vereine aus den Bereichen Kunst, Sport oder\nSoziales, die durch neue, nicht-kommerzielle Angebote einen Beitrag zur\nBew\u00e4ltigung der Krise leisten,<\/li><\/ul>\n\n\n\n<ul><li>an Organisationen wie das DRK oder die\nFeuerwehr, die sich mit Helferinnen und Helfern sowie Material in den Dienst\nder Allgemeinheit stellen, <\/li><\/ul>\n\n\n\n<ul><li>an Organisationen und freie Tr\u00e4ger, die Hilfs-\nund Beratungsangebote f\u00fcr Familien, etwa bei h\u00e4uslicher Gewalt, anbieten <\/li><\/ul>\n\n\n\n<ul><li>und an Vereine und Initiativen der freien\nKulturszene, die nicht bereits \u00fcber sonstige Soforthilfeprogramme bezuschusst\nwerden. <\/li><\/ul>\n\n\n\n<p>Zudem soll u.a. das st\u00e4dtische Sommerferienprogramm\nausgeweitet werden, um mehr Kindern in diesem Jahr eine p\u00e4dagogische Betreuung\nin den Sommermonaten zu erm\u00f6glichen. Auch soll das Stadtmarketing durch einen\nZuschuss neue Impulse erhalten, um den lokalen Einzelhandel zu beleben und zu\nf\u00f6rdern. <\/p>\n\n\n\n<p>Die Modalit\u00e4ten will die Verwaltung kurzfristig erarbeiten\nund in den kommenden Tagen gemeinsam mit den zust\u00e4ndigen Ansprechpartnerinnen\nund Ansprechpartnern bekannt gegeben. Antr\u00e4ge k\u00f6nnen voraussichtlich nach den\nOsterfeiertagen gestellt werden.<\/p>\n\n\n\n<p>Auch \u00fcber die M\u00f6glichkeit, zu spenden und damit die zur Verf\u00fcgung stehenden Gesamtsumme noch zu erh\u00f6hen, wird noch informiert. \u201eJe mehr wir an Spendengeldern dazubekommen, desto gr\u00f6\u00dfer die Wirksamkeit unseres F\u00f6rderprogramms, das die \u00dcberschrift \u00abMiteinander in Landau\u00bb tragen soll\u201c, teilt OB Hirsch mit. <\/p>\n\n\n\n<div class=\"wp-block-image\"><figure class=\"aligncenter\"><img decoding=\"async\" loading=\"lazy\" width=\"500\" height=\"618\" src=\"https:\/\/speyer24news.com\/wp-content\/uploads\/2020\/05\/Info-177b-Hilfspaket.jpg\" alt=\"\" class=\"wp-image-26680\" srcset=\"https:\/\/speyer24news.com\/wp-content\/uploads\/2020\/05\/Info-177b-Hilfspaket.jpg 500w, https:\/\/speyer24news.com\/wp-content\/uploads\/2020\/05\/Info-177b-Hilfspaket-243x300.jpg 243w\" sizes=\"(max-width: 500px) 100vw, 500px\" \/><figcaption>OB Hirsch: \u201eUnser gemeinsames Anliegen muss es sein, dass alle m\u00f6glichst gut durch diese Krise kommen.\u201c <em>(Quelle: Stadt Landau)<\/em><\/figcaption><\/figure><\/div>\n\n\n\n<p>Erg\u00e4nzt wird das Hilfspaket durch mehrere weitere Ma\u00dfnahmen:\n<\/p>\n\n\n\n<ul><li>Um Familien zu entlasten, empfiehlt der\nStadtvorstand dem Hauptausschuss auch, den Antrag der SPD- bzw. AfD-Fraktion\nzur Befreiung von Beitr\u00e4gen f\u00fcr Kita, Hort und betreuende Grundschule\nanzunehmen \u2013 und diesen noch um die Elternbeitr\u00e4ge der Tagespflege zu\nerweitern. <\/li><\/ul>\n\n\n\n<ul><li>Die st\u00e4dtische Kulturabteilung um Leiterin\nSabine Haas bereitet dar\u00fcber hinaus gemeinsam mit der Stadtholding Landau in\nder Pfalz GmbH eine spezielle M\u00f6glichkeit der F\u00f6rderung \u00f6rtlicher\nKulturschaffenden durch ein \u201eStreamingprogramm\u201c aus der Jugendstil-Festhalle vor.\n<\/li><\/ul>\n\n\n\n<ul><li>Die Initiative \u201eLandau hilft Landau\u201c, die vom\nVerein SV Landau West ins Leben gerufen wurde, wird mit st\u00e4dtischer\nUnterst\u00fctzung um ein Gutscheinheft erweitert, das \u00fcber das B\u00fcro f\u00fcr Tourismus im\nRathaus verkauft wird und dessen Erl\u00f6s umfassend den teilnehmenden Unternehmen\nzugutekommen soll. <\/li><\/ul>\n\n\n\n<p>F\u00fcr OB Hirsch ist das Hilfspaket auch eine M\u00f6glichkeit, um\nals Stadt Landau \u201eDanke\u201c f\u00fcr den Zusammenhalt in der Krise zu sagen. \u201eIch bin\nsehr dankbar f\u00fcr ein gutes Miteinander, die gute kommunale Zusammenarbeit in\nder S\u00fcdpfalz, das \u00fcberparteiliche Zusammenwirken in der ganzen Stadt, den\ngro\u00dfen Einsatz unserer Ortsvorsteherinnen und Ortsvorsteher in den Stadtd\u00f6rfern\nund die vielen Ideen und Angebote, die uns aus der Bev\u00f6lkerung erreichen. Unser\ngemeinsames Anliegen muss es sein, dass alle m\u00f6glichst gut durch diese Krise\nkommen.\u201c <\/p>\n\n\n\n<p><em>Stadtverwaltung Landau in der Pfalz<\/em><br><em>02.05.2020<\/em><\/p>\n\n\n\n<h2 class=\"wp-block-heading\">Aufgrund der Corona-Krise: Pf\u00e4lzer Weinfest in Schwesterstadt Landau an der Isar f\u00e4llt aus<\/h2>\n\n\n\n<div class=\"wp-block-image\"><figure class=\"aligncenter\"><img decoding=\"async\" loading=\"lazy\" width=\"800\" height=\"531\" src=\"https:\/\/speyer24news.com\/wp-content\/uploads\/2020\/05\/Info-06-04-2020_Weinfest.jpg\" alt=\"\" class=\"wp-image-26678\" srcset=\"https:\/\/speyer24news.com\/wp-content\/uploads\/2020\/05\/Info-06-04-2020_Weinfest.jpg 800w, https:\/\/speyer24news.com\/wp-content\/uploads\/2020\/05\/Info-06-04-2020_Weinfest-300x199.jpg 300w, https:\/\/speyer24news.com\/wp-content\/uploads\/2020\/05\/Info-06-04-2020_Weinfest-768x510.jpg 768w\" sizes=\"(max-width: 800px) 100vw, 800px\" \/><figcaption>Symbol pf\u00e4lzisch-bayerischer Freundschaft: Das Pf\u00e4lzer Weinfest in Landau an der Isar.<em> (Quelle: Stadt Landau) <\/em> <\/figcaption><\/figure><\/div>\n\n\n\n<p>Die pf\u00e4lzische Weinkultur nach Bayern bringen: Das ist die\nIdee des Pf\u00e4lzer Weinfests, das seit mehr als 30 Jahren einmal im Jahr im\nniederbayerischen Landau an der Isar stattfindet. Aufgrund der Corona-Krise\nmuss die beliebte Veranstaltung, die von Landau in der Pfalz aus organisiert\nwird, 2020 leider ausfallen. Das teilt die gemeinsame\nVeranstaltungsgesellschaft des Vereins S\u00fcdliche Weinstrasse, des B\u00fcros f\u00fcr\nTourismus der Stadt Landau und der Sparkasse S\u00fcdliche Weinstra\u00dfe jetzt mit, die\nf\u00fcr die Organisation des Pf\u00e4lzer Weinfests in der bayerischen Schwesterstadt\nverantwortlich zeichnet.&nbsp; <\/p>\n\n\n\n<p>Die \u201ebeiden Landaus\u201c sind seit den 1950er Jahren\nbefreundet, als Landau an der Isar von einer Flutkatastrophe heimgesucht wurde\nund die Pf\u00e4lzer Landauerinnen und Landauer spontan ihre Hilfe anboten. Das\nPf\u00e4lzer Weinfest, Zeugnis dieser besonderen Beziehung, entstammt einer\nWeinlaune: Beim Fest des Federwei\u00dfen im Jahr 1987 wurde die Idee vom Nu\u00dfdorfer\nWinzer Gustav Zimpelmann und dem damaligen B\u00fcrgermeister der Stadt Landau an\nder Isar, J\u00fcrgen Stadler, geboren. Seitdem genie\u00dft das Fest Kult-Charakter in\nder niederbayrischen Stadt.\n\nDas diesj\u00e4hrige Pf\u00e4lzer\nWeinfest in Landau an der Isar h\u00e4tte vom 21. bis zum 24. Mai stattfinden\nsollen. Aktuell wird noch gepr\u00fcft, ob eine Verlegung in den Herbst m\u00f6glich ist.\n\n\n\n\n<\/p>\n\n\n\n<p><em>Stadtverwaltung Landau in der Pfalz<\/em><br><em>02.05.2020<\/em><\/p>\n\n\n\n<h2 class=\"wp-block-heading\">Charity-Projekt #1: Landauer Spendenaktion geht vorerst online weiter \u2013 April-Sammlung zugunsten des Kinderschutzbunds Landau-S\u00dcW<\/h2>\n\n\n\n<div class=\"wp-block-image\"><figure class=\"aligncenter\"><img decoding=\"async\" loading=\"lazy\" width=\"800\" height=\"533\" src=\"https:\/\/speyer24news.com\/wp-content\/uploads\/2020\/05\/03-04-2020-12-Uhr_1.jpeg\" alt=\"\" class=\"wp-image-26677\" srcset=\"https:\/\/speyer24news.com\/wp-content\/uploads\/2020\/05\/03-04-2020-12-Uhr_1.jpeg 800w, https:\/\/speyer24news.com\/wp-content\/uploads\/2020\/05\/03-04-2020-12-Uhr_1-300x200.jpeg 300w, https:\/\/speyer24news.com\/wp-content\/uploads\/2020\/05\/03-04-2020-12-Uhr_1-768x512.jpeg 768w\" sizes=\"(max-width: 800px) 100vw, 800px\" \/><figcaption>Das Charity-Projekt #1 steht unter dem Motto \u201e1 Jahr, 1 Stadt, 1 Euro Spende!\u201c und wurde auch auf dem diesj\u00e4hrigen Neujahrsempfang von OB Thomas Hirsch vorgestellt.<em> (Quelle: #1)<\/em> <\/figcaption><\/figure><\/div>\n\n\n\n<p>Eigentlich sollte die Spendenbox des Charity-Projekts #1\nim April die Bengels Bar in Landau als tempor\u00e4res Zuhause beziehen, um dort von\nden G\u00e4sten flei\u00dfig gef\u00fcttert zu werden. Doch aufgrund der aktuellen Situation\nrund um das Corona-Virus wird die Aktion in diesem Monat in den virtuellen Raum\nverlegt: Spenden sind vorerst nur \u00fcber PayPal m\u00f6glich, gehen aber wie geplant\nan den Kinderschutzbund Landau-S\u00dcW.<\/p>\n\n\n\n<p>Bei dem Charity-Projekt #1, das auch beim diesj\u00e4hrigen\nNeujahrsempfang von OB Thomas Hirsch vorgestellt wurde, haben sich unter dem Motto\n\u201e1 Jahr, 1 Stadt, 1 Euro Spende!\u201c zw\u00f6lf Landauer Unternehmen mit zw\u00f6lf\nInfluencerinnen und Influencern zusammengetan, um Spenden f\u00fcr zw\u00f6lf verschiedene\ngute Zwecke zu sammeln. Dabei sollte die Spendenbox eigentlich im Laufe des\nJahres von Unternehmen zu Unternehmen wandern \u2013 im April w\u00e4re die Bengels Bar\nGastgeberin gewesen, unterst\u00fctzt von Influencer Jakob Elias Mathis. <\/p>\n\n\n\n<p>Spenden k\u00f6nnen ab sofort auf das PayPal-Konto <a href=\"http:\/\/www.paypal.me\/DKSBLandau\">www.paypal.me\/DKSBLandau<\/a>\n\u00fcberwiesen werden. Mit der am Ende des Monats zusammengekommenen Summe soll das\nProjekt Kinder- und Jugendtelefon des Kinderschutzbundes bezuschusst werden.<\/p>\n\n\n\n<p><em>Stadtverwaltung Landau in der Pfalz<\/em><br><em>02.05.2020<\/em><\/p>\n\n\n\n<h2 class=\"wp-block-heading\">Rette deinen Lieblingsort: Stadt Landau bei Gutscheinplattform LOKAL.HELP mit dabei \u2013 Unternehmen k\u00f6nnen sich ab sofort registrieren<\/h2>\n\n\n\n<div class=\"wp-block-image\"><figure class=\"aligncenter\"><img decoding=\"async\" loading=\"lazy\" width=\"800\" height=\"575\" src=\"https:\/\/speyer24news.com\/wp-content\/uploads\/2020\/04\/Lokal-Help-Seite.png\" alt=\"\" class=\"wp-image-26138\" srcset=\"https:\/\/speyer24news.com\/wp-content\/uploads\/2020\/04\/Lokal-Help-Seite.png 800w, https:\/\/speyer24news.com\/wp-content\/uploads\/2020\/04\/Lokal-Help-Seite-300x216.png 300w, https:\/\/speyer24news.com\/wp-content\/uploads\/2020\/04\/Lokal-Help-Seite-768x552.png 768w\" sizes=\"(max-width: 800px) 100vw, 800px\" \/><figcaption>Auf <a href=\"http:\/\/www.lokal.help\">www.lokal.help<\/a> haben B\u00fcrgerinnen und B\u00fcrger die M\u00f6glichkeit, heute Gutscheine zu kaufen, die sie dann nach der Krise in ihrem Lieblingsgesch\u00e4ft einl\u00f6sen k\u00f6nnen.<em> (Quelle: LOKAL.HELP)<\/em> <\/figcaption><\/figure><\/div>\n\n\n\n<p>Leere Stra\u00dfen, verwaiste Restaurants und geschlossene Gesch\u00e4fte: Landaus attraktive Innenstadt, in der sonst eigentlich immer was los ist, bietet zu Zeiten von Corona ein ungewohntes Bild. Seit knapp zwei Wochen befindet sich die Stadt im zur Eind\u00e4mmung des Corona-Virus notwendigen Dornr\u00f6schenschlaf, der gerade die lokale Wirtschaft vor gro\u00dfe Herausforderungen stellt. Besonders Selbstst\u00e4ndigen sowie Einzelhandels- und Gastronomiebetrieben fehlen nun die Einnahmen, um Fixkosten wie Miete und Geh\u00e4lter zu bezahlen. Um die Unternehmen vor Ort weiter zu unterst\u00fctzen, kooperiert die Stadt Landau ab sofort mit der Gutscheinplattform LOKAL.HELP (<a href=\"http:\/\/www.lokal.help\">www.lokal.help<\/a>). Mit-Initiator ist das Haus des Sehens am Obertorplatz; die anfallenden Hosting-Geb\u00fchren \u00fcbernimmt die EnergieS\u00fcdwest AG. <\/p>\n\n\n\n<p>Auf der Non-Profit-Plattform aus Annweiler haben B\u00fcrgerinnen und B\u00fcrger die M\u00f6glichkeit, heute Gutscheine zu kaufen, die sie nach der Krise in ihrem Lieblingsgesch\u00e4ft einl\u00f6sen k\u00f6nnen. Die Gutscheine der gelisteten Unternehmen k\u00f6nnen mit nur wenigen Klicks bestellt und via PayPal bezahlt werden. Auch das Bestellen per E-Mail oder Telefon ist m\u00f6glich. Interessierte Unternehmerinnen und Unternehmen k\u00f6nnen sich ab sofort auf der Plattform registrieren. <\/p>\n\n\n\n<div class=\"wp-block-image\"><figure class=\"aligncenter\"><img decoding=\"async\" loading=\"lazy\" width=\"800\" height=\"533\" src=\"https:\/\/speyer24news.com\/wp-content\/uploads\/2020\/05\/03-04-2020-12-Uhr_Lokal_2.jpg\" alt=\"\" class=\"wp-image-26676\" srcset=\"https:\/\/speyer24news.com\/wp-content\/uploads\/2020\/05\/03-04-2020-12-Uhr_Lokal_2.jpg 800w, https:\/\/speyer24news.com\/wp-content\/uploads\/2020\/05\/03-04-2020-12-Uhr_Lokal_2-300x200.jpg 300w, https:\/\/speyer24news.com\/wp-content\/uploads\/2020\/05\/03-04-2020-12-Uhr_Lokal_2-768x512.jpg 768w\" sizes=\"(max-width: 800px) 100vw, 800px\" \/><figcaption>Landaus OB Hirsch beim Videodreh f\u00fcr die Gutscheinplattform LOKAL.HELP.<em> (Quelle: Stadt Landau) <\/em> <\/figcaption><\/figure><\/div>\n\n\n\n<p>Oberb\u00fcrgermeister Thomas Hirsch ermuntert die\nLandauerinnen und Landauer dazu, ihre \u201elocals\u201c auf diesem Weg zu unterst\u00fctzen.\n\u201eWir alle m\u00f6chten k\u00fcnftig wieder durch unsere attraktive Innenstadt bummeln,\neinen Kaffee auf dem Rathausplatz trinken oder das Essen in unseren Restaurants\ngenie\u00dfen\u201c, betont der Stadtchef. \u201eMit dem Kauf von Gutscheinen k\u00f6nnen wir\nunsere heimische Wirtschaft ganz einfach unterst\u00fctzen und dabei helfen, die\nLiquidit\u00e4t der Unternehmen zu sichern. Wer also noch auf der Suche nach einem\npassenden Geschenk zu Ostern ist und dabei den Unternehmen vor Ort etwas Gutes\ntun m\u00f6chte, der sollte unbedingt auf diese M\u00f6glichkeit zur\u00fcckgreifen\u201c, so\nHirsch. <\/p>\n\n\n\n<p>Auch die Sparkassen haben unter dem Motto\n#GemeinsamDaDurch eine Plattform ins Leben gerufen, auf der regionale\nUnternehmen mit Gutscheinen unterst\u00fctzt werden k\u00f6nnen. N\u00e4here Informationen\nfinden sich auf helfen.gemeinsamdadurch.com. <\/p>\n\n\n\n<p>Die Angebote erg\u00e4nzen die umfangreiche \u00dcbersicht von\nLiefer- und Abholdiensten sowie Onlineshops von Landauer Unternehmen, die die\nst\u00e4dtische Wirtschaftsf\u00f6rderung erstellt hat. Zu finden ist diese unter <a href=\"http:\/\/www.landau.de\/lieferservice\">www.landau.de\/lieferservice<\/a>. <\/p>\n\n\n\n<p>F\u00fcr weitere Informationen oder R\u00fcckfragen steht die Wirtschaftsf\u00f6rderung\nper E-Mail unter martin.messemer@landau.de zur Verf\u00fcgung.<\/p>\n\n\n\n<p><em>Stadtverwaltung Landau in der Pfalz<\/em><br><em>02.05.2020<\/em><\/p>\n\n\n\n<h2 class=\"wp-block-heading\">Hohe Einsatzbereitschaft: OB und DRK-Pr\u00e4sident Hirsch dankt DRK-Kreisverband Landau f\u00fcr Unterst\u00fctzung in der Corona-Krise \u2013 \u201eteamRLP\u201c als landesweite Plattform zur Vernetzung von Helferinnen und Helfern<\/h2>\n\n\n\n<div class=\"wp-block-image\"><figure class=\"aligncenter\"><img decoding=\"async\" loading=\"lazy\" width=\"800\" height=\"534\" src=\"https:\/\/speyer24news.com\/wp-content\/uploads\/2020\/05\/03-04-2020-12-Uhr_DRK.jpg\" alt=\"\" class=\"wp-image-26675\" srcset=\"https:\/\/speyer24news.com\/wp-content\/uploads\/2020\/05\/03-04-2020-12-Uhr_DRK.jpg 800w, https:\/\/speyer24news.com\/wp-content\/uploads\/2020\/05\/03-04-2020-12-Uhr_DRK-300x200.jpg 300w, https:\/\/speyer24news.com\/wp-content\/uploads\/2020\/05\/03-04-2020-12-Uhr_DRK-768x513.jpg 768w\" sizes=\"(max-width: 800px) 100vw, 800px\" \/><figcaption>Ein Bild aus der Vor-Corona-Zeit: OB Hirsch bei einer \u00dcbung des DRK auf dem Neuen Messplatz in Landau.<em> (Quelle: Stadt Landau) <\/em> <\/figcaption><\/figure><\/div>\n\n\n\n<p>#IMMERDA: Bereits seit Wochen ist auch der Kreisverband Landau\ndes Deutschen Roten Kreuzes im Rahmen der Corona-Pandemie im Einsatz \u2013 ob beim\nBetrieb des Diagnosezentrums auf dem Neuen Messegel\u00e4nde, bei Aufbau und Planung\nder Notkrankenhaus-Strukturen, bei der Mitarbeit im Katastrophenschutzstab und\nder Technischen Einsatzleitung oder nat\u00fcrlich wie gewohnt mit Sanit\u00e4tsdiensten,\ndem Men\u00fcservice und der Betreuung des Hausnotrufs. Als DRK-Pr\u00e4sident dankt OB\nThomas Hirsch den Helferinnen und Helfern jetzt f\u00fcr deren unerm\u00fcdlichen\nEinsatz.<\/p>\n\n\n\n<p>\u201eDie Mitarbeitenden im DRK Kreisverband Landau sind immer\n\u2013 und auch gerade jetzt zu Zeiten von Corona \u2013 rund um die Uhr f\u00fcr die\nB\u00fcrgerinnen und B\u00fcrger da\u201c, betont der OB. \u201eF\u00fcr diese gro\u00dfartige Leistung und\nden Dienst an der Allgemeinheit gilt allen Helferinnen und Helfern mein ausdr\u00fccklicher\nDank und unser aller Respekt\u201c, so der Stadtchef.<\/p>\n\n\n\n<p>Der Landauer DRK-Pr\u00e4sident weist au\u00dferdem auf die neue\nHilfsplattform \u201eteamRLP\u201c hin, die der DRK-Kreisverband Rheinland-Pfalz\ngemeinsam mit der Landesregierung ins Leben gerufen hat. Unter einem Dach haben\nsich alle gro\u00dfen Hilfsorganisationen mit verschiedenen Medienpartnern\nzusammengefunden, die das \u201eteamRLP\u201c unterst\u00fctzen, und bieten mit\nwww.team-rlp.de eine Plattform an, auf der Organisationen, die freiwillige\nHelferinnen und Helfer brauchen, und Menschen, die ihre Zeit und ihre Hilfe zur\nVerf\u00fcgung stellen, zusammenkommen. Das \u201eteamRLP\u201c ist au\u00dferdem \u00fcber die Zentrale\nHotline 0 61 31\/ 2 18 21 00 und via E-Mail an teamrlp@lv-rlp.drk.de erreichbar.<\/p>\n\n\n\n<p><em>Stadtverwaltung Landau in der Pfalz<\/em><br><em>02.05.2020<\/em><\/p>\n\n\n\n<h2 class=\"wp-block-heading\">Dammheim: Ausbau der Radwege-Infrastruktur zwischen Landauer Kernstadt und Stadtd\u00f6rfern hat begonnen<\/h2>\n\n\n\n<div class=\"wp-block-image\"><figure class=\"aligncenter\"><img decoding=\"async\" loading=\"lazy\" width=\"500\" height=\"609\" src=\"https:\/\/speyer24news.com\/wp-content\/uploads\/2020\/05\/Info-02-04-2020-18-Uhr_Radweg.jpg\" alt=\"\" class=\"wp-image-26674\" srcset=\"https:\/\/speyer24news.com\/wp-content\/uploads\/2020\/05\/Info-02-04-2020-18-Uhr_Radweg.jpg 500w, https:\/\/speyer24news.com\/wp-content\/uploads\/2020\/05\/Info-02-04-2020-18-Uhr_Radweg-246x300.jpg 246w\" sizes=\"(max-width: 500px) 100vw, 500px\" \/><figcaption>Komfortabler Radfahren: Die Stadt Landau hat den Radweg zwischen der Alten Bahnhofstra\u00dfe in Dammheim und der Fichtenstra\u00dfe im Stadtteil Horst ausgebaut.<em> (Quelle: Stadt Landau) <\/em> <\/figcaption><\/figure><\/div>\n\n\n\n<p>Glatter Asphalt statt Schotter und Schlagl\u00f6cher: Der\nfrisch ausgebaute Radweg zwischen der Alten Bahnhofstra\u00dfe in Dammheim und der\nFichtenstra\u00dfe im Landauer Stadtteil Horst erm\u00f6glicht ab sofort komfortables\nRadfahren aus dem Stadtdorf in die Kernstadt. Die Ma\u00dfnahme stellt den Auftakt\nf\u00fcr den Ausbau der Radwegeinfrastruktur zwischen den Stadtd\u00f6rfern und der\nInnenstadt dar.<\/p>\n\n\n\n<p>\u201eWir wollen einen gut ausgebauten, breiten und\nasphaltierten Radweg von jedem Stadtdorf in die Kernstadt f\u00fchren,\u201c gibt\nBeigeordneter Lukas Hartmann als Ziel aus. \u201eEine gute und sichere\nRadwegeverbindung zwischen Landau und den Stadtd\u00f6rfern ist ein wichtiger\nBeitrag zur Verkehrswende in unserer Stadt. Den Anfang haben wir jetzt in\nDammheim gemacht\u201c, so der Mobilit\u00e4tsdezernent. Ziel des Ausbaus sei au\u00dferdem,\ndie Vernetzung der Stadtd\u00f6rfer untereinander zu verbessern. Gepr\u00fcft werde\nhierzu aktuell eine Verbindung zwischen Arzheim und Wollmesheim. Als n\u00e4chstes\nProjekt f\u00fcr die Erreichbarkeit der Kernstadt soll der Weg zwischen der\nKraftgasse und der Autobahn entlang des Birnbachs befestigt werden.<\/p>\n\n\n\n<p>F\u00fcr eine sichere und komfortable Radwegeverbindung\nzwischen Dammheim und Landau wurde die Strecke auf etwa 900 Metern asphaltiert.\nDer Ausbau kostet die Stadt Landau etwa 150.000 Euro.<\/p>\n\n\n\n<p><em>Stadtverwaltung Landau in der Pfalz<\/em><br><em>02.05.2020<\/em><\/p>\n\n\n\n<h2 class=\"wp-block-heading\">Aktion \u201eUnternehmen helfen Unternehmen\u201c des\nLandeswirtschaftsministeriums zur Herstellung von medizinischen Produkten in\nder Corona-Krise: St\u00e4dtische Wirtschaftsf\u00f6rderung bittet Landauer Unternehmen\num Unterst\u00fctzung <\/h2>\n\n\n\n<p>Unter dem Namen \u201eUnternehmen helfen Unternehmen\u201c hat der\nrheinland-pf\u00e4lzische Wirtschaftsminister Dr. Volker Wissing eine Aktion\ngestartet, um die Hersteller von medizinischen Produkten wie etwa\nBeatmungsger\u00e4ten, Schutzausr\u00fcstungen oder Desinfektionsmitteln zu entlasten.\nKonkret will der Minister branchenfremde Industrie- und Technologieunternehmen,\nbeispielsweise Automobilzulieferer, miteinander vernetzen, sodass diese bei der\nBelieferung mit Vorprodukten unterst\u00fctzen oder gemeinsam im Verbund\nmedizinische Produkte herstellen k\u00f6nnen. <\/p>\n\n\n\n<p>Die Wirtschaftsf\u00f6rderung der Stadt Landau hat die\ninnovative Idee des Ministers gerne aufgegriffen und mehr als 1.000 Landauer\nUnternehmen entsprechend informiert. \u201eMit Blick auf die breite Branchenvielfalt\nin unserer Stadt sind wir zuversichtlich, dass wir in Landau helfen k\u00f6nnen\u201c,\nsagt Wirtschaftsf\u00f6rderer Martin Messemer. Er hofft, dass sich das eine oder\nandere Unternehmen finde, das in der Lage und willens sei, in dem geforderten\nSegment \u201eau\u00dfer der Reihe\u201c aktiv zu werden und einen wichtigen Beitrag zur Bew\u00e4ltigung\nder Corona-Krise zu leisten. <\/p>\n\n\n\n<p>Wer sich in das neue, landesweite Unternehmensnetzwerk aufnehmen lassen m\u00f6chte, kann sich unter der E-Mail-Adresse <a href=\"Unternehmen-helfen-Unternehmen@mwvlw.rlp.de\">Unternehmen-helfen-Unternehmen@mwvlw.rlp.de<\/a> direkt an das Wirtschaftsministerium wenden. Weitere Informationen finden sich auf <a href=\"http:\/\/mwvlw.rlp.de\">mwvlw.rlp.de<\/a>.<\/p>\n\n\n\n<p><em>Stadtverwaltung Landau in der Pfalz<\/em><br><em>02.05.2020<\/em><\/p>\n\n\n\n<h2 class=\"wp-block-heading\">Ein Leben f\u00fcr den Tourismusstandort Landau: Langj\u00e4hriger Tourismus-Gesch\u00e4ftsf\u00fchrer Franz M\u00fcller verabschiedet sich nach mehr als drei Jahrzehnten in den Ruhestand<\/h2>\n\n\n\n<div class=\"wp-block-image\"><figure class=\"aligncenter\"><img decoding=\"async\" loading=\"lazy\" width=\"800\" height=\"533\" src=\"https:\/\/speyer24news.com\/wp-content\/uploads\/2020\/05\/Info-02-04-2020-18-Uhr_Franz.jpg\" alt=\"\" class=\"wp-image-26673\" srcset=\"https:\/\/speyer24news.com\/wp-content\/uploads\/2020\/05\/Info-02-04-2020-18-Uhr_Franz.jpg 800w, https:\/\/speyer24news.com\/wp-content\/uploads\/2020\/05\/Info-02-04-2020-18-Uhr_Franz-300x200.jpg 300w, https:\/\/speyer24news.com\/wp-content\/uploads\/2020\/05\/Info-02-04-2020-18-Uhr_Franz-768x512.jpg 768w\" sizes=\"(max-width: 800px) 100vw, 800px\" \/><figcaption>Franz M\u00fcller leitete fast 35 Jahre lang die Geschicke des Landauer Tourismusb\u00fcros. <em>(Quelle: Stadt Landau) <\/em> <\/figcaption><\/figure><\/div>\n\n\n\n<p>Jede \u00c4ra geht einmal zu Ende: Nach genau 34 Jahren und 9\nMonaten an der Spitze der Tourismusarbeit in Landau hat sich der langj\u00e4hrige\nGesch\u00e4ftsf\u00fchrer des B\u00fcros f\u00fcr Tourismus (BfT), Franz M\u00fcller, jetzt in den\nRuhestand verabschiedet. Das gro\u00dfe Fest zum Abschluss seiner Karriere, mit dem\nsich der BfT-Chef standesgem\u00e4\u00df aus dem Dienst verabschieden wollte, konnte\naufgrund der aktuellen Corona-Krise nicht wie geplant stattfinden \u2013 aber:\n\u201eAufgeschoben ist auf gar keinen Fall aufgehoben\u201c, betont M\u00fcller\naugenzwinkernd. <\/p>\n\n\n\n<p>\u201eFranz M\u00fcller hat die Tourismusarbeit der Stadt Landau\ngepr\u00e4gt wie kein Zweiter und kann mit Stolz auf eine beeindruckende berufliche\nLebensleistung blicken\u201c, betont OB Hirsch, der dem scheidenden BfT-Chef\ngemeinsam mit Tourismusdezernent Alexander Grassmann f\u00fcr sein au\u00dfergew\u00f6hnliches\nEngagement in den zur\u00fcckliegenden drei Jahrzehnten dankt. \u201eIn seine \u00fcber\n30-j\u00e4hrige Amtszeit fallen u.a. die Konzeption und erstmalige Ausrichtung des\nKunsthandwerklichen Thomas-Nast-Nikolausmarkts, des Pf\u00e4lzischen Weinfests in\nunserer Schwesterstadt Landau an der Isar und des Landauer Sommers \u2013 allesamt Veranstaltungen,\ndie heute fest im Veranstaltungskalender verankert und untrennbar mit unserer\nStadt verbunden sind\u201c, sind sich Hirsch und Grassmann einig.<\/p>\n\n\n\n<p>Franz M\u00fcller, geboren in Niederschlettenbach, studierte\nzun\u00e4chst Lehramt an der damaligen Erziehungswissenschaftlichen Hochschule in\nLandau und arbeitete dann als Lehrer an der Maria-Ward-Schule. Seine ersten\nSporen im Tourismus verdiente er sich bei der Kurverwaltung Bad Bergzabern,\nbevor er am 1. Juli 1985 die Stelle als Gesch\u00e4ftsf\u00fchrer des B\u00fcros f\u00fcr Tourismus\nin Landau antrat. Neben der Konzeption und Ausrichtung zahlreicher Feste und\nVeranstaltungen war Franz M\u00fcller unter anderem in den Jahren 1985 bis 1989 f\u00fcr\ndie Organisation des Blumenkorsos in der Stadt Landau verantwortlich, baute den\nst\u00e4dtischen Kutschenbestand auf, war von 1994 bis 1999 Vorsitzender des\nWerbeausschusses Pfalz und des Touristischen Arbeitskreises Pfalz, leitete von\n1999 bis 2007 als Gesch\u00e4ftsf\u00fchrer das Landauer Stadtmarketing, richtete 2001 als\nProjektleiter den Rheinland-Pfalz-Tag in Landau aus, f\u00fchrte den\nTicketing-Service \u201eticket REGIONAL\u201c ein \u2013 und vieles mehr.<\/p>\n\n\n\n<p>Der scheidende BfT-Chef freut sich auf den neuen\nLebensabschnitt, der nun vor ihm liegt. \u201eAlles hat seine Zeit und man soll ja\nbekanntlich aufh\u00f6ren, wenn es am Sch\u00f6nsten ist\u201c, schmunzelt Franz M\u00fcller. \u201eIn\nden drei Jahrzehnten meiner T\u00e4tigkeit beim BfT konnte ich viele tolle Projekte\nauf den Weg bringen und ich freue mich, zu sehen, dass viele Veranstaltungen\nund Strukturen heute zum festen Bestandteil des Stadtgeschehens geh\u00f6ren.\u201c Am\nmeisten vermissen werde er sein tolles Team beim BfT, betont M\u00fcller, der aber\nverspricht, sich auch weiterhin f\u00fcr den Tourismus in Landau einzusetzen und die\nvielen Freundschaften, die im Laufe seines Berufslebens entstanden sind, zu\npflegen. Seinem Nachfolger Bernd Wichmann, mit dem er in den vergangenen\nMonaten in einer gemeinsamen \u00dcbergangszeit den Wechsel an der Spitze des\nTourismusb\u00fcros vorbereitet hat, w\u00fcnscht der scheidende BfT-Chef viel Erfolg und\nein gl\u00fcckliches H\u00e4ndchen im Dienste der Stadt Landau.<\/p>\n\n\n\n<p><em>Stadtverwaltung Landau in der Pfalz<\/em><br><em>02.05.2020<\/em><\/p>\n\n\n\n<h2 class=\"wp-block-heading\">Kleinod in der Landauer Innenstadt: Kreuzgarten als Ausflugstipp in der Brosch\u00fcre \u201eGartenpfOrte\u201c der Metropolregion Rhein-Neckar<\/h2>\n\n\n\n<div class=\"wp-block-image\"><figure class=\"aligncenter\"><img decoding=\"async\" loading=\"lazy\" width=\"800\" height=\"600\" src=\"https:\/\/speyer24news.com\/wp-content\/uploads\/2020\/05\/Info-02-04-2020-18-Uhr_Kreuzgarten.jpg\" alt=\"\" class=\"wp-image-26672\" srcset=\"https:\/\/speyer24news.com\/wp-content\/uploads\/2020\/05\/Info-02-04-2020-18-Uhr_Kreuzgarten.jpg 800w, https:\/\/speyer24news.com\/wp-content\/uploads\/2020\/05\/Info-02-04-2020-18-Uhr_Kreuzgarten-300x225.jpg 300w, https:\/\/speyer24news.com\/wp-content\/uploads\/2020\/05\/Info-02-04-2020-18-Uhr_Kreuzgarten-768x576.jpg 768w, https:\/\/speyer24news.com\/wp-content\/uploads\/2020\/05\/Info-02-04-2020-18-Uhr_Kreuzgarten-678x509.jpg 678w, https:\/\/speyer24news.com\/wp-content\/uploads\/2020\/05\/Info-02-04-2020-18-Uhr_Kreuzgarten-326x245.jpg 326w, https:\/\/speyer24news.com\/wp-content\/uploads\/2020\/05\/Info-02-04-2020-18-Uhr_Kreuzgarten-80x60.jpg 80w\" sizes=\"(max-width: 800px) 100vw, 800px\" \/><figcaption>Oase der Ruhe und beliebtes Fotomotiv: Der wundersch\u00f6ne Kreuzgarten in der Landauer Innenstadt. <em>(Quelle: Stadt Landau)<\/em> <\/figcaption><\/figure><\/div>\n\n\n\n<p>Was haben der Schwetzinger Schlossgarten, der Chinesische\nGarten im Luisenpark in Mannheim und der Landauer Kreuzgarten gemeinsam? Sie\nsind immer einen Besuch wert, spenden Ruhe und Kraft \u2013 und wurden alle drei in\ndie Neuauflage der Brosch\u00fcre \u201eGartenpfOrte\u201c der Metropolregion Rhein-Neckar\naufgenommen. Diese steht ab sofort auf der st\u00e4dtischen Homepage unter\nwww.landau.de\/naherholung zum Download bereit und soll voraussichtlich noch in\ndiesem Fr\u00fchjahr auch als Druckversion erscheinen.<\/p>\n\n\n\n<p>In der Brosch\u00fcre finden Gartenfreundinnen und -freunde\nzehn Tipps f\u00fcr Ausflugsziele zwischen Worms und Bensheim im Norden sowie Landau\nund Angelbachtal im S\u00fcden der Metropolregion Rhein-Neckar. Mit dabei ist auch\nder Kreuzgarten in der Landauer K\u00f6nigstra\u00dfe. Der an die Augustinerkirche\nangrenzende Garten wird von einem Kreuzgang mit sp\u00e4tgotischen Spitzb\u00f6gen\numschlossen. Im Jahr 2003 wurde die innenliegende Gr\u00fcnfl\u00e4che nach historischem\nVorbild neu angelegt und z\u00e4hlt seitdem zu Landaus sch\u00f6nsten Gartenanlagen. <\/p>\n\n\n\n<p><em>Stadtverwaltung Landau in der Pfalz<\/em><br><em>02.05.2020<\/em><\/p>\n\n\n\n<h2 class=\"wp-block-heading\">Hilfe f\u00fcr regionale K\u00fcnstlerinnen und K\u00fcnstler: Stadt Landau informiert \u00fcber Hilfsprogramme sowie Gutschein- und Spendenaktionen<\/h2>\n\n\n\n<div class=\"wp-block-image\"><figure class=\"aligncenter\"><img decoding=\"async\" loading=\"lazy\" width=\"800\" height=\"533\" src=\"https:\/\/speyer24news.com\/wp-content\/uploads\/2020\/05\/Info-02-04-2020-12-Uhr_Kultur.jpg\" alt=\"\" class=\"wp-image-26671\" srcset=\"https:\/\/speyer24news.com\/wp-content\/uploads\/2020\/05\/Info-02-04-2020-12-Uhr_Kultur.jpg 800w, https:\/\/speyer24news.com\/wp-content\/uploads\/2020\/05\/Info-02-04-2020-12-Uhr_Kultur-300x200.jpg 300w, https:\/\/speyer24news.com\/wp-content\/uploads\/2020\/05\/Info-02-04-2020-12-Uhr_Kultur-768x512.jpg 768w\" sizes=\"(max-width: 800px) 100vw, 800px\" \/><figcaption>Eines der kulturellen Highlights der vergangenen Jahre in Landau: Das Stationentheater \u201eDer kleine Luther\u201c des Herxheimer Chawwerusch-Theaters.<em> (Quelle: Stadt Landau) <\/em> <\/figcaption><\/figure><\/div>\n\n\n\n<p>Der Mensch lebt nicht vom Brot allein und nach der Corona-Pandemie wollen viele Landauerinnen und Landauer wieder zu Konzerten, ins Theater, ins Kino oder in die Galerie gehen. Doch ohne Einnahmen durch Auftritte und Ausstellungen stehen viele Kulturschaffende in Landau und Umgebung finanziell schon jetzt mit dem R\u00fccken zur Wand. Einige Einrichtungen versuchen die Krise durch den Verkauf von Gutscheinen oder mit Spendenaktionen zu meistern. Die Leiterin der Kulturabteilung der Stadt Landau, Sabine Haas, sammelt diese Aktionen auf der st\u00e4dtischen Internetseite unter <a href=\"http:\/\/www.landau.de\/kulturhilfe\">www.landau.de\/kulturhilfe<\/a>. Dort finden sich au\u00dferdem Links zu verschiedenen Hilfsprogrammen f\u00fcr Kulturschaffende.<\/p>\n\n\n\n<p>\u201eDer kulturelle Reichtum unserer Region ist keine\nSelbstverst\u00e4ndlichkeit. Er ist das Ergebnis von enormer Kreativit\u00e4t der\nKunstschaffenden \u2013 und er basiert auf der Tatsache, dass es viele Orte der\nPr\u00e4sentation dieses kulturellen Schaffens gibt. Und wenn wir wollen, dass die\nS\u00fcdpfalz eine reiche und vielf\u00e4ltige Kulturlandschaft mit Landau als deren\nZentrum bleibt, m\u00fcssen wir unseren Beitrag dazu leisten\u201c, so Kulturdezernent\nDr. Maximilian Ingenthron. \u201eEs kommt auf uns alle an. Beweisen wir Solidarit\u00e4t\nmit den K\u00fcnstlerinnen und K\u00fcnstlern ebenso wie mit den Anbieterinnen und\nAnbietern von Kunst und Kultur. Darum bitte ich Sie, wenn es Ihre pers\u00f6nliche\nSituation zul\u00e4sst: Unterst\u00fctzen Sie die regionale Kulturszene jetzt durch den\nKauf von Gutscheinen oder durch Spenden! Jeder Euro hilft den K\u00fcnstlerinnen und\nK\u00fcnstlern wie auch den freien Tr\u00e4gern des kulturellen Lebens, diese oftmals\nexistenzbedrohende Krise zu bew\u00e4ltigen.\u201c<\/p>\n\n\n\n<p>Die Liste mit Gutschein- und Spendenaktionen auf der Landauer Homepage befindet sich noch im Aufbau und wird regelm\u00e4\u00dfig aktualisiert. Wer in die Liste aufgenommen werden m\u00f6chte, kann sich per E-Mail an <a href=\"sabine.haas@landau.de\">sabine.haas@landau.de<\/a> wenden.<\/p>\n\n\n\n<p><em>Stadtverwaltung Landau in der Pfalz<br>02.05.2020<\/em><\/p>\n","protected":false},"excerpt":{"rendered":"<div class=\"mh-excerpt\"><p>Was \u00e4ndert sich konkret vor Ort? Stadt Landau setzt neue Landesverordnung zur Lockerung der Corona-Beschr\u00e4nkungen um \u2013 St\u00e4dtische Einrichtungen bereiten sich auf Wiederer\u00f6ffnung vor \u2013 Hirsch: \u201eAuch Gastronomie braucht zeitnahe Lockerungen f\u00fcr Au\u00dfenfl\u00e4chen!\u201c Auf Basis <a class=\"mh-excerpt-more\" href=\"https:\/\/speyer24news.com\/?p=26669\" title=\"Landau\">[&#8230;]<\/a><\/p>\n<\/div>","protected":false},"author":3,"featured_media":26705,"comment_status":"open","ping_status":"open","sticky":false,"template":"","format":"standard","meta":{"_monsterinsights_skip_tracking":false,"_monsterinsights_sitenote_active":false,"_monsterinsights_sitenote_note":"","_monsterinsights_sitenote_category":0,"footnotes":""},"categories":[675],"tags":[6670,238,6666,6673,6662,6649,6648,6399,6560,5904,5801,237,6336,6667,6658,6653,6085,6664,6678,6669,6656,6674,6091,6679,6680,58,6672,6668,6650,6663,6371,6675,6652,6651,6671,6665,6657,6677,6661,6221,6654,2280,4150,4174,6676,6659,6655,224,584],"aioseo_notices":[],"amp_enabled":true,"_links":{"self":[{"href":"https:\/\/speyer24news.com\/index.php?rest_route=\/wp\/v2\/posts\/26669"}],"collection":[{"href":"https:\/\/speyer24news.com\/index.php?rest_route=\/wp\/v2\/posts"}],"about":[{"href":"https:\/\/speyer24news.com\/index.php?rest_route=\/wp\/v2\/types\/post"}],"author":[{"embeddable":true,"href":"https:\/\/speyer24news.com\/index.php?rest_route=\/wp\/v2\/users\/3"}],"replies":[{"embeddable":true,"href":"https:\/\/speyer24news.com\/index.php?rest_route=%2Fwp%2Fv2%2Fcomments&post=26669"}],"version-history":[{"count":2,"href":"https:\/\/speyer24news.com\/index.php?rest_route=\/wp\/v2\/posts\/26669\/revisions"}],"predecessor-version":[{"id":26707,"href":"https:\/\/speyer24news.com\/index.php?rest_route=\/wp\/v2\/posts\/26669\/revisions\/26707"}],"wp:featuredmedia":[{"embeddable":true,"href":"https:\/\/speyer24news.com\/index.php?rest_route=\/wp\/v2\/media\/26705"}],"wp:attachment":[{"href":"https:\/\/speyer24news.com\/index.php?rest_route=%2Fwp%2Fv2%2Fmedia&parent=26669"}],"wp:term":[{"taxonomy":"category","embeddable":true,"href":"https:\/\/speyer24news.com\/index.php?rest_route=%2Fwp%2Fv2%2Fcategories&post=26669"},{"taxonomy":"post_tag","embeddable":true,"href":"https:\/\/speyer24news.com\/index.php?rest_route=%2Fwp%2Fv2%2Ftags&post=26669"}],"curies":[{"name":"wp","href":"https:\/\/api.w.org\/{rel}","templated":true}]}}