{"id":26713,"date":"2020-05-03T15:24:29","date_gmt":"2020-05-03T14:24:29","guid":{"rendered":"https:\/\/speyer24news.com\/?p=26713"},"modified":"2020-05-03T15:24:29","modified_gmt":"2020-05-03T14:24:29","slug":"landau-und-landkreis-ld-3","status":"publish","type":"post","link":"https:\/\/speyer24news.com\/?p=26713","title":{"rendered":"Landau und Landkreis LD"},"content":{"rendered":"<style type=\"text\/css\">\r\n\t.ads_top_disp{}\r\n\t.ads_top_corner_disp{ float:left; margin:0px 10px 10px 0px; }\r\n\t.ads_first_p_disp{}\r\n\t.ads_bottom_disp{}\r\n\t<\/style>\n<h1 class=\"wp-block-heading\" style=\"text-align:center\"><strong>Coronavirus: Neue und gesundete F\u00e4lle im Landkreis S\u00fcdliche Weinstra\u00dfe und der Stadt Landau<\/strong><\/h1>\n\n\n\n<div class=\"wp-block-image\"><figure class=\"aligncenter\"><img decoding=\"async\" loading=\"lazy\" width=\"800\" height=\"400\" src=\"https:\/\/speyer24news.com\/wp-content\/uploads\/2020\/02\/virus-1812092_1920.jpg\" alt=\"\" class=\"wp-image-25128\" srcset=\"https:\/\/speyer24news.com\/wp-content\/uploads\/2020\/02\/virus-1812092_1920.jpg 800w, https:\/\/speyer24news.com\/wp-content\/uploads\/2020\/02\/virus-1812092_1920-300x150.jpg 300w, https:\/\/speyer24news.com\/wp-content\/uploads\/2020\/02\/virus-1812092_1920-768x384.jpg 768w\" sizes=\"(max-width: 800px) 100vw, 800px\" \/><\/figure><\/div>\n\n\n\n<h2 class=\"wp-block-heading\">Fallzahlen vom 30.04.2020<\/h2>\n\n\n\n<p>Nach aktuellem Stand (30. April 2020, 14 Uhr) haben\nsich seit gestern <strong>zwei<\/strong> weitere F\u00e4lle\ndes Coronavirus (COVID-19) im Landkreis S\u00fcdliche Weinstra\u00dfe best\u00e4tigt. Insgesamt\nwurden <strong>218<\/strong> F\u00e4lle im\nZust\u00e4ndigkeitsbereich des Gesundheitsamts Landau\/S\u00fcdliche Weinstra\u00dfe an das\nLandesuntersuchungsamt \u00fcbermittelt. <strong>187<\/strong>\nPersonen sind gesundet*. <strong>2<\/strong> Personen sind\nverstorben. <\/p>\n\n\n\n<p><strong>Verbandsgemeinde\nAnnweiler<\/strong>: 10 Personen (6\ndavon gesundet)<\/p>\n\n\n\n<p><strong>Verbandsgemeinde\nBad Bergzabern<\/strong>: 11\nPersonen (10 davon gesundet)<\/p>\n\n\n\n<p><strong>Verbandsgemeinde\nEdenkoben<\/strong>: 40 Personen (39\ndavon gesundet)<\/p>\n\n\n\n<p><strong>Verbandsgemeinde\nHerxheim<\/strong>: 27 Personen (22\ndavon gesundet, 1 verstorben)<\/p>\n\n\n\n<p><strong>Verbandsgemeinde\nLandau-Land<\/strong>: 22 Personen\n(16 davon gesundet, 1 verstorben)<\/p>\n\n\n\n<p><strong>Verbandsgemeinde\nMaikammer<\/strong>: 14 Personen (11\ndavon gesundet)<\/p>\n\n\n\n<p><strong>Verbandsgemeinde\nOffenbach<\/strong>: 22 Personen (20\ndavon gesundet)<\/p>\n\n\n\n<p><strong>Stadt\nLandau<\/strong>: 72 Personen (63 davon\ngesundet).<\/p>\n\n\n\n<p>Alle ermittelbaren Kontaktpersonen\nwerden \u00fcber die Infektion informiert. <\/p>\n\n\n\n<h2 class=\"wp-block-heading\">Fallzahlen vom 29.04.2020<\/h2>\n\n\n\n<p>Nach aktuellem Stand (29. April 2020, 14 Uhr) hat\nsich seit gestern <strong>ein<\/strong> weiterer Fall\ndes Coronavirus (COVID-19) im Landkreis S\u00fcdliche Weinstra\u00dfe best\u00e4tigt. Insgesamt\nwurden <strong>216<\/strong> F\u00e4lle im\nZust\u00e4ndigkeitsbereich des Gesundheitsamts Landau\/S\u00fcdliche Weinstra\u00dfe an das\nLandesuntersuchungsamt \u00fcbermittelt. <strong>184<\/strong>\nPersonen sind gesundet*. <strong>2<\/strong> Personen sind\nverstorben. <\/p>\n\n\n\n<p><strong>Verbandsgemeinde\nAnnweiler<\/strong>: 10 Personen (6\ndavon gesundet)<\/p>\n\n\n\n<p><strong>Verbandsgemeinde\nBad Bergzabern<\/strong>: 11\nPersonen (9 davon gesundet)<\/p>\n\n\n\n<p><strong>Verbandsgemeinde\nEdenkoben<\/strong>: 40 Personen (39\ndavon gesundet)<\/p>\n\n\n\n<p><strong>Verbandsgemeinde\nHerxheim<\/strong>: 27 Personen (22\ndavon gesundet, 1 verstorben)<\/p>\n\n\n\n<p><strong>Verbandsgemeinde\nLandau-Land<\/strong>: 22 Personen\n(16 davon gesundet, 1 verstorben)<\/p>\n\n\n\n<p><strong>Verbandsgemeinde\nMaikammer<\/strong>: 12 Personen (11\ndavon gesundet)<\/p>\n\n\n\n<p><strong>Verbandsgemeinde\nOffenbach<\/strong>: 22 Personen (20\ndavon gesundet)<\/p>\n\n\n\n<p><strong>Stadt\nLandau<\/strong>: 72 Personen (61 davon\ngesundet).\n\nAlle ermittelbaren\nKontaktpersonen werden \u00fcber die Infektion informiert.\n\n\n\n<\/p>\n\n\n\n<h2 class=\"wp-block-heading\">Fallzahlen vom 28.04.2020<\/h2>\n\n\n\n<p>Nach aktuellem Stand (28. April 2020, 14 Uhr) hat\nsich seit 27. April k<strong>ein<\/strong> weiterer Fall\ndes Coronavirus (COVID-19) im Landkreis S\u00fcdliche Weinstra\u00dfe und der Stadt\nLandau best\u00e4tigt. Insgesamt wurden <strong>215<\/strong>\nF\u00e4lle im Zust\u00e4ndigkeitsbereich des Gesundheitsamts Landau\/S\u00fcdliche Weinstra\u00dfe an\ndas Landesuntersuchungsamt \u00fcbermittelt. <strong>183<\/strong>\nPersonen sind gesundet*. <strong>2<\/strong> Personen sind\nverstorben. <\/p>\n\n\n\n<p><strong>Verbandsgemeinde\nAnnweiler<\/strong>: 10 Personen (6\ndavon gesundet)<\/p>\n\n\n\n<p><strong>Verbandsgemeinde\nBad Bergzabern<\/strong>: 11\nPersonen (9 davon gesundet)<\/p>\n\n\n\n<p><strong>Verbandsgemeinde\nEdenkoben<\/strong>: 40 Personen (39\ndavon gesundet)<\/p>\n\n\n\n<p><strong>Verbandsgemeinde\nHerxheim<\/strong>: 27 Personen (22\ndavon gesundet, 1 verstorben)<\/p>\n\n\n\n<p><strong>Verbandsgemeinde\nLandau-Land<\/strong>: 22\nPersonen (16 davon gesundet, 1 verstorben)<\/p>\n\n\n\n<p><strong>Verbandsgemeinde\nMaikammer<\/strong>: 11 Personen (10\ndavon gesundet)<\/p>\n\n\n\n<p><strong>Verbandsgemeinde\nOffenbach<\/strong>: 22 Personen (20\ndavon gesundet)<strong>Stadt Landau<\/strong>: 72 Personen (61 davon gesundet).\n\n\n\n<\/p>\n\n\n\n<h2 class=\"wp-block-heading\">Fallzahlen vom 24.04.2020<\/h2>\n\n\n\n<p>Nach aktuellem Stand (27. April 2020, 14 Uhr) haben sich seit 24. April <strong>zwei<\/strong> weitere F\u00e4lle des Coronavirus (COVID-19) im Landkreis S\u00fcdliche Weinstra\u00dfe und der Stadt Landau best\u00e4tigt. Insgesamt wurden <strong>215<\/strong> F\u00e4lle im Zust\u00e4ndigkeitsbereich des Gesundheitsamts Landau\/S\u00fcdliche Weinstra\u00dfe an das Landesuntersuchungsamt \u00fcbermittelt. <strong>174<\/strong> Personen sind gesundet*. <strong>2<\/strong> Personen sind verstorben. <\/p>\n\n\n\n<p><strong>Verbandsgemeinde\nAnnweiler<\/strong>: 10 Personen (5\ndavon gesundet)<\/p>\n\n\n\n<p><strong>Verbandsgemeinde\nBad Bergzabern<\/strong>: 11\nPersonen (9 davon gesundet)<\/p>\n\n\n\n<p><strong>Verbandsgemeinde\nEdenkoben<\/strong>: 40 Personen (39\ndavon gesundet)<\/p>\n\n\n\n<p><strong>Verbandsgemeinde\nHerxheim<\/strong>: 27 Personen (20\ndavon gesundet, 1 verstorben)<\/p>\n\n\n\n<p><strong>Verbandsgemeinde\nLandau-Land<\/strong>: 22\nPersonen (15 davon gesundet, 1 verstorben)<\/p>\n\n\n\n<p><strong>Verbandsgemeinde\nMaikammer<\/strong>: 11 Personen (10\ndavon gesundet)<\/p>\n\n\n\n<p><strong>Verbandsgemeinde\nOffenbach<\/strong>: 22 Personen (18\ndavon gesundet)<\/p>\n\n\n\n<p><strong>Stadt\nLandau<\/strong>: 72 Personen (58 davon\ngesundet).<\/p>\n\n\n\n<p>Alle ermittelbaren Kontaktpersonen\nwerden \u00fcber die Infektion informiert. <\/p>\n\n\n\n<p>*Eine Person gilt als gesundet und wird aus\nder 14-t\u00e4gigen h\u00e4uslichen Quarant\u00e4ne entlassen, wenn sie 48 Stunden (an Tag 13\nund 14 der h\u00e4uslichen Quarant\u00e4ne) symptomfrei war. Ein erneuter Test findet bei\nPersonen in h\u00e4uslicher Quarant\u00e4ne nicht statt. Diese F\u00e4lle gelten f\u00fcr das\nGesundheitsamt als abgeschlossen. Personen in Gesundheitsberufen dagegen \u2013 etwa\n\u00c4rzte oder Altenpfleger \u2013 werden erst als abgeschlossene F\u00e4lle gez\u00e4hlt, wenn\ndiese einen negativen Abstrich hatten, da diese erst dann wieder arbeiten\nd\u00fcrfen.<\/p>\n\n\n\n<p>Informationen zum Thema Coronavirus finden Sie auf der Homepage des Landkreises: <a href=\"http:\/\/www.suedliche-weinstrasse.de\">www.suedliche-weinstrasse.de<\/a>. \u00a0\u00a0<\/p>\n\n\n\n<p>Das gemeinsame B\u00fcrgertelefon des Landkreises\nS\u00fcdliche Weinstra\u00dfe und der Stadt Landau ist in der Regel montags bis donnerstags, 8:30 bis 12 Uhr und 14\nbis 16&nbsp;Uhr, sowie freitags, 8:30 bis 12 Uhr, unter der Telefonnummer 06341-940 555 erreichbar. Am Wochenende und an gesetzlichen Feiertagen ist das\nB\u00fcrgertelefon derzeit nicht besetzt.<\/p>\n\n\n\n<p><em>Gemeinsame Pressemitteilung der Stadtverwaltung Landau und der Kreisverwaltung S\u00fcdliche Weinstra\u00dfe<br>03.05.2020<\/em><\/p>\n\n\n\n<h2 class=\"wp-block-heading\"><strong>Erreichbarkeit des gemeinsamen B\u00fcrgertelefons des Landkreises S\u00fcdliche Weinstra\u00dfe und der Stadt Landau: Hotline am Wochenende und an gesetzlichen Feiertagen nicht besetzt <\/strong><\/h2>\n\n\n\n<figure class=\"wp-block-image\"><img decoding=\"async\" loading=\"lazy\" width=\"800\" height=\"533\" src=\"https:\/\/speyer24news.com\/wp-content\/uploads\/2020\/05\/Info-21-04-2020-12-Uhr_Hilfenummern.jpg\" alt=\"\" class=\"wp-image-26718\" srcset=\"https:\/\/speyer24news.com\/wp-content\/uploads\/2020\/05\/Info-21-04-2020-12-Uhr_Hilfenummern.jpg 800w, https:\/\/speyer24news.com\/wp-content\/uploads\/2020\/05\/Info-21-04-2020-12-Uhr_Hilfenummern-300x200.jpg 300w, https:\/\/speyer24news.com\/wp-content\/uploads\/2020\/05\/Info-21-04-2020-12-Uhr_Hilfenummern-768x512.jpg 768w\" sizes=\"(max-width: 800px) 100vw, 800px\" \/><\/figure>\n\n\n\n<p>Das gemeinsame B\u00fcrgertelefon des Landkreises\nS\u00fcdliche Weinstra\u00dfe und der Stadt Landau ist in der Regel montags bis donnerstags, 8:30 bis 12 Uhr und 14\nbis 16&nbsp;Uhr, sowie freitags, 8:30 bis 12 Uhr, unter der Telefonnummer 06341-940 555 erreichbar. Am Wochenende und an gesetzlichen Feiertagen ist das\nB\u00fcrgertelefon derzeit nicht besetzt, da das Anrufaufkommen deutlich\nzur\u00fcckgegangen ist.<\/p>\n\n\n\n<p>Informationen zum Thema Coronavirus finden Sie auf der Homepage des Landkreises S\u00fcdliche Weinstra\u00dfe <a href=\"http:\/\/www.suedliche-weinstrasse.de\">www.suedliche-weinstrasse.de<\/a> und auf der Homepage der Stadt Landau <a href=\"http:\/\/www.landau.de\">www.landau.de<\/a>. Bei Fragen zum Coronavirus erhalten Sie Ausk\u00fcnfte ebenfalls beim B\u00fcrgertelefon des Bundesgesundheitsministeriums unter der Telefonnummer <br> <a href=\"tel:030%20346%20465%20100\">030 346 465 100<\/a> und beim B\u00fcrgertelefon der Landesregierung Rheinland-Pfalz unter der Telefonnummer <a href=\"tel:0800%20575%208100\">0800 575 8100<\/a>.<\/p>\n\n\n\n<p><em>Kreisverwaltung S\u00fcdliche Weinstra\u00dfe<\/em><br><em>03.05.2020<\/em><\/p>\n\n\n\n<h2 class=\"wp-block-heading\">Maskenpflicht in Rheinland-Pfalz: Stadt Landau erreichen viele Fragen \u2013 Infos u.a. auf st\u00e4dtischer Internetseite \u2013 Maskenpflicht gilt auch auf dem Wochenmarkt<\/h2>\n\n\n\n<div class=\"wp-block-image\"><figure class=\"aligncenter\"><img decoding=\"async\" loading=\"lazy\" width=\"800\" height=\"533\" src=\"https:\/\/speyer24news.com\/wp-content\/uploads\/2020\/05\/Info-28-04-2020-12-Uhr_Wochenmarkt.jpg\" alt=\"\" class=\"wp-image-26732\" srcset=\"https:\/\/speyer24news.com\/wp-content\/uploads\/2020\/05\/Info-28-04-2020-12-Uhr_Wochenmarkt.jpg 800w, https:\/\/speyer24news.com\/wp-content\/uploads\/2020\/05\/Info-28-04-2020-12-Uhr_Wochenmarkt-300x200.jpg 300w, https:\/\/speyer24news.com\/wp-content\/uploads\/2020\/05\/Info-28-04-2020-12-Uhr_Wochenmarkt-768x512.jpg 768w\" sizes=\"(max-width: 800px) 100vw, 800px\" \/><figcaption>So muss das sein: Auch auf dem Landauer Wochenmarkt gilt Maskenpflicht.<em> (Quelle: Stadt Landau)<\/em><\/figcaption><\/figure><\/div>\n\n\n\n<p>Seit Montag, 27. April, gilt auch in Rheinland-Pfalz die\nMaskenpflicht. Viele Menschen sind aber noch verunsichert, wo und wann sie eine\nMaske tragen m\u00fcssen. Die Stadt Landau hat die FAQ auf ihrer Internetseite um\neinen kurzen Fragenkatalog zur Maskenpflicht erg\u00e4nzt. Dieser findet sich ab\nsofort auf <a href=\"http:\/\/www.landau.de\/corona\">www.landau.de\/corona<\/a>. Die\nwichtigsten Informationen in K\u00fcrze: <\/p>\n\n\n\n<ul><li>Masken m\u00fcssen beim Einkaufen in Gesch\u00e4ften sowie in Bus und Bahn\ngetragen werden. Es wird jedoch dringend empfohlen, sie auch sonst im \u00f6ffentlichen Raum zu tragen.<\/li><\/ul>\n\n\n\n<ul><li>Wer muss keine Maske tragen? Kinder unter\nsechs Jahren sowie Menschen, denen das Tragen aufgrund einer Behinderung oder\nKrankheit nicht zuzumuten ist, sind von der Maskenpflicht ausgenommen. <\/li><\/ul>\n\n\n\n<ul><li>Eine Ausnahme besteht auch f\u00fcr Mitarbeiterinnen und\nMitarbeiter in Gesch\u00e4ften,\nwenn anderweitige Schutzma\u00dfnahmen,\nzum Beispiel Trennvorrichtungen, vorhanden sind.<\/li><\/ul>\n\n\n\n<ul><li>Wo bekomme ich eine Maske? Es gibt auch\n\u201eoffline\u201c ein breites Angebot an Alltagsmasken, etwa in vielen Landauer\nGesch\u00e4ften. Gute Anlaufstelle ist zudem die Landauer Maskenb\u00f6rse unter <a href=\"http:\/\/www.landau.de\/maskenb\u00f6rse\">www.landau.de\/maskenb\u00f6rse<\/a>, die\nvon der Stadt Landau gemeinsam mit dem DRK und ehrenamtlichen N\u00e4herinnen und\nN\u00e4hern um Sabine Gerstner betrieben wird. Sie verteilt kostenlos selbstgen\u00e4hte\nAlltagsmasken, besonders auch an \u00e4ltere und kranke Menschen, die das Haus nicht\nverlassen d\u00fcrfen oder k\u00f6nnen. <\/li><\/ul>\n\n\n\n<ul><li>Die Maskenpflicht erf\u00fcllt aber auch, wer anstelle\neiner Maske einen Schal \u00fcber\nMund und Nase zieht. <\/li><\/ul>\n\n\n\n<ul><li>Ganz wichtig: Das Tragen einer Maske entbindet\nnicht von den beiden wichtigen Regeln Abstand halten und Hygienevorschriften\nbefolgen. <\/li><\/ul>\n\n\n\n<p>Die Einhaltung der Maskenpflicht in Landauer Gesch\u00e4ften,\nBanken, Sparkassen, Apotheken, Tankstellen, Baum\u00e4rkten etc. wird vom\nst\u00e4dtischen Ordnungsamt stichprobenartig kontrolliert. Bislang kam es zu wenigen\nVerst\u00f6\u00dfen. <\/p>\n\n\n\n<p>Die Stadt Landau weist aus gegebenem Anlass aber darauf\nhin, dass die Maskenpflicht laut Landesverordnung auch f\u00fcr den Wochenmarkt\ngilt, obwohl dieser unter freiem Himmel stattfindet. Wer das Marktgel\u00e4nde betritt,\nauch ohne etwas zu kaufen, ist angehalten, zum Schutz der Mitmenschen Mund und\nNase zu bedecken. Ab Samstag, 2. Mai, informieren entsprechende Schilder \u00fcber\ndie Maskenpflicht. <\/p>\n\n\n\n<p>Hilfreiche Links zur Maskenpflicht sind <a href=\"http:\/\/www.corona.rlp.de\">www.corona.rlp.de<\/a>, wo sich u.a. die geltende Landesverordnung findet, sowie <a href=\"http:\/\/www.bfarm.de\">www.bfarm.de<\/a>, die offizielle Seite des Bundesamts f\u00fcr Arzneimittel und Medizinprodukte, mit Tipps zu unterschiedlichen Masken und wie diese benutzt sowie gereinigt werden k\u00f6nnen.<\/p>\n\n\n\n<p><em>Stadtverwaltung Landau in der Pfalz<\/em><br><em>03.05.2020<\/em><\/p>\n\n\n\n<h2 class=\"wp-block-heading\">Nach Lockerungen der Corona-Beschr\u00e4nkungen: Stadt Landau plant kompletten Gremienlauf im Mai und Juni \u2013 Stadtrat, Aussch\u00fcsse und Ortsbeir\u00e4te sollen wieder tagen <\/h2>\n\n\n\n<div class=\"wp-block-image\"><figure class=\"aligncenter\"><img decoding=\"async\" loading=\"lazy\" width=\"800\" height=\"533\" src=\"https:\/\/speyer24news.com\/wp-content\/uploads\/2020\/05\/Info-29-04-2020-12-Uhr_Gremien.jpg\" alt=\"\" class=\"wp-image-26733\" srcset=\"https:\/\/speyer24news.com\/wp-content\/uploads\/2020\/05\/Info-29-04-2020-12-Uhr_Gremien.jpg 800w, https:\/\/speyer24news.com\/wp-content\/uploads\/2020\/05\/Info-29-04-2020-12-Uhr_Gremien-300x200.jpg 300w, https:\/\/speyer24news.com\/wp-content\/uploads\/2020\/05\/Info-29-04-2020-12-Uhr_Gremien-768x512.jpg 768w\" sizes=\"(max-width: 800px) 100vw, 800px\" \/><figcaption>Seit Beginn der Corona-Krise tagt der Landauer Hauptausschuss in geb\u00fchrendem Abstand \u2013 und mit den meisten Stadtratskompetenzen.<em> (Quelle: Stadt Landau) <\/em> <\/figcaption><\/figure><\/div>\n\n\n\n<p>Aufgrund der Corona-Pandemie wurden auch in der Stadt\nLandau s\u00e4mtliche Sitzungen des Stadtrats sowie von Aussch\u00fcssen, Ortsbeir\u00e4ten\nund weiteren Beir\u00e4ten auf ein Minimum reduziert. Der Stadtrat selbst hat seine\nEntscheidungsbefugnis \u2013 soweit gesetzlich zul\u00e4ssig \u2013 auf den kleineren\nHauptausschuss \u00fcbertragen. Nach den ersten von Bund und L\u00e4ndern beschlossenen\nund umgesetzten Lockerungen sollen nun auch erste Schritte zu einer\n\u201eNormalisierung\u201c der Gremienarbeit erfolgen. Wie Oberb\u00fcrgermeister Thomas\nHirsch jetzt mitteilt, soll nach M\u00f6glichkeit vor der sitzungsfreien Zeit ein\nkompletter Gremienlauf erm\u00f6glicht werden. <\/p>\n\n\n\n<h4 class=\"wp-block-heading\">Das bedeutet: <\/h4>\n\n\n\n<p>Am kommenden Dienstag, 5. Mai, tagt zun\u00e4chst noch einmal der\nHauptausschuss mit Stadtratskompetenzen. Die Sitzung beginnt um 17 Uhr im Alten\nKaufhaus unter Leitung von OB Hirsch. Auf der Tagesordnung stehen unter anderem\nder Vorschlag der Verwaltung, in diesem Jahr auf Sondernutzungsgeb\u00fchren f\u00fcr die\ngastronomische Au\u00dfenbewirtung zu verzichten, und die Vorstellung der Ergebnisse\nder sogenannten Modal-Split-Untersuchung zum Verkehrsverhalten. <\/p>\n\n\n\n<p>Am Dienstag, 9. Juni, soll eine weitere\nHauptausschusssitzung folgen, bevor am Dienstag, 23. Juni, erstmals wieder der\nStadtrat tagen soll, aller Wahrscheinlichkeit nach in der Jugendstil-Festhalle,\num die Abstandsregeln f\u00fcr das gr\u00f6\u00dfere Gremium einhalten zu k\u00f6nnen. <\/p>\n\n\n\n<p>Auch die \u00fcbrigen st\u00e4dtischen Aussch\u00fcsse sollen in den\nMonaten Mai und Juni nach M\u00f6glichkeit wieder tagen. Die Ortsbeir\u00e4te sind\nangehalten, vor der \u201eSommerpause\u201c einmal zu einer Sitzung\nzusammentreten.<\/p>\n\n\n\n<p>\u201eUns allen ist daran gelegen, dass die gute Entwicklung,\ndie unsere Stadt in den vergangenen Jahren genommen hat, nicht zum Stillstand\nkommt \u2013 aus diesem Grund m\u00fcssen wir aktuelle Themen und Projekte in Bereichen\nwie Wohnen, Bauen, Klimaschutz und Soziales trotz Corona-Krise behandeln und\nvoranbringen\u201c, wirbt OB Hirsch f\u00fcr eine weitgehende Gremienarbeit unter\nBeachtung der g\u00e4ngigen Abstands- und Hygieneregeln. <\/p>\n\n\n\n<p>Um die Stadtratsfraktionen \u201eup to date\u201c zu halten und\ndiese in aktuelle Entscheidungsprozesse einzubinden, hatte der Stadtchef\nbereits zu Beginn der Corona-Krise regelm\u00e4\u00dfige Telefonkonferenzen mit seinen\nKollegen im Stadtvorstand, den Mitgliedern des \u00c4ltestensrats und den\nOrtsvorsteherinnen und Ortsvorstehern ins Leben gerufen. <\/p>\n\n\n\n<p><em>Stadtverwaltung Landau in der Pfalz<\/em><br><em>03.05.2020<\/em><\/p>\n\n\n\n<h2 class=\"wp-block-heading\">Landau macht A-H-A: Stadt wirbt f\u00fcr Abstand, Hygiene und Alltagsmaske<\/h2>\n\n\n\n<figure class=\"wp-block-image\"><img decoding=\"async\" loading=\"lazy\" width=\"800\" height=\"533\" src=\"https:\/\/speyer24news.com\/wp-content\/uploads\/2020\/05\/Info-21-04-2020-18-Uhr_Maskenb\u00f6rse.jpg\" alt=\"\" class=\"wp-image-26722\" srcset=\"https:\/\/speyer24news.com\/wp-content\/uploads\/2020\/05\/Info-21-04-2020-18-Uhr_Maskenb\u00f6rse.jpg 800w, https:\/\/speyer24news.com\/wp-content\/uploads\/2020\/05\/Info-21-04-2020-18-Uhr_Maskenb\u00f6rse-300x200.jpg 300w, https:\/\/speyer24news.com\/wp-content\/uploads\/2020\/05\/Info-21-04-2020-18-Uhr_Maskenb\u00f6rse-768x512.jpg 768w\" sizes=\"(max-width: 800px) 100vw, 800px\" \/><figcaption><strong>A<\/strong>bstand halten, <strong>H<\/strong>ygieneregeln beachten \u2013 und <strong>A<\/strong>lltagsmaske tragen: So lautet das Gebot der Stunde.<em> (Quelle: Stadt Landau) <\/em> <\/figcaption><\/figure>\n\n\n\n<p>Die Stadt Landau hat auf Initiative von Oberb\u00fcrgermeister\nThomas Hirsch einen Radiospot beim lokalen Radiosender Antenne Landau\ngeschaltet, in dem sie f\u00fcr die Einhaltung der sogenannten A-H-A-Formel wirbt.<\/p>\n\n\n\n<p>\u201eIm Kampf gegen das Corona-Virus hat es Lockerungen gegeben, die uns allen guttun\u201c, sagt OB Hirsch. \u201eAber: Wenn wir die bisher erzielten Erfolge nicht gef\u00e4hrden wollen, m\u00fcssen wir weiter vorsichtig sein \u2013 und R\u00fccksicht auf unsere Mitmenschen nehmen. Das geht ganz einfach, wenn wir uns an die <strong>A-H-A-Formel<\/strong> halten und so gemeinsam uns und andere sch\u00fctzen.\u201c <\/p>\n\n\n\n<ul><li><strong>A<\/strong> steht f\u00fcr Abstand halten.<\/li><li><strong>H<\/strong> steht f\u00fcr Hygieneregeln beachten. <\/li><li><strong>A<\/strong> steht f\u00fcr Alltagsmaske tragen.\u00a0  <\/li><\/ul>\n\n\n\n<p>Alle Informationen zur aktuellen Corona-Lage in Landau finden sich auf der st\u00e4dtischen Internetseite <a href=\"http:\/\/www.landau.de\/corona\">www.landau.de\/corona<\/a>. Wer noch eine Alltagsmaske ben\u00f6tigt, kann sich auf <a href=\"http:\/\/www.landau.de\/maskenb\u00f6rse\">www.landau.de\/maskenb\u00f6rse<\/a> informieren.  <\/p>\n\n\n\n<p><em>Stadtverwaltung Landau in der Pfalz<\/em><br><em>03.05.2020<\/em><\/p>\n\n\n\n<h2 class=\"wp-block-heading\"><strong>Informationen zu den \u00d6ffnungszeiten des\ngemeinsamen Diagnosezentrums der Stadt Landau und des Landkreises S\u00dcW<\/strong><\/h2>\n\n\n\n<p>Die Nachfrage nach Abstrichen am gemeinsamen Diagnosezentrum der Stadt Landau und des Landkreises S\u00fcdliche Weinstra\u00dfe auf dem Alfred-Nobel-Platz in Landau ist weiter zur\u00fcckgegangen. Aus diesem Grund ist das Diagnosezentrum bis auf Weiteres nur noch montags und donnerstags von 16 bis 18 Uhr ge\u00f6ffnet.  An der Teststation in Form eines \u201eDrive-ins\u201c k\u00f6nnen sich nach wie vor Personen mit dem begr\u00fcndeten Verdacht auf eine Infektion mit dem Corona-Virus testen lassen. Wer sich testen lassen will, ben\u00f6tigt weiter eine sogenannte \u201eLabor\u00fcberweisung\u201c von einer \u00c4rztin bzw. einem Arzt, etwa der Haus\u00e4rztin bzw. dem Hausarzt. B\u00fcrgerinnen und B\u00fcrger, die Infekt-Anzeichen und den Verdacht haben, mit dem Corona-Virus infiziert zu sein, k\u00f6nnen auch die zentrale Telefon-Hotline 0800 99 00 400 f\u00fcr Patientinnen und Patienten der Kassen\u00e4rztlichen Vereinigung anrufen, um eine notwendige Vorabkl\u00e4rung zu erm\u00f6glichen. <\/p>\n\n\n\n<p><em>Gemeinsame Pressemitteilung der Stadtverwaltung Landau und der Kreisverwaltung S\u00fcdliche Weinstra\u00dfe<br>03.05.2020<\/em><\/p>\n\n\n\n<h2 class=\"wp-block-heading\">Ab 5. Mai: Landauer Wochenmarkt findet auf Altem Messplatz statt<\/h2>\n\n\n\n<div class=\"wp-block-image\"><figure class=\"aligncenter\"><img decoding=\"async\" loading=\"lazy\" width=\"500\" height=\"625\" src=\"https:\/\/speyer24news.com\/wp-content\/uploads\/2020\/05\/Info-30-04-2020-17-Uhr_Wochenmarkt.jpg\" alt=\"\" class=\"wp-image-26742\" srcset=\"https:\/\/speyer24news.com\/wp-content\/uploads\/2020\/05\/Info-30-04-2020-17-Uhr_Wochenmarkt.jpg 500w, https:\/\/speyer24news.com\/wp-content\/uploads\/2020\/05\/Info-30-04-2020-17-Uhr_Wochenmarkt-240x300.jpg 240w\" sizes=\"(max-width: 500px) 100vw, 500px\" \/><figcaption>Frische und regionale Lebensmittel gibt\u2019s auf dem Landauer Wochenmarkt! <em>(Quelle: Stadt Landau)<\/em><\/figcaption><\/figure><\/div>\n\n\n\n<p>Die ersten Lockerungen der Corona-Beschr\u00e4nkungen greifen,\nweitere sind zu erwarten \u2013 und auch in der Landauer Innenstadt ist wieder\ndeutlich mehr los als in den Wochen zuvor. Aus diesem Grund hat der\nStadtvorstand entschieden, den Wochenmarkt vom Rathausplatz auf den Alten\nMessplatz zu verlegen. Die Regelung greift erstmals am Dienstag, 5. Mai. <\/p>\n\n\n\n<p>Wie Beigeordneter Alexander Grassmann als zust\u00e4ndiger\nDezernent f\u00fcr das st\u00e4dtische B\u00fcro f\u00fcr Tourismus mitteilt, erfolgt die Verlegung\nsowohl dienstags als auch samstags. Die \u00d6ffnungszeiten bleiben bei 7 bis 14\nUhr. \u201eUnser Wochenmarkt ist quasi ein \u00abSupermarkt unter freiem Himmel\u00bb mit\nfrischen und regionalen Produkten. Um die Nahversorgung der Bev\u00f6lkerung zu\ngarantieren, haben wir daher auch in der Corona-Krise an der Durchf\u00fchrung\nfestgehalten \u2013 und werden das selbstverst\u00e4ndlich auch weiterhin tun\u201c, so\nGrassmann. <\/p>\n\n\n\n<p>Der Wochenmarkt wird auf dem Alten Messplatz wesentlich\nweitl\u00e4ufiger aufgebaut als sonst, wenn auf dem Rathausplatz Veranstaltungen\nstattfinden und der Markt verlegt werden muss. Die Stadt Landau sperrt die\nentsprechenden Parkverbotszonen ab. Neu: F\u00fcr Beschickerinnen und Beschicker\nsowie Besucherinnen und Besucher wird ein Toilettenwagen aufgestellt, der auch\nmit einem Waschbecken und Desinfektionsmittel ausgestattet ist. <\/p>\n\n\n\n<p>Wie in der aktuellen Landesverordnung festgelegt, gilt auf\ndem Wochenmarkt Maskenpflicht.<\/p>\n\n\n\n<p><em>Stadtverwaltung Landau in der Pfalz<\/em><br><em>03.05.2020<\/em><\/p>\n\n\n\n<h2 class=\"wp-block-heading\">F\u00fcr eine attraktive Innenstadt: Blumenk\u00e4sten und Pflanzk\u00fcbel am Landauer Rathaus bepflanzt<\/h2>\n\n\n\n<figure class=\"wp-block-image\"><img decoding=\"async\" loading=\"lazy\" width=\"800\" height=\"533\" src=\"https:\/\/speyer24news.com\/wp-content\/uploads\/2020\/05\/Info-30-04-2020-12-Uhr_Rathaus1.jpg\" alt=\"\" class=\"wp-image-26740\" srcset=\"https:\/\/speyer24news.com\/wp-content\/uploads\/2020\/05\/Info-30-04-2020-12-Uhr_Rathaus1.jpg 800w, https:\/\/speyer24news.com\/wp-content\/uploads\/2020\/05\/Info-30-04-2020-12-Uhr_Rathaus1-300x200.jpg 300w, https:\/\/speyer24news.com\/wp-content\/uploads\/2020\/05\/Info-30-04-2020-12-Uhr_Rathaus1-768x512.jpg 768w\" sizes=\"(max-width: 800px) 100vw, 800px\" \/><figcaption>100 Geranien schm\u00fccken ab sofort das Landauer Rathaus. (Quelle: Stadt Landau)<\/figcaption><\/figure>\n\n\n\n<p>In der Landauer Innenstadt ist wieder mehr los: Zeit, dass sich auch das Rathaus f\u00fcr den Fr\u00fchling herausputzt. Hausmeister Gernot Cadorin hat jetzt die Blumenk\u00e4sten und Pflanzk\u00fcbel am Rathaus mit rund 100 Geranien bepflanzt \u2013 in strahlendem Pink, passend zu dem bunten Blumenschmuck, der auch in diesem Jahr dank des Sponsorings der Firma M\u00f6bel Ehrmann die Stra\u00dfenlaternen entlang der Marktstra\u00dfe in den Farben der Landesgartenschau 2015 ziert. <\/p>\n\n\n\n<div class=\"wp-block-image\"><figure class=\"aligncenter\"><img decoding=\"async\" loading=\"lazy\" width=\"800\" height=\"533\" src=\"https:\/\/speyer24news.com\/wp-content\/uploads\/2020\/05\/Info-30-04-2020-12-Uhr_Rathaus2.jpg\" alt=\"\" class=\"wp-image-26741\" srcset=\"https:\/\/speyer24news.com\/wp-content\/uploads\/2020\/05\/Info-30-04-2020-12-Uhr_Rathaus2.jpg 800w, https:\/\/speyer24news.com\/wp-content\/uploads\/2020\/05\/Info-30-04-2020-12-Uhr_Rathaus2-300x200.jpg 300w, https:\/\/speyer24news.com\/wp-content\/uploads\/2020\/05\/Info-30-04-2020-12-Uhr_Rathaus2-768x512.jpg 768w\" sizes=\"(max-width: 800px) 100vw, 800px\" \/><figcaption>Hausmeister Gernot Cadorin bei der Arbeit. <em>(Quelle: Stadt Landau)<\/em><\/figcaption><\/figure><\/div>\n\n\n\n<p>Bei der Pflanzaktion im Rathaus kamen neben rund 700 Litern Blumenerde au\u00dferdem Engelshaar und Buntnesseln zum Einsatz, die bis zum Sp\u00e4therbst die Pflanzt\u00f6pfe im Innenhof schm\u00fccken. F\u00fcr Hausmeister Cadorin hei\u00dft es ab jetzt: Flei\u00dfig gie\u00dfen und d\u00fcngen, damit die Landauerinnen und Landauer m\u00f6glichst lange Freude an der bunten Bl\u00fctenpracht haben, bevor diese dann im November dem traditionellen Tannenschmuck weicht.<\/p>\n\n\n\n<p><em>Stadtverwaltung Landau in der Pfalz<\/em><br><em>03.05.2020<\/em><\/p>\n\n\n\n<h2 class=\"wp-block-heading\">\u201eSupport your local artist\u201c: Digitale Kunstaktion der Metropolregion Rhein-Neckar unterst\u00fctzt regionale K\u00fcnstlerinnen und K\u00fcnstler \u2013 LandauLivestream mit knapp 38.000 Aufrufen bei Facebook und YouTube<\/h2>\n\n\n\n<div class=\"wp-block-image\"><figure class=\"aligncenter\"><img decoding=\"async\" loading=\"lazy\" width=\"800\" height=\"533\" src=\"https:\/\/speyer24news.com\/wp-content\/uploads\/2020\/05\/Info-30-04-2020-12-Uhr_Livestream.jpg\" alt=\"\" class=\"wp-image-26739\" srcset=\"https:\/\/speyer24news.com\/wp-content\/uploads\/2020\/05\/Info-30-04-2020-12-Uhr_Livestream.jpg 800w, https:\/\/speyer24news.com\/wp-content\/uploads\/2020\/05\/Info-30-04-2020-12-Uhr_Livestream-300x200.jpg 300w, https:\/\/speyer24news.com\/wp-content\/uploads\/2020\/05\/Info-30-04-2020-12-Uhr_Livestream-768x512.jpg 768w\" sizes=\"(max-width: 800px) 100vw, 800px\" \/><figcaption>Der LandauLivestream unterst\u00fctzt seit Anfang April regionale K\u00fcnstlerinnen und K\u00fcnstler. <em>(Quelle: Stadt Landau)<\/em><\/figcaption><\/figure><\/div>\n\n\n\n<p>Die Corona-Krise bedroht auch die Existenzen vieler\nfreier, selbstst\u00e4ndiger K\u00fcnstlerinnen und K\u00fcnstler. Um der Kulturszene in der\nMetropolregion Rhein-Neckar unter die Arme zu greifen, haben die Kulturregion\nRhein-Neckar und der Verein Zukunft Metropolregion Rhein-Neckar gemeinsam mit\nweiteren Partnern die digitale Kunstaktion \u201eSupport your local artist\u201c ins\nLeben gerufen. Landaus Oberb\u00fcrgermeister Thomas Hirsch und die Leiterin der\nst\u00e4dtischen Kulturabteilung, Sabine Haas, machen jetzt gemeinsam auf das neue,\n\u00fcberregionale Angebot aufmerksam und ermuntern K\u00fcnstlerinnen und K\u00fcnstler aus\nder S\u00fcdpfalzmetropole, sich an der Aktion zu beteiligen. <\/p>\n\n\n\n<p>\u201eWir freuen uns, dass die Metropolregion diese kreative\nIdee f\u00fcr K\u00fcnstlerinnen- und K\u00fcnstler-Soforthilfe ins Leben gerufen hat und hoffen,\ndass sich auch Landauer Kulturschaffende beteiligen\u201c, so Hirsch und Haas. Bei\n\u201eSupport your local artist\u201c wird vom 12. Mai bis zum 10. Juni t\u00e4glich der\nVideobeitrag einer K\u00fcnstlerin oder eines K\u00fcnstlers auf den Online-Pr\u00e4senzen der\nteilnehmenden Institutionen, Firmen und Medienpartner ver\u00f6ffentlicht. In den\nkurzen Clips stellen die Kulturschaffenden sich und ihre Arbeit aus dem\n\u201ek\u00fcnstlerischen Homeoffice\u201c vor. Noch bis zum 5. Mai k\u00f6nnen sich\nEinzelpersonen(!) aus der Metropolregion Rhein-Neckar, die hauptberuflich als\nselbstst\u00e4ndige K\u00fcnstlerin bzw. K\u00fcnstler arbeiten, bewerben. Welche Clips\ngesendet werden, entscheidet das Los. Nach der Ver\u00f6ffentlichung erhalten die\nK\u00fcnstlerinnen und K\u00fcnstler ein Honorar in H\u00f6he von 500 Euro. Weitere\nInformationen finden sich im Netz unter <a href=\"http:\/\/www.m-r-n.com\/syla\">www.m-r-n.com\/syla<\/a>. <\/p>\n\n\n\n<p>\u201eSupport your local artist(s)\u201c: Unter dieses Motto hat die\nStadt Landau auch ihren LandauLivestream gestellt, der seit Anfang April ebenfalls\ndie regionale Kulturszene unterst\u00fctzt. Immer dienstags, donnerstags und\nsamstags ab 19 Uhr treten K\u00fcnstlerinnen, K\u00fcnstler und Bands in der historischen\nJugendstil-Festhalle auf; die Auftritte werden live in die heimischen Wohnzimmer\ngestreamt. Die Bilanz, die Sabine Haas nach den ersten Wochen zieht, ist\npositiv: \u201eWir durften uns \u00fcber knapp 38.000 Aufrufe bei Facebook und YouTube\nfreuen und auch das Feedback der auftretenden K\u00fcnstlerinnen und K\u00fcnstler ist\ndurchweg positiv.\u201c Der besondere Dank von OB Hirsch und\nKulturabteilungsleiterin Haas gilt dem Technik-Team der Stadtholding Landau in\nder Pfalz GmbH, das bei jedem Auftritt f\u00fcr tolles Setting, Licht und Ton sorge.\n<\/p>\n\n\n\n<p>Das komplette Programm findet sich unter <a href=\"http:\/\/www.landau.de\/landaulivestream\">www.landau.de\/landaulivestream<\/a>;\u00a0 Unterst\u00fctzertickets k\u00f6nnen unter <a href=\"http:\/\/www.ticket-regional.de\/landau-livestream\">www.ticket-regional.de\/landau-livestream<\/a> erworben werden. Die Spenden flie\u00dfen in einen Fonds f\u00fcr die auftretenden K\u00fcnstlerinnen und K\u00fcnstler, die zudem eine Aufwandsentsch\u00e4digung erhalten. <\/p>\n\n\n\n<p>Wer den Livestream verfolgen m\u00f6chte, kann dies auf dem\nst\u00e4dtischen Facebook-Account \u201eStadt Landau in der Pfalz\u201c und dem st\u00e4dtischen\nYouTube-Kanal \u201eStadt Landau in der Pfalz\u201c tun. Alle Auftritte finden sich auch\ndanach noch \u201eon demand\u201c auf Facebook sowie YouTube.<\/p>\n\n\n\n<p><em>Stadtverwaltung Landau in der Pfalz<\/em><br><em>03.05.2020<\/em><\/p>\n\n\n\n<h2 class=\"wp-block-heading\"><strong>VRNnextbike startet in Landau<\/strong><\/h2>\n\n\n\n<h3 class=\"wp-block-heading\"><strong>Stadt erweitert Mobilit\u00e4tsangebot mit umweltfreundlichem Fahrradverleihsystem<\/strong><\/h3>\n\n\n\n<figure class=\"wp-block-image\"><img decoding=\"async\" loading=\"lazy\" width=\"800\" height=\"533\" src=\"https:\/\/speyer24news.com\/wp-content\/uploads\/2020\/05\/Info-VRN-Next-Bike.jpg\" alt=\"\" class=\"wp-image-26737\" srcset=\"https:\/\/speyer24news.com\/wp-content\/uploads\/2020\/05\/Info-VRN-Next-Bike.jpg 800w, https:\/\/speyer24news.com\/wp-content\/uploads\/2020\/05\/Info-VRN-Next-Bike-300x200.jpg 300w, https:\/\/speyer24news.com\/wp-content\/uploads\/2020\/05\/Info-VRN-Next-Bike-768x512.jpg 768w\" sizes=\"(max-width: 800px) 100vw, 800px\" \/><figcaption>Ganz neu in Landau: Die Leihfahrr\u00e4der von VRNnextbike warten unter anderem am Rathaus auf ihre ersten Fahrerinnen und Fahrer. <em>(Quelle: Stadt Landau in der Pfalz)<\/em><\/figcaption><\/figure>\n\n\n\n<p>Auf die R\u00e4der, fertig, los!\nDas \u00f6ffentliche Fahrradverleihsystem VRNnextbike geht jetzt auch in Landau an\nden Start. In Zusammenarbeit mit der Stadt Landau und dem Verkehrsverbund\nRhein-Neckar hat die Firma nextbike in den vergangenen Tagen 14 Rent-by-App Stationen\nmit insgesamt 70 Leihfahrr\u00e4dern in Landau installiert. <\/p>\n\n\n\n<p><em>\u201eWir\nfreuen uns \u00fcber den Start von VRNnextbike in Landau. Mit den neuen\nLeihfahrr\u00e4dern haben Bewohnerinnen und Bewohner sowie<\/em> <em>Besucherinnen und Besucher unserer\nStadt jetzt eine weitere attraktive M\u00f6glichkeit, sich schnell, flexibel und\nklimaschonend durch Landau zu bewegen\u201c, sagt Oberb\u00fcrgermeister Thomas Hirsch.\nMobilit\u00e4tsdezernent Lukas Hartmann erg\u00e4nzt: \u201eDie Installation eines\nLeihfahrradsystems ist ein weiterer Schritt auf unserem Weg f\u00fcr eine\nMobilit\u00e4tswende in Landau. Denn nur mit nutzer- und klimafreundlichen Angeboten\nwie diesem k\u00f6nnen wir mehr Menschen vom Auto aufs Rad bringen und damit f\u00fcr\nmehr Klimaschutz und einen besseren Verkehrsfluss auf unseren Stra\u00dfen sorgen.\u201c\nAuch wenn momentan Corona-bedingt eher wenige Besucherinnen und Besucher den\nWeg nach Landau f\u00e4nden, sei das Leihfahrradsystem daher eine wichtige\nInvestition in die Zukunft, sind sich Hirsch und Hartmann einig.<\/em><\/p>\n\n\n\n<p>VRNnextbike startet in Landau mit Rent-by-App Stationen\nam Hauptbahnhof, am Deutschen Tor, am Rathaus, am Alten Messplatz, an der Universit\u00e4t,\ndem Zoo, der Berufsbildende Schule, dem Danziger Platz, dem Messeparkplatz, am Spiel-\nund Sportcampus, dem S\u00fcdpark, dem Obertorplatz, dem Westbahnhof sowie am\nFreibad. Die entsprechenden Fl\u00e4chen dazu wurden von der Stadt Landau zur\nVerf\u00fcgung gestellt.<\/p>\n\n\n\n<p>\u201eWir haben die Stationen an stark\nfrequentierten st\u00e4dtischen Verkehrsknotenpunkten, oft in unmittelbarer N\u00e4he von\nHaltestellen des \u00d6PNV platziert. Damit wird die Verkn\u00fcpfung von Bus und Bahn\nmit dem Fahrrad erleichtert und stellt einen weiteren Beitrag zum\nMobilit\u00e4tsverbund dar\u201c, erkl\u00e4rt Volkhard Malik, VRN-Gesch\u00e4ftsf\u00fchrer.<\/p>\n\n\n\n<p>Mit dem Start von\nVRNnextbike in Landau w\u00e4chst das Fahrradvermietsystem in der Metropolregion\nRhein-Neckar kontinuierlich weiter. Ausleihen und R\u00fcckgaben sind\nst\u00e4dte\u00fcbergreifend in allen teilnehmenden Kommunen m\u00f6glich.<\/p>\n\n\n\n<p>VRNnextbike ist neben\nLandau auch in Mannheim, Heidelberg, Ludwigshafen, Speyer, Bensheim, B\u00fcrstadt,\nKaiserslautern, Worms, Weinheim, Hockenheim, Heppenheim, Schwetzingen,\nLadenburg, Dossenheim, Heddesheim sowie Lampertheim und Frankenthal verf\u00fcgbar\nund wird weiter ausgebaut.<\/p>\n\n\n\n<p>Die Firma Nextbike, Kooperationspartner\ndes VRN und europ\u00e4ischer Marktf\u00fchrer f\u00fcr Fahrradverleihsysteme, betreibt das System\nin \u00fcber 70&nbsp;deutschen St\u00e4dten und zahlreichen europ\u00e4ischen L\u00e4ndern.<\/p>\n\n\n\n<h4 class=\"wp-block-heading\"><strong>Was\nkostet VRNnextbike \u2013 Tarife<\/strong><\/h4>\n\n\n\n<p>Ab 1. Mai 2020\ngelten f\u00fcr VRNnextbike neue Tarife. Inhaberinnen\nund Inhaber von VRN-Halbjahres- und Jahreskarten sowie Stadtmobil-Kundinnen und\n-Kunden fahren auch weiterhin mit dem VRN+RadCard-Tarif g\u00fcnstiger.<\/p>\n\n\n\n<p>So kostet die\nj\u00e4hrliche Grundgeb\u00fchr 45 Euro und bei jeder Ausleihe ist die erste halbe Stunde\nfrei. Die maximale Tagesgeb\u00fchr kostet 8&nbsp;Euro.<\/p>\n\n\n\n<p>Alle aktuellen Tarife sind unter <a href=\"https:\/\/www.vrnnextbike.de\/de\/preise\/\">https:\/\/www.vrnnextbike.de\/de\/preise\/<\/a> einsehbar.<\/p>\n\n\n\n<figure class=\"wp-block-image\"><img decoding=\"async\" loading=\"lazy\" width=\"600\" height=\"273\" src=\"https:\/\/speyer24news.com\/wp-content\/uploads\/2020\/05\/VRN-Logo.png\" alt=\"\" class=\"wp-image-26738\" srcset=\"https:\/\/speyer24news.com\/wp-content\/uploads\/2020\/05\/VRN-Logo.png 600w, https:\/\/speyer24news.com\/wp-content\/uploads\/2020\/05\/VRN-Logo-300x137.png 300w\" sizes=\"(max-width: 600px) 100vw, 600px\" \/><\/figure>\n\n\n\n<h3 class=\"wp-block-heading\"><strong>Und so funktioniert\u00b4s:<\/strong><\/h3>\n\n\n\n<h4 class=\"wp-block-heading\"><strong>Registrierung<\/strong><\/h4>\n\n\n\n<p>Die einmalige\nRegistrierung kann per Internet unter <a href=\"http:\/\/www.vrnnextbike.de\">www.vrnnextbike.de<\/a>\noder telefonisch per Kundenservice Hotline unter +49 (0) 30 69205046 erfolgen.\nDas Mindestalter f\u00fcr die Nutzung von VRNnextbike ist 16 Jahre.<\/p>\n\n\n\n<h4 class=\"wp-block-heading\"><strong>Download nextbike-APP<\/strong><\/h4>\n\n\n\n<p>Installieren Sie die\nnextbike-App, die in allen bekannten App- Stores verf\u00fcgbar ist. Aktivieren Sie\nIhr Kundenkonto durch Eingabe der Mobilfunknummer und der bei der Registrierung\nzugesandten PIN.<\/p>\n\n\n\n<h4 class=\"wp-block-heading\"><strong>Ausleihe<\/strong><\/h4>\n\n\n\n<p>Zum Ausleihen einfach\nden QR-Code am Rad scannen und das Schloss \u00f6ffnet sich automatisch. Mit einem Account\nk\u00f6nnen bis zu vier Fahrr\u00e4der gleichzeitig ausgeliehen werden. <\/p>\n\n\n\n<h4 class=\"wp-block-heading\"><strong>Parken \u2013 Fahrpause<\/strong><\/h4>\n\n\n\n<p>F\u00fcr eine Fahrtpause\nden Parkmodus in der App ausw\u00e4hlen und das Rad abschlie\u00dfen. Achtung: Die\nFahrtpause wird der Fahrtzeit angerechnet.<\/p>\n\n\n\n<h4 class=\"wp-block-heading\"><strong>R\u00fcckgabe<\/strong><\/h4>\n\n\n\n<p>R\u00e4der k\u00f6nnen nur an\noffiziellen VRNnextbike-Stationen abgegeben werden. Bei Rent-by-App Stationen\nm\u00fcssen R\u00e4der auf der gekennzeichneten Fl\u00e4che oder direkt am Stationsschild abgestellt\nund das jeweilige Rahmenschloss verriegelt werden. Die Ausleihe wird dann automatisch\nbeendet. Bei Stationen mit Terminals schieben Sie das Rad bitte in ein Rack.\nMit dem Signalton wird das Rad verschlossen und die Ausleihe automatisch\nbeendet.<\/p>\n\n\n\n<p><strong>Standorte und Verleihstationen<\/strong> Weitere Informationen und den aktuellen Stationsplan sind erh\u00e4ltlich unter <a href=\"http:\/\/www.vrnnextbike.de\">www.vrnnextbike.de<\/a><\/p>\n\n\n\n<p><em>Text: Verkehrsverbund Rhein-Neckar (VRN) GmbH Foto: Stadt Landau in der Pfalz<br>03.05.2020<\/em><\/p>\n\n\n\n<h2 class=\"wp-block-heading\">Termin um Termin: Landauer B\u00fcrgerb\u00fcro arbeitet mit Hochdruck R\u00fcckst\u00e4nde aus der Corona-bedingten Schlie\u00dfzeit auf<\/h2>\n\n\n\n<div class=\"wp-block-image\"><figure class=\"aligncenter\"><img decoding=\"async\" src=\"https:\/\/speyer24news.com\/wp-content\/uploads\/2020\/05\/Info-29-04-2020-12-Uhr_B\u00fcrgerb\u00fcro.jpg\" alt=\"\" class=\"wp-image-26736\"\/><figcaption>Service hinter Plexiglas: Das B\u00fcrgerb\u00fcro der Stadt Landau, hier Leiterin Angelina Heupel, bietet nach der Corona-bedingten Schlie\u00dfzeit jetzt wieder Vor-Ort-Termine f\u00fcr B\u00fcrgerinnen und B\u00fcrger an.<em> (Quelle: Stadt Landau)<\/em><\/figcaption><\/figure><\/div>\n\n\n\n<p>Ein kleines bisschen Normalit\u00e4t im B\u00fcrgerb\u00fcro der Stadt\nLandau: Seit Montag, 20. April, k\u00f6nnen B\u00fcrgerinnen und B\u00fcrger nach vorheriger\nTerminvereinbarung beispielsweise ihre neuen Ausweisdokumente abholen,\nF\u00fchrungszeugnisse beantragen oder sich ummelden. Mitte der zweiten Woche nach\ndem Neustart zeichnet sich ab: Durch das konsequente Vergeben von Terminen\nwerden die R\u00fcckst\u00e4nde kleiner und die Mitarbeiterinnen und Mitarbeiter des\nB\u00fcrgerb\u00fcros k\u00f6nnen t\u00e4glich zwischen 80 und 100 F\u00e4lle von ihrer To-do-Liste\nstreichen. <\/p>\n\n\n\n<p>Noch w\u00e4hrend der Schlie\u00dfzeit hatten die Mitarbeiterinnen\nund Mitarbeiter schriftlich die B\u00fcrgerinnen und B\u00fcrger informiert, deren\nDokumente zur Abholung bereitliegen und diese um die Vereinbarung eines\nAbholtermins gebeten. Zahlreiche E-Mails mit der Bitte um Kontaktaufnahme\ngingen au\u00dferdem an Landauerinnen und Landauer, die dem B\u00fcrgerb\u00fcro eine\nWohnungsgeberbest\u00e4tigung \u00fcbermittelt hatten. \u201eDie Terminvergabe wird sehr gut\nangenommen und bisher war jeder Tag ausgebucht\u201c, berichtet Leiterin Angelina\nHeupel. \u201eWir achten darauf, dass wir gen\u00fcgend Zeit f\u00fcr die Dienstleistungen\neinplanen und nur an drei Arbeitspl\u00e4tzen gleichzeitig gearbeitet wird.\u201c\nMitarbeiterinnen und Mitarbeiter sowie B\u00fcrgerinnen und B\u00fcrger werden zus\u00e4tzlich\ndurch Plexiglasscheiben voneinander getrennt. \n\nIm B\u00fcrgerb\u00fcro werden wieder\nalle Dienstleistungen wie etwa An- und Ummeldungen, das Beantragen von\nF\u00fchrungszeugnissen oder die Ausstellung von Meldebescheinigungen angeboten.\nTermine k\u00f6nnen unter der Telefonnummer 0 63 41\/13 32 66 vereinbart werden. Die\nServicezeiten sind montags bis mittwochs von 7:30 bis 12:30 Uhr und von 14 bis\n16 Uhr, donnerstags von 8 bis 12:30 Uhr und von 14 bis 18 Uhr, freitags von\n7:30 bis 12:30 Uhr sowie samstags von 8 bis 12 Uhr.\n\n\n\n<\/p>\n\n\n\n<p><em>Stadtverwaltung Landau in der Pfalz<\/em><br><em>03.05.2020<\/em><\/p>\n\n\n\n<h2 class=\"wp-block-heading\">Ein weiteres St\u00fcck Queich erlebbar machen: Klosterbr\u00fcckchen in der Landauer Innenstadt wird neugestaltet \u2013 Historisches Plateau als neuer Aufenthaltsort am Wasser<\/h2>\n\n\n\n<figure class=\"wp-block-image\"><img decoding=\"async\" loading=\"lazy\" width=\"800\" height=\"533\" src=\"https:\/\/speyer24news.com\/wp-content\/uploads\/2020\/05\/Info-29-04-2020-12-Uhr_Klosterbr\u00fcckchen.jpg\" alt=\"\" class=\"wp-image-26735\" srcset=\"https:\/\/speyer24news.com\/wp-content\/uploads\/2020\/05\/Info-29-04-2020-12-Uhr_Klosterbr\u00fcckchen.jpg 800w, https:\/\/speyer24news.com\/wp-content\/uploads\/2020\/05\/Info-29-04-2020-12-Uhr_Klosterbr\u00fcckchen-300x200.jpg 300w, https:\/\/speyer24news.com\/wp-content\/uploads\/2020\/05\/Info-29-04-2020-12-Uhr_Klosterbr\u00fcckchen-768x512.jpg 768w\" sizes=\"(max-width: 800px) 100vw, 800px\" \/><figcaption>\u201eKlein-Venedig\u201c mitten in Landau: Das Klosterbr\u00fcckchen. <em>(Quelle: Stadt Landau)<\/em><\/figcaption><\/figure>\n\n\n\n<p>Schmale G\u00e4sschen, Br\u00fccken \u00fcbers Wasser und der Blick auf\nTeile des historischen Stadtkerns: Was zun\u00e4chst an eine italienische\nLagunenstadt erinnert, haben die Landauerinnen und Landauer direkt vor der\nHaust\u00fcr. Von den G\u00e4stef\u00fchrerinnen und G\u00e4stef\u00fchrern gerne als \u201eKlein-Venedig\u201c\nbezeichnet, hat die Denkmalzone Queichkanal im Herzen Landaus zahlreiche\nmalerische Pl\u00e4tze und Wege zu bieten. Eine besondere Verbindung, die von der\nheutigen Fu\u00dfg\u00e4ngerzone zum Stiftsplatz, dem fr\u00fcheren Marktplatz, f\u00fchrt, ist das\nKlosterbr\u00fcckchen. Nach vielen Jahren im Dornr\u00f6schenschlaf soll der historisch\nbedeutsame Weg \u00fcber die Queich neugestaltet und um einen Aufenthaltsort am\nWasser erg\u00e4nzt werden.<\/p>\n\n\n\n<p>Was kaum jemand wei\u00df: Das bislang begehbare\nKlosterbr\u00fcckchen ist nur ein Teil der barocken bzw. vermutlich eher\nmittelalterlichen Br\u00fccke, die den historischen Stadtkern n\u00f6rdlich der Queich\nmit dem fr\u00fcheren Kloster im Bereich der heutigen Stiftskirchengemeinde verband.\nHinter einer rund zwei Meter hohen Mauer befindet sich ein bisher nicht\nzug\u00e4ngliches Plateau im Eigentum der Stadt, das k\u00fcnftig f\u00fcr B\u00fcrgerinnen und\nB\u00fcrger ge\u00f6ffnet und als attraktiver Aufenthalts- und Verweilbereich direkt am\nWasser gestaltet werden soll. Hierf\u00fcr soll unter anderem die bestehende Mauer\nabgetragen und \u2013 mit zwei Durchg\u00e4ngen versehen \u2013 mit Ziegeln blickdurchl\u00e4ssig\nwiederaufgebaut werden. &nbsp;Zudem sollen Beleuchtungselemente\ninstalliert und B\u00e4nke aufgestellt werden. <\/p>\n\n\n\n<p>Bei der weiteren Gestaltung ist der gr\u00fcne Daumen der\nLandauerinnen und Landauer gefragt: Als begr\u00fcnendes Element sind auf den\nVorspr\u00fcngen der Mauer bunt bepflanzte Blument\u00f6pfe vorgesehen. Bepflanzung und\nPflege k\u00f6nnen in Form von Patenschaften von engagierten B\u00fcrgerinnen und B\u00fcrgern\noder Vereinen \u00fcbernommen werden.<\/p>\n\n\n\n<p>&nbsp;\u201eDie Neugestaltung\ndes Klosterbr\u00fcckchens ist nicht nur eine sch\u00f6ne M\u00f6glichkeit, einen weiteren\nTeil der Queich in unserer Stadt erlebbar zu machen, sondern auch, um ein St\u00fcck\nweit in die Geschichte Landaus einzutauchen\u201c, betont Oberb\u00fcrgermeister Thomas\nHirsch. Gerade mit Blick auf den anstehenden 750. Stadtgeburtstag im Jahr 2024\nsei es spannend, sich auf die Spuren des Mittelalters, die bis heute in der\nStadt sichtbar seien, zu begeben. Aus diesem Grund begr\u00fc\u00dfe er die anstehende\nNeugestaltung des historischen Wegs sehr und freue sich auf die Umsetzung des\nProjekts.<\/p>\n\n\n\n<p>Das Land \u00fcbernimmt 90 Prozent der mit 100.000 Euro\nveranschlagten Kosten der geplanten Neugestaltung. Die Stadt kostet die\nMa\u00dfnahme 10.000 Euro. Baubeginn soll in der zweiten Jahresh\u00e4lfte sein; die\nFertigstellung ist noch f\u00fcr dieses Jahr vorgesehen.<\/p>\n\n\n\n<p><em>Stadtverwaltung Landau in der Pfalz<\/em><br><em>03.05.2020<\/em><\/p>\n\n\n\n<h2 class=\"wp-block-heading\">Gelungener Start f\u00fcr Lebensmittelausgabe von st\u00e4dtischer Streetwork und Mobiler Schulsozialarbeit in Landau<\/h2>\n\n\n\n<div class=\"wp-block-image\"><figure class=\"aligncenter\"><img decoding=\"async\" loading=\"lazy\" width=\"500\" height=\"675\" src=\"https:\/\/speyer24news.com\/wp-content\/uploads\/2020\/05\/Info-29-04-2020-12-Uhr_Lebensmittelausgabe.jpg\" alt=\"\" class=\"wp-image-26734\" srcset=\"https:\/\/speyer24news.com\/wp-content\/uploads\/2020\/05\/Info-29-04-2020-12-Uhr_Lebensmittelausgabe.jpg 500w, https:\/\/speyer24news.com\/wp-content\/uploads\/2020\/05\/Info-29-04-2020-12-Uhr_Lebensmittelausgabe-222x300.jpg 222w\" sizes=\"(max-width: 500px) 100vw, 500px\" \/><figcaption>Streetworkerin Johanna Dreisigacker bei der Premiere der st\u00e4dtischen Lebensmittelausgabe. <em>(Quelle: Stadt Landau)<\/em><\/figcaption><\/figure><\/div>\n\n\n\n<p>Frisches Obst und Gem\u00fcse, Nudeln, Schokolade und Brot:\nDarauf muss in Landau auch in Corona-Zeiten niemand verzichten. Um bed\u00fcrftige\nMenschen mit Lebensmitteln, aber auch Hygieneartikeln und Mundmasken zu\nversorgen, haben die Mitarbeiterinnen der st\u00e4dtischen Streetwork und der\nMobilen Schulsozialarbeit eine Lebensmittelausgabe ins Leben gerufen. Am\nDienstag, 28. April, \u00f6ffneten die beiden Teams erstmals die Hintert\u00fcr des\nHauses der Jugend in der Marktstra\u00dfe zur Verteilung von Lebensmitteln.\nGesch\u00fctzt hinter einer Plexiglasscheibe und ausger\u00fcstet mit Masken reichten sie\nKiste um Kiste mit gespendeten Waren an Bed\u00fcrftige \u2013 und das v\u00f6llig kontaktlos.\n<\/p>\n\n\n\n<p>Das Angebot wurde dankbar angenommen: Etwa 40 Menschen\nstellten sich \u2013 in geb\u00fchrendem Abstand \u2013 in die Schlange im Innenhof der Roten\nKaserne. Wer noch keine Maske dabei hatte, wurde mit selbstgen\u00e4hten Exemplaren,\ndie ebenfalls gespendet worden waren, ausgestattet. Das Fazit der\nInitiatorinnen: Ein gelungener Start, das Konzept der kontaktlosen Lebensmittelausgabe\nfunktioniert und der Dank geht an die Landauerinnen und Landauer f\u00fcr deren\ngro\u00dfe Spendenbereitschaft. <\/p>\n\n\n\n<p>Bis zur \u00d6ffnung der Tafel m\u00f6chten Streetwork und Mobile\nSchulsozialarbeit die Lebensmittelausgabe am Dienstagnachmittag von 16 bis 18\naufrechterhalten. Dabei werden die st\u00e4dtischen Mitarbeiterinnen von der\nFoodsharing-Gruppe Landau und der Tafel unterst\u00fctzt, freuen sich aber auch \u00fcber\nzus\u00e4tzliche Sachspenden. Diese k\u00f6nnen weiterhin montags bis freitags von 9 bis\n17 Uhr in eine Box gelegt werden, die vor dem Eingang des Hauses der Jugend in\nder Waffenstra\u00dfe steht. Spenderinnen und Spender werden gebeten, einfach zu\nklingeln; die Box wird dann geleert. Ben\u00f6tigt werden vor allem haltbare\nLebensmittel wie Nudeln, Reis und Konserven.<\/p>\n\n\n\n<p>F\u00fcr R\u00fcckfragen stehen die beiden Streetworkerinnen Johanna\nDreisigacker unter 01 74\/9 08 93 53 und Nina Sappert unter 01 52\/04 18 89 16\ngerne zur Verf\u00fcgung.<\/p>\n\n\n\n<p><em>Stadtverwaltung Landau in der Pfalz<\/em><br><em>03.05.2020<\/em><\/p>\n\n\n\n<h2 class=\"wp-block-heading\">In der Krise wichtiger denn je: DRK Landau ruft zum Blutspenden auf \u2013 N\u00e4chster Termin am 7. Mai<\/h2>\n\n\n\n<figure class=\"wp-block-image\"><img decoding=\"async\" loading=\"lazy\" width=\"1024\" height=\"681\" src=\"https:\/\/speyer24news.com\/wp-content\/uploads\/2020\/05\/Info-27-04-2020-12-Uhr_Blutspende-1024x681.jpg\" alt=\"\" class=\"wp-image-26731\" srcset=\"https:\/\/speyer24news.com\/wp-content\/uploads\/2020\/05\/Info-27-04-2020-12-Uhr_Blutspende-1024x681.jpg 1024w, https:\/\/speyer24news.com\/wp-content\/uploads\/2020\/05\/Info-27-04-2020-12-Uhr_Blutspende-300x200.jpg 300w, https:\/\/speyer24news.com\/wp-content\/uploads\/2020\/05\/Info-27-04-2020-12-Uhr_Blutspende-768x511.jpg 768w\" sizes=\"(max-width: 1024px) 100vw, 1024px\" \/><figcaption>Erlaubt und erw\u00fcnscht: Blutspenden in Zeiten von Corona. <em>(Quelle: Sebastian Drolshagen)<\/em><\/figcaption><\/figure>\n\n\n\n<p>Ja, man darf \u2013 und man sollte sogar! Viele Menschen sind\nverunsichert, ob sie in der aktuellen Corona-Krise Blut spenden d\u00fcrfen. Der\nKreisverband Landau des Deutschen Roten Kreuzes weist jetzt darauf hin, dass\nBlutspenden trotz der aktuellen Kontaktbeschr\u00e4nkungen ausdr\u00fccklich erlaubt sei.\nUnd nicht nur das: Da die Zahl der Blutspenden zur\u00fcckgegangen ist, der Bedarf\njedoch nicht, werden dringend spendenwillige Menschen gesucht. Der n\u00e4chste\nTermin in Landau findet am Donnerstag, 7. Mai, von 16:30 Uhr bis 20:30 Uhr in\nder Sporthalle des Max-Slevogt-Gymnasiums in der Hindenburgstra\u00dfe 2 statt. <\/p>\n\n\n\n<p>OB Thomas Hirsch, zugleich Landauer DRK-Pr\u00e4sident, ruft\ndie Bev\u00f6lkerung zum Spenden auf. \u201eBitte helfen Sie dabei, dass Menschen, die im\nRahmen ihrer Therapie oder Behandlung auf Blutpr\u00e4parate angewiesen sind, diese\nauch weiterhin bekommen k\u00f6nnen,\u201c so der Appell des Stadtchefs. \u201eWir brauchen diese\nSpenden wirklich dringend\u201c, unterstreicht auch DRK-Kreisgesch\u00e4ftsf\u00fchrerin Tanja\nMelzer. \u201eAllen, die aus Furcht vor einer Ansteckung mit dem Corona-Virus\naktuell von einer Blutspende absehen, kann ich versichern: Die Sicherheit\nunserer Spenderinnen und Spender hat h\u00f6chste Priorit\u00e4t und bei den\nSpende-Terminen werden alle n\u00f6tigen Schutz- und Hygienevorkehrungen\neingehalten\u201c, so die DRK-Chefin weiter.&nbsp; <\/p>\n\n\n\n<p>Weitere Informationen sind im Internet unter <a href=\"http:\/\/www.blutspendedienst-west.de\">www.blutspendedienst-west.de<\/a> zu finden.<\/p>\n\n\n\n<p><em>Text: Deutsches Rotes Kreuz (DRK), Kreisverband Landau Foto: Sebastian Drolshagen<br>03.05.2020<\/em><\/p>\n\n\n\n<h2 class=\"wp-block-heading\">Spenden willkommen: Stadt Landau freut sich \u00fcber Unterst\u00fctzung f\u00fcr neue Lebensmittelausgabe<\/h2>\n\n\n\n<div class=\"wp-block-image\"><figure class=\"aligncenter\"><img decoding=\"async\" loading=\"lazy\" width=\"800\" height=\"533\" src=\"https:\/\/speyer24news.com\/wp-content\/uploads\/2020\/05\/Info-27-04-2020-12-Uhr_Lebensmittel.jpg\" alt=\"\" class=\"wp-image-26730\" srcset=\"https:\/\/speyer24news.com\/wp-content\/uploads\/2020\/05\/Info-27-04-2020-12-Uhr_Lebensmittel.jpg 800w, https:\/\/speyer24news.com\/wp-content\/uploads\/2020\/05\/Info-27-04-2020-12-Uhr_Lebensmittel-300x200.jpg 300w, https:\/\/speyer24news.com\/wp-content\/uploads\/2020\/05\/Info-27-04-2020-12-Uhr_Lebensmittel-768x512.jpg 768w\" sizes=\"(max-width: 800px) 100vw, 800px\" \/><figcaption>Spenden und klingeln: In dieser Box vor dem Haus der Jugend k\u00f6nnen Sachspenden f\u00fcr die neue Landauer Lebensmittelausgabe abgegeben werden.<em> (Quelle: Stadt Landau)<\/em><\/figcaption><\/figure><\/div>\n\n\n\n<p>Die Jugendf\u00f6rderung und die Mobile Schulsozialarbeit der\nStadt Landau haben in der aktuellen Corona-Krise eine Lebensmittelausgabe f\u00fcr\nbed\u00fcrftige Menschen ins Leben gerufen. Erster Termin ist Dienstag, 28. April,\nvon 16 bis 18 Uhr. Der Zugang erfolgt kontaktlos \u00fcber den Innenhof der Roten\nKaserne in der Marktstra\u00dfe.<\/p>\n\n\n\n<p>Die st\u00e4dtischen Mitarbeiterinnen und Mitarbeiter werden\nvon der Foodsharing-Gruppe Landau unterst\u00fctzt, freuen sich aber auch \u00fcber zus\u00e4tzliche\nSachspenden. Diese k\u00f6nnen montags bis freitags von 9 bis 17 Uhr in eine Box\ngelegt werden, die vor dem Eingang des Hauses der Jugend in der Waffenstra\u00dfe\nsteht. Spenderinnen und Spender werden gebeten, einfach zu klingeln! Die Box\nwird dann geleert. Gebraucht werden haltbare Lebensmittel, aber auch\nHygieneartikel und Mundmasken.&nbsp; <\/p>\n\n\n\n<p>F\u00fcr R\u00fcckfragen stehen die beiden Streetworkerinnen Johanna\nDreisigacker unter 01 74\/9 08 93 53 und Nina Sappert unter 01 52\/04 18 89 16\ngerne zur Verf\u00fcgung.<\/p>\n\n\n\n<p><em>Stadtverwaltung Landau in der Pfalz<\/em><br><em>03.05.2020<\/em><\/p>\n\n\n\n<h2 class=\"wp-block-heading\">Landauer Wochenmarkt: Besucherinnen und Besucher werden gebeten, Mund und Nase zu bedecken<\/h2>\n\n\n\n<div class=\"wp-block-image\"><figure class=\"aligncenter\"><img decoding=\"async\" loading=\"lazy\" width=\"800\" height=\"533\" src=\"https:\/\/speyer24news.com\/wp-content\/uploads\/2020\/05\/Info-197-Wochenmarkt-Maskenpflicht.jpg\" alt=\"\" class=\"wp-image-26729\" srcset=\"https:\/\/speyer24news.com\/wp-content\/uploads\/2020\/05\/Info-197-Wochenmarkt-Maskenpflicht.jpg 800w, https:\/\/speyer24news.com\/wp-content\/uploads\/2020\/05\/Info-197-Wochenmarkt-Maskenpflicht-300x200.jpg 300w, https:\/\/speyer24news.com\/wp-content\/uploads\/2020\/05\/Info-197-Wochenmarkt-Maskenpflicht-768x512.jpg 768w\" sizes=\"(max-width: 800px) 100vw, 800px\" \/><figcaption>Der Landauer Wochenmarkt \u2013 hier ein Bild aus Vor-Corona-Zeiten \u2013 dient der Nahversorgung mit frischen und regionalen Lebensmitteln.<em> (Bildquelle: Stadt Landau) <\/em><\/figcaption><\/figure><\/div>\n\n\n\n<p>Ab Montag, 27. April, gilt auch in Rheinland-Pfalz die\nMaskenpflicht beim Einkaufen in Gesch\u00e4ften sowie im \u00d6ffentlichen Nahverkehr,\nalso \u00fcberall dort, wo viele Menschen aufeinandertreffen. Die Stadt Landau\nappelliert an die Besucherinnen und Besucher des Landauer Wochenmarkts, auch\nwenn dieser unter freiem Himmel stattfindet, nach M\u00f6glichkeit Mund und Nase zu\nbedecken. <\/p>\n\n\n\n<p>Der Wochenmarkt findet weiter dienstags und samstags von 7\nbis 14 Uhr auf dem Rathausplatz statt. Samstags kommt ein \u201eentzerrter\u201c Aufbau\nzum Einsatz: Dabei werden der K\u00e4sestand Wissmann und der Fischstand Berger als\ngro\u00dfe Besuchermagneten statt auf dem Rathausplatz auf der Ostseite des Alten\nKaufhauses aufgestellt. Der ebenfalls stark frequentierte Putenstand\nWeilerh\u00f6fer wird vor dem Bekleidungsgesch\u00e4ft \u201eNew Yorker\u201c positioniert. &nbsp;<\/p>\n\n\n\n<p><em>Stadtverwaltung Landau in der Pfalz<\/em><br><em>03.05.2020<\/em><\/p>\n\n\n\n<h2 class=\"wp-block-heading\">Studieren in Zeiten von Corona: Landaus Universit\u00e4tsdezernent Hartmann und st\u00e4dtische Universit\u00e4tsbeauftragte Trippner fordern schnelle und unkomplizierte Unterst\u00fctzung f\u00fcr Studierende<\/h2>\n\n\n\n<div class=\"wp-block-image\"><figure class=\"aligncenter\"><img decoding=\"async\" loading=\"lazy\" width=\"800\" height=\"450\" src=\"https:\/\/speyer24news.com\/wp-content\/uploads\/2020\/05\/Info-24-04-2020-12-Uhr_Uni.jpg\" alt=\"\" class=\"wp-image-26728\" srcset=\"https:\/\/speyer24news.com\/wp-content\/uploads\/2020\/05\/Info-24-04-2020-12-Uhr_Uni.jpg 800w, https:\/\/speyer24news.com\/wp-content\/uploads\/2020\/05\/Info-24-04-2020-12-Uhr_Uni-300x169.jpg 300w, https:\/\/speyer24news.com\/wp-content\/uploads\/2020\/05\/Info-24-04-2020-12-Uhr_Uni-768x432.jpg 768w, https:\/\/speyer24news.com\/wp-content\/uploads\/2020\/05\/Info-24-04-2020-12-Uhr_Uni-678x381.jpg 678w\" sizes=\"(max-width: 800px) 100vw, 800px\" \/><figcaption>Die Universit\u00e4t in Landau mit rund 8.500 Studierenden. <em>(Quelle: Stadt Landau)<\/em><\/figcaption><\/figure><\/div>\n\n\n\n<p>Studierende, die keine finanzielle Unterst\u00fctzung von den\nEltern erhalten und nur wenig oder gar kein Baf\u00f6g, sind auf einen Nebenjob\nangewiesen, um sich \u00fcber Wasser zu halten. Kellnern in Restaurants oder Bars\nsowie Aushilfsjobs im Einzelhandel oder in Freizeiteinrichtungen sind gut mit\ndem Studium vereinbar und bei Studentinnen und Studenten besonders beliebt. Mit\nden notwendigen Einschr\u00e4nkungen zur Eind\u00e4mmung der Corona-Pandemie fallen diese\nNebenjobs f\u00fcr viele Studierende weg \u2013 sie stehen ohne Geld f\u00fcr Miete oder\nLebensunterhalt da. Auch in der Stadt Landau, in der rund 8.500 Studierende ihr\nStudium absolvieren, machen sich die Auswirkungen der Krise deutlich bemerkbar\nund stellen viele Studierende vor gro\u00dfe finanzielle Herausforderungen.\nUniversit\u00e4tsdezernent Lukas Hartmann und die st\u00e4dtische Universit\u00e4tsbeauftragte\nHannah Trippner machen gemeinsam auf die Notsituation der Landauer Studentinnen\nund Studenten aufmerksam und fordern schnelle und unkomplizierte Unterst\u00fctzung.<\/p>\n\n\n\n<p>\u201eBereits jetzt zeichnet sich ab, dass das Geld aus dem\nHilfsfonds des Studierendenwerks Vorderpfalz nicht ausreichen wird, um allen Landauer\nStudierenden in existenziellen N\u00f6ten zu helfen. Wir brauchen darum schnelle\nUnterst\u00fctzung von Bund und Land, damit der Lebensunterhalt der Studierenden\nsichergestellt ist\u201c, so Trippner. Das Angebot zinsfreier Darlehen k\u00f6nne dabei\nnicht die alleinige L\u00f6sung sein. \u201eEs braucht finanzielle Hilfen f\u00fcr\nStudierende, die keine weitere Verschuldung bedeuten.\u201c Darum sei eine \u00d6ffnung\ndes Baf\u00f6gs f\u00fcr alle Studierende erforderlich.<\/p>\n\n\n\n<p>\u201eStudierenden bleibt der Zugang zum sozialen Netz, das\nviele andere Bev\u00f6lkerungsgruppen absichert, verwehrt\u201c, betont Beigeordneter\nHartmann. Weniger als 20 Prozent seien durch Baf\u00f6g oder Stipendien abgesichert,\nw\u00e4hrend der Bezug von Arbeitslosengeld oder Grundsicherung f\u00fcr sie generell\nnicht m\u00f6glich sei. \u201eHier braucht es eine einfache und unkomplizierte L\u00f6sung der\nBundesregierung\u201c, fordert Hartmann. Er verweist au\u00dferdem auf die allgemein\nschwierige Situation der Universit\u00e4t in Landau, deren digitale Infrastruktur\nnicht auf die Fernlehre f\u00fcr 8.500 Studierende ausgelegt sei. \u201eDie Landesregierung\nmuss Geld in die Hand nehmen und in die Digitalisierung der Universit\u00e4ten vor\nOrt investieren. Die Lehre und die Vernetzung in der Forschung darf nicht\nleiden.\u201c<\/p>\n\n\n\n<p>Auch auf die Gefahr der fachlichen Nachteile f\u00fcr die\nStudierenden macht die st\u00e4dtische Universit\u00e4tsbeauftragte Trippner aufmerksam:\n\u201eDie fachlichen Nachteile, die Studierenden entstehen, weil keine Pr\u00e4senzlehre\nstattfinden kann, m\u00fcssen anerkannt werden. Das Z\u00e4hlen des Semesters zur\nRegelstudienzeit in Bezug auf Krankenversicherungen, Baf\u00f6g-Zahlungen etc. ist\ndeshalb ungerecht.\u201c Gleiches gelte f\u00fcr die Vertr\u00e4ge Wissenschaftlicher\nMitarbeiterinnen und Mitarbeiter nach dem Wissenschaftsvertragszeitgesetz und\ndie Qualifizierungszeiten f\u00fcr Doktorandinnen und Doktoranden. Sie unterst\u00fctze\ndarum die Forderung der Studierendenvertretungen in Rheinland-Pfalz nach einer\nbundesweit einheitlichen Regelung mit einem sogenannten \u201eKann-Semester\u201c, das\nau\u00dferhalb der Regelstudienzeit gez\u00e4hlt wird.<\/p>\n\n\n\n<p><em>Stadtverwaltung Landau in der Pfalz<\/em><br><em>03.05.2020<\/em><\/p>\n\n\n\n<h2 class=\"wp-block-heading\"><strong>ESW-Kundencenter in der Industriestra\u00dfe ab Dienstag, 28. April, wieder ge\u00f6ffnet \u2013 Beratung weiterhin auch per E-Mail m\u00f6glich<\/strong><\/h2>\n\n\n\n<div class=\"wp-block-image\"><figure class=\"aligncenter\"><img decoding=\"async\" loading=\"lazy\" width=\"640\" height=\"166\" src=\"https:\/\/speyer24news.com\/wp-content\/uploads\/2020\/05\/Energie-S\u00fcdwest-AG-Logo.png\" alt=\"\" class=\"wp-image-26727\" srcset=\"https:\/\/speyer24news.com\/wp-content\/uploads\/2020\/05\/Energie-S\u00fcdwest-AG-Logo.png 640w, https:\/\/speyer24news.com\/wp-content\/uploads\/2020\/05\/Energie-S\u00fcdwest-AG-Logo-300x78.png 300w\" sizes=\"(max-width: 640px) 100vw, 640px\" \/><\/figure><\/div>\n\n\n\n<p>Die EnergieS\u00fcdwest AG \u00f6ffnet ab Dienstag, 28. April, wieder ihr Kundencenter in der Industriestra\u00dfe. Von 9 bis 13 Uhr (freitags bis 12 Uhr) stehen die Mitarbeiterinnen und Mitarbeiter der ESW dann wieder f\u00fcr die pers\u00f6nliche Beratung zur Verf\u00fcgung. Der Zutritt zum Kundencenter ist zum Schutz der Kundinnen und Kunden sowie der Mitarbeiterinnen und Mitarbeiter allerdings nur mit Mund-Nasen-Schutz m\u00f6glich. Da das Kundencenter nur von jeweils einer Kundin oder einem Kunden betreten werden darf, bittet die EnergieS\u00fcdwest AG um Verst\u00e4ndnis f\u00fcr l\u00e4ngere Wartezeiten. <\/p>\n\n\n\n<p>Die ESW empfiehlt ihren Kundinnen und Kunden f\u00fcr die meisten Anliegen die Beratung per Telefon oder vorzugsweise per E-Mail. Damit ist eine sichere und schnelle Bearbeitung m\u00f6glich. Auf diesen Wegen bleibt der Energieversorger zu den \u00fcblichen Gesch\u00e4ftszeiten von Montag bis Donnerstag von 7:30 Uhr bis 16:30 Uhr sowie freitags von 7:30 Uhr bis 12 Uhr unter der Rufnummer 0 63 41\/28 91 22 sowie per E-Mail an <a href=\"mailto:kundencenter@energie-suedwest.de\">kundencenter@energie-suedwest.de<\/a> erreichbar.<\/p>\n\n\n\n<p><em>EnergieS\u00fcdwest AG<br>03.05.2020<\/em><\/p>\n\n\n\n<h2 class=\"wp-block-heading\"><strong>Corona-Pandemie: Stadt Landau und Landkreis S\u00fcdliche Weinstra\u00dfe sagen Weintage 2020 ab \u2013 Auch Landauer Sommer, Weinfeste in den Landauer Stadtd\u00f6rfern sowie zahlreiche Veranstaltungen an der S\u00fcdlichen Weinstra\u00dfe m\u00fcssen entfallen<\/strong><\/h2>\n\n\n\n<div class=\"wp-block-image\"><figure class=\"aligncenter\"><img decoding=\"async\" src=\"https:\/\/speyer24news.com\/wp-content\/uploads\/2020\/03\/Absage-Veranstaltung-1.jpg\" alt=\"\" class=\"wp-image-25971\"\/><\/figure><\/div>\n\n\n\n<p>Die erforderlichen Kontaktbeschr\u00e4nkungen zur Eind\u00e4mmung der Corona-Pandemie machen die Durchf\u00fchrung von Gro\u00dfveranstaltungen bundesweit bis mindestens 31. August unm\u00f6glich. Die Stadt Landau, der Landkreis S\u00fcdliche Weinstra\u00dfe und die gemeinsame Veranstaltungsgesellschaft mit der Sparkasse S\u00fcdliche Weinstra\u00dfe sagen aus diesem Grund die f\u00fcr den 12. bis 15. Juni geplanten Weintage der S\u00fcdlichen Weinstra\u00dfe in Landau ab. \u201eDer Schutz der Bev\u00f6lkerung muss an erster Stelle stehen und kann bei einer Veranstaltung dieser Art, die ja vom gegenseitigen Austausch und dem Kontakt mit vielen Menschen lebt, nicht gew\u00e4hrleistet werden\u201c, sind sich OB Thomas Hirsch und Landrat Dietmar Seefeldt einig, die die Absage nichtsdestotrotz bedauern. \u201eF\u00fcr uns Pf\u00e4lzerinnen und Pf\u00e4lzer ist das Verbot von Gro\u00dfveranstaltungen bzw. die Absage von traditionellen Festen besonders schmerzhaft, aber leider notwendig\u201c, so die beiden Verwaltungschefs weiter. <\/p>\n\n\n\n<p>Auch die beiden von der gemeinsamen\nVeranstaltungsgesellschaft durchgef\u00fchrten bayerischen Weinfeste auf Schloss\nBlutenburg in M\u00fcnchen und in Landau an der Isar k\u00f6nnen in diesem Jahr nicht\nstattfinden, informieren Hirsch und Seefeldt. <\/p>\n\n\n\n<p>Ebenfalls abgesagt wird der Landauer Sommer,\nder vom 10. bis 12. Juli in der Landauer Innenstadt h\u00e4tte stattfinden sollen,\nsowie in Abstimmung mit den Ortsvorsteherinnen und Ortsvorstehern die Weinfeste\nin den Landauer Stadtd\u00f6rfern. Dies betrifft das Flammkuchenfest in M\u00f6rlheim\nsowie alle Weinkerwen bis auf M\u00f6rlheim. Die Durchf\u00fchrung dieses Fests, das erst\nam 19. und 20. September im Kalender steht, sowie des Landauer Herbstmarkts vom\n12. bis zum 21. September ist noch offen. OB Hirsch und die Vertreterinnen und\nVertreter der Stadtd\u00f6rfer begr\u00fcnden die fr\u00fche Absage der meisten Weinfeste in\nden Stadtd\u00f6rfern auch mit den aufw\u00e4ndigen Vorbereitungen, die vor allem durch\nehrenamtliche Helferinnen und Helfer gestemmt werden. <\/p>\n\n\n\n<p>Auch im Landkreis S\u00fcdliche Weinstra\u00dfe werden zahlreiche Weinfeste und Veranstaltungen bis zum 31. August abgesagt. Eine stets aktuelle \u00dcbersicht findet man unter <a href=\"http:\/\/www.suedlicheweinstrasse.de\/veranstaltungen\">www.suedlicheweinstrasse.de\/veranstaltungen<\/a>. <\/p>\n\n\n\n<p>OB Hirsch und Landrat Seefeldt k\u00fcndigen\nunterdessen an, dass man sich im Juni auf Basis der aktuellen Infektionslage\nnoch einmal zum weiteren Veranstaltungsgeschehen beraten werde. Auch m\u00f6gliche\ndigitale Alternativprogramme sowie ein \u201eNachfeiern\u201c bei neuen Veranstaltungen\nim Herbst werden gepr\u00fcft. <\/p>\n\n\n\n<h4 class=\"wp-block-heading\">Die bisher abgesagten Veranstaltungen im\n\u00dcberblick: <\/h4>\n\n\n\n<ul><li>Landauer Maimarkt 25. April bis 4. Mai <\/li><li>Weintage der S\u00fcdlichen Weinstra\u00dfe 12. bis 15. Juni <\/li><li>Landauer Sommer 10. bis 12. Juli <\/li><li>Weinkerwe in Arzheim 26. bis 29. Juni <\/li><li>Weinkerwe M\u00f6rzheim 17. bis 20. Juli <\/li><li>Flammkuchenfest M\u00f6rlheim 18. bis 19. Juli<\/li><li>Weinkerwe Nu\u00dfdorf 31. Juli bis 4. August<\/li><li>Weinkerwe Godramstein 7. bis 10. August<\/li><li>Weinkerwe Dammheim 14. bis 16. August<\/li><li>Dampfknopp-Kerwe Wollmesheim 21. bis 25. August<\/li><li>Kerwe Queichheim 4. bis 7. September<\/li><li>Weinfest in Landau an der Isar 21. bis 24. Mai Weinfest der S\u00fcdlichen Weinstra\u00dfe auf Schloss Blutenburg in M\u00fcnchen 21. bis 24. Mai <\/li><\/ul>\n\n\n\n<p><em>Gemeinsame Pressemitteilung der Stadt Landau und der Landkreis S\u00fcdliche Weinstra\u00dfe<br>03.05.2020<\/em><\/p>\n\n\n\n<h2 class=\"wp-block-heading\"><strong>Die Volkshochschule nach Hause holen: Kostenloses Webinar-Angebot bei der VHS Landau<\/strong><\/h2>\n\n\n\n<div class=\"wp-block-image\"><figure class=\"aligncenter\"><img decoding=\"async\" loading=\"lazy\" width=\"600\" height=\"315\" src=\"https:\/\/speyer24news.com\/wp-content\/uploads\/2020\/05\/VHS-Landau-Logo.png\" alt=\"\" class=\"wp-image-26726\" srcset=\"https:\/\/speyer24news.com\/wp-content\/uploads\/2020\/05\/VHS-Landau-Logo.png 600w, https:\/\/speyer24news.com\/wp-content\/uploads\/2020\/05\/VHS-Landau-Logo-300x158.png 300w\" sizes=\"(max-width: 600px) 100vw, 600px\" \/><\/figure><\/div>\n\n\n\n<p>In der kontaktlosen Zeit muss die Bildung nicht auf\nder Strecke bleiben: Die VHS Landau in der Pfalz bietet aus dem Angebot des\nLandesverbands in Zusammenarbeit mit der Hanns-Seidel-Stiftung, der Kursbuch\nKulturstiftung und dem Goethe-Institut verschiedene kostenlose Webinare an. <\/p>\n\n\n\n<p>Bereits am Freitag, 24. April, finden die Online-Seminare\n\u201eWas ist Antisemitismus? Ein \u00dcberblick \u00fcber aktuelle Formen der Judenfeindschaft\u201c\nund \u201eLesung in italienischer Sprache live aus Florenz: Lettera Eichmann\u201c statt.\n\u201eKein Ende der Gewalt? Wie kann eine Friedensethik im 21. Jahrhundert\naussehen?\u201c ist Thema am Dienstag, 28. April. <\/p>\n\n\n\n<p>Auf dem Programm im Mai stehen \u201eAuf der Suche nach\nEindeutigkeit. Wie die Flucht vor Ambiguit\u00e4t Gesellschaft und Kultur ver\u00e4ndert\u201c\nam Donnerstag, 7. Mai, \u201eGerd M\u00fcller oder Wie das gro\u00dfe Geld in den Fu\u00dfball kam\u201c\nam Montag, 18. Mai, sowie \u201eBrasilien: Die Zerst\u00f6rung der Demokratie unter Jair\nBolsonaro\u201c am Mittwoch, 27. Mai. Im Juni k\u00f6nnen sich Interessierte auf die\nWebinare \u201eHerrschaft der Dinge. Eine neue Geschichte des Konsums und ein Blick\nauf morgen\u201c, am Dienstag, 2. Juni, und \u201eDer Code der Macht: Wer beherrscht den\ndigitalen Raum?\u201c am Donnerstag, 25. Juni, freuen.<\/p>\n\n\n\n<p><strong>Weitere Infos und Anmeldung unter Tel. 0 63 41\/13 49 92 oder \u00fcber die Internetseite <a href=\"http:\/\/www.volkshochschule-landau.de\">www.volkshochschule-landau.de<\/a>.<\/strong><\/p>\n\n\n\n<p><em>Volkshochschule (VHS) Landau<br>03.05.2020<\/em><\/p>\n\n\n\n<h2 class=\"wp-block-heading\">Baustelle am Sportzentrum West in Landau: Kunstrasenplatz nimmt Gestalt an<\/h2>\n\n\n\n<div class=\"wp-block-image\"><figure class=\"aligncenter\"><img decoding=\"async\" loading=\"lazy\" width=\"800\" height=\"450\" src=\"https:\/\/speyer24news.com\/wp-content\/uploads\/2020\/05\/Info-23-04-2020-12-Uhr_Jahnsportplatz.jpg\" alt=\"\" class=\"wp-image-26725\" srcset=\"https:\/\/speyer24news.com\/wp-content\/uploads\/2020\/05\/Info-23-04-2020-12-Uhr_Jahnsportplatz.jpg 800w, https:\/\/speyer24news.com\/wp-content\/uploads\/2020\/05\/Info-23-04-2020-12-Uhr_Jahnsportplatz-300x169.jpg 300w, https:\/\/speyer24news.com\/wp-content\/uploads\/2020\/05\/Info-23-04-2020-12-Uhr_Jahnsportplatz-768x432.jpg 768w, https:\/\/speyer24news.com\/wp-content\/uploads\/2020\/05\/Info-23-04-2020-12-Uhr_Jahnsportplatz-678x381.jpg 678w\" sizes=\"(max-width: 800px) 100vw, 800px\" \/><figcaption>Eine aktuelle Luftaufnahme der Sporthalle West und des angrenzenden Jahnsportsplatzes. <em>(Quelle: Stadt Landau)<\/em><\/figcaption><\/figure><\/div>\n\n\n\n<p>Hier kann k\u00fcnftig auf Kork gekickt werden: Die Arbeiten\nf\u00fcr den Kunstrasenplatz am Sportzentrum West in Landau schreiten voran. Wie das\nst\u00e4dtische Geb\u00e4udemanagement mitteilt, wurde jetzt die elastische Tragschicht\nauf den neuen Platz aufgebracht. N\u00e4chster gro\u00dfer Schritt ist nun der\neigentliche Kunstrasen, der ab Mitte Mai verlegt werden soll. \n\nDer Kunstrasenplatz\nentsteht aktuell auf dem Gel\u00e4nde des Jahnsportplatzes und in unmittelbarer N\u00e4he\nzur im Bau befindlichen Sporthalle West. Die Fertigstellung ist f\u00fcr Sommer\ndieses Jahres vorgesehen. Die Stadt hatte den Bau des Kunstrasenplatzes\nzun\u00e4chst auch ohne Landes- oder Bundesf\u00f6rderung stemmen wollen; vor wenigen\nWochen kam aber die frohe Kunde aus Berlin, dass sich die s\u00fcdpf\u00e4lzische\nMetropole und Sportstadt \u00fcber F\u00f6rdergelder in H\u00f6he von 1,4 Millionen Euro f\u00fcr\ndie Sporthalle West und den Kunstrasenplatz freuen darf.\n\n\n\n<\/p>\n\n\n\n<p><em>Stadtverwaltung Landau in der Pfalz<\/em><br><em>03.05.2020<\/em><\/p>\n\n\n\n<h2 class=\"wp-block-heading\">Stadt Landau bereitet sich auf m\u00f6gliche Lockerungen f\u00fcr Gastronomie vor \u2013 Stadtvorstand will auf Sondernutzungsgeb\u00fchren f\u00fcr Au\u00dfenbewirtung verzichten und Inanspruchnahme \u00f6ffentlicher Fl\u00e4chen erm\u00f6glichen<\/h2>\n\n\n\n<div class=\"wp-block-image\"><figure class=\"aligncenter\"><img decoding=\"async\" loading=\"lazy\" width=\"500\" height=\"750\" src=\"https:\/\/speyer24news.com\/wp-content\/uploads\/2020\/05\/Info-23-04-2020-12-Uhr_Gastro.jpg\" alt=\"\" class=\"wp-image-26724\" srcset=\"https:\/\/speyer24news.com\/wp-content\/uploads\/2020\/05\/Info-23-04-2020-12-Uhr_Gastro.jpg 500w, https:\/\/speyer24news.com\/wp-content\/uploads\/2020\/05\/Info-23-04-2020-12-Uhr_Gastro-200x300.jpg 200w\" sizes=\"(max-width: 500px) 100vw, 500px\" \/><figcaption>Noch macht die Gastronomie auf dem Landauer Rathausplatz Zwangspause. <em>(Quelle: Stadt Landau)<\/em><\/figcaption><\/figure><\/div>\n\n\n\n<p>Sollte es in n\u00e4chster Zeit auch zu Lockerungen f\u00fcr gastronomische\nBetriebe kommen, will die Stadt Landau ger\u00fcstet sein: OB Thomas Hirsch teilt\njetzt mit, dass der Stadtvorstand sich grunds\u00e4tzlich daf\u00fcr ausgesprochen habe,\nGastronomiebetrieben dann bei der Inanspruchnahme von Fl\u00e4chen im \u00f6ffentlichen Raum\nm\u00f6glichst weit entgegenzukommen, um so das Abstandsgebot f\u00fcr die Betriebe gut\neinhalten zu k\u00f6nnen. Au\u00dferdem will der Stadtvorstand dem Hauptausschuss\nempfehlen, in dieser Sommersaison auf Sondernutzungsgeb\u00fchren f\u00fcr gastronomische\nAu\u00dfenbewirtung zu verzichten. Eine entsprechende Sitzungsvorlage soll am 5. Mai\nin den Hauptausschuss eingebracht werden.<\/p>\n\n\n\n<p>\u00dcber m\u00f6gliche Lockerungen f\u00fcr die Gastronomie wird\nfr\u00fchestens in der Bund-L\u00e4nder-Schalte in der kommenden Woche diskutiert. Sollte\nes zur \u00d6ffnung von weiteren Unternehmen wie beispielsweise der Gastronomie\nkommen, d\u00fcrfe dies nicht dar\u00fcber hinwegt\u00e4uschen, dass die Infektionsgefahr\nweiter bestehe, macht der Landauer Stadtvorstand deutlich. Abstand, Hygiene und\nAlltagsmasken seien gem\u00e4\u00df der sogenannten \u201eAHA-Formel\u201c in n\u00e4chster Zeit\nerforderlich, um Vorsicht und R\u00fccksicht walten zu lassen.<\/p>\n\n\n\n<p>\u201eDas Corona-Virus und die Infektionslage wird unsere\nInnenstadt ver\u00e4ndern\u201c, so die Landauer Stadtspitze in einer gemeinsamen\nErkl\u00e4rung. Man bitte die Bev\u00f6lkerung um ein umsichtiges und\nverantwortungsvolles Umgehen mit den Erleichterungen, die nach den wochenlangen\nEinschr\u00e4nkungen nun m\u00f6glich gemacht worden seien. <\/p>\n\n\n\n<p>Bei Aufbauten und Abl\u00e4ufen in der Stadt k\u00f6nne es zuk\u00fcnftig\nzu Interessenkollisionen kommen, wenn es darum gehe, Abst\u00e4nde einhalten zu\nk\u00f6nnen und Personenstr\u00f6me zu steuern. Deswegen will der Stadtvorstand unter der\nKoordination von Beigeordnetem Alexander Grassmann mit den zust\u00e4ndigen\nFachbereichen wie Ordnungsbeh\u00f6rde, Stadtbauamt, B\u00fcro f\u00fcr Tourismus,\nWirtschaftsf\u00f6rderung oder auch Brandschutz diskutieren, welche neuralgischen\nPunkte oder unterschiedlichen Interessenslagen sich mit zunehmender \u00f6ffentlicher\nFrequenz in der Innenstadt ergeben k\u00f6nnten.<\/p>\n\n\n\n<p><em>Stadtverwaltung Landau in der Pfalz<\/em><br><em>03.05.2020<\/em><\/p>\n\n\n\n<h2 class=\"wp-block-heading\">Alltagsheldinnen und -helden der Corona-Krise: Landaus OB Hirsch dankt Reinigungskr\u00e4ften in den Verwaltungsgeb\u00e4uden f\u00fcr besonderen Einsatz<\/h2>\n\n\n\n<div class=\"wp-block-image\"><figure class=\"aligncenter\"><img decoding=\"async\" loading=\"lazy\" width=\"500\" height=\"683\" src=\"https:\/\/speyer24news.com\/wp-content\/uploads\/2020\/05\/Info-21-04-2020-18-Uhr_Dankesch\u00f6n.jpg\" alt=\"\" class=\"wp-image-26723\" srcset=\"https:\/\/speyer24news.com\/wp-content\/uploads\/2020\/05\/Info-21-04-2020-18-Uhr_Dankesch\u00f6n.jpg 500w, https:\/\/speyer24news.com\/wp-content\/uploads\/2020\/05\/Info-21-04-2020-18-Uhr_Dankesch\u00f6n-220x300.jpg 220w\" sizes=\"(max-width: 500px) 100vw, 500px\" \/><figcaption>Als kleines Dankesch\u00f6n: Landaus OB Hirsch hat dem Reinigungspersonal im Rathaus Geschenkboxen mit Landauer Spezialit\u00e4ten zukommen lassen.<em> (Quelle: Stadt Landau)<\/em><\/figcaption><\/figure><\/div>\n\n\n\n<p>Ob die \u00c4rztin oder der Pfleger, die jeden Tag f\u00fcr unsere\nGesundheit k\u00e4mpfen, der LKW-Fahrer, der dringend ben\u00f6tigte Dinge des\nallt\u00e4glichen Lebens von A nach B transportiert, oder das Supermarkt-Personal,\ndas die leer gekauften Regale schnell wieder auff\u00fcllt: In der aktuellen\nCorona-Krise gibt es zahlreiche Menschen, die sich in besonderem Ma\u00dfe f\u00fcr die\nGesellschaft einsetzen. Zu den Alltagsheldinnen und -helden z\u00e4hlen ganz\nbesonders auch die Reinigungskr\u00e4fte, die jeden Tag im Kampf gegen das Virus f\u00fcr\nHygiene und Sauberkeit sorgen. <\/p>\n\n\n\n<p>Als Zeichen des Danks und der Anerkennung lie\u00df Landaus OB\nThomas Hirsch dem Reinigungspersonal im Rathaus jetzt stellvertretend f\u00fcr alle\nRaumpflegerinnen und Raumpfleger Geschenkboxen mit Landauer Spezialit\u00e4ten zukommen.\n\u201eDie B\u00f6den sind gewischt, die Abfalleimer geleert und die Arbeitspl\u00e4tze\ndesinfiziert: Was schon im normalen Arbeitsalltag von gro\u00dfer Bedeutung ist, ist\nin Corona-Zeiten wichtiger denn je\u201c, betont der Stadtchef. \u201eUnsere\nReinigungskr\u00e4fte sind es, die den Laden gemeinsam mit vielen anderen Menschen\nin verschiedenen Bereichen am Laufen halten \u2013 daf\u00fcr m\u00f6chte ich meine besondere Wertsch\u00e4tzung\nzum Ausdruck bringen.\u201c<\/p>\n\n\n\n<p><em>Stadtverwaltung Landau in der Pfalz<\/em><br><em>03.05.2020<\/em><\/p>\n\n\n\n<h2 class=\"wp-block-heading\">Mit Nadel und Faden, Stoff, Gummiband und viel ehrenamtlichem Engagement gegen das Corona-Virus: So funktioniert die Landauer Maskenb\u00f6rse<\/h2>\n\n\n\n<div class=\"wp-block-image\"><figure class=\"aligncenter\"><img decoding=\"async\" loading=\"lazy\" width=\"800\" height=\"533\" src=\"https:\/\/speyer24news.com\/wp-content\/uploads\/2020\/05\/Info-21-04-2020-18-Uhr_Maskenb\u00f6rse.jpg\" alt=\"\" class=\"wp-image-26722\" srcset=\"https:\/\/speyer24news.com\/wp-content\/uploads\/2020\/05\/Info-21-04-2020-18-Uhr_Maskenb\u00f6rse.jpg 800w, https:\/\/speyer24news.com\/wp-content\/uploads\/2020\/05\/Info-21-04-2020-18-Uhr_Maskenb\u00f6rse-300x200.jpg 300w, https:\/\/speyer24news.com\/wp-content\/uploads\/2020\/05\/Info-21-04-2020-18-Uhr_Maskenb\u00f6rse-768x512.jpg 768w\" sizes=\"(max-width: 800px) 100vw, 800px\" \/><figcaption>Die Landauer Maskenb\u00f6rse f\u00fcr selbstgen\u00e4hte Mundmasken ist gestartet. <em>(Quelle: Stadt Landau)<\/em><\/figcaption><\/figure><\/div>\n\n\n\n<p>Was macht man mit einem St\u00fcck Baumwollstoff und zwei\nStreifen Gummiband? Richtig, man n\u00e4ht daraus einen Mund-Nasen-Schutz. Viele\nEhrenamtliche sind zurzeit besonders flei\u00dfig, um m\u00f6glichst viele Menschen mit\nSchutzmasken gegen die weitere Verbreitung des Corona-Virus auszur\u00fcsten. Die\nStadt Landau, der hiesige DRK-Kreisverband und die ehrenamtlichen Helferinnen\nund Helfer um die Landauerin Sabine Gerstner unterst\u00fctzen dieses Engagement mit\neiner Maskenb\u00f6rse, die daf\u00fcr sorgt, dass das entsprechende Material zu den\nN\u00e4herinnen und N\u00e4hern und die fertigen Masken an die Frau bzw. den Mann\ngebracht werden. <\/p>\n\n\n\n<p>\u201eIch bin froh und dankbar, dass sich so viele Menschen\nehrenamtlich engagieren und ihr K\u00f6nnen an der N\u00e4hmaschine in den Dienst der\nAllgemeinheit stellen\u201c, sagt OB Thomas Hirsch. \u201eMit unserem\nUnterst\u00fctzungsangebot hoffen wir, allen B\u00fcrgerinnen und B\u00fcrgern unserer Stadt\nden Zugang zu dieser wichtigen Schutzma\u00dfnahme gegen das Corona-Virus zu\nerm\u00f6glichen,\u201c so der Stadtchef mit Blick auf die bevorstehende Maskenpflicht. <\/p>\n\n\n\n<h4 class=\"wp-block-heading\">Und so funktioniert die ehrenamtliche Landauer\nMaskenb\u00f6rse:<\/h4>\n\n\n\n<p>Vor der DRK-Gesch\u00e4ftsstelle, Am alten G\u00fcterbahnhof 5,\nsteht eine gekennzeichnete Tonne f\u00fcr Materialspenden. Dort k\u00f6nnen Spenderinnen\nund Spender d\u00fcnne, reine Baumwollstoffe, die bis 90 Grad waschbar sind, sowie\nGummib\u00e4nder mit einer Breite von 5 bis 7 Millimetern abgeben.<\/p>\n\n\n\n<p>Das abgegebene Material wird vom DRK immer dienstags und donnerstags zwischen 8 und 9:30 Uhr an freiwillige N\u00e4herinnen und N\u00e4her verteilt, die sich vorher per E-Mail an <a href=\"info@drk-landau.de\">info@drk-landau.de<\/a> angemeldet haben. <\/p>\n\n\n\n<p>Ansprechpartnerin f\u00fcr fertige Masken ist Sabine Gerstner.\nSie koordiniert sowohl deren Annahme als auch die Ausgabe. Gerstner ist \u00fcber\ndie Facebook-Gruppe \u201eMundmasken S\u00fcdpfalz\/NW\/VG Lambrecht\u201c oder telefonisch\nunter 01 76\/20 64 91 80 erreichbar. Aus organisatorischen Gr\u00fcnden kann derzeit\nallerdings nur eine Maske pro Privatperson ausgegeben werden.<\/p>\n\n\n\n<p>Weitere Informationen sowie eine Anleitung f\u00fcr eine\nMund-Nasen-Bedeckung gibt es auf der st\u00e4dtischen Internetseite unter <a href=\"http:\/\/www.landau.de\/maskenboerse\">www.landau.de\/maskenboerse<\/a>.<\/p>\n\n\n\n<p><em>Stadtverwaltung Landau in der Pfalz<\/em><br><em>03.05.2020<\/em><\/p>\n\n\n\n<h2 class=\"wp-block-heading\"><strong>OB Thomas Hirsch und Landr\u00e4te Dr. Fritz Brechtel und Dietmar Seefeldt begr\u00fc\u00dfen Maskenpflicht in Rheinland-Pfalz <\/strong><\/h2>\n\n\n\n<div class=\"wp-block-image\"><figure class=\"aligncenter\"><img decoding=\"async\" loading=\"lazy\" width=\"800\" height=\"583\" src=\"https:\/\/speyer24news.com\/wp-content\/uploads\/2020\/03\/respirator-4945550_1920.jpg\" alt=\"\" class=\"wp-image-25938\" srcset=\"https:\/\/speyer24news.com\/wp-content\/uploads\/2020\/03\/respirator-4945550_1920.jpg 800w, https:\/\/speyer24news.com\/wp-content\/uploads\/2020\/03\/respirator-4945550_1920-300x219.jpg 300w, https:\/\/speyer24news.com\/wp-content\/uploads\/2020\/03\/respirator-4945550_1920-768x560.jpg 768w\" sizes=\"(max-width: 800px) 100vw, 800px\" \/><\/figure><\/div>\n\n\n\n<p>Aus der dringenden Empfehlung wird nun eine Pflicht: In Rheinland-Pfalz gilt vom kommenden Montag an f\u00fcr den \u00f6ffentlichen Nahverkehr und Eink\u00e4ufe in Gesch\u00e4ften die Pflicht zum Tragen einer Maske. Die Landr\u00e4te Dr. Fritz Brechtel und Dietmar Seefeldt sowie Oberb\u00fcrgermeister Thomas Hirsch hatten sich bereits Anfang April f\u00fcr das Tragen eines einfachen Mund-Nasen-Schutzes in der \u00d6ffentlichkeit ausgesprochen.  Die Verwaltungschefs begr\u00fc\u00dfen nun die Ma\u00dfnahme des Landes, denn schon ein einfacher Mund-Nasen-Schutz kann ausreichen, um Tr\u00f6pfchen, die beispielsweise beim Husten oder Niesen ausgesto\u00dfen werden, abzufangen und damit den N\u00e4chsten nicht zu infizieren. Mit der Maskenpflicht geht ausdr\u00fccklich kein medizinischer Mundschutz einher, es gen\u00fcge ein Schal, Tuch oder eine selbst gemachte oder gekaufte Stoffmaske:\u00a0\u201eEs geht dabei vor allem um den Schutz der Personen in unserem Umfeld. In diesen Zeiten ist das Tragen einer Alltagsmaske ein Symbol der Verantwortung; es zeigt, dass wir aufeinander Acht geben und alles tun, um die Folgen der Corona-Pandemie einzud\u00e4mmen. Wenn jeder von uns alle machbaren Schutzma\u00dfnahmen einh\u00e4lt, k\u00f6nnen wir gemeinsam die Verbreitung des Virus verlangsamen und damit viele Infektionen verhindern. Insbesondere wenn wir uns an Pl\u00e4tzen bewegen, die das Distanzwahren nicht erm\u00f6glichen, wie beim Einkaufen oder im \u00d6PNV, ergibt ein Mund-Nasen-Schutz Sinn.\u201c Man d\u00fcrfe das Erreichte jetzt nicht leichtfertig aufs Spiel setzen, es gehe um die\u00a0 Gesundheit aller, betonten Brechtel, Seefeldt und Hirsch abschlie\u00dfend. <\/p>\n\n\n\n<p><em>Gemeinsame Pressemitteilung der Stadt Landau sowie der Landkreise S\u00fcdliche Weinstra\u00dfe und Germersheim<br>03.05.2020<\/em><\/p>\n\n\n\n<h2 class=\"wp-block-heading\">Ab sofort immer dienstags: Jugendf\u00f6rderung und Mobile Schulsozialarbeit der Stadt Landau starten Lebensmittelausgabe f\u00fcr Bed\u00fcrftige<\/h2>\n\n\n\n<figure class=\"wp-block-image\"><img decoding=\"async\" loading=\"lazy\" width=\"600\" height=\"600\" src=\"https:\/\/speyer24news.com\/wp-content\/uploads\/2020\/05\/Info-21-04-2020-12-Uhr_Lebensmittelausgabe.png\" alt=\"\" class=\"wp-image-26721\" srcset=\"https:\/\/speyer24news.com\/wp-content\/uploads\/2020\/05\/Info-21-04-2020-12-Uhr_Lebensmittelausgabe.png 600w, https:\/\/speyer24news.com\/wp-content\/uploads\/2020\/05\/Info-21-04-2020-12-Uhr_Lebensmittelausgabe-150x150.png 150w, https:\/\/speyer24news.com\/wp-content\/uploads\/2020\/05\/Info-21-04-2020-12-Uhr_Lebensmittelausgabe-300x300.png 300w\" sizes=\"(max-width: 600px) 100vw, 600px\" \/><figcaption>Am Dienstag, 28. April, starten die Jugendf\u00f6rderung und die Mobile Schulsozialarbeit der Stadt Landau ihre Lebensmittelausgabe f\u00fcr bed\u00fcrftige Menschen.<em> (Quelle: Stadt Landau)<\/em><\/figcaption><\/figure>\n\n\n\n<p>Die Jugendf\u00f6rderung und die Mobile Schulsozialarbeit der\nStadt Landau wollen in der aktuellen Corona-Krise einen Beitrag zur\nExistenzsicherung und Lebensmittelversorgung f\u00fcr Bed\u00fcrftige leisten. Ab\nDienstag, 28. April, bieten die st\u00e4dtischen Teams eine Lebensmittelausgabe im Haus\nder Jugend an. <\/p>\n\n\n\n<p>Der Zugang erfolgt \u00fcber den Innenhof der Roten Kaserne in\nder Marktstra\u00dfe. Von 16 bis 18 Uhr verteilen Mitarbeiterinnen der Jugendf\u00f6rderung\nund der Mobilen Schulsozialarbeit haltbare Lebensmittel, Obst und Gem\u00fcse sowie\nBackwaren und nach M\u00f6glichkeit Hygieneartikel. Die Spenden werden in Zusammenarbeit\nmit der Foodsharing-Gruppe Landau ans Haus der Jugend geliefert, dort von den\nMitarbeiterinnen des Jugendamtes gerichtet und im genannten Zeitfenster\nkontaktlos ausgegeben. Bei der Ausgabe sind die Abstandsregelungen im\nWartebereich einzuhalten. <\/p>\n\n\n\n<p>Die Lebensmittelausgabe erfolgt ab sofort immer dienstags\n\u2013 bis die Tafel wieder die regul\u00e4re Lebensmittelausgabe f\u00fcr Bed\u00fcrftige\n\u00fcbernehmen kann. &nbsp;<\/p>\n\n\n\n<p>F\u00fcr R\u00fcckfragen stehen die beiden Streetworkerinnen Johanna\nDreisigacker unter 01 74\/9 08 93 53 und Nina Sappert unter 01 52\/04 18 89 16\ngerne zur Verf\u00fcgung.<\/p>\n\n\n\n<p><em>Stadtverwaltung Landau in der Pfalz<\/em><br><em>03.05.2020<\/em><\/p>\n\n\n\n<h2 class=\"wp-block-heading\">Radverkehr stark und mit viel Potential, \u00d6PNV ausbauf\u00e4hig: Stadt Landau stellt Ergebnisse von gro\u00dfangelegter Studie zum Verkehrsverhalten vor <\/h2>\n\n\n\n<div class=\"wp-block-image\"><figure class=\"aligncenter\"><img decoding=\"async\" loading=\"lazy\" width=\"800\" height=\"533\" src=\"https:\/\/speyer24news.com\/wp-content\/uploads\/2020\/05\/Info-21-04-2020-12-Uhr_Verkehr.jpg\" alt=\"\" class=\"wp-image-26720\" srcset=\"https:\/\/speyer24news.com\/wp-content\/uploads\/2020\/05\/Info-21-04-2020-12-Uhr_Verkehr.jpg 800w, https:\/\/speyer24news.com\/wp-content\/uploads\/2020\/05\/Info-21-04-2020-12-Uhr_Verkehr-300x200.jpg 300w, https:\/\/speyer24news.com\/wp-content\/uploads\/2020\/05\/Info-21-04-2020-12-Uhr_Verkehr-768x512.jpg 768w\" sizes=\"(max-width: 800px) 100vw, 800px\" \/><figcaption>Schon jetzt nutzen viele Landauerinnen und Landauer das Rad \u2013 k\u00fcnftig sollen es noch mehr werden.<em> (Quelle: Stadt Landau)<\/em><\/figcaption><\/figure><\/div>\n\n\n\n<p>Die Stadt Landau hat sich erstmals am Forschungsprojekt\n\u201eMobilit\u00e4t in St\u00e4dten\u201c der Technischen Universit\u00e4t Dresden beteiligt. Die\nsogenannte Modal-Split-Untersuchung analysiert das Verkehrsverhalten der\nMenschen und liefert so wichtige Daten nicht nur f\u00fcr die Mobilit\u00e4tsforschung,\nsondern auch f\u00fcr Verkehrsplanung und Verkehrspolitik in den Kommunen. Insgesamt\n135 St\u00e4dte und Gemeinden haben sich an der Untersuchung beteiligt. In Landau\nwurden mehr als 1.000 Personen in 425 Haushalten \u00fcber einen Zeitraum von einem\nJahr telefonisch bzw. schriftlich befragt. <\/p>\n\n\n\n<h4 class=\"wp-block-heading\">Die wichtigsten Erkenntnisse: <\/h4>\n\n\n\n<p>Der Anteil des Radverkehrs in Landau ist erfreulich hoch.\nDie s\u00fcdpf\u00e4lzische Metropole schafft es in die Spitzengruppe aller an der\nUntersuchung beteiligter St\u00e4dte. Beim Fu\u00dfverkehr liegt Landau im Mittelfeld, das\nAuto hat vor allem im Berufsverkehr eine hohe Bedeutung \u2013 und der \u00d6PNV ist noch\nschwach in Angebot und Nutzung. <\/p>\n\n\n\n<p>Mobilit\u00e4tsdezernent Lukas Hartmann ordnet die Ergebnisse\nein: \u201eDass schon jetzt so viele Landauerinnen und Landauer gerne und oft das\nRad nutzen, freut mich. Im Sinne des Klimaschutzes wollen wir den\nRadverkehrsanteil in den kommenden Jahren aber noch weiter steigern, indem wir\neine bessere Infrastruktur schaffen\u201c, betont Hartmann und nennt als Beispiel\ndurchg\u00e4ngige Radvorrangrouten, bessere Radwegeverbindungen zwischen den\nStadtd\u00f6rfern untereinander sowie zwischen den Stadtd\u00f6rfern und der Kernstadt,\nden geplanten Radring um die Innenstadt und mehr sowie auch \u00fcberdachte\nFahrradabstellanlagen. <\/p>\n\n\n\n<p>\u201eDie Studie zeigt, dass mehr als 80 Prozent der\nLandauerinnen und Landauer ein Fahrrad haben, w\u00e4hrend die Verf\u00fcgbarkeit eines Autos\nerheblich mit dem eigenen \u00f6konomischen Status zusammenh\u00e4ngt. Klar gesagt: Viele\nMenschen mit geringem Einkommen haben keins. Mobilit\u00e4t ist also auch eine\nsozialpolitische Frage\u201c, so Hartmann weiter. Auch \u00dcberlegungen wie diese\nm\u00fcssten in die weitere Verkehrsplanung der Stadt Landau mit einflie\u00dfen, ist der\nMobilit\u00e4tsdezernent \u00fcberzeugt. <\/p>\n\n\n\n<p>Ebenfalls interessant: Knapp ein Sechstel der Wege, die\ndie Landauerinnen und Landauer zur\u00fccklegen, sind 10 und mehr Kilometer lang.\nHier kann das Rad oder der \u00d6PNV nur schwer eine praktikable Alternative zum\nAuto darstellen. \u201eWir leben in einer l\u00e4ndlich gepr\u00e4gten Region, daher sind\nviele Landauerinnen und Landauer sowie Menschen aus dem Umland auf ihr Auto\nangewiesen\u201c, so Hartmann. Aber: \u201eWenn wir nur jede f\u00fcnfte Autofahrerin bzw.\njeden f\u00fcnften Autofahrer, etwa durch bessere Angebote, davon \u00fcberzeugen k\u00f6nnen,\nauf den \u00d6PNV oder das Rad umzusteigen, w\u00e4re schon viel gewonnen \u2013 und es gebe\nweniger Staus und ausreichend Parkpl\u00e4tze f\u00fcr die, die tats\u00e4chlich das Auto\nbrauchen, etwa um zur Arbeit zu kommen\u201c, so Hartmann. <\/p>\n\n\n\n<p>Dringenden Nachholbedarf hat die Stadt Landau, wenn es um\ndie Nutzung des \u00d6PNV geht. \u201eEine massive Erh\u00f6hung des \u00d6PNV-Anteils muss\noberstes Ziel der kommunalen Verkehrsplanung in unserer Stadt sein\u201c, ist Hartmann\n\u00fcberzeugt. Daher sei es wichtig, die geplante Neuausrichtung der\nInnenstadtmobilit\u00e4t konsequent umzusetzen und die Chancen zu nutzen, die die\nNeuausschreibung des Landauer Linienb\u00fcndels biete. \u201eWir haben alle\nVerkehrsarten im Blick \u2013 in diesem Vorgehen hat uns die aktuelle Studie noch\neinmal best\u00e4rkt.\u201c In einem ersten Schritt bedeute dies, die zeitweise Sperrung\nder Fu\u00dfg\u00e4ngerzone f\u00fcr Radfahrerinnen und Radfahrer und die Einrichtung eines\nFahrradbereichs rund um die Fu\u00dfg\u00e4ngerzone umzusetzen, so Hartmann. Dazu z\u00e4hle\nauch die \u00d6ffnung der K\u00f6nigstra\u00dfe f\u00fcr den gegenl\u00e4ufigen Radverkehr sowie die\ndamit verbundene Neugestaltung. Die Einf\u00fchrung des kostenlosen Altstadtshuttles\nsoll erfolgen, sobald die Infektionslage dies zulasse, bekr\u00e4ftigt der\nMobilit\u00e4tsdezernent.<\/p>\n\n\n\n<p><em>Stadtverwaltung Landau in der Pfalz<\/em><br><em>03.05.2020<\/em><\/p>\n\n\n\n<h2 class=\"wp-block-heading\"><strong>Freundschaft in Zeiten von Corona: Stadt Landau, Landkreis S\u00fcdliche Weinstra\u00dfe und Landkreis Germersheim unterst\u00fctzen deutsch-franz\u00f6sischen Solidarit\u00e4tsaufruf<\/strong><\/h2>\n\n\n\n<div class=\"wp-block-image\"><figure class=\"aligncenter\"><img decoding=\"async\" loading=\"lazy\" width=\"501\" height=\"658\" src=\"https:\/\/speyer24news.com\/wp-content\/uploads\/2020\/04\/Deutschfranz\u00f6sisch.jpg\" alt=\"\" class=\"wp-image-26533\" srcset=\"https:\/\/speyer24news.com\/wp-content\/uploads\/2020\/04\/Deutschfranz\u00f6sisch.jpg 501w, https:\/\/speyer24news.com\/wp-content\/uploads\/2020\/04\/Deutschfranz\u00f6sisch-228x300.jpg 228w\" sizes=\"(max-width: 501px) 100vw, 501px\" \/><\/figure><\/div>\n\n\n\n<p>\u201eDie Grenzen schlie\u00dfen sich, aber nicht unsere Herzen!\u201c: So steht\nes in dem deutsch-franz\u00f6sischen Solidarit\u00e4tsaufruf, den jetzt auch Landaus\nOberb\u00fcrgermeister Thomas Hirsch, der Landrat des Landkreises S\u00fcdliche\nWeinstra\u00dfe, Dietmar Seefeldt, und der Landrat des Landkreises Germersheim, Dr.\nFritz Brechtel, unterzeichnet haben. Gemeinsam mit etwa 200 anderen\nAmtstr\u00e4gerinnen und Amtstr\u00e4gern aus dem Elsass und der S\u00fcdpfalz erinnern sie\ndarin an den Wert der deutsch-franz\u00f6sischen Freundschaft und beschw\u00f6ren den\nZusammenhalt in der Corona-Krise.<\/p>\n\n\n\n<p>\u201eZum Schutz unserer Bev\u00f6lkerung vor dem Corona-Virus mussten wir\ndie Grenze zwischen der Pfalz und dem Elsass weitgehend schlie\u00dfen. Das bedeutet\naber nicht, dass unsere Verbundenheit mit den franz\u00f6sischen Nachbarinnen und\nNachbarn an Bedeutung verloren hat. Ganz im Gegenteil: Wir stehen auch in der\nKrise fest zusammen\u201c, betonen die drei Verwaltungschefs. Darum seien auch\nHilfslieferungen in die Nachbarregion und die Aufnahme von els\u00e4ssischen\nPatientinnen und Patienten in s\u00fcdpf\u00e4lzischen Kliniken selbstverst\u00e4ndlich. <\/p>\n\n\n\n<p>Initiatoren des deutsch-franz\u00f6sischen Solidarit\u00e4tsaufrufs sind der Birkenh\u00f6rdter B\u00fcrgermeister Matthias Ackermann und sein Kollege Ren\u00e9 Richert aus der franz\u00f6sischen Gemeinde Riedseltz. Die Unterzeichnerinnen und Unterzeichner wollen damit ein deutliches Zeichen der Solidarit\u00e4t und der grenz\u00fcberschreitenden Freundschaft und Zusammenarbeit aller Verantwortungstr\u00e4gerinnen und -tr\u00e4ger in den an der Grenze liegenden Gebietsk\u00f6rperschaften\u00a0 setzen. \u201eFrankreich und Deutschland werden auch die Corona-Krise meistern. Als Partner, als Freunde. Kein Virus wird diese Freundschaft zerst\u00f6ren!\u201c, hei\u00dft es abschlie\u00dfend in ihrem Aufruf.<\/p>\n\n\n\n<p><em>Gemeinsame Pressemitteilung der Stadt Landau sowie der Landkreise S\u00fcdliche Weinstra\u00dfe und Germersheim<br>03.05.2020<\/em><\/p>\n\n\n\n<h2 class=\"wp-block-heading\">Corona-Virus: Schrittweise Wiederaufnahme des Schulbetriebs ab Montag, 27. April \u2013 Landaus B\u00fcrgermeister Dr. Ingenthron: \u201eGeteilter Unterricht als guter und pragmatischer Ansatz zur R\u00fcckkehr in den Schulalltag\u201c<\/h2>\n\n\n\n<div class=\"wp-block-image\"><figure class=\"aligncenter\"><img decoding=\"async\" loading=\"lazy\" width=\"800\" height=\"471\" src=\"https:\/\/speyer24news.com\/wp-content\/uploads\/2020\/05\/Info-21-04-2020-12-Uhr_Schulen.jpg\" alt=\"\" class=\"wp-image-26719\" srcset=\"https:\/\/speyer24news.com\/wp-content\/uploads\/2020\/05\/Info-21-04-2020-12-Uhr_Schulen.jpg 800w, https:\/\/speyer24news.com\/wp-content\/uploads\/2020\/05\/Info-21-04-2020-12-Uhr_Schulen-300x177.jpg 300w, https:\/\/speyer24news.com\/wp-content\/uploads\/2020\/05\/Info-21-04-2020-12-Uhr_Schulen-768x452.jpg 768w\" sizes=\"(max-width: 800px) 100vw, 800px\" \/><figcaption>Der Schulbetrieb in Landau wird ab dem 27. April schrittweise wieder aufgenommen. <em>(Quelle: Stadt Landau)<\/em><\/figcaption><\/figure><\/div>\n\n\n\n<p>Zug um Zug soll das \u00f6ffentliche Leben in Deutschland in\nden kommenden Tagen, Wochen und Monaten wiederhochgefahren werden: Das haben\nBund und L\u00e4nder vor wenigen Tagen gemeinsam beschlossen. Neben ersten\nLockerungen f\u00fcr den Einzelhandel, die am Montag, 20. April, in Kraft getreten\nsind, haben sich die Regierungschefinnen und Regierungschefs auch f\u00fcr eine\nstufenweise \u00d6ffnung der Schulen ausgesprochen. Diese soll in Rheinland-Pfalz am\nMontag, 27. April, beginnen. In einem ersten Schritt k\u00f6nnen Sch\u00fclerinnen und\nSch\u00fcler, die kurz vor ihren Abschl\u00fcssen stehen, wieder die Schule besuchen. In\neinem zweiten Schritt sollen unter anderem die 4. Klassen der Grundschulen\nunterrichtet werden.<\/p>\n\n\n\n<p>Das hei\u00dft konkret f\u00fcr Landau: Am Montag, 27. April,\nstartet die Pr\u00fcfungsvorbereitung bzw. der Unterricht f\u00fcr die Pr\u00fcfungs- und\nAbschlussklassen der Konrad-Adenauer-Realschule plus und der Berufsbildenden\nSchule. Am Montag, 4. Mai, beginnt dann der Unterricht f\u00fcr verschiedene weitere\nKlassen- und Jahrgangsstufen der KARS plus und der BBS sowie der Gymnasien, der\nIntegrierten Gesamtschule und der Nordringschule. Los geht es au\u00dferdem f\u00fcr die\n4. Klassen der Grundschulen. Genaue Informationen und Hinweise zu Organisation\nund Ablauf des Pr\u00e4senzunterrichts erteilt die jeweilige Schule.<\/p>\n\n\n\n<p>Um den erforderlichen Mindestabstand von 1,50 Metern\neinhalten zu k\u00f6nnen, werden die Klassen und Lerngruppen aufgeteilt. Der\nUnterricht findet im w\u00f6chentlichen Wechsel zwischen Pr\u00e4senzunterricht in der\nSchule und p\u00e4dagogischem Lernangebot zu Hause statt. Um die notwendigen\nhygienischen Voraussetzungen zu schaffen, gilt in allen Schulen ein Hygieneplan\nmit detaillierten Vorgaben.<\/p>\n\n\n\n<p>\u201eWir befinden uns in enger Abstimmung mit unseren\nSchulen\u201c, betont B\u00fcrgermeister und Schuldezernent Dr. Maximilian Ingenthron.\n\u201eGemeinsam mit ihnen planen und setzen wir alle Ma\u00dfnahmen um, die f\u00fcr die\nWiederaufnahme des Unterrichts erforderlich sind. Wir wollen gew\u00e4hrleisten,\ndass Sch\u00fclerinnen und Sch\u00fcler ebenso wie Lehrkr\u00e4fte und nichtp\u00e4dagogische\nMitarbeiterinnen und Mitarbeiter bestm\u00f6glich gesch\u00fctzt sind\u201c, so Dr.\nIngenthron, der den Schulgemeinschaften au\u00dferdem f\u00fcr deren besondere Arbeit in\nZeiten der Krise dankt.<\/p>\n\n\n\n<p>Im Lauf der Woche erh\u00e4lt die Stadt Landau \u2013 wie alle\nSt\u00e4dte und Landkreise \u2013 \u00fcber das Landesamt f\u00fcr Soziales, Jugend und Versorgung\nein Notkontingent an Mund-Nasen-Masken, zudem Hand- und Fl\u00e4chendesinfektionsmittel.\nDies wird an die Schulen weitergeleitet. F\u00fcr die pers\u00f6nliche Ausstattung der\nSch\u00fclerinnen und Sch\u00fcler mit Masken sind jedoch die Eltern verantwortlich.<\/p>\n\n\n\n<p>&nbsp;\u201eDer Unterricht in\nden kommenden Wochen wird nat\u00fcrlich ein anderer sein als der, den es vor Corona\ngab&#8220;, betont Dr. Ingenthron. \u201eNichtsdestotrotz halte ich den geteilten\nUnterricht f\u00fcr einen guten und pragmatischen Ansatz, um Schritt f\u00fcr Schritt zu\neinem \u2013 wenn auch vorerst v\u00f6llig neuen \u2013 Schulalltag zur\u00fcckzukehren.\u201c Es gelte\njetzt, die anstehenden Herausforderungen mit Feingef\u00fchl und Nachdruck zugleich\nanzupacken.\n\nWas die Elternbeitr\u00e4ge in\nHorten, Kitas, betreuender Grundschule und Kindertagespflege angeht, so wird\nder Stadtvorstand unter Vorsitz von Oberb\u00fcrgermeister Thomas Hirsch dem\nHauptausschuss auch f\u00fcr den Monat Mai empfehlen, keine Elternbeitr\u00e4ge zu\nerheben.\n\n\n\n<\/p>\n\n\n\n<p><em>Stadtverwaltung Landau in der Pfalz<\/em><br><em>03.05.2020<\/em><\/p>\n\n\n\n<h2 class=\"wp-block-heading\">Bei Anruf Hilfe: Stadt Landau ver\u00f6ffentlicht Flugblatt mit Nummern f\u00fcr telefonische Beratung in Krisensituationen<\/h2>\n\n\n\n<div class=\"wp-block-image\"><figure class=\"aligncenter\"><img decoding=\"async\" loading=\"lazy\" width=\"800\" height=\"533\" src=\"https:\/\/speyer24news.com\/wp-content\/uploads\/2020\/05\/Info-21-04-2020-12-Uhr_Hilfenummern.jpg\" alt=\"\" class=\"wp-image-26718\" srcset=\"https:\/\/speyer24news.com\/wp-content\/uploads\/2020\/05\/Info-21-04-2020-12-Uhr_Hilfenummern.jpg 800w, https:\/\/speyer24news.com\/wp-content\/uploads\/2020\/05\/Info-21-04-2020-12-Uhr_Hilfenummern-300x200.jpg 300w, https:\/\/speyer24news.com\/wp-content\/uploads\/2020\/05\/Info-21-04-2020-12-Uhr_Hilfenummern-768x512.jpg 768w\" sizes=\"(max-width: 800px) 100vw, 800px\" \/><figcaption>Hilfe ist auch in der aktuellen Situation nur einen Telefonanruf entfernt! <em>(Quelle: Stadt Landau) <\/em><\/figcaption><\/figure><\/div>\n\n\n\n<p>Die Kinder langweilen sich, der Hausfrieden h\u00e4ngt schief,\ndie Pflege der kranken Angeh\u00f6rigen wird zur \u00fcbergro\u00dfen Belastung oder es ist\neinfach keiner da, um einfach mal zu reden: Die Wochen mit Kontaktsperren und Homeschooling\nstellen auch viele Landauerinnen und Landauer vor gro\u00dfe Herausforderungen. Auf\nAnregung der Stadtratsfraktion von B\u00dcNDNIS 90\/DIE GR\u00dcNEN hat die Stadtverwaltung\njetzt die Telefonnummern verschiedener Beratungsangebote auf einem Flugblatt\nver\u00f6ffentlicht. B\u00fcrgerinnen und B\u00fcrger k\u00f6nnen sich bei Problemen an die dort\nangegebenen stadt-, landes- und bundesweiten Telefonnummern wenden und erhalten\nUnterst\u00fctzung.<\/p>\n\n\n\n<p>\u201eSeit gut f\u00fcnf Wochen verbringen viele Landauerinnen und Landauer ihren Alltag fast ausschlie\u00dflich in den eigenen vier W\u00e4nden. Dazu kommen oft noch Sorgen um Gesundheit oder Existenz \u2013 eine Ausnahmesituation, die viel Konfliktpotenzial birgt\u201c, wei\u00df Oberb\u00fcrgermeister Thomas Hirsch. \u201eAber die zahlreichen telefonischen Hilfsangebote, die wir auf unserem Flugblatt gesammelt haben, zeigen: Sie sind nicht alleine! Hilfe und Beratung sind nur einen Anruf entfernt.\u201c Die Flugbl\u00e4tter werden im Landauer Einzelhandel ausgelegt und stehen auf der st\u00e4dtischen Internetseite unter <a href=\"http:\/\/www.landau.de\/telefonischehilfe\">www.landau.de\/telefonischehilfe<\/a> zum Download bereit.<\/p>\n\n\n\n<p><em>Stadtverwaltung Landau in der Pfalz<\/em><br><em>03.05.2020<\/em><\/p>\n\n\n\n<h2 class=\"wp-block-heading\"><strong>Stadt\nLandau, Landkreis S\u00fcdliche Weinstra\u00dfe und Landkreis Germersheim fahren\nStabsarbeit im Katastrophenschutz zur\u00fcck \u2013 Hirsch, Seefeldt und\nDr.&nbsp;Brechtel: \u201eVirus hat Alltag dauerhaft ver\u00e4ndert\u201c<\/strong><\/h2>\n\n\n\n<p>Schon\nfr\u00fch in der Corona-Krise hatten die Stadt Landau sowie die Landkreise S\u00fcdliche\nWeinstra\u00dfe und Germersheim die h\u00f6chstm\u00f6gliche Stufe 5 im Katastrophenschutz\nausgerufen, eigene Katastrophenschutzst\u00e4be eingerichtet sowie weitere Ma\u00dfnahmen\nergriffen, um den Schutz der Bev\u00f6lkerung in dieser Ausnahmesituation zu\ngew\u00e4hrleisten. Analog der Lockerungen der Corona-Beschr\u00e4nkungen, die am Montag,\n20. April, bundesweit in Kraft getreten sind, haben die drei\nGebietsk\u00f6rperschaften entschieden, dass ein Aufrechterhalten der Stufe 5\nvorerst nicht mehr erforderlich ist. Stattdessen gilt nun in der Stadt und den\nbeiden Landkreisen eine sogenannte Gesundheitslage nach dem\nInfektionsschutzgesetz. <\/p>\n\n\n\n<p>Auch\nder gemeinsame Katastrophenschutzstab der Stadt Landau und des Landkreises\nS\u00fcdliche Weinstra\u00dfe sowie der Katastrophenschutzstab des Landkreises\nGermersheim werden heruntergefahren. Aber: \u201eSollte es die Lage erfordern,\nk\u00f6nnen die Stabsstrukturen schnell wieder hochgefahren werden\u201c, betonen\nOberb\u00fcrgermeister Thomas Hirsch, Landrat Dietmar Seefeldt und Landrat Dr. Fritz\nBrechtel, die nach wie vor eng miteinander sowie mit den Hilfsorganisationen\nund den jeweiligen Gesundheits\u00e4mtern in Kontakt stehen und \u00fcber die\ntagesaktuelle Lage informiert werden.<\/p>\n\n\n\n<p>\u201eF\u00fcr\ndie derzeitige Situation, in der wir uns befinden, gab und gibt es keine\nMusterl\u00f6sung. Aus diesem Grund war es die richtige Entscheidung, fr\u00fch zu\nreagieren und besonders angesichts der dramatischen Lage im benachbarten Elsass\neffektive Ma\u00dfnahmen zu ergreifen, um den Folgen der Corona-Pandemie bei uns in\nder S\u00fcdpfalz m\u00f6glichst immer einige Schritte voraus zu sein\u201c, bekr\u00e4ftigen die\ndrei Verwaltungschefs. Hirsch, Seefeldt und Dr. Brechtel sind froh, dass gemeinsam\nin guter interkommunaler Zusammenarbeit medizinische Versorgungsstrukturen\ngeschaffen werden konnten, auf die die S\u00fcdpfalz bauen k\u00f6nne. \u201eUnser Gesundheitswesen\nist gut aufgestellt: Die Krankenh\u00e4user in der Region haben ihre\nIntensivkapazit\u00e4ten erweitert, am Standort Bad Bergzabern ist eine zus\u00e4tzliche\nStation mit Bundeswehr-Equipment aufger\u00fcstet worden, die Luftrettungskapazit\u00e4ten\nwurden ausgeweitet, f\u00fcr Pflegenotf\u00e4lle stehen auch die Reha-Kliniken zur\nVerf\u00fcgung und die Corona-Ambulanzen in Jockgrim bzw. Landau haben sich\netabliert. Auch steigen die Infektionszahlen nur langsam und bisher ist das\ngef\u00fcrchtete \u00dcbergreifen der Lage im Elsass auf die S\u00fcdpfalz ausgeblieben.\u201c<\/p>\n\n\n\n<p>Dies rechtfertige aber keinesfalls eine sofortige R\u00fcckkehr zur Normalit\u00e4t, betonen die drei s\u00fcdpf\u00e4lzischen Verwaltungschefs mit Nachdruck. \u201eDas Virus hat unseren Alltag dauerhaft ver\u00e4ndert und der Neustart von Gesellschaft und Wirtschaft kann nur vorsichtig und Zug um Zug erfolgen. Die Erfolge, die bislang in der S\u00fcdpfalz und in ganz Deutschland zu sehen sind, gehen auch und besonders auf die fr\u00fch verh\u00e4ngten, umfangreichen Beschr\u00e4nkungen und sonstigen Ma\u00dfnahmen zur\u00fcck. Das zeigt der internationale Vergleich. Wir sind der festen \u00dcberzeugung: Wenn wir uns weiterhin gemeinsam so diszipliniert wie bisher verhalten, haben wir gute Chancen, die Pandemie zu \u00fcberwinden.\u201c <\/p>\n\n\n\n<p><em>Gemeinsame Pressemitteilung der Stadt Landau sowie der Landkreise S\u00fcdliche Weinstra\u00dfe und Germersheim<br>03.05.2020<\/em><\/p>\n\n\n\n<h2 class=\"wp-block-heading\">Stadt Landau nimmt Brunnen in den Parks wieder in Betrieb \u2013 Denkmalgesch\u00fctzte Brunnen auf dem Rathausplatz jetzt trinkwassergepr\u00fcft<\/h2>\n\n\n\n<div class=\"wp-block-image\"><figure class=\"aligncenter\"><img decoding=\"async\" loading=\"lazy\" width=\"800\" height=\"533\" src=\"https:\/\/speyer24news.com\/wp-content\/uploads\/2020\/05\/Info-20-04-2020-18-Uhr_Brunnen2.jpg\" alt=\"\" class=\"wp-image-26716\" srcset=\"https:\/\/speyer24news.com\/wp-content\/uploads\/2020\/05\/Info-20-04-2020-18-Uhr_Brunnen2.jpg 800w, https:\/\/speyer24news.com\/wp-content\/uploads\/2020\/05\/Info-20-04-2020-18-Uhr_Brunnen2-300x200.jpg 300w, https:\/\/speyer24news.com\/wp-content\/uploads\/2020\/05\/Info-20-04-2020-18-Uhr_Brunnen2-768x512.jpg 768w\" sizes=\"(max-width: 800px) 100vw, 800px\" \/><figcaption>Vor dem Landauer Rathaus stehen jetzt zwei Trinkwasserbrunnen.<em> (Quelle: Stadt Landau)<\/em>  <\/figcaption><\/figure><\/div>\n\n\n\n<p>Es sprudelt wieder: Die Stadt Landau hat vor wenigen Tagen\ndie Brunnen in ihren Parkanlagen wieder in Betrieb genommen. Die Brunnen u.a.\nim Goethe-, im Schiller- und im S\u00fcdwestpark befinden sich im Unterhalt der\nst\u00e4dtischen Gr\u00fcnfl\u00e4chenabteilung. Neu: Die beiden denkmalgesch\u00fctzten Brunnen\nauf dem Rathausplatz, f\u00fcr die das Stadtbauamt verantwortlich zeichnet, k\u00f6nnen\nab sofort als Trinkwasserbrunnen genutzt werden. <\/p>\n\n\n\n<p>Hierzu bedurfte es keiner Umbauarbeiten. Eine Beprobung\ndes Wassers durch die EnergieS\u00fcdwest AG ergab, dass das Brunnenwasser allen\nAnforderungen entspricht. Die Schilder \u201eKein Trinkwasser\u201c wurden bereits\nausgetauscht. Die Wasserqualit\u00e4t wird auch k\u00fcnftig regelm\u00e4\u00dfig kontrolliert. <\/p>\n\n\n\n<div class=\"wp-block-image\"><figure class=\"aligncenter\"><img decoding=\"async\" loading=\"lazy\" width=\"800\" height=\"533\" src=\"https:\/\/speyer24news.com\/wp-content\/uploads\/2020\/05\/Info-20-04-2020-18-Uhr_Brunnen1.jpg\" alt=\"\" class=\"wp-image-26717\" srcset=\"https:\/\/speyer24news.com\/wp-content\/uploads\/2020\/05\/Info-20-04-2020-18-Uhr_Brunnen1.jpg 800w, https:\/\/speyer24news.com\/wp-content\/uploads\/2020\/05\/Info-20-04-2020-18-Uhr_Brunnen1-300x200.jpg 300w, https:\/\/speyer24news.com\/wp-content\/uploads\/2020\/05\/Info-20-04-2020-18-Uhr_Brunnen1-768x512.jpg 768w\" sizes=\"(max-width: 800px) 100vw, 800px\" \/><figcaption>Es sprudelt wieder in Landaus Gr\u00fcnanlagen \u2013 wie hier im Schillerpark.<em> (Quelle: Stadt Landau) <\/em><\/figcaption><\/figure><\/div>\n\n\n\n<p>Noch nicht wieder in Betrieb sind die Schwengelpumpen und\nWasserspiele auf den Spielpl\u00e4tzen. Diese werden generell nicht vor den\nEisheiligen aktiviert, da es vorher meist zu kalt zum \u201eMatschen\u201c ist. Wann die\nSpielpl\u00e4tze und damit auch die Schwengelpumpen und Wasserspiele in diesem Jahr\nwieder in Betrieb genommen werden k\u00f6nnen, entscheidet sich je nach\nCorona-Infektionslage. <\/p>\n\n\n\n<p><em>Stadtverwaltung Landau in der Pfalz<\/em><br><em>03.05.2020<\/em><\/p>\n\n\n\n<h2 class=\"wp-block-heading\">Kein unbeschriebenes Blatt: 28 Unternehmen beteiligen sich mit Angeboten an \u201eLandau hilft Landau\u201c-Block \u2013 Fotos f\u00fcr Gestaltung gesucht<\/h2>\n\n\n\n<div class=\"wp-block-image\"><figure class=\"aligncenter\"><img decoding=\"async\" loading=\"lazy\" width=\"800\" height=\"647\" src=\"https:\/\/speyer24news.com\/wp-content\/uploads\/2020\/05\/Info-07-04-2020_Rabattblock.png\" alt=\"\" class=\"wp-image-26684\" srcset=\"https:\/\/speyer24news.com\/wp-content\/uploads\/2020\/05\/Info-07-04-2020_Rabattblock.png 800w, https:\/\/speyer24news.com\/wp-content\/uploads\/2020\/05\/Info-07-04-2020_Rabattblock-300x243.png 300w, https:\/\/speyer24news.com\/wp-content\/uploads\/2020\/05\/Info-07-04-2020_Rabattblock-768x621.png 768w\" sizes=\"(max-width: 800px) 100vw, 800px\" \/><figcaption>Den \u201eLandau hilft Landau\u201c-Block gibt es f\u00fcr 30 Euro zum Vorbestellen unter <a href=\"https:\/\/speyer24news.com\/wp-admin\/touristinfo@landau.de\">touristinfo@landau.de<\/a>.<em> (Quelle: Stadt Landau in der Pfalz) <\/em><\/figcaption><\/figure><\/div>\n\n\n\n<p>Den\n\u201eLandau hilft Landau\u201c-Block gibt es zwar noch nicht auf Papier, trotzdem ist\njetzt schon sicher: Vorbestellen lohnt sich. Denn auf den Aufruf der Initiative\n\u201eLandau hilft Landau\u201c, der Stadt Landau, der Verbandsgemeinde Landau-Land und\ndes st\u00e4dtischen B\u00fcros f\u00fcr Tourismus haben sich 28 Unternehmerinnen und\nUnternehmer mit attraktiven, einmalig einl\u00f6sbaren Rabatten gemeldet. Mit dabei\nsind unter anderem Caf\u00e9s, Kinos, Weing\u00fcter und Bekleidungsgesch\u00e4fte. <\/p>\n\n\n\n<p>Damit\nder Block nicht nur tolle Angebote enth\u00e4lt, sondern diese auch ansprechend\npr\u00e4sentiert werden, suchen die Initiatorinnen und Initiatoren noch Fotos mit\nMotiven aus Landau und Landau-Land. Ob Landschaft, Weinfest oder Dorfplatz:\nFotografinnen und Fotografen, die mit der kostenlosen Ver\u00f6ffentlichung ihrer\nSchnappsch\u00fcsse im \u201eLandau hilft Landau\u201c-Block einverstanden sind, k\u00f6nnen diese\nper E-Mail an foto@landauhilftlandau.de senden. Die besten Fotos werden dann\nunter Nennung der Fotografin bzw. des Fotografen im Block abgedruckt. <\/p>\n\n\n\n<p>Den\n\u201eLandau hilft Landau\u201c-Block gibt es f\u00fcr 30 Euro. Der eingenommene Verkaufspreis\ngeht zu gleichen Teilen an die beteiligten Unternehmen. Wer den Rabattblock\nvorbestellen m\u00f6chte, kann dies mit einer E-Mail an das st\u00e4dtische Tourismusb\u00fcro\nunter touristinfo@landau.de tun. <\/p>\n\n\n\n<h4 class=\"wp-block-heading\">Beteiligte\nUnternehmen sind:<\/h4>\n\n\n\n<ul><li>Amar Clubhaus<\/li><li>Autohaus Holz<\/li><li>Bagage Burger<\/li><li>Bennys Fitnessworld<\/li><li>Bodymed Center Landau<\/li><li>Caf\u00e91739 im Heiligenthaler Hof in Landau<\/li><li>Carpe Diem<\/li><li>Die Hexestub<\/li><li>Dusita<\/li><li>Equiva Landau Reitsportbedarf<\/li><li>Gloria Kulturpalast Landau<\/li><li>Hotel Berghof &amp; Wirtshaus H\u00fcttenzauber<\/li><li>Jumpnshoez Landau<\/li><li>N\u00e4h-Caf\u00e9 Landau<\/li><li>Praxis Soleil de Vie<\/li><li>Reptilium Terrarien- und W\u00fcstenzoo Landau<\/li><li>S\u00f6rkel Caf\u00e9 Wein und Co<\/li><li>Universum Kinocenter<\/li><li>Unverpackt Landau Pfalz<\/li><li>Vibrogym Heidi R\u00f6sch<\/li><li>WeinBar \u2013 S\u00fcdpf\u00e4lzer Genusszentrale<\/li><li>Weingut Eck<\/li><li>Weingut Hechtmann<\/li><li>Weingut Schweppenheiser<\/li><li>Weingut Siegrist<\/li><li>Weingut Tina Pfaffmann<\/li><li>Weinhaus Pfaffmann<\/li><li>Weltladen Landau<\/li><\/ul>\n\n\n\n<p><em>Stadtverwaltung Landau in der Pfalz<br>03.05.2020<\/em><\/p>\n\n\n\n<h2 class=\"wp-block-heading\"><strong>Lob f\u00fcr Corona-Hilfsstation in W\u00f6rth<\/strong><\/h2>\n\n\n\n<h3 class=\"wp-block-heading\"><strong>Besuch aus dem Klinikum Ludwigshafen, einer der Maximalversorger und Koordinatoren im Land<\/strong><\/h3>\n\n\n\n<div class=\"wp-block-image\"><figure class=\"aligncenter\"><img decoding=\"async\" loading=\"lazy\" width=\"800\" height=\"533\" src=\"https:\/\/speyer24news.com\/wp-content\/uploads\/2020\/05\/Besuch-aus-dem-Ludwigshafener-Klinikum-in-der-Corona-Hilfsstation-in-W\u00f6rth.jpg\" alt=\"\" class=\"wp-image-26715\" srcset=\"https:\/\/speyer24news.com\/wp-content\/uploads\/2020\/05\/Besuch-aus-dem-Ludwigshafener-Klinikum-in-der-Corona-Hilfsstation-in-W\u00f6rth.jpg 800w, https:\/\/speyer24news.com\/wp-content\/uploads\/2020\/05\/Besuch-aus-dem-Ludwigshafener-Klinikum-in-der-Corona-Hilfsstation-in-W\u00f6rth-300x200.jpg 300w, https:\/\/speyer24news.com\/wp-content\/uploads\/2020\/05\/Besuch-aus-dem-Ludwigshafener-Klinikum-in-der-Corona-Hilfsstation-in-W\u00f6rth-768x512.jpg 768w\" sizes=\"(max-width: 800px) 100vw, 800px\" \/><\/figure><\/div>\n\n\n\n<p>Mediziner des Klinikums Ludwigshafen,\neines der f\u00fcnf Maximalversorger im Land Rheinland-Pfalz, waren nach ihrem Besuch\nin der Corona-Hilfsstation in W\u00f6rth von der Einrichtung sehr angetan: Sie\nh\u00e4tten in der gesamten Region nichts Vergleichbares gesehen, sehr professionell\ngeplant und umgesetzt. Chefarzt Prof. Dr. Matthias F. Bauer vom Institut f\u00fcr\nLabordiagnostik, Hygiene und Transfusionsmedizin ist einer der Koordinatoren im\nlandesweiten Konzept, das vorsieht, dass die Maximalversorger-Kliniken im Land\ndie Betreuung und Versorgung von Covid-19-Patienten in ihrer jeweiligen Region\nregeln. Gemeinsam mit dem Klinikhygieniker Dr. Sebastian Kevekordes und Jochen\nHummel, Stellvertretender Stadtfeuerwehrinspekteur der Berufsfeuerwehr\nLudwigshafen, machte er sich ein Bild von der s\u00fcdpf\u00e4lzischen\nNotfalleinrichtung.<\/p>\n\n\n\n<p>Der fachliche Austausch zwischen den\nFeuerwehrinspekteuren, den Leitenden Not\u00e4rzten und Medizinern, Landrat Dr. Fritz\nBrechtel und weiteren Mitgliedern des Krisenstabes aus den Landkreisen\nGermersheim, S\u00fcdliche Weinstra\u00dfe und der Stadt Ludwigshafen war intensiv, am\nEnde gab es viel Lob f\u00fcr die Beteiligten an Planung, Organisation und Aufbau\nder Corona-Hilfsstation. \u201eEs freut uns sehr, dass die Arbeit des Krisenstabs,\nder Verwaltung und der Hilfsorganisation so positiv bewertet wurde\u201c, so Landrat\nDr. Fritz Brechtel nach der Begehung in W\u00f6rth. \u201eWir werden weiter mit Ludwigshafen\nin Verbindung bleiben und uns, sollte es zu einer Belegung dieser Not-Betten\nkommen, eng abstimmen.\u201c<\/p>\n\n\n\n<p>Die Corona-Hilfsstation in W\u00f6rth ist\nals s\u00fcdpfalzweites \u00dcberlauf- und Ausweichkrankenhaus f\u00fcr Corona-positiv\ngetestete station\u00e4re Patienten konzipiert. Derzeit stehen rund 100 Normal-Betten\nbereit, die Kapazit\u00e4ten w\u00e4ren in Notfall schnell erweiterbar. Intensivpl\u00e4tze\nmit Beatmungsm\u00f6glichkeit werden hier nicht vorgehalten. Inzwischen laufen auch\ndie ersten Schulungen des freiwilligen Hilfspersonals. \u201eDas alles l\u00e4uft sehr\nstrategisch und auf einem hohen fachlichen Niveau ab. Wir danken allen, ob\nHauptamtliche oder Ehrenamtliche f\u00fcr ihr Engagement in der ganzen S\u00fcdpfalz.\nDanke!\u201c, so die Beh\u00f6rdenchefs Dr. Fritz Brechtel (GER), Dietmar Seefeldt (S\u00dcW)\nund Thomas Hirsch (LD).<\/p>\n\n\n\n<p>Das Konzept des Landes Rheinland-Pfalz sieht vor, dass in Absprache mit anderen Krankenh\u00e4usern in den Regionen die gro\u00dfen Maximalversorger wie Ludwigshafen Kapazit\u00e4ten planen, Krankheitsverl\u00e4ufe verfolgen sowie Medikamente oder Material austauschen. Ein Fr\u00fchwarnsystems soll dann ausgel\u00f6st werden, wenn in einer Region ein gro\u00dfteil der vorgehaltenen Intensivbetten belegt sind. Dann k\u00f6nnte rechtzeitig nach freien Kapazit\u00e4ten und auch Kapazit\u00e4ten in Not-Einrichtungen wie W\u00f6rth geschaut werden.<\/p>\n\n\n\n<p><em>Gemeinsame Pressemitteilung der Stadt Landau sowie der Landkreise S\u00fcdliche Weinstra\u00dfe und Germersheim<br>03.05.2020<\/em><\/p>\n","protected":false},"excerpt":{"rendered":"<div class=\"mh-excerpt\"><p>Coronavirus: Neue und gesundete F\u00e4lle im Landkreis S\u00fcdliche Weinstra\u00dfe und der Stadt Landau Fallzahlen vom 30.04.2020 Nach aktuellem Stand (30. April 2020, 14 Uhr) haben sich seit gestern zwei weitere F\u00e4lle des Coronavirus (COVID-19) im <a class=\"mh-excerpt-more\" href=\"https:\/\/speyer24news.com\/?p=26713\" title=\"Landau und Landkreis LD\">[&#8230;]<\/a><\/p>\n<\/div>","protected":false},"author":3,"featured_media":26705,"comment_status":"open","ping_status":"open","sticky":false,"template":"","format":"standard","meta":{"_monsterinsights_skip_tracking":false,"_monsterinsights_sitenote_active":false,"_monsterinsights_sitenote_note":"","_monsterinsights_sitenote_category":0,"footnotes":""},"categories":[675],"tags":[6688,6689,238,6666,6705,6707,2556,6682,6684,6493,6648,6367,6474,6560,237,6336,512,6699,6694,6681,6216,5928,6558,6703,6704,6697,58,6668,6686,6692,2962,4949,2865,6683,6698,6652,6551,6549,6690,6700,6702,6701,4293,6691,6706,5417,6695,6696,5806,5805,4761,6693,6685],"aioseo_notices":[],"amp_enabled":true,"_links":{"self":[{"href":"https:\/\/speyer24news.com\/index.php?rest_route=\/wp\/v2\/posts\/26713"}],"collection":[{"href":"https:\/\/speyer24news.com\/index.php?rest_route=\/wp\/v2\/posts"}],"about":[{"href":"https:\/\/speyer24news.com\/index.php?rest_route=\/wp\/v2\/types\/post"}],"author":[{"embeddable":true,"href":"https:\/\/speyer24news.com\/index.php?rest_route=\/wp\/v2\/users\/3"}],"replies":[{"embeddable":true,"href":"https:\/\/speyer24news.com\/index.php?rest_route=%2Fwp%2Fv2%2Fcomments&post=26713"}],"version-history":[{"count":2,"href":"https:\/\/speyer24news.com\/index.php?rest_route=\/wp\/v2\/posts\/26713\/revisions"}],"predecessor-version":[{"id":26743,"href":"https:\/\/speyer24news.com\/index.php?rest_route=\/wp\/v2\/posts\/26713\/revisions\/26743"}],"wp:featuredmedia":[{"embeddable":true,"href":"https:\/\/speyer24news.com\/index.php?rest_route=\/wp\/v2\/media\/26705"}],"wp:attachment":[{"href":"https:\/\/speyer24news.com\/index.php?rest_route=%2Fwp%2Fv2%2Fmedia&parent=26713"}],"wp:term":[{"taxonomy":"category","embeddable":true,"href":"https:\/\/speyer24news.com\/index.php?rest_route=%2Fwp%2Fv2%2Fcategories&post=26713"},{"taxonomy":"post_tag","embeddable":true,"href":"https:\/\/speyer24news.com\/index.php?rest_route=%2Fwp%2Fv2%2Ftags&post=26713"}],"curies":[{"name":"wp","href":"https:\/\/api.w.org\/{rel}","templated":true}]}}