{"id":26775,"date":"2020-05-03T18:50:50","date_gmt":"2020-05-03T17:50:50","guid":{"rendered":"https:\/\/speyer24news.com\/?p=26775"},"modified":"2020-05-03T19:08:06","modified_gmt":"2020-05-03T18:08:06","slug":"mannheim-4","status":"publish","type":"post","link":"https:\/\/speyer24news.com\/?p=26775","title":{"rendered":"Mannheim"},"content":{"rendered":"<style type=\"text\/css\">\r\n\t.ads_top_disp{}\r\n\t.ads_top_corner_disp{ float:left; margin:0px 10px 10px 0px; }\r\n\t.ads_first_p_disp{}\r\n\t.ads_bottom_disp{}\r\n\t<\/style>\n<h1 class=\"wp-block-heading\" style=\"text-align:center\">Coronafallzahlen aus Mannheim<\/h1>\n\n\n\n<div class=\"wp-block-image\"><figure class=\"aligncenter\"><img decoding=\"async\" loading=\"lazy\" width=\"800\" height=\"400\" src=\"https:\/\/speyer24news.com\/wp-content\/uploads\/2020\/05\/virus-1812092_1920.jpg\" alt=\"\" class=\"wp-image-26778\" srcset=\"https:\/\/speyer24news.com\/wp-content\/uploads\/2020\/05\/virus-1812092_1920.jpg 800w, https:\/\/speyer24news.com\/wp-content\/uploads\/2020\/05\/virus-1812092_1920-300x150.jpg 300w, https:\/\/speyer24news.com\/wp-content\/uploads\/2020\/05\/virus-1812092_1920-768x384.jpg 768w\" sizes=\"(max-width: 800px) 100vw, 800px\" \/><\/figure><\/div>\n\n\n\n<h3 class=\"wp-block-heading\" style=\"text-align:center\">59.Aktuelle Meldung zu Corona 03.05.2020<\/h3>\n\n\n\n<h4 class=\"wp-block-heading\">Aktuelle Fallzahlen \u2013 Zahl der nachgewiesenen Corona-F\u00e4lle in Mannheim steigt auf 462<\/h4>\n\n\n\n<p>Dem Gesundheitsamt Mannheim wurden bis heute Nachmittag, 03.05.2020, 16.00 Uhr, 2 weitere F\u00e4lle von nachgewiesenen Coronavirus-Infektionen gemeldet. Damit erh\u00f6ht sich die Zahl der best\u00e4tigten F\u00e4lle in Mannheim insgesamt auf 462. Die weit \u00fcberwiegende Zahl aller in Mannheim bislang nachgewiesenen Infizierten zeigen nur milde Krankheitsanzeichen und k\u00f6nnen in h\u00e4uslicher Quarant\u00e4ne verbleiben.<\/p>\n\n\n\n<p>Das Gesundheitsamt ermittelt nun die weiteren Kontaktpersonen aller nachgewiesen Infizierten, insbesondere im Bereich der sogenannten vulnerablen Gruppen, nimmt Kontakt mit diesen auf und begleitet diese w\u00e4hrend der h\u00e4uslichen Quarant\u00e4ne. Seit der vergangenen Woche werden sie auch ohne Symptome auf das Virus getestet. Alle beteiligten \u00c4rzte, Gesundheitsbeh\u00f6rden sowie das Kompetenzzentrum Gesundheitsschutz am Landesgesundheitsamt arbeiten dabei eng zusammen.<\/p>\n\n\n\n<p>Bislang sind in Mannheim 384 Personen genesen, die h\u00e4usliche Quarant\u00e4ne wurde bei ihnen aufgehoben.<\/p>\n\n\n\n<h3 class=\"wp-block-heading\" style=\"text-align:center\">58.Aktuelle Meldung zu Corona 02.05.2020<\/h3>\n\n\n\n<ol><li>Aktuelle Fallzahlen<\/li><li>Lockerungen der Corona-Verordnung des Landes angek\u00fcndigt<\/li><li>Unterst\u00fctzung f\u00fcr Familien und Kindesschutz<\/li><\/ol>\n\n\n\n<h4 class=\"wp-block-heading\">1.Aktuelle Fallzahlen \u2013 Zahl der nachgewiesenen Corona-F\u00e4lle in Mannheim steigt auf 460<\/h4>\n\n\n\n<p>Dem Gesundheitsamt Mannheim wurden bis heute Nachmittag, 02.05.2020, 16.00 Uhr, 9 weitere F\u00e4lle von nachgewiesenen Coronavirus-Infektionen gemeldet. Damit erh\u00f6ht sich die Zahl der best\u00e4tigten F\u00e4lle in Mannheim insgesamt auf 460. Die weit \u00fcberwiegende Zahl aller in Mannheim bislang nachgewiesenen Infizierten zeigen nur milde Krankheitsanzeichen und k\u00f6nnen in h\u00e4uslicher Quarant\u00e4ne verbleiben.<\/p>\n\n\n\n<p>Das Gesundheitsamt ermittelt nun die weiteren Kontaktpersonen aller nachgewiesen Infizierten, insbesondere im Bereich der sogenannten vulnerablen Gruppen, nimmt Kontakt mit diesen auf und begleitet diese w\u00e4hrend der h\u00e4uslichen Quarant\u00e4ne. Seit der vergangenen Woche werden sie auch ohne Symptome auf das Virus getestet. Alle beteiligten \u00c4rzte, Gesundheitsbeh\u00f6rden sowie das Kompetenzzentrum Gesundheitsschutz am Landesgesundheitsamt arbeiten dabei eng zusammen.<\/p>\n\n\n\n<p>Bislang sind in Mannheim 382 Personen genesen, die h\u00e4usliche Quarant\u00e4ne wurde bei ihnen aufgehoben.<\/p>\n\n\n\n<h4 class=\"wp-block-heading\">2.Land hat Lockerungen der Corona-Verordnung angek\u00fcndigt<\/h4>\n\n\n\n<p>Das Land Baden-W\u00fcrttemberg hat eine Lockerung der Corona-Verordnung angek\u00fcndigt (<a href=\"http:\/\/www.baden-wuerttemberg.de\/de\/service\/alle-meldungen\/meldung\/pid\/weitere-lockerungen-der-corona-verordnung\">www.baden-wuerttemberg.de\/de\/service\/alle-meldungen\/meldung\/pid\/weitere-lockerungen-der-corona-verordnung<\/a>). Demnach sind unter anderem die \u00d6ffnung von Spielpl\u00e4tzen sowie von Tierparks und \u00e4hnlichen Einrichtungen ab 6. Mai 2020 vorgesehen. Bereits ab 4. Mai 2020 soll die Grenze von 800 Quadratmetern bei Einzelhandelsgesch\u00e4ften entfallen. Die neue Rechtsverordnung wird noch am Wochenende erwartet.<\/p>\n\n\n\n<h4 class=\"wp-block-heading\">3.Unterst\u00fctzung f\u00fcr Familien und Kindesschutz \u2013 Familientelefon wird eingerichtet<\/h4>\n\n\n\n<p>Kontaktverbote, geschlossene Schulen und Kitas, Homeoffice oder Kurzarbeit bei den Eltern, gestresste Familien: Von den Einschr\u00e4nkungen im Zuge der Coronavirus-Pandemie sind viele Kinder und Jugendliche in Mannheim betroffen. \u201eDurch die Corona-Pandemie ist in den Familien jetzt vieles anders, sie sehen sich \u00f6fter und sind vielleicht auf engem Raum zusammen\u201c, sagt Familienb\u00fcrgermeister Dirk Grunert. \u201eZwar schwei\u00dft diese Lage viele Familien besonders zusammen. Aber es kann auch passieren, dass Konflikte in dieser Ausnahmesituation schneller eskalieren.\u201c Die Mitarbeitenden des Jugendamts sind auch weiterhin f\u00fcr die Mannheimer Familien erreichbar. \u201eWir unterst\u00fctzen sie auch in diesen besonderen Zeiten mit unseren Beratungs- und Hilfsangeboten und haben deshalb das Familientelefon eingerichtet\u201c, erkl\u00e4rt Grunert.<\/p>\n\n\n\n<p>Das Familientelefon ist ab Montag, 4. Mai, unter der Nummer 0621\/293-3939 werktags von 12 bis 17 Uhr erreichbar. Familien mit Kindern und Jugendlichen k\u00f6nnen sich mit Fragen, Sorgen und N\u00f6ten an die Fachkr\u00e4fte des Jugendamts wenden. Die Mitarbeitenden aus verschiedenen Bereichen wie den Psychologischen Beratungsstellen, Sozialen Diensten, der Jugendf\u00f6rderung oder der Amtsvormundschaft k\u00f6nnen Tipps geben, auf Unterst\u00fctzungsangebote hinweisen oder bei Bedarf passgenaue Hilfen vermitteln. \u00dcber das Familientelefon k\u00f6nnen auch mehrsprachige Ansprechpartnerinnen und -partner vermittelt werden.<\/p>\n\n\n\n<p>Die Corona-Pandemie stellt auch das Jugendamt selbst vor neue Herausforderungen: Zu allen Familien, mit denen bereits Kontakte, z.B. \u00fcber Hilfen zur Erziehung oder Eingliederungshilfe, bestehen, wird der Kontakt selbstverst\u00e4ndlich aufrechterhalten. Dies geschieht z.B. \u00fcber Telefon, E-Mail oder digitale Kommunikation mit Bild\u00fcbertragung. Wo es notwendig ist, wird es auch pers\u00f6nlichen Kontakt geben k\u00f6nnen. \u201eDer Kindesschutz steht dabei stets an oberster Stelle und wird uneingeschr\u00e4nkt sichergestellt\u201c, erkl\u00e4rt Dr. Peter Sch\u00e4fer, Leiter des Fachbereichs Jugendamt und Gesundheitsamt. \u201eAuch allen Hinweisen auf eine m\u00f6gliche Gef\u00e4hrdung des Kindeswohls gehen die Fachkr\u00e4fte selbstverst\u00e4ndlich nach\u201c, erg\u00e4nzt Dr. Peter Sch\u00e4fer.<\/p>\n\n\n\n<p>Neben dem Familientelefon stehen auch in direktem Kontakt Hilfen durch die Stadt Mannheim bereit:<\/p>\n\n\n\n<p>F\u00fcr Familien mit Kindern unter 3 Jahren gibt es Beratungsangebote bei den Fr\u00fchen Hilfen der Stadt Mannheim 0621-293 -3708, <a href=\"http:\/\/www.mannheim.de\/de\/service-bieten\/kinder-jugend-familie-und-senioren\/familie\/fruehe-hilfen\">www.mannheim.de\/de\/service-bieten\/kinder-jugend-familie-und-senioren\/familie\/fruehe-hilfen<\/a>.<\/p>\n\n\n\n<p>Psychologische Beratungsstellen f\u00fcr Kinder, Jugendliche und Eltern der Stadt Mannheim:<\/p>\n\n\n\n<p>\u2022 Beratungsstelle Nord, Telefon: 0621\/293-5530<br> \u2022 Beratungsstelle Mitte, Telefon: 0621\/293-8866<br> \u2022 Beratungsstelle S\u00fcd, Telefon: 0621\/293-6040<br> \u2022 Internet:<a href=\"http:\/\/www.pb-mannheim.de\">www.pb-mannheim.de<\/a> (dort gibt es auch Hinweise zu den Beratungsstellen freier Tr\u00e4ger)<\/p>\n\n\n\n<p>Soziale Dienste: <\/p>\n\n\n\n<p>\u2022 Region 1 (Sandhofen, Sch\u00f6nau, Gartenstadt, Luzenberg, Waldhof sowie Speckweg \u00f6stl. der Hess. Stra\u00dfe und Sonnenschein), Telefon: 0621\/293-3951<br>\n\u2022 Region 2 (Neckarstadt-Ost und -West, Friesenheimer Insel), Telefon: 0621\/293-9178<br>\n\u2022 Region 3 (Innenstadt, Jungbusch, Oststadt, Schwetzingerstadt, Lindenhof, Feudenheim, K\u00e4fertal, Vogelstang, Stra\u00dfenheim, Wallstadt, Franklin), Telefon: 0621\/293-3635<br>\n\u2022 Region 4 (Almenhof, Neckarau, Niederfeld, Casterfeld, Rheinau, Pfingstberg, Hochst\u00e4tt, Seckenheim, Friedrichsfeld, Neuostheim, Neuhermsheim), Telefon: 0621\/293-6835<br>\n\u2022 Eine akute Gef\u00e4hrdungslage von jungen Menschen kann der Kindesschutzstelle unter der Notrufnummer 0621\/293-3700 mitgeteilt werden.<\/p>\n\n\n\n<h3 class=\"wp-block-heading\" style=\"text-align:center\">57.Aktuelle Meldung zu Corona 01.05.2020<\/h3>\n\n\n\n<h4 class=\"wp-block-heading\">Aktuelle Fallzahlen \u2013 Zahl der nachgewiesenen Corona-F\u00e4lle in Mannheim steigt auf 451<\/h4>\n\n\n\n<p>Dem Gesundheitsamt Mannheim wurden bis heute Nachmittag, 01.05.2020, 16.00 Uhr, 6 weitere F\u00e4lle von nachgewiesenen Coronavirus-Infektionen gemeldet. Damit erh\u00f6ht sich die Zahl der best\u00e4tigten F\u00e4lle in Mannheim insgesamt auf 451. Die weit \u00fcberwiegende Zahl aller in Mannheim bislang nachgewiesenen Infizierten zeigen nur milde Krankheitsanzeichen und k\u00f6nnen in h\u00e4uslicher Quarant\u00e4ne verbleiben.<\/p>\n\n\n\n<p>Das Gesundheitsamt ermittelt nun die weiteren Kontaktpersonen aller nachgewiesen Infizierten, insbesondere im Bereich der sogenannten vulnerablen Gruppen, nimmt Kontakt mit diesen auf und begleitet diese w\u00e4hrend der h\u00e4uslichen Quarant\u00e4ne. Seit der vergangenen Woche werden sie auch ohne Symptome auf das Virus getestet. Alle beteiligten \u00c4rzte, Gesundheitsbeh\u00f6rden sowie das Kompetenzzentrum Gesundheitsschutz am Landesgesundheitsamt arbeiten dabei eng zusammen.<\/p>\n\n\n\n<p>Bislang sind in Mannheim 382 Personen genesen, die h\u00e4usliche Quarant\u00e4ne wurde bei ihnen aufgehoben.<\/p>\n\n\n\n<h3 class=\"wp-block-heading\" style=\"text-align:center\">56.Aktuelle Meldung zu Corona 30.04.2020<\/h3>\n\n\n\n<ol><li> Aktuelle Fallzahlen<\/li><li> Spielpl\u00e4tze<\/li><li> Konzept zur stufenweisen \u00d6ffnung der Stadtparks<\/li><li> \u00d6ffnung Museen<\/li><li> Spielpl\u00e4tze<\/li><li> Pflicht zum Tragen eines Mund- und Nasenschutzes auch an Haltestellen<\/li><li> Allgemeines<\/li><\/ol>\n\n\n\n<h4 class=\"wp-block-heading\">1.Aktuelle Fallzahlen &#8211; Zahl der nachgewiesenen Corona-F\u00e4lle in Mannheim steigt auf 445<\/h4>\n\n\n\n<p>Dem Gesundheitsamt Mannheim wurden bis heute Nachmittag, 30.04.2020, 16.00 Uhr, 2 weitere F\u00e4lle von nachgewiesenen Coronavirus-Infektionen gemeldet. Damit erh\u00f6ht sich die Zahl der best\u00e4tigten F\u00e4lle in Mannheim insgesamt auf 445. Die weit \u00fcberwiegende Zahl aller in Mannheim bislang nachgewiesenen Infizierten zeigen nur milde Krankheitsanzeichen und k\u00f6nnen in h\u00e4uslicher Quarant\u00e4ne verbleiben.<br>Das Gesundheitsamt ermittelt nun die weiteren Kontaktpersonen aller nachgewiesen Infizierten, insbesondere im Bereich der sogenannten vulnerablen Gruppen, nimmt Kontakt mit diesen auf und begleitet diese w\u00e4hrend der h\u00e4uslichen Quarant\u00e4ne. Seit der vergangenen Woche werden sie auch ohne Symptome auf das Virus getestet. Alle beteiligten \u00c4rzte, Gesundheitsbeh\u00f6rden sowie das Kompetenzzentrum Gesundheitsschutz am Landesgesundheitsamt arbeiten dabei eng zusammen.<br>Bislang sind in Mannheim 380 Personen genesen, die h\u00e4usliche Quarant\u00e4ne wurde bei ihnen aufgehoben.<\/p>\n\n\n\n<h4 class=\"wp-block-heading\">2.Spielpl\u00e4tze<\/h4>\n\n\n\n<p>Kinderspielpl\u00e4tze f\u00fcr die Altersgruppen bis 14 Jahre (d.h. Kleinkindangebot f\u00fcr bis 6 J\u00e4hrige und Ger\u00e4tespielangebot f\u00fcr bis 14 J\u00e4hrige) sollen unter Auflagen wieder freigegeben werden.<br>Der Zeitpunkt wird sich nach der Rechtsverordnung des Landes richten. Bei einer Freigabe ist vorgesehen, dass die Abstandsregeln dort einzuhalten sind. Kinder sollen den Spielplatz nur in Begleitung eines Erwachsenen betreten d\u00fcrfen. Zum Mund-Nase-Schutz gilt die allgemeine Regelung f\u00fcr alle \u00fcber 6j\u00e4hrigen Kinder. Einzelheiten h\u00e4ngen von der neuen Rechtsverordnung der Landesregierung Baden- W\u00fcrttemberg ab.<br>Bolz- und Sportspielpl\u00e4tze (f\u00fcr Jugendliche) bleiben bis auf weiteres geschlossen<\/p>\n\n\n\n<h4 class=\"wp-block-heading\">3.Konzept zur stufenweisen \u00d6ffnung der Stadtparks<\/h4>\n\n\n\n<p>F\u00fcr die beiden Mannheimer Stadtparks (Luisenpark und Herzogenriedpark) ist ein Konzept zur stufenweisen \u00d6ffnung erstellt worden. Wann eine m\u00f6gliche \u00d6ffnung erfolgt, h\u00e4ngt &#8211; nach der grunds\u00e4tzliche positiven Entscheidung der Ministerpr\u00e4sidentenkonferenz &#8211; von der neuen Rechtsverordnung der Landesregierung Baden- W\u00fcrttemberg ab, die dieser Tage erwartet wird. Es wird so eine \u00d6ffnung fr\u00fchestens am Montag, den 4.5. f\u00fcr Jahreskarteninhaber geben. Eine Besucherobergrenze sowie die Sperrung einzelner Parkbereiche (z.B. Pflanzenschauhaus) werden begleitende Ma\u00dfnahmen sein. Die Besucheranzahl wird dar\u00fcber hinaus jeweils aktuell im Netz dargestellt werden, um die Eingangssituation zu entspannen und Ansammlungen zu vermeiden.<\/p>\n\n\n\n<h4 class=\"wp-block-heading\">4.\u00d6ffnung Museen<\/h4>\n\n\n\n<p>In der Ministerpr\u00e4sidentenkonferenz wurde auch die M\u00f6glichkeit zur \u00d6ffnung der Museen angek\u00fcndigt.<br>Unter der Voraussetzung einer entsprechenden Rechtsverordnung des Landes werden die REM und das TECHNOSEUM zum 12.5. \u00f6ffnen. Die Kunsthalle wird das Haus f\u00fcr die Sonderausstellung \u201eWalker Evans revisited\u201c im Rahmen der Biennale f\u00fcr aktuelle Fotografie am Freitag, den 8.5. \u00f6ffnen. F\u00fcr die einzelnen Museen wurden Konzepte erarbeitet wie Bestimmungen zum Gesundheitsschutz eingehalten werden k\u00f6nnen. Diese werden nach Ma\u00dfgabe der erwarteten Rechtsverordnung des Landes Baden-W\u00fcrttemberg angepasst.<\/p>\n\n\n\n<p><strong>Nationaltheater Mannheim stellt den Vorstellungsbetrieb bis Spielzeitende ein<\/strong><\/p>\n\n\n\n<p>Das Nationaltheater Mannheim stellt den Vorstellungsbetrieb der laufenden Spielzeit 2019\/20 ein. Alle bisher f\u00fcr diese Spielzeit noch vorgesehenen Vorstellungen werden abgesagt. Das schlie\u00dft auch F\u00fchrungen, Begleitprogramme sowie Veranstaltungen an anderen Spielorten ein. Die Entscheidung wurde vom Nationaltheater in enger Abstimmung mit der Stadt Mannheim getroffen. Unter den zur Eind\u00e4mmung der Corona-Pandemie notwendigen Bedingungen f\u00fcr K\u00fcnstler*innen, sonstiges Personal und Publikum ist ein regul\u00e4rer Vorstellungsbetrieb organisatorisch auf absehbare Zeit nicht sinnvoll umzusetzen.<\/p>\n\n\n\n<p>Um gerade in diesen Zeiten, in denen kein Vorstellungbetrieb m\u00f6glich ist, f\u00fcr sein Publikum da zu sein und mit ihm in Kontakt zu bleiben, arbeitet das NTM sparten\u00fcbergreifend an neuen Formaten und Rubriken f\u00fcr sein im M\u00e4rz ins Leben gerufene Online-Angebot \u00bbDigitales Nationaltheater\u00ab, das auf der Webseite des Theaters sowie auf seinen Kan\u00e4len in den sozialen Medien Facebook, Instagram und Twitter verf\u00fcgbar ist.<br>Das Angebot des Digitalen Nationaltheaters ist kostenfrei und unter <a href=\"http:\/\/www.nationaltheater.de\">www.nationaltheater.de<\/a> sowie in den sozialen Medien abrufbar.<\/p>\n\n\n\n<p>Weitere Informationen: <a href=\"http:\/\/www.nationaltheater.de\">www.nationaltheater.de<\/a><\/p>\n\n\n\n<h4 class=\"wp-block-heading\">5.Spielpl\u00e4tze<\/h4>\n\n\n\n<p>Kinderspielpl\u00e4tze f\u00fcr die Altersgruppen bis 14 Jahre (d.h. Kleinkindangebot f\u00fcr bis 6 J\u00e4hrige und Ger\u00e4tespielangebot f\u00fcr bis 14 J\u00e4hrige) sollen unter Auflagen wieder freigegeben werden.<br>Der Zeitpunkt wird sich nach der Rechtsverordnung des Landes richten. Bei einer Freigabe ist vorgesehen, dass die Abstandsregeln dort einzuhalten sind. Kinder sollen den Spielplatz nur in Begleitung eines Erwachsenen betreten d\u00fcrfen. Zum Mund-Nase-Schutz gilt die allgemeine Regelung f\u00fcr alle \u00fcber 6j\u00e4hrigen Kinder. Einzelheiten h\u00e4ngen von der neuen Rechtsverordnung der Landesregierung Baden- W\u00fcrttemberg ab.<br>Bolz- und Sportspielpl\u00e4tze (f\u00fcr Jugendliche) bleiben bis auf weiteres geschlossen<\/p>\n\n\n\n<h4 class=\"wp-block-heading\">6.Pflicht zum Tragen eines Mund- und Nasenschutzes auch an Haltestellen<\/h4>\n\n\n\n<p>Die Rhein-Neckar-Verkehr GmbH (rnv) weist darauf hin, dass seit Montag bundesweit die Pflicht zum Tragen einer Mund- und Nasenbedeckung in Bussen, Bahnen und auch an den Haltestellen gilt.<br>Aktuelle Informationen zu den Auswirkungen der Corona-Pandemie auf den \u00d6PNV in der Region gibt es unter <a href=\"http:\/\/www.rnv-online.de\/coronavirus\">www.rnv-online.de\/coronavirus<\/a>.<\/p>\n\n\n\n<h4 class=\"wp-block-heading\">7.Allgemeines<\/h4>\n\n\n\n<p>Grunds\u00e4tzlich sind alle \u00d6ffnungen und Lockerungen wie auch Reaktionen auf aktuelle Gerichtsentscheidungen von der neuen oder erneuerten Rechtsverordnung des Landes Baden-W\u00fcrttemberg abh\u00e4ngig, die in den n\u00e4chsten Tagen erwartet wird. N\u00e4here Bestimmungen dazu wie sie im einzelnen in Mannheim umgesetzt werden, wird die Stadt Mannheim im Laufe der n\u00e4chsten Woche bekannt geben.<\/p>\n\n\n\n<h3 class=\"wp-block-heading\" style=\"text-align:center\">55.Aktuelle Meldung zu Corona 29.04.2020<\/h3>\n\n\n\n<ol><li> Aktuelle Fallzahlen<\/li><li> Corona-Virus: Ausweitung der Teststrategie<\/li><li> Grundschulkinder f\u00f6rdern \u2013 jetzt auch als \u201eDigiTandem\u201c<\/li><li> Stadtteilbibliothek Vogelstang wieder ge\u00f6ffnet &#8211; Dank Aktion Sorgentopf 80 neue B\u00fccher f\u00fcr Kinder angeschafft<\/li><li> \u00d6ffnung der B\u00fcrgerservice-Standorte Neckarstadt und Neckarau ab 4. Mai 2020<\/li><li> Betreten aller Dienstgeb\u00e4ude des Fachbereichs Arbeit und Soziales nur mit Mund-Nasen-Bedeckung<\/li><li> Richtlinien zur \u00d6ffnung von Friseurbetrieben<\/li><li> Corona-Sidefonds f\u00fcr technologieorientierte Start-ups<\/li><li> Oberb\u00fcrgermeister, Landr\u00e4te und Polizeipr\u00e4sidenten aus der Metropolregion bitten Bev\u00f6lkerung um Mithilfe<\/li><\/ol>\n\n\n\n<h4 class=\"wp-block-heading\">1.Aktuelle Fallzahlen &#8211; Zahl der nachgewiesenen Corona-F\u00e4lle in Mannheim steigt auf 443<\/h4>\n\n\n\n<p>Dem Gesundheitsamt Mannheim wurde bis heute Nachmittag, 29.04.2020, 16.00 Uhr, 1 weiterer Fall von nachgewiesenen Coronavirus-Infektionen gemeldet. Damit erh\u00f6ht sich die Zahl der best\u00e4tigten F\u00e4lle in Mannheim insgesamt auf 443. Die weit \u00fcberwiegende Zahl aller in Mannheim bislang nachgewiesenen Infizierten zeigen nur milde Krankheitsanzeichen und k\u00f6nnen in h\u00e4uslicher Quarant\u00e4ne verbleiben.<\/p>\n\n\n\n<p>Das Gesundheitsamt ermittelt nun die weiteren Kontaktpersonen aller nachgewiesen Infizierten, insbesondere im Bereich der sogenannten vulnerablen Gruppen, nimmt Kontakt mit diesen auf und begleitet diese w\u00e4hrend der h\u00e4uslichen Quarant\u00e4ne. Alle beteiligten \u00c4rzte, Gesundheitsbeh\u00f6rden sowie das Kompetenzzentrum Gesundheitsschutz am Landesgesundheitsamt arbeiten dabei eng zusammen.<\/p>\n\n\n\n<p>Bislang sind in Mannheim 372 Personen genesen, die h\u00e4usliche Quarant\u00e4ne wurde bei ihnen aufgehoben.<\/p>\n\n\n\n<h4 class=\"wp-block-heading\">2.Corona-Virus: Ausweitung der Teststrategie<\/h4>\n\n\n\n<p>Weiterhin gilt es, Coronavirus-Erkrankungen so fr\u00fch wie m\u00f6glich zu identifizieren und zu isolieren, um Infektionsketten schnellstm\u00f6glich zu unterbrechen. Denn trotz Lockerungen der Kontaktbeschr\u00e4nkungen, soll eine Zunahme von Erkrankungen in der Bev\u00f6lkerung vermieden werden. Die baden-w\u00fcrttembergische Landesregierung verfolgt dieses Ziel mit einer erweiterten Testkonzeption, die in Mannheim bereits umgesetzt und erweitert wird.<br>Konsequent werden alle engen Kontaktpersonen (der Kategorie 1) von best\u00e4tigten Corona-Virus-F\u00e4llen getestet \u2013 auch wenn sie selbst keine Symptome aufweisen. Dies sind diejenigen Personen, die mindestens 15 Minuten mit einer SARS-CoV-2-erkrankten Person gesprochen haben, beziehungsweise Kontakt zu deren K\u00f6rpersekreten hatten, zum Beispiel durch Anhusten oder Anniesen. Dies k\u00f6nnen unter anderem Personen bei Erkrankungsh\u00e4ufungen in Gemeinschaftsunterk\u00fcnften und Betrieben sein, in medizinischen Einrichtungen und in der station\u00e4ren Pflege. Besonders bei \u00e4lteren Personen oder Personen mit Vorerkrankungen sollte bei Krankheitszeichen eines Atemwegsinfekts zeitnah eine Corona-Testung erfolgen.<br>Zudem werden ab sofort in Mannheim nicht nur Personen mit Krankheitsanzeichen getestet, wenn sie Kontakt zu einem best\u00e4tigten COVID-19-Fall hatten oder zu einer Risikogruppe angeh\u00f6ren. Hier geht Mannheim noch einen Schritt weiter: Es werden ab sofort alle Personen getestet, die Symptome einer Atemwegserkrankung aufweisen, auch ohne direkten Kontakt zu best\u00e4tigten F\u00e4llen oder ohne bekannte Risikofaktoren.<br> \u201eDie fr\u00fchzeitige Testung ist f\u00fcr die Unterbrechung von Infektionsketten von Bedeutung\u201c, erkl\u00e4rt Dr. Peter Sch\u00e4fer, Leiter des Fachbereichs Jugendamt und Gesundheitsamt.<\/p>\n\n\n\n<h4 class=\"wp-block-heading\">3.Grundschulkinder f\u00f6rdern \u2013 jetzt auch als \u201eDigiTandem\u201c<\/h4>\n\n\n\n<p>Um weitere Grundschulkinder mit Startschwierigkeiten im Homeschooling zu unterst\u00fctzen und die Eltern zu entlasten, wurde ein neues Projekt ins Leben gerufen: \u201eDigiTandem\u201c bringt ehrenamtliche Mentor*innen mit Grundschulkindern virtuell zusammen. Die Ehrenamtlichen k\u00f6nnen einfach von Zuhause helfen. Ein sogenanntes \u201eDigiTandem\u201c kann jeder werden, der einmal w\u00f6chentlich f\u00fcr zirka zwei Stunden Zeit hat, einem Grundschulkind per Videocall oder Telefonie schulische Unterst\u00fctzung zu geben. W\u00e4hrend der gesamten Tandemzeit gibt es professionelle Begleitung vom Mentoring-Programm KinderHelden. Die Projektdauer ist erst einmal bis zum Ende der Sommerferien befristet.<br>Das \u201eDigiTandem\u201c Projekt ist ein Kooperationsprojekt mit der Stadt Mannheim, Fachbereich Bildung. Wer sich vorstellen kann, ein Grundschulkind auf diese Weise regelm\u00e4\u00dfig zu unterst\u00fctzen, bekommt im Internet unter <a href=\"http:\/\/www.kinderhelden.info\">www.kinderhelden.info<\/a> oder unter Telefon 0621\/180 663-60 weitere Informationen.<\/p>\n\n\n\n<h4 class=\"wp-block-heading\">4.\u00d6ffnung der B\u00fcrgerservice-Standorte Neckarstadt und Neckarau ab 4. Mai 2020<\/h4>\n\n\n\n<p>Ab Montag, 4. Mai, werden die B\u00fcrgerservices Neckarstadt und Neckarau zu den \u00fcblichen \u00d6ffnungszeiten wieder zur Verf\u00fcgung stehen. Die beiden Standorte K 7 und Waldhof waren durchg\u00e4ngig f\u00fcr die B\u00fcrgerinnen und B\u00fcrger ge\u00f6ffnet, jetzt k\u00f6nnen auch wieder Termine f\u00fcr zwei weitere Standorte vereinbart werden. Der Beh\u00f6rdenzugang bei den B\u00fcrgerdiensten ist ausschlie\u00dflich mit Termin m\u00f6glich. Nutzen Sie zur Terminvereinbarung die Hotline 293-2628, 293-7600 oder 293-6850. Fragen rund um das Thema KFZ werden auch unter der Hotline 293-6850 beantwortet.<\/p>\n\n\n\n<p>Bitte beachten: Der B\u00fcrgerservice Neckarstadt ist umgezogen. Zusammen mit der Stadtteilbibliothek Neckarstadt ist der B\u00fcrgerservice nun in der Mittelstra\u00dfe 40 zu finden.<br><strong>Wichtiger Hinweis: <\/strong>Der Zutritt zu allen Dienstgeb\u00e4uden des Fachbereichs B\u00fcrgerdienste ist nur mit einer Mund-Nasen-Bedeckung gestattet.<\/p>\n\n\n\n<h4 class=\"wp-block-heading\">5.Betreten aller Dienstgeb\u00e4ude des Fachbereichs Arbeit und Soziales nur mit Mund-Nasen-Bedeckung<\/h4>\n\n\n\n<p>Das Betreten aller Dienstgeb\u00e4ude des Fachbereichs Arbeit und Soziales ist f\u00fcr Besucher*innen und B\u00fcrger*innen nur mit einer Mund-Nasen-Bedeckung gestattet.<br><a href=\"https:\/\/www.mannheim.de\/de\/service-bieten\/soziales\">https:\/\/www.mannheim.de\/de\/service-bieten\/soziales<\/a><\/p>\n\n\n\n<h4 class=\"wp-block-heading\">6.Richtlinien zur \u00d6ffnung von Friseurbetrieben<\/h4>\n\n\n\n<p>Nach Beschluss von Bund und L\u00e4ndern d\u00fcrfen Friseurbetriebe unter strengen Auflagen ab Montag, 4. Mai, wieder \u00f6ffnen. Heute haben das Ministerium f\u00fcr Wirtschaft, Arbeit und Wohnungsbau und das Ministerium f\u00fcr Soziales und Integration eine gemeinsame Richtlinie zu den Hygiene- und Schutzma\u00dfnahmen in Friseurbetrieben ver\u00f6ffentlicht. Diese ist auf der Homepage des Landes unter <a href=\"https:\/\/wm.baden-wuerttemberg.de\/de\/service\/aktuelle-infos-zu-corona\/richtlinie-zur-oeffnung-von-friseurbetrieben\/\">https:\/\/wm.baden-wuerttemberg.de\/de\/service\/aktuelle-infos-zu-corona\/richtlinie-zur-oeffnung-von-friseurbetrieben\/<\/a> abrufbar.<\/p>\n\n\n\n<p>Die Stadt Mannheim orientiert sich in der Umsetzung an der Rechtsverordnung des Landes. Zur Eind\u00e4mmung einer \u00dcbertragung des Corona-Virus in Friseurbetrieben bittet die Stadt alle B\u00fcrgerinnen und B\u00fcrger, sich vor einem Friseurbesuch mit den Richtlinien vertraut zu machen. Unabdingbar ist beispielsweise eine vorherige Terminvergabe, bei welcher der Kundenwunsch so detailliert wie m\u00f6glich dargestellt werden soll, um die Kommunikation im Salon auf ein Minimum zu reduzieren. Auch kann die Dienstleistung nur dann durchgef\u00fchrt werden, wenn der Kunde beziehungsweise die Kundin eine Mund-Nasen-Bedeckung benutzt. Die Anwesenheit einer Begleitperson ist w\u00e4hrend der Dienstleistung in der Regel untersagt.<br>Die Gewerbeaufsicht und der st\u00e4dtische Ordnungsdienst werden die Regelungen stichprobenweise \u00fcberpr\u00fcfen.<\/p>\n\n\n\n<h4 class=\"wp-block-heading\">7.Corona-Sidefonds f\u00fcr technologieorientierte Start-ups<\/h4>\n\n\n\n<p>Ein Corona-Sidefonds f\u00fcr technologieorientierte Start-ups wird bei der Beteiligungsfonds Wirtschaftsf\u00f6rderung Mannheim GmbH eingerichtet.<br> <a href=\"https:\/\/www.mannheim.de\/de\/nachrichten\/corona-sidefonds-fuer-start-ups\">https:\/\/www.mannheim.de\/de\/nachrichten\/corona-sidefonds-fuer-start-ups<\/a><\/p>\n\n\n\n<h4 class=\"wp-block-heading\">8.Oberb\u00fcrgermeister, Landr\u00e4te und Polizeipr\u00e4sidenten aus der Metropolregion bitten Bev\u00f6lkerung um Mithilfe<\/h4>\n\n\n\n<p>Bei der Eind\u00e4mmung der Coronavirus-Pandemie sind wichtige Etappenziele erreicht worden \u2013 die bisherigen Erfolge d\u00fcrfen aber nicht aufs Spiel gesetzt werden. Deshalb bitten die Oberb\u00fcrgermeister der St\u00e4dte Heidelberg und Mannheim, Professor Dr. Eckart W\u00fcrzner und Dr. Peter Kurz, sowie die beiden Landr\u00e4te des Neckar-Odenwald-Kreises und Rhein-Neckar-Kreises, Dr. Achim Br\u00f6tel und Stefan Dallinger, und die Pr\u00e4sidenten der Polizeipr\u00e4sidien Mannheim und Heilbronn, Andreas Stenger und Hans Becker, die Bev\u00f6lkerung weiterhin um Geduld und aktive Mithilfe bei der Bek\u00e4mpfung der Pandemie.<br> <a href=\"https:\/\/www.mannheim.de\/de\/nachrichten\/bitte-um-geduld-in-der-corona-pandemie\">https:\/\/www.mannheim.de\/de\/nachrichten\/bitte-um-geduld-in-der-corona-pandemie<\/a><\/p>\n\n\n\n<h4 class=\"wp-block-heading\">9.Stadtteilbibliothek Vogelstang wieder ge\u00f6ffnet &#8211; Dank Aktion Sorgentopf 80 neue B\u00fccher f\u00fcr Kinder angeschafft<\/h4>\n\n\n\n<p>Die Stadtteilbibliothek Vogelstang ist eingeschr\u00e4nkt wieder ge\u00f6ffnet. Die R\u00e4ume sind kein Aufenthaltsort mehr, Sitzm\u00f6glichkeiten wurden entfernt. Es gelten die \u00fcblichen Hygiene- und Abstandsregelungen sowie die Maskenpflicht. Au\u00dferdem d\u00fcrfen sich nicht mehr als 15 Personen gleichzeitig in der Bibliothek aufhalten.<\/p>\n\n\n\n<p>Die regul\u00e4ren \u00d6ffnungszeiten sind: montags von 13 Uhr bis 18 Uhr, mittwochs von 12 Uhr bis 17 Uhr, donnerstags von 10 Uhr bis 12 Uhr sowie von 13 Uhr bis 17 Uhr und freitags von 10 Uhr bis 13 Uhr.<\/p>\n\n\n\n<p>Die Aktion Sorgentopf hat dem Freundeskreis Stadtbibliothek 800 Euro gespendet. Von diesem Geld hat das Bibliotheksteam 80 B\u00fccher f\u00fcr Kinder der ersten bis vierten Klassen gekauft.<\/p>\n\n\n\n<h3 class=\"wp-block-heading\" style=\"text-align:center\">54.Aktuelle Meldung zu Corona 28.04.2020<\/h3>\n\n\n\n<ol><li>Aktuelle Fallzahlen<\/li><li>OB Dr. Peter Kurz unterzeichnet deutsch-italienischen Appell zum Zusammenhalt in Europa in der Corona-Krise<\/li><li>Informationen zu den B\u00fcrgerdiensten<\/li><\/ol>\n\n\n\n<h4 class=\"wp-block-heading\">1.Aktuelle Fallzahlen &#8211; Zahl der nachgewiesenen Corona-F\u00e4lle in Mannheim steigt auf 442<\/h4>\n\n\n\n<p>Dem Gesundheitsamt Mannheim wurden bis heute Nachmittag, 28.04.2020, 16.00 Uhr, 4 weitere F\u00e4lle von nachgewiesenen Coronavirus-Infektionen gemeldet. Damit erh\u00f6ht sich die Zahl der best\u00e4tigten F\u00e4lle in Mannheim insgesamt auf 442. Die weit \u00fcberwiegende Zahl aller in Mannheim bislang nachgewiesenen Infizierten zeigen nur milde Krankheitsanzeichen und k\u00f6nnen in h\u00e4uslicher Quarant\u00e4ne verbleiben.<br>Das Gesundheitsamt ermittelt nun die weiteren Kontaktpersonen aller nachgewiesen Infizierten, insbesondere im Bereich der sogenannten vulnerablen Gruppen, nimmt Kontakt mit diesen auf und begleitet diese w\u00e4hrend der h\u00e4uslichen Quarant\u00e4ne. Alle beteiligten \u00c4rzte, Gesundheitsbeh\u00f6rden sowie das Kompetenzzentrum Gesundheitsschutz am Landesgesundheitsamt arbeiten dabei eng zusammen.<br>Bislang sind in Mannheim 353 Personen genesen, die h\u00e4usliche Quarant\u00e4ne wurde bei ihnen aufgehoben.<\/p>\n\n\n\n<h4 class=\"wp-block-heading\">2.OB Dr. Peter Kurz unterzeichnet deutsch-italienischen Appell zum Zusammenhalt in Europa in der Corona-Krise<\/h4>\n\n\n\n<p>Oberb\u00fcrgermeister Dr. Peter Kurz hat den deutsch-italienischen Appell des Vereins United Europe, der sich an die Regierungen aller Mitgliedstaaten und an die EU-Institutionen wendet und zu mehr Solidarit\u00e4t in Europa aufruft, unterzeichnet.<br><a href=\"https:\/\/www.mannheim.de\/de\/nachrichten\/ob-dr-kurz-unterzeichnet-solidaritaets-appell\">https:\/\/www.mannheim.de\/de\/nachrichten\/ob-dr-kurz-unterzeichnet-solidaritaets-appell<\/a><\/p>\n\n\n\n<h4 class=\"wp-block-heading\">3.Informationen zu den B\u00fcrgerdiensten<\/h4>\n\n\n\n<p>Der Beh\u00f6rdengang beim Fachbereich B\u00fcrgerdienste ist momentan ausschlie\u00dflich mit Termin m\u00f6glich. Das Betreten aller Dienstgeb\u00e4ude des Fachbereichs B\u00fcrgerdienste ist f\u00fcr Besucher*innen und B\u00fcrger*innen nur mit einer Mund-Nasen-Bedeckung gestattet. Bitte nutzen Sie vor allem unser Online-Angebot, den E-Mail- oder Postversand, um die pers\u00f6nlichen Kontakte zu reduzieren. <a href=\"https:\/\/www.mannheim.de\/de\/service-bieten\/buergerdienste\/buergerservice\">https:\/\/www.mannheim.de\/de\/service-bieten\/buergerdienste\/buergerservice<\/a><\/p>\n\n\n\n<h3 class=\"wp-block-heading\" style=\"text-align:center\">Drei weitere Todesf\u00e4lle\/ 53.Aktuelle Meldung zu Corona 27.04.2020<\/h3>\n\n\n\n<ol><li>Aktuelle Fallzahlen<\/li><li>Videobotschaft des Oberb\u00fcrgermeisters Dr.Peter Kurz<\/li><li>Land richtet Hotline f\u00fcr Menschen mit psychischen Belastungen ein<\/li><\/ol>\n\n\n\n<h4 class=\"wp-block-heading\">1.Aktuelle Fallzahlen &#8211; 3 Todesf\u00e4lle &#8211; Zahl der nachgewiesenen Corona-F\u00e4lle in Mannheim steigt auf 438<\/h4>\n\n\n\n<p>Das Gesundheitsamt der Stadt Mannheim best\u00e4tigt drei Todesf\u00e4lle mit Coronavirus aus den letzten Tagen. Ein \u00fcber 70 Jahre alter Mann aus Mannheim verstarb heute in einer Mannheimer Klinik, am 25.04. verstarb eine \u00fcber 70 Jahre alte Frau aus Mannheim in einem Krankenhaus au\u00dferhalb Mannheims. Ein \u00fcber 80 Jahre alter Mann aus Mannheim war bereits am 22.04. in einem Mannheimer Krankenhaus verstorben.<\/p>\n\n\n\n<p>Dem Gesundheitsamt Mannheim wurden bis heute Nachmittag, 27.04.2020, 16.00 Uhr, 2 weitere F\u00e4lle von nachgewiesenen Coronavirus-Infektionen gemeldet. Damit erh\u00f6ht sich die Zahl der best\u00e4tigten F\u00e4lle in Mannheim insgesamt auf 438. Die weit \u00fcberwiegende Zahl aller in Mannheim bislang nachgewiesenen Infizierten zeigen nur milde Krankheitsanzeichen und k\u00f6nnen in h\u00e4uslicher Quarant\u00e4ne verbleiben.<\/p>\n\n\n\n<p>Das Gesundheitsamt ermittelt nun die weiteren Kontaktpersonen aller nachgewiesen Infizierten, insbesondere im Bereich der sogenannten vulnerablen Gruppen, nimmt Kontakt mit diesen auf und begleitet diese w\u00e4hrend der h\u00e4uslichen Quarant\u00e4ne. Alle beteiligten \u00c4rzte, Gesundheitsbeh\u00f6rden sowie das Kompetenzzentrum Gesundheitsschutz am Landesgesundheitsamt arbeiten dabei eng zusammen.<\/p>\n\n\n\n<p>Bislang sind in Mannheim 348 Personen genesen, die h\u00e4usliche Quarant\u00e4ne wurde bei ihnen aufgehoben.<\/p>\n\n\n\n<h4 class=\"wp-block-heading\">2.Videobotschaft des Oberb\u00fcrgermeisters Dr.Peter Kurz<\/h4>\n\n\n\n<figure class=\"wp-block-embed-youtube wp-block-embed is-type-video is-provider-youtube wp-embed-aspect-16-9 wp-has-aspect-ratio\"><div class=\"wp-block-embed__wrapper\">\n<iframe loading=\"lazy\" title=\"Maskenpflicht: Botschaft von Mannheims Oberb\u00fcrgermeister Dr.  Peter Kurz\" width=\"500\" height=\"281\" src=\"https:\/\/www.youtube.com\/embed\/xOSca-pSTS0?feature=oembed\" frameborder=\"0\" allow=\"accelerometer; autoplay; encrypted-media; gyroscope; picture-in-picture\" allowfullscreen><\/iframe>\n<\/div><\/figure>\n\n\n\n<h4 class=\"wp-block-heading\">3.Land richtet Hotline f\u00fcr Menschen mit psychischen Belastungen ein<\/h4>\n\n\n\n<p>Die Corona-Pandemie ist f\u00fcr viele Menschen im Land eine gro\u00dfe psychische Belastung. Zu eingeschr\u00e4nkten sozialen Kontakten und m\u00f6glichen Konflikten zu Hause kommen h\u00e4ufig Fragen, wie es mit dem eigenen Job und der Familie weitergeht. Gemeinsam mit dem Zentralinstitut f\u00fcr Seelische Gesundheit, der Landes\u00e4rztekammer, der Landespsychotherapeutenkammer und der Kassen\u00e4rztlichen Vereinigung Baden-W\u00fcrttemberg hat das Land eine Hotline zur psychosozialen Beratung eingerichtet. Unter der kostenfreien Nummer 0800 377 377 6 stehen Expert*innen dort t\u00e4glich von 8 bis 20 Uhr zur Verf\u00fcgung.<\/p>\n\n\n\n<h3 class=\"wp-block-heading\" style=\"text-align:center\">52.Aktuelle Meldung zu Corona 26.04.2020<\/h3>\n\n\n\n<h4 class=\"wp-block-heading\">Aktuelle Fallzahlen &#8211; Zahl der nachgewiesenen Corona-F\u00e4lle in Mannheim bleibt bei 436<\/h4>\n\n\n\n<p>Dem Gesundheitsamt Mannheim wurden bis heute Nachmittag, 26.04.2020, 16.00 Uhr, keine weiteren F\u00e4lle von nachgewiesenen Coronavirus-Infektionen gemeldet. Damit bleibt die Zahl der best\u00e4tigten F\u00e4lle in Mannheim insgesamt bei 436. Die weit \u00fcberwiegende Zahl aller in Mannheim bislang nachgewiesenen Infizierten zeigen nur milde Krankheitsanzeichen und k\u00f6nnen in h\u00e4uslicher Quarant\u00e4ne verbleiben.<\/p>\n\n\n\n<p>Bislang sind in Mannheim 330 Personen genesen, die h\u00e4usliche Quarant\u00e4ne wurde bei ihnen aufgehoben.<\/p>\n\n\n\n<h3 class=\"wp-block-heading\" style=\"text-align:center\">51.Meldung zu Corona 25.04.2020<\/h3>\n\n\n\n<h4 class=\"wp-block-heading\">Aktuelle Fallzahlen &#8211; Zahl der nachgewiesenen Corona-F\u00e4lle in Mannheim steigt auf 436<\/h4>\n\n\n\n<p>Dem Gesundheitsamt Mannheim wurden bis heute Nachmittag, 25.04.2020, 16.00 Uhr, 2 weitere F\u00e4lle von nachgewiesenen Coronavirus-Infektionen gemeldet. Damit erh\u00f6ht sich die Zahl der best\u00e4tigten F\u00e4lle in Mannheim insgesamt auf 436. Die weit \u00fcberwiegende Zahl aller in Mannheim bislang nachgewiesenen Infizierten zeigen nur milde Krankheitsanzeichen und k\u00f6nnen in h\u00e4uslicher Quarant\u00e4ne verbleiben.<\/p>\n\n\n\n<p>Das Gesundheitsamt ermittelt nun die weiteren Kontaktpersonen aller nachgewiesen Infizierten, insbesondere im Bereich der sogenannten vulnerablen Gruppen, nimmt Kontakt mit diesen auf und begleitet diese w\u00e4hrend der h\u00e4uslichen Quarant\u00e4ne. Alle beteiligten \u00c4rzte, Gesundheitsbeh\u00f6rden sowie das Kompetenzzentrum Gesundheitsschutz am Landesgesundheitsamt arbeiten dabei eng zusammen.<\/p>\n\n\n\n<p>Bislang sind in Mannheim 329 Personen genesen, die h\u00e4usliche Quarant\u00e4ne wurde bei ihnen aufgehoben.<\/p>\n\n\n\n<h3 class=\"wp-block-heading\" style=\"text-align:center\"><strong>7. Todesfall \/ 50. Aktuelle Meldung zu Corona 24.04.2020<\/strong><\/h3>\n\n\n\n<p>1.Todesfall \/ 50. Aktuelle Meldung zu Corona 24.04.2020<\/p>\n\n\n\n<p>2.Aktuelle Fallzahlen<\/p>\n\n\n\n<h4 class=\"wp-block-heading\">Aktuelle Fallzahlen \u2013 Siebter Todesfall in Mannheim &#8211; Zahl der nachgewiesenen Corona-F\u00e4lle in Mannheim steigt auf 434<\/h4>\n\n\n\n<p>Das Gesundheitsamt der Stadt Mannheim best\u00e4tigt heute einen siebten Todesfall mit Coronavirus in Mannheim. Ein \u00fcber 80 Jahre alter Mann aus Mannheim ist in einem Mannheimer Krankenhaus verstorben.<\/p>\n\n\n\n<p>Dem Gesundheitsamt Mannheim wurden bis heute Nachmittag, 24.04.2020, 16.00 Uhr, 6 weitere F\u00e4lle von nachgewiesenen Coronavirus-Infektionen gemeldet. Damit erh\u00f6ht sich die Zahl der best\u00e4tigten F\u00e4lle in Mannheim insgesamt auf 434. Die weit \u00fcberwiegende Zahl aller in Mannheim bislang nachgewiesenen Infizierten zeigen nur milde Krankheitsanzeichen und k\u00f6nnen in h\u00e4uslicher Quarant\u00e4ne verbleiben.<\/p>\n\n\n\n<p>Das Gesundheitsamt ermittelt nun die weiteren Kontaktpersonen aller nachgewiesen Infizierten, insbesondere im Bereich der sogenannten vulnerablen Gruppen, nimmt Kontakt mit diesen auf und begleitet diese w\u00e4hrend der h\u00e4uslichen Quarant\u00e4ne. Alle beteiligten \u00c4rzte, Gesundheitsbeh\u00f6rden sowie das Kompetenzzentrum Gesundheitsschutz am Landesgesundheitsamt arbeiten dabei eng zusammen.<\/p>\n\n\n\n<p>Bislang sind in Mannheim 329 Personen genesen, die h\u00e4usliche Quarant\u00e4ne wurde bei ihnen aufgehoben.<\/p>\n\n\n\n<h4 class=\"wp-block-heading\">2.Kita-Geb\u00fchren f\u00fcr Mai werden nicht eingezogen<\/h4>\n\n\n\n<p>Die Stadt Mannheim hat den Einzug der Kita-Geb\u00fchren f\u00fcr den Monat Mai f\u00fcr die st\u00e4dtischen Kindertageseinrichtungen gestoppt. Eine endg\u00fcltige Entscheidung \u00fcber die Kita-Geb\u00fchren soll zeitnah getroffen werden. Die Stadt befindet sich derzeit in Kl\u00e4rung mit dem Land bez\u00fcglich einer einheitlichen Regelung. Ebenso m\u00fcssen noch die entsprechenden st\u00e4dtischen Gremien einbezogen werden und hier\u00fcber entscheiden.<br>\nF\u00fcr Eltern, die Notbetreuung in Anspruch nehmen, fallen die regul\u00e4ren Monatsgeb\u00fchren an.<\/p>\n\n\n\n<p>F\u00fcr die Eltern, die keine Notbetreuung wahrnehmen, wird die Verwaltung dem Gemeinderat vorschlagen, die Geb\u00fchren zu erlassen. Auch freie Tr\u00e4ger sollen f\u00fcr diese F\u00e4lle wieder eine Erstattung bis zur H\u00f6he der kommunalen Geb\u00fchren erhalten.<\/p>\n\n\n\n<p>Auch f\u00fcr die Betreuungsangebote im Bereich Kindertagespflege sollen wieder f\u00fcr den Monat Mai die kommunalen Kostenbeitr\u00e4ge an die Stadt entfallen. Die privatrechtliche Zuzahlung, die die Eltern an die Kindertagespflegeperson zahlen und mit dieser individuell vereinbaren, ist hiervon nicht tangiert. Auch den Kindertagespflegepersonen will die Stadt f\u00fcr den Monat Mai wieder einen (um die Sachkosten reduzierten) Zuschuss gew\u00e4hren, damit diese beispielsweise ihre Zahlungen f\u00fcr Krankenversicherung und Miete sicherstellen k\u00f6nnen.<\/p>\n\n\n\n<h3 class=\"wp-block-heading\" style=\"text-align:center\">6.Todesfall \/39. Aktuelle Meldung zu Corona 14.04.2020<\/h3>\n\n\n\n<p>Das Gesundheitsamt der Stadt Mannheim best\u00e4tigt heute einen sechsten Todesfall mit Coronavirus in Mannheim. Ein \u00fcber 80 Jahre alter Mann aus Mannheim ist am Montag, 13. April 2020, in einem Mannheimer Krankenhaus verstorben.<\/p>\n\n\n\n<p><strong>1. Aktuelle Fallzahlen &#8211; Zahl der nachgewiesenen Corona-F\u00e4lle in Mannheim steigt auf 398<\/strong><\/p>\n\n\n\n<p>Dem Gesundheitsamt Mannheim wurden bis heute Nachmittag, 14.04.2020, 16.00 Uhr, 10 weitere F\u00e4lle von nachgewiesenen Coronavirus-Infektionen gemeldet. Damit erh\u00f6ht sich die Zahl der best\u00e4tigten F\u00e4lle in Mannheim insgesamt auf 398. Die weit \u00fcberwiegende Zahl aller in Mannheim bislang nachgewiesenen Infizierten zeigen nur milde Krankheitsanzeichen und k\u00f6nnen in h\u00e4uslicher Quarant\u00e4ne verbleiben.<\/p>\n\n\n\n<p>Das Gesundheitsamt ermittelt nun die weiteren Kontaktpersonen aller nachgewiesen Infizierten, insbesondere im Bereich der sogenannten vulnerablen Gruppen, nimmt Kontakt mit diesen auf und begleitet diese w\u00e4hrend der h\u00e4uslichen Quarant\u00e4ne. Alle beteiligten \u00c4rzte, Gesundheitsbeh\u00f6rden sowie das Kompetenzzentrum Gesundheitsschutz am Landesgesundheitsamt arbeiten dabei eng zusammen.<\/p>\n\n\n\n<p>Bislang sind in Mannheim 211 Personen genesen, die h\u00e4usliche Quarant\u00e4ne wurde bei ihnen aufgehoben.<\/p>\n\n\n\n<p><strong>2. Der nicht\u00f6ffentliche Ausschuss f\u00fcr Umwelt und Technik und der Verwaltungsstab der Stadt Mannheim tagten heute mit Maske.<\/strong><br><a href=\"https:\/\/www.mannheim.de\/de\/nachrichten\/der-nichtoeffentliche-ausschuss-fuer-umwelt-und-technik-und-der-verwaltungsstab-der-stadt-mannheim\">https:\/\/www.mannheim.de\/de\/nachrichten\/der-nichtoeffentliche-ausschuss-fuer-umwelt-und-technik-und-der-verwaltungsstab-der-stadt-mannheim<\/a><\/p>\n\n\n\n<h3 class=\"wp-block-heading\" style=\"text-align:center\">5.Todesfall\/ 37. Aktuelle Meldung zu Corona 12.04.2020<\/h3>\n\n\n\n<p>Das Gesundheitsamt der Stadt Mannheim best\u00e4tigt heute einen f\u00fcnften Todesfall mit Coronavirus in Mannheim. Ein \u00fcber 60 Jahre alter Mann aus Mannheim ist am Samstag, 11. April 2020, in einem Mannheimer Krankenhaus verstorben.<\/p>\n\n\n\n<p><strong>1.Aktuelle Fallzahlen &#8211; Zahl der nachgewiesenen Corona-F\u00e4lle in Mannheim steigt auf 388<\/strong><\/p>\n\n\n\n<p>Dem Gesundheitsamt Mannheim wurden bis heute Nachmittag, 12.04.2020, 16.00 Uhr, 5 weitere F\u00e4lle von nachgewiesenen Coronavirus-Infektionen gemeldet. Damit erh\u00f6ht sich die Zahl der best\u00e4tigten F\u00e4lle in Mannheim insgesamt auf 388. Die weit \u00fcberwiegende Zahl aller in Mannheim bislang nachgewiesenen Infizierten zeigen nur milde Krankheitsanzeichen und k\u00f6nnen in h\u00e4uslicher Quarant\u00e4ne verbleiben.<\/p>\n\n\n\n<p>Das Gesundheitsamt ermittelt nun die weiteren Kontaktpersonen aller nachgewiesen Infizierten, insbesondere im Bereich der sogenannten vulnerablen Gruppen, nimmt Kontakt mit diesen auf und begleitet diese w\u00e4hrend der h\u00e4uslichen Quarant\u00e4ne. Alle beteiligten \u00c4rzte, Gesundheitsbeh\u00f6rden sowie das Kompetenzzentrum Gesundheitsschutz am Landesgesundheitsamt arbeiten dabei eng zusammen.<\/p>\n\n\n\n<p>Bislang sind in Mannheim 193 Personen genesen, die h\u00e4usliche Quarant\u00e4ne wurde bei ihnen aufgehoben.<\/p>\n\n\n\n<p><em>Stadt Mannheim<\/em><br><em>03.05.2020<\/em><\/p>\n\n\n\n<h2 class=\"wp-block-heading\">\u00c4nderung der Rechtsverordnung des Landes Baden-W\u00fcrttemberg<\/h2>\n\n\n\n<p>Mit Beschluss vom 2. Mai 2020 hat die Landesregierung ihre Rechtsverordnung \u00fcber infektionssch\u00fctzende Ma\u00dfnahmen gegen die Ausbreitung des Coronavirus erneut ge\u00e4ndert. Die neuen Regelungen gelten ab Montag, 4. Mai 2020, und sind unter <a href=\"http:\/\/www.baden-wuerttemberg.de\/de\/service\/aktuelle-infos-zu-corona\/aktuelle-corona-verordnung-des-landes-baden-wuerttemberg\">www.baden-wuerttemberg.de\/de\/service\/aktuelle-infos-zu-corona\/aktuelle-corona-verordnung-des-landes-baden-wuerttemberg<\/a> zu finden.<\/p>\n\n\n\n<p>Mit der siebten \u00c4nderungsverordnung werden weitere Beschr\u00e4nkungen gelockert. So d\u00fcrfen beispielsweise alle Ladengesch\u00e4fte \u2013 unabh\u00e4ngig von ihrer Verkaufsfl\u00e4che \u2013 unter Auflagen wieder vollst\u00e4ndig \u00f6ffnen. Auch Gottesdienste und Gebetsversammlungen sind unter Auflagen wieder m\u00f6glich. Die Ausgangsbeschr\u00e4nkungen f\u00fcr die Bewohnerinnen und Bewohner von Pflegeheimen werden gelockert. Ab 6. Mai 2020 k\u00f6nnen Kinder wieder Spielpl\u00e4tze besuchen.<\/p>\n\n\n\n<p>Die aktuelle Rechtsverordnung ist unter <a href=\"http:\/\/www.mannheim.de\/de\/informationen-zu-corona\/aktuelle-rechtsvorschriften\">www.mannheim.de\/de\/informationen-zu-corona\/aktuelle-rechtsvorschriften<\/a> einsehbar.<\/p>\n\n\n\n<p><em>Stadt Mannheim<\/em><br><em>03.05.2020<\/em><\/p>\n\n\n\n<h2 class=\"wp-block-heading\">Aktualisierte Vorhabenliste der Stadt \u2013 Elf neue Vorhaben<\/h2>\n\n\n\n<p>Die Erstellung eines Hitzeaktionsplans, die Entwicklung des Pfalzplatzbunkers, der Neubau des Jugendtreffs Neuhermsheim \u2013 drei von elf neuen Vorhaben, \u00fcber die die aktuelle Vorhabenliste der Stadt informiert.<\/p>\n\n\n\n<p>Der Gemeinderat hat in seiner Sitzung am 28. April die aktualisierte Vorhabenliste 2020_1 einstimmig beschlossen. Damit wurde gleichzeitig die vorgesehene informelle \u2013 also freiwillige \u2013 B\u00fcrgerbeteiligung in 24 Vorhaben beschlossen. Insgesamt sind in der Liste 91 Planungen und Projekte der Stadt aufgef\u00fchrt. Der Gro\u00dfteil der Vorhaben wurde aktualisiert. Zehn Vorhaben wurden entweder abgeschlossen oder erfolgreich eingef\u00fchrt und deswegen von der Liste gestrichen.<\/p>\n\n\n\n<p>Wie bei den vorherigen Listen werden zu jedem Vorhaben Informationen zum Sachstand, dem zugrundeliegenden politischen Beschluss, dem jeweiligen strategischen Ziel, das mit dem Vorhaben verfolgt wird, und den voraussichtlichen Kosten getroffen. Dar\u00fcber hinaus wird transparent dargestellt, bei welchen Vorhaben und in welcher Art und Weise sich die B\u00fcrgerschaft beteiligen kann. Mannheimerinnen und Mannheimer haben die M\u00f6glichkeit, B\u00fcrgerbeteiligung bei Vorhaben anzuregen, bei denen dies bislang noch nicht vorgesehen ist.<\/p>\n\n\n\n<p>Zur besseren und schnelleren Einordnung der Vorhaben wird bei der aktualisierten Liste 2020_1 erstmalig der Projektstand \u2013 Vorbereitung, Planung, beziehungsweise Umsetzung \u2013 des Vorhabens angegeben. Die aktualisierten Vorhaben werden in das st\u00e4dtische Beteiligungsportal <a href=\"http:\/\/www.mannheim-gemeinsam-gestalten.de\">www.mannheim-gemeinsam-gestalten.de<\/a> eingepflegt. Das Beteiligungsportal ist die zentrale digitale Anlaufstelle f\u00fcr B\u00fcrgerbeteiligung in Mannheim.<\/p>\n\n\n\n<p>Wer lieber etwas in der Hand h\u00e4lt: Druckexemplare der Vorhabenliste werden \u2013 bedingt durch die Ma\u00dfnahmen zur Eind\u00e4mmung der Corona-Pandemie \u2013 zun\u00e4chst nur in den derzeit ge\u00f6ffneten B\u00fcrgerservices, au\u00dferdem im Rathaus E 5, im Technischen Rathaus (Collini Center) sowie in der Stadtbibliothek im Stadthaus N 1 ausgelegt. Au\u00dferdem k\u00f6nnen im Rathaus E 5 auch Exemplare abgeholt werden. Dazu schreiben Interessierte am besten eine E-Mail an <a href=\"buergerbeteiligung@mannheim.de\">buergerbeteiligung@mannheim.de<\/a> oder rufen unter der Telefonnummer 0621\/293-9366 an. Bei der Abholung der Vorhabenliste m\u00fcssen die geltenden Hygienevorschriften und die Abstandsregelungen eingehalten werden.<\/p>\n\n\n\n<p>Die Vorhabenliste ist eine Ma\u00dfnahme im Rahmen des Regelwerks B\u00fcrgerbeteiligung. Im Regelwerk sind Aufgaben und Rollen von Politik und Verwaltung in B\u00fcrgerbeteiligungsprozessen klar definiert. Nach dem Beschluss des Gesamthaushaltes der Stadt Mannheim erscheint die n\u00e4chste Vorhabenliste im Herbst 2020.<\/p>\n\n\n\n<p><em>Stadt Mannheim<\/em><br><em>03.05.2020<\/em><\/p>\n\n\n\n<h2 class=\"wp-block-heading\">Corona-Sidefonds f\u00fcr technologieorientierte Start-ups wird bei der Beteiligungsfonds Wirtschaftsf\u00f6rderung Mannheim GmbH eingerichtet<\/h2>\n\n\n\n<p>Die aktuell notwendigen Ma\u00dfnahmen zur Eind\u00e4mmung der Ausbreitung des Corona-Virus treffen viele Unternehmen und Selbst\u00e4ndige finanziell hart. Der Gemeinderat der Stadt Mannheim hat am 2. April 2020 ein Programm f\u00fcr eventuell notwendige erg\u00e4nzende Hilfen neben Bundes- und Landesunterst\u00fctzungen beschlossen \u2013 darunter auch Zusatzhilfen f\u00fcr Start-ups in fr\u00fchen Phasen.<\/p>\n\n\n\n<p>Der Corona-Sidefonds der Beteiligungsfonds Wirtschaftsf\u00f6rderung Mannheim GmbH (BWM) ist eines dieser Unterst\u00fctzungsinstrumente f\u00fcr technologierorientierte Existenzgr\u00fcndungen. Er verfolgt das Ziel, technologieorientierten Start-ups zur \u00dcberwindung von Liquidit\u00e4tsengp\u00e4ssen oder Umsatzeinbr\u00fcchen, die unmittelbar in Folge der Corona-Pandemie entstanden sind, Eigenkapital zur Verf\u00fcgung zu stellen. Insgesamt stehen 500.000 Euro f\u00fcr stille Beteiligungen zur Verf\u00fcgung. In seiner gestrigen Sitzung hat der Gemeinderat den zur Einrichtung des Corona-Sidefonds notwendigen \u00c4nderungen des Gesellschaftsvertrags der BWM GmbH zugestimmt.<\/p>\n\n\n\n<p>Oberb\u00fcrgermeister Dr.Peter Kurz dazu: \u201eWir haben in Mannheim eine ausgepr\u00e4gte Start-up-Kultur aufgebaut, gerade auch im Bereich der technologiebasierten Start-ups. Deshalb tun wir, was wir k\u00f6nnen, damit Unternehmen, die ein Baustein f\u00fcr unsere wirtschaftliche Zukunft sind, die entsprechende Unterst\u00fctzung bekommen, damit sie die Corona-Krise \u00fcberstehen k\u00f6nnen. Die Sidefonds sind eine solches Unterst\u00fctzungsinstrument.\u201c<\/p>\n\n\n\n<p>\u201eMannheim ist Gr\u00fcndungsstadt. Unsere Wirtschaftsf\u00f6rderung und Gr\u00fcndungszentren bieten Startups ein unterst\u00fctzendes und inspirierendes Umfeld. In dieser besonderen Situation ist uns eine Begleitung dieser jungen innovativen Unternehmen wichtig, damit die Mannheimer Startup-Szene auch in Zukunft lebendig bleibt\u201c, erkl\u00e4rt Wirtschaftsb\u00fcrgermeister Michael Gr\u00f6tsch.<\/p>\n\n\n\n<p>Die Unterst\u00fctzung erfolgt in Form von stillen Beteiligungen in der Gr\u00f6\u00dfenordnung von 5.000 bis 50.000 Euro pro Unternehmen f\u00fcr einen Beteiligungszeitrum von zwei bis drei Jahren. Voraussetzungen f\u00fcr eine Finanzierung aus dem Corona-Sidefonds sind unter anderem, dass F\u00f6rderm\u00f6glichkeiten von Bund und Land sowie andere M\u00f6glichkeiten der Eigenkapitalbeschaffung vorrangig genutzt werden. Der Corona-Sidefonds wird solange durchgef\u00fchrt, wie dies im Sinne einer Krisenpr\u00e4vention notwendig erscheint.<\/p>\n\n\n\n<p>Die Richtlinie f\u00fcr die Finanzierung durch den Corona-Sidefonds steht unter <a href=\"http:\/\/www.mannheim.de\/corona-sidefonds\">www.mannheim.de\/corona-sidefonds<\/a> zur Verf\u00fcgung. Weitere Informationen sowie die erforderlichen Antragsunterlagen erhalten Sie unter Tel 293 3665 und E-Mail <a href=\"sonja.wilkens@mannheim.de\">sonja.wilkens@mannheim.de<\/a>.<\/p>\n\n\n\n<p><em>Stadt Mannheim<\/em><br><em>03.05.2020<\/em><\/p>\n\n\n\n<h2 class=\"wp-block-heading\">Tempor\u00e4re Stra\u00dfenbauarbeiten in der Augustaanlage<\/h2>\n\n\n\n<figure class=\"wp-block-image\"><img decoding=\"async\" loading=\"lazy\" width=\"640\" height=\"471\" src=\"https:\/\/speyer24news.com\/wp-content\/uploads\/2020\/05\/Baustelle.jpg\" alt=\"\" class=\"wp-image-26782\" srcset=\"https:\/\/speyer24news.com\/wp-content\/uploads\/2020\/05\/Baustelle.jpg 640w, https:\/\/speyer24news.com\/wp-content\/uploads\/2020\/05\/Baustelle-300x221.jpg 300w, https:\/\/speyer24news.com\/wp-content\/uploads\/2020\/05\/Baustelle-80x60.jpg 80w\" sizes=\"(max-width: 640px) 100vw, 640px\" \/><\/figure>\n\n\n\n<p>Am Donnerstag, den 29. April, starten in der Augustaanlage (H\u00f6he Hausnummer 7) Bauarbeiten, die aufgrund eines Einbruchs der Fahrbandecke auf der Busspur notwendig geworden sind. Ursache ist eine besch\u00e4digte Zuleitung vom Regeneinlauf zum Hauptkanal.<\/p>\n\n\n\n<p>Die Arbeiten werden circa bis Mitte Mai andauern und es ist mit Einschr\u00e4nkungen im Verkehr zu rechnen.<\/p>\n\n\n\n<p><em>Stadt Mannheim<\/em><br><em>03.05.2020<\/em><\/p>\n\n\n\n<h2 class=\"wp-block-heading\">\u201eWe are in this together\u201c: OB Dr. Peter Kurz unterzeichnet deutsch-italienischen Appell zum Zusammenhalt in Europa in der Corona-Krise<\/h2>\n\n\n\n<p>\u201eDie Corona-Virus-Pandemie stellt uns in Europa vor eine noch nie dagewesene Herausforderung. Sie schr\u00e4nkt unsere Bewegungsfreiheit ein, belastet unsere Gesundheitssysteme und verursacht enorme wirtschaftliche Sch\u00e4den. Italien war das erste europ\u00e4ische Land, das mit hohen Todeszahlen hart getroffen wurde. Gleichzeitig hilft Italien anderen, \u00e4hnliches Leid zu verhindern, indem es das Bewusstsein f\u00fcr die Schwere der Bedrohung sch\u00e4rft\u201c. Mit diesen Worten beginnt der deutsch-italienische Appell des Vereins United Europe, der sich an die Regierungen aller Mitgliedstaaten und an die EU-Institutionen wendet. (\u201eEurop\u00e4ische Solidarit\u00e4t jetzt, im Interesse aller Mitgliedstaaten\u201c <a href=\"http:\/\/weareinthistogether.eu\">http:\/\/weareinthistogether.eu<\/a>)<\/p>\n\n\n\n<p>Gefordert wird in diesem Appell vor allem eines: europ\u00e4ische Solidarit\u00e4t. Die Regierungen werden aufgefordert, \u201edie alten Muster der Spaltung in Europa zu \u00fcberwinden\u201c. Europa m\u00fcsse seine Bedarfe an kritischen medizinischen Ger\u00e4ten und Medikamenten decken und auf europ\u00e4ischer Ebene die Herstellung und Verteilung von Schutzartikeln sowie von Atemschutzger\u00e4ten, Arzneimitteln und Tests koordinieren. Au\u00dferdem sollen sich alle EU-Institutionen sowie die Mitgliedstaaten an einer konvergenten Anstrengung mit vier Schl\u00fcsselaktionen beteiligen, um einen umfassenden finanziellen Schutzschild f\u00fcr Europa und den Euroraum zu schaffen, die sofortige Er\u00f6ffnung einer \u201cGesundheits\u201d-Kreditlinie im Europ\u00e4ischen Stabilit\u00e4ts Mechanismus zu erm\u00f6glichen, die Ausgabe von Europ\u00e4ischen Gesundheitsanleihen mit einem klaren und definierten gemeinsamen Ziel und unter Einhaltung gemeinsam vereinbarter Richtlinien zu unterst\u00fctzen und eine koordinierte Ausstiegsstrategie, einen umfassenden Konjunkturplan und wirksame Investitionen zu entwickeln.<\/p>\n\n\n\n<h4 class=\"wp-block-heading\">OB Dr. Kurz unterzeichnet den deutsch-italienischen Appell<\/h4>\n\n\n\n<p>Oberb\u00fcrgermeister Dr. Peter Kurz hat den Appell unterzeichnet und in einem Brief an seinen Amtskollegen Leoluca Orlando, den Oberb\u00fcrgermeister von Palermo, der wie OB Kurz dem Vorstand des Global Parliament of Mayors angeh\u00f6rt, seine Solidarit\u00e4t zum Ausdruck gebracht: \u201eDie Corona-Pandemie bestimmt das Leben in ganz Europa, ja auf der ganzen Welt. Gleichwohl macht uns die spezifische Situation in Italien in besonderer Weise betroffen. In unserer Stadt leben \u00fcber 10.000 Mitb\u00fcrgerinnen und Mitb\u00fcrger mit italienischen Wurzeln. Auch aus diesem Grund ersch\u00fcttern uns die Zahlen der Erkrankten und Verstorbenen, die Italien zu beklagen hat, und die Bilder von medizinischem Fachpersonal, das in der gegenw\u00e4rtigen Phase geradezu \u00dcbermenschliches zu leisten hat. Unsere Gedanken sind mit den vielen italienischen Familien, die den Verlust von Angeh\u00f6rigen zu beklagen haben.\u201c<\/p>\n\n\n\n<h4 class=\"wp-block-heading\">Solidarische Antwort auf die Herausforderungen der Corona-Pandemie<\/h4>\n\n\n\n<p>Durch die Corona-Pandemie seien viele Errungenschaften, die die B\u00fcrgerinnen und B\u00fcrger mit dem geeinten Europa verbinden, in Frage gestellt worden. Statt abgestimmter europ\u00e4ischer Antworten h\u00e4tten nationale Alleing\u00e4nge die ersten Wochen der Corona-Krise bestimmt. Es gehe um die Frage, wie das geeinte Europa aus der Krise hervorgehen werde. Es m\u00fcsse gelingen, eine solidarische Antwort auf die Herausforderungen der Corona-Pandemie zu geben, um zu verhindern, dass in weiten Teilen Europas das Zutrauen in die Institutionen der Europ\u00e4ischen Union weiter erodiere: \u201eIch unterzeichne daher den gemeinsamen deutsch-italienischen Appell an die Regierungen aller Mitgliedstaaten und an die EU-Institutionen mit voller \u00dcberzeugung und unterst\u00fctze inhaltlich gleichlautende Forderungen. In unseren St\u00e4dten und Gemeinden sehen wir schon viele Beispiele gelebter Solidarit\u00e4t. Dies ist etwa dann der Fall, wenn COVID-19 Patienten aus anderen europ\u00e4ischen L\u00e4ndern behandelt werden, wie dies auch in Mannheim geschehen ist. All unsere Anstrengungen haben eine gr\u00f6\u00dfere Hebelwirkung, wenn wir sie europ\u00e4isch koordinieren. Der paneurop\u00e4ische Hackathon \u201eEU vs Virus\u201c, der unter anderem von einem Mannheimer start-up Unternehmen initiiert wurde, ist hierf\u00fcr ein gutes Beispiel\u201c, so der Oberb\u00fcrgermeister in seinem Brief.<\/p>\n\n\n\n<p>Der Oberb\u00fcrgermeister h\u00e4lt es f\u00fcr unabdingbar, dass dabei alle rechtlich m\u00f6glichen fiskalpolitischen Instrumente in Betracht gezogen w\u00fcrden, insbesondere europ\u00e4ische Gesundheitsanleihen, wie sie auch der deutsch-italienische Appell fordert: \u201eIch begr\u00fc\u00dfe in diesem Zusammenhang, dass der Europ\u00e4ische Rat die Kommission beauftragt hat, einen Vorschlag f\u00fcr einen Erholungsfonds aufzulegen, der \u00fcber ein ausreichend hohes Volumen verf\u00fcgt, gezielt auf die am st\u00e4rksten betroffenen Sektoren und geografischen Teile Europas ausgerichtet ist und speziell der Bew\u00e4ltigung dieser beispiellosen Krise dient\u201c.<\/p>\n\n\n\n<p>Nicht zuletzt betont der OB die Rolle der B\u00fcrgermeister bei der Bew\u00e4ltigung der Krise: \u201eEs waren die europ\u00e4ischen B\u00fcrgermeister, die sich wenige Jahre nach Ende des 2. Weltkriegs aktiv f\u00fcr ein geeintes Europa der B\u00fcrgerinnen und B\u00fcrger einsetzten und den Rat der Gemeinden Europas gr\u00fcndeten. Ich bin \u00fcberzeugt, dass es als B\u00fcrgermeisterinnen und B\u00fcrgermeister heute unsere Aufgabe ist, entschieden daf\u00fcr zu werben, dass die Europ\u00e4ische Union aus der Krise solidarischer, demokratischer und nachhaltiger hervorgeht.\u201c<\/p>\n\n\n\n<p><em>Stadt Mannheim<\/em><br><em>03.05.2020<\/em><\/p>\n\n\n\n<h2 class=\"wp-block-heading\">Mannheimer Kliniken nehmen Regelbetrieb schrittweise wieder auf<\/h2>\n\n\n\n<p>Mit Sorge betrachten das Gesundheitsamt Mannheim und die Mannheimer Kliniken (UMM, Theresienkrankenhaus, St. Hedwig-Klinik, Diakonissenkrankenhaus) die Verunsicherung vieler Menschen, die derzeit trotz ernsthafter Beschwerden aufgrund der Corona-Infektionswelle keinen Arzt aufsuchen und sich so unbedacht teilweise sogar in Lebensgefahr begeben. Kliniken und Gesundheitsamt begr\u00fc\u00dfen daher die \u00dcberlegungen des Bundesgesundheitsministeriums zu einer schrittweisen R\u00fcckkehr in die Normalit\u00e4t der medizinischen Versorgung bei gleichzeitiger Sicherstellung der Versorgung von Covid-19 Patienten.<\/p>\n\n\n\n<p>Im Rahmen der vom Bundesgesundheitsministerium geforderten schrittweisen R\u00fcckkehr in den Regelbetrieb konzentrieren sich die Kliniken in einem ersten Schritt zun\u00e4chst auf die Patient*innen, deren Behandlung aufgrund der Corona-Epidemie verschoben wurde, ein weiterer Aufschub aber medizinisch nicht vertretbar und deren Behandlung dringlich ist. Alle Mannheimer Kliniken stehen dabei in sehr enger, regelm\u00e4\u00dfiger Absprache mit dem Gesundheitsamt und stimmen das Vorgehen f\u00fcr die Infektionsvorsorge und station\u00e4re Versorgung der Mannheimer B\u00fcrger*innen in der Coronakrise einvernehmlich ab. \u201eAlle Mannheimer Klinken sind hier sehr gut aufgestellt und verfolgen ein einheitliches Vorgehen. So besteht beispielsweise zwischen allen Mannheimer Krankenh\u00e4usern und dem Gesundheitsamt eine enge Absprache und Einigkeit bzw. Einheitlichkeit in Bezug auf die Testpflicht, Nutzung von Isolierstationen, Maskenpflicht, Schutzkleidung oder Besuchsverbote\u201c, betont der Leiter des Mannheimer Gesundheitsamtes, Dr. Peter Sch\u00e4fer.<\/p>\n\n\n\n<p>Im Rahmen einer sukzessiven Wiederaufnahme des Normalbetriebes (Regelbetrieb) haben die Kliniken gemeinsam mit dem Gesundheitsamt unter anderem auf Grundlage der Vorgaben des RKI ein umfassendes Schutzkonzept erarbeitet. Dieses sieht eine strikte Trennung von Patient*innen, die mit dem neuartigen Corona-Virus infiziert sind, und nicht Infizierten vor. Dazu wurden spezielle Isolier- und Index-Stationen eingerichtet. Auf den Index-Stationen warten Patient*innen, bei denen eine Infektion nicht sicher ausgeschlossen werden kann, auf ihr Testergebnis. Auf den Isolierstationen befinden sich streng getrennt von anderen Patient*innen solche mit Covid-19, die nicht auf der Intensivstation behandelt werden m\u00fcssen. F\u00fcr schwer erkrankte Covid-19-Patienten sind in den Kliniken komplette Intensivstationen eigens reserviert, in denen jeweils speziell geschultes und infektionserfahrenes Personal arbeitet, das nur dort zum Einsatz kommt.<\/p>\n\n\n\n<p>Alle Patienten, die zu einer geplanten Behandlung oder Operation in die H\u00e4user kommen, werden vor deren Aufnahme auf SARS-CoV-2 getestet. Erst bei negativem Ergebnis wird die Behandlung wie geplant durchgef\u00fchrt. Dabei gilt in allen Klinken au\u00dferhalb des eigenen Zimmers eine Maskenpflicht. Weiterhin gilt in allen Mannheimer Krankenh\u00e4usern ein Besuchsverbot. Unter bestimmten Voraussetzungen sind Ausnahmen m\u00f6glich.<\/p>\n\n\n\n<p>Die Summe der Sicherheitsvorkehrungen sowie das Freihalten der notwendigen Kapazit\u00e4ten f\u00fcr eine m\u00f6gliche neue Infektionswelle an den Mannheimer Krankenh\u00e4usern erlaubt so eine schrittweise R\u00fcckkehr zum Regelbetrieb der Kliniken.<\/p>\n\n\n\n<p><em>Stadt Mannheim<\/em><br><em>03.05.2020<\/em><\/p>\n\n\n\n<h2 class=\"wp-block-heading\">Gru\u00dfbotschaft von Oberb\u00fcrgermeister Dr. Peter Kurz zum Fastenmonat Ramadan<\/h2>\n\n\n\n<div class=\"wp-block-image\"><figure class=\"aligncenter\"><img decoding=\"async\" loading=\"lazy\" width=\"800\" height=\"533\" src=\"https:\/\/speyer24news.com\/wp-content\/uploads\/2020\/05\/holy-quran-1528446_1920.jpg\" alt=\"\" class=\"wp-image-26781\" srcset=\"https:\/\/speyer24news.com\/wp-content\/uploads\/2020\/05\/holy-quran-1528446_1920.jpg 800w, https:\/\/speyer24news.com\/wp-content\/uploads\/2020\/05\/holy-quran-1528446_1920-300x200.jpg 300w, https:\/\/speyer24news.com\/wp-content\/uploads\/2020\/05\/holy-quran-1528446_1920-768x512.jpg 768w\" sizes=\"(max-width: 800px) 100vw, 800px\" \/><\/figure><\/div>\n\n\n\n<p>Am 23. April begann der Fastenmonat Ramadan. Dazu \u00fcbermittelte Oberb\u00fcrgermeister Dr. Peter Kurz den Mitgliedern der sunnitischen Gemeinden Mannheims, auch namens des Gemeinderates und der Verwaltung der Stadt Mannheim, herzliche Gr\u00fc\u00dfe.<\/p>\n\n\n\n<h4 class=\"wp-block-heading\"><em>Der Brief im Wortlaut:<\/em><\/h4>\n\n\n\n<p>\u201eDie Corona-Pandemie und die deshalb notwendigen Regelungen und Einschr\u00e4nkungen beeintr\u00e4chtigen auch die Heilige Zeit des muslimischen Fastens, und zwar weltweit. Das gemeinschaftliche Gebet, die gegenseitigen Zusammenk\u00fcnfte von Familien und Freunden oder das kollektive Fastenbrechen am Abend in der Moschee \u2013 dieses im Ramadan so wesentliche Gemeinschaftserleben muss in diesem Jahr entbehrt werden.<\/p>\n\n\n\n<p>Ich wei\u00df um die gro\u00dfe Entt\u00e4uschung, die deshalb in den Gemeinden herrscht. Ich wei\u00df aber auch um die gro\u00dfe Ernsthaftigkeit und Diszipliniertheit, mit der Ihre Gemeinde dieser uns alle als Gesellschaft \u00fcberm\u00e4\u00dfig fordernden Situation begegnet.<\/p>\n\n\n\n<p>Die Notwendigkeiten verst\u00e4rkter Hygienepraktiken sowie die Wahrung von Distanz zwischen Menschen, die seitens des Staates angeordnet wurden, finden sich bereits in den Hadithen, die augenscheinlich f\u00fcr Muslime ein weiterer Ansporn sind, den sozialen Verzicht zu ertragen und sich entsprechend in gegenseitiger R\u00fccksichtnahme und Verantwortung zu verhalten.<\/p>\n\n\n\n<p>Ich will mich deshalb ausdr\u00fccklich bei Ihnen und den Mitgliedern Ihrer Gemeinde f\u00fcr Ihre bisherige vorbildliche und weitere Unterst\u00fctzung bedanken, mit der Sie einen unverzichtbaren Beitrag zur Bew\u00e4ltigung der Corona-Krise leisten.<\/p>\n\n\n\n<p>Gerade in Zeiten der Verunsicherung, wie wir sie aktuell erleben, ist der Glauben f\u00fcr viele Menschen eine zentrale Quelle, aus der Zuversicht und Kraft gesch\u00f6pft werden. Umso mehr, wenn der Glaube in seinem Gemeinschaftserleben erfahren werden kann. Auch ohne soziale Zusammenkunft steht der Ramadan f\u00fcr eine kollektive Glaubenspraxis, die den Gl\u00e4ubigen gerade jetzt zu vermitteln vermag, mit ihren \u00c4ngsten und Sorgen nicht alleine zu sein, und aus der Solidarit\u00e4t, gemeinsame F\u00fcrsorge und St\u00e4rke erwachsen kann, um im Miteinander in dieser belastenden Zeit zu bestehen<br>\n.<br>\nDer \u201eMonat des Koran\u201c ist die Zeit der Entbehrung und die Zeit der inneren Einkehr. Sich bewusst zu werden, was f\u00fcr mich als gl\u00e4ubiger Mensch in meinem irdischen Dasein wirklich wichtig ist, aber mir auch meiner ganz pers\u00f6nlichen Verantwortung vor Gott gewahr zu werden, die er mir im Hier und Jetzt f\u00fcr die Menschen und die Sch\u00f6pfung \u00fcbertragen hat.<br>\nDas sind elementare menschliche Fragen, denen wir uns auch als (Welt-)Gesellschaft im Angesicht der Corona-Pandemie zu stellen haben. So bieten Krisenzeiten immer auch die Chance auf positive Ver\u00e4nderung und erforderliche Neuerung.<\/p>\n\n\n\n<p>So w\u00fcnsche ich Ihnen und Ihrer Gemeinde, dass dieser Ramadan trotz aller Widrigkeiten eine Zeit der Erbauung und des Mut-Sch\u00f6pfens sein wird; ein Fastenmonat, aus dem die Gl\u00e4ubigen gest\u00e4rkt und hoffnungsfroh auch weiterhin in dieser schwierigen Zeit bestehen k\u00f6nnen und die wir gemeinsam auch bew\u00e4ltigen werden.\u201c<\/p>\n\n\n\n<p><em>Stadt Mannheim<\/em><br><em>03.05.2020<\/em><\/p>\n\n\n\n<h2 class=\"wp-block-heading\">CARStival: Autokinopl\u00e4ne konkretisieren sich<\/h2>\n\n\n\n<div class=\"wp-block-image\"><figure class=\"aligncenter\"><img decoding=\"async\" loading=\"lazy\" width=\"800\" height=\"600\" src=\"https:\/\/speyer24news.com\/wp-content\/uploads\/2020\/05\/Autokino-TM-Speyer-1.jpg\" alt=\"\" class=\"wp-image-26747\" srcset=\"https:\/\/speyer24news.com\/wp-content\/uploads\/2020\/05\/Autokino-TM-Speyer-1.jpg 800w, https:\/\/speyer24news.com\/wp-content\/uploads\/2020\/05\/Autokino-TM-Speyer-1-300x225.jpg 300w, https:\/\/speyer24news.com\/wp-content\/uploads\/2020\/05\/Autokino-TM-Speyer-1-768x576.jpg 768w, https:\/\/speyer24news.com\/wp-content\/uploads\/2020\/05\/Autokino-TM-Speyer-1-678x509.jpg 678w, https:\/\/speyer24news.com\/wp-content\/uploads\/2020\/05\/Autokino-TM-Speyer-1-326x245.jpg 326w, https:\/\/speyer24news.com\/wp-content\/uploads\/2020\/05\/Autokino-TM-Speyer-1-80x60.jpg 80w\" sizes=\"(max-width: 800px) 100vw, 800px\" \/><\/figure><\/div>\n\n\n\n<p>Die Autokinopl\u00e4ne in Mannheim konkretisieren sich \u2013 und das an zugleich zwei Orten und mit zwei unterschiedlichen sich erg\u00e4nzenden Konzepten. Mit Blockbustern und Popcornkino sollen Filmfans auf dem Maimarktgel\u00e4nde auf ihre Kosten kommen, das Programm auf dem Neuen Messplatz soll sich an Liebhaber von Arthouse, Independents und Co. richten. Beiden Standorten gemeinsam ist, dass es nicht \u201anur\u2018 um Kino geht: Auch Kulturveranstaltungen wie beispielsweise Poetryslams oder Comedy sollen vom Autositz aus erlebt werden k\u00f6nnen, ebenso sind Gottesdienste denkbar.<\/p>\n\n\n\n<p>Kai Kemper, Vorstandsvorsitzender der Agentur GO7, plant die beiden Autokinos unter dem Namen CARStival zu betreiben, denn die urspr\u00fcngliche Idee eines Autokinos habe sich mittlerweile zu einem weitreichenden kulturellen Angebot \u00e4hnlich dem eines Festivals entwickelt. Partner der Initiative sind Startup Mannheim, Event &amp; Promotion Mannheim GmbH, Stadtmarketing Mannheim GmbH, die Filmtheaterbetriebe Spickert, Radio Regenbogen, Regenbogen 2, big FM, BB Promotion, Live Act Music, die Mannheimer Runde, Diringer &amp; Scheidel Unternehmensgruppe, B-Seite, Benjamin Jantzen, MAHAB Mannheimer Hallenbetriebs-GmbH, engelhorn, die BUGA23, das Palazzo, Q 6 Q 7, die Werbemacher und viele mehr.<\/p>\n\n\n\n<p>\u201eWir begr\u00fc\u00dfen den Vorsto\u00df der Agentur GO7 gemeinsam mit Partnern aus Mannheim und der Region. Es ist das richtige Signal zum jetzigen Zeitpunkt. Unsere Gesellschaften EP Mannheim GmbH und Startup Mannheim stehen mit ihrem Engagement hinter dieser Initiative, um den Menschen wieder Kino- und Kulturgenuss zu erm\u00f6glichen \u2013 selbstverst\u00e4ndlich kontaktlos\u201c, lobt B\u00fcrgermeister Michael Gr\u00f6tsch.<\/p>\n\n\n\n<p>Kai Kemper zur Initiative: \u201eWir verstehen uns als Netzwerkagentur und Kreativagentur, als Allianz von Verr\u00fcckten und Querdenkern, und damit war klar, dass wir relativ schnell in dieser ungew\u00f6hnlichen Situation agieren m\u00fcssen. Wir haben alle Stakeholder und Partner an einem \u2013 nat\u00fcrlich virtuellen \u2013 Tisch versammelt, um diese Initiative zeitnah und erfolgreich anzusto\u00dfen und so einen Kulturgenuss innerhalb der Einschr\u00e4nkungen und Ma\u00dfnahmen in dieser Zeit zu erm\u00f6glichen. Wir gehen davon aus, dass wir im Mai mit dem CARStival, das von Radio Regenbogen, Regenbogen 2 und bigFM pr\u00e4sentiert wird, vier Wochen mit der Option auf Verl\u00e4ngerung, spielen.\u201c<\/p>\n\n\n\n<p>Den Pl\u00e4nen nach werden die Filmbetriebe Spickert das Kinoangebot auf dem Maimarktgel\u00e4nde verantworten w\u00e4hrend Startup Mannheim das Programm auf dem Neuen Messplatz kuratiert. Die Event &amp; Promotion Mannheim GmbH stellt den Neuen Messplatz zur Verf\u00fcgung und bringt ihre langj\u00e4hrigen Erfahrungen und Kenntnisse zu \u00f6rtlichen Gegebenheiten und Logistik vor Ort mit ein. \u201eIch freue mich, dass es gelingt, nach der ausgefallenen Maimess auf dem Neuen Messplatz und dem ausgefallenen Stadtfest wieder eine Veranstaltung durchf\u00fchren zu k\u00f6nnen. Gerne m\u00f6chten wir hier auch unsere Schausteller einbinden, die ebenso die Auswirkungen der Corona-Pandemie sp\u00fcren\u201c, betont Christine Igel, Gesch\u00e4ftsf\u00fchrerin der EP GmbH.<\/p>\n\n\n\n<p>\u201eF\u00fcr Mannheim ist das die beste L\u00f6sung, die es geben kann. Mannheimer Unternehmen verb\u00fcnden sich und treten gemeinsam an. Die Situation erlaubt neue Wege und ich m\u00f6chte auch in diesem Zusammenhang die Rolle der Stadt betonen, die dieses Konsortium erst m\u00f6glich gemacht hat. Das Beste f\u00fcr Mannheim. Wir sind dabei\u201c, so Frank Noreiks, Gesch\u00e4ftsf\u00fchrer der Filmtheaterbetriebe Spickert Entertainment GmbH.<\/p>\n\n\n\n<p>\u201cDie beiden Autokinos mit den zugeh\u00f6rigen B\u00fchnen werden Kultur in der Stadt wieder erlebbarer machen. Mannheim wird die erste Stadt sein, die durch GO7 zwei derartige Angebote hat. Daraus ergeben sich auch gro\u00dfartige, neue Perspektiven f\u00fcr die Mannheim Music Week im Mai\u201c, unterstreicht Christian Sommer, Gesch\u00e4ftsf\u00fchrer von Startup Mannheim.<\/p>\n\n\n\n<p>\u201eDas ist eine Super-Idee, f\u00fcr Kulturschaffende in Corona-Zeiten eine neue Plattform zu schaffen. Das Maimarktgel\u00e4nde bietet daf\u00fcr mit seiner gro\u00dfen Fl\u00e4che und seiner Infrastruktur ideale Bedingungen&#8220;, betont Jan Goschmann, Gesch\u00e4ftsf\u00fchrer der MAHAB Mannheimer Hallenbetriebs-GmbH. \u201eWir freuen uns, viele G\u00e4ste wiederzusehen, die sonst regelm\u00e4\u00dfig Maimarkthalle und -club besuchen\u201c, so Goschmann weiter.<\/p>\n\n\n\n<p>Veranstalter und Partner holen aktuell die erforderlichen Genehmigungen ein.<\/p>\n\n\n\n<p><em>Stadt Mannheim<\/em><br><em>03.05.2020<\/em><\/p>\n\n\n\n<h2 class=\"wp-block-heading\">Hohes Waldbrandrisiko: Umsichtiges Verhalten ist jetzt wichtig<\/h2>\n\n\n\n<div class=\"wp-block-image\"><figure class=\"aligncenter\"><img decoding=\"async\" loading=\"lazy\" width=\"800\" height=\"533\" src=\"https:\/\/speyer24news.com\/wp-content\/uploads\/2020\/03\/Info-24-03-2020-12-Uhr_Parks.jpg\" alt=\"\" class=\"wp-image-26067\" srcset=\"https:\/\/speyer24news.com\/wp-content\/uploads\/2020\/03\/Info-24-03-2020-12-Uhr_Parks.jpg 800w, https:\/\/speyer24news.com\/wp-content\/uploads\/2020\/03\/Info-24-03-2020-12-Uhr_Parks-300x200.jpg 300w, https:\/\/speyer24news.com\/wp-content\/uploads\/2020\/03\/Info-24-03-2020-12-Uhr_Parks-768x512.jpg 768w\" sizes=\"(max-width: 800px) 100vw, 800px\" \/><\/figure><\/div>\n\n\n\n<p>Die Trockenheit der letzten Wochen hat dazu gef\u00fchrt, dass in Mannheims W\u00e4ldern aktuell hohes Waldbrandrisiko (Gefahrenstufe 4) besteht. Das Risiko f\u00fcr Waldbr\u00e4nde ist damit extrem hoch. Die Stadt Mannheim bittet alle, die sich im Wald aufhalten, eindringlich um besonders umsichtiges Verhalten. Unachtsamkeit kann verheerende Folgen haben.<\/p>\n\n\n\n<h4 class=\"wp-block-heading\">Grillen, Rauchen und Feuermachen sind verboten<\/h4>\n\n\n\n<p>Offenes Feuer und Grillen im Wald sind momentan aufgrund der Waldbrandgefahr streng verboten. Das Rauchen im Wald ist laut Landeswaldgesetz von M\u00e4rz bis Oktober generell verboten \u2013 unabh\u00e4ngig von der aktuellen Risikolage. Grillpl\u00e4tze und Feuerstellen sind derzeit gesperrt, um die Ausbreitung des Corona-Virus einzud\u00e4mmen. Sie w\u00e4ren sonst im Hinblick auf das Waldbrandrisiko bis Gefahrenstufe 3 nutzbar, ab Gefahrenstufe 4 werden sie geschlossen.<\/p>\n\n\n\n<h4 class=\"wp-block-heading\">Auf befestigten Pl\u00e4tzen parken, f\u00fcr Abf\u00e4lle M\u00fclleimer benutzen<\/h4>\n\n\n\n<p>Autos sollten keinesfalls abseits von befestigten Pl\u00e4tzen abgestellt werden (Asphalt oder Schotter), da sich trockenes Laub oder Gras bereits durch hei\u00dfe Autoteile entz\u00fcnden kann. Im Notfall m\u00fcssen Feuerwehr und Rettungsfahrzeuge schnell in den Wald kommen. Deshalb ist es wichtig, Schranken und Wege freizuhalten. Weggeworfene Glasflaschen k\u00f6nnen in Verbindung mit Sonnenlicht Waldbr\u00e4nde ausl\u00f6sen, da sie wie ein Brennglas wirken. Die Stadtverwaltung bittet alle Waldbesucher*innen, ihren Abfall, insbesondere Glasflaschen, mitzunehmen oder in den M\u00fclleimern vor Ort zu entsorgen.<\/p>\n\n\n\n<p>Auf den Seiten des Deutschen Wetterdienstes k\u00f6nnen B\u00fcrger*innen sich \u00fcber die aktuelle Gefahrenstufe informieren: <a href=\"http:\/\/www.dwd.de\/waldbrand\">www.dwd.de\/waldbrand<\/a><\/p>\n\n\n\n<p><em>Stadt Mannheim<\/em><br><em>03.05.2020<\/em><\/p>\n\n\n\n<h2 class=\"wp-block-heading\">Gl\u00fcckstein-Quartier: Fu\u00dfg\u00e4ngerumleitung aufgrund des Baubeginns f\u00fcr den neuen Lindenhofplatz<\/h2>\n\n\n\n<div class=\"wp-block-image\"><figure class=\"aligncenter\"><img decoding=\"async\" loading=\"lazy\" width=\"800\" height=\"600\" src=\"https:\/\/speyer24news.com\/wp-content\/uploads\/2020\/05\/Lindenhofplatz-mit-Zugangsgeb\u00e4ude.jpg\" alt=\"\" class=\"wp-image-26779\" srcset=\"https:\/\/speyer24news.com\/wp-content\/uploads\/2020\/05\/Lindenhofplatz-mit-Zugangsgeb\u00e4ude.jpg 800w, https:\/\/speyer24news.com\/wp-content\/uploads\/2020\/05\/Lindenhofplatz-mit-Zugangsgeb\u00e4ude-300x225.jpg 300w, https:\/\/speyer24news.com\/wp-content\/uploads\/2020\/05\/Lindenhofplatz-mit-Zugangsgeb\u00e4ude-768x576.jpg 768w, https:\/\/speyer24news.com\/wp-content\/uploads\/2020\/05\/Lindenhofplatz-mit-Zugangsgeb\u00e4ude-678x509.jpg 678w, https:\/\/speyer24news.com\/wp-content\/uploads\/2020\/05\/Lindenhofplatz-mit-Zugangsgeb\u00e4ude-326x245.jpg 326w, https:\/\/speyer24news.com\/wp-content\/uploads\/2020\/05\/Lindenhofplatz-mit-Zugangsgeb\u00e4ude-80x60.jpg 80w\" sizes=\"(max-width: 800px) 100vw, 800px\" \/><\/figure><\/div>\n\n\n\n<p>Anfang Mai beginnen die Arbeiten f\u00fcr den k\u00fcnftigen Lindenhofplatz, der sich am S\u00fcdausgang des Hauptbahnhofs zwischen dem Hotel- und B\u00fcrogeb\u00e4ude \u201eNo 1\u201c und dem Viktoriaturm erstreckt. Da der Gehweg im Bereich der n\u00f6rdlichen Gl\u00fccksteinallee in die Platzgestaltung mit einbezogen wird, ist er ab diesem Zeitpunkt nicht mehr nutzbar. <\/p>\n\n\n\n<p>F\u00fcr Fu\u00dfg\u00e4nger und Radfahrer, die vom Lindenhof kommen, sowie f\u00fcr \u00d6PNV-Nutzer, die an der Haltestelle Mannheim Hauptbahnhof-S\u00fcd aussteigen, wird die Baufirma daher eine Umleitung ausschildern. Diese f\u00fchrt ab der \u00d6PNV-Haltestelle \u201eMannheim Hauptbahnhof S\u00fcd\u201c \u00fcber den Gehweg der Meerfeldstra\u00dfe in einem leichten Bogen \u00fcber die Stra\u00dfe Lindenhofplatz, am dortigen Parkplatz vorbei und nach dem Z-\u00dcbergang \u00fcber die Stadtbahngleise weiter entlang auf dem Gehweg der Stra\u00dfe \u201eAm Victoriaturm\u201c in Richtung Hauptbahnhof. <\/p>\n\n\n\n<div class=\"wp-block-image\"><figure class=\"aligncenter\"><img decoding=\"async\" loading=\"lazy\" width=\"800\" height=\"514\" src=\"https:\/\/speyer24news.com\/wp-content\/uploads\/2020\/05\/Wegf\u00fchrung_Lindenhofplatz.jpg\" alt=\"\" class=\"wp-image-26780\" srcset=\"https:\/\/speyer24news.com\/wp-content\/uploads\/2020\/05\/Wegf\u00fchrung_Lindenhofplatz.jpg 800w, https:\/\/speyer24news.com\/wp-content\/uploads\/2020\/05\/Wegf\u00fchrung_Lindenhofplatz-300x193.jpg 300w, https:\/\/speyer24news.com\/wp-content\/uploads\/2020\/05\/Wegf\u00fchrung_Lindenhofplatz-768x493.jpg 768w\" sizes=\"(max-width: 800px) 100vw, 800px\" \/><\/figure><\/div>\n\n\n\n<p>Dabei handelt es sich um nahezu dieselbe Route, die bereits im Zuge der Verl\u00e4ngerung der n\u00f6rdlichen Gl\u00fccksteinallee als sichere Fu\u00dfg\u00e4ngerf\u00fchrung ausgewiesen worden war. F\u00fcr den Weg zum Hauptbahnhof m\u00fcssen deshalb einige Minuten mehr eingeplant werden.<\/p>\n\n\n\n<p><em>Stadt Mannheim<\/em><br><em>03.05.2020<\/em><\/p>\n\n\n\n<h2 class=\"wp-block-heading\">Stadtentw\u00e4sserung warnt vor betr\u00fcgerischen Anrufen<\/h2>\n\n\n\n<div class=\"wp-block-image\"><figure class=\"aligncenter\"><img decoding=\"async\" src=\"https:\/\/speyer24news.com\/wp-content\/uploads\/2020\/03\/Achtung.png\" alt=\"\" class=\"wp-image-26030\"\/><\/figure><\/div>\n\n\n\n<p>In den letzten Wochen erhielten Hauseigent\u00fcmer*innen h\u00e4ufig Anrufe wegen angeblicher St\u00f6rungen ihrer Abwasserleitung. Die Anrufenden gaben vor, sie seien Mitarbeitende vom \u201est\u00e4dtischen Abwasseramt\u201c und wollten einen Termin vereinbaren, um angebliche Sch\u00e4den an der Abwasserleitung im Keller zu untersuchen. Dies meldeten B\u00fcrger*innen der Stadtentw\u00e4sserung Mannheim und der Polizei.<\/p>\n\n\n\n<p>Die Stadtentw\u00e4sserung weist darauf hin, dass f\u00fcr die Untersuchung und Instandhaltung der privaten Abwasserleitung ausschlie\u00dflich die Hauseigent\u00fcmer*in zust\u00e4ndig sind. Daher gibt es auch keine unaufgeforderten Nachfragen durch st\u00e4dtische Mitarbeitende wegen eines Vorort-Termins zur Untersuchung der Hausanschlussleitung. Bei weiteren Anrufen r\u00e4t die Stadtentw\u00e4sserung, umgehend die Polizei zu verst\u00e4ndigen.<\/p>\n\n\n\n<p><em>Stadt Mannheim<br>03.05.2020<\/em><\/p>\n\n\n\n<h2 class=\"wp-block-heading\">Jahresbericht 2019 der Wirtschaftsf\u00f6rderung erschienen<\/h2>\n\n\n\n<p>Geb\u00fcndelte Informationen zu relevanten Ereignissen und aktuellen Entwicklungen am Wirtschaftsstandort, die wichtigsten Zahlen und Fakten auf einen Blick sowie eine R\u00fcckschau auf die Aktivit\u00e4ten und Projekte des Fachbereichs f\u00fcr Wirtschafts- und Strukturf\u00f6rderung \u2013 darum geht es im Jahresbericht der Wirtschaftsf\u00f6rderung, den sie jedes Jahr im Fr\u00fchjahr der \u00d6ffentlichkeit pr\u00e4sentiert.<\/p>\n\n\n\n<p>In diesem Jahr f\u00e4llt der Erscheinungstermin des Jahresberichts in eine f\u00fcr viele Unternehmen von Unsicherheit gepr\u00e4gte Zeit. \u201eWir k\u00f6nnen derzeit noch nicht absch\u00e4tzen, wohin uns die Auswirkungen des Coronavirus f\u00fchren werden. In der aktuellen Situation geht es darum, die Existenz der Unternehmen und Arbeitspl\u00e4tze zu sichern, um auch in Zukunft die erfolgreiche Positionierung Mannheims als Wirtschaftsstandort halten zu k\u00f6nnen. Mannheim ist robust aufgestellt und z\u00e4hlt zu den attraktivsten Wirtschaftsstandorten in Deutschland. Mit der Vorstellung des Jahresberichts 2019 m\u00f6chten wir ein Bild davon vermitteln, was diesen Wirtschaftsstandort stark macht und wo seine Potenziale liegen \u2013 und so ein St\u00fcck weit Zuversicht und Vertrauen in die Zukunft wecken\u201c, erkl\u00e4rt Wirtschaftsb\u00fcrgermeister Michael Gr\u00f6tsch.<\/p>\n\n\n\n<p>Christiane Ram, Leiterin des Fachbereichs f\u00fcr Wirtschafts- und Strukturf\u00f6rderung, sieht die Mannheimer Wirtschaftsf\u00f6rderung als Impulsgeber, der das Miteinander der Unternehmen und Menschen vor Ort erm\u00f6glicht: \u201eMit dem Gesp\u00fcr f\u00fcr die aktuellen Themen immer einen Schritt voraus zu sein, klare Ziele zu haben und Vorbild zu sein \u2013 das ist es, was uns antreibt.\u201c<\/p>\n\n\n\n<h4 class=\"wp-block-heading\">Zahlen und Fakten zeichnen ungebrochenen Aufw\u00e4rtstrend bzw. Stabilisierung auf hohem Niveau<\/h4>\n\n\n\n<p>2019 ging es der Wirtschaft in Mannheim sehr gut. Damit kn\u00fcpft das Jahr 2019 an das hohe Niveau der Vorjahre an. In vielen Bereichen wird sogar ein seit rund zehn Jahren andauernder Aufw\u00e4rtstrend festgesellt. Das belegen die statistischen Zahlen, die im Jahresbericht auf zwei Doppelseiten anschaulich dargestellt sind und in der R\u00fcckschau \u00fcber einige Jahre einen Trend erkennen lassen.<br>Einen neuen Rekord gab es bei der Zahl der sozialversicherungspflichtig Besch\u00e4ftigten: Mit 191.615 Besch\u00e4ftigten z\u00e4hlte Mannheim mehr als 1.600 neue Besch\u00e4ftige in den Mannheimer Unternehmen gegen\u00fcber dem Vorjahr und verzeichnet damit sogar im zehnten Jahr in Folge einen Aufw\u00e4rtstrend. Ebenso steigt die Zahl der Betriebe seit 2010 kontinuierlich an. 2019 gibt es am Standort 9.074 Betriebe. Im Vergleich dazu waren es 2010 8.293. Ein \u00e4hnliches Bild zeigt sich bei den \u00dcbernachtungszahlen: W\u00e4hrend 2010 erstmals die Marke von einer Million \u00dcbernachtungen erreicht wurde, konnte 2019 mit 1.619.687 \u00dcbernachtungen sogar die Grenze von 1,5 Millionen \u00dcbernachtungen \u00fcberschritten werden.<br>Wirft man einen Blick auf die Bindungsquote von Startups, also der Anteil der beratenen Unternehmen, die drei Jahre nach ihrer Gr\u00fcndung noch am Markt und in Mannheim angesiedelt sind, lag diese 2019 bei 86 Prozent. Dieser Wert hat sich damit auf einem hohen Niveau eingependelt.<\/p>\n\n\n\n<h4 class=\"wp-block-heading\">Gro\u00dfe Loyalit\u00e4t zu Mannheim<\/h4>\n\n\n\n<p>Mannheimer Unternehmen haben 2019 im dreistelligen Millionenbereich vor Ort investiert. Ihre gro\u00dfe Verbundenheit mit dem Standort Mannheim untermauert eine Auswahl der gr\u00f6\u00dften Investitionsvolumina:<br>Coca-Cola investierte 2019 rund 30 Millionen Euro in die Inbetriebnahme der neuen Glas-Mehrweglinie f\u00fcr bis zu 60.000 Flaschen pro Stunde. Bereits 2018 hatte der Getr\u00e4nkehersteller 20 Millionen Euro am Standort investiert. Mercedes-Benz baut sein Mannheimer Werk zum Kompetenzzentrum f\u00fcr die Gro\u00dfmotorenfertigung aus. Den Planungen nach sollen bis 2020 rund 500 Millionen Euro in dieses Vorhaben flie\u00dfen. Mit einer Milliarde Euro seit 2014 ist es das gr\u00f6\u00dfte Investitionsprogramm in der mehr als 110j\u00e4hrigen Geschichte des Mercedes-Benz-Werkes im Stadtteil Waldhof. Rund 40 Millionen Euro investiert Essity in ein neues Produktionsverfahren, das Zellstoff aus Weizenstroh herstellt. Damit setzt Essity in Mannheim neue Ma\u00dfst\u00e4be in Sachen Nachhaltigkeit in der Hygienepapierbranche.<\/p>\n\n\n\n<p>Dass wirtschaftlicher Erfolg auch Treiber f\u00fcr eine positive Gesamtentwicklung der Stadt ist, zeigen die Aktivit\u00e4ten auf den Gewerbefl\u00e4chen. Die Entwicklung des Gl\u00fcckstein-Quartiers zum hochwertigen Business- und Wohnstandort ist mit gro\u00dfen Schritten vorangegangen. Mehr als 80 Prozent der Fl\u00e4chen sind bereits verkauft. Das B\u00fcro- und Hotelgeb\u00e4ude No.1 mit 14.000 Quadratmetern ist komplett vermietet. Vor Ort investiert die Stadt Mannheim 3,4 Millionen Euro in die Erweiterung des MAFINEX-Technologiezentrums. Zus\u00e4tzlich werden eine Million Euro aus F\u00f6rdermitteln des Europ\u00e4ischen Fonds f\u00fcr regionale Entwicklung (EFRE) durch das Land Baden-W\u00fcrttemberg zur Verf\u00fcgung gestellt. Dort entstehen weitere Arbeitspl\u00e4tze f\u00fcr Startups und ein offener \u201eMakerspace\u201c f\u00fcr das kreative Arbeiten.<br>Auch der Gewerbepark EASTSITE ist nahezu komplett vermarktet. 2019 konnte auf einer der letzten freien Fl\u00e4chen der Pharma- und Gesundheitsdienstleisters Ashfield mit 200 Mitarbeitern angesiedelt werden.<br>Eine positive Entwicklung zeichnete sich 2019 auch auf dem Mannheim Medical Technology Campus (MMT-Campus) ab. Die Technologiepark Mannheim GmbH (TPMA) ist ein wesentlicher Investor und Bauherr auf dem Campus. Das erste Geb\u00e4ude der TPMA wurde 2019 er\u00f6ffnet und ist komplett vermietet. Weitere Bauabschnitte der TPMA sind in der Planung, das EFRE-Leuchtturmprojekt CUBEX ONE im Herbst 2020 bezugsfertig und in weiteren Entwicklungsphasen plant die Medizinische Fakult\u00e4t Geb\u00e4ude f\u00fcr Forschung und Lehre.<br> Im April 2019 erwarb Aurelis Real Estate, ein bundesweit t\u00e4tiger Projektentwickler, von der General Electric Power AG ein 18 Hektar gro\u00dfes Areal mit lebendiger Industriegeschichte. Unter der Marke \u201eTurbinenwerk Mannheim\u201c soll das Gel\u00e4nde revitalisiert werden und ein moderner Gewerbepark entstehen. Die Wirtschaftsf\u00f6rderung unterst\u00fctzt Aurelis bei der Entwicklung und Vermarktung der Fl\u00e4chen.<\/p>\n\n\n\n<h4 class=\"wp-block-heading\">Programme und Projekte der Wirtschaftsf\u00f6rderung<\/h4>\n\n\n\n<p>Damit gute Ideen nicht in Schubladen verschwinden, sondern aus ihnen Innovationen werden, die erfolgreiche Unternehmen heranwachsen lassen, hat die Wirtschaftsf\u00f6rderung im Berichtsjahr zahlreiche Programme und Projekte auf den Weg gebracht. Neue Themen wie Social Economy oder GreenTech wurden als Projekte 2019 aufgenommen und weiterentwickelt.<br>Nachhaltigkeit und Gr\u00fcndungen, zwei zentrale Themen der Stadt, sind Grund f\u00fcr die Wirtschaftsf\u00f6rderung, ein Gr\u00fcndungszentrum im Bereich GreenTech zu planen. 2019 wurde eine Machbarkeitsstudie f\u00fcr ein Gr\u00fcndungs- und Innovationszentrum Umwelt- und Energietechnologien auf den Weg gebracht. Sie setzt sich mit Fragen des Nutzungskonzeptes und der Standortanforderungen auseinander. Gleichzeitig ist die Machbarkeitsstudie eine wichtige Voraussetzung, um sich um EU-F\u00f6rdermittel f\u00fcr dieses Projekt bewerben zu k\u00f6nnen.<br>Mit Blick auf zuk\u00fcnftige Themen sieht die Wirtschaftsf\u00f6rderung nicht nur Chancen, sondern nutzt sie auch konsequent. 2019 wurde das Netzwerk \u201eSocial Economy\u201c initiiert und gemeinsam mit den Netzwerkpartnern eine Roadmap aufgesetzt. Die Roadmap stellt die Netzwerkpartner vor und f\u00fchrt alle 2019 in Mannheim geplanten Veranstaltungen auf, um die Wahrnehmbarkeit des Themas Social Economy vor Ort zu st\u00e4rken. Schlie\u00dflich f\u00fchrt die Roadmap auf den \u201eEuropean Social Economy Summit\u201c hin, den die EU Kommission gemeinsam mit der Stadt Mannheim am 26. und 27. November 2020 in Mannheim ausrichtet.<br>Seit dem Sommer vergangenen Jahres gibt es in dem von der Wirtschaftsf\u00f6rderung getriebenen Netzwerk Smart Production personelle Verst\u00e4rkung. Mit dem Digi-Paten hat das Netzwerk einen kompetenten und engagierten Begleiter, der kleine und mittlere Unternehmen beim Thema Industrie 4.0. ber\u00e4t und begleitet. Kostenfrei f\u00fcr die Unternehmen und in vier klar definierten Schritten \u2013 von der Information bis zu Projekten \u2013 werden alle Themen praxisnah und den KMU-Anforderungen entsprechend umgesetzt.<br>Seit 2019 ist die Wirtschaftsf\u00f6rderung au\u00dferdem in den Online-Businessnetzwerken XING und Linkedin vertreten. Durch die Nutzung der sozialen Medien erm\u00f6glicht der Fachbereich aktuelle Hinweise, erreicht unmittelbar seine vielf\u00e4ltigen Zielgruppen und kann relevante Themen zeitnah kommunizieren.<\/p>\n\n\n\n<h4 class=\"wp-block-heading\">Corona-Pandemie<\/h4>\n\n\n\n<p>Die aktuell notwendigen Ma\u00dfnahmen zur Eind\u00e4mmung der Ausbreitung des Corona-Virus treffen viele Unternehmen und Selbst\u00e4ndige finanziell hart und stellen die Stadtgesellschaft vor gro\u00dfe Herausforderungen. Darauf reagiert die Stadtverwaltung auf allen Ebenen und Bereichen. Damit wird auch das Ziel verfolgt, Unternehmen und Selbst\u00e4ndige zu unterst\u00fctzen, m\u00f6glichst unbeschadet durch die Corona-Pandemie zu kommen und die Wirtschaftskraft Mannheims zu erhalten. Der Sicherung der (sozialversicherungspflichtigen) Arbeitspl\u00e4tze kommt ebenfalls eine hohe Bedeutung zu. F\u00fcr Betriebe und Einzelpersonen, die durch diese Ma\u00dfnahmen in ihrer Existenz bedroht sind, haben das Finanz- und das Wirtschaftsdezernat mit ihren Fachbereichen f\u00fcr Finanzen, Steuern und Beteiligungscontrolling sowie f\u00fcr Wirtschafts- und Strukturf\u00f6rderung ein Soforthilfe-Programm ausgearbeitet, das sich an Mannheimer Selbst\u00e4ndige und Unternehmen mit weniger als 50 Besch\u00e4ftigen richtet, die f\u00fcr das urbane Leben typische und zwingende Leistungen erbringen. Link zur Pressemittelung &#8222;Kommunale Zusatzhilfe: Antr\u00e4ge f\u00fcr Corona-Soforthilfe ab 8. April m\u00f6glich&#8220;<\/p>\n\n\n\n<h4 class=\"wp-block-heading\">Jahresbericht 2019 zum Download: <\/h4>\n\n\n\n<p><a href=\"https:\/\/www.mannheim.de\/de\/wirtschaft-entwickeln\/publikationen-downloads\">https:\/\/www.mannheim.de\/de\/wirtschaft-entwickeln\/publikationen-downloads<\/a><\/p>\n\n\n\n<p><em>Stadt Mannheim<br>03.05.2020<\/em><\/p>\n\n\n\n<h2 class=\"wp-block-heading\">Mannheims chinesische Partnerst\u00e4dte helfen bei der Beschaffung medizinischer Schutzausr\u00fcstung<\/h2>\n\n\n\n<p>Medizinische Schutzmasken z\u00e4hlen zu den besonders wichtigen Gegenst\u00e4nden bei der Bek\u00e4mpfung der Corona-Pandemie und sind derzeit weltweit sehr schwer zu erwerben. \u201eEs freut mich sehr, dass unsere St\u00e4dtepartnerschaft mit Qingdao in China nun dazu gef\u00fchrt hat, dass wir eine gro\u00dfe Anzahl an Mund-Nase-Schutzmasken f\u00fcr Mannheim beschaffen konnten.\u201c, so Mannheims Oberb\u00fcrgermeister Dr. Kurz. Eine erste Lieferung wurde am Donnerstag, den 9. April am Universit\u00e4tsklinikum angeliefert, nachdem diese von Qingdao \u00fcber Peking nach Deutschland transportiert wurden.<\/p>\n\n\n\n<p>Initiiert wurde das Projekt vom Fachbereich Internationales der Stadt Mannheim in enger Zusammenarbeit mit dem ehemaligen Ersten B\u00fcrgermeister der Stadt Mannheim und Ehrenb\u00fcrger von Qingdao, Dr. Norbert Egger. Nachdem sich auch in Mannheim ein Engpass an medizinischer Schutzausr\u00fcstung abzeichnete, hatte sich OB Dr. Kurz an die beiden chinesischen Partnerst\u00e4dte mit der Bitte gewandt, den Kontakt zu chinesischen Herstellern von Schutzmasken herzustellen, die den europ\u00e4ischen Standards entsprechen.<\/p>\n\n\n\n<p>\u201eDie Sino-German United AG mit Sitz in M\u00fcnchen ist eng verbunden mit dem Deutsch-Chinesischen \u00d6kopark Qingdao, den wir seit vielen Jahren durch unsere Partnerschaft mit Qingdao gut kennen. Unsere pers\u00f6nlichen Kontakte nach China haben uns sehr geholfen, auf diesem weltweit sehr un\u00fcbersichtlichen Markt zuverl\u00e4ssige und seri\u00f6se Beschaffungen vorzunehmen\u201c, so Dr. Peter Kurz.<\/p>\n\n\n\n<p>\u201eWir freuen uns sehr, dass wir es, trotz der zurzeit in China herrschenden schwierigen Verh\u00e4ltnisse und H\u00fcrden im Markt f\u00fcr medizinische und private Schutzkleidung, geschafft haben, f\u00fcr die Stadt Mannheim bzw. das Universit\u00e4tsklinikum eine Lieferung Mund-Nase-Schutzmasken zu realisieren\u201c, so Philipp Birnstingl, Vorstand der SGU AG.<\/p>\n\n\n\n<p>\u201eWir bedanken uns im Namen aller unserer Mitarbeiter und Patienten bei unserer Partnerstadt Qingdao und allen, die diese Kooperation m\u00f6glich gemacht haben\u201c, sagen die Gesch\u00e4ftsf\u00fchrer des Universit\u00e4tsklinikums Mannheim, Freddy Bergmann und Professor Dr. med. Hans-J\u00fcrgen Hennes, und betonen: \u201eDie Ausr\u00fcstungsgegenst\u00e4nde aus Qingdao tragen zusammen mit unseren direkten Eink\u00e4ufen und den Lieferungen des Landes Baden-W\u00fcrttemberg f\u00fcr Universit\u00e4tsklinika dazu bei, dass wir unsere Mitarbeiter und Patienten zuverl\u00e4ssig vor Infektionen sch\u00fctzen und unsere Patienten weiter optimal versorgen k\u00f6nnen.\u201c<\/p>\n\n\n\n<p>Aktuell steht die Stadt Mannheim mit ihrem Fachbereich f\u00fcr internationale Beziehungen mit verschiedenen weiteren chinesischen Partnern in Kontakt, um weitere Lieferungen in den kommenden Tagen und Wochen zu erm\u00f6glichen. Auch die Partnerstadt Zhenjiang hat zugesagt, Mannheim bei der Beschaffung der dringend ben\u00f6tigten Schutzausr\u00fcstung zu unterst\u00fctzen.<\/p>\n\n\n\n<p><em>Stadt Mannheim<\/em><br><em>03.05.2020<\/em><\/p>\n\n\n\n<h2 class=\"wp-block-heading\">Danke! B\u00e4ume und B\u00e4nke als Spenden f\u00fcr den B\u00fcrgerpark<\/h2>\n\n\n\n<div class=\"wp-block-image\"><figure class=\"aligncenter\"><img decoding=\"async\" loading=\"lazy\" width=\"800\" height=\"593\" src=\"https:\/\/speyer24news.com\/wp-content\/uploads\/2020\/05\/04.jpg\" alt=\"\" class=\"wp-image-26777\" srcset=\"https:\/\/speyer24news.com\/wp-content\/uploads\/2020\/05\/04.jpg 800w, https:\/\/speyer24news.com\/wp-content\/uploads\/2020\/05\/04-300x222.jpg 300w, https:\/\/speyer24news.com\/wp-content\/uploads\/2020\/05\/04-768x569.jpg 768w, https:\/\/speyer24news.com\/wp-content\/uploads\/2020\/05\/04-80x60.jpg 80w\" sizes=\"(max-width: 800px) 100vw, 800px\" \/><figcaption>B\u00fcrgermeisterin Felicitas Kubala \u00fcbergibt Alexander Manz von der Schutzgemeinschaft Deutscher Wald stellvertretend f\u00fcr alle Baumspenderinnen und Baumspender eine Urkunde.<\/figcaption><\/figure><\/div>\n\n\n\n<p>Auch in diesem Jahr sind wieder viele Spenden aus der Bev\u00f6lkerung f\u00fcr den B\u00fcrgerpark eingegangen \u2013 gespendet wurden 39 B\u00e4ume mit 300 Euro pro Baum und und f\u00fcnf B\u00e4nke, die jeweils 450 Euro kosten. Die Spenderinnen und Spender machen damit ihnen nahestehenden Menschen ein besonderes und nachhaltiges Geschenk.<\/p>\n\n\n\n<p>In Folge des Coronavirus musste die allj\u00e4hrliche feierliche Urkunden-\u00dcbergabe im B\u00fcrgerpark f\u00fcr dieses Jahr abgesagt werden. Stattdessen verschickte B\u00fcrgermeisterin Felicitas Kubala die Urkunden per Post und f\u00fcgte Dankesworte bei: \u201eAuch f\u00fcr die Stadt Mannheim ist jeder Baum und jede Bank ein Geschenk. Der B\u00fcrgerpark ist ein wichtiger Ort zur Erholung und bietet vielen Tieren und Pflanzen einen Lebensraum. Er beherbergt auch die Bell, ein Naturdenkmal, das wegen seiner seltenen Sandb\u00f6den unter besonderem Schutz steht. Ich danke allen Spenderinnen und Spendern, die mit ihrer Spende zeigen, dass ihnen der B\u00fcrgerpark am Herzen liegt.\u201c<\/p>\n\n\n\n<p>Unter strenger Einhaltung der aktuellen Hygienevorschriften traf sich B\u00fcrgermeisterin Felicitas Kubala mit Alexander Manz, dem Vorsitzenden der Schutzgemeinschaft Deutscher Wald (Kreisverband Mannheim) im B\u00fcrgerpark und \u00fcbergab ihm stellvertretend f\u00fcr alle Spenderinnen und Spender eine Urkunde. Die Stadt Mannheim richtet jedes Jahr gemeinsam mit der Schutzgemeinschaft Deutscher Wald den \u201eTag des Baumes\u201c aus, der dieses Jahr aufgrund des Coronavirus ebenfalls ausfallen musste.<\/p>\n\n\n\n<p>Die in diesem Jahr neugepflanzten B\u00e4ume und die neuen B\u00e4nke stehen mit Widmungs-Schildern versehen im Park. Alle diesj\u00e4hrigen Spenderinnen und Spender werden zur Urkunden-\u00dcbergabe im n\u00e4chsten Jahr eingeladen. Die Stadt Mannheim f\u00fchrt die Spendenaktion seit 1988 jedes Jahr durch. Seither wurden insgesamt 45 B\u00e4nke und 1.202 B\u00e4ume gespendet.<\/p>\n\n\n\n<p><em>Stadt Mannheim<\/em><br><em>03.05.2020<\/em><\/p>\n\n\n\n<h2 class=\"wp-block-heading\">Kommunale Zusatzhilfe: Antr\u00e4ge f\u00fcr Corona-Soforthilfe ab 8. April m\u00f6glich<\/h2>\n\n\n\n<p>Die aktuell notwendigen Ma\u00dfnahmen zur Eind\u00e4mmung der Ausbreitung des Corona-Virus treffen viele Unternehmen und Selbst\u00e4ndige finanziell hart. Die Stadt Mannheim hat ein Programm f\u00fcr neben Bundes- und Landesunterst\u00fctzungen eventuell notwendigen erg\u00e4nzenden Hilfen f\u00fcr kleine Unternehmen aufgelegt.<\/p>\n\n\n\n<p>Dazu erkl\u00e4rt Oberb\u00fcrgermeister Dr. Peter Kurz: \u201eWir wollen das st\u00e4dtische Leben, wie wir es vor der Corona-Krise kannten, bewahren. Dazu tragen entscheidend inhaber- und familiengef\u00fchrte Gesch\u00e4fte, Gastronomie und Veranstalter in besonderer Weise bei. Sie alle sind besonders betroffen. \u00c4hnliches gilt f\u00fcr Vertragspartner der Stadt, deren Leistungen derzeit nicht erbracht werden k\u00f6nnen. Ob die beschlossenen Programme von Bund- und Land im Einzelfall ausreichen, in dieser kritischen Situation die Existenz zu sichern, ist nicht sicher. Genau deshalb wollen wir \u00fcber ein Programm handlungsf\u00e4hig sein.\u201c<\/p>\n\n\n\n<p>\u201eWir k\u00f6nnen derzeit noch nicht absch\u00e4tzen, wohin uns die Auswirkungen des Corona-Virus f\u00fchren werden. In der aktuellen Situation geht es darum, die Existenz von Unternehmen, Kulturschaffenden und Arbeitspl\u00e4tzen zu sichern, um auch in Zukunft die erfolgreiche Positionierung Mannheims als Wirtschaftsstandort halten zu k\u00f6nnen. Hierbei soll unser kommunales Zusatzhilfeprogramm unterst\u00fctzen\u201c, erg\u00e4nzt B\u00fcrgermeister Michael Gr\u00f6tsch.<\/p>\n\n\n\n<p>Das durch die Finanz- und das Wirtschaftsdezernate auf Basis des Gemeinderatsbeschlusses ausgearbeitete Soforthilfe-Programm richtet sich an Mannheimer Selbst\u00e4ndige und Unternehmen mit weniger als 50 Besch\u00e4ftigen, die f\u00fcr das urbane Leben in bzw. f\u00fcr Mannheim typische und zwingende Leistungen erbringen. Die Zuwendungsrichtlinie definiert darunter insbesondere folgende Antragsberechtige:<\/p>\n\n\n\n<ul><li>Inhaber- bzw. familiengef\u00fchrter Einzelhandel, der seine Verkaufsfl\u00e4che schlie\u00dfen musste<\/li><li>Stadtteilpr\u00e4gende Gastronomie<\/li><li>Musikspielst\u00e4tten<\/li><li>(Kultur-)Veranstalter<\/li><li>Unternehmen in einem Vertragsverh\u00e4ltnis mit der Stadt Mannheim und mit wesentlicher Unterst\u00fctzungsfunktion f\u00fcr die Aufrechterhaltung des \u00f6ffentlichen Lebens<\/li><\/ul>\n\n\n\n<p>Erster B\u00fcrgermeister und K\u00e4mmerer Christian Specht erl\u00e4utert: \u201eUnser Programm orientiert sich an dem Gedanken, dass diejenigen, die heute in unserer Stadt Steuern zahlen und f\u00fcr Arbeitspl\u00e4tze sorgen, das auch morgen noch k\u00f6nnen. Angesichts unserer begrenzten Mittel und um Mitnahmeeffekte zu vermeiden, ist unsere Hilfe an Voraussetzungen gekn\u00fcpft. Vorrangig m\u00fcssen die F\u00f6rderm\u00f6glichkeiten aus den Programmen von EU, Bund und Land in Anspruch genommen werden. Gerade inhabergef\u00fchrte Kleinunternehmen engagieren sich h\u00e4ufig f\u00fcr das Gemeinwohl und pr\u00e4gen mit ihren unternehmerischen Aktivit\u00e4ten die Lebensqualit\u00e4t in der Innenstadt und in den Stadtteilen.\u201c<\/p>\n\n\n\n<p>Weitere Voraussetzungen sind, dass potenzielle Finanzierungsm\u00f6glichkeiten \u00fcber Kreditinstitute sowie wirtschaftliche Einsparm\u00f6glichkeiten wie beispielsweise die Einf\u00fchrung von Kurzarbeitergeld ausgesch\u00f6pft werden m\u00fcssen. Die kommunale Zusatzhilfe wird in Form einer zinslosen, bedingt r\u00fcckzahlbaren einmaligen Zuwendung gew\u00e4hrt. Bedingung f\u00fcr die R\u00fcckzahlung ist, dass die finanzielle Situation des Unternehmens nach der Corona-Krise eine R\u00fcckzahlung zul\u00e4sst.<br>Ein Gremium aus Vertretern der Stadtverwaltung aus den Bereichen Finanzen und Wirtschaft sowie der mg: mannheimer gr\u00fcndungszentren gmbh sowie den Kammern bereitet die Bewilligung der kommunalen Zusatzhilfen vor. Abschlie\u00dfend entscheidet der Fachbereich Finanzen, Steuern und Beteiligungscontrolling \u00fcber die Zusatzhilfen.<\/p>\n\n\n\n<h4 class=\"wp-block-heading\">Weitere Informationen und Antragstellung<\/h4>\n\n\n\n<p>Das Antragsformular ist auf der Internetseite der Stadt Mannheim unter <a href=\"http:\/\/www.mannheim.de\/corona-soforthilfe\">www.mannheim.de\/corona-soforthilfe<\/a> online gestellt und dort mit einem Klick elektronisch abrufbar sein. Ebenso werden auf der Homepage weiterf\u00fchrende Informationen zur Antragstellung und den erforderlichen Antragsunterlagen sowie die \u201eZuwendungsrichtlinie Mannheimer Corona-Soforthilfe\u201c im Wortlaut ver\u00f6ffentlicht.<\/p>\n\n\n\n<p>Antr\u00e4ge k\u00f6nnen elektronisch an <a href=\"corona.soforthilfe@mannheim.de\">corona.soforthilfe@mannheim.de<\/a> oder postalisch an Fachbereich Finanzen, Steuern und Beteiligungscontrolling, E 4, 68159 Mannheim gestellt werden. Die <em><strong>Antragsfrist endet am 31. Mai 2020<\/strong><\/em>.<\/p>\n\n\n\n<p><strong>Bei R\u00fcckfragen:<\/strong><br>Hotline des Fachbereichs f\u00fcr Wirtschafts- und Strukturf\u00f6rderung: Tel 293-3351, Sprechzeiten Mo.-Fr. 8.30 Uhr \u2013 16.00 Uhr.<\/p>\n\n\n\n<p><em>Stadt Mannheim<\/em><br><em>03.05.2020<\/em><\/p>\n\n\n\n<h2 class=\"wp-block-heading\">Mannheim erh\u00e4lt St\u00e4dtebauf\u00f6rderungsmittel in H\u00f6he von 6,12 Millionen Euro<\/h2>\n\n\n\n<div class=\"wp-block-image\"><figure class=\"aligncenter\"><img decoding=\"async\" loading=\"lazy\" width=\"800\" height=\"533\" src=\"https:\/\/speyer24news.com\/wp-content\/uploads\/2020\/05\/Info-07-04-2020_Haushalt1.jpg\" alt=\"\" class=\"wp-image-26681\" srcset=\"https:\/\/speyer24news.com\/wp-content\/uploads\/2020\/05\/Info-07-04-2020_Haushalt1.jpg 800w, https:\/\/speyer24news.com\/wp-content\/uploads\/2020\/05\/Info-07-04-2020_Haushalt1-300x200.jpg 300w, https:\/\/speyer24news.com\/wp-content\/uploads\/2020\/05\/Info-07-04-2020_Haushalt1-768x512.jpg 768w\" sizes=\"(max-width: 800px) 100vw, 800px\" \/><\/figure><\/div>\n\n\n\n<p>Das Land Baden-W\u00fcrttemberg erreicht in diesem Jahr mit rund 265 Millionen Euro eine Rekordh\u00f6he in der St\u00e4dtebauf\u00f6rderung. Die Stadt Mannheim erh\u00e4lt vom Ministerium f\u00fcr Wirtschaft, Arbeit und Wohnungsbau im laufenden Programmjahr 2020 insgesamt 6,12 Millionen Euro.<\/p>\n\n\n\n<p>F\u00fcr den Neuantrag Neckarplatt\/ Pfeiffersw\u00f6rth erh\u00e4lt die Stadt Mannheim 600.000 Euro. Der Bereich ist Teil der Planungen zum Gr\u00fcnzug Nordost und hat zusammen mit der Feudenheimer Au eine besondere Bedeutung als Bindeglied zwischen Luisenpark (BUGA 1975) und dem neuen BUGA-Gel\u00e4nde auf Spinelli. \u201eEs freut mich, dass wir im zweiten Anlauf das Land von der Notwendigkeit dieser Ma\u00dfnahme \u00fcberzeugen konnten und nun f\u00fcr 2020 neu ins Programm aufgenommen wurden\u201c freut sich B\u00fcrgermeister Lothar Quast.<\/p>\n\n\n\n<p>Gleichzeitig konnten auch Mittel f\u00fcr die Aufstockung der st\u00e4dtebaulichen Entwicklung der ehemaligen Spinelli Barracks in H\u00f6he von 1,2 Millionen Euro gesichert werden, so dass in 2020 Mittel f\u00fcr den Grunderwerb, die Abbruchma\u00dfnahmen und die Herstellung der Parkschale zur Verf\u00fcgung stehen.<\/p>\n\n\n\n<p>Die Modernisierung des Kaisergartens wurde mit 1,8 Millionen Euro ebenfalls neu ins St\u00e4dtebauf\u00f6rderprogramm 2020 aufgenommen. Die Ma\u00dfnahme dient der St\u00e4rkung des gesellschaftlichen Zusammenhalts und der sozialen Integration und ist vorgesehen f\u00fcr den Umbau des Kaisergartens in ein Kinder- und Jugendzentrum im Sanierungsgebiet Neckarstadt-West. Nach der durchgef\u00fchrten Umgestaltung soll der Kaisergarten seinen Betrieb in der Tr\u00e4gerschaft des st\u00e4dtischen Fachbereichs 58 Jugendamt und Gesundheitsamt aufnehmen.<\/p>\n\n\n\n<p>Die Erh\u00f6hung der Mittel um 729.000 Euro im Sanierungsgebiet K\u00e4fertal Zentrum flie\u00dfen in die Sanierung des Kulturhauses, welches damit wieder den Anforderungen einer modernen Stadtteileinrichtung im Quartier gerecht werden kann.<\/p>\n\n\n\n<p>Mit insgesamt einer Million Euro erh\u00e4lt die Sch\u00f6nau zus\u00e4tzliche Mittel f\u00fcr die Aufwertung von \u00fcber 1.700 Wohnungen aus dem Bestand der GBG &#8211; Mannheimer Wohnungsbaugesellschaft. Mit den Zusch\u00fcssen aus Stuttgart und der Kostenbeteiligung der Stadt ist es m\u00f6glich, preisg\u00fcnstigen Wohnraum zu erhalten. \u201eDies ist genau das richtige Signal, das wir bei unver\u00e4ndert hoher Nachfrage im Rahmen unserer wohnungspolitischen Strategie setzen wollen. Es ist erfreulich, dass das Land Baden-W\u00fcrttemberg durch seine finanzielle Unterst\u00fctzung diesen Weg mitgestaltet\u201c, so Quast. Gleichzeitig hob Quast auch das gro\u00dfe finanzielle Engagement der GBG in diesem Zusammenhang hervor.<\/p>\n\n\n\n<p>Mit der Aufstockung um rund 800.000 Euro im Stadtumbaugebiet Gl\u00fcckstein-Quartier k\u00f6nnen die Arbeiten zur Neugestaltung des Lindenhofplatzes zum Abschluss gebracht werden. \u201eDamit gehen die st\u00e4dtischen Arbeiten in einem der umfangreichsten Stadtentwicklungsprojekte auf der R\u00fcckseite des Mannheimer Hauptbahnhofes in die Endphase\u201c, so Quast.<\/p>\n\n\n\n<p>B\u00fcrgermeister Quast bedankt sich ausdr\u00fccklich beim Ministerium f\u00fcr Wirtschaft, Arbeit und Wohnungsbau: \u201eEs hat sich auch in diesem Jahr wieder gezeigt, dass das Land Baden-W\u00fcrttemberg auch in schwierigen Zeiten den Kommunen im Allgemeinen und der Stadt Mannheim im Besonderen zur Seite steht.\u201c<\/p>\n\n\n\n<p><em>Stadt Mannheim<\/em><br><em>03.05.2020<\/em><\/p>\n\n\n\n<h2 class=\"wp-block-heading\">Schulstatistik 2019\/20 liegt vor<\/h2>\n\n\n\n<p>Die Sch\u00fcler*innenzahlen steigen, die Nachfrage nach Ganztagsgrundschulen geht weiter nach oben, und der Anteil an Sch\u00fcler*innen mit Migrationshintergrund liegt im landesweiten Vergleich \u00fcberdurchschnittlich hoch: Das sind Erkenntnisse aus der Schulstatistik 2019\/20, die nun vorliegt.<\/p>\n\n\n\n<p>Die j\u00e4hrlich erscheinende Mannheimer Schulstatistik bietet eine wichtige Planungsgrundlage f\u00fcr die Schulentwicklung der Stadt Mannheim. Als Instrument des Bildungsmonitorings bildet die Schulstatistik umfassende Informationen \u00fcber die Mannheimer Bildungslandschaft ab. Die Grundlage f\u00fcr die Daten der Mannheimer Schulstatistik bilden die im Rahmen der amtlichen Schulstatistik 2019\/20 durch das Land Baden-W\u00fcrttemberg sowie die zus\u00e4tzlich durch den Fachbereich Bildung der Stadt Mannheim erhobenen Daten.<\/p>\n\n\n\n<p>\u201eDie kommunale Schulentwicklungsplanung ist von vielf\u00e4ltigen Entwicklungen geleitet\u201c, \u00e4u\u00dfert sich Dirk Grunert, B\u00fcrgermeister Bildung, Jugend, Gesundheit zur Ver\u00f6ffentlichung der neuen Schulstatistik. \u201eNeben langfristig angelegten Schulentwicklungsma\u00dfnahmen wie dem Ausbau von Ganztagsgrundschulen, der zunehmenden Eingliederung inklusiv beschulter Sch\u00fcler*innen oder der Berufsschulentwicklung wirken sich steigende Sch\u00fcler*innenzahlen auf die Mannheimer Schullandschaft aus\u201c, so Dirk Grunert weiter. Er unterstreicht: \u201eMehr Zuz\u00fcge als Fortz\u00fcge, steigende Geburtenzahlen und die Entstehung neuer Wohngebiete f\u00fchren zu dieser Erh\u00f6hung. Insofern sind wir in einem konstanten Planungsprozess f\u00fcr die Mannheimer Schullandschaft, insbesondere auf den Konversionsfl\u00e4chen erleben wir eine sehr dynamische Entwicklung.\u201c Mit den steigenden Zuz\u00fcgen von Neub\u00fcrger*innen in das neue Wohngebiet Franklin wurde zum Schuljahr 2019\/20 die Franklinschule als verbindliche Ganztagsgrundschule in Betrieb genommen. Die Neugr\u00fcndung einer weiteren Grundschule im entstehenden Wohngebiet Spinelli wurde beim Regierungspr\u00e4sidium bereits beantragt.<\/p>\n\n\n\n<p>Die Bildungsplaner*innen des Fachbereichs Bildung listen weitere Ver\u00e4nderungen und Erkenntnisse auf: Durch eine Neustrukturierung im Bereich der gewerblichen beruflichen Schulen am Neckarufer-Nord reduzierte sich deren Anzahl von f\u00fcnf auf vier Einrichtungen. Im Fokus stand die Zusammenlegung der Heinrich-Lanz Schule I mit der Carl-Benz-Schule.<\/p>\n\n\n\n<p>Der Anteil an Sch\u00fclern*innen mit Realschulabschluss (37,2 Prozent) und Hochschulreife (38,6 Prozent) an allgemeinbildenden Schulen liegt in Mannheim h\u00f6her als der Durchschnitt von Baden-W\u00fcrttemberg, was auf die hohe Dichte an entsprechenden schulischen Angeboten zur\u00fcckzuf\u00fchren ist.<\/p>\n\n\n\n<p>Im Vergleich zum Land Baden-W\u00fcrttemberg ist der Anteil an Sch\u00fcler*innen mit Migrationshintergrund in Mannheim \u00fcberdurchschnittlich hoch. Er betr\u00e4gt im Schuljahr 2019\/20 an allgemein- und berufsbildenden Schulen im \u00f6ffentlichen und freien Schulsystem 42,2 Prozent und ist damit gegen\u00fcber dem Vorjahr leicht angestiegen (2018\/19: 40,7 Prozent).<\/p>\n\n\n\n<p>Zum Stichtag im Oktober 2019 waren 67,6 Prozent der Grundschulkinder in Mannheim in einer Ganztagsschule oder in einer Betreuungseinrichtung (Hort beziehungsweise Verl\u00e4ssliche Grundschule) angemeldet. Diese Quote steigt seit 2014\/15 kontinuierlich an. Engp\u00e4sse an stark frequentierten Grundschulstandorten machen es perspektivisch erforderlich, flexible Raumnutzungskonzepte f\u00fcr die vorhandenen Fl\u00e4chen zu entwickeln.<\/p>\n\n\n\n<p>Im laufenden Schuljahr stehen weitere Planungen zur Entwicklung der Grundschulen im Mannheimer S\u00fcden, der Neckarstadt und auf den Konversionsfl\u00e4chen an.<br>Beispielsweise ist es das Ziel, die Schiller- und die Wilhelm-Wundt-Grundschule im Stadtteil Neckarau zu einer Ganztagsgrundschule zusammenzulegen. In der Neckarstadt-West ist der Neubau einer vierz\u00fcgigen Ganztagsgrundschule geplant.<\/p>\n\n\n\n<p>Die aktuelle Schulstatistik 2018\/19 kann ab sofort auf der Homepage der Stadt Mannheim online eingesehen werden: <a href=\"https:\/\/www.mannheim.de\/schulstatistik\">https:\/\/www.mannheim.de\/schulstatistik<\/a><\/p>\n\n\n\n<p><em>Stadt Mannheim<br>03.05.2020<\/em><\/p>\n\n\n\n<h2 class=\"wp-block-heading\">Mannheimer Feuerwehr und Rettungsdienst unter einem Dach<\/h2>\n\n\n\n<h3 class=\"wp-block-heading\">Nach zwei Jahren Vorarbeit namm die Integrierte Leitstelle Mannheim zum 1. April ihren Betrieb auf.<\/h3>\n\n\n\n<div class=\"wp-block-image\"><figure class=\"aligncenter\"><img decoding=\"async\" loading=\"lazy\" width=\"800\" height=\"491\" src=\"https:\/\/speyer24news.com\/wp-content\/uploads\/2020\/05\/200401-Foto-Inbetriebnahme-ILS.jpg\" alt=\"\" class=\"wp-image-26776\" srcset=\"https:\/\/speyer24news.com\/wp-content\/uploads\/2020\/05\/200401-Foto-Inbetriebnahme-ILS.jpg 800w, https:\/\/speyer24news.com\/wp-content\/uploads\/2020\/05\/200401-Foto-Inbetriebnahme-ILS-300x184.jpg 300w, https:\/\/speyer24news.com\/wp-content\/uploads\/2020\/05\/200401-Foto-Inbetriebnahme-ILS-768x471.jpg 768w\" sizes=\"(max-width: 800px) 100vw, 800px\" \/><figcaption>Nach zwei Jahren Vorarbeit hat die Integrierte Leitstelle Mannheim zum 1.April ihren Betrieb aufgenommen<\/figcaption><\/figure><\/div>\n\n\n\n<p>112 \u2013 bislang haben die Mannheimer B\u00fcrgerinnen und B\u00fcrger unter dieser Nummer die Feuerwehrleitstelle in der Hauptfeuerwache Mannheim erreicht. Feuerwehreins\u00e4tze wurden dann von Disponenten direkt bearbeitet, bei medizinischen Notf\u00e4llen erfolgte eine Weiterleitung des Anrufs an die Integrierte Leitstelle in Ladenburg.<br>Zum 1. April 2020 \u00e4nderte sich dies: Von nun an werden sowohl Feuerwehr- als auch Rettungseins\u00e4tze unter einem Dach auf der Mannheimer Hauptfeuerwache koordiniert, durch die neu gegr\u00fcndete Integrierte Leitstelle Mannheim gGmbH (ILS). Der Betrieb erfolgt durch die Stadt Mannheim und das Deutsche Rote Kreuz, Kreisverband Mannheim.<\/p>\n\n\n\n<p>\u201eMit dem heutigen Tag und dem Start der ILS unter dem Dach unserer hochmodernen Hauptfeuerwache unternehmen wir einen weiteren gro\u00dfen Schritt f\u00fcr die Sicherheit der Mannheimer B\u00fcrgerinnen und B\u00fcrger. Schon bei der Planung der neuen Hauptfeuerwache hatten wir die Vision einer zentralen Anlaufstelle f\u00fcr die 112 in Mannheim, um eingehende Notrufe aus erster Hand zu bearbeiten. Ich freue mich, dass sich unsere jahrelangen Bem\u00fchungen ausgezahlt haben und wir nun den gemeinsamen Betrieb f\u00fcr Feuerwehr- und medizinische Rettungseins\u00e4tze starten k\u00f6nnen\u201c, freut sich Erster B\u00fcrgermeister Christian Specht.<\/p>\n\n\n\n<p>\u201eDie Inbetriebnahme der Integrierten Leitstelle ist ein weiterer Schritt zur Verbesserung der medizinischen Versorgung der Mannheimer Bev\u00f6lkerung. Uns ist enorm wichtig, dass f\u00fcr alle B\u00fcrgerinnen und B\u00fcrger eine optimale medizinische Versorgung gew\u00e4hrleistet ist&#8220;, betont Frank Berner, Pr\u00e4sident des DRK-KV Mannheim e.V. \u201eDurch den gemeinsamen Betrieb der Integrierten Leitstelle k\u00f6nnen wir die Hilfsleistungen in der Planung besser aufeinander abstimmen und so eine optimale rettungsdienstliche Versorgung sicherstellen.\u201c<br>Im Rahmen der Einweihung der neuen Hauptfeuerwache im Mai 2017 hatte der baden-w\u00fcrttembergische Innenminister Thomas Strobl verk\u00fcndet, dass der Rettungsdienstbereich Rhein-Neckar aufgespalten wird und das Stadtgebiet Mannheim zuk\u00fcnftig einen eigenen Rettungsdienstbereich mit einer eigenen Integrierten Leitstelle bildet. Die R\u00e4umlichkeiten f\u00fcr eine solche Leitstelle wurden bereits mit dem Neubau der Hauptfeuerwache geplant und verwirklicht. Insgesamt stehen der Integrierten Leitstelle Mannheim neun hochmoderne Einsatzleitpl\u00e4tze sowie acht Sonderabfragepl\u00e4tze f\u00fcr au\u00dfergew\u00f6hnliche Einsatzlagen zur Verf\u00fcgung. Geleitet wird die ILS von zwei hauptamtlichen und einem ehrenamtlichen Gesch\u00e4ftsf\u00fchrer.<\/p>\n\n\n\n<p>\u201eMannheim ist aufgrund zahlreicher Betriebe der chemischen Industrie sowie einer hochverdichteten Verkehrs- und Transportinfrastruktur eine Stadt mit einem der bundesweit h\u00f6chsten Gefahrenpotentiale\u201c, berichtet Specht. \u201eRechts- und linksrheinisch befinden sich rund 45 Unternehmen, die der St\u00f6rfallverordnung unterliegen. Hieraus ergeben sich besondere Erfordernisse an den Brand- und Katastrophenschutz sowie an die medizinische Notfallversorgung. Mit der ILS b\u00fcndeln wir nun die Kompetenzen an einer Stelle.\u201c<\/p>\n\n\n\n<p>Neben der Notrufannahme sowie der Disposition von Eins\u00e4tzen f\u00fcr Feuerwehr und Notfallrettung nimmt die Leitstelle auch zahlreiche zus\u00e4tzliche Aufgaben f\u00fcr die Stadt Mannheim wahr. Unter anderem ist sie Meldekopf f\u00fcr Hochwasser und besondere Ereignisse auf der Bundeswasserstra\u00dfe Rhein. Sie \u00fcberwacht die Liegenschaften des Amtes f\u00fcr Feuerwehr und Katastrophenschutz, den Fahrlachtunnel sowie Schleusen und Br\u00fccken auf der Friesenheimer Insel. Zur Warnung der Bev\u00f6lkerung vor Gefahren w\u00fcrden auch die 65 Mannheimer Sirenen von der ILS ausgel\u00f6st.<\/p>\n\n\n\n<p>\u201eUnser ausdr\u00fccklicher Dank gilt all jenen, die einen wesentlichen Beitrag zum Aufbau der ILS Mannheim geleistet haben\u201c, betonen Specht und Berner. \u201eAllen voran zu nennen sind Karlheinz Gremm, Kommandant der Feuerwehr Mannheim, Christiane Springer, Gesch\u00e4ftsf\u00fchrerin des DRK-Kreisverbands Mannheim, Christoph Scherer und Maximilian Schneegan\u00df, die beiden hauptamtlichen Gesch\u00e4ftsf\u00fchrer der Integrierten Leitstelle Mannheim gGmbH sowie insbesondere und stellvertretend f\u00fcr das Ehrenamt unser Koordinator des Rettungsdienstes der Stadt Mannheim Prof. Dr. Andreas Pitz, der die ehrenamtliche Gesch\u00e4ftsf\u00fchrung \u00fcbernimmt.\u201c<\/p>\n\n\n\n<p><em>Stadt Mannheim<br>03.05.2020<\/em><\/p>\n","protected":false},"excerpt":{"rendered":"<div class=\"mh-excerpt\"><p>Coronafallzahlen aus Mannheim 59.Aktuelle Meldung zu Corona 03.05.2020 Aktuelle Fallzahlen \u2013 Zahl der nachgewiesenen Corona-F\u00e4lle in Mannheim steigt auf 462 Dem Gesundheitsamt Mannheim wurden bis heute Nachmittag, 03.05.2020, 16.00 Uhr, 2 weitere F\u00e4lle von nachgewiesenen <a class=\"mh-excerpt-more\" href=\"https:\/\/speyer24news.com\/?p=26775\" title=\"Mannheim\">[&#8230;]<\/a><\/p>\n<\/div>","protected":false},"author":3,"featured_media":0,"comment_status":"open","ping_status":"open","sticky":false,"template":"","format":"standard","meta":{"_monsterinsights_skip_tracking":false,"_monsterinsights_sitenote_active":false,"_monsterinsights_sitenote_note":"","_monsterinsights_sitenote_category":0,"footnotes":""},"categories":[6753],"tags":[6761,6772,6773,6765,6766,6754,6367,6370,6758,6760,6774,6775,5904,6756,5801,6755,6764,6768,6769,6778,6771,6762,6770,56,6763,6777,6776,6757,6767,6759],"aioseo_notices":[],"amp_enabled":true,"_links":{"self":[{"href":"https:\/\/speyer24news.com\/index.php?rest_route=\/wp\/v2\/posts\/26775"}],"collection":[{"href":"https:\/\/speyer24news.com\/index.php?rest_route=\/wp\/v2\/posts"}],"about":[{"href":"https:\/\/speyer24news.com\/index.php?rest_route=\/wp\/v2\/types\/post"}],"author":[{"embeddable":true,"href":"https:\/\/speyer24news.com\/index.php?rest_route=\/wp\/v2\/users\/3"}],"replies":[{"embeddable":true,"href":"https:\/\/speyer24news.com\/index.php?rest_route=%2Fwp%2Fv2%2Fcomments&post=26775"}],"version-history":[{"count":2,"href":"https:\/\/speyer24news.com\/index.php?rest_route=\/wp\/v2\/posts\/26775\/revisions"}],"predecessor-version":[{"id":26785,"href":"https:\/\/speyer24news.com\/index.php?rest_route=\/wp\/v2\/posts\/26775\/revisions\/26785"}],"wp:attachment":[{"href":"https:\/\/speyer24news.com\/index.php?rest_route=%2Fwp%2Fv2%2Fmedia&parent=26775"}],"wp:term":[{"taxonomy":"category","embeddable":true,"href":"https:\/\/speyer24news.com\/index.php?rest_route=%2Fwp%2Fv2%2Fcategories&post=26775"},{"taxonomy":"post_tag","embeddable":true,"href":"https:\/\/speyer24news.com\/index.php?rest_route=%2Fwp%2Fv2%2Ftags&post=26775"}],"curies":[{"name":"wp","href":"https:\/\/api.w.org\/{rel}","templated":true}]}}