{"id":26806,"date":"2020-05-04T06:49:17","date_gmt":"2020-05-04T05:49:17","guid":{"rendered":"https:\/\/speyer24news.com\/?p=26806"},"modified":"2020-05-04T06:49:18","modified_gmt":"2020-05-04T05:49:18","slug":"geschwindigkeitsmessung-blitzer-24","status":"publish","type":"post","link":"https:\/\/speyer24news.com\/?p=26806","title":{"rendered":"Geschwindigkeitsmessung \/ Blitzer"},"content":{"rendered":"<style type=\"text\/css\">\r\n\t.ads_top_disp{}\r\n\t.ads_top_corner_disp{ float:left; margin:0px 10px 10px 0px; }\r\n\t.ads_first_p_disp{}\r\n\t.ads_bottom_disp{}\r\n\t<\/style>\n<h2 class=\"wp-block-heading\">Geschwindigkeitskontrollen f\u00fcr die Woche vom 4. bis 8. Mai<\/h2>\n\n\n\n<figure class=\"wp-block-image\"><img decoding=\"async\" loading=\"lazy\" width=\"640\" height=\"497\" src=\"https:\/\/speyer24news.com\/wp-content\/uploads\/2020\/01\/Kontrolle-BaW\u00fc.jpg\" alt=\"\" class=\"wp-image-23874\" srcset=\"https:\/\/speyer24news.com\/wp-content\/uploads\/2020\/01\/Kontrolle-BaW\u00fc.jpg 640w, https:\/\/speyer24news.com\/wp-content\/uploads\/2020\/01\/Kontrolle-BaW\u00fc-300x233.jpg 300w\" sizes=\"(max-width: 640px) 100vw, 640px\" \/><\/figure>\n\n\n\n<p><strong>(Mannheim) &#8211; <\/strong>Die Stadt Mannheim f\u00fchrt vom 4. bis 8. Mai in folgenden Stra\u00dfen Radarkontrollen durch:<\/p>\n\n\n\n<ul><li> Bismarckstra\u00dfe<\/li><li> Braunschweiger Allee<\/li><li> C-Quadrate<\/li><li> D-Quadrate<\/li><li> Domstiftstra\u00dfe<\/li><li> Faserweg<\/li><li> Fressgasse<\/li><li> Friedrichsring<\/li><li> Gro\u00df-Gerauer-Stra\u00dfe<\/li><li> G-Quadrate<\/li><li> K-Quadrate<\/li><li> Memeler Stra\u00dfe<\/li><li> Neckarvorlandstra\u00dfe<\/li><li> Oppauer Kreuzweg<\/li><li> R-Quadrate<\/li><li> Rastenburger Stra\u00dfe<\/li><li> Rottfeldstra\u00dfe<\/li><li> Rudolf-Maus-Stra\u00dfe<\/li><li> Sandhofer Stra\u00dfe<\/li><li> Scharhofer Stra\u00dfe<\/li><li> Sch\u00f6nauer Stra\u00dfe<\/li><li> S-Quadrate<\/li><li> T-Quadrate<\/li><li> U-Quadrate<\/li><li> Werner-Nagel-Ring<\/li><li> Wilhelm-Liebknecht-Stra\u00dfe<\/li><\/ul>\n\n\n\n<p>Kurzfristige \u00c4nderungen oder zus\u00e4tzliche Messstellen sind aus aktuellem Anlass m\u00f6glich.<\/p>\n\n\n\n<p><em>Stadt Mannheim<br>04.05.2020<\/em><\/p>\n","protected":false},"excerpt":{"rendered":"<div class=\"mh-excerpt\"><p>Geschwindigkeitskontrollen f\u00fcr die Woche vom 4. bis 8. Mai (Mannheim) &#8211; Die Stadt Mannheim f\u00fchrt vom 4. bis 8. Mai in folgenden Stra\u00dfen Radarkontrollen durch: Bismarckstra\u00dfe Braunschweiger Allee C-Quadrate D-Quadrate Domstiftstra\u00dfe Faserweg Fressgasse Friedrichsring Gro\u00df-Gerauer-Stra\u00dfe <a class=\"mh-excerpt-more\" href=\"https:\/\/speyer24news.com\/?p=26806\" title=\"Geschwindigkeitsmessung \/ Blitzer\">[&#8230;]<\/a><\/p>\n<\/div>","protected":false},"author":3,"featured_media":0,"comment_status":"open","ping_status":"open","sticky":false,"template":"","format":"standard","meta":{"_monsterinsights_skip_tracking":false,"_monsterinsights_sitenote_active":false,"_monsterinsights_sitenote_note":"","_monsterinsights_sitenote_category":0,"footnotes":""},"categories":[64],"tags":[18,4814,19,4817,4228,947,779,4816,56,227,17,949,4813,1310,948],"aioseo_notices":[],"amp_enabled":true,"_links":{"self":[{"href":"https:\/\/speyer24news.com\/index.php?rest_route=\/wp\/v2\/posts\/26806"}],"collection":[{"href":"https:\/\/speyer24news.com\/index.php?rest_route=\/wp\/v2\/posts"}],"about":[{"href":"https:\/\/speyer24news.com\/index.php?rest_route=\/wp\/v2\/types\/post"}],"author":[{"embeddable":true,"href":"https:\/\/speyer24news.com\/index.php?rest_route=\/wp\/v2\/users\/3"}],"replies":[{"embeddable":true,"href":"https:\/\/speyer24news.com\/index.php?rest_route=%2Fwp%2Fv2%2Fcomments&post=26806"}],"version-history":[{"count":1,"href":"https:\/\/speyer24news.com\/index.php?rest_route=\/wp\/v2\/posts\/26806\/revisions"}],"predecessor-version":[{"id":26807,"href":"https:\/\/speyer24news.com\/index.php?rest_route=\/wp\/v2\/posts\/26806\/revisions\/26807"}],"wp:attachment":[{"href":"https:\/\/speyer24news.com\/index.php?rest_route=%2Fwp%2Fv2%2Fmedia&parent=26806"}],"wp:term":[{"taxonomy":"category","embeddable":true,"href":"https:\/\/speyer24news.com\/index.php?rest_route=%2Fwp%2Fv2%2Fcategories&post=26806"},{"taxonomy":"post_tag","embeddable":true,"href":"https:\/\/speyer24news.com\/index.php?rest_route=%2Fwp%2Fv2%2Ftags&post=26806"}],"curies":[{"name":"wp","href":"https:\/\/api.w.org\/{rel}","templated":true}]}}