{"id":26863,"date":"2020-05-07T07:39:40","date_gmt":"2020-05-07T06:39:40","guid":{"rendered":"https:\/\/speyer24news.com\/?p=26863"},"modified":"2020-05-07T07:39:42","modified_gmt":"2020-05-07T06:39:42","slug":"stadtnotizen-verkehrsnotizen-aus-speyer-18","status":"publish","type":"post","link":"https:\/\/speyer24news.com\/?p=26863","title":{"rendered":"Stadtnotizen &#038; Verkehrsnotizen aus Speyer"},"content":{"rendered":"<style type=\"text\/css\">\r\n\t.ads_top_disp{}\r\n\t.ads_top_corner_disp{ float:left; margin:0px 10px 10px 0px; }\r\n\t.ads_first_p_disp{}\r\n\t.ads_bottom_disp{}\r\n\t<\/style>\n<h1 class=\"wp-block-heading\" style=\"text-align:center\">Stadtnotizen<\/h1>\n\n\n\n<figure class=\"wp-block-image\"><img decoding=\"async\" loading=\"lazy\" width=\"800\" height=\"600\" src=\"https:\/\/speyer24news.com\/wp-content\/uploads\/2020\/01\/Speyer-Stadtnachrichten-2.jpg\" alt=\"\" class=\"wp-image-23901\" srcset=\"https:\/\/speyer24news.com\/wp-content\/uploads\/2020\/01\/Speyer-Stadtnachrichten-2.jpg 800w, https:\/\/speyer24news.com\/wp-content\/uploads\/2020\/01\/Speyer-Stadtnachrichten-2-300x225.jpg 300w, https:\/\/speyer24news.com\/wp-content\/uploads\/2020\/01\/Speyer-Stadtnachrichten-2-768x576.jpg 768w, https:\/\/speyer24news.com\/wp-content\/uploads\/2020\/01\/Speyer-Stadtnachrichten-2-678x509.jpg 678w, https:\/\/speyer24news.com\/wp-content\/uploads\/2020\/01\/Speyer-Stadtnachrichten-2-326x245.jpg 326w, https:\/\/speyer24news.com\/wp-content\/uploads\/2020\/01\/Speyer-Stadtnachrichten-2-80x60.jpg 80w\" sizes=\"(max-width: 800px) 100vw, 800px\" \/><\/figure>\n\n\n\n<h2 class=\"wp-block-heading\">Coronafallzahlen aus Speyer<\/h2>\n\n\n\n<figure class=\"wp-block-image\"><img decoding=\"async\" loading=\"lazy\" width=\"800\" height=\"400\" src=\"https:\/\/speyer24news.com\/wp-content\/uploads\/2020\/02\/virus-1812092_1920.jpg\" alt=\"\" class=\"wp-image-25128\" srcset=\"https:\/\/speyer24news.com\/wp-content\/uploads\/2020\/02\/virus-1812092_1920.jpg 800w, https:\/\/speyer24news.com\/wp-content\/uploads\/2020\/02\/virus-1812092_1920-300x150.jpg 300w, https:\/\/speyer24news.com\/wp-content\/uploads\/2020\/02\/virus-1812092_1920-768x384.jpg 768w\" sizes=\"(max-width: 800px) 100vw, 800px\" \/><\/figure>\n\n\n\n<h4 class=\"wp-block-heading\">Mittwoch, 06.05.2020<\/h4>\n\n\n\n<ul><li><strong>Anzahl best\u00e4tigter F\u00e4lle von Coronavirus (SARS-CoV-2)-Infektionen in der Stadt Speyer: 82   + 1 gegen\u00fcber Donnerstag, 30.04.2020<\/strong><\/li><li><strong>Davon bereits genesen: 57 + 6 gegen\u00fcber Donnerstag, 30.04.2020<\/strong><\/li><li><b>Personen in Quarant\u00e4ne:38   <\/b><strong>&#8211; 19 gegen\u00fcber Donnerstag, 30.04.2020<\/strong><\/li><\/ul>\n\n\n\n<p><em>Stand: 06.05.2020, 15:00 Uhr<\/em><\/p>\n\n\n\n<h4 class=\"wp-block-heading\"><strong>Donnerstag, 30.04.2020<\/strong><\/h4>\n\n\n\n<ul><li><strong>Anzahl best\u00e4tigter F\u00e4lle von Coronavirus (SARS-CoV-2)-Infektionen in der Stadt Speyer: 81   +\/- 0 gegen\u00fcber Mittwoch<\/strong><\/li><li><strong>Davon bereits genesen: 51 +\/- 0 gegen\u00fcber Mittwoch<\/strong><\/li><li><strong>Personen in Quarant\u00e4ne: 57   +\/- 0 gegen\u00fcber Mittwoch<\/strong><\/li><\/ul>\n\n\n\n<p><em>Stand: 30.04.2020, 15:00 Uhr<\/em><\/p>\n\n\n\n<p><em>Text: Stadtverwaltung Speyer Foto: pixabay.com<br>07.05.2020<\/em><\/p>\n\n\n\n<h2 class=\"wp-block-heading\"><strong>Kettcar-Spa\u00df statt Langeweile \u2013 Neues Angebot der Jugendf\u00f6rderung<\/strong><\/h2>\n\n\n\n<div class=\"wp-block-image\"><figure class=\"aligncenter\"><img decoding=\"async\" src=\"https:\/\/speyer24news.com\/wp-content\/uploads\/2020\/05\/juf\u00f6-kettcar-touren-3.jpg\" alt=\"\" class=\"wp-image-26866\"\/><\/figure><\/div>\n\n\n\n<p>Nach wie vor sind aufgrund der Corona-Pandemie Freizeiteinrichtungen geschlossen, was die Freizeitgestaltung von Familien\n zunehmend erschwert. Da kommt das neue Angebot der Speyerer Jugendf\u00f6rderung gerade richtig!<\/p>\n\n\n\n<p>Ab kommendem Freitag, 8. Mai 2020, k\u00f6nnen sich Familien in der Walderholung kostenlos die Kettcars der Jugendf\u00f6rderung ausleihen.  F\u00fcr die Dauer einer Stunde kann dann gemeinsam das Gel\u00e4nde der Walderholung befahren oder eine Tour durch den Wald rund um das Gel\u00e4nde unternommen werden.\u00a0 <\/p>\n\n\n\n<p>Ab Donnerstag, 7. Mai 2020, k\u00f6nnen sich Familien \u00fcber die Website der Jugendf\u00f6rderung <a rel=\"noreferrer noopener\" href=\"https:\/\/deref-web-02.de\/mail\/client\/TDaI6i91rbM\/dereferrer\/?redirectUrl=http%3A%2F%2Fwww.juf%C3%B6.de\" target=\"_blank\">www.juf\u00f6.de<\/a> die Kettcars f\u00fcr die gew\u00fcnschte Uhrzeit buchen. Angeboten werden die Kettcar-Touren zun\u00e4chst in den kommenden beiden Wochen jeweils dienstags, donnerstags, freitags, samstags und sonntags. Bei hoher Nachfrage wird  das Angebot gegebenenfalls verl\u00e4ngert. <\/p>\n\n\n\n<div class=\"wp-block-image\"><figure class=\"aligncenter\"><img decoding=\"async\" src=\"https:\/\/speyer24news.com\/wp-content\/uploads\/2020\/05\/JuF\u00f6-Speyer.png\" alt=\"\" class=\"wp-image-26867\"\/><\/figure><\/div>\n\n\n\n<p>\u201eIch bin froh \u00fcber die kreativen Ideen und deren spontane Umsetzung durch die st\u00e4dtische Jugendf\u00f6rderung. Gerade jetzt,\n wo viele Familien durch die weiterhin andauernde Schlie\u00dfung von Kitas und gro\u00dfen Teilen der Schulen besonders belastet sind, ist es wichtig, ihnen einen Ausgleich und kreative Ideen zur Freizeitgestaltung bei gleichzeitig hohem Infektionsschutz zu bieten\u201c,\n betont B\u00fcrgermeisterin Monika Kabs. <\/p>\n\n\n\n<p>Aufgrund der weiterhin geltenden Kontaktbeschr\u00e4nkungen zur Eind\u00e4mmung der Corona-Pandemie k\u00f6nnen ausschlie\u00dflich Familien,\n also Angeh\u00f6rige eines Haushalts, das Angebot wahrnehmen. Ehrenamtliche Helfer*innen werden die Kettcars auf dem Gel\u00e4nde der Walderholung an die Familien ausgeben und die Fahrzeuge nach jeder Benutzung gr\u00fcndlich desinfizieren. Durch die vorab gebuchten Zeiten\n ist gew\u00e4hrleistet, dass sich weder Warteschlangen bilden noch mehrere Gruppen auf dem Gel\u00e4nde zusammentreffen.\n<\/p>\n\n\n\n<p>Die Stadtverwaltung weist darauf hin, dass aus technischen Gr\u00fcnden bei der Online-Buchung auf\n<a href=\"https:\/\/deref-web-02.de\/mail\/client\/TDaI6i91rbM\/dereferrer\/?redirectUrl=http%3A%2F%2Fwww.juf%C3%B6.de\" target=\"_blank\" rel=\"noreferrer noopener\">www.juf\u00f6.de<\/a> neben den Kontaktdaten auch eine Bankverbindung abgefragt wird. Dies liegt daran, dass das Anmeldeformular der kostenpflichtigen Ferienfreizeiten verwendet wird. Die Kettcar-Touren sind\n<strong>kostenfrei<\/strong> \u2013 das angegebene Konto wird demnach nicht belastet. <\/p>\n\n\n\n<p><em>Stadtverwaltung Speyer<\/em><br><em>07.05.2020<\/em><\/p>\n\n\n\n<h2 class=\"wp-block-heading\"><strong>Live Lyrics mit Timo Effler &amp; Francis \u201eAza\u201c Razafindraboay am kommenden Sonntag<\/strong><\/h2>\n\n\n\n<div class=\"wp-block-image\"><figure class=\"aligncenter\"><img decoding=\"async\" loading=\"lazy\" width=\"550\" height=\"550\" src=\"https:\/\/speyer24news.com\/wp-content\/uploads\/2020\/05\/Aza-Timo.jpg\" alt=\"\" class=\"wp-image-26865\" srcset=\"https:\/\/speyer24news.com\/wp-content\/uploads\/2020\/05\/Aza-Timo.jpg 550w, https:\/\/speyer24news.com\/wp-content\/uploads\/2020\/05\/Aza-Timo-150x150.jpg 150w, https:\/\/speyer24news.com\/wp-content\/uploads\/2020\/05\/Aza-Timo-300x300.jpg 300w\" sizes=\"(max-width: 550px) 100vw, 550px\" \/><\/figure><\/div>\n\n\n\n<p>Im Rahmen der Kampagne &#8222;Speyer.Kultur.Support.\u201c spielen Timo Effler &amp; Francis \u201eAza\u201c Razafindraboay am <strong>Sonntag, 10. Mai 2020, 11 Uhr<\/strong>, das Konzert ohne Publikum No. 4. Die Lyrics werden live aus der Stadthalle Speyer gesendet. \u00dcbertragen wird der Livestream \u00fcber die YouTube-Seite des Offenen Kanals Speyer &#8211; RheinLokal: <a rel=\"noreferrer noopener\" href=\"https:\/\/deref-web-02.de\/mail\/client\/WmuyQX7Q1pg\/dereferrer\/?redirectUrl=http%3A%2F%2Fwww.okspeyer.de%2F%3Ffbclid%3DIwAR2DVftBmRyHI4TApFfOiydjRyGE3y09Zndep_rmxNxSzKMDrNew0vhYr4g\" target=\"_blank\"> http:\/\/www.okspeyer.de\/<\/a>.<\/p>\n\n\n\n<p>Wir alle h\u00f6ren viel Musik, zuhause, unterwegs im Auto, in der Bahn oder auch beim Joggen. Aber wer h\u00f6rt sch\u00f6n so genau auf die Texte? Diese werden oft nur sehr passiv wahrgenommen. Das wird sich beim zweiten \u201eFr\u00fchschoppe-Konzert\u201c am kommenden Sonntag \u00e4ndern.  Timo Effler spricht Song-Texte von C wie Cat Stevens bis V wie Suzanne Vega und zeigt, was hinter diesen Liedern steckt. Francis \u201eAza\u201c Razafindraboay wird die Songs musikalisch interpretieren und das Publikum wird sie m\u00f6glichweise mit ganz anderen Ohren h\u00f6ren.<\/p>\n\n\n\n<p>Timo Effler, in der Speyerer Theaterszene bestens bekannt, ist k\u00fcnstlerischer Leiter, Regisseur und Schauspieler am Zimmertheater Speyer und Lehrer am Gymnasium am Kaiserdom.<\/p>\n\n\n\n<p>Francis \u201eAza\u201c Razafindraboay, Leiter der Gitarrenschule \u201eguitar for fun\u201c, vereint franz\u00f6sische, madagassische und pf\u00e4lzische Wurzeln. Musik war immer seine gro\u00dfe Leidenschaft. Er lebt nach dem Zitat von Friedrich Nietzsche: &#8222;Das Leben ohne Musik ist ein Irrtum&#8220;.<\/p>\n\n\n\n<div class=\"wp-block-image\"><figure class=\"aligncenter\"><img decoding=\"async\" loading=\"lazy\" width=\"800\" height=\"566\" src=\"https:\/\/speyer24news.com\/wp-content\/uploads\/2020\/03\/A3-CHART_orange.jpg\" alt=\"\" class=\"wp-image-26109\" srcset=\"https:\/\/speyer24news.com\/wp-content\/uploads\/2020\/03\/A3-CHART_orange.jpg 800w, https:\/\/speyer24news.com\/wp-content\/uploads\/2020\/03\/A3-CHART_orange-300x212.jpg 300w, https:\/\/speyer24news.com\/wp-content\/uploads\/2020\/03\/A3-CHART_orange-768x543.jpg 768w\" sizes=\"(max-width: 800px) 100vw, 800px\" \/><\/figure><\/div>\n\n\n\n<p>Die Ausf\u00fchrenden erhalten eine Gage. Online werden spezielle Unterst\u00fctzertickets angeboten, deren Erl\u00f6s wiederum K\u00fcnstlerinnen und K\u00fcnstlern zugutekommt. Alle Infos dazu unter <a rel=\"noreferrer noopener\" href=\"https:\/\/deref-web-02.de\/mail\/client\/cmsCeD1RdmU\/dereferrer\/?redirectUrl=http%3A%2F%2Fwww.speyer.de%2Fkultursupport%3Ffbclid%3DIwAR1awSG6N8xEHgDsTHaDazX_pvVSjtLcDbuTj-De69apnWuMOPbp4qRQeRg\" target=\"_blank\"> www.speyer.de\/kultursupport<\/a>.<\/p>\n\n\n\n<p><em>Text: Stadtverwaltung Speyer Foto: \u00a9 Zimmertheater Speyer<br>07.05.2020<\/em><\/p>\n\n\n\n<h2 class=\"wp-block-heading\"><strong>Newsletter der st\u00e4dtischen Wirtschaftsf\u00f6rderung ab sofort in neuem Gewand<\/strong><\/h2>\n\n\n\n<div class=\"wp-block-image\"><figure class=\"aligncenter\"><img decoding=\"async\" loading=\"lazy\" width=\"500\" height=\"652\" src=\"https:\/\/speyer24news.com\/wp-content\/uploads\/2020\/05\/Newsletter.png\" alt=\"\" class=\"wp-image-26864\" srcset=\"https:\/\/speyer24news.com\/wp-content\/uploads\/2020\/05\/Newsletter.png 500w, https:\/\/speyer24news.com\/wp-content\/uploads\/2020\/05\/Newsletter-230x300.png 230w\" sizes=\"(max-width: 500px) 100vw, 500px\" \/><\/figure><\/div>\n\n\n\n<p>\u201eAlles neu macht der Mai\u201c \u2013 das betrifft auch den Newsletter der st\u00e4dtischen Wirtschaftsf\u00f6rderung, der von Grund auf \u00fcberarbeitet und\n auf ein neues, leistungsstarkes System umgestellt wurde. Am vergangenen Freitag wurde er nun erstmals im neuen Design verschickt.\n<\/p>\n\n\n\n<p>\u201eNicht nur in fordernden Zeiten wie diesen ist es wichtig, \u00fcbersichtlich und zielgruppengenau, aber dennoch umfassend zu informieren.\n Der neugestaltete Newsletter der Wirtschaftsf\u00f6rderung erf\u00fcllt diese Voraussetzungen und ist ein starkes Instrument, um die Unternehmen und Betriebe vor Ort \u00fcber relevante Themen auf dem Laufenden zu halten\u201c, betont Oberb\u00fcrgermeisterin Stefanie Seiler. Um einen\n einheitlichen Standard zu gew\u00e4hrleisten, werden in den kommenden Wochen sukzessive alle von der Stadtverwaltung versendeten Newsletter auf das neue System umgestellt.<\/p>\n\n\n\n<p>Interessierte k\u00f6nnen den Newsletter der Wirtschaftsf\u00f6rderung unter\n<a href=\"https:\/\/deref-web-02.de\/mail\/client\/9nT6k1a5vxw\/dereferrer\/?redirectUrl=http%3A%2F%2Fwww.speyer.de%2Fwirtschaftsfoerderung%2Fnewsletter\" target=\"_blank\" rel=\"noreferrer noopener\">www.speyer.de\/wirtschaftsfoerderung\/newsletter<\/a> bestellen.\n<\/p>\n\n\n\n<p><em>Stadtverwaltung Speyer<br>07.05.2020<\/em><\/p>\n\n\n\n<h1 class=\"wp-block-heading\" style=\"text-align:center\">Verkehrsnotizen<\/h1>\n\n\n\n<div class=\"wp-block-image\"><figure class=\"aligncenter\"><img decoding=\"async\" loading=\"lazy\" width=\"800\" height=\"565\" src=\"https:\/\/speyer24news.com\/wp-content\/uploads\/2020\/01\/Baustelle-2.jpg\" alt=\"\" class=\"wp-image-23900\" srcset=\"https:\/\/speyer24news.com\/wp-content\/uploads\/2020\/01\/Baustelle-2.jpg 800w, https:\/\/speyer24news.com\/wp-content\/uploads\/2020\/01\/Baustelle-2-300x212.jpg 300w, https:\/\/speyer24news.com\/wp-content\/uploads\/2020\/01\/Baustelle-2-768x542.jpg 768w\" sizes=\"(max-width: 800px) 100vw, 800px\" \/><\/figure><\/div>\n\n\n\n<h2 class=\"wp-block-heading\"><strong>Sanierung der Hilgardstra\u00dfe<\/strong><\/h2>\n\n\n\n<div class=\"wp-block-image\"><figure class=\"aligncenter\"><img decoding=\"async\" loading=\"lazy\" width=\"640\" height=\"471\" src=\"https:\/\/speyer24news.com\/wp-content\/uploads\/2020\/01\/Baustelle.jpg\" alt=\"\" class=\"wp-image-24501\" srcset=\"https:\/\/speyer24news.com\/wp-content\/uploads\/2020\/01\/Baustelle.jpg 640w, https:\/\/speyer24news.com\/wp-content\/uploads\/2020\/01\/Baustelle-300x221.jpg 300w, https:\/\/speyer24news.com\/wp-content\/uploads\/2020\/01\/Baustelle-80x60.jpg 80w\" sizes=\"(max-width: 640px) 100vw, 640px\" \/><\/figure><\/div>\n\n\n\n<p>Die Stadtverwaltung Speyer informiert, dass die Hilgardstra\u00dfe <strong>ab Freitag, 8. Mai 2020<\/strong> umfassend saniert wird. Vorgesehen ist eine Instandsetzung  des gesamten Stra\u00dfenquerschnitts, also der Fahrbahn und Gehwege. Durchgef\u00fchrt werden die Arbeiten in zwei aufeinanderfolgenden Bauabschnitten:<\/p>\n\n\n\n<ol><li><strong>Schwerdstra\u00dfe bis Ludwigstra\u00dfe von Mai bis Juli 2020<\/strong><\/li><li><strong>Kreuzungsbereich Hilgardstra\u00dfe\/Ludwigstra\u00dfe von Juli bis Oktober 2020<\/strong><\/li><\/ol>\n\n\n\n<p>In diesem Zuge wird auch das Parken neu geordnet und der Kreuzungsbereich Hilgardstra\u00dfe\/Ludwigstra\u00dfe barrierefrei umgestaltet. Ferner\n werden Arbeiten an den Wasser- und Gasleitungen sowie am Kanal durchgef\u00fchrt und Glasfaserkabel verlegt.<\/p>\n\n\n\n<p>F\u00fcr den Kfz-Verkehr werden in beiden Bauabschnitten entsprechende Umleitungen ausgeschildert. Der Busverkehr wird aufrecht erhalten,\n allerdings entf\u00e4llt die Haltestelle Bartholom\u00e4us-Weltz-Platz. Als Ersatz dient die Haltestelle Ged\u00e4chtniskirche.<\/p>\n\n\n\n<p>Die Gesamtma\u00dfnahme wird, entsprechende Witterungsbedingungen vorausgesetzt, voraussichtlich im Oktober 2020 abgeschlossen werden.\n<\/p>\n\n\n\n<p>F\u00fcr R\u00fcckfragen stehen die Mitarbeiter*innen der Tiefbauabteilung gerne unter\n<a href=\"mailto:tiefbau@stadt-speyer.de\" target=\"_blank\" rel=\"noreferrer noopener\">tiefbau@stadt-speyer.de<\/a> zur Verf\u00fcgung.<\/p>\n\n\n\n<p><em>Stadtverwaltung Speyer<\/em><br><em>07.05.2020<\/em><\/p>\n\n\n\n<h2 class=\"wp-block-heading\"><strong>Sanierung der Industriestra\u00dfe\n<\/strong><\/h2>\n\n\n\n<p>Die Stadtverwaltung Speyer informiert, dass ab\n<strong>Montag, 11. Mai 2020<\/strong>, die Vorbereitungen zur Instandsetzung der Industriestra\u00dfe im Bereich der Anschlussstellen zur B39 beginnen. Die Gesamtma\u00dfnahme wird von den Stadtwerken Speyer, dem Landesbetrieb Mobilit\u00e4t und der Stadt Speyer gemeinsam durchgef\u00fchrt.<\/p>\n\n\n\n<p>Der Bereich um die beiden Abfahrten von der B39 bis zur Heinkelstra\u00dfe im S\u00fcden ist in schlechtem Zustand. Verst\u00e4rkt wird dies durch\n den hohen Anteil an G\u00fcter- und Schwerverkehr. Der Asphalt weist viele Verdr\u00fcckungen, sogenannte Spurrinnen auf, die mit einer Tiefe von bis zu 12 cm so stark ausgepr\u00e4gt sind, dass Verkehrssicherheit beeintr\u00e4chtigt ist und die Gefahr von Unf\u00e4llen besteht.\n<\/p>\n\n\n\n<p>Der Asphalt muss daher an vielen Stellen komplett erneuert werden, um den zuk\u00fcnftigen Anforderungen gerecht zu werden. In den Anschlussbereichen\n ist die Erneuerung der obersten Asphaltschichten vorgesehen. Damit k\u00f6nnen die vorhandenen Sch\u00e4den beseitigt und einer weiteren Verschlechterung der Fahrbahn, die letztlich h\u00f6here Sanierungskosten bedingen w\u00fcrde, entgegengewirkt werden.<\/p>\n\n\n\n<p>Die f\u00fcr den ersten Bauabschnitt notwendige Sperrung und \u00c4nderung der Verkehrsf\u00fchrung gelten ab\n<strong>Dienstag, 19. Mai 2020<\/strong>. Ab diesem Zeitpunkt wird die Abfahrt von der B39 aus Richtung B9\/R\u00f6merberg kommend gesperrt. Der Verkehr wird \u00fcber eine Behelfsausfahrt auf die gegen\u00fcberliegende Abfahrt umgeleitet. Aus Richtung Innenstadt kommend kann der Verkehr\n in Richtung S\u00fcden wie gewohnt flie\u00dfen. Aus S\u00fcden kommend wird der Verkehr ab der Feuerwache \u00fcber die Heinkelstra\u00dfe, Am Neuen Rheinhafen, die Geibstra\u00dfe und die Stra\u00dfe Am Technik Museum zur\u00fcck zur Industriestra\u00dfe geleitet.<\/p>\n\n\n\n<p>Der erste Bauabschnitt nimmt voraussichtlich acht Wochen (bis Mitte Juli) in Anspruch. \u00dcber den zweiten Bauabschnitt wird die Stadtverwaltung\n zu gegebener Zeit erneut informieren. <\/p>\n\n\n\n<p>F\u00fcr R\u00fcckfragen stehen die Mitarbeiter*innen der Tiefbauabteilung gerne unter <a rel=\"noreferrer noopener\" href=\"mailto:tiefbau@stadt-speyer.de\" target=\"_blank\">tiefbau@stadt-speyer.de<\/a> zur Verf\u00fcgung.<\/p>\n\n\n\n<p><em>Stadtverwaltung Speyer<\/em><br><em>07.05.2020<\/em><\/p>\n\n\n\n<h2 class=\"wp-block-heading\"><strong>An der Hofweide gesperrt<\/strong><\/h2>\n\n\n\n<div class=\"wp-block-image\"><figure class=\"aligncenter\"><img decoding=\"async\" src=\"https:\/\/speyer24news.com\/wp-content\/uploads\/2020\/01\/Vollsperrung.jpg\" alt=\"\" class=\"wp-image-23970\"\/><\/figure><\/div>\n\n\n\n<p>Wegen Leitungsarbeiten im Auftrag der Stadtwerke Speyer wird die Stra\u00dfe An der Hofweide auf H\u00f6he der Hausnummer 17 <strong>ab dem 11.05.2020  bis voraussichtlich 19.06.2020<\/strong> f\u00fcr den Durchgangsverkehr gesperrt. F\u00fcr die Dauer der Ma\u00dfnahme wird die Stra\u00dfe An der Hofweide beidseitig als Sackgasse ausgewiesen.<\/p>\n\n\n\n<p>F\u00fcr R\u00fcckfragen steht die Stra\u00dfenverkehrsbeh\u00f6rde unter den Rufnummern 14-2739, 14-2492 oder 14-2682 zur Verf\u00fcgung.<\/p>\n\n\n\n<p><em>Stadtverwaltung Speyer<\/em><br><em>07.05.2020<\/em><\/p>\n","protected":false},"excerpt":{"rendered":"<div class=\"mh-excerpt\"><p>Stadtnotizen Coronafallzahlen aus Speyer Mittwoch, 06.05.2020 Anzahl best\u00e4tigter F\u00e4lle von Coronavirus (SARS-CoV-2)-Infektionen in der Stadt Speyer: 82 + 1 gegen\u00fcber Donnerstag, 30.04.2020 Davon bereits genesen: 57 + 6 gegen\u00fcber Donnerstag, 30.04.2020 Personen in Quarant\u00e4ne:38 &#8211; <a class=\"mh-excerpt-more\" href=\"https:\/\/speyer24news.com\/?p=26863\" title=\"Stadtnotizen &#038; Verkehrsnotizen aus Speyer\">[&#8230;]<\/a><\/p>\n<\/div>","protected":false},"author":3,"featured_media":23902,"comment_status":"open","ping_status":"open","sticky":false,"template":"","format":"standard","meta":{"_monsterinsights_skip_tracking":false,"_monsterinsights_sitenote_active":false,"_monsterinsights_sitenote_note":"","_monsterinsights_sitenote_category":0,"footnotes":""},"categories":[47],"tags":[6850,6367,6359,6358,6342,4810,6849,42,6848,6,6363,6364,657,1296,1114,4802,6571,3284],"aioseo_notices":[],"amp_enabled":true,"_links":{"self":[{"href":"https:\/\/speyer24news.com\/index.php?rest_route=\/wp\/v2\/posts\/26863"}],"collection":[{"href":"https:\/\/speyer24news.com\/index.php?rest_route=\/wp\/v2\/posts"}],"about":[{"href":"https:\/\/speyer24news.com\/index.php?rest_route=\/wp\/v2\/types\/post"}],"author":[{"embeddable":true,"href":"https:\/\/speyer24news.com\/index.php?rest_route=\/wp\/v2\/users\/3"}],"replies":[{"embeddable":true,"href":"https:\/\/speyer24news.com\/index.php?rest_route=%2Fwp%2Fv2%2Fcomments&post=26863"}],"version-history":[{"count":1,"href":"https:\/\/speyer24news.com\/index.php?rest_route=\/wp\/v2\/posts\/26863\/revisions"}],"predecessor-version":[{"id":26868,"href":"https:\/\/speyer24news.com\/index.php?rest_route=\/wp\/v2\/posts\/26863\/revisions\/26868"}],"wp:featuredmedia":[{"embeddable":true,"href":"https:\/\/speyer24news.com\/index.php?rest_route=\/wp\/v2\/media\/23902"}],"wp:attachment":[{"href":"https:\/\/speyer24news.com\/index.php?rest_route=%2Fwp%2Fv2%2Fmedia&parent=26863"}],"wp:term":[{"taxonomy":"category","embeddable":true,"href":"https:\/\/speyer24news.com\/index.php?rest_route=%2Fwp%2Fv2%2Fcategories&post=26863"},{"taxonomy":"post_tag","embeddable":true,"href":"https:\/\/speyer24news.com\/index.php?rest_route=%2Fwp%2Fv2%2Ftags&post=26863"}],"curies":[{"name":"wp","href":"https:\/\/api.w.org\/{rel}","templated":true}]}}