{"id":26870,"date":"2020-05-07T09:41:02","date_gmt":"2020-05-07T08:41:02","guid":{"rendered":"https:\/\/speyer24news.com\/?p=26870"},"modified":"2020-05-07T09:41:03","modified_gmt":"2020-05-07T08:41:03","slug":"schifferstadt-58","status":"publish","type":"post","link":"https:\/\/speyer24news.com\/?p=26870","title":{"rendered":"Schifferstadt"},"content":{"rendered":"<style type=\"text\/css\">\r\n\t.ads_top_disp{}\r\n\t.ads_top_corner_disp{ float:left; margin:0px 10px 10px 0px; }\r\n\t.ads_first_p_disp{}\r\n\t.ads_bottom_disp{}\r\n\t<\/style>\n<h2 class=\"wp-block-heading\"><strong>75 Jahre Frieden in Deutschland<\/strong><\/h2>\n\n\n\n<h3 class=\"wp-block-heading\"><strong>Gedanken, W\u00fcnsche und Hoffnungen <\/strong><\/h3>\n\n\n\n<div class=\"wp-block-image\"><figure class=\"aligncenter\"><img decoding=\"async\" loading=\"lazy\" width=\"800\" height=\"600\" src=\"https:\/\/speyer24news.com\/wp-content\/uploads\/2020\/05\/Tauben-4..jpg\" alt=\"\" class=\"wp-image-26882\" srcset=\"https:\/\/speyer24news.com\/wp-content\/uploads\/2020\/05\/Tauben-4..jpg 800w, https:\/\/speyer24news.com\/wp-content\/uploads\/2020\/05\/Tauben-4.-300x225.jpg 300w, https:\/\/speyer24news.com\/wp-content\/uploads\/2020\/05\/Tauben-4.-768x576.jpg 768w, https:\/\/speyer24news.com\/wp-content\/uploads\/2020\/05\/Tauben-4.-678x509.jpg 678w, https:\/\/speyer24news.com\/wp-content\/uploads\/2020\/05\/Tauben-4.-326x245.jpg 326w, https:\/\/speyer24news.com\/wp-content\/uploads\/2020\/05\/Tauben-4.-80x60.jpg 80w\" sizes=\"(max-width: 800px) 100vw, 800px\" \/><\/figure><\/div>\n\n\n\n<p>Vor 75 Jahren \u2013 am 8.\nMai 1945 \u2013 kapitulierte die Wehrmacht. Damit endete der Zweite Weltkrieg und\ndie l\u00e4ngste Friedensperiode in Deutschland wurde eingel\u00e4utet. Viele von uns\nkennen den Krieg nur aus Erz\u00e4hlungen und Berichten, aber in unserer globalen\nWelt ist er uns schon lange nahe und betrifft uns immer mehr. Und ganz neu ist\ndie Bedrohung des Lebens, wie wir es kennen, durch die Corona-Pandemie.<\/p>\n\n\n\n<p>Sie ist auch der Grund daf\u00fcr, dass die urspr\u00fcnglich angedachte Veranstaltung zum Friedensjubil\u00e4um nicht stattfinden kann. Wie gut, dass sich Gedanken, W\u00fcnsche und Hoffnungen zum Thema Frieden auch \u00fcber die Medien teilen lassen. Vom Olivenzweig bis zur Friedenstaube \u2013 das Stadtmarketing-Team hat pers\u00f6nliche Meinungen gesammelt und freut sich \u00fcber weitere Zusendungen <strong>bis Freitag, 15. Mai<\/strong> an <a href=\"stadtmarketing@schifferstadt.de\">stadtmarketing@schifferstadt.de.<\/a> Die Einsendungen \u2013 gerne mit Bild \u2013 werden anschlie\u00dfend auf <a href=\"http:\/\/www.schifferstadt.de\">www.schifferstadt.de<\/a> ver\u00f6ffentlicht. <\/p>\n\n\n\n<h4 class=\"wp-block-heading\"><strong>B\u00fcrgermeisterin Ilona Volk:<\/strong><\/h4>\n\n\n\n<p>F\u00fcr mich steht der 8. Mai f\u00fcr 75 Jahre Frieden und gleichzeitig auch f\u00fcr Befreiung. Was in der Zeit des Nationalsozialismus f\u00fcr Gr\u00e4ueltaten geschehen sind, ist auch heute noch unfassbar. Rassismus, Ausgrenzung und Diskriminierung jeglicher Form d\u00fcrfen keinen Platz in unserer Stadt haben. Deswegen ist es wichtig, Erinnerung wach zu halten und das Wissen mit der Jugend zu teilen. Mich hat besonders das Engagement der Sch\u00fclerinnen und Sch\u00fcler beeindruckt, die unsere Stolpersteinverlegungen begleitet haben. Der respektvolle Umgang der jungen Menschen aus verschiedenen Schulen miteinander ist ein Hoffnungszeichen f\u00fcr eine Zukunft, wie ich sie mir w\u00fcnsche: eine friedliche Zukunft, in der Menschen Mitgef\u00fchl miteinander haben, respektvoll miteinander umgehen und die W\u00fcrde des Anderen achten. Ein Leben in Frieden ist ein solch hohes Gut. Das w\u00fcnsche ich allen Menschen weltweit.<\/p>\n\n\n\n<div class=\"wp-block-image\"><figure class=\"aligncenter\"><img decoding=\"async\" loading=\"lazy\" width=\"800\" height=\"600\" src=\"https:\/\/speyer24news.com\/wp-content\/uploads\/2020\/05\/Tauben-6..jpg\" alt=\"\" class=\"wp-image-26883\" srcset=\"https:\/\/speyer24news.com\/wp-content\/uploads\/2020\/05\/Tauben-6..jpg 800w, https:\/\/speyer24news.com\/wp-content\/uploads\/2020\/05\/Tauben-6.-300x225.jpg 300w, https:\/\/speyer24news.com\/wp-content\/uploads\/2020\/05\/Tauben-6.-768x576.jpg 768w, https:\/\/speyer24news.com\/wp-content\/uploads\/2020\/05\/Tauben-6.-678x509.jpg 678w, https:\/\/speyer24news.com\/wp-content\/uploads\/2020\/05\/Tauben-6.-326x245.jpg 326w, https:\/\/speyer24news.com\/wp-content\/uploads\/2020\/05\/Tauben-6.-80x60.jpg 80w\" sizes=\"(max-width: 800px) 100vw, 800px\" \/><\/figure><\/div>\n\n\n\n<h4 class=\"wp-block-heading\"><strong>Erste Beigeordnete Ulla Behrendt-Roden:<\/strong><\/h4>\n\n\n\n<p>75 Jahre Frieden, wie\nselbstverst\u00e4ndlich haben wir J\u00fcngeren die friedliche Nachkriegszeit als\nNormalit\u00e4t erlebt. Erst jetzt, wo wir selbst erleben, wie fragil so eine\nunbeschwerte Phase ist, lernen wir Normalit\u00e4t umso mehr zu sch\u00e4tzen.&nbsp; <\/p>\n\n\n\n<h4 class=\"wp-block-heading\"><strong>Beigeordneter Patrick Poss:<\/strong><\/h4>\n\n\n\n<p>Auch nach 75 Jahren\nd\u00fcrfen wir den Frieden nicht als Selbstverst\u00e4ndlichkeit betrachten. Es liegt an\nuns auch den nachfolgenden Generationen den Wert eines vereinten Europas zu\nvermitteln, denn nur so ist Frieden nachhaltig sicherzustellen.<\/p>\n\n\n\n<h4 class=\"wp-block-heading\"><strong>Beigeordneter Hans Schwind:<\/strong><\/h4>\n\n\n\n<p>Mit dem 8. Mai 1945,\nan dem der Zweite Weltkrieg beendet wurde, war die Voraussetzung f\u00fcr den Neuanfang\nunserer freiheitlich-demokratischen Bundesrepublik und eines friedlichen und\ngeeinigten Europas geschaffen. Dieser Neuanfang bescherte uns 75 Jahre Frieden\nam St\u00fcck, eine Zeitspanne, die es bisher in der Geschichte Europas noch nie\ngab. Dieses hohe Gut des Friedens gilt es, auch in Zukunft zu wahren.<\/p>\n\n\n\n<p>Wir alle, die\nRegierungen, politischen Institutionen und die B\u00fcrgerinnen und B\u00fcrger m\u00fcssen\nuns weiterhin daf\u00fcr einsetzen, diesen Frieden zu erhalten und auszubauen.\nGemeinsam.<\/p>\n\n\n\n<h4 class=\"wp-block-heading\"><strong>Miriam Gruber,<\/strong> <strong>Fraktionsvorsitzende\nSPD:<\/strong><\/h4>\n\n\n\n<p>Frieden beginnt damit, dass wir selbst f\u00fcr andere Menschen Verst\u00e4ndnis zeigen, ihnen helfen und solidarisch sind. Wir alle k\u00f6nnen unseren Teil dazu beitragen \u2013 und das sollten wir auch tun. Denn die Geschichte und das aktuelle Weltgeschehen verdeutlichen uns immer wieder: Frieden ist nicht selbstverst\u00e4ndlich.<\/p>\n\n\n\n<div class=\"wp-block-image\"><figure class=\"aligncenter\"><img decoding=\"async\" loading=\"lazy\" width=\"800\" height=\"600\" src=\"https:\/\/speyer24news.com\/wp-content\/uploads\/2020\/05\/Tauben-7..jpg\" alt=\"\" class=\"wp-image-26884\" srcset=\"https:\/\/speyer24news.com\/wp-content\/uploads\/2020\/05\/Tauben-7..jpg 800w, https:\/\/speyer24news.com\/wp-content\/uploads\/2020\/05\/Tauben-7.-300x225.jpg 300w, https:\/\/speyer24news.com\/wp-content\/uploads\/2020\/05\/Tauben-7.-768x576.jpg 768w, https:\/\/speyer24news.com\/wp-content\/uploads\/2020\/05\/Tauben-7.-678x509.jpg 678w, https:\/\/speyer24news.com\/wp-content\/uploads\/2020\/05\/Tauben-7.-326x245.jpg 326w, https:\/\/speyer24news.com\/wp-content\/uploads\/2020\/05\/Tauben-7.-80x60.jpg 80w\" sizes=\"(max-width: 800px) 100vw, 800px\" \/><\/figure><\/div>\n\n\n\n<h4 class=\"wp-block-heading\"><strong>Peter Lieb,<\/strong> <strong>Stadtrat UWG:<\/strong><\/h4>\n\n\n\n<p>Die Basis f\u00fcr 75 Jahre\nFrieden in Europa, Deutschland und in Schifferstadt ist die Demokratie. Heute\nist es wichtiger denn je, mit unserer Demokratie sehr verantwortungsvoll als\nB\u00fcrgerin und B\u00fcrger aber auch als Politiker umzugehen, um sie so resilient wie\nm\u00f6glich zu machen.<\/p>\n\n\n\n<h4 class=\"wp-block-heading\"><strong>Klaus Pohlmey,<\/strong> <strong>Fraktionvorsitzender\nDIE GR\u00dcNEN\/B\u00fcndnis 90:<\/strong><\/h4>\n\n\n\n<p>Im Frieden geboren.<\/p>\n\n\n\n<p>Im Frieden\naufgewachsen.<\/p>\n\n\n\n<p>Im Frieden gelebt.<\/p>\n\n\n\n<p>Im Frieden unsere\nDemokratie mitgestaltet.<\/p>\n\n\n\n<p>Im Frieden f\u00fcr den\nErhalt des Friedens engagiert.<\/p>\n\n\n\n<p>Wir sind unendlich\ndankbar daf\u00fcr.<\/p>\n\n\n\n<h4 class=\"wp-block-heading\"><strong>Stefano Tedesco,<\/strong> <strong>Fraktionvorsitzender\nB\u00fcrger f\u00fcr Schifferstadt:<\/strong><\/h4>\n\n\n\n<p>Der Frieden ist das\nh\u00f6chste Gl\u00fcck. Der Frieden wird dauerhaft nur gl\u00fccken, wenn man stetig daran\narbeitet.<\/p>\n\n\n\n<h4 class=\"wp-block-heading\"><strong>Dieter Wei\u00dfenmayer,<\/strong> <strong>Fraktionsvorsitzender\nFWG:<\/strong><\/h4>\n\n\n\n<p>Seit 75 Jahren haben\nwir ein Deutschland Frieden, die l\u00e4ngste Friedensperiode in unserem Land\n\u00fcberhaupt. Das ist nicht selbstverst\u00e4ndlich und ein Verdienst der umsichtigen\nPolitik unserer verantwortungsvollen Regierungen, gleichg\u00fcltig welcher\nParteizugeh\u00f6rigkeit. Auch in brenzligen Zeiten wurde politisch richtig\nentschieden. Meine Generation sowie die nachfolgenden m\u00fcssen sich gl\u00fccklich\nsch\u00e4tzen, in dieser Zeit leben zu d\u00fcrfen.<\/p>\n\n\n\n<p><em>Stadtverwaltung Schifferstadt<\/em><br><em>07.05.2020<\/em><\/p>\n\n\n\n<h2 class=\"wp-block-heading\"><strong>Verl\u00e4sslicher Service im Rathaus<\/strong><\/h2>\n\n\n\n<h3 class=\"wp-block-heading\"><strong>Erreichbarkeit per Telefon, E-Mail\nund Terminvergabe <\/strong><\/h3>\n\n\n\n<p>Montag bis Freitag von\n8:30 bis 12 Uhr sowie dienstags und donnerstags zus\u00e4tzlich von 14 bis 16 Uhr sind\ndie Mitarbeiterinnen und Mitarbeiter der Stadtverwaltung Schifferstadt\ntelefonisch und per E-Mail erreichbar; der B\u00fcrgerservice ab kommender Woche dar\u00fcber\nhinaus donnerstags bis 18 Uhr. Pers\u00f6nliche Termine im Rathaus und B\u00fcrgerservice\nsind nur nach individueller Absprache m\u00f6glich. <\/p>\n\n\n\n<p>Dennoch bittet\nB\u00fcrgermeisterin Ilona Volk darum, weiterhin von pers\u00f6nlichen Besuchen abzusehen\nund die angebotenen kontaktlosen Optionen zu nutzen. \u201eUnser h\u00f6chstes Ziel ist\nes, die B\u00fcrgerinnen und B\u00fcrger sowie die Mitarbeiterinnen und Mitarbeiter gleicherma\u00dfen\nvor einer Infektion zu sch\u00fctzen.\u201c Indem vieles per E-Mail, am Telefon oder in\neinem individuell vereinbarten Termin gekl\u00e4rt werden k\u00f6nne, fielen zudem auch\nWartezeiten weg. \u201eDie jeweiligen Sachbearbeiter k\u00f6nnen sich ganz dem Anliegen\nder B\u00fcrgerin oder des B\u00fcrgers widmen und hierf\u00fcr bewusst Zeit einplanen\u201c,\nerkl\u00e4rt Volk. &nbsp;<\/p>\n\n\n\n<p>Die Mitarbeitenden der Stadtverwaltung sind telefonisch unter 06235 \/ 440 erreichbar. Wer einen ganz bestimmten Ansprechpartner f\u00fcr sein Anliegen sucht, wird unter folgendem Link f\u00fcndig: <a href=\"https:\/\/www.schifferstadt.de\/rathaus\/buergerdienste\/mitarbeiter-a-z\/\">https:\/\/www.schifferstadt.de\/rathaus\/buergerdienste\/mitarbeiter-a-z\/<\/a><\/p>\n\n\n\n<p>M\u00fcll- und\nWertstoffs\u00e4cken k\u00f6nnen zu den genannten \u00d6ffnungszeiten am Rathaus abgeholt\nwerden. Hierf\u00fcr einfach an der Behindertent\u00fcre klingeln. Kurze Wartezeiten\nbittet die Stadtverwaltung in Kauf zu nehmen, da die Mitarbeiterinnen und\nMitarbeiter an der Infotheke auch Telefondienst leisten m\u00fcssen.<\/p>\n\n\n\n<p><em>Stadtverwaltung Schifferstadt<\/em><br><em>07.05.2020<\/em><\/p>\n\n\n\n<h2 class=\"wp-block-heading\"><strong>Notfahrplan f\u00fcr Schifferstadter Ruftaxi bleibt bestehen<\/strong><\/h2>\n\n\n\n<div class=\"wp-block-image\"><figure class=\"aligncenter\"><img decoding=\"async\" loading=\"lazy\" width=\"500\" height=\"667\" src=\"https:\/\/speyer24news.com\/wp-content\/uploads\/2020\/05\/Ruftaxi-Haltestelle-Stadtb\u00fccherei.jpg\" alt=\"\" class=\"wp-image-26881\" srcset=\"https:\/\/speyer24news.com\/wp-content\/uploads\/2020\/05\/Ruftaxi-Haltestelle-Stadtb\u00fccherei.jpg 500w, https:\/\/speyer24news.com\/wp-content\/uploads\/2020\/05\/Ruftaxi-Haltestelle-Stadtb\u00fccherei-225x300.jpg 225w\" sizes=\"(max-width: 500px) 100vw, 500px\" \/><\/figure><\/div>\n\n\n\n<p>Bis auf Weiteres\nverkehrt das Schifferstadter Ruftaxi nur noch f\u00fcr Fahrten zum Einkaufen und auf\ndie Arbeit (Notfahrplan). Darauf haben sich die Stadtverwaltung, der Verkehrsbund\nRhein-Neckar und die Firma Taxi Hauk Mitte M\u00e4rz erstmalig verst\u00e4ndigt. Um das\nInfektionsrisiko durch weniger Fahrten zu verringern, gleichzeitig aber\nwichtige Erledigungen f\u00fcr mobilit\u00e4tseingeschr\u00e4nkte Personen zu erm\u00f6glichen,\ngilt der zun\u00e4chst bis um 30. April g\u00fcltige Notfahrplan auch weiterhin. &nbsp;<\/p>\n\n\n\n<p>Das Ruftaxi f\u00e4hrt nur\nnoch von Montag bis Samstag in der Zeit zwischen 6 bis 19 Uhr, bringt seine\nFahrg\u00e4ste von einer der 42 regul\u00e4ren Haltestellen im Stadtgebiet zum Haupt-\noder S\u00fcdbahnhof, zur Polizei (Waldspitzweg) oder zum Schillerplatz und\numgekehrt. <\/p>\n\n\n\n<p>Der Empfehlung des VRN\nfolgend gilt: <\/p>\n\n\n\n<ul><li>Maximal zwei Fahrg\u00e4ste je Fahrt<\/li><li>Keine Bef\u00f6rderung auf dem Beifahrerplatz<\/li><li>Kein Fahrscheinverkauf mehr, was bedeutet, dass in der Abrechnung\n     jeder Fahrgast wie ein Inhaber von Jahres- und Halbjahreskarten zu\n     behandeln ist (die Fahrt ist kostenfrei)<\/li><li>Den Anweisungen des Fahrers in Bezug auf Sitzplatzwahl ist Folge zu\n     leisten. <\/li><li>Es findet keine Einstiegshilfe f\u00fcr mobilit\u00e4tseingeschr\u00e4nkte Personen\n     statt. Hierzu ist eine Begleitperson erforderlich<\/li><\/ul>\n\n\n\n<p>Diese Ma\u00dfnahmen sind\nzum Schutz der Fahrg\u00e4ste als auch des Fahrers erforderlich. <\/p>\n\n\n\n<p>Das Ruftaxi ist ein\n\u00f6ffentliches Verkehrsmittel, das nur auf telefonische Vorbestellung f\u00e4hrt. Bis\nsp\u00e4testens eine Stunde vor Abfahrt kann es unter der Telefonnummer 06235 44466\nzu einer der 42 Haltestellen in Schifferstadt angefordert werden. <\/p>\n\n\n\n<p><em>Stadtverwaltung Schifferstadt<\/em><br><em>07.05.2020<\/em><\/p>\n\n\n\n<h2 class=\"wp-block-heading\"><strong>Stadtb\u00fccherei: Medienr\u00fcckgabe leichtgemacht<\/strong><\/h2>\n\n\n\n<div class=\"wp-block-image\"><figure class=\"aligncenter\"><img decoding=\"async\" loading=\"lazy\" width=\"500\" height=\"688\" src=\"https:\/\/speyer24news.com\/wp-content\/uploads\/2020\/05\/Medienr\u00fcckgabekasten-1.jpg\" alt=\"\" class=\"wp-image-26880\" srcset=\"https:\/\/speyer24news.com\/wp-content\/uploads\/2020\/05\/Medienr\u00fcckgabekasten-1.jpg 500w, https:\/\/speyer24news.com\/wp-content\/uploads\/2020\/05\/Medienr\u00fcckgabekasten-1-218x300.jpg 218w\" sizes=\"(max-width: 500px) 100vw, 500px\" \/><\/figure><\/div>\n\n\n\n<p>Am Montag, 11. Mai\n\u00f6ffnet die Stadtb\u00fccherei, Rehbachstra\u00dfe 2, erstmalig nach der Umr\u00fcstung auf LED-Beleuchtung wieder\nihre Tore. Damit die R\u00fcckgabe der \u00fcber 6.000 ausgeliehenen Medien z\u00fcgig und\nkontaktlos ablaufen kann, steht seit Anfang dieser Woche ein sogenannter\nMedienr\u00fcckgabekasten vor der B\u00fccherei. <\/p>\n\n\n\n<p>Der Kasten ist rund um die Uhr ge\u00f6ffnet. Um pers\u00f6nliche Kontakte weitestgehend zu meiden und damit das Infektionsrisiko zu verringern, ist eine Medienr\u00fcckgabe in den n\u00e4chsten Wochen nur \u00fcber diesen Kasten m\u00f6glich. F\u00fcr die Ausleihe ab kommendem Montag gelten beim Betreten der Stadtb\u00fccherei verschiedene Auflagen zur Corona-Pr\u00e4vention. \u201eWir freuen uns schon riesig, bald wieder Lesebegeisterte in unserer wunderbaren Welt der B\u00fccher willkommen hei\u00dfen zu d\u00fcrfen\u201c, sagt B\u00fccherei-Leiterin Martina Kees. Aktuelle Informationen zum Stand der Bauarbeiten, den Corona-Auflagen und der Wiederer\u00f6ffnung finden Interessierte auf <a href=\"http:\/\/www.stadtbuecherei-schifferstadt.de\">www.stadtbuecherei-schifferstadt.de<\/a> <\/p>\n\n\n\n<p><em>Stadtverwaltung Schifferstadt<\/em><br><em>07.05.2020<\/em><\/p>\n\n\n\n<h2 class=\"wp-block-heading\"><strong>Keine Kosten f\u00fcr Krippen- und Hortpl\u00e4tze in Kindertagesst\u00e4tten im Mai<\/strong><\/h2>\n\n\n\n<p>F\u00fcr den Monat Mai\nentfallen die Elternbeitr\u00e4ge f\u00fcr Krippen- und Hortpl\u00e4tze in den Schifferstadter\nKindertagesst\u00e4tten. Das hat der Kreisausschuss beschlossen, da alle regul\u00e4ren Betreuungsangebote bis\nmindestens 17. Mai entfallen m\u00fcssen. Der Kostenerlass f\u00fcr die Krippen- und\nHortpl\u00e4tze gilt nicht in den F\u00e4llen, in denen eine Notbetreuung erfolgt. <\/p>\n\n\n\n<p>Die Stadtkasse setzt die\nbetreffenden Beitragserhebungen f\u00fcr Mai 2020 aus. Sollten die\nKindertagesst\u00e4tten weiterhin geschlossen bleiben, werden Kreisausschuss und\nStadtverwaltung \u00fcber einen weiteren Erlass entscheiden. <\/p>\n\n\n\n<p><em>Stadtverwaltung Schifferstadt<\/em><br><em>07.05.2020<\/em><\/p>\n\n\n\n<h2 class=\"wp-block-heading\"><strong>Ortranderholung des Jugendtreffs\nabgesagt<\/strong><\/h2>\n\n\n\n<p>Zur Eind\u00e4mmung der Corona-Pandemie\nhat der Hauptausschuss der Stadt beschlossen, die Ortsranderholung inklusive\ndem Mitmachzirkus abzusagen. Geplant war die vom Jugendtreff organisierte\nKinder- und Jugendbetreuung f\u00fcr die ersten drei Wochen der Sommerferien. &nbsp;&nbsp;<\/p>\n\n\n\n<p>B\u00fcrgermeisterin Ilona\nVolk und der f\u00fcr das Referat Generationen und Soziales zust\u00e4ndige Beigeordnete\nPatrick Poss bedauern die Entscheidung au\u00dferordentlich. \u201eDie Ortsranderholung\nabzusagen, ist uns nicht leichtgefallen \u2013 dennoch gehen die Sicherheit der\nKinder, ihrer Familien und der Betreuerinnen und Betreuer vor\u201c, sagt Poss. &nbsp;<\/p>\n\n\n\n<p>Die bereits gezahlten Beitr\u00e4ge f\u00fcr Ortsranderholung und Mitmachzirkus werden zur\u00fcckerstattet. Ob es stattdessen eine Art \u201eBetreuung in der Schule\u201c geben wird, pr\u00fcft das Land Rheinland-Pfalz. Aktuelle Informationen hierzu sowie zu s\u00e4mtlichen Entwicklungen der Corona-Pandemie finden Interessierte auf der Startseite der st\u00e4dtischen Website <a href=\"http:\/\/www.schifferstadt.de\">www.schifferstadt.de<\/a>.<\/p>\n\n\n\n<p><em>Stadtverwaltung Schifferstadt<\/em><br><em>07.05.2020<\/em><\/p>\n\n\n\n<h2 class=\"wp-block-heading\"><strong>Schifferstadt sagt Veranstaltungen bis 30. September ab<\/strong><\/h2>\n\n\n\n<div class=\"wp-block-image\"><figure class=\"aligncenter\"><img decoding=\"async\" src=\"https:\/\/speyer24news.com\/wp-content\/uploads\/2020\/03\/Absage-Veranstaltung-1.jpg\" alt=\"\" class=\"wp-image-25971\"\/><\/figure><\/div>\n\n\n\n<p>Um das\nInfektionsrisiko zu minimieren und die B\u00fcrgerinnen und B\u00fcrger vor einer Corona-Ansteckung\nzu sch\u00fctzen, hat der Hauptausschuss der Stadt sich daf\u00fcr entschieden, alle\nst\u00e4dtischen Veranstaltungen bis einschlie\u00dflich 30. September abzusagen. Davon betroffen\nsind unter anderem Swinging Schifferstadt, der Kunsthandwerkermarkt und der\nObst- und Gem\u00fcsetag. Auch die Waldfesthalle, die Adlerstube und die Grillh\u00fctte\nbleiben bis Ende September geschlossen. &nbsp;<\/p>\n\n\n\n<p>Die Entscheidung auch\nweiterhin konsequent alle st\u00e4dtischen Veranstaltungen abzusagen sowie einige\nst\u00e4dtische Einrichtungen vorerst nicht wieder zu er\u00f6ffnen, sei keine leichte\ngewesen, so B\u00fcrgermeisterin Ilona Volk. \u201eEs tut mir leid, dass nun alle \u2013 neben\nden B\u00fcrgerinnen und B\u00fcrgern ja auch die Vereine und Aussteller \u2013 auf so viel\nFreude, Geselligkeit und letzten Endes auch Einnahmen verzichten m\u00fcssen. Doch f\u00fcr\nuns stehen Gesundheit und Sicherheit jedes Einzelnen \u00fcber allem und wir hoffen\nauf Verst\u00e4ndnis seitens aller Beteiligten.\u201c Man f\u00fchle sich als Stadtverwaltung\nin der Pflicht Verantwortung gegen\u00fcber K\u00fcnstlern, Teilnehmern und Publikum zu\n\u00fcbernehmen. Daneben spiele nat\u00fcrlich auch die Planungssicherheit eine Rolle, so\nVolk. Notwendige Besprechungen f\u00fcr gr\u00f6\u00dfere Veranstaltungen seien zurzeit nicht\nm\u00f6glich und man wolle verhindern, dass Arbeit und M\u00fchen bei den Vorbereitungen\numsonst seien. Derzeit informiert das Stadtmarketing-Team die Aussteller, sodass diese fr\u00fchzeitig f\u00fcr\ndas zweite Halbjahr planen k\u00f6nnen. &nbsp;\u201eIch\nbin mir sicher, dass wir \u2013 hoffentlich in ganz naher Zukunft \u2013 wieder\nbedenkenlos zusammenkommen und feiern k\u00f6nnen \u2013 darauf freue ich mich sehr\u201c,\nsagt Volk. <\/p>\n\n\n\n<p>Aktuelle Informationen zu s\u00e4mtlichen Entwicklungen der Corona-Pandemie finden Interessierte auf der Startseite der st\u00e4dtischen Website <a href=\"http:\/\/www.schifferstadt.de\">www.schifferstadt.de<\/a>.<\/p>\n\n\n\n<p><em>Stadtverwaltung Schifferstadt<br>07.05.2020<\/em><\/p>\n","protected":false},"excerpt":{"rendered":"<div class=\"mh-excerpt\"><p>75 Jahre Frieden in Deutschland Gedanken, W\u00fcnsche und Hoffnungen Vor 75 Jahren \u2013 am 8. Mai 1945 \u2013 kapitulierte die Wehrmacht. Damit endete der Zweite Weltkrieg und die l\u00e4ngste Friedensperiode in Deutschland wurde eingel\u00e4utet. Viele <a class=\"mh-excerpt-more\" href=\"https:\/\/speyer24news.com\/?p=26870\" title=\"Schifferstadt\">[&#8230;]<\/a><\/p>\n<\/div>","protected":false},"author":3,"featured_media":0,"comment_status":"open","ping_status":"open","sticky":false,"template":"","format":"standard","meta":{"_monsterinsights_skip_tracking":false,"_monsterinsights_sitenote_active":false,"_monsterinsights_sitenote_note":"","_monsterinsights_sitenote_category":0,"footnotes":""},"categories":[126],"tags":[6853,6854,6857,6858,6859,6855,6856,127,5665,1991,6593],"aioseo_notices":[],"amp_enabled":true,"_links":{"self":[{"href":"https:\/\/speyer24news.com\/index.php?rest_route=\/wp\/v2\/posts\/26870"}],"collection":[{"href":"https:\/\/speyer24news.com\/index.php?rest_route=\/wp\/v2\/posts"}],"about":[{"href":"https:\/\/speyer24news.com\/index.php?rest_route=\/wp\/v2\/types\/post"}],"author":[{"embeddable":true,"href":"https:\/\/speyer24news.com\/index.php?rest_route=\/wp\/v2\/users\/3"}],"replies":[{"embeddable":true,"href":"https:\/\/speyer24news.com\/index.php?rest_route=%2Fwp%2Fv2%2Fcomments&post=26870"}],"version-history":[{"count":2,"href":"https:\/\/speyer24news.com\/index.php?rest_route=\/wp\/v2\/posts\/26870\/revisions"}],"predecessor-version":[{"id":26885,"href":"https:\/\/speyer24news.com\/index.php?rest_route=\/wp\/v2\/posts\/26870\/revisions\/26885"}],"wp:attachment":[{"href":"https:\/\/speyer24news.com\/index.php?rest_route=%2Fwp%2Fv2%2Fmedia&parent=26870"}],"wp:term":[{"taxonomy":"category","embeddable":true,"href":"https:\/\/speyer24news.com\/index.php?rest_route=%2Fwp%2Fv2%2Fcategories&post=26870"},{"taxonomy":"post_tag","embeddable":true,"href":"https:\/\/speyer24news.com\/index.php?rest_route=%2Fwp%2Fv2%2Ftags&post=26870"}],"curies":[{"name":"wp","href":"https:\/\/api.w.org\/{rel}","templated":true}]}}