{"id":26890,"date":"2020-05-07T10:30:57","date_gmt":"2020-05-07T09:30:57","guid":{"rendered":"https:\/\/speyer24news.com\/?p=26890"},"modified":"2020-05-07T10:30:59","modified_gmt":"2020-05-07T09:30:59","slug":"germersheim-landkreis-germersheim-7","status":"publish","type":"post","link":"https:\/\/speyer24news.com\/?p=26890","title":{"rendered":"Germersheim &#038; Landkreis Germersheim"},"content":{"rendered":"<style type=\"text\/css\">\r\n\t.ads_top_disp{}\r\n\t.ads_top_corner_disp{ float:left; margin:0px 10px 10px 0px; }\r\n\t.ads_first_p_disp{}\r\n\t.ads_bottom_disp{}\r\n\t<\/style>\n<h1 class=\"wp-block-heading\" style=\"text-align:center\">Coronafallzahlen aus dem Landkreis Germersheim<\/h1>\n\n\n\n<figure class=\"wp-block-image\"><img decoding=\"async\" loading=\"lazy\" width=\"800\" height=\"400\" src=\"https:\/\/speyer24news.com\/wp-content\/uploads\/2020\/02\/virus-1812092_1920.jpg\" alt=\"\" class=\"wp-image-25128\" srcset=\"https:\/\/speyer24news.com\/wp-content\/uploads\/2020\/02\/virus-1812092_1920.jpg 800w, https:\/\/speyer24news.com\/wp-content\/uploads\/2020\/02\/virus-1812092_1920-300x150.jpg 300w, https:\/\/speyer24news.com\/wp-content\/uploads\/2020\/02\/virus-1812092_1920-768x384.jpg 768w\" sizes=\"(max-width: 800px) 100vw, 800px\" \/><\/figure>\n\n\n\n<h3 class=\"wp-block-heading\"><strong>Aktuell\n30 best\u00e4tigte positive F\u00e4lle im Landkreis Germersheim (06. Mai 2020, Stand 16\nUhr)<\/strong><\/h3>\n\n\n\n<p>Die \u00dcbersicht aus dem Landkreis Germersheim:<\/p>\n\n\n\n<ul><li>Derzeit positiv getestete Personen: 30<\/li><li>Gesundete Personen: 109<\/li><li>Bislang leider verstorbene Personen: 5<ul><li>Gesamtzahl\npositiv getestete Personen (seit Ausbruch): 144<\/li><\/ul><\/li><\/ul>\n\n\n\n<h3 class=\"wp-block-heading\"><strong>Aktuell\n30 best\u00e4tigte positive F\u00e4lle im Landkreis Germersheim (05. Mai 2020, Stand 15\nUhr)<\/strong><\/h3>\n\n\n\n<p>Die \u00dcbersicht aus dem Landkreis Germersheim:<\/p>\n\n\n\n<ul><li>Derzeit positiv getestete Personen: 30<\/li><li>Gesundete Personen: 108<\/li><li>Bislang leider verstorbene Personen: 5<ul><li>Gesamtzahl\npositiv getestete Personen (seit Ausbruch): 143<\/li><\/ul><\/li><\/ul>\n\n\n\n<h3 class=\"wp-block-heading\"><strong>Aktuell\n30 best\u00e4tigte positive F\u00e4lle im Landkreis Germersheim (04. Mai 2020, Stand 14\nUhr) \u2013 Traurige Nachricht: F\u00fcnfter Todesfall<\/strong><\/h3>\n\n\n\n<p>Die \u00dcbersicht aus dem Landkreis Germersheim:<\/p>\n\n\n\n<ul><li>Derzeit positiv getestete Personen: 30<\/li><li>Gesundete Personen: 107<\/li><li>Bislang leider verstorbene Personen: 5<ul><li>Gesamtzahl\npositiv getestete Personen (seit Ausbruch): 142<\/li><\/ul><\/li><\/ul>\n\n\n\n<h4 class=\"wp-block-heading\"><strong>Traurige Nachricht<\/strong><\/h4>\n\n\n\n<figure class=\"wp-block-image\"><img decoding=\"async\" loading=\"lazy\" width=\"800\" height=\"533\" src=\"https:\/\/speyer24news.com\/wp-content\/uploads\/2020\/03\/candle-2905395_1920.jpg\" alt=\"\" class=\"wp-image-25905\" srcset=\"https:\/\/speyer24news.com\/wp-content\/uploads\/2020\/03\/candle-2905395_1920.jpg 800w, https:\/\/speyer24news.com\/wp-content\/uploads\/2020\/03\/candle-2905395_1920-300x200.jpg 300w, https:\/\/speyer24news.com\/wp-content\/uploads\/2020\/03\/candle-2905395_1920-768x512.jpg 768w\" sizes=\"(max-width: 800px) 100vw, 800px\" \/><\/figure>\n\n\n\n<p>Leider muss im Landkreis Germersheim ein f\u00fcnfter Todesfall verzeichnet werden. Die Person war Mitte 50 und ist an Covid-19 verstorben.<\/p>\n\n\n\n<p><em>Kreisverwaltung Germersheim<\/em><br><em>07.05.2020<\/em><\/p>\n\n\n\n<h2 class=\"wp-block-heading\"><strong>Zulassungsstelle\n\u00f6ffnet wieder \u2013 Terminvereinbarung notwendig<\/strong><\/h2>\n\n\n\n<h3 class=\"wp-block-heading\"><strong>Kreisverwaltung\nist f\u00fcr B\u00fcrgerinnen und B\u00fcrger da<\/strong><\/h3>\n\n\n\n<p>\u201eWir sind\nf\u00fcr Sie da und arbeiten achtsam an einer schrittweisen Wieder\u00f6ffnung aller\nBereiche der Kreisverwaltung. Mit einer vorherigen Terminvereinbarung sind die\nFachbereiche der Kreisverwaltung grunds\u00e4tzlich erreichbar und auch die Zulassungsstellen\n\u00f6ffnen wieder\u201c, k\u00fcndigt Landrat Dr. Fritz Brechtel an.<\/p>\n\n\n\n<p>Die\nZulassungsstellen der Kreisverwaltung Germersheim in der 17er Stra\u00dfe 1 in\nGermersheim (Hauptstelle) sowie in der Gartenstra\u00dfe 8 in Kandel (Au\u00dfenstelle)\nsind ab Montag, 11.&nbsp;Mai&nbsp;2020, wieder f\u00fcr allen B\u00fcrgerinnen und B\u00fcrger\nge\u00f6ffnet. \u201eZu Ihrem Schutz und zum Schutz der Mitarbeiterinnen und Mitarbeiter,\nist der Zugang zu den Zulassungsstellen nur mit Termin und unter Einhaltung\neiniger Regeln m\u00f6glich. Ich bitte Sie, halten Sie sich daran, denn es geht um\nunser aller Gesundheit\u201c, appelliert Landrat Brechtel.<\/p>\n\n\n\n<p>Neben einer\nvorherigen Terminvereinbarung sind folgende Regeln vor Ort f\u00fcr alle\nverpflichtend: Bitte nur einzeln nach Aufforderung eintreten, bitte eine Mund-Nase\nBedeckung tragen, bitte an die allgemein g\u00fcltigen Hygienebestimmungen zur\nVerlangsamung der Ausbreitung des Coronavirus\u00b4 halten. Eine Bearbeitung eines\nAnliegens ohne vorherige Terminvereinbarung ist leider nicht m\u00f6glich.<\/p>\n\n\n\n<p>Termine\nk\u00f6nnen bereits vorab ab Donnerstag, 7. Mai 2020, ab 8 Uhr vereinbart werden &#8211;\nf\u00fcr die Au\u00dfenstelle in Kandel unter den Telefonnummern 07275\/960-141 oder\n07275\/960-142 und f\u00fcr die Hauptstelle in Germersheim unter 07274\/53-329.<\/p>\n\n\n\n<p>F\u00fcr die Hauptstelle in Germersheim besteht zudem die M\u00f6glichkeit, einen Termin \u00fcber die Homepage des Kreises online zu reservieren unter folgendem Link: <a href=\"https:\/\/www.kreis-germersheim.de\/zulassung\">https:\/\/www.kreis-germersheim.de\/zulassung<\/a>.<\/p>\n\n\n\n<p>Alle\nStandorte der Kreisverwaltung sind seit dem 17. M\u00e4rz zwar f\u00fcr unangemeldete\nBesucher geschlossen und trotzdem f\u00fcr die Anliegen der B\u00fcrgerinnen und B\u00fcrger\noffen. Kundinnen und Kunden m\u00fcssen allerdings grunds\u00e4tzlich einen Termin mit den Mitarbeiterinnen und\nMitarbeitern der Kreisverwaltung vereinbaren. Au\u00dferdem gilt f\u00fcr Termine in den\nKreisverwaltungsgeb\u00e4uden das Tragen eines Mund-Nasen-Schutzes und das\nDesinfizieren der H\u00e4nde an den Eing\u00e4ngen. Entsprechende Desinfektionsspender\nsind \u00fcberall angebracht. Das Einhalten der Abstandsregel und der Hust- und\nNies-Etikette wird als selbstverst\u00e4ndlich erachtet. \u201eBitte haben Sie\nVerst\u00e4ndnis f\u00fcr diese Vorgaben\u201c, wirbt der Verwaltungschef, Landrat Brechtel, \u201eWir\nwollen alles tun, um alle gleicherma\u00dfen zu sch\u00fctzen und gleichzeitig mit\nbestm\u00f6glichem Service da zu sein. Bitte geben Sie Ihnen und uns die Zeit, die\nergriffenen Ma\u00dfnahmen der Entwicklung des Infektionsgeschehens anzupassen.\nVielen Dank!\u201c<\/p>\n\n\n\n<p><em>Kreisverwaltung Germersheim<\/em><br><em>07.05.2020<\/em><\/p>\n\n\n\n<h2 class=\"wp-block-heading\"><strong>Coronavirus<\/strong>: <strong>Das\nGesundheitsamt: Einsatz zwischen maximalem Schutzanspruch und akzeptabler\nAlltagsl\u00f6sung f\u00fcr die Menschen<\/strong><\/h2>\n\n\n\n<h3 class=\"wp-block-heading\"><strong>Landrat Brechtel zollt gr\u00f6\u00dften Respekt und dankt den Mitarbeiterinnen und Mitarbeitern des Gesundheitsamtes <\/strong><\/h3>\n\n\n\n<div class=\"wp-block-image\"><figure class=\"aligncenter\"><img decoding=\"async\" loading=\"lazy\" width=\"800\" height=\"533\" src=\"https:\/\/speyer24news.com\/wp-content\/uploads\/2020\/05\/Dr-Anette-Georgens-und-Dr-Christian-Jestrabek-im-Gesundheitsamt_Foto_KV_GER.jpg\" alt=\"\" class=\"wp-image-26891\" srcset=\"https:\/\/speyer24news.com\/wp-content\/uploads\/2020\/05\/Dr-Anette-Georgens-und-Dr-Christian-Jestrabek-im-Gesundheitsamt_Foto_KV_GER.jpg 800w, https:\/\/speyer24news.com\/wp-content\/uploads\/2020\/05\/Dr-Anette-Georgens-und-Dr-Christian-Jestrabek-im-Gesundheitsamt_Foto_KV_GER-300x200.jpg 300w, https:\/\/speyer24news.com\/wp-content\/uploads\/2020\/05\/Dr-Anette-Georgens-und-Dr-Christian-Jestrabek-im-Gesundheitsamt_Foto_KV_GER-768x512.jpg 768w\" sizes=\"(max-width: 800px) 100vw, 800px\" \/><figcaption>Dr Anette Georgens und Dr Christian Jestrabek im Gesundheitsamt <em>(Foto:_Kreisverwaltung Germersheim)<\/em><\/figcaption><\/figure><\/div>\n\n\n\n<p>\u201eWir k\u00f6nnen froh sein, dass bei uns\nseit einiger Zeit die Zahl der Neuinfektionen mit dem Coronavirus SARS-CoV-2 kaum\nsteigt. Das ist sicherlich allen B\u00fcrgerinnen und B\u00fcrgern zu verdanken, die sich\nan die Ma\u00dfnahmen und Regeln im Zuge der Pandemie halten. Ganz besonders m\u00f6chte\nich auch meinen Mitarbeiterinnen und Mitarbeitern des Gesundheitsamtes im\nLandkreis Germersheim danken, die seit Wochen teilweise weit \u00fcber Belastungsgrenzen\nhinaus schier Undenkbares leisten\u201c, sagt Landrat Dr. Fritz Brechtel. \u201eDurch\nihren Einsatz ist es gelungen, in allen positiven F\u00e4llen in unserem Kreis unter\nder Leitung von Amtsarzt Dr. Christian Jestrabek und seiner Kollegin, Dr.\nAnette Georgens, die n\u00f6tigen und m\u00f6glichen Ma\u00dfnahmen umsetzen und damit die\nVerbreitung des Virus\u00b4 erheblich einzud\u00e4mmen. Sie haben meinen gr\u00f6\u00dften\nRespekt!\u201c Gleichzeitig warnt der Kreischef, diese gute Entwicklung als\nEntwarnung zu betrachten und appelliert an alle, sich weiterhin vorsichtig zu\nverhalten und die Regeln zu akzeptieren \u2013 zum Eigenschutz und zum Schutz des\nN\u00e4chsten.<\/p>\n\n\n\n<p>Bereits seit Ende Januar, mit der\nEinrichtung der Quarant\u00e4nestation f\u00fcr Wuhan-R\u00fcckkehrer in der S\u00fcdpfalzkaserne,\nsind die Mitarbeiterinnen und Mitarbeiterinnen mitten im Pandemie-Geschehen.\n\u201eZu diesem Zeitpunkt habe wir noch nicht geahnt, dass das f\u00fcr uns nur der\nAuftakt sein sollte\u201c, so Landrat Brechtel. Seit es seit Anfang M\u00e4rz die ersten\nInfektionen im Kreis Germersheim gibt, wachsen die Aufgaben. Gemeinsam mit\nHygieneinspektoren und den Verwaltungsmitarbeitern, inzwischen unterst\u00fctzt\ndurch Kolleginnen und Kollegen aus anderen Fachbereichen und Externen, steht\ndas Gesundheitsamt an vorderster Front. \u201eDabei ver\u00e4ndern sich die Aufgaben fast\nt\u00e4glich, die Anforderungen von Land, Bund und Robert-Koch-Institut werden der\nLage st\u00e4ndig angepasst\u201c, erkl\u00e4rt Dr. Christian Jestrabek. \u201e Gerade hier ist es\nnicht leicht, eine Balance zwischen einem maximalen Schutzanspruch und einer\nakzeptablen Alltagsl\u00f6sung f\u00fcr die Menschen im Landkreis umzusetzen. Auch zeigt\nsich immer deutlicher, dass die drastischen Einschr\u00e4nkungen f\u00fcr uns alle nur\nauf Zeit aufrechterhalten werden k\u00f6nnen.\u201c<\/p>\n\n\n\n<p>Von jedem Infizierten werden von den Gesundheitsamt-Teams die direkten Kontaktpersonen nachverfolgt und eine Gefahrenabsch\u00e4tzung vorgenommen, Quarant\u00e4neverordnungen (Absonderung auf Zeit in der eignen Wohnung) werden ausgestellt und Abstriche genommen. Die Zahlen sprechen f\u00fcr sich: Seit das Virus den Landkreis erreicht hat, wurden von 143 infizierten im Personen im Landkreis das gesamte Umfeld abgekl\u00e4rt, \u00fcber 750 Quarant\u00e4neverordnungen an B\u00fcrger aus dem Kreis ausgestellt, hunderte Abstriche wurden genommen (Stand 5. Mai 2020). \u201eEin wesentliches Element der Infektionskontrolle ist die vollst\u00e4ndige Kontaktnachverfolgung bei allen Neuinfizierten\u201c, berichtet Jestrabek.<\/p>\n\n\n\n<div class=\"wp-block-image\"><figure class=\"aligncenter\"><img decoding=\"async\" loading=\"lazy\" width=\"800\" height=\"533\" src=\"https:\/\/speyer24news.com\/wp-content\/uploads\/2020\/05\/Dr-Anette-Georgens-und-Dr-Christian-Jestrabek-im-Gesundheitsamt_Foto-KV-GER.jpg\" alt=\"\" class=\"wp-image-26892\" srcset=\"https:\/\/speyer24news.com\/wp-content\/uploads\/2020\/05\/Dr-Anette-Georgens-und-Dr-Christian-Jestrabek-im-Gesundheitsamt_Foto-KV-GER.jpg 800w, https:\/\/speyer24news.com\/wp-content\/uploads\/2020\/05\/Dr-Anette-Georgens-und-Dr-Christian-Jestrabek-im-Gesundheitsamt_Foto-KV-GER-300x200.jpg 300w, https:\/\/speyer24news.com\/wp-content\/uploads\/2020\/05\/Dr-Anette-Georgens-und-Dr-Christian-Jestrabek-im-Gesundheitsamt_Foto-KV-GER-768x512.jpg 768w\" sizes=\"(max-width: 800px) 100vw, 800px\" \/><figcaption>Dr Anette Georgens und Dr Christian Jestrabek im Gesundheitsamt <em>(Foto:_Kreisverwaltung Germersheim)<\/em><\/figcaption><\/figure><\/div>\n\n\n\n<p>Die \u00dcberlegung dahinter ist, dass das\nVirus nur auf Zeit einen Menschen infiziert, die meisten werden wieder gesund\nund wahrscheinlich immun, leider versterben auch einige Menschen. Basierend auf\ndiesem Infektionsablauf muss das Virus, um nicht selber auszusterben, neue\nPersonen infizieren. Dies geschieht in erster Linie durch eine Tr\u00f6pfcheninfektion\naus der Atemluft von Erkrankten, verst\u00e4rkt wird dies durch Hustenattacken. \u201eSchafft\nman es nun\u201c, so Jestrabek, \u201ealle Menschen, die sehr engen Kontakt zu einem\nErkrankten hatten, in h\u00e4usliche \u00dcberwachung zu separieren, findet das Virus\nnach einer gewissen Zeit keine Menschen mehr, die es infizieren kann. Dies ist\nder Grund f\u00fcr die strengen Ma\u00dfnahmen, die zurzeit in der gesamten\nBundesrepublik ergriffen werden.\u201c<\/p>\n\n\n\n<p>Ein weiteres Augenmerk liegt auf den\nkritischen Infrastrukturen wie Senioreneinrichtungen, Krankenh\u00e4usern,\nArztpraxen. \u201eHier m\u00fcssen wir in den Bereichen Pr\u00e4vention, Hygiene, Vorsorge,\nSchutzma\u00dfnahmen und Abl\u00e4ufen beraten\u201c, berichtet Dr. Anette Georgens. Selten\nist es dabei mit einem Besuch oder einem Telefonat allein erledigt, wei\u00df Dr.\nGeorgens: \u201eEs sind sich st\u00e4ndig ver\u00e4ndernde Prozesse. Die Dynamik der Lage stellt\nan alle Beteiligten hohe Anforderungen. Ein wechselseitiger Austausch auf\nAugenh\u00f6he und auch gegebenenfalls ein bisschen \u201eQuerdenken\u201c ist f\u00fcr alle\nBeteiligten unabdingbar, um \u201eam Ball\u201c zu bleiben. Das avisierte bestm\u00f6gliche Ergebnis\nf\u00fcr die Pr\u00e4vention kann dabei grunds\u00e4tzlich nur auf Basis wechselseitigen Vertrauens\nentstehen. Dies wird durch gute Kontakte mit den Beteiligten und Kommunikation\nim Sinne von \u201ekurzen Wegen\u201c und Verl\u00e4sslichkeit erreicht. Durch unsere Besuche\nvor Ort haben wir mit den wichtigsten Risikostrukturen des Kreises ein gutes\nMiteinander erzielt. Wir tun was wir k\u00f6nnen und sehen das auch bei den beteiligten\nAkteuren in der Infrastruktur des Kreises. Aus diesem Grund sind wir guter\nHoffnung, dass die Pandemie noch l\u00e4nger im Griff gehalten werden kann, sofern\nsich auch die B\u00fcrger des Kreises an die neu entstandenen Regeln zum Schutz\nIhrer Angeh\u00f6rigen halten und Massenveranstaltungen nicht stattfinden.\u201c<\/p>\n\n\n\n<p>Zus\u00e4tzlich zu diesen\nHerausforderungen beantworten die Teams und \u00c4rzte des Gesundheitsamtes\nunz\u00e4hlige Anfragen von B\u00fcrgerinnen und B\u00fcrgern, die sich direkt oder \u00fcbers\nB\u00fcrgertelefon mit Ihren Anliegen an die Kreisverwaltung wenden. Und all das\nmuss zus\u00e4tzlich zu den Aufgaben, die im Gesundheitsamt auch in\nNicht-Pandemie-Zeiten schon zu erf\u00fcllen sind, gestemmt werden: u.a.\namts\u00e4rztlich vorgeschriebene Untersuchungen und Begutachtungen, medizinische\nAufgaben in Zusammenarbeit mit polizeibeh\u00f6rdlichen Aufgaben, Fachberatungen,\nEinschulungsuntersuchungen, Hygienethemen, Vermittlungsarbeit bei fehlenden Vorsorgeuntersuchungen,\nsozialpsychiatrische Hilfen. <\/p>\n\n\n\n<p>\u201eDie Belastung ist unbeschreiblich\nhoch. Ich bin jedem Mitarbeiter und jeder Mitarbeiterin der Verwaltung, jedem\nHelfer &#8211; auch aus den Reihen des Katastrophenschutzes &#8211; dankbar f\u00fcr das\nEngagement und die Bereitschaft, alles zu tun, um der Pandemie bestm\u00f6glich zu\ntrotzen und die \u00c4rzte bei der wichtigsten Aufgabe \u00fcberhaupt zu unterst\u00fctzen:\nLeben retten!\u201c, stellt Landrat Dr. Fritz Brechtel das starke Miteinander in den\nMittelpunkt und fordert: \u201eWie wohl nie zuvor wurde die Bedeutung des\n\u00f6ffentlichen Gesundheitswesens und der Gesundheits\u00e4mter deutlich. Hier m\u00fcssen\nlandes- und bundesweit Entscheidungen f\u00fcr eine bessere personelle und s\u00e4chliche\nAusstattung getroffen werden!\u201c<\/p>\n\n\n\n<p><em>Kreisverwaltung Germersheim<\/em><br><em>07.05.2020<\/em><\/p>\n\n\n\n<h2 class=\"wp-block-heading\"><strong>Die\nS\u00fcdpf\u00e4lzer Tourismusvereine, Landr\u00e4te und Oberb\u00fcrgermeister fordern Lockerungen\nf\u00fcr das Gastgewerbe<\/strong><\/h2>\n\n\n\n<p>\u201eGastst\u00e4tten, Hotels und Vermieter\nvon Ferienwohnungen \u2013 sie alle brauchen eine Perspektive!\u201c Gemeinsam\nappellieren die Tourismusvereine S\u00fcdpfalz-Tourismus Landkreis Germersheim&nbsp;e.V.,\nS\u00fcdliche Weinstrasse e.V. sowie Landau gemeinsam mit den Verwaltungschefs Landrat\nDr. Fritz Brechtel (GER) , Landrat Dietmar Seefeldt (S\u00dcW) und und\nOberb\u00fcrgermeister Thomas Hirsch (LD) an Ministerpr\u00e4sidentin Malu Dreyer sich im\nbesonderen f\u00fcr das Hotel- und Gastst\u00e4ttengewerbe einzusetzen und Ihnen damit\neine Perspektive zu er\u00f6ffnen: \u201eWir erwarten, dass beim morgigen Gespr\u00e4ch des\nBundeskanzleramtes mit den Landeschefs klare Aussagen und Vereinbarungen\ngetroffen werden, die unseren Gastronomen und Ferienbetrieben existenzielle\nSorgen nehmen und Gastronomie und Hotellerie zeitnah \u00f6ffnen d\u00fcrfen. Es kann\nnicht sein, dass Betriebe anderer Branchen unter Auflagen \u00f6ffnen d\u00fcrfen, andere\nwiederum, wie beispielsweise der Gastronomiebereich, nicht. Auch diese Branchen\nk\u00f6nnen entsprechende Auflagen selbstverst\u00e4ndlich erf\u00fcllen.\u201c<\/p>\n\n\n\n<p>Verwaltungschefs und Tourismusvereine fordern gleiche Bedingungen f\u00fcr alle: \u201eAlle, ob Gastwirt, Hotelbetreiber, Ferienwohnungsbesitzer, brauchen dringend ein St\u00fcck Hoffnung auf \u00d6ffnung, auf wirtschaftliche Perspektive. Bitte nehmen Sie die Existenz\u00e4ngste und die N\u00f6te ernst und unterst\u00fctzen Sie mit Ihren Argumenten diesen wichtigen Wirtschaftsbereich unserer Region\u201c, appellieren die Landr\u00e4te Brechtel und Seefeldt sowie Oberb\u00fcrgermeister Hirsch. \u201eDenn nur durch eine zeitnahe und vern\u00fcnftige \u00d6ffnung \u2013 unter Einhaltung aller notwendigen Hygiene- und Abstandsregeln \u2013 kann die Existenz der Gastronomie gesichert und die hohe Attraktivit\u00e4t der S\u00fcdpfalz als Freizeit- und Urlaubsregion, aber auch als wichtiger Bestandteil des gesellschaftlichen Lebens in der\u00a0 S\u00fcdpfalz gesichert werden.\u201c <\/p>\n\n\n\n<p><em>Gemeinsame Pressemitteilung der Landkreise S\u00fcdliche Weinstra\u00dfe und Germersheim, der Stadt Landau sowie der Tourismusvereine S\u00fcdpfalz Tourismus Landkreis Germersheim e.V., S\u00fcdliche Weinstrasse e.V. und des B\u00fcros f\u00fcr Tourismus Landau<br>07.05.2020<\/em><\/p>\n\n\n\n<h2 class=\"wp-block-heading\"><strong>Kreisausschuss\nerl\u00e4sst Elternbeitr\u00e4ge f\u00fcr Kindertagesst\u00e4tten auch f\u00fcr den Monat Mai<\/strong><\/h2>\n\n\n\n<p>Eltern im Landkreis\nGermersheim m\u00fcssen auch f\u00fcr den Monat Mai keine Beitr\u00e4ge f\u00fcr\nKindertageseinrichtungen zahlen, die aufgrund der Vierten\nCorona-Bek\u00e4mpfungsverordnung und auch weiterhin durch die F\u00fcnfte\nCorona-Bek\u00e4mpfungsverordnung des Landes geschlossen sind. Das hat am Montag, 4.\nMai, der Kreisausschuss beschlossen und verl\u00e4ngert damit eine Entscheidung, die\nbereits f\u00fcr den April G\u00fcltigkeit hatte. Die\nBeitragsfreiheit gilt f\u00fcr alle Eltern, auch f\u00fcr diejenigen, die die\nNotbetreuung in Anspruch nehmen. \u201eEs w\u00e4re nicht nur ein unverh\u00e4ltnism\u00e4\u00dfiger\nVerwaltungsaufwand, w\u00fcrden wir Eltern von der Befreiung ausn\u00e4hmen, die aufgrund\nihres beruflichen Hintergrunds die Betreuung ihres Kindes nicht gew\u00e4hrleisten\nk\u00f6nnen. Es w\u00e4re auch eine Missachtung des Engagements Berufst\u00e4tiger in\nsystemrelevanten Bereichen\u201c, so Landrat Dr. Fritz Brechtel und der f\u00fcr Jugend\nzust\u00e4ndige Erste Kreisbeigeordnete Christoph Buttweiler. <\/p>\n\n\n\n<p>F\u00fcr Kinder, die das zweite Lebensjahr vollendet haben, ist der Besuch einer Kita bis zum Schuleintritt beitragsfrei. Folglich sind derzeit Elternbeitr\u00e4ge f\u00fcr U2-Kinder in Kitasund Schulkinder in Hortgruppen zu erheben. Der Landkreis \u00fcbernimmt mit dieser Entscheidung die Elternbeitr\u00e4ge in H\u00f6he von ca. 75.000 Euro pro Monat. Sollten die Tageseinrichtungen auch \u00fcber den jetzt festgelegten Zeitraum hinaus geschlossen bleiben, wird \u00fcber die Aussetzung der Elternbeitr\u00e4ge neu entschieden.<\/p>\n\n\n\n<p><em>Kreisverwaltung Germersheim<br>07.05.2020<\/em><\/p>\n","protected":false},"excerpt":{"rendered":"<div class=\"mh-excerpt\"><p>Coronafallzahlen aus dem Landkreis Germersheim Aktuell 30 best\u00e4tigte positive F\u00e4lle im Landkreis Germersheim (06. Mai 2020, Stand 16 Uhr) Die \u00dcbersicht aus dem Landkreis Germersheim: Derzeit positiv getestete Personen: 30 Gesundete Personen: 109 Bislang leider <a class=\"mh-excerpt-more\" href=\"https:\/\/speyer24news.com\/?p=26890\" title=\"Germersheim &#038; Landkreis Germersheim\">[&#8230;]<\/a><\/p>\n<\/div>","protected":false},"author":3,"featured_media":0,"comment_status":"open","ping_status":"open","sticky":false,"template":"","format":"standard","meta":{"_monsterinsights_skip_tracking":false,"_monsterinsights_sitenote_active":false,"_monsterinsights_sitenote_note":"","_monsterinsights_sitenote_category":0,"footnotes":""},"categories":[449],"tags":[6367,5904,6323,5801,210,6489,6869,6867,2601,5569,6868,6866,6865],"aioseo_notices":[],"amp_enabled":true,"_links":{"self":[{"href":"https:\/\/speyer24news.com\/index.php?rest_route=\/wp\/v2\/posts\/26890"}],"collection":[{"href":"https:\/\/speyer24news.com\/index.php?rest_route=\/wp\/v2\/posts"}],"about":[{"href":"https:\/\/speyer24news.com\/index.php?rest_route=\/wp\/v2\/types\/post"}],"author":[{"embeddable":true,"href":"https:\/\/speyer24news.com\/index.php?rest_route=\/wp\/v2\/users\/3"}],"replies":[{"embeddable":true,"href":"https:\/\/speyer24news.com\/index.php?rest_route=%2Fwp%2Fv2%2Fcomments&post=26890"}],"version-history":[{"count":1,"href":"https:\/\/speyer24news.com\/index.php?rest_route=\/wp\/v2\/posts\/26890\/revisions"}],"predecessor-version":[{"id":26893,"href":"https:\/\/speyer24news.com\/index.php?rest_route=\/wp\/v2\/posts\/26890\/revisions\/26893"}],"wp:attachment":[{"href":"https:\/\/speyer24news.com\/index.php?rest_route=%2Fwp%2Fv2%2Fmedia&parent=26890"}],"wp:term":[{"taxonomy":"category","embeddable":true,"href":"https:\/\/speyer24news.com\/index.php?rest_route=%2Fwp%2Fv2%2Fcategories&post=26890"},{"taxonomy":"post_tag","embeddable":true,"href":"https:\/\/speyer24news.com\/index.php?rest_route=%2Fwp%2Fv2%2Ftags&post=26890"}],"curies":[{"name":"wp","href":"https:\/\/api.w.org\/{rel}","templated":true}]}}