{"id":26918,"date":"2020-05-07T12:36:12","date_gmt":"2020-05-07T11:36:12","guid":{"rendered":"https:\/\/speyer24news.com\/?p=26918"},"modified":"2020-05-07T12:36:13","modified_gmt":"2020-05-07T11:36:13","slug":"kultur-23","status":"publish","type":"post","link":"https:\/\/speyer24news.com\/?p=26918","title":{"rendered":"Kultur"},"content":{"rendered":"<style type=\"text\/css\">\r\n\t.ads_top_disp{}\r\n\t.ads_top_corner_disp{ float:left; margin:0px 10px 10px 0px; }\r\n\t.ads_first_p_disp{}\r\n\t.ads_bottom_disp{}\r\n\t<\/style>\n<h1 class=\"wp-block-heading\" style=\"text-align:center\">Technik Museum Speyer<\/h1>\n\n\n\n<div class=\"wp-block-image\"><figure class=\"aligncenter\"><img decoding=\"async\" loading=\"lazy\" width=\"600\" height=\"122\" src=\"https:\/\/speyer24news.com\/wp-content\/uploads\/2020\/01\/Speyer.jpg\" alt=\"\" class=\"wp-image-24052\" srcset=\"https:\/\/speyer24news.com\/wp-content\/uploads\/2020\/01\/Speyer.jpg 600w, https:\/\/speyer24news.com\/wp-content\/uploads\/2020\/01\/Speyer-300x61.jpg 300w\" sizes=\"(max-width: 600px) 100vw, 600px\" \/><\/figure><\/div>\n\n\n\n<h2 class=\"wp-block-heading\">#Zusammenhalten f\u00fcr die Kultur<\/h2>\n\n\n\n<h3 class=\"wp-block-heading\"><strong>SWR1 mit Chako Habekost LIVE im Autokino Technik Museum Speyer<\/strong><\/h3>\n\n\n\n<ul><li><strong>Samstag, 9. Mai 2020, 20:30 Uhr<\/strong><\/li><li><strong>Tickets unter <a href=\"http:\/\/www.autokino-speyer.de\">www.autokino-speyer.de<\/a><\/strong><\/li><\/ul>\n\n\n\n<div class=\"wp-block-image\"><figure class=\"aligncenter\"><img decoding=\"async\" loading=\"lazy\" width=\"500\" height=\"750\" src=\"https:\/\/speyer24news.com\/wp-content\/uploads\/2020\/05\/Christian-Chako-Habekost-live-im-Autokino-Speyer.jpg\" alt=\"\" class=\"wp-image-26924\" srcset=\"https:\/\/speyer24news.com\/wp-content\/uploads\/2020\/05\/Christian-Chako-Habekost-live-im-Autokino-Speyer.jpg 500w, https:\/\/speyer24news.com\/wp-content\/uploads\/2020\/05\/Christian-Chako-Habekost-live-im-Autokino-Speyer-200x300.jpg 200w\" sizes=\"(max-width: 500px) 100vw, 500px\" \/><\/figure><\/div>\n\n\n\n<p><strong>Speyer \/ Technik Museum &#8211; Kultur und Vergn\u00fcgen trotz Corona-Krise au\u00dferhalb der eigenen vier W\u00e4nde genie\u00dfen? Ja, das geht, zusammen und doch kontaktlos. SWR1 Rheinland-Pfalz zeigt wie \u2013 n\u00e4mlich im neuen Autokino im Technik Museum in Speyer. Im Rahmen der SWR-Initiative #Zusammenhalten f\u00fcr die Kultur, die am ersten Maiwochenende startete, pr\u00e4sentiert SWR1 am Samstag, 9. Mai 2020, um 20:30 Uhr, den Comedian und Kabarettist Christian Chako Habekost. Vor der gro\u00dfen Kinoleinwand l\u00e4sst Chako live alle Krisen vergessen und bringt das Publikum zum Lachen. Sehen kann der Comedian die Besucher nur durch die Scheiben ihrer Autofenster.<\/strong><\/p>\n\n\n\n<div class=\"wp-block-image\"><figure class=\"aligncenter\"><img decoding=\"async\" loading=\"lazy\" width=\"800\" height=\"600\" src=\"https:\/\/speyer24news.com\/wp-content\/uploads\/2020\/05\/Autokino-TM-Speyer-7.jpg\" alt=\"\" class=\"wp-image-26746\" srcset=\"https:\/\/speyer24news.com\/wp-content\/uploads\/2020\/05\/Autokino-TM-Speyer-7.jpg 800w, https:\/\/speyer24news.com\/wp-content\/uploads\/2020\/05\/Autokino-TM-Speyer-7-300x225.jpg 300w, https:\/\/speyer24news.com\/wp-content\/uploads\/2020\/05\/Autokino-TM-Speyer-7-768x576.jpg 768w, https:\/\/speyer24news.com\/wp-content\/uploads\/2020\/05\/Autokino-TM-Speyer-7-678x509.jpg 678w, https:\/\/speyer24news.com\/wp-content\/uploads\/2020\/05\/Autokino-TM-Speyer-7-326x245.jpg 326w, https:\/\/speyer24news.com\/wp-content\/uploads\/2020\/05\/Autokino-TM-Speyer-7-80x60.jpg 80w\" sizes=\"(max-width: 800px) 100vw, 800px\" \/><\/figure><\/div>\n\n\n\n<h4 class=\"wp-block-heading\"><strong>Ansteckungssichere Lachsalven<\/strong><\/h4>\n\n\n\n<p>Das Publikum liebt es, wenn der Pf\u00e4lzer\nMundartkabarettist Chako Habekost das liebenswert Komische seiner Mitpf\u00e4lzer\npointiert herausarbeitet. Die danken es dem Comedian garantiert auch im\nAutokino mit fr\u00f6hlichen Lachsalven. Allerdings breiten sich die Lacher ansteckungssicher\nhinter verschlossenen Autot\u00fcren aus. <\/p>\n\n\n\n<p>Ordentlich aufgereiht haben 175 Fahrzeuge\nauf dem gro\u00dfen Parkplatz des Technik Museums Platz. Die einzigartige Kulisse\nmit Ausstellungsst\u00fccken wie der Boeing 747 oder dem U-Boot U9 gibt es zum\nComedy-Programm obendrauf. Jedes Fahrzeug darf mit maximal zwei Erwachsenen besetzt\nsein oder mit Eltern und ihren im selben Haushalt lebenden Kindern bis 17 Jahre\nauf einem eigenen Sitzplatz. <\/p>\n\n\n\n<h4 class=\"wp-block-heading\"><strong>Verhaltens- und Tickettingregeln<\/strong><\/h4>\n\n\n\n<figure class=\"wp-block-image\"><img decoding=\"async\" loading=\"lazy\" width=\"800\" height=\"600\" src=\"https:\/\/speyer24news.com\/wp-content\/uploads\/2020\/05\/Autokino-TM-Speyer-1.jpg\" alt=\"\" class=\"wp-image-26747\" srcset=\"https:\/\/speyer24news.com\/wp-content\/uploads\/2020\/05\/Autokino-TM-Speyer-1.jpg 800w, https:\/\/speyer24news.com\/wp-content\/uploads\/2020\/05\/Autokino-TM-Speyer-1-300x225.jpg 300w, https:\/\/speyer24news.com\/wp-content\/uploads\/2020\/05\/Autokino-TM-Speyer-1-768x576.jpg 768w, https:\/\/speyer24news.com\/wp-content\/uploads\/2020\/05\/Autokino-TM-Speyer-1-678x509.jpg 678w, https:\/\/speyer24news.com\/wp-content\/uploads\/2020\/05\/Autokino-TM-Speyer-1-326x245.jpg 326w, https:\/\/speyer24news.com\/wp-content\/uploads\/2020\/05\/Autokino-TM-Speyer-1-80x60.jpg 80w\" sizes=\"(max-width: 800px) 100vw, 800px\" \/><\/figure>\n\n\n\n<p>Tickets f\u00fcr 26 Euro pro Fahrzeug inklusive Vorverkaufsgeb\u00fchr sind ausschlie\u00dflich online unter <a href=\"http:\/\/www.autokino-speyer.de\">www.autokino-speyer.de<\/a> erh\u00e4ltlich. Eine Tageskasse gibt es nicht. Die Entwertung der Tickets erfolgt kontaktlos durch die Autoscheibe. T\u00fcren und Scheiben m\u00fcssen w\u00e4hrend des Aufenthalts im Autokino geschlossen bleiben. Das Fahrzeug darf nur f\u00fcr die Nutzung der Toilette verlassen werden. Einlass ist 60 Minuten vor Beginn der Vorstellung, ab 19:30 Uhr. Weitere Verhaltensregeln ebenfalls online unter <a href=\"http:\/\/www.autokino-speyer.de\">www.autokino-speyer.de<\/a>. Alle Infos zu #Zusammenhalten f\u00fcr die Kultur unter <a href=\"http:\/\/www.SWR.de\/fuereuchda\">SWR.de\/fuereuchda<\/a>.<\/p>\n\n\n\n<p><em>Technik Museum Speyer<br>07.05.2020<\/em><\/p>\n\n\n\n<h2 class=\"wp-block-heading\">Museum begr\u00fc\u00dft erste Besucher<\/h2>\n\n\n\n<h3 class=\"wp-block-heading\">Technik Museum Sinsheim \u00f6ffnete wieder seine Tore<\/h3>\n\n\n\n<div class=\"wp-block-image\"><figure class=\"aligncenter\"><img decoding=\"async\" loading=\"lazy\" width=\"800\" height=\"533\" src=\"https:\/\/speyer24news.com\/wp-content\/uploads\/2020\/05\/Museumsgesch\u00e4ftsf\u00fchrer-Matthias-Templin-und-Pr\u00e4sident-Hermann-Layher-v_l_n_r_-er\u00f6ffnen-das-Museum.jpg\" alt=\"\" class=\"wp-image-26925\" srcset=\"https:\/\/speyer24news.com\/wp-content\/uploads\/2020\/05\/Museumsgesch\u00e4ftsf\u00fchrer-Matthias-Templin-und-Pr\u00e4sident-Hermann-Layher-v_l_n_r_-er\u00f6ffnen-das-Museum.jpg 800w, https:\/\/speyer24news.com\/wp-content\/uploads\/2020\/05\/Museumsgesch\u00e4ftsf\u00fchrer-Matthias-Templin-und-Pr\u00e4sident-Hermann-Layher-v_l_n_r_-er\u00f6ffnen-das-Museum-300x200.jpg 300w, https:\/\/speyer24news.com\/wp-content\/uploads\/2020\/05\/Museumsgesch\u00e4ftsf\u00fchrer-Matthias-Templin-und-Pr\u00e4sident-Hermann-Layher-v_l_n_r_-er\u00f6ffnen-das-Museum-768x512.jpg 768w\" sizes=\"(max-width: 800px) 100vw, 800px\" \/><figcaption>v.l.: Museumsgesch\u00e4ftsf\u00fchrer Matthias Templin und Pr\u00e4sident Hermann Layher er\u00f6ffnen das Museum<\/figcaption><\/figure><\/div>\n\n\n\n<p><strong>Sinsheim \/ Technik Museum &#8211;<\/strong> \u201eEndlich \u2013 wir haben wieder ge\u00f6ffnet\u201c, sagt Museumspr\u00e4sident Hermann Layher und durchtrennt zusammen mit dem Gesch\u00e4ftsf\u00fchrer Matthias Templin am 6. Mai, am 39. Geburtstag des Museums, um kurz nach 9 Uhr symboltr\u00e4chtig das rote Band. \u201eWir freuen uns darauf, die Besucher hier im Technik Museum Sinsheim begr\u00fc\u00dfen zu d\u00fcrfen\u201c, spricht Layher in die Kameras und l\u00e4sst die Luftballons knallen. <\/p>\n\n\n\n<p>Fast zwei Monate hatten die Zeitzeugen der Technikgeschichte die Museumshallen f\u00fcr sich allein \u2013 keine staunenden Gesichter, kein Klicken von Kameras, kein fr\u00f6hliches Gewusel. Das erste Mal, dass das Museum in seiner fast 40-j\u00e4hrigen Geschichte geschlossen war. Bis auf eine Ausnahme: \u201eDas war das erste Weihnachten nach der Er\u00f6ffnung 1981. Der Museumsverein wollte \u00fcber die Festtage zu lassen. Dann kam ein Bus angefahren, \u201c erinnert sich der Museumspr\u00e4sident. \u201eWir haben spontan wieder aufgemacht. Ich selbst habe die Tickets verkauft und entwertet. Seitdem haben wir immer offen, 365 Tagen im Jahr, 39 Jahre lang,\u201c erkl\u00e4rt Layher, wie es zu den Museums\u00f6ffnungszeiten kam.<\/p>\n\n\n\n<div class=\"wp-block-image\"><figure class=\"aligncenter\"><img decoding=\"async\" loading=\"lazy\" width=\"800\" height=\"533\" src=\"https:\/\/speyer24news.com\/wp-content\/uploads\/2020\/05\/erste-Besucher-Kurt-und-Robert-Regge-v_l_n_r_-2020-halten-ein-Bild-mit-den-ersten-Besucher-1981-G.jpg\" alt=\"\" class=\"wp-image-26926\" srcset=\"https:\/\/speyer24news.com\/wp-content\/uploads\/2020\/05\/erste-Besucher-Kurt-und-Robert-Regge-v_l_n_r_-2020-halten-ein-Bild-mit-den-ersten-Besucher-1981-G.jpg 800w, https:\/\/speyer24news.com\/wp-content\/uploads\/2020\/05\/erste-Besucher-Kurt-und-Robert-Regge-v_l_n_r_-2020-halten-ein-Bild-mit-den-ersten-Besucher-1981-G-300x200.jpg 300w, https:\/\/speyer24news.com\/wp-content\/uploads\/2020\/05\/erste-Besucher-Kurt-und-Robert-Regge-v_l_n_r_-2020-halten-ein-Bild-mit-den-ersten-Besucher-1981-G-768x512.jpg 768w\" sizes=\"(max-width: 800px) 100vw, 800px\" \/><figcaption>erste Besucher (v.l.: Kurt und Robert Regge) 2020 halten ein Bild mit den ersten Besucher 1981. Der erste Besucher war, wie vor 39 Jahren, ein Mann mit seinem Sohn.<\/figcaption><\/figure><\/div>\n\n\n\n<p>Ein paar Minuten sp\u00e4ter durfte das Museumsteam auch schon den ersten Gast willkommen hei\u00dfen &#8211; ein Vater mit seinem Sohnemann. Genau wie vor 39 Jahren. Die allerersten Besucher am 06. Mai 1981 waren Klaus Kuner mit seinem Sohn Stevie aus Neewiller\/Frankreich. 2020 war es Robert Regge mit seinem Spross Kurt aus Bad Wimpfen. \u201eWir freuen uns, dass das Museum wieder ge\u00f6ffnet hat und dass wir alle St\u00fcck f\u00fcr St\u00fcck in die Normalit\u00e4t zur\u00fcckkommen. Wir sind bereit jede Einschr\u00e4nkung in Kauf zu nehmen, dass sich die Situation wieder normalisiert,\u201c teilt der Museumsbesucher mit und startet die langersehnte Tour durch die Ausstellungshallen. So kehrt auch f\u00fcr die Museumsbetreiber mit der Er\u00f6ffnung des Technik Museum Speyer am Montag, 11. Mai ebenfalls die langersehnte Normalit\u00e4t ein.<\/p>\n\n\n\n<p><em>Technik Museum Speyer<br>07.05.2020<\/em><\/p>\n\n\n\n<h1 class=\"wp-block-heading\" style=\"text-align:center\">Historisches Museum der Pfalz Speyer<\/h1>\n\n\n\n<div class=\"wp-block-image\"><figure class=\"aligncenter\"><img decoding=\"async\" src=\"https:\/\/speyer24news.com\/wp-content\/uploads\/2020\/01\/Historisches-Museum-Speyer-Logo.png\" alt=\"\" class=\"wp-image-24535\"\/><\/figure><\/div>\n\n\n\n<h2 class=\"wp-block-heading\">Historisches Museum der Pfalz meldet Kurzarbeit an \u2013 Keine kurzfristige Wiederer\u00f6ffnung m\u00f6glich<\/h2>\n\n\n\n<div class=\"wp-block-image\"><figure class=\"aligncenter\"><img decoding=\"async\" src=\"https:\/\/speyer24news.com\/wp-content\/uploads\/2020\/05\/Historisches-Museum-vom-Dom.jpg\" alt=\"\" class=\"wp-image-26919\"\/><\/figure><\/div>\n\n\n\n<p>Wie viele Institutionen und Unternehmen in den anderen gesellschaftlichen Bereichen auch, hat die Corona-Krise das Historische Museum der Pfalz in eine prek\u00e4re wirtschaftliche Situation gebracht. Nun hat das Museum Kurzarbeit angemeldet.<\/p>\n\n\n\n<div class=\"wp-block-image\"><figure class=\"aligncenter\"><img decoding=\"async\" loading=\"lazy\" width=\"800\" height=\"600\" src=\"https:\/\/speyer24news.com\/wp-content\/uploads\/2020\/05\/DSC09167.jpg\" alt=\"\" class=\"wp-image-26920\" srcset=\"https:\/\/speyer24news.com\/wp-content\/uploads\/2020\/05\/DSC09167.jpg 800w, https:\/\/speyer24news.com\/wp-content\/uploads\/2020\/05\/DSC09167-300x225.jpg 300w, https:\/\/speyer24news.com\/wp-content\/uploads\/2020\/05\/DSC09167-768x576.jpg 768w, https:\/\/speyer24news.com\/wp-content\/uploads\/2020\/05\/DSC09167-678x509.jpg 678w, https:\/\/speyer24news.com\/wp-content\/uploads\/2020\/05\/DSC09167-326x245.jpg 326w, https:\/\/speyer24news.com\/wp-content\/uploads\/2020\/05\/DSC09167-80x60.jpg 80w\" sizes=\"(max-width: 800px) 100vw, 800px\" \/><\/figure><\/div>\n\n\n\n<p>Zur Durchf\u00fchrung seines breiten Angebots aus gro\u00dfen kulturgeschichtlichen Pr\u00e4sentationen sowie Familien- und Mitmachausstellungen, Veranstaltungen, Workshops und Konzerten ist das Museum von jeher in hohem Ma\u00dfe auf Eintrittseinnahmen angewiesen. Insbesondere f\u00fcr die Sonderausstellungen entstehen im Vorfeld hohe Produktionskosten, beispielsweise f\u00fcr Personaleinsatz, Transporte, Versicherungen und Architektur, die \u00fcblicherweise anteilig durch den Ticketverkauf wieder eingespielt werden. Die am 14. M\u00e4rz 2020 erfolgte, coronabedingte Schlie\u00dfung des Museums hat nun f\u00fcr einen betr\u00e4chtlichen Einnahmeausfall gesorgt, der sich auf den Gesamtbetrieb auswirkt.<\/p>\n\n\n\n<div class=\"wp-block-image\"><figure class=\"aligncenter\"><img decoding=\"async\" loading=\"lazy\" width=\"800\" height=\"600\" src=\"https:\/\/speyer24news.com\/wp-content\/uploads\/2020\/05\/DSC09073.jpg\" alt=\"\" class=\"wp-image-26921\" srcset=\"https:\/\/speyer24news.com\/wp-content\/uploads\/2020\/05\/DSC09073.jpg 800w, https:\/\/speyer24news.com\/wp-content\/uploads\/2020\/05\/DSC09073-300x225.jpg 300w, https:\/\/speyer24news.com\/wp-content\/uploads\/2020\/05\/DSC09073-768x576.jpg 768w, https:\/\/speyer24news.com\/wp-content\/uploads\/2020\/05\/DSC09073-678x509.jpg 678w, https:\/\/speyer24news.com\/wp-content\/uploads\/2020\/05\/DSC09073-326x245.jpg 326w, https:\/\/speyer24news.com\/wp-content\/uploads\/2020\/05\/DSC09073-80x60.jpg 80w\" sizes=\"(max-width: 800px) 100vw, 800px\" \/><\/figure><\/div>\n\n\n\n<p>Zur Sicherung jener \u00f6ffentlicher Einrichtungen, die wie das Historische Museum der Pfalz einen hohen Finanzierungsanteil durch Eintrittseinnahmen haben und die in der Krise besonders von Eintrittsverlusten betroffen sind, haben sich die Tarifparteien am 15. April 2020 erstmalig auf einen Tarifvertrag \u201eCovid\u201c verst\u00e4ndigt, der das Mittel der Kurzarbeit auf den \u00f6ffentlichen Sektor ausweitet. Der Tarifvertrag gilt w\u00e4hrend der Pandemie und hat vorerst bis zum Jahresende G\u00fcltigkeit. Direkt nach Verabschiedung des TV\u00d6D Covid leitete das Museum den notwendigen Anmeldeprozess in die Wege. In der Kurzarbeit reduziert das Historische Museum der Pfalz die Gesamtarbeitszeit um ca. 60 Prozent und kann derzeit nur eine Art Notbetrieb aufrecht erhalten. Die Anmeldung von Kurzarbeit erfolgte in enger Abstimmung mit den \u00f6ffentlichen Stiftern des Museums, dem Bezirksverband Pfalz, dem Land Rheinland-Pfalz und der Stadt Speyer.<\/p>\n\n\n\n<figure class=\"wp-block-image\"><img decoding=\"async\" loading=\"lazy\" width=\"800\" height=\"600\" src=\"https:\/\/speyer24news.com\/wp-content\/uploads\/2020\/05\/IMG_20191205_115147.jpg\" alt=\"\" class=\"wp-image-26922\" srcset=\"https:\/\/speyer24news.com\/wp-content\/uploads\/2020\/05\/IMG_20191205_115147.jpg 800w, https:\/\/speyer24news.com\/wp-content\/uploads\/2020\/05\/IMG_20191205_115147-300x225.jpg 300w, https:\/\/speyer24news.com\/wp-content\/uploads\/2020\/05\/IMG_20191205_115147-768x576.jpg 768w, https:\/\/speyer24news.com\/wp-content\/uploads\/2020\/05\/IMG_20191205_115147-678x509.jpg 678w, https:\/\/speyer24news.com\/wp-content\/uploads\/2020\/05\/IMG_20191205_115147-326x245.jpg 326w, https:\/\/speyer24news.com\/wp-content\/uploads\/2020\/05\/IMG_20191205_115147-80x60.jpg 80w\" sizes=\"(max-width: 800px) 100vw, 800px\" \/><\/figure>\n\n\n\n<p>\u201eAus Museumssicht kam die Krise zum ung\u00fcnstigsten Zeitpunkt. Wir steuerten mit unseren beiden hochfrequentierten Ausstellungen \u201eMedicus\u201c und \u201eGr\u00fcffelo\u201c auf ein Rekordergebnis zu und hatten ein besonders gutes Jahr vor uns\u201c, sagt Museumsdirektor Alexander Schubert. Bis zur Schlie\u00dfung Mitte M\u00e4rz zogen beide Ausstellungen zusammen \u00fcber 85.000 Menschen ins Haus, das entspricht einem w\u00f6chentlichen Schnitt von 8.500 Besuchern. Regelm\u00e4\u00dfig bildeten sich lange Schlangen vor dem Museum. Nach der Schlie\u00dfung mussten Hunderte gebuchter Gruppenf\u00fchrungen, ausverkaufte Veranstaltungen, Workshops und Kindergeburtstagsfeiern abgesagt werden. <\/p>\n\n\n\n<figure class=\"wp-block-image\"><img decoding=\"async\" loading=\"lazy\" width=\"800\" height=\"595\" src=\"https:\/\/speyer24news.com\/wp-content\/uploads\/2020\/05\/WhatsApp-Image-2019-12-19-at-18.54.03.jpeg\" alt=\"\" class=\"wp-image-26923\" srcset=\"https:\/\/speyer24news.com\/wp-content\/uploads\/2020\/05\/WhatsApp-Image-2019-12-19-at-18.54.03.jpeg 800w, https:\/\/speyer24news.com\/wp-content\/uploads\/2020\/05\/WhatsApp-Image-2019-12-19-at-18.54.03-300x223.jpeg 300w, https:\/\/speyer24news.com\/wp-content\/uploads\/2020\/05\/WhatsApp-Image-2019-12-19-at-18.54.03-768x571.jpeg 768w, https:\/\/speyer24news.com\/wp-content\/uploads\/2020\/05\/WhatsApp-Image-2019-12-19-at-18.54.03-80x60.jpeg 80w\" sizes=\"(max-width: 800px) 100vw, 800px\" \/><\/figure>\n\n\n\n<p>Der seitens der Bundespolitik in Aussicht gestellten, kurzfristigen Wiederer\u00f6ffnung von Museen blickt Schubert zum jetzigen Zeitpunkt mit gemischten Gef\u00fchlen entgegen: \u201eNat\u00fcrlich w\u00e4re es einerseits gro\u00dfartig, wenn wir der \u00d6ffentlichkeit wieder unser kulturelles Angebot zug\u00e4nglich machen k\u00f6nnten. Wir m\u00fcssen derzeit unz\u00e4hlige Besucher vertr\u00f6sten, die der Wiederer\u00f6ffnung der Medicus-Ausstellung und der Gr\u00fcffelo-Schau entgegenfiebern. Andererseits l\u00e4sst sich gerade auf Grund des hohen Publikumsinteresses eine Wiederer\u00f6ffnung unter der Ma\u00dfgabe der Corona-Pr\u00e4vention nicht so einfach realisieren. Beide Ausstellungen bieten viele interaktive Stationen und sogenannte Hands-on-Bereiche, die unter normalen Bedingungen als Attraktionen gelten, in Folge der Pandemie aber pl\u00f6tzlich problematisch sind\u201c. Angesichts des hohen Besucheraufkommens sei eine \u00d6ffnung nur vertretbar, wenn ein Sicherheitsplan f\u00fcr alle Bereiche, von der Organisation der Besucherschlangen vor dem Haus, \u00fcber Einlassregulierungen, Wegeleitung, erh\u00f6hte Hygiene- und Abstandsvorkehrungen, bis hin zur Kontrolle der Verweildauer der Besucher umgesetzt werden k\u00f6nnte. \u201eWir erarbeiten hierzu ein Konzept\u201c, so Schubert.<\/p>\n\n\n\n<p><em>Text: Historisches Museum der Pfalz Speyer Foto: Speyer 24\/7 News, dak<br>07.05.2020<\/em><\/p>\n","protected":false},"excerpt":{"rendered":"<div class=\"mh-excerpt\"><p>Technik Museum Speyer #Zusammenhalten f\u00fcr die Kultur SWR1 mit Chako Habekost LIVE im Autokino Technik Museum Speyer Samstag, 9. Mai 2020, 20:30 Uhr Tickets unter www.autokino-speyer.de Speyer \/ Technik Museum &#8211; Kultur und Vergn\u00fcgen trotz <a class=\"mh-excerpt-more\" href=\"https:\/\/speyer24news.com\/?p=26918\" title=\"Kultur\">[&#8230;]<\/a><\/p>\n<\/div>","protected":false},"author":3,"featured_media":0,"comment_status":"open","ping_status":"open","sticky":false,"template":"","format":"standard","meta":{"_monsterinsights_skip_tracking":false,"_monsterinsights_sitenote_active":false,"_monsterinsights_sitenote_note":"","_monsterinsights_sitenote_category":0,"footnotes":""},"categories":[14],"tags":[6575,6883,6367,6370,5904,1191,6381,164,992,133],"aioseo_notices":[],"amp_enabled":true,"_links":{"self":[{"href":"https:\/\/speyer24news.com\/index.php?rest_route=\/wp\/v2\/posts\/26918"}],"collection":[{"href":"https:\/\/speyer24news.com\/index.php?rest_route=\/wp\/v2\/posts"}],"about":[{"href":"https:\/\/speyer24news.com\/index.php?rest_route=\/wp\/v2\/types\/post"}],"author":[{"embeddable":true,"href":"https:\/\/speyer24news.com\/index.php?rest_route=\/wp\/v2\/users\/3"}],"replies":[{"embeddable":true,"href":"https:\/\/speyer24news.com\/index.php?rest_route=%2Fwp%2Fv2%2Fcomments&post=26918"}],"version-history":[{"count":1,"href":"https:\/\/speyer24news.com\/index.php?rest_route=\/wp\/v2\/posts\/26918\/revisions"}],"predecessor-version":[{"id":26928,"href":"https:\/\/speyer24news.com\/index.php?rest_route=\/wp\/v2\/posts\/26918\/revisions\/26928"}],"wp:attachment":[{"href":"https:\/\/speyer24news.com\/index.php?rest_route=%2Fwp%2Fv2%2Fmedia&parent=26918"}],"wp:term":[{"taxonomy":"category","embeddable":true,"href":"https:\/\/speyer24news.com\/index.php?rest_route=%2Fwp%2Fv2%2Fcategories&post=26918"},{"taxonomy":"post_tag","embeddable":true,"href":"https:\/\/speyer24news.com\/index.php?rest_route=%2Fwp%2Fv2%2Ftags&post=26918"}],"curies":[{"name":"wp","href":"https:\/\/api.w.org\/{rel}","templated":true}]}}