{"id":26959,"date":"2020-05-10T06:42:08","date_gmt":"2020-05-10T05:42:08","guid":{"rendered":"https:\/\/speyer24news.com\/?p=26959"},"modified":"2020-05-10T06:44:46","modified_gmt":"2020-05-10T05:44:46","slug":"polizeimeldungen-102","status":"publish","type":"post","link":"https:\/\/speyer24news.com\/?p=26959","title":{"rendered":"Polizeimeldungen"},"content":{"rendered":"<style type=\"text\/css\">\r\n\t.ads_top_disp{}\r\n\t.ads_top_corner_disp{ float:left; margin:0px 10px 10px 0px; }\r\n\t.ads_first_p_disp{}\r\n\t.ads_bottom_disp{}\r\n\t<\/style>\n<h2 class=\"wp-block-heading\">Polizeimeldungen vom Samstag (09.05.2020)<\/h2>\n\n\n\n<div class=\"wp-block-image\"><figure class=\"aligncenter\"><img decoding=\"async\" src=\"https:\/\/speyer24news.com\/wp-content\/uploads\/2020\/01\/Aktuelles-Polizeilogo.jpg\" alt=\"\" class=\"wp-image-23832\"\/><\/figure><\/div>\n\n\n\n<h4 class=\"wp-block-heading\">(Speyer) &#8211; Polizei rettet Shetlandponys<\/h4>\n\n\n\n<div class=\"wp-block-image\"><figure class=\"aligncenter\"><img decoding=\"async\" loading=\"lazy\" width=\"800\" height=\"600\" src=\"https:\/\/speyer24news.com\/wp-content\/uploads\/2020\/05\/pony-357739_1920.jpg\" alt=\"\" class=\"wp-image-26960\" srcset=\"https:\/\/speyer24news.com\/wp-content\/uploads\/2020\/05\/pony-357739_1920.jpg 800w, https:\/\/speyer24news.com\/wp-content\/uploads\/2020\/05\/pony-357739_1920-300x225.jpg 300w, https:\/\/speyer24news.com\/wp-content\/uploads\/2020\/05\/pony-357739_1920-768x576.jpg 768w, https:\/\/speyer24news.com\/wp-content\/uploads\/2020\/05\/pony-357739_1920-678x509.jpg 678w, https:\/\/speyer24news.com\/wp-content\/uploads\/2020\/05\/pony-357739_1920-326x245.jpg 326w, https:\/\/speyer24news.com\/wp-content\/uploads\/2020\/05\/pony-357739_1920-80x60.jpg 80w\" sizes=\"(max-width: 800px) 100vw, 800px\" \/><figcaption>Beispielbild von 2 Ponys<\/figcaption><\/figure><\/div>\n\n\n\n<p>Am Samstagmorgen hatten sich im Bereich Rinkenberger Weg zwei Shetlandponys aus einer Koppel befreien k\u00f6nnen und drohten auf die B9 zu laufen. Die Eigent\u00fcmer verst\u00e4ndigten die Polizei und baten um Unterst\u00fctzung beim Einfangen. Ein durch die Eigent\u00fcmer verst\u00e4ndigter Tierarzt sei bei einem Einfangversuch mit Bet\u00e4ubungspfeilen gescheitert. Mit Hilfe der eingesetzten Polizeibeamten konnten die Pferde in eine umschlossene Hofeinfahrt gelotst und konnten durch den Eigent\u00fcmer in einen Anh\u00e4nger gebracht werden. <\/p>\n\n\n\n<h4 class=\"wp-block-heading\">(Speyer) &#8211; Verkehrsunfall mit leicht verletztem Motorradfahrer<\/h4>\n\n\n\n<p>Am Freitag um 19:23 Uhr kam es auf der B9 in Fahrtrichtung Germersheim zu einem Verkehrsunfall, bei dem der 20-j\u00e4hriger Motorradfahrer leicht verletzt wurde. Auf H\u00f6he der Auffahrt R\u00f6merberg verlor der Motorradfahrer aufgrund nicht angepasster Geschwindigkeit bei einem \u00dcberholvorgang die Kontrolle \u00fcber sein Fahrzeug, wodurch er zu Boden st\u00fcrzte. Trotz, dass sich der Fahrer mehrfach \u00fcberschlug, verletzte er sich gl\u00fccklicherweise nur leicht. Er wurde mit Prellungen und Sch\u00fcrfwunden vorsorglich ins Krankenhaus verbracht. Andere Verkehrsteilnehmer wurden nicht gef\u00e4hrdet. <\/p>\n\n\n\n<h4 class=\"wp-block-heading\">(Speyer) &#8211; Verkehrsunfallflucht unter Alkoholeinfluss<\/h4>\n\n\n\n<p>Beim R\u00fcckw\u00e4rtsausparken auf einem Parkplatz in der Stra\u00dfe Im Hafenbecken lie\u00df am Freitagnachmittag der verantwortliche Fahrzeugf\u00fchrer die notwendige Sorgfaltspflicht au\u00dfer Acht und touchierte mit seinem Pkw einen dahinter ordnungsgem\u00e4\u00df abgestellten Pkw. Anschlie\u00dfend fl\u00fcchtete der Fahrer von der Verkehrsunfall\u00f6rtlichkeit ohne seiner Pflicht als Verkehrsunfallverursacher nachzukommen. Es entstand ein Sachschaden von ca. 3000 Euro. Der Unfallhergang konnte durch mehrere Zeugen beobachtet werden. Im Rahmen der Verkehrsunfallaufnahme vor Ort, kehrte der Verursacher zur Unfall\u00f6rtlichkeit zur\u00fcck. Dieser konnte eindeutig als Fahrer wiedererkannt werden. Er stand augenscheinlich unter dem Einfluss von Alkohol. Es wurde eine Blutprobe entnommen und der F\u00fchrerschein einbehalten. <\/p>\n\n\n\n<h4 class=\"wp-block-heading\">(Speyer) &#8211; \u00d6lspur mit Verkehrsbehinderung<\/h4>\n\n\n\n<p>Am Freitagmittag kam auf der B9, H\u00f6he der Anschlussstelle Dudenhofen\/R\u00f6merberg, verlor ein Kraftfahrzeug aufgrund eines technischen Defekts Betriebsstoffe, wodurch die Fahrbahn verunreinigt wurde. Der Verursacher konnte vor Ort festgestellt werden. Zwecks Reinigung der Fahrbahn, musste der rechte Fahrstreifen der B9 kurzzeitig gesperrt werden. Es bildete sich ein gr\u00f6\u00dferer R\u00fcckstau. Die Absperrung wurde von insgesamt drei Verkehrsteilnehmer verbotswidrig umfahren. Mit diesen wurde ein belehrendes Gespr\u00e4ch \u00fcber die damit verbundenen Verkehrsrisiken gef\u00fchrt. Ein Ordnungswidrigkeitenverfahren wurde eingeleitet <\/p>\n\n\n\n<h4 class=\"wp-block-heading\">(Bad Bergzabern) &#8211; Verkehrsunfall und anschlie\u00dfende Flucht unter Alkoholeinwirkung<\/h4>\n\n\n\n<p>Zu einem Verkehrsunfall unter Alkoholeinwirkung kam es am gestrigen Freitag, den 08.05.2020, gegen 15:40 Uhr in Bad Bergzabern. Demnach fuhr ein Verkehrsteilnehmer mit seinem Pkw \u00fcber den Kreisverkehr in der Kapeller Stra\u00dfe in Bad Bergzabern, besch\u00e4digte den dortigen Fahnenmast und entfernte sich anschlie\u00dfend unerlaubt. Bei der umgehend eingeleiteten Fahndung konnte der Fahrer ermittelt werden. Ein Atemalkoholtest ergab 1,52 Promille. Somit wurde bei ihm eine Blutprobe entnommen, der F\u00fchrerschein sichergestellt und ein entsprechendes Strafverfahren eingeleitet.<\/p>\n\n\n\n<h4 class=\"wp-block-heading\">(Landau) &#8211; Diebstahl eines Verkehrszeichens<\/h4>\n\n\n\n<p>Ein unbekannter Fahrradfahrer demontierte am Freitag, gegen 20:36 Uhr ein Verkehrsschild und fuhr anschlie\u00dfend samt Schild in Richtung Hornbachstra\u00dfe davon. Der Fahrradfahrer habe eine Sicherheitsweste getragen und neben dem geklauten Schild noch eine Leiter mitgef\u00fchrt. Hinweise nimmt die Polizei in Landau unter 06341-2870 oder <a href=\"mailto:pilandau@polizei.rlp.de\">pilandau@polizei.rlp.de<\/a> entgegen.<\/p>\n\n\n\n<h4 class=\"wp-block-heading\">(Freimersheim) &#8211; Brennender Komposthaufen<\/h4>\n\n\n\n<p>Am 08.05.2020, gegen 19:45 Uhr, meldeten mehrere Verkehrsteilnehmer eine starke Rauchentwicklung im Bereich des Sportplatzes. Bei einer \u00dcberpr\u00fcfung konnte durch die Beamten festgestellt werden, dass sich ein dort befindlicher Komposthaufen der Gemeinde selbst entz\u00fcndet hatte. Der Brand konnte durch die verst\u00e4ndigte Feuerwehr gel\u00f6scht werden. Es entstand kein Sachschaden. <\/p>\n\n\n\n<h4 class=\"wp-block-heading\">(Edenkoben) &#8211; Unfallflucht unter Alkoholeinfluss<\/h4>\n\n\n\n<div class=\"wp-block-image\"><figure class=\"aligncenter\"><img decoding=\"async\" loading=\"lazy\" width=\"800\" height=\"603\" src=\"https:\/\/speyer24news.com\/wp-content\/uploads\/2020\/05\/VU_EDK_pressefrei_090520.jpg\" alt=\"\" class=\"wp-image-26962\" srcset=\"https:\/\/speyer24news.com\/wp-content\/uploads\/2020\/05\/VU_EDK_pressefrei_090520.jpg 800w, https:\/\/speyer24news.com\/wp-content\/uploads\/2020\/05\/VU_EDK_pressefrei_090520-300x226.jpg 300w, https:\/\/speyer24news.com\/wp-content\/uploads\/2020\/05\/VU_EDK_pressefrei_090520-768x579.jpg 768w, https:\/\/speyer24news.com\/wp-content\/uploads\/2020\/05\/VU_EDK_pressefrei_090520-326x245.jpg 326w, https:\/\/speyer24news.com\/wp-content\/uploads\/2020\/05\/VU_EDK_pressefrei_090520-80x60.jpg 80w\" sizes=\"(max-width: 800px) 100vw, 800px\" \/><\/figure><\/div>\n\n\n\n<p>Am 08.05.2020, gegen 23:15 Uhr, kam es zu einem schweren Verkehrsunfall auf der Staatsstra\u00dfe. Ein zun\u00e4chst unbekannter Pkw-Fahrer befuhr die Staatsstra\u00dfe von Edesheim kommend in Richtung Maikammer. In H\u00f6he des Bahnhofes fuhr der Fahrer gegen den Bordstein der dortigen Fahrbahninsel, kam daraufhin ins Schleudern und auf einem Gr\u00fcnstreifen vor dem Bahnhof zum Stehen. Ein Unfallzeuge meldete den Unfall bei der Polizei und teilte mit, dass der Fahrer gerade die Kennzeichen vom Fahrzeug rei\u00dfen w\u00fcrde. Noch vor dem Eintreffen der Streife entfernte sich der Fahrer mit den Kennzeichen von der Unfallstelle. Eine sofortige Fahndung blieb zun\u00e4chst erfolglos. <\/p>\n\n\n\n<p>Im Rahmen der folgenden Unfallaufnahme konnte der Halter des verunfallten Pkw, gegen 01:00 Uhr, in unmittelbarer N\u00e4he zum Unfallort, durch die Streife angetroffen und kontrolliert werden. Bei dem Halter handelte es sich um einen 35-J\u00e4hrigen aus dem Bereich Neustadt, welcher merklich alkoholisiert war und auf die Fahrerbeschreibung der Zeugen passte. Ein Atemalkohltest wurde verweigert. <\/p>\n\n\n\n<p>Der Mann wurde zur Dienststelle verbracht, wo ihm eine Blutprobe entnommen wurde. Das nicht mehr fahrbereite Unfallfahrzeug wurde sichergestellt. Gegen den Mann wurde ein Strafverfahren eingeleitet. Durch den Unfall entstand ein Sachschaden in H\u00f6he von ca. 11000EUR. <\/p>\n\n\n\n<p>Zeugenhinweise nimmt die Polizei Edenkoben unter 06323 955-0 oder per Mail an <a href=\"mailto:piedenkoben@polizei.rlp.de\">piedenkoben@polizei.rlp.de<\/a> entgegen. <\/p>\n\n\n\n<h4 class=\"wp-block-heading\">(Edenkoben) &#8211; Spazierg\u00e4nger mit Marihuana erwischt<\/h4>\n\n\n\n<p>Am 08.05.2020, gegen 19:45 Uhr, kontrollierten Beamte der Polizei Edenkoben einen 19-J\u00e4hrigen Spazierg\u00e4nger in den Weinbergen im s\u00fcdlichen Bereich von Edenkoben. Im Rahmen der Kontrolle ergab sich der Verdacht, dass der junge Mann aus dem Bereich der VG Edenkoben Drogen mit sich f\u00fchrt. Auf Ansprache h\u00e4ndigte der Mann eine Kleinmenge Marihuana aus. Gegen den Spazierg\u00e4nger wird ein Strafverfahren eingeleitet. <\/p>\n\n\n\n<h4 class=\"wp-block-heading\">(Edenkoben) &#8211; Taschendiebstahl in Einkaufsmarkt<\/h4>\n\n\n\n<figure class=\"wp-block-image\"><img decoding=\"async\" src=\"https:\/\/speyer24news.com\/wp-content\/uploads\/2020\/05\/Taschendiebstahl.jpg\" alt=\"\" class=\"wp-image-26961\"\/><\/figure>\n\n\n\n<p>Am 08.05.2020, gegen 14:30 Uhr, kam es in einem Einkaufsmarkt in der Luitpoldstra\u00dfe zu einem Taschendiebstahl zum Nachteil einer 67-J\u00e4hrigen aus dem Bereich der VG Edenkoben. Bisher unbekannte T\u00e4ter entwendeten den Geldbeutel der Dame w\u00e4hrend des Einkaufs aus ihrer Handtasche. Anschlie\u00dfend hoben die T\u00e4ter mit der im Geldbeutel befindlichen EC-Karte Bargeld vom Konto der Gesch\u00e4digten ab. Der Sachschaden bel\u00e4uft sich auf ca. 500EUR. <\/p>\n\n\n\n<p>Bei den beiden T\u00e4tern soll es sich um <\/p>\n\n\n\n<ul><li>eine schlanke Frau, ca. 30 Jahre, mit dunklen Haaren und <\/li><li>einen schlanken Mann, ebenfalls ca. 30 Jahre, mit dunklen Haaren und einem Tattoo auf dem linken Arm,<\/li><\/ul>\n\n\n\n<p> gehandelt haben. <\/p>\n\n\n\n<p>Zeugenhinweise nimmt die Polizei Edenkoben unter 06323 955-0 oder per Mail an <a href=\"mailto:piedenkoben@polizei.rlp.de\">piedenkoben@polizei.rlp.de<\/a> entgegen. <\/p>\n\n\n\n<p>\u00c4ltere Menschen werden immer wieder Opfer von Diebst\u00e4hlen und Betr\u00fcgereien, da sie von T\u00e4tern oftmals als leichte &#8222;Beute&#8220; angesehen werden. <strong><em>Bitte beachten Sie folgende Hinweise der Polizei, um sich vor Taschendieben zu sch\u00fctzen: <\/em><\/strong><\/p>\n\n\n\n<ul><li>Tragen Sie Geld, Schecks, Kreditkarten und Papiere immer in  verschlossenen Innentaschen der Kleidung m\u00f6glichst dicht am K\u00f6rper.<\/li><li>Tragen Sie Hand- und Umh\u00e4ngetaschen verschlossen auf der  K\u00f6rpervorderseite oder klemmen Sie sie sich unter den Arm.<\/li><li>Benutzen Sie einen Brustbeutel, eine G\u00fcrtelinnentasche, einen Geldg\u00fcrtel oder eine am G\u00fcrtel angekettete Geldb\u00f6rse.<\/li><li>Legen Sie Geldb\u00f6rsen nicht oben in Einkaufstasche, Einkaufskorb oder  Einkaufswagen, sondern tragen Sie sie m\u00f6glichst k\u00f6rpernah.<\/li><li>H\u00e4ngen Sie Handtaschen im Restaurant, im Kaufhaus oder im Laden (selbst bei der Anprobe von Schuhen oder Kleidung) nicht an Stuhllehnen und  stellen Sie sie nicht unbeaufsichtigt ab. <\/li><\/ul>\n\n\n\n<p>Weitere Tipps wie sie sich vor Dieben und Betr\u00fcgern sch\u00fctzen k\u00f6nnen, finden Sie unter <a href=\"http:\/\/www.polizei-beratung.de\/\" target=\"_blank\" rel=\"noreferrer noopener\">www.polizei-beratung.de<\/a>. <\/p>\n\n\n\n<h4 class=\"wp-block-heading\">(Neustadt) &#8211; Schwerer Verkehrsunfall mit schwerverletztem Beifahrer auf der A 65 \/ Zeugenaufruf<\/h4>\n\n\n\n<p>Am Samstag, 09.05.2020 ereignete sich gegen 16:36 Uhr ein schwerer Verkehrsunfall mit 3 beteiligten Fahrzeugen auf der A65, Richtungsfahrbahn Karlsruhe in H\u00f6he der AS Neustadt-S\u00fcd. Dabei wurde ein 33-j\u00e4hriger Beifahrer aus dem Rhein-Neckar-Kreis lebensbedrohlich verletzt und musste mit einem Rettungshubschrauber in eine Unfallklinik gebracht werden. Eine 32-j\u00e4hrige Fahrzeugf\u00fchrerin wurde leichtverletzt in ein Krankenhaus in der Umgebung gebracht, zudem entstand Sachschaden von ca. 40000EUR. Da der Unfallhergang derzeit noch unklar ist, wurde ein Gutachter f\u00fcr die Rekonstruktion des Unfalls eingeschaltet. Neben Kr\u00e4ften der Feuerwehr war auch die Autobahnmeisterei Kandel im Einsatz, da die A65 bis 21:30 Uhr voll gesperrt war und der Verkehr an der AS Neustadt-S\u00fcd abgeleitet wurde. Es kam jedoch zu keinen gr\u00f6\u00dferen Verkehrsbeeintr\u00e4chtigungen. Im Zusammenhang mit dem Unfall sucht die Polizei den Fahrer eines gr\u00fcnen Pkw. Zeugen, die Hinweise zum Unfall geben k\u00f6nnen, werden gebeten, sich mit der Polizei Edenkoben unter der 06323-9550 oder per Email unter <a href=\"mailto:piedenkoben@polizei.rlp.de\">piedenkoben@polizei.rlp.de<\/a> in Verbindung zu setzen. <\/p>\n\n\n\n<h4 class=\"wp-block-heading\">(Bad D\u00fcrkheim) &#8211; Vorfahrt missachtet, zwei Personen verletzt<\/h4>\n\n\n\n<p>Zu einem Verkehrsunfall mit zwei leicht verletzten Personen kam es am Freitag, dem 08.05.2020 gegen 13:30 Uhr an der Einm\u00fcndung der B 271 in H\u00f6he der Abfahrt Bruch. Eine 68-j\u00e4hrige Fahrerin eines Skodas bog an der Einm\u00fcndung vom Zubringer der B37 kommend, nach links auf die B 271 in Richtung Neustadt ab und \u00fcbersah hierbei den auf der B 271 von links aus Richtung Neustadt kommenden und durch Verkehrszeichen bevorrechtigten VW einer 69-j\u00e4hrigen Fahrzeugf\u00fchrerin. Es kam zum Unfall. Beim Zusammensto\u00df der beiden PKW drehte sich der Skoda und prallte an eine Leitplanke. Beide Fahrerinnen verletzten sich leicht, die Skodafahrerin kam zur Untersuchung in ein Krankenhaus. Beide Fahrzeuge wurden abgeschleppt. Der Gesamtschaden wird auf ca. 8000 EUR gesch\u00e4tzt. W\u00e4hrend der Unfallaufnahme und den anschlie\u00dfenden Aufr\u00e4umarbeiten musste die Stra\u00dfe ca. anderthalb Stunden halbseitig gesperrt und der Verkehr geregelt werden. Durch die Feuerwehr wurden auslaufende Betriebsstoffe abgebunden. <\/p>\n\n\n\n<h4 class=\"wp-block-heading\">(Beindersheim) &#8211; Massiver Holzstock statt Parkbuchtmarkierungen<\/h4>\n\n\n\n<p>Am 08.05.2020 gegen 08:45 Uhr ger\u00e4t ein 63-j\u00e4hriger Anwohner in der Kirchenstra\u00dfe in Beindersheim mit einem Mitarbeiter der Verbandsgemeinde Lambsheim-He\u00dfheim in Streit. Der Mitarbeiter ist dabei, neue Parkbuchten zu markieren. Nach einem kurzen verbalen Disput besorgt sich der Anwohner einen massiven Holzstock und geht mit diesem auf den Mitarbeiter der Verbandsgemeinde bedrohlich zu. Die hinzugerufene Streife kann beruhigend auf den Mann einwirken. Durch die Handlung wird niemand verletzt. <\/p>\n\n\n\n<h4 class=\"wp-block-heading\">(Frankenthal) &#8211; Unfallflucht<\/h4>\n\n\n\n<p>Im Zeitraum vom 07.05.2020 gegen 17:00 Uhr bis zum 08.05.2020 gegen 17:00 Uhr besch\u00e4digt ein bisher unbekannter Fahrzeugf\u00fchrer einen Skoda Yeti in der Leharstra\u00dfe in Frankenthal. Am Fahrzeug k\u00f6nnen gr\u00fcnlich-gelbe Lackanhaftungen festgestellt werden. Der Schaden befindet sich vorne links und bel\u00e4uft sich auf etwa 400 Euro. <\/p>\n\n\n\n<p>Die Polizei weist darauf hin, dass Unerlaubtes Entfernen vom Unfallort kein Kavaliersdelikt ist! Der fl\u00fcchtige Fahrer muss mit einer Geld- oder Freiheitsstrafe bis zu 3 Jahren und evtl. mit einem F\u00fchrerscheinentzug rechnen. Au\u00dferdem kann der Fl\u00fcchtige den Kaskoschutz seiner Kfz-Versicherung verlieren und von seiner Versicherung an der Begleichung des Fremdschadens beteiligt werden. Die Polizei r\u00e4t deshalb jeden Unfall zu melden. <\/p>\n\n\n\n<p>Wir wollen, dass Sie sicher Leben &#8211; ihre Polizei Frankenthal. <\/p>\n\n\n\n<p>Zeugen werden gebeten sich an die Polizeiinspektion Frankenthal unter der Tel.-Nr.: 06233\/313-0 oder an die Polizeiwache Maxdorf unter der Tel.-Nr.: 06237\/934-100 zu wenden. Gerne nehmen wir Ihre Hinweise auch per E-Mail unter  <a href=\"mailto:pifrankenthal@polizei.rlp.de\">pifrankenthal@polizei.rlp.de<\/a> entgegen. <\/p>\n\n\n\n<h4 class=\"wp-block-heading\">(Frankenthal) &#8211; Trickdiebstahl<\/h4>\n\n\n\n<p>Am 08.05.2020 gegen 10:50 Uhr wird ein 63-j\u00e4hriger Frankenthaler am Rathausplatz in Frankenthal Opfer eines Trickdiebstahls. Ein unbekannter Mann bittet den Gesch\u00e4digten Geld zu wechseln. Dabei greift der Unbekannte unbemerkt in das Portmonee des 63-J\u00e4hrigen. Wenig sp\u00e4ter bemerkt der Frankenthaler das Fehlen von 120 Euro. Wer kann Hinweise zu dem T\u00e4ter geben? <\/p>\n\n\n\n<p>Zeugen werden gebeten sich an die Polizeiinspektion Frankenthal unter der Tel.-Nr.: 06233\/313-0 oder an die Polizeiwache Maxdorf unter der Tel.-Nr.: 06237\/934-100 zu wenden. Gerne nehmen wir Ihre Hinweise auch per E-Mail unter  <a href=\"mailto:pifrankenthal@polizei.rlp.de\">pifrankenthal@polizei.rlp.de<\/a> entgegen. <\/p>\n\n\n\n<h4 class=\"wp-block-heading\">(Ludwigshafen-Friesenheim) &#8211; Verkehrsunfall mit leicht verletzter Person<\/h4>\n\n\n\n<p>Am Freitag, dem 08.05.2020, gegen 10:40 Uhr, befuhr ein 54-j\u00e4hriger Mann mit seinem PKW die Sternstra\u00dfe in Fahrtrichtung Erzbergerstra\u00dfe. An der Kreuzung Sternstra\u00dfe \/ Hohenzollernstra\u00dfe \/ Kreuzstra\u00dfe wollte der Mann nach links in die Hohenzollernstra\u00dfe abbiegen und \u00fcbersah hierbei eine von rechts kommende und bevorrechtigte 24-j\u00e4hrige PKW-Fahrerin. Es kam zur Kollision. Beide Fahrzeuge waren im Anschluss nicht mehr fahrbereit und mussten abgeschleppt werden. Die 24-j\u00e4hrige Frau musste auf Grund von Schmerzen im Brustkorbbereich zur weiteren Untersuchung in eine Klinik verbracht werden. <\/p>\n\n\n\n<h4 class=\"wp-block-heading\">(Mannheim) &#8211; Menschenansammlung am &#8222;Plankenkopf&#8220; l\u00f6st Gro\u00dfeinsatz der Polizei aus; drei vorl\u00e4ufige Festnahmen nach B\u00f6llerw\u00fcrfen; zwei Beamte verletzt<\/h4>\n\n\n\n<div class=\"wp-block-image\"><figure class=\"aligncenter\"><img decoding=\"async\" src=\"https:\/\/speyer24news.com\/wp-content\/uploads\/2020\/05\/Polizei.jpg\" alt=\"\" class=\"wp-image-26963\"\/><\/figure><\/div>\n\n\n\n<p>Am fr\u00fchen Samstagabend, gegen 18.30 Uhr, versammelten sich um den sogenannten &#8222;Plankenkopf&#8220; herum, an den Quadraten P7\/O7, in der Spitze rund 250 Personen. <\/p>\n\n\n\n<p>Darunter auch ca. 30-50 Personen im jugendlichen und heranwachsenden Alter, die eng aneinander standen und so gegen das Kontaktverbot und die Abstandsregeln verstie\u00dfen. Als sie nach Eintreffen der ersten Streifenwagenbesatzungen hinsichtlich der Bestimmungen der CoronaVO aufgefordert wurden, auseinander zu gehen, wurden aus der Gruppe heraus erste B\u00f6ller auf die Beamten geworfen. Zwei von ihnen wurden dadurch leicht verletzt. Sie erlitten Knalltraumata, konnten aber ihren Dienst bis zum Ende fortsetzen. Drei Tatverd\u00e4chtige im Alter von 13, 16 und 17 Jahren wurden vorl\u00e4ufig festgenommen. <\/p>\n\n\n\n<p>Nachdem einzelne Kleingruppen sich mittlerweile aus der Ansammlung herausgel\u00f6st hatten und \u00fcber die Planken und die &#8222;Fressgasse&#8220; in Richtung Paradeplatz zogen, wurden weitere Streifenwagenbesatzungen nach und nach in die Mannheimer Innenstadt beordert. <\/p>\n\n\n\n<p>Auf dem Weg dorthin wurden in der &#8222;Fressgasse&#8220;, kurz vor der &#8222;Breiten Stra\u00dfe&#8220; aus einer dieser Gruppierungen heraus mehrere Sch\u00fcsse aus einer Schreckschusspistole abgegeben. Munitionsh\u00fclsen wurden sp\u00e4ter bei einer Absuche vor einem Juweliergesch\u00e4ft in der &#8222;Fressgasse&#8220; aufgefunden und sichergestellt. <\/p>\n\n\n\n<p>Allen an den Ansammlungen beteiligten Personen wurden Platzverweise erteilt, denen sie zum Teil nach einigem Z\u00f6gern schlie\u00dflich befolgten. <\/p>\n\n\n\n<p>Der Polizeieinsatz war nach rund drei Stunden beendet. Gegen 21.30 Uhr hatte sich die Situation in der Innenstadt normalisiert. <\/p>\n\n\n\n<p>Insgesamt waren \u00fcber 30 Streifenwagenbesatzungen im Einsatz. Neben Besatzungen aller Mannheimer Polizeireviere, waren auch Beamte umliegender Reviere, Beamte der Wasserschutzpolizei und der Bereitschaftspolizei sowie st\u00e4dtische Mitarbeiter des Ordnungsdienstes in den Einsatz integriert. <\/p>\n\n\n\n<p>Bereits am Freitagabend hatten sich es an derselben Stelle am &#8222;Plankenkopf&#8220; rund 150 Jugendlichen und Heranwachsenden versammelt, die ebenfalls einen gr\u00f6\u00dferen Polizeieinsatz ausl\u00f6sten. Dabei wurden zwei Polizeibeamte und zwei st\u00e4dtische Mitarbeiter leicht verletzt. Drei Jugendliche wurden vorl\u00e4ufig festgenommen. <\/p>\n\n\n\n<p>Im Zusammenhang mit diesem Polizeieinsatz kursiert in den &#8222;Sozialen Medien&#8220; eine kurze Videosequenz, in dem ein Beamter einen Jugendlichen \u00fcberw\u00e4ltigt und am Boden festh\u00e4lt. Von besonderer Bedeutung ist hierbei, Einsicht in das ungek\u00fcrzte Video zu bekommen, um den genauen Hergang bewerten zu k\u00f6nnen. Personen, die im Besitz dieses ungek\u00fcrzten Videos sind, werden gebeten, sich mit dem Polizeipr\u00e4sidium Mannheim, Tel.: 0621\/174-0 in Verbindung zu setzen oder das Video per mail an <a href=\"mailto:mannheim.pp@polizei.bwl.de\">mannheim.pp@polizei.bwl.de<\/a> zu \u00fcbersenden. <\/p>\n\n\n\n<h4 class=\"wp-block-heading\">(Heidelberg) &#8211; 13.000 Euro Sachschaden bei Auffahrunfall<\/h4>\n\n\n\n<p>Sachschaden von ca. 13.000 Euro entstand bei einem verkehrsunfall am Freitag um 10.30 Uhr an der Kreuzung Speyerer\/Carl-Benz-Stra\u00dfe. Ein 57-j\u00e4hriger Mercedes-Fahrer stand bei Rotlicht vor der Ampel, als ein 29-j\u00e4hriger Fahrer eines Audi auffuhr. Beide Beteiligte blieben unverletzt, die Autos mussten abgeschleppt werden. Zur Reinigung der Fahrbahn von ausgelaufenem \u00d6l musste eine Spezialfirma hinzugezogen werden. W\u00e4hrend der Unfallaufnahme und der Reinigungsarbeiten wurde der Verkehr bis kurz nach 12 Uhr auf den anderen Fahrstreifen vorbeigeleitet. <\/p>\n\n\n\n<h4 class=\"wp-block-heading\">(Heidelberg-Weststadt) &#8211; Graffiti-Sprayer festgenommen \/ Weiterer Tatverd\u00e4chtiger fl\u00fcchtig &#8211; Schaden ca. 2.000 Euro<\/h4>\n\n\n\n<p>Zwei T\u00e4ter haben am Samstagmorgen die Rolll\u00e4den eines Kiosks auf dem Wilhelmsplatz mit Graffitis bespr\u00fcht. Dabei wurden sie von einem Zeugen beobachtet, der daraufhin kurz vor 01.30 Uhr die Polizei verst\u00e4ndigte. Die beiden Tatverd\u00e4chtigen wurden von der Besatzung eines Streifenwagens in der R\u00f6merstra\u00dfe\/Ecke Kaiserstra\u00dfe entdeckt, worauf beide fl\u00fcchteten. Einer lief zur\u00fcck in Richtung Wilhelmsplatz, wo er von einer Fu\u00dfstreife festgenommen werden konnte. Nach seiner erkennungsdienstlichen Behandlung auf der Wache wurde er wieder auf freien Fu\u00df gesetzt. Die mitgef\u00fchrten Spraydosen und Handschuhe wurden sichergestellt. Der zweite Tatverd\u00e4chtige entkam mit einem Fahrrad, nach Beschreibung des Zeugen handelt es sich um einen <\/p>\n\n\n\n<ul><li>Mann, <\/li><li>ca.190 cm gro\u00df, <\/li><li>bekleidet mit einem grauen Pullover, einen dunklen Cap und langer Hose. <\/li><\/ul>\n\n\n\n<p>Sachdienliche Zeugenhinweise nimmt das Polizeirevier Heidelberg-Mitte unter Telefon 06221\/99-1700 entgegen. <\/p>\n\n\n\n<h4 class=\"wp-block-heading\">(Leimen \/ Rhein-Neckar-Kreis) &#8211; Zwei Jugendliche wegen des Verdachts des Fahrraddiebstahls festgenommen<\/h4>\n\n\n\n<p>Am Freitagabend kurz vor 22 Uhr entwendeten Jugendliche am Bahnhof St. Ilgen\/Sandhausen zwei Fahrr\u00e4der. Eine aufmerksame Zeugin hatte beobachtet, wie sich ein Trio an den dort abgestellten Fahrr\u00e4dern zu schaffen machten und die Polizei benachrichtigt. Beim Eintreffen einer Streife fl\u00fcchteten die Jugendlichen \u00fcber die Gleise in Richtung Sandhausen. Dabei lie\u00dfen sie ein zuvor entwendetes Fahrrad zur\u00fcck. Im Verlauf der Fahndung konnten in der Leimbachstra\u00dfe zwei Jugendliche im Alter von 16 und 17 Jahren mit einem Fahrrad angetroffen werden, auf die die Personenbeschreibung passte. Sie hatten ein weiteres rotes Fahrrad dabei, das nach den bisherigen Erkenntnissen zuvor ebenfalls gestohlen wurde. Beide Fahrr\u00e4der wurden sichergestellt, die beiden Tatverd\u00e4chtigen in die Obhut der Eltern gegeben. Die weiteren Ermittlungen f\u00fchrt das Polizeirevier Wiesloch. <\/p>\n\n\n\n<h4 class=\"wp-block-heading\">(Wiesloch \/ Rhein-Neckar-Kreis) &#8211; Geparkten Mazda besch\u00e4digt und von der Unfallstelle gefl\u00fcchtet \/ Polizei sucht Zeugen<\/h4>\n\n\n\n<p>Im Zeitraum von Mittwoch, 21 Uhr und Freitagabend, 20 Uhr (06.-08.05.2020) besch\u00e4digte ein bislang unbekannter Fahrer einen in der Berg-\/Friedrichstra\u00dfe geparkten Mazda. Ohne sich um den entstandenen Schaden in H\u00f6he von ca. 1000 Euro zu k\u00fcmmern, fl\u00fcchtete der Verursacher vom Unfallort. Zeugen, die sachdienliche Hinweise geben k\u00f6nnen, werden gebeten sich unter Telefon 06222\/57090 beim Polizeirevier Wiesloch zu melden.<\/p>\n\n\n\n<h4 class=\"wp-block-heading\">(St. Leon-Rot \/ Rhein-Neckar-Kreis) &#8211; 32-j\u00e4hriger Autofahrer unter Alkohol- und Drogeneinfluss \/ Kein F\u00fchrerschein<\/h4>\n\n\n\n<p>Ein 32-j\u00e4hriger Autofahrer fiel am Samstag gegen 7.30 Uhr auf der L 546 durch seine auff\u00e4llige Fahrweise mehreren Zeugen auf, die daraufhin die Polizei verst\u00e4ndigten. Der Fahrer konnte gestoppt werden, dabei wurde Alkoholgeruch in der Atemluft bemerkt. Ein Atemalkoholtest ergab einen Wert von \u00fcber 1,3 Promille. Bei der Durchsuchung des Fahrers wurde zudem eine geringe Menge Marihuana aufgefunden und sichergestellt. Auf dem Revier griff der 32-J\u00e4hrige einen Polizeibeamten t\u00e4tlich an, er konnte schlie\u00dflich \u00fcberw\u00e4ltigt werden. Ein Arzt entnahm mehrere Blutproben. Wie die weiteren Ermittlungen ergaben, ist der Mann nicht im Besitz einer Fahrerlaubnis. <\/p>\n","protected":false},"excerpt":{"rendered":"<div class=\"mh-excerpt\"><p>Polizeimeldungen vom Samstag (09.05.2020) (Speyer) &#8211; Polizei rettet Shetlandponys Am Samstagmorgen hatten sich im Bereich Rinkenberger Weg zwei Shetlandponys aus einer Koppel befreien k\u00f6nnen und drohten auf die B9 zu laufen. Die Eigent\u00fcmer verst\u00e4ndigten die <a class=\"mh-excerpt-more\" href=\"https:\/\/speyer24news.com\/?p=26959\" title=\"Polizeimeldungen\">[&#8230;]<\/a><\/p>\n<\/div>","protected":false},"author":3,"featured_media":0,"comment_status":"open","ping_status":"open","sticky":false,"template":"","format":"standard","meta":{"_monsterinsights_skip_tracking":false,"_monsterinsights_sitenote_active":false,"_monsterinsights_sitenote_note":"","_monsterinsights_sitenote_category":0,"footnotes":""},"categories":[12],"tags":[3614,61,2555,6263,63,105,53,4854,4683,1548,102,213,55,5261,103,106,2803,2423,427,2625,380,62,104,979,1565],"aioseo_notices":[],"amp_enabled":true,"_links":{"self":[{"href":"https:\/\/speyer24news.com\/index.php?rest_route=\/wp\/v2\/posts\/26959"}],"collection":[{"href":"https:\/\/speyer24news.com\/index.php?rest_route=\/wp\/v2\/posts"}],"about":[{"href":"https:\/\/speyer24news.com\/index.php?rest_route=\/wp\/v2\/types\/post"}],"author":[{"embeddable":true,"href":"https:\/\/speyer24news.com\/index.php?rest_route=\/wp\/v2\/users\/3"}],"replies":[{"embeddable":true,"href":"https:\/\/speyer24news.com\/index.php?rest_route=%2Fwp%2Fv2%2Fcomments&post=26959"}],"version-history":[{"count":2,"href":"https:\/\/speyer24news.com\/index.php?rest_route=\/wp\/v2\/posts\/26959\/revisions"}],"predecessor-version":[{"id":26965,"href":"https:\/\/speyer24news.com\/index.php?rest_route=\/wp\/v2\/posts\/26959\/revisions\/26965"}],"wp:attachment":[{"href":"https:\/\/speyer24news.com\/index.php?rest_route=%2Fwp%2Fv2%2Fmedia&parent=26959"}],"wp:term":[{"taxonomy":"category","embeddable":true,"href":"https:\/\/speyer24news.com\/index.php?rest_route=%2Fwp%2Fv2%2Fcategories&post=26959"},{"taxonomy":"post_tag","embeddable":true,"href":"https:\/\/speyer24news.com\/index.php?rest_route=%2Fwp%2Fv2%2Ftags&post=26959"}],"curies":[{"name":"wp","href":"https:\/\/api.w.org\/{rel}","templated":true}]}}