{"id":26971,"date":"2020-05-10T07:53:17","date_gmt":"2020-05-10T06:53:17","guid":{"rendered":"https:\/\/speyer24news.com\/?p=26971"},"modified":"2020-05-10T07:53:18","modified_gmt":"2020-05-10T06:53:18","slug":"corona-pandemie","status":"publish","type":"post","link":"https:\/\/speyer24news.com\/?p=26971","title":{"rendered":"Corona-Pandemie"},"content":{"rendered":"<style type=\"text\/css\">\r\n\t.ads_top_disp{}\r\n\t.ads_top_corner_disp{ float:left; margin:0px 10px 10px 0px; }\r\n\t.ads_first_p_disp{}\r\n\t.ads_bottom_disp{}\r\n\t<\/style>\n<h2 class=\"wp-block-heading\"><strong>Sechste Corona-Bek\u00e4mpfungsverordnung des Landes Rheinland-Pfalz tritt in Kraft<\/strong><\/h2>\n\n\n\n<div class=\"wp-block-image\"><figure class=\"aligncenter\"><img decoding=\"async\" loading=\"lazy\" width=\"640\" height=\"475\" src=\"https:\/\/speyer24news.com\/wp-content\/uploads\/2020\/03\/RLP-Logo.jpg\" alt=\"\" class=\"wp-image-25896\" srcset=\"https:\/\/speyer24news.com\/wp-content\/uploads\/2020\/03\/RLP-Logo.jpg 640w, https:\/\/speyer24news.com\/wp-content\/uploads\/2020\/03\/RLP-Logo-300x223.jpg 300w, https:\/\/speyer24news.com\/wp-content\/uploads\/2020\/03\/RLP-Logo-80x60.jpg 80w\" sizes=\"(max-width: 640px) 100vw, 640px\" \/><\/figure><\/div>\n\n\n\n<p>Am Freitag, 8. Mai 2020 hat das Land Rheinland-Pfalz die Sechste Corona-Bek\u00e4mpfungsverordnung erlassen, die f\u00fcr ganz Rheinland-Pfalz weitere Lockerungen der Ma\u00dfnahmen zur Eind\u00e4mmung des Coronavirus festlegt.  Diese\u00a0ersetzt die F\u00fcnfte Corona-Bek\u00e4mpfungsverordnung. Sie gilt ab Mittwoch, 13.\u00a0Mai 2020 und tritt mit Ablauf des\u00a024.\u00a0Mai 2020 au\u00dfer Kraft.<\/p>\n\n\n\n<p>\u201eDurch die strengen Einschr\u00e4nkungen der letzten Wochen ist es gelungen, die Infektionskurve auf ein vertr\u00e4gliches Ma\u00df abzuflachen. Geschafft haben wir das nur durch die Mithilfe und das Verst\u00e4ndnis der Bev\u00f6lkerung.  Das erm\u00f6glicht nun weitere Lockerungen. Um die Infektionszahlen weiter niedrig zu halten, ist es aber gerade jetzt umso wichtiger, die Abstands- und Hygienerichtlinien konsequent einzuhalten\u201c, betont Oberb\u00fcrgermeisterin Stefanie Seiler und appelliert damit  an das Verantwortungsbewusstsein jedes und jeder Einzelnen.\u00a0<\/p>\n\n\n\n<div class=\"wp-block-image\"><figure class=\"aligncenter\"><img decoding=\"async\" loading=\"lazy\" width=\"600\" height=\"277\" src=\"https:\/\/speyer24news.com\/wp-content\/uploads\/2020\/03\/Speyer-Logo-Stadt.png\" alt=\"\" class=\"wp-image-25862\" srcset=\"https:\/\/speyer24news.com\/wp-content\/uploads\/2020\/03\/Speyer-Logo-Stadt.png 600w, https:\/\/speyer24news.com\/wp-content\/uploads\/2020\/03\/Speyer-Logo-Stadt-300x139.png 300w\" sizes=\"(max-width: 600px) 100vw, 600px\" \/><\/figure><\/div>\n\n\n\n<h4 class=\"wp-block-heading\">Die f\u00fcr Speyer wichtigsten \u00c4nderungen im \u00dcberblick:<\/h4>\n\n\n\n<p>\nAb <strong>Mittwoch,&nbsp;13. Mai 2020<\/strong><\/p>\n\n\n\n<p>\n&#8211; darf die&nbsp;<strong>Innen- und Au\u00dfengastronomie<\/strong>&nbsp;von 06.00 bis 22.00 Uhr wieder ge\u00f6ffnet werden. Dabei m\u00fcssen stets strenge Abstands- und Hygienevorgaben&nbsp;sowie die Kontaktbeschr\u00e4nkungen&nbsp;eingehalten werden. Beispielsweise\n besteht eine Dokumentationspflicht f\u00fcr G\u00e4stebewegungen sowie eine Pflicht zur Vorreservierung. Die genauen durch das Land Rheinland-Pfalz erlassenen Vorgaben sind dem beigef\u00fcgten Dokument zu entnehmen.<\/p>\n\n\n\n<p>\n&#8211; d\u00fcrfen weitere Dienstleistungsbetriebe im Bereich der K\u00f6rperpflege unter Einhaltung strenger Hygienevorgaben und nach vorheriger Terminvereinbarung \u00f6ffnen, beispielsweise&nbsp;<strong>Kosmetik-, Nagel-, Massage-, Piercing-\n<\/strong>und<strong> Tattoostudios.<\/strong><\/p>\n\n\n\n<p>\n&#8211; d\u00fcrfen&nbsp;<strong>Fahrschulen<\/strong>&nbsp;wieder \u00f6ffnen.<\/p>\n\n\n\n<p>\n&#8211; d\u00fcrfen&nbsp;<strong>\u00f6ffentliche<\/strong>&nbsp;und&nbsp;<strong>private<\/strong>&nbsp;<strong>Bildungseinrichtungen<\/strong>&nbsp;wieder \u00f6ffnen.<\/p>\n\n\n\n<p>\n&#8211; sind wieder&nbsp;<strong>Tagesausflugsschifffahrten<\/strong>&nbsp;m\u00f6glich.<\/p>\n\n\n\n<p>&#8211; d\u00fcrfen&nbsp;<strong>Campingpl\u00e4tze<\/strong>&nbsp;f\u00fcr Dauercamper mit eigenen Sanit\u00e4reinrichtung und&nbsp;<strong>Wohnmobilstellpl\u00e4tze<\/strong>&nbsp;ge\u00f6ffnet werden.<\/p>\n\n\n\n<p>\n&#8211; ebenso \u00f6ffnen d\u00fcrfen <strong>\nMuseen, Ausstellungen<\/strong> und <strong>Galerien<\/strong>.<\/p>\n\n\n\n<p>\n&#8211; darf der Trainingsbetrieb im <strong>\nBreiten<\/strong>&#8211; und <strong>Freizeitsport<\/strong> wieder starten, soweit die Aus\u00fcbung im Freien unter Einhaltung des Mindestabstands erfolgt.<\/p>\n\n\n\n<p>In allen Bereichen sind die geltenden Abstands- und Hygienerichtlinien einzuhalten. Wo vorgeschrieben, sind au\u00dferdem Mund-Nasen-Bedeckungen zu tragen. Auch \u00fcber die in der Verordnung festgelegten\u00a0Situationen  hinaus ist das Tragen einer Mund-Nasen-Bedeckung im \u00f6ffentlichen Raum\u00a0dringend empfohlen. <\/p>\n\n\n\n<p>Au\u00dferdem werden ab Mittwoch, 13. Mai 2020 die geltenden <strong>Kontaktbeschr\u00e4nkungen<\/strong> gelockert. Demnach d\u00fcrfen sich dann Angeh\u00f6rige eines Haustandes mit einem weiteren Hausstand treffen.<\/p>\n\n\n\n<p>In einer Pressemeldung hat das Land Rheinland-Pfalz bereits weitere \u00d6ffnungen f\u00fcr <strong>Montag, 18. Mai 2020<\/strong> angek\u00fcndigt. Laut Ank\u00fcndigung d\u00fcrfen dann <strong>Hotelbetriebe, Ferienwohnungen, Ferienh\u00e4user\u00a0<\/strong>und\u00a0<strong>Jugendherbergen<\/strong>\u00a0wieder f\u00fcr touristische Zwecke \u00f6ffnen. Dar\u00fcber hinaus starten dann  die Berufsbildenden Schulen in Abh\u00e4ngigkeit von den schulischen Abschlusspr\u00fcfungen mit den Unter \u2013 bzw. Mittelstufen.<\/p>\n\n\n\n<p>Am <strong>Montag,\u00a025. Mai 2020 <\/strong>sollen dann die <strong>allgemeinbildenden Schulen<\/strong>\u00a0 mit den dritten Klassen der Grundschulen sowie den f\u00fcnften und sechsten Klassen der Orientierungsstufe starten. Zwei Wochen sp\u00e4ter, am <strong>Montag, 8. Juni 2020<\/strong>, kehren dann alle \u00fcbrigen Klassen an die Schulen zur\u00fcck. Den genauen Plan zu den Schul\u00f6ffnungen entnehmen Sie bitte beigef\u00fcgter Datei. Der Unterricht wird mindestens bis zu den Sommerferien weiter im Wechsel zwischen Pr\u00e4senz-  und Fernunterricht stattfinden.\u00a0<\/p>\n\n\n\n<p>Auch die\u00a0<strong>Kitas<\/strong>\u00a0sollen noch vor den Sommerferien f\u00fcr alle Kinder &#8211; wenn auch nur eingeschr\u00e4nkt, z.B. tage- oder stundenweise &#8211; \u00f6ffnen. Die Kita-Spitzen, das Bildungsministerium und das Landesamt Soziales, Jugend und Versorgung\u00a0sind gerade dabei hierzu  gemeinsame Leitlinien f\u00fcr eine schrittweise \u00d6ffnung zu erarbeiten.\u00a0<\/p>\n\n\n\n<p>Die Stadtverwaltung weist darauf hin, dass f\u00fcr die Umsetzung der ab Montag, 18. Mai angek\u00fcndigten Lockerungen zun\u00e4chst\u00a0der Erlass einer neuen Corona-Bek\u00e4mpfungsverordnung durch das Land Rheinland-Pfalz\u00a0erforderlich ist.<\/p>\n\n\n\n<h4 class=\"wp-block-heading\">Lesen sie hier die sechste Corona-Bek\u00e4mpfungsverordnung des Landes Rheinland-Pfalz als pdf:<\/h4>\n\n\n\n<div class=\"wp-block-file\"><a href=\"https:\/\/speyer24news.com\/wp-content\/uploads\/2020\/05\/6.-CoBeLVO.pdf\">6.-CoBeLVO<\/a><a href=\"https:\/\/speyer24news.com\/wp-content\/uploads\/2020\/05\/6.-CoBeLVO.pdf\" class=\"wp-block-file__button\" download>Herunterladen<\/a><\/div>\n\n\n\n<h4 class=\"wp-block-heading\">Lesen sie hier den Stufenplan zur Aufnahme des Schulunterrichts als pdf:<\/h4>\n\n\n\n<div class=\"wp-block-file\"><a href=\"https:\/\/speyer24news.com\/wp-content\/uploads\/2020\/05\/Stufenplan_Wiederaufnahme_des_Praesenzunterrichts.pdf\">Stufenplan_Wiederaufnahme_des_Praesenzunterrichts<\/a><a href=\"https:\/\/speyer24news.com\/wp-content\/uploads\/2020\/05\/Stufenplan_Wiederaufnahme_des_Praesenzunterrichts.pdf\" class=\"wp-block-file__button\" download>Herunterladen<\/a><\/div>\n\n\n\n<p><em>Stadtverwaltung Speyer<br>10.05.2020<\/em><\/p>\n","protected":false},"excerpt":{"rendered":"<div class=\"mh-excerpt\"><p>Sechste Corona-Bek\u00e4mpfungsverordnung des Landes Rheinland-Pfalz tritt in Kraft Am Freitag, 8. Mai 2020 hat das Land Rheinland-Pfalz die Sechste Corona-Bek\u00e4mpfungsverordnung erlassen, die f\u00fcr ganz Rheinland-Pfalz weitere Lockerungen der Ma\u00dfnahmen zur Eind\u00e4mmung des Coronavirus festlegt. Diese\u00a0ersetzt <a class=\"mh-excerpt-more\" href=\"https:\/\/speyer24news.com\/?p=26971\" title=\"Corona-Pandemie\">[&#8230;]<\/a><\/p>\n<\/div>","protected":false},"author":3,"featured_media":25128,"comment_status":"open","ping_status":"open","sticky":false,"template":"","format":"standard","meta":{"_monsterinsights_skip_tracking":false,"_monsterinsights_sitenote_active":false,"_monsterinsights_sitenote_note":"","_monsterinsights_sitenote_category":0,"footnotes":""},"categories":[9],"tags":[6401,6367,6359,6429,6370,5904,6358,5801,6342,2625,380,6],"aioseo_notices":[],"amp_enabled":true,"_links":{"self":[{"href":"https:\/\/speyer24news.com\/index.php?rest_route=\/wp\/v2\/posts\/26971"}],"collection":[{"href":"https:\/\/speyer24news.com\/index.php?rest_route=\/wp\/v2\/posts"}],"about":[{"href":"https:\/\/speyer24news.com\/index.php?rest_route=\/wp\/v2\/types\/post"}],"author":[{"embeddable":true,"href":"https:\/\/speyer24news.com\/index.php?rest_route=\/wp\/v2\/users\/3"}],"replies":[{"embeddable":true,"href":"https:\/\/speyer24news.com\/index.php?rest_route=%2Fwp%2Fv2%2Fcomments&post=26971"}],"version-history":[{"count":1,"href":"https:\/\/speyer24news.com\/index.php?rest_route=\/wp\/v2\/posts\/26971\/revisions"}],"predecessor-version":[{"id":26974,"href":"https:\/\/speyer24news.com\/index.php?rest_route=\/wp\/v2\/posts\/26971\/revisions\/26974"}],"wp:featuredmedia":[{"embeddable":true,"href":"https:\/\/speyer24news.com\/index.php?rest_route=\/wp\/v2\/media\/25128"}],"wp:attachment":[{"href":"https:\/\/speyer24news.com\/index.php?rest_route=%2Fwp%2Fv2%2Fmedia&parent=26971"}],"wp:term":[{"taxonomy":"category","embeddable":true,"href":"https:\/\/speyer24news.com\/index.php?rest_route=%2Fwp%2Fv2%2Fcategories&post=26971"},{"taxonomy":"post_tag","embeddable":true,"href":"https:\/\/speyer24news.com\/index.php?rest_route=%2Fwp%2Fv2%2Ftags&post=26971"}],"curies":[{"name":"wp","href":"https:\/\/api.w.org\/{rel}","templated":true}]}}