{"id":26975,"date":"2020-05-10T08:00:49","date_gmt":"2020-05-10T07:00:49","guid":{"rendered":"https:\/\/speyer24news.com\/?p=26975"},"modified":"2020-05-10T08:56:08","modified_gmt":"2020-05-10T07:56:08","slug":"geschwindigkeitsmessung-blitzer-25","status":"publish","type":"post","link":"https:\/\/speyer24news.com\/?p=26975","title":{"rendered":"Geschwindigkeitsmessung \/ Blitzer"},"content":{"rendered":"<style type=\"text\/css\">\r\n\t.ads_top_disp{}\r\n\t.ads_top_corner_disp{ float:left; margin:0px 10px 10px 0px; }\r\n\t.ads_first_p_disp{}\r\n\t.ads_bottom_disp{}\r\n\t<\/style>\n<h2 class=\"wp-block-heading\">Geschwindigkeitskontrollen f\u00fcr die Woche vom 11. bis 15. Mai<\/h2>\n\n\n\n<div class=\"wp-block-image\"><figure class=\"aligncenter\"><img decoding=\"async\" loading=\"lazy\" width=\"640\" height=\"497\" src=\"https:\/\/speyer24news.com\/wp-content\/uploads\/2020\/01\/Kontrolle-BaW\u00fc.jpg\" alt=\"\" class=\"wp-image-23874\" srcset=\"https:\/\/speyer24news.com\/wp-content\/uploads\/2020\/01\/Kontrolle-BaW\u00fc.jpg 640w, https:\/\/speyer24news.com\/wp-content\/uploads\/2020\/01\/Kontrolle-BaW\u00fc-300x233.jpg 300w\" sizes=\"(max-width: 640px) 100vw, 640px\" \/><\/figure><\/div>\n\n\n\n<p><strong>(Mannheim) &#8211; <\/strong>Die Stadt Mannheim f\u00fchrt vom 11. bis 15. Mai in folgenden Stra\u00dfen Radarkontrollen durch:<\/p>\n\n\n\n<ul><li> Am Aubuckel<\/li><li> Am Schelmenbuckel<\/li><li> Carolus-Vocke-Ring<\/li><li> Collinistra\u00dfe<\/li><li> Eschenhof<\/li><li> Feldstra\u00dfe<\/li><li> Gl\u00fccksteinallee<\/li><li> Kasseler Stra\u00dfe<\/li><li> Meerwiesenstra\u00dfe<\/li><li> Mudauer Ring<\/li><li> Sandhofer Stra\u00dfe<\/li><li> Schwanenstra\u00dfe<\/li><li> Schwetzinger Stra\u00dfe<\/li><li> Seckenheimer Stra\u00dfe<\/li><li> Speckweg<\/li><li> Spiegelstra\u00dfe<\/li><li> Talstra\u00dfe<\/li><li> Wilhelm-Varnholt-Allee<\/li><\/ul>\n\n\n\n<p>Kurzfristige \u00c4nderungen oder zus\u00e4tzliche Messstellen sind aus aktuellem Anlass m\u00f6glich.<\/p>\n\n\n\n<p><em>Stadt Mannheim<br>10.05.2020<\/em><\/p>\n\n\n\n<h2 class=\"wp-block-heading\">Radarkontrollen f\u00fcr die Woche vom 11. Mai bis 17. Mai 2020<\/h2>\n\n\n\n<div class=\"wp-block-image\"><figure class=\"aligncenter\"><img decoding=\"async\" src=\"https:\/\/speyer24news.com\/wp-content\/uploads\/2020\/01\/Radarkontrolle_1.jpg\" alt=\"\" class=\"wp-image-23873\"\/><\/figure><\/div>\n\n\n\n<p><strong>(Ludwigshafen) &#8211; <\/strong>Die Stadt Ludwigshafen nimmt in folgenden Stadtteilen Radarkontrollen vor.<\/p>\n\n\n\n<ul><li>Montag, 11. Mai: Friesenheim, Nord und S\u00fcd<\/li><li>Dienstag, 12. Mai: Gartenstadt, Rheing\u00f6nheim und Maudach<\/li><li>Mittwoch, 13. Mai: Edigheim, Friesenheim und Pfingstweide<\/li><li>Donnerstag, 14. Mai:  Mitte, Oppau und West<\/li><li>Freitag, 15. Mai: Oggersheim, Ruchheim  und Nord<\/li><\/ul>\n\n\n\n<p>Kurzfristige \u00c4nderungen beh\u00e4lt sich der Bereich Stra\u00dfenverkehr vor. Kontrollen k\u00f6nnen auch kurzfristig an anderen Stellen stattfinden.<\/p>\n\n\n\n<p><em>Stadt Ludwigshafen am Rhein<br>10.05.2020<\/em><\/p>\n","protected":false},"excerpt":{"rendered":"<div class=\"mh-excerpt\"><p>Geschwindigkeitskontrollen f\u00fcr die Woche vom 11. bis 15. Mai (Mannheim) &#8211; Die Stadt Mannheim f\u00fchrt vom 11. bis 15. Mai in folgenden Stra\u00dfen Radarkontrollen durch: Am Aubuckel Am Schelmenbuckel Carolus-Vocke-Ring Collinistra\u00dfe Eschenhof Feldstra\u00dfe Gl\u00fccksteinallee Kasseler <a class=\"mh-excerpt-more\" href=\"https:\/\/speyer24news.com\/?p=26975\" title=\"Geschwindigkeitsmessung \/ Blitzer\">[&#8230;]<\/a><\/p>\n<\/div>","protected":false},"author":3,"featured_media":0,"comment_status":"open","ping_status":"open","sticky":false,"template":"","format":"standard","meta":{"_monsterinsights_skip_tracking":false,"_monsterinsights_sitenote_active":false,"_monsterinsights_sitenote_note":"","_monsterinsights_sitenote_category":0,"footnotes":""},"categories":[64],"tags":[18,4819,4814,19,4822,4817,4228,947,4820,4815,4821,4816,56,17,949,4818,4813,1310,948],"aioseo_notices":[],"amp_enabled":true,"_links":{"self":[{"href":"https:\/\/speyer24news.com\/index.php?rest_route=\/wp\/v2\/posts\/26975"}],"collection":[{"href":"https:\/\/speyer24news.com\/index.php?rest_route=\/wp\/v2\/posts"}],"about":[{"href":"https:\/\/speyer24news.com\/index.php?rest_route=\/wp\/v2\/types\/post"}],"author":[{"embeddable":true,"href":"https:\/\/speyer24news.com\/index.php?rest_route=\/wp\/v2\/users\/3"}],"replies":[{"embeddable":true,"href":"https:\/\/speyer24news.com\/index.php?rest_route=%2Fwp%2Fv2%2Fcomments&post=26975"}],"version-history":[{"count":2,"href":"https:\/\/speyer24news.com\/index.php?rest_route=\/wp\/v2\/posts\/26975\/revisions"}],"predecessor-version":[{"id":26992,"href":"https:\/\/speyer24news.com\/index.php?rest_route=\/wp\/v2\/posts\/26975\/revisions\/26992"}],"wp:attachment":[{"href":"https:\/\/speyer24news.com\/index.php?rest_route=%2Fwp%2Fv2%2Fmedia&parent=26975"}],"wp:term":[{"taxonomy":"category","embeddable":true,"href":"https:\/\/speyer24news.com\/index.php?rest_route=%2Fwp%2Fv2%2Fcategories&post=26975"},{"taxonomy":"post_tag","embeddable":true,"href":"https:\/\/speyer24news.com\/index.php?rest_route=%2Fwp%2Fv2%2Ftags&post=26975"}],"curies":[{"name":"wp","href":"https:\/\/api.w.org\/{rel}","templated":true}]}}