{"id":27002,"date":"2020-05-11T07:45:12","date_gmt":"2020-05-11T06:45:12","guid":{"rendered":"https:\/\/speyer24news.com\/?p=27002"},"modified":"2020-05-11T07:45:13","modified_gmt":"2020-05-11T06:45:13","slug":"rhein-pfalz-kreis-40","status":"publish","type":"post","link":"https:\/\/speyer24news.com\/?p=27002","title":{"rendered":"Rhein-Pfalz-Kreis"},"content":{"rendered":"<style type=\"text\/css\">\r\n\t.ads_top_disp{}\r\n\t.ads_top_corner_disp{ float:left; margin:0px 10px 10px 0px; }\r\n\t.ads_first_p_disp{}\r\n\t.ads_bottom_disp{}\r\n\t<\/style>\n<h2 class=\"wp-block-heading\"><strong>Erweiterte\n\u00d6ffnungszeiten der Kreisverwaltung Rhein-Pfalz-Kreis &nbsp;<\/strong><\/h2>\n\n\n\n<p>Die\nKreisverwaltung Rhein-Pfalz-Kreis \u00f6ffnet die Dienstgeb\u00e4ude ab Montag, 11. Mai\n2020, schrittweise wieder st\u00e4rker f\u00fcr den Publikumsverkehr zu den \u00fcblichen\n\u00d6ffnungszeiten. <\/p>\n\n\n\n<p>Zur\nSicherheit der Mitarbeiterinnen und Mitarbeiter sowie f\u00fcr Besucherinnen und\nBesucher ist jedoch weiterhin eine telefonische oder elektronische Terminvereinbarung\nerforderlich. Dies dient auch zur besseren Steuerung des Besucheraufkommens.\nEine pers\u00f6nliche Vorsprache zu einem Anliegen ist nur mit Terminvereinbarung\nm\u00f6glich.<\/p>\n\n\n\n<p>Dar\u00fcber\nhinaus weist die Kreisverwaltung darauf hin, dass die Dienstgeb\u00e4ude nur noch\nmit einem Mund-Nasen-Schutz oder einer sog. Alltagsmaske betreten werden\nd\u00fcrfen. Gem\u00e4\u00df der Ausnahmeregelung des Landes Rheinland-Pfalz m\u00fcssen Kinder\nunter sechs Jahren und Personen, denen eine Verwendung einer Maske wegen einer\nBehinderung oder aus gesundheitlichen Gr\u00fcnden nicht m\u00f6glich oder unzumutbar\nist, keine Maske tragen. Au\u00dferdem ist der gebotene Sicherheitsabstand von 1,5\nMetern zu anderen Personen zu wahren.<\/p>\n\n\n\n<p>Weiterhin\nsoll in die Dienstgeb\u00e4ude nur einzeln und nach Aufforderung Einlass am\nHaupteingang gew\u00e4hrt werden. Innerhalb des Kreishauses werden die angemeldeten\nBesucher in einem Wegesystem gef\u00fchrt, die Ausg\u00e4nge sind entsprechend\nausgeschildert. Es wird darum gebeten, die vereinbarten Termine p\u00fcnktlich\nwahrzunehmen, um Wartezeiten und l\u00e4ngere Aufenthalte im Dienstgeb\u00e4ude zu\nvermeiden. Selbstverst\u00e4ndlich gelten nach wie vor die allgemein g\u00fcltigen\nHygienebestimmungen wie Desinfizieren der H\u00e4nde und Einhalten der Hust- und\nNies-Etikette. B\u00fcrgerinnen und B\u00fcrger mit Krankheits- oder Erk\u00e4ltungssymptomen\nsollen generell die Dienstgeb\u00e4ude nicht betreten.<\/p>\n\n\n\n<p>\u201eWir\narbeiten vorsichtig an einer schrittweisen \u00d6ffnung aller Bereiche innerhalb der\nDienstgeb\u00e4ude der Kreisverwaltung. Die in den letzten Wochen geforderten\nTerminvereinbarungen haben sehr gut funktioniert, so dass wir zur Sicherheit\naller Beteiligten weiterhin daran festhalten werden. Bitte haben Sie\nVerst\u00e4ndnis f\u00fcr die Vorgaben, die dem Schutz von uns allen dienen\u201c, so Landrat\nClemens K\u00f6rner.<\/p>\n\n\n\n<p>Im\nAllgemeinen gelten folgende \u00d6ffnungsvoraussetzungen f\u00fcr die Dienstgeb\u00e4ude der\nKreisverwaltung Rhein-Pfalz-Kreis: <\/p>\n\n\n\n<p>Das\nKreishaus am Europaplatz und das Dienstgeb\u00e4ude in der D\u00f6rrhorststra\u00dfe sind nur\nnach Terminvergabe innerhalb der \u00fcblichen \u00d6ffnungszeiten ge\u00f6ffnet. Termine\nk\u00f6nnen bei der bekannten Sachbearbeiterin bzw. dem bekannten Sachbearbeiter\nvereinbart werden. Kontaktdaten zu den jeweiligen Bereichen und Personen sind\nauch auf <a href=\"http:\/\/www.rhein-pfalz-kreis.de\">www.rhein-pfalz-kreis.de<\/a> zu\nfinden. Unter 0621\/5909-0 kann man sich au\u00dferdem zu den zust\u00e4ndigen\nMitarbeiterinnen und Mitarbeitern verbinden lassen.<\/p>\n\n\n\n<p>Online-Terminvergabe\nbzw. Erreichbarkeit der folgenden Bereiche:<\/p>\n\n\n\n<ul><li><strong>Kfz-Zulassungsstelle\/F\u00fchrerscheinstelle<\/strong> im\nKreishaus: <\/li><\/ul>\n\n\n\n<ul><li>Zulassungsstelle:\n&nbsp;&nbsp;&nbsp;&nbsp;&nbsp;&nbsp;&nbsp;&nbsp;&nbsp;&nbsp;&nbsp; E-Mail-Adresse <a href=\"mailto:kfz-zulassung@kv-rpk.de\">kfz-zulassung@kv-rpk.de<\/a> oder<\/li><\/ul>\n\n\n\n<p>Telefonnummern\n0621\/5909-5900 und 0621\/5909-5780<\/p>\n\n\n\n<ul><li>F\u00fchrerscheinstelle:&nbsp;&nbsp;&nbsp;&nbsp;&nbsp;&nbsp;&nbsp;&nbsp;&nbsp;&nbsp; E-Mail-Adresse <a href=\"mailto:fuehrerscheinstelle@kv-rpk.de\">fuehrerscheinstelle@kv-rpk.de<\/a> oder<\/li><\/ul>\n\n\n\n<p>Telefonnummern 0621\/5909-5280,\n0621\/5909-5760 und 0621\/5909-5450<\/p>\n\n\n\n<p>Die Au\u00dfenstellen der\nKfz-Zulassungsstelle in Dudenhofen und He\u00dfheim sind bis auf weiteres noch\ngeschlossen.<\/p>\n\n\n\n<ul><li><strong>Ausl\u00e4nderbeh\u00f6rde:<\/strong> &nbsp;&nbsp;&nbsp;&nbsp;&nbsp;&nbsp;&nbsp;&nbsp;&nbsp;&nbsp;&nbsp;&nbsp; E-Mail-Adresse\n<a href=\"mailto:auslaenderbehoerde@kv-rpk.de\">auslaenderbehoerde@kv-rpk.de<\/a> oder<\/li><\/ul>\n\n\n\n<p>Telefonnummer\n0621\/5909-5090. <\/p>\n\n\n\n<ul><li><strong>Gesundheits-\nund Veterin\u00e4ramt: <\/strong><\/li><\/ul>\n\n\n\n<ul><li>Gesundheitsamt:&nbsp;&nbsp;&nbsp;&nbsp;&nbsp;&nbsp;&nbsp;&nbsp;&nbsp;&nbsp;&nbsp;&nbsp;&nbsp; Telefonnummern 0621\/5909-7330 und\n0621\/5909-7340.<\/li><li>Veterin\u00e4ramt:\n&nbsp;&nbsp;&nbsp;&nbsp;&nbsp;&nbsp;&nbsp;&nbsp;&nbsp;&nbsp;&nbsp;&nbsp;&nbsp;&nbsp;&nbsp;&nbsp;&nbsp; Telefonnummer\n0621\/5909-7640.<\/li><\/ul>\n\n\n\n<p>Ausk\u00fcnfte\nund n\u00e4here Informationen zum Thema Coronavirus erhalten B\u00fcrgerinnen und B\u00fcrger\nweiterhin beim Team der Hotline des Gesundheitsamtes unter der Telefonnummer\n0621\/5909-5800. Die Hotline ist von Montag bis Donnerstag von 9 bis 12 Uhr und\n13 bis 16 Uhr sowie Freitag von 9 bis 12 Uhr erreichbar.<\/p>\n\n\n\n<p>N\u00e4here\nInformationen sind auch auf der Homepage des Rhein-Pfalz-Kreises unter <a href=\"http:\/\/www.rhein-pfalz-kreis.de\">www.rhein-pfalz-kreis.de<\/a> zu\nfinden. <\/p>\n\n\n\n<p><em>Kreisverwaltung Rhein-Pfalz-Kreis<br>11.05.2020<\/em><\/p>\n\n\n\n<h2 class=\"wp-block-heading\"><strong>Wechsel des Kreisfeuerwehrinspekteurs<\/strong><\/h2>\n\n\n\n<h3 class=\"wp-block-heading\"><strong>Verabschiedung Patrick Janz und Ernennung Rainer Sch\u00e4dlich<\/strong><\/h3>\n\n\n\n<div class=\"wp-block-image\"><figure class=\"aligncenter\"><img decoding=\"async\" loading=\"lazy\" width=\"800\" height=\"534\" src=\"https:\/\/speyer24news.com\/wp-content\/uploads\/2020\/05\/Verabschiedung-Janz-und-Ernennung-Sch\u00e4dlich-mit-LR.jpg\" alt=\"\" class=\"wp-image-27005\" srcset=\"https:\/\/speyer24news.com\/wp-content\/uploads\/2020\/05\/Verabschiedung-Janz-und-Ernennung-Sch\u00e4dlich-mit-LR.jpg 800w, https:\/\/speyer24news.com\/wp-content\/uploads\/2020\/05\/Verabschiedung-Janz-und-Ernennung-Sch\u00e4dlich-mit-LR-300x200.jpg 300w, https:\/\/speyer24news.com\/wp-content\/uploads\/2020\/05\/Verabschiedung-Janz-und-Ernennung-Sch\u00e4dlich-mit-LR-768x513.jpg 768w\" sizes=\"(max-width: 800px) 100vw, 800px\" \/><\/figure><\/div>\n\n\n\n<p>Urspr\u00fcnglich war geplant, den Wechsel des Kreisfeuerwehrinspekteurs bei einer Feierstunde anl\u00e4sslich des diesj\u00e4hrigen Kreisfeuerwehrtages in B\u00f6hl-Iggelheim w\u00fcrdig zu vollziehen. Leider hat die Corona-Krise auch dieses Vorgehen durcheinander gewirbelt nachdem der Kreisfeuerwehrtag aufgrund der Veranstaltungsverbote abgesagt werden musste.<\/p>\n\n\n\n<p>Stattdessen wurde der bisherige Kreisfeuerwehrinspekteur Patrick Janz von Landrat Clemens K\u00f6rner ins Kreishaus eingeladen, um ihn am 30. April 2020 aus seinem Dienst verabschieden zu k\u00f6nnen. <\/p>\n\n\n\n<div class=\"wp-block-image\"><figure class=\"aligncenter\"><img decoding=\"async\" loading=\"lazy\" width=\"800\" height=\"589\" src=\"https:\/\/speyer24news.com\/wp-content\/uploads\/2020\/05\/Verabschiedung-Janz.jpg\" alt=\"\" class=\"wp-image-27006\" srcset=\"https:\/\/speyer24news.com\/wp-content\/uploads\/2020\/05\/Verabschiedung-Janz.jpg 800w, https:\/\/speyer24news.com\/wp-content\/uploads\/2020\/05\/Verabschiedung-Janz-300x221.jpg 300w, https:\/\/speyer24news.com\/wp-content\/uploads\/2020\/05\/Verabschiedung-Janz-768x565.jpg 768w, https:\/\/speyer24news.com\/wp-content\/uploads\/2020\/05\/Verabschiedung-Janz-80x60.jpg 80w\" sizes=\"(max-width: 800px) 100vw, 800px\" \/><\/figure><\/div>\n\n\n\n<p>Janz\nwurde im Oktober 2015 von den Wehrleitern zum Kreisfeuerwehrinspekteur des\nRhein-Pfalz-Kreises gew\u00e4hlt. Er engagierte sich insbesondere im\nKatastrophenschutz. Als Gro\u00dfereignisse fielen in seine Amtszeit der\nChemie-Unfall bei der Firma S\u00fcd-M\u00fcll in He\u00dfheim und der Salzs\u00e4ureunfall in\nSchifferstadt.<\/p>\n\n\n\n<p>Nach\n5-j\u00e4hriger Amtszeit gab Patrick Janz sein Ehrenamt als Kreisfeuerwehrinspekteur\naus pers\u00f6nlichen Gr\u00fcnden zum 30. April 2020 an seinen Nachfolger Rainer\nSch\u00e4dlich ab. Janz bleibt dem Rhein-Pfalz-Kreis allerdings weiterhin als\nFeuerwehrangeh\u00f6riger der freiwilligen Feuerwehr Bobenheim-Roxheim erhalten.<\/p>\n\n\n\n<p>Landrat\nK\u00f6rner dankte Patrick Janz f\u00fcr die Bereitschaft der Aus\u00fcbung des Ehrenamtes als\nKreisfeuerwehrinspekteurs f\u00fcr den Rhein-Pfalz-Kreis. Er hob hervor, dass Janz in\njeder Situation ein besonnener Feuerwehrmann war, auch bei allen\nHerausforderungen immer strategisch vorging und zur Weiterentwicklung des Amtes\ndes Kreisfeuerwehrinspekteurs beigetragen hat. Er w\u00fcnschte Janz alles Gute f\u00fcr\ndie Zukunft und freute sich, dass man weiterhin durch die gemeindliche\nFeuerwehrarbeit in Kontakt bleiben wird.<\/p>\n\n\n\n<p>Nach der Entpflichtung von Patrick Janz wurde sein bisheriger Stellvertreter Rainer Sch\u00e4dlich zum neuen Kreisfeuerwehrinspekteur des Rhein-Pfalz-Kreises ernannt.<\/p>\n\n\n\n<div class=\"wp-block-image\"><figure class=\"aligncenter\"><img decoding=\"async\" loading=\"lazy\" width=\"800\" height=\"471\" src=\"https:\/\/speyer24news.com\/wp-content\/uploads\/2020\/05\/Ernennung-Sch\u00e4dlich-\u00dcberreichung-Urkunde.jpg\" alt=\"\" class=\"wp-image-27007\" srcset=\"https:\/\/speyer24news.com\/wp-content\/uploads\/2020\/05\/Ernennung-Sch\u00e4dlich-\u00dcberreichung-Urkunde.jpg 800w, https:\/\/speyer24news.com\/wp-content\/uploads\/2020\/05\/Ernennung-Sch\u00e4dlich-\u00dcberreichung-Urkunde-300x177.jpg 300w, https:\/\/speyer24news.com\/wp-content\/uploads\/2020\/05\/Ernennung-Sch\u00e4dlich-\u00dcberreichung-Urkunde-768x452.jpg 768w\" sizes=\"(max-width: 800px) 100vw, 800px\" \/><\/figure><\/div>\n\n\n\n<p>Sch\u00e4dlich\nwurde bereits am 13. Februar 2020 von den zehn Wehrleitern des\nRhein-Pfalz-Kreises zum Nachfolger gew\u00e4hlt. Er ist seit Juli 2003 Wehrleiter\nder Freiwilligen Feuerwehr der Verbandsgemeinde Maxdorf und wurde zum 01.\nFebruar 2013 zum stellvertretenden Kreisfeuerwehrinspekteur des\nRhein-Pfalz-Kreises ernannt.<\/p>\n\n\n\n<p>Die\nAmts\u00fcbergabe fand zum 01. Mai 2020 statt. Aufgrund der momentanen Situation\ndurch das Coronavirus erfolgte die Ernennung von Rainer Sch\u00e4dlich zum\nEhrenbeamten des Rhein-Pfalz-Kreises im geb\u00fchrenden Abstand voneinander und\nohne Handschlag. Die Amtszeit des Kreisfeuerwehrinspekteurs betr\u00e4gt zehn Jahre.\nRainer Sch\u00e4dlich, der in sieben Jahren Stellvertretung viel Erfahrung sammeln\nkonnte, sieht seine Hauptaufgabe im Katastrophenschutz. Sch\u00e4dlich plant und\nkoordiniert wie bisher als stellvertretender Kreisfeuerwehrinspekteur die Aus-\nund Weiterbildung der Einsatzkr\u00e4fte des Rhein-Pfalz-Kreises.<\/p>\n\n\n\n<p>Ein Kreisfeuerwehrinspekteur ist vor allem der fachliche Berater des Landrates, insbesondere bei der \u00dcbernahme der Einsatzleitung bei Gefahren gr\u00f6\u00dferen Umfangs. Dar\u00fcber hinaus ist er ein Vermittler zwischen den freiwilligen Feuerwehreinheiten des Landkreises und der Kreisverwaltung. Zu seinen Aufgaben geh\u00f6ren aber auch Defizite der \u00fcber\u00f6rtlichen Gefahrenabwehr aufzudecken und zu helfen, diese abzubauen sowie die Einsatzbereitschaft der Einheiten des Katastrophenschutzes sicherzustellen. Als fachlicher Ansprechpartner erm\u00f6glicht er durch die Zusammenarbeit mit der Integrierten Leitstelle Ludwigshafen und anderen Organisationen wie z.B. THW, Bundeswehr, DLRG, Hilfsorganisationen (Deutsches Rotes Kreuz, Malteser Hilfsdienst, Arbeiter Samariter Bund und Johanniter Unfallhilfe) eine Unterst\u00fctzung bei der Gefahrenabwehr.<\/p>\n\n\n\n<p><em>Kreisverwaltung Rhein-Pfalz-Kreis<br>11.05.2020<\/em><\/p>\n\n\n\n<h2 class=\"wp-block-heading\"><strong>WANN, WENN NICHT JETZT!<\/strong><\/h2>\n\n\n\n<h3 class=\"wp-block-heading\"><strong>20 bundesweit t\u00e4tige Organisationen und Verb\u00e4nde stellen Forderungen an Bundesregierung und Arbeitgeber<\/strong><\/h3>\n\n\n\n<div class=\"wp-block-image\"><figure class=\"aligncenter\"><img decoding=\"async\" loading=\"lazy\" width=\"800\" height=\"494\" src=\"https:\/\/speyer24news.com\/wp-content\/uploads\/2020\/05\/Mir.Fehlt_.Was_.png\" alt=\"\" class=\"wp-image-27004\" srcset=\"https:\/\/speyer24news.com\/wp-content\/uploads\/2020\/05\/Mir.Fehlt_.Was_.png 800w, https:\/\/speyer24news.com\/wp-content\/uploads\/2020\/05\/Mir.Fehlt_.Was_-300x185.png 300w, https:\/\/speyer24news.com\/wp-content\/uploads\/2020\/05\/Mir.Fehlt_.Was_-768x474.png 768w\" sizes=\"(max-width: 800px) 100vw, 800px\" \/><\/figure><\/div>\n\n\n\n<p>Corona\nhat das Leben in Deutschland und der ganzen Welt grundlegend ver\u00e4ndert. Frauen\nsind von den wirtschaftlichen und sozialen Kosten wesentlich st\u00e4rker betroffen.<\/p>\n\n\n\n<p>Die\nPandemie vergr\u00f6\u00dfert alle gleichstellungs- und frauenpolitische Probleme und\nSchieflagen. Angesichts der existentiellen Krise wird deutlich, wie\nlebensbedrohlich sich die \u00fcber Jahre privatisierte und eingesparte \u00f6ffentliche\nsoziale Infrastruktur und die falschen Arbeitsbewertungen auf den Lebensalltag\nvon Frauen auswirken.<\/p>\n\n\n\n<p>Den\nForderungen der Bundesarbeitsgemeinschaft kommunaler Frauen- und\nGleichstellungsbeauftragten und 19 weiteren Organisationen schlie\u00dfen sich die\nGleichstellungsbeauftragten des Rhein-Pfalz-Kreises vollinhaltlich an: &nbsp;<strong>WANN,\nWENN NICHT JETZT! <\/strong>werden unsere frauen- und gleichstellungspolitischen\nForderungen anerkannt und umgesetzt? Wir erwarten von Politik, Arbeitgeber*innen\nund allen Verantwortungstr\u00e4ger*innen ein ebenso mutiges, sachbezogenes und\nschnelles Handeln wie jetzt in der Zeit von Corona!<\/p>\n\n\n\n<h4 class=\"wp-block-heading\">Die Forderungen sind unter anderem:<\/h4>\n\n\n\n<ul><li>Finanzielle\nAufwertung und Verbesserung der Arbeitsbedingungen in der Pflege, im Gesundheitswesen,\nder Erziehung und im Einzelhandel,<\/li><li>Abschaffung\nder Sonderregelungen f\u00fcr Minijobs,<\/li><li>Rahmenbedingungen\nund Arbeitszeiten, die es Eltern erm\u00f6glichen, sich die Care-Arbeit gerecht zu\nteilen,<\/li><li>eine\nbedarfsgerechte und fl\u00e4chendeckende Versorgung mit Beratungsstellen und\nGewaltschutzeinrichtungen.<\/li><\/ul>\n\n\n\n<h4 class=\"wp-block-heading\">Lesen sie hier den Aufruf als pdf:<\/h4>\n\n\n\n<div class=\"wp-block-file\"><a href=\"https:\/\/speyer24news.com\/wp-content\/uploads\/2020\/05\/Aufruf_Wann-wenn-nicht-jetzt_28.04.20.pdf\">Aufruf_Wann-wenn-nicht-jetzt_28.04.20<\/a><a href=\"https:\/\/speyer24news.com\/wp-content\/uploads\/2020\/05\/Aufruf_Wann-wenn-nicht-jetzt_28.04.20.pdf\" class=\"wp-block-file__button\" download>Herunterladen<\/a><\/div>\n\n\n\n<p><em>Kreisverwaltung Rhein-Pfalz-Kreis<br>11.05.2020<\/em><\/p>\n","protected":false},"excerpt":{"rendered":"<div class=\"mh-excerpt\"><p>Erweiterte \u00d6ffnungszeiten der Kreisverwaltung Rhein-Pfalz-Kreis &nbsp; Die Kreisverwaltung Rhein-Pfalz-Kreis \u00f6ffnet die Dienstgeb\u00e4ude ab Montag, 11. Mai 2020, schrittweise wieder st\u00e4rker f\u00fcr den Publikumsverkehr zu den \u00fcblichen \u00d6ffnungszeiten. Zur Sicherheit der Mitarbeiterinnen und Mitarbeiter sowie f\u00fcr <a class=\"mh-excerpt-more\" href=\"https:\/\/speyer24news.com\/?p=27002\" title=\"Rhein-Pfalz-Kreis\">[&#8230;]<\/a><\/p>\n<\/div>","protected":false},"author":3,"featured_media":0,"comment_status":"open","ping_status":"open","sticky":false,"template":"","format":"standard","meta":{"_monsterinsights_skip_tracking":false,"_monsterinsights_sitenote_active":false,"_monsterinsights_sitenote_note":"","_monsterinsights_sitenote_category":0,"footnotes":""},"categories":[1564],"tags":[6909,6911,6910,4940,427,979,1565],"aioseo_notices":[],"amp_enabled":true,"_links":{"self":[{"href":"https:\/\/speyer24news.com\/index.php?rest_route=\/wp\/v2\/posts\/27002"}],"collection":[{"href":"https:\/\/speyer24news.com\/index.php?rest_route=\/wp\/v2\/posts"}],"about":[{"href":"https:\/\/speyer24news.com\/index.php?rest_route=\/wp\/v2\/types\/post"}],"author":[{"embeddable":true,"href":"https:\/\/speyer24news.com\/index.php?rest_route=\/wp\/v2\/users\/3"}],"replies":[{"embeddable":true,"href":"https:\/\/speyer24news.com\/index.php?rest_route=%2Fwp%2Fv2%2Fcomments&post=27002"}],"version-history":[{"count":1,"href":"https:\/\/speyer24news.com\/index.php?rest_route=\/wp\/v2\/posts\/27002\/revisions"}],"predecessor-version":[{"id":27008,"href":"https:\/\/speyer24news.com\/index.php?rest_route=\/wp\/v2\/posts\/27002\/revisions\/27008"}],"wp:attachment":[{"href":"https:\/\/speyer24news.com\/index.php?rest_route=%2Fwp%2Fv2%2Fmedia&parent=27002"}],"wp:term":[{"taxonomy":"category","embeddable":true,"href":"https:\/\/speyer24news.com\/index.php?rest_route=%2Fwp%2Fv2%2Fcategories&post=27002"},{"taxonomy":"post_tag","embeddable":true,"href":"https:\/\/speyer24news.com\/index.php?rest_route=%2Fwp%2Fv2%2Ftags&post=27002"}],"curies":[{"name":"wp","href":"https:\/\/api.w.org\/{rel}","templated":true}]}}