{"id":27009,"date":"2020-05-11T08:23:57","date_gmt":"2020-05-11T07:23:57","guid":{"rendered":"https:\/\/speyer24news.com\/?p=27009"},"modified":"2020-05-11T08:23:59","modified_gmt":"2020-05-11T07:23:59","slug":"landau-und-kreis-landau","status":"publish","type":"post","link":"https:\/\/speyer24news.com\/?p=27009","title":{"rendered":"Landau und Kreis Landau"},"content":{"rendered":"<style type=\"text\/css\">\r\n\t.ads_top_disp{}\r\n\t.ads_top_corner_disp{ float:left; margin:0px 10px 10px 0px; }\r\n\t.ads_first_p_disp{}\r\n\t.ads_bottom_disp{}\r\n\t<\/style>\n<h1 class=\"wp-block-heading\" style=\"text-align:center\"><strong>Coronavirus: Fallzahlen im Landkreis S\u00fcdliche Weinstra\u00dfe und der Stadt Landau<\/strong><\/h1>\n\n\n\n<div class=\"wp-block-image\"><figure class=\"aligncenter\"><img decoding=\"async\" loading=\"lazy\" width=\"800\" height=\"400\" src=\"https:\/\/speyer24news.com\/wp-content\/uploads\/2020\/02\/virus-1812092_1920.jpg\" alt=\"\" class=\"wp-image-25128\" srcset=\"https:\/\/speyer24news.com\/wp-content\/uploads\/2020\/02\/virus-1812092_1920.jpg 800w, https:\/\/speyer24news.com\/wp-content\/uploads\/2020\/02\/virus-1812092_1920-300x150.jpg 300w, https:\/\/speyer24news.com\/wp-content\/uploads\/2020\/02\/virus-1812092_1920-768x384.jpg 768w\" sizes=\"(max-width: 800px) 100vw, 800px\" \/><\/figure><\/div>\n\n\n\n<h3 class=\"wp-block-heading\">Stand Freitag, 08.05.2020, 12 Uhr<\/h3>\n\n\n\n<p>Nach aktuellem Stand (8. Mai 2020, 12 Uhr) hat\nsich seit gestern <strong>kein<\/strong> weiterer Fall\ndes Coronavirus (COVID-19) im Landkreis S\u00fcdliche Weinstra\u00dfe und der Stadt\nLandau best\u00e4tigt. Insgesamt wurden <strong>221<\/strong>\nF\u00e4lle im Zust\u00e4ndigkeitsbereich des Gesundheitsamts Landau\/S\u00fcdliche Weinstra\u00dfe an\ndas Landesuntersuchungsamt \u00fcbermittelt. <strong>204<\/strong>\nPersonen sind gesundet*. <strong>4<\/strong> Personen\nsind verstorben. <\/p>\n\n\n\n<p><strong>Verbandsgemeinde\nAnnweiler<\/strong>: 12 Personen (10\ndavon gesundet)<\/p>\n\n\n\n<p><strong>Verbandsgemeinde\nBad Bergzabern<\/strong>: 11\nPersonen (11 davon gesundet)<\/p>\n\n\n\n<p><strong>Verbandsgemeinde\nEdenkoben<\/strong>: 40 Personen (39\ndavon gesundet)<\/p>\n\n\n\n<p><strong>Verbandsgemeinde\nHerxheim<\/strong>: 27 Personen (26\ndavon gesundet, 1 verstorben)<\/p>\n\n\n\n<p><strong>Verbandsgemeinde\nLandau-Land<\/strong>: 22\nPersonen (17 davon gesundet, 2 verstorben)<\/p>\n\n\n\n<p><strong>Verbandsgemeinde\nMaikammer<\/strong>: 14 Personen (11\ndavon gesundet)<\/p>\n\n\n\n<p><strong>Verbandsgemeinde\nOffenbach<\/strong>: 22 Personen (22\ndavon gesundet)<\/p>\n\n\n\n<p><strong>Stadt\nLandau<\/strong>: 73 Personen (68 davon\ngesundet, 1 verstorben).\n\nAlle ermittelbaren Kontaktpersonen\nwerden \u00fcber die Infektion informiert.\n\n\n\n<\/p>\n\n\n\n<h3 class=\"wp-block-heading\">Stand Donnerstag, 07.05.2020, 14 Uhr<\/h3>\n\n\n\n<p>Nach aktuellem Stand (7. Mai 2020, 14 Uhr) hat\nsich seit gestern <strong>kein<\/strong> weiterer Fall\ndes Coronavirus (COVID-19) im Landkreis S\u00fcdliche Weinstra\u00dfe und der Stadt\nLandau best\u00e4tigt. Insgesamt wurden <strong>221<\/strong>\nF\u00e4lle im Zust\u00e4ndigkeitsbereich des Gesundheitsamts Landau\/S\u00fcdliche Weinstra\u00dfe an\ndas Landesuntersuchungsamt \u00fcbermittelt. <strong>202<\/strong>\nPersonen sind gesundet*. <strong>4<\/strong> Personen\nsind verstorben. Leider muss in der Stadt Landau ein <strong>erster Todesfall<\/strong> verzeichnet werden. Es handelt sich dabei um eine weibliche\nPerson mit Vorerkrankungen, die mit Covid-19 verstorben ist.<\/p>\n\n\n\n<p><strong>Verbandsgemeinde\nAnnweiler<\/strong>: 12 Personen (9\ndavon gesundet)<\/p>\n\n\n\n<p><strong>Verbandsgemeinde\nBad Bergzabern<\/strong>: 11\nPersonen (11 davon gesundet)<\/p>\n\n\n\n<p><strong>Verbandsgemeinde\nEdenkoben<\/strong>: 40 Personen (39\ndavon gesundet)<\/p>\n\n\n\n<p><strong>Verbandsgemeinde\nHerxheim<\/strong>: 27 Personen (26\ndavon gesundet, 1 verstorben)<\/p>\n\n\n\n<p><strong>Verbandsgemeinde\nLandau-Land<\/strong>: 22\nPersonen (17 davon gesundet, 2 verstorben)<\/p>\n\n\n\n<p><strong>Verbandsgemeinde\nMaikammer<\/strong>: 14 Personen (11\ndavon gesundet)<\/p>\n\n\n\n<p><strong>Verbandsgemeinde\nOffenbach<\/strong>: 22 Personen (22\ndavon gesundet)<\/p>\n\n\n\n<p><strong>Stadt\nLandau<\/strong>: 73 Personen (67 davon\ngesundet, 1 verstorben).<\/p>\n\n\n\n<p>Alle ermittelbaren Kontaktpersonen\nwerden \u00fcber die Infektion informiert. <\/p>\n\n\n\n<p>*Eine Person gilt als gesundet und wird aus\nder 14-t\u00e4gigen h\u00e4uslichen Quarant\u00e4ne entlassen, wenn sie 48 Stunden (an Tag 13\nund 14 der h\u00e4uslichen Quarant\u00e4ne) symptomfrei war. Ein erneuter Test findet bei\nPersonen in h\u00e4uslicher Quarant\u00e4ne nicht statt.<\/p>\n\n\n\n<p>Diese F\u00e4lle gelten f\u00fcr das Gesundheitsamt als\nabgeschlossen. Personen in Gesundheitsberufen dagegen \u2013 etwa \u00c4rzte oder\nAltenpfleger \u2013 werden erst als abgeschlossene F\u00e4lle gez\u00e4hlt, wenn diese einen\nnegativen Abstrich hatten, da diese erst dann wieder arbeiten d\u00fcrfen.<\/p>\n\n\n\n<p>Informationen zum Thema Coronavirus finden Sie auf der Homepage des Landkreises: <a href=\"http:\/\/www.suedliche-weinstrasse.de\">www.suedliche-weinstrasse.de<\/a>. <\/p>\n\n\n\n<p>Das gemeinsame B\u00fcrgertelefon des Landkreises\nS\u00fcdliche Weinstra\u00dfe und der Stadt Landau ist in der Regel montags bis donnerstags, 8:30 bis 12 Uhr und 14\nbis 16&nbsp;Uhr, sowie freitags, 8:30 bis 12 Uhr, unter der Telefonnummer 06341-940 555 erreichbar. Am Wochenende und an gesetzlichen Feiertagen ist das\nB\u00fcrgertelefon derzeit nicht besetzt.<\/p>\n\n\n\n<p><em>Gemeinsame Pressemitteilung der Stadtverwaltung Landau und der Kreisverwaltung S\u00fcdliche Weinstra\u00dfe<br>11.05.2020<\/em><\/p>\n\n\n\n<h2 class=\"wp-block-heading\">Digitalisierung und Herausforderungen der aktuellen Corona-Krise als Themen: Landaus OB Hirsch tauscht sich mit s\u00fcdpf\u00e4lzischen Wirtschaftsjunioren aus<\/h2>\n\n\n\n<div class=\"wp-block-image\"><figure class=\"aligncenter\"><img decoding=\"async\" loading=\"lazy\" width=\"800\" height=\"600\" src=\"https:\/\/speyer24news.com\/wp-content\/uploads\/2020\/05\/Info-08-05-2020-18-Uhr_Wirtschaftsjunioren.jpg\" alt=\"\" class=\"wp-image-27020\" srcset=\"https:\/\/speyer24news.com\/wp-content\/uploads\/2020\/05\/Info-08-05-2020-18-Uhr_Wirtschaftsjunioren.jpg 800w, https:\/\/speyer24news.com\/wp-content\/uploads\/2020\/05\/Info-08-05-2020-18-Uhr_Wirtschaftsjunioren-300x225.jpg 300w, https:\/\/speyer24news.com\/wp-content\/uploads\/2020\/05\/Info-08-05-2020-18-Uhr_Wirtschaftsjunioren-768x576.jpg 768w, https:\/\/speyer24news.com\/wp-content\/uploads\/2020\/05\/Info-08-05-2020-18-Uhr_Wirtschaftsjunioren-678x509.jpg 678w, https:\/\/speyer24news.com\/wp-content\/uploads\/2020\/05\/Info-08-05-2020-18-Uhr_Wirtschaftsjunioren-326x245.jpg 326w, https:\/\/speyer24news.com\/wp-content\/uploads\/2020\/05\/Info-08-05-2020-18-Uhr_Wirtschaftsjunioren-80x60.jpg 80w\" sizes=\"(max-width: 800px) 100vw, 800px\" \/><figcaption>Landaus OB Hirsch beim digitalen Meeting mit den Wirtschaftsjunioren S\u00fcdpfalz. <em>(Quelle: Stadt Landau)<\/em><\/figcaption><\/figure><\/div>\n\n\n\n<p>Digital statt wie urspr\u00fcnglich geplant analog beim\ngemeinsamen Brunch in einem Landauer Hotel: So fand jetzt das Meeting von\nLandaus Oberb\u00fcrgermeister Thomas Hirsch mit Vertreterinnen und Vertretern der\nWirtschaftsjunioren S\u00fcdpfalz statt. Thema der Videokonferenz waren auch die\nHerausforderungen der Corona-Pandemie. <\/p>\n\n\n\n<p>\u201eWie kann es gelingen, unter Beibehaltung der notwendigen\nSchutzma\u00dfnahmen die Wirtschaft in der aktuellen Corona-Krise wieder zu starten?\nDas ist die zentrale Frage, der wir uns mit Blick auf die Konjunktur in unserem\nLand wie auch in unserer Stadt stellen m\u00fcssen\u201c, sagte Hirsch beim Austausch mit\nden jungen F\u00fchrungskr\u00e4ften. Landaus Stadtchef ist froh, dass die Unternehmen in\nLandau in der Krise so viele kreative Ideen entwickelt haben \u2013&nbsp; viele davon digital. \u201eDie aktuelle Lage hat\nwie ein Katalysator auf die Digitalisierung gewirkt und uns allen \u00fcberdeutlich\nvor Augen gef\u00fchrt, wo deren Chancen liegen und wo es noch Defizite gibt\u201c, so\nder OB, der mit seinem Amtsantritt einen eigenen Breitbandbeauftragten in der\nVerwaltung installiert hatte. <\/p>\n\n\n\n<p>Im Gespr\u00e4ch mit den Wirtschaftsjunioren um Kreissprecher\nMartin Kolb begr\u00fc\u00dfte der OB erneut die \u201eLockerungen mit Ma\u00df\u201c, die Bund und\nL\u00e4nder bereits umgesetzt bzw. durchgef\u00fchrt haben. \u201eGesch\u00e4ftswelt wie auch\nGastronomie und Hotellerie brauchten nicht nur finanzielle Soforthilfen,\nsondern vor allem auch Perspektiven \u2013&nbsp;\ndie sind nun gegeben, auch wenn die Herausforderungen sicherlich nicht\nkleiner geworden sind.\u201c Die Stadt Landau begleite die in der kommenden Woche\nanstehende \u00d6ffnung der Gastronomie aktiv, u.a. mit zus\u00e4tzlichen Fl\u00e4chen f\u00fcr die\nAu\u00dfenbewirtschaftung und dem vollst\u00e4ndigen Verzicht auf Sondernutzungsgeb\u00fchren,\nso Hirsch weiter. Um das #immerwaslosinld in der attraktiven Innenstadt\naufrechtzuerhalten und die Landauer Gesch\u00e4ftswelt zu unterst\u00fctzen, brauche es\nnun jede Einzelne und jeden Einzelnen von uns: Abstand, Hygiene und\nAlltagsmasken seien das Gebot der Stunde und unbedingt notwendig, um die\ngewonnenen Freiheiten weiter genie\u00dfen zu k\u00f6nnen. <\/p>\n\n\n\n<p>Die Wirtschaftsjunioren sind mit rund 10.000\nUnternehmerinnen und Unternehmern unter 40 Jahren das gr\u00f6\u00dfte Netzwerk junger\nWirtschaft in Deutschland. Die s\u00fcdpf\u00e4lzischen Wirtschaftsjunioren wurden als\nj\u00fcngster Kreis im Herbst 2019 gegr\u00fcndet und z\u00e4hlen bereits knapp 40 Mitglieder.\n<\/p>\n\n\n\n<p><em>Stadtverwaltung Landau in der Pfalz<\/em><br><em>11.05.2020<\/em><\/p>\n\n\n\n<h2 class=\"wp-block-heading\">Alles wieder an seinem Platz: Stadtbibliothek Landau \u00f6ffnet nach Sanierungsarbeiten am Donnerstag, 14. Mai \u2013 Auch B\u00fccher m\u00fcssen in \u201eQuarant\u00e4ne\u201c<\/h2>\n\n\n\n<div class=\"wp-block-image\"><figure class=\"aligncenter\"><img decoding=\"async\" loading=\"lazy\" width=\"800\" height=\"534\" src=\"https:\/\/speyer24news.com\/wp-content\/uploads\/2020\/05\/Info-08-05-2020-18-Uhr_Stadtbibliothek.jpg\" alt=\"\" class=\"wp-image-27019\" srcset=\"https:\/\/speyer24news.com\/wp-content\/uploads\/2020\/05\/Info-08-05-2020-18-Uhr_Stadtbibliothek.jpg 800w, https:\/\/speyer24news.com\/wp-content\/uploads\/2020\/05\/Info-08-05-2020-18-Uhr_Stadtbibliothek-300x200.jpg 300w, https:\/\/speyer24news.com\/wp-content\/uploads\/2020\/05\/Info-08-05-2020-18-Uhr_Stadtbibliothek-768x513.jpg 768w\" sizes=\"(max-width: 800px) 100vw, 800px\" \/><figcaption>B\u00fcrgermeister Dr. Maximilian Ingenthron und Einrichtungsleiterin Amelie L\u00f6hlein in der Baustelle Stadtbibliothek. <em>(Quelle: Stadt Landau)<\/em><\/figcaption><\/figure><\/div>\n\n\n\n<p>Gute Nachrichten f\u00fcr Landauer Leseratten: Am Donnerstag,\n14. Mai, kann die Stadtbibliothek nach erfolgreich abgeschlossenen\nRenovierungsarbeiten f\u00fcr den Publikumsverkehr \u00f6ffnen \u2013 wenn auch aufgrund der\naktuellen Lage rund um das Corona-Virus anders als gewohnt. Um f\u00fcr die\nNutzerinnen und Nutzer sowie die Mitarbeiterinnen und Mitarbeiter gr\u00f6\u00dftm\u00f6gliche\nSicherheit gew\u00e4hrleisten zu k\u00f6nnen, wurde ein umfangreicher Ma\u00dfnahmenkatalog\nerarbeitet. <\/p>\n\n\n\n<p>B\u00fcrgermeister Dr. Maximilian Ingenthron und\nEinrichtungsleiterin Amelie L\u00f6hlein freuen sich, dass die Landauerinnen und\nLandauer ihre in neuem Glanz erstrahlende Bibliothek wieder nutzen k\u00f6nnen. \u201eDas\nErgebnis der Sanierung l\u00e4sst sich wahrlich sehen \u2013 immerhin wurden mehr als\n100.000 Euro daf\u00fcr aufgewandt. Ich danke allen sehr, die zum Gelingen dieses\nProjekts beigetragen haben\u201c, sagt Dr. Ingenthron. \u201eDas Team um\nBibliotheksleiterin Amelie L\u00f6hlein kann es kaum erwarten, die B\u00fccherfreundinnen\nund -freunde unserer Stadt wieder pers\u00f6nlich vor Ort begr\u00fc\u00dfen zu d\u00fcrfen. Und\nich werbe gerne daf\u00fcr, diese so wichtige St\u00e4tte der Literatur und der Bildung\nintensiv zu nutzen\u201c, so der Kulturdezernent weiter.<\/p>\n\n\n\n<p>\u201eVieles wird erstmal anders sein, nicht nur die\n\u00d6ffnungszeiten, die wir aufgrund der Umst\u00e4nde anpassen mussten. Wir haben im\nEingangsbereich Desinfektionsmittelspender aufgestellt und die Ausleih- und\nInfotheke mit einem Plexiglasschutz versehen. Au\u00dferdem arbeiten wir mit\nAbstandsmarkierungen\u201c, erkl\u00e4rt Einrichtungsleiterin L\u00f6hlein. Nutzerinnen und\nNutzer d\u00fcrfen die R\u00e4umlichkeiten am Heinrich-Heine-Platz nur mit\nMund-Nasen-Schutz betreten. Au\u00dferdem wurde die Besucherzahl auf maximal 15\nNutzerinnen und Nutzer und die Aufenthaltsdauer auf 30 Minuten begrenzt.\nSitzm\u00f6glichkeiten und Internet-Arbeitspl\u00e4tze stehen vorerst nicht zur\nVerf\u00fcgung. \u201eAuch die zur\u00fcckgebrachten Medien m\u00fcssen sich einer besonderen\nBehandlung unterziehen: Denn sie werden erstmal f\u00fcr 72 Stunden in Quarant\u00e4ne\ngesteckt, bevor wir sie zur\u00fcck ins System buchen\u201c, so L\u00f6hlein. Sie bedanke sich\nbereits im Voraus bei allen Nutzerinnen und Nutzern f\u00fcr das Verst\u00e4ndnis und die\nUmst\u00e4nde, die diese Regelungen mit sich br\u00e4chten.<\/p>\n\n\n\n<p>Die Stadtbibliothek Landau hat ab Donnerstag, 14. Mai,\nvorerst montags, dienstags, donnerstags und freitags von 13 bis 18 Uhr sowie\nsamstags von 9 bis 13 Uhr ge\u00f6ffnet. Das Tragen einer Mund-Nasen-Bedeckung ist\nverpflichtend. <\/p>\n\n\n\n<p><em>Stadtverwaltung Landau in der Pfalz<\/em><br><em>11.05.2020<\/em><\/p>\n\n\n\n<h2 class=\"wp-block-heading\">Tag der Befreiung: Stadt Landau gedenkt Opfern\ndes Nationalsozialismus \u2013 OB Hirsch ruft zum Einstehen gegen Rassismus und\nExtremismus, Verschw\u00f6rungstheorien, Verleumdung und Gewalt auf <\/h2>\n\n\n\n<h4 class=\"wp-block-heading\"><em>Der\n8. Mai war ein Tag der Befreiung. Er hat uns alle befreit von dem\nmenschenverachtenden System der nationalsozialistischen Gewaltherrschaft.<\/em><\/h4>\n\n\n\n<h4 class=\"wp-block-heading\"><em>(Richard von Weizs\u00e4cker, 8. Mai 1985)<\/em><\/h4>\n\n\n\n<div class=\"wp-block-image\"><figure class=\"aligncenter\"><img decoding=\"async\" loading=\"lazy\" width=\"800\" height=\"533\" src=\"https:\/\/speyer24news.com\/wp-content\/uploads\/2020\/05\/Info-08-05-2020-18-Uhr_Gedenkstunde_1.jpg\" alt=\"\" class=\"wp-image-27017\" srcset=\"https:\/\/speyer24news.com\/wp-content\/uploads\/2020\/05\/Info-08-05-2020-18-Uhr_Gedenkstunde_1.jpg 800w, https:\/\/speyer24news.com\/wp-content\/uploads\/2020\/05\/Info-08-05-2020-18-Uhr_Gedenkstunde_1-300x200.jpg 300w, https:\/\/speyer24news.com\/wp-content\/uploads\/2020\/05\/Info-08-05-2020-18-Uhr_Gedenkstunde_1-768x512.jpg 768w\" sizes=\"(max-width: 800px) 100vw, 800px\" \/><figcaption>Gedenkstunde in Zeiten von Corona: Ohne G\u00e4ste, daf\u00fcr aber mit Unterst\u00fctzung des OK Weinstra\u00dfe<em>. (Quelle: Stadt Landau)<\/em><\/figcaption><\/figure><\/div>\n\n\n\n<p>In der Landauer Stiftskirche gedachten am heutigen 75. Jahrestag des Inkrafttretens der deutschen Kapitulation im Zweiten Weltkrieg Stadt und Kirchen der Opfer des Nationalsozialismus. Die Gedenkstunde fand aufgrund der geltenden Kontaktbeschr\u00e4nkungen zur Bek\u00e4mpfung der Corona-Pandemie ohne G\u00e4ste statt. Das Studio Landau des Offenen Kanals Weinstra\u00dfe zeichnete die Veranstaltung auf und wird diese zeitnah im Internet zur Verf\u00fcgung stellen. Bei der Gedenkfeier wurde auch der Opfer der Bombenangriffe auf die Stadt Landau im M\u00e4rz 1945 gedacht. Die Gedenkveranstaltung am 16. M\u00e4rz dieses Jahres hatte aufgrund der Corona-Pandemie nicht stattfinden k\u00f6nnen. <\/p>\n\n\n\n<p>\u201eRassismus, Ausgrenzung und Intoleranz haben unter dem Regime der Nationalsozialisten die Welt in Brand gesteckt\u201c, betonte Oberb\u00fcrgermeister Thomas Hirsch in seiner Ansprache. \u201eEs ist unsere Pflicht, die Erinnerung an diese Schrecken immer wieder zu erneuern, damit diese niemals in Vergessenheit geraten.\u201c Mit Blick auf das Kriegsende vor 75 Jahren und die aktuelle Situation in der Corona-Krise sagte Landaus Stadtchef: \u201eNein, die derzeitige Lage ist nicht vergleichbar mit damals \u2013 auch wenn einzelne Branchen hart ums \u00dcberleben k\u00e4mpfen. Und doch gibt es zwischen damals und heute Gemeinsamkeiten: Gemeinsames solidarisches Handeln, Zusammenstehen, die Unterst\u00fctzung f\u00fcr \u00c4ltere und Bed\u00fcrftige.\u201c Der Blick auf die dramatische Situation nach dem Kriegsende lehre uns aber auch: Hoffnungslosigkeit sei kein guter Ratgeber, wichtig seien vielmehr Vertrauen in die Zukunft, Optimismus und Mitmenschlichkeit, so Hirsch. <\/p>\n\n\n\n<div class=\"wp-block-image\"><figure class=\"aligncenter\"><img decoding=\"async\" loading=\"lazy\" width=\"800\" height=\"533\" src=\"https:\/\/speyer24news.com\/wp-content\/uploads\/2020\/05\/Info-08-05-2020-18-Uhr_Gedenkstunde_2.jpg\" alt=\"\" class=\"wp-image-27018\" srcset=\"https:\/\/speyer24news.com\/wp-content\/uploads\/2020\/05\/Info-08-05-2020-18-Uhr_Gedenkstunde_2.jpg 800w, https:\/\/speyer24news.com\/wp-content\/uploads\/2020\/05\/Info-08-05-2020-18-Uhr_Gedenkstunde_2-300x200.jpg 300w, https:\/\/speyer24news.com\/wp-content\/uploads\/2020\/05\/Info-08-05-2020-18-Uhr_Gedenkstunde_2-768x512.jpg 768w\" sizes=\"(max-width: 800px) 100vw, 800px\" \/><figcaption>Blick hinter die Kulissen: In der Landauer Stiftskirche wurde die Gedenkstunde f\u00fcr die Opfer des Nationalsozialismus aufgezeichnet. <em>(Quelle: Stadt Landau)<\/em> <\/figcaption><\/figure><\/div>\n\n\n\n<p>\u201eIch m\u00f6chte Sie heute erneut bitten, gegen Rassismus und\nExtremismus vorzugehen. Gegen Verschw\u00f6rungstheorien, gegen Verleumdung und\njedwede Gewalt. Gleichg\u00fcltigkeit ist der erste Schritt, Werte zu gef\u00e4hrden.\nFrieden ist nicht selbstverst\u00e4ndlich, unser aller Einsatz f\u00fcr den Frieden ist\ngefordert, vor Ort und in der Welt. Unsere Aufgabe ist es heute, die Erinnerung\nund das Gedenken an die Opfer als Mahnung f\u00fcr die Zukunft zu begreifen.\u201c<\/p>\n\n\n\n<p>An die Ansprache des Oberb\u00fcrgermeisters schlossen sich ein\nhistorischer Vortrag von Stadtarchivarin Christine Kohl-Langer zum Kriegsende\nin Landau sowie gemeinsame Worte und ein Gebet der Dekane Volker Janke und Axel\nBrecht an. Die musikalische Begleitung der Gedenkstunde \u00fcbernahm\nBezirkskantorin Anna Lin\u00df an der Orgel. <\/p>\n\n\n\n<p>Die Aufzeichnung der Gedenkstunde ist ab Samstag, 9. Mai, auf dem YouTube-Kanal \u201eOK Weinstra\u00dfe\u201c, der st\u00e4dtischen Internetseite <a href=\"http:\/\/www.landau.de\">www.landau.de<\/a> und auf der st\u00e4dtischen Facebook-Seite \u201eStadt Landau in der Pfalz\u201c zu sehen. <\/p>\n\n\n\n<h4 class=\"wp-block-heading\">Lesen sie hier die Rede von OB Hirsch als pdf:<\/h4>\n\n\n\n<div class=\"wp-block-file\"><a href=\"https:\/\/speyer24news.com\/wp-content\/uploads\/2020\/05\/Rede-Gedenkstunde.pdf\">Rede-Gedenkstunde<\/a><a href=\"https:\/\/speyer24news.com\/wp-content\/uploads\/2020\/05\/Rede-Gedenkstunde.pdf\" class=\"wp-block-file__button\" download>Herunterladen<\/a><\/div>\n\n\n\n<p><em>Stadtverwaltung Landau in der Pfalz<\/em><br><em>11.05.2020<\/em><\/p>\n\n\n\n<h2 class=\"wp-block-heading\"><strong>In guten wie in schwierigen\nZeiten: nachbarschaftlich europ\u00e4ischer Impuls anl\u00e4sslich des diesj\u00e4hrigen\nEuropatages<\/strong><\/h2>\n\n\n\n<h4 class=\"wp-block-heading\"><em>Auf\nEinladung der Europaabgeordneten Christine Schneider haben sich die Landr\u00e4te\nDietmar Seefeldt (S\u00fcdliche Weinstra\u00dfe) und Dr. Fritz Brechtel (Germersheim)\nsowie Landaus Oberb\u00fcrgermeister Thomas Hirsch anl\u00e4sslich des Europatages am 9.\nMai am deutsch-franz\u00f6sischen Grenz\u00fcbergang in Lauterburg getroffen, um ein\nZeichen europ\u00e4ischer Freundschaft zu setzen und f\u00fcr<\/em><em> die europ\u00e4ische Idee einzustehen<\/em><em>. \u201e<\/em><em>Wir sind davon \u00fcberzeugt, dass unsere Zukunft im solidarischen Miteinander\nder Europ\u00e4ischen Staatengemeinschaft liegt. <\/em><em>Gemeinsam in Europa k\u00f6nnen wir mehr erreichen als ein Staat allein\nund gemeinsam werden wir auch diese Krise bew\u00e4ltigen\u201c, erkl\u00e4ren die S\u00fcdpf\u00e4lzer\nihr Ansinnen.<\/em><\/h4>\n\n\n\n<div class=\"wp-block-image\"><figure class=\"aligncenter\"><img decoding=\"async\" loading=\"lazy\" width=\"800\" height=\"588\" src=\"https:\/\/speyer24news.com\/wp-content\/uploads\/2020\/05\/Brechtel-Schneider-Hirsch-Seefeldt-Europatag-2020-Copyright-C.-Schneider.jpeg\" alt=\"\" class=\"wp-image-27016\" srcset=\"https:\/\/speyer24news.com\/wp-content\/uploads\/2020\/05\/Brechtel-Schneider-Hirsch-Seefeldt-Europatag-2020-Copyright-C.-Schneider.jpeg 800w, https:\/\/speyer24news.com\/wp-content\/uploads\/2020\/05\/Brechtel-Schneider-Hirsch-Seefeldt-Europatag-2020-Copyright-C.-Schneider-300x221.jpeg 300w, https:\/\/speyer24news.com\/wp-content\/uploads\/2020\/05\/Brechtel-Schneider-Hirsch-Seefeldt-Europatag-2020-Copyright-C.-Schneider-768x564.jpeg 768w, https:\/\/speyer24news.com\/wp-content\/uploads\/2020\/05\/Brechtel-Schneider-Hirsch-Seefeldt-Europatag-2020-Copyright-C.-Schneider-80x60.jpeg 80w\" sizes=\"(max-width: 800px) 100vw, 800px\" \/><figcaption>v.l.: Landrat Dr. Fritz Brechtel, Christine Schneider MdEP, Oberb\u00fcrgermeister Thomas Hirsch, Landrat Dietmar Seefeldt<\/figcaption><\/figure><\/div>\n\n\n\n<p>\u201eUns\nwar es wichtig, trotz der aktuellen Einschr\u00e4nkungen, unter Einhaltung der\nnotwendigen Sicherheitsbestimmungen, ein Zeichen f\u00fcr die deutsch-franz\u00f6sischer\nFreundschaft zu setzen\u201c, erkl\u00e4rt Schneider. Die Schuman-Erkl\u00e4rung vom 9. Mai 1950 lege den Grundstein\nf\u00fcr die einzigartige Erfolgsgeschichte der Europ\u00e4ischen Union. Der Europatag\nhabe nie unter \u00e4hnlich erschwerten Bedingungen stattgefunden und es nie sei es\nwichtiger gewesen, sich f\u00fcr die europ\u00e4ische Idee stark zu machen. \u201eSeit 70\nJahren leben wir gemeinsam in Frieden, Einheit und Freundschaft in Europa. Und\nseit 25 Jahren d\u00fcrfen wir uns ohne Grenzkontrollen im Schengen-Raum bewegen.\nGanze Generationen sind aufgewachsen in einem grenzenlosen Europa der\nM\u00f6glichkeiten. Angesichts der Corona-Pandemie sehen wir uns gro\u00dfen\nHerausforderungen nationalen, internationalen vor allem aber europ\u00e4ischen\nAusma\u00dfes ausgesetzt.\u201c<\/p>\n\n\n\n<p>\u201eEs ist zwar ein bescheidenes Zeichen, das wir heute\nsetzen k\u00f6nnen, dennoch wollen wir zeigen, dass wir f\u00fcr unsere europ\u00e4ischen\nWerte einstehen\u201c, so Landrat Dr. Brechtel. \u201eEs war nie wichtiger, sich f\u00fcr die\ngrenz\u00fcberschreitende Freundschaft einzusetzen\u201c, ist sich Oberb\u00fcrgermeister\nHirsch sicher und Landrat Seefeldt erg\u00e4nzt, dass \u201ewir gerade in dieser Zeit der\nKrise besonders schmerzhaft das Ausma\u00df der geschlossenen Grenzen zu sp\u00fcren\nbekommen\u201c.<\/p>\n\n\n\n<p>\u201eWir alle, die wir in dieser Grenzregion aufgewachsen\nsind und leben, kennen die zahlreichen Vorteile und positiven Aspekte unseres\ngrenzenlosen Miteinanders und wissen um die unermessliche Bereicherung grenz\u00fcberschreitender\nFreundschaften\u201c, so Schneider, \u201edoch die Corona-Krise stellt die Grenzregionen\nvor besondere Herausforderungen. Sei es im Arbeitsalltag, beim Einkaufen oder\nbei grenz\u00fcberschreitenden Beziehungen.\u201c In den vergangenen Wochen war es\nwiederholt zu verbalen Attacken auf Grenzpendler gekommen. Die Situation an den\nGrenz\u00fcberg\u00e4ngen ist vor allem f\u00fcr Pendler besonders einschneidend, auch wenn\ndie partielle \u00d6ffnung der Grenz\u00fcberg\u00e4nge dankenswerter Weise die Situation\nschon etwas entsch\u00e4rft hat. Erstmals seit dem Bestehen des Schengen-Abkommens\nerleben wir Grenzkontrollen und Grenzschlie\u00dfungen innerhalb der Europ\u00e4ischen\nUnion sowie weitreichende Social-Distancing-Ma\u00dfnahmen, die das Zusammenleben im\nInland und im grenz\u00fcberschreitenden Miteinander erschweren. Die Schlie\u00dfung der Grenz\u00fcberg\u00e4nge sei dennoch eine angemessene\nund wichtige Entscheidung und die richtige Antwort auf die Ausbreitung des\nVirus gewesen, sind sich die s\u00fcdpf\u00e4lzischen Politiker einig. Als n\u00e4chstes gelte\nes eine europaweit koordinierte Exit-Strategie umzusetzen und das Virus in\nSchach zu halten, bis ein Impfstoff gefunden wird. Dann k\u00f6nne ganz Europa\ngest\u00e4rkt aus dieser Krise hervorgehen. Gerade erst habe die von der\nEurop\u00e4ischen Union initiierte internationale Geberkonferenz 7,4 Millionen Euro\nf\u00fcr den Kampf gegen das COVID-19 Virus mobilisiert, um umfangreiche Mittel f\u00fcr\ndie gemeinsame Entwicklung und den weltweiten Einsatz von Test, Medikamenten\nund Impfstoffen bereitstellen zu k\u00f6nnen.<\/p>\n\n\n\n<p>\u201eIn der gegenw\u00e4rtigen Krise bekommen wir die Grenzen\ndes Miteinander in der Europ\u00e4ischen Union schmerzlich zu sp\u00fcren. Aber wir\nerleben auch Tag t\u00e4glich, wie europ\u00e4ische Solidarit\u00e4t im Kleinen wie auch im\nGro\u00dfen gezeigt und damit der europ\u00e4ische Gedanke gelebt wird. Gemeinschaft\nstatt Gegeneinander, Partnerschaft statt Konkurrenz, Vertrauen statt\nMisstrauen, alle zusammen statt jeder f\u00fcr sich &#8211; das ist der europ\u00e4ische\nGedanke, den Robert Schuman mit seiner Erkl\u00e4rung 1950 auf den Weg brachte und\nder unser Europa noch heute ausmacht.\u201c f\u00fchrt Schneider weiter an. Besonders hob\nsie die solidarische Zusammenarbeit zwischen den europ\u00e4ischen Nachbarn hervor.\nDie kommunalpolitisch Verantwortlichen h\u00e4tten sich sofort f\u00fcr die Unterst\u00fctzung\nihrer franz\u00f6sischen Freunde stark gemacht und ganz selbstverst\u00e4ndlich mit der Aufnahme\nfranz\u00f6sischer Patienten in s\u00fcdpf\u00e4lzischen Kliniken und Medikamentenlieferungen\nnach Wei\u00dfenburg ausgeholfen.<\/p>\n\n\n\n<p>\u201eWir, die politischen Vertreter dieser Grenzregion, m\u00fcssen alles unternehmen, um gegen die bestehende Ver\u00e4rgerung anzugehen. Wir m\u00fcssen positive Zeichen unserer Freundschaft setzen und mehr denn je den Mehrwert der deutsch-franz\u00f6sischen Zusammenarbeit sp\u00fcrbar werden lassen\u201c, so die Landr\u00e4te Seefeldt und Dr. Brechtel. \u201eAuch wenn die Grenzen geschlossen sind, m\u00fcssen wir daf\u00fcr Sorge tragen, dass unsere grenz\u00fcberschreitende Freundschaft keine Risse bekommt. Wir d\u00fcrfen Beschimpfungen oder Ausgrenzung an den Grenz\u00fcberg\u00e4ngen nicht akzeptieren und m\u00fcssen dagegen angehen\u201c, f\u00fchrt OB Hirsch weiter aus. \u201eDie gegenw\u00e4rtige Lage f\u00fchrt uns eindr\u00fccklich vor Augen, dass unsere europ\u00e4ische Einheit keine Selbstverst\u00e4ndlichkeit ist. Wir m\u00fcssen unsere europ\u00e4ischen Werte verteidigen und die Europ\u00e4ische Union besch\u00fctzen und st\u00e4rken. Gemeinsam m\u00fcssen wir alles daran setzen, dass unser Europa auch zuk\u00fcnftig f\u00fcr Frieden, Solidarit\u00e4t, Freiheit und auch Freundschaft steht!\u201c so Schneider abschlie\u00dfend.<\/p>\n\n\n\n<p><em>Christine Schneider, MdEP<br>11.05.2020<\/em><\/p>\n\n\n\n<h2 class=\"wp-block-heading\">Alles im gr\u00fcnen Bereich: Bau des Kunstrasenplatzes am Sportzentrum West in Landau auf der Zielgeraden<\/h2>\n\n\n\n<div class=\"wp-block-image\"><figure class=\"aligncenter\"><img decoding=\"async\" loading=\"lazy\" width=\"800\" height=\"450\" src=\"https:\/\/speyer24news.com\/wp-content\/uploads\/2020\/05\/Info-08-05-2020-12-Uhr_Kunstrasen.jpg\" alt=\"\" class=\"wp-image-27014\" srcset=\"https:\/\/speyer24news.com\/wp-content\/uploads\/2020\/05\/Info-08-05-2020-12-Uhr_Kunstrasen.jpg 800w, https:\/\/speyer24news.com\/wp-content\/uploads\/2020\/05\/Info-08-05-2020-12-Uhr_Kunstrasen-300x169.jpg 300w, https:\/\/speyer24news.com\/wp-content\/uploads\/2020\/05\/Info-08-05-2020-12-Uhr_Kunstrasen-768x432.jpg 768w, https:\/\/speyer24news.com\/wp-content\/uploads\/2020\/05\/Info-08-05-2020-12-Uhr_Kunstrasen-678x381.jpg 678w\" sizes=\"(max-width: 800px) 100vw, 800px\" \/><figcaption>Eine aktuelle Luftaufnahme des neuen Kunstrasenplatzes am Sportzentrum West in Landau. <em>(Quelle: Stadt Landau)<\/em><\/figcaption><\/figure><\/div>\n\n\n\n<p>Sattes Gr\u00fcn ist seit wenigen Tagen die dominierende Farbe\nauf dem neuen Kunstrasenplatz am Landauer Sportzentrum West. Die Arbeiten, die\nvom st\u00e4dtischen Geb\u00e4udemanagement betreut werden, befinden sich auf der\nZielgeraden. Seit Mittwoch verlegt eine Fachfirma die Kunstrasenbahnen, weitere\nArbeitsschritte, etwa das Einsanden des Rasens und das Einarbeiten des Korks,\nsollen in der kommenden Woche \u00fcber die B\u00fchne gehen. Inklusive Pflasterarbeiten\nund den Arbeiten an der Au\u00dfenanlage soll die Ma\u00dfnahme Ende Mai bzw. Anfang Juni\nabgeschlossen sein. <\/p>\n\n\n\n<p>Der Kunstrasenplatz entsteht aktuell auf dem Gel\u00e4nde des\nJahnsportplatzes und in unmittelbarer N\u00e4he zur im Bau befindlichen Sporthalle\nWest. Die Stadt hatte den Bau des Kunstrasenplatzes zun\u00e4chst auch ohne Landes-\noder Bundesf\u00f6rderung stemmen wollen; vor wenigen Wochen kam aber die frohe\nKunde aus Berlin, dass sich die s\u00fcdpf\u00e4lzische Metropole und Sportstadt \u00fcber\nF\u00f6rdergelder in H\u00f6he von 1,4 Millionen Euro f\u00fcr die Sporthalle West und den\nKunstrasenplatz freuen darf.<\/p>\n\n\n\n<p><em>Stadtverwaltung Landau in der Pfalz<\/em><br><em>11.05.2020<\/em><\/p>\n\n\n\n<h2 class=\"wp-block-heading\">Ab Freitag, 15. Mai: Stadt Landau f\u00fchrt wieder regul\u00e4re Parkkontrollen durch \u2013 Abgelaufene Anwohnerparkausweise werden bis 14. Juni nicht geahndet\u00a0<\/h2>\n\n\n\n<div class=\"wp-block-image\"><figure class=\"aligncenter\"><img decoding=\"async\" loading=\"lazy\" width=\"500\" height=\"750\" src=\"https:\/\/speyer24news.com\/wp-content\/uploads\/2020\/05\/Info-08-05-2020-12-Uhr_Parkkontrollen.jpg\" alt=\"\" class=\"wp-image-27013\" srcset=\"https:\/\/speyer24news.com\/wp-content\/uploads\/2020\/05\/Info-08-05-2020-12-Uhr_Parkkontrollen.jpg 500w, https:\/\/speyer24news.com\/wp-content\/uploads\/2020\/05\/Info-08-05-2020-12-Uhr_Parkkontrollen-200x300.jpg 200w\" sizes=\"(max-width: 500px) 100vw, 500px\" \/><figcaption>Ab Freitag, 15. Mai, wird in Landau wieder regul\u00e4r kontrolliert. <em>(Quelle: Stadt Landau)<\/em><\/figcaption><\/figure><\/div>\n\n\n\n<p>W\u00e4hrend des Corona-Shutdowns hat die Stadt Landau weniger\n\u201eKn\u00f6llchen\u201c verteilt. Aufgrund von Lockerungen wie der \u00d6ffnung der Gastronomie\nsieht sie jedoch die Notwendigkeit, ab Freitag, 15. Mai \u2013 und damit einige Tage\nfr\u00fcher als angek\u00fcndigt \u2013&nbsp; wieder regul\u00e4re\nParkkontrollen durchzuf\u00fchren. <\/p>\n\n\n\n<p>In den vergangenen Wochen entfielen die Kontrollen der\nGanztagsparkpl\u00e4tze. Zudem durfte, wer einen Anwohnerparkschein besitzt, damit\nauch auf Parkpl\u00e4tzen innerhalb der eigenen Parkzone parken, die nicht f\u00fcr Anwohnerinnen\nund Anwohner ausgewiesen sind. Weiter regul\u00e4r \u00fcberwacht wurden das\nKurzzeitparken in der Innenstadt sowie Kreuzungen und Feuerwehrzufahrten.<\/p>\n\n\n\n<p>Da das st\u00e4dtische B\u00fcrgerb\u00fcro jedoch aufgrund der\nSchlie\u00dfung der Verwaltung seit dem 16. M\u00e4rz keine Anwohnerparkausweise\nausstellen konnte, k\u00fcndigt Ordnungsdezernent Lukas Hartmann an, dass Fahrzeuge,\ndie mit abgelaufenem Anwohnerparkausweisen in ihrem Quartier parken, bis\neinschlie\u00dflich 14. Juni nicht verwarnt werden. <\/p>\n\n\n\n<p>Termine im B\u00fcrgerb\u00fcro der Stadt Landau k\u00f6nnen unter der\nTelefonnummer 0 63 41\/13 32 66 vereinbart werden. Die Servicezeiten sind\nmontags bis mittwochs von 7:30 bis 12:30 Uhr und von 14 bis 16 Uhr, donnerstags\nvon 8 bis 12:30 Uhr und von 14 bis 18 Uhr, freitags von 7:30 bis 12:30 Uhr\nsowie samstags von 8 bis 12 Uhr. <\/p>\n\n\n\n<p>Achtung: Am Dienstag, 12. Mai, und Mittwoch, 13. Mai,\nbleibt das B\u00fcrgerb\u00fcro aus organisatorischen Gr\u00fcnden geschlossen.<\/p>\n\n\n\n<p><em>Stadtverwaltung Landau in der Pfalz<\/em><br><em>11.05.2020<\/em><\/p>\n\n\n\n<h2 class=\"wp-block-heading\">Corona-Pandemie: St\u00e4dtische Galerie Villa Streccius und Strieffler-Haus der K\u00fcnste bleiben vorerst geschlossen \u2013 Kunst.Nach(t).Landau, Musikalische Goetheparkplaudereien und Kleine Montagsreihe entfallen<\/h2>\n\n\n\n<div class=\"wp-block-image\"><figure class=\"aligncenter\"><img decoding=\"async\" loading=\"lazy\" width=\"800\" height=\"533\" src=\"https:\/\/speyer24news.com\/wp-content\/uploads\/2020\/05\/Info-08-05-2020-12-Uhr_Kultur.jpg\" alt=\"\" class=\"wp-image-27012\" srcset=\"https:\/\/speyer24news.com\/wp-content\/uploads\/2020\/05\/Info-08-05-2020-12-Uhr_Kultur.jpg 800w, https:\/\/speyer24news.com\/wp-content\/uploads\/2020\/05\/Info-08-05-2020-12-Uhr_Kultur-300x200.jpg 300w, https:\/\/speyer24news.com\/wp-content\/uploads\/2020\/05\/Info-08-05-2020-12-Uhr_Kultur-768x512.jpg 768w\" sizes=\"(max-width: 800px) 100vw, 800px\" \/><figcaption>Schade: Viele kulturelle Veranstaltungen in Landau wie hier die Kleine Montagsreihe m\u00fcssen aufgrund der Corona-Pandemie abgesagt werden.<em> (Quelle: Stadt Landau)<\/em><\/figcaption><\/figure><\/div>\n\n\n\n<p>Die erforderlichen Kontaktbeschr\u00e4nkungen zur Eind\u00e4mmung\nder Corona-Pandemie beeinflussen auch das kulturelle Leben in Landau. Veranstaltungen,\ndie durch Ehrenamtliche oder mit deren Hilfe durchgef\u00fchrt werden, k\u00f6nnen aktuell\naufgrund des Versammlungsverbots f\u00fcr Vereine nicht ausreichend vorbereitet\nwerden.<\/p>\n\n\n\n<p>Die Ausstellung \u201eDieter Kissel \u2013 ein Sammler aus\nLeidenschaft\u201c, die am 17. Mai im Strieffler-Haus der K\u00fcnste starten sollte,\nmuss daher ebenso abgesagt werden wie die Co-Ausstellung mit gleichem Titel,\ndie der Kunstverein am 15. Mai in der Galerie Villa Streccius er\u00f6ffnen wollte.\nDie St\u00e4dtische Galerie Villa Streccius und das Strieffler-Haus der K\u00fcnste\nbleiben also bis nach der Sommerpause auf jeden Fall geschlossen. \u201eDas ist\ngerade f\u00fcr den Kunstverein, der in diesem Jahr sein 40-j\u00e4hriges Bestehen feiern\nkann, ein harter Schlag. Mein Dank gilt den engagierten Mitgliedern des\nKunstvereins, in gleicher Weise aber auch den Aktiven im Verein Strieffler-Haus\nder K\u00fcnste\u201c, so B\u00fcrgermeister Dr. Maximilian Ingenthron.<\/p>\n\n\n\n<p>Schweren Herzens sieht sich der Kulturdezernent in\nAbstimmung mit den einzelnen Akteurinnen und Akteuren gezwungen, auch die\nKunst.Nach(t).Landau, die f\u00fcr den 26. Juni geplant war, abzusagen. \u201eIch\nbedauere dies sehr, denn gemeinsam mit den 14 beteiligten Institutionen,\nVereinen, Galerien, Museen und Kirchengemeinden hatten wir ein \u00fcberaus\nattraktives Programm erarbeitet. Aber aufgeschoben ist nicht aufgehoben! Ich\nhoffe sehr, dass wir im kommenden Jahr einen neuen Anlauf f\u00fcr die zweite\nAuflage machen k\u00f6nnen\u201c, so der Kulturdezernent weiter.<\/p>\n\n\n\n<p>Ebenso finden die 45. Musikalischen Goetheparkplaudereien,\ndie von Mitte Juni bis Mitte August in bew\u00e4hrtem Format im Goethepark die\nMenschen erfreut h\u00e4tten, in diesem Jahr nicht statt. \u201eZehn Sonntage mit\nPlaudereien und Musik \u2013 das wird uns in diesem Jahr sehr fehlen. Seit viereinhalb\nJahrzehnten sind die \u00bbGPP\u00ab fester Bestandteil des sommerlichen Kulturprogramms,\nder vor allem von Menschen reiferen Alters gesch\u00e4tzt wird. Eine Besonderheit\nist, dass alle aktiven Teilnehmerinnen und Teilnehmer ohne Gage auftreten. Auch\nhier schmerzt es uns, dass wir diese Entscheidung treffen mussten, aber auch\nhier war sie f\u00fcr uns folgerichtig. Ein paar kleine Neuerungen waren f\u00fcr dieses\nJahr vorgesehen \u2013 das muss nun bis zum kommenden Jahr warten\u201c, sagt Dr.\nIngenthron.<\/p>\n\n\n\n<p>Die Kleine Montagsreihe des Vereins Kulturzentrum Altstadt\nist auch von der Absagewelle betroffen. Sabine Haas, Leiterin der st\u00e4dtischen Kulturabteilung\nund Mitglied des Programmausschusses, erl\u00e4utert: \u201eDie engagierten K\u00fcnstlerinnen\nund K\u00fcnstler, zum Teil Gruppen aus dem Ausland, mussten aufgrund der\nReisebeschr\u00e4nkungen von sich aus schon absagen. Allen Beteiligten brechen die ganzen\nTourneepl\u00e4ne f\u00fcr Sommerfestivals u. \u00e4. zusammen.\u201c Ein weiteres Problem sei die\nEinhaltung der Abstandsregeln, die im kleinen Innenhof des Frank-Loebschen\nHauses nicht gew\u00e4hrleistet werden k\u00f6nnten. \u201eSo wird es auch diesen Klassiker im\nLandauer Kultursommer in diesem Jahr nicht geben. Erstmals in ihrer Geschichte\nmuss diese Reihe komplett entfallen. Ich hoffe und w\u00fcnsche mir, dass die\nAktiven des Programmausschusses um Gerri Marz und Werner Kuntz im kommenden\nJahr mit altem und neuem Elan durchstarten und dann wieder ein tolles Programm\npr\u00e4sentieren k\u00f6nnen\u201c, blickt der Kulturdezernent nach vorne.<\/p>\n\n\n\n<p>Wann st\u00e4dtische Einrichtungen wie das Frank-Loebsche Haus\noder das Museum f\u00fcr Stadtgeschichte wieder ge\u00f6ffnet werden k\u00f6nnen, wird derzeit\ngepr\u00fcft.<\/p>\n\n\n\n<p><em>Stadtverwaltung Landau in der Pfalz<\/em><br><em>11.05.2020<\/em><\/p>\n\n\n\n<h2 class=\"wp-block-heading\">N\u00e4chste Schritte in der Kommunal- und Verwaltungsreform: Landaus OB Hirsch begr\u00fc\u00dft Fokus auf Digitalisierung und Ausbau der interkommunalen Zusammenarbeit, betont aber Bedeutung von kommunaler Selbstverwaltung<\/h2>\n\n\n\n<div class=\"wp-block-image\"><figure class=\"aligncenter\"><img decoding=\"async\" loading=\"lazy\" width=\"800\" height=\"533\" src=\"https:\/\/speyer24news.com\/wp-content\/uploads\/2020\/05\/Info-08-05-2020-12-Uhr_Kommunalreform.jpg\" alt=\"\" class=\"wp-image-27011\" srcset=\"https:\/\/speyer24news.com\/wp-content\/uploads\/2020\/05\/Info-08-05-2020-12-Uhr_Kommunalreform.jpg 800w, https:\/\/speyer24news.com\/wp-content\/uploads\/2020\/05\/Info-08-05-2020-12-Uhr_Kommunalreform-300x200.jpg 300w, https:\/\/speyer24news.com\/wp-content\/uploads\/2020\/05\/Info-08-05-2020-12-Uhr_Kommunalreform-768x512.jpg 768w\" sizes=\"(max-width: 800px) 100vw, 800px\" \/><figcaption>OB Hirsch hat sich in der Vergangenheit immer wieder f\u00fcr die Kreisfreiheit der Stadt Landau stark gemacht. <em>(Quelle: Stadt Landau)<\/em><\/figcaption><\/figure><\/div>\n\n\n\n<p>\u201eDie Strukturprobleme des Landes Rheinland-Pfalz lassen\nsich nicht mit der Einkreisung von sieben kleinen kreisfreien St\u00e4dten l\u00f6sen\u201c:\nMit diesen deutlichen Worten hatte Landaus Oberb\u00fcrgermeister Thomas Hirsch,\nzugleich stellvertretender Vorsitzender des rheinland-pf\u00e4lzischen St\u00e4dtetags,\nvor wenigen Monaten im Stadtrat noch einmal Stellung gegen m\u00f6gliche\nZwangseinkreisungen im Zuge der geplanten Kommunalverfassungsreform bezogen.\nAuf Grundlage erg\u00e4nzender Gutachten zur interkommunalen Zusammenarbeit hat man\nsich in Mainz jetzt auf weitere Reformschritte geeinigt. Diese sehen eine\nkonsequente Digitalisierung von Verwaltungsprozessen und einen Ausbau der\ninterkommunalen Zusammenarbeit vor. Eine gleichwertige Alternative zur\nGebietsreform seien diese Schritte nach Meinung des Innenministeriums aber nicht.\n<\/p>\n\n\n\n<p>OB Hirsch begr\u00fc\u00dft die geplanten Reformschritte, betont\naber auch die Bedeutung der kommunalen Selbstverwaltung in Gestalt kreisfreier\nSt\u00e4dte f\u00fcr die Sicherung der Daseinsvorsorge der B\u00fcrgerinnen und B\u00fcrger. \u201eEs\nist gut, dass die urspr\u00fcngliche Idee der Einkreisung, die auch die kreisfreie\nStadt Landau bedroht hat, vorerst nicht in die Umsetzung geht und stattdessen\nan der Frage weitergearbeitet wird, wie Kommunal- und Verwaltungsstrukturen anderweitig\nzukunftsfest gemacht werden k\u00f6nnen\u201c, so der Stadtchef. <\/p>\n\n\n\n<p>Dabei m\u00fcsse immer, sowohl bei der Digitalisierung als auch\nbeim Ausbau der interkommunalen Zusammenarbeit, die Verbesserung der Effizienz\nf\u00fcr die B\u00fcrgerinnen und B\u00fcrger im Mittelpunkt stehen. \u201eGerade die aktuelle Lage\nzeigt, wie wichtig die Digitalisierung von Verwaltungsprozessen und auch die\ninterkommunale Zusammenarbeit, wie sie von der Stadt Landau bereits in rund 70\nKooperationen gelebt wird, sind. Nichtsdestotrotz sind es die kreisfreien\nSt\u00e4dte, die ihren B\u00fcrgerinnen und B\u00fcrgern mit ihrer Allzust\u00e4ndigkeit ideale\nRahmenbedingungen zur Daseinsvorsorge bieten \u2013 von der Wiege bis zur Bahre.\nDaran gilt es nach wie vor festzuhalten\u201c, so Hirschs \u00dcberzeugung. <\/p>\n\n\n\n<p>Auf Grundlage der gewonnenen Erkenntnisse und der bis\ndahin umgesetzten Ma\u00dfnahmen soll im zweiten Halbjahr 2021 \u00fcber die weiteren\nReformschritte entschieden werden. <\/p>\n\n\n\n<p>Die erg\u00e4nzenden Gutachten zur Kommunal- und Verwaltungsreform sind auf der Internetseite des Innenministeriums unter <a href=\"http:\/\/www.mdi.rlp.de\">www.mdi.rlp.de<\/a> zu finden.<\/p>\n\n\n\n<p><em>Stadtverwaltung Landau in der Pfalz<br>11.05.2020<\/em><\/p>\n\n\n\n<h2 class=\"wp-block-heading\"><strong>Schuleingangsuntersuchungen\nfinden in diesem Jahr nicht statt<\/strong><\/h2>\n\n\n\n<p>Aufgrund der Corona-Pandemie wird f\u00fcr\nden Einschulungsjahrgang 2020\/2021 die Pflicht der Gesundheits\u00e4mter aus\u00adgesetzt,\ndie schul\u00e4rztliche Untersuchung aller angemeldeten Kinder vorzunehmen. Dies hat das Ministerium f\u00fcr Soziales, Arbeit,\nGesundheit und Demografie den Gesundheits\u00e4mtern im Land Rheinland-Pfalz\nmitgeteilt. <\/p>\n\n\n\n<p>Folglich finden keine Einschulungsuntersuchungen, auch nicht f\u00fcr Kann-Kinder, statt. <br>Die Schuleingangsuntersuchungen werden nicht nachgeholt. Kinder, deren Eltern eine Zur\u00fcckstellung beantragt haben, werden untersucht. F\u00fcr Kinder mit sonderp\u00e4dagogischem F\u00f6rderbedarf mit k\u00f6rperlichen und geistigen Behinderungen, sowie f\u00fcr Kinder mit Beeintr\u00e4chtigung des Sehens und H\u00f6rens, wird das Gesundheitsamt Landau-S\u00fcdliche Weinstra\u00dfe Einzelfalll\u00f6sungen herbeif\u00fchren. Die betroffenen Familien werden vom Gesundheitsamt gesondert kontaktiert.<\/p>\n\n\n\n<p><em>Gemeinsame Pressemitteilung der Stadtverwaltung Landau und der Kreisverwaltung S\u00fcdliche Weinstra\u00dfe<br>11.05.2020<\/em><\/p>\n\n\n\n<h2 class=\"wp-block-heading\">Bildungsministerin Hubig besucht Konrad-Adenauer-Realschule plus und Fachoberschule Technik und Umwelt in Landau<\/h2>\n\n\n\n<div class=\"wp-block-image\"><figure class=\"aligncenter\"><img decoding=\"async\" loading=\"lazy\" width=\"800\" height=\"535\" src=\"https:\/\/speyer24news.com\/wp-content\/uploads\/2020\/05\/Besuch-Ministerin-Hubig-KARS.jpg\" alt=\"\" class=\"wp-image-27010\" srcset=\"https:\/\/speyer24news.com\/wp-content\/uploads\/2020\/05\/Besuch-Ministerin-Hubig-KARS.jpg 800w, https:\/\/speyer24news.com\/wp-content\/uploads\/2020\/05\/Besuch-Ministerin-Hubig-KARS-300x201.jpg 300w, https:\/\/speyer24news.com\/wp-content\/uploads\/2020\/05\/Besuch-Ministerin-Hubig-KARS-768x514.jpg 768w\" sizes=\"(max-width: 800px) 100vw, 800px\" \/><\/figure><\/div>\n\n\n\n<p>Die Schulschlie\u00dfungen mit all ihren Folgen sind eine enorme Herausforderung f\u00fcr die gesamte Gesellschaft. Jetzt \u00f6ffnen die Schulen schrittweise wieder ihre T\u00fcren \u2013 so auch die Konrad-Adenauer-Realschule plus und Fachoberschule Technik und Umwelt in Landau. Bildungsministerin Dr. Stefanie Hubig macht sich vor Ort ein Bild von den Herausforderungen, denen sich die Schulgemeinschaft in den letzten Wochen gestellt und gemeinsam mit dem Tr\u00e4ger und der Schulaufsicht gute individuelle L\u00f6sungen gefunden hat. Im Gespr\u00e4ch mit Sch\u00fclerinnen und Sch\u00fclern, Lehrkr\u00e4ften und der Schulleitung geht es etwa um Fragen der Umsetzung der Hygieneregeln, des Online-Lernens oder auch um ganz pers\u00f6nliche Erfahrungen mit Schule in Corona-Zeiten. <\/p>\n\n\n\n<p>\u201eDie letzten Wochen haben nicht nur zahlreiche neue Fragen an uns alle gestellt, sondern auch bestehende Herausforderungen wie die Vereinbarkeit von Familie und Beruf, die Bildungsgerechtigkeit oder der digitale Unterricht haben eine ganz neue Dimension bekommen. Dass wir diese Ausnahmesituation an unseren Schulen trotz aller Widrigkeiten bisher so gut gemanagt haben, ist das Ergebnis von echtem Teamwork. Schulleitungen, Lehrkr\u00e4fte, Sch\u00fclerinnen und Sch\u00fcler, Eltern, Schultr\u00e4ger, Verb\u00e4nde, Verwaltung und Politik \u2013 alle gemeinsam haben sich dieser Herausforderung besonnen aber auch tatkr\u00e4ftig angenommen. F\u00fcr dieses Engagement bedanke ich mich. Aber wir sind noch nicht durch die Krise durch. Mit dem Gedanken des Miteinanders und F\u00fcreinanders schaffen wir aber auch noch den Rest des Weges\u201c, so Bildungsministerin Dr. Stefanie Hubig in Landau. <\/p>\n\n\n\n<p>Das Miteinander und F\u00fcreinander pr\u00e4sentierten auch Sch\u00fclerinnen und Sch\u00fcler und Lehrkr\u00e4fte der Konrad-Adenauer-Realschule plus: Mit einem 3D-Drucker drucken sie Gesichtsschilde zum Schutz vor Tr\u00f6pfchen-Infektionen, die an Kooperationspartner, wie zum Beispiel den Kinderschutzbund, \u00fcbergeben werden. <\/p>\n\n\n\n<p>\u201eWir wollen dieses Schuljahr trotz der schwierigen Situation f\u00fcr alle Beteiligten zu einem m\u00f6glichst guten Ende bringen. Das geht aus unserer Sicht am besten durch eine Einzelfallbetrachtung und Einzelfallentscheidung, denn Sch\u00fclerinnen und Sch\u00fcler, Eltern, Lehrkr\u00e4fte und Mitglieder der Verwaltung gehen ganz unterschiedlich mit der aktuellen Situation um. Die Fragen, die uns dabei leiten sind etwa: Wie stellte sich die schulische Situation der Sch\u00fclerin oder des Sch\u00fclers vor der Schulschlie\u00dfung dar? Wie gro\u00df ist die pers\u00f6nliche Belastung, das eigene Bedrohungsgef\u00fchl oder die famili\u00e4re Situation \u2013 auch in Bezug auf etwaige Vorerkrankungen. Welche Zukunftsperspektiven der Sch\u00fclerinnen und Sch\u00fcler m\u00fcssen mitbedacht werden, wie zum Beispiel das Erreichen von Abschl\u00fcssen, die M\u00f6glichkeit von Ausbildung und Studium oder die Qualifikationen f\u00fcr den Besuch einer weiterf\u00fchrenden Schule\u201c, betont Schulleiter Manfred Schabowski. <\/p>\n\n\n\n<p>Landaus B\u00fcrgermeister und Schuldezernent Dr. Maximilian Ingenthron betonte, dass sich die Schulen in der Stadt den Herausforderungen in hervorragender Weise gestellt h\u00e4tten. Sie alle haben ausnahmslos ein H\u00f6chstma\u00df an Verantwortungsbewusstsein bewiesen. \u201eWir sind in enger Abstimmung mit unseren Schulen und setzen mit ihnen alle erforderliche Ma\u00dfnahmen um, damit die Sch\u00fclerinnen und Sch\u00fcler ebenso wie <\/p>\n\n\n\n<p>Lehrkr\u00e4fte und nichtp\u00e4dagogische Mitarbeiterinnen und Mitarbeiter bestm\u00f6glich gesch\u00fctzt sind.\u201c Es gelte, auch die n\u00e4chsten Schritte mit viel Augenma\u00df und dem Blick f\u00fcr das Machbare und Notwendige anzugehen. \u201eDer Unterricht in den kommenden Wochen und Monaten wird ein anderer sein als der, den es vor Corona gab\u201c, so Dr. Ingenthron.<\/p>\n\n\n\n<p><em>Text: Ministerium f\u00fcr Bildung Rheinland-Pfalz Foto: Stadt Landau<br>11.05.2020<\/em><\/p>\n","protected":false},"excerpt":{"rendered":"<div class=\"mh-excerpt\"><p>Coronavirus: Fallzahlen im Landkreis S\u00fcdliche Weinstra\u00dfe und der Stadt Landau Stand Freitag, 08.05.2020, 12 Uhr Nach aktuellem Stand (8. Mai 2020, 12 Uhr) hat sich seit gestern kein weiterer Fall des Coronavirus (COVID-19) im Landkreis <a class=\"mh-excerpt-more\" href=\"https:\/\/speyer24news.com\/?p=27009\" title=\"Landau und Kreis Landau\">[&#8230;]<\/a><\/p>\n<\/div>","protected":false},"author":3,"featured_media":23857,"comment_status":"open","ping_status":"open","sticky":false,"template":"","format":"standard","meta":{"_monsterinsights_skip_tracking":false,"_monsterinsights_sitenote_active":false,"_monsterinsights_sitenote_note":"","_monsterinsights_sitenote_category":0,"footnotes":""},"categories":[675],"tags":[6926,6933,6915,6648,6367,6913,6370,5904,4727,6922,6916,5072,6919,6923,2039,2274,5925,6930,6931,6927,4966,58,6921,2962,2865,6928,3831,683,6925,528,6932,6924,2280,6920,6918,6917,6929,6914],"aioseo_notices":[],"amp_enabled":true,"_links":{"self":[{"href":"https:\/\/speyer24news.com\/index.php?rest_route=\/wp\/v2\/posts\/27009"}],"collection":[{"href":"https:\/\/speyer24news.com\/index.php?rest_route=\/wp\/v2\/posts"}],"about":[{"href":"https:\/\/speyer24news.com\/index.php?rest_route=\/wp\/v2\/types\/post"}],"author":[{"embeddable":true,"href":"https:\/\/speyer24news.com\/index.php?rest_route=\/wp\/v2\/users\/3"}],"replies":[{"embeddable":true,"href":"https:\/\/speyer24news.com\/index.php?rest_route=%2Fwp%2Fv2%2Fcomments&post=27009"}],"version-history":[{"count":1,"href":"https:\/\/speyer24news.com\/index.php?rest_route=\/wp\/v2\/posts\/27009\/revisions"}],"predecessor-version":[{"id":27021,"href":"https:\/\/speyer24news.com\/index.php?rest_route=\/wp\/v2\/posts\/27009\/revisions\/27021"}],"wp:featuredmedia":[{"embeddable":true,"href":"https:\/\/speyer24news.com\/index.php?rest_route=\/wp\/v2\/media\/23857"}],"wp:attachment":[{"href":"https:\/\/speyer24news.com\/index.php?rest_route=%2Fwp%2Fv2%2Fmedia&parent=27009"}],"wp:term":[{"taxonomy":"category","embeddable":true,"href":"https:\/\/speyer24news.com\/index.php?rest_route=%2Fwp%2Fv2%2Fcategories&post=27009"},{"taxonomy":"post_tag","embeddable":true,"href":"https:\/\/speyer24news.com\/index.php?rest_route=%2Fwp%2Fv2%2Ftags&post=27009"}],"curies":[{"name":"wp","href":"https:\/\/api.w.org\/{rel}","templated":true}]}}