{"id":27031,"date":"2020-05-12T08:45:05","date_gmt":"2020-05-12T07:45:05","guid":{"rendered":"https:\/\/speyer24news.com\/?p=27031"},"modified":"2020-05-12T08:45:05","modified_gmt":"2020-05-12T07:45:05","slug":"kirche-64","status":"publish","type":"post","link":"https:\/\/speyer24news.com\/?p=27031","title":{"rendered":"Kirche"},"content":{"rendered":"<style type=\"text\/css\">\r\n\t.ads_top_disp{}\r\n\t.ads_top_corner_disp{ float:left; margin:0px 10px 10px 0px; }\r\n\t.ads_first_p_disp{}\r\n\t.ads_bottom_disp{}\r\n\t<\/style>\n<h2 class=\"wp-block-heading\">Familien liefern H\u00f6chstleistung \u2013 Elterntalk am Tag der Familie<\/h2>\n\n\n\n<p><strong>Kaiserslautern (abg\/lk) &#8211; <\/strong>Zum internationalen Tag der Familie am Freitag l\u00e4dt unter anderem die Evangelische Arbeitsstelle Bildung und Gesellschaft zu einem Live-Vortrag im Internet ein. Unter dem Titel \u201eSchauplatz Corona \u2013 Kinder und Familien begleiten\u201c will der bekannte Familienberater und Buchautor Jan-Uwe Rogge mit Eltern ins Gespr\u00e4ch kommen.<\/p>\n\n\n\n<p>Den Termin sollten sich Eltern fest in den Kalender eintragen:<strong> Freitag, 15. Mai<\/strong> um 20 Uhr bei YouTube. Der Bestseller-Autor, Familien- und Kommunikationsexperte Jan-Uwe Rogge gibt in seinem Live-Vortrag Tipps, wie Eltern und Kinder besser durch die Corona-Zeit kommen. Danach beantwortet Rogge die Fragen der Zuschauer im Elterntalk. Mit dem kostenfreien Online-Vortrag wollen sich die 20 anerkannten Familienbildungsst\u00e4tten in Rheinland-Pfalz bei allen Familien bedanken. Ab sofort k\u00f6nnen Eltern Fragen stellen, entweder auf der Facebook-Seite der Evangelischen Arbeitsstelle oder per E-Mail an:  <a href=\"ute.dettweiler@evkirchepfalz.de\">ute.dettweiler@evkirchepfalz.de<\/a><\/p>\n\n\n\n<p>\u201eEltern, insbesondere Alleinerziehende, managen unglaublich viel f\u00fcr ihre Kinder, die Familienangeh\u00f6rigen, f\u00fcr uns alle\u201c, sagt Ute Dettweiler, Referentin f\u00fcr Familienbildung bei der Evangelischen Arbeitsstelle Bildung und Gesellschaft. Sie ist eine der Sprecherinnen der Landesarbeitsgemeinschaft Familienbildung (LAG) in Rheinland-Pfalz und Mit-Organisatorin des Digitalangebots. \u201eOhne den Einsatz der Eltern w\u00fcrden unser Alltag, das Gesundheitssystem und die Wirtschaft nicht funktionieren\u201c, sagt Dettweiler. Familien h\u00e4tten in der Zeit der Pandemie so viel geleistet und m\u00fcssten das auch weiterhin tun.<\/p>\n\n\n\n<p>Seit 50 Jahren finden in Familienbildungsst\u00e4tten Kurse sowie niedrigschwellige Beratung f\u00fcr Familien statt. Seit Mitte M\u00e4rz sind diese Corona-bedingt geschlossen. Familien erhalten w\u00e4hrenddessen telefonisch oder per E-Mail Hilfe und Unterst\u00fctzung vor Ort. Manche Kurse werden bereits online angeboten und w\u00f6chentlich kommen neue digitale Angebote hinzu.<\/p>\n\n\n\n<p>Die derzeitigen Lockerungen erm\u00f6glichen k\u00fcnftig wieder Begegnungs- und Kursangebote, wenn auch zu v\u00f6llig anderen Bedingungen. Wie viele soziale Einrichtungen stehen die evangelischen, katholischen und nichtkonfessionellen Familienbildungsst\u00e4tten vor gro\u00dfen finanziellen Herausforderungen. Die LAG begr\u00fc\u00dft au\u00dferordentlich die Projektmittel f\u00fcr digitale Ausstattung, die in dieser Woche vom Familienministerium in Aussicht gestellt wurden.<\/p>\n\n\n\n<h4 class=\"wp-block-heading\">Links:<\/h4>\n\n\n\n<p>Elterntalk: 15.05. um 20 Uhr mit Jan-Uwe Rogge &#8211; YouTube <a rel=\"noreferrer noopener\" href=\"https:\/\/deref-web-02.de\/mail\/client\/qoagMXCBClc\/dereferrer\/?redirectUrl=https%3A%2F%2Fyoutu.be%2FMgkz6XlXjo\" target=\"_blank\">https:\/\/youtu.be\/Mgkz6XlXjo<\/a><\/p>\n\n\n\n<p>Liste mit Besch\u00e4ftigungsm\u00f6glichkeiten und Bildungsangeboten f\u00fcr Familien und Kinder &#8211; Evangelische Arbeitsstelle: <a rel=\"noreferrer noopener\" href=\"https:\/\/deref-web-02.de\/mail\/client\/qC6CqEnWOxQ\/dereferrer\/?redirectUrl=https%3A%2F%2Fwww.evangelische-arbeitsstelle.de%2Findex.php%3Fid%3D151\" target=\"_blank\">https:\/\/www.evangelische-arbeitsstelle.de\/index.php?id=151<\/a><\/p>\n\n\n\n<p><em>12.05.2020<\/em><\/p>\n\n\n\n<h2 class=\"wp-block-heading\">Geschmack mit Liebe zu den Menschen verbinden<\/h2>\n\n\n\n<h3 class=\"wp-block-heading\">Kirchengemeinde Landau-Horst beliefert in Corona-Krise gef\u00e4hrdete Personen mit Essen.<\/h3>\n\n\n\n<h4 class=\"wp-block-heading\">Finanzielle Unterst\u00fctzung durch die \u201eAktion Mensch\u201c<\/h4>\n\n\n\n<div class=\"wp-block-image\"><figure class=\"aligncenter\"><img decoding=\"async\" loading=\"lazy\" width=\"800\" height=\"571\" src=\"https:\/\/speyer24news.com\/wp-content\/uploads\/2020\/05\/pumpkin-1768857_1920.jpg\" alt=\"\" class=\"wp-image-27033\" srcset=\"https:\/\/speyer24news.com\/wp-content\/uploads\/2020\/05\/pumpkin-1768857_1920.jpg 800w, https:\/\/speyer24news.com\/wp-content\/uploads\/2020\/05\/pumpkin-1768857_1920-300x214.jpg 300w, https:\/\/speyer24news.com\/wp-content\/uploads\/2020\/05\/pumpkin-1768857_1920-768x548.jpg 768w\" sizes=\"(max-width: 800px) 100vw, 800px\" \/><\/figure><\/div>\n\n\n\n<p><strong>Landau <em>(lk)<\/em> &#8211; <\/strong>Die Aktion \u201eEssen f\u00fcr Gef\u00e4hrdete\u201c der protestantischen Kirchengemeinde Landau-Horst wird von der \u201eAktion Mensch\u201c mit 17.000 Euro gef\u00f6rdert. Das hat Pfarrer Friedhelm Hans mitgeteilt. Seit Anfang April beliefert die Kirchengemeinde an Werktagen gef\u00e4hrdete oder beeintr\u00e4chtigte Personen mit einem vollst\u00e4ndigen Mittagessen. Neben der Hilfe f\u00fcr von der Corona-Pandemie Betroffene sichert der Essensservice auch die Besch\u00e4ftigung der vorhandenen Arbeitskr\u00e4fte im Hauswirtschaftsbereich des protestantischen Kindergartens.<\/p>\n\n\n\n<p>Mit der finanziellen Unterst\u00fctzung der \u201eAktion Mensch\u201c k\u00f6nne die zun\u00e4chst auf sieben Monate begrenzte Ma\u00dfnahme der Kirchengemeinde fortgesetzt werden. Die Gemeinde denke sogar daran, die Aktion \u201eEssen f\u00fcr Gef\u00e4hrdete\u201c auf Dauer einzurichten, erkl\u00e4rte Friedhelm Hans. Eine \u201eKonkurrenz\u201c zu Einrichtungen wie \u201eEssen auf R\u00e4dern\u201c g\u00e4be es nicht, derzeit seien die Anbieter \u00fcberlastet. Mit dem Angebot der Kirchengemeinde k\u00f6nne die vorhandene Kindergartenk\u00fcche besser ausgelastet werden, sagte der Pfarrer. Die vorhandenen Kapazit\u00e4ten seien bei Bedarf ausbauf\u00e4hig.<\/p>\n\n\n\n<p>Die Resonanz auf die Aktion \u201eEssen f\u00fcr Gef\u00e4hrdete\u201c ist nach Aussage von Pfarrer Friedhelm Hans positiv. Das Essen werde aus frisch eingekaufter Ware vor Ort zubereitet, sei gesundheitsbewusst und vielseitig. \u201eUnsere Hauswirtschafterin verf\u00fcgt nicht nur \u00fcber eine jahrelange Erfahrung, sondern versteht es, Geschmack mit Liebe zu den Menschen zu verbinden\u201c, erkl\u00e4rte Hans. Ein gehbehindertes Gemeindeglied habe nach einem \u201eProbeessen\u201c eine Dauerbestellung aufgegeben. Ein anderer Bezieher habe wiederholt gesagt: \u201eDie Qualit\u00e4t und die Menge waren ausgezeichnet! &#8211; Es hat geschmeckt! Danke.\u201c<\/p>\n\n\n\n<p>Der Zuschuss der \u201eAktion Mensch\u201c ist nach Auskunft von Pfarrer Hans in Zusammenarbeit mit dem Diakonischen Werk Speyer und dem Diakonischen Werk der Evangelischen Kirche in Deutschland in Berlin zustande gekommen. Organisatorische Hilfe sei zudem vom Leiter des Protestantischen Verwaltungsamts Landau geleistet worden.<\/p>\n\n\n\n<p><em>12.05.2020<\/em><\/p>\n\n\n\n<h2 class=\"wp-block-heading\"><strong>Maiandacht im Dom <\/strong><\/h2>\n\n\n\n<h3 class=\"wp-block-heading\"><strong>Feier mit Bischof Dr. Karl-Heinz Wiesemann zum Marienmonat \u2013 Anmeldung erforderlich<\/strong><\/h3>\n\n\n\n<div class=\"wp-block-image\"><figure class=\"aligncenter\"><img decoding=\"async\" loading=\"lazy\" width=\"800\" height=\"600\" src=\"https:\/\/speyer24news.com\/wp-content\/uploads\/2020\/05\/MutterGottes_Dom-2_m.jpg\" alt=\"\" class=\"wp-image-27032\" srcset=\"https:\/\/speyer24news.com\/wp-content\/uploads\/2020\/05\/MutterGottes_Dom-2_m.jpg 800w, https:\/\/speyer24news.com\/wp-content\/uploads\/2020\/05\/MutterGottes_Dom-2_m-300x225.jpg 300w, https:\/\/speyer24news.com\/wp-content\/uploads\/2020\/05\/MutterGottes_Dom-2_m-768x576.jpg 768w, https:\/\/speyer24news.com\/wp-content\/uploads\/2020\/05\/MutterGottes_Dom-2_m-678x509.jpg 678w, https:\/\/speyer24news.com\/wp-content\/uploads\/2020\/05\/MutterGottes_Dom-2_m-326x245.jpg 326w, https:\/\/speyer24news.com\/wp-content\/uploads\/2020\/05\/MutterGottes_Dom-2_m-80x60.jpg 80w\" sizes=\"(max-width: 800px) 100vw, 800px\" \/><figcaption>Gnadenbild im Dom \u00a9 <em>Domkapitel Speyer, Foto: Joachim Weller<\/em><\/figcaption><\/figure><\/div>\n\n\n\n<p><strong>Speyer &#8211; <\/strong>Am Samstag, 16. Mai, 18 Uhr feiert Bischof Dr. Karl-Heinz Wiesemann im Dom zu Speyer eine Maiandacht. Die musikalische Gestaltung \u00fcbernimmt eine Frauenschola der Dommusik unter Leitung von Domkapellmeister Markus Melchiori. Die Orgel spielt Domorganist Markus Eichenlaub.<\/p>\n\n\n\n<p>Wie alle Feiern und Gottesdienste findet die Andacht unter Ber\u00fccksichtigung des Hygiene-Schutzkonzepts des Bistums Speyer statt. Im Dom ist gem\u00e4\u00df der Vereinbarung mit der Landesregierung nur eine begrenzte Zahl von Personen nach vorheriger Anmeldung zur Mitfeier zugelassen. Anmeldungen f\u00fcr die Maiandacht mit dem Bischof nimmt die Dompfarrei&nbsp;Pax Christi ab dem 11. Mai telefonisch entgegen (Tel. 06232 \u2013 102 140). Dabei m\u00fcssen Name, Adresse und Telefonnummer hinterlassen werden, um sp\u00e4ter m\u00f6glicherweise Infektionsketten nachverfolgen zu k\u00f6nnen. <\/p>\n\n\n\n<p>Da die Anzahl der Teilnehmerinnen und Teilnehmer begrenzt ist, wird die Andacht live \u00fcber die Homepages und Social-Media-Pr\u00e4senzen von Bistum und Dom sowie nat\u00fcrlich auf Speyer 24\/7 News \u00fcbertragen.<\/p>\n\n\n\n<h4 class=\"wp-block-heading\"><strong>Zum Hintergrund: Maiandachten<\/strong><\/h4>\n\n\n\n<p>Eine Maiandacht ist ein Wortgottesdienst im Monat Mai, in dem Maria verehrt wird. Die Maiandachten entstanden im 18. Jahrhundert in Norditalien und verbreiteten sich bald \u00fcber die ganze Welt. Maria gilt bereits seit der Sp\u00e4tantike sinnbildlich als die sch\u00f6nste \u201eBlume\u201c im \u201eGarten\u201c Gottes, weil ihr Leben ganz von Gott gepr\u00e4gt war. Der Mai aber ist der Bl\u00fcten- und Blumenmonat, so dass eine Verbindung mit der Gottesmutter nahe liegt.<\/p>\n\n\n\n<p><em>Text: Bistum Speyer Foto: Domkapitel Speyer, Joachim Weller<br>12.05.2020<\/em><\/p>\n","protected":false},"excerpt":{"rendered":"<div class=\"mh-excerpt\"><p>Familien liefern H\u00f6chstleistung \u2013 Elterntalk am Tag der Familie Kaiserslautern (abg\/lk) &#8211; Zum internationalen Tag der Familie am Freitag l\u00e4dt unter anderem die Evangelische Arbeitsstelle Bildung und Gesellschaft zu einem Live-Vortrag im Internet ein. Unter <a class=\"mh-excerpt-more\" href=\"https:\/\/speyer24news.com\/?p=27031\" title=\"Kirche\">[&#8230;]<\/a><\/p>\n<\/div>","protected":false},"author":3,"featured_media":26096,"comment_status":"open","ping_status":"open","sticky":false,"template":"","format":"standard","meta":{"_monsterinsights_skip_tracking":false,"_monsterinsights_sitenote_active":false,"_monsterinsights_sitenote_note":"","_monsterinsights_sitenote_category":0,"footnotes":""},"categories":[120],"tags":[6937,174,6401,6370,2360,2897,121,58,6939,6938],"aioseo_notices":[],"amp_enabled":true,"_links":{"self":[{"href":"https:\/\/speyer24news.com\/index.php?rest_route=\/wp\/v2\/posts\/27031"}],"collection":[{"href":"https:\/\/speyer24news.com\/index.php?rest_route=\/wp\/v2\/posts"}],"about":[{"href":"https:\/\/speyer24news.com\/index.php?rest_route=\/wp\/v2\/types\/post"}],"author":[{"embeddable":true,"href":"https:\/\/speyer24news.com\/index.php?rest_route=\/wp\/v2\/users\/3"}],"replies":[{"embeddable":true,"href":"https:\/\/speyer24news.com\/index.php?rest_route=%2Fwp%2Fv2%2Fcomments&post=27031"}],"version-history":[{"count":1,"href":"https:\/\/speyer24news.com\/index.php?rest_route=\/wp\/v2\/posts\/27031\/revisions"}],"predecessor-version":[{"id":27034,"href":"https:\/\/speyer24news.com\/index.php?rest_route=\/wp\/v2\/posts\/27031\/revisions\/27034"}],"wp:featuredmedia":[{"embeddable":true,"href":"https:\/\/speyer24news.com\/index.php?rest_route=\/wp\/v2\/media\/26096"}],"wp:attachment":[{"href":"https:\/\/speyer24news.com\/index.php?rest_route=%2Fwp%2Fv2%2Fmedia&parent=27031"}],"wp:term":[{"taxonomy":"category","embeddable":true,"href":"https:\/\/speyer24news.com\/index.php?rest_route=%2Fwp%2Fv2%2Fcategories&post=27031"},{"taxonomy":"post_tag","embeddable":true,"href":"https:\/\/speyer24news.com\/index.php?rest_route=%2Fwp%2Fv2%2Ftags&post=27031"}],"curies":[{"name":"wp","href":"https:\/\/api.w.org\/{rel}","templated":true}]}}