{"id":27035,"date":"2020-05-12T09:12:49","date_gmt":"2020-05-12T08:12:49","guid":{"rendered":"https:\/\/speyer24news.com\/?p=27035"},"modified":"2020-05-12T09:12:50","modified_gmt":"2020-05-12T08:12:50","slug":"speyer-24","status":"publish","type":"post","link":"https:\/\/speyer24news.com\/?p=27035","title":{"rendered":"Speyer"},"content":{"rendered":"<style type=\"text\/css\">\r\n\t.ads_top_disp{}\r\n\t.ads_top_corner_disp{ float:left; margin:0px 10px 10px 0px; }\r\n\t.ads_first_p_disp{}\r\n\t.ads_bottom_disp{}\r\n\t<\/style>\n<h2 class=\"wp-block-heading\">Coronafallzahlen aus Speyer<\/h2>\n\n\n\n<figure class=\"wp-block-image\"><img decoding=\"async\" loading=\"lazy\" width=\"800\" height=\"400\" src=\"https:\/\/speyer24news.com\/wp-content\/uploads\/2020\/02\/virus-1812092_1920.jpg\" alt=\"\" class=\"wp-image-25128\" srcset=\"https:\/\/speyer24news.com\/wp-content\/uploads\/2020\/02\/virus-1812092_1920.jpg 800w, https:\/\/speyer24news.com\/wp-content\/uploads\/2020\/02\/virus-1812092_1920-300x150.jpg 300w, https:\/\/speyer24news.com\/wp-content\/uploads\/2020\/02\/virus-1812092_1920-768x384.jpg 768w\" sizes=\"(max-width: 800px) 100vw, 800px\" \/><\/figure>\n\n\n\n<h3 class=\"wp-block-heading\">Montag 11.05.2020<\/h3>\n\n\n\n<p><strong>Anzahl best\u00e4tigter F\u00e4lle von Coronavirus (SARS-CoV-2)-Infektionen in der Stadt Speyer: 83                 + 1 im Vergleich zu Freitag<br>Davon bereits genesen: 67      + 8 im Vergleich zu Freitag<br>Personen in Quarant\u00e4ne: 15   &#8211; 21 im Vergleich zu Freitag<\/strong><\/p>\n\n\n\n<p><em>Stand: 11.05.2020, 15:00 Uhr<\/em><\/p>\n\n\n\n<p><em>Text: Stadtverwaltung Speyer Foto: pixabay.com<br>12.05.2020<\/em><\/p>\n\n\n\n<h2 class=\"wp-block-heading\"><strong>Neue Regelungen f\u00fcr standesamtliche Trauungen und Trauerfeiern<\/strong><\/h2>\n\n\n\n<div class=\"wp-block-image\"><figure class=\"aligncenter\"><img decoding=\"async\" loading=\"lazy\" width=\"800\" height=\"533\" src=\"https:\/\/speyer24news.com\/wp-content\/uploads\/2020\/05\/people-2595862_1920.jpg\" alt=\"\" class=\"wp-image-27036\" srcset=\"https:\/\/speyer24news.com\/wp-content\/uploads\/2020\/05\/people-2595862_1920.jpg 800w, https:\/\/speyer24news.com\/wp-content\/uploads\/2020\/05\/people-2595862_1920-300x200.jpg 300w, https:\/\/speyer24news.com\/wp-content\/uploads\/2020\/05\/people-2595862_1920-768x512.jpg 768w\" sizes=\"(max-width: 800px) 100vw, 800px\" \/><\/figure><\/div>\n\n\n\n<p>Mit den behutsamen Lockerungen im Kampf gegen die Ausbreitung der Corona-Pandemie hat sich der Speyerer Stadtvorstand auch f\u00fcr entsprechende\n Anpassungen im Bereich der standesamtlichen Trauungen und Trauerfeiern entschieden. Diese gelten ab sofort.\n<\/p>\n\n\n\n<p>\u201eGerade im Bereich des Standesamtes haben wir es mit hochemotionalen Momenten zu tun. Brautpaare haben nicht selten monatelang ihre\n Hochzeit geplant und m\u00f6chten den sch\u00f6nsten Tag im Leben gemeinsam mit ihren Angeh\u00f6rigen feiern. Trauerg\u00e4ste haben indes einen schmerzlichen Verlust erlebt, m\u00f6chten Abschied nehmen und finden Trost in der Anwesenheit von Familie und Freunden. Das sind Anl\u00e4sse,\n die sich nur schwer &#8211; oder im Bereich der Trauerfeiern gar nicht &#8211; verschieben oder nachholen lassen. Da nun in vielen Bereichen erste Lockerungen der coronabedingten Einschr\u00e4nkungen in Kraft getreten sind, haben wir uns im Stadtvorstand auch f\u00fcr neue, gelockerte\n Regelungen im Bereich der standesamtlichen Trauungen und Trauerfeiern entschieden und hoffen, den Brautpaaren und Trauergemeinden hiermit ein St\u00fcck Normalit\u00e4t zur\u00fcckgeben zu k\u00f6nnen\u201c, betont Oberb\u00fcrgermeisterin Stefanie Seiler.<\/p>\n\n\n\n<p>Im Bereich der standesamtlichen Trauungen ist G\u00e4stezahl zwar weiterhin auf den engsten Angeh\u00f6rigen- und Familienkreis beschr\u00e4nkt, allerdings  d\u00fcrfen gem\u00e4\u00df der neuen Regelungen nun maximal neun Personen, inklusive Brautpaar und Standesbeamt*in, im Trausaal im Historischen Rathaus anwesend sein. Demnach darf jedes Brautpaar sechs G\u00e4ste mitbringen. Diese Zahl ergibt sich aus den r\u00e4umlichen Gegebenheiten  und dem einzuhaltenden Mindestabstand zwischen den Hochzeitsg\u00e4sten. Die Stadtverwaltung weist darauf hin, dass aus diesem Grund auch keine Stehpl\u00e4tze f\u00fcr weitere G\u00e4ste zur Verf\u00fcgung stehen. Das Tragen einer Mund-Nasen-Bedeckung  ist f\u00fcr die Hochzeitsg\u00e4ste, Trauzeug*innen und Fotograf*innen verpflichtend \u2013 ausgenommen von dieser Verpflichtung ist das Brautpaar selbst, solange es zu anderen G\u00e4sten den erforderlichen Mindestabstand einh\u00e4lt.<\/p>\n\n\n\n<h4 class=\"wp-block-heading\">Lesen sie hier die Corona-Beschr\u00e4nkungen zu Trauungen als pdf:<\/h4>\n\n\n\n<div class=\"wp-block-file\"><a href=\"https:\/\/speyer24news.com\/wp-content\/uploads\/2020\/05\/Trauungen-Info-Corona-Vorsoge-HP-08-05-2020-002.pdf\">Trauungen-Info-Corona-Vorsoge-HP-08-05-2020-002<\/a><a href=\"https:\/\/speyer24news.com\/wp-content\/uploads\/2020\/05\/Trauungen-Info-Corona-Vorsoge-HP-08-05-2020-002.pdf\" class=\"wp-block-file__button\" download>Herunterladen<\/a><\/div>\n\n\n\n<div class=\"wp-block-image\"><figure class=\"aligncenter\"><img decoding=\"async\" loading=\"lazy\" width=\"800\" height=\"533\" src=\"https:\/\/speyer24news.com\/wp-content\/uploads\/2020\/05\/death-2421820_1920.jpg\" alt=\"\" class=\"wp-image-27040\" srcset=\"https:\/\/speyer24news.com\/wp-content\/uploads\/2020\/05\/death-2421820_1920.jpg 800w, https:\/\/speyer24news.com\/wp-content\/uploads\/2020\/05\/death-2421820_1920-300x200.jpg 300w, https:\/\/speyer24news.com\/wp-content\/uploads\/2020\/05\/death-2421820_1920-768x512.jpg 768w\" sizes=\"(max-width: 800px) 100vw, 800px\" \/><\/figure><\/div>\n\n\n\n<p>Die Trauerhalle auf dem Friedhof ist ab dem Montag, 11. Mai 2020 wieder f\u00fcr Trauerferien mit maximal 20 G\u00e4sten ge\u00f6ffnet. Um  den Mindestabstand einhalten zu k\u00f6nnen, stehen auch hier keine Stehpl\u00e4tze f\u00fcr weitere G\u00e4ste zur Verf\u00fcgung. Die Trauerg\u00e4ste sind dar\u00fcber hinaus verpflichtet, eine Mund-Nasen-Bedeckung zu tragen. <\/p>\n\n\n\n<p>Alle weiteren bisher g\u00fcltigen Einschr\u00e4nkungen und Schutzma\u00dfnahmen bleiben in Kraft und k\u00f6nnen vollumf\u00e4nglich beigef\u00fcgten Dokumenten  entnommen werden. <\/p>\n\n\n\n<h4 class=\"wp-block-heading\">Lesen sie hier die Corona-Beschr\u00e4nkungen zu Trauerfeiern als pdf:<\/h4>\n\n\n\n<div class=\"wp-block-file\"><a href=\"https:\/\/speyer24news.com\/wp-content\/uploads\/2020\/05\/Standesamt-Speyer-Friedhofsinfo-Corona-Vorsorge-08-05-20.pdf\">Standesamt-Speyer-Friedhofsinfo-Corona-Vorsorge-08-05-20<\/a><a href=\"https:\/\/speyer24news.com\/wp-content\/uploads\/2020\/05\/Standesamt-Speyer-Friedhofsinfo-Corona-Vorsorge-08-05-20.pdf\" class=\"wp-block-file__button\" download>Herunterladen<\/a><\/div>\n\n\n\n<p><em>Text: Stadtverwaltung Speyer Foto: pixabay.com<\/em><br><em>12.05.2020<\/em><\/p>\n\n\n\n<h2 class=\"wp-block-heading\"><strong>St\u00e4dtische Galerie und Kunstverein \u00f6ffnen am Donnerstag<\/strong><\/h2>\n\n\n\n<div class=\"wp-block-image\"><figure class=\"aligncenter\"><img decoding=\"async\" loading=\"lazy\" width=\"640\" height=\"480\" src=\"https:\/\/speyer24news.com\/wp-content\/uploads\/2020\/05\/DSC08105.jpg\" alt=\"\" class=\"wp-image-27041\" srcset=\"https:\/\/speyer24news.com\/wp-content\/uploads\/2020\/05\/DSC08105.jpg 640w, https:\/\/speyer24news.com\/wp-content\/uploads\/2020\/05\/DSC08105-300x225.jpg 300w, https:\/\/speyer24news.com\/wp-content\/uploads\/2020\/05\/DSC08105-326x245.jpg 326w, https:\/\/speyer24news.com\/wp-content\/uploads\/2020\/05\/DSC08105-80x60.jpg 80w\" sizes=\"(max-width: 640px) 100vw, 640px\" \/><\/figure><\/div>\n\n\n\n<p>Die St\u00e4dtische Galerie und der Kunstverein Speyer im Kulturhof Flachsgasse werden am Donnerstag wieder ihre R\u00e4umlichkeiten f\u00fcr Besucherinnen und Besucher \u00f6ffnen. Der Kunstverein er\u00f6ffnet nach der Corona-Zwangspause seine Ausstellungst\u00e4tigkeit  mit einer Spontan-Ausstellung in Zusammenarbeit mit dem K\u00fcnstlerbund Speyer. 19 K\u00fcnstler haben sich zusammengefunden und zeigen unter dem Titel \u201emoments\u201c \u00a0vom 14. Mai bis zum 21. Juni aktuelle Arbeiten. In der st\u00e4dtischen Galerie ist unter dem Titel \u201esingen  und klagen\u201c noch bis zum 14. Juni die Ausstellung der international anerkannten K\u00fcnstlerin Madeleine Dietz zu sehen. Mund- und Nasenschutz sind Pflicht f\u00fcr den Besuch der Ausstellungen, die donnerstags bis sonntags, \u00a0jeweils 11:00 &#8211; 18:00 Uhr, f\u00fcr Besucher  ge\u00f6ffnet sind. Der Eintritt ist frei!<\/p>\n\n\n\n<p><em>Text: Stadtverwaltung Speyer Foto: Speyer 24\/7 News, dak<\/em><br><em>12.05.2020<\/em><\/p>\n","protected":false},"excerpt":{"rendered":"<div class=\"mh-excerpt\"><p>Coronafallzahlen aus Speyer Montag 11.05.2020 Anzahl best\u00e4tigter F\u00e4lle von Coronavirus (SARS-CoV-2)-Infektionen in der Stadt Speyer: 83 + 1 im Vergleich zu FreitagDavon bereits genesen: 67 + 8 im Vergleich zu FreitagPersonen in Quarant\u00e4ne: 15 &#8211; <a class=\"mh-excerpt-more\" href=\"https:\/\/speyer24news.com\/?p=27035\" title=\"Speyer\">[&#8230;]<\/a><\/p>\n<\/div>","protected":false},"author":3,"featured_media":23902,"comment_status":"open","ping_status":"open","sticky":false,"template":"","format":"standard","meta":{"_monsterinsights_skip_tracking":false,"_monsterinsights_sitenote_active":false,"_monsterinsights_sitenote_note":"","_monsterinsights_sitenote_category":0,"footnotes":""},"categories":[9],"tags":[6940,5904,6358,5801,6944,6,3631,704,6943,6941],"aioseo_notices":[],"amp_enabled":true,"_links":{"self":[{"href":"https:\/\/speyer24news.com\/index.php?rest_route=\/wp\/v2\/posts\/27035"}],"collection":[{"href":"https:\/\/speyer24news.com\/index.php?rest_route=\/wp\/v2\/posts"}],"about":[{"href":"https:\/\/speyer24news.com\/index.php?rest_route=\/wp\/v2\/types\/post"}],"author":[{"embeddable":true,"href":"https:\/\/speyer24news.com\/index.php?rest_route=\/wp\/v2\/users\/3"}],"replies":[{"embeddable":true,"href":"https:\/\/speyer24news.com\/index.php?rest_route=%2Fwp%2Fv2%2Fcomments&post=27035"}],"version-history":[{"count":2,"href":"https:\/\/speyer24news.com\/index.php?rest_route=\/wp\/v2\/posts\/27035\/revisions"}],"predecessor-version":[{"id":27042,"href":"https:\/\/speyer24news.com\/index.php?rest_route=\/wp\/v2\/posts\/27035\/revisions\/27042"}],"wp:featuredmedia":[{"embeddable":true,"href":"https:\/\/speyer24news.com\/index.php?rest_route=\/wp\/v2\/media\/23902"}],"wp:attachment":[{"href":"https:\/\/speyer24news.com\/index.php?rest_route=%2Fwp%2Fv2%2Fmedia&parent=27035"}],"wp:term":[{"taxonomy":"category","embeddable":true,"href":"https:\/\/speyer24news.com\/index.php?rest_route=%2Fwp%2Fv2%2Fcategories&post=27035"},{"taxonomy":"post_tag","embeddable":true,"href":"https:\/\/speyer24news.com\/index.php?rest_route=%2Fwp%2Fv2%2Ftags&post=27035"}],"curies":[{"name":"wp","href":"https:\/\/api.w.org\/{rel}","templated":true}]}}