{"id":27057,"date":"2020-05-14T08:19:14","date_gmt":"2020-05-14T07:19:14","guid":{"rendered":"https:\/\/speyer24news.com\/?p=27057"},"modified":"2020-05-14T08:19:14","modified_gmt":"2020-05-14T07:19:14","slug":"schwetzingen-44","status":"publish","type":"post","link":"https:\/\/speyer24news.com\/?p=27057","title":{"rendered":"Schwetzingen"},"content":{"rendered":"<style type=\"text\/css\">\r\n\t.ads_top_disp{}\r\n\t.ads_top_corner_disp{ float:left; margin:0px 10px 10px 0px; }\r\n\t.ads_first_p_disp{}\r\n\t.ads_bottom_disp{}\r\n\t<\/style>\n<h2 class=\"wp-block-heading\">\u201eDie Welt um 1500 \u2013 Aufbruch und Wandel\u201c <\/h2>\n\n\n\n<h3 class=\"wp-block-heading\">Schwetzinger Sonderausstellung in Schrobenhausen nun online<\/h3>\n\n\n\n<div class=\"wp-block-image\"><figure class=\"aligncenter\"><img decoding=\"async\" loading=\"lazy\" width=\"800\" height=\"450\" src=\"https:\/\/speyer24news.com\/wp-content\/uploads\/2020\/05\/Abb.-1.jpeg\" alt=\"\" class=\"wp-image-27084\" srcset=\"https:\/\/speyer24news.com\/wp-content\/uploads\/2020\/05\/Abb.-1.jpeg 800w, https:\/\/speyer24news.com\/wp-content\/uploads\/2020\/05\/Abb.-1-300x169.jpeg 300w, https:\/\/speyer24news.com\/wp-content\/uploads\/2020\/05\/Abb.-1-768x432.jpeg 768w, https:\/\/speyer24news.com\/wp-content\/uploads\/2020\/05\/Abb.-1-678x381.jpeg 678w\" sizes=\"(max-width: 800px) 100vw, 800px\" \/><\/figure><\/div>\n\n\n\n<p>Seit dem 16. Februar 2020 wird die Schwetzinger Sonderausstellung \u201eDie Welt um 1500 \u2013 Aufbruch und Wandel\u201c, die zwischen dem 12. Oktober 2019 und dem 12. Januar 2020 im Karl-W\u00f6rn-Haus, Museum der Stadt Schwetzingen gezeigt wurde, nun in Schwetzingens j\u00fcngster Partnerstadt, im oberbayerischen Schrobenhausen pr\u00e4sentiert. <\/p>\n\n\n\n<p>Sie zeigt kulturhistorische Modellfiguren, die welthistorisch bedeutsame Ereignisse und Entwicklungen um 1500 thematisieren. Aufgrund des Betriebsverbotes f\u00fcr Museen in der CoronavirusPandemie musste die Ausstellung jedoch schon wenige Wochen nach ihrer Er\u00f6ffnung wieder f\u00fcr den Besucherverkehr geschlossen werden.   <\/p>\n\n\n\n<div class=\"wp-block-image\"><figure class=\"aligncenter\"><img decoding=\"async\" loading=\"lazy\" width=\"800\" height=\"450\" src=\"https:\/\/speyer24news.com\/wp-content\/uploads\/2020\/05\/Abb.-2-1.jpeg\" alt=\"\" class=\"wp-image-27085\" srcset=\"https:\/\/speyer24news.com\/wp-content\/uploads\/2020\/05\/Abb.-2-1.jpeg 800w, https:\/\/speyer24news.com\/wp-content\/uploads\/2020\/05\/Abb.-2-1-300x169.jpeg 300w, https:\/\/speyer24news.com\/wp-content\/uploads\/2020\/05\/Abb.-2-1-768x432.jpeg 768w, https:\/\/speyer24news.com\/wp-content\/uploads\/2020\/05\/Abb.-2-1-678x381.jpeg 678w\" sizes=\"(max-width: 800px) 100vw, 800px\" \/><\/figure><\/div>\n\n\n\n<p>Um der interessierten \u00d6ffentlichkeit dennoch die M\u00f6glichkeit zu geben, die Modellfiguren zu erleben und \u00fcber deren Hintergr\u00fcnde zu erfahren, hat das Schrobenhausener Museumsteam bestehend aus Claudia Freitag-Mair und Monika Schierl mit Unterst\u00fctzung des Karl-W\u00f6rn-Hauses ein Online-Angebot entwickelt. Hochaufl\u00f6sende Bilder der Exponate werden durch ausf\u00fchrliche Erkl\u00e4rungen zu deren geschichtlichen Hintergr\u00fcnden erg\u00e4nzt. Auf diese Weise ist es nun m\u00f6glich, die Ausstellung kostenfrei, zu jeder Tages- und Nachtzeit sowie unabh\u00e4ngig vom Ort zu \u201ebesichtigen\u201c.  <\/p>\n\n\n\n<div class=\"wp-block-image\"><figure class=\"aligncenter\"><img decoding=\"async\" loading=\"lazy\" width=\"800\" height=\"450\" src=\"https:\/\/speyer24news.com\/wp-content\/uploads\/2020\/05\/Abb.-3.jpeg\" alt=\"\" class=\"wp-image-27086\" srcset=\"https:\/\/speyer24news.com\/wp-content\/uploads\/2020\/05\/Abb.-3.jpeg 800w, https:\/\/speyer24news.com\/wp-content\/uploads\/2020\/05\/Abb.-3-300x169.jpeg 300w, https:\/\/speyer24news.com\/wp-content\/uploads\/2020\/05\/Abb.-3-768x432.jpeg 768w, https:\/\/speyer24news.com\/wp-content\/uploads\/2020\/05\/Abb.-3-678x381.jpeg 678w\" sizes=\"(max-width: 800px) 100vw, 800px\" \/><\/figure><\/div>\n\n\n\n<p>Die Online-Ausstellung ist unter folgendem Link abrufbar: <a href=\"https:\/\/www.schrobenhausen.de\/de\/KulturTourismus\/Sonderausstellungen\/Die-Welt-um-1500-Aufbruch-und-Wandel \">https:\/\/www.schrobenhausen.de\/de\/KulturTourismus\/Sonderausstellungen\/Die-Welt-um-1500-Aufbruch-und-Wandel <\/a> Ab Samstag, den 16. Mai, kann die Ausstellung zu den gewohnten \u00d6ffnungszeiten auch wieder im Museum im Pflegschloss in Schrobenhausen besichtigt werden. Sie ist dort noch bis zum 21. Juni zu sehen. <\/p>\n\n\n\n<p><em>Karl-W\u00f6rn-Haus, Museum der Stadt Schwetzingen<br>14.05.2020<\/em><\/p>\n\n\n\n<h2 class=\"wp-block-heading\"><strong>Corona-Krise: Firma Futterer spendet Desinfektionsmittel<\/strong><\/h2>\n\n\n\n<div class=\"wp-block-image\"><figure class=\"aligncenter\"><img decoding=\"async\" loading=\"lazy\" width=\"800\" height=\"658\" src=\"https:\/\/speyer24news.com\/wp-content\/uploads\/2020\/05\/Spende-Desinfektion-Fa-Futterer.jpg\" alt=\"\" class=\"wp-image-27083\" srcset=\"https:\/\/speyer24news.com\/wp-content\/uploads\/2020\/05\/Spende-Desinfektion-Fa-Futterer.jpg 800w, https:\/\/speyer24news.com\/wp-content\/uploads\/2020\/05\/Spende-Desinfektion-Fa-Futterer-300x247.jpg 300w, https:\/\/speyer24news.com\/wp-content\/uploads\/2020\/05\/Spende-Desinfektion-Fa-Futterer-768x632.jpg 768w\" sizes=\"(max-width: 800px) 100vw, 800px\" \/><\/figure><\/div>\n\n\n\n<p>Sch\u00f6ne Geste von der Schwetzinger Firma Rudolf Futterer in der Corona Krise: Die Spirituosenhandlung in der Wildemannstra\u00dfe spendete insgesamt 50 Liter Handdesinfektionsmittel an die  Stadtverwaltung. Als Edelbranntweinbrennerei ist die Firma in der Lage, Desinfektionsmittel aus reinem Alkohol selbst herzustellen. Die 10 Liter Kanister werden jetzt an die Schulen und die Kernzeiteinrichtungen verteilt, wo sie aktuell ben\u00f6tigt werden. Bauamtsmitarbeiter  Manolito Dirker (rechts) nahm stellvertretend f\u00fcr die Stadt die Spende von Gesch\u00e4ftsf\u00fchrer Rudolf M\u00fcller entgegen. Die Stadt ist der Firma Futterer sehr dankbar f\u00fcr diese hilfreiche Spende, da es aktuell aufgrund der gro\u00dfen Nachfrage durch die Corona Pandemie  nicht einfach ist, bei den g\u00e4ngigen Anbietern an gr\u00f6\u00dfere Mengen Desinfektionsmittel zu gelangen.<\/p>\n\n\n\n<p><em>Stadtverwaltung Schwetzingen<\/em><br><em>14.05.2020<\/em><\/p>\n\n\n\n<h2 class=\"wp-block-heading\"><strong>Keine Beglaubigungssprechstunde im Juni<\/strong><\/h2>\n\n\n\n<figure class=\"wp-block-image\"><img decoding=\"async\" loading=\"lazy\" width=\"800\" height=\"440\" src=\"https:\/\/speyer24news.com\/wp-content\/uploads\/2020\/03\/no-1532826_1920.png\" alt=\"\" class=\"wp-image-25973\" srcset=\"https:\/\/speyer24news.com\/wp-content\/uploads\/2020\/03\/no-1532826_1920.png 800w, https:\/\/speyer24news.com\/wp-content\/uploads\/2020\/03\/no-1532826_1920-300x165.png 300w, https:\/\/speyer24news.com\/wp-content\/uploads\/2020\/03\/no-1532826_1920-768x422.png 768w\" sizes=\"(max-width: 800px) 100vw, 800px\" \/><\/figure>\n\n\n\n<p>Die Beglaubigungssprechstunde am 26.06.2020 findet wegen einer Verhinderung des Mitarbeiters der Betreuungsbeh\u00f6rde des Landratsamts Rhein-Neckar-Kreis nicht statt. Ein neuer Termin  im 3. Quartal wird zeitnah auf der Homepage der Stadt unter Generationenb\u00fcro und in der Presse ver\u00f6ffentlicht. Der Termin am 13.11.2020 findet statt. Die B\u00fcrger haben aber jederzeit die M\u00f6glichkeit die Beglaubigung direkt in der Betreuungsbeh\u00f6rde (LRA Rhein-Neckar-Kreis),  Kurf\u00fcrsten-Anlage 38-40, 69115 Heidelberg durchf\u00fchren zu lassen. Vorherige Terminvereinbarung unter der Nummer 06221\/522-2173 ist erforderlich.<\/p>\n\n\n\n<p><em>Stadtverwaltung Schwetzingen<br>14.05.2020<\/em><\/p>\n\n\n\n<h2 class=\"wp-block-heading\"><strong>Trotz Corona laufen die Arbeiten am Neubau der Schimper-Gemeinschaftsschule<\/strong><\/h2>\n\n\n\n<h3 class=\"wp-block-heading\"><strong>Dennoch Verz\u00f6gerungen bei der Inbetriebnahme<\/strong><\/h3>\n\n\n\n<div class=\"wp-block-image\"><figure class=\"aligncenter\"><img decoding=\"async\" loading=\"lazy\" width=\"800\" height=\"509\" src=\"https:\/\/speyer24news.com\/wp-content\/uploads\/2020\/05\/Schimper_Zwischen-alt-und-neu-002.jpg\" alt=\"\" class=\"wp-image-27058\" srcset=\"https:\/\/speyer24news.com\/wp-content\/uploads\/2020\/05\/Schimper_Zwischen-alt-und-neu-002.jpg 800w, https:\/\/speyer24news.com\/wp-content\/uploads\/2020\/05\/Schimper_Zwischen-alt-und-neu-002-300x191.jpg 300w, https:\/\/speyer24news.com\/wp-content\/uploads\/2020\/05\/Schimper_Zwischen-alt-und-neu-002-768x489.jpg 768w\" sizes=\"(max-width: 800px) 100vw, 800px\" \/><\/figure><\/div>\n\n\n\n<p>Mit blauen Bauhelmen und dem Corona-Mundschutz ausgestattet, waren fast genau ein Jahr nach dem Richtfest Oberb\u00fcrgermeister\n Dr. Ren\u00e9 P\u00f6ltl und seine Amtskollegen Jens Gei\u00df, Oftersheim, und Nils Drescher, Plankstadt, sowie das Schulleiterteam mit Nicole Winkler-Engelhardt, Marco Kristen und Dirk Marschall auf der Baustelle vor Ort, um sich einen Einblick in den Bauablauf und in\n den Innenausbau des Schulgeb\u00e4udes zu verschaffen.&nbsp;<\/p>\n\n\n\n<p>Im Rahmen einer Baustellenbegehung stellte der Gesch\u00e4ftsf\u00fchrer des Zweckverbandes Unterer Leimbach Matthias\n Steffan die Kosten, den Zeitplan und den aktuellen Zwischenstand der Bauma\u00dfnahmen auf der Baustelle, zusammen mit dem Planungsb\u00fcro agn Niederberghaus &amp; Partner GmbH, Ibbenb\u00fcren, dem Bauleiter Christopher G\u00f6ckel und dem Projektleiter Andreas Lutterbach sowie\n dem stellvertretenden Projektleiter des Zweckverbands Franz Boxheimer vor.&nbsp;<\/p>\n\n\n\n<p>\u201eDie letzten Wochen waren mit au\u00dfergew\u00f6hnlichen Anstrengungen verbunden\u201c, so Steffan, \u201eum die Baustelle in Betrieb\n zu halten.\u201c Anfang M\u00e4rz hatten aus Unsicherheiten heraus, bereits viele Unternehmen eine Einstellung ihrer Arbeiten, wegen des Coronavirus signalisiert. &nbsp;<\/p>\n\n\n\n<p>\u201eGemeinsam sei es allen Beteiligten gelungen\u201c, betont Franz Boxheimer, \u201edie Baustelle in Betrieb zu halten,  auch wenn es in einzelnen und wichtigen Gewerken zu Verz\u00f6gerungen gekommen sei.\u201c&nbsp;<\/p>\n\n\n\n<div class=\"wp-block-image\"><figure class=\"aligncenter\"><img decoding=\"async\" loading=\"lazy\" width=\"800\" height=\"600\" src=\"https:\/\/speyer24news.com\/wp-content\/uploads\/2020\/05\/Schimper_rundgang2.jpg\" alt=\"\" class=\"wp-image-27059\" srcset=\"https:\/\/speyer24news.com\/wp-content\/uploads\/2020\/05\/Schimper_rundgang2.jpg 800w, https:\/\/speyer24news.com\/wp-content\/uploads\/2020\/05\/Schimper_rundgang2-300x225.jpg 300w, https:\/\/speyer24news.com\/wp-content\/uploads\/2020\/05\/Schimper_rundgang2-768x576.jpg 768w, https:\/\/speyer24news.com\/wp-content\/uploads\/2020\/05\/Schimper_rundgang2-678x509.jpg 678w, https:\/\/speyer24news.com\/wp-content\/uploads\/2020\/05\/Schimper_rundgang2-326x245.jpg 326w, https:\/\/speyer24news.com\/wp-content\/uploads\/2020\/05\/Schimper_rundgang2-80x60.jpg 80w\" sizes=\"(max-width: 800px) 100vw, 800px\" \/><\/figure><\/div>\n\n\n\n<p>Aus diesem Grunde geht der Gesch\u00e4ftsf\u00fchrer Matthias Steffan aktuell von einer Fertigstellung des neuen Schulgeb\u00e4udes\n Ende M\u00e4rz 2021 aus. Vor der Coronakrise hatte man im Bauzeitenplan einen Umzug in den Weihnachtsferien und zum Jahreswechsel 2021 ins Auge gefasst.&nbsp;<\/p>\n\n\n\n<p>Neben den Corona-Bedingungen, hatten auch andere bautechnische Hindernisse zu einem Verzug auf der Baustelle\n gef\u00fchrt, die trotz erfolgter Optimierungen im Zeitplan nicht mehr aufgeholt werden konnten, so auch der versp\u00e4tete Einbau der 40 Tonnen schweren Stahltreppen in der Aula, im Herzst\u00fcck des zentralen Zuganges des neuen Schulgeb\u00e4udes.&nbsp;<\/p>\n\n\n\n<p>Beim Rundgang durch den dreigeschossigen Bauk\u00f6rper mit seinen fast 12.000 Quadratmetern, das in zwei Lernteamh\u00e4user\n getrennt ist wurde sichtbar, dass die Geb\u00e4udeh\u00fclle mit Ihrer ansprechenden hellen Klinkerfassade weitgehend fertiggestellt ist und der Innenausbau mit hoher Intensit\u00e4t in den technischen Gewerken voranschreitet. &nbsp;<\/p>\n\n\n\n<p>Bei der Baustellenbesichtigung konnten die Sichtbetondecken und W\u00e4nde, die von Seiten der Firma Leonhard Weiss\n aus \u00d6hringen erstellt wurden besichtigt werden, die neben den noch zu verlegenden Parkettb\u00f6den, dem Geb\u00e4ude k\u00fcnftig einen modernen und zugleich warmen Innenraumcharakter geben werden.&nbsp;<\/p>\n\n\n\n<p>Neben der Ausstattung des Geb\u00e4udes im Erdgeschoss mit einem Sch\u00fclercaf\u00e9, Aufenthalts- und Spielr\u00e4umen sowie  einer Bibliothek und Schulsozialarbeitsr\u00e4umen, im ersten Obergeschoss mit dem Werkstatt- und Technikbereich sowie den Lehrk\u00fcchen, im zweiten Obergeschoss den naturwissenschaftlichen Fachklassen werden in zwei Lernteamh\u00e4usern auf drei Geschossen die Jahrgangscluster  der Klassenstufen 5 &#8211; 10 untergebracht sein.&nbsp;<\/p>\n\n\n\n<div class=\"wp-block-image\"><figure class=\"aligncenter\"><img decoding=\"async\" loading=\"lazy\" width=\"800\" height=\"283\" src=\"https:\/\/speyer24news.com\/wp-content\/uploads\/2020\/05\/Schimper_rundgang1-002.jpg\" alt=\"\" class=\"wp-image-27060\" srcset=\"https:\/\/speyer24news.com\/wp-content\/uploads\/2020\/05\/Schimper_rundgang1-002.jpg 800w, https:\/\/speyer24news.com\/wp-content\/uploads\/2020\/05\/Schimper_rundgang1-002-300x106.jpg 300w, https:\/\/speyer24news.com\/wp-content\/uploads\/2020\/05\/Schimper_rundgang1-002-768x272.jpg 768w\" sizes=\"(max-width: 800px) 100vw, 800px\" \/><\/figure><\/div>\n\n\n\n<p>Diese beinhalten in den Clusterbereichen f\u00fcr die unterschiedlichen Jahrgangsstufen, neben Lerninseln auch Differenzierungsr\u00e4ume,\n die alle \u00fcber eine medientechnische Ausstattung f\u00fcr ein \u201edigitales Lernen\u201c verf\u00fcgen sollen.&nbsp;<\/p>\n\n\n\n<p>\u201eGerade hier habe die Coronakrise die Lehrerinnen und Lehrer der Schimper Gemeinschaftsschule, die ihren Unterricht\n vollumf\u00e4nglich auf ein digitales Lernen umgestellt haben, vor gro\u00dfe Herausforderungen gestellt und ein schnelles Umdenken gefordert\u201c, berichtet die kommissarische Schulleiterin Nicole Winkler-Engelhardt.&nbsp;<\/p>\n\n\n\n<p>\u201eAus diesem Grunde sollen auch die vom Land angek\u00fcndigten ca. 350.000 Euro aus der F\u00f6rderzusage des Digitalpaktes\n wirkungsvoll eingesetzt werden, da wir mit dem neuen Schulgeb\u00e4ude modellhaft in der Region beim digitalen Lernen vorangehen wollen\u201c, so Oberb\u00fcrgermeister Dr. Ren\u00e9 P\u00f6ltl.&nbsp;<\/p>\n\n\n\n<p>\u201eSchon in der aktuellen Coronapandemie habe die Schule bewiesen, dass sie das kann\u201c, so P\u00f6ltl. \u00dcber eine Kooperation\n mit SAP, Rotary und weiteren Spendern konnte die digitale Ausstattung aller Sch\u00fclerinnen und Sch\u00fcler mit PCs, in nur wenigen Wochen erreicht werden. \u201eSo kann eine vollst\u00e4ndige digitale Beschulung (\u201ehome schooling\u201c) bis zum Jahresende erm\u00f6glicht werden\u201c, so\n die kommissarische Schulleiterin Winkler-Engelhardt.&nbsp;<\/p>\n\n\n\n<p>Auch wenn noch nicht alle \u201eKlippen im Projekt umschifft sind\u201c, so Steffan, konnte der Zweckverband die letzte  Kostensch\u00e4tzung inklusiv Risikozuschlag von 37 Mio. Euro in den Vergaben und Planungen halten und bewertet die aktuellen Entwicklungen mit einer m\u00f6glichen Summe von 36, 5 Mio. Euro. Durch den Neubau kann der Zweckverband neben dem Landeszuschuss von 2,859  Millionen Euro, ca. 900.000 Euro f\u00fcr die digitale Ausstattung und einen Kreditzuschuss in der Finanzierung des neuen Schulgeb\u00e4udes in Abzug bringen.<\/p>\n\n\n\n<p><em>Text: Zweckverbands Unterer Leimbach Foto: Stadtverwaltung Schwetzingen, Wolfgang Leberecht<br>14.05.2020<\/em><\/p>\n","protected":false},"excerpt":{"rendered":"<div class=\"mh-excerpt\"><p>\u201eDie Welt um 1500 \u2013 Aufbruch und Wandel\u201c Schwetzinger Sonderausstellung in Schrobenhausen nun online Seit dem 16. Februar 2020 wird die Schwetzinger Sonderausstellung \u201eDie Welt um 1500 \u2013 Aufbruch und Wandel\u201c, die zwischen dem 12. <a class=\"mh-excerpt-more\" href=\"https:\/\/speyer24news.com\/?p=27057\" title=\"Schwetzingen\">[&#8230;]<\/a><\/p>\n<\/div>","protected":false},"author":3,"featured_media":26914,"comment_status":"open","ping_status":"open","sticky":false,"template":"","format":"standard","meta":{"_monsterinsights_skip_tracking":false,"_monsterinsights_sitenote_active":false,"_monsterinsights_sitenote_note":"","_monsterinsights_sitenote_category":0,"footnotes":""},"categories":[477],"tags":[2402,6401,6962,6370,5801,6637,6960,6963,3803,6961,154,5605,6948],"aioseo_notices":[],"amp_enabled":true,"_links":{"self":[{"href":"https:\/\/speyer24news.com\/index.php?rest_route=\/wp\/v2\/posts\/27057"}],"collection":[{"href":"https:\/\/speyer24news.com\/index.php?rest_route=\/wp\/v2\/posts"}],"about":[{"href":"https:\/\/speyer24news.com\/index.php?rest_route=\/wp\/v2\/types\/post"}],"author":[{"embeddable":true,"href":"https:\/\/speyer24news.com\/index.php?rest_route=\/wp\/v2\/users\/3"}],"replies":[{"embeddable":true,"href":"https:\/\/speyer24news.com\/index.php?rest_route=%2Fwp%2Fv2%2Fcomments&post=27057"}],"version-history":[{"count":2,"href":"https:\/\/speyer24news.com\/index.php?rest_route=\/wp\/v2\/posts\/27057\/revisions"}],"predecessor-version":[{"id":27087,"href":"https:\/\/speyer24news.com\/index.php?rest_route=\/wp\/v2\/posts\/27057\/revisions\/27087"}],"wp:featuredmedia":[{"embeddable":true,"href":"https:\/\/speyer24news.com\/index.php?rest_route=\/wp\/v2\/media\/26914"}],"wp:attachment":[{"href":"https:\/\/speyer24news.com\/index.php?rest_route=%2Fwp%2Fv2%2Fmedia&parent=27057"}],"wp:term":[{"taxonomy":"category","embeddable":true,"href":"https:\/\/speyer24news.com\/index.php?rest_route=%2Fwp%2Fv2%2Fcategories&post=27057"},{"taxonomy":"post_tag","embeddable":true,"href":"https:\/\/speyer24news.com\/index.php?rest_route=%2Fwp%2Fv2%2Ftags&post=27057"}],"curies":[{"name":"wp","href":"https:\/\/api.w.org\/{rel}","templated":true}]}}