{"id":27088,"date":"2020-05-14T09:42:03","date_gmt":"2020-05-14T08:42:03","guid":{"rendered":"https:\/\/speyer24news.com\/?p=27088"},"modified":"2020-05-14T09:42:04","modified_gmt":"2020-05-14T08:42:04","slug":"polizeimeldungen-105","status":"publish","type":"post","link":"https:\/\/speyer24news.com\/?p=27088","title":{"rendered":"Polizeimeldungen"},"content":{"rendered":"<style type=\"text\/css\">\r\n\t.ads_top_disp{}\r\n\t.ads_top_corner_disp{ float:left; margin:0px 10px 10px 0px; }\r\n\t.ads_first_p_disp{}\r\n\t.ads_bottom_disp{}\r\n\t<\/style>\n<h2 class=\"wp-block-heading\">Polizeimeldungen vom Mittwoch (13.05.2020)<\/h2>\n\n\n\n<div class=\"wp-block-image\"><figure class=\"aligncenter\"><img decoding=\"async\" src=\"https:\/\/speyer24news.com\/wp-content\/uploads\/2020\/01\/Aktuelles-Polizeilogo.jpg\" alt=\"\" class=\"wp-image-23832\"\/><\/figure><\/div>\n\n\n\n<h4 class=\"wp-block-heading\">(Speyer) &#8211; Verkehrsunfall mit Gefahrgut-Lkw<\/h4>\n\n\n\n<div class=\"wp-block-image\"><figure class=\"aligncenter\"><img decoding=\"async\" loading=\"lazy\" width=\"800\" height=\"601\" src=\"https:\/\/speyer24news.com\/wp-content\/uploads\/2020\/05\/96787349_3071044112942035_861466428354592768_n.jpg\" alt=\"\" class=\"wp-image-27089\" srcset=\"https:\/\/speyer24news.com\/wp-content\/uploads\/2020\/05\/96787349_3071044112942035_861466428354592768_n.jpg 800w, https:\/\/speyer24news.com\/wp-content\/uploads\/2020\/05\/96787349_3071044112942035_861466428354592768_n-300x225.jpg 300w, https:\/\/speyer24news.com\/wp-content\/uploads\/2020\/05\/96787349_3071044112942035_861466428354592768_n-768x577.jpg 768w, https:\/\/speyer24news.com\/wp-content\/uploads\/2020\/05\/96787349_3071044112942035_861466428354592768_n-678x509.jpg 678w, https:\/\/speyer24news.com\/wp-content\/uploads\/2020\/05\/96787349_3071044112942035_861466428354592768_n-326x245.jpg 326w, https:\/\/speyer24news.com\/wp-content\/uploads\/2020\/05\/96787349_3071044112942035_861466428354592768_n-80x60.jpg 80w\" sizes=\"(max-width: 800px) 100vw, 800px\" \/><\/figure><\/div>\n\n\n\n<p>Am 13.05.20, gegen 20.55 Uhr, ereignete sich am Autobahnkreuz Speyer ein Verkehrsunfall unter Beteiligung eines Gefahrguttransporters. <\/p>\n\n\n\n<p>Der 23j\u00e4hriger Fahrer des Gefahrguttransporters befuhr mit seinem mit knapp 33000 Litern Heiz\u00f6l beladenen Fahrzeug die B9 aus Frankenthal kommend in Richtung Speyer. Am Autobahnkreuz Speyer wollte der aus dem Landkreis Heilbronn stammende 23j\u00e4hrige mit seinem Fahrzeug von der B9 auf die A61 Richtung Hockenheim  auffahren. Hier verlor er aus bislang ungekl\u00e4rter Ursache im Kurvenbereich die Kontrolle \u00fcber sein Fahrzeug und durchbrach die linke Leitplanke. Der Gefahrguttransporter kippt hierbei komplett um. <\/p>\n\n\n\n<p>Durch den Unfall liefen ca. 1000 Liter Heiz\u00f6l aus. Das ausgelaufene Gefahrgut konnte jedoch schnell durch die Feuerwehr gebunden werden. Zudem konnte ein weiteres Auslaufen von Gefahrgut verhindert werden. Eine Gefahr f\u00fcr Mensch oder Umwelt bestand aufgrund des schnellen Handelns der Feuerwehr nicht. <\/p>\n\n\n\n<p>Der 23j\u00e4hrige Fahrer wurde bei dem Unfall gl\u00fccklicherweise nur leicht verletzt. An seinem Fahrzeug entstand jedoch Totalschaden. Der Sachschaden wird von der Polizei auf ca. 100000,- Euro gesch\u00e4tzt. <\/p>\n\n\n\n<p>Zur Bergung des Gefahrguttransporters musste die Auffahrt von der B9 zur A61 in Richtung Hockenheim mehrere Stunden gesperrt werden. <\/p>\n\n\n\n<p>Neben der Polizei waren die Feuerwehren Speyer und Rheinauen, die Autobahnmeisterei Ruchheim, sowie der Rettungsdienst im Einsatz <\/p>\n\n\n\n<h4 class=\"wp-block-heading\">(Speyer) &#8211; Verkehrsunfall mit verletztem Fahrradfahrer<\/h4>\n\n\n\n<p>Eine 23-j\u00e4hrige PKW-Fahrerin aus Speyer tastete sich am Dienstagnachmittag langsam von einem Parkplatz in den Flie\u00dfverkehr der Wormser Landstra\u00dfe ein, wobei sie verkehrsbedingt halten musste und auch auf dem Radweg zum Stehen kam. Ein 58-j\u00e4hriger Radfahrer, der ordnungsgem\u00e4\u00df den Radweg befuhr, wollte nicht auf ein Zur\u00fccksetzen des PKW&#8217;s warten. Er verlie\u00df den Radweg, umfuhr den PKW und fuhr bei R\u00fcckkehr auf den Radweg in einem derart spitzen Winkel gegen den Bordstein, das er st\u00fcrzte. Bei dem Sturz zog er sich eine kleine Platzwunde am Kopf zu und wurde vorsorglich vom Rettungsdienst zwecks medizinischer Versorgung in ein \u00f6rtliches Krankenhaus verbracht. Zu einer Kollision zwischen den beiden Fahrzeugen kam es nicht. <\/p>\n\n\n\n<h4 class=\"wp-block-heading\">(R\u00f6merberg) &#8211; Trunkenheitsfahrt<\/h4>\n\n\n\n<p>Ein 50-j\u00e4hriger Verkehrsteilnehmer aus R\u00f6merberg wurde Dienstagnacht in der Stra\u00dfe Am R\u00f6merberg in seinem PKW Ford einer allgemeinen Verkehrskontrolle unterzogen. W\u00e4hrend der Kontrolle fiel den Beamten Alkoholgeruch auf, weshalb ein Atemalkoholtest durchgef\u00fchrt wurde. Dieser ergab einen Wert von 0,84 Promille. Der F\u00fchrerschein und der Fahrzeugschl\u00fcssel wurden sichergestellt und eine Anzeige wegen des Versto\u00dfes nach \u00a7 24a StVG vorgelegt. <\/p>\n\n\n\n<h4 class=\"wp-block-heading\">(W\u00f6rth) &#8211; Unfallflucht am Kreisverkehrsplatz<\/h4>\n\n\n\n<p>Am Montag, dem 11.05.2020, um 14.35 Uhr, befuhr ein Autofahrer die Bahnhofstra\u00dfe in Fahrtrichtung Maximiliansau, um am Kreisverkehrsplatz bei der JET-Tankstelle in die Stra\u00dfe am K\u00fchgrunddamm abzubiegen. Ein aus Richtung Maximilianstra\u00dfe entgegenkommendes Auto, vermutlich ein schwarzer Opel, missachtete an der Einfahrt in den Kreisverkehrsplatz die Vorfahrt des erstgenannten Fahrzeugs, das ausweichen musste, um einen Zusammensto\u00df zu vermeiden. Hierdurch geriet es nach links von der Fahrbahn ab und besch\u00e4dige eine Richtungstafel, die aus dem Boden gerissen wurde. Es entstand Sachschaden in H\u00f6he von etwa 1500 Euro. Der Fahrer des schwarzen Opel fl\u00fcchtete in Richtung W\u00f6rth. Hinweise zu dem Fahrzeug, oder dem Fahrer werden an die Polizeiinspektion W\u00f6rth unter 07271\/92210 oder <a href=\"mailto:piwoerth@polizei.rlp.de\">piwoerth@polizei.rlp.de<\/a> erbeten. <\/p>\n\n\n\n<h4 class=\"wp-block-heading\">(Hagenbach) &#8211; Gro\u00dfe Mengen M\u00fcll und Schrott illegal entsorgt<\/h4>\n\n\n\n<div class=\"wp-block-image\"><figure class=\"aligncenter\"><img decoding=\"async\" loading=\"lazy\" width=\"800\" height=\"541\" src=\"https:\/\/speyer24news.com\/wp-content\/uploads\/2020\/05\/Container.jpg\" alt=\"\" class=\"wp-image-27090\" srcset=\"https:\/\/speyer24news.com\/wp-content\/uploads\/2020\/05\/Container.jpg 800w, https:\/\/speyer24news.com\/wp-content\/uploads\/2020\/05\/Container-300x203.jpg 300w, https:\/\/speyer24news.com\/wp-content\/uploads\/2020\/05\/Container-768x519.jpg 768w\" sizes=\"(max-width: 800px) 100vw, 800px\" \/><\/figure><\/div>\n\n\n\n<p>Unbekannte stellten vermutlich bereits vor mehreren Wochen einen gr\u00f6\u00dferen Abrollcontainer auf einem Waldparkplatz neben der K19 zwischen Hagenbach und Langenberg, bef\u00fcllt mit diversen Abf\u00e4llen, ab. Darin befanden sich mehr als 20 t Abf\u00e4lle, weshalb der Container mit einem Spezialfahrzeug aufgenommen und zu einer Entsorgungsfirma transportiert werden musste. Die Abf\u00e4lle bestanden u.a. aus Kabelgranulat, verunreinigtem Erdreich, Regenwassertanks, LKW Altreifen, einem alten 600 l K\u00fchlschrank und sonstigen Metallabf\u00e4llen. Diverse h\u00e4usliche Abf\u00e4lle d\u00fcrften nach dem Abstellen des Containers ebenfalls dort entsorgt worden sein. Der Schaden liegt im hohen vierstelligen Bereich. Die Kriminalinspektion Landau hat die Ermittlungen aufgenommen und bittet Zeugen, die Angaben zum Verursacher bzw. dem Container machen k\u00f6nnen, sich unter 06341\/2870 oder <a href=\"mailto:kilandau@polizei.rlp.de\">kilandau@polizei.rlp.de<\/a> zu melden. <\/p>\n\n\n\n<h4 class=\"wp-block-heading\">(Dierbach \/ L 544) &#8211; Radfahrer schwer verletzt<\/h4>\n\n\n\n<p>Am Dienstag, 12.05.2020, gegen 15:00 Uhr, befuhr ein 57-j\u00e4hriger Radfahrer die L 544 von Barbelroth in Richtung Niederotterbach. Nach der Einm\u00fcndung Richtung Dierbach kam der Radfahrer auf absch\u00fcssiger Strecke leicht von der Fahrbahn ab und verlor die Kontrolle \u00fcber sein Fahrrad. Der Mann st\u00fcrzte und zog sich schwere Verletzungen zu. Er wurde durch den Rettungsdienst in ein Krankenhaus gebracht. An dem Fahrrad entstand ein Sachschaden in H\u00f6he von 300.- Euro. <\/p>\n\n\n\n<h4 class=\"wp-block-heading\">(Landau \/ A 65) &#8211; Speisk\u00fcbel verloren<\/h4>\n\n\n\n<div class=\"wp-block-image\"><figure class=\"aligncenter\"><img decoding=\"async\" loading=\"lazy\" width=\"800\" height=\"600\" src=\"https:\/\/speyer24news.com\/wp-content\/uploads\/2020\/05\/poMMes_public.image_2020-05-13_153A353A38.jpg\" alt=\"\" class=\"wp-image-27091\" srcset=\"https:\/\/speyer24news.com\/wp-content\/uploads\/2020\/05\/poMMes_public.image_2020-05-13_153A353A38.jpg 800w, https:\/\/speyer24news.com\/wp-content\/uploads\/2020\/05\/poMMes_public.image_2020-05-13_153A353A38-300x225.jpg 300w, https:\/\/speyer24news.com\/wp-content\/uploads\/2020\/05\/poMMes_public.image_2020-05-13_153A353A38-768x576.jpg 768w, https:\/\/speyer24news.com\/wp-content\/uploads\/2020\/05\/poMMes_public.image_2020-05-13_153A353A38-678x509.jpg 678w, https:\/\/speyer24news.com\/wp-content\/uploads\/2020\/05\/poMMes_public.image_2020-05-13_153A353A38-326x245.jpg 326w, https:\/\/speyer24news.com\/wp-content\/uploads\/2020\/05\/poMMes_public.image_2020-05-13_153A353A38-80x60.jpg 80w\" sizes=\"(max-width: 800px) 100vw, 800px\" \/><\/figure><\/div>\n\n\n\n<p>Am Mittwoch wurde gegen 14:50 Uhr der Polizei Edenkoben ein Speisk\u00fcbel auf der A65 Fahrtrichtung Ludwigshafen zwischen Landau-Mitte und Landau-Nord gemeldet. Der rechteckige Speisk\u00fcbel konnte durch die eingesetzten Beamten festgestellt und von der A65 entfernt werden. Der Verlierer ist bisher unbekannt. Sachdienliche Hinweise zu dem Verlierer nimmt die Polizei Edenkoben unter der 06323 9550 oder unter <a href=\"mailto:piedenkoben@polizei.rlp.de\">piedenkoben@polizei.rlp.de<\/a> entgegen. <\/p>\n\n\n\n<h4 class=\"wp-block-heading\">(Neustadt) &#8211; PKW zerkratzt<\/h4>\n\n\n\n<p>Im Zeitraum vom 11.05.2020, 13:00 Uhr bis 12.05.2020, 09:40 Uhr wurde ein in der Neugasse geparktes Auto zerkratzt. Wie und wann genau der Schaden entstand und wer f\u00fcr die Kratzer verantwortlich ist, ist derzeit noch nicht bekannt. <\/p>\n\n\n\n<h4 class=\"wp-block-heading\">(Neustadt) &#8211; Einbruch verl\u00e4uft au\u00dferplanm\u00e4\u00dfig<\/h4>\n\n\n\n<p>Ihnen droht nun eine Freiheitsstrafe von drei Monaten bis zu zehn Jahren, f\u00fcr sie gelohnt haben d\u00fcrfte sich die Tat jedenfalls nicht. Noch Unbekannte drangen in der Nacht vom 11. auf den 12.05.2020 gewaltsam in eine ehemalige Kneipe im Innenstadtbereich ein. Die R\u00e4umlichkeiten waren jedoch derart leerger\u00e4umt, dass die T\u00e4ter unverrichteter Dinge wieder abr\u00fccken mussten. <\/p>\n\n\n\n<h4 class=\"wp-block-heading\">(Bad D\u00fcrkheim) &#8211; Vorfahrt missachtet: Leichtverletzte auf B 271<\/h4>\n\n\n\n<p>Ein 49-j\u00e4hriger Fahrer eines Ford bog am Dienstagmorgen, gegen 07.45 Uhr, an der Einm\u00fcndung der B 271 vom Bruch kommend in Fahrtrichtung Neustadt ab. Dabei \u00fcbersah er wohl einen aus Richtung Neustadt kommenden vorfahrtsberechtigten Mitsubishi. Durch den Zusammensto\u00df erlitt der Fahrer des Mitsubishi eine Platzwunde; auch der Unfallverursacher und seine 15-j\u00e4hrige Beifahrerin wurden vorsorglich f\u00fcr weitere Untersuchungen ins Krankenhaus verbracht. Beide Fahrzeuge mussten abgeschleppt werden. Der Gesamtschaden wird auf ca. 10.000 Euro gesch\u00e4tzt. <\/p>\n\n\n\n<h4 class=\"wp-block-heading\">(Frankenthal) &#8211; Sachbesch\u00e4digung an Pkw<\/h4>\n\n\n\n<p>Am 12.05.20, zwischen 10:15 Uhr bis 10:50 Uhr wurde ein in einem Parkhaus in der Willy-Brand-Anlage abgestellter Pkw (schwarzer Ford Kuga) besch\u00e4digt. Hier stellte der Eigent\u00fcmer einen 80 cm langen Kratzer in der Beifahrert\u00fcr fest. T\u00e4terhinweise liegen nicht vor. <\/p>\n\n\n\n<p>Zeugen werden gebeten sich an die Polizeiinspektion Frankenthal unter der Tel.-Nr.: 06233\/313-0 oder an die Polizeiwache Maxdorf unter der Tel.-Nr.: 06237\/934-100 zu wenden. Gerne nehmen wir Ihre Hinweise auch per E-Mail unter  <a href=\"mailto:pifrankenthal@polizei.rlp.de\">pifrankenthal@polizei.rlp.de<\/a> entgegen. <\/p>\n\n\n\n<h4 class=\"wp-block-heading\">(Frankenthal) &#8211; Sachbesch\u00e4digung an Pkw<\/h4>\n\n\n\n<p>Im Zeitraum vom 11.05.20, 18:30 Uhr bis zum 12.05.20, 07:00 Uhr wurde vor dem Wohnanwesen Schwarzwaldstr. 18 a, ein Opel Insignia durch unbekannte(n) T\u00e4ter besch\u00e4digt. In diesem Fall wurden dem Fahrzeug zwei Dellen, sowie mehrere Kratzer zugef\u00fcgt. <\/p>\n\n\n\n<p>Zeugen werden gebeten sich an die Polizeiinspektion Frankenthal unter der Tel.-Nr.: 06233\/313-0 oder an die Polizeiwache Maxdorf unter der Tel.-Nr.: 06237\/934-100 zu wenden. Gerne nehmen wir Ihre Hinweise auch per E-Mail unter  <a href=\"mailto:pifrankenthal@polizei.rlp.de\">pifrankenthal@polizei.rlp.de<\/a> entgegen. <\/p>\n\n\n\n<h4 class=\"wp-block-heading\">(Frankenthal) &#8211; Verkehrsunfallflucht beim Ein-\/Ausparken<\/h4>\n\n\n\n<p>Bei einer weiteren Verkehrsunfallflucht hatte der Gesch\u00e4digte seinen Pkw (blauer Audi) im Zeitraum 11.05.20, 06:45 &#8211; 21:15 Uhr, in der Schmiedgasse, in H\u00f6he der Hausnummer 52, in einer Queraufstellung, abgestellt. Der Fl\u00fcchtige verursachte vermutlich beim Ein-\/Ausparken einen Schaden am rechten Seitenschweller, in H\u00f6he von ca. 500 EUR. <\/p>\n\n\n\n<p>Zeugen werden gebeten sich an die Polizeiinspektion Frankenthal unter der Tel.-Nr.: 06233\/313-0 oder an die Polizeiwache Maxdorf unter der Tel.-Nr.: 06237\/934-100 zu wenden. Gerne nehmen wir Ihre Hinweise auch per E-Mail unter  <a href=\"mailto:pifrankenthal@polizei.rlp.de\">pifrankenthal@polizei.rlp.de<\/a> entgegen. <\/p>\n\n\n\n<h4 class=\"wp-block-heading\">(Frankenthal) &#8211; Verkehrsunfallflucht durch Aussteigen<\/h4>\n\n\n\n<p>Bereits am 11.05.20, um 09:40 Uhr kam es im Foltzring, H\u00f6he Hausnummer 6, zu einem Verkehrsunfall mit Flucht zwischen geparkten Pkw. Die Gesch\u00e4digte sa\u00df w\u00e4hrend des Vorfalls selbst in ihrem Pkw (grauer Hyundai), als die Beifahrerin des neben ihr geparkten Pkw (schwarzer Audi) aussteigen wollte und mit der T\u00fcr gegen ihre T\u00fcr stie\u00df. Sie entgegnete ihr gegen\u00fcber, dass kein Schaden entstanden sei. Als die Gesch\u00e4digte nun ausstieg, konnte sie doch einen Schaden an ihrem Pkw feststellen und hinterlie\u00df eine Nachricht an dem Pkw der Verursacherin, da diese sich mittlerweile von der \u00d6rtlichkeit entfernt hatten. Trotz der hinterlassenen Nachricht erfolgte keine Kontaktaufnahme zur Gesch\u00e4digten. <\/p>\n\n\n\n<p>Zeugen werden gebeten sich an die Polizeiinspektion Frankenthal unter der Tel.-Nr.: 06233\/313-0 oder an die Polizeiwache Maxdorf unter der Tel.-Nr.: 06237\/934-100 zu wenden. Gerne nehmen wir Ihre Hinweise auch per E-Mail unter  <a href=\"mailto:pifrankenthal@polizei.rlp.de\">pifrankenthal@polizei.rlp.de<\/a> entgegen. <\/p>\n\n\n\n<h4 class=\"wp-block-heading\">(Bobenheim-Roxheim) &#8211; Sachbesch\u00e4digung an Pkw<\/h4>\n\n\n\n<p>In Bobenheim-Roxheim kam es im Zeitraum vom 11.05.20, 23:00 Uhr &#8211; 12.05.20, 21:30 Uhr zu einer Sachbesch\u00e4digung an einem schwarzen BMW, welcher in der Friedrich-Ebert-Str., in H\u00f6he der Hausnummer 28 abgestellt war. Ein unbekannter T\u00e4ter zerkratzte die Beifahrert\u00fcr, so dass ein Sachschaden von ca. 600 EUR entstand. <\/p>\n\n\n\n<p>Zeugen werden gebeten sich an die Polizeiinspektion Frankenthal unter der Tel.-Nr.: 06233\/313-0 oder an die Polizeiwache Maxdorf unter der Tel.-Nr.: 06237\/934-100 zu wenden. Gerne nehmen wir Ihre Hinweise auch per E-Mail unter  <a href=\"mailto:pifrankenthal@polizei.rlp.de\">pifrankenthal@polizei.rlp.de<\/a> entgegen. <\/p>\n\n\n\n<h4 class=\"wp-block-heading\">(B 9 \/ Zw. Ludwigshafen &amp; Worms) &#8211; Schwerer Verkehrsunfall<\/h4>\n\n\n\n<p>Am 13.05.2020 ereignet sich gegen 15:45 Uhr ein schwerer Verkehrsunfall auf der Bundesstra\u00dfe 9 zwischen Ludwigshafen und Worms in H\u00f6he der Anschlussstelle Rheinufer 1. Vermutlich auf Grund einer querenden Entenfamilie bremste ein Fahrzeugf\u00fchrer aus Alzey, seinen PKW bis zum Stillstand ab. Zwei nachfolgende Fahrzeuge erkannten den stehenden PKW offenbar zu sp\u00e4t und kollidierten mit diesem. Hierbei zogen sich insgesamt vier Fahrzeuginsassen, teils schwere Verletzungen zu und wurden in umliegende Krankenh\u00e4user verbracht. Im Einsatz waren neben zwei Fahrzeugen der Polizeiinspektion Frankenthal, der Rettungshubschrauber Christoph 112, mehrere Rettungswagen, ein Notarzt sowie insgesamt 4 Fahrzeuge der Feuerwehr Frankenthal. W\u00e4hrend der Unfallaufnahme mussten beide Fahrspuren gesperrt und der Verkehr abgeleitet werden, wodurch sich ein ca. 4km langer R\u00fcckstau entstand. Die Bergungs- und Aufr\u00e4umarbeiten dauern weiterhin, voraussichtlich bis ca. 19 Uhr, an. Der Gesamtschaden wird auf ca. 20 000 EUR gesch\u00e4tzt. <\/p>\n\n\n\n<h4 class=\"wp-block-heading\">(Ludwigshafen) &#8211; Unfall mit Linienbus<\/h4>\n\n\n\n<p>Am 12.05.2020, gegen 10:40 Uhr, fuhr ein 42-J\u00e4hriger mit seinem Auto auf der Bad-Aussee-Stra\u00dfe in Richtung Horst-Schork-Stra\u00dfe. Zur gleichen Zeit fuhr ein Linienbus in entgegengesetzter Fahrtrichtung. Als der Linienbus dem 42-J\u00e4hrigen in der Kurve entgegenkam, bremste er sein Auto ab. Trotzdem streifte der Linienbus im Kurvenverlauf sein Auto. Am Linienbus entstand leichter Sachschaden, am Auto ein erheblicher Sachschaden, so dass dieses abgeschleppt werden musste. Verletzt wurde niemand. <\/p>\n\n\n\n<h4 class=\"wp-block-heading\">(Ludwigshafen) &#8211; Trennschleifer gestohlen<\/h4>\n\n\n\n<p>In der Zeit zwischen dem 11.05.2020, gegen 18:00 Uhr und dem 12.05.2020, gegen 07:00 Uhr, brachen unbekannte T\u00e4ter eine mit Vorh\u00e4ngeschloss gesicherte Ger\u00e4tebox auf, die auf einem Pritschenwagen stand. Sie stahlen aus der Box einen Trennschleifer. Der Pritschenwagen stand in der Adolf-Diesterweg-Stra\u00dfe. Der Gesamtschaden bel\u00e4uft sich auf etwa 300 Euro. <\/p>\n\n\n\n<p>Wer etwas gesehen hat und Hinweise auf die T\u00e4ter machen kann, wird gebeten, sich an die  Polizeiwache Oggersheim unter Tel. 0621 963 &#8211; 2403 oder per Mail <a href=\"mailto:pwoggersheim@polizei.rlp.de\">pwoggersheim@polizei.rlp.de<\/a> zu wenden. <\/p>\n\n\n\n<h4 class=\"wp-block-heading\">(Ludwigshafen) &#8211; Einbr\u00fcche in Kellerabteile<\/h4>\n\n\n\n<p>In der Zeit zwischen dem 01.01.2020 und dem 12.05.2020 hebelten unbekannte T\u00e4ter die Vorh\u00e4ngeschl\u00f6sser von zwei Kellerabteilen eines Mehrfamilienhauses in der B\u00fcrgermeister-Kutterer-Stra\u00dfe auf. Sie stahlen ein schwarzes Mountainbike f\u00fcr Frauen sowie eine Maschine zum Umgraben von G\u00e4rten. Der Gesamtschaden bel\u00e4uft sich auf etwa 1.400 Euro. <\/p>\n\n\n\n<p>Wer etwas beobachtet hat und Hinweise auf die T\u00e4ter geben kann, wird gebeten, sich an die  Polizeiinspektion Ludwigshafen 1, 0621 963-2122 oder per E-Mail <a href=\"mailto:piludwigshafen1@polizei.rlp.de\">piludwigshafen1@polizei.rlp.de<\/a> zu wenden. <\/p>\n\n\n\n<h4 class=\"wp-block-heading\">(Ludwigshafen) &#8211; Geldbeutel gestohlen<\/h4>\n\n\n\n<p>Am 08.05.2020, zwischen 13:30 Uhr und 14:00 Uhr, war eine 80-J\u00e4hrige in einem Einkaufsmarkt in der Bruchwiesenstra\u00dfe einkaufen. Als sie ihre Handtasche kurze Zeit unbeaufsichtigt in ihrem Einkaufswagen liegen lie\u00df, nutzten unbekannte T\u00e4ter diesen Moment aus und stahlen aus der Handtasche ihren Geldbeutel. <\/p>\n\n\n\n<p>Wer etwas beobachtet hat und Hinweise auf die T\u00e4ter geben kann, wird gebeten, sich an die  Polizeiinspektion Ludwigshafen 1, 0621 963-2122 oder per E-Mail <a href=\"mailto:piludwigshafen1@polizei.rlp.de\">piludwigshafen1@polizei.rlp.de<\/a> zu wenden. <\/p>\n\n\n\n<h4 class=\"wp-block-heading\">(Mannheim) &#8211; BBC-Br\u00fccke \/ Mannheimer Verkehrspolizei kontrolliert Schwerlastverkehr<\/h4>\n\n\n\n<p>Seit November 2019 ist die \u00dcberfahrt \u00fcber die BBC-Br\u00fccke f\u00fcr den Schwerlastverkehr \u00fcber 12 Tonnen untersagt. Die Umleitungsstrecken zur Verkehrsf\u00fchrung von Kraftfahrzeugen mit mehr als 12 Tonnen zul\u00e4ssigem Gesamtgewicht, sind weitr\u00e4umig, fr\u00fchzeitig sowie mehrfach vor der BBC-Br\u00fccke ausgeschildert. Die Beschilderung der beidseitigen Zufahrten zur Br\u00fccke wurde im April 2020 nochmals erneuert und um weitere Hinweistafeln erg\u00e4nzt. <\/p>\n\n\n\n<p>Aufgrund einer aktuellen Verkehrsz\u00e4hlung auf der BBC-Br\u00fccke durch die Stadt Mannheim konnte festgestellt werden, dass weiterhin Fahrzeuge mit vermutlich gr\u00f6\u00dferer zul\u00e4ssiger Gesamtlast von mehr als 12 Tonnen die Br\u00fccke \u00fcberqueren. Bei einer Verkehrskontrolle durch die Mannheimer Verkehrspolizei am Dienstag, 12 Mai 2020, in der Zeit von 7 bis 12 Uhr wurden auf der BBC-Br\u00fccke insgesamt 57 Verst\u00f6\u00dfe des Durchfahrtverbotes hinsichtlich der \u00dcberschreitung des zul\u00e4ssigen Gesamtgewichts von maximal 12 Tonnen pro Fahrzeug beanstandet werden. Den Fahrzeuglenkern drohen Bu\u00dfgeldbescheide seitens der Stadt Mannheim in H\u00f6he von bis zu 500 EUR und zwei Monate Fahrverbot. Weitere Verkehrskontrollen sind beabsichtigt. <\/p>\n\n\n\n<p>Durch die Einhaltung der zul\u00e4ssigen Gesamtlasten des Br\u00fcckenbauwerks soll die eingeschr\u00e4nkte Leistungsf\u00e4higkeit der BBC-Br\u00fccke mittelfristig erhalten bleiben. Nur  dadurch kann von weiteren Einschr\u00e4nkungsma\u00dfnahmen derzeit abgesehen und eine Vollsperrung des Br\u00fcckenbauwerks bis zum Neubau voraussichtlich ab dem Jahr 2024 vermieden werden. <\/p>\n\n\n\n<h4 class=\"wp-block-heading\">(Mannheim-Wohlgelegen) &#8211; Lebloser Rollerfahrer unter seinem Kraftrad aufgefunden<\/h4>\n\n\n\n<h4 class=\"wp-block-heading\" style=\"text-align:center\">Pressemeldung Nr. 2<\/h4>\n\n\n\n<figure class=\"wp-block-image\"><img decoding=\"async\" loading=\"lazy\" width=\"800\" height=\"533\" src=\"https:\/\/speyer24news.com\/wp-content\/uploads\/2020\/03\/candle-2905395_1920.jpg\" alt=\"\" class=\"wp-image-25905\" srcset=\"https:\/\/speyer24news.com\/wp-content\/uploads\/2020\/03\/candle-2905395_1920.jpg 800w, https:\/\/speyer24news.com\/wp-content\/uploads\/2020\/03\/candle-2905395_1920-300x200.jpg 300w, https:\/\/speyer24news.com\/wp-content\/uploads\/2020\/03\/candle-2905395_1920-768x512.jpg 768w\" sizes=\"(max-width: 800px) 100vw, 800px\" \/><\/figure>\n\n\n\n<p>Wie bereits am 05.05.2020 berichtet, wurde am Montagmorgen, 04.05.2020 im Stadtteil Wohlgelegen von Zeugen ein lebloser Mann unter seinem Motorroller aufgefunden. Die Zeugen hatten den 60-j\u00e4hrigen Mann kurz nach sieben Uhr im Roteichenring leblos unter seinem Roller liegen sehen und Polizei sowie Rettungsdienst verst\u00e4ndigt. <\/p>\n\n\n\n<p>Ein Notarzt konnte den Mann, der anschlie\u00dfend zur Behandlung in ein Krankenhaus eingeliefert wurde, zun\u00e4chst wiederbeleben. Zwischenzeitlich ist der 60-J\u00e4hrige im Krankenhaus verstorben. <\/p>\n\n\n\n<p>Zwischenzeitlich ergaben weitere Ermittlungen der Verkehrspolizei, dass der Rollerfahrer offenbar aufgrund pl\u00f6tzlich auftretender gesundheitlicher Probleme alleinbeteiligt vom Roller gest\u00fcrzt war. <\/p>\n\n\n\n<h4 class=\"wp-block-heading\">(Heidelberg-Rohrbach) &#8211; Unfallflucht \/ Zeugen gesucht!<\/h4>\n\n\n\n<p>Das Polizeirevier Heidelberg-Mitte sucht Zeugen einer Unfallflucht, die sich Dienstagnacht in der Zeit von 2 Uhr bis etwa 10 Uhr morgens in der Achim-von-Arnim Stra\u00dfe im Bereich des Sportplatzes ereignet hat. Ein dort abgestellter schwarzer Mercedes-Benz wurde an der vorderen Sto\u00dfstange, vermutlich durch eine Anh\u00e4ngerkupplung, besch\u00e4digt. Die Schadensh\u00f6he betr\u00e4gt etwa 3.000 Euro. Zeugenhinweise k\u00f6nnen unter der Rufnummer 06221\/99-1700 abgegeben werden. <\/p>\n\n\n\n<h4 class=\"wp-block-heading\">(Br\u00fchl \/ Rhein-Neckar-Kreis) &#8211; Autofahrer auf Parkplatz ins Gesicht geschlagen \/ Polizei sucht Zeugen<\/h4>\n\n\n\n<p>Zeugen eines Vorfalls, der sich am vergangenen Samstag (09.05.2020) auf dem Parkplatz eines Einkaufsmarktes in der Schwetzinger Stra\u00dfe zugetragen haben soll, sucht die Polizei. Demnach war ein 48-j\u00e4hriger mit seiner Ehefrau gegen 20.25 Uhr in seinem Audi auf den Parkplatz gefahren. W\u00e4hrend die Frau in den Markt ging, wartete der 48-J\u00e4hrige im Pkw mit laufendem Motor. Als die Ehefrau kurz darauf zur\u00fcckkam und man wegfahren wollte, sollen zwei unbekannte M\u00e4nner in Richtung des Fahrers gep\u00f6belt haben. Nach dessen Frage, was los sein, sollen die Unbekannten die Fahrert\u00fcre ge\u00f6ffnet haben. W\u00e4hrend einer der T\u00e4ter die H\u00e4nde nach unten dr\u00fcckte, soll der Mitt\u00e4ter zweimal mit der Faust ins Gesicht des Fahrers geschlagen haben. Nachdem ein bislang unbekannter Zeuge auf sich aufmerksam machte, lie\u00dfe das Duo von seinem weiteren Vorgehen ab und fl\u00fcchtete. Ein Tatverd\u00e4chtiger fl\u00fcchtete mit einem Fahrrad, der Mitt\u00e4ter zu Fu\u00df zun\u00e4chst in den Einkaufsmarkt. Der Gesch\u00e4digte gab an, dass er dem T\u00e4ter auf dem Fahrrad gefolgt sei, ihn schlie\u00dflich aber aus den Augen verloren zu haben. Sp\u00e4ter erstattete der 48-J\u00e4hrige Anzeige beim Polizeirevier Schwetzingen. <\/p>\n\n\n\n<p>Die T\u00e4ter werden wie folgt beschrieben: <\/p>\n\n\n\n<ol><li>ca. 40 &#8211; 45 Jahre alt, ca. 174-176 cm gro\u00df, K\u00f6rpergewicht ca. 55-60 kg, schlanke Statur. Er sprach deutsch und war anscheinend alkoholisiert. Bekleidet war er mit Jeanshose und Fleece-Jacke. <\/li><li>ca. 40 &#8211; 45 Jahre alt, ca. 174 cm gro\u00df, K\u00f6rpergewicht ca. 120 kg, kr\u00e4ftige-dicke Figur. Er sprach deutsch und war ebenfalls alkoholisiert. Bekleidet mit gr\u00fcnem T-Shirt, er benutzte ein schwarzes Herrenfahrrad. <\/li><\/ol>\n\n\n\n<p>Zeugen des Vorfalls, insbesondere der Mann der zu Hilfe kam, werden gebeten, sich unter Telefon 06202\/71282 beim Polizeiposten Br\u00fchl oder au\u00dferhalb dessen \u00d6ffnungszeiten beim Polizeirevier Mannheim-Neckarau unter Telefon 0621\/833970 zu melden. <\/p>\n\n\n\n<h4 class=\"wp-block-heading\">(Wiesloch \/ Rhein-Neckar-Kreis) &#8211; Unbekannter besch\u00e4digt Mercedes Benz und fl\u00fcchtet \/ Zeugen gesucht<\/h4>\n\n\n\n<p>Ein Unbekannter besch\u00e4digte am Dienstag in der Zeit zwischen 08.30 und 19.00 Uhr auf dem Parkplatz in der Horrenberger Stra\u00dfe\/ Rudolf-Diesel-Stra\u00dfe einen SUV der Marke Mercedes Benz. Der an der Fahrert\u00fcr und Au\u00dfenspiegel verursachte Schaden wird auf ca. 4000,- Euro gesch\u00e4tzt. Die Polizei hat die Ermittlungen aufgenommen. Hinweise nimmt das Polizeirevier Wiesloch unter der Rufnummer 06222\/5709-0 entgegen. <\/p>\n\n\n\n<h4 class=\"wp-block-heading\">(Dossenheim \/ Rhein-Neckar-Kreis) &#8211; Gartenlaube in Brand geraten \/ ca. 10 000,- Euro Schaden<\/h4>\n\n\n\n<p>Am Mittwochmorgen, gegen 03.00 Uhr, wurde der Integrierten Leitstelle Rhein-Neckar eine massive Rauchentwicklung und Funkenflug im Bereich des Feldgebiets des Dossenheimer Frankenwegs gemeldet. Durch die Rettungskr\u00e4fte konnte bei deren Eintreffen festgestellt werden, dass eine dortige Gartenlaube und das angrenzende Toilettenh\u00e4uschen in Brand standen. Durch die freiwilligen Feuerwehren Dossenheim und Schriesheim, die mit 26 Mann im Einsatz waren, konnte der Brand rasch unter Kontrolle gebracht und gel\u00f6scht werden. Die Brandursache ist derzeit noch unklar und Gegenstand der Ermittlungen. Personen kamen nicht zu Schaden. Der Schaden wird auf ca. 10 000,- Euro gesch\u00e4tzt. Das Polizeirevier Heidelberg-Nord hat die Ermittlungen \u00fcbernommen. <\/p>\n\n\n\n<h4 class=\"wp-block-heading\">(Weinheim \/ Rhein-Neckar-Kreis) &#8211; Verkehrsunfall auf der B3<\/h4>\n\n\n\n<p>Am Dienstag gegen 16.00 Uhr achtete die Fahrerin eines Mercedes beim Verlassen des Tankcenters und Abbiegen auf die Bergstra\u00dfe in Richtung Ortsmitte nicht auf den flie\u00dfenden Verkehr und kollidierte mit dem Fahrzeug einer weiteren Verkehrsteilnehmerin. Es entstand ein Sachschaden in H\u00f6he von ca. 7000 Euro. Verletzt wurde gl\u00fccklicherweise niemand. <\/p>\n\n\n\n<h4 class=\"wp-block-heading\">(Weinheim \/ Rhein-Neckar-Kreis) &#8211; Unfallflucht mit erheblichem Sachschaden \/ Zeugen gesucht!<\/h4>\n\n\n\n<p>Zu einer Unfallflucht mit nicht unerheblichem Sachschaden kam es in der Hauptstra\u00dfe in Weinheim in der Zeit von Montag, 18:15 Uhr bis Dienstag, 10:10 Uhr. Ein Ford, der in der N\u00e4he eines Taxiunternehmens geparkt war, wurde auf der Fahrerseite erheblich besch\u00e4digt. Neben den T\u00fcren selbst wurden auch deren Scheiben sowie der Au\u00dfenspiegel zerst\u00f6rt. Der Schaden wird derzeit auf mindestens 7.500 Euro gesch\u00e4tzt. Zeugen, die sachdienliche Hinweise geben k\u00f6nnen, setzen sich bitte mit dem Polizeirevier Weinheim unter der Rufnummer 06201\/1003-0 in Verbindung. <\/p>\n","protected":false},"excerpt":{"rendered":"<div class=\"mh-excerpt\"><p>Polizeimeldungen vom Mittwoch (13.05.2020) (Speyer) &#8211; Verkehrsunfall mit Gefahrgut-Lkw Am 13.05.20, gegen 20.55 Uhr, ereignete sich am Autobahnkreuz Speyer ein Verkehrsunfall unter Beteiligung eines Gefahrguttransporters. Der 23j\u00e4hriger Fahrer des Gefahrguttransporters befuhr mit seinem mit knapp <a class=\"mh-excerpt-more\" href=\"https:\/\/speyer24news.com\/?p=27088\" title=\"Polizeimeldungen\">[&#8230;]<\/a><\/p>\n<\/div>","protected":false},"author":3,"featured_media":0,"comment_status":"open","ping_status":"open","sticky":false,"template":"","format":"standard","meta":{"_monsterinsights_skip_tracking":false,"_monsterinsights_sitenote_active":false,"_monsterinsights_sitenote_note":"","_monsterinsights_sitenote_category":0,"footnotes":""},"categories":[12],"tags":[3614,61,2555,6955,6263,63,105,53,4854,4683,1548,102,213,55,5261,103,106,2803,2423,427,2625,380,62,104,979,1565],"aioseo_notices":[],"amp_enabled":true,"_links":{"self":[{"href":"https:\/\/speyer24news.com\/index.php?rest_route=\/wp\/v2\/posts\/27088"}],"collection":[{"href":"https:\/\/speyer24news.com\/index.php?rest_route=\/wp\/v2\/posts"}],"about":[{"href":"https:\/\/speyer24news.com\/index.php?rest_route=\/wp\/v2\/types\/post"}],"author":[{"embeddable":true,"href":"https:\/\/speyer24news.com\/index.php?rest_route=\/wp\/v2\/users\/3"}],"replies":[{"embeddable":true,"href":"https:\/\/speyer24news.com\/index.php?rest_route=%2Fwp%2Fv2%2Fcomments&post=27088"}],"version-history":[{"count":3,"href":"https:\/\/speyer24news.com\/index.php?rest_route=\/wp\/v2\/posts\/27088\/revisions"}],"predecessor-version":[{"id":27096,"href":"https:\/\/speyer24news.com\/index.php?rest_route=\/wp\/v2\/posts\/27088\/revisions\/27096"}],"wp:attachment":[{"href":"https:\/\/speyer24news.com\/index.php?rest_route=%2Fwp%2Fv2%2Fmedia&parent=27088"}],"wp:term":[{"taxonomy":"category","embeddable":true,"href":"https:\/\/speyer24news.com\/index.php?rest_route=%2Fwp%2Fv2%2Fcategories&post=27088"},{"taxonomy":"post_tag","embeddable":true,"href":"https:\/\/speyer24news.com\/index.php?rest_route=%2Fwp%2Fv2%2Ftags&post=27088"}],"curies":[{"name":"wp","href":"https:\/\/api.w.org\/{rel}","templated":true}]}}