{"id":27110,"date":"2020-05-16T07:51:03","date_gmt":"2020-05-16T06:51:03","guid":{"rendered":"https:\/\/speyer24news.com\/?p=27110"},"modified":"2020-05-16T07:51:04","modified_gmt":"2020-05-16T06:51:04","slug":"hassloch-58","status":"publish","type":"post","link":"https:\/\/speyer24news.com\/?p=27110","title":{"rendered":"Ha\u00dfloch"},"content":{"rendered":"<style type=\"text\/css\">\r\n\t.ads_top_disp{}\r\n\t.ads_top_corner_disp{ float:left; margin:0px 10px 10px 0px; }\r\n\t.ads_first_p_disp{}\r\n\t.ads_bottom_disp{}\r\n\t<\/style>\n<h2 class=\"wp-block-heading\">Nothilfefonds f\u00fcr notleidende Vereine<\/h2>\n\n\n\n<div class=\"wp-block-image\"><figure class=\"aligncenter\"><img decoding=\"async\" loading=\"lazy\" width=\"800\" height=\"574\" src=\"https:\/\/speyer24news.com\/wp-content\/uploads\/2020\/05\/euro-1605659_1920.jpg\" alt=\"\" class=\"wp-image-27118\" srcset=\"https:\/\/speyer24news.com\/wp-content\/uploads\/2020\/05\/euro-1605659_1920.jpg 800w, https:\/\/speyer24news.com\/wp-content\/uploads\/2020\/05\/euro-1605659_1920-300x215.jpg 300w, https:\/\/speyer24news.com\/wp-content\/uploads\/2020\/05\/euro-1605659_1920-768x551.jpg 768w\" sizes=\"(max-width: 800px) 100vw, 800px\" \/><\/figure><\/div>\n\n\n\n<p>Der Gemeinderat hat in seiner Sitzung am 06.05.2020 einen Nothilfefonds f\u00fcr notleidende Vereine beschlossen. Die H\u00f6he des Hilfsfonds bel\u00e4uft sich auf insgesamt 10.000 \u20ac. Die Mittel sollen Vereinen zur Verf\u00fcgung stehen, die momentan besonders schwer von der COVID-19Pandemie betroffen sind. \u201eAuch das Land Rheinland-Pfalz hat ein Schutzschild mit einem Umfang von 10 Millionen Euro f\u00fcr Vereine und Organisationen aufgestellt. Der Nothilfefonds der Gemeinde Ha\u00dfloch ist ein erg\u00e4nzendes Hilfsangebot\u201c, so der zust\u00e4ndige Beigeordnete und Vereinsdezernent Claus Wolfer. Ein Antrag auf Landesf\u00f6rderung schlie\u00dft die Inanspruchnahme des gemeindeeigenen Nothilfefonds nicht aus.    <\/p>\n\n\n\n<h4 class=\"wp-block-heading\">Grunds\u00e4tze der Gew\u00e4hrung: <\/h4>\n\n\n\n<ul><li>Antragsteller m\u00fcssen entsprechend den allgemeinen Voraussetzungen der Richtlinien zur F\u00f6rderung der Vereine und der Jugendarbeit vom 15.07.2015 f\u00f6rderf\u00e4hig sein.<\/li><li>Antragsteller m\u00fcssen gem\u00e4\u00df \u00a7 52 der Abgabenordnung (AO) als gemeinn\u00fctzig anerkannt sein und d\u00fcrfen erst nach dem 11. M\u00e4rz 2020 durch die Corona-Pandemie in finanzielle Notlage gekommen sein. Weiterhin d\u00fcrfen die Mittel des Fonds ausschlie\u00dflich und unmittelbar nur f\u00fcr die steuerbeg\u00fcnstigten Zwecke des Antragstellers eingesetzt werden.<\/li><li>Das Programm ist subsidi\u00e4r angelegt. Das bedeutet unter anderem, dass der Antragsteller zun\u00e4chst alle eigenen M\u00f6glichkeiten wie etwa der vollst\u00e4ndige Verbrauch von Ansparungen oder R\u00fccklagen zur Bew\u00e4ltigung der Krise aussch\u00f6pfen muss.<\/li><li>F\u00f6rderf\u00e4hig sind insbesondere anfallende laufende Kosten, wie Mieten, Pachten, Betriebskosten (Energie, Wasser,\u2026), Kosten f\u00fcr Kredite\/Darlehen, vertraglich gebundene Honorare sowie unabwendbare Instandhaltungen\/Investitionen.<\/li><li>Auszahlungen aus dem Fonds erfolgen zun\u00e4chst als zinsloses Darlehen. Die Laufzeit des Darlehensvertrages sollte grunds\u00e4tzlich nicht l\u00e4nger als 5 Jahre betragen.<\/li><li>Das Darlehen kann in besonderen Einzelf\u00e4llen sp\u00e4ter in einen Zuschuss umgewandelt werden. Hierf\u00fcr ist dann ein besonders begr\u00fcndeter Antrag in der Zukunft erforderlich. Einen Anspruch auf Umwandlung besteht nicht. <\/li><\/ul>\n\n\n\n<h4 class=\"wp-block-heading\">Bei der Verteilung des Fonds wird auf folgende Kriterien besonders R\u00fccksicht genommen: <\/h4>\n\n\n\n<ul><li>Jugendarbeit<\/li><li>Mitgliederzahlen<\/li><li>eigene Vereinsanlagen <\/li><\/ul>\n\n\n\n<p>Antr\u00e4ge sollten <strong>bis zum 25.05.2020<\/strong> bei der Gemeinde gestellt werden, damit Auszahlungen aus dem Hilfsfonds schnellstm\u00f6glich erfolgen k\u00f6nnen.  <\/p>\n\n\n\n<p>Ansprechpartner bei der Gemeinde ist Herr Andreas Rohr. Hilfsantr\u00e4ge mit entsprechender Begr\u00fcndung  k\u00f6nnen unter der  E-Mail Adresse <a href=\"andreas.rohr@hassloch.de\">andreas.rohr@hassloch.de<\/a> formlos eingereicht werden. <\/p>\n\n\n\n<p>Informationen zum Schutzschild des Landes sind online \u00fcber <a href=\"http:\/\/www.wir-tun-was.de\">www.wir-tun-was.de<\/a> abrufbar. <\/p>\n\n\n\n<p><em>Gemeindeverwaltung Ha\u00dfloch<\/em><br><em>16.05.2020<\/em><\/p>\n\n\n\n<h2 class=\"wp-block-heading\">Einwohnerbefragung zum Neubau des Ha\u00dflocher Badeparks <\/h2>\n\n\n\n<div class=\"wp-block-image\"><figure class=\"aligncenter\"><img decoding=\"async\" loading=\"lazy\" width=\"800\" height=\"330\" src=\"https:\/\/speyer24news.com\/wp-content\/uploads\/2020\/05\/Badepark-Ha\u00dfloch-Entwurf.png\" alt=\"\" class=\"wp-image-27117\" srcset=\"https:\/\/speyer24news.com\/wp-content\/uploads\/2020\/05\/Badepark-Ha\u00dfloch-Entwurf.png 800w, https:\/\/speyer24news.com\/wp-content\/uploads\/2020\/05\/Badepark-Ha\u00dfloch-Entwurf-300x124.png 300w, https:\/\/speyer24news.com\/wp-content\/uploads\/2020\/05\/Badepark-Ha\u00dfloch-Entwurf-768x317.png 768w\" sizes=\"(max-width: 800px) 100vw, 800px\" \/><figcaption>Entwurfsplanung des neu gestalteten Badeparks Ha\u00dfloch<\/figcaption><\/figure><\/div>\n\n\n\n<p>Zur Zukunft des Badeparks wird erneut eine Einwohnerbefragung durchgef\u00fchrt. Daf\u00fcr hat sich der Gemeinderat in seiner Sitzung am 12. Februar 2020 mehrheitlich ausgesprochen. Die Ha\u00dflocher sollen bei der Befragung \u00fcber die vom Architektenb\u00fcro Bremer und Bremer erarbeitete Entwurfsplanung zum Neubau des Badeparks abstimmen. Die Details zur Durchf\u00fchrung der Einwohnerbefragung wurden bei der Gemeinderatssitzung am 06. Mai 2020 festgelegt und sehen wie folgt aus: <\/p>\n\n\n\n<ul><li>Abgestimmt wird \u00fcber die Entwurfsplanung zur Erneuerung des Badeparks. Die Abstimmungsfrage lautet: \u201eStimmen Sie f\u00fcr den Neubau des Badeparks gem\u00e4\u00df den aktuell vorliegenden Pl\u00e4nen?\u201c<\/li><li>Alle Abstimmungsberechtigten k\u00f6nnen mit \u201eJa\u201c oder \u201eNein\u201c abstimmen.<\/li><li>Abstimmungsberechtigt sind alle Personen ab 16 Jahren mit Erstwohnsitz in Ha\u00dfloch.<\/li><li>Erg\u00e4nzend dazu besteht auf dem unteren Teil des Stimmzettels die M\u00f6glichkeit zur Abgabe einer optionalen Zusatzbemerkung.<\/li><li>Bis sp\u00e4testens 27. Mai 2020 werden die Abstimmungsunterlagen per Post verschickt. Die Unterlagen enthalten: <br>     o Ein Anschreiben des Ersten Beigeordneten <br>     o Ein Faktenblatt zur Durchf\u00fchrung der Befragung <br>     o Ein Erkl\u00e4rungsblatt zur richtigen Stimmabgabe <br>     o Eine pers\u00f6nliche Erkl\u00e4rung (unterer Teil des Erkl\u00e4rungsblattes) <br>     o Einen amtlichen Stimmzettel <br>     o Einen blauen Stimmzettelumschlag <br>     o Einen roten R\u00fccksendeumschlag<\/li><li>Der R\u00fccksendeumschlag mit dem darin befindlichen Stimmzettelumschlag kann bis zum 12. Juni 2020 entweder geb\u00fchrenfrei auf dem Postweg an die Gemeinde zur\u00fcckgesandt, oder bei einer der insgesamt drei Abgabestellen in der Tourist-Info, im B\u00fcrgerb\u00fcro sowie im Foyer des Rathauses in eine der dort bereitgestellten Urnen eingeworfen werden. <\/li><\/ul>\n\n\n\n<p>Sollten stimmberechtigte Einwohnerinnen und Einwohner die Unterlagen bis zum 27. Mai 2020 nicht erhalten haben, sollten diese sich telefonisch unter 06324\/935-241 oder per Mail an <a href=\"info@hassloch.de\">info@hassloch.de<\/a> an die Gemeindeverwaltung wenden.  <\/p>\n\n\n\n<h4 class=\"wp-block-heading\">Was ist seit der letzten Einwohnerbefragung im Juli 2016 geschehen? <\/h4>\n\n\n\n<p>Der Gemeinderat hatte sich in seiner Sitzung am 14.12.2016 daf\u00fcr entschieden, einen \u201eRunden Tisch Badepark\u201c einzurichten. Seine Aufgabe war es, die k\u00fcnftige Weiterentwicklung des Badeparks zu beraten und die Realisierungschancen der daf\u00fcr gefundenen L\u00f6sungen mit den zust\u00e4ndigen Stellen (Kommunalaufsicht, Innenministerium, Landesrechnungshof) abzustimmen. Im M\u00e4rz 2017 wurde die Unternehmensberatung Altenburg beauftragt, ein Strategiekonzept zur Weiterentwicklung des Badeparks zu erarbeiten. Dieses wurde im Juni 2017 \u00f6ffentlich vorgestellt.  <\/p>\n\n\n\n<p>Im September 2017 entschied der Rat, dass der Badepark erhalten und auf Basis des Strategiekonzepts von Altenburg modernisiert werden soll. Demnach soll der Fokus des zuk\u00fcnftigen Badeparks auf junge Familien, Senioren, Gesundheitsvorsorge, Schwimmer sowie Schulen und Vereine gerichtet werden. Mit Constrata wurde ein auf B\u00e4derbau spezialisierter Projektsteuerer gefunden; mit der Ausarbeitung einer Vorentwurfsplanung wurde das renommierte Architekturb\u00fcro Bremer und Bremer beauftragt. Vier Umsetzungsvarianten wurden im Zuge der Vorplanung aufgezeigt. Variante drei kristallisierte sich dabei als Favorit heraus. Der Runde Tisch empfahl dem Gemeinderat im Dezember 2018  diese Variante weiter zu verfolgen. Im Februar 2019 gab der Rat gr\u00fcnes Licht f\u00fcr die Erstellung einer Entwurfsplanung zur favorisierten Variante drei. Die Entwurfsplanung liegt seit dem Sp\u00e4tjahr 2019 vor und war am 23. Januar und 12. Februar 2020 Beratungsgegenstand im Gemeinderat. Bei der Sitzung am 12. Februar 2020 entschied sich der Gemeinderat mehrheitlich f\u00fcr die Durchf\u00fchrung einer weiteren Einwohnerbefragung. \u00dcber die oben genannten Details zur Durchf\u00fchrung der Befragung wurde am 06. Mai 2020 entschieden.  <\/p>\n\n\n\n<h4 class=\"wp-block-heading\">Wie sieht die zur Abstimmung stehende Entwurfsplanung aus? <\/h4>\n\n\n\n<p>Die Entwurfsplanung sieht einen Abriss der kompletten Halle vor, lediglich der Keller soll erhalten bleiben. Es soll ein einst\u00f6ckiger kompakter Neubau entstehen, in dem ein 25-MeterSchwimmerbecken mit vier Bahnen, ein Multifunktionsbecken mit Hubboden f\u00fcr Kurse und Wassergymnastik sowie ein Kinderbereich mit verschiedenen Spiel- und Erlebniskomponenten untergebracht werden sollen. Ebenfalls Teil des Baus sind ein Ganzjahresbecken sowie ein Saunabereich. Auch eine Gastronomie sowie ein komplett neuer Umkleide- und Sanit\u00e4rbereich sollen Einzug halten. Das Freibad soll \u2013 ausgenommen das Kinderau\u00dfenbecken \u2013 unver\u00e4ndert bleiben. Die Kosten f\u00fcr eine Umsetzung der Entwurfsplanung belaufen sich auf rund 16,7 Millionen Euro. Die Entwurfsplanung kann online \u00fcber die Homepage der Gemeindeverwaltung <a href=\"http:\/\/www.hassloch.de\">www.hassloch.de<\/a> eingesehen werden. <\/p>\n\n\n\n<p><em>Gemeindeverwaltung Ha\u00dfloch<\/em><br><em>16.05.2020<\/em><\/p>\n\n\n\n<h2 class=\"wp-block-heading\">Auch Ha\u00dfloch unterzeichnet deutsch-franz\u00f6sischen Solidarit\u00e4tsaufruf<\/h2>\n\n\n\n<div class=\"wp-block-image\"><figure class=\"aligncenter\"><img decoding=\"async\" loading=\"lazy\" width=\"501\" height=\"658\" src=\"https:\/\/speyer24news.com\/wp-content\/uploads\/2020\/04\/Deutschfranz\u00f6sisch.jpg\" alt=\"\" class=\"wp-image-26533\" srcset=\"https:\/\/speyer24news.com\/wp-content\/uploads\/2020\/04\/Deutschfranz\u00f6sisch.jpg 501w, https:\/\/speyer24news.com\/wp-content\/uploads\/2020\/04\/Deutschfranz\u00f6sisch-228x300.jpg 228w\" sizes=\"(max-width: 501px) 100vw, 501px\" \/><\/figure><\/div>\n\n\n\n<p>\u201eDie Grenzen schlie\u00dfen sich, aber nicht unsere Herzen!\u201c: So steht es in dem deutschfranz\u00f6sischen Solidarit\u00e4tsaufruf, den jetzt auch der Erste Beigeordnete und Partnerschaftsdezernent der Gemeinde Ha\u00dfloch, Tobias Meyer, unterzeichnet hat. Gemeinsam mit inzwischen fast 300 anderen Amtstr\u00e4gerinnen und Amtstr\u00e4gern aus dem Elsass und der Pfalz wird darin an den Wert der deutsch-franz\u00f6sischen Freundschaft erinnert und der Zusammenhalt in der Coronakrise beschworen. <\/p>\n\n\n\n<p>Die Gemeinde Ha\u00dfloch pflegt eine enge Beziehung zu seiner franz\u00f6sischen Partnerstadt Viroflay. Beide Kommunen feiern im kommenden Jahr das 60-j\u00e4hrige Bestehen der Partnerschaft. Urspr\u00fcnglich wollte eine Ha\u00dflocher Delegation am 08. Mai 2020 nach Viroflay reisen, um an der Zeremonie zum Gedenken an die Opfer des Zweiten Weltkrieges teilzunehmen. Am 08. Mai hat sich in diesem Jahr die Kapitulation der Wehrmacht zum 75. Mal gej\u00e4hrt. Das Datum markiert das Ende des Zweiten Weltkriegs in Europa und wird als Tag der Befreiung vom Nationalsozialismus gefeiert. In Frankreich ist der 08. Mai daher ein landesweiter Feiertag. \u201eGerne h\u00e4tten wir das Gedenken begleitet, doch vor dem Hintergrund der Corona-Pandemie war ein pers\u00f6nlicher Besuch nicht m\u00f6glich. Dennoch waren wir in Gedanken bei unseren franz\u00f6sischen Freunden\u201c, so der Erste Beigeordnete Tobias Meyer. Auch die vor\u00fcbergehende Schlie\u00dfung der Grenzen werde an der Verbundenheit nichts \u00e4ndern. <\/p>\n\n\n\n<p>Initiatoren des deutsch-franz\u00f6sischen Solidarit\u00e4tsaufrufs sind der Birkenh\u00f6rdter B\u00fcrgermeister Matthias Ackermann und sein Kollege Ren\u00e9 Richert aus der franz\u00f6sischen Gemeinde Riedseltz. Die Unterzeichnerinnen und Unterzeichner wollen damit ein deutliches Zeichen der Solidarit\u00e4t und der grenz\u00fcberschreitenden Freundschaft und Zusammenarbeit aller Verantwortungstr\u00e4gerinnen und -tr\u00e4ger in den an der Grenze liegenden Gebietsk\u00f6rperschaften setzen. Hintergrund waren Beobachtungen und Erfahrungen, wonach vornehmlich franz\u00f6sische Pendler, die auf der Fahrt zu ihrem Arbeitsplatz in Deutschland mitunter lange Wartezeiten an der Grenze in Kauf nehmen mussten. Dar\u00fcber hinaus mehrten sich die Berichte von Franzosen, die sich Anfeindungen und Denunziationen ausgesetzt sahen, wenn sie nach der Arbeit auf der deutschen Seite getankt oder eingekauft haben. \u201eFrankreich und Deutschland werden auch die Coronakrise meistern. Als Partner, als Freunde. Kein Virus wird diese Freundschaft zerst\u00f6ren!\u201c, hei\u00dft es abschlie\u00dfend in dem gemeinsamen Solidarit\u00e4tsaufruf.  <\/p>\n\n\n\n<p><em>Gemeindeverwaltung Ha\u00dfloch<\/em><br><em>16.05.2020<\/em><\/p>\n\n\n\n<h2 class=\"wp-block-heading\">Die Ha\u00dflocher Tourist-Information \u00f6ffnet wieder<\/h2>\n\n\n\n<div class=\"wp-block-image\"><figure class=\"aligncenter\"><img decoding=\"async\" loading=\"lazy\" width=\"800\" height=\"420\" src=\"https:\/\/speyer24news.com\/wp-content\/uploads\/2020\/05\/open-sign-1617495_1920.jpg\" alt=\"\" class=\"wp-image-26601\" srcset=\"https:\/\/speyer24news.com\/wp-content\/uploads\/2020\/05\/open-sign-1617495_1920.jpg 800w, https:\/\/speyer24news.com\/wp-content\/uploads\/2020\/05\/open-sign-1617495_1920-300x158.jpg 300w, https:\/\/speyer24news.com\/wp-content\/uploads\/2020\/05\/open-sign-1617495_1920-768x403.jpg 768w\" sizes=\"(max-width: 800px) 100vw, 800px\" \/><\/figure><\/div>\n\n\n\n<p>Im Zuge der ersten Lockerungen f\u00fcr das Gastgewerbe \u00f6ffnet die Ha\u00dflocher TouristInformation ab Montag, 18. Mai 2020, wieder ihre T\u00fcren. Ge\u00f6ffnet ist Montag bis Freitag von 9:00 bis 12:30 Uhr sowie Montag bis Donnerstag von 14:00 bis 16:00 Uhr. <\/p>\n\n\n\n<p>Die Besucherinnen und Besucher werden gebeten, die allgemein g\u00fcltigen Hygienebestimmungen einzuhalten. Dazu z\u00e4hlen das Tragen eines Mund-Nasen-Schutzes sowie das Desinfizieren der H\u00e4nde. Ein Desinfektionsst\u00e4nder ist in der Tourist-Information aufgestellt. Der Counter ist mit einer entsprechenden Trennvorrichtung ausgestattet. Das Team der Tourist-Information bittet um Verst\u00e4ndnis, dass immer nur eine Person eintreten darf. Die im Au\u00dfenbereich wartenden G\u00e4ste sollten 1,50 m Abstand einhalten.  <\/p>\n\n\n\n<p>Infomaterial und Prospekte in der offenen Auslage k\u00f6nnen gerne mitgenommen werden. Bereits angefasste und durchgebl\u00e4tterte Prospekte sollten nicht wieder zur\u00fcckgelegt werden. Zur Verf\u00fcgung stehen dar\u00fcber hinaus das \u00fcbliche Sortiment der Leisb\u00f6hler Weine und Gl\u00e4ser sowie Ha\u00dfloch-Gutscheine, Schlemmerbl\u00f6cke und vieles mehr. Es ist EC-Karten- und Barzahlung m\u00f6glich. Au\u00dferdem werden in der Tourist-Informationen vor\u00fcbergehend auch Wertstoffs\u00e4cke ausgegeben. <\/p>\n\n\n\n<p><em>Gemeindeverwaltung Ha\u00dfloch<\/em><br><em>16.05.2020<\/em><\/p>\n\n\n\n<h2 class=\"wp-block-heading\">Care-App h\u00e4lt Einzug in kommunale Kindertagesst\u00e4tten<\/h2>\n\n\n\n<div class=\"wp-block-image\"><figure class=\"aligncenter\"><img decoding=\"async\" loading=\"lazy\" width=\"800\" height=\"395\" src=\"https:\/\/speyer24news.com\/wp-content\/uploads\/2020\/05\/Care-App.png\" alt=\"\" class=\"wp-image-27116\" srcset=\"https:\/\/speyer24news.com\/wp-content\/uploads\/2020\/05\/Care-App.png 800w, https:\/\/speyer24news.com\/wp-content\/uploads\/2020\/05\/Care-App-300x148.png 300w, https:\/\/speyer24news.com\/wp-content\/uploads\/2020\/05\/Care-App-768x379.png 768w\" sizes=\"(max-width: 800px) 100vw, 800px\" \/><\/figure><\/div>\n\n\n\n<p>Care ist eine mehrteilige App, welche die Kommunikation zwischen Eltern, Erzieher\/innen und Kita-Leitung vereinfacht. Ganz gleich, ob f\u00fcr Neuigkeiten und Eindr\u00fccke aus der Kita oder die Interaktion der Eltern untereinander \u2013 mit der Nutzung der App soll das Miteinander einfacher, effizienter und verl\u00e4sslicher werden. In der kommunalen Kindertagesst\u00e4tte \u201eHaus Kunterbunt\u201c wird die App noch in diesem Monat in einen Testlauf starten und soll langfristig in allen kommunalen Kindertagesst\u00e4tten der Gemeinde Ha\u00dfloch zum Einsatz kommen. <\/p>\n\n\n\n<p>Das Team der Kita \u201eHaus Kunterbunt\u201c ist bereits im vergangenen Jahr beim Besuch der Didacta (Fachmesse f\u00fcr das gesamte Bildungswesen) auf die App aufmerksam geworden und zeigte sich vom Konzept und dem Nutzen der App nachhaltig \u00fcberzeugt. \u201eIn erster Linie soll \u00fcber die App ein reger und unkomplizierter Kommunikationsaustausch stattfinden\u201c, erkl\u00e4rt Einrichtungsleiter Simon Schmidt die Vorteile. Demnach lassen sich Terminkalender synchronisieren sowie R\u00fccklaufzettel, Elternbriefe und Aush\u00e4nge unkompliziert verschicken. Dar\u00fcber hinaus haben Eltern die M\u00f6glichkeit, ihre Kinder \u00fcber die App krank zu melden. Ebenso k\u00f6nnen sie der Einrichtungsleitung kurzfristig mitteilen, dass das Kind beispielweise fr\u00fcher abgeholt wird und nicht Mama oder Papa, sondern Oma oder Opa die Abholer sind. \u201eDie App soll dabei keinesfalls das pers\u00f6nliche Gespr\u00e4ch ersetzen, doch es ist im hektischen Alltag nicht immer einfach, zueinander zu finden. Daher ist gerade bei Terminerinnerungen, Krankmeldungen und Abholzeiten die App eine unkomplizierte und schnelle Kommunikationsalternative\u201c, so Schmidt weiter. <\/p>\n\n\n\n<p>\u201eDer Datenschutz spielt hierbei eine zentrale Rolle\u201c, sagt der zust\u00e4ndige Dezernent und Beigeordnete Claus Wolfer. Daher greift man auch nicht auf eine simple WhatsApp-Gruppe zur\u00fcck, sondern auf eine App, die den Datenschutz gem\u00e4\u00df der Europ\u00e4ischen Datenschutzgrundverordnung garantiert. Dazu z\u00e4hlt beispielsweise das zweigeteilte Anmeldeverfahren, bei denen Eltern sowohl digital als auch pers\u00f6nlich identifiziert werden. Auf diese Weise erhalten nur solche Eltern Zugriff auf die App, die der Kita pers\u00f6nlich bekannt sind.  <\/p>\n\n\n\n<p>In der Kita \u201eHaus Kunterbunt\u201c ist die Vorbereitungsphase abgeschlossen, sodass die App weitestgehend startklar ist. In einem ersten Schritt werden jetzt die Eltern durch die KitaLeitung \u00fcber die App informiert und haben die M\u00f6glichkeit, sich entsprechend anzumelden. Nach erfolgter Information und Anmeldung soll die App voraussichtlich Ende Mai in den Praxisbetrieb gehen und erste Infos \u00fcber die App ausgetauscht werden. Nach erfolgreicher Inbetriebnahme soll die App auch in den anderen kommunalen Kindertagesst\u00e4tten zum Einsatz kommen.  <\/p>\n\n\n\n<p>Der Download und die Nutzung der App ist f\u00fcr die Eltern komplett kostenlos. Die Gemeindeverwaltung zahlt f\u00fcr die Nutzung in allen kommunalen Kindertagesst\u00e4tten einen Betrag von rund 250 Euro pro Monat.  <\/p>\n\n\n\n<p>Die App wurde mit mehreren Kooperationskindertagesst\u00e4tten in Hamburg und BadenW\u00fcrttemberg entwickelt und ist inzwischen in ganz Deutschland nutzbar. Weitere Informationen zur Nutzung der App und \u00fcber den Einsatz in den Ha\u00dflocher Kitas erhalten Eltern direkt von der jeweiligen Einrichtungsleitung. Eine erste Informations\u00fcbersicht bietet aber auch die Homepage <a href=\"http:\/\/www.care-app.de\">www.care-app.de<\/a><\/p>\n\n\n\n<p><em>Gemeindeverwaltung Ha\u00dfloch<br>16.05.2020<\/em><\/p>\n","protected":false},"excerpt":{"rendered":"<div class=\"mh-excerpt\"><p>Nothilfefonds f\u00fcr notleidende Vereine Der Gemeinderat hat in seiner Sitzung am 06.05.2020 einen Nothilfefonds f\u00fcr notleidende Vereine beschlossen. Die H\u00f6he des Hilfsfonds bel\u00e4uft sich auf insgesamt 10.000 \u20ac. Die Mittel sollen Vereinen zur Verf\u00fcgung stehen, <a class=\"mh-excerpt-more\" href=\"https:\/\/speyer24news.com\/?p=27110\" title=\"Ha\u00dfloch\">[&#8230;]<\/a><\/p>\n<\/div>","protected":false},"author":3,"featured_media":23914,"comment_status":"open","ping_status":"open","sticky":false,"template":"","format":"standard","meta":{"_monsterinsights_skip_tracking":false,"_monsterinsights_sitenote_active":false,"_monsterinsights_sitenote_note":"","_monsterinsights_sitenote_category":0,"footnotes":""},"categories":[235],"tags":[6975,6978,6352,6556,6976,4913,180,6974,6979,3247,6973,6977],"aioseo_notices":[],"amp_enabled":true,"_links":{"self":[{"href":"https:\/\/speyer24news.com\/index.php?rest_route=\/wp\/v2\/posts\/27110"}],"collection":[{"href":"https:\/\/speyer24news.com\/index.php?rest_route=\/wp\/v2\/posts"}],"about":[{"href":"https:\/\/speyer24news.com\/index.php?rest_route=\/wp\/v2\/types\/post"}],"author":[{"embeddable":true,"href":"https:\/\/speyer24news.com\/index.php?rest_route=\/wp\/v2\/users\/3"}],"replies":[{"embeddable":true,"href":"https:\/\/speyer24news.com\/index.php?rest_route=%2Fwp%2Fv2%2Fcomments&post=27110"}],"version-history":[{"count":2,"href":"https:\/\/speyer24news.com\/index.php?rest_route=\/wp\/v2\/posts\/27110\/revisions"}],"predecessor-version":[{"id":27119,"href":"https:\/\/speyer24news.com\/index.php?rest_route=\/wp\/v2\/posts\/27110\/revisions\/27119"}],"wp:featuredmedia":[{"embeddable":true,"href":"https:\/\/speyer24news.com\/index.php?rest_route=\/wp\/v2\/media\/23914"}],"wp:attachment":[{"href":"https:\/\/speyer24news.com\/index.php?rest_route=%2Fwp%2Fv2%2Fmedia&parent=27110"}],"wp:term":[{"taxonomy":"category","embeddable":true,"href":"https:\/\/speyer24news.com\/index.php?rest_route=%2Fwp%2Fv2%2Fcategories&post=27110"},{"taxonomy":"post_tag","embeddable":true,"href":"https:\/\/speyer24news.com\/index.php?rest_route=%2Fwp%2Fv2%2Ftags&post=27110"}],"curies":[{"name":"wp","href":"https:\/\/api.w.org\/{rel}","templated":true}]}}