{"id":27120,"date":"2020-05-16T08:18:07","date_gmt":"2020-05-16T07:18:07","guid":{"rendered":"https:\/\/speyer24news.com\/?p=27120"},"modified":"2020-05-16T08:18:07","modified_gmt":"2020-05-16T07:18:07","slug":"schifferstadt-61","status":"publish","type":"post","link":"https:\/\/speyer24news.com\/?p=27120","title":{"rendered":"Schifferstadt"},"content":{"rendered":"<style type=\"text\/css\">\r\n\t.ads_top_disp{}\r\n\t.ads_top_corner_disp{ float:left; margin:0px 10px 10px 0px; }\r\n\t.ads_first_p_disp{}\r\n\t.ads_bottom_disp{}\r\n\t<\/style>\n<h2 class=\"wp-block-heading\"><strong>Brief der Schifferstadter B\u00fcrgermeisterin an Bildungsministerin Dr<\/strong>. Stefanie Hubig<\/h2>\n\n\n\n<div class=\"wp-block-image\"><figure class=\"aligncenter\"><img decoding=\"async\" loading=\"lazy\" width=\"800\" height=\"600\" src=\"https:\/\/speyer24news.com\/wp-content\/uploads\/2020\/05\/pen-1584239_1920.jpg\" alt=\"\" class=\"wp-image-27123\" srcset=\"https:\/\/speyer24news.com\/wp-content\/uploads\/2020\/05\/pen-1584239_1920.jpg 800w, https:\/\/speyer24news.com\/wp-content\/uploads\/2020\/05\/pen-1584239_1920-300x225.jpg 300w, https:\/\/speyer24news.com\/wp-content\/uploads\/2020\/05\/pen-1584239_1920-768x576.jpg 768w, https:\/\/speyer24news.com\/wp-content\/uploads\/2020\/05\/pen-1584239_1920-678x509.jpg 678w, https:\/\/speyer24news.com\/wp-content\/uploads\/2020\/05\/pen-1584239_1920-326x245.jpg 326w, https:\/\/speyer24news.com\/wp-content\/uploads\/2020\/05\/pen-1584239_1920-80x60.jpg 80w\" sizes=\"(max-width: 800px) 100vw, 800px\" \/><\/figure><\/div>\n\n\n\n<h3 class=\"wp-block-heading\">Notbetreuung in Kindertagesst\u00e4tten <\/h3>\n\n\n\n<p>Sehr geehrte Frau Ministerin Dr. Hubig,<\/p>\n\n\n\n<p>mit gro\u00dfem Staunen habe ich heute Morgen (15.05.2020) in der Tageszeitung DIE RHEINPFALZ Ihre \u00c4u\u00dferung zur Notbetreuung in den Kindertagesst\u00e4tten gelesen. <br>\u201eBis zur Sommerpause d\u00fcrfen alle Kinder in die Kita, deren Eltern das w\u00fcnschen\u201c, werden Sie zitiert und \u201eDie letzte Entscheidung liege bei den Kommunen\u201c. <br>Damit geben Sie ein Versprechen ab, das die Tr\u00e4ger der Kindertagesst\u00e4tten halten sollen, aber nicht k\u00f6nnen. Entschuldigen Sie bitte, aber das ist sowas von daneben, wie es nur irgendwie sein kann. <br>Es werden Erwartungen bei den Eltern geweckt, die so nicht haltbar sind. In nahezu allen Familien sind beide Elternteile berufst\u00e4tig. Viele davon mussten bereits zur Kinderbetreuung Urlaub beanspruchen. Die Urlaubstage egal ob regul\u00e4r oder Sonderurlaub sind endlich. Arbeitgeber fordern Pr\u00e4sens am Arbeitsplatz und Homeoffice wird dadurch reduziert. Die Eltern, die noch im Homeoffice sind, sind oftmals \u00fcberfordert von der Doppelbelastung \u201eanspruchsvoller Job\u201c und \u201eBetreuung der Kleinkinder\u201c. <br>Sie verkennen in Ihrer Aussage v\u00f6llig die Situation in den Einrichtungen. Entsprechend den Landesvorgaben d\u00fcrfen nur 10 Kinder in einer Notgruppe aufgenommen werden, was ich als richtig empfinde. In einer 5gruppigen Kita k\u00f6nnen im Regelbetrieb 125 Kinder betreut werden; theoretisch max. 50 Kinder in der Notbetreuung.<\/p>\n\n\n\n<p>Pro Gruppe braucht man den gleichen Personalschl\u00fcssel wie im Regelbetrieb. Was ist, wenn es wie bei uns und in vielen anderen Einrichtungen so ist, dass alleine sieben Mitarbeiter*innen zur sogenannten Risikogruppe geh\u00f6ren und deshalb nicht in der Notgruppenbetreuung eingesetzt werden d\u00fcrfen?  Dann sind beispielsweise nur 30 Notpl\u00e4tze zur Verf\u00fcgung, die jetzt schon belegt sind.  Andere Personen z.B. mit Erk\u00e4ltungsanzeichen, egal welcher Schwere, m\u00fcssen zuhause bleiben und reduzieren das Betreuungspotential weiter. Da auch in den anderen Kitas die Notgruppenbetreuung ausgeweitet wird, sind Aushilfen so gut wie nicht m\u00f6glich.   All diese Regelungen zum Gesundheitsschutz sind wichtig und auch richtig. Aber es d\u00fcrfen keine falschen Versprechungen publiziert werden. Die Glaubw\u00fcrdigkeit der Politik leidet darunter und den Unmut der Eltern m\u00fcssen insbesondere die Leitungen der Kitas und auch die Erzieher*innen aushalten, wenn ein Notbetreuungswunsch abgelehnt werden muss.  <br>Ich hoffe sehr, dass Sie in den mit Spannung erwarteten Leitlinien, die das Ministerium zusammen mit dem Landesamt f\u00fcr Soziales, Jugend und Versorgung und den Kita-Spitzenverb\u00e4nden erarbeiten will, L\u00f6sungen anbieten, die nicht den Tr\u00e4gern \u201eden schwarzen Peter\u201c zuschieben und den Eltern tats\u00e4chlich auch helfen werden. In anderen Bereichen werden noch nie dagewesene Hilfspakete geschn\u00fcrt. Vielleicht ist dies auch f\u00fcr die Eltern von Kindergarten- oder Schulkindern m\u00f6glich. Das was bisher von Seiten des Landes angeboten wurde, reicht nicht aus. <\/p>\n\n\n\n<p>Mit freundlichen Gr\u00fc\u00dfen<\/p>\n\n\n\n<p>Ilona Volk <\/p>\n\n\n\n<p><em>Stadtverwaltung Schifferstadt<\/em><br><em>16.05.2020<\/em><\/p>\n\n\n\n<h2 class=\"wp-block-heading\"><strong>22. Mai: st\u00e4dtische Einrichtungen bleiben geschlossen<\/strong><\/h2>\n\n\n\n<div class=\"wp-block-image\"><figure class=\"aligncenter\"><img decoding=\"async\" src=\"https:\/\/speyer24news.com\/wp-content\/uploads\/2020\/03\/Closed.jpg\" alt=\"\" class=\"wp-image-25894\"\/><\/figure><\/div>\n\n\n\n<p>Am Freitag, 22. Mai legt die Stadtverwaltung Schifferstadt\neinen Schlie\u00dftag ein. Das Rathaus, die st\u00e4dtischen Kitas und der Jugendtreff\nbleiben daher am Br\u00fcckentag geschlossen. Einzige Ausnahme bildet die\nStadtb\u00fccherei, Rehbachstra\u00dfe 2: Sie ist, wie gewohnt, von 9 bis 16 Uhr\nge\u00f6ffnet. <\/p>\n\n\n\n<p>Am Montag, 25. Mai sind dann alle Verwaltungsmitarbeiterinnen\nund -mitarbeiter wieder wie gewohnt f\u00fcr die B\u00fcrgerinnen und B\u00fcrger da. Die Stadtverwaltung\ndankt vorab f\u00fcr das Verst\u00e4ndnis. &nbsp;<\/p>\n\n\n\n<p><em>Stadtverwaltung Schifferstadt<\/em><br><em>16.05.2020<\/em><\/p>\n\n\n\n<h2 class=\"wp-block-heading\"><strong>Sperrm\u00fcll im Wald<\/strong><\/h2>\n\n\n\n<div class=\"wp-block-image\"><figure class=\"aligncenter\"><img decoding=\"async\" loading=\"lazy\" width=\"800\" height=\"450\" src=\"https:\/\/speyer24news.com\/wp-content\/uploads\/2020\/05\/Sperrm\u00fcll.jpg\" alt=\"\" class=\"wp-image-27122\" srcset=\"https:\/\/speyer24news.com\/wp-content\/uploads\/2020\/05\/Sperrm\u00fcll.jpg 800w, https:\/\/speyer24news.com\/wp-content\/uploads\/2020\/05\/Sperrm\u00fcll-300x169.jpg 300w, https:\/\/speyer24news.com\/wp-content\/uploads\/2020\/05\/Sperrm\u00fcll-768x432.jpg 768w, https:\/\/speyer24news.com\/wp-content\/uploads\/2020\/05\/Sperrm\u00fcll-678x381.jpg 678w\" sizes=\"(max-width: 800px) 100vw, 800px\" \/><\/figure><\/div>\n\n\n\n<p>Ein kaputter Herd, ein\nzerbrochener W\u00e4schekorb, jede Menge Holzlatten und noch einiges mehr \u2013 am\nvergangenen Wochenende entsorgten Unbekannte ihren Sperrm\u00fcll im Wald zwischen\nSchifferstadt und Speyer. Nach Meldungen von mehreren B\u00fcrgern hat sich der\nst\u00e4dtische Vollzugsdienst am Sonntag den Ablageort angesehen. Da der M\u00fcll auf\nSpeyrer Gemarkung lag, war die dortige Polizei bereits vor Ort. Ermittlungen\ngegen den Verursacher wurden eingeleitet. &nbsp;<\/p>\n\n\n\n<p>Dabei ist das\nAbfallsammelsystem im Rhein-Pfalz-Kreis durch den Eigenbetrieb\nAbfallwirtschaft, kurz ebalu, hervorragend organisiert: Nahezu alle Abf\u00e4lle\nwerden von zuhause abgeholt \u2013 dazu z\u00e4hlen auch sperrige Gegenst\u00e4nde. Hinzu\nkommt, dass die Entsorgungsgeb\u00fchren bei ordnungsgem\u00e4\u00dfer M\u00fclltrennung sehr niedrig\nsind. Daher bittet die st\u00e4dtische Ordnungsbeh\u00f6rde darum, den M\u00fcll weder in Feld\nund Wald, noch im Stadtgebiet abzulegen.<\/p>\n\n\n\n<p>Meldungen \u00fcber illegale M\u00fcllablagerungen k\u00f6nnen an die Stadtverwaltung Schifferstadt unter der Telefonnummer 06235\/ 440 oder per Mail an <a href=\"vollzugsdienst@schifferstadt.de\">vollzugsdienst@schifferstadt.de<\/a> gemeldet werden. Auch die App M\u00fcllweg.de hilft dabei. Diese kann unter <a href=\"http:\/\/www.muell-weg.de\">www.muell-weg.de<\/a> auf das Smartphone geladen werden und ist kinderleicht zu handhaben.<\/p>\n\n\n\n<h4 class=\"wp-block-heading\"><strong>Wohin mit dem Sperrm\u00fcll?<\/strong><\/h4>\n\n\n\n<p>Jeder Schifferstadter Haushalt\nhat die M\u00f6glichkeit, bis zu 6 m\u00b3 Sperrm\u00fcll pro Kalenderjahr kostenfrei zu\nentsorgen. Dieses Jahreskontingent kann nach Bedarf entweder in zwei Abfuhren\nzu je maximal 3 m\u00b3 aufgeteilt oder durch eine einzige Abfuhr von bis zu 6 m\u00b3 in\nAnspruch genommen werden. F\u00fcr dar\u00fcber hinausgehende Sperrm\u00fcllmengen (&gt;6 m\u00b3\npro Jahr) wird eine Geb\u00fchr von 35,00 Euro pro angefangene 3 m\u00b3 berechnet. Nicht\nin Anspruch genommene Sperrm\u00fcllkontingente verfallen am Jahresende. <\/p>\n\n\n\n<h4 class=\"wp-block-heading\"><strong>Wie bestelle ich die Sperrm\u00fcllabfuhr? <\/strong><\/h4>\n\n\n\n<p>Die Sperrm\u00fcllabfuhr\nerfolgt auf Abruf und ist rechtzeitig unter Ber\u00fccksichtigung einer vierw\u00f6chigen\nVorlaufzeit beim Eigenbetrieb Abfallwirtschaft zu beantragen. Der Antrag kann\nonline auf www.ebalu.de oder telefonisch unter 0621 \/59095555 gestellt werden.<\/p>\n\n\n\n<h4 class=\"wp-block-heading\"><strong>Zu schwer \u2013 wer hilft mir tragen?<\/strong><\/h4>\n\n\n\n<p>Auf Bestellung werden\ndie zum Abtransport vorbereiteten Sperrabf\u00e4lle am Abfuhrtag von den M\u00fcllwerkern\naus der Wohnung an die Stra\u00dfe getragen. Dieser Voll-Service ist kostenpflichtig\nund wird direkt vom beauftragten Abfuhrunternehmen angeboten. Konditionen und\nKontaktdaten erhalten Interessierte unter 0621 \/ 59095555.<\/p>\n\n\n\n<h4 class=\"wp-block-heading\"><strong>Zu gut f\u00fcr den M\u00fcll?<\/strong><\/h4>\n\n\n\n<p>Gut erhaltene M\u00f6belst\u00fccke k\u00f6nnen kostenlos im sogenannten \u201eVerschenkemarkt\u201c der ebalu inseriert oder als Sachspende an einem Sozialkaufhaus, z.B. der M\u00f6belhalle Dannstadt, abgegeben werden. Eine weitere M\u00f6glichkeit bieten Soziale Netzwerke mit Tausch- und Schenkgruppen.<\/p>\n\n\n\n<p><em>Stadtverwaltung Schifferstadt<\/em><br><em>16.05.2020<\/em><\/p>\n\n\n\n<h2 class=\"wp-block-heading\"><strong>Sicherer Restaurantbesuch \u2013 so geht\u00b4s!<\/strong><\/h2>\n\n\n\n<div class=\"wp-block-image\"><figure class=\"aligncenter\"><img decoding=\"async\" loading=\"lazy\" width=\"500\" height=\"595\" src=\"https:\/\/speyer24news.com\/wp-content\/uploads\/2020\/05\/Gedeckter-Tisch.jpeg\" alt=\"\" class=\"wp-image-27121\" srcset=\"https:\/\/speyer24news.com\/wp-content\/uploads\/2020\/05\/Gedeckter-Tisch.jpeg 500w, https:\/\/speyer24news.com\/wp-content\/uploads\/2020\/05\/Gedeckter-Tisch-252x300.jpeg 252w\" sizes=\"(max-width: 500px) 100vw, 500px\" \/><\/figure><\/div>\n\n\n\n<p>Seit Mittwoch, 13. Mai d\u00fcrfen Restaurants, Speisegastst\u00e4tten, Caf\u00e9s, Eisdielen und Eiscaf\u00e9s in Rheinland-Pfalz unter Einhaltung von Hygienebestimmungen wieder \u00f6ffnen. Aber wie k\u00f6nnen die G\u00e4ste dazu beitragen, dass das Ausw\u00e4rtsessen ein sch\u00f6nes und sicheres Erlebnis wird?<\/p>\n\n\n\n<ul><li>Wer zuerst kommt, malt beziehungsweise isst zuerst \u2013 Restaurantbesucher werden gebeten, vorab zu reservieren. Spontanbesuche sind ausnahmsweise m\u00f6glich, sollten aber vermieden werden. <\/li><li>Der Gastwirt nimmt pers\u00f6nliche Daten (Vor- und Zuname, Anschrift und Telefonnummer) auf und bewahrt diese einen Monat auf zur etwaigen R\u00fcckverfolgung einer Infektionskette. <\/li><li>Wer eine Gastst\u00e4tte betritt, muss eine Mund-Nasen-Maske tragen und die Tischzuweisung abwarten. Am Platz darf die Maske dann abgenommen werden. \u00dcbrigens d\u00fcrfen bis zu zwei Haushalte gemeinsam essen gehen, also auch an einem Tisch sitzen. <\/li><li>Zu den Personen am Nachbartisch gilt die Abstandregel von 1,50 Meter. <\/li><li>Bis sp\u00e4testens 22 Uhr, wenn alle Gastst\u00e4tten schlie\u00dfen m\u00fcssen, k\u00f6nnen sich die G\u00e4ste dann das Essen und die Getr\u00e4nke schmecken lassen. <\/li><\/ul>\n\n\n\n<p><em>Stadtverwaltung Schifferstadt<br>16.05.2020<\/em><\/p>\n","protected":false},"excerpt":{"rendered":"<div class=\"mh-excerpt\"><p>Brief der Schifferstadter B\u00fcrgermeisterin an Bildungsministerin Dr. Stefanie Hubig Notbetreuung in Kindertagesst\u00e4tten Sehr geehrte Frau Ministerin Dr. Hubig, mit gro\u00dfem Staunen habe ich heute Morgen (15.05.2020) in der Tageszeitung DIE RHEINPFALZ Ihre \u00c4u\u00dferung zur Notbetreuung <a class=\"mh-excerpt-more\" href=\"https:\/\/speyer24news.com\/?p=27120\" title=\"Schifferstadt\">[&#8230;]<\/a><\/p>\n<\/div>","protected":false},"author":3,"featured_media":0,"comment_status":"open","ping_status":"open","sticky":false,"template":"","format":"standard","meta":{"_monsterinsights_skip_tracking":false,"_monsterinsights_sitenote_active":false,"_monsterinsights_sitenote_note":"","_monsterinsights_sitenote_category":0,"footnotes":""},"categories":[126],"tags":[6933,2233,6401,5904,6983,6980,6981,6985,6984,127,2437,6982],"aioseo_notices":[],"amp_enabled":true,"_links":{"self":[{"href":"https:\/\/speyer24news.com\/index.php?rest_route=\/wp\/v2\/posts\/27120"}],"collection":[{"href":"https:\/\/speyer24news.com\/index.php?rest_route=\/wp\/v2\/posts"}],"about":[{"href":"https:\/\/speyer24news.com\/index.php?rest_route=\/wp\/v2\/types\/post"}],"author":[{"embeddable":true,"href":"https:\/\/speyer24news.com\/index.php?rest_route=\/wp\/v2\/users\/3"}],"replies":[{"embeddable":true,"href":"https:\/\/speyer24news.com\/index.php?rest_route=%2Fwp%2Fv2%2Fcomments&post=27120"}],"version-history":[{"count":1,"href":"https:\/\/speyer24news.com\/index.php?rest_route=\/wp\/v2\/posts\/27120\/revisions"}],"predecessor-version":[{"id":27124,"href":"https:\/\/speyer24news.com\/index.php?rest_route=\/wp\/v2\/posts\/27120\/revisions\/27124"}],"wp:attachment":[{"href":"https:\/\/speyer24news.com\/index.php?rest_route=%2Fwp%2Fv2%2Fmedia&parent=27120"}],"wp:term":[{"taxonomy":"category","embeddable":true,"href":"https:\/\/speyer24news.com\/index.php?rest_route=%2Fwp%2Fv2%2Fcategories&post=27120"},{"taxonomy":"post_tag","embeddable":true,"href":"https:\/\/speyer24news.com\/index.php?rest_route=%2Fwp%2Fv2%2Ftags&post=27120"}],"curies":[{"name":"wp","href":"https:\/\/api.w.org\/{rel}","templated":true}]}}