{"id":27130,"date":"2020-05-16T10:24:20","date_gmt":"2020-05-16T09:24:20","guid":{"rendered":"https:\/\/speyer24news.com\/?p=27130"},"modified":"2020-05-16T10:24:21","modified_gmt":"2020-05-16T09:24:21","slug":"germersheim-und-landkreis-ger-17","status":"publish","type":"post","link":"https:\/\/speyer24news.com\/?p=27130","title":{"rendered":"Germersheim und Landkreis GER"},"content":{"rendered":"<style type=\"text\/css\">\r\n\t.ads_top_disp{}\r\n\t.ads_top_corner_disp{ float:left; margin:0px 10px 10px 0px; }\r\n\t.ads_first_p_disp{}\r\n\t.ads_bottom_disp{}\r\n\t<\/style>\n<h2 class=\"wp-block-heading\">Coronafallzahlen aus dem Landkreis Germersheim<\/h2>\n\n\n\n<figure class=\"wp-block-image\"><img decoding=\"async\" loading=\"lazy\" width=\"800\" height=\"400\" src=\"https:\/\/speyer24news.com\/wp-content\/uploads\/2020\/02\/virus-1812092_1920.jpg\" alt=\"\" class=\"wp-image-25128\" srcset=\"https:\/\/speyer24news.com\/wp-content\/uploads\/2020\/02\/virus-1812092_1920.jpg 800w, https:\/\/speyer24news.com\/wp-content\/uploads\/2020\/02\/virus-1812092_1920-300x150.jpg 300w, https:\/\/speyer24news.com\/wp-content\/uploads\/2020\/02\/virus-1812092_1920-768x384.jpg 768w\" sizes=\"(max-width: 800px) 100vw, 800px\" \/><\/figure>\n\n\n\n<h3 class=\"wp-block-heading\"><strong>Aktuell\n19 best\u00e4tigte positive F\u00e4lle im Landkreis Germersheim (15. Mai2020, Stand 14\nUhr)<\/strong><\/h3>\n\n\n\n<p>Die \u00dcbersicht aus dem Landkreis Germersheim:<\/p>\n\n\n\n<ul><li>Derzeit positiv getestete Personen: 19<\/li><li>Gesundete Personen: 122<\/li><li>Bislang leider verstorbene Personen: 5<ul><li>Gesamtzahl\npositiv getestete Personen (seit Ausbruch): 146<\/li><\/ul><\/li><\/ul>\n\n\n\n<h3 class=\"wp-block-heading\"><strong>Aktuell\n20 best\u00e4tigte positive F\u00e4lle im Landkreis Germersheim (14. Mai2020, Stand 12\nUhr)<\/strong><\/h3>\n\n\n\n<p>Die \u00dcbersicht aus dem Landkreis Germersheim:<\/p>\n\n\n\n<ul><li>Derzeit positiv getestete Personen: 20<\/li><li>Gesundete Personen: 121<\/li><li>Bislang leider verstorbene Personen: 5<ul><li>Gesamtzahl\npositiv getestete Personen (seit Ausbruch): 146<\/li><\/ul><\/li><\/ul>\n\n\n\n<h3 class=\"wp-block-heading\"><strong>Aktuell\n23 best\u00e4tigte positive F\u00e4lle im Landkreis Germersheim (13. Mai2020, Stand 13\nUhr)<\/strong><\/h3>\n\n\n\n<p>Die \u00dcbersicht aus dem Landkreis Germersheim:<\/p>\n\n\n\n<ul><li>Derzeit positiv getestete Personen: 23<\/li><li>Gesundete Personen: 118<\/li><li>Bislang leider verstorbene Personen: 5<ul><li>Gesamtzahl\npositiv getestete Personen (seit Ausbruch): 146<\/li><\/ul><\/li><\/ul>\n\n\n\n<p><em>Kreisverwaltung Germersheim<br>16.05.2020<\/em><\/p>\n\n\n\n<h2 class=\"wp-block-heading\"><strong>Appell\nf\u00fcr klare und faire Regeln und Formulierungen<\/strong><\/h2>\n\n\n\n<h3 class=\"wp-block-heading\"><strong>Missverst\u00e4ndnisse vermeiden und fr\u00fchzeitige Kommunikation mit den Verwaltungen<\/strong><\/h3>\n\n\n\n<div class=\"wp-block-image\"><figure class=\"aligncenter\"><img decoding=\"async\" loading=\"lazy\" width=\"500\" height=\"500\" src=\"https:\/\/speyer24news.com\/wp-content\/uploads\/2020\/02\/virus-4810549_1920.png\" alt=\"\" class=\"wp-image-25116\" srcset=\"https:\/\/speyer24news.com\/wp-content\/uploads\/2020\/02\/virus-4810549_1920.png 500w, https:\/\/speyer24news.com\/wp-content\/uploads\/2020\/02\/virus-4810549_1920-150x150.png 150w, https:\/\/speyer24news.com\/wp-content\/uploads\/2020\/02\/virus-4810549_1920-300x300.png 300w\" sizes=\"(max-width: 500px) 100vw, 500px\" \/><\/figure><\/div>\n\n\n\n<p>Klare Regelungen in den\nCorona-Bek\u00e4mpfungsverordnungen des Landes, eindeutige Hinweise zur Auslegung\nund eine schnelle und enge Kommunikation mit den Ordnungsbeh\u00f6rden und\nVerwaltungsspitzen \u2013 das fordern die Landr\u00e4te Dietmar Seefeldt (S\u00dcW) und Dr.\nFritz Brechtel (GER) sowie Oberb\u00fcrgermeister Thomas Hirsch (LD), \u201eum landesweit\neinheitlich, b\u00fcrgerfreundlich und eindeutig agieren zu k\u00f6nnen! Das Wirrwarr in\nden Interpretationen muss ein Ende haben!\u201c<\/p>\n\n\n\n<p>Von wegen \u201eRolle r\u00fcckw\u00e4rts\u201c: \u201eGerne\nh\u00e4tten wir schon vor Tagen diese Rolle vorw\u00e4rts gemacht\u201c, reagieren Landr\u00e4te und\nOberb\u00fcrgermeister auf Unterstellung aus politischen Kreisen, die Verwaltungen\nw\u00fcrden die Corona-Bek\u00e4mpfungsverordnungen des Landes nicht ausreichend pr\u00fcfen\nund damit in die sowieso schon angespannte Lage der Gastronomen Unruhe bringen.\n\u201eIm Interesse der Gastronomen \u2013 und im Interesse vieler anderer Berufsfelder \u2013\nw\u00e4re es, wenn in den Landesverordnungen klare und verst\u00e4ndliche Regelungen\ngetroffen w\u00fcrden, die nicht unterschiedlich interpretierbar sind. Auch den\nAspekt der Gleichbehandlung sollte das Land intensiver ber\u00fccksichtigen\u201c, so die\nVerwaltungschefs, \u201eSeit Beginn der Corona-Pandemie sind die Kreis- und Stadtverwaltungen\nlandesweit damit besch\u00e4ftigt, Verordnungen auszulegen und unz\u00e4hlige R\u00fcckfragen\nwegen Unklarheiten an das Land zu richten. Antworten lassen gerne auf sich\nwarten. Wie sollen die Verwaltungen da schnell, rechtssicher und vor allem im\nSinne der B\u00fcrgerinnen und B\u00fcrger entscheiden? Und wenn sie dann\nb\u00fcrgerfreundlich handeln, haut uns das Land auf die Finger.\u201c<\/p>\n\n\n\n<p>Das Thema Thekenbewirtung bringen die\nVerwaltungsspitzen dabei als ein Beispiel an, das in besonderer Weise f\u00fcr\nUnverst\u00e4ndnis sorgt. \u201eWir h\u00e4tten uns gew\u00fcnscht, dass die Landesregierung hier\nschneller nachsteuert und auch den Gastronomiebetrieben mit Thekenbewirtung,\nwie beispielsweise H\u00fctten, die \u00d6ffnung gestattet. Wir sind aber zuversichtlich,\ndass diese Schieflage erkannt ist und beim Land bereits daran gearbeitet wird,\ndie Verordnung zu konkretisieren.\u201c<\/p>\n\n\n\n<p>Die Kreis- und Stadtchefs haben dabei\ndurchaus eine vorsichtige, schrittweise \u00d6ffnung im Blick und verweisen\ninsbesondere auf Hygienema\u00dfnahmen, wehren sich aber gegen eine\nUngleichbehandlung, die seitens der Ordnungs\u00e4mter nicht zu kommunizieren ist.\nAuch in anderen Bereichen gab es landesweit seitens der Verwaltungen gro\u00dfen\nR\u00fcckkopplungsbedarf mit dem Land, \u201eund selbst dann wurden dort unterschiedliche\nAussagen getroffen\u201c, berichten die Landr\u00e4te und der Oberb\u00fcrgermeister. Darunter\nwaren Themen wie Autokonzerte oder Spielplatz\u00f6ffnung, die Fragen, was sind\nSportanlagen, was Freizeitanlagen. Ganz aktuell liegen auch wieder\nunterschiedliche Antworten zum Thema Thekenbewirtung vor.<\/p>\n\n\n\n<p>\u201eViel Vertrauensverlust und\nDiskussion k\u00f6nnten wir uns sicherlich auch sparen, indem die Verwaltungen vor\nOrt, die letztendlich mit den Verordnungen des Landes umgehen m\u00fcssen,\nfr\u00fchzeitiger eingebunden werden. Hilfreich w\u00e4re es auch, wenn das Land seine\nVerordnungen nicht freitags oder vor Feiertagen ver\u00f6ffentlichen w\u00fcrde, sodass\nwir alle noch die Chance h\u00e4tten, R\u00fcckfragen zu stellen und Kl\u00e4rungsbedarf\nanzumelden. Daher nochmals die Bitte an das Land, enger mit den Verwaltungen zu\nkommunizieren, um so Missverst\u00e4ndnissen vorzubeugen. Wir bedanken uns vorab\ndaf\u00fcr\u201c, so Hirsch, Brechtel und Seefeldt abschlie\u00dfend.<\/p>\n\n\n\n<h2 class=\"wp-block-heading\"><strong>Die S\u00fcdpfalz macht A-H-A: Stadt Landau, Landkreis S\u00fcdliche Weinstra\u00dfe und Landkreis Germersheim werben mit Gro\u00dfplakaten f\u00fcr Abstand, Hygiene und Alltagsmaske<\/strong><\/h2>\n\n\n\n<div class=\"wp-block-image\"><figure class=\"aligncenter\"><img decoding=\"async\" loading=\"lazy\" width=\"800\" height=\"533\" src=\"https:\/\/speyer24news.com\/wp-content\/uploads\/2020\/05\/Gemeinsame-Info-AHA.jpg\" alt=\"\" class=\"wp-image-27134\" srcset=\"https:\/\/speyer24news.com\/wp-content\/uploads\/2020\/05\/Gemeinsame-Info-AHA.jpg 800w, https:\/\/speyer24news.com\/wp-content\/uploads\/2020\/05\/Gemeinsame-Info-AHA-300x200.jpg 300w, https:\/\/speyer24news.com\/wp-content\/uploads\/2020\/05\/Gemeinsame-Info-AHA-768x512.jpg 768w\" sizes=\"(max-width: 800px) 100vw, 800px\" \/><figcaption>v.l.: OB Hirsch, Landrat Seefeldt und Landrat Dr. Brechtel bei der Vorstellung der neuen Plakat-Kampagne.<em> (Quelle: Stadt Landau) <\/em><\/figcaption><\/figure><\/div>\n\n\n\n<p>Abstand, Hygiene und Alltagsmaske: So lautet das Gebot der Stunde\nim Kampf gegen die Corona-Pandemie. Die Stadt Landau sowie die Landkreise\nS\u00fcdliche Weinstra\u00dfe und Germersheim haben eine gemeinsame, gro\u00dfangelegte\nPlakat-Kampagne ins Leben gerufen, um sich bei der Bev\u00f6lkerung f\u00fcr deren\nVorsicht und R\u00fccksicht in den vergangenen Wochen zu bedanken \u2013 und um f\u00fcr die\nEinhaltung der geltenden Abstands- und Hygieneregeln zu werben. <\/p>\n\n\n\n<p>\u201eIm Kampf gegen das Corona-Virus hat es Lockerungen gegeben, die\nuns allen guttun\u201c, sagen Oberb\u00fcrgermeister Thomas Hirsch (LD), Landrat Dietmar\nSeefeldt (S\u00dcW) und Landrat Dr. Fritz Brechtel (GER). \u201eAber: Wenn wir die bisher\nerzielten Erfolge nicht gef\u00e4hrden wollen, m\u00fcssen wir weiter vorsichtig sein \u2013\ndas gilt jetzt sogar noch mehr als in den Wochen des kompletten \u00abLockdowns\u00bb.\nDas schulden wir nicht nur uns selbst und unseren Mitmenschen, sondern auch den\nGesch\u00e4ften, Restaurants und Hotels in unserer Region. Denn wenn die\nInfektionskurve wieder ansteigt, werden sie wohl erneut schlie\u00dfen m\u00fcssen. Wir\nm\u00fcssen nun alle zusammenhalten, stark sein, zueinanderstehen \u2013 dann gelingt es\nuns, gemeinsam gut durch diese Krise zu kommen\u201c, sind sich die Verwaltungschefs\neinig. <\/p>\n\n\n\n<p>Gemeinsam sich und andere sch\u00fctzen? Das geht am besten mit der sogenannten<strong> A-H-A-Formel<\/strong>, f\u00fcr die Stadt und Landkreise auf den neuen, gro\u00dfformatigen Plakaten werben. <\/p>\n\n\n\n<ul><li><strong>A<\/strong> steht f\u00fcr <strong>Abstand <\/strong>halten.<\/li><li><strong>H <\/strong>steht f\u00fcr <strong>Hygieneregeln <\/strong>beachten.<\/li><li><strong>A <\/strong>steht f\u00fcr <strong>Alltagsmaske <\/strong>tragen.\u00a0 <\/li><\/ul>\n\n\n\n<p>Die Plakat-Kampagne wurde in Zusammenarbeit mit der Agentur magma\ndesign studio aus Karlsruhe und dem Walsheimer Fotografen Jacksenn entwickelt.\nDie gro\u00dfformatigen Plakate, die an rund 100 Standorten in der Region zu sehen\nsind, zeigen ein Model mit Alltagsmaske vor einer typisch s\u00fcdpf\u00e4lzischen\nKulisse und werben mit dem Slogan \u201eSchutz f\u00fcr uns alle\u201c. <\/p>\n\n\n\n<p>\u201eWir danken den S\u00fcdpf\u00e4lzerinnen und S\u00fcdpf\u00e4lzern f\u00fcr ihre Geduld und ihr Verst\u00e4ndnis, ihre Vorsicht und R\u00fccksichtnahme, ihr Engagement und ihre Hilfsbereitschaft in den zur\u00fcckliegenden Wochen\u201c, betonen Hirsch, Seefeldt und Dr. Brechtel. \u201eDie Krise hat uns trotz der erforderlichen \u201asozialen Distanz\u2018 n\u00e4her zusammenr\u00fccken lassen und gezeigt, wie ausgepr\u00e4gt der Gemeinschaftssinn in unserer Region ist. Passen Sie auf sich auf und bleiben Sie gesund!\u201c<\/p>\n\n\n\n<p><em>Text: Gemeinsame Medieninformation der Landkreise Germersheim, S\u00fcdliche Weinstra\u00dfe sowie der Stadt Landau Foto: Stadt Landau<br>16.05.2020<\/em><\/p>\n\n\n\n<h2 class=\"wp-block-heading\"><strong>Corona-Pandemie\/Thekenverkauf<\/strong><\/h2>\n\n\n\n<h3 class=\"wp-block-heading\"><strong>Landr\u00e4te und Oberb\u00fcrgermeister fordern klare und faire Regelungen im Sinne der B\u00fcrgerinnen und B\u00fcrger \u2013 Gemeinsames Schreiben an Landesregierung<\/strong><\/h3>\n\n\n\n<figure class=\"wp-block-image\"><img decoding=\"async\" loading=\"lazy\" width=\"800\" height=\"600\" src=\"https:\/\/speyer24news.com\/wp-content\/uploads\/2020\/05\/IMG_20190915_115002.jpg\" alt=\"\" class=\"wp-image-27131\" srcset=\"https:\/\/speyer24news.com\/wp-content\/uploads\/2020\/05\/IMG_20190915_115002.jpg 800w, https:\/\/speyer24news.com\/wp-content\/uploads\/2020\/05\/IMG_20190915_115002-300x225.jpg 300w, https:\/\/speyer24news.com\/wp-content\/uploads\/2020\/05\/IMG_20190915_115002-768x576.jpg 768w, https:\/\/speyer24news.com\/wp-content\/uploads\/2020\/05\/IMG_20190915_115002-678x509.jpg 678w, https:\/\/speyer24news.com\/wp-content\/uploads\/2020\/05\/IMG_20190915_115002-326x245.jpg 326w, https:\/\/speyer24news.com\/wp-content\/uploads\/2020\/05\/IMG_20190915_115002-80x60.jpg 80w\" sizes=\"(max-width: 800px) 100vw, 800px\" \/><figcaption>K\u00f6nnte so sch\u00f6n sein wenn auch wieder Thekenverkauf in der Gastronomie gestattet w\u00e4re, hier die Schoppenwiese des Weinland Meckenheim<\/figcaption><\/figure>\n\n\n\n<p>\u201eEs ist inhaltlich nicht nachvollziehbar und gef\u00e4hrdet obendrein Existenzen, dass die neue Landesverordnung den sogenannten Thekenverkauf in der Gastronomie (Selbstbedienung) nicht zul\u00e4sst. Das Land muss dringend den Regelungswirrwarr beenden und landesweit einfache, klare und faire Regelungen schaffen!\u201c Dazu fordern Landr\u00e4tin Dr. Susanne Ganster (S\u00fcdwestpfalz), die Landr\u00e4te Dr. Fritz Brechtel (Germersheim) und Dietmar Seefeldt (S\u00fcdliche Weinstra\u00dfe) sowie Oberb\u00fcrgermeister Thomas Hirsch (Landau) die Landesregierung in einem gemeinsamen Schreiben auf.<\/p>\n\n\n\n<div class=\"wp-block-image\"><figure class=\"aligncenter\"><img decoding=\"async\" loading=\"lazy\" width=\"800\" height=\"600\" src=\"https:\/\/speyer24news.com\/wp-content\/uploads\/2020\/05\/IMG_20190915_131236.jpg\" alt=\"\" class=\"wp-image-27132\" srcset=\"https:\/\/speyer24news.com\/wp-content\/uploads\/2020\/05\/IMG_20190915_131236.jpg 800w, https:\/\/speyer24news.com\/wp-content\/uploads\/2020\/05\/IMG_20190915_131236-300x225.jpg 300w, https:\/\/speyer24news.com\/wp-content\/uploads\/2020\/05\/IMG_20190915_131236-768x576.jpg 768w, https:\/\/speyer24news.com\/wp-content\/uploads\/2020\/05\/IMG_20190915_131236-678x509.jpg 678w, https:\/\/speyer24news.com\/wp-content\/uploads\/2020\/05\/IMG_20190915_131236-326x245.jpg 326w, https:\/\/speyer24news.com\/wp-content\/uploads\/2020\/05\/IMG_20190915_131236-80x60.jpg 80w\" sizes=\"(max-width: 800px) 100vw, 800px\" \/><figcaption>Blick auf die Schoppenwiese des Weinland Meckenheim<\/figcaption><\/figure><\/div>\n\n\n\n<p>Die Verwaltungschefs weisen darauf hin, dass in Rheinland-Pfalz mit verschiedensten Ma\u00dfnahmen erfolgreich gegen die Ausbreitung des Coronavirus gek\u00e4mpft wird: \u201eDie B\u00fcrgerinnen und B\u00fcrger, aber auch Unternehmen, Selbstst\u00e4ndige, Handel, Gastgewerbe etc. tragen unter Gef\u00e4hrdung ihrerwirtschaftlichen Existenz durch Einhaltung der beschlossenen Beschr\u00e4nkungen dazu bei.\u201c Ein an die Infektionslage angepasstes Vorgehen erachten auch Ganster, Brechtel, Hirsch und Seefeldt als zielf\u00fchrend und sinnvoll. Jedoch sei nicht nachvollziehbar, dass Gastst\u00e4tten , Restaurants und Kneipen mit Bedienung an Tischen wieder \u00f6ffnen d\u00fcrfen, dass bei Eisdielen, B\u00e4ckereien, Metzgereien und anderen Verkaufsst\u00e4nden \u00fcber die Theke verkauft werden darf, nicht jedoch in Gastst\u00e4tten oder Pf\u00e4lzerwaldh\u00fctten. Denn die neue Landesverordnung verbietet weiterhin den sogenannten Thekenverkauf (Selbstbedienung). \u201eDie H\u00fctten- und Gastst\u00e4ttenkultur in der S\u00fcdpfalz ist etwas Besonderes und ein wichtiger Teil der touristischen Infrastruktur und unserers Selbstverst\u00e4ndnisses. Gerade die H\u00fctten, die oft von Ehrenamtlichen betrieben werden, haben Ideen und Konzepte entwickelt, die den hygienerechtlichen Anforderungen durchaus entsprechen. W\u00fcrde man den Thekenverkauf in der Gastronomie weiterhin verbieten, so w\u00e4re dies ungerecht und w\u00fcrde zahlreiche Existenzen gef\u00e4hrden.\u201c<\/p>\n\n\n\n<div class=\"wp-block-image\"><figure class=\"aligncenter\"><img decoding=\"async\" loading=\"lazy\" width=\"800\" height=\"600\" src=\"https:\/\/speyer24news.com\/wp-content\/uploads\/2020\/05\/IMG_20190915_121934.jpg\" alt=\"\" class=\"wp-image-27133\" srcset=\"https:\/\/speyer24news.com\/wp-content\/uploads\/2020\/05\/IMG_20190915_121934.jpg 800w, https:\/\/speyer24news.com\/wp-content\/uploads\/2020\/05\/IMG_20190915_121934-300x225.jpg 300w, https:\/\/speyer24news.com\/wp-content\/uploads\/2020\/05\/IMG_20190915_121934-768x576.jpg 768w, https:\/\/speyer24news.com\/wp-content\/uploads\/2020\/05\/IMG_20190915_121934-678x509.jpg 678w, https:\/\/speyer24news.com\/wp-content\/uploads\/2020\/05\/IMG_20190915_121934-326x245.jpg 326w, https:\/\/speyer24news.com\/wp-content\/uploads\/2020\/05\/IMG_20190915_121934-80x60.jpg 80w\" sizes=\"(max-width: 800px) 100vw, 800px\" \/><figcaption>&#8222;Pf\u00e4lzer Teller&#8220; mit einem passenden &#8222;Schoppe&#8220;<\/figcaption><\/figure><\/div>\n\n\n\n<h4 class=\"wp-block-heading\">In ihrem Schreiben f\u00fchren die vier Verwaltungschefs\nBeispiele auf, wie ein Konzept f\u00fcr Thekenverkauf aussehen k\u00f6nnte:<\/h4>\n\n\n\n<ul><li>Bestellung und Ausgabe erfolgen beispielsweise an zwei unterschiedlichen Fenstern bzw. Theken, die \u00fcber einen entsprechenden Spuckschutz verf\u00fcgen. Die geltenden Abstandsregeln werden analog zu den Richtlinien im Kassenbereich von Superm\u00e4rkten \u00fcber Markierungen\/Kennzeichnungen und entsprechende Hinweise sichergestellt. <\/li><li>Die Abholung der Speisen erfolgt nach erfolgter Anmeldung vom zugewiesenen Platz aus z.B. \u00fcber einen Pager, so dass jeweils nur ein Gast an die Ausgabestelle kommt. Diese Pager werden nach jedem Gast desinfiziert. Die Geschirrr\u00fcckgabe erfolgt zentral, ohne Kontakt zwischen den Personen. <\/li><li>Bei anderen k\u00f6nnen die G\u00e4ste warten, bis ihre Tischnummer aufgerufen wird und ebenfalls nur einzeln an die Theke gehen. <\/li><\/ul>\n\n\n\n<p>F\u00fcr die Verwaltungen waren die Ausf\u00fchrungen in der\n6. Corona-Bek\u00e4mpfungsverordnung nicht schl\u00fcssig und wurden daher von Ihnen in\nTeilen zun\u00e4chst aus Gerechtigkeitsgr\u00fcnden und im Sinne der Gastronomen\nausgelegt. \u201eLeider ist das Land bisher dieser Auslegungsm\u00f6glichkeit nicht\ngefolgt. Im Gegenteil: Uns und der \u00d6ffentlichkeit wurde vom Land mitgeteilt, dass\nein Thekenverkauf selbstverst\u00e4ndlich nicht m\u00f6glich sei\u201c, zeigen sich Hirsch,\nSeefeldt, Ganster und Brechtel verst\u00e4ndnislos und appellieren an das Land , \u201eim\nSinne der Gastronomen und der Gleichbehandlung eindringlich, die bisherige\nHaltung nochmals zu \u00fcberdenken und f\u00fcr die Regionen einfache, klare und faire\nRegeln zu schaffen, diese zu konkretisieren und den Betrieb von H\u00fctten und\nBierg\u00e4rten \u2013 nat\u00fcrlich unter Einhaltung der strengen Hygienema\u00dfnahmen \u2013 auch im\nRahmen der Selbstbedienung zuzulassen.\u201c<\/p>\n\n\n\n<p><em>Text: Gemeinsame Medieninformation der Landkreise Germersheim, S\u00fcdliche Weinstra\u00dfe und S\u00fcdwestpfalz sowie der Stadt Landau Foto: Speyer 24\/7 News, dak<br>16.05.2020<\/em><\/p>\n\n\n\n<h1 class=\"wp-block-heading\" style=\"text-align:center\">Kreisvolkshochschule (KVHS) Germersheim<\/h1>\n\n\n\n<figure class=\"wp-block-image\"><img decoding=\"async\" src=\"https:\/\/speyer24news.com\/wp-content\/uploads\/2020\/01\/VHS-GER-Logo.png\" alt=\"\" class=\"wp-image-24132\"\/><\/figure>\n\n\n\n<h2 class=\"wp-block-heading\"><strong>Vorbereitungskurse zu\nden telc-Deutschsprachpr\u00fcfungen<\/strong><\/h2>\n\n\n\n<p>Zu den jeweiligen\ntelc-Deutschsprachpr\u00fcfungen bietet die Kreisvolkshochschule Germersheim\nVorbereitungskurse an. <\/p>\n\n\n\n<p>Inhalte sind die\nPr\u00fcfungsdurchf\u00fchrung auf der Basis zentraler Aufgabenstellungen nach\nver\u00f6ffentlichten Kriterien der telc-GmbH. Die Pr\u00fcfungsthemen umfassen den\ngesamten Alltag. In der schriftlichen Pr\u00fcfung werden H\u00f6r-, Schreib- und\nLeseverst\u00e4ndnis gepr\u00fcft. In der m\u00fcndlichen Pr\u00fcfung werden dem Niveau\nentsprechenden Sprachkenntnisse und Ausdruck abgefragt. <\/p>\n\n\n\n<h4 class=\"wp-block-heading\"><strong>F\u00fcr Niveau A1\/A2<\/strong><\/h4>\n\n\n\n<p>2\/20kv063&nbsp;&nbsp;&nbsp;&nbsp;&nbsp; <strong>Samstag,\n26. September 2020, 08:30 &#8211; 11:30 Uhr<\/strong>zur Pr\u00fcfung am 10.10.2020<\/p>\n\n\n\n<p>2\/20kv069&nbsp;&nbsp;&nbsp;&nbsp;&nbsp; <strong>Samstag,\n05. Dezember 2020, 08:30 &#8211; 11:30 Uhr&nbsp;&nbsp;&nbsp; <\/strong>zur\nPr\u00fcfung am 12.12.2020<\/p>\n\n\n\n<p>Kursgeb\u00fchr: je Kurs 20,00 \u20ac<\/p>\n\n\n\n<h4 class=\"wp-block-heading\"><strong>F\u00fcr Niveau B1\/B2<\/strong><\/h4>\n\n\n\n<p>1\/20kv198&nbsp;&nbsp;&nbsp;&nbsp;&nbsp; <strong>Sonntag,\n14. Juni 2020, 08:30 &#8211; 12:15 Uhr&nbsp;&nbsp;&nbsp;&nbsp;&nbsp;&nbsp;&nbsp;&nbsp;&nbsp;&nbsp;&nbsp;&nbsp;&nbsp;&nbsp;&nbsp; <\/strong>zur\nPr\u00fcfung am 27.06.2020<\/p>\n\n\n\n<p>2\/20kv064&nbsp;&nbsp;&nbsp;&nbsp;&nbsp; <strong>Samstag,\n26. September 2020, 12:00 &#8211; 15:45 Uhr&nbsp;&nbsp; <\/strong>zur\nPr\u00fcfung am 11.10.2020<\/p>\n\n\n\n<p>2\/20kv070&nbsp;&nbsp;&nbsp;&nbsp;&nbsp; <strong>Samstag,\n05. Dezember 2020, 12:00 &#8211; 15:45 Uhr&nbsp;&nbsp;&nbsp; <\/strong>zur\nPr\u00fcfung am 13.12.2020<\/p>\n\n\n\n<p>Kursgeb\u00fchr: je Kurs 25,00 \u20ac<\/p>\n\n\n\n<h4 class=\"wp-block-heading\"><strong>F\u00fcr Niveau C1\/C2<\/strong><\/h4>\n\n\n\n<p>1\/20kv197&nbsp;&nbsp;&nbsp;&nbsp;&nbsp; <strong>Samstag,\n13. Juni 2020, 08:30 &#8211; 14:30 Uhr&nbsp;&nbsp;&nbsp;&nbsp;&nbsp;&nbsp;&nbsp;&nbsp;&nbsp;&nbsp;&nbsp;&nbsp;&nbsp;&nbsp; <\/strong>zur\nPr\u00fcfung am 27.06.2020<\/p>\n\n\n\n<p>2\/20kv071&nbsp;&nbsp;&nbsp;&nbsp;&nbsp; <strong>Sonntag,\n06. Dezember 2020, 08:30 &#8211; 14:30 Uhr&nbsp;&nbsp;&nbsp;&nbsp; <\/strong>zur\nPr\u00fcfung am 13.12.2020<\/p>\n\n\n\n<p>Kursgeb\u00fchr: je Kurs 40,00 \u20ac<\/p>\n\n\n\n<p>Anmeldung und weitere Informationen\nbei der KVHS-Gesch\u00e4ftsstelle Germersheim:<\/p>\n\n\n\n<p>07274- 53 334 \/ &#8211; 53 382<\/p>\n\n\n\n<p><a href=\"mailto:vhs@kreis-germersheim.de\">vhs@kreis-germersheim.de<\/a><\/p>\n\n\n\n<p><strong>Bitte beachten Sie unsere \u00d6ffnungszeiten: <\/strong>Montag bis Freitag: 08:30 bis 12:00 Uhr, Dienstag: 13:30 bis 16:00 Uhr, Donnerstag: 13:30 bis 18:00 Uhr<\/p>\n\n\n\n<h2 class=\"wp-block-heading\"><strong>DEUTSCH &#8211; <\/strong>Sprachpr\u00fcfungen von Telc<\/h2>\n\n\n\n<p>Die\nKVHS-Germersheim bietet vom Juni bis Dezember 2020 folgende telc-Deutschsprach-pr\u00fcfungen\nan. Eine pers\u00f6nliche Anmeldung mit Personalausweis ist dazu in der KVHS-Gesch\u00e4ftsstelle,\nRitter von Schmau\u00df-Str. (Seiteneingang der Berufsbildenden Schule, UG)\nerforderlich! Bitte Termin vereinbaren.<\/p>\n\n\n\n<h4 class=\"wp-block-heading\"><strong>&#8211; A1<\/strong><\/h4>\n\n\n\n<p>1\/20kv053&nbsp;&nbsp;&nbsp;&nbsp;&nbsp;&nbsp;&nbsp;&nbsp;&nbsp;&nbsp;&nbsp;&nbsp; <strong>Sonntag,\n28. Juni 2020&nbsp;&nbsp;&nbsp;&nbsp;&nbsp;&nbsp;&nbsp;&nbsp;&nbsp;&nbsp;&nbsp;&nbsp;&nbsp;&nbsp;&nbsp;&nbsp;&nbsp;&nbsp;&nbsp;&nbsp;&nbsp; <\/strong>Anmeldeschluss am 22.05.2020<\/p>\n\n\n\n<p>2\/20kv065&nbsp;&nbsp;&nbsp;&nbsp;&nbsp;&nbsp;&nbsp;&nbsp;&nbsp;&nbsp;&nbsp;&nbsp; <strong>Samstag, 10. Oktober 2020&nbsp;&nbsp;&nbsp;&nbsp;&nbsp;&nbsp;&nbsp;&nbsp;&nbsp;&nbsp;&nbsp;&nbsp;&nbsp;&nbsp; <\/strong>Anmeldeschluss\nam 04.09.2020<\/p>\n\n\n\n<p>2\/20kv072&nbsp;&nbsp;&nbsp;&nbsp;&nbsp;&nbsp;&nbsp;&nbsp;&nbsp;&nbsp;&nbsp;&nbsp; <strong>Samstag, 12. Dezember 2020&nbsp;&nbsp;&nbsp;&nbsp;&nbsp;&nbsp;&nbsp;&nbsp;&nbsp;&nbsp; <\/strong>Anmeldeschluss\nam 06.11.2020<\/p>\n\n\n\n<p>Pr\u00fcfungsgeb\u00fchr:\n80,00 \u20ac\/VHS-Kursteilnehmer; 110,00 \u20ac\/externe Teilnehmer<\/p>\n\n\n\n<h4 class=\"wp-block-heading\"><strong>&#8211; A2<\/strong><\/h4>\n\n\n\n<p>1\/20kv054&nbsp;&nbsp;&nbsp;&nbsp;&nbsp;&nbsp;&nbsp;&nbsp;&nbsp;&nbsp;&nbsp;&nbsp; <strong>Samstag,\n28. Juni 2020&nbsp;&nbsp;&nbsp;&nbsp;&nbsp;&nbsp;&nbsp;&nbsp;&nbsp;&nbsp;&nbsp;&nbsp;&nbsp;&nbsp;&nbsp;&nbsp;&nbsp;&nbsp;&nbsp;&nbsp;&nbsp; <\/strong>Anmeldeschluss am 22.05.2020<\/p>\n\n\n\n<p>2\/20kv066&nbsp;&nbsp;&nbsp;&nbsp;&nbsp;&nbsp;&nbsp;&nbsp;&nbsp;&nbsp;&nbsp;&nbsp; <strong>Samstag, 10. Oktober 2020&nbsp;&nbsp;&nbsp;&nbsp;&nbsp;&nbsp;&nbsp;&nbsp;&nbsp;&nbsp;&nbsp;&nbsp;&nbsp;&nbsp; <\/strong>Anmeldeschluss\nam 04.09.2020<\/p>\n\n\n\n<p>2\/20kv073&nbsp;&nbsp;&nbsp;&nbsp;&nbsp;&nbsp;&nbsp;&nbsp;&nbsp;&nbsp;&nbsp;&nbsp; <strong>Samstag, 12. Dezember 2020<\/strong>&nbsp;&nbsp;&nbsp;&nbsp;&nbsp;&nbsp;&nbsp;&nbsp;&nbsp;&nbsp; Anmeldeschluss\nam 06.11.2020<\/p>\n\n\n\n<p>Pr\u00fcfungsgeb\u00fchr:\n95,00 \u20ac\/VHS-Kursteilnehmer; 120,00 \u20ac\/externe Teilnehmer<\/p>\n\n\n\n<h4 class=\"wp-block-heading\"><strong>&#8211; B1<\/strong><\/h4>\n\n\n\n<p>1\/20kv058&nbsp;&nbsp;&nbsp;&nbsp;&nbsp;&nbsp;&nbsp;&nbsp;&nbsp;&nbsp;&nbsp;&nbsp; <strong>Samstag, 27. Juni 2020&nbsp;&nbsp;&nbsp;&nbsp;&nbsp;&nbsp;&nbsp;&nbsp;&nbsp;&nbsp;&nbsp;&nbsp;&nbsp;&nbsp;&nbsp;&nbsp;&nbsp;&nbsp;&nbsp;&nbsp;&nbsp; <\/strong>Anmeldeschluss\nam 15.05.2020<\/p>\n\n\n\n<p>2\/20kv067&nbsp;&nbsp;&nbsp;&nbsp;&nbsp;&nbsp;&nbsp;&nbsp;&nbsp;&nbsp;&nbsp;&nbsp; <strong>Sonntag,\n11. Oktober 2020&nbsp;&nbsp; <\/strong>&nbsp;&nbsp;&nbsp;&nbsp;&nbsp;&nbsp;&nbsp;&nbsp;&nbsp;&nbsp;&nbsp; Anmeldeschluss am 28.08.2020<\/p>\n\n\n\n<p>2\/20kv074&nbsp;&nbsp;&nbsp;&nbsp;&nbsp;&nbsp;&nbsp;&nbsp;&nbsp;&nbsp;&nbsp;&nbsp; <strong>Samstag, 13. Dezember 2020<\/strong>&nbsp;&nbsp;&nbsp;&nbsp;&nbsp;&nbsp;&nbsp;&nbsp;&nbsp;&nbsp; Anmeldeschluss\nam 30.10.2020<\/p>\n\n\n\n<p>Pr\u00fcfungsgeb\u00fchr:\n160,00 \u20ac\/VHS-Kursteilnehmer; 190,00 \u20ac\/externe Teilnehmer<\/p>\n\n\n\n<h4 class=\"wp-block-heading\"><strong>&#8211; B2<\/strong><\/h4>\n\n\n\n<p>1\/20kv059&nbsp;&nbsp;&nbsp;&nbsp;&nbsp;&nbsp;&nbsp;&nbsp;&nbsp;&nbsp;&nbsp;&nbsp; <strong>Samstag, 27. Juni 2020&nbsp;&nbsp;&nbsp;&nbsp;&nbsp;&nbsp;&nbsp;&nbsp;&nbsp;&nbsp;&nbsp;&nbsp;&nbsp;&nbsp;&nbsp;&nbsp;&nbsp;&nbsp;&nbsp;&nbsp;&nbsp; <\/strong>Anmeldeschluss\nam 15.05.2020<\/p>\n\n\n\n<p>2\/20kv068&nbsp;&nbsp;&nbsp;&nbsp;&nbsp;&nbsp;&nbsp;&nbsp;&nbsp;&nbsp;&nbsp;&nbsp; <strong>Sonntag, 11. Oktober 2020&nbsp;&nbsp; <\/strong>&nbsp;&nbsp;&nbsp;&nbsp;&nbsp;&nbsp;&nbsp;&nbsp;&nbsp;&nbsp;&nbsp; Anmeldeschluss am 28.08.2020<\/p>\n\n\n\n<p>2\/20kv075&nbsp;&nbsp;&nbsp;&nbsp;&nbsp;&nbsp;&nbsp;&nbsp;&nbsp;&nbsp;&nbsp;&nbsp; <strong>Samstag, 13. Dezember 2020<\/strong>&nbsp;&nbsp;&nbsp;&nbsp;&nbsp;&nbsp;&nbsp;&nbsp;&nbsp;&nbsp; Anmeldeschluss\nam 30.10.2020<\/p>\n\n\n\n<p>Pr\u00fcfungsgeb\u00fchr:\n170,00 \u20ac\/VHS-Kursteilnehmer; 200,00 \u20ac\/externe Teilnehmer<\/p>\n\n\n\n<h4 class=\"wp-block-heading\"><strong>&#8211; C1<\/strong><\/h4>\n\n\n\n<p>1\/20kv060&nbsp;&nbsp;&nbsp;&nbsp;&nbsp;&nbsp;&nbsp;&nbsp;&nbsp;&nbsp;&nbsp;&nbsp; <strong>Samstag,\n27. Juni 2020&nbsp;&nbsp;&nbsp;&nbsp;&nbsp;&nbsp;&nbsp;&nbsp;&nbsp;&nbsp;&nbsp;&nbsp;&nbsp;&nbsp;&nbsp;&nbsp;&nbsp;&nbsp;&nbsp;&nbsp;&nbsp; <\/strong>Anmeldeschluss am 15.05.2020<\/p>\n\n\n\n<p>2\/20kv076&nbsp;&nbsp;&nbsp;&nbsp;&nbsp;&nbsp;&nbsp;&nbsp;&nbsp;&nbsp;&nbsp;&nbsp; <strong>Samstag, 19. Dezember 2020&nbsp;&nbsp;&nbsp;&nbsp;&nbsp;&nbsp;&nbsp;&nbsp;&nbsp;&nbsp; <\/strong>Anmeldeschluss\nam 06.11.2020<\/p>\n\n\n\n<p>Pr\u00fcfungsgeb\u00fchr:\n200,00 \u20ac\/VHS-Kursteilnehmer; 250,00 \u20ac\/externe Teilnehmer<\/p>\n\n\n\n<h4 class=\"wp-block-heading\"><strong>&#8211; C2<\/strong><\/h4>\n\n\n\n<p>1\/20kv061&nbsp;&nbsp;&nbsp;&nbsp;&nbsp;&nbsp;&nbsp;&nbsp;&nbsp;&nbsp;&nbsp;&nbsp; <strong>Samstag,27.\nJuni 2020&nbsp;&nbsp;&nbsp;&nbsp;&nbsp;&nbsp;&nbsp;&nbsp;&nbsp;&nbsp;&nbsp;&nbsp;&nbsp;&nbsp;&nbsp;&nbsp;&nbsp;&nbsp;&nbsp;&nbsp;&nbsp;&nbsp; <\/strong>Anmeldeschluss am 15.05.2020<\/p>\n\n\n\n<p>2\/20kv077&nbsp;&nbsp;&nbsp;&nbsp;&nbsp;&nbsp;&nbsp;&nbsp;&nbsp;&nbsp;&nbsp;&nbsp; <strong>Samstag, 19. Dezember 2020&nbsp;&nbsp;&nbsp;&nbsp;&nbsp;&nbsp;&nbsp;&nbsp;&nbsp;&nbsp; <\/strong>Anmeldeschluss\nam 06.11.2020<\/p>\n\n\n\n<p>Pr\u00fcfungsgeb\u00fchr:\n200,00 \u20ac\/VHS-Kursteilnehmer; 250,00 \u20ac\/externe Teilnehmer<\/p>\n\n\n\n<p><strong>Bitte beachten Sie unsere \u00d6ffnungszeiten: <\/strong>Montag bis Freitag: 08:30 bis 12:00 Uhr, Dienstag: 13:30 bis 16:00 Uhr, Donnerstag: 13:30 bis 18:00 Uhr<\/p>\n\n\n\n<p><em>Kreisvolkshochschule (KVHS) Germersheim<br>16.05.2020<\/em><\/p>\n","protected":false},"excerpt":{"rendered":"<div class=\"mh-excerpt\"><p>Coronafallzahlen aus dem Landkreis Germersheim Aktuell 19 best\u00e4tigte positive F\u00e4lle im Landkreis Germersheim (15. Mai2020, Stand 14 Uhr) Die \u00dcbersicht aus dem Landkreis Germersheim: Derzeit positiv getestete Personen: 19 Gesundete Personen: 122 Bislang leider verstorbene <a class=\"mh-excerpt-more\" href=\"https:\/\/speyer24news.com\/?p=27130\" title=\"Germersheim und Landkreis GER\">[&#8230;]<\/a><\/p>\n<\/div>","protected":false},"author":3,"featured_media":0,"comment_status":"open","ping_status":"open","sticky":false,"template":"","format":"standard","meta":{"_monsterinsights_skip_tracking":false,"_monsterinsights_sitenote_active":false,"_monsterinsights_sitenote_note":"","_monsterinsights_sitenote_category":0,"footnotes":""},"categories":[9],"tags":[6993,6902,6429,6323,6903,6998,210,1665,5057,58,5569,2865,6997,6996,6999,6994,6995,5892],"aioseo_notices":[],"amp_enabled":true,"_links":{"self":[{"href":"https:\/\/speyer24news.com\/index.php?rest_route=\/wp\/v2\/posts\/27130"}],"collection":[{"href":"https:\/\/speyer24news.com\/index.php?rest_route=\/wp\/v2\/posts"}],"about":[{"href":"https:\/\/speyer24news.com\/index.php?rest_route=\/wp\/v2\/types\/post"}],"author":[{"embeddable":true,"href":"https:\/\/speyer24news.com\/index.php?rest_route=\/wp\/v2\/users\/3"}],"replies":[{"embeddable":true,"href":"https:\/\/speyer24news.com\/index.php?rest_route=%2Fwp%2Fv2%2Fcomments&post=27130"}],"version-history":[{"count":1,"href":"https:\/\/speyer24news.com\/index.php?rest_route=\/wp\/v2\/posts\/27130\/revisions"}],"predecessor-version":[{"id":27135,"href":"https:\/\/speyer24news.com\/index.php?rest_route=\/wp\/v2\/posts\/27130\/revisions\/27135"}],"wp:attachment":[{"href":"https:\/\/speyer24news.com\/index.php?rest_route=%2Fwp%2Fv2%2Fmedia&parent=27130"}],"wp:term":[{"taxonomy":"category","embeddable":true,"href":"https:\/\/speyer24news.com\/index.php?rest_route=%2Fwp%2Fv2%2Fcategories&post=27130"},{"taxonomy":"post_tag","embeddable":true,"href":"https:\/\/speyer24news.com\/index.php?rest_route=%2Fwp%2Fv2%2Ftags&post=27130"}],"curies":[{"name":"wp","href":"https:\/\/api.w.org\/{rel}","templated":true}]}}