{"id":27139,"date":"2020-05-17T07:24:50","date_gmt":"2020-05-17T06:24:50","guid":{"rendered":"https:\/\/speyer24news.com\/?p=27139"},"modified":"2020-05-17T07:24:50","modified_gmt":"2020-05-17T06:24:50","slug":"polizei-246","status":"publish","type":"post","link":"https:\/\/speyer24news.com\/?p=27139","title":{"rendered":"Polizei"},"content":{"rendered":"<style type=\"text\/css\">\r\n\t.ads_top_disp{}\r\n\t.ads_top_corner_disp{ float:left; margin:0px 10px 10px 0px; }\r\n\t.ads_first_p_disp{}\r\n\t.ads_bottom_disp{}\r\n\t<\/style>\n<h2 class=\"wp-block-heading\">Polizeimeldungen vom Samstag (16.05.2020)<\/h2>\n\n\n\n<div class=\"wp-block-image\"><figure class=\"aligncenter\"><img decoding=\"async\" src=\"https:\/\/speyer24news.com\/wp-content\/uploads\/2020\/01\/Aktuelles-Polizeilogo.jpg\" alt=\"\" class=\"wp-image-23832\"\/><\/figure><\/div>\n\n\n\n<h4 class=\"wp-block-heading\">(Kandel) &#8211; Unfallflucht L549 Kandel<\/h4>\n\n\n\n<p>Am Freitag, dem 15.05.2020, um 08.55 Uhr, kam es auf der L549 zwischen Kandel und Rheinzabern zu einem Verkehrsunfall im Begegnungsverkehr. In H\u00f6he der Anschlussstelle zur A65 Kandel-Mitte musste der Fahrer des Fahrzeugs in Fahrtrichtung Rheinzabern seinen PKW verkehrsbedingt abbremsen und zog sein Fahrzeug hierbei etwas nach links \u00fcber die Mittellinie. Der entgegenkommende LKW-Fahrer streifte ihn aufgrund dessen beim Vorbeifahren. Der LKW-Fahrer entfernte sich anschlie\u00dfend unerlaubt von der Unfallstelle. Hinweise zu dem Fahrzeug oder dem Fahrer werden an die Polizeiinspektion W\u00f6rth unter 07271\/92210 oder <a href=\"mailto:piwoerth@polizei.rlp.de\">piwoerth@polizei.rlp.de<\/a> erbeten. <\/p>\n\n\n\n<h4 class=\"wp-block-heading\">(Oberotterbach) &#8211; Fenster besch\u00e4digt<\/h4>\n\n\n\n<p>Durch bisher unbekannte T\u00e4ter wurde an einem Wohnhaus im Rotackerweg ein Fenster eingeworfen. Hierdurch wurde die Doppelverglasung besch\u00e4digt und es entstand ein Schaden von ca. 300.- EUR.<\/p>\n\n\n\n<h4 class=\"wp-block-heading\">(Bad Bergzabern) &#8211; Betrunken Unfall verursacht<\/h4>\n\n\n\n<p>Ein 63 Jahre alter PKW Fahrer verursachte am 15.05.20, gg. 17.41 Uhr, einen Verkehrsunfall in der Marktstra\u00dfe. Hierbei besch\u00e4digte er beim Ausparken einen anderen PKW und fuhr einfach weiter, obwohl ein Fremdschaden von ca. 500.- EUR entstanden war. Im Zuge der Ermittlungen konnte er festgestellt und \u00fcberpr\u00fcft werden. Hierbei wurde bei ihm Alkohol festgestellt. Eine Blutprobe wurde entnommen und ein Strafverfahren eingeleitet. Es droht der Verlust der Fahrerlaubnis und eine Geldstrafe. <\/p>\n\n\n\n<h4 class=\"wp-block-heading\">(Edenkoben) &#8211; Fahren ohne Fahrerlaubnis<\/h4>\n\n\n\n<p>Am 15.05.2020 gegen 23:00 Uhr kontrollierte die eingesetzte Streife einen PKW in der Weinstra\u00dfe in Edenkoben. Der Fahrer des PKWs legte hierbei eine albanische Fahrerlaubnis vor. Nach Begr\u00fcndung des ordentlichen Wohnsitzes in Deutschland gilt ein F\u00fchrerschein, der in einem Staat erteilt wurde, der nicht zur Europ\u00e4ischen Union oder dem Europ\u00e4ischen Wirtschaftraum geh\u00f6rt, grunds\u00e4tzlich nur f\u00fcr die Dauer von sechs Monaten. Da der Mann jedoch bereits l\u00e4nger als sechs Monate in Deutschland wohnhaft war, war er nicht mehr dazu berechtigt das Fahrzeug mit seinem albanischen F\u00fchrerschein zu fahren. Die Fahrt durfte nicht mehr fortgesetzt werden. Den Fahrzeugf\u00fchrer erwartet eine Strafanzeige wegen Fahren ohne Fahrerlaubnis. <\/p>\n\n\n\n<h4 class=\"wp-block-heading\">(He\u00dfheim) &#8211; Versuchter Sammlungsbetrug<\/h4>\n\n\n\n<p>Am Freitag, den 15.05.2020 gegen 10:00 Uhr kam es in He\u00dfheim in der Gerolsheimer Stra\u00dfe zu einem versuchten Sammlungsbetrug. Ein bislang unbekannter T\u00e4ter klingelte an der Haust\u00fcr der 85-j\u00e4hrigen Gesch\u00e4digten und gab an, Geldspenden f\u00fcr Tiere im Zirkus zu sammeln. Als der T\u00e4ter nach einem Ausweis, bzw. einer Sammlungsgenehmigung gefragt wurde, verlies dieser das Grundst\u00fcck. Angeblich wollte er den Ausweis aus seinem Fahrzeug holen, kam aber nicht mehr zur\u00fcck. Im Zusammenhang mit dem versuchten Betrug wurde ein Fahrzeug mit Ortskennung Worms beobachtet. Der T\u00e4ter wird als M\u00e4nnlich, \u00fcber 50 Jahre mit dunklen Haaren und kantigem Gesicht beschrieben. <\/p>\n\n\n\n<p>Leider versuchen immer wieder T\u00e4ter die Hilfsbereitschaft von Menschen aus zunutzen, um sich selbst einen Vorteil zu verschaffen. Geldsammlungen sind Genehmigungspflichtig. Fragen sie daher, im Zweifelsfall, immer nach der Genehmigung der Stadt- oder Gemeindeverwaltung und nach einem Ausweis. <\/p>\n\n\n\n<p>Wir wollen, dass Sie sicher Leben &#8211; Ihre Polizei Frankenthal. <\/p>\n\n\n\n<p>Zeugen werden gebeten sich an die Polizeiinspektion Frankenthal unter der Tel.-Nr.: 06233\/313-0 oder an die Polizeiwache Maxdorf unter der Tel.-Nr.: 06237\/934-1100 zu wenden. Gerne nehmen wir Ihre Hinweise auch per E-Mail unter  <a href=\"mailto:pifrankenthal@polizei.rlp.de\">pifrankenthal@polizei.rlp.de<\/a> entgegen. <\/p>\n\n\n\n<h4 class=\"wp-block-heading\">(Frankenthal) &#8211; Trunkenheitsfahrt<\/h4>\n\n\n\n<p>Samstagnacht, den 16.05.2020, gegen 04:20 Uhr, wird eine Polizeistreife in der Wormser Stra\u00dfe auf ein Fahrzeug aufmerksam, welches sich nach Erblicken des Streifenwagens auff\u00e4llig verh\u00e4lt und augenscheinlich versucht mit ausgeschaltetem Licht einer Verkehrskontrolle zu entgehen. Auf dem Parkplatz eines Schnellrestaurants kann der PKW jedoch durch die Beamten kontrolliert werden. Hierbei stellt sich heraus, dass der 21-J\u00e4hrige Fahrer aus dem Rhein-Pfalz-Kreis unter Alkoholeinfluss steht. Ein durchgef\u00fchrter Atemalkoholtest vor Ort best\u00e4tigt dies und misst einen Wert von 1,49 Promille. Der Einfluss von Alkohol oder anderen berauschenden Mitteln stellt eine Hauptunfallursache dar. Wer berauscht f\u00e4hrt, gef\u00e4hrdet nicht nur sich, sondern auch Andere. Gegen den unter Alkoholeinfluss stehenden Fahrzeugf\u00fchrer wurde ein Ermittlungsverfahren wegen Trunkenheit im Verkehr eingeleitet. Der F\u00fchrerschein wurde sichergestellt und gegen ihn kann eine Freiheitsstrafe bis zu einem Jahr oder eine Geldstrafe verh\u00e4ngt werden. <\/p>\n\n\n\n<p>Zeugen werden gebeten sich an die Polizeiinspektion Frankenthal unter der Tel.-Nr.: 06233\/313-0 oder an die Polizeiwache Maxdorf unter der Tel.-Nr.: 06237\/934-100 zu wenden. Gerne nehmen wir Ihre Hinweise auch per E-Mail unter  <a href=\"mailto:pifrankenthal@polizei.rlp.de\">pifrankenthal@polizei.rlp.de<\/a> entgegen. <\/p>\n\n\n\n<h4 class=\"wp-block-heading\">(Frankenthal) &#8211; Verkehrsunfallflucht mit Hinweis auf den Verursacher<\/h4>\n\n\n\n<p>In der Nacht zu Samstag, dem 16.05.2020, gegen 02:50 Uhr, meldet ein aufmerksamer Augenzeuge eine Verkehrsunfallflucht in der Franz-Nissl-Stra\u00dfe in 67227 Frankenthal. Der Zeuge beobachtet, wie ein wei\u00dfer SUV die Franz-Nissl-Stra\u00dfe in Richtung Eiskeller befuhr und hierbei mit einen geparkten PKW am rechten Stra\u00dfenrand kollidiert. Nach kurzer Schadensbegutachtung setzt der SUV seine Fahrt jedoch fort ohne den Unfall zuvor ordnungsgem\u00e4\u00df zu melden. Die hinzugezogenen Beamten finden vor Ort Fahrzeugteile, welche von einem VW-Tiguan stammen. Nach derzeitigem Ermittlungsstand ist davon auszugehen, dass es sich bei dem Unfallfahrzug um einen wei\u00dfen VW Tiguan mit einem Schaden auf der Beifahrerseite handelt. Der entstandene Schaden an dem geparkten PKW bel\u00e4uft sich auf ca. 2.000EUR. <\/p>\n\n\n\n<p>Zeugen werden gebeten sich an die Polizeiinspektion Frankenthal unter der Tel.-Nr.: 06233\/313-0 oder an die Polizeiwache Maxdorf unter der Tel.-Nr.: 06237\/934-100 zu wenden. Gerne nehmen wir Ihre Hinweise auch per E-Mail unter  <a href=\"mailto:pifrankenthal@polizei.rlp.de\">pifrankenthal@polizei.rlp.de<\/a> entgegen. <\/p>\n\n\n\n<h4 class=\"wp-block-heading\">(Ludwigshafen) &#8211; Missbrauch von Notrufen endet mit Gastst\u00e4ttenschlie\u00dfung aufgrund Corona-Verst\u00f6\u00dfe<\/h4>\n\n\n\n<p>Am Samstag, 16.05.2020, kurz nach 0 Uhr meldete ein 45-j\u00e4hriger Mann aus Ludwigshafen \u00fcber Notruf eine Schl\u00e4gerei in einer Bar in der Gartenstadt. Beim Eintreffen der Polizeibeamten waren die Rolll\u00e4den der Gastst\u00e4tte geschlossen. Auf Klopfen wurde ge\u00f6ffnet und es konnte ermittelt werden, dass es zu keiner Schl\u00e4gerei gekommen war. Da sich keine Anhaltpunkte f\u00fcr ein vorausgegangenes K\u00f6rperverletzungsdelikt ergaben wurde eine Strafanzeige wegen Missbrauch von Notrufen erfasst. Es wurden jedoch diverse Verst\u00f6\u00dfe gegen die CoBeLVO festgestellt. Diesbez\u00fcglich wurden gesondert Ordnungswidrigkeitenanzeigen erfasst. Ein 31-j\u00e4hriger Mann aus Ludwigshafen, welcher deutlich alkoholisiert war, verhielt sich w\u00e4hrend der Gastst\u00e4ttenkontrolle aggressiv und kam dem zuvor mehrfach erteilten Platzverweis nicht nach. Aus diesem Grund wurde er in Gewahrsam genommen und zur Ausn\u00fcchterung in eine Polizeizelle gebracht. Aufgrund der festgestellten Corona-Verst\u00f6\u00dfe wurde die Bar des 28-j\u00e4hrigen Betreibers durch die Polizei geschlossen. <\/p>\n\n\n\n<h4 class=\"wp-block-heading\">(Ludwigshafen) &#8211; R\u00e4uberischer Diebstahl in einem Supermarkt in der Ludwigshafener Innenstadt<\/h4>\n\n\n\n<p>Am Freitag, 15.05.2020, kurz nach 18 Uhr, kam es zu einem r\u00e4uberischen Diebstahl in einem Supermarkt in der Ludwigshafener Innenstadt. Eine 19-j\u00e4hrige Frau aus Beindersheim befand sich in einem Supermarkt und wollte drei kleine Schnapsflaschen kaufen. Die Flaschen legte sie auf das Kassenband. Da die Frau jedoch gegen einen Zigarettenautomaten im Markt schlug, wurde sie des Marktes verwiesen. Die Frau nahm daraufhin die drei kleinen Schnapsflaschen vom Kassenband und steckte diese in ihre mitgef\u00fchrte Handtasche. Anschlie\u00dfend wollte sie den Supermarkt verlassen, ohne die Ware zu bezahlen. Der 59-j\u00e4hrige Ladendetektiv und ein 25-j\u00e4hriger Mitarbeiter des Marktes stellten sich der Frau in den Weg und wollten sie hindern, dass Gesch\u00e4ft mit der nicht bezahlten Ware zu verlassen. Die 19-j\u00e4hrige schlug dem Ladendetektiv mit der Faust gegen den Kopf und stie\u00df den Mitarbeiter weg, so dass sie dann mit dem Diebesgut das Gesch\u00e4ft verlassen konnte. Nachdem die 19-j\u00e4hrige vor dem Gesch\u00e4ft eine kleine Schnapsflasche getrunken hatte, ging sie nochmals in das Gesch\u00e4ft und trank dort eine weitere kleine Schnapsflasche leer, welche sie dort aus der Auslage nahm. Danach wollte die Frau mit einer Packung Pralinen, welche sie ebenfalls nicht bezahlte, erneut das Gesch\u00e4ft verlassen. Es kam jetzt zu einem Gerangel zwischen der Frau und dem Ladendetektiv. Hierbei st\u00fcrzte die Frau und konnte durch weitere Angestellte des Supermarktes bis zum Eintreffen der Polizei festgehalten werden. Die 19-j\u00e4hrige Frau, welche stark alkoholisiert war, wurde aufgrund ihres aggressiven Verhaltens in Gewahrsam genommen und auf der Polizeidienststelle an ihren Vater \u00fcberstellt. <\/p>\n\n\n\n<h4 class=\"wp-block-heading\">(Ludwigshafen) &#8211; Gef\u00e4hrliche K\u00f6rperverletzung in der Ludwigshafener Innenstadt<\/h4>\n\n\n\n<p>Ein 36-j\u00e4hriger Mann aus Ludwigshafen befuhr am Freitag, 15.05.2020, gegen 15.30 Uhr, mit seinem Fahrrad die Sch\u00fctzenstra\u00dfe entgegen der vorgeschriebenen Fahrtrichtung (Einbahnstra\u00dfe). Auf H\u00f6he eines dortigen Supermarktes kam ihm ein 63-j\u00e4hriger Mann aus Ludwigshafen mit einem PKW entgegen, welcher sich \u00fcber das Fehlverhalten des Radfahrers echauffierte. Nach einem kurzen Wortgefecht stieg der 63-j\u00e4hrige aus seinem PKW und es kam auf der Stra\u00dfe zu einer Rangelei zwischen den beiden Personen. Im Anschluss stieg der 63-j\u00e4hrige Mann wieder in seinen PKW und fuhr auf seinen nahegelegenen Parkplatz, w\u00e4hrend der Radfahrer aus einem in der N\u00e4he befindlichen Sperrm\u00fcllhaufen eine Holzlatte holte und wieder zum 63-j\u00e4hrigen Autofahrer zur\u00fcckging. Beim Parkplatz des 63-j\u00e4hrigen Pkw-Fahrers schlug der 36-j\u00e4hrige Radfahrer mit der Holzlatte auf den Pkw-Fahrer ein. Dieser erlitt am linken Arm mehrere H\u00e4matome. Kurz vor Eintreffen der Polizeibeamten entfernte sich der Radfahrer in Richtung Bleichstra\u00dfe, wo er von den Polizeibeamten gestellt werden konnte. Der Radfahrer zeigte sich \u00e4u\u00dferst unkooperativ, konnte aber in einem Gespr\u00e4ch beruhigt werden. Nach der Personalienfeststellung wurde dem Radfahrer ein Platzverweis erteilt. <\/p>\n\n\n\n<h4 class=\"wp-block-heading\">(Ludwigshafen) &#8211; Verkehrsunfall auf der B44 nach vorangegangener Gef\u00e4hrdung des Stra\u00dfenverkehrs<\/h4>\n\n\n\n<p>Am Freitag, 15.05.2020, gegen 15.50 Uhr, ereignete sich eine Stra\u00dfenverkehrsgef\u00e4hrdung auf der B44 zwischen Mannheim und Ludwigshafen. Ein 43-j\u00e4hriger Mann aus Kaiserslautern befuhr mit seinem Pkw den linken Fahrstreifen der B44 von Mannheim kommend in Richtung Bad D\u00fcrkheim. Vor ihm befuhren auf beiden Fahrsteifen andere Verkehrsteilnehmer die B44 in gleicher Fahrtrichtung. In H\u00f6he der Rhein-Galerie Ludwigshafen \u00fcberfuhr der 43-j\u00e4hrige Mann eine Sperrfl\u00e4che und nutze den Beschleunigungsstreifen einer Auffahrt als dritte Fahrspur um die beiden vor ihm fahrenden Pkw in einem waghalsigen Man\u00f6ver zu \u00fcberholen. <\/p>\n\n\n\n<p>Nach diesem \u00dcberholvorgang wechselte der 43-J\u00e4hrige umgehend zur\u00fcck auf den linken Fahrstreifen. Hierbei schnitt er zun\u00e4chst einen 36-j\u00e4hrigen Pkw-Fahrer aus Mannheim auf dem rechten Fahrsteifen und bremste anschlie\u00dfend einen 33-j\u00e4hrigen Pkw-Fahrer aus Hahnhofen auf dem linken Fahrstreifen bis zum Stillstand aus. Dem 33-j\u00e4hrigen Pkw-Fahrer war es durch dieses Fahrman\u00f6ver nicht mehr m\u00f6glich rechtzeitig zu bremsen und er fuhr auf den Pkw des 43-j\u00e4hrigen Mannes auf. <\/p>\n\n\n\n<p>An beiden Fahrzeugen entstand Sachschaden im Gesamtwert von 2500,00 Euro. Der F\u00fchrerschein des 43j\u00e4hrigen Mannes wurde beschlagnahmt. <\/p>\n\n\n\n<h4 class=\"wp-block-heading\">(Mannheim-Neckarau) &#8211; 79-j\u00e4hrige Frau f\u00e4hrt durch halb ge\u00f6ffnetes Garagentor gegen Wand \/ Schwer verletzt in Klinik eingeliefert<\/h4>\n\n\n\n<p>Vermutlich aufgrund eines Schw\u00e4cheanfall trat eine 79-j\u00e4hrige Autofahrerin am Freitag um 15.40 Uhr in der Alberichstra\u00dfe auf das Gas- anstatt das Bremspedal. Die hatte zur Folge, dass sie durch ein halb ge\u00f6ffnetes Garagentor gegen die dahinterliegende Garagenwand fuhr und sich dabei schwer verletzte. Nach der Erstversorgung durch einen Nachbarn wurde die Frau mit einem Rettungswagen in eine Klinik eingeliefert. Am Auto entstand Totalschaden. <\/p>\n\n\n\n<h4 class=\"wp-block-heading\">(Mannheim-K\u00e4fertal) &#8211; Mit gestohlenem Roller vor Polizeikontrolle gefl\u00fcchtet \/ 15-j\u00e4hriger Fahrer und 13-j\u00e4hrige Mitfahrerin festgenommen<\/h4>\n\n\n\n<p>Weil der Fahrer und seine Sozia am Freitag gegen 12.50 Uhr in der Birkenauer Stra\u00dfe ohne Helm auf einem schwarzen Roller unterwegs waren, sollten sie von einer Polizeistreife angehalten werden. Der Fahrer fl\u00fcchtete daraufhin \u00fcber den alten Postweg und bog hinter dem Friedhof in einen Feldweg ein. Dabei kam er aufgrund \u00fcberh\u00f6hter Geschwindigkeit von der Stra\u00dfe auf einen Acker ab und st\u00fcrzte. Der 15-j\u00e4hrige Fahrer und seine 13-j\u00e4hrige Mitfahrerin blieben unverletzt und wurden vorl\u00e4ufig festgenommen. Wie sich herausstellte, war der Roller kurzgeschlossen worden. Die weiteren Ermittlungen ergaben, dass der Roller in der Nacht von Mittwoch auf Donnerstag im Bereich des Dornheimer Ring entwendet wurde. Die weiteren Ermittlungen hat das Haus des Jugendrechts \u00fcbernommen. <\/p>\n\n\n\n<h4 class=\"wp-block-heading\">(Heidelberg) &#8211; Auseinandersetzung unter mehreren Beteiligen; Hintergr\u00fcnde unklar; 19-J\u00e4hriger mit Kopfplatzwunde in Klinik<\/h4>\n\n\n\n<p>Weshalb es am fr\u00fchen Samstagmorgen zu einer Auseinandersetzung an der Haltestelle Freiburger Stra\u00dfe kam, bei der ein 19-J\u00e4hriger eine Kopfplatzwunde davontrug, ist Gegenstand der Ermittlungen. <\/p>\n\n\n\n<p>Gegen 4 Uhr kam es nach ersten Erkenntnissen zun\u00e4chst zu einer Aussprache zwischen dem sp\u00e4teren Opfer und dem Anf\u00fchrer einer f\u00fcnfk\u00f6pfigen Personengruppe. In der Folge wurden beide handgreiflich, wobei die Gruppe anschlie\u00dfend zusammen auf den jungen Mann einschlug. Dabei wurde auch eine Glasflasche auf dessen Kopf zerschlagen. <\/p>\n\n\n\n<p>Der 19-J\u00e4hrige konnte in ein Fahrzeug von Freunden fl\u00fcchten, die in der N\u00e4he warteten und ihn zur Versorgung der Wunde sogleich in eine Klinik fuhren. <\/p>\n\n\n\n<p>Von unterwegs aus verst\u00e4ndigten sie die Polizei, die mit mehreren streifen nach der Personengruppe fahndete. Im Rahmen dieser Fahndung wurden f\u00fcnf Verd\u00e4chtige im Alter zwischen 18 und 20 Jahren noch in unmittelbarer Tatortn\u00e4he vorl\u00e4ufig festgenommen. Gegen alle f\u00fcnf wird wegen des Verdachts der gef\u00e4hrlichen K\u00f6rperverletzung ermittelt. <\/p>\n\n\n\n<p>Gegen den 20-J\u00e4hrigen R\u00e4delsf\u00fchrer wird zudem wegen des Verdachts des T\u00e4tlichen Angriffs gegen Vollstreckungsbeamte\/Widerstands gegen Vollstreckungsbeamte ermittelt. Er hatte sich bei seiner Festnahme zur Wehr gesetzt und dabei zwei Beamte leicht verletzt. Die Ermittlungen auch zu den Hintergr\u00fcnden der Auseinandersetzung dauern an. <\/p>\n\n\n\n<h4 class=\"wp-block-heading\">(Heidelberg) &#8211; Verkehrsunfall zwischen Linienbus und Auto; Zeugen gesucht<\/h4>\n\n\n\n<p>Am Freitagnachmittag kam es in der Stra\u00dfe &#8222;Schlossberg&#8220; zu einem Verkehrsunfall zwischen dem Fahrer eines Linienbusses und einem Autofahrer. <\/p>\n\n\n\n<p>Beide begegneten sich kurz vor 14 Uhr zwischen dem &#8222;Unterer Fauler Pelz&#8220; und der Klingentorstra\u00dfe. Dabei musste der Busfahrer stark abbremsen, um einen Zusammensto\u00df zu verhindern. Eine 48-j\u00e4hrige Passagierin im Bus zog sich eine leichte Verletzung zu, die von Sanit\u00e4tern an der Unfallstelle erstversorgt wurde. <\/p>\n\n\n\n<p>Da es zu keiner Ber\u00fchrung beider Fahrzeuge kam und der Unfallhergang aufgrund unterschiedlicher Schilderungen noch unklar ist, werden Zeugen, die die Situation beobachtet haben, gebeten, sich bei der Verkehrspolizei Heidelberg, Tel.: 0621\/174-4111 zu melden. <\/p>\n\n\n\n<h4 class=\"wp-block-heading\">(Heidelberg) &#8211; Brand der Dachbegr\u00fcnung eines Klinikgeb\u00e4udes<\/h4>\n\n\n\n<p>Vermutlich Flexarbeiten auf einer Baustelle l\u00f6sten am Freitagvormittag, kurz nach 10 Uhr, ein Feuer auf der Dachbegr\u00fcnung eines Klinikgeb\u00e4udes &#8222;Im Neuenheimer Feld&#8220; aus, das sich unmittelbar neben der Baustelle befindet. Die Berufsfeuerwehr konnte das Glimmen der Dachbegr\u00fcnung schnell l\u00f6schen, sodass es zu keiner Gef\u00e4hrdung von Patienten oder Sachsch\u00e4den kam. Die Stra\u00dfe im Neuenheimer Feld war deshalb kurzfristig von 10.15 Uhr bis 10.45 Uhr zwischen Berliner Stra\u00dfe und Tiergartenstra\u00dfe gesperrt. Die Brandexperten des Polizeireviers Heidelberg haben die weiteren Ermittlungen \u00fcbernommen. <\/p>\n\n\n\n<h4 class=\"wp-block-heading\">(Hockenheim \/ Rhein-Neckar-Kreis) &#8211; Gegen Ampelmast gekracht und gefl\u00fcchtet; Zeugen gesucht<\/h4>\n\n\n\n<p>Nach dem derzeitigen Stand der Ermittlungen besch\u00e4digte am Freitagnachmittag, gegen 15 Uhr, der Fahrer eines noch unbekannten Fahrzeuges einen Ampelmast in der Talhausstra\u00dfe, kurz vor der Einm\u00fcndung in die Duttweiler Stra\u00dfe und fuhr anschlie\u00dfend weiter. Dabei entstand ein Sachschaden von mindestens 5.000.- Euro. Auch das verursachende Fahrzeug muss erheblich besch\u00e4digt sein. <\/p>\n\n\n\n<p>Ein Zeuge hatte den besch\u00e4digten Ampelmast sowie den Ausfall der Anlage kurz nach 15 Uhr entdeckt und der Polizei gemeldet. Derzeitige Recherchen besagen, dass die Ampel zwischen 14-15 Uhr noch in Betrieb gewesen sein k\u00f6nnte. <\/p>\n\n\n\n<p>Zeugen, die Hinweise zum Verursacher und\/oder dessen Fahrzeug geben k\u00f6nnen, werden gebeten, sich mit dem Polizeirevier Hockenheim, Tel.: 06205\/2860-0 in Verbindung zu setzen. <\/p>\n\n\n\n<h4 class=\"wp-block-heading\">(Leimen-St.Ilgen \/ Rhein-Neckar-Kreis) &#8211; Jugendliche auf Bahnschienen \/ Bahnverkehr kurz gesperrt<\/h4>\n\n\n\n<p>Eine Anwohnerin verst\u00e4ndigte am Freitag kurz nach 19.30 Uhr \u00fcber Notruf die Polizei, dass am Bahnhof in der Bahnhofstra\u00dfe mehrere Jugendliche randalieren w\u00fcrden. Beim Eintreffen einer Polizeistreife fl\u00fcchteten drei Jugendliche im Alter von 16 und 17 Jahren sofort \u00fcber die Bahngleise in Richtung Sandhausen, konnten aber kurze Zeit sp\u00e4ter durch eine weitere Streife angetroffen und \u00fcberpr\u00fcft werden. Zwei weitere Jugendliche im Alter von 17 Jahren blieben zur\u00fcck und wurden ebenfalls kontrolliert. Dem Quintett wurde ein Platzverweis f\u00fcr den Bahnhof erteilt. Der Zugverkehr wurde zwischen 19.47 und 19.54 kurzzeitig voll gesperrt. <\/p>\n\n\n\n<h4 class=\"wp-block-heading\">(Walldorf \/ Rhein-Neckar-Kreis) &#8211; Unfallflucht auf der Autobahn; wei\u00dfer Pkw gesucht; Zeugen bitte melden<\/h4>\n\n\n\n<p>Wegen des Verdacht der Unfallflucht ermittelt die Autobahnpolizei Walldorf gegen den noch unbekannten Fahrer eines wei\u00dfen Pkw. Der Unbekannte hatte am fr\u00fchen Freitagabend, gegen 18.20 Uhr, auf der A 5, zwischen dem Walldorfer Kreuz und der Anschlussstelle Walldorf\/Wiesloch in Fahrtrichtung Frankfurt, eine 63-j\u00e4hrige Ford-Ka-Fahrerin rechts \u00fcberholt, als diese gerade dabei war, ihrerseits anzusetzen, ein Fahrzeug zu \u00fcberholen. Dabei befand sich die 63-J\u00e4hrige bereits auf der linken Spur. <\/p>\n\n\n\n<p>Der Unbekannte streifte bei seinem illegalen \u00dcberholman\u00f6ver und beim Einscheren auf die linke Spur den Ford Ka und fuhr weiter. <\/p>\n\n\n\n<p>An dem Kleinwagen entstand dabei ein Schaden von \u00fcber 5.000.- Euro. Da das Fahrzeug des Verursachers ebenfalls erheblich besch\u00e4digt sein d\u00fcrfte, wurde sofort eine Fahndung eingeleitet, die allerdings ohne Ergebnis blieb. <\/p>\n\n\n\n<p>Zeugen, die das riskante \u00dcberholman\u00f6ver und den Unfallhergang beobachtet haben, sowie Hinweise zu dem unfallfl\u00fcchtigen Fahrzeug geben k\u00f6nnen, werden gebeten, sich mit der Autobahnpolizei in Walldorf, Tel.: 06227\/35826-0 in Verbindung zu setzen. <\/p>\n\n\n\n<h4 class=\"wp-block-heading\">(Wiesloch \/ Rhein-Neckar-Kreis) &#8211; Mehrere Autos besch\u00e4digt; Verd\u00e4chtiger festgenommen; weitere Gesch\u00e4digte gesucht<\/h4>\n\n\n\n<p>Am Freitagnachmittag ging ein zun\u00e4chst unbekannter Mann durch die Friedrichstra\u00dfe und trat an mehreren geparkten Fahrzeugen die Au\u00dfenspiegel ab. Dies beobachtete ein Zeuge gegen 16.30 Uhr informierte die Polizei. <\/p>\n\n\n\n<p>Im Rahmen der sofort eingeleiteten Fahndung konnte ein 26-J\u00e4hriger, auf den die Beschreibung exakt zutraf, im Bereich des Gerbersruhparks vorl\u00e4ufig festgenommen werden. Nach Erledigung der Formalit\u00e4ten wurde der Mann in eine psychiatrische Klinik gebracht. <\/p>\n\n\n\n<p>Nach derzeitigem Kenntnisstand wurden insgesamt drei Fahrzeuge besch\u00e4digt, der Sachschaden l\u00e4sst sich derzeit noch nicht n\u00e4her beziffern. Da nicht ausgeschlossen ist, dass noch weitere Fahrzeuge im Bereich der Friedrichstra\u00dfe und rund um den Gerbersruhpark und der angrenzenden Stra\u00dfen von den Verd\u00e4chtigen besch\u00e4digt wurden, werden die Eigent\u00fcmer dieser Fahrzeuge gebeten, sich mit dem Polizeirevier Wiesloch, Tel.: 06222\/5709-0 in Verbindung zu setzen. <\/p>\n\n\n\n<h4 class=\"wp-block-heading\">(Wiesloch-Schatthausen \/ Rhein-Neckar-Kreis) &#8211; Pedelec besch\u00e4digt und weitergefahren; Zeugen gesucht<\/h4>\n\n\n\n<p>Am Freitag, zwischen 17.00 Uhr und 19.40 Uhr besch\u00e4digte ein bislang unbekannter Autofahrer beim Vorbeifahren ein Pedelec, das im Gewann Uhler im Ortsteil Schatthausen an einen Zaun gelehnt war. Dabei entstand nach ersten Sch\u00e4tzungen ein Sachschaden von rund 1.000 Euro. Zeugen werden gebeten, sich mit dem Polizeirevier Wiesloch, Tel.: 06222\/5709-0 in Verbindung zu setzen. <\/p>\n\n\n\n<h4 class=\"wp-block-heading\">(St. Leon-Rot \/ Rhein-Neckar-Kreis) &#8211; 20-j\u00e4hriger Autofahrer bei Auffahrunfall schwer verletzt<\/h4>\n\n\n\n<p>Bei einem Auffahrunfall am Freitag um 7.45 Uhr auf der Kreisstra\u00dfe 4152\/Kirrlacher Stra\u00dfe zog sich ein 20-j\u00e4hriger Fahrer eines Audi schwere Verletzungen zu. Der 20-J\u00e4hrige war in Richtung Kirrlach unterwegs, als er auf einen Lkw hinten auffuhr, der um nach links abzubiegen abgebremst hatte. Der Verletzte wurde mit einem Rettungswagen in ein umliegendes Krankenhaus eingeliefert und station\u00e4r aufgenommen.  An den Fahrzeugen entstand Sachschaden von ca. 5.000 Euro. <\/p>\n\n\n\n<h4 class=\"wp-block-heading\">(Weinheim \/ Rhein-Neckar-Kreis) &#8211; 13.000 Euro Sachschaden nach Unfall durch Wendeman\u00f6ver<\/h4>\n\n\n\n<p>Weil ein 26-j\u00e4hriger Autofahrer am Freitag kurz nach 19 Uhr auf der Westtangente mit seinem Audi wendete, kam es zum Unfall. Der 26-J\u00e4hrige war in Richtung Weinheim unterwegs und wendete nach der Kreuzung Viernheimer Stra\u00dfe an einer Fahrbahnverengung. Dies hatte zur Folge, dass ein nachfolgender 30-j\u00e4hriger Fahrer eines BMW nicht mehr ausweichen konnte und es zur Kollision kam. Beide Fahrer blieben unverletzt, der Gesamtsachschaden bel\u00e4uft sich auf ca. 13.000 Euro. Beide Autos mussten abgeschleppt werden. <\/p>\n","protected":false},"excerpt":{"rendered":"<div class=\"mh-excerpt\"><p>Polizeimeldungen vom Samstag (16.05.2020) (Kandel) &#8211; Unfallflucht L549 Kandel Am Freitag, dem 15.05.2020, um 08.55 Uhr, kam es auf der L549 zwischen Kandel und Rheinzabern zu einem Verkehrsunfall im Begegnungsverkehr. In H\u00f6he der Anschlussstelle zur <a class=\"mh-excerpt-more\" href=\"https:\/\/speyer24news.com\/?p=27139\" title=\"Polizei\">[&#8230;]<\/a><\/p>\n<\/div>","protected":false},"author":3,"featured_media":0,"comment_status":"open","ping_status":"open","sticky":false,"template":"","format":"standard","meta":{"_monsterinsights_skip_tracking":false,"_monsterinsights_sitenote_active":false,"_monsterinsights_sitenote_note":"","_monsterinsights_sitenote_category":0,"footnotes":""},"categories":[12],"tags":[3614,61,2555,6955,6986,6263,63,105,6987,53,4854,4683,102,213,55,5261,103,106,2803,2423,427,2625,380,62,104,979,1565],"aioseo_notices":[],"amp_enabled":true,"_links":{"self":[{"href":"https:\/\/speyer24news.com\/index.php?rest_route=\/wp\/v2\/posts\/27139"}],"collection":[{"href":"https:\/\/speyer24news.com\/index.php?rest_route=\/wp\/v2\/posts"}],"about":[{"href":"https:\/\/speyer24news.com\/index.php?rest_route=\/wp\/v2\/types\/post"}],"author":[{"embeddable":true,"href":"https:\/\/speyer24news.com\/index.php?rest_route=\/wp\/v2\/users\/3"}],"replies":[{"embeddable":true,"href":"https:\/\/speyer24news.com\/index.php?rest_route=%2Fwp%2Fv2%2Fcomments&post=27139"}],"version-history":[{"count":1,"href":"https:\/\/speyer24news.com\/index.php?rest_route=\/wp\/v2\/posts\/27139\/revisions"}],"predecessor-version":[{"id":27140,"href":"https:\/\/speyer24news.com\/index.php?rest_route=\/wp\/v2\/posts\/27139\/revisions\/27140"}],"wp:attachment":[{"href":"https:\/\/speyer24news.com\/index.php?rest_route=%2Fwp%2Fv2%2Fmedia&parent=27139"}],"wp:term":[{"taxonomy":"category","embeddable":true,"href":"https:\/\/speyer24news.com\/index.php?rest_route=%2Fwp%2Fv2%2Fcategories&post=27139"},{"taxonomy":"post_tag","embeddable":true,"href":"https:\/\/speyer24news.com\/index.php?rest_route=%2Fwp%2Fv2%2Ftags&post=27139"}],"curies":[{"name":"wp","href":"https:\/\/api.w.org\/{rel}","templated":true}]}}