{"id":27141,"date":"2020-05-17T07:41:49","date_gmt":"2020-05-17T06:41:49","guid":{"rendered":"https:\/\/speyer24news.com\/?p=27141"},"modified":"2020-05-17T07:41:50","modified_gmt":"2020-05-17T06:41:50","slug":"geschwindigkeitsmessung-blitzer-26","status":"publish","type":"post","link":"https:\/\/speyer24news.com\/?p=27141","title":{"rendered":"Geschwindigkeitsmessung \/ Blitzer"},"content":{"rendered":"<style type=\"text\/css\">\r\n\t.ads_top_disp{}\r\n\t.ads_top_corner_disp{ float:left; margin:0px 10px 10px 0px; }\r\n\t.ads_first_p_disp{}\r\n\t.ads_bottom_disp{}\r\n\t<\/style>\n<h2 class=\"wp-block-heading\">Geschwindigkeitskontrollen f\u00fcr die Woche vom 18. bis 22. Mai<\/h2>\n\n\n\n<div class=\"wp-block-image\"><figure class=\"aligncenter\"><img decoding=\"async\" loading=\"lazy\" width=\"640\" height=\"497\" src=\"https:\/\/speyer24news.com\/wp-content\/uploads\/2020\/01\/Kontrolle-BaW\u00fc.jpg\" alt=\"\" class=\"wp-image-23874\" srcset=\"https:\/\/speyer24news.com\/wp-content\/uploads\/2020\/01\/Kontrolle-BaW\u00fc.jpg 640w, https:\/\/speyer24news.com\/wp-content\/uploads\/2020\/01\/Kontrolle-BaW\u00fc-300x233.jpg 300w\" sizes=\"(max-width: 640px) 100vw, 640px\" \/><\/figure><\/div>\n\n\n\n<p><strong>(Mannheim) &#8211; <\/strong>Die Stadt Mannheim f\u00fchrt vom 18. bis 22. Mai in folgenden Stra\u00dfen Radarkontrollen durch:<\/p>\n\n\n\n<ul><li> Alphornstra\u00dfe (Neckarschule)<\/li><li> Belfortstra\u00dfe (Wilhelm-Wundt-Schule)<\/li><li> B\u00fcrgermeister-Fuchs-Stra\u00dfe<\/li><li> Brunhildestra\u00dfe<\/li><li> Dammstra\u00dfe<\/li><li> Ernst-Barlach-Allee (Johann-Peter-Hebel-Schule)<\/li><li> Franz-Gelb-Weg<\/li><li> Gartenfeldstra\u00dfe (Humboldtschule)<\/li><li> Grete-Fleischmann-Stra\u00dfe<\/li><li> Gustav-Seitz-Stra\u00dfe<\/li><li> Hans-Thoma-Stra\u00dfe<\/li><li> Karl-Ladenburg-Stra\u00dfe<\/li><li> Langstra\u00dfe (verkehrsberuhigter Bereich)<\/li><li> Luisenstra\u00dfe (Schillerschule)<\/li><li> Lutherstra\u00dfe (verkehrsberuhigter Bereich)<\/li><li> Mallaustra\u00dfe<\/li><li> Neckarauer Stra\u00dfe<\/li><li> Rheingoldstra\u00dfe<\/li><li> Voltastra\u00dfe<\/li><\/ul>\n\n\n\n<p>Kurzfristige \u00c4nderungen oder zus\u00e4tzliche Messstellen sind aus aktuellem Anlass m\u00f6glich.<\/p>\n\n\n\n<p><em>Stadt Mannheim<br>17.05.2020<\/em><\/p>\n","protected":false},"excerpt":{"rendered":"<div class=\"mh-excerpt\"><p>Geschwindigkeitskontrollen f\u00fcr die Woche vom 18. bis 22. Mai (Mannheim) &#8211; Die Stadt Mannheim f\u00fchrt vom 18. bis 22. Mai in folgenden Stra\u00dfen Radarkontrollen durch: Alphornstra\u00dfe (Neckarschule) Belfortstra\u00dfe (Wilhelm-Wundt-Schule) B\u00fcrgermeister-Fuchs-Stra\u00dfe Brunhildestra\u00dfe Dammstra\u00dfe Ernst-Barlach-Allee (Johann-Peter-Hebel-Schule) Franz-Gelb-Weg <a class=\"mh-excerpt-more\" href=\"https:\/\/speyer24news.com\/?p=27141\" title=\"Geschwindigkeitsmessung \/ Blitzer\">[&#8230;]<\/a><\/p>\n<\/div>","protected":false},"author":3,"featured_media":0,"comment_status":"open","ping_status":"open","sticky":false,"template":"","format":"standard","meta":{"_monsterinsights_skip_tracking":false,"_monsterinsights_sitenote_active":false,"_monsterinsights_sitenote_note":"","_monsterinsights_sitenote_category":0,"footnotes":""},"categories":[64],"tags":[18,4814,19,4817,4228,947,4815,779,4816,56,17,7004,4813,948],"aioseo_notices":[],"amp_enabled":true,"_links":{"self":[{"href":"https:\/\/speyer24news.com\/index.php?rest_route=\/wp\/v2\/posts\/27141"}],"collection":[{"href":"https:\/\/speyer24news.com\/index.php?rest_route=\/wp\/v2\/posts"}],"about":[{"href":"https:\/\/speyer24news.com\/index.php?rest_route=\/wp\/v2\/types\/post"}],"author":[{"embeddable":true,"href":"https:\/\/speyer24news.com\/index.php?rest_route=\/wp\/v2\/users\/3"}],"replies":[{"embeddable":true,"href":"https:\/\/speyer24news.com\/index.php?rest_route=%2Fwp%2Fv2%2Fcomments&post=27141"}],"version-history":[{"count":1,"href":"https:\/\/speyer24news.com\/index.php?rest_route=\/wp\/v2\/posts\/27141\/revisions"}],"predecessor-version":[{"id":27142,"href":"https:\/\/speyer24news.com\/index.php?rest_route=\/wp\/v2\/posts\/27141\/revisions\/27142"}],"wp:attachment":[{"href":"https:\/\/speyer24news.com\/index.php?rest_route=%2Fwp%2Fv2%2Fmedia&parent=27141"}],"wp:term":[{"taxonomy":"category","embeddable":true,"href":"https:\/\/speyer24news.com\/index.php?rest_route=%2Fwp%2Fv2%2Fcategories&post=27141"},{"taxonomy":"post_tag","embeddable":true,"href":"https:\/\/speyer24news.com\/index.php?rest_route=%2Fwp%2Fv2%2Ftags&post=27141"}],"curies":[{"name":"wp","href":"https:\/\/api.w.org\/{rel}","templated":true}]}}