{"id":27147,"date":"2020-05-18T09:11:05","date_gmt":"2020-05-18T08:11:05","guid":{"rendered":"https:\/\/speyer24news.com\/?p=27147"},"modified":"2020-05-18T09:11:06","modified_gmt":"2020-05-18T08:11:06","slug":"kirche-65","status":"publish","type":"post","link":"https:\/\/speyer24news.com\/?p=27147","title":{"rendered":"Kirche"},"content":{"rendered":"<style type=\"text\/css\">\r\n\t.ads_top_disp{}\r\n\t.ads_top_corner_disp{ float:left; margin:0px 10px 10px 0px; }\r\n\t.ads_first_p_disp{}\r\n\t.ads_bottom_disp{}\r\n\t<\/style>\n<h2 class=\"wp-block-heading\">Online-Spendenportal er\u00f6ffnet<\/h2>\n\n\n\n<h3 class=\"wp-block-heading\">Unterst\u00fctzung von kirchengemeindlichen und landeskirchenweiten Projekten m\u00f6glich<\/h3>\n\n\n\n<p><strong>Speyer <em>(lk)<\/em> &#8211; <\/strong>Mit Hilfe eines neuen Spendenportals auf der Website der Landeskirche kann ab sofort die Arbeit von Kirchengemeinden, Bau- und F\u00f6rdervereinen sowie diakonischen Tr\u00e4gern finanziell unterst\u00fctzt werden. Das hat der Fundraising-Beauftragte der Landeskirche, Pfarrer G\u00f6tz Geburek, in Speyer mitgeteilt. Auf einer Projektseite werden dem Nutzer Details \u00fcber den jeweiligen Spendenzweck mitgeteilt. Geplant sei auch, die landeskirchenweiten Gottesdienstkollekten \u00fcber das Portal zu erm\u00f6glichen.<\/p>\n\n\n\n<p>Die Online-Spende k\u00f6nne nach Auskunft des Fundraisingbeauftragten mit einem Klick auf den Spendenbutton durch Eingabe der Bankverbindung und der entsprechenden Best\u00e4tigung des Gebers get\u00e4tigt werden. Zurzeit sei die Spende im Rahmen des Lastschriftverfahrens m\u00f6glich, weitere Zahlwege, wie etwa PayPal, sollen folgen. Bei der freiwilligen Eingabe der Adressdaten, erhalte der Spender immer eine Zuwendungsbescheinigung. Grunds\u00e4tzlich reiche f\u00fcr Spenden bis 200 Euro ein Kontoauszug zum Nachweis f\u00fcr das Finanzamt.<\/p>\n\n\n\n<p>Mit dem Spendenportal reagiert die Landeskirche auf die Situation der Kirchengemeinden und diakonischer Einrichtungen, die z.B. durch die Corona-Pandemie keine Gottesdienstkollekten sammeln konnten. Das Diakonische Werk hat bereits seit Ostern online Spenden f\u00fcr den Corona-Notfonds zur Unterst\u00fctzung von benachteiligten Familien und Kindern eingeworben.<\/p>\n\n\n\n<p>Informationen f\u00fcr Gemeinden und Einrichtungen erteilt der Fundraisingbeauftragte, Pfarrer G\u00f6tz Geburek, unter Telefon 06232 667-118 oder per Mail: <a href=\"fundraising@evkirchepfalz.de\">fundraising@evkirchepfalz.de<\/a>.<\/p>\n\n\n\n<p><em>18.05.2020<\/em><\/p>\n\n\n\n<h2 class=\"wp-block-heading\">Visionsprozess SEGENSORTE geht weiter<\/h2>\n\n\n\n<h3 class=\"wp-block-heading\">Geplante zentrale Veranstaltungen k\u00f6nnen nicht stattfinden \u2013 Fortsetzung mit neuen Formaten &#8211; \u201eSegenspost\u201c f\u00fcr Kommunikation und Kontakt \u2013 Eingaben jetzt bis Ende Oktober m\u00f6glich<\/h3>\n\n\n\n<figure class=\"wp-block-image\"><img decoding=\"async\" loading=\"lazy\" width=\"800\" height=\"575\" src=\"https:\/\/speyer24news.com\/wp-content\/uploads\/2020\/03\/Segensorte.jpg\" alt=\"\" class=\"wp-image-25559\" srcset=\"https:\/\/speyer24news.com\/wp-content\/uploads\/2020\/03\/Segensorte.jpg 800w, https:\/\/speyer24news.com\/wp-content\/uploads\/2020\/03\/Segensorte-300x216.jpg 300w, https:\/\/speyer24news.com\/wp-content\/uploads\/2020\/03\/Segensorte-768x552.jpg 768w\" sizes=\"(max-width: 800px) 100vw, 800px\" \/><\/figure>\n\n\n\n<p><strong>Speyer &#8211;<\/strong> Der Visionsprozess \u201eSEGENSORTE\u201c im Bistum Speyer geht weiter, wenn auch nicht ganz so wie geplant. Alle noch ausstehenden zentralen Veranstaltungen in St. Ingbert, Speyer und Ludwigshafen k\u00f6nnen aufgrund der Corona-Pandemie und den damit verbundenen Beschr\u00e4nkungen nicht stattfinden. Stattdessen hat das Segensorte-Team neue Formate entwickelt, die es erm\u00f6glichen sich an dem Visionsprozess zu beteiligen. \u201eWir haben auch den Zeitplan leicht angepasst: Die Eingabe von Ideen, Segensort-Visionen, R\u00fcckmeldungen ist bis Ende Oktober 2020 \u00fcber die Homepage <a href=\"https:\/\/segensorte.bistum-speyer.de\/\">https:\/\/segensorte.bistum-speyer.de\/<\/a> m\u00f6glich. Im November soll dann eine erste Formulierung der Vision und m\u00f6glichen zentralen Handlungsfeldern vorliegen\u201c erkl\u00e4rt Felix Goldinger von der Gesch\u00e4ftsstelle SEGENSORTE. <\/p>\n\n\n\n<h4 class=\"wp-block-heading\">SEGENSPOST sorgt f\u00fcr Vernetzung<\/h4>\n\n\n\n<p>\u201eAuch wenn sich die Situation aktuell etwas zu beruhigen scheint, wird es in den kommenden Wochen und Monaten nicht m\u00f6glich sein, zur Normalit\u00e4t zur\u00fcckzukehren\u201c, so Goldinger. Treffen in gr\u00f6\u00dferem Kreis k\u00f6nnen nicht stattfinden. Deshalb gibt es jetzt als neues Projekt die SEGENSPOST. \u201eSo wie Paulus in Krisenzeiten Briefe an \u201aseine\u2018 Gemeinden schrieb, so m\u00f6chten wir die Krisenzeit nutzen, um mit Menschen aus unserem Bistum neue Verbindungen herzustellen oder alte aufleben zu lassen \u2013 ganz traditionell mit Briefen\u201c, erkl\u00e4rt Goldinger. \u201eWir vermitteln Schreiberinnen und Leser, Senioren und Jugendliche. Mitmachen k\u00f6nnen alle, die Lust dazu haben: Einzelpersonen, Kitas, Ch\u00f6re und Verbandsgruppen, Gemeinden, B\u00fcchereien oder Vereinsgruppen.\u201c Wer mitmachen m\u00f6chte, kann dem Segensorte-Team eine Mail schreiben an: <a href=\"segensorte@bistum-speyer.de\">segensorte@bistum-speyer.de<\/a>. Vorlagen f\u00fcr Briefe und Vorschl\u00e4ge zur Werbung f\u00fcr das Projekt sowie weitere Informationen findet man unter <a href=\"https:\/\/segensorte.bistum-speyer.de\/segens-post\">https:\/\/segensorte.bistum-speyer.de\/segens-post<\/a>. Die Organisatoren bitten auch um R\u00fcckmeldung zu den Erfahrungen mit der SEGENSPOST. \u201eUns ist wichtig, dass diese Erkenntnisse von Einzelpersonen oder Gruppen in den Gesamtprozess mit einflie\u00dfen k\u00f6nnen\u201c, sagt Goldinger.<\/p>\n\n\n\n<h4 class=\"wp-block-heading\">Online-Beteiligung per Messenger und in den Sozialen Netzwerken<\/h4>\n\n\n\n<p>Die Mitmachbox wurde \u00fcberarbeitet und steht jetzt als Angebot per Messenger zur Verf\u00fcgung: Interessierte melden sich f\u00fcr die entsprechend Gruppe via Telegram, WhatsApp, Facebook-Messenger oder Notify an. Die Kurznachrichten sind so gestaltet, dass sie Einzelpersonen durch die Fragestellungen des Visionsprozesses navigieren und sie ihre R\u00fcckmeldungen einbringen k\u00f6nnen. Alternativ kann auch ein Moderator einer Gruppe die Kurznachrichten abonnieren und sie dann per Weiterleitung f\u00fcr digitale Gruppenchats nutzen. <br>Dar\u00fcber hinaus gibt es seit kurzem auch in den sozialen Netzwerken eine M\u00f6glichkeit sich in den Visionsprozess einzubringen: In Instagram-Stories werden die Fragestellungen des Prozesses dargestellt und die Diskussion dar\u00fcber angeregt. Die Reaktionen flie\u00dfen direkt in den Visionsprozess ein. Auch auf Facebook gibt es nun einen eigenen Segensorte-Channel. Auch dort werden die Fragen des Visionsprozesses zur Diskussion gestellt und ein direkter R\u00fccklauf in den Prozess gew\u00e4hrleistet.  <br>Immer auf dem Laufenden bleiben kann man au\u00dferdem per Infomail, dem Newsletter mit jeweils aktuellen Informationen. Wer sich weitere Austauschm\u00f6glichkeiten w\u00fcnscht, kann sich mit dem Segensorte-Team jederzeit in Verbindung setzen.<\/p>\n\n\n\n<h4 class=\"wp-block-heading\">Digitale Ortstermine<\/h4>\n\n\n\n<p>Da pers\u00f6nliche Treffen im gro\u00dfen Kreis zurzeit nicht m\u00f6glich sind, bietet das SEGENSORTE-Team Unterst\u00fctzung an, wenn Gruppen sich digital treffen m\u00f6chten. Erste Erfahrungen dazu gibt es bereits. Einen Bericht dazu findet man auf der Internetseite: <a href=\"https:\/\/segensorte.bistum-speyer.de\/aktuelles\/news\/allgemein\/ortstermin-das-geht-auch-digital\">https:\/\/segensorte.bistum-speyer.de\/aktuelles\/news\/allgemein\/ortstermin-das-geht-auch-digital<\/a><\/p>\n\n\n\n<h4 class=\"wp-block-heading\">Die SEGENSORTE in der Corona-Hilfe-Datenbank<\/h4>\n\n\n\n<p>Dar\u00fcber hinaus gibt es schon seit Ende M\u00e4rz die \u201eSEGENSORTE &#8211; Corona-Hilfe\u201c. In dieser Datenbank k\u00f6nnen Hilfsangebote als &#8222;Segensort&#8220; auf der entsprechenden Homepage eingetragen werden. Dazu z\u00e4hlen beispielsweise Einkaufs-Services von Jugendgruppen f\u00fcr \u00e4ltere Menschen oder auch digitale seelsorgliche Angebote. &#8222;Eigentlich hatten wir die Homepage so angelegt, dass Ortsgruppen hier ihre Treffen und Ergebnisse ihrer \u00dcberlegungen f\u00fcr die Kirche von morgen eintragen k\u00f6nnen&#8220;, erkl\u00e4rt Felix Goldinger. \u201eJetzt haben sich die Vorzeichen ge\u00e4ndert, aber wir erleben, dass es ganz viel Solidarit\u00e4t gibt, es tolle Ideen f\u00fcr unterst\u00fctzende Angebote gibt und mancherorts viel kreative Energie freigeworden ist. Trotz aller Widrigkeiten entstehen Segensorte. Deshalb stellen wir die Homepage als Vernetzungsplattform f\u00fcr Pfarreien, Verb\u00e4nde und Einzelpersonen zur Verf\u00fcgung&#8220;, erkl\u00e4rt Goldinger. Die Datenbank ist unter der Adresse <a href=\"https:\/\/segensorte.de\/bistum-speyer\/\">https:\/\/segensorte.de\/bistum-speyer\/<\/a> erreichbar. Eingestellte Hilfsangebote werden nach Pr\u00fcfung auf Richtigkeit der Angaben freigeschaltet.<\/p>\n\n\n\n<h4 class=\"wp-block-heading\">Hintergrund:<\/h4>\n\n\n\n<p>Der Visionsprozess SEGENSORTE im Bistum Speyer wurde offiziell im Rahmen des letzten di\u00f6zesanen Katholikentages in Kaiserlautern im September 2019 gestartet. Pfarreien, Gemeinden, Verb\u00e4nde oder Einrichtungen sind eingeladen, sich mit dem Thema Vision auseinanderzusetzen, Segensorte zu entdecken und zu entwickeln. \u00dcber die Homepage des Visionsprozesses besteht die M\u00f6glichkeit, die eigenen Erfahrungen und Perspektiven in den Prozess miteinzubringen. Aus allen Eingaben soll zur ersten Di\u00f6zesanversammlung des Bistums im November ein erster Entwurf einer Vision f\u00fcr das Bistum formuliert werden. Darin einflie\u00dfen sollten auch die Ergebnisse der urspr\u00fcnglich geplanten f\u00fcnf zentralen Veranstaltungen und vieler Treffen vor Ort, die durch die Folge der Pandemie jetzt nicht wie geplant stattfinden k\u00f6nnen.<\/p>\n\n\n\n<p><strong>Kontakt:<\/strong><br>Visionsprozess SEGENSORTE<br>Felix Goldinger<br>Gesch\u00e4ftsf\u00fchrer des  Visionsprozesses SEGENSORTE<br>Webergasse 11, 67346 Speyer<br>Mail: <a href=\"segensorte@bistum-speyer.de\">segensorte@bistum-speyer.de<\/a> | Tel. 06232.102-286<\/p>\n\n\n\n<p><em>Bistum Speyer<br>18.05.2020<\/em><\/p>\n\n\n\n<h2 class=\"wp-block-heading\">Leuchtendes Vorbild f\u00fcr engagierten Denkmalschutz<\/h2>\n\n\n\n<h3 class=\"wp-block-heading\">&#8222;KiBa-Kirche des Jahres 2020&#8220;: St. Stephanus im saarpf\u00e4lzischen B\u00f6ckweiler<\/h3>\n\n\n\n<p><strong>Berlin \/ B\u00f6ckweiler (lk\/ekiba) &#8211; <\/strong>Die St. Stephanuskirche im saarpf\u00e4lzischen B\u00f6ckweiler ist die &#8222;Kirche des Jahres 2020&#8220; der Stiftung zur Bewahrung kirchlicher Baudenkm\u00e4ler in Deutschland (Stiftung KiBa). 1.988 Stimmen entfielen auf das \u00e4lteste romanische Kirchengeb\u00e4ude im Saarland. Insgesamt beteiligten sich fast 10.653 Personen an der Abstimmung \u00fcber die zw\u00f6lf Kandidatinnen zur &#8222;Kirche des Jahres&#8220;. &#8222;Damit haben wir fast doppelt so viele Voten erhalten wie im vergangenen Jahr&#8220;, unterstreicht Catharina Hasenclever, die Gesch\u00e4ftsf\u00fchrerin der von der Evangelischen Kirche in Deutschland (EKD) gegr\u00fcndeten Stiftung. Den zweiten Platz errang die Stralsunder St. Nikolaikirche, die drittmeisten Stimmen entfielen auf die Dorfkirche im brandenburgischen Rossow.<\/p>\n\n\n\n<p>&#8222;Die deutlich wachsende Beliebtheit des Wettbewerbs freut uns nat\u00fcrlich sehr&#8220;, sagt Catharina Hasenclever. &#8222;Sie best\u00e4rkt uns in unserem Engagement f\u00fcr den Erhalt von Kirchen \u00fcberall in Deutschland: Gerade in diesen m\u00fchsamen Zeiten wird deutlich, dass Gottesh\u00e4user &#8211; egal, wie gro\u00df und pr\u00e4chtig oder klein und unauff\u00e4llig sie sein m\u00f6gen &#8211; wichtige Orte der Einkehr, der Heimat und der Gemeinschaft sind und bleiben m\u00fcssen.&#8220;<\/p>\n\n\n\n<p>Als gro\u00dfe Ehre nicht nur f\u00fcr die Kirchengemeinde, sondern auch f\u00fcr die ganze Landeskirche, haben Kirchenpr\u00e4sident Christian Schad und Gebietsdezernentin Oberkirchenr\u00e4tin Dorothee W\u00fcst die Wahl zur Kirche des Jahres bezeichnet. &#8222;Das ist die Frucht Ihrer unerm\u00fcdlichen Fundraising-Aktivit\u00e4ten&#8220;, schreibt Schad in einem Gl\u00fcckwunschschreiben. Die Kirchengemeinde B\u00f6ckweiler, ihr Presbyterium und die Pfarrerin seien mit ihrem Engagement &#8222;in Ihrer Region und dar\u00fcber hinaus ein leuchtendes Vorbild f\u00fcr den Erhalt eines denkmalgesch\u00fctzten Geb\u00e4udes.&#8220;<\/p>\n\n\n\n<p>Die Urspr\u00fcnge der Stephanuskirche in B\u00f6ckweiler gehen auf das 11. Jahrhundert zur\u00fcck. Urkundlich erw\u00e4hnt wird das Gotteshaus erstmals im Jahr 1149 als Priorat des Klosters Hornbach. In dieser Zeit entstand auch der Chorturm, der sich auf vier Pfeilern erhebt, an denen sich die drei Konchen wie Kleebl\u00e4tter an drei Seiten anlehnen. Diese Konchen sind beinahe einzigartig in der deutschen Kunst- und Kulturgeschichte. Die Stiftung KiBa hat die Sanierung der Stephanuskirche im vergangenen Jahr mit 10.000 Euro gef\u00f6rdert.<\/p>\n\n\n\n<p>&#8222;Ich freue mich sehr, dass diese kleine Kirche im Saarland so viele Menschen begeistern konnte&#8220;, sagte die Regionalbeauftragte der Stiftung KiBa, Constanze von Leuckart, bei der \u00dcbergabe der Siegerurkunde. &#8222;Dass so viele Menschen bei diesem Wettbewerb, bei dem es keine Preise zu gewinnen gab, abgestimmt haben, zeugt von einer hohen Identifikation der jeweiligen Kirche.&#8220;<\/p>\n\n\n\n<h4 class=\"wp-block-heading\">Hintergrund:<\/h4>\n\n\n\n<p>Die Stiftung zur Bewahrung kirchlicher Baudenkm\u00e4ler in Deutschland (Stiftung KiBa) ist eine Stiftung der EKD und der evangelischen Landeskirchen. Seit 1999 hat sie Sanierungsvorhaben in H\u00f6he von 33,9 Millionen Euro unterst\u00fctzen k\u00f6nnen. F\u00fcr dieses Jahr hat die KiBa F\u00f6rderzusagen \u00fcber rund 1,6 Millionen Euro vorgesehen. Mehr als 3.600 Mitglieder engagieren sich bundesweit im &#8222;F\u00f6rderverein der Stiftung KiBa e. V.&#8220; Weitere Informationen unter <a rel=\"noreferrer noopener\" href=\"https:\/\/deref-web-02.de\/mail\/client\/QswJHaHls1I\/dereferrer\/?redirectUrl=http%3A%2F%2Fwww.stiftung-kiba.de\" target=\"_blank\">www.stiftung-kiba.de<\/a>&lt;<a rel=\"noreferrer noopener\" href=\"https:\/\/deref-web-02.de\/mail\/client\/32wmq67qO0k\/dereferrer\/?redirectUrl=https%3A%2F%2Fnewsletter.ekd.de%2Fr%2FTzulcfk21388ms4046.html\" target=\"_blank\">https:\/\/newsletter.ekd.de\/r\/Tzulcfk21388ms4046.html<\/a>><\/p>\n\n\n\n<p><em>18.05.2020<\/em><\/p>\n\n\n\n<h2 class=\"wp-block-heading\"><strong>\u201eGemeinsam vor Pfingsten\u201c<\/strong><\/h2>\n\n\n\n<h3 class=\"wp-block-heading\"><strong>Geistliches Zentrum Maria Rosenberg beteiligt sich an bundesweiter Gebetsinitiative am 28. Mai<\/strong><\/h3>\n\n\n\n<p>Am Donnerstag, den 28. Mai, beten Christen aus ganz Deutschland gemeinsam um das Kommen des Heiligen Geistes. F\u00fcr das Bistum Speyer beteiligt sich das Geistliche Zentrum Maria Rosenberg an der Gebetsinitiative \u201eGemeinsam vor Pfingsten\u201c. Alle Gl\u00e4ubigen sind eingeladen, sich dem gemeinsamen Gebet zwischen 19 und 20.30 Uhr anzuschlie\u00dfen.<\/p>\n\n\n\n<p>Als Leitfaden f\u00fcr das Gebet dient der Hymnus \u201eVeni Creator Spiritus\u201c aus dem 9. Jahrhundert. \u201eWir wollen besonders um die Einheit der Christen und um Ermutigung zum glaubhaften Zeugnis f\u00fcr Christus in der heutigen Welt beten\u201c, erkl\u00e4rt Domkapitular Franz Vogelgesang, der den Gebetsabend leiten wird. In das Gebet werden auch alle Menschen einbezogen, die in Folge der Coronakrise existenziell bedroht sind. \u201eWir beten um Liebe, Mitgef\u00fchl und tatkr\u00e4ftige Hilfsbereitschaft f\u00fcr alle, die am Rande stehen oder leiden, sowie um die Erf\u00fcllung der Kirche mit neuer Freude und einer ansteckenden Liebe\u201c, so Vogelgesang.<\/p>\n\n\n\n<p>In der Michaelskirche in Fulda findet das zentrale Gebetstreffen f\u00fcr Deutschland statt. Hier liegt der Heilige Winfrid Bonifatius (637-755 n.Chr.), der \u201eApostel der Deutschen\u201c, begraben. Der Abt Hrabanus Maurus schrieb hier den Hymnus \u201eVeni Creator Spiritus\u201c, das vielleicht weltweit bekannteste Gebet zum Heiligen Geist. Live aus Fulda und mit Zuschaltung von verschiedenen mitbetenden Orten entsteht ein Online-Gebetstreffen, das per Livestream, Bibel TV und Radio Horeb verfolgt werden kann. Zur gleichen Zeit finden Gebetstreffen in Kathedralen, Kirchen und Gemeinden an vielen anderen Orten statt. Wichtig ist den Initiatoren die \u00f6kumenische Breite. Katholische, orthodoxe, freikirchliche Christen, sowie jeder andere, der m\u00f6chte, ist herzlich eingeladen, mitzubeten.<\/p>\n\n\n\n<p><strong>Weitere Informationen:<\/strong><\/p>\n\n\n\n<figure class=\"wp-block-embed-wordpress wp-block-embed is-type-wp-embed is-provider-gemeinsam-vor-pfingsten\"><div class=\"wp-block-embed__wrapper\">\n<blockquote class=\"wp-embedded-content\" data-secret=\"0naKuqOly6\"><a href=\"https:\/\/gemeinsamvorpfingsten.org\/\">Homepage<\/a><\/blockquote><iframe title=\"&#8222;Homepage&#8220; &#8212; Gemeinsam vor Pfingsten\" class=\"wp-embedded-content\" sandbox=\"allow-scripts\" security=\"restricted\" style=\"position: absolute; clip: rect(1px, 1px, 1px, 1px);\" src=\"https:\/\/gemeinsamvorpfingsten.org\/embed\/#?secret=0naKuqOly6\" data-secret=\"0naKuqOly6\" width=\"500\" height=\"282\" frameborder=\"0\" marginwidth=\"0\" marginheight=\"0\" scrolling=\"no\"><\/iframe>\n<\/div><\/figure>\n\n\n\n<p><em>Bistum Speyer<br>18.05.2020<\/em><\/p>\n\n\n\n<h2 class=\"wp-block-heading\"><strong>Gottesdienste im Dom miterleben<\/strong><\/h2>\n\n\n\n<h3 class=\"wp-block-heading\"><strong>Vor Ort oder via Live Stream kann mitgefeiert werden \u2013 Dommusik gestaltet Gottesdienste mit kleinen Ensembles<\/strong><\/h3>\n\n\n\n<div class=\"wp-block-image\"><figure class=\"aligncenter\"><img decoding=\"async\" loading=\"lazy\" width=\"800\" height=\"588\" src=\"https:\/\/speyer24news.com\/wp-content\/uploads\/2020\/05\/Dom-Gottesdienst-109.jpg\" alt=\"\" class=\"wp-image-27150\" srcset=\"https:\/\/speyer24news.com\/wp-content\/uploads\/2020\/05\/Dom-Gottesdienst-109.jpg 800w, https:\/\/speyer24news.com\/wp-content\/uploads\/2020\/05\/Dom-Gottesdienst-109-300x221.jpg 300w, https:\/\/speyer24news.com\/wp-content\/uploads\/2020\/05\/Dom-Gottesdienst-109-768x564.jpg 768w, https:\/\/speyer24news.com\/wp-content\/uploads\/2020\/05\/Dom-Gottesdienst-109-80x60.jpg 80w\" sizes=\"(max-width: 800px) 100vw, 800px\" \/><figcaption>Kapitelsamt mit Domdekan Dr. Christoph Kohl im Speyerer Dom am 3. Mai 2020<\/figcaption><\/figure><\/div>\n\n\n\n<p><strong>Speyer &#8211; <\/strong>Im Dom wird wieder t\u00e4glich die Messe gefeiert, wenn auch unter besonderen Bedingungen. An H\u00e4ndedesinfektion und Mundschutz w\u00e4hrend der Gottesdienste sowie gro\u00dfe Abst\u00e4nde zum Banknachbarn muss man sich erst noch gew\u00f6hnen. Rund 92 Menschen k\u00f6nnen im Dom mit dabei sein, zudem wird das Kapitelsamt sonntags um 10 Uhr bis Pfingsten live via Facebook und Youtube \u00fcbertragen. Die Dommusik gestaltet momentan das Kapitels- oder Pontifikalamt an Sonn- und Feiertagen um 10 Uhr sowie die Abendmesse ebenfalls an Sonn- und Feiertagen um 18 Uhr mit kleinen Ensembles mit. Weitere Gottesdienste finden montags bis freitags um 7 Uhr, samstags um 7:30 Uhr statt. Alle Gottesdienste werden im Hauptschiff gefeiert.<\/p>\n\n\n\n<p>In den kommenden Wochen stehen auch eine Reihe besonderer Gottesdienstfeiern an: Das Kapitelsamt an Christi Himmelfahrt wird am 21. Mai um 10 Uhr gefeiert. Am Pfingstsonntag, 31. Mai, wird Bischof Wiesemann ein Pontifikalamt im Dom feiern, am Pfingstmontag, 1. Juni wird Weihbischof Georgens um 10 Uhr das Kapitelsamt \u00fcbernehmen. <\/p>\n\n\n\n<p>\u201eAuch wenn die Schutzma\u00dfnahmen die Mitfeier nur in ver\u00e4nderter Form zulassen, so haben wir auf unseren ersten Gottesdienst mit Gemeinde durchweg positive Reaktionen bekommen\u201c, sagt Domdekan Dr. Christoph Kohl. \u201eDen Menschen ist das Feiern in Gemeinschaft einfach wichtig, und diese Gemeinschaft erleben sie auch mit Maske und gezwinkertem Friedensgru\u00df.\u201c Domkapellmeister Markus Melchiori und Domkantor Joachim Weller haben schnell auf die ge\u00e4nderten Umst\u00e4nde reagiert und kleine Ensembles zusammengestellt. \u201eDie musikalische Gestaltung bekommt nun, da Gemeindegesang nur verk\u00fcrzt und verhalten m\u00f6glich ist, einen besonderen Stellenwert. Unsere S\u00e4nger und Musiker freuen sich \u00fcber die M\u00f6glichkeit, miteinander und f\u00fcr die Gemeinde zu musizieren\u201c, sagt Domkapellmeister Markus Melchiori.<\/p>\n\n\n\n<div class=\"wp-block-image\"><figure class=\"aligncenter\"><img decoding=\"async\" loading=\"lazy\" width=\"800\" height=\"567\" src=\"https:\/\/speyer24news.com\/wp-content\/uploads\/2020\/05\/Dom-Gottesdienst-145.jpg\" alt=\"\" class=\"wp-image-27151\" srcset=\"https:\/\/speyer24news.com\/wp-content\/uploads\/2020\/05\/Dom-Gottesdienst-145.jpg 800w, https:\/\/speyer24news.com\/wp-content\/uploads\/2020\/05\/Dom-Gottesdienst-145-300x213.jpg 300w, https:\/\/speyer24news.com\/wp-content\/uploads\/2020\/05\/Dom-Gottesdienst-145-768x544.jpg 768w\" sizes=\"(max-width: 800px) 100vw, 800px\" \/><figcaption>Kapitelsamt mit Domdekan Dr. Christoph Kohl im Speyerer Dom am 3. Mai 2020<\/figcaption><\/figure><\/div>\n\n\n\n<p>Die Zahl der zugelassenen Gottesdienstteilnehmer ist aufgrund der Abstandsregelung begrenzt. Im Dom k\u00f6nnen 92 Menschen so platziert werden, dass der vorgeschriebene Abstand eingehalten wird. Wer am Sonntagsgottesdienst teilnehmen m\u00f6chte, kann sich im Pfarrb\u00fcro telefonisch (06232-102140) oder per E-Mail\u00a0<a href=\"pfarramt.speyer@bistum-speyer.de\">pfarramt.speyer@bistum-speyer.de<\/a>\u00a0anmelden. Eine Anmeldung ist immer ab Montag f\u00fcr die Gottesdienste derselben Woche m\u00f6glich und muss mit Name, Adresse, Telefonnummer und Email-Adresse erfasst werden, um im Falle einer Ansteckung m\u00f6gliche Infektionsketten nachverfolgen zu k\u00f6nnen. <\/p>\n\n\n\n<p>Die Sicherheitsma\u00dfnahmen bringen noch weitere Beschr\u00e4nkungen mit sich. Dazu z\u00e4hlen beispielsweise Einbahnstra\u00dfenregelungen beim Kommen und Gehen, Bodenmarkierungen am Eingang und am Ausgang und eine Markierung der Sitzpl\u00e4tze in den B\u00e4nken. Wie im Sicherheitskonzept beschlossen, werden zudem Ansprechpartner vor Ort sein, welche bei der Einhaltung der Sicherheitsregelungen unterst\u00fctzen. Der Eingang zu allen Gottesdiensten geschieht ausschlie\u00dflich \u00fcber das Hauptportal. Die beh\u00f6rdlich verordneten Hygieneschutzregeln gelten auch im Rahmen der Messfeier: ein mitgebrachter Mundschutz, Handdesinfektion und 1,5 Metern Abstand zueinander sind verpflichtend.<\/p>\n\n\n\n<h3 class=\"wp-block-heading\"><strong>Termin\u00fcbersicht:<\/strong><\/h3>\n\n\n\n<p><strong>Donnerstag, 21. Mai 2020 | Christi Himmelfahrt<\/strong><br><strong>10:00 Uhr \u2013 Kapitelsamt<\/strong><em><br>Capella Spirensis<\/em><br>Hans Leo Hassler: Missa Ecce quam bonum<br>Jacobus Gallus: Ascendens Christus in altum<\/p>\n\n\n\n<p><strong>18:00 Uhr \u2013 Abendmesse<\/strong><em><br>Frauenschola des Domchores<\/em><br>Johann Eberlin: Messa di San Giuseppe<br>Heinz Martin Lonquich: Danklied des geretteten Volkes<\/p>\n\n\n\n<p><strong>Sonntag, 24. Mai 2020 | Siebter Sonntag der Osterzeit<\/strong><br><strong>10:00 Uhr \u2013 Kapitelsamt<\/strong><em><br>M\u00e4nnerstimmen der Domsingknaben<\/em><br>Richard R. Terry: Mass in C<br>Deutsche Antwort- und Wechselges\u00e4nge aus dem Gotteslob<\/p>\n\n\n\n<p><strong>18:00 Uhr \u2013 Abendmesse<\/strong><em><br>M\u00e4nnerstimmen der Domsingknaben<\/em><br>Richard R. Terry: Mass in C<br>Deutsche Antwort- und Wechselges\u00e4nge aus dem Gotteslob<br><br><strong>Pfingstsonntag, 31. <\/strong><strong>Mai 2020<\/strong><br><strong>10:00 Uhr \u2013 Pontifikalamt<\/strong><em><br>Capella Spirensis<\/em><br>Giovanni P. da Palestrina: Missa Papae Marcelli<br>Confirma hoc Deus<br>Gregorianik: Introitus \u201eSpiritus Domini\u201c<br>Sequenz \u201eVeni sancte spiritus\u201c<\/p>\n\n\n\n<p><strong>18:00 Uhr \u2013 Abendmesse<\/strong><em><br>Vox Puellarum<\/em><br>Gregorianik: Introitus \u201eSpiritus Domini\u201c<br>&nbsp;Sequenz \u201eVeni sancte spiritus\u201c<br>&nbsp;Communio \u201eFactus est repente\u201c<br>&nbsp;Missa VIII de angelis<\/p>\n\n\n\n<p><strong>Pfingstmontag, 1. Juni 2020<br>10:00 Uhr \u2013 Pontifikalamt<\/strong><em><br>Schola des M\u00e4dchenchores<\/em><br>Malcolm Archer: Kyrie und Agnus Dei aus Christchurch Mass<br>Jean Paul L\u00e9cot: Sanctus aus Messe du Jubil\u00e9<br>Joseph Gabriel Rheinberger: Agnus Dei aus Missa puerorum<br>Barbara Weber: Ich will dich r\u00fchmen, mein Gott und K\u00f6nig<br>Deutsche Wechselges\u00e4nge aus dem Gotteslob<\/p>\n\n\n\n<p><strong>18:00 Uhr \u2013 Abendmesse<\/strong><em><br>Schola des M\u00e4dchenchores<\/em><br>Malcolm Archer: Kyrie und Agnus Dei aus Christchurch Mass<br>Jean Paul L\u00e9cot: Sanctus aus Messe du Jubil\u00e9<br>Joseph Gabriel Rheinberger: Agnus Dei aus Missa puerorum<br>Barbara Weber: Ich will dich r\u00fchmen, mein Gott und K\u00f6nig<br>Deutsche Wechselges\u00e4nge aus dem Gotteslob<\/p>\n\n\n\n<p><em>Text: Bistum Speyer Foto: \u00a9 Domkapitel\/Klaus Landry<br>18.05.2020<\/em><\/p>\n\n\n\n<h2 class=\"wp-block-heading\">\u201eDie Sch\u00f6ne Seele der streitbaren Kirche\u201c<\/h2>\n\n\n\n<h3 class=\"wp-block-heading\">Monografie \u00fcber den bedeutenden Speyerer Domkapitular Wilhelm Molitor erschienen<\/h3>\n\n\n\n<div class=\"wp-block-image\"><figure class=\"aligncenter\"><img decoding=\"async\" loading=\"lazy\" width=\"500\" height=\"724\" src=\"https:\/\/speyer24news.com\/wp-content\/uploads\/2020\/05\/CoverMolitor.jpg\" alt=\"\" class=\"wp-image-27149\" srcset=\"https:\/\/speyer24news.com\/wp-content\/uploads\/2020\/05\/CoverMolitor.jpg 500w, https:\/\/speyer24news.com\/wp-content\/uploads\/2020\/05\/CoverMolitor-207x300.jpg 207w\" sizes=\"(max-width: 500px) 100vw, 500px\" \/><\/figure><\/div>\n\n\n\n<p><strong>Speyer &#8211; <\/strong>Wilhelm Molitor (1819-1880) war zu seiner Zeit einer der prominentesten Repr\u00e4sentanten der katholischen Kirche im Bistum Speyer. Als Jurist, Theologe, Dichter und Schriftsteller in der Pfalz und weit dar\u00fcber hinaus bekannt, geriet der Domkapitular nach seinem Tod nach und nach zu Unrecht fast in Vergessenheit. Heute verbindet sich mit seinem Namen meist nur noch das Marienlied \u201eO K\u00f6nigin voll Herrlichkeit\u201c.<\/p>\n\n\n\n<p>Eine jetzt in der Schriftenreihe des Bistumsarchivs Speyer erschienene Monografie versteht sich als l\u00e4ngst \u00fcberf\u00e4llige Wiedervergegenw\u00e4rtigung Molitors. Dr. Bernard Adamy w\u00fcrdigt Person und Werk erstmals umfassend in zeitgeschichtlichem Kontext. Der Verfasser, der als Historiker und Germanist durch Aufs\u00e4tze und als Herausgeber der erweiterten Neuauflage der \u201eDomlieder&#8220; (2017) wiederholt auf Molitor hingewiesen hat, fasst auf \u00fcber 500 Seiten langj\u00e4hrige Studien anschaulich zusammen. Er zeigt, wie Molitors k\u00e4mpferischer, zugleich schw\u00e4rmerischer Enthusiasmus f\u00fcr das katholische Christentum ihn unabl\u00e4ssig in Atem hielt und wie er die erstaunliche Vielseitigkeit Molitors als Geistlicher und K\u00fcnstler pr\u00e4gte. Er formte ein Leben, das bestimmt war von H\u00f6henfl\u00fcgen und Erfolgen, aber auch von Spannungen und Auseinandersetzungen, von Entt\u00e4uschungen und Vergeblichkeit.<\/p>\n\n\n\n<p>Die verst\u00e4ndnisvoll kritische Darstellung, die sich vielfach auf unver\u00f6ffentlichte Textquellen st\u00fctzt, zeigt Molitor als markante Figur des katholischen Konservativismus im 19. Jahrhundert. Sie beleuchtet seinen priesterlichen Einsatz f\u00fcr die Di\u00f6zese, seine entschieden ultramontane Position im sogenannten Kulturkampf, seine Beziehung zum Kreis um Johann Heinrich Friedrich Schlosser und seiner Frau Sophie auf Stift Neuburg, seine Rom-Reisen und seine Mitwirkung als Consultor beim Ersten Vatikanischen Konzil. Schlie\u00dflich stellt sie ihn auch als umstrittenen Bischofskandidaten f\u00fcr Speyer und als gl\u00fcckloses Mitglied des bayerischen Landtags vor. Eine eigene Untersuchung umrei\u00dft die Vielfalt und Eigenart des in G\u00e4nze versunkenen literarischen Schaffens.<\/p>\n\n\n\n<p>Das Buch, ein Essay in 27 Kapiteln, bietet neben zahlreichen Abbildungen einen Anhang mit dem nun endlich vollst\u00e4ndigen Verzeichnis der \u201eWerke von Wilhelm Molitor\u201c, einem Verzeichnis \u00fcber Schrifttum \u00fcber den Speyerer Domkapitular, einem Literatur- und Namenverzeichnis und einem Abschnitt \u00fcber \u201eDesiderata\u201c.<\/p>\n\n\n\n<p><strong>Buchtipp: Bernhard Adamy, Wilhelm Molitor oder die Sch\u00f6ne Seele der streitbaren Kirche<\/strong><br>(Schriften des Di\u00f6zesan-Archivs Speyer, Band 54), Pilger-Verlag Speyer, ISBN 978-3-946777-13-7, 34,90 Euro. Erh\u00e4ltlich im Buchhandel oder beim Pilgerverlag, Hasenpfuhlstra\u00dfe 33, 67346 Speyer, Telefon 0 62 32\/3 18 30, E-Mail: <a href=\"info@pilger-speyer.de\">info@pilger-speyer.de<\/a>.<\/p>\n\n\n\n<p><em>Bistum Speyer<br>18.05.2020<\/em><\/p>\n\n\n\n<h2 class=\"wp-block-heading\">&#8222;Lebenszeichen&#8220; &#8211; Impulse f\u00fcr Trauernde<\/h2>\n\n\n\n<h3 class=\"wp-block-heading\">Hospiz- und Trauerseelsorge im Bistum Speyer startet neues Angebot<\/h3>\n\n\n\n<div class=\"wp-block-image\"><figure class=\"aligncenter\"><img decoding=\"async\" loading=\"lazy\" width=\"600\" height=\"389\" src=\"https:\/\/speyer24news.com\/wp-content\/uploads\/2020\/05\/Lebenszeichen-Grafik.png\" alt=\"\" class=\"wp-image-27148\" srcset=\"https:\/\/speyer24news.com\/wp-content\/uploads\/2020\/05\/Lebenszeichen-Grafik.png 600w, https:\/\/speyer24news.com\/wp-content\/uploads\/2020\/05\/Lebenszeichen-Grafik-300x195.png 300w\" sizes=\"(max-width: 600px) 100vw, 600px\" \/><\/figure><\/div>\n\n\n\n<p><strong>Speyer &#8211; <\/strong>Trauercaf\u00e9s haben geschlossen und Veranstaltungen f\u00fcr trauernde Menschen fallen in diesen Pandemiezeiten aus. Deshalb m\u00f6chte die Hospiz- und Trauerseelsorge im Bistum Speyer Trauernde mit einem neuen Angebot unterst\u00fctzen. <\/p>\n\n\n\n<p>Ab Mitte Mai startet die Aktion &#8222;Lebenszeichen&#8220; &#8211; Impulse f\u00fcr Trauernde. Immer montags, mittwochs und freitags erscheint ein Impuls auf der Homepage der Hospiz- und Trauerseelsorge www.lebenszeichen.bistum-speyer.de. Wer m\u00f6chte, kann die Impulse auch einmal die Woche \u00fcber den Postweg bekommen. <\/p>\n\n\n\n<p>\u201eWir m\u00f6chten mit der neuen Aktion \u201eLebenszeichen\u201c trauernden Menschen in dieser schweren Zeit ein kleines Zeichen des Lebens schenken. Die Impulse sollen helfen, der Trauer im eigenen Leben einen Raum zu geben, diese wahrzunehmen und auszudr\u00fccken\u201c, erkl\u00e4rt Kerstin Fleischer, Referentin f\u00fcr Hospiz- und Trauerseelsorge im Bistum Speyer. \u201eManchmal hilft es, die eigenen Gedanken aufzuschreiben\u201c, beschreibt sie ihre Erfahrung und gibt die Anregung, in einem kleinen Buch oder Heft die eigenen Gedanken zu den Impulsen festzuhalten und so ein pers\u00f6nliches \u201eLebenszeichen\u201c- Buch zu schreiben.<\/p>\n\n\n\n<p>Dar\u00fcber hinaus bietet die Hospiz- und Trauerseelsorge weiterhin auch eine telefonische Trauerbegleitung an. <\/p>\n\n\n\n<p><strong>Kontakt:<\/strong><br>Hospiz- und Trauerseelsorge im Bistum Speyer <br>Tel. 06232-102 479 <br>E-Mail: <a href=\"hospiz-trauerseelsorge@bistum-speyer.de\">hospiz-trauerseelsorge@bistum-speyer.de<\/a><\/p>\n\n\n\n<p><\/p>\n\n\n\n<h2 class=\"wp-block-heading\"><strong>Lebensgrundlagen der Menschen zu sch\u00fctzen<\/strong><\/h2>\n\n\n\n<h3 class=\"wp-block-heading\"><strong>Pf\u00e4lzische Landeskirche und Bistum Speyer: In Coronakrise nicht die Umweltfragen vergessen<\/strong><\/h3>\n\n\n\n<p><strong>Speyer <em>(lk\/is)<\/em> &#8211;<\/strong> Im Kampf gegen das Corona-Virus und beim Schutz der Gesundheit des Einzelnen darf die globale Klimazerst\u00f6rung und die angegriffene Gesundheit des Planeten Erde nicht vergessen werden. Das haben Oberkirchenr\u00e4tin Dorothee W\u00fcst und Domkapitular Franz Vogelgesang in einem Brief an pf\u00e4lzische und saarpf\u00e4lzische Abgeordnete in den Europa-, Bundes- und L\u00e4nderparlamenten erkl\u00e4rt. Die Politik habe in der Corona-Krise gezeigt, dass sie handlungsf\u00e4hig sei und ein beispielloses Ma\u00dfnahmenpaket beschlossen, damit die gesundheitliche keine gravierende soziale Krise werde. Nun gelte es im Blick auf die Klimakrise ebenso entschieden die Lebensgrundlagen der Menschen zu sch\u00fctzen.<\/p>\n\n\n\n<p>Um der schleichenden Zerst\u00f6rung dieser Grundlagen entgegenzutreten, die sich zum Beispiel in der Klimaerhitzung, der Zerst\u00f6rung von Lebensr\u00e4umen oder im Aussterben von Arten zeige, bed\u00fcrfe es nicht eines maximalen individuellen Gewinns, eines scharfen Wettbewerbs und oberfl\u00e4chlicher Freiheit, sondern der Solidarit\u00e4t, die nicht an den Staats- und Kontinentalgrenzen enden k\u00f6nne, sagten die Kirchenvertreter. Die von den Regierungen und Parlamenten beschlossenen Wirtschaftshilfen und Konjunkturprogramme sollten daher \u00f6kologisch und sozial nachhaltig wirken und sich an den internationalen Umwelt- und Klimazielen orientieren.<\/p>\n\n\n\n<p>Die klare Ansage der Politik in der Corona-Krise, dass das Verhalten jedes Einzelnen z\u00e4hle, ist nach Auffassung von Oberkirchenr\u00e4tin Dorothee W\u00fcst und Domkapitular Franz Vogelgesang bei den Menschen angekommen. \u201eDiese Kommunikation ist auch in der Umweltkrise notwendig, um die Einzelnen in ihre Verantwortung zu nehmen\u201c, sagten beide. Die derzeitige Situation sei ermutigend f\u00fcr politisch Verantwortliche, \u201eweil sich eine f\u00fcr lebenswichtige Fragen offene und reife Gesellschaft zeigt.\u201c<\/p>\n\n\n\n<p><em>18.05.2020<\/em><\/p>\n","protected":false},"excerpt":{"rendered":"<div class=\"mh-excerpt\"><p>Online-Spendenportal er\u00f6ffnet Unterst\u00fctzung von kirchengemeindlichen und landeskirchenweiten Projekten m\u00f6glich Speyer (lk) &#8211; Mit Hilfe eines neuen Spendenportals auf der Website der Landeskirche kann ab sofort die Arbeit von Kirchengemeinden, Bau- und F\u00f6rdervereinen sowie diakonischen Tr\u00e4gern <a class=\"mh-excerpt-more\" href=\"https:\/\/speyer24news.com\/?p=27147\" title=\"Kirche\">[&#8230;]<\/a><\/p>\n<\/div>","protected":false},"author":3,"featured_media":0,"comment_status":"open","ping_status":"open","sticky":false,"template":"","format":"standard","meta":{"_monsterinsights_skip_tracking":false,"_monsterinsights_sitenote_active":false,"_monsterinsights_sitenote_note":"","_monsterinsights_sitenote_category":0,"footnotes":""},"categories":[120],"tags":[174,7010,408,2360,5132,7008,7009,7012,7007,121,7011,7005,6899,6,7006,3002,6059],"aioseo_notices":[],"amp_enabled":true,"_links":{"self":[{"href":"https:\/\/speyer24news.com\/index.php?rest_route=\/wp\/v2\/posts\/27147"}],"collection":[{"href":"https:\/\/speyer24news.com\/index.php?rest_route=\/wp\/v2\/posts"}],"about":[{"href":"https:\/\/speyer24news.com\/index.php?rest_route=\/wp\/v2\/types\/post"}],"author":[{"embeddable":true,"href":"https:\/\/speyer24news.com\/index.php?rest_route=\/wp\/v2\/users\/3"}],"replies":[{"embeddable":true,"href":"https:\/\/speyer24news.com\/index.php?rest_route=%2Fwp%2Fv2%2Fcomments&post=27147"}],"version-history":[{"count":1,"href":"https:\/\/speyer24news.com\/index.php?rest_route=\/wp\/v2\/posts\/27147\/revisions"}],"predecessor-version":[{"id":27152,"href":"https:\/\/speyer24news.com\/index.php?rest_route=\/wp\/v2\/posts\/27147\/revisions\/27152"}],"wp:attachment":[{"href":"https:\/\/speyer24news.com\/index.php?rest_route=%2Fwp%2Fv2%2Fmedia&parent=27147"}],"wp:term":[{"taxonomy":"category","embeddable":true,"href":"https:\/\/speyer24news.com\/index.php?rest_route=%2Fwp%2Fv2%2Fcategories&post=27147"},{"taxonomy":"post_tag","embeddable":true,"href":"https:\/\/speyer24news.com\/index.php?rest_route=%2Fwp%2Fv2%2Ftags&post=27147"}],"curies":[{"name":"wp","href":"https:\/\/api.w.org\/{rel}","templated":true}]}}