{"id":27168,"date":"2020-05-18T15:20:40","date_gmt":"2020-05-18T14:20:40","guid":{"rendered":"https:\/\/speyer24news.com\/?p=27168"},"modified":"2020-05-18T16:01:43","modified_gmt":"2020-05-18T15:01:43","slug":"speyer-26","status":"publish","type":"post","link":"https:\/\/speyer24news.com\/?p=27168","title":{"rendered":"Speyer"},"content":{"rendered":"<style type=\"text\/css\">\r\n\t.ads_top_disp{}\r\n\t.ads_top_corner_disp{ float:left; margin:0px 10px 10px 0px; }\r\n\t.ads_first_p_disp{}\r\n\t.ads_bottom_disp{}\r\n\t<\/style>\n<h2 class=\"wp-block-heading\">Coronafallzahlen aus Speyer<\/h2>\n\n\n\n<figure class=\"wp-block-image\"><img decoding=\"async\" loading=\"lazy\" width=\"800\" height=\"400\" src=\"https:\/\/speyer24news.com\/wp-content\/uploads\/2020\/02\/virus-1812092_1920.jpg\" alt=\"\" class=\"wp-image-25128\" srcset=\"https:\/\/speyer24news.com\/wp-content\/uploads\/2020\/02\/virus-1812092_1920.jpg 800w, https:\/\/speyer24news.com\/wp-content\/uploads\/2020\/02\/virus-1812092_1920-300x150.jpg 300w, https:\/\/speyer24news.com\/wp-content\/uploads\/2020\/02\/virus-1812092_1920-768x384.jpg 768w\" sizes=\"(max-width: 800px) 100vw, 800px\" \/><\/figure>\n\n\n\n<h3 class=\"wp-block-heading\">Montag, 18.05.2020<\/h3>\n\n\n\n<p><strong>Anzahl best\u00e4tigter F\u00e4lle von Coronavirus (SARS-CoV-2)-Infektionen in der Stadt Speyer: 84                 Keine Ver\u00e4nderung zu Freitag<br>Davon bereits genesen: 77     + 3 im Vergleich zu Freitag<br>Personen in Quarant\u00e4ne: 17  &#8211; 2 im Vergleich zu Freitag<\/strong><\/p>\n\n\n\n<p><em>Stand: 18.05.2020, 15:00 Uhr<\/em><\/p>\n\n\n\n<p><em>Text: Stadtverwaltung Speyer Foto: pixabay.com<\/em><br><em>18.05.2020<\/em><\/p>\n\n\n\n<h2 class=\"wp-block-heading\"><strong>Oberb\u00fcrgermeisterin Seiler begr\u00fc\u00dft geplanten \u201eKommunalen Solidarpakt 2020\u201c<\/strong><\/h2>\n\n\n\n<div class=\"wp-block-image\"><figure class=\"aligncenter\"><img decoding=\"async\" src=\"https:\/\/speyer24news.com\/wp-content\/uploads\/2020\/05\/Geld.jpg\" alt=\"\" class=\"wp-image-26990\"\/><\/figure><\/div>\n\n\n\n<p>Am Freitag, 15. Mai 2020 hat Bundesfinanzminister Olaf Scholz angek\u00fcndigt, den Kommunen in Deutschland mit einem 57 Milliarden schweren \u201eKommunalen Solidarpakt 2020\u201c unter die Arme greifen zu wollen.  Demgem\u00e4\u00df sollen Bund und L\u00e4nder die Altschulden der Kommunen vollumf\u00e4nglich \u00fcbernehmen und die wegbrechenden Gewerbesteuereinnahmen, eine der wichtigsten Einnahmequellen der St\u00e4dte und Gemeinden \u00fcberhaupt, durch finanzielle Hilfen ausgleichen.<\/p>\n\n\n\n<div class=\"wp-block-image\"><figure class=\"aligncenter\"><img decoding=\"async\" loading=\"lazy\" width=\"800\" height=\"600\" src=\"https:\/\/speyer24news.com\/wp-content\/uploads\/2020\/01\/IMG_20200110_193106-1.jpg\" alt=\"\" class=\"wp-image-24109\" srcset=\"https:\/\/speyer24news.com\/wp-content\/uploads\/2020\/01\/IMG_20200110_193106-1.jpg 800w, https:\/\/speyer24news.com\/wp-content\/uploads\/2020\/01\/IMG_20200110_193106-1-300x225.jpg 300w, https:\/\/speyer24news.com\/wp-content\/uploads\/2020\/01\/IMG_20200110_193106-1-768x576.jpg 768w, https:\/\/speyer24news.com\/wp-content\/uploads\/2020\/01\/IMG_20200110_193106-1-678x509.jpg 678w, https:\/\/speyer24news.com\/wp-content\/uploads\/2020\/01\/IMG_20200110_193106-1-326x245.jpg 326w, https:\/\/speyer24news.com\/wp-content\/uploads\/2020\/01\/IMG_20200110_193106-1-80x60.jpg 80w\" sizes=\"(max-width: 800px) 100vw, 800px\" \/><\/figure><\/div>\n\n\n\n<p>\u201eDie Kommunen k\u00e4mpfen bei der Eind\u00e4mmung der Corona-Pandemie an vorderster Front. Es ist wichtig, dass wir handlungs- und investitionsf\u00e4hig sind und bleiben, um angemessen und schnell&nbsp;auf neue Entwicklungen  reagieren zu k\u00f6nnen. Die Einschr\u00e4nkungen des \u00f6ffentlichen Lebens wirken sich nicht nur direkt auf die Wirtschaft und die Unternehmer*innen&nbsp;aus, sondern, durch einbrechende Gewerbesteuereinnahmen,&nbsp;auch  auf die Kommunen\u201c, erkl\u00e4rt Oberb\u00fcrgermeisterin Stefanie Seiler, die schon fr\u00fch finanzielle Hilfen von Bund und Land f\u00fcr die Kommunen gefordert hatte. \u201eWir werden in den kommenden Wochen und Monaten unseren Haushaltsplan 2021 aufstellen. Daf\u00fcr brauchen wir  Planungssicherheit und m\u00fcssen wissen, wie wir auf die zu erwartenden steuerlichen Einbu\u00dfen reagieren k\u00f6nnen. Gerade in einer Ausnahmesituation wie dieser w\u00e4re es Wahnsinn, die sogenannten freiwilligen Leistungen, die ma\u00dfgeblich die Lebensqualit\u00e4t in unserer  Stadt steigern, dem kommunalen Sparzwang opfern zu m\u00fcssen. Ich begr\u00fc\u00dfe daher die Pl\u00e4ne von Bundesfinanzminister Olaf Scholz, die St\u00e4dte und Gemeinden nachhaltig zu entlasten und so daf\u00fcr zu sorgen, dass wir langfristig in der Lage sein werden, unsere Ausgaben  und Leistungen konstant zu halten. Das ist die Solidarit\u00e4t, die wir zum Wohle der B\u00fcrgerinnen und B\u00fcrger nun brauchen\u201c, so die Stadtchefin weiter.<\/p>\n\n\n\n<p> Nach Informationen des Deutschen St\u00e4dtetags ist ein Kabinettsbeschluss noch vor der Sommerpause 2020 angestrebt. Die finale Beratung und Entscheidung \u00fcber den \u201eKommunalen Solidarpakt\u201c k\u00f6nnte dann bereits im  November 2020 erfolgen.<\/p>\n\n\n\n<p><em>Text: Stadtverwaltung Speyer Foto: Speyer 24\/7 News, dak<\/em><br><em>18.05.2020<\/em><\/p>\n\n\n\n<h2 class=\"wp-block-heading\"><strong>Quartiersb\u00fcros \u00f6ffnen f\u00fcr den Publikumsverkehr<\/strong><\/h2>\n\n\n\n<div class=\"wp-block-image\"><figure class=\"aligncenter\"><img decoding=\"async\" loading=\"lazy\" width=\"800\" height=\"600\" src=\"https:\/\/speyer24news.com\/wp-content\/uploads\/2020\/05\/DSC07489.jpg\" alt=\"\" class=\"wp-image-27169\" srcset=\"https:\/\/speyer24news.com\/wp-content\/uploads\/2020\/05\/DSC07489.jpg 800w, https:\/\/speyer24news.com\/wp-content\/uploads\/2020\/05\/DSC07489-300x225.jpg 300w, https:\/\/speyer24news.com\/wp-content\/uploads\/2020\/05\/DSC07489-768x576.jpg 768w, https:\/\/speyer24news.com\/wp-content\/uploads\/2020\/05\/DSC07489-678x509.jpg 678w, https:\/\/speyer24news.com\/wp-content\/uploads\/2020\/05\/DSC07489-326x245.jpg 326w, https:\/\/speyer24news.com\/wp-content\/uploads\/2020\/05\/DSC07489-80x60.jpg 80w\" sizes=\"(max-width: 800px) 100vw, 800px\" \/><\/figure><\/div>\n\n\n\n<p>Die Stadt Speyer informiert, dass die beiden Quartiersb\u00fcros in den Gebieten der Sozialen Stadt Speyer S\u00fcd und West ab dem morgigen Dienstag,\n 19. Mai 2020 wieder zu den gewohnten Zeiten und mit reduziertem Angebot f\u00fcr den Publikumsverkehr \u00f6ffnen. Veranstaltungen oder Zusammenk\u00fcnfte mehrerer Personen (z.B. der Caf\u00e9-Betrieb, Vorlesestunden oder Ged\u00e4chtnistraining) k\u00f6nnen aufgrund der weiterhin geltenden\n Kontaktbeschr\u00e4nkungen aktuell nicht stattfinden. Sprechstunden sind mit maximal zwei B\u00fcrger*innen gleichzeitig unter Einhaltung der Abstandsregeln m\u00f6glich. Besucher*innen sind verpflichtet, eine Mund-Nasen-Bedeckung zu tragen. Zur besseren Planbarkeit des\n Publikumsverkehrs wird um vorherige Terminvereinbarung gebeten. <\/p>\n\n\n\n<p>Das Quartiersb\u00fcro in Speyer S\u00fcd ist dienstags von 8:30 bis 11:30 Uhr und donnerstags von 14:30 bis 17:30 Uhr ge\u00f6ffnet. Das Quartiersb\u00fcro  in Speyer West ist an Dienstagen von 16 bis 18 Uhr und an Freitagen von 9 bis 12 Uhr f\u00fcr die Besucher*innen ge\u00f6ffnet. <\/p>\n\n\n\n<p><em>Text: Stadtverwaltung Speyer Foto: Speyer 24\/7 News, dak<br>18.05.2020<\/em><\/p>\n\n\n\n<h2 class=\"wp-block-heading\"><strong>Sporthallen zun\u00e4chst bis 10. Juli f\u00fcr Vereinssport geschlossen<\/strong><\/h2>\n\n\n\n<figure class=\"wp-block-image\"><img decoding=\"async\" src=\"https:\/\/speyer24news.com\/wp-content\/uploads\/2020\/01\/Closed.jpg\" alt=\"\" class=\"wp-image-24022\"\/><\/figure>\n\n\n\n<p>Aufgrund der coronabedingten Einschr\u00e4nkungen kann der Schulbetrieb zurzeit nur in modifizierter Weise stattfinden. Um die geltenden\n Abstands- und Hygienerichtlinien einhalten zu k\u00f6nnen, ben\u00f6tigen die Speyerer Schulen eine h\u00f6here Anzahl an Klassens\u00e4len, als vorhanden. Sie nutzen daher ihre Sporthallen zu Unterrichts- und Pr\u00fcfungszwecken. Diese Problematik wird sich in den kommenden Wochen\n zunehmend versch\u00e4rfen, wenn sukzessive weitere Klassen- und Jahrgangsstufen in den Pr\u00e4senzunterricht zur\u00fcckkehren. Aus diesem Grund hat der Stadtvorstand beschlossen, die Sporthallen bis mindestens 10. Juli 2020 f\u00fcr Vereinssport geschlossen zu halten. Danach\n muss die Situation neu bewertet werden. Auch wenn Sporthallen vereinzelt nicht sofort von den Schulen genutzt werden, werden diese freien Hallen als Ausweichreserve vorgehalten, um auch kurzfristig auf Engp\u00e4sse reagieren zu k\u00f6nnen.\n<\/p>\n\n\n\n<p>B\u00fcrgermeisterin und Schuldezernentin Monika Kabs wirbt um Verst\u00e4ndnis bei allen betroffenen Sportler*innen, wohlwissend dass sie diese\n Entscheidung schwer trifft. \u201eAls Schultr\u00e4gerin ist die Stadt Speyer verpflichtet, den Sch\u00fclerinnen und Sch\u00fclern auch in dieser au\u00dfergew\u00f6hnlichen Krisensituation einen sicheren Schulbesuch zu erm\u00f6glichen. Um dies zu gew\u00e4hrleisten, ist die getroffene Entscheidung\n leider notwendig\u201c, so Kabs.<\/p>\n\n\n\n<p>Die Stadtverwaltung wird zu gegebener Zeit \u00fcber das weitere Vorgehen informieren. <\/p>\n\n\n\n<p><em>Text: Stadtverwaltung Speyer Foto:pixabay.com<\/em><br><em>18.05.2020<\/em><\/p>\n\n\n\n<h2 class=\"wp-block-heading\"><strong>B\u00fcrgerb\u00fcros wegen Softwareumstellung geschlossen<\/strong><\/h2>\n\n\n\n<div class=\"wp-block-image\"><figure class=\"aligncenter\"><img decoding=\"async\" src=\"https:\/\/speyer24news.com\/wp-content\/uploads\/2020\/03\/Closed.jpg\" alt=\"\" class=\"wp-image-25894\"\/><\/figure><\/div>\n\n\n\n<p>Aufgrund einer landesweiten Umstellung auf eine einheitliche Softwarel\u00f6sung aller Melde-, Pass und Personalausweisbeh\u00f6rden bleibt das B\u00fcrgerb\u00fcro Maximilianstra\u00dfe\n von Mittwoch, 27. Mai 2020 bis einschlie\u00dflich Dienstag, 2. Juni 2020 geschlossen. Das B\u00fcrgerb\u00fcro Industriestra\u00dfe hat indes nur am Dienstag, 2. Juni 2020 komplett geschlossen. Allerdings k\u00f6nnen dort in der Zeit vom 27. bis 29. Mai 2020 aufgrund der Softwareumstellung\n ausschlie\u00dflich KfZ-Angelegenheiten bearbeitet werden. <\/p>\n\n\n\n<p>Ab Mittwoch, 3. Juni 2020, stehen beide B\u00fcrgerb\u00fcros wieder zu den gewohnten \u00d6ffnungszeiten und mit allen Services zur Verf\u00fcgung. In den ersten Tagen nach  einer Softwareumstellung ist erfahrungsgem\u00e4\u00df mit etwas l\u00e4ngeren Bearbeitungs- und Wartezeiten zu rechnen. Hierf\u00fcr bittet die Stadtverwaltung um Verst\u00e4ndnis.<\/p>\n\n\n\n<p><em>Text: Stadtverwaltung Speyer Foto:pixabay.com<\/em><br><em>18.05.2020<\/em><\/p>\n\n\n\n<h1 class=\"wp-block-heading\" style=\"text-align:center\">Verkehrsnotizen<\/h1>\n\n\n\n<div class=\"wp-block-image\"><figure class=\"aligncenter\"><img decoding=\"async\" loading=\"lazy\" width=\"800\" height=\"565\" src=\"https:\/\/speyer24news.com\/wp-content\/uploads\/2020\/01\/Baustelle-2.jpg\" alt=\"\" class=\"wp-image-23900\" srcset=\"https:\/\/speyer24news.com\/wp-content\/uploads\/2020\/01\/Baustelle-2.jpg 800w, https:\/\/speyer24news.com\/wp-content\/uploads\/2020\/01\/Baustelle-2-300x212.jpg 300w, https:\/\/speyer24news.com\/wp-content\/uploads\/2020\/01\/Baustelle-2-768x542.jpg 768w\" sizes=\"(max-width: 800px) 100vw, 800px\" \/><\/figure><\/div>\n\n\n\n<h2 class=\"wp-block-heading\"><strong>Lauergasse gesperrt<\/strong><\/h2>\n\n\n\n<p>Aufgrund von Kanalarbeiten wird die Lauergasse auf H\u00f6he der Lauerbachgasse <strong>ab dem 25.05. bis voraussichtlich 05.06.2020<\/strong> f\u00fcr den Individualverkehr  gesperrt. Die Lauergasse wird beidseitig als Sackgasse ausgewiesen und die Einbahnregelung aufgehoben.<\/p>\n\n\n\n<p>F\u00fcr R\u00fcckfragen steht die Stra\u00dfenverkehrsbeh\u00f6rde unter den Telefonnummern 14-2492, 14-2682 und 14-2739 zur Verf\u00fcgung.<\/p>\n\n\n\n<h2 class=\"wp-block-heading\"><strong>Friedrich-Sprater-Stra\u00dfe und Hermann-Vollmer-Weg gesperrt<\/strong><\/h2>\n\n\n\n<p>Wegen Leitungsarbeiten wird die Friedrich-Sprater-Stra\u00dfe auf H\u00f6he der Hausnummern 1 bis 7 <strong>ab 02.06.2020 bis voraussichtlich 31.07.2020<\/strong> f\u00fcr den Durchgangsverkehr gesperrt. Ab 02.06.2020 bis einschlie\u00dflich 03.07.2020 wird au\u00dferdem der komplette Hermann-Vollmer-Weg gesperrt.<\/p>\n\n\n\n<p>F\u00fcr R\u00fcckfragen steht die Stra\u00dfenverkehrsbeh\u00f6rde unter den Rufnummern 14-2739, 14-2682&nbsp; oder 14-2492 zur Verf\u00fcgung<\/p>\n\n\n\n<p><em>Stadtverwaltung Speyer<br>18.05.2020<\/em><\/p>\n","protected":false},"excerpt":{"rendered":"<div class=\"mh-excerpt\"><p>Coronafallzahlen aus Speyer Montag, 18.05.2020 Anzahl best\u00e4tigter F\u00e4lle von Coronavirus (SARS-CoV-2)-Infektionen in der Stadt Speyer: 84 Keine Ver\u00e4nderung zu FreitagDavon bereits genesen: 77 + 3 im Vergleich zu FreitagPersonen in Quarant\u00e4ne: 17 &#8211; 2 im <a class=\"mh-excerpt-more\" href=\"https:\/\/speyer24news.com\/?p=27168\" title=\"Speyer\">[&#8230;]<\/a><\/p>\n<\/div>","protected":false},"author":3,"featured_media":0,"comment_status":"open","ping_status":"open","sticky":false,"template":"","format":"standard","meta":{"_monsterinsights_skip_tracking":false,"_monsterinsights_sitenote_active":false,"_monsterinsights_sitenote_note":"","_monsterinsights_sitenote_category":0,"footnotes":""},"categories":[9],"tags":[639,6367,6940,5904,6358,5801,6342,7024,7025,7021,7023,7022,6,4006,96],"aioseo_notices":[],"amp_enabled":true,"_links":{"self":[{"href":"https:\/\/speyer24news.com\/index.php?rest_route=\/wp\/v2\/posts\/27168"}],"collection":[{"href":"https:\/\/speyer24news.com\/index.php?rest_route=\/wp\/v2\/posts"}],"about":[{"href":"https:\/\/speyer24news.com\/index.php?rest_route=\/wp\/v2\/types\/post"}],"author":[{"embeddable":true,"href":"https:\/\/speyer24news.com\/index.php?rest_route=\/wp\/v2\/users\/3"}],"replies":[{"embeddable":true,"href":"https:\/\/speyer24news.com\/index.php?rest_route=%2Fwp%2Fv2%2Fcomments&post=27168"}],"version-history":[{"count":3,"href":"https:\/\/speyer24news.com\/index.php?rest_route=\/wp\/v2\/posts\/27168\/revisions"}],"predecessor-version":[{"id":27176,"href":"https:\/\/speyer24news.com\/index.php?rest_route=\/wp\/v2\/posts\/27168\/revisions\/27176"}],"wp:attachment":[{"href":"https:\/\/speyer24news.com\/index.php?rest_route=%2Fwp%2Fv2%2Fmedia&parent=27168"}],"wp:term":[{"taxonomy":"category","embeddable":true,"href":"https:\/\/speyer24news.com\/index.php?rest_route=%2Fwp%2Fv2%2Fcategories&post=27168"},{"taxonomy":"post_tag","embeddable":true,"href":"https:\/\/speyer24news.com\/index.php?rest_route=%2Fwp%2Fv2%2Ftags&post=27168"}],"curies":[{"name":"wp","href":"https:\/\/api.w.org\/{rel}","templated":true}]}}