{"id":27271,"date":"2020-05-22T07:45:24","date_gmt":"2020-05-22T06:45:24","guid":{"rendered":"https:\/\/speyer24news.com\/?p=27271"},"modified":"2020-05-22T07:45:25","modified_gmt":"2020-05-22T06:45:25","slug":"polizei-250","status":"publish","type":"post","link":"https:\/\/speyer24news.com\/?p=27271","title":{"rendered":"Polizei"},"content":{"rendered":"<style type=\"text\/css\">\r\n\t.ads_top_disp{}\r\n\t.ads_top_corner_disp{ float:left; margin:0px 10px 10px 0px; }\r\n\t.ads_first_p_disp{}\r\n\t.ads_bottom_disp{}\r\n\t<\/style>\n<h2 class=\"wp-block-heading\">Polizeimeldungen vom Mittwoch &amp; Donnerstag (20.05. &amp; 21.05.2020)<\/h2>\n\n\n\n<div class=\"wp-block-image\"><figure class=\"aligncenter\"><img decoding=\"async\" src=\"https:\/\/speyer24news.com\/wp-content\/uploads\/2020\/01\/Aktuelles-Polizeilogo.jpg\" alt=\"\" class=\"wp-image-23832\"\/><\/figure><\/div>\n\n\n\n<h4 class=\"wp-block-heading\">(Speyer) &#8211; Unter Cannabiseinfluss ein Fahrzeug gef\u00fchrt <\/h4>\n\n\n\n<p>In der Nacht zum Donnerstag wurden ein 22-j\u00e4hriger PKW-Fahrer aus  Speyer und seine drei Mitfahrer in der Landauer Stra\u00dfe einer  Verkehrskontrolle unterzogen. Hierbei bemerkten die Polizisten, dass  es aus dem Fahrzeuginneren stark nach Marihuana roch. W\u00e4hrend der  darauffolgenden Durchsuchungsma\u00dfnahmen konnte schlie\u00dflich ein Joint,  sowie zwei Beh\u00e4ltnisse mit geringen Mengen Marihuana aufgefunden  werden. Zudem gab der Fahrer an, dass er vor kurzem einen Joint  geraucht habe. Er wurde zur Dienststelle verbracht, wo ihm eine  Blutprobe entnommen wurde. Zudem kommen auf den Fahrer und zwei der  Fahrzeuginsassen, denen die Drogen zugeordnet werden konnten,  Strafanzeigen nach dem Bet\u00e4ubungsmittelgesetz zu. <\/p>\n\n\n\n<h4 class=\"wp-block-heading\">(Speyer) &#8211; Jugendliche Fahrraddiebe gefasst<\/h4>\n\n\n\n<p>Am fr\u00fchen Mittwochabend wurden der Polizei vier Jugendliche gemeldet, welche sich am Unterst\u00e4nder der Fahrr\u00e4der am Hauptbahnhof Speyer zu  schaffen machen w\u00fcrden. Zwei der vier Jugendlichen w\u00fcrden an  Fahrr\u00e4dern rei\u00dfen um zu schauen ob diese abgeschlossen sind, w\u00e4hrend  die anderen beiden vor dem Unterstand &#8222;Schmiere stehen&#8220; w\u00fcrden. Noch w\u00e4hrend der Mitteilung fl\u00fcchteten die T\u00e4ter in verschiedene Richtungen. Durch die eingesetzten Streifen konnte jedoch z\u00fcgig einer der Hauptt\u00e4ter gefasst und seine drei Komplizen ermittelt werden. <\/p>\n\n\n\n<p>Diese kehrten schlie\u00dflich mitsamt drei vermutlich zuvor entwendeten  Fahrr\u00e4dern an den Tatort zur\u00fcck. Die Eltern der vier Jugendlichen im Alter zwischen 14 und 16 Jahren  wurden \u00fcber deren Handeln in Kenntnis gesetzt. Die Polizei bittet m\u00f6gliche weitere Zeugen und eventuell Gesch\u00e4digte  des Vorfalls sich bei der Polizeiinspektion Speyer unter 06232 \/ 137  &#8211; 0 zu melden. <\/p>\n\n\n\n<h4 class=\"wp-block-heading\">(Speyer) &#8211; Von Unfallstelle gefl\u00fcchtet und unter Bet\u00e4ubungsmitteleinfluss gestanden<\/h4>\n\n\n\n<p>Ein 31-j\u00e4hriger Lieferant befuhr am Dienstagabend eine Stra\u00dfe in der Speyerer Altstadt, um dort seine Ware abzuliefern. Beim Einparken streifte er ein geparktes Fahrzeug. Als er von Augenzeugen auf den Vorfall angesprochen wurde und diese ihn darauf hinwiesen die Polizei zu verst\u00e4ndigen, um den Schaden regulieren zu k\u00f6nnen, stieg der Lieferant wieder in sein Fahrzeug, und gab an, eine Parkl\u00fccke zu suchen. Er entfernte sich jedoch unerlaubt von der Unfallstelle und wurde durch die Beamten kurze Zeit sp\u00e4ter angetroffen und kontrolliert. Die Beamten stellten fest, dass der Fahrer unter dem Einfluss von Bet\u00e4ubungsmittel steht. Ihm wurde eine Blutprobe entnommen. Der F\u00fchrerschein wurde sichergestellt. Die Fahrzeugschl\u00fcssel an den Fahrzeughalter \u00fcbergeben. Gegen den Lieferanten wurde eine Strafanzeige erfasst. <\/p>\n\n\n\n<h4 class=\"wp-block-heading\">(Speyer) &#8211; Alkoholisiert Fahrzeug gef\u00fchrt<\/h4>\n\n\n\n<p>Am Dienstagmittag kontrollierte die Polizei einen 56-j\u00e4hrigen Mann in Speyer-Nord, welcher trotz des Genusses von Alkohol ein Fahrzeug gef\u00fchrt hat. Der Atemalkoholtest ergab einen Wert von 2,13 Promille. Der Fahrer wurde auf die Dienststelle verbracht, um ihm eine Blutprobe zu entnehmen. Der F\u00fchrerschein und der Fahrzeugschl\u00fcssel wurden sichergestellt. Ein Ermittlungsverfahren wegen Trunkenheit im Verkehr wurde eingeleitet. <\/p>\n\n\n\n<h4 class=\"wp-block-heading\">(Speyer) &#8211; M\u00fcllfahrzeug besch\u00e4digt geparktes Fahrzeug<\/h4>\n\n\n\n<p>Am Dienstagmorgen befuhr ein 58-j\u00e4hriger Fahrer eines Abfallsammelfahrzeuges ein Wohngebiet in Speyer-West. Beim Vorbeifahren an einem ordnungsgem\u00e4\u00df in L\u00e4ngsaufstellung geparkten PKW, touchierte er diesen. Auf Grund des Gr\u00f6\u00dfenunterschieds der beiden Fahrzeuge, wurde das geparkte Fahrzeug stark besch\u00e4digt. Am M\u00fcllwagen entstand nur leichter Sachschaden. <\/p>\n\n\n\n<h4 class=\"wp-block-heading\">(B\u00f6hl-Iggelheim &amp; Mutterstadt) &#8211; Telefon-Betr\u00fcger erneut aktiv<\/h4>\n\n\n\n<p>In B\u00f6hl-Iggelheim und in Mutterstadt haben am Nachmittag zwei B\u00fcrger einen Anruf von angeblichen Angeh\u00f6rigen, in diesem Fall von einem &#8222;Enkel&#8220; und einem &#8222;Neffen&#8220;, erhalten, die beide eine gr\u00f6\u00dfere Geldsumme wegen des Kaufs einer Wohnung bzw. wegen eines Unfalls ben\u00f6tigen w\u00fcrden. Keiner der vermeintlichen Opfer fiel auf die Betrugsmasche rein und beendete das Gespr\u00e4ch. Bei dem Fall in B\u00f6hl-Iggelheim waren die Betr\u00fcger besonders dreist. Nachdem das Gespr\u00e4ch beendet wurde, riefen sie erneut an. Diesmal war eine andere Stimme am Telefon, gab sich als Polizist aus und fragte nach Wertsachen. Auch hier ist der Betrugsversuch sofort erkannt und aufgelegt worden. In keinem Fall entstand ein Schaden. <\/p>\n\n\n\n<h4 class=\"wp-block-heading\">(Zw. Waldsee und Altrip) &#8211; Schwerverletzter Motorradfahrer \/ Zeugen gesucht<\/h4>\n\n\n\n<p>Am 20.05.2020, gegen 17:00 Uhr, ereignete sich auf der K13 zwischen Waldsee und Altrip ein Verkehrsunfall mit einem verletzten 70-j\u00e4hrigen Motorradfahrer. Da der Fahrer bei der Unfallaufnahme bereits auf dem Weg in Krankenhaus war, konnte der Unfall nur durch die Spurenlage vor Ort rekonstruiert werden. Demnach d\u00fcrfte der Mann mit seinem Leichtkraftrad von Waldsee kommend in Richtung Altrip gefahren sein. Aus noch ungekl\u00e4rter Ursache kam der Motorradfahrer von der Stra\u00dfe ab und verunfallte im Gr\u00fcnstreifen. Vor Ort war unter anderem der Rettungshubschrauber im Einsatz. Zeugen werden gesucht und gebeten, sich mit der Polizeiinspektion Schifferstadt unter der 06235-4950 oder per Email unter <a href=\"mailto:pischifferstadt@polizei.rlp.de\">pischifferstadt@polizei.rlp.de<\/a> in Verbindung zu setzen. <\/p>\n\n\n\n<h4 class=\"wp-block-heading\">(R\u00fclzheim) &#8211; Unfallfl\u00fcchtiger Radfahrer gesucht<\/h4>\n\n\n\n<p>Sachschaden in H\u00f6he von 2000 EUR entstand bei einer Verkehrsunfallflucht am Dienstag gegen 7 Uhr in R\u00fclzheim. Ein Autofahrer musste auf Grund einer geschlossenen Schranke im Bereich der Bahnhofstra\u00dfe in Richtung Herxheimweyer verkehrsbedingt anhalten. W\u00e4hrend der Wartezeit besch\u00e4digte ein vorbeifahrender Radfahrer mit seinem Lenker unabsichtlich das Fahrzeug. Nach der Kollision setzte der Radfahrer allerdings seine Fahrt fort ohne sich um den entstandenen Schaden zu k\u00fcmmern. Der Radfahrer wird wie folgt beschrieben: m\u00e4nnlich, zirka 45 Jahre alt, schwarze gelockte Haare. Das mitgef\u00fchrte Rad war schwarz. Eine Absuche des Nahbereich durch Polizeibeamte verlief ergebnislos. Ein Ermittlungsverfahren wegen unerlaubtem Entfernen vom Unfallort wurde eingeleitet. <\/p>\n\n\n\n<p>Zeugen, welche den Vorfall beobachtet haben oder Hinweise zur Identit\u00e4t des Radfahrers geben k\u00f6nnen, werden gebeten sich telefonisch unter 07274\/9580 oder per Mail an <a href=\"mailto:pigermersheim@polizei.rlp.de\">pigermersheim@polizei.rlp.de<\/a> zu wenden. <\/p>\n\n\n\n<h4 class=\"wp-block-heading\">(Birkenh\u00f6rdt) &#8211; Katze bei Verkehrsunfall angefahren<\/h4>\n\n\n\n<p>Am Mittwoch, dem 20.05.20, gegen 20.00 Uhr, rannte am Ortseingang von Birkenh\u00f6rdt, aus Lauterschwan kommend, eine Katze auf die Fahrbahn der Bundesstra\u00dfe und wurde von einem herannahenden Fahrzeug erfasst. Nach anf\u00e4nglicher Benommenheit rappelte sich die Katze wieder auf und lief in den angrenzenden Waldbereich davon. Trotz Suche konnte sie dort nicht mehr aufgefunden werden. An dem Fahrzeug entstand durch den Zusammensto\u00df ein Sachschaden von mehreren hundert Euro. <\/p>\n\n\n\n<h4 class=\"wp-block-heading\">(Pleisweiler-Oberhofen) &#8211; Gas- und Bremspedal verwechselt<\/h4>\n\n\n\n<p>Am Mittwoch, 20.05.2020 Uhr, gegen 11:15 Uhr, verwechselte der 81-j\u00e4hrige Fahrer eines Mercedes beim Vorw\u00e4rtseinparken auf dem Parkplatz eines Einkaufsmarktes im Industriegebiet Im Weidfeld, das Gas- mit dem Bremspedal und f\u00e4hrt gegen die Schaufensterscheibe des Marktes. Die beiden Pedalen waren zuvor schon wegen einer k\u00f6rperlichen Einschr\u00e4nkung des Fahrers, von rechts nach links umgebaut worden. An dem Fahrzeug entstand ein Sachschaden in H\u00f6he von 2000.- Euro. Weitaus h\u00f6her d\u00fcrfte der Schaden an der Schaufensterscheibe des Einkaufsmarktes sein. Der Mercedes-Fahrer blieb unverletzt. <\/p>\n\n\n\n<h4 class=\"wp-block-heading\">(Klingenm\u00fcnster) &#8211; Sachbesch\u00e4digungen auf Klinikgel\u00e4nde<\/h4>\n\n\n\n<p>Am fr\u00fchen Donnerstagmorgen, gegen 01:45 Uhr, begaben sich zwei bislang unbekannte m\u00e4nnliche Personen auf das Gel\u00e4nde des Pfalzklinikums in Klingenm\u00fcnster und besch\u00e4digten mutwillig und ziellos dort abgestellte Fahrzeuge sowie die Schrankenanlage des Klinikums und die Glasf\u00fcllung einer T\u00fcr an einem Klinikgeb\u00e4ude. Danach entfernten sich die T\u00e4ter vom Klinikgel\u00e4nde und fuhren mit einem Pkw davon. Ein T\u00e4ter soll etwa 180 cm gro\u00df und von kr\u00e4ftiger Statur gewesen sein und zum Zeitpunkt der Tatausf\u00fchrung eine graue Jogginghose und auffallend wei\u00dfe Sneaker-Schuhe getragen haben. Insgesamt entstand hierbei ein bislang bekannter Sachschaden von mehreren tausend Euro. Bei Hinweisen wenden Sie sich bitte unter der Tel.: 06343 \/ 93340 an die Polizei in Bad Bergzabern oder jede andere Polizeidienststelle. <\/p>\n\n\n\n<h4 class=\"wp-block-heading\">(Landau) &#8211; Umtriebige Ladendiebin<\/h4>\n\n\n\n<p>Eine 36-j\u00e4hrige Landauerin wurde am Mittwochmittag durch den Ladendetektiv eines Bekleidungsgesch\u00e4ftes in der Landauer Innenstadt dabei beobachtet, wie sie mehrere Kleidungsst\u00fccke mit in die Umkleidekabine nahm. Da sie die Kabine augenscheinlich jedoch ohne die Kleidung wieder verlie\u00df und auch an der Kasse keine Ware bezahlte, wurde sie durch den Ladendetektiv angesprochen und blieb bis zum Eintreffen der Polizei vor Ort. Im Rahmen einer polizeilichen Durchsuchung wurden neben zweier nicht bezahlter Hosen, drei weitere Kleidungsst\u00fccke eines anderen, nahegelegenen Kleidungsgesch\u00e4ftes aufgefunden. Im Rahmen weiterer Ermittlungen wurde festgestellt, dass diese kurz zuvor gestohlen wurden. <\/p>\n\n\n\n<p>Die Ladendiebin erwarten nun gleich zwei Strafanzeigen wegen Ladendiebstahls. <\/p>\n\n\n\n<h4 class=\"wp-block-heading\">(Landau) &#8211; Verkehrsunfall mit leichtverletzter Person<\/h4>\n\n\n\n<p>Am Mittwochmittag kam es in der Landauer Westbahnstra\u00dfe zu einem Verkehrsunfall mit drei beteiligten Pkw. Eine 36-j\u00e4hrige PKW-F\u00fchrerin aus dem Kreis S\u00fcdliche Weinstra\u00dfe bemerkte zu sp\u00e4t, dass ein vor ihr fahrender 81-j\u00e4hriger Landauer verkehrsbedingt abbremsen musste. Es kam zum Auffahrunfall. Das Fahrzeug des Landauers wurde weiterhin auf den davor fahrenden Pkw aufgeschoben. Die 81-j\u00e4hrige Beifahrerin des Landauers wurde durch den Verkehrsunfall leicht verletzt. Die Verletzte wurde durch eine hinzugerufene Rettungswagenbesatzung versorgt. Es wird eine Gesamtschadensh\u00f6he von ca. 2500 Euro angenommen. <\/p>\n\n\n\n<h4 class=\"wp-block-heading\">(Landau) &#8211; Taschendiebstahl in Supermarkt<\/h4>\n\n\n\n<p>Am Mittwochvormittag kam es innerhalb eines Discounters in der Wieslauterstra\u00dfe in Landau zu einem Taschendiebstahl. Ein 58-j\u00e4hriger Landauer trug seine Geldb\u00f6rse w\u00e4hrend des Einkaufs in seiner Hosentasche. Als er sich einige Minuten sp\u00e4ter an der Kasse befand bemerkte er das pl\u00f6tzliche Fehlen seines Portemonnaies. Die Geldb\u00f6rse konnte innerhalb des Einkaufsmarktes nicht mehr aufgefunden werden. Neben Bargeld befanden sich mehrere pers\u00f6nliche Dokumente im Geldbeutel. <\/p>\n\n\n\n<p>Allgemeine Hinweise zu Taschendiebst\u00e4hlen sowie deren Vermeidung finden sich unter <a href=\"https:\/\/is.gd\/QZQpmN\" target=\"_blank\" rel=\"noreferrer noopener\">https:\/\/is.gd\/QZQpmN<\/a>. <\/p>\n\n\n\n<h4 class=\"wp-block-heading\">(Landau) &#8211; Einbruch in Vereinsheim<\/h4>\n\n\n\n<p>In der Nacht von Dienstag auf Mittwoch kam es zu einem Einbruch in das SSC\/ASV Sportheim in Landau. Neben dem Vereinsheim selbst wurden auch weitere Nebengeb\u00e4ude betreten und nach Wertgegenst\u00e4nden durchsucht. Weiterhin wurde ein auf dem Gel\u00e4nde abgestelltes Zweirad mutwillig besch\u00e4digt. Insgesamt wurde ein Schaden von ca. 700 Euro verursacht. <\/p>\n\n\n\n<p>Sachdienliche Hinweise nimmt die Polizei Landau unter Tel. Nr. 06341\/2870 oder per Email <a href=\"mailto:pilandau@polizei.rlp.de\">pilandau@polizei.rlp.de<\/a> entgegen. <\/p>\n\n\n\n<h4 class=\"wp-block-heading\">(B 10 \/ Birkweiler) &#8211; Auffahrunfall<\/h4>\n\n\n\n<p>Zu Verkehrsbehinderungen kam es am gestrigen Dienstag (19.05.2020, 8 Uhr) auf der B 10 vor der Anschlussstelle A65\/Landau-West infolge eines schweren Verkehrsunfalls. Ein 26-j\u00e4hriger LKW-Fahrer musste wegen einem R\u00fcckstau seinen LKW abbremsen. Ein nachfolgender 27-j\u00e4hriger Suzukifahrer erkannte die Situation zu sp\u00e4t und krachte in das Heck des LKW. Mit Nacken- und Kopfschmerzen musste der PKW-Fahrer in ein Krankenhaus gebracht werden. An seinem Fahrzeug entstand wirtschaftlicher Totalschaden. Wegen den Bergungsarbeiten kam es zu Verkehrsbehinderungen. Die Gesamtschadensh\u00f6he liegt bei \u00fcber 10000 Euro. <\/p>\n\n\n\n<h4 class=\"wp-block-heading\">(Edenkoben) &#8211; Alter Ofen alarmiert Feuerwehr und Polizei<\/h4>\n\n\n\n<p>Am 20.05.2020 gegen 12:50 Uhr wurde die Polizei Edenkoben \u00fcber eine starke Rauchentwicklung hinter einem Gasthaus in der Luitpoldstra\u00dfe informiert. Die Rauchentwicklung sowie starker Rauchgeruch war f\u00fcr die eingesetzten Beamten bereits auf der Dienststelle wahrnehmbar. Die freiwillige Feuerwehr Edenkoben wurde ebenfalls alarmiert. An der \u00d6rtlichkeit selbst konnte festgestellt werden, dass es sich nicht wie bef\u00fcrchtet um einen Brand handelte, sondern ein alter Ofen angefeuert wurde, wodurch es zu der kurzfristigen Rauchentwicklung kam. <\/p>\n\n\n\n<h4 class=\"wp-block-heading\">(Edenkoben) &#8211; Obst nicht bezahlt<\/h4>\n\n\n\n<p>Am Morgen des 20.05.2020 konnte ein 58-J\u00e4hriger aus der Verbandsgemeinde Edenkoben beim Einkaufen beobachten, wie eine 60-J\u00e4hrige, ebenfalls aus der Verbandsgemeinde Edenkoben, im LIDL-Einkaufsmarkt in der Staatsstra\u00dfe in Edenkoben Obst in ihrer Handtasche und ihrem mitgef\u00fchrten Trolley versteckte. Als die Dame die Waren an der Kasse nicht vorzeigte, informierte der Zeuge die Marktleitung. Nachdem die Dame durch die Marktleitung ertappt wurde, bezahlte sie das Obst ordnungsgem\u00e4\u00df. Neben dem ausgesprochenen Hausverbot, muss die Dame sich nun in einem Strafverfahren wegen Diebstahls verantworten. <\/p>\n\n\n\n<h4 class=\"wp-block-heading\">(Maikammer) &#8211; Wildschwein in Rucksack gepackt<\/h4>\n\n\n\n<div class=\"wp-block-image\"><figure class=\"aligncenter\"><img decoding=\"async\" loading=\"lazy\" width=\"800\" height=\"600\" src=\"https:\/\/speyer24news.com\/wp-content\/uploads\/2020\/05\/poMMes_public.image_2020-05-21_213A483A39.jpg\" alt=\"\" class=\"wp-image-27272\" srcset=\"https:\/\/speyer24news.com\/wp-content\/uploads\/2020\/05\/poMMes_public.image_2020-05-21_213A483A39.jpg 800w, https:\/\/speyer24news.com\/wp-content\/uploads\/2020\/05\/poMMes_public.image_2020-05-21_213A483A39-300x225.jpg 300w, https:\/\/speyer24news.com\/wp-content\/uploads\/2020\/05\/poMMes_public.image_2020-05-21_213A483A39-768x576.jpg 768w, https:\/\/speyer24news.com\/wp-content\/uploads\/2020\/05\/poMMes_public.image_2020-05-21_213A483A39-678x509.jpg 678w, https:\/\/speyer24news.com\/wp-content\/uploads\/2020\/05\/poMMes_public.image_2020-05-21_213A483A39-326x245.jpg 326w, https:\/\/speyer24news.com\/wp-content\/uploads\/2020\/05\/poMMes_public.image_2020-05-21_213A483A39-80x60.jpg 80w\" sizes=\"(max-width: 800px) 100vw, 800px\" \/><figcaption>Frischling, wenige Tage alt<\/figcaption><\/figure><\/div>\n\n\n\n<p>Etwas ungl\u00e4ubig reagierten die Edenkobener Polizeibeamten, als sich am 21.05.2020 gegen 19:40 Uhr telefonisch ein 50-J\u00e4hriger Mountainbiker meldete. Er gab an, dass er im Wald bei Maikammer gegen 16:00 Uhr eine Reifenpanne erlitten habe. Soweit nichts Ungew\u00f6hnliches. Als er sich mit seinem Flickzeug zu schaffen machte, h\u00e4tte sich ein kleines Wildschwein zu ihm gesellt. Nach 20 Minuten war der Reifen wieder einsatzbereit und das kleine Wildschwein noch immer bei dem Radsportler. Aus Sorge das Tier k\u00f6nnte alleine nicht \u00fcberleben, habe der Mann es in seinen Rucksack gepackt. Auf Nachfrage wo er sich bef\u00e4nde, gab der Mann zu verstehen, dass er bereits wieder in seiner Wohnung in Worms ist. Das Tier habe er mitgenommen und es bef\u00e4nde sich nun in seiner Wohnung. Hilfesuchend bat der Mann darum, ihm das Wildtier abzunehmen. Selbst habe er schon beim Zoo angefragt, welcher dankend ablehnte. Nach R\u00fccksprache mit einem Berufsj\u00e4ger erschien es f\u00fcr das Tierwohl am sinnvollsten das Jungtier an der Fundstelle wieder auszusetzen, in der Hoffnung die Bache nehme sich diesem wieder an. Also machte sich der Finder samt Frischling auf den R\u00fcckweg in die S\u00fcdpfalz. <\/p>\n\n\n\n<p>Bei Inaugenscheinnahme des Frischlings konnte festgestellt werden, dass dieser noch die Nabelschnur am K\u00f6rper trug. Ein Tierarzt sch\u00e4tzte telefonisch, dass das Tier erst wenige Tage alt sei. Ein Aussetzen im Wald w\u00fcrde den sicheren Tod bedeuten. Es konnte telefonisch eine J\u00e4gerin erreicht werden, die sich dem Tier annahm und es mit der Flasche aufziehen wird. Gegen den Finder, welcher sicherlich nur Gutes im Sinn hatte, wird nun aufgrund des Anfangsverdachts der Jagdwilderei sowie eines Versto\u00dfes gegen das Tierschutzgesetz ermittelt. Immer wieder kommen Spazierg\u00e4nger oder Radfahrer mit, vermeintlich verwaisten, Wildtieren in Kontakt. Die Polizei r\u00e4t in solchen F\u00e4llen davon ab, die Tiere anzufassen oder gar mitzunehmen. Informieren Sie die Polizei oder einen Jagdp\u00e4chter! <\/p>\n\n\n\n<h4 class=\"wp-block-heading\">(Maikammer) &#8211; Freilaufender Hund bringt Radfahrerin zu Sturz<\/h4>\n\n\n\n<p>Eine 59-j\u00e4hrige Radfahrerin aus der Verbandsgemeinde Edenkoben kam am 20.05.2020 gegen 17:00 Uhr aufgrund eines freilaufenden Hundes zu Sturz und verletzte sich hierbei. Die Radfahrerin befuhr, in Begleitung ihres Ehemannes, mit ihrem E-Bike die Raiffeisenstra\u00dfe in Maikammer. An einer Kreuzung in der N\u00e4he des Alsterweiler Bachs \u00fcberquerte ein unbeaufsichtigter Hund die Fahrbahn. Die 59-j\u00e4hrige kollidierte mit dem Hund und st\u00fcrzte. Da sie sich hierbei verletzte, wurde sie durch den Rettungsdienst in ein Krankenhaus nach Neustadt verbracht. Nach derzeitigem Ermittlungsstand sei der 47-j\u00e4hrige Hundehalter aus dem Bereich Neustadt, zum Unfallzeitpunkt selbst, nicht vor Ort gewesen. Seine 12-j\u00e4hrige Tochter spielte in der N\u00e4he des Alsterweiler Bach und lie\u00df den Hund frei umherlaufen. Als der Hund die Stra\u00dfe \u00fcberquert hatte, rief die 12-J\u00e4hrige nach ihm, ohne die sich n\u00e4hernden Radfahrer gesehen zu haben. Der Hund \u00fcberquerte daraufhin die Fahrbahn und es kam zur Kollision. Der Unfall konnte durch drei Augenzeugen beobachtet werden. <\/p>\n\n\n\n<h4 class=\"wp-block-heading\">(Neustadt \/ Elmsteiner Tal) &#8211; Kontrolle des Durchfahrtsverbotes der L 499 f\u00fcr Motorr\u00e4der<\/h4>\n\n\n\n<figure class=\"wp-block-image\"><img decoding=\"async\" loading=\"lazy\" width=\"800\" height=\"630\" src=\"https:\/\/speyer24news.com\/wp-content\/uploads\/2020\/05\/motorcycle-531860_1920.jpg\" alt=\"\" class=\"wp-image-27144\" srcset=\"https:\/\/speyer24news.com\/wp-content\/uploads\/2020\/05\/motorcycle-531860_1920.jpg 800w, https:\/\/speyer24news.com\/wp-content\/uploads\/2020\/05\/motorcycle-531860_1920-300x236.jpg 300w, https:\/\/speyer24news.com\/wp-content\/uploads\/2020\/05\/motorcycle-531860_1920-768x605.jpg 768w\" sizes=\"(max-width: 800px) 100vw, 800px\" \/><\/figure>\n\n\n\n<p>Am Donnerstagnachmittag wurde das f\u00fcr Motorr\u00e4der bestehende Durchfahrtsverbot des &#8222;Elmsteiner Tales&#8220; zwischen Johanniskreuz und Frankeneck \u00fcberwacht. Bei einer Kontrollzeit von nur einer Stunde mussten 16 Verst\u00f6\u00dfe festgestellt und verwarnt werden. Das Durchfahrtsverbot besteht an Wochenenden und Feiertagen zwischen April und Oktober. <\/p>\n\n\n\n<h4 class=\"wp-block-heading\">(Neustadt) &#8211; Abgestelltes Motorrad gestohlen<\/h4>\n\n\n\n<p>Am 17.05.2020 stellte ein 24-j\u00e4hriger Neustadter sein Motorrad auf dem Marktplatz im Bereich der Fahrradabstellplatz ab und verschloss dieses mittels Lenkradschloss. Als er es am 19.05.2020 wieder in Betrieb nehmen wollte musste er feststellen, dass dieses entwendet wurde. Das Motorrad ist schwarz mit gr\u00fcnem Tank und braunem Sattel und hat einen Wert von ca. 3500 Euro. Bislang gibt es noch keine Hinweise auf den oder die T\u00e4ter. <\/p>\n\n\n\n<h4 class=\"wp-block-heading\">(Ha\u00dfloch) &#8211; Sachbesch\u00e4digung an mehreren PKW<\/h4>\n\n\n\n<p>In der Nacht vom 19.05.2020 auf den 20.05.2020 wurden in der Langgasse in Ha\u00dfloch, auf H\u00f6he der Hausnummern 180-190, durch bislang unbekannte T\u00e4ter sechs geparkte PKW besch\u00e4digt. Die Autos wurden mit einem spitzen Gegenstand zerkratzt. Es entstand ein Sachschaden von ca. 4000 Euro. Sachdienliche Hinweise und verd\u00e4chtige Beobachtungen bitte an die Polizeiinspektion Ha\u00dfloch.<\/p>\n\n\n\n<h4 class=\"wp-block-heading\">(Wachenheim) &#8211; Sachbesch\u00e4digung an Fahrzeugen<\/h4>\n\n\n\n<p>In der Nacht vom 18.05.20 auf den 19.05.20 besch\u00e4digten bislang unbekannte T\u00e4ter insgesamt drei geparkte PKW, in der B\u00fcrklin-Wolf-Stra\u00dfe in Wachenheim, durch gewaltsames Umklappen der Au\u00dfenspiegel. Es entstand insgesamt ein Sachschaden von ca. 600 Euro. Ermittlungen ergaben das vor circa einem Monat an derselben \u00d6rtlichkeit durch unbekannte T\u00e4ter, mehrere Kratzer an einem abgestellten PKW verursacht worden waren. Diese Strafanzeige wurde nun nachtr\u00e4glich aufgenommen. Die Polizei Bad D\u00fcrkheim bittet um Hinweise unter 06322 963 0 oder per E-Mail an <a href=\"mailto:pibadduerkheim@polizei.rlp.de\">pibadduerkheim@polizei.rlp.de<\/a><\/p>\n\n\n\n<h4 class=\"wp-block-heading\">(Friedelsheim) &#8211; Auf Anruf von falscher &#8222;Enkelin&#8220; nicht hereingefallen<\/h4>\n\n\n\n<p>Am 19.05.20 erhielten in Friedelsheim insgesamt 6 Gesch\u00e4digte im Alter von 72 &#8211; 87 Jahren einen Anruf von einer bislang unbekannten Frau. Diese gab sich in allen F\u00e4llen als Verwandte\/Bekannte oder Enkelin aus. Sie w\u00e4re gerade auf dem Amtsgericht, bef\u00e4nde sich in einer finanziellen Notsituation und br\u00e4uchte daher Geld. Die Anruferin sprach akzentfreies Hochdeutsch.Alle Gesch\u00e4digten sch\u00f6pften Verdacht, reagierten vorbildlich, beendeten das Gespr\u00e4ch und informierten die Polizei Bad D\u00fcrkheim. <\/p>\n\n\n\n<p>Wichtige Informationen und wie Sie sich sch\u00fctzen k\u00f6nnen, erfahren Sie hier: <a href=\"https:\/\/www.polizei.rlp.de\/de\/aufgaben\/praevention\/kriminalpraevention\/\" target=\"_blank\" rel=\"noreferrer noopener\">https:\/\/www.polizei.rlp.de\/de\/aufgaben\/praevention\/kriminalpraevention\/<\/a><\/p>\n\n\n\n<h4 class=\"wp-block-heading\">(Bad D\u00fcrkheim) &#8211; Heckscheibe eingeschlagen<\/h4>\n\n\n\n<p>Am 19.05.20 zwischen 10:00h und 23:00h meldete der 42-j\u00e4hirge Gesch\u00e4digte, dass sein im Holunderring in Bad D\u00fcrkheim abgestellter VW-Touran besch\u00e4digt worden w\u00e4re. Als er dieses am sp\u00e4ten Abend umparken wollte bemerkte er, dass die Heckscheibe des Fahrzeugs durch bislang unbekannte T\u00e4ter eingeschlagen wurde. Entwendet wurde aus dem Fahrzeug nichts. Den Nachbarn w\u00e4re nichts aufgefallen. Es entstand Sachschaden von ca. 700 Euro. Die Polizei Bad D\u00fcrkheim bittet um Hinweise unter 06322 963 0 oder per E-Mail an <a href=\"mailto:pibadduerkheim@polizei.rlp.de\">pibadduerkheim@polizei.rlp.de<\/a><\/p>\n\n\n\n<h4 class=\"wp-block-heading\">(Bad D\u00fcrkheim) &#8211; Verkehrsunfall mit Flucht<\/h4>\n\n\n\n<p>Am 19.05.20 parkte der 31-j\u00e4hrige Gesch\u00e4digte seinen Opel Corsa auf dem Parkplatz vor einem Getr\u00e4nkemarkt im Triftweg in Bad D\u00fcrkheim. Als er zu seinem Fahrzeug zur\u00fcck kam stellte er fest, dass sein Fahrzeug an den linken T\u00fcren durch einen Verkehrsunfall besch\u00e4digt wurde. Der bislang unbekannte Unfallverursacher streifte dieses vermutlich beim Rangieren auf dem Parkplatz. Er entfernte sich von der Unfallstelle ohne sich um den entstanden Schaden zu k\u00fcmmern. Es entstand Sachschaden von ca. 1000 Euro.Die Polizei Bad D\u00fcrkheim bittet um Hinweise unter 06322 963 0 oder per E-Mail an <a href=\"mailto:pibadduerkheim@polizei.rlp.de\">pibadduerkheim@polizei.rlp.de<\/a><\/p>\n\n\n\n<h4 class=\"wp-block-heading\">(Bad D\u00fcrkheim) &#8211; Windschutzscheibe eingeschlagen<\/h4>\n\n\n\n<p>Im Zeitraum von 18.05.20 bis 19.05.20 wurde die Windschutzscheibe eines Mercedes-Benz, durch bislang unbekannte T\u00e4ter, an drei Stellen besch\u00e4digt. Das Fahrzeug der 64-j\u00e4hrigen Gesch\u00e4digten war ordnungsgem\u00e4\u00df in der Brunnengasse in Bad D\u00fcrkheim abgestellt. Im Nahbereich konnten weder Steine oder andere Wurfgeschosse festgestellt werden. Es entstand ein Sachschaden von ca. 800 Euro. Ermittlungen ergaben, dass die Gesch\u00e4digte bereits am 23.04.20 einen gr\u00f6\u00dferen Stein auf der Windschutzscheibe ihres PKW vorgefunden habe. Eine Woche vorher h\u00e4tte eine Eisenstange auf der Scheibe gelegen. Zu Sachsch\u00e4den kam es damals nicht. Eine durchgef\u00fchrte Nachbarschaftsbefragung verlief negativ. Die Polizei Bad D\u00fcrkheim bittet um Hinweise unter 06322 963 0 oder per E-Mail an <a href=\"mailto:pibadduerkheim@polizei.rlp.de\">pibadduerkheim@polizei.rlp.de<\/a><\/p>\n\n\n\n<h4 class=\"wp-block-heading\">(Freinsheim) &#8211; Zeugenaufruf: Gef\u00e4hrlicher Eingriff in den Stra\u00dfenverkehr<\/h4>\n\n\n\n<p>Am 20.05.2020 um 22:48 Uhr befuhren zwei Fahrzeugf\u00fchrer hintereinander die Bahnhofstra\u00dfe in Freinsheim in Fahrtrichtung Ortsausgang Ungstein. In H\u00f6he der Hausnummer 42\/44 \u00fcberfuhr das erste Fahrzeug, ein 19-j\u00e4hriger VW-Fahrer, einen Gegenstand, welcher auf der Fahrbahn lag. Ein hinter ihm fahrender 18-J\u00e4hriger versuchte, mit seinem Peugeot dem Gegenstand auszuweichen, was jedoch nicht gelang. Auch er fuhr \u00fcber den auf der Fahrbahn befindlichen Gegenstand. An beiden Fahrzeugen entstand durch das \u00dcberfahren des Gullideckels Sachschaden im Gesamtwert von ca. 3500EUR. Bei einer Nachschau konnten beide Personen einen Gullideckel feststellen, welcher aus seiner Befestigung gehoben und auf die Fahrbahn gelegt wurde. Die Polizei ermittelt nun wegen Gef\u00e4hrlichen Eingriffs in den Stra\u00dfenverkehr. <\/p>\n\n\n\n<p>Wer kann Hinweise zu den Personen geben, welche den Gullideckel auf die Fahrbahn gelegt haben? Dies muss in der Zeit vom 20.05.2020 zwischen 22:00 Uhr und 22:48 Uhr geschehen sein. <\/p>\n\n\n\n<p>Hinweise bitte an die Polizeiinspektion Bad D\u00fcrkheim, Tel. 06322\/963-0, oder <a href=\"mailto:pibadduerkheim@polizei.rlp.de\">pibadduerkheim@polizei.rlp.de<\/a><\/p>\n\n\n\n<h4 class=\"wp-block-heading\">(Freinsheim) &#8211; Betrunken PKW zur Werkstatt gebracht<\/h4>\n\n\n\n<p>Ein 70-j\u00e4hriger Deidesheimer brachte am Mittwoch gegen 10:30 Uhr seinen PKW pers\u00f6nlich zur Reparatur in eine Kfz-Werkstatt in Freinsheim. Da er dort st\u00fcrzte, sollte er vom Rettungsdienst behandelt werden. Dies lehnte er ab. Die hinzugerufene Streife der Polizei stellte bei dem Mann Alkoholgeruch fest. Zudem ergaben sich Hinweise auf Medikamentenbeeinflussung. Ein Atemalkoholtest ergab 2,29 Promille. Dem Fahrer wurde eine Blutprobe entnommen und der F\u00fchrerschein einbehalten. Der 70-J\u00e4hrige muss sich jetzt wegen der Straftat &#8222;Trunkenheit im Verkehr&#8220; verantworten und mit einer Geldstrafe sowie der Entziehung der Fahrerlaubnis rechnen. <\/p>\n\n\n\n<h4 class=\"wp-block-heading\">(Bobenheim am Berg) &#8211; Diebstahl eines Hochsitzes<\/h4>\n\n\n\n<p>Im Zeitraum von 15.05.20 bis 18.05.20 betraten bislang unbekannte T\u00e4ter widerrechtlich das nicht umz\u00e4unte Flurgrundst\u00fcck und entwendeten den Hochsitz des gesch\u00e4digten 53-j\u00e4hrigen Jagdp\u00e4chters im Bereich der Gemarkung Vorderwald der Gemeinde Bobenheim am Berg. Hierzu wurde der Hochsitz samt Bodenankern demontiert und vermutlich mittels Anh\u00e4nger abtransportiert. Der Schaden bel\u00e4uft sich auf 800 Euro. Die Polizei Bad D\u00fcrkheim bittet um Hinweise unter 06322 963 0 oder per E-Mail an <a href=\"mailto:pibadduerkheim@polizei.rlp.de\">pibadduerkheim@polizei.rlp.de<\/a><\/p>\n\n\n\n<h4 class=\"wp-block-heading\">(He\u00dfheim) &#8211; Handykauf mit Falschgeld<\/h4>\n\n\n\n<p>Ein 15-J\u00e4hriger bot sein IPhone X f\u00fcr 320 EUR auf einer bekannten Verkaufsplattform zum Verkauf an. Am 13.05.20 fand gegen 14:00 Uhr dann ein Verkaufstreffen auf einem Parkplatz in der Frankenthaler Stra\u00dfe in He\u00dfheim mit einem Kaufinteressenten statt, an den das Handy dann auch verkauft wurde. Im Nachhinein stellte sich heraus, dass es sich bei dem ausgeh\u00e4ndigten Bargeld (20er- und 50er-Euroscheine) um Falschgeld handelt. Die Ermittlungen dauern nun an. <\/p>\n\n\n\n<h4 class=\"wp-block-heading\">(Beindersheim) &#8211; K\u00f6rperverletzung<\/h4>\n\n\n\n<p>Am 20.05.2020 gegen 20:55 Uhr parkt ein 48-j\u00e4hriger Mann aus Frankenthal seinen Transporter auf dem Mittelweg in Beindersheim. Aufgrund dessen kann ein 41-j\u00e4hriger aus Beindersheim stammender Mann den Weg mit seinem Traktor nicht befahren. Nach zun\u00e4chst verbalen Streitigkeiten, verpasst der 41-J\u00e4hrige dem 48-J\u00e4hrigen eine &#8222;Ohrfeige&#8220;. Daraufhin holt der Frankenthaler eine Alustange und schl\u00e4gt dem Gesch\u00e4digten auf den Kopf, welcher dadurch Schmerzen erleidet. <\/p>\n\n\n\n<p>Zeugen werden gebeten sich an die Polizeiinspektion Frankenthal unter der Tel.-Nr.: 06233\/313-0 oder an die Polizeiwache Maxdorf unter der Tel.-Nr.: 06237\/934-100 zu wenden. Gerne nehmen wir Ihre Hinweise auch per E-Mail unter  <a href=\"mailto:pifrankenthal@polizei.rlp.de\">pifrankenthal@polizei.rlp.de<\/a> entgegen. <\/p>\n\n\n\n<h4 class=\"wp-block-heading\">(Frankenthal) &#8211; K\u00f6rperverletzung<\/h4>\n\n\n\n<p>Am 20.05.2020 gegen 22:10 Uhr kommt es auf dem Jakobsplatz in Frankenthal zu einer Schl\u00e4gerei zwischen einem 21-J\u00e4hrigen aus Bad Kreuznach und einem bisher unbekannten T\u00e4ter. Die zwei Beteiligten verhandeln \u00fcber den Kauf von Zigaretten. Nachdem der Gesch\u00e4digte dem Unbekannte 5EUR \u00fcbergibt, h\u00e4ndigt dieser lediglich zwei Zigaretten aus. Nachdem der 21-J\u00e4hrige sein Geld zur\u00fcckfordert, eskaliert die Situation. Der T\u00e4ter verpasst dem Gesch\u00e4digten mehrere Kniest\u00f6\u00dfe in den Bauch- und Kopfbereich. Der 21-J\u00e4hrige erleidet Schmerzen. Der unbenannte Mann fl\u00fcchtet mit einem Fahrrad. <\/p>\n\n\n\n<p>Der T\u00e4ter ist:<\/p>\n\n\n\n<ul><li>ca. 20-25 Jahre<\/li><li>mit grauer Basecap und grauem Pullover bekleidet gewesen. <\/li><\/ul>\n\n\n\n<p>Zeugen werden gebeten sich an die Polizeiinspektion Frankenthal unter der Tel.-Nr.: 06233\/313-0 oder an die Polizeiwache Maxdorf unter der Tel.-Nr.: 06237\/934-100 zu wenden. Gerne nehmen wir Ihre Hinweise auch per E-Mail unter  <a href=\"mailto:pifrankenthal@polizei.rlp.de\">pifrankenthal@polizei.rlp.de<\/a> entgegen. <\/p>\n\n\n\n<h4 class=\"wp-block-heading\">(Fu\u00dfg\u00f6nheim) &#8211; Handyversto\u00df wird Teurer als Gedacht<\/h4>\n\n\n\n<p>Am Dienstag, den 19.05.2020 gegen 11:35 Uhr fiel einer Streife der Polizeiwache Maxdorf ein Verkehrsteilnehmer auf, der w\u00e4hrend der Fahrt mit seinem PKW, sein Mobiltelefon bediente. Zun\u00e4chst gab der 35 j\u00e4hrige Fahrer in der Kontrolle an, seinen F\u00fchrerschein zu Hause vergessen zu haben. Im Rahmen der Kontrolle entstanden hieran Zweifel, weshalb die Angaben \u00fcberpr\u00fcft wurden. Hierbei wurde festgestellt, dass der Beschuldigte aufgrund eines bestehendes Fahrverbotes seinen F\u00fchrerschein in amtliche Verwahrung gegeben hatte. Daraufhin wurde die Weiterfahrt untersagt. Neben den Kosten f\u00fcr die Sicherstellung der Fahrzeugschl\u00fcssel erwartet den Beschuldigten ein Strafverfahren wegen Fahren ohne Fahrerlaubnis. <\/p>\n\n\n\n<h4 class=\"wp-block-heading\">(Ludwigshafen) &#8211; Unbekannter T\u00e4ter besch\u00e4digt PKW<\/h4>\n\n\n\n<p>Ein bislang unbekannter T\u00e4ter trat am 21.05.2020, gegen 01:20 Uhr, in der Hildebrandstra\u00dfe gegen den Au\u00dfenspiegel eines am Stra\u00dfenrand geparkten PKW Mini Cooper S und besch\u00e4digte selbigen. Ein Anwohner konnte den T\u00e4ter nach seiner Tat leider nur noch wegrennen sehen. Zeugen wenden sich bitte an die Polizeiinspektion Ludwigshafen 2 unter 0621-963-2222. <\/p>\n\n\n\n<h4 class=\"wp-block-heading\">(Ludwigshafen) &#8211; Badeunfall mit t\u00f6dlichem Ausgang<\/h4>\n\n\n\n<div class=\"wp-block-image\"><figure class=\"aligncenter\"><img decoding=\"async\" loading=\"lazy\" width=\"800\" height=\"533\" src=\"https:\/\/speyer24news.com\/wp-content\/uploads\/2020\/03\/candle-2905395_1920.jpg\" alt=\"\" class=\"wp-image-25905\" srcset=\"https:\/\/speyer24news.com\/wp-content\/uploads\/2020\/03\/candle-2905395_1920.jpg 800w, https:\/\/speyer24news.com\/wp-content\/uploads\/2020\/03\/candle-2905395_1920-300x200.jpg 300w, https:\/\/speyer24news.com\/wp-content\/uploads\/2020\/03\/candle-2905395_1920-768x512.jpg 768w\" sizes=\"(max-width: 800px) 100vw, 800px\" \/><\/figure><\/div>\n\n\n\n<p>Am Abend des 20.05. lie\u00dfen Eltern mit ihren 16-j\u00e4hrigen Sohn auf dem &#8222;Holz\u00b4schen Weiher&#8220; in Ludwighafen Gartenstadt ein ferngesteuertes Elektroboot fahren. Als dieses offenbar mit leeren Akku etwa 80 m vorm Ufer liegen blieb, wollte der 16-j\u00e4hrige schwimmend das Boot zur\u00fcckholen. Beim Anschwimmen zum Boot ging der Jugendliche pl\u00f6tzlich unter. Rettungsversuche durch den Vater und eines Passanten verliefen erfolglos. Zeitgleich wurde durch die Mutter ein Notruf abgesetzt. Der Rettungseinsatz der Taucherstaffel der Berufsfeuerwehr und des DRK musste sp\u00e4t in der Nacht erfolglos abgebrochen werden. Es kam auch Sonar und eine Drohne zum Einsatz. Am fr\u00fchen Morgen wurde die Suche fortgef\u00fchrt. Der Verungl\u00fcckte konnte am 21.05.2020 um 12:43 h lokalisiert und nachfolgend geborgen werden. Die Hinterbliebenen werden durch die psychosoziale Notfallversorgung des DRK betreut. <\/p>\n\n\n\n<h4 class=\"wp-block-heading\">(Ludwigshafen) &#8211; Badeunfall mit t\u00f6dlichem Ausgang<\/h4>\n\n\n\n<h4 class=\"wp-block-heading\" style=\"text-align:center\">Erg\u00e4nzung<\/h4>\n\n\n\n<p>Am Rettungs- bzw. Bergungseinsatz war auch die Berufsfeuerwehr Mannheim, das DLRG, sowie die Rettungshundestaffel der freiwilligen Feuerwehr Frankenthal beteiligt <\/p>\n\n\n\n<h4 class=\"wp-block-heading\">(Ludwigshafen) &#8211; Verkehrsunfallflucht<\/h4>\n\n\n\n<p>Am Mittwochvormittag, den 20.05.2020 um 09:40 Uhr, parkte ein 58-j\u00e4hriger Anwohner sein Auto am Stra\u00dfenrand vor seinem Wohnanwesen im Wei\u00dfdornhag in Ludwigshafen. Als sich der Fahrzeughalter zur Haust\u00fcr begab, h\u00f6rte er pl\u00f6tzlich ein lautes Krachen. Als er sich umdrehte, konnte er noch den linken Au\u00dfenspiegel seines Fahrzeuges zu Boden fallen sehen. Weiter sah er einen blauen PKW, welcher augenscheinlich aus Richtung Raschigstra\u00dfe kam, nach rechts in die K\u00f6nigsbacher Stra\u00dfe davon fahren. Der Unfallverursacher entfernte sich unerlaubt von der Unfallstelle. <\/p>\n\n\n\n<p>An dem geparkten Fahrzeug des Gesch\u00e4digten entstand ein Schaden von ca. 150 Euro. Gegen den unbekannten Unfallverursacher wurde ein Strafverfahren wegen des unerlaubten Entfernens vom Unfallort eingeleitet. Zeugen, die Hinweise zu dem gesuchten PKW, oder dem Fahrzugf\u00fchrer geben k\u00f6nnen, werden gebeten, sich mit der Polizeiinspektion Ludwigshafen 1 unter Tel: 0621\/963-2122 oder per E-Mail (<a href=\"mailto:piludwigshafen1@polizei.rlp.de\">piludwigshafen1@polizei.rlp.de<\/a>) in Verbindung zu setzen. <\/p>\n\n\n\n<h4 class=\"wp-block-heading\">(Ludwigshafen) &#8211; Unfall in der Leuschnerstra\u00dfe<\/h4>\n\n\n\n<p>Am 19.05.2020, gegen 22:25 Uhr, fuhr ein 45-J\u00e4hriger mit seinem Auto auf der Anilinstra\u00dfe in Richtung Leuschnerstra\u00dfe. Zur gleichen Zeit fuhr ein 26-J\u00e4hriger mit seinem Kleinkraftrad auf der Leuschnerstra\u00dfe in Richtung Ruthenplatz. Als der 45-J\u00e4hrige in die Leuschnerstra\u00dfe einfuhr, um nach links in Richtung Goerdelerplatz zu fahren, stie\u00df er mit dem 26-J\u00e4hrigen zusammen. Der 26-J\u00e4hrige verletzte sich und kam ins Krankenhaus. <\/p>\n\n\n\n<h4 class=\"wp-block-heading\">(B9 &#8211; Ludwigshafen) &#8211; Von Schwarzfahrt bis Schwarzarbeit \/ Interessante Sachverhalte bei Routinekontrollen durch Kontrolleure des gewerblichen G\u00fcterverkehrs festgestellt<\/h4>\n\n\n\n<div class=\"wp-block-image\"><figure class=\"aligncenter\"><img decoding=\"async\" loading=\"lazy\" width=\"800\" height=\"528\" src=\"https:\/\/speyer24news.com\/wp-content\/uploads\/2020\/05\/SVKTB9.jpg\" alt=\"\" class=\"wp-image-27273\" srcset=\"https:\/\/speyer24news.com\/wp-content\/uploads\/2020\/05\/SVKTB9.jpg 800w, https:\/\/speyer24news.com\/wp-content\/uploads\/2020\/05\/SVKTB9-300x198.jpg 300w, https:\/\/speyer24news.com\/wp-content\/uploads\/2020\/05\/SVKTB9-768x507.jpg 768w\" sizes=\"(max-width: 800px) 100vw, 800px\" \/><\/figure><\/div>\n\n\n\n<p>Ohne jede Absicherung auf der Standspur der Bundesstra\u00dfe 9 stand ein Lkw am Dienstagnachmittag, den 19.05.2020. Der Fahrer hatte dort geparkt, um seine vorgeschriebene Lenkzeitunterbrechung einzuhalten. Diese sollte allerdings l\u00e4nger werden, als er erwartet hatte. Denn bei Kontrolle stellten die Beamten des Schwerverkehrskontrolltrupps der ZVD Rheinpfalz der Polizeidirektion Neustadt fest, dass nicht nur das Parken unzul\u00e4ssig war, auch die Fahrt hin zu dem ungl\u00fccklich gew\u00e4hlten Parkplatz h\u00e4tte der Mann mit dem von ihm ausgeh\u00e4ndigten F\u00fchrerschein nicht vornehmen d\u00fcrfen. Seine im Ausland widerrechtlich erworbene Fahrerlaubnis ist nicht anzuerkennen. Auch zahlreiche weitere Fahrten ohne g\u00fcltige Fahrerlaubnis konnten die Polizisten dem Falschparker nach kurzen Ermittlungen nachweisen. Vorerst wird der Berufskraftfahrer die Fahrt nicht wiederaufnehmen d\u00fcrfen. Die falsche Parkplatzwahl endete mit Strafanzeigen. <\/p>\n\n\n\n<p>Ein am Montag, den 18.05.2020 als Beifahrer eines Schrotth\u00e4ndlers im Kleinlaster kontrollierter Moldawier sah in seiner verschmutzten Arbeitskleidung so gar nicht nach einem Touristen aus. Er besa\u00df jedoch lediglich die Erlaubnis zum Aufenthalt zu touristischen Zwecken. Besch\u00e4ftigung war ihm nicht erlaubt &#8211; erst recht keine illegale. Diesen Verdacht gewannen die Beamten des Schwerverkehrskontrolltrupps allerdings in Anbetracht der mitgef\u00fchrten Dieseltanks und Absaugschl\u00e4uche sowie der widerspr\u00fcchlichen Angaben der beiden M\u00e4nner. Nachdem die Beamten festgestellt hatten, dass der angebliche Tourist in den vergangenen Wochen offenbar schon mehrere tausend Euro widerrechtlich erlangten Geldes in sein Heimatland transferiert hatte, beschlagnahmten sie weitere 1000 Euro mitgef\u00fchrten Bargeldes im Rahmen der Gewinnabsch\u00f6pfung. Zudem sollte der Moldawier mehrere hundert Euro zur Sicherung des nun gegen ihn gef\u00fchrten Strafverfahrens wegen unerlaubten Aufenthalts hinterlegen. Um zu verhindern, dass er auch weiterhin schwere Ordnungswidrigkeiten und Straftaten begeht, wurden in Absprache mit den Ausl\u00e4nderbeh\u00f6rden aufenthaltsbeendende Ma\u00dfnahmen eingeleitet. Der Mann hat das Land umgehend zu verlassen. <\/p>\n\n\n\n<h4 class=\"wp-block-heading\">(Ludwigshafen) &#8211; LKW hinterlie\u00df lange \u00d6lspur in Baden-W\u00fcrttemberg und Rheinland-Pfalz<\/h4>\n\n\n\n<p>Am 19.05.2020, gegen 15:50 Uhr, wurde der Polizei eine \u00d6lspur gemeldet im Bereich der L523. Ein LKW sei \u00fcber die Kurt-Schumacher-Br\u00fccke aus Mannheim kommend in Fahrtrichtung A6 unterwegs gewesen und habe seine Ladung, in diesem Falle Raps\u00f6l, verloren. Als die Wegstrecke von der Polizei abgefahren wurde, konnte tats\u00e4chlich eine erheblich schmierige Verschmutzung der Fahrbahn im Bereich des BASF Tor 2, des Besucherzentrums, des Parkhauses Q920 bis zur Einm\u00fcndung Tor 12 und im Bereich der Auffahrt B9 zur A6 in Fahrtrichtung Kaiserslautern festgestellt werden. Mehrere Streifenwagen sicherten die Bereiche umgehend ab. Zudem wurde durch die Berufsfeuerwehr Ludwigshafen eine Reinigungsfirma beauftragt, die Stra\u00dfe zu s\u00e4ubern. Der Bereich der Auffahrt A6 wurde an die Verkehrsmeisterei Wattenheim \u00fcbergeben. Diese \u00fcbernahmen ebenfalls die Absicherungsma\u00dfnahmen und verst\u00e4ndigten ebenfalls eine Reinigungsfirma. Im Stadtgebiet Ludwigshafen kam es zu keinen bekannten Gef\u00e4hrdungen auf Grund des Raps\u00f6ls auf der Fahrbahn. Allerdings kam es stellenweise zu Verkehrsbeeintr\u00e4chtigungen. Im Stadtgebiet Mannheim kam es in Folge der Verunreinigungen zu einem Verkehrsunfall, der von der dortigen Polizei bearbeitet wurde. Der verursachender LKW konnte auf der A6 am Leininger Berg durch Polizeibeamte der Polizeiautobahnstation Ruchheim festgestellt und gestoppt werden. Der Tankinhalt musste in einen Ersatz-LKW umgepumpt werden. <\/p>\n\n\n\n<h4 class=\"wp-block-heading\">(Ludwigshafen) &#8211; Gartenger\u00e4te gestohlen<\/h4>\n\n\n\n<p>In der Zeit zwischen dem 18.05.2020, gegen 16:00 Uhr und dem 19.05.2020, gegen 11:50 Uhr, brachen unbekannte T\u00e4ter den Holzverschlag an einem Gartenh\u00e4uschen in der Kleingartenanlage &#8222;Zur Werre&#8220; in der Brunckstra\u00dfe auf. Sie stahlen verschiedene Gartengro\u00dfger\u00e4te und Gartenkleinger\u00e4te im Gesamtwert von etwa 500 Euro. <\/p>\n\n\n\n<p>Wer etwas beobachtet hat und Angaben zu den unbekannten T\u00e4tern machen kann, wird gebeten, sich an die Polizeiinspektion Ludwigshafen 1, 0621 963-2122 oder per E-Mail <a href=\"mailto:piludwigshafen1@polizei.rlp.de\">piludwigshafen1@polizei.rlp.de<\/a> zu wenden. <\/p>\n\n\n\n<h4 class=\"wp-block-heading\">(Ludwigshafen) &#8211; Radfahrer verursacht Unfall und fl\u00fcchtet<\/h4>\n\n\n\n<p>Am 19.05.2020, gegen 09:00 Uhr, fuhr eine 26-J\u00e4hrige mit ihrem Auto auf der Lenaustra\u00dfe in Richtung Rollesstra\u00dfe. Als aus der Stra\u00dfe &#8222;M\u00fchlauhafen&#8220; ein Fahrradfahrer kam, der ohne zu schauen nach links in die Lenaustra\u00dfe abbog und ihr die Vorfahrt nahm, machte sie eine Vollbremsung und wich ihm aus, um einen Zusammensto\u00df zu verhindern. Dies gelang ihr auch, allerdings stie\u00df sie dadurch gegen ein am Fahrbahnrand geparktes Auto. Der unbekannte Radfahrer entfernte sich vom Unfallort, ohne seinen Pflichten als Verkehrsunfallbeteiligter nachzukommen. <\/p>\n\n\n\n<p>Wer Angaben zu dem gefl\u00fcchteten Fahrradfahrer machen kann, wird gebeten, sich an die Polizeiinspektion Ludwigshafen 1, 0621 963-2122 oder per E-Mail <a href=\"mailto:piludwigshafen1@polizei.rlp.de\">piludwigshafen1@polizei.rlp.de<\/a> zu wenden. <\/p>\n\n\n\n<h4 class=\"wp-block-heading\">(Ludwigshafen) &#8211; Werkzeuge und Maschinen aus Garage gestohlen<\/h4>\n\n\n\n<p>Am 19.05.2020, gegen 09:00 Uhr, bemerkte eine 76-J\u00e4hrige, dass unbekannte T\u00e4ter aus ihrer Garage in der F\u00fcrstenstra\u00dfe einen Hochdruckreiniger, eine Tischbohrmaschine, einen Schlagbohrer sowie einen Winkelschleifer gestohlen hatten. <\/p>\n\n\n\n<p>Wer etwas beobachtet hat und Hinweise auf die T\u00e4ter geben kann, wird gebeten, sich an die Polizeiinspektion Ludwigshafen 1, 0621 963-2122 oder per E-Mail <a href=\"mailto:piludwigshafen1@polizei.rlp.de\">piludwigshafen1@polizei.rlp.de<\/a> zu wenden. <\/p>\n\n\n\n<h4 class=\"wp-block-heading\">(Ludwigshafen) &#8211; Zwei F\u00e4lle von Gewalt in engen sozialen Beziehungen<\/h4>\n\n\n\n<p>Am 19.05.2020, gegen 06:45 Uhr, rief eine 24-J\u00e4hrige bei der Polizei an und teilte mit, dass ihr Ex-Freund sie geschlagen habe. Als die Polizeibeamten bei ihr eintrafen, war der 25-J\u00e4hrige nicht mehr vor Ort. Die 24-J\u00e4hrige erkl\u00e4rte, ihr Ex-Freund sei aggressiv geworden und es sei zum Streit gekommen, in dessen Folge er ihren Kopf mit zwei H\u00e4nden gepackt und gegen die Wand gesto\u00dfen habe. Sie wurde dadurch verletzt und kam ins Krankenhaus. Als die Polizeibeamten zu der Wohnanschrift des 25-J\u00e4hrigen fuhren, wurde ihnen mitgeteilt, dass in der N\u00e4he ein Mann mit einer Eisenstange bedrohlich herumhantieren w\u00fcrde. Als die Polizeibeamten ankamen, stellten sie fest, dass es sich um den 25-J\u00e4hrigen handelte. Sie fesselten ihn und nahmen ihn aufgrund seines hohen Atemalkoholwertes in H\u00f6he von 2,23 Promille mit zur Dienststelle. Dort kam er in Gewahrsam und wurde gegen Abend wieder auf freien Fu\u00df gesetzt. Ihm wurde der Kontakt zur 24-J\u00e4hrigen f\u00fcr die n\u00e4chsten Tage verboten. Die 24-J\u00e4hrige wurde \u00fcber rechtliche M\u00f6glichkeiten und Anlaufstellen informiert. <\/p>\n\n\n\n<p>Am 19.05.2020, gegen 20:00 Uhr, meldete ein Ludwigshafener der Polizei laute Schreie aus einer Nachbarwohnung. Als die Polizeibeamten eintrafen, klingelten sie bei der Wohnung, aus der die Schreie zu h\u00f6ren waren und ein 34-J\u00e4hriger \u00f6ffnete die T\u00fcr w\u00e4hrend eine 33-J\u00e4hrige weinend um Hilfe schrie. Sie erkl\u00e4rte den Beamten, dass der 34-J\u00e4hrige ihr Ex-Freund sei und dass er eine eigene Wohnung habe. Er h\u00e4tte sie besucht, es sei zum Streit gekommen und dann habe der 34-J\u00e4hrige sie auf das Bett gedr\u00fcckt und geschlagen. Zudem habe er sie mit dem Tode bedroht. Die Polizeibeamten verwiesen den 34-J\u00e4hrigen aus der Wohnung und der Kontakt zur 33-J\u00e4hrigen wurde ihm f\u00fcr die n\u00e4chsten Tage verboten. Die Frau wurde \u00fcber rechtliche M\u00f6glichkeiten und Anlaufstellen informiert. <\/p>\n\n\n\n<p>Der Polizei kommt im Umgang mit h\u00e4uslicher Gewalt als st\u00e4ndig erreichbare und schnell verf\u00fcgbare Organisation eine entscheidende Rolle zu. Pr\u00e4vention, konsequente Strafverfolgung sowie weitreichender Opferschutz und Opferhilfe sollen Opfern von h\u00e4uslicher Gewalt effektiven Schutz gew\u00e4hren. <\/p>\n\n\n\n<p>Wenn auch Sie von h\u00e4uslicher Gewalt betroffen sind, nehmen Sie Kontakt mit uns auf. Bei allen Polizeidienststellen stehen Ihnen speziell geschulte Ansprechpartner zur Verf\u00fcgung. <\/p>\n\n\n\n<h4 class=\"wp-block-heading\">(Mannheim) &#8211; Kompletter Radlader gestohlen \/ Zeugen gesucht<\/h4>\n\n\n\n<p>Im Zeitraum zwischen Dienstag, 19.05.2020, 15.00 Uhr und Mittwoch, 20.05.2020, 06.50 Uhr, wurde bei einem Einbruch auf ein Baustellengel\u00e4nde neben dem Tierheim in Mannheim ein Radlader sowie andere Ger\u00e4te im Gesamtwert von fast 60.000 Euro entwendet. <\/p>\n\n\n\n<p>Nach dem bisherigen Stand der Ermittlungen fuhren die T\u00e4ter mit einem Tieflader \u00fcber die sonst wenig befahrene Max-Planck-Stra\u00dfe zur Baustelle f\u00fcr den Altrheind\u00fcker an und auch wieder ab. <\/p>\n\n\n\n<p>Die Wasserschutzpolizei Mannheim bittet Zeugen, verd\u00e4chtige Beobachtungen und Hinweise unter der Telefonnummer 0621 \/ 16870 zu melden. <\/p>\n\n\n\n<h4 class=\"wp-block-heading\">(Mannheim) &#8211; Lastwagen verliert Raps\u00f6l \/ Gesch\u00e4digte gesucht<\/h4>\n\n\n\n<h4 class=\"wp-block-heading\" style=\"text-align:center\">Pressemeldung Nr. 2<\/h4>\n\n\n\n<p>Wie bereits mit Meldung vom 19.05.20 mitgeteilt, kam es am Dienstagnachmittag im innerst\u00e4dtischen Bereich aufgrund ausgelaufenem Raps\u00f6l zu massiven Verkehrsst\u00f6rungen. Der 49-j\u00e4hrige Fahrer einer Sattelzugmaschine  hatte das \u00d6l zuvor bei einem Mannheimer Unternehmen geladen und fuhr anschlie\u00dfend in Richtung Rheinland-Pfalz, wobei er w\u00e4hrend der Fahrt eine unbekannte Menge \u00d6l verlor. Grund hierf\u00fcr war offensichtlich die \u00dcberladung des Tankes, weshalb das \u00dcberdruckventil  automatisch \u00f6ffnete und dadurch das \u00d6l auslaufen konnte. Obwohl der 49-j\u00e4hrige durch andere Verkehrsteilnehmer darauf aufmerksam gemacht wurde, setzte er seine Fahrt fort und nahm dadurch die Gef\u00e4hrdung anderer Verkehrsteilnehmer leichtfertig in Kauf. Bei der eingeleiteten Fahndung konnte er schlie\u00dflich durch eine Besatzung der Polizei Rheinland-Pfalz auf der BAB 6 gestoppt werden. Gegen den f\u00fcr eine rum\u00e4nische Firma fahrenden Mann wurde ein Ermittlungsverfahren wegen des Verdachts des gef\u00e4hrlichen Eingriffs in den Stra\u00dfenverkehr eingeleitet und sein F\u00fchrerschein beschlagnahmt. Zudem musste er eine Sicherheitsleistung hinterlegen. Folgende Stra\u00dfen in Mannheim wurden mit Raps\u00f6l ben\u00e4sst und dadurch extrem rutschig:  Bonadiestra\u00dfe &#8211; Inselstra\u00dfe &#8211; Industriestra\u00dfe &#8211; Fardelystra\u00dfe &#8211; Ludwig-Jolly-Stra\u00dfe &#8211; B 44 &#8211; Jungbuschbr\u00fccke und Kurt-Schuhmacher-Br\u00fccke . Insbesondere f\u00fcr  Zweiradfahrer entstand dadurch eine besonders gef\u00e4hrliche Situation. Bislang ist lediglich bekannt, dass ein Motorrad-Fahrer aufgrund der rutschigen Fahrbahn ins Schlingern geriet. Gl\u00fccklicherweise kam es zu keinem Unfall. Die Reinigungsarbeiten zogen sich mehrere Stunden hin. Zeitweise kam es zu massiven Verkehrsst\u00f6rungen. Die Polizei sucht nun weitere Verkehrsteilnehmer, die aufgrund der rutschigen Fahrbahn gef\u00e4hrdet wurden. Sie werden gebeten, sich bei der Verkehrspolizei Mannheim unter der Tel.-Nr. 0621\/174-4222  zu melden. <\/p>\n\n\n\n<h4 class=\"wp-block-heading\">(Mannheim-Innenstadt) &#8211; 61-J\u00e4hrige in den fr\u00fchen Morgenstunden \u00fcberfallen.<\/h4>\n\n\n\n<p>Eine 61-j\u00e4hrige Zeitungsaustr\u00e4gerin wurde am fr\u00fchen Dienstagmorgen in der Innenstadt Opfer eines \u00dcberfalls. Die Frau war gegen f\u00fcnf Uhr im Quadrat G 7 unterwegs und trug Zeitungen aus. Pl\u00f6tzlich lief ein unbekannter Mann auf sie zu und forderte sie unter Gewaltandrohung auf, Bargeld herauszugeben. Diese Forderung wiederholte er mehrere Male und ging immer weiter auf die Frau zu. Diese wich zun\u00e4chst zur\u00fcck. Mit dem R\u00fccken zur Wand stie\u00df sie den Unbekannten schlie\u00dflich von ihm weg, woraufhin dieser begann, mit den F\u00e4usten auf die 61-J\u00e4hrige einzuschlagen. Auch als diese am Boden lag, schlug er weiter auf sie ein. Erst als sich ein Fahrzeug dem Tatort n\u00e4herte, lie\u00df der Unbekannte von seinem Opfer ab und fl\u00fcchtete ohne Beute in Richtung Marktplatz. Im Rahmen der Fahndung konnte wenig sp\u00e4ter unweit des Tatorts ein 33-j\u00e4hriger Mann festgenommen werden. Nach erkennungsdienstlicher Behandlung und Erhebung einer DNA-Probe wurde der 33-J\u00e4hrige wieder auf freien Fu\u00df entlassen. Die Ermittlungen des Fachdezernats beim Kriminalkommissariat Mannheim dauern an. <\/p>\n\n\n\n<h4 class=\"wp-block-heading\">(Mannheim-Wohlgelegen) &#8211; Brand in einer Speditionswerkstatt \/ zwei Personen bei Arbeitsunfall verletzt<\/h4>\n\n\n\n<p>Ein Funkenflug bei Trennschleifarbeiten war vermutlich die Ursache f\u00fcr ein Feuer in einer Speditionswerkstatt in der Christian-Friedrich-Schwan-Stra\u00dfe am Dienstagmorgen gegen 10.00 Uhr. Hierbei in Brand geratenes Verpackungsmaterial konnte noch vor dem Eintreffen eines L\u00f6schzuges der Feuerwache-Nord durch Firmenmitarbeiter gel\u00f6scht werden. Starke Rauchentwicklung machte umfangreiche Bel\u00fcftungsma\u00dfnahmen durch die Feuerwehr erforderlich. Die anwesenden Not\u00e4rzte versorgten die beiden Mitarbeiter noch vor Ort. Mit einem Rettungswagen wurden beide wegen des Verdachts einer Rauchgasintoxikation vorsorglich in eine Klinik eingeliefert. Das Ausma\u00df des Schadens ist derzeit noch unbekannt. Das Werkstattgeb\u00e4ude wurde durch das Feuer nicht in Mitleidenschaft gezogen. Die Brandermittler des Polizeireviers Mannheim-Neckarstadt haben die weiteren Ermittlungen aufgenommen. <\/p>\n\n\n\n<h4 class=\"wp-block-heading\">(Mannheim-Rheinau) &#8211; Bei Diebstahl aus Pkw \u00fcberrascht und gefl\u00fcchtet<\/h4>\n\n\n\n<p>Am Mittwochabend hatte ein 24-J\u00e4hriger seinen Pkw in der Helmertstra\u00dfe in Mannheim-Rheinau geparkt. Als er gegen 22.35 Uhr zu seinem VW zur\u00fcckkam sah er, wie eine fremde m\u00e4nnliche Personen darinsa\u00df und diesen durchsuchte. Als sich der T\u00e4ter durch den Fahrzeugf\u00fchrer ertappt f\u00fchlte, fl\u00fcchtete er in Richtung des Skater-Parks. Durch den Gesch\u00e4digten wurde festgestellt, dass eine Scheibe eingeschlagen und seine Geldb\u00f6rse entwendet wurde. Im Anschluss verst\u00e4ndigte er die Polizei. Eine sofort eingeleitete Fahndung mit mehreren Streifenwagen blieb erfolglos. <\/p>\n\n\n\n<p>Der T\u00e4ter war:<\/p>\n\n\n\n<ul><li> circa 180cm gro\u00df<\/li><li> bekleidet mit einer grauen Hose, schwarzem Oberteil und schwarzen Schuhen<\/li><li>Er hatte einen schwarzen Rucksack dabei und trug eine schwarze Kappe.<\/li><\/ul>\n\n\n\n<p>Weitere Gesch\u00e4digte oder Zeugen, welche sachdienliche Angaben machen k\u00f6nnen werden gebeten, sich beim Polizeirevier Mannheim-Neckarau unter Tel.: 0621 \/ 833970 zu melden. <\/p>\n\n\n\n<h4 class=\"wp-block-heading\">(Mannheim-K\u00e4fertal) &#8211; Brand eines Kinderwagens verursacht Sachschaden<\/h4>\n\n\n\n<p>Am Mittwochnachmittag gegen 17.00 Uhr wurde der Feuerwehr Mannheim ein vermeintlicher Kellerbrand in einem Mehrfamilienhaus im Caroline-Jagemann-Weg mitgeteilt. Vor Ort konnte durch die Einsatzkr\u00e4fte ein in Brand geratener Kinderwagen festgestellt werden. Dieser war im Untergeschoss des Mehrfamilienhauses abgestellt worden und aus bislang unbekannter Ursache in Brand geraten. Gl\u00fccklicherweise wurde das Feuer durch das beherzte Eingreifen der Anwohner schnell gel\u00f6scht, sodass lediglich der Kinderwagen in Mitleidenschaft gezogen wurde. Der Sachschaden wird auf circa 100,- Euro gesch\u00e4tzt. Verletzt wurde niemand. Nachdem durch die Feuerwehr das Treppenhaus gel\u00fcftet wurde konnte der Einsatz beendet werden. Wer sachdienliche Hinweise zum Sachverhalt geben kann wird gebeten, sich mit dem Polizeirevier Mannheim-K\u00e4fertal unter Tel. 0621 &#8211; 718490 in Verbindung zu setzen. <\/p>\n\n\n\n<h4 class=\"wp-block-heading\">(MA-Sandhofen &#8211; Viernheim \/ A 6 \/ Rhein-Neckar-Kreis) &#8211;  wegen Verkehrsunfalls f\u00fcr 2 Stunden voll gesperrt<\/h4>\n\n\n\n<div class=\"wp-block-image\"><figure class=\"aligncenter\"><img decoding=\"async\" loading=\"lazy\" width=\"800\" height=\"600\" src=\"https:\/\/speyer24news.com\/wp-content\/uploads\/2020\/05\/VerkehrsunfallBAB6.jpg\" alt=\"\" class=\"wp-image-27274\" srcset=\"https:\/\/speyer24news.com\/wp-content\/uploads\/2020\/05\/VerkehrsunfallBAB6.jpg 800w, https:\/\/speyer24news.com\/wp-content\/uploads\/2020\/05\/VerkehrsunfallBAB6-300x225.jpg 300w, https:\/\/speyer24news.com\/wp-content\/uploads\/2020\/05\/VerkehrsunfallBAB6-768x576.jpg 768w, https:\/\/speyer24news.com\/wp-content\/uploads\/2020\/05\/VerkehrsunfallBAB6-678x509.jpg 678w, https:\/\/speyer24news.com\/wp-content\/uploads\/2020\/05\/VerkehrsunfallBAB6-326x245.jpg 326w, https:\/\/speyer24news.com\/wp-content\/uploads\/2020\/05\/VerkehrsunfallBAB6-80x60.jpg 80w\" sizes=\"(max-width: 800px) 100vw, 800px\" \/><\/figure><\/div>\n\n\n\n<p>Am Donnerstagabend gegen 19:45 Uhr kam es auf der BAB 6 in Richtung Viernheim, unmittelbar vor der Anschlussstelle Mannheim-Sandhofen zu einem schweren Verkehrsunfall mit drei beteiligten Pkws. Eine 34-j\u00e4hrige Frau aus Dossenheim \u00fcbersah den z\u00fcgig herannahenden Pkw eines 20-j\u00e4hrigen Mannes aus Heiligkreuzsteinach, als sie von dem rechten auf den linken Fahrstreifen wechseln wollte. Durch den starken Aufprall auf das Heck des Pkws der Dame wurde dieser auf den vor ihr fahrenden Pkw eines 35-j\u00e4hrigen Hamburgers geschoben. Die Dossenheimerin wurde durch den Verkehrsunfall schwer und die beiden anderen Fahrer leicht verletzt. Lebensgefahr besteht nach Angaben des Rettungsdienstes nicht. Alle drei Personen wurden in umliegende Krankenh\u00e4user verbracht. Der Gesamtschaden d\u00fcrfte sich auf ca. 30.000EUR belaufen. Die Autobahn musste zur Unfallaufnahme voll gesperrt werden. Eine Ableitung des Verkehrs wurde an der Anschlussstelle Ludwigshafen-Nord eingerichtet. Ab 21:30 Uhr konnte zumindest der rechte Fahrstreifen wieder ge\u00f6ffnet werden. Die Aufr\u00e4umarbeiten werden noch bis in die Nachtstunden andauern. Neben der Polizeiautobahnstation Ruchheim waren mehrere Rettungswagen mit Not\u00e4rzten, Feuerwehren aus Mannheim und Frankenthal und die Autobahnmeisterei Mannheim-Seckenheim im Einsatz. <\/p>\n\n\n\n<h4 class=\"wp-block-heading\">(Mannheim-Sandhofen) &#8211; Durch brennenden Pkw Fahrbahn stark besch\u00e4digt<\/h4>\n\n\n\n<p>Am Mittwoch kam es gegen 10 Uhr auf der B44 in Fahrtrichtung Mannheim, zwischen Kirchgartshausen und dem Ortsteil MA-Scharhof, zu einem Fahrzeugbrand. Nachdem der Brand durch die Feuerwehr gel\u00f6scht worden war, wurde das Fahrzeug abgeschleppt. Es zeigte sich hierbei, dass der Brand die Fahrbahnoberfl\u00e4che stark besch\u00e4digt hat. Aus diesem Grund ist der linke Fahrstreifen in Fahrtrichtung Mannheim in den n\u00e4chsten Tagen gesperrt. Verletzt wurde niemand. Die Brandursache ist derzeit unbekannt. Die polizeilichen Ermittlungen dauern an. <\/p>\n\n\n\n<h4 class=\"wp-block-heading\">(Heidelberg) &#8211; Schwer verletzter Radfahrer \/ Zeugen gesucht!<\/h4>\n\n\n\n<p>Am fr\u00fchen Mittwochmorgen gegen 01.45 Uhr meldeten Zeugen einen verletzten Radfahrer in der Rohrbacher Stra\u00dfe, H\u00f6he Einm\u00fcndung &#8222;An der Markscheide&#8220;. Der 26-j\u00e4hrige Radfahrer war vermutlich in Richtung Leimen unterwegs als er st\u00fcrzte. Als die Zeugen ihn fanden lag er unter seinem Fahrrad im Gleisbereich. Aufgrund des Sturzes hatte er sich schwere Kopfverletzungen zugezogen und wurde in eine Klinik eingeliefert. Zur Kl\u00e4rung des Unfallhergangs sucht der Verkehrsdienst Heidelberg Zeugen die Angaben zum Unfall machen k\u00f6nnen, wie auch Personen die den Radfahrer vor dem Unfall gesehen haben. Die Hinweise werden unter 0621\/174-4140 entgegengenommen. <\/p>\n\n\n\n<h4 class=\"wp-block-heading\">(Heidelberg) &#8211; Gasgeruch sorgt f\u00fcr Einsatz von Polizei und Feuerwehr<\/h4>\n\n\n\n<p>Am 19.05.2020, gegen 19:08 Uhr erreichte die Polizei in Heidelberg der Hinweis eines B\u00fcrgers, dass es im Bereich der Baustelle in der Friedrich-Ebert-Anlage nach Gas riechen w\u00fcrde. Die Baustelle in der N\u00e4he des H\u00f6lderlin-Gymnasiums wurde von einer Streife der Polizei und den ebenfalls verst\u00e4ndigten Kr\u00e4ften der Feuerwehr Heidelberg aufgesucht und kontrolliert. Tats\u00e4chlich konnte dort ein Gas-Geruch festgestellt werden, daher wurde der Bereich der Friedrich-Ebert-Anlage weitr\u00e4umig abgesperrt. Der Fahrzeugverkehr wurde abgeleitet, auch die RNV veranlasste eine Umleitung ihrer Busse. Nach Abschluss aller Messungen konnte die Feuerwehr um 20:30 Uhr Entwarnung geben. Durch das austretende Gas bestand keine Gefahr f\u00fcr die B\u00fcrger, daher konnten die Absperrma\u00dfnahmen aufgehoben werden, zu nennenswerten Behinderungen kam es nicht. Am folgenden Tag werden die Stadtwerke Heidelberg versuchen die Hintergr\u00fcnde f\u00fcr die Geruchsbel\u00e4stigung genauer in Erfahrung zu bringen. <\/p>\n\n\n\n<h4 class=\"wp-block-heading\">(Heidelberg \/ A 565) &#8211; Auffahrunfall mit drei Beteiligten<\/h4>\n\n\n\n<p>Ein Auffahrunfall mit drei beteiligten Fahrzeugen ereignete sich am Dienstagvormittag auf der A 656 bei Heidelberg. Ein 27-j\u00e4hriger Mann war kurz nach elf Uhr mit seinem VW Transporter auf der BAB 656\/B37 in Richtung Heidelberg unterwegs. Kurz vor der Ausfahrt in Richtung Heidelberg-Wieblingen musste er verkehrsbedingt stark abbremsen. Die nachfolgende 62-j\u00e4hrige VW-Fahrerin konnte noch bremsen. Ein dahinter fahrender 65-J\u00e4hriger konnte seinen Volvo nicht mehr rechtzeitig abbremsen und fuhr der VW-Fahrerin auf. Anschlie\u00dfend schob diese dann gegen den Transporter. <\/p>\n\n\n\n<p>Alle Beteiligten kamen mit dem Schrecken davon und blieben unverletzt. Der Volvo und der VW mussten abgeschleppt werden. Der Sachschaden wird auf rund 15.000 Euro gesch\u00e4tzt. <\/p>\n\n\n\n<h4 class=\"wp-block-heading\">(Heidelberg-Neuenheim) &#8211; Bewohner eingeschlafen \/ Essen angebrannt<\/h4>\n\n\n\n<p>Am Mittwoch gegen 17.00 Uhr wurde durch Anwohner der Bleichstra\u00dfe die Feuerwehr Heidelberg verst\u00e4ndigt, da im dortigen Bereich zum einen starker Rauchgeruch wahrzunehmen und zum anderen ein Feuermelder zu h\u00f6ren war. Durch eine Streife des Polizeirevier Heidelberg-Nord konnte der Rauchgeruch ebenfalls wahrgenommen und der Feuermelder in einer Privatwohnung ausfindig gemacht werden. Da auf mehrfaches Klingeln und Klopfen an der besagten Wohnung niemand \u00f6ffnete, gelangte die Feuerwehr, welche mit einem L\u00f6schzug vor Ort war, \u00fcber ein offen stehendes Fenster in die Wohnung. Dort konnte der 53-j\u00e4hrige Bewohner unverletzt angetroffen werden. Dieser war eingeschlafen, w\u00e4hrend er das Essen auf dem Herd stehen hatte. Bis auf eine verkohlte Mahlzeit entstand gl\u00fccklicherweise kein Schaden. <\/p>\n\n\n\n<h4 class=\"wp-block-heading\">(Plankstadt \/ Schwetzingen \/ B535 \/ Rhein-Neckar-Kreis) &#8211; M\u00fclltransporter besch\u00e4digt Tunnel<\/h4>\n\n\n\n<p>Am Mittwochvormittag musste der B535-Tunnel auf H\u00f6he der St\u00e4dte Plankstadt und Schwetzingen in Fahrtrichtung Mannheim gesperrt werden. Der Verkehr wird \u00f6rtlich umgeleitet. <\/p>\n\n\n\n<p>Gegen 9.45 Uhr fuhr ein M\u00fclltransporter auf der Bundesstra\u00dfe wobei sich kurz vor Einfahrt in den Tunnel die Heckklappe nach oben \u00f6ffnete. Der Fahrer des ungeladenen Lastkraftwagens bemerkte dies offenbar nicht und fuhr in den Tunnel ein. Dabei stie\u00df die ge\u00f6ffnete Klappe an die Deckenbebauung, welche auf einer L\u00e4nge von mindestens 50 Metern besch\u00e4digt wurde. Ein dahinter fahrender Zeuge stoppte daraufhin umgehend seine Fahrt und versperrte mit seinem Lkw den Tunnel um andere Verkehrsteilnehmer auf die Situation aufmerksam zu machen. Der Tunnel musste wegen Tr\u00fcmmerteilen der besch\u00e4digten Deckenaufh\u00e4ngung in Fahrtrichtung Mannheim voll gesperrt werden. Der sich stauende Verkehr wurde umgeleitet. <\/p>\n\n\n\n<h4 class=\"wp-block-heading\">(Plankstadt \/ Rhein-Neckar-Kreis) &#8211; Zwei Schwerverletzte bei Auffahrunfall \/ Schaden ca. 18.000 Euro<\/h4>\n\n\n\n<p>Bei einem Verkehrsunfall am Dienstag gegen 10.40 Uhr auf der Kreisstra\u00dfe 4147 zwischen Plankstadt und Eppelheim wurden zwei Autofahrer schwer verletzt. Ein 52-j\u00e4hriger Fahrer eines Mercedes musste verkehrsbedingt anhalten, da davor ein Autofahrer nach links abbiegen wollte und wegen Gegenverkehr warten musste. Ein nachfolgender 49-j\u00e4hriger Fahrer eines Mercedes Sprinter erkannte die Situation zu sp\u00e4t und fuhr nahezu ungebremst ins Heck des stehenden Mercedes. Durch den heftigen Aufprall wurde der Mercedes etwa 30 Meter nach vorne geschoben. Beide Fahrer wurden schwer verletzt, sie wurden nach der Erstversorgung durch einen Notarzt mit Rettungsfahrzeugen in eine Klinik nach Heidelberg eingeliefert. An den beiden Fahrzeugen entstand Sachschaden von ca. 18.000 Euro. Die Autos wurden abgeschleppt, zur Reinigung der Fahrbahn musste eine Spezialfirma hinzugezogen werden. <\/p>\n\n\n\n<p>Die Unfallaufnahme sowie die Bergungs- und Reinigungsarbeiten dauern auch zum Berichtszeitpunkt an. Die entstandenen Sch\u00e4den werden derzeit untersucht. Wie lange die Durchfahrt noch gesperrt bleibt ist bislang unklar, ebenso die Summe des entstandenen Schadens. Der unfallverursachende Fahrer blieb unverletzt. Weshalb die Heckklappe \u00f6ffnete ermittelt nun die Beamten des Verkehrsdienstes Heidelberg. <\/p>\n\n\n\n<h4 class=\"wp-block-heading\">(Walldorf \/ Rhein-Neckar-Kreis) &#8211; Mit \u00fcber 1,5 Promille am Steuer<\/h4>\n\n\n\n<p>Zwei jungen Frauen fiel am Mittwoch, kurz nach Mitternacht ein Audi auf dem Pendlerparkplatz bei der Anschlussstelle Walldorf auf, da dessen Fahrer beim Aussteigen stark lallte und zudem eine Bierflasche in der Hand hielt. Die beiden Frauen merkten sich das Kennzeichen und verst\u00e4ndigten die Polizei. An der Halteranschrift konnte eine Streifenbesatzung des Polizeireviers Wiesloch den Fahrer antreffen. Bei einer Alkohol\u00fcberpr\u00fcfung zeigte sich, dass der 48-j\u00e4hrige Mann fast 1,6 Promille hatte. Sein F\u00fchrerschein wurde daraufhin einbehalten und ihm wurde auf der Dienststelle eine Blutprobe entnommen. Ihn erwartet nun eine Strafanzeige wegen Trunkenheit im Verkehr. <\/p>\n\n\n\n<h4 class=\"wp-block-heading\">(Walldorf \/ Rhein-Neckar-Kreis) &#8211; Mauer einer Lagerhalle gerammt und abgehauen \/ Polizei sucht Zeugen<\/h4>\n\n\n\n<p>Einen Unfall verursachte ein unbekannter Verkehrsteilnehmer in der Zeit zwischen Samstagabend, 16.05.2020 und Montagmittag, 18.05.2020 in Walldorf. Der Unbekannte befuhr in dem genannten Zeitraum das Gel\u00e4nde einer Tankstelle in der Edisonstra\u00dfe. Dabei rammte er offenbar die Au\u00dfenmauer einer angrenzenden Lagerhalle. Dadurch lockerten sich mehrere Steine und wurden teilweise ins Halleninnere gedr\u00fcckt. Zudem entstand ein Riss an der Mauer bis zum Hallendach. Inwiefern hierdurch die Statik der Halle beeintr\u00e4chtigt ist bedarf der weiteren Ermittlungen. Der Sachschaden wird auf \u00fcber 10.000 Euro gesch\u00e4tzt. <\/p>\n\n\n\n<p>Nach derzeitigem Erkenntnisstand ist davon auszugehen, dass es sich bei dem unfallverursachenden Fahrzeug um einen Lkw-Zug oder einen Sattelzug gehandelt hat. <\/p>\n\n\n\n<p>Zeugen, die verd\u00e4chtige Wahrnehmungen gemacht oder den Unfall beobachtet haben, werden gebeten, sich beim Polizeirevier Wiesloch, Tel.: 06222\/5709-0 zu melden. <\/p>\n\n\n\n<h4 class=\"wp-block-heading\">(St. Leon-Rot \/ Rhein-Neckar-Kreis) &#8211; Beim Ausparken gegen Auto gesto\u00dfen und einfach weggefahren \/ Zeugen gesucht<\/h4>\n\n\n\n<p>Eine unbekannte Autofahrerin verursachte am Dienstagabend in St. Leon-Rot einen Verkehrsunfall und fuhr anschlie\u00dfend einfach davon. Die Frau fuhr gegen 18.30 Uhr mit ihrem Kleinwagen r\u00fcckw\u00e4rts aus einer Parkl\u00fccke auf dem Parkplatz eines Lebensmitteldiscounters in der Stra\u00dfe &#8222;Im Schiff&#8220; heraus. Anschlie\u00dfend stie\u00df sie beim Vorw\u00e4rtsfahren gegen das Heck des daneben abgestellten VW Passat. Nachdem sie nochmals zur\u00fcckgesetzt hatte, wollte sie davonfahren. Eine Zeugin, die den Unfall beobachtet hatte, sprach die \u00e4ltere Dame an und forderte sie auf, zu warten, bis der Passat-Fahrer zur\u00fcckkehrte. Obwohl die Dame dies zusicherte, fuhr sie anschlie\u00dfend davon. <\/p>\n\n\n\n<p>Bei dem Fahrzeug der \u00e4lteren unbekannten Dame soll es sich um einen roten Kleinwagen mit HD-Kennzeichen gehandelt haben. Bei der Fahrerin soll es sich um eine \u00e4ltere Dame mit Brille und kurzen grauen Haaren gehandelt haben. <\/p>\n\n\n\n<p>Zeugen, die den Unfall beobachtet haben und sachdienliche Hinweise zur Unfallverursacherin und deren Fahrzeug geben k\u00f6nnen, werden gebeten, sich beim Polizeirevier Wiesloch, Tel.: 06222\/5709-0 zu melden. <\/p>\n\n\n\n<h4 class=\"wp-block-heading\">(Mauer \/ Rhein-Neckar-Kreis) &#8211; Au\u00dfenlandung eines Segelfliegers nahe der B 45<\/h4>\n\n\n\n<p>Durch Anwohner wurde am Donnerstagmittag gegen 14.50 Uhr im Bereich des Steinbruchs ein sehr tief fliegendes Segelflugzeug gemeldet, welches m\u00f6glicherweise dort im Bereich gelandet sei. Bei der Nachschau konnte \u00f6stlich der B 45 zwischen den dortigen Fahrradwegen und der Elsenz auf einer Gr\u00fcnfl\u00e4che der 19-j\u00e4hrige Pilot mit seinem Segelflugzeug angetroffen werden. Dieser befand sich auf einem Rundflug von Ha\u00dfloch \u00fcber Stuttgart zur\u00fcck nach Ha\u00dfloch und musste an genannter \u00d6rtlichkeit eine kontrollierte Au\u00dfenlandung aufgrund fehlender Thermik durchf\u00fchren. Gl\u00fccklicherweise wurde bei der Landung niemand verletzt und auch der Segelflieger nicht besch\u00e4digt. Eine Gef\u00e4hrdung des Verkehrs auf der nahegelegenen B 45 war nicht gegeben. Die Abholung des Segelfliegers wurde durch den Piloten selbst organisiert. <\/p>\n\n\n\n<h4 class=\"wp-block-heading\">(Wiesenbach \/ Rhein-Neckar-Kreis) &#8211; Motorradfahrer f\u00e4hrt auf Pkw auf und verletzt sich schwer<\/h4>\n\n\n\n<p>Am Donnerstagabend, gegen 19.00 Uhr, fuhr eine Opel-Fahrerin auf der Hauptstra\u00dfe (L532) in Wiesenbach in Richtung Langenzell. Kurz vor der Einm\u00fcndung Schlo\u00dfberg bremste sie an der dortigen Ampel ihr Fahrzeug ab. Ein nachfolgender Motorradfahrer erkannte die Situation zu sp\u00e4t und fuhr auf den Opel Corsa auf. Durch den Unfall zog sich der 59-j\u00e4hrige Motorradfahrer schwere Verletzungen zu und wurde mit einem Rettungshubschrauber in eine Unfallklinik gebracht. Die Autofahrerin blieb unverletzt. Beide Fahrzeuge mussten abgeschleppt werden. Der Sachschaden bel\u00e4uft sich auf ca. 18.000 Euro. Die Hauptstra\u00dfe musste zeitweise gesperrt werden. Der Verkehr wurde \u00f6rtlich umgeleitet. <\/p>\n\n\n\n<h4 class=\"wp-block-heading\">(Helmstadt-Bargen \/ Rhein-Neckar-Kreis) &#8211; Einbruch bei Koih\u00e4ndler<\/h4>\n\n\n\n<p>Unbekannte brachen offenbar in der Nacht von Montag 17 Uhr auf Dienstag 07:30 Uhr im Ortsteil Flinsbach in die Gesch\u00e4ftsr\u00e4ume eines Koi-H\u00e4ndlers ein. \u00dcber die aufgebrochene Hintert\u00fcr gelangte der oder die T\u00e4ter in das Anwesen. Entwendet wurde aber nach ersten Erkenntnissen nichts. Der Polizeiposten Waibstadt hat die Ermittlungen \u00fcbernommen und erhofft sich nun Hinweise aus der Bev\u00f6lkerung, die sachdienliche Hinweise geben k\u00f6nnen, oder im relevanten Zeitraum verd\u00e4chtige Wahrnehmungen gemacht haben. Hinweise nimmt der Polizeiposten Waibstadt unter der Rufnummer 07263\/5807 entgegen, oder au\u00dferhalb der B\u00fcrozeiten das Polizeirevier Sinsheim unter der Rufnummer 07261\/690-0. <\/p>\n\n\n\n<h4 class=\"wp-block-heading\">(Eberbach \/ Rhein-Neckar-Kreis) &#8211; Farbschmierereien an Schulgeb\u00e4ude \/ T\u00e4terfestnahme<\/h4>\n\n\n\n<p>Donnerstagnacht gegen 00.45 Uhr wurde durch einen aufmerksamen Passanten gemeldet, dass an einem Schulgeb\u00e4ude im Parallelweg in Eberbach mehrere Graffitisprayer ihr Unwesen treiben w\u00fcrden. Bereits auf dem Parkplatz der Schule konnten mehrere Personen festgestellt werden, welche jedoch bei Erblicken des Streifenwagens vom Polizeirevier Eberbach in verschiedene Richtungen davonrannten. Durch die eingesetzten Beamten wurde fu\u00dfl\u00e4ufig die Verfolgung aufgenommen, wobei nach kurzer Strecke einer der T\u00e4ter eingeholt werden konnte. Bei der Festnahme hatte der 19-J\u00e4hrige sogar noch eine Spraydose bei sich, welche mit der Farbe der frischen Graffitis am Geb\u00e4ude \u00fcbereinstimmten. Am Schulgeb\u00e4ude konnten mehrere Farbschmierereien festgestellt werden, wobei die Schadensh\u00f6he noch nicht bekannt ist. Die weiteren Ermittlungen zur Sachbesch\u00e4digung werden durch das Polizeirevier Eberbach gef\u00fchrt. <\/p>\n\n\n\n<h4 class=\"wp-block-heading\">(Eberbach \/ Br\u00fchl \/ Rhein-Neckar-Kreis) &#8211; Versuchter Enkeltrick \/ Senioren haben Lunte gerochen<\/h4>\n\n\n\n<p>Zu zwei Betrugsversuchen mit der Masche &#8222;Enkeltrick&#8220; kam es am Dienstagmittag gegen 12 Uhr in Br\u00fchl und gegen 15 Uhr in Eberbach. Beide Male wurde den 78 und 90 Jahre alten Senioren durch einen m\u00e4nnlichen Anrufer vorgegaukelt, dass man der Enkel, bzw. ein fr\u00fcherer Klassenkamerad sei und nach einem Verkehrsunfall finanzielle Hilfe in Form von Bargeld und Schmuck ben\u00f6tigen w\u00fcrde. Die Anrufe erfolgten jeweils mit unterdr\u00fcckter Nummer. Beide Senioren sch\u00f6pften Verdacht auf einen Betrugsversuch und so wurden die Telefonate rasch beendet, ohne, dass es zu einem finanziellen Schaden kam. <\/p>\n\n\n\n<p>Die Polizei r\u00e4t weiterhin, die folgenden Ratschl\u00e4ge zu beherzigen: <\/p>\n\n\n\n<ul><li>Seien Sie nicht zu vertrauensselig, hinterfragen Sie kritisch! <\/li><li>Vergewissern Sie sich genau, mit wem Sie es zu tun haben! <\/li><li>\u00dcbergeben Sie niemals Geld, Schmuck oder Wertgegenst\u00e4nde an       Unbekannte oder deponieren es irgendwo zur Abholung! <\/li><li>Verst\u00e4ndigen Sie bereits bei kleinsten Zweifeln die Polizei! <\/li><\/ul>\n\n\n\n<p>Auf die M\u00f6glichkeit einer kostenfreien ausf\u00fchrlichen Beratung durch die Kriminalpolizeiliche Beratungsstelle des Polizeipr\u00e4sidiums Mannheim unter 0621\/174-1212 sei hingewiesen. <\/p>\n\n\n\n<h4 class=\"wp-block-heading\">(Ladenburg \/ Rhein-Neckar-Kreis) &#8211; Gro\u00dfbrand in Produktionshalle einer Kunststofffabrik \/ Kriminalpolizei ermittelt<\/h4>\n\n\n\n<h4 class=\"wp-block-heading\" style=\"text-align:center\">Pressemitteilung Nr. 3<\/h4>\n\n\n\n<div class=\"wp-block-image\"><figure class=\"aligncenter\"><img decoding=\"async\" loading=\"lazy\" width=\"800\" height=\"577\" src=\"https:\/\/speyer24news.com\/wp-content\/uploads\/2020\/05\/98191721_3211332672244390_7118550037012938752_o.jpg\" alt=\"\" class=\"wp-image-27260\" srcset=\"https:\/\/speyer24news.com\/wp-content\/uploads\/2020\/05\/98191721_3211332672244390_7118550037012938752_o.jpg 800w, https:\/\/speyer24news.com\/wp-content\/uploads\/2020\/05\/98191721_3211332672244390_7118550037012938752_o-300x216.jpg 300w, https:\/\/speyer24news.com\/wp-content\/uploads\/2020\/05\/98191721_3211332672244390_7118550037012938752_o-768x554.jpg 768w\" sizes=\"(max-width: 800px) 100vw, 800px\" \/><\/figure><\/div>\n\n\n\n<p>Nach einem Gro\u00dfbrand am Dienstag im Gewerbegebiet Ladenburg dauerten die L\u00f6scharbeiten bis in die sp\u00e4ten Abendstunden an. Auch in der Nacht wurde durch die Brandwache der Feuerwehr immer wieder kleinere Brandherde gel\u00f6scht, die drohten sich erneut zu entz\u00fcnden. <\/p>\n\n\n\n<p>Die Stra\u00dfensperrungen aufgrund verlegter L\u00f6schwasserschl\u00e4uche wurden kurz vor 21 Uhr am Dienstagabend aufgehoben. <\/p>\n\n\n\n<p>Eine erste Inaugenscheinnahme des Brandortes durch die Brandexperten des Kriminalkommissariats Mannheim sowie Vertretern der Feuerwehr am Mittwochvormittag ergab, dass die betroffene Produktionshalle einsturzgef\u00e4hrdert ist. Ein Sachverst\u00e4ndiger wurde beauftragt die Statik zu \u00fcberpr\u00fcfen. Der Brandort wird nach entsprechender Freigabe von den Ermittlern untersucht. <\/p>\n\n\n\n<p>An dem Geb\u00e4ude sowie den Produktionsmaschinen und gelagertem Material entstand ein Schaden in Millionenh\u00f6he. <\/p>\n","protected":false},"excerpt":{"rendered":"<div class=\"mh-excerpt\"><p>Polizeimeldungen vom Mittwoch &amp; Donnerstag (20.05. &amp; 21.05.2020) (Speyer) &#8211; Unter Cannabiseinfluss ein Fahrzeug gef\u00fchrt In der Nacht zum Donnerstag wurden ein 22-j\u00e4hriger PKW-Fahrer aus Speyer und seine drei Mitfahrer in der Landauer Stra\u00dfe einer <a class=\"mh-excerpt-more\" href=\"https:\/\/speyer24news.com\/?p=27271\" title=\"Polizei\">[&#8230;]<\/a><\/p>\n<\/div>","protected":false},"author":3,"featured_media":0,"comment_status":"open","ping_status":"open","sticky":false,"template":"","format":"standard","meta":{"_monsterinsights_skip_tracking":false,"_monsterinsights_sitenote_active":false,"_monsterinsights_sitenote_note":"","_monsterinsights_sitenote_category":0,"footnotes":""},"categories":[12],"tags":[3614,61,2555,6955,6986,6263,63,105,6987,53,4854,4683,1548,102,213,55,5261,103,106,2803,2423,427,2625,380,62,104,979,1565],"aioseo_notices":[],"amp_enabled":true,"_links":{"self":[{"href":"https:\/\/speyer24news.com\/index.php?rest_route=\/wp\/v2\/posts\/27271"}],"collection":[{"href":"https:\/\/speyer24news.com\/index.php?rest_route=\/wp\/v2\/posts"}],"about":[{"href":"https:\/\/speyer24news.com\/index.php?rest_route=\/wp\/v2\/types\/post"}],"author":[{"embeddable":true,"href":"https:\/\/speyer24news.com\/index.php?rest_route=\/wp\/v2\/users\/3"}],"replies":[{"embeddable":true,"href":"https:\/\/speyer24news.com\/index.php?rest_route=%2Fwp%2Fv2%2Fcomments&post=27271"}],"version-history":[{"count":1,"href":"https:\/\/speyer24news.com\/index.php?rest_route=\/wp\/v2\/posts\/27271\/revisions"}],"predecessor-version":[{"id":27275,"href":"https:\/\/speyer24news.com\/index.php?rest_route=\/wp\/v2\/posts\/27271\/revisions\/27275"}],"wp:attachment":[{"href":"https:\/\/speyer24news.com\/index.php?rest_route=%2Fwp%2Fv2%2Fmedia&parent=27271"}],"wp:term":[{"taxonomy":"category","embeddable":true,"href":"https:\/\/speyer24news.com\/index.php?rest_route=%2Fwp%2Fv2%2Fcategories&post=27271"},{"taxonomy":"post_tag","embeddable":true,"href":"https:\/\/speyer24news.com\/index.php?rest_route=%2Fwp%2Fv2%2Ftags&post=27271"}],"curies":[{"name":"wp","href":"https:\/\/api.w.org\/{rel}","templated":true}]}}