{"id":27282,"date":"2020-05-22T19:06:39","date_gmt":"2020-05-22T18:06:39","guid":{"rendered":"https:\/\/speyer24news.com\/?p=27282"},"modified":"2020-05-22T19:06:39","modified_gmt":"2020-05-22T18:06:39","slug":"schwetzingen-45","status":"publish","type":"post","link":"https:\/\/speyer24news.com\/?p=27282","title":{"rendered":"Schwetzingen"},"content":{"rendered":"<style type=\"text\/css\">\r\n\t.ads_top_disp{}\r\n\t.ads_top_corner_disp{ float:left; margin:0px 10px 10px 0px; }\r\n\t.ads_first_p_disp{}\r\n\t.ads_bottom_disp{}\r\n\t<\/style>\n<h2 class=\"wp-block-heading\"><strong>Kein st\u00e4dtisches Ferienprogramm in diesem Jahr<\/strong><\/h2>\n\n\n\n<h3 class=\"wp-block-heading\"><em>Weitere st\u00e4dtische Veranstaltungen sind Corona-bedingt abgesagt<\/em><\/h3>\n\n\n\n<figure class=\"wp-block-image\"><img decoding=\"async\" loading=\"lazy\" width=\"800\" height=\"440\" src=\"https:\/\/speyer24news.com\/wp-content\/uploads\/2020\/03\/no-1532826_1920.png\" alt=\"\" class=\"wp-image-25973\" srcset=\"https:\/\/speyer24news.com\/wp-content\/uploads\/2020\/03\/no-1532826_1920.png 800w, https:\/\/speyer24news.com\/wp-content\/uploads\/2020\/03\/no-1532826_1920-300x165.png 300w, https:\/\/speyer24news.com\/wp-content\/uploads\/2020\/03\/no-1532826_1920-768x422.png 768w\" sizes=\"(max-width: 800px) 100vw, 800px\" \/><\/figure>\n\n\n\n<p>Aufgrund der Corona-Pandemie und der zahlreichen damit verbundenen Auflagen und Kontaktbeschr\u00e4nkungen, kann in diesem Sommer das st\u00e4dtische Ferienprogramm nicht stattfinden. Der langj\u00e4hrige\n Organisator des Ferienprogramms Manfred Dams bedauert diese Entscheidung f\u00fcr die Kinder und deren Eltern treffen zu m\u00fcssen, sagt aber auch: \u201eReisebusse fahren nicht, Vergn\u00fcgungsparks sind geschlossen und es ist m\u00f6glicherweise schwierig, Kinder so auf Abstand\n zueinander zu halten, dass nichts passieren kann. Wir haben uns die Entscheidung nicht leicht gemacht, wollen aber kein Risiko eingehen. Der Schutz und die Gesundheit aller Beteiligten liegt uns sehr am Herzen.\u201c Jetzt hoffen alle auf ein tolles Ferienprogramm\n 2021.<\/p>\n\n\n\n<p>Auch andere Veranstaltungen sind von Absagen betroffen. Nachdem im M\u00e4rz bereits die st\u00e4dtische Sportlerehrung abgesagt worden war, findet auch die Ehrung Jugendlicher im Ehrenamt am\n 16. Juni nicht statt. Diese Ehrung wird turnusgem\u00e4\u00df wieder in zwei Jahren stattfinden. Ebenfalls aus dem Veranstaltungskalender gestrichen ist dieses Jahr die Sommer-Radtour von Schwetzinger B\u00fcrger\/innen nach Speyer, sowie das Hebelgedenken mit Hebeltrunk,\n das f\u00fcr den 26. September geplant war. <\/p>\n\n\n\n<p>Die Stadt Schwetzingen wird fortlaufend \u00fcber weitere Absagen oder Terminverschiebungen informieren.<\/p>\n\n\n\n<p><em>Stadtverwaltung Schwetzingen<\/em><br><em>22.05.2020<\/em><\/p>\n\n\n\n<h2 class=\"wp-block-heading\"><strong>Wohnmobilstellplatz am Stadion wieder ge\u00f6ffnet &#8211; in diesem Jahr keine Vermietung der Grillh\u00fctte mehr m\u00f6glich<\/strong><\/h2>\n\n\n\n<p>Seit dem 18. Mai ist der Wohnmobilstellplatz am Stadion wieder f\u00fcr Reisende nutzbar. Da es sich um einen reinen Stellplatz f\u00fcr Selbstversorger ohne Gemeinschaftsanlagen handelt, ist\n der Platz wieder nutzbar. <\/p>\n\n\n\n<p>Schlechte Nachrichten gibt es daf\u00fcr f\u00fcr diejenigen, die in diesem Jahr gerne die st\u00e4dtische Grillh\u00fctte f\u00fcr Feiern genutzt h\u00e4tten. Da die Stadt hier nicht die erforderlichen Hygienevorschriften\n umsetzen kann, und nicht absehbar ist, f\u00fcr wie viele Personen hier Feiern stattfinden k\u00f6nnen, hat sich die Stadt entschieden, in diesem Jahr die Grillh\u00fctte nicht mehr zu vermieten.<\/p>\n\n\n\n<p><em>Stadtverwaltung Schwetzingen<\/em><br><em>22.05.2020<\/em><\/p>\n\n\n\n<h2 class=\"wp-block-heading\"><strong>Vom Barockgarten zum Staudenparadies<\/strong><\/h2>\n\n\n\n<h3 class=\"wp-block-heading\"><strong>Die GartenpfOrte der MRN in einer zweiten, erweiterten Auflage<\/strong><\/h3>\n\n\n\n<div class=\"wp-block-image\"><figure class=\"aligncenter\"><img decoding=\"async\" loading=\"lazy\" width=\"500\" height=\"989\" src=\"https:\/\/speyer24news.com\/wp-content\/uploads\/2020\/05\/Gartenpforte-1.png\" alt=\"\" class=\"wp-image-27293\" srcset=\"https:\/\/speyer24news.com\/wp-content\/uploads\/2020\/05\/Gartenpforte-1.png 500w, https:\/\/speyer24news.com\/wp-content\/uploads\/2020\/05\/Gartenpforte-1-152x300.png 152w\" sizes=\"(max-width: 500px) 100vw, 500px\" \/><\/figure><\/div>\n\n\n\n<p>Eigentlich war alles \u2013 wie so vieles \u2013 ganz anders gedacht: \u201eZum Fr\u00fchling, zum Maimarkt wollten wir die \u201eGartenpfOrte in die Metropolregion\u201c weiter \u00f6ffnen\u201c, so die Initiatorinnen und Initiatoren dieser kulturtouristischen Initiative\n zwischen Angelbachtal und Worms, Lorsch und Landau. Der frischgedruckte und erweiterte Flyer \u201eGartenpfOrte in die Metropolregion\u201c markiert einen h\u00f6chst abwechslungsreichen Pfad durch die ganze MRN, mitten durch zahlreiche wundersch\u00f6ne, sehr unterschiedliche\n und teileweise noch recht unbekannte gr\u00fcne Paradiese.<\/p>\n\n\n\n<p>2017 war die kleine Brosch\u00fcre erstmals erschienen. In ihrer zweiten Auflage verbindet sie nun mit zus\u00e4tzlichen im Angelbachtal, Landau und Ludwigshafen gelegenen Gartenanlagen zehn MRN-Kommunen miteinander und l\u00e4dt ein, diese erholsamen\n Oasen in der Metropolregion Rhein-Neckar zu erkunden. \u201eEin erfreulich erfolgreiches Format, das sich der Initiative der beteiligten Kommunen verdankt\u201c, best\u00e4tigt auch Robert Montoto vom Kulturb\u00fcro der MRN, der das Projekt organisatorisch mit begleitete.\n<\/p>\n\n\n\n<p>\u201eDie GartenpfOrte ist vor allem ein Instrument des Binnenmarketings\u201c, erg\u00e4nzt Dr. Barbara Gilsdorf vom Kulturamt der Stadt Schwetzingen. \u201eWir m\u00f6chten in unserem eher industriell gepr\u00e4gten Ballungsraum zeigen, wie wunderbar es sich hier  im Gr\u00fcnen entspannen l\u00e4sst und wie viele ausgezeichnet gestaltete Gartenanlagen es bei uns gibt.\u201c So vielseitig wie die Region, sind auch die G\u00e4rten, die die GartenpfOrte vorstellt: Vom malerischen Staudenparadies zum verschwiegenen Kreuzgang (Weinheim und  Landau), vom lustvollen Barockgarten zum kl\u00f6sterlichen Kr\u00e4utergarten (Worms und Lorsch), vom Exotenwald zum F\u00fcrstenlager (Weinheim und Bensheim), vom weitl\u00e4ufigen englischen zum kontemplativen chinesischen Garten (Eichtersheim und Mannheim), vom Lehr- und  Schaugarten zum Schlossgarten (Lorsch und Schwetzingen), vom gr\u00fcnen Ring zum facettenreichen Stadtgarten (Ladenburg und Ludwigshafen).<\/p>\n\n\n\n<div class=\"wp-block-image\"><figure class=\"aligncenter\"><img decoding=\"async\" loading=\"lazy\" width=\"800\" height=\"583\" src=\"https:\/\/speyer24news.com\/wp-content\/uploads\/2020\/05\/SZ_SchloGaBrunnen_1739_1.jpg\" alt=\"\" class=\"wp-image-27294\" srcset=\"https:\/\/speyer24news.com\/wp-content\/uploads\/2020\/05\/SZ_SchloGaBrunnen_1739_1.jpg 800w, https:\/\/speyer24news.com\/wp-content\/uploads\/2020\/05\/SZ_SchloGaBrunnen_1739_1-300x219.jpg 300w, https:\/\/speyer24news.com\/wp-content\/uploads\/2020\/05\/SZ_SchloGaBrunnen_1739_1-768x560.jpg 768w\" sizes=\"(max-width: 800px) 100vw, 800px\" \/><\/figure><\/div>\n\n\n\n<p>\u201eEin Garten ist immer verdichtete Natur im Spiegel ihrer Zeit\u201c, so Gunnar Fuchs, Kulturamtsleiter aus Weinheim. \u201eDass die MRN-GartenpfOrte so viele unterschiedliche Ans\u00e4tze der Gestaltung und auch der gartenarchitektonischen Ideen von\n Erbauung und Erholung nebeneinander stellt, macht sie auch kulturhistorisch so erfrischend\u201c, freut sich die Lorscher Kulturamtsleiterin Gabi Dewald dar\u00fcber, dass es mit der zweiten Auflage gelang, das Spektrum noch facettenreicher zu gestalten. Auch alleine\n oder zu zweit macht die Entdeckung der gr\u00fcnen Paradiese der MRN gro\u00dfen Spa\u00df \u2013 und ist deshalb auch in Zeiten von Corona unter Einhaltung der Vorschriften auf jeden Fall empfehlenswert.\u201c\n<\/p>\n\n\n\n<p>Der erweitere Flyer \u201eGartenpfOrte\u201c liegt in der Touristinformation Schwetzingen zur Mitnahme aus und kann gerne auch zugesandt werden. Ebenso ist die Brosch\u00fcre \u00fcber die Internetseiten der Stadt Schwetzingen digital abrufbar.<\/p>\n\n\n\n<h3 class=\"wp-block-heading\">Lesen sie die GartenpfOrte auch hier als pdf:<\/h3>\n\n\n\n<div class=\"wp-block-file\"><a href=\"https:\/\/speyer24news.com\/wp-content\/uploads\/2020\/05\/GARTP_Magazin_2020_4c.pdf\">GARTP_Magazin_2020_4c<\/a><a href=\"https:\/\/speyer24news.com\/wp-content\/uploads\/2020\/05\/GARTP_Magazin_2020_4c.pdf\" class=\"wp-block-file__button\" download>Herunterladen<\/a><\/div>\n\n\n\n<p><em>Stadtverwaltung Schwetzingen<\/em><br><em>22.05.2020<\/em><\/p>\n\n\n\n<h2 class=\"wp-block-heading\"><strong>Kinderbetreuung: Vorbereitungen f\u00fcr eingeschr\u00e4nkte Regelbetreuung beginnen ab Montag<\/strong><\/h2>\n\n\n\n<h3 class=\"wp-block-heading\"><em>Pl\u00e4tze stehen voraussichtlich ab 25. Mai zur Verf\u00fcgung<\/em><\/h3>\n\n\n\n<div class=\"wp-block-image\"><figure class=\"aligncenter\"><img decoding=\"async\" loading=\"lazy\" width=\"800\" height=\"533\" src=\"https:\/\/speyer24news.com\/wp-content\/uploads\/2020\/05\/Info-14-05-2020-12-Uhr_Familien.jpg\" alt=\"\" class=\"wp-image-27160\" srcset=\"https:\/\/speyer24news.com\/wp-content\/uploads\/2020\/05\/Info-14-05-2020-12-Uhr_Familien.jpg 800w, https:\/\/speyer24news.com\/wp-content\/uploads\/2020\/05\/Info-14-05-2020-12-Uhr_Familien-300x200.jpg 300w, https:\/\/speyer24news.com\/wp-content\/uploads\/2020\/05\/Info-14-05-2020-12-Uhr_Familien-768x512.jpg 768w\" sizes=\"(max-width: 800px) 100vw, 800px\" \/><\/figure><\/div>\n\n\n\n<p>Seit Montag, 18. Mai gelten die neuen Regelungen des Landes f\u00fcr eine schrittweise \u00d6ffnung der Kindertagesst\u00e4tten in Richtung eines eingeschr\u00e4nkten Regelbetriebes. Damit soll \u00fcber die weiterhin geltende Notbetreuung  hinaus wieder mehr Eltern eine Betreuung ihrer Kinder angeboten werden k\u00f6nnen. Die dazu ergehende Verordnung des Landes soll am Samstag, also kurz vor Inkrafttreten verk\u00fcndet werden.<\/p>\n\n\n\n<p>Die Stadt \nSchwetzingen und die verschiedenen kirchlichen und privaten Tr\u00e4ger stimmten sich ab, um m\u00f6glichst schnell und einheitlich zu verfahren, ben\u00f6tigen aber &#8211; wie jetzt auch der St\u00e4dte \u2013 und Gemeindetag betont haben\n &#8211; eine Vorlaufzeit f\u00fcr eine qualifizierte Umsetzung. Verschiedene Modelle, z.B. auch ein \u201eSchichtbetrieb\u201c stehen in der Diskussion, um m\u00f6glichst vielen Kinder eine Betreuung zu erm\u00f6glichen. Gleichzeitig soll aber auch an festen Gruppen festgehalten\n werden. Dies stellt die Tr\u00e4ger vor gro\u00dfe Herausforderungen. Es ist damit zu rechnen, dass in Schwetzingen erste Pl\u00e4tze voraussichtlich ab Montag, 25. Mai, zur Verf\u00fcgung stehen k\u00f6nnten. \u201eUns ist bewusst, dass die Geduld vieler\n Eltern ganz erheblich strapaziert ist, und f\u00fcr viele Kinder weiterhin Kapazit\u00e4ten f\u00fcr die Betreuung fehlen werden. Durch die aktuellen Beschr\u00e4nkungen ist das leider nicht zu \u00e4ndern\u201c, bedauert Roland Strieker, Leiter des Amtes f\u00fcr Familien, Senioren und Kultur,\n Sport. <\/p>\n\n\n\n<p>Angesichts der schon gestiegenen Zahlen in der Notbetreuung, die weiterhin Vorrang hat, wird die Zahl der zur Verf\u00fcgung stehenden Pl\u00e4tze nicht sehr gro\u00df sein. Vor allem im Bereich der unter 3-J\u00e4hrigen (U 3)\n sind in verschiedenen Einrichtungen die M\u00f6glichkeiten schon jetzt ausgesch\u00f6pft. Ca. 30 Pl\u00e4tze werden hier durch die eingeschr\u00e4nkte Regelbetreuung zur Verteilung anstehen. Etwas besser sieht es bei den \u00fcber 3-J\u00e4hrigen (\u00dc 3) aus, wo ca. 130 Pl\u00e4tze zus\u00e4tzlich\n bereitstehen. Allerdings sind in einzelnen Einrichtungen auch schon hier die Pl\u00e4tze knapp.\n&nbsp;Ab kommenden Montag \nwerden die jeweiligen Einrichtungen entsprechend ihrer Platzsituation und personellen Ausstattung die Konzepte festlegen und sich dann mit den Eltern in Verbindung setzen. Eine zentrale Vergabe der Pl\u00e4tze seitens der Stadt ist nicht vorgesehen.\n<\/p>\n\n\n\n<p>Eltern, die jetzt noch eine Notbetreuung ben\u00f6tigen, werden gebeten m\u00f6glichst schnell Ihre Antr\u00e4ge zu stellen, da sie vorrangig behandelt werden.<\/p>\n\n\n\n<p><em>Stadtverwaltung Schwetzingen<\/em><br><em>22.05.2020<\/em><\/p>\n\n\n\n<h2 class=\"wp-block-heading\"><strong>Lockerungen der Corona-Verordnung: Bei Trauungen im Schwetzinger Trausaal sind ab sofort acht G\u00e4ste  erlaubt \u2013 Trauerfeiern k\u00f6nnen mit maximal 35 Personen wieder in der Trauerhalle stattfinden<\/strong><\/h2>\n\n\n\n<figure class=\"wp-block-image\"><img decoding=\"async\" loading=\"lazy\" width=\"800\" height=\"533\" src=\"https:\/\/speyer24news.com\/wp-content\/uploads\/2020\/05\/death-2421820_1920.jpg\" alt=\"\" class=\"wp-image-27040\" srcset=\"https:\/\/speyer24news.com\/wp-content\/uploads\/2020\/05\/death-2421820_1920.jpg 800w, https:\/\/speyer24news.com\/wp-content\/uploads\/2020\/05\/death-2421820_1920-300x200.jpg 300w, https:\/\/speyer24news.com\/wp-content\/uploads\/2020\/05\/death-2421820_1920-768x512.jpg 768w\" sizes=\"(max-width: 800px) 100vw, 800px\" \/><\/figure>\n\n\n\n<p>Die in den vergangenen Tagen schrittweise erfolgten Lockerungen der Corona-Verordnung betreffen auch den Bereich der Trauerfeiern bei Beerdigungen und den der Trauungen. Bereits seit\n dem 4. Mai darf so zum Beispiel bei Beerdigungen wieder die Trauerhalle genutzt werden. Bis zu maximal 35 Personen finden \u2013 unter Einhaltung der Abstandsregeln \u2013 in der Trauerhalle Platz. Die Trauerg\u00e4ste werden gebeten, Mund-Nasenschutz zu tragen und auf ausreichend\n Abstand zu den anderen Trauerg\u00e4sten zu achten. Bei Trauerfeiern unter freiem Himmel sind sogar bis zu 50 Personen zul\u00e4ssig. Auch hier gilt es, ausreichend Abstand zu halten.<\/p>\n\n\n\n<div class=\"wp-block-image\"><figure class=\"aligncenter\"><img decoding=\"async\" loading=\"lazy\" width=\"800\" height=\"571\" src=\"https:\/\/speyer24news.com\/wp-content\/uploads\/2020\/05\/wedding-rings-3611277_1920.jpg\" alt=\"\" class=\"wp-image-27291\" srcset=\"https:\/\/speyer24news.com\/wp-content\/uploads\/2020\/05\/wedding-rings-3611277_1920.jpg 800w, https:\/\/speyer24news.com\/wp-content\/uploads\/2020\/05\/wedding-rings-3611277_1920-300x214.jpg 300w, https:\/\/speyer24news.com\/wp-content\/uploads\/2020\/05\/wedding-rings-3611277_1920-768x548.jpg 768w\" sizes=\"(max-width: 800px) 100vw, 800px\" \/><\/figure><\/div>\n\n\n\n<p>Auch bei den Trauungen gibt es eine Lockerung. Abh\u00e4ngig von der Raumgr\u00f6\u00dfe und den einzuhaltenden Abstandsregeln kann die individuell m\u00f6gliche Teilnehmerzahl ermittelt werden. Dadurch\n sind ab sofort im Schwetzinger Trausaal wieder Trauungen mit dem Brautpaar und acht weiteren G\u00e4sten erlaubt. Auch eine Traurede wird auf Wunsch wieder von den Standesbeamtinnen gehalten.\n<\/p>\n\n\n\n<p>\u00dcber Einzelheiten informieren die Mitarbeiterinnen des Standesamtes telefonisch oder per E-Mail unter <a href=\"mailto:standesamt@schwetzingen.de\" target=\"_blank\" rel=\"noreferrer noopener\">standesamt@schwetzingen.de<\/a>. F\u00fcr pers\u00f6nliche Vorsprachen wird um vorherige Terminvereinbarung gebeten.<\/p>\n\n\n\n<p><em>Stadtverwaltung Schwetzingen<\/em><br><em>22.05.2020<\/em><\/p>\n\n\n\n<h2 class=\"wp-block-heading\"><strong>Aus dem Gemeinderat am 13. Mai 2020<\/strong><\/h2>\n\n\n\n<h3 class=\"wp-block-heading\"><strong>Umbau der Moltkestra\u00dfe 19 f\u00fcr Kinderbetreuung \/ Stadt verl\u00e4ngert Mietvertrag f\u00fcr Hotel Atlanta <\/strong><\/h3>\n\n\n\n<div class=\"wp-block-image\"><figure class=\"aligncenter\"><img decoding=\"async\" loading=\"lazy\" width=\"800\" height=\"258\" src=\"https:\/\/speyer24news.com\/wp-content\/uploads\/2020\/05\/GR-in-Corona-Zeiten.jpg\" alt=\"\" class=\"wp-image-27286\" srcset=\"https:\/\/speyer24news.com\/wp-content\/uploads\/2020\/05\/GR-in-Corona-Zeiten.jpg 800w, https:\/\/speyer24news.com\/wp-content\/uploads\/2020\/05\/GR-in-Corona-Zeiten-300x97.jpg 300w, https:\/\/speyer24news.com\/wp-content\/uploads\/2020\/05\/GR-in-Corona-Zeiten-768x248.jpg 768w\" sizes=\"(max-width: 800px) 100vw, 800px\" \/><\/figure><\/div>\n\n\n\n<h4 class=\"wp-block-heading\"><strong>Wechsel bei der Gemeinderatsfraktion der Gr\u00fcnen: Dr. Michael Rittmann folgt auf Jacqueline Koch-Mattern&nbsp; <\/strong><\/h4>\n\n\n\n<p>Zu einer ersten Sitzung nach Beginn der Corona Pandemie kam am 13.05.2020 der Gemeinderat in verkleinerter Runde und mit reduzierter Tagesordnung zu einer Sitzung im Ratssaal zusammen. <\/p>\n\n\n\n<div class=\"wp-block-image\"><figure class=\"aligncenter\"><img decoding=\"async\" loading=\"lazy\" width=\"800\" height=\"633\" src=\"https:\/\/speyer24news.com\/wp-content\/uploads\/2020\/05\/Dr-Rittmann.jpg\" alt=\"\" class=\"wp-image-27287\" srcset=\"https:\/\/speyer24news.com\/wp-content\/uploads\/2020\/05\/Dr-Rittmann.jpg 800w, https:\/\/speyer24news.com\/wp-content\/uploads\/2020\/05\/Dr-Rittmann-300x237.jpg 300w, https:\/\/speyer24news.com\/wp-content\/uploads\/2020\/05\/Dr-Rittmann-768x608.jpg 768w\" sizes=\"(max-width: 800px) 100vw, 800px\" \/><figcaption>Dr. Michael Rittmann f\u00fcr die Gr\u00fcnen\/B\u00dc90 im Stadtrat<\/figcaption><\/figure><\/div>\n\n\n\n<h4 class=\"wp-block-heading\"><strong>Los ging es mit einem personellen Wechsel bei der Fraktion der Gr\u00fcnen:<\/strong><\/h4>\n\n\n\n<p>Jacqueline Koch-Mattern scheidet auf eigenen  Wunsch aus dem Gremium aus. Ihr folgt Dr. Michael Rittmann nach. Durch den Wechsel \u00e4ndert sich auch die Besetzung der Aussch\u00fcsse und sonstigen Gremien. Stadtr\u00e4tin Kathrin Vobis-Mink wird Mitglied im Technischen Ausschuss, Dr. Rittmann ihr Stellvertreter. Zudem  wird Vobis-Mink Mitglied im Aufsichtsrat der Wohnbaugesellschaft. Dr. Michael Rittmann wird au\u00dferdem Mitglied bzw. Stellvertreter in den \u00fcbrigen Aussch\u00fcssen und Gremien, in denen auch Stadtr\u00e4tin Jacqueline Koch-Mattern war. Oberb\u00fcrgermeister Dr. Ren\u00e9 P\u00f6ltl  verpflichtete Dr. Rittmann und k\u00fcndigte an, dass die offizielle Verabschiedung von Frau Koch-Mattern zu einem sp\u00e4teren Zeitpunkt nachgeholt werde. <\/p>\n\n\n\n<h4 class=\"wp-block-heading\"><strong>Stadt verl\u00e4ngert Mietvertrag f\u00fcr Hotel Atlanta<\/strong><\/h4>\n\n\n\n<p>Die Stadt wird den Mietvertrag f\u00fcr das Hotel Atlanta f\u00fcr weitere f\u00fcnf Jahre (bis 30.06.2025) verl\u00e4ngern. Seit September 2017 nutzt die Stadt das ehemalige Hotel zur Anschlussunterbringung\n von Asylbewerbern. Der urspr\u00fcngliche Mietvertrag l\u00e4uft am 30.09.2020 aus. <\/p>\n\n\n\n<p>Seit einem Brand im August 2019 ist das Hotel nicht mehr nutzbar. Zwischenzeitlich fanden Gespr\u00e4che mit den Eigent\u00fcmern und dem Badischen-Gemeinde-Versicherungsverband (BGV) \u00fcber die\n Schadensabwicklung und den Wiederaufbau statt. Im Ergebnis ergibt sich eine Auszahlungssumme durch den BGV in H\u00f6he von insgesamt 325.000 EUR. Davon in Abzug gebracht werden ca. 177.000 EUR f\u00fcr Sofortma\u00dfnahmen durch einen Brandsanierer sowie ca. 27.000 EUR\n f\u00fcr \u00fcberz\u00e4hlige Mietzahlungen f\u00fcr den Zeitraum August und September 2019. In Summe verbleibt ein Auszahlungsbetrag in H\u00f6he von rund 121.000 EUR, der der Eigent\u00fcmerfamilie zur Wiederherstellung des Geb\u00e4udes zur Verf\u00fcgung gestellt wird. Sobald das Baurechtsamt\n das vorgelegte Brandschutzkonzept genehmigt, kann mit dem Wiederaufbau begonnen werden. Ein Zeitpunkt der Wiederaufnahme des Betriebs kann zum jetzigen Zeitpunkt noch nicht verl\u00e4sslich genannt werden. Ziel sei jedoch die Wieder\u00f6ffnung im September 2020, so\n Oberb\u00fcrgermeister Dr. P\u00f6ltl. <\/p>\n\n\n\n<p>Die Unterbringung der Fl\u00fcchtlinge nach dem Brand erfolgte als Notunterbringung zuerst in PHV, ab Ende Oktober 2019 dann in der Tompkins Kaserne. Die Kosten hierf\u00fcr belaufen sich im\n Jahr 2020 auf ca. 20.000 EUR. Seit dem 1.2.2020 wohnen die Fl\u00fcchtlinge in einer von der Stadt angemieteten Gemeinschaftsunterkunft in Hockenheim. Die Kosten hierf\u00fcr belaufen sich auf rund 17.000 EUR im Monat.\n<\/p>\n\n\n\n<p>Durch die seit dem Brand am 23. August 2019 bis zum 30. April 2020 nicht angefallenen Mietkosten f\u00fcr das Hotel Atlanta in H\u00f6he von 114.000 EUR k\u00f6nnen diese entstandenen \u00fcber- und au\u00dferplanm\u00e4\u00dfigen\n Ausgaben in H\u00f6he von 104.000 EUR gedeckt werden. <\/p>\n\n\n\n<p>F\u00fcr die Haushaltsjahre 2021 bis 2025 werden Mietkosten f\u00fcr das ehemalige Hotel Atlanta jeweils in H\u00f6he von 400.000 EUR angemeldet.<\/p>\n\n\n\n<p>Der Vorsitzende bekr\u00e4ftigte, dass er insgesamt sehr froh dar\u00fcber sei, dass die Stadt dieses Geb\u00e4ude zur Unterbringung zur Verf\u00fcgung habe. Dies auch weil man davon ausgehen m\u00fcsse, dass\n die Fl\u00fcchtlingszahlen noch einige Zeit auf einem konstant hohen Niveau bleiben werden. Kostenseitig sei aufgrund der Einsparungen in diesem Jahr auch alles im gr\u00fcnen Bereich.<\/p>\n\n\n\n<h4 class=\"wp-block-heading\"><strong>Moltkestra\u00dfe 19: Gemeinderat gibt gr\u00fcnes Licht f\u00fcr Umbau\n<\/strong><\/h4>\n\n\n\n<p>Die Gemeinder\u00e4te haben der Renovierung und dem Umbau des Geb\u00e4udes in der Moltkestra\u00dfe 19 zugestimmt. Die Stadt hatte das Geb\u00e4ude erworben, um in dem Geb\u00e4ude ben\u00f6tigte Kinderbetreuungsr\u00e4ume\n zu schaffen. Da das urspr\u00fcnglich beauftragte Architekturb\u00fcro die Planungsleistungen nicht erbringen konnte, k\u00fcndigte die Stadt den Architektenvertrag und plante den Umbau durch das Bauamt in Eigenleistung. Das f\u00fchrte zu Verz\u00f6gerungen bei Ausschreibungen und\n dem Eingang von Angeboten der Handwerker um ca. 5 Monate. Dadurch nicht abgerufenen Finanzmitteln im Jahr 2019 stehen 2020 Mehrausgaben in H\u00f6he von 130.000 EUR entgegen. Diese werden durch die Verwendung von Deckungsmitteln beglichen, zus\u00e4tzlich der bereits\n veranschlagten Haushaltsmittel in H\u00f6he von 250.000 EUR f\u00fcr das Jahr 2020. Das urspr\u00fcnglich bewilligte Gesamtbudget in H\u00f6he von 560.000 EUR wird nicht \u00fcberschritten. Oberb\u00fcrgermeister Dr. Ren\u00e9 P\u00f6ltl dankte dem ausdr\u00fccklich Bauamt f\u00fcr die erbrachten Eigenleistungen\n bei der Renovierung des Geb\u00e4udes. <\/p>\n\n\n\n<h4 class=\"wp-block-heading\"><strong>Bebauungsplan Nr. 87\/1 \u201eWestlich der Hockenheimer Landstra\u00dfe\u201c: Erneute Offenlage<\/strong><\/h4>\n\n\n\n<p>Der 2. erneute Entwurf der Bebauungsplan\u00e4nderung f\u00fcr das Gebiet \u201eWestlich der Hockenheimer Landstra\u00dfe\u201c in der Fassung vom 30. M\u00e4rz 2020 wird gebilligt und nach \u00a7 4a Abs. 3 BauGB \u00f6ffentlich\n ausgelegt. Die Unterlagen werden zudem im Internet eingestellt. Dieser erneute Entwurf beinhaltet \u00c4nderungen bei der Verkaufsfl\u00e4che f\u00fcr Einzelhandel im Sondergebiet. Statt der Begrenzung der zul\u00e4ssigen Anzahl von Einzelhandelsbetrieben wird die maximale sortimentsbezogene\n Verkaufsfl\u00e4che festgesetzt. Diese \u00c4nderungen ergeben sich aus einem aktuellen Urteil des Bundesverwaltungsgerichtes, auf die von Seiten des Regierungspr\u00e4sidiums Karlsruhe in der Offenlage hingewiesen wurde.\n<\/p>\n\n\n\n<h4 class=\"wp-block-heading\"><strong>Neuer Caterer f\u00fcr Essen im Spatzennest und den Grundschulen<\/strong><\/h4>\n\n\n\n<p>Die Firma Kidsmeal GmbH &amp; Co. KG aus Wilhelmsfeld erh\u00e4lt den Zuschlag f\u00fcr die Lieferung der Mittagsverpflegung an den vier Grundschulen sowie dem st\u00e4dtischen Kindergarten Spatzennest.\n Vertragsbeginn ist der 14.09.2020. Der Vertrag ist zun\u00e4chst f\u00fcr ein Jahr geschlossen mit der Verl\u00e4ngerungsoption um zwei weitere Jahre.\n<\/p>\n\n\n\n<h4 class=\"wp-block-heading\"><strong>Schlauchpflegeanlage in der Feuerwache wird modernisiert<\/strong><\/h4>\n\n\n\n<p>Die Firma Rud. Prey GmbH &amp; Co. KG aus Kiel erh\u00e4lt zum Angebotspreis von 81.086,60 EUR den Auftrag, die vorhandene Schlauchpflegeanlage in der Feuerwache zu reparieren und zu modernisieren.\n<\/p>\n\n\n\n<p>Soweit nicht anders beschrieben, erfolgten die Beschl\u00fcsse einstimmig. Die komplette Sitzung sowie die Vorlagen und Beschl\u00fcsse sind auch im Internet unter <a href=\"https:\/\/deref-web-02.de\/mail\/client\/KNkBAdzeygM\/dereferrer\/?redirectUrl=http%3A%2F%2Fratsinfo.schwetzingen.de\" target=\"_blank\" rel=\"noreferrer noopener\">http:\/\/ratsinfo.schwetzingen.de<\/a>  nachzulesen.<\/p>\n\n\n\n<p><em>Stadtverwaltung Schwetzingen<br>22.05.2020<\/em><\/p>\n","protected":false},"excerpt":{"rendered":"<div class=\"mh-excerpt\"><p>Kein st\u00e4dtisches Ferienprogramm in diesem Jahr Weitere st\u00e4dtische Veranstaltungen sind Corona-bedingt abgesagt Aufgrund der Corona-Pandemie und der zahlreichen damit verbundenen Auflagen und Kontaktbeschr\u00e4nkungen, kann in diesem Sommer das st\u00e4dtische Ferienprogramm nicht stattfinden. Der langj\u00e4hrige Organisator <a class=\"mh-excerpt-more\" href=\"https:\/\/speyer24news.com\/?p=27282\" title=\"Schwetzingen\">[&#8230;]<\/a><\/p>\n<\/div>","protected":false},"author":3,"featured_media":0,"comment_status":"open","ping_status":"open","sticky":false,"template":"","format":"standard","meta":{"_monsterinsights_skip_tracking":false,"_monsterinsights_sitenote_active":false,"_monsterinsights_sitenote_note":"","_monsterinsights_sitenote_category":0,"footnotes":""},"categories":[477],"tags":[6962,6806,6124,6678,6821,3710,7050,588,7051,154,7053,7052,7049],"aioseo_notices":[],"amp_enabled":true,"_links":{"self":[{"href":"https:\/\/speyer24news.com\/index.php?rest_route=\/wp\/v2\/posts\/27282"}],"collection":[{"href":"https:\/\/speyer24news.com\/index.php?rest_route=\/wp\/v2\/posts"}],"about":[{"href":"https:\/\/speyer24news.com\/index.php?rest_route=\/wp\/v2\/types\/post"}],"author":[{"embeddable":true,"href":"https:\/\/speyer24news.com\/index.php?rest_route=\/wp\/v2\/users\/3"}],"replies":[{"embeddable":true,"href":"https:\/\/speyer24news.com\/index.php?rest_route=%2Fwp%2Fv2%2Fcomments&post=27282"}],"version-history":[{"count":4,"href":"https:\/\/speyer24news.com\/index.php?rest_route=\/wp\/v2\/posts\/27282\/revisions"}],"predecessor-version":[{"id":27298,"href":"https:\/\/speyer24news.com\/index.php?rest_route=\/wp\/v2\/posts\/27282\/revisions\/27298"}],"wp:attachment":[{"href":"https:\/\/speyer24news.com\/index.php?rest_route=%2Fwp%2Fv2%2Fmedia&parent=27282"}],"wp:term":[{"taxonomy":"category","embeddable":true,"href":"https:\/\/speyer24news.com\/index.php?rest_route=%2Fwp%2Fv2%2Fcategories&post=27282"},{"taxonomy":"post_tag","embeddable":true,"href":"https:\/\/speyer24news.com\/index.php?rest_route=%2Fwp%2Fv2%2Ftags&post=27282"}],"curies":[{"name":"wp","href":"https:\/\/api.w.org\/{rel}","templated":true}]}}