{"id":27318,"date":"2020-05-23T08:24:42","date_gmt":"2020-05-23T07:24:42","guid":{"rendered":"https:\/\/speyer24news.com\/?p=27318"},"modified":"2020-05-23T08:24:44","modified_gmt":"2020-05-23T07:24:44","slug":"bad-duerkheim-6","status":"publish","type":"post","link":"https:\/\/speyer24news.com\/?p=27318","title":{"rendered":"Bad D\u00fcrkheim"},"content":{"rendered":"<style type=\"text\/css\">\r\n\t.ads_top_disp{}\r\n\t.ads_top_corner_disp{ float:left; margin:0px 10px 10px 0px; }\r\n\t.ads_first_p_disp{}\r\n\t.ads_bottom_disp{}\r\n\t<\/style>\n<h2 class=\"wp-block-heading\"><strong>Limburg Sommer 2020 auf 2021 verschoben<\/strong><\/h2>\n\n\n\n<div class=\"wp-block-image\"><figure class=\"aligncenter\"><img decoding=\"async\" loading=\"lazy\" width=\"800\" height=\"373\" src=\"https:\/\/speyer24news.com\/wp-content\/uploads\/2020\/05\/Limburgsommer-D\u00dcW.png\" alt=\"\" class=\"wp-image-27319\" srcset=\"https:\/\/speyer24news.com\/wp-content\/uploads\/2020\/05\/Limburgsommer-D\u00dcW.png 800w, https:\/\/speyer24news.com\/wp-content\/uploads\/2020\/05\/Limburgsommer-D\u00dcW-300x140.png 300w, https:\/\/speyer24news.com\/wp-content\/uploads\/2020\/05\/Limburgsommer-D\u00dcW-768x358.png 768w\" sizes=\"(max-width: 800px) 100vw, 800px\" \/><\/figure><\/div>\n\n\n\n<p>Wundersch\u00f6n am Ostrand des Pf\u00e4lzerwalds gelegen, thront die Klosterruine Limburg \u00fcber der Stadt Bad D\u00fcrkheim. An diesem einmaligen und au\u00dfergew\u00f6hnlichen\n Ort sollte in diesem Jahr bereits zum 21. Mal der \u201eLimburg Sommer\u201c stattfinden. Geb\u00fcndelt unter dem Motto des Kultursommers Rheinland-Pfalz: \u201eKompass Europa: Nordlichter\u201c, waren insgesamt 21 Veranstaltungstage geplant.\n<\/p>\n\n\n\n<p>Von Juni bis August sollten die historischen Mauern der Limburg wieder zum Schauplatz eines vielseitigen und kulturell hochwertigen Programmes werden,\n denn als Mitveranstalter hatte die Stadt wie in den Vorjahren auf das Theater an der Weinstra\u00dfe, das\nS.Y.M Kulturmanagement mit der\npalatia Jazz-Reihe, die Mobile Kino GmbH mit dem beliebten Open Air Kino und die Kulturgipfel GmbH mit jeweils hochkar\u00e4tigen Programmen und K\u00fcnstlern gesetzt.\n<\/p>\n\n\n\n<p>Zudem waren eigene Veranstaltungen der Stadt Bad D\u00fcrkheim geplant, die das Kulturb\u00fcro dank der bereits zugesagten gro\u00dfz\u00fcgigen Unterst\u00fctzung neuer\n Sponsoren und F\u00f6rderer, der Sparkasse Rhein-Haardt, dem VielPfalz Magazin, der Stadtwerke Bad D\u00fcrkheim GmbH und \u201eKonrad2\u201c, der neuen Gastronomie in der Klostersch\u00e4nke, organisieren und durchf\u00fchren wollte. Erstmalig war auch eine Unterst\u00fctzung durch das Ministerium\n f\u00fcr Wissenschaft, Weiterbildung und Kultur zugesagt und der Limburg Sommer sollte Teil des Kultursommers Rheinland-Pfalz werden. Insbesondere ein gro\u00dfes Dankesch\u00f6n an die Sparkasse Rhein-Haardt, die den Limburg Sommer in diesem Jahr\n sogar pr\u00e4sentiert h\u00e4tte. <\/p>\n\n\n\n<p>Leider hat das Corona-Virus dem Limburg Sommer und allen damit verbundenen Planungen einen Strich durch die Rechnung gemacht. In diesem Sommer kann\n die beliebte Veranstaltungsreihe nicht wie vorgesehen stattfinden. Stadt und Mitveranstalter haben sich nun darauf verst\u00e4ndigt, das geplante Programm auf den Sommer 2021 zu verschieben.\n<\/p>\n\n\n\n<h3 class=\"wp-block-heading\">Hier eine \u00dcbersicht der Termine f\u00fcr das Jahr 2021:\n<\/h3>\n\n\n\n<p><strong>\/\/ Theater an der Weinstra\u00dfe<\/strong><\/p>\n\n\n\n<p>05. Juni \u2013 Premiere<\/p>\n\n\n\n<p>11. &amp; 12. Juni<\/p>\n\n\n\n<p>18. &amp; 19. Juni \n<\/p>\n\n\n\n<p>25. &amp; 26. Juni \n<\/p>\n\n\n\n<p><strong>\/\/ 1. Electric Limburg Festival <\/strong><\/p>\n\n\n\n<p>10. Juli <\/p>\n\n\n\n<p><strong>\/\/ Open Air Kino <\/strong><\/p>\n\n\n\n<p>15. Juli<\/p>\n\n\n\n<p>16. Juli <\/p>\n\n\n\n<p>17. Juli <\/p>\n\n\n\n<p><strong>\/\/ PMG Konzert \u2013 Klassik im Refektorium<\/strong><\/p>\n\n\n\n<p>tba<\/p>\n\n\n\n<p><strong>\/\/ palatia Jazz Festival <\/strong><\/p>\n\n\n\n<p>23. Juli<\/p>\n\n\n\n<p>24. Juli <\/p>\n\n\n\n<p><strong>\/\/ Das Vereinsheim live<\/strong><\/p>\n\n\n\n<p>tba<\/p>\n\n\n\n<p><strong>\/\/ Chako Habekost live<\/strong><\/p>\n\n\n\n<p>31. Juli <\/p>\n\n\n\n<p><strong>\/\/ 101 Jahre Kurt Dehn<\/strong><\/p>\n\n\n\n<p>01.August<\/p>\n\n\n\n<p><strong>\/\/ Kulturgipfel<\/strong><\/p>\n\n\n\n<p>07. Abba<\/p>\n\n\n\n<p>08. Nabucco \n<\/p>\n\n\n\n<p>Die bereits erworbenen Tickets behalten ihre G\u00fcltigkeit und k\u00f6nnen im kommenden Jahr eingel\u00f6st werden. Weitere Informationen gibt es unter:\n<a href=\"https:\/\/deref-web-02.de\/mail\/client\/8yoSvVArk9Y\/dereferrer\/?redirectUrl=http%3A%2F%2Fwww.bad-duerkheim.de\" target=\"_blank\" rel=\"noreferrer noopener\">www.bad-duerkheim.de<\/a> und \u00fcber\n<a href=\"https:\/\/deref-web-02.de\/mail\/client\/SJkukhKlm3w\/dereferrer\/?redirectUrl=http%3A%2F%2Fwww.facebook.com%2Fbadduerkheim.de\" target=\"_blank\" rel=\"noreferrer noopener\">www.facebook.com\/badduerkheim.de<\/a>.<\/p>\n\n\n\n<p>Ob und in welchem Rahmen in diesem Jahr doch noch kulturelle Veranstaltungen auf der Limburg umgesetzt werden k\u00f6nnen, ist zum jetzigen Zeitpunkt noch sehr fraglich. Allerdings gibt  es Neuigkeiten zu der Planung der neuen P\u00e4chter der Klostersch\u00e4nke: unter dem Namen \u201eKONRAD2\u201c soll die Sch\u00e4nke mit Bier- und Weingarten am Pfingstmontag, 01. Juni 2020 er\u00f6ffnet werden. Alle weiteren Infos hierzu gibt es unter <a rel=\"noreferrer noopener\" href=\"https:\/\/deref-web-02.de\/mail\/client\/gT3GDyCk_pY\/dereferrer\/?redirectUrl=http%3A%2F%2Fwww.klosterruine.de\" target=\"_blank\">www.klosterruine.de<\/a><\/p>\n\n\n\n<p><em>Stadtverwaltung Bad D\u00fcrkheim<br>23.05.2020<\/em><\/p>\n","protected":false},"excerpt":{"rendered":"<div class=\"mh-excerpt\"><p>Limburg Sommer 2020 auf 2021 verschoben Wundersch\u00f6n am Ostrand des Pf\u00e4lzerwalds gelegen, thront die Klosterruine Limburg \u00fcber der Stadt Bad D\u00fcrkheim. An diesem einmaligen und au\u00dfergew\u00f6hnlichen Ort sollte in diesem Jahr bereits zum 21. Mal <a class=\"mh-excerpt-more\" href=\"https:\/\/speyer24news.com\/?p=27318\" title=\"Bad D\u00fcrkheim\">[&#8230;]<\/a><\/p>\n<\/div>","protected":false},"author":3,"featured_media":25817,"comment_status":"open","ping_status":"open","sticky":false,"template":"","format":"standard","meta":{"_monsterinsights_skip_tracking":false,"_monsterinsights_sitenote_active":false,"_monsterinsights_sitenote_note":"","_monsterinsights_sitenote_category":0,"footnotes":""},"categories":[10],"tags":[984,6644,7061,7064,7060,7063,7062],"aioseo_notices":[],"amp_enabled":true,"_links":{"self":[{"href":"https:\/\/speyer24news.com\/index.php?rest_route=\/wp\/v2\/posts\/27318"}],"collection":[{"href":"https:\/\/speyer24news.com\/index.php?rest_route=\/wp\/v2\/posts"}],"about":[{"href":"https:\/\/speyer24news.com\/index.php?rest_route=\/wp\/v2\/types\/post"}],"author":[{"embeddable":true,"href":"https:\/\/speyer24news.com\/index.php?rest_route=\/wp\/v2\/users\/3"}],"replies":[{"embeddable":true,"href":"https:\/\/speyer24news.com\/index.php?rest_route=%2Fwp%2Fv2%2Fcomments&post=27318"}],"version-history":[{"count":1,"href":"https:\/\/speyer24news.com\/index.php?rest_route=\/wp\/v2\/posts\/27318\/revisions"}],"predecessor-version":[{"id":27320,"href":"https:\/\/speyer24news.com\/index.php?rest_route=\/wp\/v2\/posts\/27318\/revisions\/27320"}],"wp:featuredmedia":[{"embeddable":true,"href":"https:\/\/speyer24news.com\/index.php?rest_route=\/wp\/v2\/media\/25817"}],"wp:attachment":[{"href":"https:\/\/speyer24news.com\/index.php?rest_route=%2Fwp%2Fv2%2Fmedia&parent=27318"}],"wp:term":[{"taxonomy":"category","embeddable":true,"href":"https:\/\/speyer24news.com\/index.php?rest_route=%2Fwp%2Fv2%2Fcategories&post=27318"},{"taxonomy":"post_tag","embeddable":true,"href":"https:\/\/speyer24news.com\/index.php?rest_route=%2Fwp%2Fv2%2Ftags&post=27318"}],"curies":[{"name":"wp","href":"https:\/\/api.w.org\/{rel}","templated":true}]}}