{"id":27334,"date":"2020-05-24T07:13:33","date_gmt":"2020-05-24T06:13:33","guid":{"rendered":"https:\/\/speyer24news.com\/?p=27334"},"modified":"2020-05-24T07:13:35","modified_gmt":"2020-05-24T06:13:35","slug":"polizei-252","status":"publish","type":"post","link":"https:\/\/speyer24news.com\/?p=27334","title":{"rendered":"Polizei"},"content":{"rendered":"<style type=\"text\/css\">\r\n\t.ads_top_disp{}\r\n\t.ads_top_corner_disp{ float:left; margin:0px 10px 10px 0px; }\r\n\t.ads_first_p_disp{}\r\n\t.ads_bottom_disp{}\r\n\t<\/style>\n<h2 class=\"wp-block-heading\">Polizeimeldungen vom Samstag (23.05.2020)<\/h2>\n\n\n\n<div class=\"wp-block-image\"><figure class=\"aligncenter\"><img decoding=\"async\" src=\"https:\/\/speyer24news.com\/wp-content\/uploads\/2020\/01\/Aktuelles-Polizeilogo.jpg\" alt=\"\" class=\"wp-image-23832\"\/><\/figure><\/div>\n\n\n\n<h4 class=\"wp-block-heading\">(Speyer) &#8211; Brand kleiner B\u00fcsche<\/h4>\n\n\n\n<p>Am 22.05.2020 gegen 22:40 Uhr wurde durch einen Verkehrsteilnehmer brennende B\u00fcsche in der Landwehrstra\u00dfe in Speyer gemeldet. Der Brand wurde durch die Feuerwehr gel\u00f6scht. Die B\u00fcsche waren mit einer gro\u00dfen Anzahl an Pollen bedeckt, was die Brandentwicklung beschleunigt haben d\u00fcrfte. Eine Spurensuche wurde durchgef\u00fchrt. <\/p>\n\n\n\n<p>Sollten Zeugen den Vorfall beobachtet haben, sollen diese sich telefonisch unter 06232\/137-101 oder per Email unter <a href=\"mailto:pispeyer@polizei.rlp.de\">pispeyer@polizei.rlp.de<\/a> bei der PI Speyer melden. <\/p>\n\n\n\n<p>Unabh\u00e4ngig davon wird auf die Gefahren hingewiesen, die von glimmenden Zigarettenstummel ausgehen k\u00f6nnen, welche unbedacht weggeworfen werden. <\/p>\n\n\n\n<h4 class=\"wp-block-heading\">(Speyer) &#8211; betr\u00fcgerische Anrufe<\/h4>\n\n\n\n<p>Im Stadtgebiet kam es am 22.05.2020 erneut zu Anrufen bei meist \u00e4lteren B\u00fcrgern, die durch geschickte Gespr\u00e4chsf\u00fchrung den Anschein erwecken wollten, dass die Angerufenen mit einem Familienangeh\u00f6rigen in Not telefonieren w\u00fcrden und baten um finanzielle Hilfe. <\/p>\n\n\n\n<p>Zum Gl\u00fcck erkannten die Angerufenen schnell den betr\u00fcgerischen Hintergrund der Gespr\u00e4che und gingen nicht auf die Bitten oder Forderungen ein. <\/p>\n\n\n\n<p>Die Polizei r\u00e4t eindringlich solche Gespr\u00e4che fr\u00fchzeitig zu beenden und keine Geld\u00fcbergabe an Fremde zu t\u00e4tigen. <\/p>\n\n\n\n<p>Gesch\u00e4digte solche Anrufe k\u00f6nnen entsprechende Anzeigen bei der Polizei erstatten. Hierbei wird aufgrund der aktuellen Lage die M\u00f6glichkeit der Online-Anzeige \u00fcber die Onlinewache <a rel=\"noreferrer noopener\" href=\"https:\/\/www.polizei.rlp.de\/de\/onlinewache\/\" target=\"_blank\">https:\/\/www.polizei.rlp.de\/de\/onlinewache\/<\/a> beworben. Sollte kein Internetzugang vorhanden sein, steht die Polizeiinspektion Speyer f\u00fcr R\u00fcckfragen auch telefonisch unter 06232\/137-0 rund um die Uhr zur Verf\u00fcgung. <\/p>\n\n\n\n<h4 class=\"wp-block-heading\">(Waldsee \/ Schifferstadt \/ B 9 ) &#8211; Verkehrsunfall \/ Fahrzeug hat sich gedreht<\/h4>\n\n\n\n<div class=\"wp-block-image\"><figure class=\"aligncenter\"><img decoding=\"async\" loading=\"lazy\" width=\"800\" height=\"533\" src=\"https:\/\/speyer24news.com\/wp-content\/uploads\/2020\/05\/InkedIMG_6507_LI.jpg\" alt=\"\" class=\"wp-image-27337\" srcset=\"https:\/\/speyer24news.com\/wp-content\/uploads\/2020\/05\/InkedIMG_6507_LI.jpg 800w, https:\/\/speyer24news.com\/wp-content\/uploads\/2020\/05\/InkedIMG_6507_LI-300x200.jpg 300w, https:\/\/speyer24news.com\/wp-content\/uploads\/2020\/05\/InkedIMG_6507_LI-768x512.jpg 768w\" sizes=\"(max-width: 800px) 100vw, 800px\" \/><\/figure><\/div>\n\n\n\n<p>Eine 23-J\u00e4hrige wollte am Samstag Nachmittag gegen 15.30 Uhr mit ihrem 24-j\u00e4hrigen Beifahrer von Waldsee aus mit ihrem Peugeot 206 auf die Bundesstra\u00dfe 9 in Fahrtrichtung Ludwigshafen einfahren. Vermutlich aufgrund \u00fcberh\u00f6hter Geschwindigkeit \u00fcbersteuerte das Fahrzeug  noch in der Tangente zur B9, so dass das Heck des Fahrzeugs ausbrach. Daraufhin d\u00fcrfte die 23-J\u00e4hrige zu stark gegengelenkt haben, weshalb sich das Fahrzeug drehte und die Leitplanken streifte. Am Fahrzeug entstand ein Sachschaden von circa 3000 Euro. Da das Fahrzeug nicht mehr fahrbereit war, wurde dieses von einem Abschlepper abgeholt. Die Fahrzeuginsassen wurden nicht verletzt. <\/p>\n\n\n\n<h4 class=\"wp-block-heading\">(R\u00fclzheim) &#8211; Ein Herz f\u00fcr Igel<\/h4>\n\n\n\n<p>Bei einer n\u00e4chtlichen Streifenfahrt in der Nacht zum Samstag durch ein Wohngebiet in R\u00fclzheim kam es zu einem kleinen Rettungseinsatz, der vom Alltag etwas ablenkte. Eine Polizeistreife fand mitten auf einer Stra\u00dfe einen Igel. Dieser war bei genauerem Hinsehen verletzt und konnte sich nicht mehr bewegen. Der Igel wurde behutsam durch die beiden Polizisten gerettet und an eine Tierpflegestation \u00fcbergeben. Dort wird er nun wieder aufgep\u00e4ppelt. <\/p>\n\n\n\n<h4 class=\"wp-block-heading\">(Jockgrim) &#8211; Versammlung auf dem B\u00fcrgerplatz<\/h4>\n\n\n\n<div class=\"wp-block-image\"><figure class=\"aligncenter\"><img decoding=\"async\" loading=\"lazy\" width=\"800\" height=\"600\" src=\"https:\/\/speyer24news.com\/wp-content\/uploads\/2020\/05\/IMG_20200523_143527.jpg\" alt=\"\" class=\"wp-image-27338\" srcset=\"https:\/\/speyer24news.com\/wp-content\/uploads\/2020\/05\/IMG_20200523_143527.jpg 800w, https:\/\/speyer24news.com\/wp-content\/uploads\/2020\/05\/IMG_20200523_143527-300x225.jpg 300w, https:\/\/speyer24news.com\/wp-content\/uploads\/2020\/05\/IMG_20200523_143527-768x576.jpg 768w, https:\/\/speyer24news.com\/wp-content\/uploads\/2020\/05\/IMG_20200523_143527-678x509.jpg 678w, https:\/\/speyer24news.com\/wp-content\/uploads\/2020\/05\/IMG_20200523_143527-326x245.jpg 326w, https:\/\/speyer24news.com\/wp-content\/uploads\/2020\/05\/IMG_20200523_143527-80x60.jpg 80w\" sizes=\"(max-width: 800px) 100vw, 800px\" \/><\/figure><\/div>\n\n\n\n<p>Am Samstag, 23.05.2020, versammelten sich um 14 Uhr ca. 40 Versammlungsteilnehmer auf dem B\u00fcrgerplatz und demonstrierten zum Thema &#8222;Meinungsfreiheit &#8211; Demokratie &#8211; Grundrechte&#8220;. Die im Vorfeld angemeldete Versammlung vom Frauenb\u00fcndnis Kandel verlief friedlich und st\u00f6rungsfrei. <\/p>\n\n\n\n<h4 class=\"wp-block-heading\">(Bad Bergzabern \/ Klingenm\u00fcnster) &#8211; Pedelec-Fahrer verletzt<\/h4>\n\n\n\n<p>Am Freitag kam es gleich zu zwei Unf\u00e4llen mit verletzten Pedelec-Fahrern. Am Nachmittag kam ein 73-J\u00e4hriger in Bad Bergzabern beim Befahren eines Wirtschaftsweges in einer Linkskurve ohne Fremdeinwirkung zu Fall. Er zog sich hierbei leichte Sch\u00fcrfwunden zu. Am Abend befuhr ein 50-J\u00e4hriger die Bahnhofstra\u00dfe in Klingenm\u00fcnster ebenfalls mit einem Pedelec. Aufgrund eines Fahrfehlers st\u00fcrzte er auf den Bordstein und zog sich hierbei eine Gehirnersch\u00fctterung sowie einen Bruch des Unterarmes zu, sodass er mit dem Rettungshubschrauber in eine Klinik verbracht wurde. Der getragene Fahrradhelm d\u00fcrfte hier Schlimmeres verhindert haben. <\/p>\n\n\n\n<h4 class=\"wp-block-heading\">(Bad Bergzabern) &#8211; Diebstahl einer Liege<\/h4>\n\n\n\n<p>Im Zeitraum zwischen dem Ladenschluss am Mittwochabend und der Gesch\u00e4fts\u00f6ffnung am Freitagmorgen entwendete ein bislang unbekannter T\u00e4ter aus dem umz\u00e4unten Au\u00dfenbereich eines Fachmarktes in der Landauer Stra\u00dfe eine rote Klappliege. Zeugen der Tat oder Personen, die Hinweise zu dem T\u00e4ter geben k\u00f6nnen, werden gebeten sich unter 06343-93340 oder per E-Mail unter <a href=\"mailto:pibadbergzabern@polizei.rlp.de\">pibadbergzabern@polizei.rlp.de<\/a> bei der Polizeiinspektion Bad Bergzabern zu melden. <\/p>\n\n\n\n<h4 class=\"wp-block-heading\">(Gleiszellen-Gleishorbach) &#8211; Verkehrsunfall mit Personenschaden<\/h4>\n\n\n\n<p>Am Freitag gegen 16:35 Uhr wollte der 82-j\u00e4hrige Fahrer eines Mercedes von einem Feldweg bei Gleiszellen nach links auf die B48 in Fahrtrichtung Klingenm\u00fcnster einbiegen. Hierbei missachtete er die Vorfahrt eines 27-j\u00e4hrigen BMW-Fahrers, sodass es zum Zusammensto\u00df beider Fahrzeuge kam. In Folge dessen zogen sich beide Fahrzeugf\u00fchrer Verletzungen zu und es entstand Sachschaden in H\u00f6he von ca. 20 000EUR. Bis zur R\u00e4umung und anschlie\u00dfenden Reinigung der Unfallstelle musste der Verkehr abgeleitet werden. <\/p>\n\n\n\n<h4 class=\"wp-block-heading\">(Landau) &#8211; Wiederholt W\u00e4sche von Balkon entwendet<\/h4>\n\n\n\n<p>In der Nacht von Donnerstag auf Freitag wurde im Zeitraum von 00:00 Uhr &#8211; 07:00 Uhr von einem Balkon eines Mehrfamilienhauses in der Robert-Koch-Stra\u00dfe in Landau wiederholt W\u00e4sche von einem W\u00e4schest\u00e4nder entwendet. <\/p>\n\n\n\n<p>Zeugen, die in dem Zeitraum verd\u00e4chtige Personen wahrgenommen haben, werden gebeten sich mit der Polizeiinspektion Landau in Verbindung zu setzen. <\/p>\n\n\n\n<h4 class=\"wp-block-heading\">(Landau) &#8211; Zeuge nach Verkehrsunfallflucht gesucht<\/h4>\n\n\n\n<p>Bereits am Mittwoch den 20.05.2020 gegen 18:00 Uhr besch\u00e4digte ein Transporter einen in der Landwehrstra\u00dfe, in H\u00f6he der Hausnummer 2a, geparkten Skoda Fabia und entfernte sich anschlie\u00dfend, ohne sich um den entstandenen Schaden zu k\u00fcmmern, von der Unfall\u00f6rtlichkeit. Der Verkehrsunfall wurde durch einen namentlich nicht bekannten Zeugen beobachtet und dem gesch\u00e4digten Fahrzeughalter gemeldet. Der Zeuge wird gebeten sich bei der Polizeiinspektion in Landau zu melden. <\/p>\n\n\n\n<h4 class=\"wp-block-heading\">(Rinnthal \/ L 490) &#8211; Schwerverletzter Motorradfahrer \/ Zeugen und Unfallbeteiligter gesucht<\/h4>\n\n\n\n<p>Nachdem am Freitag 22.05.2020 um ca. 16:45 Uhr ein Motorradfahrer auf der L490 zwischen Rinnthal und der B48 schwer verletzt wurde, werden Verkehrsunfallzeugen und ein unfallbeteiligter PKW-F\u00fchrer gesucht. Der 18-j\u00e4hrige Motorradfahrer befuhr die L490 von Rinnthal kommend in Fahrtrichtung B48. Nach derzeitigem Ermittlungsstand fuhr ein PKW von einem Feldweg auf die L490 ebenfalls in Fahrtrichtung B48 und \u00fcbersah hierbei den Motorradfahrer. Der Motorradfahrer musste, um einen Zusammensto\u00df zu verhindern, ausweichen, kollidierte mit der Leitplanke und st\u00fcrzte anschlie\u00dfend auf die Fahrbahn. Er erlitt durch den Sturz schwere, nicht lebensbedrohliche, Verletzungen und musste zur medizinischen Versorgung mit dem Rettungshubschrauber in ein Krankenhaus verbracht werden. <\/p>\n\n\n\n<p>Bei dem gesuchten Fahrzeug handelt es sich um einen dunkelfarbenen PKW mit PS- Kennzeichen. <\/p>\n\n\n\n<p>Da es zwischen dem einbiegenden PKW und dem Motorradfahrer nach den bisherigen Ermittlungen zu keinem Zusammensto\u00df kam, ist unklar, ob der Fahrzeugf\u00fchrer den Verkehrsunfall \u00fcberhaupt wahrgenommen hat. Der PKW- F\u00fchrer und weitere Zeugen, die sachdienliche Hinweise zu dem Unfallgeschehen oder dem gesuchten PKW machen k\u00f6nnen, werden gebeten sich bei der Polizeiinspektion Landau zu melden. <\/p>\n\n\n\n<h4 class=\"wp-block-heading\">(Gommersheim \/ B\u00f6bingen \/ Edenkoben) &#8211; Zigarettenautomaten aufgebrochen und Bargeld entwendet!<\/h4>\n\n\n\n<div class=\"wp-block-image\"><figure class=\"aligncenter\"><img decoding=\"async\" loading=\"lazy\" width=\"800\" height=\"573\" src=\"https:\/\/speyer24news.com\/wp-content\/uploads\/2020\/05\/DefekterZigarettenautomat.jpg\" alt=\"\" class=\"wp-image-27300\" srcset=\"https:\/\/speyer24news.com\/wp-content\/uploads\/2020\/05\/DefekterZigarettenautomat.jpg 800w, https:\/\/speyer24news.com\/wp-content\/uploads\/2020\/05\/DefekterZigarettenautomat-300x215.jpg 300w, https:\/\/speyer24news.com\/wp-content\/uploads\/2020\/05\/DefekterZigarettenautomat-768x550.jpg 768w\" sizes=\"(max-width: 800px) 100vw, 800px\" \/><\/figure><\/div>\n\n\n\n<p>In den Gemeinden Gommersheim, B\u00f6bingen und Edenkoben wurden in Nacht von Donnerstag auf Freitag 3 Zigarettenautomaten aufgebrochen. Die Automaten wurden massiv besch\u00e4digt und teilweise konnten die T\u00e4ter das darin befindliche Bargeld stehlen. Hinweise aus den betroffenen Gemeinden nimmt die Polizei Edenkoben entgegen. <\/p>\n\n\n\n<h4 class=\"wp-block-heading\">(Neustadt) &#8211; Streitigkeiten mit anschlie\u00dfender K\u00f6rperverletzung<\/h4>\n\n\n\n<p>Am 22.05.2020, gegen 22:15 Uhr, kam es auf dem Markplatz in Neustadt zu Streitigkeiten zwischen dem Betreiber einer ans\u00e4ssigen Gastst\u00e4tte und einer Gruppe junger Erwachsener. In deren Verlauf trat eine m\u00e4nnliche Person dem Wirt in den Unterleib. Im Anschluss fl\u00fcchtete die Personengruppe von der \u00d6rtlichkeit. Im Rahmen der Ermittlungen konnte jedoch ein Tatverd\u00e4chtiger ermittelt werden. Auf ihn kommt nun eine Strafanzeige wegen K\u00f6rperverletzung zu. Der Gastst\u00e4ttenbetreiber wurde leicht verletzt. <\/p>\n\n\n\n<p>Zeugen werden gebeten, sich bei der Polizei Neustadt zu melden. <\/p>\n\n\n\n<h4 class=\"wp-block-heading\">(Ha\u00dfloch) &#8211; Verkehrsunfall mit Flucht<\/h4>\n\n\n\n<p>In der Zeit von Freitag, 23.05.2020, 20:00 Uhr, bis Samstag, 24.05.2020, 07:30 Uhr, kam es am Kreisverkehr Bismarckstra\u00dfe\/Pfaffengasse in Ha\u00dfloch zu einem Verkehrsunfall. Ein unbekannter Fahrzeugf\u00fchrer besch\u00e4digte mit seinem Fahrzeug ein dort aufgestelltes Verkehrszeichen (wei\u00dfer Richtungspfeil auf blauem Grund) und entfernte sich im Anschluss unerlaubt von der Unfallstelle. Der entstandene Sachschaden wird auf ca. 500,- Euro gesch\u00e4tzt. Es werden Zeugen gesucht, die sich mit der Polizeiinspektion Ha\u00dfloch in Verbindung setzen sollen. <\/p>\n\n\n\n<h4 class=\"wp-block-heading\">(Ha\u00dfloch) &#8211; Nach Sturz mit dem Pedelec in die Klinik<\/h4>\n\n\n\n<p>Mit schweren Kopfverletzungen wurde eine 76-j\u00e4hrige Frau aus Ha\u00dfloch am Freitagmorgen in eine Klinik eingeliefert, nachdem sie mit ihrem Pedelec in der Moltkestra\u00dfe gest\u00fcrzt war. Als Ursache f\u00fcr den Sturz wird derzeit ein Fahrfehler angenommen. Weitere Verkehrsteilnehmer waren nicht beteiligt. Ob die Radfahrerin zum Unfallzeitpunkt einen Helm trug, ist nicht bekannt. <\/p>\n\n\n\n<h4 class=\"wp-block-heading\">(Weisenheim am Berg) &#8211; Vereinsliebe endet in Straftat<\/h4>\n\n\n\n<p>Im Zeitraum von Donnerstag, 21.05.2020, ca. 14:00 Uhr bis Freitag 22.05.2020, 16:00 Uhr bespr\u00fchte ein treuer 1. FCK-Fan im S\u00fcdtiroler Ring in Weisenheim am Berg eine Mauer mit dem Emblem des Fu\u00dfballvereins. Da durch das Graffiti ein Sachschaden in H\u00f6he von 200 Euro entstand, wurde eine Strafanzeige wegen Sachbesch\u00e4digung aufgenommen. Wer Hinweise zu dem Verursacher geben kann, wird gebeten, sich mit der Polizeiinspektion Bad D\u00fcrkheim unter 06322 963 0 oder per E-Mail an <a href=\"mailto:pibadduerkheim@polizei.rlp.de\">pibadduerkheim@polizei.rlp.de<\/a> in Verbindung zu setzen. <\/p>\n\n\n\n<h4 class=\"wp-block-heading\">(Weisenheim am Sand \/ Eyersheimerhof \/ L 454) &#8211; Zeugen gesucht nach Verkehrsunfallflucht<\/h4>\n\n\n\n<p>Am Freitag, den 22.05.2020, im Zeitraum von 08:00 &#8211; 17:40 ereignete sich auf der Landstra\u00dfe L 454 kurz nach dem Eyersheimerhof in Richung Weisenheim am Sand ein Verkehrsunfall. Ein bislang unbekannter Verkehrsteilnehmer befuhr mit seinem Fahrzeug die L 454 vermutlich aus Richtung Birkenheide kommend und touchierte einen am rechten Fahrbahnrand stehenden Leitpfosten, wodurch dieser besch\u00e4digt wurde. Anschlie\u00dfend entfernte sich der Unfallverursacher unerlaubt von der Unfall\u00f6rtlichkeit. Die Schadensh\u00f6he ist noch nicht bekannt. Sollten Sie Zeuge des Unfalls geworden sein oder Hinweise zum Unfallverursacher geben k\u00f6nnen, melden Sie sich bitte bei der Polizeiinspektion Bad D\u00fcrkheim unter 06322 963 0 oder per E-Mail an <a href=\"mailto:pibadduerkheim@polizei.rlp.de\">pibadduerkheim@polizei.rlp.de<\/a><\/p>\n\n\n\n<h4 class=\"wp-block-heading\">(He\u00dfheim) &#8211; K\u00f6rperverletzung in Supermarkt nach Streit wegen Mundschutzpflicht<\/h4>\n\n\n\n<p>Am Freitag, dem 22.05.2020, kommt es gegen 07:20 Uhr zu einem Streit zwischen zwei Kunden eines Supermarkts in der Frankenthaler Stra\u00dfe. Der Beschuldigte echauffiert sich \u00fcber eine Kundin, die keinen Mundschutz tr\u00e4gt und st\u00f6\u00dft den Einkaufswagen der Kundin gegen ihren Bauch. Den Polizeibeamten legt die 54-j\u00e4hrige Gesch\u00e4digte ein Attest zur Mundschutzbefreiung vor. Gegen den Beschuldigten wurde eine Anzeige wegen K\u00f6rperverletzung aufgenommen. <\/p>\n\n\n\n<h4 class=\"wp-block-heading\">(Frankenthal \/ Bobenheim-Roxheim) &#8211; Versuchter Enkeltrickbetrug in zwei F\u00e4llen<\/h4>\n\n\n\n<p>Am 22.05.2020, gegen 10:50 Uhr, erh\u00e4lt ein 87-j\u00e4hriger Mann aus Bobenheim-Roxheim einen Anruf einer weiblichen Person. Diese begr\u00fc\u00dft den 87-j\u00e4hrigen und bejaht die Frage, ob es sich bei ihr um dessen Enkelin handelt. Sodann erkl\u00e4rt sie ihm, dass sie dringend Geld ben\u00f6tige. Der Gesch\u00e4digte erkl\u00e4rt ihr, dass er keine nennenswerten Geldbetr\u00e4ge bei sich hat. Die Anruferin beharrt weiter auf die Geldsumme, wodurch der 87-j\u00e4hrige bemerkt, dass es sich bei der Anruferin nicht um seine Enkelin handelt. Diese beendet daher das Telefongespr\u00e4ch. <\/p>\n\n\n\n<p>Einen \u00e4hnlichen Anruf erh\u00e4lt ein 83-j\u00e4hriger Mann aus Frankenthal. Bei ihm meldet sich um 12:30 Uhr ein m\u00e4nnlicher Anrufer und gibt sich auf Nachfrage als dessen Sohn aus. Der vermeintliche Sohn ben\u00f6tige aufgrund eines Verkehrsunfalls dringend Geld. Der Frankenthaler bietet ihm 10.000 Euro an, was dem Anrufer zu wenig ist. Der 83-j\u00e4hrige wird sodann misstrauisch und fragt nach dem Namen der Mutter. Da der unbekannte Anrufer diesen nicht nennt, beendet der Gesch\u00e4digte das Telefonat. <\/p>\n\n\n\n<p>Immer wieder t\u00e4uschen Betr\u00fcger eine vermeintliche Familienangeh\u00f6rigkeit und meist eine damit verbundene finanzielle Notlage vor. So erschleichen sie sich das Vertrauen der ahnungslosen Angerufenen und nutzen deren Gutgl\u00e4ubigkeit und Hilfsbereitschaft gnadenlos aus. Lassen Sie sich nicht t\u00e4uschen und seien Sie misstrauisch. Wenn Ihnen ein Anruf seltsam erscheint rufen Sie uns an. Wir sind unter der 110 oder der 06233 3130 f\u00fcr Sie da. Wir wollen, dass Sie sicher Leben &#8211; Ihre Polizei Frankenthal. <\/p>\n\n\n\n<h4 class=\"wp-block-heading\">(Frankenthal) &#8211; M\u00f6gliche Verkehrsunfallflucht in FT-M\u00f6rsch \/ Beschuldigter und Gesch\u00e4digter gesucht<\/h4>\n\n\n\n<p>Ein Zeuge beobachtet am 22.05.2020, um 09:30 Uhr, in der Hauptstra\u00dfe in H\u00f6he der Hausnummer 49a eine Mini-Fahrerin, die beim R\u00fcckw\u00e4rtsausparken einen geparkten BMW touchiert und anschlie\u00dfend die Fahrt fortsetzt, ohne sich um einen m\u00f6glichen Unfallschaden an dem BMW zu k\u00fcmmern. Bevor der Zeuge den m\u00f6glichen Schaden an dem BMW \u00fcberpr\u00fcfen kann, wird auch dieser PKW weggefahren. Falls ein Schaden an dem BMW entstanden ist, m\u00fcsste sich dieser den Zeugenangaben zufolge am Kotfl\u00fcgel vorne rechts befinden. Die Fahrzeugfarbe und das Kennzeichen sind dem Zeugen nicht bekannt. <\/p>\n\n\n\n<p>Der BMW-Fahrer sowie weitere Zeugen werden gebeten sich an die Polizeiinspektion Frankenthal unter der Tel.-Nr.: 06233\/313-0 oder an die Polizeiwache Maxdorf unter der Tel.-Nr.: 06237\/934-100 zu wenden. Gerne nehmen wir Ihre Hinweise auch per E-Mail unter  <a href=\"mailto:pifrankenthal@polizei.rlp.de\">pifrankenthal@polizei.rlp.de<\/a> entgegen. <\/p>\n\n\n\n<h4 class=\"wp-block-heading\">(Ludwigshafen) &#8211; Randalierer wird &#8222;getasert&#8220;<\/h4>\n\n\n\n<div class=\"wp-block-image\"><figure class=\"aligncenter\"><img decoding=\"async\" src=\"https:\/\/speyer24news.com\/wp-content\/uploads\/2020\/05\/Taser-PI-LU.jpg\" alt=\"\" class=\"wp-image-26954\"\/><\/figure><\/div>\n\n\n\n<p>Am 23.05.2020 gegen 06:30 Uhr randalierte ein 35-J\u00e4hriger in seiner Wohnung im Ludwigshafener Stadtteil Nord, weshalb Anwohner die Polizei verst\u00e4ndigten. Gegen\u00fcber den Polizisten verhielt sich der Mann von Anfang an h\u00f6chst aggressiv, beleidigte diese und baute sich in &#8222;Kampfstellung&#8220; vor ihnen auf. Zun\u00e4chst wollte der Mann in seine Wohnung zur\u00fcck, trat aber kurz danach auf den Flur des Treppenhauses und wollte mit einem Messer auf die Polizisten losgehen. Er wurde mittels DEIG (Distanz-Elektroimpulsger\u00e4t) gestoppt und konnte festgenommen werden. W\u00e4hrend des Einsatzes wurden keine Polizisten verletzt. Den Mann erwartet nun ein Strafverfahren wegen Widerstand gegen Vollstreckungsbeamte, versuchte gef\u00e4hrliche K\u00f6rperverletzung und Beleidigung. <\/p>\n\n\n\n<h4 class=\"wp-block-heading\">(Ludwigshafen) &#8211; Schl\u00e4gerei am Rathausplatz<\/h4>\n\n\n\n<p>Am Freitag, den 22.05.2020 gegen 14:30 Uhr, kam es im Bereich des Rathausplatzes zu einer Schl\u00e4gerei zwischen mehreren jungen M\u00e4nnern. Bei Eintreffen der Polizeibeamten ergriffen zun\u00e4chst alle Beteiligten die Flucht. Der 19-j\u00e4hrige Gesch\u00e4digte konnte schlie\u00dflich durch eine Polizeistreife eingeholt und zur Sache befragt werden. Zwischen ihm, einem 24-j\u00e4hrigen Bekannten sowie zwei seiner Freunde war es zuvor zun\u00e4chst lediglich zu einem Streitgespr\u00e4ch gekommen. Dieses eskalierte nach kurzer Zeit jedoch derart, dass der 19-J\u00e4hrige von seinem Bekannten zuerst in den Schwitzkasten genommen und anschlie\u00dfend auch durch ihn geschlagen und getreten wurde. Die Freunde des 24-J\u00e4hrigen standen w\u00e4hrenddessen teilnahmslos daneben und kamen dem 19-J\u00e4hrigen nicht zur Hilfe. Die Ermittlungen zur Identit\u00e4t der beiden Freunde des Beschuldigten dauern weiterhin an. Bisweilen muss sich der 24-J\u00e4hrige wegen gef\u00e4hrlicher K\u00f6rperverletzung verantworten. <\/p>\n\n\n\n<h4 class=\"wp-block-heading\">(Ludwigshafen) &#8211; Streit zwischen Jugendlichen eskaliert<\/h4>\n\n\n\n<p>Am Freitag, den 22.05.2020 gegen 13:30 Uhr, kam es an der Bahnhaltestelle Rathauscenter zu einer k\u00f6rperlichen Auseinandersetzung zwischen mehreren Jugendlichen. Augenzeugen zufolge begann der Streit bereits in der Stra\u00dfenbahn. Dort versetzte ein 16-J\u00e4hriger seinem Kontrahenten zun\u00e4chst einen Schlag. Im Gegenzug zog der Gesch\u00e4digte ein Messer unter seinem T-Shirt hervor. Als die Bahn schlie\u00dflich an der Haltestelle zum Stehen kam, versuchten beide von der \u00d6rtlichkeit zu fl\u00fcchten. Dem Gesch\u00e4digten gelang dies. Der 16-j\u00e4hrige Schl\u00e4ger konnte jedoch durch die Polizeibeamten im Bereich des Rathaus-Centers angetroffen werden. Nach Abschluss der polizeilichen Ma\u00dfnahmen wurde der Jugendliche an seine Eltern \u00fcberstellt. Er muss sich nun wegen K\u00f6rperverletzung verantworten. <\/p>\n\n\n\n<h4 class=\"wp-block-heading\">(Ludwigshafen) &#8211; Mehrere Diebst\u00e4hle aus parkenden Fahrzeugen<\/h4>\n\n\n\n<p>In der Zeit von Donnerstag Nachmittag, den 21.05.2020 bis Freitag Morgen, den 22.05.2020, kam es in den Stadtteilen Gartenstadt und Maudach zu Diebst\u00e4hlen aus zwei parkenden Fahrzeugen. Beide Male wurden die jeweiligen Fahrzeuge zwar verschlossen, jedoch mit heruntergelassenen Seitenscheiben am Stra\u00dfenrand abgestellt. Entwendet wurden aus beiden Fahrzeugen hohe Bargeldbetr\u00e4ge beziehungsweise hochwertiges Jagdequipment. Demnach lautet der Aufruf seitens der Polizei: Versichern Sie sich bei Verlassen Ihres Fahrzeuges, dass s\u00e4mtliche Scheiben hochgefahren sind und verschlie\u00dfen Sie Ihr Fahrzeug im Anschluss ordnungsgem\u00e4\u00df. <\/p>\n\n\n\n<h4 class=\"wp-block-heading\">(Mannheim) &#8211; Zwei illegale Autorennen gestoppt<\/h4>\n\n\n\n<p>Gleich zwei illegale Autorennen wurden in der Nacht von Freitag auf Samstag in Mannheim von der Polizei gestoppt &#8211; f\u00fcnf F\u00fchrerscheine wurden einbehalten. <\/p>\n\n\n\n<p>Zun\u00e4chst wurden Beamte des Polizeireviers Mannheim-Neckarau gegen 23:45 Uhr an der Kreuzung Neckarauer Stra\u00dfe \/ Rottfeldstra\u00dfe auf lautstarke Motorenger\u00e4usche an einer Ampel aufmerksam. Mindestens sechs hochmotorisierte BMW beschleunigten gleich darauf stark in Fahrtrichtung Rheinau. Alle fuhren dabei mit nicht angepasster und deutlich \u00fcberh\u00f6hter Geschwindigkeit. Als die Beamten die Fahrer auf H\u00f6he der Adlerstra\u00dfe stoppen wollten, beschleunigten drei der sechs nochmals stark und fl\u00fcchteten. Drei Fahrer im Alter von 27, 31 und 37 Jahren wurden anschlie\u00dfend einer Kontrolle unterzogen. Diese haben sich wegen der Teilnahme an verbotenen Kraftfahrzeugrennen zu verantworten. Die F\u00fchrerscheine der M\u00e4nner wurden einbehalten. <\/p>\n\n\n\n<p>Wenig sp\u00e4ter, um 1 Uhr, wurden Beamte des Polizeireviers Mannheim-Neckarstadt auf zwei Autofahrer aufmerksam, die in der Waldhofstra\u00dfe hochtourig fuhren. Dem nicht genug beschleunigten beide Am Me\u00dfplatz stark und bogen mit h\u00f6chstm\u00f6glicher Geschwindigkeit in Richtung der Kurpfalzbr\u00fccke ab. Trotz regem Fahrzeugverkehrs und Fu\u00dfg\u00e4ngern auf der Br\u00fccke versuchte der Mercedes-Fahrer bei maximaler Beschleunigung seinen Kontrahenten, einen BMW, zu \u00fcberholen. Aufgrund einer roten Ampel am Friedrichsring mussten beide ihre hochmotorisierten Fahrzeuge anhalten. Um deren Weiterfahrt zu verhindern, stellten die Beamten den Streifenwagen vor die &#8222;Rennfahrer&#8220; und unterzogen diese einer Kontrolle. Als die Uniformierten an den BMW herantraten, stellten diese eine Schusswaffe im Bereich des Fahrersitzes fest. Diese wurde umgehend sichergestellt, so wie der F\u00fchrerschein des 32-J\u00e4hrigen. Auch der 25-j\u00e4hrige Mercedes-Fahrer musste seinen Weg anschlie\u00dfend zu Fu\u00df fortsetzen &#8211; sein F\u00fchrerschein wurde ebenfalls einbehalten. Beide haben sich nun wegen der Teilnahme an einem verbotenen Kraftfahrzeugrennen strafrechtlich zu verantworten. Der 32-J\u00e4hrige zudem wegen des Versto\u00dfes gegen das Waffengesetz. <\/p>\n\n\n\n<h4 class=\"wp-block-heading\">(Heidelberg-Neuenheim) &#8211; Zwei geparkte Autos besch\u00e4digt \/ Wer kann Hinweise geben?<\/h4>\n\n\n\n<p>Gleich zwei Pkw besch\u00e4digte ein Unbekannter in der Zeit von Donnerstagmittag und Freitagmorgen, dabei entstand ein Unfallschaden von mindestens 5.000 Euro. Die beiden Autos, ein Ford und Hyundai, waren hintereinander in der Ladenburger Stra\u00dfe geparkt und wurden beim Unfallgeschehen verkratzt und eingedellt. Der Verursacher fl\u00fcchtete. Zeugen, die zu fraglichen Zeit etwas beobachtet haben, werden gebeten, sich unter 06221 45690 zu melden. <\/p>\n\n\n\n<h4 class=\"wp-block-heading\">(Br\u00fchl \/ Rhein-Neckar-Kreis) &#8211; Brand auf Gartengrundst\u00fcck<\/h4>\n\n\n\n<p>Ein Feuer brach am 23.05.2020 in den fr\u00fchen Morgenstunden auf einem Gartengrundst\u00fcck in Br\u00fchl aus. Gegen 02:51 Uhr fing ein Holzlager auf dem Gel\u00e4nde zwischen der L 599 und der Mannheimer Stra\u00dfe Feuer und musste durch die Freiwillige Feuerwehr Br\u00fchl gel\u00f6scht werden. Die Gartenh\u00fctte auf dem Grundst\u00fcck wurde durch die Flammen nicht in Mitleidenschaft gezogen. Warum das Feuer ausbrach ist bislang nicht bekannt. Das Polizeirevier Schwetzingen hat die weiteren Ermittlungen zur Brandursache \u00fcbernommen. <\/p>\n\n\n\n<h4 class=\"wp-block-heading\">(Hockenheim \/ Rhein-Neckar-Kreis) &#8211; Streitigkeiten l\u00f6sen gr\u00f6\u00dferen Polizeieinsatz aus<\/h4>\n\n\n\n<p>Aufgrund von eskalierten Streitigkeiten am Freitagnachmittag kam es in der Duttweiler Stra\u00dfe zum Einsatz von neun Streifenwagen. Zeugen meldeten gegen 16:30 Schussger\u00e4usche auf dem Gel\u00e4nde eines Autohauses und alarmierten die Polizei. Bei einer Nachschau wurden insgesamt zehn Personen im Innenhof des Autocenters angetroffen und einer Kontrolle unterzogen. Dabei wurde eine Schreckschusswaffe aufgefunden. Nach eingehender Befragung gerieten die Anwesenden mit Personen, die das Gel\u00e4nde aufsuchten, in verbale Streitigkeiten. Diese eskalierten derart, dass einer der M\u00e4nner mit einer Schreckschusswaffe in die Luft geschossen haben soll. Daraufhin trennten sich die Streitparteien. Verletzt wurde niemand. <\/p>\n\n\n\n<p>Das Polizeirevier Hockenheim hat die Ermittlungen aufgenommen. <\/p>\n\n\n\n<h4 class=\"wp-block-heading\">(Wilhelmsfeld \/ Rhein-Neckar-Kreis) &#8211; Pkw besch\u00e4digt und gefl\u00fcchtet \/ Zeugenaufruf<\/h4>\n\n\n\n<p>Die Beamten des Polizeiposten Sch\u00f6nau suchen nach Zeugen, die in der Zeit von Donnerstagmittag bis Freitagmorgen einen Verkehrsunfall in der Johann-Wilhelm-Stra\u00dfe beobachtet haben. Ein Unbekannter besch\u00e4digte dabei einen geparkten BMW nicht unerheblich und verursachte einen Schaden von mindestens 4.000 Euro. Ohne seinen Pflichten nachzukommen, fl\u00fcchtete der Verursacher. Zeugen, werden gebeten, sich unter 06228 8230 an die Ermittler zu wenden. <\/p>\n","protected":false},"excerpt":{"rendered":"<div class=\"mh-excerpt\"><p>Polizeimeldungen vom Samstag (23.05.2020) (Speyer) &#8211; Brand kleiner B\u00fcsche Am 22.05.2020 gegen 22:40 Uhr wurde durch einen Verkehrsteilnehmer brennende B\u00fcsche in der Landwehrstra\u00dfe in Speyer gemeldet. Der Brand wurde durch die Feuerwehr gel\u00f6scht. Die B\u00fcsche <a class=\"mh-excerpt-more\" href=\"https:\/\/speyer24news.com\/?p=27334\" title=\"Polizei\">[&#8230;]<\/a><\/p>\n<\/div>","protected":false},"author":3,"featured_media":0,"comment_status":"open","ping_status":"open","sticky":false,"template":"","format":"standard","meta":{"_monsterinsights_skip_tracking":false,"_monsterinsights_sitenote_active":false,"_monsterinsights_sitenote_note":"","_monsterinsights_sitenote_category":0,"footnotes":""},"categories":[12],"tags":[3614,61,2555,6955,6986,6263,63,105,6987,53,4854,4683,1548,102,213,55,5261,103,106,2803,2423,427,2625,380,62,104,979,1565],"aioseo_notices":[],"amp_enabled":true,"_links":{"self":[{"href":"https:\/\/speyer24news.com\/index.php?rest_route=\/wp\/v2\/posts\/27334"}],"collection":[{"href":"https:\/\/speyer24news.com\/index.php?rest_route=\/wp\/v2\/posts"}],"about":[{"href":"https:\/\/speyer24news.com\/index.php?rest_route=\/wp\/v2\/types\/post"}],"author":[{"embeddable":true,"href":"https:\/\/speyer24news.com\/index.php?rest_route=\/wp\/v2\/users\/3"}],"replies":[{"embeddable":true,"href":"https:\/\/speyer24news.com\/index.php?rest_route=%2Fwp%2Fv2%2Fcomments&post=27334"}],"version-history":[{"count":1,"href":"https:\/\/speyer24news.com\/index.php?rest_route=\/wp\/v2\/posts\/27334\/revisions"}],"predecessor-version":[{"id":27339,"href":"https:\/\/speyer24news.com\/index.php?rest_route=\/wp\/v2\/posts\/27334\/revisions\/27339"}],"wp:attachment":[{"href":"https:\/\/speyer24news.com\/index.php?rest_route=%2Fwp%2Fv2%2Fmedia&parent=27334"}],"wp:term":[{"taxonomy":"category","embeddable":true,"href":"https:\/\/speyer24news.com\/index.php?rest_route=%2Fwp%2Fv2%2Fcategories&post=27334"},{"taxonomy":"post_tag","embeddable":true,"href":"https:\/\/speyer24news.com\/index.php?rest_route=%2Fwp%2Fv2%2Ftags&post=27334"}],"curies":[{"name":"wp","href":"https:\/\/api.w.org\/{rel}","templated":true}]}}