{"id":27341,"date":"2020-05-24T08:42:03","date_gmt":"2020-05-24T07:42:03","guid":{"rendered":"https:\/\/speyer24news.com\/?p=27341"},"modified":"2020-05-24T08:42:04","modified_gmt":"2020-05-24T07:42:04","slug":"germersheim-landkreis-ger-10","status":"publish","type":"post","link":"https:\/\/speyer24news.com\/?p=27341","title":{"rendered":"Germersheim &#038; Landkreis GER"},"content":{"rendered":"<style type=\"text\/css\">\r\n\t.ads_top_disp{}\r\n\t.ads_top_corner_disp{ float:left; margin:0px 10px 10px 0px; }\r\n\t.ads_first_p_disp{}\r\n\t.ads_bottom_disp{}\r\n\t<\/style>\n<h1 class=\"wp-block-heading\" style=\"text-align:center\"><strong>Coronavirus<\/strong> &#8211; Fallzahlen<\/h1>\n\n\n\n<figure class=\"wp-block-image\"><img decoding=\"async\" loading=\"lazy\" width=\"800\" height=\"400\" src=\"https:\/\/speyer24news.com\/wp-content\/uploads\/2020\/02\/virus-1812092_1920.jpg\" alt=\"\" class=\"wp-image-25128\" srcset=\"https:\/\/speyer24news.com\/wp-content\/uploads\/2020\/02\/virus-1812092_1920.jpg 800w, https:\/\/speyer24news.com\/wp-content\/uploads\/2020\/02\/virus-1812092_1920-300x150.jpg 300w, https:\/\/speyer24news.com\/wp-content\/uploads\/2020\/02\/virus-1812092_1920-768x384.jpg 768w\" sizes=\"(max-width: 800px) 100vw, 800px\" \/><\/figure>\n\n\n\n<h2 class=\"wp-block-heading\"><strong>Aktuell\n16 best\u00e4tigte positive F\u00e4lle im Landkreis Germersheim (22. Mai2020, Stand 13\nUhr)<\/strong><\/h2>\n\n\n\n<p>Die \u00dcbersicht aus dem Landkreis Germersheim:<\/p>\n\n\n\n<ul><li>Derzeit positiv getestete Personen: 16<\/li><li>Gesundete Personen: 127<\/li><li>Bislang leider verstorbene Personen: 5<\/li><\/ul>\n\n\n\n<p>\n\n\n\n\n\nGesamtzahl\npositiv getestete Personen (seit Ausbruch): 148\n\n\n\n<\/p>\n\n\n\n<h2 class=\"wp-block-heading\"><strong>Aktuell\n17 best\u00e4tigte positive F\u00e4lle im Landkreis Germersheim (20. Mai2020, Stand 13\nUhr)<\/strong><\/h2>\n\n\n\n<p>Die \u00dcbersicht aus dem Landkreis Germersheim:<\/p>\n\n\n\n<ul><li>Derzeit positiv getestete Personen: 17<\/li><li>Gesundete Personen: 125<\/li><li>Bislang leider verstorbene Personen: 5<\/li><\/ul>\n\n\n\n<p>\n\n\n\n\n\nGesamtzahl\npositiv getestete Personen (seit Ausbruch): 147\n\n\n\n<\/p>\n\n\n\n<h2 class=\"wp-block-heading\"><strong>Aktuell\n20 best\u00e4tigte positive F\u00e4lle im Landkreis Germersheim (19. Mai 2020, Stand 13\nUhr)<\/strong><\/h2>\n\n\n\n<p>Die \u00dcbersicht aus dem Landkreis Germersheim:<\/p>\n\n\n\n<ul><li>Derzeit positiv getestete Personen: 20<\/li><li>Gesundete Personen: 122<\/li><li>Bislang leider verstorbene Personen: 5<ul><li>Gesamtzahl\npositiv getestete Personen (seit Ausbruch): 147<\/li><\/ul><\/li><\/ul>\n\n\n\n<h2 class=\"wp-block-heading\"><strong>Aktuell 20 best\u00e4tigte positive F\u00e4lle im Landkreis Germersheim (18. Mai2020, Stand 14 Uhr)<\/strong><\/h2>\n\n\n\n<p>Die \u00dcbersicht aus dem Landkreis Germersheim:<\/p>\n\n\n\n<ul><li>Derzeit positiv getestete Personen: 20<\/li><li>Gesundete Personen: 122<\/li><li>Bislang leider verstorbene Personen: 5<ul><li>Gesamtzahl\npositiv getestete Personen (seit Ausbruch): 147<\/li><\/ul><\/li><\/ul>\n\n\n\n<p><em>Kreisverwaltung Germersheim<\/em><br><em>24.05.2020<\/em><\/p>\n\n\n\n<h2 class=\"wp-block-heading\"><strong>Hinweis zur Maskensituation<\/strong><\/h2>\n\n\n\n<div class=\"wp-block-image\"><figure class=\"aligncenter\"><img decoding=\"async\" loading=\"lazy\" width=\"800\" height=\"583\" src=\"https:\/\/speyer24news.com\/wp-content\/uploads\/2020\/03\/respirator-4945550_1920.jpg\" alt=\"\" class=\"wp-image-25938\" srcset=\"https:\/\/speyer24news.com\/wp-content\/uploads\/2020\/03\/respirator-4945550_1920.jpg 800w, https:\/\/speyer24news.com\/wp-content\/uploads\/2020\/03\/respirator-4945550_1920-300x219.jpg 300w, https:\/\/speyer24news.com\/wp-content\/uploads\/2020\/03\/respirator-4945550_1920-768x560.jpg 768w\" sizes=\"(max-width: 800px) 100vw, 800px\" \/><\/figure><\/div>\n\n\n\n<p>Aufgrund von vermehrten Anfragen und\nin Teilen auch irritierender Aussagen weist die Kreisverwaltung Germersheim auf\nFolgendes hin:<\/p>\n\n\n\n<p>Die Maskensituation im Landkreis Germersheim ist derzeit wie in\nganz Deutschland sehr entspannt. Jede B\u00fcrgerin, jeder B\u00fcrger, der eine Maske\nm\u00f6chte, kann sich problemlos mit Masken in unterschiedlichen Macharten,\nQualit\u00e4ten und Preislagen versorgen. Der Kreis darf keine Masken\nan B\u00fcrgerinnen und B\u00fcrger ver\u00e4u\u00dfern, auch nicht zum Selbstkostenpreis. Das\nl\u00e4sst die Gemeindeordnung nicht zu. Damit w\u00fcrde der Kreis auch in Konkurrenz mit\nden H\u00e4ndlern treten.<\/p>\n\n\n\n<p>Der Kreis hat viele Tausend Masken\nkostenfrei an die Kommunen, an Kitas, Krankenh\u00e4user, soziale Einrichtungen usw.\nweitergegeben. Dies erfolgte im Rahmen des Infektionsschutzes als der Markt\nangespannt und kurzfristig keine Schutzausr\u00fcstung zu bekommen war. \u201eIn diesem\nKontext war das nicht nur legitim, sondern auch zum Schutz der Menschen\nselbstverst\u00e4ndlich\u201c, so Landrat Dr. Fritz Brechtel.<\/p>\n\n\n\n<p>Auch der Katastrophenschutz des\nLandkreises ist momentan gut mit Schutzausr\u00fcstung ausgestattet. Sollte dieser Vorrat\naufgebraucht sein, k\u00f6nnten innerhalb k\u00fcrzester Zeit weitere mehrere Tausend\nMasken beschafft werden. Die Masken sind bei den Zulieferern vorr\u00e4tig.<\/p>\n\n\n\n<p><em>Kreisverwaltung Germersheim<\/em><br><em>24.05.2020<\/em><\/p>\n\n\n\n<h2 class=\"wp-block-heading\"><strong>Fr\u00fchzeitige Abgabe der Fertigstellungsmeldung im Antragsverfahren f\u00fcr Rebpflanzungen 2020<\/strong><\/h2>\n\n\n\n<div class=\"wp-block-image\"><figure class=\"aligncenter\"><img decoding=\"async\" loading=\"lazy\" width=\"800\" height=\"535\" src=\"https:\/\/speyer24news.com\/wp-content\/uploads\/2020\/05\/Wein.jpg\" alt=\"\" class=\"wp-image-27343\" srcset=\"https:\/\/speyer24news.com\/wp-content\/uploads\/2020\/05\/Wein.jpg 800w, https:\/\/speyer24news.com\/wp-content\/uploads\/2020\/05\/Wein-300x201.jpg 300w, https:\/\/speyer24news.com\/wp-content\/uploads\/2020\/05\/Wein-768x514.jpg 768w\" sizes=\"(max-width: 800px) 100vw, 800px\" \/><\/figure><\/div>\n\n\n\n<p>In K\u00fcrze verschicken die\nKreisverwaltungen ein bereits teilausgef\u00fclltes Formular (Anlage 2) f\u00fcr die\nMeldung der Pflanzung der beantragten Ma\u00dfnahmen 2020 an alle Antragsteller.<\/p>\n\n\n\n<p>Damit wird die\nPflanzung\/Fertigstellung der Rebanlagen der Kreisverwaltung gemeldet. Daraufhin\nfindet die Vor-Ort-Kontrolle statt.<\/p>\n\n\n\n<p>In diesem Jahr soll die\nVor-Ort-Kontrolle fr\u00fcher beginnen. Alle Antragsteller, die ihre Ma\u00dfnahmen\nbereits abgeschlossen haben, werden deshalb aufgefordert, die\nFertigstellungsmeldung fr\u00fchestm\u00f6glich bei den Kreisverwaltungen abzugeben. Alle\nBedingungen\/Forderungen laut Richtlinie 2020 (Seite 13\/14) und Checkliste (letzte\nSeite) gelten weiter uneingeschr\u00e4nkt und sind zu beachten.<\/p>\n\n\n\n<p>Die Fertigstellungsmeldung kann ebenfalls \u00fcber das Weininformationsportal (WIP) der Landwirtschaftskammer Rheinland-Pfalz EDV-technisch unterst\u00fctzt ausgef\u00fcllt werden. <a href=\"https:\/\/www.lwk-rlp.de\/de\/weinbau\/service\/wip-weininformationsportal\/\">https:\/\/www.lwk-rlp.de\/de\/weinbau\/service\/wip-weininformationsportal\/<\/a><\/p>\n\n\n\n<p>Die Richtlinie ist \u00fcber die Internetseite des Ministeriums f\u00fcr Wirtschaft, Verkehr, Landwirtschaft und Weinbau Rheinland-Pfalz verf\u00fcgbar: <a href=\"https:\/\/mwvlw.rlp.de\/de\/themen\/weinbau\/umstrukturierung\/\">https:\/\/mwvlw.rlp.de\/de\/themen\/weinbau\/umstrukturierung\/<\/a><\/p>\n\n\n\n<p>F\u00fcr Antragsteller, die ihre Ma\u00dfnahmen\nnoch nicht fertig stellen k\u00f6nnen, jedoch eine Auszahlung bereits sp\u00e4testens am\n15.10.2020 w\u00fcnschen, wird in diesem Jahr die Vorlage einer Bankb\u00fcrgschaft\nerm\u00f6glicht. Eine Mitteilung \u00fcber die genaue H\u00f6he der vorzulegenden B\u00fcrgschaft\nerh\u00e4lt jeder Antragsteller in K\u00fcrze.<\/p>\n\n\n\n<p>Die unbefristete B\u00fcrgschaft muss\nrechtzeitig bei der Hausbank beantragt und der Kreisverwaltung bis zum 30. Juni\n2020 vorgelegt werden. Aufgrund der B\u00fcrgschaft k\u00f6nnen 80% des beantragten\nZuschusses ausgezahlt werden.<\/p>\n\n\n\n<p><em>Kreisverwaltung Germersheim<\/em><br><em>24.05.2020<\/em><\/p>\n\n\n\n<h2 class=\"wp-block-heading\"><strong>Smart Factory an der\nBBS Standort W\u00f6rth:<\/strong><\/h2>\n\n\n\n<h3 class=\"wp-block-heading\"><strong>Arbeiten und\nAusschreibungen laufen \u2013 Digitaler Zwilling soll Sch\u00fclerinnen und Sch\u00fcler fr\u00fchzeitig\nin die Smart Factory einf\u00fchren<\/strong><\/h3>\n\n\n\n<p>\u201eWelche\nBedeutung digitale Ausbildung hat, wird uns in Zeiten von Homeschooling und\nVideokonferenzen besonders deutlich. Daher ist es gut, dass trotz der Umst\u00e4nde\nder Bau und die Planungen der Smart Factory an der Berufsbildenden Schule in\nW\u00f6rth vorangehen. Die n\u00e4chsten entscheidenden Schritte stehen an und auch die\nArbeiten in den R\u00e4umen selbst sind in vollem Gange\u201c, berichtet der f\u00fcr Schulen\nzust\u00e4ndige Erste Kreisbeigeordnete Christoph Buttweiler.<\/p>\n\n\n\n<p>Das\neurop\u00e4ische INTERREG-Projekt zum Bau der Smart Factory an der Berufsbildenden\nSchule Germersheim-W\u00f6rth, mit einem Gesamtfinanzierungsvolumen von mehr als 2\nMio. Euro, ging mit der jetzt ver\u00f6ffentlichten Ausschreibung der Smart Factory in\neine neue spannende Phase. Anbieter haben nun die M\u00f6glichkeit, auf die\nAusschreibung der Hard- und Software mit einem Angebot zu reagieren. Direkt im\nAnschluss wird die intensive Phase der Auswahl des besten Angebots eingeleitet.\n\u201eUnser Ziel ist es, zumindest Teile des technologischen Wissenszentrums bereits\nAnfang 2021 in Betrieb zu nehmen\u201c, Schulleiter Alexander Ott und der Erste\nKreisbeigeordnete Christoph Buttweiler.<\/p>\n\n\n\n<p>Das\nZiel des im Oktober 2019 offiziell gestarteten Projekts ist es, ein\nzweisprachiges, grenz\u00fcberschreitendes und innovatives Bildungsnetzwerk im\nBereich der digitalisierten und vernetzten Produktion zu schaffen, mit dem\nSch\u00fclerinnen und Sch\u00fcler zuk\u00fcnftig f\u00fcr Industrie 4.0 und K\u00fcnstliche Intelligenz\nan der BBS vorbereitet werden. \u201eGerade jetzt wird deutlich, wie wichtig eine\ngute Qualifikation im Umgang mit moderner und vernetzter Technik ist. Eine\nzukunftweisende Aus- und Weiterbildung gewinnt rasant an Bedeutung\u201c, heben auch\nder stellvertretende Schulleiter der BBS Ingolf K\u00e4smeier und Jens Pietsch, Abteilungsleiter\nan der BBS in W\u00f6rth heraus.<\/p>\n\n\n\n<p>Der\nBegeisterung f\u00fcr das Projekt bei allen Beteiligten tut die Corona-Pandemie\nkeinen Abbruch, wenn auch die H\u00fcrden zur Verwirklichung deutlich h\u00f6her sind.\nDie Umst\u00e4nde stellen die beteiligten Schulen, die BBS W\u00f6rth, das Lyc\u00e9e\nHeinrich-Nessel in Hagenau und das Lyc\u00e9e Georges-Imbert in Sarre-Union, vor\neine Vielzahl an neuen Herausforderungen. <\/p>\n\n\n\n<p>Ingolf\nK\u00e4smeier wei\u00df dies einzusch\u00e4tzen, so erfordert bereits allein die Organisation\nund Durchf\u00fchrung des derzeitigen Schulbetriebes mit Umsetzung der\nerforderlichen Hygienema\u00dfnahmen einen hohen Einsatz des Lehrerkollegiums und\nder Schulleitung. Aktuell m\u00fcssen Absprachen bez\u00fcglich zuk\u00fcnftiger gemeinsamer\nLernmodule mit den franz\u00f6sischen Partnern getroffen werden, parallel zu\nHomeschooling und Pr\u00e4senzunterricht, das erfordert zus\u00e4tzliches Engagement und\neinen hohen Einsatzwillen der beteiligten Kolleginnen und Kollegen.<\/p>\n\n\n\n<p>Die\nSmart Factory soll in der ehemaligen Schreinerwerkstatt untergebracht werden,\nein entsprechender Antrag auf Schulbauf\u00f6rderung wurde von der Kreisverwaltung\ngestellt und von der ADD Neustadt genehmigt. So konnte bereits die R\u00e4umung der\nWerkstatt abgeschlossen werden, die anschlie\u00dfende Sanierung, der R\u00fcckbau und\nder Wiederaufbau sollten bis zum Ende des Jahres abgeschlossen sein. \u201eAb dann\nwird die Smart Factory nach und nach eingerichtet\u201c, freuen sich alle\nBeteiligten.<\/p>\n\n\n\n<p>Auch\ndie inhaltlichen Arbeiten schreiten voran. Im Mittelpunkt der aktuellen\n\u00dcberlegungen zur Software stehenma\u00dfgeschneiderte digitale\nSimulationswerkzeuge, mit deren Hilfe ein digitales Abbild, ein sogenannter\n\u201edigitaler Zwilling\u201c realisiert werden. BBS-Abteilungsleiter Pietsch sieht in\nder fr\u00fchzeitigen Nutzung eines digitalen Zwillings einen gro\u00dfen Vorteil, da Anlagenkomponenten\nund Produktionsprozesse sowie Abl\u00e4ufe zur Fertigung individueller Produkte\nvirtuell vollzogen werden k\u00f6nnen: Bereits im Vorfeld der tats\u00e4chlichen Installation\nder Smart Factory k\u00f6nnen sich so Sch\u00fclerinnen und Sch\u00fcler, Lehrerinnen und Lehrer\nund interessierte Unternehmen Schritt f\u00fcr Schritt auf deutscher und\nfranz\u00f6sischer Seite mit der zuk\u00fcnftigen Smart Factory vertraut machen.<\/p>\n\n\n\n<p>\u201eDas\nSmart Factory Projekt setzt somit auch in Zeiten der Corona-Krise ein positives\nSignal in die Zukunft der beruflichen Ausbildung. Wir danken allen, die sich\nengagiert f\u00fcr und in diesem Projekt einsetzten. F\u00fcr die Partnergebiete\nRheinland-Pfalz und die R\u00e9gion Grand Est ist die Smart Factory ein gro\u00dfer\nGewinn \u2013 ein zukunftsweisendes gemeinsames digitales Lernen kommt greifbar\nnah\u201c, so Landrat Brechtel und Schulleiter Ott abschlie\u00dfend.<\/p>\n\n\n\n<p><em>Kreisverwaltung Germersheim<\/em><br><em>24.05.2020<\/em><\/p>\n\n\n\n<h2 class=\"wp-block-heading\"><strong>S\u00fcdpfalz-Tourismus\nstartet in die Saison<\/strong><\/h2>\n\n\n\n<p>Nachdem die landesweiten Corona-Einschr\u00e4nkungen der letzten Wochen\nauch im Landkreis Germersheim den Ausflugs- und Urlaubstourismus vorerst auf\nEis gelegt haben, k\u00f6nnen die Betriebe dank der ersten Lockerungen nun verz\u00f6gert\nin die Saison starten. Seit dem 13. Mai 2020 d\u00fcrfen die Gastst\u00e4tten unter\nstrengen Auflagen wieder \u00f6ffnen und seit dem 18. Mai 2020 k\u00f6nnen\n\u00dcbernachtungsbetriebe mit entsprechenden Hygienekonzepten auch wieder G\u00e4ste\nempfangen. Rheinland-Pfalz geh\u00f6rt damit zu den ersten Bundesl\u00e4ndern, die auch\nin diesem Bereich Lockerungen zulassen. Auch erste Museen wie das Deutsche\nStra\u00dfenmuseum in Germersheim, das Ziegeleimuseum in Sondernheim und das\nTerra-Sigillata-Museum in Rheinzabern sowie die Strau\u00dfenfarm in R\u00fclzheim, der\nFun Forest Kletterpark in Kandel oder die S\u00fcdpfalz Draisinenbahn k\u00f6nnen ihre\nPforten wieder f\u00fcr Besucher \u00f6ffnen. Die Touristinformationen in Germersheim und\nKandel haben ihren Betrieb ebenfalls wieder aufgenommen und freuen sich auf die\nG\u00e4ste. <\/p>\n\n\n\n<h4 class=\"wp-block-heading\"><strong>#s\u00fcdpfalzgehtimmer<\/strong><\/h4>\n\n\n\n<p>\u201eWir freuen uns sehr dar\u00fcber, dass wir und unsere touristischen\nPartner die G\u00e4ste nun auch wieder aktiv zu uns in die Region einladen k\u00f6nnen\u201c,\nso Silke Wiedrig, Gesch\u00e4ftsf\u00fchrerin des S\u00fcdpfalz-Tourismus Landkreis\nGermersheim e.V. \u201eBisher haben allerdings noch nicht alle Betriebe wieder\nge\u00f6ffnet, daher stellen wir online die angepassten \u00d6ffnungszeiten und Angebote\nzusammen und geben passende Ausflugtipps. So stehen die G\u00e4ste nicht vor\nverschlossenen T\u00fcren und bekommen gleichzeitig noch Inspirationen f\u00fcr ihren\nAufenthalt bei uns.\u201c Die \u00dcbersicht mit den aktuellen Informationen ist auf der\nStartseite <a href=\"http:\/\/www.suedpfalz-tourismus.de\">www.suedpfalz-tourismus.de<\/a> unter #s\u00fcdpfalzgehtimmer\nzu finden. <\/p>\n\n\n\n<h4 class=\"wp-block-heading\"><strong>Stimmung unter den Betrieben ist optimistisch<\/strong><\/h4>\n\n\n\n<p>Eine stichprobenartige Umfrage bei den Vermietern im Landkreis hat\nergeben, dass die Stimmung insgesamt positiv ist und diese sich \u00fcber die\nLockerungen freuen. Da viele bisher bereits Gesch\u00e4ftsreisende unter\nBer\u00fccksichtigung der Hygienema\u00dfnahmen beherbergt haben, sind diese auch auf die\nUrlaubsg\u00e4ste vorbereitet. Vielfach wurde erw\u00e4hnt, dass auch unabh\u00e4ngig von\nCorona sehr strenge Hygieneauflagen im Bereich Vermietung gelten und\neingehalten werden m\u00fcssen. Auf der anderen Seite ist auch die Nachfrage da:\nTouristische Anfragen gibt es viele. \u201eDie G\u00e4ste stehen in den Startl\u00f6chern,\nk\u00f6nnen es kaum erwarten\u201c, so der Eindruck der Vermieter. Auch beim\nS\u00fcdpfalz-Tourismus Landkreis Germersheim e.V. gehen t\u00e4glich Anfragen von G\u00e4sten\nein, die nachfragen, ob sie wieder anreisen k\u00f6nnen und die Betriebe vorbereitet\nsind. Erste R\u00fcckmeldungen aus den bereits ge\u00f6ffneten Gastronomiebetrieben sind\nebenfalls positiv. Die G\u00e4ste halten sich an die notwendigen Hygiene- und\nSicherheitsma\u00dfnahmen (Reservierung- und Anmeldepflicht, Mund-Nasen-Schutz,\nZutrittssteuerung etc.) und nutzen das gastronomische Angebot. Einige Betreibe\nbieten weiterhin zus\u00e4tzliche beziehungsweise erweiterte Liefer- bzw.\nAbholservices.<\/p>\n\n\n\n<p><em>Kreisverwaltung Germersheim<\/em><br><em>24.05.2020<\/em><\/p>\n\n\n\n<h2 class=\"wp-block-heading\"><strong>Fifty-Fifty Projekt: rund 53.600 Euro\nan Energiekosten eingespart<\/strong><\/h2>\n\n\n\n<p>2019 haben am\nEnergieeinsparprojekt Fifty-Fifty zw\u00f6lf Schulen im Landkreis Germersheim\nteilgenommen. \u201eZiel unseres Energieeinsparprojekts Fifty-Fifty ist es, Energiesparen\nzu etwas Selbstverst\u00e4ndlichem zu machen und davon auch noch zu profitieren\u201c, so\nLandrat Dr. Fritz Brechtel. Der Erste Kreisbeigeordnete und Schuldezernent\nChristoph Buttweiler erg\u00e4nzt: \u201eDie Sch\u00fcler sollen motiviert werden verantwortungsvoll\nmit W\u00e4rme, Strom, Wasser und Abfall umzugehen und Energie durch die \u00c4nderung\ndes Nutzerverhaltens einzusparen. Au\u00dferdem sollen die Sch\u00fcler die dabei\ngelernten Energiespartipps mit nach Hause nehmen und so zu Multiplikatoren f\u00fcr\nden Klimaschutz werden.\u201c<\/p>\n\n\n\n<p>2019 wurden mit diesem\nProjekt rund 53.600 Euro an Energiekosten eingespart. Die Schulen werden an dem\nEinsparerfolg mit 50 Prozent beteiligt. Damit werden Einsparpr\u00e4mien von rund\n28.500 Euro an die Schulen vergeben. <\/p>\n\n\n\n<p>Spitzenreiter beim Einsparen\nvon Energie, Wasser und Restm\u00fcll waren die F\u00f6rderschulen W\u00f6rth und R\u00fclzheim mit\nden h\u00f6chsten Einsparungen beim W\u00e4rmeverbrauch (-19 Prozent), die Realschule\nBellheim, die ihren Stromverbrauch um 15 Prozent vermindern, die IGS\nRheinzabern, die ihren Wasserverbrauch um 39 Prozent verringern und die F\u00f6rderschule\nR\u00fclzheim, die die Restm\u00fcllkosten um 44 Prozent reduzieren konnte.<\/p>\n\n\n\n<p><em>Kreisverwaltung Germersheim<\/em><br><em>24.05.2020<\/em><\/p>\n\n\n\n<h2 class=\"wp-block-heading\"><strong>\u201eBisherige Erfolge nicht aufs Spiel\nsetzen\u201c<\/strong><\/h2>\n\n\n\n<h3 class=\"wp-block-heading\"><strong>Oberb\u00fcrgermeister, Landr\u00e4te und Polizeipr\u00e4sidenten aus der Pfalz appellieren an Bev\u00f6lkerung<\/strong><\/h3>\n\n\n\n<div class=\"wp-block-image\"><figure class=\"aligncenter\"><img decoding=\"async\" loading=\"lazy\" width=\"500\" height=\"500\" src=\"https:\/\/speyer24news.com\/wp-content\/uploads\/2020\/02\/virus-4810549_1920.png\" alt=\"\" class=\"wp-image-25116\" srcset=\"https:\/\/speyer24news.com\/wp-content\/uploads\/2020\/02\/virus-4810549_1920.png 500w, https:\/\/speyer24news.com\/wp-content\/uploads\/2020\/02\/virus-4810549_1920-150x150.png 150w, https:\/\/speyer24news.com\/wp-content\/uploads\/2020\/02\/virus-4810549_1920-300x300.png 300w\" sizes=\"(max-width: 500px) 100vw, 500px\" \/><\/figure><\/div>\n\n\n\n<p>Bei der Eind\u00e4mmung der Coronavirus-Pandemie sind wichtige Etappenziele erreicht worden \u2013 und immer mehr \u00d6ffnungen und Lockerungen m\u00f6glich. Seit 13. Mai sind die Restaurants mit Einschr\u00e4nkungen wieder ge\u00f6ffnet, Hotels und Ferienwohnungen folgten in dieser Woche, auch f\u00fcr Kulturbetriebe gibt es eine Perspektive. Das Land Rheinland-Pfalz hat hierzu einen Stufenplan vorgestellt. Die Landr\u00e4te Hans-Ulrich Ihlenfeld (Landkreis Bad D\u00fcrkheim), Clemens K\u00f6rner (Rhein-Pfalz-Kreis), Dr. Fritz Brechtel (Landkreis Germersheim), Rainer Guth (Donnersbergkreis), Ralf Le\u00dfmeister (Landkreis Kaiserslautern), Otto Rubly (Landkreis Kusel), Dietmar Seefeldt (Landkreis S\u00fcdliche Weinstra\u00dfe), Dr. Susanne Ganster (Landkreis S\u00fcdwestpfalz), sowie die Oberb\u00fcrgermeister Jutta Steinruck (Ludwigshafen), Martin Hebich (Frankenthal), Stefanie Seiler (Speyer), Marc Weigel (Neustadt a.d.W.), Thomas Hirsch (Landau), Klaus Weichel (Kaiserslautern), Markus Zwick (Pirmasens), Dr. Marold Wosnitza (Zweibr\u00fccken) und die Polizeipr\u00e4sidenten Thomas Ebling (Rheinpfalz) und Michael Denne (Westpfalz) begr\u00fc\u00dfen diese schrittweise R\u00fcckkehr zur \u201eneuen Normalit\u00e4t\u201c, sagen aber auch klar: \u201eDie bisherigen Erfolge d\u00fcrfen nicht aufs Spiel gesetzt werden. Wir sind alle weiterhin gefordert, um mit R\u00fccksicht und Geduld die Pandemie weiter zu bek\u00e4mpfen.\u201c <\/p>\n\n\n\n<p>In der Gesamtbetrachtung sind die Zahlen der Neuinfektionen in der Pfalz\nmomentan relativ stabil. \u201eAlle B\u00fcrgerinnen und B\u00fcrger tragen hierzu erheblich\nbei. Sie halten Abstand, tragen Maske, verringern Ihre Sozialkontakte. In den\nletzten Wochen haben wir alle gro\u00dfe Anstrengungen unternommen, um die\nAusbreitung des Virus zu verlangsamen \u2013 mit Erfolg. Nun ist es wichtig, dass\nwir auch weiterhin alles daf\u00fcr tun, die Abst\u00e4nde einhalten, Maske tragen und\ntrotz der Lockerungen unsere Kontakte einschr\u00e4nken. Herzlichen Dank an Sie\nalle, dass Sie sich an die Regeln halten und Verst\u00e4ndnis haben\u201c, erkl\u00e4ren die\nOberb\u00fcrgermeister, Landr\u00e4te und Polizeipr\u00e4sidenten. \u201eDank Ihrer Umsicht und Ihrer\nGeduld sind nun immer mehr Lockerungen m\u00f6glich. Das freut uns alle. Doch wir\nd\u00fcrfen nicht vergessen: Die Pandemie ist noch nicht vorbei.\u201c Es sei wichtig,\ndass die schon erfolgten und geplanten \u00d6ffnungen in den n\u00e4chsten Wochen nicht\nzu einem deutlichen Anstieg der Infektionen f\u00fchren. \u201eNehmen Sie darum bitte\nauch weiterhin R\u00fccksicht, damit wir diesen ersten Erfolg nicht gef\u00e4hrden.\nVermeiden Sie gro\u00dfe Ansammlungen und verzichten Sie auch im Privaten auf\nTreffen in gro\u00dfer Runde.\u201c <\/p>\n\n\n\n<p>Es gelten weiterhin die wichtigen Hygieneregeln: Abstand halten,\nh\u00e4ufiges und gr\u00fcndliches H\u00e4ndewaschen und Maske tragen. Kurz l\u00e4sst sich dies\nunter der Formel \u201eAHA\u201c \u2013 Abstand, Hygieneregeln, Alltagsmaske \u2013 zusammenfassen.\nDie Oberb\u00fcrgermeister, Landr\u00e4te und Polizeipr\u00e4sidenten bekr\u00e4ftigen: \u201eBitte\nbenutzen Sie eine Maske nicht nur dort, wo sie Pflicht ist, sondern immer, wenn\nsich Menschen auf engem Raum begegnen und in Kontakt mit anderen Menschen\ntreten.\u201c Wer sich krank f\u00fchlt, sollte einen Arzt kontaktieren: \u201eSie k\u00f6nnen sich\nauch bei kleinsten Krankheitszeichen testen lassen, nehmen Sie diese\nM\u00f6glichkeit bitte wahr. Helfen Sie mit, die Pandemie einzud\u00e4mmen und bleiben\nSie gesund!\u201c<\/p>\n\n\n\n<p><em>Gemeinsame Presseerkl\u00e4rung der Landkreise Bad D\u00fcrkheim, Rhein-Pfalz-Kreis, Germersheim, Donnersbergkreis, Kaiserslautern, Kusel, S\u00fcdwestpfalz, S\u00fcdliche Weinstra\u00dfe sowie der St\u00e4dte Frankenthal, Ludwigshafen, Speyer, Neustadt a.d.W., Landau, Kaiserslautern, Pirmasens, Zweibr\u00fccken und der Polizeipr\u00e4sidien Rheinpfalz und Westpfalz<br>24.05.2020<\/em><\/p>\n\n\n\n<h2 class=\"wp-block-heading\"><strong>Ausbildungsstellen 2021 bei der Kreisverwaltung Germersheim<\/strong><\/h2>\n\n\n\n<div class=\"wp-block-image\"><figure class=\"aligncenter\"><img decoding=\"async\" loading=\"lazy\" width=\"800\" height=\"279\" src=\"https:\/\/speyer24news.com\/wp-content\/uploads\/2020\/05\/Ausbildung-GER.png\" alt=\"\" class=\"wp-image-27342\" srcset=\"https:\/\/speyer24news.com\/wp-content\/uploads\/2020\/05\/Ausbildung-GER.png 800w, https:\/\/speyer24news.com\/wp-content\/uploads\/2020\/05\/Ausbildung-GER-300x105.png 300w, https:\/\/speyer24news.com\/wp-content\/uploads\/2020\/05\/Ausbildung-GER-768x268.png 768w\" sizes=\"(max-width: 800px) 100vw, 800px\" \/><\/figure><\/div>\n\n\n\n<h4 class=\"wp-block-heading\"><strong>Bachelor of Arts (B.A.),<\/strong><\/h4>\n\n\n\n<p><strong>Studiengang\n\u201eVerwaltung\u201c \u2013 Handlungsfeld: Allgemeine Verwaltung, Einstellungstermin 1. Juli\n2021<\/strong><\/p>\n\n\n\n<p>Das 3-j\u00e4hrige duale Studium ist modular aufgebaut und\nerfolgt in einem Beamten- oder Besch\u00e4ftigtenverh\u00e4ltnis. Die theoretische\nAusbildung erfolgt an der Fachhochschule f\u00fcr \u00f6ffentliche Verwaltung in Mayen.\nDie Hochschule f\u00fcr \u00f6ffentliche Verwaltung Rheinland-Pfalz bietet umfassende\nInformationen (z.B. Studienablauf, Studiengebiete, Leistungsnachweise und\nDifferenzierung zwischen den Studieng\u00e4ngen\/Handlungsfeldern) unter <a href=\"http:\/\/www.hoev-rlp.de\">www.hoev-rlp.de<\/a>.<\/p>\n\n\n\n<h4 class=\"wp-block-heading\"><strong>Verwaltungsfachangestellte\/r, Einstellungstermin 1. August\n2021<\/strong><\/h4>\n\n\n\n<p>Die praktische Ausbildung wird in verschiedenen\nZentral-\/Fachbereichen der Kreisverwaltung vermittelt. Parallel hierzu findet\ndie theoretisch Ausbildung in der Berufsschule Landau sowie beim Kommunalen\nStudieninstitut in Ludwigshafen statt.<\/p>\n\n\n\n<h4 class=\"wp-block-heading\"><strong>Verwaltungswirt\/Verwaltungswirtin, Einstellungstermin 1.\nJuli 2021<\/strong><\/h4>\n\n\n\n<p>Die Einstellung erfolgt unter Berufung in das\nBeamtenverh\u00e4ltnis auf Widerruf. Der Vorbereitungsdienst f\u00fcr den Zugang zum\nzweiten Einstiegsamt dauert 2 Jahre. Die Praxisphasen (13 Monate) bei der\nKreisverwaltung Germersheim wechseln sich mit den Theoriephasen (insgesamt 11\nMonate) an der Zentralen Verwaltungsschule Rheinland-Pfalz in Mayen ab. Umfassende\nInformationen (z.B. Unterrichtsf\u00e4cher, Stoffplan und Laufbahnpr\u00fcfung) finden\nSie unter <a href=\"http:\/\/www.fhoev-rlp.de\">www.fhoev-rlp.de<\/a>.<\/p>\n\n\n\n<h4 class=\"wp-block-heading\"><strong>Bewerbungsende f\u00fcr alle genannten Ausbildungsstellen: 15.\nJuli 2020.<\/strong><\/h4>\n\n\n\n<p>Weitere Informationen und die Einstellungskriterien zu den jeweiligen Ausbildungsberufen finden Sie unter <strong><a href=\"http:\/\/www.kreis-germersheim.de\/ausbildung\">www.kreis-germersheim.de\/ausbildung<\/a>.<\/strong><\/p>\n\n\n\n<p><em>Kreisverwaltung Germersheim<br>24.05.2020<\/em><\/p>\n","protected":false},"excerpt":{"rendered":"<div class=\"mh-excerpt\"><p>Coronavirus &#8211; Fallzahlen Aktuell 16 best\u00e4tigte positive F\u00e4lle im Landkreis Germersheim (22. Mai2020, Stand 13 Uhr) Die \u00dcbersicht aus dem Landkreis Germersheim: Derzeit positiv getestete Personen: 16 Gesundete Personen: 127 Bislang leider verstorbene Personen: 5 <a class=\"mh-excerpt-more\" href=\"https:\/\/speyer24news.com\/?p=27341\" title=\"Germersheim &#038; Landkreis GER\">[&#8230;]<\/a><\/p>\n<\/div>","protected":false},"author":3,"featured_media":0,"comment_status":"open","ping_status":"open","sticky":false,"template":"","format":"standard","meta":{"_monsterinsights_skip_tracking":false,"_monsterinsights_sitenote_active":false,"_monsterinsights_sitenote_note":"","_monsterinsights_sitenote_category":0,"footnotes":""},"categories":[449],"tags":[7074,6902,5904,6323,5801,6903,7073,210,5569,7069,6551,7070,4547,7071,451,7072],"aioseo_notices":[],"amp_enabled":true,"_links":{"self":[{"href":"https:\/\/speyer24news.com\/index.php?rest_route=\/wp\/v2\/posts\/27341"}],"collection":[{"href":"https:\/\/speyer24news.com\/index.php?rest_route=\/wp\/v2\/posts"}],"about":[{"href":"https:\/\/speyer24news.com\/index.php?rest_route=\/wp\/v2\/types\/post"}],"author":[{"embeddable":true,"href":"https:\/\/speyer24news.com\/index.php?rest_route=\/wp\/v2\/users\/3"}],"replies":[{"embeddable":true,"href":"https:\/\/speyer24news.com\/index.php?rest_route=%2Fwp%2Fv2%2Fcomments&post=27341"}],"version-history":[{"count":1,"href":"https:\/\/speyer24news.com\/index.php?rest_route=\/wp\/v2\/posts\/27341\/revisions"}],"predecessor-version":[{"id":27344,"href":"https:\/\/speyer24news.com\/index.php?rest_route=\/wp\/v2\/posts\/27341\/revisions\/27344"}],"wp:attachment":[{"href":"https:\/\/speyer24news.com\/index.php?rest_route=%2Fwp%2Fv2%2Fmedia&parent=27341"}],"wp:term":[{"taxonomy":"category","embeddable":true,"href":"https:\/\/speyer24news.com\/index.php?rest_route=%2Fwp%2Fv2%2Fcategories&post=27341"},{"taxonomy":"post_tag","embeddable":true,"href":"https:\/\/speyer24news.com\/index.php?rest_route=%2Fwp%2Fv2%2Ftags&post=27341"}],"curies":[{"name":"wp","href":"https:\/\/api.w.org\/{rel}","templated":true}]}}