{"id":27368,"date":"2020-05-26T05:54:57","date_gmt":"2020-05-26T04:54:57","guid":{"rendered":"https:\/\/speyer24news.com\/?p=27368"},"modified":"2020-05-26T06:00:17","modified_gmt":"2020-05-26T05:00:17","slug":"polizei-254","status":"publish","type":"post","link":"https:\/\/speyer24news.com\/?p=27368","title":{"rendered":"Polizei"},"content":{"rendered":"<style type=\"text\/css\">\r\n\t.ads_top_disp{}\r\n\t.ads_top_corner_disp{ float:left; margin:0px 10px 10px 0px; }\r\n\t.ads_first_p_disp{}\r\n\t.ads_bottom_disp{}\r\n\t<\/style>\n<h2 class=\"wp-block-heading\">Polizeimeldungen vom Sonntag &amp; Montag (24.05. &amp; 25.05.2020)<\/h2>\n\n\n\n<div class=\"wp-block-image\"><figure class=\"aligncenter\"><img decoding=\"async\" src=\"https:\/\/speyer24news.com\/wp-content\/uploads\/2020\/01\/Aktuelles-Polizeilogo.jpg\" alt=\"\" class=\"wp-image-23832\"\/><\/figure><\/div>\n\n\n\n<h4 class=\"wp-block-heading\">(Speyer \/ B 9) &#8211; Opel Fahrer nach Verkehrsunfall schwer verletzt<\/h4>\n\n\n\n<figure class=\"wp-block-image\"><img decoding=\"async\" loading=\"lazy\" width=\"800\" height=\"533\" src=\"https:\/\/speyer24news.com\/wp-content\/uploads\/2020\/05\/VUB9.jpg\" alt=\"\" class=\"wp-image-27370\" srcset=\"https:\/\/speyer24news.com\/wp-content\/uploads\/2020\/05\/VUB9.jpg 800w, https:\/\/speyer24news.com\/wp-content\/uploads\/2020\/05\/VUB9-300x200.jpg 300w, https:\/\/speyer24news.com\/wp-content\/uploads\/2020\/05\/VUB9-768x512.jpg 768w\" sizes=\"(max-width: 800px) 100vw, 800px\" \/><figcaption>Gullydeckel neben der Fahrbahn<\/figcaption><\/figure>\n\n\n\n<p>Am 25.05.2020 gegen 13:20 Uhr befuhr ein 38-j\u00e4hriger Opel Fahrer die A61 und wechselte am Kreuz Speyer auf die B9 in Fahrtrichtung Speyer. Hierbei w\u00e4hlte er seine Geschwindigkeit nicht angemessen, woraufhin er linksseitig in den Gr\u00fcnstreifen und dort \u00fcber einen Gully fuhr. Hierbei \u00fcberschlug er sich und blieb daraufhin auf dem Dach im Gr\u00fcnstreifen liegen. Der Fahrer musste aufgrund seiner schwereren Verletzungen mittels Rettungshubschrauber in die BGU nach Ludwigshafen verbracht werden. <\/p>\n\n\n\n<h4 class=\"wp-block-heading\">(Speyer) &#8211; Zwei Unf\u00e4lle auf der B9<\/h4>\n\n\n\n<p>Eine 56-j\u00e4hrige Ford &#8211; Fahrerin aus Birkenh\u00f6rdt \u00fcberfuhr Sonntagnacht auf der B9 in Fahrtrichtung Ludwigshafen, kurz nach der Abfahrt R\u00f6merberg &#8211; Dudenhofen, ein Holzbrett dass auf der Fahrbahn lag. Das Fahrzeug kam auf dem rechten Fahrstreifen zum Stehen und lie\u00df sich anschlie\u00dfend nicht mehr starten. Als die Fahrzeugf\u00fchrerin ihren PKW mit dem Warndreieck absichern wollte, kam es zu einem weiteren Unfall. Eine 27-j\u00e4hrige Golf &#8211; Fahrerin aus Altrip erkannte das Fahrzeug zu sp\u00e4t und konnte eine Kollision mit dem linken hinteren Fahrzeugeck des liegengebliebenen Fahrzeugs trotz des Versuchs des Ausweichens nicht mehr verhindern. Beide Fahrzeuge waren nicht mehr fahrbereit und mussten abgeschleppt werden. Es entstand ein Gesamtschaden von ca. 19.000 EUR. Die junge Frau aus Altrip musste wegen eines erlittenen Schocks zur medizinischen Versorgung in ein \u00f6rtliches Krankenhaus verbracht werden. <\/p>\n\n\n\n<h4 class=\"wp-block-heading\">(Speyer) &#8211; Unfall mit Verletzten<\/h4>\n\n\n\n<p>Der 45-j\u00e4hrige Fahrer eines Sattelschleppers und die 22-j\u00e4hrige Fahrerin eines PKW VW befuhren Samstagvormittag die B9 in Richtung Schwegenheim. Er auf der linken Fahrspur, sie auf der rechten. Kurz nach der Anschlussstelle Speyer\/Dudenhofen wollte er auf den rechten Fahrstreifen wechseln, \u00fcbersah jedoch die PKW-Fahrerin und kollidierte mit ihr. Sie wurde hierbei leicht verletzt. Es entstand ein Gesamtschaden von etwa 1.000 Euro. Der PKW war nicht mehr fahrbereit und musste abgeschleppt werden. <\/p>\n\n\n\n<h4 class=\"wp-block-heading\">(Otterstadt) &#8211; Bushaltestelle besch\u00e4digt<\/h4>\n\n\n\n<p>In der Nacht zum 23.05.2020 wurden bei der Bushaltestelle in der Mannheimer Stra\u00dfe zwei Glasscheiben zerst\u00f6rt. Hinweise auf den oder die T\u00e4ter nimmt die Polizei Speyer telefonisch unter 06232\/137-101 oder per E-Mail unter <a href=\"mailto:pispeyer@polizei.rlp.de\">pispeyer@polizei.rlp.de<\/a> entgegen. <\/p>\n\n\n\n<h4 class=\"wp-block-heading\">(Schifferstadt) &#8211; Verkehrsunfall mit Flucht auf REWE Parkplatz<\/h4>\n\n\n\n<p>Am 22.05.2020, kam es gegen 18.30 Uhr auf dem Parkplatz des REWE-Marktes zu einer Verkehrsunfallflucht. Ein bislang unbekanntes Fahrzeug besch\u00e4digte vermutlich beim Ein- oder Ausparken einen anderen geparkten Pkw der Marke BMW, an dem ein Schaden von circa 800 EUR entstand. Zeugen, die Hinweise zu dem unfallverursachenden Fahrzeug oder dessen Fahrer geben k\u00f6nnen, werden gebeten, sich mit der Polizeiinspektion Schifferstadt unter 06235 495-0 oder <a href=\"mailto:pischifferstadt@polizei.rlp.de\">pischifferstadt@polizei.rlp.de<\/a> in Verbindung zu setzen. <\/p>\n\n\n\n<h4 class=\"wp-block-heading\">(Mutterstadt) &#8211; Verkehrsunfall unter Alkoholeinfluss<\/h4>\n\n\n\n<p>Am 23.05.2020, gegen 22:30 Uhr, ereignete sich auf der L530 zwischen Mutterstadt und Dannstadt-Schauernheim ein Verkehrsunfall mit einem verletzten 41-j\u00e4hrigen PKW-Fahrer. Der Mann befuhr die L530 in Richtung Dannstadt-Schauernheim und verlor beim Verlassen des Kreisverkehres vermutlich aufgrund \u00fcberh\u00f6hter Geschwindigkeit die Kontrolle \u00fcber das Fahrzeug. Es kam zu einem Zusammensto\u00df mit einer Stra\u00dfenlaterne. Der Unfallverursacher erlitt durch den Unfall leichte Verletzungen.  Er wurde zur weiteren Abkl\u00e4rung in ein Krankenhaus eingeliefert. W\u00e4hrend der Unfallaufnahme stellten die Beamten au\u00dferdem Atemalkoholgeruch beim Unfallverursacher fest. Ein Test ergab einen Wert von 2,65 Promille. Gegen den Fahrer wird nun wegen Stra\u00dfenverkehrsgef\u00e4hrdung ermittelt, sein F\u00fchrerschein wurde sichergestellt, es droht der Entzug der Fahrerlaubnis und eine Geldstrafe. Zeugen werden gesucht und gebeten, sich mit der Polizeiinspektion Schifferstadt unter der 06235-4950 oder per Email unter <a href=\"mailto:pischifferstadt@polizei.rlp.de\">pischifferstadt@polizei.rlp.de<\/a> in Verbindung zu setzen. <\/p>\n\n\n\n<h4 class=\"wp-block-heading\">(Harthausen) &#8211; Mit Drogen am Steuer<\/h4>\n\n\n\n<p>Der 25-j\u00e4hrige Fahrer eines Kleinkraft-Rollers wurde Samstagabend von der Polizeistreife im Falltorweg ohne Helm fahrend angetroffen. Bei der Kontrolle fielen den Beamten drogentypische Hinweise bei dem Fahrer auf. Ihm wurde im Anschluss auf der Dienststelle eine Blutprobe entnommen und ein Ordnungswidrigkeitenverahren eingeleitet. <\/p>\n\n\n\n<h4 class=\"wp-block-heading\">(Germersheim) &#8211; Unbekannte besch\u00e4digen PKW<\/h4>\n\n\n\n<p>Sachschaden in H\u00f6he von mehreren hundert Euro verursachten bislang unbekannte Personen, welche am Samstag, 23.05.2020, den Lack eines geparkten PKW zerkratzten. Die Tat ereignete sich zwischen 15:00 und 16:00 Uhr auf dem Parkplatz vor dem Anwesen In der kleinen Au 10 in Germersheim. Zeugen, welche den Vorfall beobachtet haben oder Hinweise zur Identit\u00e4t des oder der T\u00e4ter geben k\u00f6nnen, werden gebeten, sich telefonisch unter 07274 \/ 9580 oder per Mail an <a href=\"mailto:pigermersheim@polizei.rlp.de\">pigermersheim@polizei.rlp.de<\/a> zu wenden. <\/p>\n\n\n\n<h4 class=\"wp-block-heading\">(Kandel) &#8211; Fahrraddiebe geschnappt<\/h4>\n\n\n\n<p>In den fr\u00fchen Morgenstunden des 24.05.2020 meldete sich ein Zeuge telefonisch bei der Polizei in W\u00f6rth und teilte den diensthabenden Beamten mit, dass er im Moment f\u00fcnf Personen verfolgen w\u00fcrde, welche kurz zuvor sein Fahrrad entwendet hatten. Mit Hilfe des Zeugen konnten die Einsatzkr\u00e4fte der Polizei an die fl\u00fcchtenden Fahrraddiebe herangef\u00fchrt und schlie\u00dflich an der Landstra\u00dfe zwischen Minderslachen und Kandel-H\u00f6fen gestellt werden. Alle Personen lie\u00dfen bei Erkennen der Polizei ihre mitgef\u00fchrten Fahrr\u00e4der liegen und versuchten zu Fu\u00df in die naheliegenden Felder zu fl\u00fcchten. Nach kurzer Verfolgung konnten dort drei der T\u00e4ter geschnappt werden. Die noch zwei fl\u00fcchtigen Personen werden wohl im Rahmen polizeilicher Nachermittlungen dingfest gemacht. Letztlich stellte sich heraus, dass alle mitgef\u00fchrten Fahrr\u00e4der gestohlen waren. Diese wurden zur Eigentumssicherung bei der Polizei in W\u00f6rth untergestellt. Hier k\u00f6nnen sie die noch unbekannten Gesch\u00e4digten abholen. <\/p>\n\n\n\n<h4 class=\"wp-block-heading\">(Kandel) &#8211; Randalierer unterwegs<\/h4>\n\n\n\n<p>In der Nacht vom 23.05.2020 auf den 24.05.2020 zog eine Gruppe von Randalierern durch das Stadtgebiet von Kandeln und besch\u00e4digten nach bisherigen polizeilichen Erkenntnissen mindestens einen geparkten Pkw und ein Gartentor. Der festgestellte Sachschaden bel\u00e4uft sich auf ca. 250 Euro. Im Zuge der Fahndungsma\u00dfnahmen konnte die verantwortliche Gruppe noch im Stadtgebiet von Kandel festgestellt werden. Nach Erhebung ihrer Personalien wurde den meist jugendlichen Personen ein Platzverweis erteilt und ein Strafverfahren gegen sie eingeleitet. M\u00f6gliche weitere Gesch\u00e4digte k\u00f6nnen sich mit der Polizei in W\u00f6rth in Verbindung setzen. <\/p>\n\n\n\n<h4 class=\"wp-block-heading\">(Landau) &#8211; Schwerer Verkehrsunfall<\/h4>\n\n\n\n<p>Ein 26-j\u00e4hriger Ford-Fahrer befuhr am Sonntagmorgen hinter zwei weiteren PKW die Landkommiss\u00e4rstra\u00dfe aus Richtung L 509 kommend in Richtung Am H\u00f6lzel. Wenige Meter nach dem Kreisverkehr \u00fcberholte er diese beiden Fahrzeuge und scherte wieder nach rechts ein. Kurz vor einer leichten Rechtskurve wollte er jetzt einen vorausfahrenden LKW \u00fcberholen und scherte nach links aus. In diesem Moment kam ihm ein anderer LKW entgegen, der noch versuchte nach rechts auf die Bankette auszuweichen, ein Zusammensto\u00df jedoch nicht mehr verhindert konnte. Nach dem Zusammensto\u00df touchierte der LKW noch einen zuvor von dem Verursacher \u00fcberholten PKW. Ein weiteres Fahrzeug wurde durch herumfliegende Teile besch\u00e4digt. Der 26-j\u00e4hrige Mann wurde in seinem Fahrzeug eingeklemmt und musste von der Feuerwehr befreit werden. Er war ansprechbar und wurde anschlie\u00dfend in ein Krankenhaus eingeliefert. Die Stra\u00dfe war f\u00fcr ca. 2 Stunden voll gesperrt. Es entstand Sachschaden von insgesamt ca. 25.000 Euro. <\/p>\n\n\n\n<h4 class=\"wp-block-heading\">(Landau) &#8211; Fahrt unter Alkoholeinfluss<\/h4>\n\n\n\n<p>Bei der Verkehrskontrolle eines 44-j\u00e4hrigen PKW-F\u00fchrers am fr\u00fchen Sonntagmorgen in der August-Croissant-Stra\u00dfe in Landau konnten Polizeibeamte Atemalkoholgeruch wahrnehmen. Die Einsch\u00e4tzung der Beamten best\u00e4tigte sich bei einer anschlie\u00dfenden Atemalkoholmessung auf der Polizeidienststelle. Da der Wert \u00fcber 0,5 Promille lag, wird gegen den 44-j\u00e4hrigen Landauer ein Ordnungswidrigkeitsverfahren eingeleitet. Er muss mit einem Bu\u00dfgeld von 500 Euro, 2 Punkten im Fahreignungsregister und einem Monat Fahrverbot rechnen. <\/p>\n\n\n\n<h4 class=\"wp-block-heading\">(Eu\u00dferthal) &#8211; 79-J\u00e4hrige dank ortskundigen Helfern im Wald wiedergefunden.<\/h4>\n\n\n\n<div class=\"wp-block-image\"><figure class=\"aligncenter\"><img decoding=\"async\" src=\"https:\/\/speyer24news.com\/wp-content\/uploads\/2020\/05\/Pf\u00e4lzerwald.jpg\" alt=\"\" class=\"wp-image-27369\"\/><\/figure><\/div>\n\n\n\n<p>Zwei ortskundige und hilfsbereite Eu\u00dferthaler haben am Sonntag der Polizei Landau bei der Suche nach einer 79-J\u00e4hrigen Frau aus dem Kreis S\u00fcdliche Weinstra\u00dfe geholfen. <\/p>\n\n\n\n<p>Die 79-J\u00e4hrige ging gemeinsam mit ihrem Ehemann im Wald bei Eu\u00dferthal auf Wanderschaft. Nach einiger Zeit trennten sich aufgrund unterschiedlicher Wandermotivation deren Wege. Die \u00e4ltere Dame war im Wald mehrere Stunden alleine unterwegs, bis sie die Orientierung verlor und sich hieraufhin telefonisch bei ihrem Enkelsohn meldete. Dieser bat die Polizeiinspektion Landau um Hilfe. Durch die Polizei konnte kurzzeitig Telefonkontakt mit der Dame hergestellt werden. Sie schilderte hierbei den von ihr eingeschlagenen Weg, ohne dass dadurch ihr genauer Standort festgestellt werden konnte. <\/p>\n\n\n\n<p>Ein Ortskundiger und spontan hilfsbereiter Eu\u00dferthaler unterst\u00fctzte gemeinsam mit seiner Tochter die Polizei auf der Suche nach der verirrten Frau. Diese konnte durch das hilfsbereite Suchteam nach kurzer Zeit und noch deutlich vor einsetzender Dunkelheit und abfallenden Temperaturen, mitten im Wald aufgefunden und wohlbehalten wieder zu ihrem Ehemann und Fahrzeug verbracht werden. <\/p>\n\n\n\n<p>Ohne die Hilfe der hilfsbereiten Eu\u00dferthaler h\u00e4tte sich die ausufernde Wanderung der Dame noch deutlich in die L\u00e4nge gezogen. Einem ganz besonderen Dank gilt hierbei der 30-J\u00e4hrigen und ihrem 56-j\u00e4hrigem Vater f\u00fcr das spontane und schnelle Engagement. <\/p>\n\n\n\n<h4 class=\"wp-block-heading\">(Edesheim) &#8211; Zu tief ins Glas geschaut<\/h4>\n\n\n\n<p>F\u00fcr einen 54-j\u00e4hrigen Ford-Fahrer aus der Verbandsgemeinde Bad Bergzabern und seine Beifahrerin endete gestern Abend (24.05.2020) gegen 23:00 Uhr auf der L 507 zwischen Edesheim und Hainfeld die Weiterfahrt, weil er unter Alkoholeinfluss stand. Ein Test ergab 0,68 Promille. Der Fahrzeugschl\u00fcssel wurde einbehalten, seinen Weg musste er zu Fu\u00df fortsetzen. Weil der Promillewert zwar die zul\u00e4ssige H\u00f6chstgrenze \u00fcberschritt, aber noch unter 1,1 Promille lag, muss er mit einem Bu\u00dfgeldbescheid in H\u00f6he von 500.- Euro rechnen. Zudem erh\u00e4lt er ein einmonatiges Fahrverbot sowie zwei Punkte in der Flensburger Verkehrss\u00fcnderkartei. <\/p>\n\n\n\n<h4 class=\"wp-block-heading\">(Neustadt) &#8211; Sperrm\u00fcll in Brand gesteckt<\/h4>\n\n\n\n<p>Unbekannte haben am Sonntag, 24.05.2020 gegen 19:45 Uhr, in der Goethestra\u00dfe in Lachen-Speyerdorf Sperrm\u00fcll in Brand gesteckt und dadurch einen Sachschaden in H\u00f6he von ca. 25.000 Euro verursacht. Der betroffene Anwohner war gegen 19:30 Uhr nach Hause gekommen, 15 Minuten sp\u00e4ter stand der Sperrm\u00fcll in Flammen. Durch die resultierende Hitze- und Rauchentwicklung wurde das Nachbaranwesen leicht besch\u00e4digt, ein Fensterrahmen verformte sich. Weiterhin wurden Teile eines Fahrzeugs im Heckbereich durch die Hitze deformiert. Der Brand konnte durch den Anwohner mit Hilfe von Nachbarn gel\u00f6scht werden, die Feuerwehr wurde vorsorglich herbeigerufen. <\/p>\n\n\n\n<p>Die Polizei sucht Zeugen, die im Zusammenhang mit dem Brand Angaben machen k\u00f6nnen. Hinweise bitte telefonisch unter 06321 854-0 oder per E-Mail unter <a href=\"mailto:pineustadt@polizei.rlp.de\">pineustadt@polizei.rlp.de<\/a><\/p>\n\n\n\n<h4 class=\"wp-block-heading\">(Neustadt) &#8211; Nach Messerangriff Zeugen gesucht<\/h4>\n\n\n\n<div class=\"wp-block-image\"><figure class=\"aligncenter\"><img decoding=\"async\" src=\"https:\/\/speyer24news.com\/wp-content\/uploads\/2020\/01\/Zeugen-gesucht-RP-1024x535.jpg\" alt=\"\" class=\"wp-image-24774\"\/><\/figure><\/div>\n\n\n\n<p>Nach bisherigen Erkenntnissen hat eine unbekannte m\u00e4nnliche Person am Sonntag, 24.05.2020 gegen 19:00 Uhr am Soldatenweiher im Ordenswald ein Paar mit einem Messer angegriffen und leicht verletzt. Der 26-J\u00e4hrige und seine 19-j\u00e4hrige Begleitung trafen am Soldatenweiher auf einen bislang unbekannten Mann, der lautstark Musik h\u00f6rte. Als sich das Paar dar\u00fcber beschwerte, z\u00fcckte der Unbekannte ein Messer und hantierte vor der 19-j\u00e4hrigen Frau herum. Hierbei verletzte er sie am Ringfinger. Daraufhin wollte der 26-J\u00e4hrige einschreiten und wurde dabei durch einen Stich am rechten Oberarm verletzt. Anschlie\u00dfend fl\u00fcchtete der Unbekannte. Mehrere Streifenwagen der alarmierten Polizei konnten den Beschuldigten jedoch nicht auffinden. <\/p>\n\n\n\n<p>Der Unbekannte wird wie folgt beschrieben: <\/p>\n\n\n\n<ul><li>175cm gro\u00df und kr\u00e4ftige Statur<\/li><li>ca. 40 Jahre alt<\/li><li>Irokesenhaarschnitt mit drei Streifen, blonde kurze Haare<\/li><li>trug schwarzes T-Shirt mit gr\u00fcnen Flecken und kurze Hosen<\/li><li>sprach Pf\u00e4lzer Dialekt<\/li><li>f\u00fchrte ein wei\u00dfes Herrenfahrrad mit sich<\/li><\/ul>\n\n\n\n<p>Die Polizei Neustadt sucht Zeugen, die aufgrund der Beschreibung Hinweise auf eine Person geben k\u00f6nnen. Hinweise bitte unter der Telefonnummer 06321 854-0 oder per E-Mail unter <a href=\"mailto:pineustadt@polizei.rlp.de\">pineustadt@polizei.rlp.de<\/a> <\/p>\n\n\n\n<h4 class=\"wp-block-heading\">(Neustadt) &#8211; Erneut Pizzabote ausgeraubt, Zeugenhinweise erbeten<\/h4>\n\n\n\n<p>Am 23.05.2020, gegen 23:20 Uhr, wurde im Bereich des Leibnitz-Gymnasiums ein 32-j\u00e4hriger Pizzabote durch zwei m\u00e4nnliche Personen ausgeraubt. Hierbei wurde dem Gesch\u00e4digten Pfefferspray ins Gesicht gespr\u00fcht und der Inhalt der Geldb\u00f6rse im mittleren dreistelligen Bereich erbeutet. Im Anschluss fl\u00fcchteten die beiden T\u00e4ter zu Fu\u00df in Richtung Talstra\u00dfe. Der Pizzabote wurde leicht verletzt, eine Behandlung im Krankenhaus war nicht erforderlich. Die T\u00e4ter sollen ca. 20 Jahre alt sowie ca. 1,80m und 2,00m gro\u00df sein. <\/p>\n\n\n\n<p>Zeugen werden gebeten, sich bei der Polizei Neustadt zu melden. <\/p>\n\n\n\n<h4 class=\"wp-block-heading\">(Neustadt) &#8211; Ingewahrsamnahme nach Randale und Beleidigung<\/h4>\n\n\n\n<p>Ein 55-j\u00e4hriger Mann aus Speyer hatte am 23.05.2020 wohl etwas zu tief ins Glas geschaut: Gegen 19:30 Uhr wurde der deutlich alkoholisierte Mann vom Betreiber eines Neustadter D\u00f6ner-Imbiss gebeten, die Lokalit\u00e4t zu verlassen. Dies schmeckte dem 55-J\u00e4hrigen offensichtlich nicht, was er durch den Wurf eines D\u00f6ners gegen den Auslagenscheibe des Imbiss zum Ausdruck brachte. Im Anschluss beleidigte er den Betreiber mehrfach aufs \u00dcbelste. Die hinzugerufene Polizei stellte fest, dass der Mann auf Grund seiner Alkoholisierung nicht mehr wegef\u00e4hig war, so dass er die Nacht in polizeilichem Gewahrsam verbringen musste. Ein Atemalkoholtest ergab einen Wert von 1,37 Promille. <\/p>\n\n\n\n<p>Auf den 55-J\u00e4hrigen kommt nun eine Strafanzeige wegen Beleidigung zu.<\/p>\n\n\n\n<h4 class=\"wp-block-heading\">(Neustadt) &#8211; Zwei leichtverletzte Personen bei Verkehrsunfall in der Karolinenstra\u00dfe<\/h4>\n\n\n\n<p>Am 23.05.2020, gegen 18:45 Uhr, kam es in der Karolinenstra\u00dfe in Neustadt zu einem Verkehrsunfall zwischen zwei PKW, bei dem zwei Personen leicht verletzt wurden. Hierbei missachtete eine 34-j\u00e4hrige Neustadterin, die aus der Karolinenterrassen nach links in die Karolinenstra\u00dfe einbiegen wollte, die Vorfahrt eines von rechts kommenden 58-j\u00e4hrigen Schifferstadters, so dass es zum Zusammensto\u00df kam. Die 34-j\u00e4hrige Neustadterin sowie deren 34-j\u00e4hrige Beifahrerin aus Neustadt wurden leicht verletzt. Eine \u00e4rztliche Versorgung im Krankenhaus war nicht notwendig. Insgesamt entstand Sachschaden in H\u00f6he von ca. 5.500 EUR. <\/p>\n\n\n\n<h4 class=\"wp-block-heading\">(Neustadt \/ A 65 &#8211; B 38) &#8211; Schutzplanke touchiert, Unfallverursacher gefl\u00fcchtet<\/h4>\n\n\n\n<p>Am 23.05.2020, gegen 14:00 Uhr, befuhren zwei PKW aus Richtung Ludwigshafen kommend die Abfahrt Neustadt-Nord\/A65 auf die B38. Hierbei schnitt der unfallverursachende PKW das Fahrzeug eines 26-j\u00e4hrigen Neustadters, so dass dieser abbremsen musste und eine Schutzplanke touchierte. Es entstand Schaden am PKW und an der Schutzplanke in H\u00f6he von ca. 600,- EUR. Im Anschluss entfernte sich der Unfallverursacher mit seinem Fahrzeug von der Unfallstelle, ohne sich um den Schaden zu k\u00fcmmern. <\/p>\n\n\n\n<p>Bei dem unfallverursachenden Fahrzeug soll es sich um einen Kleinwagen der Marke Fiat handeln. Zeugen, die Angaben zum Unfallhergang oder zum Unfallverursacher machen k\u00f6nnen, werden gebeten, sich bei der Polizei zu melden. <\/p>\n\n\n\n<h4 class=\"wp-block-heading\">(L 499 \/ Erfenstein) &#8211; Motorraddurchfahrtskontrollen<\/h4>\n\n\n\n<div class=\"wp-block-image\"><figure class=\"aligncenter\"><img decoding=\"async\" loading=\"lazy\" width=\"800\" height=\"527\" src=\"https:\/\/speyer24news.com\/wp-content\/uploads\/2020\/05\/MotorradkontrolleL499.jpg\" alt=\"\" class=\"wp-image-27371\" srcset=\"https:\/\/speyer24news.com\/wp-content\/uploads\/2020\/05\/MotorradkontrolleL499.jpg 800w, https:\/\/speyer24news.com\/wp-content\/uploads\/2020\/05\/MotorradkontrolleL499-300x198.jpg 300w, https:\/\/speyer24news.com\/wp-content\/uploads\/2020\/05\/MotorradkontrolleL499-768x506.jpg 768w\" sizes=\"(max-width: 800px) 100vw, 800px\" \/><figcaption>Motorradkontrolle L499<\/figcaption><\/figure><\/div>\n\n\n\n<p>Am Sonntag, 24.05.20, in der Zeit zwischen 11.10 Uhr und 12.40 Uhr wurde an der L 499, im Ortsbereich Erfenstein, das Durchfahrtsverbot f\u00fcr Motorr\u00e4der kontrolliert. Von 32 kontrollierten Motorr\u00e4dern waren lediglich zwei berechtigt auf der L 499 unterwegs. Die restlichen 30 Motorradfahrer wurden wegen Versto\u00dfes gegen Z. 255 geb\u00fchrenpflichtig verwarnt. Zwischenzeitlich befanden sich 17 Motorr\u00e4der gleichzeitig in der Kontrollstelle, die nacheinander abgearbeitet werden mussten. <\/p>\n\n\n\n<h4 class=\"wp-block-heading\">(Ha\u00dfloch) &#8211; Die Polizei, dein Freund und Helfer&#8230;<\/h4>\n\n\n\n<p>Durch Spazierg\u00e4nger wurde hiesige Dienststelle am Samstagabend dar\u00fcber informiert, dass sich im Schafsgehege am Ende der Gottlieb-Duttenh\u00f6fer-Stra\u00dfe ein Schafbock derart mit seinen H\u00f6rnern in einem Netz verheddert habe, dass er sich nicht mehr eigenst\u00e4ndig befreien k\u00f6nne. Die beiden eingesetzten Beamten fanden die Situation wie beschrieben vor. Mutig betraten sie das Gehege, fixierten den herzzerrei\u00dfend bl\u00f6kenden Bock in bester Polizeimanier solang auf dem Boden, bis sie ihn aus seiner misslichen Lage befreien konnten, indem sie das Netz zerschnitten. Der Schafbock sprang freudig und (vermutlich) dankbar von dannen. Der Besitzer der Schafherde konnte noch nicht ermittelt werden. <\/p>\n\n\n\n<h4 class=\"wp-block-heading\">(Deidesheim) &#8211; Verkehrsunfall mit verletztem Radfahrer<\/h4>\n\n\n\n<p>Ein 61-j\u00e4hriger Pedelec-Fahrer aus Deidesheim befuhr am Samstag Nachmittag mit einem Begleiter einen absch\u00fcssigen asphaltierten Wirtschaftsweg in der Gemarkung Deidesheim. Gleichzeitig wollte ein 58-j\u00e4hriger Mann aus Bad D\u00fcrkheim mit seinem Kleinbus aus einem kreuzenden Wirtschaftsweg einfahren. Hierbei \u00fcbersah er die beiden sich von rechts n\u00e4hernden Radfahrer. W\u00e4hrend der Begleiter dem Bus noch ausweichen konnte, prallte der Deidesheimer auf die Motorhaube und kam zu Fall. Er wurde zun\u00e4chst in ein naheliegendes Krankenhaus eingeliefert, konnte dieses aber gegen Abend schon wieder verlassen. Vermutlich dem Umstand, dass der Radfahrer sowohl Helm als auch Protektoren trug ist es zu verdanken, dass der Unfall recht glimpflich ausgegangen ist. <\/p>\n\n\n\n<h4 class=\"wp-block-heading\">(Obrigheim) &#8211; Zeugensuche nach sexuellem Missbrauch eines 11-j\u00e4hrigen M\u00e4dchens in Obrigheim<\/h4>\n\n\n\n<div class=\"wp-block-image\"><figure class=\"aligncenter\"><img decoding=\"async\" loading=\"lazy\" width=\"500\" height=\"590\" src=\"https:\/\/speyer24news.com\/wp-content\/uploads\/2020\/05\/csm_Phantombild_NW_490c732a19.jpg\" alt=\"\" class=\"wp-image-27366\" srcset=\"https:\/\/speyer24news.com\/wp-content\/uploads\/2020\/05\/csm_Phantombild_NW_490c732a19.jpg 500w, https:\/\/speyer24news.com\/wp-content\/uploads\/2020\/05\/csm_Phantombild_NW_490c732a19-254x300.jpg 254w\" sizes=\"(max-width: 500px) 100vw, 500px\" \/><\/figure><\/div>\n\n\n\n<p>Die Kriminalpolizei Neustadt bittet die Bev\u00f6lkerung um Mithilfe bei der Aufkl\u00e4rung einer Straftat in Obrigheim. <\/p>\n\n\n\n<p>Am 03.05.2020, gegen 18.50 Uhr sprach ein bislang unbekannter Mann eine 11-J\u00e4hrige an. Beide befanden sich zum Tatzeitpunkt an der K\u00f6nigswiese am Eisbach in Obrigheim (Rheinland-Pfalz). Hierbei entbl\u00f6\u00dfte der Mann sein Geschlechtsteil und fasste sich vor der 11-J\u00e4hrigen selbst an. Die Kriminalpolizei Neustadt ermittelt derzeit wegen sexuellem Missbrauch und bittet um Mithilfe bei der Fahndung und Identifizierung des T\u00e4ters. <\/p>\n\n\n\n<p>Bei dem Unbekannten soll es sich um:<\/p>\n\n\n\n<ul><li>einen Mann <\/li><li>zwischen 30 und 40 Jahre alt gehandelt haben. <\/li><li>Er war circa 1,70 m gro\u00df und <\/li><li>von normale Statur. <\/li><li>Zum Tatzeitpunkt trug er eine schwarze Wollm\u00fctze, einen schwarzen Pullover, eine schwarze Jogginghose und eventuell schwarze Turnschuhe.<\/li><li>Der T\u00e4ter hatte einen oval-runden Kopf und <\/li><li>eine etwas gr\u00f6\u00dfere Nase. <\/li><li>Auf den Wangen hatte er Schmutz- oder Hautverf\u00e4rbungen. <\/li><\/ul>\n\n\n\n<p>Wer kennt die auf dem Phantombild abgebildete Person und kann Hinweise zum Aufenthaltsort geben?  <\/p>\n\n\n\n<p>Sachdienliche Hinweise nimmt die Kriminalpolizei Neustadt unter der Telefonnummer 06321 \/ 854 &#8211; 0oder per E-Mail  <a href=\"mailto:kineustadt@polizei.rlp.de\">kineustadt@polizei.rlp.de<\/a> entgegen. <\/p>\n\n\n\n<h4 class=\"wp-block-heading\">(Frankenthal) &#8211; Verfolgungsfahrt \/ Gef\u00e4hrdung des Stra\u00dfenverkehrs, Illegales Stra\u00dfenrennen, Fahren ohne Fahrerlaubnis und unter Bet\u00e4ubungsmitteleinfluss, Kennzeichendiebstahl, sowie Urkundenf\u00e4lschung u.a.<\/h4>\n\n\n\n<div class=\"wp-block-image\"><figure class=\"aligncenter\"><img decoding=\"async\" loading=\"lazy\" width=\"800\" height=\"527\" src=\"https:\/\/speyer24news.com\/wp-content\/uploads\/2020\/05\/Inked20200525_002951_resized_LI.jpg\" alt=\"\" class=\"wp-image-27373\" srcset=\"https:\/\/speyer24news.com\/wp-content\/uploads\/2020\/05\/Inked20200525_002951_resized_LI.jpg 800w, https:\/\/speyer24news.com\/wp-content\/uploads\/2020\/05\/Inked20200525_002951_resized_LI-300x198.jpg 300w, https:\/\/speyer24news.com\/wp-content\/uploads\/2020\/05\/Inked20200525_002951_resized_LI-768x506.jpg 768w\" sizes=\"(max-width: 800px) 100vw, 800px\" \/><figcaption>Das Fluchtfahrzeug im Feld nachdem es gestellt werden konnte.<\/figcaption><\/figure><\/div>\n\n\n\n<p>Polizeibeamte der Polizeiautobahnstation Ruchheim wollten in der Nacht des 24.05.2020 gegen 23.45 Uhr auf der B9 bei Ludwigshafen-Oggersheim einen alten VW Passat kontrollieren, der wie sich im Nachhinein herausstellte mit einem 24-J\u00e4hrigen Wohnsitzlosen und einer 22-J\u00e4hrigen aus Frankenthal besetzt war. Als die Beamten das Anhaltesignal einschalteten fl\u00fcchtete der Fahrer mit hoher Geschwindigkeit. Die anschlie\u00dfende Flucht ging durch die Frankenthaler Stadtteile Studernheim, Eppstein und Flomersheim. Zwischen Flomersheim und dem Ormsheimer Hof konnte die Flucht des Fahrzeugs durch Beamte der Polizeiautobahnstation Ruchheim im Feld gestoppt werden, so dass die Fahrzeuginsassen vorl\u00e4ufig festgenommen werden konnten. Der Fahrer r\u00e4umte anschlie\u00dfend ein unter dem Einfluss von Bet\u00e4ubungsmitteln zu stehen und keinen F\u00fchrerschein zu besitzen. Weiterhin waren die am Fahrzeug angebrachten Kennzeichen entwendet und verf\u00e4lscht. Bei der 22-j\u00e4hrigen Beifahrerin konnte eine geringe Menge Marihuana aufgefunden werden. Dem Fahrer wurde daraufhin bei der Polizeiautobahnstation Ruchheim eine Blutprobe entnommen. Folglich wurde gegen ihn ein Strafverfahren wegen Gef\u00e4hrdung des Stra\u00dfenverkehrs, der Durchf\u00fchrung eines illegalen Autorennens, Fahren ohne Fahrerlaubnis und unter Bet\u00e4ubungsmitteleinfluss, der Urkundenf\u00e4lschung, des Kennzeichendiebstahls, des Kennzeichenmissbrauches, des Versto\u00dfes gegen das Pflichtversicherungsgesetz, sowie des Kraftfahrtsteuergesetzes, als auch diverser weiterer Ordnungswidrigkeiten eingeleitet. Gegen die 22-j\u00e4hrige Beifahrerin wird ein Strafverfahren wegen des Versto\u00dfes gegen das Bet\u00e4ubungsmittelgesetz eingeleitet. In die Fahndung und Verfolgung des Fluchtfahrzeugs waren zu der Streife der Polizeiautobahnstation Ruchheim zwischenzeitlich noch drei Funkstreifen der Polizeiinspektion Frankenthal und eine Funkstreife der Diensthundestaffel eingebunden. <\/p>\n\n\n\n<h4 class=\"wp-block-heading\">(Frankenthal) &#8211; Verkehrsunfall auf der B9 mit einer Leichtverletzten und zeitweisen Vollsperrung der B9<\/h4>\n\n\n\n<p>Eine 42-j\u00e4hrige Frau befuhr am Sonntag, den 24.05.2020 gegen 17.45 Uhr mit ihrem Peugeot 206 die Bundesstra\u00dfe 9 aus Fahrtrichtung Frankenthal-Mitte auf dem linken Fahrstreifen in Fahrtrichtung Ludwigshafen-Oggersheim. An der Anschlussstelle Frankenthal-Studernheim wechselte die Fahrerin auf den rechten Fahrstreifen. Laut Zeugenaussagen h\u00e4tte ein silberfarbener Ford Fiesta zu diesem Zeitpunkt den Beschleunigungsstreifen mit hoher Geschwindigkeit befahren. Der Fahrer des Ford h\u00e4tte wohl den Peugeot der 42-J\u00e4hrigen \u00fcbersehen und w\u00e4re direkt \u00fcber den rechten Fahrstreifen auf den linken Fahrstreifen der B9 aufgefahren. Beim Ausweichman\u00f6ver w\u00e4re die 42-J\u00e4hrige ins Schleudern geraten und in die Leitplanken gefahren. Diese rissen dabei ab. Die Tr\u00fcmmerteile fielen auch auf die Gegenfahrbahn. Die Fahrerin wurde bei dem Unfall leicht verletzt und durch den Rettungsdienst in ein Krankenhaus verbracht. Am Fahrzeug entstand ein Totalschaden. Der Unfallverursacher im Ford setzte seine Fahrt unerlaubt fort. Die B9 war in Fahrtrichtung Ludwigshafen-Oggersheim zeitweise voll- und in Fahrtrichtung Frankenthal-Mitte teilgesperrt. Die Teilsperrung dauert noch an.<\/p>\n\n\n\n<h4 class=\"wp-block-heading\">(Frankenthal) &#8211; Verkehrsunfall auf der B9 mit einer Leichtverletzten und einer zeitweisen Vollsperrung der B9<\/h4>\n\n\n\n<h4 class=\"wp-block-heading\" style=\"text-align:center\">Nachtrag<\/h4>\n\n\n\n<p>Die Vollsperrung der Bundesstra\u00dfe 9 in H\u00f6he der Anschlussstelle Frankenthal-Studernheim in Fahrtrichtung Ludwigshafen-Oggersheim musste f\u00fcr die Unfallaufnahme und die Versorgung der Unfallbeteiligten f\u00fcr circa 30 Minuten bis 17.30 Uhr aufrecht erhalten werden. Die anschlie\u00dfende Teilsperrung in beiden Fahrtrichtungen wird nach Abschluss der Aufr\u00e4umarbeiten voraussichtlich gegen 21.00 Uhr aufgehoben. Die 24-j\u00e4hrige Unfallverursacherin hat sich in der Zwischenzeit aufgrund der Pressemeldung bei hiesiger Dienststelle gemeldet. Sie sah vor Ort keine direkte Unfallbeteiligung ihrerseits, hat sich jedoch in der Pressemeldung wiedererkannt und daher den Kontakt zur Polizei gesucht. Der Gesamtschaden d\u00fcrfte bei circa 10.000 bis 15.000 Euro liegen. <\/p>\n\n\n\n<h4 class=\"wp-block-heading\">(Frankenthal) &#8211; Abgetretener Au\u00dfenspiegel<\/h4>\n\n\n\n<p>Im Zeitraum vom 23.05.20, 22:00 Uhr bis zum 24.05.20, 07:00 Uhr, wurde der rechte Au\u00dfenspiegel eines in der August-Bebel-Stra\u00dfe 12 abgestellten Pkw, abgetreten. T\u00e4terhinweise liegen keine vor. <\/p>\n\n\n\n<p>Zeugen werden gebeten sich an die Polizeiinspektion Frankenthal unter der Tel.-Nr.: 06233\/313-0 oder an die Polizeiwache Maxdorf unter der Tel.-Nr.: 06237\/934-100 zu wenden. Gerne nehmen wir Ihre Hinweise auch per E-Mail unter  <a href=\"mailto:pifrankenthal@polizei.rlp.de\">pifrankenthal@polizei.rlp.de<\/a> entgegen. <\/p>\n\n\n\n<h4 class=\"wp-block-heading\">(Frankenthal) &#8211; Sachbesch\u00e4digung durch Flaschenw\u00fcrfe<\/h4>\n\n\n\n<p>Im Zeitraum vom 23.05.20, 23:50 Uhr, bis zum 24.05.20, 01:50 Uhr, wurden durch unbekannte(n) T\u00e4ter, zwei Glasflaschen auf den Balkon der Tagesklinik f\u00fcr Psychiatrie, im Foltzring 20 geworfen. Durch das Zersplittern der Glasflaschen entstand Sachschaden in Form von kleinen Kratzern an den Fenstern. T\u00e4terhinweise liegen keine vor. <\/p>\n\n\n\n<p>Zeugen werden gebeten sich an die Polizeiinspektion Frankenthal unter der Tel.-Nr.: 06233\/313-0 oder an die Polizeiwache Maxdorf unter der Tel.-Nr.: 06237\/934-100 zu wenden. Gerne nehmen wir Ihre Hinweise auch per E-Mail unter  <a href=\"mailto:pifrankenthal@polizei.rlp.de\">pifrankenthal@polizei.rlp.de<\/a> entgegen. <\/p>\n\n\n\n<h4 class=\"wp-block-heading\">(Frankenthal) &#8211; Ohne F\u00fchrerschein, aber mit 1,63 Promille unterwegs<\/h4>\n\n\n\n<p>Am 24.05.2020, gegen 01:25 Uhr, f\u00e4llt den Beamten im Rahmen der Streife ein PKW auf, der mit \u00fcberh\u00f6hter Geschwindigkeit die Wormser Stra\u00dfe entlangf\u00e4hrt. Der Fahrer des Mercedes wird sodann einer Verkehrskontrolle unterzogen. Dabei stellt sich heraus, dass der 20-j\u00e4hrige Fahrer aus Frankenthal weder im Besitz einer Fahrerlaubnis noch n\u00fcchtern ist. Ein Atemalkoholtest ergibt einen Wert von 1,63 Promille. Der Mercedes wird vor Ort abgestellt und der Fahrer wird zur Dienststelle verbracht, wo ihm eine Blutprobe entnommen wird. <\/p>\n\n\n\n<p>Der Einfluss von Alkohol oder anderen berauschenden Mitteln stellt eine Hauptunfallursache dar. Wer berauscht f\u00e4hrt, gef\u00e4hrdet nicht nur sich, sondern auch Andere.Gegen den unter Alkoholeinfluss\/Drogeneinfluss stehenden Fahrzeugf\u00fchrer wurde ein Ermittlungsverfahren wegen Trunkenheit im Verkehr und Fahren ohne Fahrerlaubnis eingeleitet. <\/p>\n\n\n\n<h4 class=\"wp-block-heading\">(Frankenthal) &#8211; Festnahme und Wohnungsdurchsuchung nach Angriff auf Frauen<\/h4>\n\n\n\n<div class=\"wp-block-image\"><figure class=\"aligncenter\"><img decoding=\"async\" loading=\"lazy\" width=\"800\" height=\"463\" src=\"https:\/\/speyer24news.com\/wp-content\/uploads\/2020\/05\/Festnahme.jpg\" alt=\"\" class=\"wp-image-27372\" srcset=\"https:\/\/speyer24news.com\/wp-content\/uploads\/2020\/05\/Festnahme.jpg 800w, https:\/\/speyer24news.com\/wp-content\/uploads\/2020\/05\/Festnahme-300x174.jpg 300w, https:\/\/speyer24news.com\/wp-content\/uploads\/2020\/05\/Festnahme-768x444.jpg 768w\" sizes=\"(max-width: 800px) 100vw, 800px\" \/><\/figure><\/div>\n\n\n\n<p>Am Samstag, dem 23.05.2020, gegen 18:00 Uhr, meldet sich eine 62-j\u00e4hrige Frankenthalerin bei der Polizei und teilt mit, dass sie soeben von einem unbekannten T\u00e4ter von hinten attackiert worden sei. Sie selbst machte mit ihrem 3-j\u00e4hrigen Enkel einen Spaziergang im Albrecht-D\u00fcrer-Ring, als ein rothaariger Mann ihr ohne erkennbaren Grund von hinten in den R\u00fccken springt und sie tritt. Der bis dahin unbekannte T\u00e4ter fl\u00fcchtet sich anschlie\u00dfend in ein anliegendes Mehrfamilienhaus. <\/p>\n\n\n\n<p>Bereits am 16.05.2020 kam es in der N\u00e4he zu einem \u00e4hnlichen Fall, bei dem eine 28-j\u00e4hrige Frau mit Kinderwagen ebenfalls von einem rothaarigen T\u00e4ter angegriffen wurde. <\/p>\n\n\n\n<p>Infolge interner Ermittlungen der Polizei erh\u00e4rtete sich ein Tatverdacht gegen einen 25-j\u00e4hrigen Frankenthaler, welcher noch taggleich in seiner Wohnung festgenommen wird. Mit einem Durchsuchungsbeschluss wird seine Wohnung durchsucht. Nach der Durchf\u00fchrung einer erkennungsdienstlichen Behandlung wird er wieder auf freien Fu\u00df gesetzt. <\/p>\n\n\n\n<p>Die Ermittlungen zu den Taten dauern an. Weitere Gesch\u00e4digte sowie Zeugen werden gebeten, sich an die Polizeiinspektion Frankenthal unter der Tel.-Nr.: 06233\/313-0 oder an die Polizeiwache Maxdorf unter der Tel.-Nr.: 06237\/934-100 zu wenden. Gerne nehmen wir Ihre Hinweise auch per E-Mail unter <a href=\"mailto:pifrankenthal@polizei.rlp.de\">pifrankenthal@polizei.rlp.de<\/a> entgegen. <\/p>\n\n\n\n<h4 class=\"wp-block-heading\">(Frankenthal) &#8211; Pkw durch Vorbeifahren oder Rangieren besch\u00e4digt<\/h4>\n\n\n\n<p>Im Zeitraum vom 22.05.20, 22:00 Uhr bis zum 23.05.20, 08:45 Uhr, ist es in der Eppsteiner Stra\u00dfe 24 a, zu einem Verkehrsunfall mit Flucht gekommen. Die Gesch\u00e4digte stellte ihren Pkw ordnungsgem\u00e4\u00df vor ihrer Garage ab. Ein unbekannter Verkehrsteilnehmer besch\u00e4digte ihren Pkw, vermutlich beim Vorbeifahren oder Rangieren vorne links und verlie\u00df die Unfall\u00f6rtlichkeit im Anschluss, ohne seinen Pflichten nachzukommen. Es entstand ein Sachschaden von ca. 1000 EUR. <\/p>\n\n\n\n<p>Zeugen werden gebeten sich an die Polizeiinspektion Frankenthal unter der Tel.-Nr.: 06233\/313-0 oder an die Polizeiwache Maxdorf unter der Tel.-Nr.: 06237\/934-100 zu wenden. Gerne nehmen wir Ihre Hinweise auch per E-Mail unter  <a href=\"mailto:pifrankenthal@polizei.rlp.de\">pifrankenthal@polizei.rlp.de<\/a> entgegen. <\/p>\n\n\n\n<h4 class=\"wp-block-heading\">(A 61 \/ Ludwigshafen &#8211; Schifferstadt) &#8211; Blaulichtfahrt l\u00f6st Polizeieinsatz aus<\/h4>\n\n\n\n<div class=\"wp-block-image\"><figure class=\"aligncenter\"><img decoding=\"async\" loading=\"lazy\" width=\"800\" height=\"581\" src=\"https:\/\/speyer24news.com\/wp-content\/uploads\/2020\/05\/Krankenwagenfranz.II_.jpg\" alt=\"\" class=\"wp-image-27374\" srcset=\"https:\/\/speyer24news.com\/wp-content\/uploads\/2020\/05\/Krankenwagenfranz.II_.jpg 800w, https:\/\/speyer24news.com\/wp-content\/uploads\/2020\/05\/Krankenwagenfranz.II_-300x218.jpg 300w, https:\/\/speyer24news.com\/wp-content\/uploads\/2020\/05\/Krankenwagenfranz.II_-768x558.jpg 768w\" sizes=\"(max-width: 800px) 100vw, 800px\" \/><figcaption>Der ausrangierte franz. Rettungswagen mit zwei Blaulichtern auf dem Dach.<\/figcaption><\/figure><\/div>\n\n\n\n<p>Ein wei\u00dfer Opel Vivaro mit franz\u00f6sischen Kennzeichen, l\u00f6ste einen Einsatz der Polizeiautobahnstation Ruchheim am Montagabend gegen 18:00 Uhr auf der BAB 61 in Richtung Norden aus. Bei dem Opel handelte es sich um ein ausrangiertes Fahrzeug des franz\u00f6sischen Rettungsdienstes, das mit Blaulicht ausgestattet war. Der Fahrer des Opels, ein 37-j\u00e4hriger Mann aus dem Kreis Aachen, fuhr mit eingeschaltetem Blaulicht an der Anschlussstelle Schifferstadt auf die Autobahn 61 auf und gab dann Gas. Mit Lichthupe und dichtem Auffahren n\u00f6tigte er andere Verkehrsteilnehmer ihm Platz zu machen. Der Opel konnte am Parkplatz Wonnegau-Ost einer Verkehrskontrolle unterzogen werden. Der Fahrer gab an, dass er der Meinung gewesen sei, dass es kein Problem darstellen w\u00fcrde mit eingeschaltetem Blaulicht zu fahren und auch seine Fahrweise sei nicht zu beanstanden. Diese Meinung teilten die Polizeibeamten nicht. Neben dem verbotswidrigen &#8222;Dr\u00e4ngeln&#8220; und der Nutzung des Blaulichts, besteht der Verdacht von Verst\u00f6\u00dfen gegen das Kraftfahrtsteuer- und Pflichtversicherungsgesetz, da das Fahrzeug keine deutsche Zulassung besitzt. Mit der Untersagung der Weiterfahrt, der Sicherstellung der Kennzeichen und mehreren Strafanzeigen endete die unerlaubte Blaulicht-Fahrt f\u00fcr den Mann \u00e4u\u00dferst unerfreulich. Zeugen, insbesondere die durch den Fahrer gen\u00f6tigt worden sind, werden gebeten sich bei der Polizeiautobahnstation Ruchheim unter der Telefonnummer: 06237\/933-0 zu melden. <\/p>\n\n\n\n<h4 class=\"wp-block-heading\">(Ludwigshafen \/ A 650) &#8211; Geschwindigkeitskontrollen \/ Fahren unter dem Einfluss von Bet\u00e4ubungsmitteln und eine erhebliche Geschwindigkeits\u00fcbertretung<\/h4>\n\n\n\n<p>Beamte der Polizeiautobahnstation Ruchheim f\u00fchrten in der Nacht des 24.05.2020 mit einem speziell ausger\u00fcsteten Zivilstreifenwagen mobile Geschwindigkeitskontrollen durch. Gegen 23.00 Uhr konnte auf der A650 bei Ludwigshafen in Fahrtrichtung Bad D\u00fcrkheim im Baustellenbereich ein tiefer gelegter BMW feststellt werden, der statt der erlaubten 80 km\/h mit fast 140 km\/h unterwegs war. Bei der anschlie\u00dfenden Verkehrskontrolle konnten bei dem 31-j\u00e4hrigen Fahrzeugf\u00fchrer Auffallerscheinungen im Hinblick auf den Konsum von Bet\u00e4ubungsmitteln erkannt werden. Daraufhin legte der Mann einen Ausweis vor, nachdem er \u00e4rztlich den Konsum von Marihuana verordnet bekommen h\u00e4tte. Da dies ihn jedoch nicht zum F\u00fchren eines Kraftfahrzeugs unter Bet\u00e4ubungsmitteleinfluss berechtigt, wurde dem Fahrer bei der Polizeiautobahnstation Ruchheim eine Blutprobe entnommen, ein entsprechendes Strafverfahren eingeleitet und der F\u00fchrerschein wurde beschlagnahmt. <\/p>\n\n\n\n<h4 class=\"wp-block-heading\">(Ludwigshafen) &#8211; Einbruch in Haus in Samariterstra\u00dfe<\/h4>\n\n\n\n<p>Am 24.05.2020, gegen 22:00 Uhr, meldete ein Zeuge der Polizei, dass in ein Nachbarhaus in der Samariterstra\u00dfe eingebrochen worden war. Als die Polizeibeamten eintrafen, stellten sie fest, dass die Eingangst\u00fcr aufgehebelt worden war. Die unbekannten T\u00e4ter durchsuchten mehrere Schr\u00e4nke. Ob und was gestohlen worden ist, steht derzeit noch nicht fest. <\/p>\n\n\n\n<p>Wer Beobachtungen gemacht hat und Hinweise auf die unbekannten T\u00e4ter geben kann, wird gebeten, sich an die Kriminalpolizei Ludwigshafen unter der Telefonnummer 0621\/963-2773 oder per E-Mail <a href=\"mailto:kiludwigshafen.k1.kdd@polizei.rlp.de\">kiludwigshafen.k1.kdd@polizei.rlp.de<\/a> zu wenden. <\/p>\n\n\n\n<h4 class=\"wp-block-heading\">(Ludwigshafen) &#8211; Stra\u00dfenbahn bespr\u00fcht<\/h4>\n\n\n\n<p>Am 24.05.2020, zwischen 09:00 Uhr und 20:30 Uhr, gelangten unbekannte T\u00e4ter auf das RNV-Gel\u00e4nde der Stra\u00dfenbahnen in der Hauptstra\u00dfe. Sie bespr\u00fchten eine dort stehende Stra\u00dfenbahn, die an dem Tag das Gel\u00e4nde nicht verlassen hatte, mit Farbe. Der Schaden bel\u00e4uft sich auf etwa 1.500 Euro. <\/p>\n\n\n\n<p>Wer etwas beobachtet hat und Hinweise auf die T\u00e4ter geben kann, wird gebeten, sich an die Polizeiinspektion Ludwigshafen 1, 0621 963-2122 oder per E-Mail <a href=\"mailto:piludwigshafen1@polizei.rlp.de\">piludwigshafen1@polizei.rlp.de<\/a> zu wenden. <\/p>\n\n\n\n<h4 class=\"wp-block-heading\">(Ludwigshafen) &#8211; Einbruch in Haus in Petersstra\u00dfe<\/h4>\n\n\n\n<p>In der Zeit zwischen dem 10.05.2020, gegen 00:00 Uhr und dem 24.05.2020, gegen 13:30 Uhr, brachen unbekannte T\u00e4ter in ein Haus in der Petersstra\u00dfe ein, indem sie eine Fensterscheibe einschlugen. Sie durchw\u00fchlten Schr\u00e4nke und Schubladen und stahlen eine alte Luftdruckpistole ohne Magazin. <\/p>\n\n\n\n<p>Wer Beobachtungen gemacht hat und Hinweise auf die unbekannten T\u00e4ter geben kann, wird gebeten, sich an die Kriminalpolizei Ludwigshafen unter der Telefonnummer 0621\/963-2773 oder per E-Mail <a href=\"mailto:kiludwigshafen.k1.kdd@polizei.rlp.de\">kiludwigshafen.k1.kdd@polizei.rlp.de<\/a> zu wenden. <\/p>\n\n\n\n<h4 class=\"wp-block-heading\">(Ludwigshafen) &#8211; Spielplatzburg bespr\u00fcht<\/h4>\n\n\n\n<p>Am 24.05.2020, gegen 11:30 Uhr, meldete ein Zeuge der Polizei, dass er auf einem Spielplatz im Albert-Haueisen-Ring mehrere Beschmutzungen durch Farbe festgestellt habe. Als die Polizeibeamten eintrafen, stellten sie fest, dass unbekannte T\u00e4ter zwei W\u00e4nde einer kleinen Burg, die auf dem Spielplatz steht, mit Farbe bespr\u00fcht hatten. Der Schaden bel\u00e4uft sich auf etwa 500 Euro. <\/p>\n\n\n\n<p>Wer etwas beobachtet hat und Hinweise auf die T\u00e4ter geben kann, wird gebeten, sich an die Polizeiinspektion Ludwigshafen 2 unter der Telefonnummer 0621 963-2222 oder per E-Mail <a href=\"mailto:piludwigshafen2@polizei.rlp.de\">piludwigshafen2@polizei.rlp.de<\/a> zu wenden. <\/p>\n\n\n\n<h4 class=\"wp-block-heading\">(Ludwigshafen) &#8211; Tatort gesucht nach Kupferdiebstahl<\/h4>\n\n\n\n<p>Am fr\u00fchen Sonntagmorgen konnten in der Ludwigstra\u00dfe zwei Personen nach einem Diebstahl von Kupferkabeln festgenommen werden. Die beiden M\u00e4nner konnten beim Ausladen einer gr\u00f6\u00dferen Menge von Kupferkabeln aus ihrem PKW festgestellt werden. Bei Erblicken der Funkstreife fl\u00fcchteten sie in ein Mehrfamilienhaus, wo sie im Anschluss festgenommen werden konnten. Bei den aufgefundenen Kabeln handelt es sich u.a. um schwere Gummischlauchleitung in der Dimension 4x50mm\u00b2. <\/p>\n\n\n\n<p>Die Gesch\u00e4digten des Kabeldiebstahls bzw. Zeugen, welche Hinweise geben k\u00f6nnen, werden gebeten sich mit der Polizeiinspektion Ludwigshafen 1 unter Tel. 0621 963-2122 oder per E-Mail an <a href=\"mailto:piludwigshafen1@polizei.rlp.de\">piludwigshafen1@polizei.rlp.de<\/a> in Verbindung zu setzen. <\/p>\n\n\n\n<h4 class=\"wp-block-heading\">(Ludwigshafen-S\u00fcd) &#8211; K\u00f6rperverletzung gipfelt in Beleidigungen und endet im Gewahrsam<\/h4>\n\n\n\n<p>Am fr\u00fchen Sonntagmorgen kam es zu einer K\u00f6rperverletzung auf der Parkinsel. Im Rahmen der Anzeigenaufnahme durch die Polizei beleidigte der 33-j\u00e4hrige Beschuldigte die Beamten aufs \u00dcbelste. Er war nicht zu beruhigen und geb\u00e4rdete sich immer aggressiver, was wohl auch auf seine Alkoholisierung zur\u00fcckzuf\u00fchren sein d\u00fcrfte. Aufgrund seines Verhaltens wurde er letztlich in Gewahrsam genommen. Nun erwarten den Mann nicht nur eine Strafanzeige wegen K\u00f6rperverletzung, sondern auch wegen Beleidigung. <\/p>\n\n\n\n<h4 class=\"wp-block-heading\">(Ludwigshafen-Oggersheim) &#8211; Wohnungseinbruch<\/h4>\n\n\n\n<p>In der Nacht vom 23.05.2020 auf den 24.05.2020 brachen bislang unbekannte T\u00e4ter in ein Wohngeb\u00e4ude auf dem Gel\u00e4nde der Integrierten Gesamtschule Ludwigshafen Oggersheim ein. Es wurde Bargeld und Schmuck entwendet. Ob die T\u00e4ter auch in die Schule eingebrochen sind wird derzeit noch ermittelt. Zeugen sahen zwei Personen im Alter von ca. 20-25 Jahren \u00fcber den Schulhof wegrennen. Zeugenhinweise, insbesondere hinsichtlich Personen auf dem Gel\u00e4nde der Integrierten Gesamtschule, nimmt die Polizeiinspektion Ludwigshafen 2 unter der Telefonnummer 0621 963-2222 oder per Mail an <a href=\"mailto:piludwigshafen2@polizei.rlp.de\">piludwigshafen2@polizei.rlp.de<\/a> entgegen. <\/p>\n\n\n\n<h4 class=\"wp-block-heading\">(Ludwigshafen-Mundenheim) &#8211; Verkehrsunfall mit verletzter Person und fl\u00fcchtigem PKW<\/h4>\n\n\n\n<p>Am Samstag, den 23.05.2020, gegen 21:55 Uhr, befuhr eine 20-j\u00e4hrige mit ihrem schwarzen Mini Cooper die Bruchwiesenstra\u00dfe in Richtung Maudach. Zwischen der Einm\u00fcndung des Sch\u00e4nzeldamms und dem \u00dcbergang in die Maudacher Stra\u00dfe wurde sie von einem in gleicher Richtung fahrenden BMW derart geschnitten, dass sie einen Zusammenprall nur durch ein Ausweichman\u00f6ver verhindern konnte. Dabei kollidierte die Frau frontal mit einem Verkehrsschild und wurde dabei leicht verletzt. Der Mini Cooper war nicht mehr fahrbereit und wurde abgeschleppt. Der unfallverursachende PKW entfernte sich. Bei diesem soll es sich um einen dunklen BMW handeln. M\u00f6gliche Verkehrsunfallzeugen werden gebeten, sich bei der Polizeiinspektion Ludwigshafen 1 unter Tel. 0621 963-2122 oder per E-Mail an <a href=\"mailto:piludwigshafen1@polizei.rlp.de\">piludwigshafen1@polizei.rlp.de<\/a> zu melden. <\/p>\n\n\n\n<h4 class=\"wp-block-heading\">(Ludwigshafen-Gartenstadt) \/ Pkw Aufbr\u00fcche in der Ernst-Reuter-Siedlung<\/h4>\n\n\n\n<p>In der Nacht zum Samstag, dem 23.05.2020, wurden an drei Fahrzeugen in der Ernst-Reuter-Siedlung die Seitenscheibe eingeschlagen und im Fahrzeuginnern befindliche Geldb\u00f6rsen und ein Rucksack entwendet. Zeugen, die Beobachtungen gemacht haben oder Hinweise zur Tat geben k\u00f6nnen, werden gebeten sich unter Tel: 0621 963-2773 oder per Mail unter <a href=\"mailto:kiludwigshafen@polizei.rlp.de\">kiludwigshafen@polizei.rlp.de<\/a> zu melden. <\/p>\n\n\n\n<p>Die Polizei r\u00e4t, Wertgegenst\u00e4nde grunds\u00e4tzlich nicht im Kfz aufzubewahren! Auch Verstecken ist nicht zu empfehlen, weil die Diebe jedes Versteck kennen. Hinzu kommt, dass diese Gegenst\u00e4nde vom Versicherungsschutz ausgeschlossen sind. <\/p>\n\n\n\n<h4 class=\"wp-block-heading\">(Mannheim (BW) \/ Hochdorf-Assenheim (RP)) &#8211; 22-J\u00e4hriger wegen unerlaubten Handeltreibens mit Bet\u00e4ubungsmitteln in nicht geringer Menge auf Antrag der Staatsanwaltschaft Frankenthal in Untersuchungshaft<\/h4>\n\n\n\n<h4 class=\"wp-block-heading\">Gemeinsame Pressemitteilung der Staatsanwaltschaft Frankenthal und des Polizeipr\u00e4sidiums Mannheim:<\/h4>\n\n\n\n<div class=\"wp-block-image\"><figure class=\"aligncenter\"><img decoding=\"async\" loading=\"lazy\" width=\"800\" height=\"600\" src=\"https:\/\/speyer24news.com\/wp-content\/uploads\/2020\/05\/Sicherstellungen.jpg\" alt=\"\" class=\"wp-image-27375\" srcset=\"https:\/\/speyer24news.com\/wp-content\/uploads\/2020\/05\/Sicherstellungen.jpg 800w, https:\/\/speyer24news.com\/wp-content\/uploads\/2020\/05\/Sicherstellungen-300x225.jpg 300w, https:\/\/speyer24news.com\/wp-content\/uploads\/2020\/05\/Sicherstellungen-768x576.jpg 768w, https:\/\/speyer24news.com\/wp-content\/uploads\/2020\/05\/Sicherstellungen-678x509.jpg 678w, https:\/\/speyer24news.com\/wp-content\/uploads\/2020\/05\/Sicherstellungen-326x245.jpg 326w, https:\/\/speyer24news.com\/wp-content\/uploads\/2020\/05\/Sicherstellungen-80x60.jpg 80w\" sizes=\"(max-width: 800px) 100vw, 800px\" \/><\/figure><\/div>\n\n\n\n<p>In der Folge eines seit Juli 2019 gef\u00fchrten Ermittlungsverfahrens der Ermittlungsgruppe Rauschgift der Kriminaldirektion Heidelberg wegen des unerlaubten Handeltreibens mit Bet\u00e4ubungsmitteln u.a. im Bereich der Mannheimer Innenstadt, wurden am Dienstag, den 19.05.2020 und am Mittwoch, den 20.05.2020 auch mehrere Durchsuchungsbeschl\u00fcsse gegen in Ludwigshafen wohnende Beschuldigte durchgesetzt. Dabei handelt es sich um deutsche Staatsangeh\u00f6rige im Alter von 19-23 Jahren.  <\/p>\n\n\n\n<p>Die Durchsuchungen f\u00fchrten unter anderem zur Auffindung von 650 Gramm Marihuana, 100 Gramm Haschisch, mehr als 1.500 Euro Bargeld sowie zwei Schreckschusswaffen und einer Machete in den Wohnungen von zwei Verd\u00e4chtigen.  <\/p>\n\n\n\n<p>In der Wohnung eines weiteren, 22-j\u00e4hrigen Tatverd\u00e4chtigen, wurden 3,5 Kilogramm Marihuana, eine hochwertige Armbanduhr sowie 136.000 Euro in Bar sichergestellt. Zudem wurden umfangreiche Beweismittel sichergestellt, wonach der letztgenannte Beschuldigte mindestens seit November 2018 mit dem Handel von Bet\u00e4ubungsmitteln seinen Lebensunterhalt bestreiten soll.  <\/p>\n\n\n\n<p>Noch am selben Tag wurde der deutsche Staatsangeh\u00f6rige dem zust\u00e4ndigen Ermittlungsrichter beim Amtsgericht Frankenthal vorgef\u00fchrt. Dieser erlie\u00df auf Antrag der Staatsanwaltschaft Frankenthal Haftbefehl. Anschlie\u00dfend wurde der Verd\u00e4chtige in eine Justizvollzugsanstalt eingeliefert.  <\/p>\n\n\n\n<p>Die intensiven Ermittlungen der Kriminalpolizei in Zusammenarbeit mit der Staatsanwaltschaft Frankenthal dauern weiter an. <\/p>\n\n\n\n<h4 class=\"wp-block-heading\">(Mannheim-Oststadt) &#8211; Betrunken mit dem E-Bike gegen Ampelmast geprallt<\/h4>\n\n\n\n<p>Ein 33-j\u00e4hriger Mann war am Montag um kurz nach Mitternacht betrunken mit seinem E-Bike auf dem Gehweg des Kaiserrings in Richtung Wasserturm unterwegs. An der Einm\u00fcndung zur Stra\u00dfe M 7 kollidierte er alleinbeteiligt mit einem Ampelmast und st\u00fcrzte. Er zog sich leichte Kopfverletzungen zu, die in einem Krankenhaus behandelt werden mussten. Im Krankenhaus wurde dann bemerkt, dass der Mann offensichtlich alkoholisiert ist. Daraufhin wurde ihm eine Blutprobe entnommen. Ihn erwartet nun eine Strafanzeige wegen Gef\u00e4hrdung des Stra\u00dfenverkehrs. <\/p>\n\n\n\n<h4 class=\"wp-block-heading\">(Mannheim-Waldhof) &#8211; Unbekannter Exhibitionist zeigt sich in unsittlicher Weise vor einer Frau \/ Polizei sucht Zeugen<\/h4>\n\n\n\n<div class=\"wp-block-image\"><figure class=\"aligncenter\"><img decoding=\"async\" loading=\"lazy\" width=\"801\" height=\"600\" src=\"https:\/\/speyer24news.com\/wp-content\/uploads\/2020\/05\/Zeugen-gesucht-Neutral.jpg\" alt=\"\" class=\"wp-image-26598\" srcset=\"https:\/\/speyer24news.com\/wp-content\/uploads\/2020\/05\/Zeugen-gesucht-Neutral.jpg 801w, https:\/\/speyer24news.com\/wp-content\/uploads\/2020\/05\/Zeugen-gesucht-Neutral-300x225.jpg 300w, https:\/\/speyer24news.com\/wp-content\/uploads\/2020\/05\/Zeugen-gesucht-Neutral-768x575.jpg 768w, https:\/\/speyer24news.com\/wp-content\/uploads\/2020\/05\/Zeugen-gesucht-Neutral-678x509.jpg 678w, https:\/\/speyer24news.com\/wp-content\/uploads\/2020\/05\/Zeugen-gesucht-Neutral-326x245.jpg 326w, https:\/\/speyer24news.com\/wp-content\/uploads\/2020\/05\/Zeugen-gesucht-Neutral-80x60.jpg 80w\" sizes=\"(max-width: 801px) 100vw, 801px\" \/><\/figure><\/div>\n\n\n\n<p>Ein unbekannter Mann zeigte sich am Sonntagmorgen, gegen 06.40 Uhr, am Bahnhof Waldhof in unsittlicher Weise vor einer Frau, die am Gleis 3 auf ihren Zug wartete. Der Mann stand zun\u00e4chst am gegen\u00fcberliegenden Gleis, entbl\u00f6\u00dfte sein Geschlechtsteil und fing an zu onanieren. Nach einiger Zeit ging er durch die Unterf\u00fchrung zum Gleis 3, n\u00e4herte sich der 23-j\u00e4hrigen Frau und onanierte als weiter. Die Aufforderung der jungen Frau aufzuh\u00f6ren ignorierte er. Erst als diese ihr Handy z\u00fcckte ergriff er die Flucht und rannte in Richtung Obere Riedstra\u00dfe \/ Taunusplatz. <\/p>\n\n\n\n<p>Der unbekannte Mann wird wie folgt beschrieben: <\/p>\n\n\n\n<ul><li>ca. 45 bis 55 Jahre alt<\/li><li>ca. 170 cm gro\u00df Normale Statur<\/li><li>Helle Hautfarbe<\/li><li>volle, braune und kurze Haare (ca. 10 cm lang)<\/li><li>Trug eine blaue Jeans und eine hellbraune Lederjacke <\/li><\/ul>\n\n\n\n<p>Zeugen, die sachdienliche Hinweise zu dem unbekannten Mann geben k\u00f6nnen, werden gebeten, sich beim Kriminaldauerdienst der Kriminalpolizeidirektion Heidelberg, Tel.: 0621\/174-4444 zu melden. <\/p>\n\n\n\n<h4 class=\"wp-block-heading\">(Mannheim-Waldhof) &#8211; Pkw vollst\u00e4ndig ausgebrannt \/ 12 000,- Euro Schaden, Zeugen gesucht<\/h4>\n\n\n\n<p>Am Sonntagmorgen, gegen 01.30 Uhr, wurde der Polizei ein Fahrzeugvollbrand eines, in der Marburger Stra\u00dfe geparkten, VW Touran gemeldet. Durch die Berufsfeuerwehr Mannheim, die mit einem L\u00f6schzug vor Ort war, konnte der Brand rasch unter Kontrolle gebracht und gel\u00f6scht werden. In unmittelbarer N\u00e4he geparkte andere Fahrzeuge wurden nicht in Mitleidenschaft gezogen. Ersten Sch\u00e4tzungen zur Folge bel\u00e4uft sich der Sachschaden an dem v\u00f6llig ausgebrannten Pkw auf ca. 12 000,- Euro. Verletzt wurde Niemand. Die Brandursache ist derzeit noch unklar und Gegenstand der Ermittlungen. Zeugen, die sachdienliche Hinweise auf das Brandgeschehen geben k\u00f6nnen, werden gebeten mit der Kriminaldirektion Heidelberg Tel: 0621-174-4444 Kontakt aufzunehmen. <\/p>\n\n\n\n<h4 class=\"wp-block-heading\">(Mannheim-Neckarau) &#8211; Betrunkener Autofahrer mit plattem Vorderreifen unterwegs<\/h4>\n\n\n\n<p>Am Samstagmorgen, kurz vor 08.00 Uhr, fiel einer Streifenwagenbesatzung des Polizeireviers Mannheim-Neckarau ein VW-Golf auf, der auf der Neckarauer Stra\u00dfe in Richtung Innenstadt fuhr und offensichtlich seinen platten Vorderreifen nicht bemerkte. Kurz vor dem Neckarauer \u00dcbergang wurde der 23-j\u00e4hrige Fahrer einer Kontrolle unterzogen. Hierbei konnte festgestellt werden, dass der Fahrer erheblich unter Alkoholeinfluss stand. Der 23-j\u00e4hrige, dessen Stimmung im Verlauf der Kontrolle zunehmend aggressiv wurde, wurde zum Polizeirevier gebracht, wo ihm eine Blutprobe entnommen wurde. Sein F\u00fchrerschein wurde einbehalten. Wo er sich seinen linken Vorderreifen besch\u00e4digt hat, ist Gegenstand der weiteren Ermittlungen. Zeugen, denen der VW-Golf aufgefallen ist, melden sich beim Polizeirevier Mannheim-Neckarau unter Tel.: 0621\/83397-0.<\/p>\n\n\n\n<h4 class=\"wp-block-heading\">(Mannheim-K\u00e4fertal) &#8211; Geparktes Auto besch\u00e4digt und gefl\u00fcchtet. Zeugen gesucht!<\/h4>\n\n\n\n<p>Am Samstag in der Zeit von 09.00 bis 10.30 Uhr wurde ein in der Wasserwerkstra\u00dfe geparkter schwarzer C-Klasse Mercedes von einem vorbeifahrenden Fahrzeug besch\u00e4digt. Der C-Klasse Mercedes war am Fahrbahnrand in der Wasserwerkstra\u00dfe, kurz nach der Einm\u00fcndung Malzstra\u00dfe geparkt. Besch\u00e4digt wurde der vordere linke Bereich des Mercedes. Die H\u00f6he des Sachschadens wird mit ca. 3.500 Euro beziffert.  Zeugen werden gebeten sich beim Polizeirevier Mannheim-K\u00e4fertal unter Tel.: 0621\/71849-0 zu melden. <\/p>\n\n\n\n<h4 class=\"wp-block-heading\">(Heidelberg) &#8211; Sicherheit im Stra\u00dfenverkehr<\/h4>\n\n\n\n<p>Auch in Zeiten von Corona, die Polizei achtet auf die Sicherheit im Stra\u00dfenverkehr. Durch Kontrollen konnten die drei Reviere in Heidelberg in der Nacht von Samstag auf Sonntag insgesamt f\u00fcnf Fahrzeugf\u00fchrer feststellen, die offensichtlich nicht mehr in der Lage waren ihr Gef\u00e4hrt sicher zu f\u00fchren. Es gelangten zwei E-Scooter Fahrer im Alter von 24 und 33 Jahren zur Anzeige, da sie im Betrunkenen Zustand einen E-Roller gef\u00fchrt hatten. Der gemessene H\u00f6chstwert beim Atemalkoholtest lag bei ca. 1,2 Promille. Im weiteren Verlauf konnte bei drei Autofahrern festgestellt werden, dass sie mit hoher Wahrscheinlichkeit unter Einfluss von Drogen standen. Gegen die drei Autofahrer im Alter von 18, 28 und 38 Jahren wurden ebenfalls Strafanzeigen vorgelegt.<\/p>\n\n\n\n<h4 class=\"wp-block-heading\">(Heidelberg-Altstadt) &#8211; Verkehrsunfall auf der Friedrich-Ebert-Anlage \/ Polizei sucht Zeugen<\/h4>\n\n\n\n<p>Eine 27-j\u00e4hrige Autofahrerin stie\u00df am Samstagnachmittag gegen 16.30 Uhr mit ihrem BMW beim Abbiegen vom Friedrich-Ebert-Platz nach rechts auf die Friedrich-Ebert-Anlage mit dem Mercedes Benz Gel\u00e4ndewagen eines Heidelbergers, der in Richtung Adenauerplatz unterwegs war, zusammen. Wie es zu dem Zusammensto\u00df kam, ist bislang ungekl\u00e4rt &#8211; vermutlich hatte der Fahrer des Gel\u00e4ndewagens eine rote Ampel missachtet. Der entstandene Gesamtschaden wird auf ca. 2500,- Euro gesch\u00e4tzt. Verletzt wurde zum Gl\u00fcck niemand. In diesem Zusammenhang bittet die Polizei einen Radfahrer mit einem wei\u00dfen Kapuzenshirt, der zum Zeitpunkt des Verkehrsunfalls die genannte \u00d6rtlichkeit passierte, sich mit dem Polizeirevier Heidelberg-Mitte Tel.: 06221 \/ 99-1700 in Verbindung zu setzen. Der ca. 60-Jahre alte Mann kann m\u00f6glicherweise Hinweise zum Unfallhergang geben. <\/p>\n\n\n\n<h4 class=\"wp-block-heading\">(Heidelberg-Neuenheim) &#8211; Versuchter Einbruch in Modegesch\u00e4ft \/ Zeugen gesucht!<\/h4>\n\n\n\n<p>Unbekannte versuchten in der Zeit von Freitag 19:30 Uhr bis Samstag 10:30 Uhr in ein Modegesch\u00e4ft in der Br\u00fcckenstra\u00dfe einzubrechen. Es wurde versucht eine Eingangst\u00fcr aufzuhebeln, was aber nicht gelang. Der Schaden an der T\u00fcr wird auf etwa 500 Euro gesch\u00e4tzt. Zeugen, die sachdienliche Hinweise geben k\u00f6nnen, werden gebeten, sich mit dem Polizeirevier Heidelberg-Nord unter der Rufnummer 06221\/4569-0 in Verbindung zu setzen. <\/p>\n\n\n\n<h4 class=\"wp-block-heading\">(Wiesloch \/ Rhein-Neckar-Kreis) &#8211; S\u00e4ugling verstorben; Staatsanwaltschaft Heidelberg erwirkt Haftbefehl gegen 40-j\u00e4hrigen Vater<\/h4>\n\n\n\n<h4 class=\"wp-block-heading\">Gemeinsame Pressemitteilung der Staatsanwaltschaft Heidelberg und des Polizeipr\u00e4sidiums Mannheim <\/h4>\n\n\n\n<div class=\"wp-block-image\"><figure class=\"aligncenter\"><img decoding=\"async\" src=\"https:\/\/speyer24news.com\/wp-content\/uploads\/2020\/03\/Zelle.jpg\" alt=\"\" class=\"wp-image-25718\"\/><\/figure><\/div>\n\n\n\n<p>Auf Antrag der Staatsanwaltschaft Heidelberg wurde Haftbefehl gegen einen 40-j\u00e4hrigen Mann erlassen. Er steht im dringenden Verdacht, seinen acht Monate alten Sohn get\u00f6tet zu haben. <\/p>\n\n\n\n<p>Am Morgen des 22. Mai 2020 hatte der Beschuldigte die Polizei verst\u00e4ndigt und mitgeteilt, dass sein Kind tot sei. Tats\u00e4chlich fanden die Beamten bei Eintreffen in der Wohnung des Beschuldigten den Leichnam des verstorbenen Jungen vor. Da ein gewaltsamer Tod dem ersten Anschein nach nahelag, wurde dem 40-J\u00e4hrigen die Festnahme erkl\u00e4rt. <\/p>\n\n\n\n<p>Nachdem die Rechtsmedizin best\u00e4tigt hatte, dass es sich nicht um einen nat\u00fcrlichen Tod handelte, beantragte die Staatsanwaltschaft Heidelberg gegen den des Totschlags dringend verd\u00e4chtigen Beschuldigten einen Untersuchungshaftbefehl, der am Samstag durch den Haftrichter erlassen wurde. <\/p>\n\n\n\n<p>Die Ermittlungen der Staatsanwaltschaft Heidelberg und des Dezernats Kapitalverbrechen der Kriminalpolizeidirektion Heidelberg dauern an. <\/p>\n\n\n\n<h4 class=\"wp-block-heading\">(A 6 \/ St.Leon-Rot \/ Rhein-Pfalz-Kreis) &#8211; Auffahrunfall im Beschleunigungsstreifen<\/h4>\n\n\n\n<p>Zu einem Verkehrsunfall mit zwei Verletzten und erheblichem Sachschaden kam es am Sonntagnachmittag gegen 17 Uhr im Bereich des Autobahnkreuz Walldorf. Eine 19-j\u00e4hrige Fahranf\u00e4ngerin wollte vom Beschleunigungsstreifen in Fahrtrichtung Mannheim auf die Fahrbahn wechseln, bremste hierbei aber stark ab, da sie keine passende L\u00fccke zum Einordnen erkannte. Ein ebenfalls auf dem Beschleunigungsstreifen fahrender 59-j\u00e4hriger Mann erkannte das Bremsman\u00f6ver zu sp\u00e4t, sodass es zur Kollision kam. Durch den heftigen Aufprall wurden beide Fahrzeuge stark besch\u00e4digt und mussten abgeschleppt werden. Beide Fahrzeugf\u00fchrer sowie eine Beifahrerin wurden durch den Unfall leicht verletzt. Es entstand ein Sachschaden von mindestens 12.000 Euro. <\/p>\n\n\n\n<h4 class=\"wp-block-heading\">(Sinsheim \/ Rhein-Neckar-Kreis) &#8211; Unbekannte brechen in Einfamilienhaus ein \/ Zeugen gesucht<\/h4>\n\n\n\n<p>Ein oder mehrere unbekannte T\u00e4ter verschafften sich in der Nacht zum Montag zwischen 3 Uhr und 4 Uhr Zugang zu einem Einfamilienhaus im L\u00e4rchenweg, in dem sie die Scheibe einer Balkont\u00fcr einschlugen. Sie entwendeten ein hochwertiges Rennrad der Marke Cannondale, eine gr\u00fcne Daunenjacke und eine sogenannte Feuerwehraxt. Die Kriminalpolizei in Heidelberg hat die Ermittlungen aufgenommen. Hinweise nimmt der Kriminaldauerdienst unter der Rufnummer 0621\/174-4444 entgegen. <\/p>\n\n\n\n<h4 class=\"wp-block-heading\">(Dossenheim \/ Rhein-Neckar-Kreis) &#8211; Autos auf Pendlerparkplatz mutwillig besch\u00e4digt \/ Zeugen gesucht!<\/h4>\n\n\n\n<p>Vermutlich \u00fcber das vergangene Wochenende wurden auf dem Pendlerparkplatz an der L 531 zwei abgestellte Pkw mutwillig besch\u00e4digt. An einem silbernen VW Golf wurden u.a. die Au\u00dfenspiegel sowie die R\u00fcckleuchten besch\u00e4digt. An einem silbernen Audi A2 wurden ebenfalls die Au\u00dfenspiegel besch\u00e4digt. Das Polizeirevier Heidelberg-Nord hat die Ermittlungen aufgenommen und sucht Zeugen, die am vergangenen Wochenende verd\u00e4chtige Wahrnehmungen auf dem Pendlerparkplatz gemacht haben. Hinweise werden unter der Rufnummer 06221\/4569-0 entgegengenommen. <\/p>\n\n\n\n<h4 class=\"wp-block-heading\">(Ladenburg \/ Rhein-Neckar-Kreis) &#8211; Zwei Fahrr\u00e4der gefunden<\/h4>\n\n\n\n<p>Am Samstagabend wurden beim Polizeirevier Ladenburg zwei Fahrr\u00e4der durch einen ehrlichen Finder abgeliefert. Die Fahrr\u00e4der waren in einem Geb\u00fcsch neben der Ilvesheimer Stra\u00dfe, kurz vor der Br\u00fccke nach Ilvesheim, unverschlossen aufgefunden worden. Es handelt sich um zwei Mountainbikes der Marken &#8222;Bulls Raptor&#8220; und &#8222;Rockrider ST 100&#8220;. Trotz Rahmennummern konnten die Besitzer der Fahrr\u00e4der bislang nicht ausfindig gemacht werden. Diese werden gebeten sich mit dem Polizeirevier Ladenburg unter Tel.: 06203\/9305-0 in Verbindung zu setzen. <\/p>\n\n\n\n<h4 class=\"wp-block-heading\">(Ladenburg \/ Rhein-Neckar-Kreis) &#8211; Brand von D\u00e4mmmaterial<\/h4>\n\n\n\n<p>Am fr\u00fchen Samstagmorgen, gegen 05.30 Uhr, wurde ein Brand auf einem Firmengel\u00e4nde in der Dr. Albert-Reimann-Stra\u00dfe gemeldet. Vor Ort konnte festgestellt werden, dass rund 100 Paletten D\u00e4mmmaterial in Brand geraten waren. Durch die Werksfeuerwehr, sowie der Freiwilligen Feuerwehren aus Ilvesheim und Heddesheim war der Brand rasch unter Kontrolle und konnte gel\u00f6scht werden. Ersten Sch\u00e4tzungen zufolge betr\u00e4gt der Sachschaden rund 35.000 Euro. Die Feststellung der Brandursache ist Gegenstand der weiteren Ermittlungen des Polizeireviers Ladenburg. <\/p>\n","protected":false},"excerpt":{"rendered":"<div class=\"mh-excerpt\"><p>Polizeimeldungen vom Sonntag &amp; Montag (24.05. &amp; 25.05.2020) (Speyer \/ B 9) &#8211; Opel Fahrer nach Verkehrsunfall schwer verletzt Am 25.05.2020 gegen 13:20 Uhr befuhr ein 38-j\u00e4hriger Opel Fahrer die A61 und wechselte am Kreuz <a class=\"mh-excerpt-more\" href=\"https:\/\/speyer24news.com\/?p=27368\" title=\"Polizei\">[&#8230;]<\/a><\/p>\n<\/div>","protected":false},"author":3,"featured_media":0,"comment_status":"open","ping_status":"open","sticky":false,"template":"","format":"standard","meta":{"_monsterinsights_skip_tracking":false,"_monsterinsights_sitenote_active":false,"_monsterinsights_sitenote_note":"","_monsterinsights_sitenote_category":0,"footnotes":""},"categories":[12],"tags":[3614,61,2555,6955,6986,6263,63,105,6987,53,4854,4683,1548,102,213,55,106,2423,427,2625,380,104,979,1565],"aioseo_notices":[],"amp_enabled":true,"_links":{"self":[{"href":"https:\/\/speyer24news.com\/index.php?rest_route=\/wp\/v2\/posts\/27368"}],"collection":[{"href":"https:\/\/speyer24news.com\/index.php?rest_route=\/wp\/v2\/posts"}],"about":[{"href":"https:\/\/speyer24news.com\/index.php?rest_route=\/wp\/v2\/types\/post"}],"author":[{"embeddable":true,"href":"https:\/\/speyer24news.com\/index.php?rest_route=\/wp\/v2\/users\/3"}],"replies":[{"embeddable":true,"href":"https:\/\/speyer24news.com\/index.php?rest_route=%2Fwp%2Fv2%2Fcomments&post=27368"}],"version-history":[{"count":2,"href":"https:\/\/speyer24news.com\/index.php?rest_route=\/wp\/v2\/posts\/27368\/revisions"}],"predecessor-version":[{"id":27377,"href":"https:\/\/speyer24news.com\/index.php?rest_route=\/wp\/v2\/posts\/27368\/revisions\/27377"}],"wp:attachment":[{"href":"https:\/\/speyer24news.com\/index.php?rest_route=%2Fwp%2Fv2%2Fmedia&parent=27368"}],"wp:term":[{"taxonomy":"category","embeddable":true,"href":"https:\/\/speyer24news.com\/index.php?rest_route=%2Fwp%2Fv2%2Fcategories&post=27368"},{"taxonomy":"post_tag","embeddable":true,"href":"https:\/\/speyer24news.com\/index.php?rest_route=%2Fwp%2Fv2%2Ftags&post=27368"}],"curies":[{"name":"wp","href":"https:\/\/api.w.org\/{rel}","templated":true}]}}