{"id":27405,"date":"2020-05-27T07:43:56","date_gmt":"2020-05-27T06:43:56","guid":{"rendered":"https:\/\/speyer24news.com\/?p=27405"},"modified":"2020-05-27T07:43:57","modified_gmt":"2020-05-27T06:43:57","slug":"speyer-corona-virus","status":"publish","type":"post","link":"https:\/\/speyer24news.com\/?p=27405","title":{"rendered":"Speyer \/ Corona-Virus"},"content":{"rendered":"<style type=\"text\/css\">\r\n\t.ads_top_disp{}\r\n\t.ads_top_corner_disp{ float:left; margin:0px 10px 10px 0px; }\r\n\t.ads_first_p_disp{}\r\n\t.ads_bottom_disp{}\r\n\t<\/style>\n<h2 class=\"wp-block-heading\">Corona Fallzahlen aus Speyer<\/h2>\n\n\n\n<div class=\"wp-block-image\"><figure class=\"aligncenter\"><img decoding=\"async\" loading=\"lazy\" width=\"800\" height=\"400\" src=\"https:\/\/speyer24news.com\/wp-content\/uploads\/2020\/02\/virus-1812092_1920.jpg\" alt=\"\" class=\"wp-image-25128\" srcset=\"https:\/\/speyer24news.com\/wp-content\/uploads\/2020\/02\/virus-1812092_1920.jpg 800w, https:\/\/speyer24news.com\/wp-content\/uploads\/2020\/02\/virus-1812092_1920-300x150.jpg 300w, https:\/\/speyer24news.com\/wp-content\/uploads\/2020\/02\/virus-1812092_1920-768x384.jpg 768w\" sizes=\"(max-width: 800px) 100vw, 800px\" \/><\/figure><\/div>\n\n\n\n<p>Anzahl best\u00e4tigter F\u00e4lle von Coronavirus (SARS-CoV-2)-Infektionen in der Stadt Speyer: 84<br>Davon bereits genesen: 81<br>Todesf\u00e4lle: 2<br>Personen in Quarant\u00e4ne: 8<br><em>Stand: 26.05.2020, 15:00 Uhr<\/em><\/p>\n\n\n\n<p><em>Stadtverwaltung Speyer<br>27.05.2020<\/em><\/p>\n\n\n\n<h2 class=\"wp-block-heading\"><strong>Achte Corona-Bek\u00e4mpfungsverordnung des Landes Rheinland-Pfalz tritt in Kraft<\/strong><\/h2>\n\n\n\n<div class=\"wp-block-image\"><figure class=\"aligncenter\"><img decoding=\"async\" loading=\"lazy\" width=\"500\" height=\"500\" src=\"https:\/\/speyer24news.com\/wp-content\/uploads\/2020\/02\/virus-4810549_1920.png\" alt=\"\" class=\"wp-image-25116\" srcset=\"https:\/\/speyer24news.com\/wp-content\/uploads\/2020\/02\/virus-4810549_1920.png 500w, https:\/\/speyer24news.com\/wp-content\/uploads\/2020\/02\/virus-4810549_1920-150x150.png 150w, https:\/\/speyer24news.com\/wp-content\/uploads\/2020\/02\/virus-4810549_1920-300x300.png 300w\" sizes=\"(max-width: 500px) 100vw, 500px\" \/><\/figure><\/div>\n\n\n\n<p>Am Montag, 25. Mai 2020 hat das Land Rheinland-Pfalz die Achte Corona-Bek\u00e4mpfungsverordnung (8. CoBeLVO) erlassen, die die bereits in einer Pressemeldung angek\u00fcndigten  Lockerungen in eine Rechtsverordnung umsetzt. Diese\u00a0ersetzt die Siebte Corona-Bek\u00e4mpfungsverordnung und gilt <strong>ab Mittwoch, 27.\u00a0Mai 2020<\/strong>. Sie tritt mit Ablauf des\u00a09. Juni 2020 au\u00dfer Kraft.<\/p>\n\n\n\n<p>\u201eMit den ab morgen geltenden Lockerungen gehen wir wieder einen gro\u00dfen Schritt zur\u00fcck in Richtung des Alltags, den wir vor der Corona-Pandemie gewohnt waren.\n Die Schnelligkeit, mit der das nun geschieht, ist tr\u00fcgerisch, denn wir d\u00fcrfen nicht vergessen, dass der Kampf gegen das Virus noch nicht ausgestanden ist und weiterhin ein Infektionsrisiko besteht\u201c, betont Oberb\u00fcrgermeisterin Stefanie Seiler.&nbsp;\u201eUmso wichtiger\n ist es, dass wir uns alle unserer Verantwortung f\u00fcreinander bewusst werden, R\u00fccksicht nehmen und uns an die geltenden Abstands- und Hygienema\u00dfnahmen halten\u201c, so die Stadtchefin weiter.&nbsp;\n<\/p>\n\n\n\n<p>Gem\u00e4\u00df der neuen Rechtsverordnung ist ab Mittwoch, 27. Mai 2020 wieder Sport in Innensportanlagen, beispielsweise in Fitnessstudios und Tanzschulen, erlaubt.\n Wettkampfsituationen oder -simulationen bleiben untersagt. Weiterhin d\u00fcrfen Kinos, Theater, Konzerth\u00e4user, Opern und Kleinkunstb\u00fchnen wieder \u00f6ffnen. Der Einsatz eines Chores oder \u00e4hnlicher T\u00e4tigkeiten, die wegen besonderer k\u00f6rperlicher Anstrengung zu verst\u00e4rktem\n Aerosolaussto\u00df f\u00fchren, ist untersagt. Dar\u00fcber hinaus d\u00fcrfen im Au\u00dfenbereich wieder Veranstaltungen mit maximal 100 Personen stattfinden. F\u00fcr die Gastronomie wird der bislang verbotene Thekenverkauf erlaubt. Zirkusse und Spezialm\u00e4rkte, wie etwa Flohm\u00e4rkte,\n d\u00fcrfen wieder durchgef\u00fchrt werden, sofern sie im Freien stattfinden. Auch Spielhallen und Spielbanken k\u00f6nnen wieder \u00f6ffnen.<\/p>\n\n\n\n<p><strong>F\u00fcr alle Bereiche gelten dabei strenge und spezifische Abstands- und Hygienevorgaben, die zwingend einzuhalten sind.<\/strong>\n Das Land Rheinland-Pfalz hat f\u00fcr jeden Bereich ein gesondertes Konzept erarbeitet. Zu finden sind diese gesammelt unter\n<a href=\"https:\/\/deref-web-02.de\/mail\/client\/YS0fFN3-NWI\/dereferrer\/?redirectUrl=https%3A%2F%2Fcorona.rlp.de%2Fde%2Fthemen%2Fhygienekonzepte%2F\" target=\"_blank\" rel=\"noreferrer noopener\">https:\/\/corona.rlp.de\/de\/themen\/hygienekonzepte\/<\/a>.\n<\/p>\n\n\n\n<p>Die angek\u00fcndigte \u00d6ffnung von Freib\u00e4dern kann in Speyer, wie bereits angek\u00fcndigt, nicht zum 27. Mai 2020 erfolgen. Die Stadtwerke Speyer, Betreiber des bademaxx,\n arbeiten aktuell an der Umsetzung der Hygieneauflagen und werden sobald als m\u00f6glich einen konkreten Er\u00f6ffnungstermin nennen.\n<\/p>\n\n\n\n<p>Die Landesverordnung kann im Wortlaut unter <a rel=\"noreferrer noopener\" href=\"https:\/\/deref-web-02.de\/mail\/client\/1erN5_NI5UQ\/dereferrer\/?redirectUrl=http%3A%2F%2Fwww.speyer.de%2Fcorona\" target=\"_blank\">www.speyer.de\/corona<\/a> in der rechten Seitenbox unter \u201eRechtsgrundlagen\u201c nachgelesen werden. <\/p>\n\n\n\n<h4 class=\"wp-block-heading\">Oder lesen sie die 8 Corona Bek\u00e4mpfungsverordnung hier als pdf: <\/h4>\n\n\n\n<div class=\"wp-block-file\"><a href=\"https:\/\/speyer24news.com\/wp-content\/uploads\/2020\/05\/8.-CoBeLVO.pdf\">8.-CoBeLVO<\/a><a href=\"https:\/\/speyer24news.com\/wp-content\/uploads\/2020\/05\/8.-CoBeLVO.pdf\" class=\"wp-block-file__button\" download>Herunterladen<\/a><\/div>\n\n\n\n<p><em>Stadtverwaltung Speyer<br>27.05.2020<\/em><\/p>\n\n\n\n<h2 class=\"wp-block-heading\"><strong>\u201eBisherige Erfolge nicht aufs Spiel\nsetzen\u201c<\/strong><\/h2>\n\n\n\n<h3 class=\"wp-block-heading\"><strong>Oberb\u00fcrgermeister, Landr\u00e4te und Polizeipr\u00e4sidenten aus der Pfalz appellieren an Bev\u00f6lkerung<\/strong><\/h3>\n\n\n\n<div class=\"wp-block-image\"><figure class=\"aligncenter\"><img decoding=\"async\" loading=\"lazy\" width=\"800\" height=\"600\" src=\"https:\/\/speyer24news.com\/wp-content\/uploads\/2020\/01\/IMG_20200115_191234-1.jpg\" alt=\"\" class=\"wp-image-24419\" srcset=\"https:\/\/speyer24news.com\/wp-content\/uploads\/2020\/01\/IMG_20200115_191234-1.jpg 800w, https:\/\/speyer24news.com\/wp-content\/uploads\/2020\/01\/IMG_20200115_191234-1-300x225.jpg 300w, https:\/\/speyer24news.com\/wp-content\/uploads\/2020\/01\/IMG_20200115_191234-1-768x576.jpg 768w, https:\/\/speyer24news.com\/wp-content\/uploads\/2020\/01\/IMG_20200115_191234-1-678x509.jpg 678w, https:\/\/speyer24news.com\/wp-content\/uploads\/2020\/01\/IMG_20200115_191234-1-326x245.jpg 326w, https:\/\/speyer24news.com\/wp-content\/uploads\/2020\/01\/IMG_20200115_191234-1-80x60.jpg 80w\" sizes=\"(max-width: 800px) 100vw, 800px\" \/><\/figure><\/div>\n\n\n\n<p>Bei der Eind\u00e4mmung der Coronavirus-Pandemie sind wichtige Etappenziele erreicht worden \u2013 und immer mehr \u00d6ffnungen und Lockerungen m\u00f6glich. Seit 13. Mai sind die Restaurants mit Einschr\u00e4nkungen wieder ge\u00f6ffnet, Hotels und Ferienwohnungen folgten in dieser Woche, auch f\u00fcr Kulturbetriebe gibt es eine Perspektive. Das Land Rheinland-Pfalz hat hierzu einen Stufenplan vorgestellt. Die Landr\u00e4te Hans-Ulrich Ihlenfeld (Landkreis Bad D\u00fcrkheim), Clemens K\u00f6rner (Rhein-Pfalz-Kreis), Dr. Fritz Brechtel (Landkreis Germersheim), Rainer Guth (Donnersbergkreis), Ralf Le\u00dfmeister (Landkreis Kaiserslautern), Otto Rubly (Landkreis Kusel), Dietmar Seefeldt (Landkreis S\u00fcdliche Weinstra\u00dfe), Dr. Susanne Ganster (Landkreis S\u00fcdwestpfalz), sowie die Oberb\u00fcrgermeister Jutta Steinruck (Ludwigshafen), Martin Hebich (Frankenthal), Stefanie Seiler (Speyer), Marc Weigel (Neustadt a.d.W.), Thomas Hirsch (Landau), Klaus Weichel (Kaiserslautern), Markus Zwick (Pirmasens), Dr. Marold Wosnitza (Zweibr\u00fccken) und die Polizeipr\u00e4sidenten Thomas Ebling (Rheinpfalz) und Michael Denne (Westpfalz) begr\u00fc\u00dfen diese schrittweise R\u00fcckkehr zur \u201eneuen Normalit\u00e4t\u201c, sagen aber auch klar: \u201eDie bisherigen Erfolge d\u00fcrfen nicht aufs Spiel gesetzt werden. Wir sind alle weiterhin gefordert, um mit R\u00fccksicht und Geduld die Pandemie weiter zu bek\u00e4mpfen.\u201c <\/p>\n\n\n\n<p>In der Gesamtbetrachtung sind die Zahlen der Neuinfektionen in der Pfalz\nmomentan relativ stabil. \u201eAlle B\u00fcrgerinnen und B\u00fcrger tragen hierzu erheblich\nbei. Sie halten Abstand, tragen Maske, verringern Ihre Sozialkontakte. In den\nletzten Wochen haben wir alle gro\u00dfe Anstrengungen unternommen, um die\nAusbreitung des Virus zu verlangsamen \u2013 mit Erfolg. Nun ist es wichtig, dass\nwir auch weiterhin alles daf\u00fcr tun, die Abst\u00e4nde einhalten, Maske tragen und\ntrotz der Lockerungen unsere Kontakte einschr\u00e4nken. Herzlichen Dank an Sie\nalle, dass Sie sich an die Regeln halten und Verst\u00e4ndnis haben\u201c, erkl\u00e4ren die\nOberb\u00fcrgermeister, Landr\u00e4te und Polizeipr\u00e4sidenten. \u201eDank Ihrer Umsicht und Ihrer\nGeduld sind nun immer mehr Lockerungen m\u00f6glich. Das freut uns alle. Doch wir\nd\u00fcrfen nicht vergessen: Die Pandemie ist noch nicht vorbei.\u201c Es sei wichtig,\ndass die schon erfolgten und geplanten \u00d6ffnungen in den n\u00e4chsten Wochen nicht\nzu einem deutlichen Anstieg der Infektionen f\u00fchren. \u201eNehmen Sie darum bitte\nauch weiterhin R\u00fccksicht, damit wir diesen ersten Erfolg nicht gef\u00e4hrden.\nVermeiden Sie gro\u00dfe Ansammlungen und verzichten Sie auch im Privaten auf\nTreffen in gro\u00dfer Runde.\u201c <\/p>\n\n\n\n<p>Es gelten weiterhin die wichtigen Hygieneregeln: Abstand halten,\nh\u00e4ufiges und gr\u00fcndliches H\u00e4ndewaschen und Maske tragen. Kurz l\u00e4sst sich dies\nunter der Formel \u201eAHA\u201c \u2013 Abstand, Hygieneregeln, Alltagsmaske \u2013 zusammenfassen.\nDie Oberb\u00fcrgermeister, Landr\u00e4te und Polizeipr\u00e4sidenten bekr\u00e4ftigen: \u201eBitte\nbenutzen Sie eine Maske nicht nur dort, wo sie Pflicht ist, sondern immer, wenn\nsich Menschen auf engem Raum begegnen und in Kontakt mit anderen Menschen\ntreten.\u201c Wer sich krank f\u00fchlt, sollte einen Arzt kontaktieren: \u201eSie k\u00f6nnen sich\nauch bei kleinsten Krankheitszeichen testen lassen, nehmen Sie diese\nM\u00f6glichkeit bitte wahr. Helfen Sie mit, die Pandemie einzud\u00e4mmen und bleiben\nSie gesund!\u201c<\/p>\n\n\n\n<p><em>Gemeinsame Presseerkl\u00e4rung der Landkreise Bad D\u00fcrkheim, Rhein-Pfalz-Kreis, Germersheim, Donnersbergkreis, Kaiserslautern, Kusel, S\u00fcdwestpfalz, S\u00fcdliche Weinstra\u00dfe sowie der St\u00e4dte Frankenthal, Ludwigshafen, Speyer, Neustadt a.d.W., Landau, Kaiserslautern, Pirmasens, Zweibr\u00fccken und der Polizeipr\u00e4sidien Rheinpfalz und Westpfalz<br>27.05.2020<\/em><\/p>\n","protected":false},"excerpt":{"rendered":"<div class=\"mh-excerpt\"><p>Corona Fallzahlen aus Speyer Anzahl best\u00e4tigter F\u00e4lle von Coronavirus (SARS-CoV-2)-Infektionen in der Stadt Speyer: 84Davon bereits genesen: 81Todesf\u00e4lle: 2Personen in Quarant\u00e4ne: 8Stand: 26.05.2020, 15:00 Uhr Stadtverwaltung Speyer27.05.2020 Achte Corona-Bek\u00e4mpfungsverordnung des Landes Rheinland-Pfalz tritt in Kraft <a class=\"mh-excerpt-more\" href=\"https:\/\/speyer24news.com\/?p=27405\" title=\"Speyer \/ Corona-Virus\">[&#8230;]<\/a><\/p>\n<\/div>","protected":false},"author":3,"featured_media":23902,"comment_status":"open","ping_status":"open","sticky":false,"template":"","format":"standard","meta":{"_monsterinsights_skip_tracking":false,"_monsterinsights_sitenote_active":false,"_monsterinsights_sitenote_note":"","_monsterinsights_sitenote_category":0,"footnotes":""},"categories":[9],"tags":[6367,6940,6359,6429,6370,5904,6358,5801,6342,2625,380,6],"aioseo_notices":[],"amp_enabled":true,"_links":{"self":[{"href":"https:\/\/speyer24news.com\/index.php?rest_route=\/wp\/v2\/posts\/27405"}],"collection":[{"href":"https:\/\/speyer24news.com\/index.php?rest_route=\/wp\/v2\/posts"}],"about":[{"href":"https:\/\/speyer24news.com\/index.php?rest_route=\/wp\/v2\/types\/post"}],"author":[{"embeddable":true,"href":"https:\/\/speyer24news.com\/index.php?rest_route=\/wp\/v2\/users\/3"}],"replies":[{"embeddable":true,"href":"https:\/\/speyer24news.com\/index.php?rest_route=%2Fwp%2Fv2%2Fcomments&post=27405"}],"version-history":[{"count":1,"href":"https:\/\/speyer24news.com\/index.php?rest_route=\/wp\/v2\/posts\/27405\/revisions"}],"predecessor-version":[{"id":27407,"href":"https:\/\/speyer24news.com\/index.php?rest_route=\/wp\/v2\/posts\/27405\/revisions\/27407"}],"wp:featuredmedia":[{"embeddable":true,"href":"https:\/\/speyer24news.com\/index.php?rest_route=\/wp\/v2\/media\/23902"}],"wp:attachment":[{"href":"https:\/\/speyer24news.com\/index.php?rest_route=%2Fwp%2Fv2%2Fmedia&parent=27405"}],"wp:term":[{"taxonomy":"category","embeddable":true,"href":"https:\/\/speyer24news.com\/index.php?rest_route=%2Fwp%2Fv2%2Fcategories&post=27405"},{"taxonomy":"post_tag","embeddable":true,"href":"https:\/\/speyer24news.com\/index.php?rest_route=%2Fwp%2Fv2%2Ftags&post=27405"}],"curies":[{"name":"wp","href":"https:\/\/api.w.org\/{rel}","templated":true}]}}