{"id":27442,"date":"2020-05-28T13:45:41","date_gmt":"2020-05-28T12:45:41","guid":{"rendered":"https:\/\/speyer24news.com\/?p=27442"},"modified":"2020-05-28T13:45:43","modified_gmt":"2020-05-28T12:45:43","slug":"landau-kreis-ld-2","status":"publish","type":"post","link":"https:\/\/speyer24news.com\/?p=27442","title":{"rendered":"Landau &#038; Kreis LD"},"content":{"rendered":"<style type=\"text\/css\">\r\n\t.ads_top_disp{}\r\n\t.ads_top_corner_disp{ float:left; margin:0px 10px 10px 0px; }\r\n\t.ads_first_p_disp{}\r\n\t.ads_bottom_disp{}\r\n\t<\/style>\n<h1 class=\"wp-block-heading\" style=\"text-align:center\"><strong>Coronavirus: Fallzahlen im Landkreis S\u00fcdliche Weinstra\u00dfe und der Stadt Landau<\/strong><\/h1>\n\n\n\n<div class=\"wp-block-image\"><figure class=\"aligncenter\"><img decoding=\"async\" loading=\"lazy\" width=\"800\" height=\"400\" src=\"https:\/\/speyer24news.com\/wp-content\/uploads\/2020\/02\/virus-1812092_1920.jpg\" alt=\"\" class=\"wp-image-25128\" srcset=\"https:\/\/speyer24news.com\/wp-content\/uploads\/2020\/02\/virus-1812092_1920.jpg 800w, https:\/\/speyer24news.com\/wp-content\/uploads\/2020\/02\/virus-1812092_1920-300x150.jpg 300w, https:\/\/speyer24news.com\/wp-content\/uploads\/2020\/02\/virus-1812092_1920-768x384.jpg 768w\" sizes=\"(max-width: 800px) 100vw, 800px\" \/><\/figure><\/div>\n\n\n\n<h2 class=\"wp-block-heading\">Donnerstag, 28.05.2020<\/h2>\n\n\n\n<p>Nach aktuellem Stand (28.05.2020, 12:00 Uhr) hat sich seit gestern\nkeine Ver\u00e4nderung der Fallzahlen ergeben. Insgesamt wurden <strong>222<\/strong> F\u00e4lle im Zust\u00e4ndigkeitsbereich des Gesundheitsamts\nLandau\/S\u00fcdliche Weinstra\u00dfe an das Landesuntersuchungsamt \u00fcbermittelt. <strong>216<\/strong> Personen sind gesundet*. <strong>5<\/strong> Personen sind verstorben. <\/p>\n\n\n\n<p><strong>Verbandsgemeinde\nAnnweiler:<\/strong> 12 Personen (12\ndavon gesundet)<\/p>\n\n\n\n<p><strong>Verbandsgemeinde\nBad Bergzabern<\/strong>:11 Personen (11 davon gesundet)<\/p>\n\n\n\n<p><strong>Verbandsgemeinde\nEdenkoben<\/strong>: 40 Personen (40\ndavon gesundet)<\/p>\n\n\n\n<p><strong>Verbandsgemeinde\nHerxheim: <\/strong>28 Personen (26 davon\ngesundet, 1 verstorben)<\/p>\n\n\n\n<p><strong>Verbandsgemeinde\nLandau-Land<\/strong>: 22\nPersonen (20 davon gesundet, 2 verstorben)<\/p>\n\n\n\n<p><strong>Verbandsgemeinde\nMaikammer<\/strong>: 14 Personen (14\ndavon gesundet)<\/p>\n\n\n\n<p><strong>Verbandsgemeinde\nOffenbach<\/strong>: 22 Personen (22\ndavon gesundet)<strong>Stadt Landau<\/strong>: 73 Personen (71 davon gesundet, 2 verstorben).\n\n\n\n<\/p>\n\n\n\n<h2 class=\"wp-block-heading\">Mittwoch, 27.05.2020<\/h2>\n\n\n\n<p>Nach aktuellem Stand (27.05.2020, 12:00 Uhr) hat sich seit gestern\nkeine Ver\u00e4nderung der Fallzahlen ergeben. Insgesamt wurden <strong>222<\/strong> F\u00e4lle im Zust\u00e4ndigkeitsbereich des Gesundheitsamts\nLandau\/S\u00fcdliche Weinstra\u00dfe an das Landesuntersuchungsamt \u00fcbermittelt. <strong>216<\/strong> Personen sind gesundet*. <strong>5<\/strong> Personen sind verstorben. <\/p>\n\n\n\n<p><strong>Verbandsgemeinde\nAnnweiler:<\/strong> 12 Personen (12\ndavon gesundet)<\/p>\n\n\n\n<p><strong>Verbandsgemeinde\nBad Bergzabern<\/strong>:11 Personen (11 davon gesundet)<\/p>\n\n\n\n<p><strong>Verbandsgemeinde\nEdenkoben<\/strong>: 40 Personen (40\ndavon gesundet)<\/p>\n\n\n\n<p><strong>Verbandsgemeinde\nHerxheim: <\/strong>28 Personen (26 davon\ngesundet, 1 verstorben)<\/p>\n\n\n\n<p><strong>Verbandsgemeinde\nLandau-Land<\/strong>: 22\nPersonen (20 davon gesundet,2 verstorben)<\/p>\n\n\n\n<p><strong>Verbandsgemeinde\nMaikammer<\/strong>: 14 Personen (14\ndavon gesundet)<\/p>\n\n\n\n<p><strong>Verbandsgemeinde\nOffenbach<\/strong>: 22 Personen (22\ndavon gesundet)<\/p>\n\n\n\n<p><strong>Stadt\nLandau<\/strong>: 73 Personen (71 davon\ngesundet, 2 verstorben).<\/p>\n\n\n\n<p>Alle ermittelbaren Kontaktpersonen werden \u00fcber die Infektion\ninformiert. <\/p>\n\n\n\n<p>*Eine Person gilt als gesundet und wird aus der 14-t\u00e4gigen\nh\u00e4uslichen Quarant\u00e4ne entlassen, wenn sie 48 Stunden (an Tag 13 und 14 der\nh\u00e4uslichen Quarant\u00e4ne) symptomfrei war. Ein erneuter Test findet bei Personen\nin h\u00e4uslicher Quarant\u00e4ne nicht statt.<\/p>\n\n\n\n<p>Diese F\u00e4lle gelten f\u00fcr das Gesundheitsamt als abgeschlossen.\nPersonen in Gesundheitsberufen dagegen \u2013 etwa \u00c4rzte oder Altenpfleger \u2013 werden\nerst als abgeschlossene F\u00e4lle gez\u00e4hlt, wenn diese einen negativen Abstrich\nhatten, da diese erst dann wieder arbeiten d\u00fcrfen.<\/p>\n\n\n\n<p>Informationen zum Thema Coronavirus finden Sie auf der Homepage des Landkreises: <a href=\"http:\/\/www.suedliche-weinstrasse.de\">www.suedliche-weinstrasse.de<\/a>. <\/p>\n\n\n\n<p>Das gemeinsame B\u00fcrgertelefon des Landkreises S\u00fcdliche Weinstra\u00dfe und der\nStadt Landau ist in der Regel\nmontags bis donnerstags, 8:30 Uhr bis 12:00 Uhr und 14:00 Uhr bis 16:00&nbsp;Uhr,\nsowie freitags, 8:30 Uhr bis 12:00 Uhr, unter der Telefonnummer 06341\/940-555 erreichbar. Am Wochenende und an gesetzlichen Feiertagen ist das\nB\u00fcrgertelefon derzeit nicht besetzt.<\/p>\n\n\n\n<p><em>Gemeinsame Pressemitteilung der Kreisverwaltung S\u00fcdliche Weinstra\u00dfe und der Stadtverwaltung Landau<br>28.05.2020<\/em><\/p>\n\n\n\n<h2 class=\"wp-block-heading\">Weil die Tafel wieder \u00f6ffnen kann: Lebensmittelausgabe der Stadt Landau endet \u2013 260 Kisten wurden verteilt \u2013 Dank an Spenderinnen und Spender<\/h2>\n\n\n\n<div class=\"wp-block-image\"><figure class=\"aligncenter\"><img decoding=\"async\" loading=\"lazy\" width=\"500\" height=\"642\" src=\"https:\/\/speyer24news.com\/wp-content\/uploads\/2020\/05\/Info-29-04-2020-17-Uhr_Lebensmittelausgabe.jpg\" alt=\"\" class=\"wp-image-27451\" srcset=\"https:\/\/speyer24news.com\/wp-content\/uploads\/2020\/05\/Info-29-04-2020-17-Uhr_Lebensmittelausgabe.jpg 500w, https:\/\/speyer24news.com\/wp-content\/uploads\/2020\/05\/Info-29-04-2020-17-Uhr_Lebensmittelausgabe-234x300.jpg 234w\" sizes=\"(max-width: 500px) 100vw, 500px\" \/><figcaption>Streetworkerin Johanna Dreisigacker bei einer der st\u00e4dtischen Lebensmittelausgaben.<em> (Quelle: Stadt Landau) <\/em> <\/figcaption><\/figure><\/div>\n\n\n\n<p>Nach rund einem\nMonat ist Schluss: Am gestrigen Dienstag, 26. Mai, fand die f\u00fcnfte und letzte\nLebensmittelausgabe der st\u00e4dtischen Streetwork und der Mobilen\nSchulsozialarbeit statt. Grund f\u00fcr das Ende der Aktion ist die Wiederer\u00f6ffnung\nder Landauer Tafel am Dienstag, 2. Juni.<\/p>\n\n\n\n<p>Seit Ende April\n\u00f6ffneten die st\u00e4dtischen Mitarbeiterinnen jeden Dienstag die Hintert\u00fcr des\nHauses der Jugend in der Marktstra\u00dfe zur Verteilung von Lebensmitteln.\nGesch\u00fctzt hinter einer Plexiglasscheibe und ausger\u00fcstet mit Masken reichten sie\nKiste um Kiste mit gespendeten Waren an Bed\u00fcrftige \u2013 und das v\u00f6llig kontaktlos.\nInsgesamt 260 Kisten mit Nudeln, Reis, Mehl, aber auch frischem Obst und Gem\u00fcse\nsowie Hygieneartikeln wurden auf diese Weise verteilt. \u201eEin gro\u00dfes Dankesch\u00f6n\ngeht an die spendenwilligen Mitb\u00fcrgerinnen und Mitb\u00fcrger, die unsere Spendenbox\nin den letzten Wochen eifrig gef\u00fcllt haben. Ohne ihre Hilfe und die der Foodsharing-Gruppe\nLandau h\u00e4tten wir die Zeit bis zur \u00d6ffnung der Tafel nicht so erfolgreich\n\u00fcberbr\u00fccken k\u00f6nnen\u201c, so das Team um die Streetworkerinnen Johanna Dreisigacker\nund Nina Sappert.<\/p>\n\n\n\n<p><em>Stadtverwaltung Landau in der Pfalz<\/em><br><em>28.05.2020<\/em><\/p>\n\n\n\n<h2 class=\"wp-block-heading\">Inbetriebnahme in zwei bis drei Wochen: Neue Toilettenanlage f\u00fcr Alten Me\u00dfplatz in Landau \u201eeingeschwebt\u201c<\/h2>\n\n\n\n<div class=\"wp-block-image\"><figure class=\"aligncenter\"><img decoding=\"async\" loading=\"lazy\" width=\"500\" height=\"750\" src=\"https:\/\/speyer24news.com\/wp-content\/uploads\/2020\/05\/Info-29-04-2020-17-Uhr_Toilettenanlage.jpg\" alt=\"\" class=\"wp-image-27450\" srcset=\"https:\/\/speyer24news.com\/wp-content\/uploads\/2020\/05\/Info-29-04-2020-17-Uhr_Toilettenanlage.jpg 500w, https:\/\/speyer24news.com\/wp-content\/uploads\/2020\/05\/Info-29-04-2020-17-Uhr_Toilettenanlage-200x300.jpg 200w\" sizes=\"(max-width: 500px) 100vw, 500px\" \/><figcaption>Der neue Toilettencontainer f\u00fcr den Alten Me\u00dfplatz in Landau kam heute \u201eeingeschwebt\u201c.<em> (Quelle: Stadt Landau)<\/em> <\/figcaption><\/figure><\/div>\n\n\n\n<p>Vorsicht, schwebende Toilette im Anflug: Am Mittwoch, 27. Mai, hat das Geb\u00e4udemanagement der Stadt Landau einen neuen Toilettencontainer am Alten Messplatz aufgestellt. Dieser befindet sich an der Ecke Fortstra\u00dfe\/Am Kronwerk. Der Container ist nach denen auf dem Bahnhofsvorplatz und in der Langstra\u00dfe die dritte \u00f6ffentliche Toilettenanlage in der Landauer Innenstadt. Die Anschaffung kostet rund 300.000 Euro, wovon rund 156.000 Euro vom Land Rheinland-Pfalz getragen werden. Die Toilettenanlage besteht aus drei Unisex-Toilettenkabinen, drei Urinalen sowie einem barrierefreien WC und soll voraussichtlich in zwei bis drei Wochen in Betrieb gehen k\u00f6nnen.<\/p>\n\n\n\n<p><em>Stadtverwaltung Landau in der Pfalz<\/em><br><em>28.05.2020<\/em><\/p>\n\n\n\n<h2 class=\"wp-block-heading\">G\u00e4nsehaut-Feeling dank Streichinstrumenten: Acoustic Vibration am Donnerstag, 28. Mai, beim LandauLivestream<\/h2>\n\n\n\n<div class=\"wp-block-image\"><figure class=\"aligncenter\"><img decoding=\"async\" loading=\"lazy\" width=\"800\" height=\"533\" src=\"https:\/\/speyer24news.com\/wp-content\/uploads\/2020\/05\/Info-25-05-2020_12-Uhr_Livestream.jpg\" alt=\"\" class=\"wp-image-27449\" srcset=\"https:\/\/speyer24news.com\/wp-content\/uploads\/2020\/05\/Info-25-05-2020_12-Uhr_Livestream.jpg 800w, https:\/\/speyer24news.com\/wp-content\/uploads\/2020\/05\/Info-25-05-2020_12-Uhr_Livestream-300x200.jpg 300w, https:\/\/speyer24news.com\/wp-content\/uploads\/2020\/05\/Info-25-05-2020_12-Uhr_Livestream-768x512.jpg 768w\" sizes=\"(max-width: 800px) 100vw, 800px\" \/><figcaption>Handgemachte, unaufdringliche und stilvolle Musik: Daf\u00fcr steht Acoustic Vibration. <em>(Quelle: Acoustic Vibration)<\/em> <\/figcaption><\/figure><\/div>\n\n\n\n<p>Streichquartett und\nPopmusik, wie passt das zusammen? Sehr gut, beweisen Acoustic Vibration am\nDonnerstag, 28. Mai, beim LandauLivestream. Das Konzert wird ab 19 Uhr aus der\nJugendstil-Festhalle live in die heimischen Wohnzimmer gestreamt. <\/p>\n\n\n\n<p>Handgemachte,\nunaufdringliche und stilvolle Musik: Daf\u00fcr steht Acoustic Vibration. Die Band\nsetzt sich zusammen aus Piano, Westerngitarre, Percussions, Kontrabass, Violine(n),\nCello und mehrstimmigem Gesang. F\u00fcr das besondere G\u00e4nsehaut-Feeling sorgen die\nStreichinstrumente. Die Band aus dem Raum Landau l\u00e4dt zu einer\nabwechslungsreichen Mischung aus gem\u00fctlichen, emotionalen und zugleich\nausdrucksstarken sowie stimmungsvollen Kl\u00e4ngen aus Rock, Pop, Soul und RnB ein.\nDazu werden sowohl Klassiker als auch Hits der aktuellen Charts neu arrangiert.\n<\/p>\n\n\n\n<p>Das komplette\nProgramm des LandauLivestreams findet sich unter\nwww.landau.de\/landaulivestream; Unterst\u00fctzertickets k\u00f6nnen unter\nwww.ticket-regional.de\/landau-livestream erworben werden. Der Erl\u00f6s kommt\ndirekt den auftretenden K\u00fcnstlerinnen und K\u00fcnstlern zugute.\n\nWer\nden Livestream verfolgen m\u00f6chte, kann dies auf dem st\u00e4dtischen Facebook-Account\n\u201eStadt Landau in der Pfalz\u201c und dem st\u00e4dtischen YouTube-Kanal \u201eStadt Landau in\nder Pfalz\u201c tun. Alle Auftritte finden sich auch danach noch \u201eon demand\u201c auf\nFacebook sowie YouTube.\n\n\n\n<\/p>\n\n\n\n<p><em>Text: Stadtverwaltung Landau in der Pfalz Foto: Acoustic Vibration<br>28.05.2020<\/em><\/p>\n\n\n\n<h2 class=\"wp-block-heading\">Das wird ein (Ferien-)Spa\u00df: Jugendf\u00f6rderung Landau erg\u00e4nzt Sommerferienprogramm in Zusammenarbeit mit Kinder- und Jugendfarm<\/h2>\n\n\n\n<div class=\"wp-block-image\"><figure class=\"aligncenter\"><img decoding=\"async\" loading=\"lazy\" width=\"800\" height=\"533\" src=\"https:\/\/speyer24news.com\/wp-content\/uploads\/2020\/05\/Info-25-05-2020_12-Uhr_Ferien.jpg\" alt=\"\" class=\"wp-image-27448\" srcset=\"https:\/\/speyer24news.com\/wp-content\/uploads\/2020\/05\/Info-25-05-2020_12-Uhr_Ferien.jpg 800w, https:\/\/speyer24news.com\/wp-content\/uploads\/2020\/05\/Info-25-05-2020_12-Uhr_Ferien-300x200.jpg 300w, https:\/\/speyer24news.com\/wp-content\/uploads\/2020\/05\/Info-25-05-2020_12-Uhr_Ferien-768x512.jpg 768w\" sizes=\"(max-width: 800px) 100vw, 800px\" \/><figcaption>Die Kinder- und Jugendfarm mit Leiterin Dagmar Fl\u00f6rchinger arbeitet f\u00fcr zwei Ferienprojekte mit der st\u00e4dtischen Jugendf\u00f6rderung zusammen.<em> (Quelle: Kinder- und Jugendfarm Landau) <\/em> <\/figcaption><\/figure><\/div>\n\n\n\n<p>Gef\u00f6rdert mit\nMitteln aus dem st\u00e4dtischen Hilfspaket \u201eMiteinander in Landau\u201c bietet die\nst\u00e4dtische Jugendf\u00f6rderung in Zusammenarbeit mit der Kinder- und Jugendfarm\nzwei besondere Ferienprojekte f\u00fcr den Sommer an.<\/p>\n\n\n\n<p>Beim Upcycling mit Haushaltsgegenst\u00e4nden\nsind Kreativit\u00e4t und ein bisschen handwerkliches Geschick gefragt: Die\nBastelfans widmen sich am Montag, 22. Juli, und am Dienstag, 23. Juli, getreu\ndes Mottos \u201eAus Alt mach Neu\u201c einem spannenden Upcycling-Projekt, f\u00fcr das\nHaushaltsgegenst\u00e4nde, Holz und Farben sowie Metallschellen ben\u00f6tigt werden. Mit\neinem sogenannten Paper Potter k\u00f6nnen die jungen Teilnehmerinnen und Teilnehmer\nau\u00dferdem Blument\u00f6pfe aus Papier anfertigen und mit kleinen Setzlingen\nbepflanzen. Das Angebot ist f\u00fcr M\u00e4dchen und Jungen zwischen 8 und 14 Jahren\ngeeignet und kostet 20 Euro. <\/p>\n\n\n\n<p>Von Mittwoch, 22.\nJuli, bis Freitag, 24. Juli, hei\u00dft es dann \u201eManage frei!\u201c auf dem Gel\u00e4nde der\nKinder- und Jugendfarm: An diesen drei Tagen haben die Teilnehmerinnen und\nTeilnehmer die Gelegenheit, sich in Zirkusk\u00fcnsten wie&nbsp; Jonglage, Akrobatik oder Clown-Spiel\nauszuprobieren. Das Zirkusprojekt richtet sich an Kinder von 6 bis 12 Jahren\nund kostet 30 Euro.<\/p>\n\n\n\n<p>Achtung: Bei beiden\nProjekten sind die Teilnehmerinnen und Teilnehmer angehalten, eine\nMund-Nasen-Bedeckung mitzubringen und nat\u00fcrlich auch die g\u00e4ngigen Hygieneregeln\nzu beachten. <\/p>\n\n\n\n<p>Anmeldungen sind ab sofort m\u00f6glich. Das Anmeldeformular sowie weitere Informationen sind unter <a href=\"https:\/\/jufoelandau.com\/veranstaltungen-und-angebote\/ferienwochen\">https:\/\/jufoelandau.com\/veranstaltungen-und-angebote\/ferienwochen<\/a> zu finden.<\/p>\n\n\n\n<p><em>Text: Stadtverwaltung Landau in der Pfalz Foto: Kinder- und Jugendfarm Landau<br>28.05.2020<\/em><\/p>\n\n\n\n<h2 class=\"wp-block-heading\">Handlungsbedarf am Schwanenweiher:\u00a0 Stadt Landau bittet Landesbeh\u00f6rde um Genehmigung zum Einleiten von Queichwasser<\/h2>\n\n\n\n<div class=\"wp-block-image\"><figure class=\"aligncenter\"><img decoding=\"async\" loading=\"lazy\" width=\"800\" height=\"533\" src=\"https:\/\/speyer24news.com\/wp-content\/uploads\/2020\/05\/Info-25-05-2020_12-Uhr_Schwanenweiher.jpg\" alt=\"\" class=\"wp-image-27447\" srcset=\"https:\/\/speyer24news.com\/wp-content\/uploads\/2020\/05\/Info-25-05-2020_12-Uhr_Schwanenweiher.jpg 800w, https:\/\/speyer24news.com\/wp-content\/uploads\/2020\/05\/Info-25-05-2020_12-Uhr_Schwanenweiher-300x200.jpg 300w, https:\/\/speyer24news.com\/wp-content\/uploads\/2020\/05\/Info-25-05-2020_12-Uhr_Schwanenweiher-768x512.jpg 768w\" sizes=\"(max-width: 800px) 100vw, 800px\" \/><figcaption>Befindet sich seit Jahren in einem \u00f6kologisch schlechten Zustand: Der Landauer Schwanenweiher. <em>(Quelle: Stadt Landau)<\/em> <\/figcaption><\/figure><\/div>\n\n\n\n<p>Die Stadt Landau\nsorgt sich um ihren Schwanenweiher. Wie Umweltdezernent Lukas Hartmann jetzt\nmitteilt, haben sich die Sauerstoffwerte in dieser Woche verschlechtert \u2013 vor\nallem nachts. Eine Option, um ein \u201eKippen\u201c des Gew\u00e4ssers nach M\u00f6glichkeit zu\nverhindern, ist das Einleiten von Queichwasser in den Weiher. Aus diesem Grund\nhat die Stadt Landau die Struktur- und Genehmigungsdirektion S\u00fcd in Neustadt als\n\u00fcbergeordnete Landesbeh\u00f6rde um die entsprechende Genehmigung gebeten. Diese ist\nerforderlich, da die Queich als \u00f6kologisch h\u00f6herwertigeres Gew\u00e4sser eingestuft\nist.<\/p>\n\n\n\n<p>\u201eWir haben eine\nMessstation am Schwanenweiher installiert, die dauerhaft die wichtigsten Werte des\nGew\u00e4ssers misst. So k\u00f6nnen wir nun reagieren, bevor der Weiher tats\u00e4chlich\nkippt \u2013 wie in der Vergangenheit ja bereits mehrfach geschehen\u201c, teilt Hartmann\nmit. Die geringen Sauerstoffwerte und die hohe Wassertemperatur in Kombination\nmit den Wetterprognosen f\u00fcr die kommenden Tage seien deutliche Anzeichen daf\u00fcr,\ndass ein \u201eKippen\u201c tats\u00e4chlich erneut drohe, so der Umweltdezernent. <\/p>\n\n\n\n<p>Um den Schwanenweiher\nauf lange Sicht \u00f6kologisch zu stabilisieren, hat das st\u00e4dtische Umweltamt ein\numfangreiches Sanierungskonzept erarbeitet. Der aufgrund der Corona-Krise\nvor\u00fcbergehend mit Stadtratskompetenzen ausgestattete Hauptausschuss gab im M\u00e4rz\ndieses Jahres mehrheitlich ein erstes Go f\u00fcr das umfangreiche Ma\u00dfnahmenpaket\nzur Neugestaltung des Ostparks mitsamt Sanierung des Weihers. <\/p>\n\n\n\n<p><em>Stadtverwaltung Landau in der Pfalz<\/em><br><em>28.05.2020<\/em><\/p>\n\n\n\n<h2 class=\"wp-block-heading\"><strong>Auch bei kleinen Krankheitszeichen auf Corona testen lassen:<\/strong><\/h2>\n\n\n\n<h3 class=\"wp-block-heading\"><strong>Kapazit\u00e4ten sind vorhanden<\/strong><\/h3>\n\n\n\n<div class=\"wp-block-image\"><figure class=\"aligncenter\"><img decoding=\"async\" loading=\"lazy\" width=\"500\" height=\"500\" src=\"https:\/\/speyer24news.com\/wp-content\/uploads\/2020\/02\/virus-4810549_1920.png\" alt=\"\" class=\"wp-image-25116\" srcset=\"https:\/\/speyer24news.com\/wp-content\/uploads\/2020\/02\/virus-4810549_1920.png 500w, https:\/\/speyer24news.com\/wp-content\/uploads\/2020\/02\/virus-4810549_1920-150x150.png 150w, https:\/\/speyer24news.com\/wp-content\/uploads\/2020\/02\/virus-4810549_1920-300x300.png 300w\" sizes=\"(max-width: 500px) 100vw, 500px\" \/><\/figure><\/div>\n\n\n\n<p>Landrat Dietmar Seefeldt, Oberb\u00fcrgermeister Thomas Hirsch\nund die Leiterin des gemeinsamen Gesundheitsamts der Stadt Landau und des Landkreises\nS\u00fcdliche Weinstra\u00dfe, Anett Schall, rufen dazu auf, sich auch weiterhin auf das\nCoronavirus testen zu lassen: \u201eDie Kapazit\u00e4ten sind vorhanden, bitte lassen Sie\nsich testen, auch wenn Sie nur geringe Krankheitssymptome haben.\u201c Auch das\nRobert-Koch-Institut (RKI) empfiehlt allgemein eine niederschwellige Testung\naller Personen mit Symptomen einer akuten Atemwegserkrankung.<\/p>\n\n\n\n<p>In den vergangenen Wochen sind die\nTests in der Diagnosestation am Neuen Messplatz in Landau zur\u00fcckgegangen, immer\nweniger Menschen holen sich von der Haus\u00e4rztin bzw. dem Hausarzt eine\n\u00dcberweisung f\u00fcr einen Corona-Abstrich, weshalb die \u00d6ffnungszeiten bereits\nangepasst wurden. \u201eEs sind Kapazit\u00e4ten da, wir k\u00f6nnten noch mehr testen und auch\ndie Kriterien f\u00fcr einen Test wurden zwischenzeitlich ausgeweitet. Man kann sich\nmittlerweile auch bei nur kleinen Anzeichen einer m\u00f6glichen Coronainfektion\ntesten lassen, auch wenn kein unmittelbarer Kontakt zu einer bzw. einem\nInfizierten bestand. Denn nur, wenn die Menschen getestet werden, k\u00f6nnen wir\ndie ansteckenden Personen identifizieren. Daher sind die Tests so wichtig und\nwir m\u00f6chten bei einem Verdacht jede und jeden aufrufen, den Test wahrzunehmen\u201c,\nso Seefeldt, Hirsch und Schall, die betonen, dass zusammen mit den Hygiene- und\nAbstandsregeln breite Testungen und die Isolierung von Patientinnen und\nPatienten die besten Mittel seien, um die Verbreitung des Coronavirus\neinzud\u00e4mmen.<\/p>\n\n\n\n<p>Weiterhin wird das Gesundheitsamt in\nEinrichtungen, zum Beispiel Altenheimen oder Krankenh\u00e4user, in denen ein\nCoronafall auftritt, nach medizinischer Einsch\u00e4tzung alle eventuell betroffenen\nBewohnerinnen und Bewohner sowie Mitarbeiterinnen und Mitarbeiter testen, auch\nwenn diese keine Symptome haben. \u201eDies haben wir bisher schon \u00e4hnlich\ngehandhabt. Die Testkapazit\u00e4ten sind vorhanden und so l\u00e4sst sich die\nVerbreitung am besten eind\u00e4mmen\u201c, so Schall.<\/p>\n\n\n\n<p>\u201eWir freuen uns alle \u00fcber die ersten\nLockerungen, die dank der insgesamt gesunkenen Neu-Infektionszahlen\nm\u00f6glich sind. Wenn wir die bisher erzielten Erfolge\nnicht gef\u00e4hrden wollen, m\u00fcssen wir weiter vorsichtig sein, die AHA-Formel\nbeachten, uns\naufmerksam beobachten und bei Krankheitssymptomen zuhause bleiben und uns\ntesten lassen\u201c, betonen der Kreis- und der\nStadtchef und pl\u00e4dieren weiterhin f\u00fcr Vorsicht und Besonnenheit.<\/p>\n\n\n\n<p>Folgende M\u00f6glichkeiten bestehen f\u00fcr\nB\u00fcrgerinnen und B\u00fcrger des Landkreises S\u00fcdliche Weinstra\u00dfe und der Stadt\nLandau, um sich testen zu lassen: <\/p>\n\n\n\n<h4 class=\"wp-block-heading\"><strong>Diagnosestation<\/strong> <\/h4>\n\n\n\n<p>An der Teststation in Form eines \u201eDrive-ins\u201c\nauf dem Neuen Messplatz in Landau (Alfred-Nobel-Platz) k\u00f6nnen sich Personen mit\ndem begr\u00fcndeten Verdacht auf eine Infektion mit dem Corona-Virus testen lassen.\nWer sich testen lassen will, ben\u00f6tigt eine sogenannte \u201eLabor\u00fcberweisung\u201c von\neiner \u00c4rztin bzw. einem Arzt, etwa der Haus\u00e4rztin bzw. dem Hausarzt. Die Diagnosestation\nhat montags und donnerstags von 17 bis 19 Uhr ge\u00f6ffnet (nicht an Feiertagen). <\/p>\n\n\n\n<h4 class=\"wp-block-heading\"><strong>Corona-Ambulanz<\/strong> <\/h4>\n\n\n\n<p>Die Corona-Ambulanz neben der Diagnosestation wurde eingerichtet, um die Haus\u00e4rztinnen und Haus\u00e4rzte zu entlasten. Die Ambulanz erg\u00e4nzt die Drive-In-Diagnosestation auf dem Neuen Messplatz in Landau. In der Ambulanz in Tr\u00e4gerschaft der Kassen\u00e4rztlichen Vereinigung sollen infekti\u00f6se Atemwegserkrankungen mit (auch vagem) Corona-Verdacht sowie bereits positiv getestete oder an Covid-19 erkrankte Patientinnen und Patienten behandelt werden. Wer sich krank f\u00fchlt, wendet sich immer zuerst \u2013 per Telefon \u2013 an seine Hausarztpraxis. Diese entscheidet nach Abfrage der Symptome, ob die regul\u00e4re Sprechstunde besucht werden kann oder ob sich die Patientin bzw. der Patient in der neu eingerichteten Corona-Ambulanz vorstellen soll. Die Terminvereinbarung f\u00fcr die Corona-Ambulanz \u00fcbernimmt die Hausarztpraxis. Nach einer entsprechenden Meldung setzt sich der Terminbuchungsservice der Corona-Ambulanz mit der Patientin bzw. dem Patienten telefonisch in Verbindung, best\u00e4tigt den Termin und teilt eine entsprechende Buchungsnummer mit, die bei der Einfahrt zur Corona-Ambulanz vorzuzeigen ist. <\/p>\n\n\n\n<p><em>Gemeinsame Pressemitteilung der Kreisverwaltung S\u00fcdliche Weinstra\u00dfe und der Stadtverwaltung Landau<br>28.05.2020<\/em><\/p>\n\n\n\n<h2 class=\"wp-block-heading\"><strong>Corona-Pandemie: Thekenverkauf seit 27.05.2020 wieder zul\u00e4ssig:<\/strong><\/h2>\n\n\n\n<h3 class=\"wp-block-heading\"><strong>Landr\u00e4te und Oberb\u00fcrgermeister begr\u00fc\u00dfen Regelungen der <br> 8. Corona-Bek\u00e4mpfungsverordnung (CoBeLVO)<\/strong><\/h3>\n\n\n\n<div class=\"wp-block-image\"><figure class=\"aligncenter\"><img decoding=\"async\" loading=\"lazy\" width=\"800\" height=\"600\" src=\"https:\/\/speyer24news.com\/wp-content\/uploads\/2020\/05\/IMG_20190915_115002.jpg\" alt=\"\" class=\"wp-image-27131\" srcset=\"https:\/\/speyer24news.com\/wp-content\/uploads\/2020\/05\/IMG_20190915_115002.jpg 800w, https:\/\/speyer24news.com\/wp-content\/uploads\/2020\/05\/IMG_20190915_115002-300x225.jpg 300w, https:\/\/speyer24news.com\/wp-content\/uploads\/2020\/05\/IMG_20190915_115002-768x576.jpg 768w, https:\/\/speyer24news.com\/wp-content\/uploads\/2020\/05\/IMG_20190915_115002-678x509.jpg 678w, https:\/\/speyer24news.com\/wp-content\/uploads\/2020\/05\/IMG_20190915_115002-326x245.jpg 326w, https:\/\/speyer24news.com\/wp-content\/uploads\/2020\/05\/IMG_20190915_115002-80x60.jpg 80w\" sizes=\"(max-width: 800px) 100vw, 800px\" \/><\/figure><\/div>\n\n\n\n<p>Seit Mittwoch, 27. Mai, gilt in Rheinland-Pfalz eine neue Verordnung im Kampf gegen das Corona-Virus. Landr\u00e4tin Dr. Susanne Ganster (S\u00fcdwestpfalz), die Landr\u00e4te Dr. Fritz Brechtel (Germersheim) und Dietmar Seefeldt (S\u00fcdliche Weinstra\u00dfe) sowie Oberb\u00fcrgermeister Thomas Hirsch (Landau) begr\u00fc\u00dfen, dass mit der 8. Corona-Bek\u00e4mpfungsverordnung nun auch die Bar- und Thekenbereiche f\u00fcr den Verkauf und die Abgabe von Speisen und Getr\u00e4nken ge\u00f6ffnet werden k\u00f6nnen.<\/p>\n\n\n\n<p>\u201eWir\ndanken der Landesregierung, dass die bisherige Haltung nochmals \u00fcberdacht&nbsp; und insbesondere &nbsp;die Sinnhaftigkeit in der Gleichbehandlung der Gastronomie erkannt und eingesehen wurde. Die \u00d6ffnung ist\nnat\u00fcrlich auch im\nSinne unserer B\u00fcrgerinnen und B\u00fcrger sowie G\u00e4ste unserer sch\u00f6nen Region. Es war\nnicht plausibel, weshalb der Thekenverkauf (Selbstbedienung) in der vorherigen\nVerordnung nicht zul\u00e4ssig war\u201c, so Landr\u00e4tin Dr. Ganster, die Landr\u00e4te Dr.\nBrechtel und Seefeldt sowie Oberb\u00fcrgermeister Hirsch. <\/p>\n\n\n\n<p>Bereits Mitte\nMai haben sich die politisch Verantwortlichen aus den Landkreisen S\u00fcdwestpfalz,\nGermersheim, S\u00fcdliche Weinstra\u00dfe und der Stadt Landau mit einem Schreiben an\ndie Landesregierung gewandt und gefordert, landesweit einfache, klare und faire\nRegelungen zur Gleichbehandlung zu schaffen: \u201eWir\nsind nun froh \u00fcber die neuen einheitlichen Regelungen der 8. CoBeLVO, die zur\nGleichbehandlung in der Gastronomie und zum Schutz von Existenzen dringend\nnotwendig waren.\u201c Es sei nicht nachvollziehbar gewesen, dass nach der 7.\nCorona-Bek\u00e4mpfungsverordnung Gastst\u00e4tten, Restaurants und Kneipen mit Bedienung\nan Tischen wieder \u00f6ffnen durften und dass bei Eisdielen, B\u00e4ckereien,\nMetzgereien und anderen Verkaufsst\u00e4nden \u00fcber die Theke verkauft werden durfte,\nnicht jedoch in Gastst\u00e4tten oder Pf\u00e4lzerwaldh\u00fctten. \u201eDie H\u00fctten- und\nGastst\u00e4ttenkultur in unserer Region ist etwas Besonderes und ein wichtiger Teil\nder touristischen Infrastruktur, unserer Lebenskultur, unserer Identit\u00e4t und Teil\nunseres Selbstverst\u00e4ndnisses. Gerade die H\u00fctten, die oft von Ehrenamtlichen\nbetrieben werden, haben Ideen und Konzepte entwickelt, die den\nhygienerechtlichen Anforderungen entsprechen und nun Anwendung finden k\u00f6nnen.\nBeispiele, wie diese Ma\u00dfnahmen aussehen k\u00f6nnen, hatten wir l\u00e4ngst gegen\u00fcber dem\nLand kommuniziert.\u201c <\/p>\n\n\n\n<p>Die Kreischefs und der Stadtchef haben in ihrem Schreiben grunds\u00e4tzlich darauf hingewiesen, dass in Rheinland-Pfalz mit verschiedensten Ma\u00dfnahmen erfolgreich gegen die Ausbreitung des Coronavirus gek\u00e4mpft werde. Die B\u00fcrgerinnen und B\u00fcrger, aber auch Unternehmen, Selbstst\u00e4ndige, Handel, Gastgewerbe etc. tr\u00fcgen unter Gef\u00e4hrdung ihrer wirtschaftlichen Existenz durch Einhaltung der beschlossenen Beschr\u00e4nkungen dazu bei. Auch Landr\u00e4tin Dr. Ganster, die Landr\u00e4te Dr. Brechtel und Seefeldt sowie Oberb\u00fcrgermeister Thomas Hirsch erachten ein an die Infektionslage angepasstes Vorgehen nach wie vor als zielf\u00fchrend und sinnvoll: \u201eEs war jedoch \u00fcberf\u00e4llig, die Gleichbhandlung der Gastronomie in den Blick zu nehmen. Die Einhaltung der strengen Hygienema\u00dfnahmen ist auch dort selbstverst\u00e4ndlich und umsetzbar, wie die Beispiele der Eisdielen, B\u00e4ckereien und Metzgereien zeigen\u201c, betonen die Verwaltungschefs.<\/p>\n\n\n\n<p><em>Text: Gemeinsame Medieninformation der Landkreise Germersheim, S\u00fcdliche Weinstra\u00dfe und S\u00fcdwestpfalz sowie der Stadt Landau Foto: Speyer 24\/7 News,dak<br>28.05.2020<\/em><\/p>\n\n\n\n<h2 class=\"wp-block-heading\">Kleinod in der Landauer Innenstadt: Kreuzgarten erstmals Ausflugstipp in der Brosch\u00fcre \u201eGartenpfOrte\u201c der Metropolregion Rhein-Neckar<\/h2>\n\n\n\n<div class=\"wp-block-image\"><figure class=\"aligncenter\"><img decoding=\"async\" loading=\"lazy\" width=\"800\" height=\"533\" src=\"https:\/\/speyer24news.com\/wp-content\/uploads\/2020\/05\/Info-26-05-2020-12-Uhr_Kreuzgarten.jpg\" alt=\"\" class=\"wp-image-27446\" srcset=\"https:\/\/speyer24news.com\/wp-content\/uploads\/2020\/05\/Info-26-05-2020-12-Uhr_Kreuzgarten.jpg 800w, https:\/\/speyer24news.com\/wp-content\/uploads\/2020\/05\/Info-26-05-2020-12-Uhr_Kreuzgarten-300x200.jpg 300w, https:\/\/speyer24news.com\/wp-content\/uploads\/2020\/05\/Info-26-05-2020-12-Uhr_Kreuzgarten-768x512.jpg 768w\" sizes=\"(max-width: 800px) 100vw, 800px\" \/><figcaption>Oase der Ruhe und beliebtes Fotomotiv: Der wundersch\u00f6ne Kreuzgarten in der Landauer Innenstadt.<em> (Quelle: Stadt Landau)<\/em> <\/figcaption><\/figure><\/div>\n\n\n\n<p>Was haben der Schwetzinger Schlossgarten, der Chinesische Garten im Luisenpark in Mannheim und der Landauer Kreuzgarten gemeinsam? Sie sind immer einen Besuch wert, spenden Ruhe und Kraft \u2013 und haben es alle drei in die Neuauflage der Brosch\u00fcre \u201eGartenpfOrte\u201c der Metropolregion Rhein-Neckar geschafft. Diese steht auf der st\u00e4dtischen Homepage unter <a href=\"http:\/\/www.landau.de\/naherholung\">www.landau.de\/naherholung<\/a> zum Download bereit und kann ab sofort unter der E-Mail-Adresse <a href=\"kulturbuero@m-r-n.com\">kulturbuero@m-r-n.com<\/a> auch als Druckversion bestellt werden. <\/p>\n\n\n\n<p>In der Brosch\u00fcre\nfinden Gartenfreundinnen und -freunde zehn Tipps f\u00fcr Ausflugsziele zwischen\nWorms und Bensheim im Norden sowie Landau und Angelbachtal im S\u00fcden der\nMetropolregion Rhein-Neckar. Mit dabei ist auch der Kreuzgarten in der Landauer\nK\u00f6nigstra\u00dfe. Der an die Augustinerkirche angrenzende Garten wird von einem\nKreuzgang mit sp\u00e4tgotischen Spitzb\u00f6gen umschlossen. Im Jahr 2003 wurde die\ninnenliegende Gr\u00fcnfl\u00e4che nach historischem Vorbild neu angelegt und z\u00e4hlt\nseitdem zu Landaus sch\u00f6nsten Gartenanlagen.<\/p>\n\n\n\n<p><em>Stadtverwaltung Landau in der Pfalz<\/em><br><em>28.05.2020<\/em><\/p>\n\n\n\n<h2 class=\"wp-block-heading\">Alles rund um die S\u00fcdpfalzmetropole: B\u00fcro f\u00fcr Tourismus der Stadt Landau seit Mittwoch, 27. Mai, wieder f\u00fcr den Publikumsverkehr ge\u00f6ffnet<\/h2>\n\n\n\n<div class=\"wp-block-image\"><figure class=\"aligncenter\"><img decoding=\"async\" loading=\"lazy\" width=\"800\" height=\"533\" src=\"https:\/\/speyer24news.com\/wp-content\/uploads\/2020\/05\/Info-26-05-2020-12-Uhr_BfT.jpg\" alt=\"\" class=\"wp-image-27445\" srcset=\"https:\/\/speyer24news.com\/wp-content\/uploads\/2020\/05\/Info-26-05-2020-12-Uhr_BfT.jpg 800w, https:\/\/speyer24news.com\/wp-content\/uploads\/2020\/05\/Info-26-05-2020-12-Uhr_BfT-300x200.jpg 300w, https:\/\/speyer24news.com\/wp-content\/uploads\/2020\/05\/Info-26-05-2020-12-Uhr_BfT-768x512.jpg 768w\" sizes=\"(max-width: 800px) 100vw, 800px\" \/><figcaption>Das Team des Landauer Tourismusb\u00fcros, hier Mitarbeiterin Selina Plett, freut sich auf die Wiederaufnahme des Publikumsverkehrs. <em>(Quelle: Stadt Landau) <\/em> <\/figcaption><\/figure><\/div>\n\n\n\n<p>Welche Ecke Landaus sollte man unbedingt mal besucht haben, welche historischen Geb\u00e4ude sind besonders sehenswert und wo kann man den Abend gem\u00fctlich bei einem Glas Wein ausklingen lassen \u2013 nat\u00fcrlich unter Einhaltung der geltenden Abstands- und Hygieneregeln? Das und viel mehr gibt es jetzt nach der Corona-bedingten Schlie\u00dfung wieder im B\u00fcro f\u00fcr Tourismus der Stadt Landau zu erfahren. Die Anlaufstelle im Erdgeschoss des Rathauses in der Marktstra\u00dfe ist seit Mittwoch, 27. Mai, f\u00fcr den Publikumsverkehr ge\u00f6ffnet und versorgt Touristinnen und Touristen sowie Einheimische mit allen wichtigen Informationen rund um Landau. <\/p>\n\n\n\n<p>Die \u00d6ffnung erfolgt unter Einhaltung eines strengen\nHygienekonzepts, das die Abstandsregeln sowie die Vorschriften zur\nKontaktnachverfolgung ber\u00fccksichtigt. Besonders wichtig: Besucherinnen und\nBesucher m\u00fcssen beim Betreten des Rathauses einen Mund-Nasen-Schutz tragen.<\/p>\n\n\n\n<p><em>Stadtverwaltung Landau in der Pfalz<\/em><br><em>28.05.2020<\/em><\/p>\n\n\n\n<h2 class=\"wp-block-heading\"><strong>F\u00fcr (angehende) Existenzgr\u00fcnderinnen und -gr\u00fcnder: Webinar am Mittwoch, 10. Juni<\/strong><\/h2>\n\n\n\n<p>Die Wirtschaftsf\u00f6rderungen der Stadt Landau und\ndes Landkreises S\u00fcdliche Weinstra\u00dfe bieten allen Existenzgr\u00fcnderinnen und\n-gr\u00fcndern sowie allen Interessierten erneut einen Schnupperkurs an, der\naufgrund der aktuellen Lage als Webinar abgehalten wird. Das Online-Seminar mit\nGr\u00fcndungscoach Ernst Mennesclou findet am Mittwoch, 10. Juni, von 9 bis 15 Uhr\nstatt.<strong><\/strong><\/p>\n\n\n\n<p>Zu folgenden Themen verschafft das Seminar\neinen Einblick:<\/p>\n\n\n\n<ul><li>Wie\nerstelle ich den perfekten Businessplan? <\/li><li>Wie kann\nich mich durch Alleinstellungsmerkmale von anderen Unternehmen am Markt\nunterscheiden? <\/li><li>Marketing\nund Vertrieb<\/li><li>Finanzielle\nZusch\u00fcsse, z.B. Gr\u00fcndungszuschuss und Darlehen<\/li><li>Grundz\u00fcge\nzu Steuern, Buchhaltung, Kalkulation und Datenschutz<\/li><li>Genehmigungen,\nRechtsformen und<\/li><li>Kaufm\u00e4nnische\nund buchhalterische Themen<\/li><\/ul>\n\n\n\n<p>Die Veranstaltung wird interaktiv gestaltet: Es\nwerden Umfragen durchgef\u00fchrt und Fragen k\u00f6nnen gestellt werden. Wer m\u00f6chte,\nkann auch bereits im Vorfeld Fragen einsenden, auf die der Referent im Webinar\ndann eingeht. <\/p>\n\n\n\n<p>Die Teilnahmegeb\u00fchr betr\u00e4gt 29 Euro; maximal 25\nTeilnehmerinnen und Teilnehmer sind m\u00f6glich. Die technischen Voraussetzungen\nsind: PC oder Laptop bzw. Tablet, Headset oder Lautsprecher sowie Zugang zum\nInternet.<\/p>\n\n\n\n<h4 class=\"wp-block-heading\">Anmeldung und weitere Infos:\u00a0\u00a0\u00a0\u00a0\u00a0\u00a0\u00a0\u00a0\u00a0\u00a0\u00a0\u00a0 <\/h4>\n\n\n\n<p><strong>Wirtschaftsf\u00f6rderung Stadt Landau in der Pfalz<\/strong><\/p>\n\n\n\n<p>Frau Jasmin Seither<\/p>\n\n\n\n<p>Telefon: 0 63 41\/13 20 02<\/p>\n\n\n\n<p>E-Mail: <a href=\"jasmin.seither@landau.de\">jasmin.seither@landau.de<\/a><\/p>\n\n\n\n<p><strong>Mittelstandsberatungs- und Betreuungsgesellschaft S\u00dcW mbH<\/strong><\/p>\n\n\n\n<p>Herr Uwe K\u00f6nig<\/p>\n\n\n\n<p>Telefon: 0 63 41\/94 04 51<\/p>\n\n\n\n<p>E-Mail: <a href=\"u.koenig@mbb-suew.de%20\">u.koenig@mbb-suew.de<\/a>\n<\/p>\n\n\n\n<p><strong>KMU-Beratung und Existenzgr\u00fcndungen<\/strong><\/p>\n\n\n\n<p>Herr Ernst Mennesclou<\/p>\n\n\n\n<p>Telefon 01 72\/3 53 10 17<\/p>\n\n\n\n<p>Anmeldung direkt: <a href=\"https:\/\/mennesclou.de\/seminare\">https:\/\/mennesclou.de\/seminare<\/a><\/p>\n\n\n\n<p><em>Gemeinsame Pressemitteilung der Kreisverwaltung S\u00fcdliche Weinstra\u00dfe und der Stadtverwaltung Landau<br>28.05.2020<\/em><\/p>\n\n\n\n<h2 class=\"wp-block-heading\">Landaus OB Hirsch dankt Tagesm\u00fcttern und Tagesv\u00e4tern f\u00fcr Engagement zugunsten der Kleinsten<\/h2>\n\n\n\n<div class=\"wp-block-image\"><figure class=\"aligncenter\"><img decoding=\"async\" loading=\"lazy\" width=\"800\" height=\"533\" src=\"https:\/\/speyer24news.com\/wp-content\/uploads\/2020\/05\/Info-25-05-2020-17-Uhr_Tageseltern.jpg\" alt=\"\" class=\"wp-image-27444\" srcset=\"https:\/\/speyer24news.com\/wp-content\/uploads\/2020\/05\/Info-25-05-2020-17-Uhr_Tageseltern.jpg 800w, https:\/\/speyer24news.com\/wp-content\/uploads\/2020\/05\/Info-25-05-2020-17-Uhr_Tageseltern-300x200.jpg 300w, https:\/\/speyer24news.com\/wp-content\/uploads\/2020\/05\/Info-25-05-2020-17-Uhr_Tageseltern-768x512.jpg 768w\" sizes=\"(max-width: 800px) 100vw, 800px\" \/><figcaption>Fast so sch\u00f6n wie Zuhause: 89 Kinder kommen in Landau in den Genuss einer Betreuung durch Tagesm\u00fctter und Tagesv\u00e4ter. <em>(Quelle: Stadt Landau in der Pfalz)<\/em> <\/figcaption><\/figure><\/div>\n\n\n\n<p>Fast so sch\u00f6n wie\nZuhause: 89 Kinder kommen in Landau in den Genuss der Betreuung durch\nTagesm\u00fctter und Tagesv\u00e4ter. Die Betreuung in Kleingruppen und im h\u00e4uslichen\nUmfeld kommt vor allem den Kleinsten zugute, weshalb viele Eltern von Kindern\nunter drei Jahren von diesem Angebot Gebrauch machen. In der aktuellen Corona-Krise\nl\u00e4uft der Betrieb bei vielen Tagespflegepersonen weiter. Wegen der neuen\nCorona-bedingten Hygieneauflagen ist das oft mit einem erheblichen Mehraufwand\nverbunden. F\u00fcr ihren Einsatz dankt Oberb\u00fcrgermeister Thomas Hirsch jetzt den 30\nFrauen und 2 M\u00e4nnern, die in Landau dieser Arbeit nachgehen.<\/p>\n\n\n\n<p>\u201eLandau wurde\noffiziell als familiengerechte Kommune zertifiziert, belegt in der\nKinderbetreuung einen landesweiten Spitzenplatz und schneidet auch bei\nbundesweiten Standortumfragen bei der Kinderbetreuung stets hervorragend ab\u201c,\nbetont der Stadtchef. \u201eWir sind sehr dankbar f\u00fcr die tolle Arbeit, die in\nunseren Kindertagesst\u00e4tten, aber nat\u00fcrlich auch von den Tagesm\u00fcttern und\nTagesv\u00e4tern in unserer Stadt geleistet wird. Besonders in der aktuellen\nSituation tragen sie ma\u00dfgeblich dazu bei, das gesellschaftliche Leben am Laufen\nzu halten\u201c, betont der Jugenddezernent.<\/p>\n\n\n\n<p><em>Stadtverwaltung Landau in der Pfalz<\/em><br><em>28.05.2020<\/em><\/p>\n\n\n\n<h2 class=\"wp-block-heading\">F\u00fcr eine attraktive Innenstadt: Wanderbaumallee zieht in Landauer K\u00f6nigstra\u00dfe ein<\/h2>\n\n\n\n<div class=\"wp-block-image\"><figure class=\"aligncenter\"><img decoding=\"async\" loading=\"lazy\" width=\"800\" height=\"533\" src=\"https:\/\/speyer24news.com\/wp-content\/uploads\/2020\/05\/Info-25-05-2020-17-Uhr_K\u00f6nigstra\u00dfe.jpg\" alt=\"\" class=\"wp-image-27443\" srcset=\"https:\/\/speyer24news.com\/wp-content\/uploads\/2020\/05\/Info-25-05-2020-17-Uhr_K\u00f6nigstra\u00dfe.jpg 800w, https:\/\/speyer24news.com\/wp-content\/uploads\/2020\/05\/Info-25-05-2020-17-Uhr_K\u00f6nigstra\u00dfe-300x200.jpg 300w, https:\/\/speyer24news.com\/wp-content\/uploads\/2020\/05\/Info-25-05-2020-17-Uhr_K\u00f6nigstra\u00dfe-768x512.jpg 768w\" sizes=\"(max-width: 800px) 100vw, 800px\" \/><figcaption>Die neue Wanderbaumallee in der Landauer K\u00f6nigstra\u00dfe.<em> (Quelle: Stadt Landau in der Pfalz)<\/em> <\/figcaption><\/figure><\/div>\n\n\n\n<p>Wenn aus\nversiegeltem Stra\u00dfenraum ganz einfach eine gr\u00fcne Allee wird: Die\nMobilit\u00e4tsabteilung des st\u00e4dtischen Bauamts hat in der Landauer K\u00f6nigstra\u00dfe\neine sogenannte Wanderbaumallee aufstellen lassen. 23 neue Stadtb\u00e4ume in\nbegr\u00fcnten Pflanzk\u00fcbeln zieren seit wenigen Tagen die innerst\u00e4dtische Einkaufsstra\u00dfe\n\u2013 quasi als Vorboten f\u00fcr deren weitere Umgestaltung. \u201eZiel ist es, den\n\u00f6ffentlichen Stra\u00dfenraum in der K\u00f6nigstra\u00dfe im Sinne einer modernen,\nklimaschonenden und benutzerfreundlichen Mobilit\u00e4t neu zu ordnen und so dessen\nAttraktivit\u00e4t zu erh\u00f6hen\u201c, k\u00fcndigt Mobilit\u00e4tsdezernent Lukas Hartmann an. <\/p>\n\n\n\n<p>Die n\u00e4chsten Schritte\nauf diesem Weg stehen bereits kurz bevor: Voraussichtlich Ende Juni sollen die K\u00f6nigstra\u00dfe\nf\u00fcr den gegenl\u00e4ufigen Radverkehr freigegeben, die Parksituation neu geregelt\nsowie Sitzgelegenheiten und Fahrradabstellpl\u00e4tze geschaffen werden. Parallel\ndazu wird an den Planungen f\u00fcr die k\u00fcnftige bauliche Gestaltung gearbeitet. \u201eDabei\nwerden die Belange des Rad- und des Autoverkehrs, von Fu\u00dfg\u00e4ngerinnen und\nFu\u00dfg\u00e4ngern, Gesch\u00e4ftsleuten sowie Anwohnerinnen und Anwohnern ber\u00fccksichtigt\u201c,\nbetont Hartmann. Angedacht sei u.a. die Schaffung von Mischverkehrsfl\u00e4chen,\netwa durch Aufpflasterungen. <\/p>\n\n\n\n<p>Die \u00d6ffnung der K\u00f6nigstra\u00dfe sowie der Martin-Luther-Stra\u00dfe f\u00fcr den gegenl\u00e4ufigen Radverkehr stellt einen wichtigen Baustein der gro\u00dfangelegten Neuordnung der Landauer Innenstadtmobilit\u00e4t dar. <\/p>\n\n\n\n<p><em>Stadtverwaltung Landau in der Pfalz<br>28.05.2020<\/em><\/p>\n","protected":false},"excerpt":{"rendered":"<div class=\"mh-excerpt\"><p>Coronavirus: Fallzahlen im Landkreis S\u00fcdliche Weinstra\u00dfe und der Stadt Landau Donnerstag, 28.05.2020 Nach aktuellem Stand (28.05.2020, 12:00 Uhr) hat sich seit gestern keine Ver\u00e4nderung der Fallzahlen ergeben. Insgesamt wurden 222 F\u00e4lle im Zust\u00e4ndigkeitsbereich des Gesundheitsamts <a class=\"mh-excerpt-more\" href=\"https:\/\/speyer24news.com\/?p=27442\" title=\"Landau &#038; Kreis LD\">[&#8230;]<\/a><\/p>\n<\/div>","protected":false},"author":3,"featured_media":23857,"comment_status":"open","ping_status":"open","sticky":false,"template":"","format":"standard","meta":{"_monsterinsights_skip_tracking":false,"_monsterinsights_sitenote_active":false,"_monsterinsights_sitenote_note":"","_monsterinsights_sitenote_category":0,"footnotes":""},"categories":[675],"tags":[7136,7137,7142,6648,6913,7076,5904,7140,5801,6678,7141,5928,7138,4149,6679,58,6692,6698,7139,359,7135,7145,7146,7143,7144],"aioseo_notices":[],"amp_enabled":true,"_links":{"self":[{"href":"https:\/\/speyer24news.com\/index.php?rest_route=\/wp\/v2\/posts\/27442"}],"collection":[{"href":"https:\/\/speyer24news.com\/index.php?rest_route=\/wp\/v2\/posts"}],"about":[{"href":"https:\/\/speyer24news.com\/index.php?rest_route=\/wp\/v2\/types\/post"}],"author":[{"embeddable":true,"href":"https:\/\/speyer24news.com\/index.php?rest_route=\/wp\/v2\/users\/3"}],"replies":[{"embeddable":true,"href":"https:\/\/speyer24news.com\/index.php?rest_route=%2Fwp%2Fv2%2Fcomments&post=27442"}],"version-history":[{"count":1,"href":"https:\/\/speyer24news.com\/index.php?rest_route=\/wp\/v2\/posts\/27442\/revisions"}],"predecessor-version":[{"id":27452,"href":"https:\/\/speyer24news.com\/index.php?rest_route=\/wp\/v2\/posts\/27442\/revisions\/27452"}],"wp:featuredmedia":[{"embeddable":true,"href":"https:\/\/speyer24news.com\/index.php?rest_route=\/wp\/v2\/media\/23857"}],"wp:attachment":[{"href":"https:\/\/speyer24news.com\/index.php?rest_route=%2Fwp%2Fv2%2Fmedia&parent=27442"}],"wp:term":[{"taxonomy":"category","embeddable":true,"href":"https:\/\/speyer24news.com\/index.php?rest_route=%2Fwp%2Fv2%2Fcategories&post=27442"},{"taxonomy":"post_tag","embeddable":true,"href":"https:\/\/speyer24news.com\/index.php?rest_route=%2Fwp%2Fv2%2Ftags&post=27442"}],"curies":[{"name":"wp","href":"https:\/\/api.w.org\/{rel}","templated":true}]}}