{"id":27453,"date":"2020-05-28T14:47:54","date_gmt":"2020-05-28T13:47:54","guid":{"rendered":"https:\/\/speyer24news.com\/?p=27453"},"modified":"2020-05-28T14:47:55","modified_gmt":"2020-05-28T13:47:55","slug":"rhein-pfalz-kreis-42","status":"publish","type":"post","link":"https:\/\/speyer24news.com\/?p=27453","title":{"rendered":"Rhein-Pfalz-Kreis"},"content":{"rendered":"<style type=\"text\/css\">\r\n\t.ads_top_disp{}\r\n\t.ads_top_corner_disp{ float:left; margin:0px 10px 10px 0px; }\r\n\t.ads_first_p_disp{}\r\n\t.ads_bottom_disp{}\r\n\t<\/style>\n<h2 class=\"wp-block-heading\"><strong>Vhs-Programm unter freiem Himmel<\/strong><\/h2>\n\n\n\n<div class=\"wp-block-image\"><figure class=\"aligncenter\"><img decoding=\"async\" src=\"https:\/\/speyer24news.com\/wp-content\/uploads\/2020\/01\/VHS-1.png\" alt=\"\" class=\"wp-image-24397\"\/><\/figure><\/div>\n\n\n\n<p>Wenn\n\u00fcberhaupt, kann die Volkshochschule des Rhein-Pfalz-Kreises wegen der aktuellen\nSchutzbestimmungen bis auf weiteres nur noch eingeschr\u00e4nkt auf die bislang von\nihr genutzten R\u00e4ume zur\u00fcckgreifen. Deshalb hat sie bis zum Ende der\nSommerferien fast alle \u201eIndoor\u201c-Kurse erst einmal abgebrochen oder abgesagt. In\nder Zwischenzeit sollen nun die verbleibenden Kapazit\u00e4ten gekl\u00e4rt werden und\nanschlie\u00dfend sind voraussichtlich mehrere Hundert Kurse an die aktuellen\nGegebenheiten anzupassen. <\/p>\n\n\n\n<p>Besonders\nschwierig umzusetzen sind die Auflagen ausgerechnet im gr\u00f6\u00dften Fachbereich\n\u201eGesundheit und Ern\u00e4hrung\u201c. Aber in den letzten Wochen hat die\nKreisvolkshochschule zumindest ein Notprogramm mit Angeboten unter freiem\nHimmel auf die Beine gestellt. Zur Auswahl stehen bereits \u00fcber 70\nVeranstaltungen, die vermitteln sollen, wie sich der K\u00f6rper nach einer\nZwangspause wieder schonend in Schwung bringen l\u00e4sst und die Seele gepflegt\nwerden kann. Manche davon finden auch w\u00e4hrend der Sommerferien statt, weitere\nsind in Vorbereitung. \u00d6rtliche Schwerpunkte liegen derzeit in Mutterstadt,\nR\u00f6merberg, Otterstadt, Waldsee und Schifferstadt. <\/p>\n\n\n\n<p>Wer\nsich f\u00fcr eine Teilnahme interessiert, sollte unter <a href=\"http:\/\/www.vhs-rpk.de\">www.vhs-rpk.de<\/a> auf\ndie Suche gehen oder bei den \u00f6rtlichen Verwaltungen nachfragen. Weil einzelne\nTermine m\u00f6glichweise wetterbedingt ausfallen m\u00fcssen, errechnet die\nVolkshochschule die endg\u00fcltigen Geb\u00fchren ausnahmsweise erst nach Abschluss des jeweiligen\nKurses. Damit will sie Erstattungen vermeiden, denn normal muss schon nach dem\nersten Termin gezahlt werden. Wer an einem der zahlreichen abgebrochenen Kurs\nteilgenommen hat, bekommt die Geb\u00fchr \u00fcbrigens demn\u00e4chst anteilig zur\u00fcck.<\/p>\n\n\n\n<p>Kreisverwaltung Rhein-Pfalz-Kreis, Kreisvolkshochschule (KVHS)<br>28.05.2020<\/p>\n\n\n\n<h2 class=\"wp-block-heading\"><strong>Leslie Malton &amp; Felix von Manteufel<\/strong><\/h2>\n\n\n\n<figure class=\"wp-block-embed-youtube wp-block-embed is-type-video is-provider-youtube wp-embed-aspect-16-9 wp-has-aspect-ratio\"><div class=\"wp-block-embed__wrapper\">\n<iframe loading=\"lazy\" title=\"Rhein-Pfalz-Kreis - LESLIE MALTON &amp; FELIX VON MANTEUFFEL\" width=\"500\" height=\"281\" src=\"https:\/\/www.youtube.com\/embed\/oibNYgEZnCQ?feature=oembed\" frameborder=\"0\" allow=\"accelerometer; autoplay; encrypted-media; gyroscope; picture-in-picture\" allowfullscreen><\/iframe>\n<\/div><\/figure>\n\n\n\n<p><em>Kreisverwaltung Rhein-Pfalz-Kreis<\/em><br><em>28.05.2020<\/em><\/p>\n\n\n\n<h2 class=\"wp-block-heading\">Vernissage mit Gem\u00e4lden von Piotr Butkiewicz<\/h2>\n\n\n\n<figure class=\"wp-block-embed-youtube wp-block-embed is-type-video is-provider-youtube wp-embed-aspect-16-9 wp-has-aspect-ratio\"><div class=\"wp-block-embed__wrapper\">\n<iframe loading=\"lazy\" title=\"Rhein-Pfalz-Kreis - Vernissage mit Gem\u00e4lden von Piotr Butkiewicz | Deutsch\" width=\"500\" height=\"281\" src=\"https:\/\/www.youtube.com\/embed\/kLcuU5oiVpw?feature=oembed\" frameborder=\"0\" allow=\"accelerometer; autoplay; encrypted-media; gyroscope; picture-in-picture\" allowfullscreen><\/iframe>\n<\/div><\/figure>\n\n\n\n<p><em>Kreisverwaltung Rhein-Pfalz-Kreis<\/em><br><em>28.05.2020<\/em><\/p>\n\n\n\n<h2 class=\"wp-block-heading\"><strong>\u00d6ffnung der KfZ-Zulassungs-Au\u00dfenstellen in Dudenhofen und He\u00dfheim<\/strong><\/h2>\n\n\n\n<div class=\"wp-block-image\"><figure class=\"aligncenter\"><img decoding=\"async\" loading=\"lazy\" width=\"800\" height=\"420\" src=\"https:\/\/speyer24news.com\/wp-content\/uploads\/2020\/05\/open-sign-1617495_1920.jpg\" alt=\"\" class=\"wp-image-26601\" srcset=\"https:\/\/speyer24news.com\/wp-content\/uploads\/2020\/05\/open-sign-1617495_1920.jpg 800w, https:\/\/speyer24news.com\/wp-content\/uploads\/2020\/05\/open-sign-1617495_1920-300x158.jpg 300w, https:\/\/speyer24news.com\/wp-content\/uploads\/2020\/05\/open-sign-1617495_1920-768x403.jpg 768w\" sizes=\"(max-width: 800px) 100vw, 800px\" \/><\/figure><\/div>\n\n\n\n<p>Die\nKreisverwaltung Rhein-Pfalz-Kreis \u00f6ffnet in Abstimmung mit den jeweiligen\nVerbandsgemeindeverwaltungen wieder die KfZ-Zulassungs-Au\u00dfenstellen in\nDudenhofen und He\u00dfheim.&nbsp; <\/p>\n\n\n\n<p>Die Au\u00dfenstelle in Dudenhofen \u00f6ffnete bereits am Montag, 25. Mai 2020 und ist von Montag bis Freitag von 7:30 bis 12 Uhr sowie montags von 13 bis 16 Uhr und donnerstags von 13 bis 17 Uhr ge\u00f6ffnet. <\/p>\n\n\n\n<p>Die\nAu\u00dfenstelle in He\u00dfheim \u00f6ffnet am Mittwoch, 03. Juni 2020.&nbsp; Die \u00d6ffnungszeiten werden zun\u00e4chst bis auf weiteres\nauf den Mittwoch- und Donnerstagvormittag in der Zeit von 8 bis 11:30 Uhr\nbeschr\u00e4nkt. <\/p>\n\n\n\n<p>Zur\nSicherheit der Mitarbeiterinnen und Mitarbeiter sowie f\u00fcr Besucherinnen und\nBesucher ist weiterhin eine telefonische oder elektronische Terminvereinbarung erforderlich.\nDies dient auch zur besseren Steuerung des Besucheraufkommens. <\/p>\n\n\n\n<p>Telefonische\nTerminvereinbarung:<\/p>\n\n\n\n<ul><li><strong>Dudenhofen<\/strong>: ab\nsofort, unter den Rufnummern 06232\/626 222 und -221.<\/li><li><strong>He\u00dfheim<\/strong>: ab Montag,\n25. Mai 2020, unter den Rufnummern 06233\/3791-330 oder -331.<\/li><\/ul>\n\n\n\n<p>Eine\nElektronische Terminvereinbarung ist \u00fcber die Homepage der Kreisverwaltung\nRhein-Pfalz-Kreis unter <a href=\"http:\/\/www.rhein-pfalz-kreis.de\">www.rhein-pfalz-kreis.de<\/a> f\u00fcr\nDudenhofen ab sofort und f\u00fcr He\u00dfheim ab Freitag, 29. Mai 2020, m\u00f6glich.<\/p>\n\n\n\n<p>Online-Terminvergabe\nbzw. Erreichbarkeit im Kreishaus in Ludwigshafen:<\/p>\n\n\n\n<ul><li><strong>Kfz-Zulassungsstelle\/F\u00fchrerscheinstelle<\/strong>: <\/li><\/ul>\n\n\n\n<ul><li>Zulassungsstelle:\n&nbsp;&nbsp;&nbsp;&nbsp;&nbsp;&nbsp;&nbsp;&nbsp;&nbsp;&nbsp;&nbsp; E-Mail-Adresse <a href=\"mailto:kfz-zulassung@kv-rpk.de\">kfz-zulassung@kv-rpk.de<\/a> oder<\/li><\/ul>\n\n\n\n<p>Telefonnummern\n0621\/5909-5900 und 0621\/5909-5780<\/p>\n\n\n\n<ul><li>F\u00fchrerscheinstelle:&nbsp;&nbsp;&nbsp;&nbsp;&nbsp;&nbsp;&nbsp;&nbsp;&nbsp;&nbsp; E-Mail-Adresse <a href=\"mailto:fuehrerscheinstelle@kv-rpk.de\">fuehrerscheinstelle@kv-rpk.de<\/a> oder<\/li><\/ul>\n\n\n\n<p>Telefonnummern 0621\/5909-5280, 0621\/5909-5760\nund 0621\/5909-5450<\/p>\n\n\n\n<p>Folgende\nPunkte sind f\u00fcr B\u00fcrgerinnen und B\u00fcrger zu beachten:<\/p>\n\n\n\n<ul><li>die Dienstgeb\u00e4ude d\u00fcrfen nur mit einem\nMund-Nasen-Schutz oder einer sog. Alltagsmaske betreten werden. <\/li><li>der gebotene Sicherheitsabstand von 1,5 Metern\nzu anderen Personen ist zu wahren.<\/li><li>die Dienstgeb\u00e4ude sind nur einzeln und nach\nAufforderung zu betreten. <\/li><li>die vereinbarten Termine sollen p\u00fcnktlich\nwahrgenommen werden, um Wartezeiten und l\u00e4ngere Aufenthalte im Dienstgeb\u00e4ude zu\nvermeiden. <\/li><li>es gelten nach wie vor die allgemein g\u00fcltigen\nHygienebestimmungen wie Desinfizieren der H\u00e4nde und Einhalten der Hust- und\nNies-Etikette. <\/li><li>B\u00fcrgerinnen und B\u00fcrger mit Krankheits- oder\nErk\u00e4ltungssymptomen sollen generell die Dienstgeb\u00e4ude nicht betreten.<\/li><li>Am Haupteingang der jeweiligen Dienstgeb\u00e4ude\nliegen Besucherformulare aus, die beim Betreten auszuf\u00fcllen sind.<\/li><\/ul>\n\n\n\n<p>Landrat\nClemens K\u00f6rner und der Leiter der Zulassungs- und F\u00fchrerscheinstelle bitten um\nVerst\u00e4ndnis, dass es aufgrund der au\u00dfergew\u00f6hnlichen Situation und dem Einhalten\nder Sicherheitsma\u00dfnahmen leider zu l\u00e4ngeren Wartezeiten bei der Terminvergabe\nkommt. Die Verwaltung und die Mitarbeiterinnen und Mitarbeiter der Zulassungs-\nund F\u00fchrerscheinstelle sind sich der Situation bewusst und versuchen ihr\nM\u00f6glichstes, um einen einwandfreien Ablauf der Arbeiten zu gew\u00e4hrleisten. Die\nSicherheit und die Gesundheit unserer B\u00fcrgerinnen und B\u00fcrger steht f\u00fcr uns an\nvorderster Stelle.<\/p>\n\n\n\n<p>Weitere Ausk\u00fcnfte und n\u00e4here Informationen zum Thema Coronavirus erhalten B\u00fcrgerinnen und B\u00fcrger weiterhin beim Team der Hotline des Gesundheitsamtes unter der Telefonnummer 0621\/5909-5800. Die Hotline ist von Montag bis Donnerstag von 9 bis 12 Uhr und 13 bis 16 Uhr sowie Freitag von 9 bis 12 Uhr erreichbar.<\/p>\n\n\n\n<p><em>Kreisverwaltung Rhein-Pfalz-Kreis<br>28.05.2020<\/em><\/p>\n","protected":false},"excerpt":{"rendered":"<div class=\"mh-excerpt\"><p>Vhs-Programm unter freiem Himmel Wenn \u00fcberhaupt, kann die Volkshochschule des Rhein-Pfalz-Kreises wegen der aktuellen Schutzbestimmungen bis auf weiteres nur noch eingeschr\u00e4nkt auf die bislang von ihr genutzten R\u00e4ume zur\u00fcckgreifen. Deshalb hat sie bis zum Ende <a class=\"mh-excerpt-more\" href=\"https:\/\/speyer24news.com\/?p=27453\" title=\"Rhein-Pfalz-Kreis\">[&#8230;]<\/a><\/p>\n<\/div>","protected":false},"author":3,"featured_media":0,"comment_status":"open","ping_status":"open","sticky":false,"template":"","format":"standard","meta":{"_monsterinsights_skip_tracking":false,"_monsterinsights_sitenote_active":false,"_monsterinsights_sitenote_note":"","_monsterinsights_sitenote_category":0,"footnotes":""},"categories":[1564],"tags":[5575,4270,5676,3856,5238,5574,5579,427,1565,7147],"aioseo_notices":[],"amp_enabled":true,"_links":{"self":[{"href":"https:\/\/speyer24news.com\/index.php?rest_route=\/wp\/v2\/posts\/27453"}],"collection":[{"href":"https:\/\/speyer24news.com\/index.php?rest_route=\/wp\/v2\/posts"}],"about":[{"href":"https:\/\/speyer24news.com\/index.php?rest_route=\/wp\/v2\/types\/post"}],"author":[{"embeddable":true,"href":"https:\/\/speyer24news.com\/index.php?rest_route=\/wp\/v2\/users\/3"}],"replies":[{"embeddable":true,"href":"https:\/\/speyer24news.com\/index.php?rest_route=%2Fwp%2Fv2%2Fcomments&post=27453"}],"version-history":[{"count":1,"href":"https:\/\/speyer24news.com\/index.php?rest_route=\/wp\/v2\/posts\/27453\/revisions"}],"predecessor-version":[{"id":27454,"href":"https:\/\/speyer24news.com\/index.php?rest_route=\/wp\/v2\/posts\/27453\/revisions\/27454"}],"wp:attachment":[{"href":"https:\/\/speyer24news.com\/index.php?rest_route=%2Fwp%2Fv2%2Fmedia&parent=27453"}],"wp:term":[{"taxonomy":"category","embeddable":true,"href":"https:\/\/speyer24news.com\/index.php?rest_route=%2Fwp%2Fv2%2Fcategories&post=27453"},{"taxonomy":"post_tag","embeddable":true,"href":"https:\/\/speyer24news.com\/index.php?rest_route=%2Fwp%2Fv2%2Ftags&post=27453"}],"curies":[{"name":"wp","href":"https:\/\/api.w.org\/{rel}","templated":true}]}}