{"id":27459,"date":"2020-05-29T06:32:34","date_gmt":"2020-05-29T05:32:34","guid":{"rendered":"https:\/\/speyer24news.com\/?p=27459"},"modified":"2020-05-29T06:40:01","modified_gmt":"2020-05-29T05:40:01","slug":"stadt-und-verkehrsnotizen-aus-speyer-5","status":"publish","type":"post","link":"https:\/\/speyer24news.com\/?p=27459","title":{"rendered":"Stadt- und Verkehrsnotizen aus Speyer"},"content":{"rendered":"<style type=\"text\/css\">\r\n\t.ads_top_disp{}\r\n\t.ads_top_corner_disp{ float:left; margin:0px 10px 10px 0px; }\r\n\t.ads_first_p_disp{}\r\n\t.ads_bottom_disp{}\r\n\t<\/style>\n<h1 class=\"wp-block-heading\" style=\"text-align:center\">Corona Fallzahlen aus Speyer<\/h1>\n\n\n\n<figure class=\"wp-block-image\"><img decoding=\"async\" loading=\"lazy\" width=\"800\" height=\"400\" src=\"https:\/\/speyer24news.com\/wp-content\/uploads\/2020\/02\/virus-1812092_1920.jpg\" alt=\"\" class=\"wp-image-25128\" srcset=\"https:\/\/speyer24news.com\/wp-content\/uploads\/2020\/02\/virus-1812092_1920.jpg 800w, https:\/\/speyer24news.com\/wp-content\/uploads\/2020\/02\/virus-1812092_1920-300x150.jpg 300w, https:\/\/speyer24news.com\/wp-content\/uploads\/2020\/02\/virus-1812092_1920-768x384.jpg 768w\" sizes=\"(max-width: 800px) 100vw, 800px\" \/><\/figure>\n\n\n\n<p>Anzahl best\u00e4tigter F\u00e4lle von Coronavirus (SARS-CoV-2)-Infektionen in der Stadt Speyer: 86                        <strong>+ 2 Neuinfektionen im Vergleich zum Vortag<\/strong><br>Davon bereits genesen: 82      <strong>Keine Ver\u00e4nderung<\/strong><br>Todesf\u00e4lle: 2                               <strong>Keine Ver\u00e4nderung<\/strong><br>Personen in Quarant\u00e4ne: 1     <strong>&#8211; 3 im Vergleich zum Vortag<\/strong><br><em>Stand: 28.05.2020, 15:00 Uhr<\/em><\/p>\n\n\n\n<p><em>Text: Stadtverwaltung Speyer Foto: pixabay.com<br>29.05.2020<\/em><\/p>\n\n\n\n<h2 class=\"wp-block-heading\" style=\"text-align:center\">Stadtnotizen<\/h2>\n\n\n\n<figure class=\"wp-block-image\"><img decoding=\"async\" loading=\"lazy\" width=\"800\" height=\"600\" src=\"https:\/\/speyer24news.com\/wp-content\/uploads\/2020\/01\/Speyer-Stadtnachrichten-2.jpg\" alt=\"\" class=\"wp-image-23901\" srcset=\"https:\/\/speyer24news.com\/wp-content\/uploads\/2020\/01\/Speyer-Stadtnachrichten-2.jpg 800w, https:\/\/speyer24news.com\/wp-content\/uploads\/2020\/01\/Speyer-Stadtnachrichten-2-300x225.jpg 300w, https:\/\/speyer24news.com\/wp-content\/uploads\/2020\/01\/Speyer-Stadtnachrichten-2-768x576.jpg 768w, https:\/\/speyer24news.com\/wp-content\/uploads\/2020\/01\/Speyer-Stadtnachrichten-2-678x509.jpg 678w, https:\/\/speyer24news.com\/wp-content\/uploads\/2020\/01\/Speyer-Stadtnachrichten-2-326x245.jpg 326w, https:\/\/speyer24news.com\/wp-content\/uploads\/2020\/01\/Speyer-Stadtnachrichten-2-80x60.jpg 80w\" sizes=\"(max-width: 800px) 100vw, 800px\" \/><\/figure>\n\n\n\n<h2 class=\"wp-block-heading\"><strong>Absage weiterer Veranstaltungen im September<\/strong><\/h2>\n\n\n\n<figure class=\"wp-block-image\"><img decoding=\"async\" loading=\"lazy\" width=\"800\" height=\"530\" src=\"https:\/\/speyer24news.com\/wp-content\/uploads\/2020\/05\/Altstadtfest2-BB.jpg\" alt=\"\" class=\"wp-image-27415\" srcset=\"https:\/\/speyer24news.com\/wp-content\/uploads\/2020\/05\/Altstadtfest2-BB.jpg 800w, https:\/\/speyer24news.com\/wp-content\/uploads\/2020\/05\/Altstadtfest2-BB-300x199.jpg 300w, https:\/\/speyer24news.com\/wp-content\/uploads\/2020\/05\/Altstadtfest2-BB-768x509.jpg 768w\" sizes=\"(max-width: 800px) 100vw, 800px\" \/><\/figure>\n\n\n\n<p>Die Stadtverwaltung informiert, dass zur Schaffung der n\u00f6tigen Planungssicherheit f\u00fcr die Organisatoren, Teilnehmer*innen und Aussteller*innen\n weitere Veranstaltungen im September 2020 abgesagt werden.<\/p>\n\n\n\n<p>Darunter, neben dem Altstadtfest am 11. und 12. September, der Bauernmarkt am 19. und 20. September, das Kinder- und Jugendfest in der  Walderholung am 20. September sowie der Kinder- und Jugendflohmarkt auf der Maximilianstra\u00dfe am 26. September. Bei all diesen Veranstaltungen ist bereits heute absehbar, dass die durch die andauernde Corona-Pandemie n\u00f6tige Einhaltung der Hygiene- und Abstandsregelungen  nicht gew\u00e4hrleistet werden kann. <\/p>\n\n\n\n<div class=\"wp-block-image\"><figure class=\"aligncenter\"><img decoding=\"async\" loading=\"lazy\" width=\"500\" height=\"667\" src=\"https:\/\/speyer24news.com\/wp-content\/uploads\/2020\/05\/Bauernmarkt-Speyer.jpg\" alt=\"\" class=\"wp-image-27460\" srcset=\"https:\/\/speyer24news.com\/wp-content\/uploads\/2020\/05\/Bauernmarkt-Speyer.jpg 500w, https:\/\/speyer24news.com\/wp-content\/uploads\/2020\/05\/Bauernmarkt-Speyer-225x300.jpg 225w\" sizes=\"(max-width: 500px) 100vw, 500px\" \/><\/figure><\/div>\n\n\n\n<p>Gem\u00e4\u00df den Vorgaben des Landes Rheinland-Pfalz wird die Stadt Speyer ab dem 10. Juni 2020 aber kleinere Veranstaltungen im Innenbereich  unter Einhaltung der Hygiene- und Abstandsregelungen sowie mit begrenzter Teilnehmer*innen-Zahl zulassen. Dies trifft auch auf Veranstaltungen im Freien zu, wenn die genannten Auflagen erf\u00fcllt werden und gew\u00e4hrleistet werden kann, dass die vom Land vorgegebene  maximale Personenanzahl nicht \u00fcberschritten wird.<\/p>\n\n\n\n<p><em>Text: Stadtverwaltung Speyer Foto: Speyer 24\/7 News, dak<br>29.05.2020<\/em><\/p>\n\n\n\n<h2 class=\"wp-block-heading\"><strong>Stadtverwaltung am Donnerstag, 4. Juni geschlossen<\/strong><\/h2>\n\n\n\n<div class=\"wp-block-image\"><figure class=\"aligncenter\"><img decoding=\"async\" src=\"https:\/\/speyer24news.com\/wp-content\/uploads\/2020\/03\/Closed.jpg\" alt=\"\" class=\"wp-image-25894\"\/><\/figure><\/div>\n\n\n\n<p>Die Stadtverwaltung Speyer informiert, dass am Donnerstag, 4. Juni 2020 alle st\u00e4dtischen Dienststellen geschlossen bleiben.<\/p>\n\n\n\n<p>Obwohl der an diesem Tag geplante Betriebsausflug aufgrund der andauernden Corona-Pandemie nicht stattfinden kann, hat die Stadtspitze\n in Abstimmung mit dem Personalrat beschlossen, den st\u00e4dtischen Mitarbeiter*innen einen freien Tag zu erm\u00f6glichen. \u201eDie Mitarbeiterinnen waren in den letzten Wochen und Monaten stark gefordert und die Ma\u00dfnahmen zur Bek\u00e4mpfung der Corona-Pandemie werden unseren\n Arbeitsalltag auch weiterhin beeinflussen. Als Zeichen der Wertsch\u00e4tzung m\u00f6chten wir ihnen an diesem Tag die M\u00f6glichkeit geben, Zeit mit ihren Familien zu verbringen und einfach einmal durchzuatmen\u201c, so Oberb\u00fcrgermeisterin Stefanie Seiler.<\/p>\n\n\n\n<p>Die st\u00e4dtischen Kitas bleiben zur Aufrechterhaltung der Notbetreuung ge\u00f6ffnet.\n<\/p>\n\n\n\n<p>Der Abfallwirtschaftshof der Entsorgungsbetriebe Speyer (EBS) in der Franz-Kirrmeier-Stra\u00dfe ist zu den \u00fcblichen \u00d6ffnungszeiten ge\u00f6ffnet.<\/p>\n\n\n\n<p><em>Text: Stadtverwaltung Speyer Foto: pixabay.com<\/em><br><em>29.05.2020<\/em><\/p>\n\n\n\n<h2 class=\"wp-block-heading\" style=\"text-align:center\">Verkehrsnotizen<\/h2>\n\n\n\n<div class=\"wp-block-image\"><figure class=\"aligncenter\"><img decoding=\"async\" loading=\"lazy\" width=\"800\" height=\"565\" src=\"https:\/\/speyer24news.com\/wp-content\/uploads\/2020\/01\/Baustelle-2.jpg\" alt=\"\" class=\"wp-image-23900\" srcset=\"https:\/\/speyer24news.com\/wp-content\/uploads\/2020\/01\/Baustelle-2.jpg 800w, https:\/\/speyer24news.com\/wp-content\/uploads\/2020\/01\/Baustelle-2-300x212.jpg 300w, https:\/\/speyer24news.com\/wp-content\/uploads\/2020\/01\/Baustelle-2-768x542.jpg 768w\" sizes=\"(max-width: 800px) 100vw, 800px\" \/><\/figure><\/div>\n\n\n\n<h2 class=\"wp-block-heading\"><strong>Teilsperrung des Parkplatzes in der Josef-Schmitt-Stra\u00dfe<\/strong><\/h2>\n\n\n\n<p>Wegen des Neubaus eines Parkhauses im Auftrag der Deutschen Rentenversicherung wird die H\u00e4lfte des Parkplatzes in der Josef-Schmitt-Stra\u00dfe <strong>ab 02.06.2020 bis voraussichtlich 31.08.2020<\/strong> gesperrt. F\u00fcr die Dauer der Ma\u00dfnahme wird f\u00fcr den noch nutzbaren Bereich die Einbahnstra\u00dfenregelung aufgehoben.<\/p>\n\n\n\n<p>F\u00fcr R\u00fcckfragen steht die Stra\u00dfenverkehrsbeh\u00f6rde unter den Rufnummern 14-2739, 14-2682\u00a0 oder 14-2492 zur Verf\u00fcgung.<\/p>\n\n\n\n<h2 class=\"wp-block-heading\"><strong>Eurichsgasse gesperrt<\/strong><\/h2>\n\n\n\n<figure class=\"wp-block-image\"><img decoding=\"async\" src=\"https:\/\/speyer24news.com\/wp-content\/uploads\/2020\/01\/Vollsperrung.jpg\" alt=\"\" class=\"wp-image-23970\"\/><\/figure>\n\n\n\n<p>Wegen Dacharbeiten wird die Eurichsgasse auf H\u00f6he der Hausnummer 3 <strong>ab dem 15.06.2020 bis voraussichtlich 14.08.2020<\/strong> f\u00fcr den Durchgangsverkehr  gesperrt. Die Stra\u00dfe wird beidseitig als Sackgasse ausgewiesen und die Einbahnregelung aufgehoben.<\/p>\n\n\n\n<p>F\u00fcr R\u00fcckfragen steht die Stra\u00dfenverkehrsbeh\u00f6rde unter den Telefonnummern 14-2492, 142739 und 14-2486 zur Verf\u00fcgung.<\/p>\n\n\n\n<p><em>Text: Stadtverwaltung Speyer Foto: Speyer 24\/7 News. dak<\/em><br><em>29.05.2020<\/em><\/p>\n","protected":false},"excerpt":{"rendered":"<div class=\"mh-excerpt\"><p>Corona Fallzahlen aus Speyer Anzahl best\u00e4tigter F\u00e4lle von Coronavirus (SARS-CoV-2)-Infektionen in der Stadt Speyer: 86 + 2 Neuinfektionen im Vergleich zum VortagDavon bereits genesen: 82 Keine Ver\u00e4nderungTodesf\u00e4lle: 2 Keine Ver\u00e4nderungPersonen in Quarant\u00e4ne: 1 &#8211; 3 <a class=\"mh-excerpt-more\" href=\"https:\/\/speyer24news.com\/?p=27459\" title=\"Stadt- und Verkehrsnotizen aus Speyer\">[&#8230;]<\/a><\/p>\n<\/div>","protected":false},"author":3,"featured_media":23902,"comment_status":"open","ping_status":"open","sticky":false,"template":"","format":"standard","meta":{"_monsterinsights_skip_tracking":false,"_monsterinsights_sitenote_active":false,"_monsterinsights_sitenote_note":"","_monsterinsights_sitenote_category":0,"footnotes":""},"categories":[47],"tags":[2912,3458,7148,6367,6940,6358,7151,7150,7149,3289,6,1114],"aioseo_notices":[],"amp_enabled":true,"_links":{"self":[{"href":"https:\/\/speyer24news.com\/index.php?rest_route=\/wp\/v2\/posts\/27459"}],"collection":[{"href":"https:\/\/speyer24news.com\/index.php?rest_route=\/wp\/v2\/posts"}],"about":[{"href":"https:\/\/speyer24news.com\/index.php?rest_route=\/wp\/v2\/types\/post"}],"author":[{"embeddable":true,"href":"https:\/\/speyer24news.com\/index.php?rest_route=\/wp\/v2\/users\/3"}],"replies":[{"embeddable":true,"href":"https:\/\/speyer24news.com\/index.php?rest_route=%2Fwp%2Fv2%2Fcomments&post=27459"}],"version-history":[{"count":2,"href":"https:\/\/speyer24news.com\/index.php?rest_route=\/wp\/v2\/posts\/27459\/revisions"}],"predecessor-version":[{"id":27463,"href":"https:\/\/speyer24news.com\/index.php?rest_route=\/wp\/v2\/posts\/27459\/revisions\/27463"}],"wp:featuredmedia":[{"embeddable":true,"href":"https:\/\/speyer24news.com\/index.php?rest_route=\/wp\/v2\/media\/23902"}],"wp:attachment":[{"href":"https:\/\/speyer24news.com\/index.php?rest_route=%2Fwp%2Fv2%2Fmedia&parent=27459"}],"wp:term":[{"taxonomy":"category","embeddable":true,"href":"https:\/\/speyer24news.com\/index.php?rest_route=%2Fwp%2Fv2%2Fcategories&post=27459"},{"taxonomy":"post_tag","embeddable":true,"href":"https:\/\/speyer24news.com\/index.php?rest_route=%2Fwp%2Fv2%2Ftags&post=27459"}],"curies":[{"name":"wp","href":"https:\/\/api.w.org\/{rel}","templated":true}]}}